{"id":47473,"date":"2026-04-30T00:20:15","date_gmt":"2026-04-30T00:20:15","guid":{"rendered":"https:\/\/lobosnews.com.ar\/index.php\/2026\/04\/30\/reykon-se-presentara-en-medellin-junto-a-coca-cola-en-un-evento-con-entrada-libre-fecha-lugar-y-como-asistir\/"},"modified":"2026-04-30T02:55:11","modified_gmt":"2026-04-30T02:55:11","slug":"reykon-se-presentara-en-medellin-junto-a-coca-cola-en-un-evento-con-entrada-libre-fecha-lugar-y-como-asistir","status":"publish","type":"post","link":"https:\/\/lobosnews.com.ar\/index.php\/2026\/04\/30\/reykon-se-presentara-en-medellin-junto-a-coca-cola-en-un-evento-con-entrada-libre-fecha-lugar-y-como-asistir\/","title":{"rendered":"Reykon se presentar\u00e1 en Medell\u00edn junto a Coca-Cola en un evento con entrada libre: fecha, lugar y c\u00f3mo asistir"},"content":{"rendered":"<p><img loading=\"lazy\" decoding=\"async\" src=\"https:\/\/lobosnews.com.ar\/wp-content\/uploads\/2026\/04\/reykon-se-presentara-en-medellin-junto-a-coca-cola-en-un-evento-con-entrada-libre-fecha-lugar-y-como-asistir.jpg\" alt=\"La presentaci\u00f3n de Reykon incluye el estreno en vivo de su m\u00e1s reciente sencillo \u2018La Culpa\u2019 y canciones ic\u00f3nicas de su carrera. - cr\u00e9dito reykon \/ Instagram\" height=\"1080\" width=\"1920\"\/><\/p>\n<p>Medell\u00edn contin\u00faa consolid\u00e1ndose como uno de los principales epicentros culturales y musicales de Colombia. La ciudad, cuna de numerosos artistas que han llevado el nombre del pa\u00eds a escenarios internacionales, vuelve a ser protagonista con una nueva experiencia musical gratuita en uno de sus lugares m\u00e1s emblem\u00e1ticos. <\/p>\n<p>Este 1 de mayo, <span class=\"waslinkname\">Medell\u00edn vivir\u00e1 una nueva edici\u00f3n de las Coke Sessions<\/span>, una iniciativa de Coca-Cola que busca acercar la m\u00fasica en vivo a los p\u00fablicos en espacios urbanos emblem\u00e1ticos. El evento se realizar\u00e1 en la Cancha La Independencia 1, en el barrio San Javier de la Comuna 13, y contar\u00e1 con aforo limitado. La jornada est\u00e1 programada para iniciar a las 5:00 p. m. <\/p>\n<h2>Reykon regresa a Medell\u00edn con concierto gratuito en la Comuna 13 <\/h2>\n<p>El artista urbano Reykon ser\u00e1 el protagonista de esta novena edici\u00f3n, en un regreso a su ciudad natal que promete conectar con el p\u00fablico en un formato \u00edntimo y al aire libre. <\/p>\n<p><img loading=\"lazy\" decoding=\"async\" src=\"https:\/\/lobosnews.com.ar\/wp-content\/uploads\/2026\/04\/reykon-se-presentara-en-medellin-junto-a-coca-cola-en-un-evento-con-entrada-libre-fecha-lugar-y-como-asistir-1.jpg\" alt=\"El evento organizado por Coca-Cola se realizar\u00e1 al aire libre en la Cancha La Independencia 1, en el sector San Javier. (Imagen Ilustrativa Infobae)\" height=\"768\" width=\"1408\"\/><\/p>\n<p>El cantante interpretar\u00e1 algunos de sus temas m\u00e1s reconocidos, as\u00ed como su m\u00e1s reciente sencillo \u2018La Culpa\u2019, canci\u00f3n que marca el inicio de una nueva etapa musical y sirve como antesala de su pr\u00f3ximo \u00e1lbum. <\/p>\n<p>La entrada al evento ser\u00e1 gratuita, pero estar\u00e1 sujeta a aforo limitado. El ingreso se realizar\u00e1 por orden de llegada, hasta completar las 500 personas disponibles. Al evento solo podr\u00e1n ingresar mayores de edad que cuenten con c\u00e9dula de ciudadan\u00eda o c\u00e9dula de extranjer\u00eda vigente, de acuerdo con lo informado.<\/p>\n<h2>La Comuna 13, un escenario cultural en transformaci\u00f3n <\/h2>\n<p>La elecci\u00f3n de la Comuna 13 no es casual. Este sector de Medell\u00edn se ha convertido en un referente de transformaci\u00f3n social, arte urbano y cultura, siendo hoy uno de los puntos m\u00e1s visitados por turistas y locales. <\/p>\n<p><img loading=\"lazy\" decoding=\"async\" src=\"https:\/\/lobosnews.com.ar\/wp-content\/uploads\/2026\/04\/reykon-se-presentara-en-medellin-junto-a-coca-cola-en-un-evento-con-entrada-libre-fecha-lugar-y-como-asistir-2.jpg\" alt=\"El acceso al concierto es gratuito y limitado a 500 personas mayores de edad, con ingreso por orden de llegada y c\u00e9dula vigente. (Imagen Ilustrativa Infobae)\" height=\"816\" width=\"1456\"\/><\/p>\n<p>En este contexto, las Coke Sessions hacen parte de una serie de presentaciones musicales impulsadas por la plataforma global Coke Studio by Coca-Cola, que busca crear experiencias inmersivas en escenarios no convencionales, conectando a artistas emergentes y consolidados con nuevas audiencias.<\/p>\n<h2>Coke Studio tambi\u00e9n estar\u00e1 presente en La Solar 2026 <\/h2>\n<p>Adem\u00e1s de la jornada en San Javier, Coca-Cola anunci\u00f3 su participaci\u00f3n en el festival La Solar 2026, tambi\u00e9n en Medell\u00edn. All\u00ed, la marca dispondr\u00e1 de un escenario propio, \u2018Coke Studio by Coca-Cola\u2019, en el que se presentar\u00e1n artistas de distintos g\u00e9neros y generaciones, como Pau Vergara, El Zar, Rich Mafia, Nanpa B\u00e1sico, Orishas, DFZM, Gabito Ballesteros y Ana del Castillo. <\/p>\n<p>El espacio incluir\u00e1 activaciones de marca y zonas de interacci\u00f3n, con din\u00e1micas para que el p\u00fablico pueda ganar merchandising oficial y vivir experiencias cercanas con los artistas. <\/p>\n","protected":false},"excerpt":{"rendered":"<p>Medell\u00edn contin\u00faa consolid\u00e1ndose como uno de los principales epicentros culturales y musicales de Colombia. La ciudad, cuna de numerosos artistas que han llevado el nombre del pa\u00eds a escenarios internacionales, vuelve a ser protagonista con una nueva experiencia musical gratuita en uno de sus lugares m\u00e1s emblem\u00e1ticos. Este 1 de mayo, Medell\u00edn vivir\u00e1 una nueva&#8230;<\/p>\n","protected":false},"author":1,"featured_media":47478,"comment_status":"open","ping_status":"closed","sticky":false,"template":"","format":"standard","meta":{"_jetpack_memberships_contains_paid_content":false,"footnotes":""},"categories":[31],"tags":[],"class_list":["post-47473","post","type-post","status-publish","format-standard","has-post-thumbnail","hentry","category-actualidad"],"magazineBlocksPostFeaturedMedia":{"thumbnail":"https:\/\/lobosnews.com.ar\/wp-content\/uploads\/2026\/04\/reykon-se-presentara-en-medellin-junto-a-coca-cola-en-un-evento-con-entrada-libre-fecha-lugar-y-como-asistir-150x150.jpg","medium":"https:\/\/lobosnews.com.ar\/wp-content\/uploads\/2026\/04\/reykon-se-presentara-en-medellin-junto-a-coca-cola-en-un-evento-con-entrada-libre-fecha-lugar-y-como-asistir-300x169.jpg","medium_large":"https:\/\/lobosnews.com.ar\/wp-content\/uploads\/2026\/04\/reykon-se-presentara-en-medellin-junto-a-coca-cola-en-un-evento-con-entrada-libre-fecha-lugar-y-como-asistir-768x432.jpg","large":"https:\/\/lobosnews.com.ar\/wp-content\/uploads\/2026\/04\/reykon-se-presentara-en-medellin-junto-a-coca-cola-en-un-evento-con-entrada-libre-fecha-lugar-y-como-asistir-1024x576.jpg","1536x1536":"https:\/\/lobosnews.com.ar\/wp-content\/uploads\/2026\/04\/reykon-se-presentara-en-medellin-junto-a-coca-cola-en-un-evento-con-entrada-libre-fecha-lugar-y-como-asistir-1536x864.jpg","2048x2048":"https:\/\/lobosnews.com.ar\/wp-content\/uploads\/2026\/04\/reykon-se-presentara-en-medellin-junto-a-coca-cola-en-un-evento-con-entrada-libre-fecha-lugar-y-como-asistir.jpg","newsmatic-featured":"https:\/\/lobosnews.com.ar\/wp-content\/uploads\/2026\/04\/reykon-se-presentara-en-medellin-junto-a-coca-cola-en-un-evento-con-entrada-libre-fecha-lugar-y-como-asistir-820x545.jpg","newsmatic-list":"https:\/\/lobosnews.com.ar\/wp-content\/uploads\/2026\/04\/reykon-se-presentara-en-medellin-junto-a-coca-cola-en-un-evento-con-entrada-libre-fecha-lugar-y-como-asistir-600x400.jpg","newsmatic-thumb":"https:\/\/lobosnews.com.ar\/wp-content\/uploads\/2026\/04\/reykon-se-presentara-en-medellin-junto-a-coca-cola-en-un-evento-con-entrada-libre-fecha-lugar-y-como-asistir-300x200.jpg","newsmatic-small":"https:\/\/lobosnews.com.ar\/wp-content\/uploads\/2026\/04\/reykon-se-presentara-en-medellin-junto-a-coca-cola-en-un-evento-con-entrada-libre-fecha-lugar-y-como-asistir-150x95.jpg","newsmatic-grid":"https:\/\/lobosnews.com.ar\/wp-content\/uploads\/2026\/04\/reykon-se-presentara-en-medellin-junto-a-coca-cola-en-un-evento-con-entrada-libre-fecha-lugar-y-como-asistir-400x250.jpg"},"magazineBlocksPostAuthor":{"name":"admin","avatar":"https:\/\/secure.gravatar.com\/avatar\/76e419471a2083bc3ceab22a763dbbf9b0c1bd15a6214cf3280e2c2dde4580f9?s=96&d=mm&r=g"},"magazineBlocksPostCommentsNumber":"0","magazineBlocksPostExcerpt":"Medell\u00edn contin\u00faa consolid\u00e1ndose como uno de los principales epicentros culturales y musicales de Colombia. La ciudad, cuna de numerosos artistas que han llevado el nombre del pa\u00eds a escenarios internacionales, vuelve a ser protagonista con una nueva experiencia musical gratuita en uno de sus lugares m\u00e1s emblem\u00e1ticos. Este 1 de mayo, Medell\u00edn vivir\u00e1 una nueva...","magazineBlocksPostCategories":["Actualidad"],"magazineBlocksPostViewCount":9,"magazineBlocksPostReadTime":3,"magazine_blocks_featured_image_url":{"full":["https:\/\/lobosnews.com.ar\/wp-content\/uploads\/2026\/04\/reykon-se-presentara-en-medellin-junto-a-coca-cola-en-un-evento-con-entrada-libre-fecha-lugar-y-como-asistir.jpg",1920,1080,false],"medium":["https:\/\/lobosnews.com.ar\/wp-content\/uploads\/2026\/04\/reykon-se-presentara-en-medellin-junto-a-coca-cola-en-un-evento-con-entrada-libre-fecha-lugar-y-como-asistir-300x169.jpg",300,169,true],"thumbnail":["https:\/\/lobosnews.com.ar\/wp-content\/uploads\/2026\/04\/reykon-se-presentara-en-medellin-junto-a-coca-cola-en-un-evento-con-entrada-libre-fecha-lugar-y-como-asistir-150x150.jpg",150,150,true]},"magazine_blocks_author":{"display_name":"admin","author_link":"https:\/\/lobosnews.com.ar\/index.php\/author\/lobos-news\/"},"magazine_blocks_comment":0,"magazine_blocks_author_image":"https:\/\/secure.gravatar.com\/avatar\/76e419471a2083bc3ceab22a763dbbf9b0c1bd15a6214cf3280e2c2dde4580f9?s=96&d=mm&r=g","magazine_blocks_category":"<a href=\"#\" class=\"category-link category-link-31\">Actualidad<\/a>","yoast_head":"<!-- This site is optimized with the Yoast SEO plugin v26.6 - https:\/\/yoast.com\/wordpress\/plugins\/seo\/ -->\n<title>Reykon se presentar\u00e1 en Medell\u00edn junto a Coca-Cola en un evento con entrada libre: fecha, lugar y c\u00f3mo asistir - Lobos News<\/title>\n<meta name=\"robots\" content=\"index, follow, max-snippet:-1, max-image-preview:large, max-video-preview:-1\" \/>\n<link rel=\"canonical\" href=\"https:\/\/lobosnews.com.ar\/index.php\/2026\/04\/30\/reykon-se-presentara-en-medellin-junto-a-coca-cola-en-un-evento-con-entrada-libre-fecha-lugar-y-como-asistir\/\" \/>\n<meta property=\"og:locale\" content=\"es_ES\" \/>\n<meta property=\"og:type\" content=\"article\" \/>\n<meta property=\"og:title\" content=\"Reykon se presentar\u00e1 en Medell\u00edn junto a Coca-Cola en un evento con entrada libre: fecha, lugar y c\u00f3mo asistir - Lobos News\" \/>\n<meta property=\"og:description\" content=\"Medell\u00edn contin\u00faa consolid\u00e1ndose como uno de los principales epicentros culturales y musicales de Colombia. La ciudad, cuna de numerosos artistas que han llevado el nombre del pa\u00eds a escenarios internacionales, vuelve a ser protagonista con una nueva experiencia musical gratuita en uno de sus lugares m\u00e1s emblem\u00e1ticos. Este 1 de mayo, Medell\u00edn vivir\u00e1 una nueva...\" \/>\n<meta property=\"og:url\" content=\"https:\/\/lobosnews.com.ar\/index.php\/2026\/04\/30\/reykon-se-presentara-en-medellin-junto-a-coca-cola-en-un-evento-con-entrada-libre-fecha-lugar-y-como-asistir\/\" \/>\n<meta property=\"og:site_name\" content=\"Lobos News\" \/>\n<meta property=\"article:published_time\" content=\"2026-04-30T00:20:15+00:00\" \/>\n<meta property=\"article:modified_time\" content=\"2026-04-30T02:55:11+00:00\" \/>\n<meta property=\"og:image\" content=\"https:\/\/lobosnews.com.ar\/wp-content\/uploads\/2026\/04\/reykon-se-presentara-en-medellin-junto-a-coca-cola-en-un-evento-con-entrada-libre-fecha-lugar-y-como-asistir.jpg\" \/>\n<meta name=\"author\" content=\"admin\" \/>\n<meta name=\"twitter:card\" content=\"summary_large_image\" \/>\n<meta name=\"twitter:label1\" content=\"Escrito por\" \/>\n\t<meta name=\"twitter:data1\" content=\"admin\" \/>\n\t<meta name=\"twitter:label2\" content=\"Tiempo de lectura\" \/>\n\t<meta name=\"twitter:data2\" content=\"2 minutos\" \/>\n<script type=\"application\/ld+json\" class=\"yoast-schema-graph\">{\"@context\":\"https:\/\/schema.org\",\"@graph\":[{\"@type\":\"Article\",\"@id\":\"https:\/\/lobosnews.com.ar\/index.php\/2026\/04\/30\/reykon-se-presentara-en-medellin-junto-a-coca-cola-en-un-evento-con-entrada-libre-fecha-lugar-y-como-asistir\/#article\",\"isPartOf\":{\"@id\":\"https:\/\/lobosnews.com.ar\/index.php\/2026\/04\/30\/reykon-se-presentara-en-medellin-junto-a-coca-cola-en-un-evento-con-entrada-libre-fecha-lugar-y-como-asistir\/\"},\"author\":{\"name\":\"admin\",\"@id\":\"https:\/\/lobosnews.com.ar\/#\/schema\/person\/232422a593d5c541dd9aef6aaed10943\"},\"headline\":\"Reykon se presentar\u00e1 en Medell\u00edn junto a Coca-Cola en un evento con entrada libre: fecha, lugar y c\u00f3mo asistir\",\"datePublished\":\"2026-04-30T00:20:15+00:00\",\"dateModified\":\"2026-04-30T02:55:11+00:00\",\"mainEntityOfPage\":{\"@id\":\"https:\/\/lobosnews.com.ar\/index.php\/2026\/04\/30\/reykon-se-presentara-en-medellin-junto-a-coca-cola-en-un-evento-con-entrada-libre-fecha-lugar-y-como-asistir\/\"},\"wordCount\":474,\"commentCount\":0,\"publisher\":{\"@id\":\"https:\/\/lobosnews.com.ar\/#organization\"},\"image\":{\"@id\":\"https:\/\/lobosnews.com.ar\/index.php\/2026\/04\/30\/reykon-se-presentara-en-medellin-junto-a-coca-cola-en-un-evento-con-entrada-libre-fecha-lugar-y-como-asistir\/#primaryimage\"},\"thumbnailUrl\":\"https:\/\/lobosnews.com.ar\/wp-content\/uploads\/2026\/04\/reykon-se-presentara-en-medellin-junto-a-coca-cola-en-un-evento-con-entrada-libre-fecha-lugar-y-como-asistir.jpg\",\"articleSection\":[\"Actualidad\"],\"inLanguage\":\"es\",\"potentialAction\":[{\"@type\":\"CommentAction\",\"name\":\"Comment\",\"target\":[\"https:\/\/lobosnews.com.ar\/index.php\/2026\/04\/30\/reykon-se-presentara-en-medellin-junto-a-coca-cola-en-un-evento-con-entrada-libre-fecha-lugar-y-como-asistir\/#respond\"]}]},{\"@type\":\"WebPage\",\"@id\":\"https:\/\/lobosnews.com.ar\/index.php\/2026\/04\/30\/reykon-se-presentara-en-medellin-junto-a-coca-cola-en-un-evento-con-entrada-libre-fecha-lugar-y-como-asistir\/\",\"url\":\"https:\/\/lobosnews.com.ar\/index.php\/2026\/04\/30\/reykon-se-presentara-en-medellin-junto-a-coca-cola-en-un-evento-con-entrada-libre-fecha-lugar-y-como-asistir\/\",\"name\":\"Reykon se presentar\u00e1 en Medell\u00edn junto a Coca-Cola en un evento con entrada libre: fecha, lugar y c\u00f3mo asistir - Lobos News\",\"isPartOf\":{\"@id\":\"https:\/\/lobosnews.com.ar\/#website\"},\"primaryImageOfPage\":{\"@id\":\"https:\/\/lobosnews.com.ar\/index.php\/2026\/04\/30\/reykon-se-presentara-en-medellin-junto-a-coca-cola-en-un-evento-con-entrada-libre-fecha-lugar-y-como-asistir\/#primaryimage\"},\"image\":{\"@id\":\"https:\/\/lobosnews.com.ar\/index.php\/2026\/04\/30\/reykon-se-presentara-en-medellin-junto-a-coca-cola-en-un-evento-con-entrada-libre-fecha-lugar-y-como-asistir\/#primaryimage\"},\"thumbnailUrl\":\"https:\/\/lobosnews.com.ar\/wp-content\/uploads\/2026\/04\/reykon-se-presentara-en-medellin-junto-a-coca-cola-en-un-evento-con-entrada-libre-fecha-lugar-y-como-asistir.jpg\",\"datePublished\":\"2026-04-30T00:20:15+00:00\",\"dateModified\":\"2026-04-30T02:55:11+00:00\",\"breadcrumb\":{\"@id\":\"https:\/\/lobosnews.com.ar\/index.php\/2026\/04\/30\/reykon-se-presentara-en-medellin-junto-a-coca-cola-en-un-evento-con-entrada-libre-fecha-lugar-y-como-asistir\/#breadcrumb\"},\"inLanguage\":\"es\",\"potentialAction\":[{\"@type\":\"ReadAction\",\"target\":[\"https:\/\/lobosnews.com.ar\/index.php\/2026\/04\/30\/reykon-se-presentara-en-medellin-junto-a-coca-cola-en-un-evento-con-entrada-libre-fecha-lugar-y-como-asistir\/\"]}]},{\"@type\":\"ImageObject\",\"inLanguage\":\"es\",\"@id\":\"https:\/\/lobosnews.com.ar\/index.php\/2026\/04\/30\/reykon-se-presentara-en-medellin-junto-a-coca-cola-en-un-evento-con-entrada-libre-fecha-lugar-y-como-asistir\/#primaryimage\",\"url\":\"https:\/\/lobosnews.com.ar\/wp-content\/uploads\/2026\/04\/reykon-se-presentara-en-medellin-junto-a-coca-cola-en-un-evento-con-entrada-libre-fecha-lugar-y-como-asistir.jpg\",\"contentUrl\":\"https:\/\/lobosnews.com.ar\/wp-content\/uploads\/2026\/04\/reykon-se-presentara-en-medellin-junto-a-coca-cola-en-un-evento-con-entrada-libre-fecha-lugar-y-como-asistir.jpg\",\"width\":1920,\"height\":1080,\"caption\":\"Reykon se presentar\u00e1 en Medell\u00edn junto a Coca-Cola en un evento con entrada libre: fecha, lugar y c\u00f3mo asistir\"},{\"@type\":\"BreadcrumbList\",\"@id\":\"https:\/\/lobosnews.com.ar\/index.php\/2026\/04\/30\/reykon-se-presentara-en-medellin-junto-a-coca-cola-en-un-evento-con-entrada-libre-fecha-lugar-y-como-asistir\/#breadcrumb\",\"itemListElement\":[{\"@type\":\"ListItem\",\"position\":1,\"name\":\"Portada\",\"item\":\"https:\/\/lobosnews.com.ar\/\"},{\"@type\":\"ListItem\",\"position\":2,\"name\":\"Reykon se presentar\u00e1 en Medell\u00edn junto a Coca-Cola en un evento con entrada libre: fecha, lugar y c\u00f3mo asistir\"}]},{\"@type\":\"WebSite\",\"@id\":\"https:\/\/lobosnews.com.ar\/#website\",\"url\":\"https:\/\/lobosnews.com.ar\/\",\"name\":\"Lobos News\",\"description\":\"Informaci\u00f3n a cada instante\",\"publisher\":{\"@id\":\"https:\/\/lobosnews.com.ar\/#organization\"},\"potentialAction\":[{\"@type\":\"SearchAction\",\"target\":{\"@type\":\"EntryPoint\",\"urlTemplate\":\"https:\/\/lobosnews.com.ar\/?s={search_term_string}\"},\"query-input\":{\"@type\":\"PropertyValueSpecification\",\"valueRequired\":true,\"valueName\":\"search_term_string\"}}],\"inLanguage\":\"es\"},{\"@type\":\"Organization\",\"@id\":\"https:\/\/lobosnews.com.ar\/#organization\",\"name\":\"Lobos News\",\"url\":\"https:\/\/lobosnews.com.ar\/\",\"logo\":{\"@type\":\"ImageObject\",\"inLanguage\":\"es\",\"@id\":\"https:\/\/lobosnews.com.ar\/#\/schema\/logo\/image\/\",\"url\":\"https:\/\/lobosnews.com.ar\/wp-content\/uploads\/2026\/01\/logo-lobosnews.png\",\"contentUrl\":\"https:\/\/lobosnews.com.ar\/wp-content\/uploads\/2026\/01\/logo-lobosnews.png\",\"width\":500,\"height\":200,\"caption\":\"Lobos News\"},\"image\":{\"@id\":\"https:\/\/lobosnews.com.ar\/#\/schema\/logo\/image\/\"}},{\"@type\":\"Person\",\"@id\":\"https:\/\/lobosnews.com.ar\/#\/schema\/person\/232422a593d5c541dd9aef6aaed10943\",\"name\":\"admin\",\"image\":{\"@type\":\"ImageObject\",\"inLanguage\":\"es\",\"@id\":\"https:\/\/lobosnews.com.ar\/#\/schema\/person\/image\/\",\"url\":\"https:\/\/secure.gravatar.com\/avatar\/76e419471a2083bc3ceab22a763dbbf9b0c1bd15a6214cf3280e2c2dde4580f9?s=96&d=mm&r=g\",\"contentUrl\":\"https:\/\/secure.gravatar.com\/avatar\/76e419471a2083bc3ceab22a763dbbf9b0c1bd15a6214cf3280e2c2dde4580f9?s=96&d=mm&r=g\",\"caption\":\"admin\"},\"sameAs\":[\"https:\/\/lobosnews.com.ar\"],\"url\":\"https:\/\/lobosnews.com.ar\/index.php\/author\/lobos-news\/\"}]}<\/script>\n<!-- \/ Yoast SEO plugin. -->","yoast_head_json":{"title":"Reykon se presentar\u00e1 en Medell\u00edn junto a Coca-Cola en un evento con entrada libre: fecha, lugar y c\u00f3mo asistir - Lobos News","robots":{"index":"index","follow":"follow","max-snippet":"max-snippet:-1","max-image-preview":"max-image-preview:large","max-video-preview":"max-video-preview:-1"},"canonical":"https:\/\/lobosnews.com.ar\/index.php\/2026\/04\/30\/reykon-se-presentara-en-medellin-junto-a-coca-cola-en-un-evento-con-entrada-libre-fecha-lugar-y-como-asistir\/","og_locale":"es_ES","og_type":"article","og_title":"Reykon se presentar\u00e1 en Medell\u00edn junto a Coca-Cola en un evento con entrada libre: fecha, lugar y c\u00f3mo asistir - Lobos News","og_description":"Medell\u00edn contin\u00faa consolid\u00e1ndose como uno de los principales epicentros culturales y musicales de Colombia. La ciudad, cuna de numerosos artistas que han llevado el nombre del pa\u00eds a escenarios internacionales, vuelve a ser protagonista con una nueva experiencia musical gratuita en uno de sus lugares m\u00e1s emblem\u00e1ticos. Este 1 de mayo, Medell\u00edn vivir\u00e1 una nueva...","og_url":"https:\/\/lobosnews.com.ar\/index.php\/2026\/04\/30\/reykon-se-presentara-en-medellin-junto-a-coca-cola-en-un-evento-con-entrada-libre-fecha-lugar-y-como-asistir\/","og_site_name":"Lobos News","article_published_time":"2026-04-30T00:20:15+00:00","article_modified_time":"2026-04-30T02:55:11+00:00","og_image":[{"url":"https:\/\/lobosnews.com.ar\/wp-content\/uploads\/2026\/04\/reykon-se-presentara-en-medellin-junto-a-coca-cola-en-un-evento-con-entrada-libre-fecha-lugar-y-como-asistir.jpg","type":"","width":"","height":""}],"author":"admin","twitter_card":"summary_large_image","twitter_misc":{"Escrito por":"admin","Tiempo de lectura":"2 minutos"},"schema":{"@context":"https:\/\/schema.org","@graph":[{"@type":"Article","@id":"https:\/\/lobosnews.com.ar\/index.php\/2026\/04\/30\/reykon-se-presentara-en-medellin-junto-a-coca-cola-en-un-evento-con-entrada-libre-fecha-lugar-y-como-asistir\/#article","isPartOf":{"@id":"https:\/\/lobosnews.com.ar\/index.php\/2026\/04\/30\/reykon-se-presentara-en-medellin-junto-a-coca-cola-en-un-evento-con-entrada-libre-fecha-lugar-y-como-asistir\/"},"author":{"name":"admin","@id":"https:\/\/lobosnews.com.ar\/#\/schema\/person\/232422a593d5c541dd9aef6aaed10943"},"headline":"Reykon se presentar\u00e1 en Medell\u00edn junto a Coca-Cola en un evento con entrada libre: fecha, lugar y c\u00f3mo asistir","datePublished":"2026-04-30T00:20:15+00:00","dateModified":"2026-04-30T02:55:11+00:00","mainEntityOfPage":{"@id":"https:\/\/lobosnews.com.ar\/index.php\/2026\/04\/30\/reykon-se-presentara-en-medellin-junto-a-coca-cola-en-un-evento-con-entrada-libre-fecha-lugar-y-como-asistir\/"},"wordCount":474,"commentCount":0,"publisher":{"@id":"https:\/\/lobosnews.com.ar\/#organization"},"image":{"@id":"https:\/\/lobosnews.com.ar\/index.php\/2026\/04\/30\/reykon-se-presentara-en-medellin-junto-a-coca-cola-en-un-evento-con-entrada-libre-fecha-lugar-y-como-asistir\/#primaryimage"},"thumbnailUrl":"https:\/\/lobosnews.com.ar\/wp-content\/uploads\/2026\/04\/reykon-se-presentara-en-medellin-junto-a-coca-cola-en-un-evento-con-entrada-libre-fecha-lugar-y-como-asistir.jpg","articleSection":["Actualidad"],"inLanguage":"es","potentialAction":[{"@type":"CommentAction","name":"Comment","target":["https:\/\/lobosnews.com.ar\/index.php\/2026\/04\/30\/reykon-se-presentara-en-medellin-junto-a-coca-cola-en-un-evento-con-entrada-libre-fecha-lugar-y-como-asistir\/#respond"]}]},{"@type":"WebPage","@id":"https:\/\/lobosnews.com.ar\/index.php\/2026\/04\/30\/reykon-se-presentara-en-medellin-junto-a-coca-cola-en-un-evento-con-entrada-libre-fecha-lugar-y-como-asistir\/","url":"https:\/\/lobosnews.com.ar\/index.php\/2026\/04\/30\/reykon-se-presentara-en-medellin-junto-a-coca-cola-en-un-evento-con-entrada-libre-fecha-lugar-y-como-asistir\/","name":"Reykon se presentar\u00e1 en Medell\u00edn junto a Coca-Cola en un evento con entrada libre: fecha, lugar y c\u00f3mo asistir - Lobos News","isPartOf":{"@id":"https:\/\/lobosnews.com.ar\/#website"},"primaryImageOfPage":{"@id":"https:\/\/lobosnews.com.ar\/index.php\/2026\/04\/30\/reykon-se-presentara-en-medellin-junto-a-coca-cola-en-un-evento-con-entrada-libre-fecha-lugar-y-como-asistir\/#primaryimage"},"image":{"@id":"https:\/\/lobosnews.com.ar\/index.php\/2026\/04\/30\/reykon-se-presentara-en-medellin-junto-a-coca-cola-en-un-evento-con-entrada-libre-fecha-lugar-y-como-asistir\/#primaryimage"},"thumbnailUrl":"https:\/\/lobosnews.com.ar\/wp-content\/uploads\/2026\/04\/reykon-se-presentara-en-medellin-junto-a-coca-cola-en-un-evento-con-entrada-libre-fecha-lugar-y-como-asistir.jpg","datePublished":"2026-04-30T00:20:15+00:00","dateModified":"2026-04-30T02:55:11+00:00","breadcrumb":{"@id":"https:\/\/lobosnews.com.ar\/index.php\/2026\/04\/30\/reykon-se-presentara-en-medellin-junto-a-coca-cola-en-un-evento-con-entrada-libre-fecha-lugar-y-como-asistir\/#breadcrumb"},"inLanguage":"es","potentialAction":[{"@type":"ReadAction","target":["https:\/\/lobosnews.com.ar\/index.php\/2026\/04\/30\/reykon-se-presentara-en-medellin-junto-a-coca-cola-en-un-evento-con-entrada-libre-fecha-lugar-y-como-asistir\/"]}]},{"@type":"ImageObject","inLanguage":"es","@id":"https:\/\/lobosnews.com.ar\/index.php\/2026\/04\/30\/reykon-se-presentara-en-medellin-junto-a-coca-cola-en-un-evento-con-entrada-libre-fecha-lugar-y-como-asistir\/#primaryimage","url":"https:\/\/lobosnews.com.ar\/wp-content\/uploads\/2026\/04\/reykon-se-presentara-en-medellin-junto-a-coca-cola-en-un-evento-con-entrada-libre-fecha-lugar-y-como-asistir.jpg","contentUrl":"https:\/\/lobosnews.com.ar\/wp-content\/uploads\/2026\/04\/reykon-se-presentara-en-medellin-junto-a-coca-cola-en-un-evento-con-entrada-libre-fecha-lugar-y-como-asistir.jpg","width":1920,"height":1080,"caption":"Reykon se presentar\u00e1 en Medell\u00edn junto a Coca-Cola en un evento con entrada libre: fecha, lugar y c\u00f3mo asistir"},{"@type":"BreadcrumbList","@id":"https:\/\/lobosnews.com.ar\/index.php\/2026\/04\/30\/reykon-se-presentara-en-medellin-junto-a-coca-cola-en-un-evento-con-entrada-libre-fecha-lugar-y-como-asistir\/#breadcrumb","itemListElement":[{"@type":"ListItem","position":1,"name":"Portada","item":"https:\/\/lobosnews.com.ar\/"},{"@type":"ListItem","position":2,"name":"Reykon se presentar\u00e1 en Medell\u00edn junto a Coca-Cola en un evento con entrada libre: fecha, lugar y c\u00f3mo asistir"}]},{"@type":"WebSite","@id":"https:\/\/lobosnews.com.ar\/#website","url":"https:\/\/lobosnews.com.ar\/","name":"Lobos News","description":"Informaci\u00f3n a cada instante","publisher":{"@id":"https:\/\/lobosnews.com.ar\/#organization"},"potentialAction":[{"@type":"SearchAction","target":{"@type":"EntryPoint","urlTemplate":"https:\/\/lobosnews.com.ar\/?s={search_term_string}"},"query-input":{"@type":"PropertyValueSpecification","valueRequired":true,"valueName":"search_term_string"}}],"inLanguage":"es"},{"@type":"Organization","@id":"https:\/\/lobosnews.com.ar\/#organization","name":"Lobos News","url":"https:\/\/lobosnews.com.ar\/","logo":{"@type":"ImageObject","inLanguage":"es","@id":"https:\/\/lobosnews.com.ar\/#\/schema\/logo\/image\/","url":"https:\/\/lobosnews.com.ar\/wp-content\/uploads\/2026\/01\/logo-lobosnews.png","contentUrl":"https:\/\/lobosnews.com.ar\/wp-content\/uploads\/2026\/01\/logo-lobosnews.png","width":500,"height":200,"caption":"Lobos News"},"image":{"@id":"https:\/\/lobosnews.com.ar\/#\/schema\/logo\/image\/"}},{"@type":"Person","@id":"https:\/\/lobosnews.com.ar\/#\/schema\/person\/232422a593d5c541dd9aef6aaed10943","name":"admin","image":{"@type":"ImageObject","inLanguage":"es","@id":"https:\/\/lobosnews.com.ar\/#\/schema\/person\/image\/","url":"https:\/\/secure.gravatar.com\/avatar\/76e419471a2083bc3ceab22a763dbbf9b0c1bd15a6214cf3280e2c2dde4580f9?s=96&d=mm&r=g","contentUrl":"https:\/\/secure.gravatar.com\/avatar\/76e419471a2083bc3ceab22a763dbbf9b0c1bd15a6214cf3280e2c2dde4580f9?s=96&d=mm&r=g","caption":"admin"},"sameAs":["https:\/\/lobosnews.com.ar"],"url":"https:\/\/lobosnews.com.ar\/index.php\/author\/lobos-news\/"}]}},"jetpack_featured_media_url":"https:\/\/lobosnews.com.ar\/wp-content\/uploads\/2026\/04\/reykon-se-presentara-en-medellin-junto-a-coca-cola-en-un-evento-con-entrada-libre-fecha-lugar-y-como-asistir.jpg","jetpack_sharing_enabled":true,"_links":{"self":[{"href":"https:\/\/lobosnews.com.ar\/index.php\/wp-json\/wp\/v2\/posts\/47473","targetHints":{"allow":["GET"]}}],"collection":[{"href":"https:\/\/lobosnews.com.ar\/index.php\/wp-json\/wp\/v2\/posts"}],"about":[{"href":"https:\/\/lobosnews.com.ar\/index.php\/wp-json\/wp\/v2\/types\/post"}],"author":[{"embeddable":true,"href":"https:\/\/lobosnews.com.ar\/index.php\/wp-json\/wp\/v2\/users\/1"}],"replies":[{"embeddable":true,"href":"https:\/\/lobosnews.com.ar\/index.php\/wp-json\/wp\/v2\/comments?post=47473"}],"version-history":[{"count":1,"href":"https:\/\/lobosnews.com.ar\/index.php\/wp-json\/wp\/v2\/posts\/47473\/revisions"}],"predecessor-version":[{"id":47477,"href":"https:\/\/lobosnews.com.ar\/index.php\/wp-json\/wp\/v2\/posts\/47473\/revisions\/47477"}],"wp:featuredmedia":[{"embeddable":true,"href":"https:\/\/lobosnews.com.ar\/index.php\/wp-json\/wp\/v2\/media\/47478"}],"wp:attachment":[{"href":"https:\/\/lobosnews.com.ar\/index.php\/wp-json\/wp\/v2\/media?parent=47473"}],"wp:term":[{"taxonomy":"category","embeddable":true,"href":"https:\/\/lobosnews.com.ar\/index.php\/wp-json\/wp\/v2\/categories?post=47473"},{"taxonomy":"post_tag","embeddable":true,"href":"https:\/\/lobosnews.com.ar\/index.php\/wp-json\/wp\/v2\/tags?post=47473"}],"curies":[{"name":"wp","href":"https:\/\/api.w.org\/{rel}","templated":true}]}}