{"id":47441,"date":"2026-04-30T02:04:54","date_gmt":"2026-04-30T02:04:54","guid":{"rendered":"https:\/\/lobosnews.com.ar\/index.php\/2026\/04\/30\/guatemala-ministerio-publico-oficializa-nueva-politica-de-persecucion-penal\/"},"modified":"2026-04-30T02:51:00","modified_gmt":"2026-04-30T02:51:00","slug":"guatemala-ministerio-publico-oficializa-nueva-politica-de-persecucion-penal","status":"publish","type":"post","link":"https:\/\/lobosnews.com.ar\/index.php\/2026\/04\/30\/guatemala-ministerio-publico-oficializa-nueva-politica-de-persecucion-penal\/","title":{"rendered":"Guatemala: Ministerio P\u00fablico oficializa nueva pol\u00edtica de persecuci\u00f3n penal"},"content":{"rendered":"<p><img fetchpriority=\"high\" decoding=\"async\" src=\"https:\/\/lobosnews.com.ar\/wp-content\/uploads\/2026\/04\/guatemala-ministerio-publico-oficializa-nueva-politica-de-persecucion-penal.jpg\" alt=\"La nueva Pol\u00edtica de Persecuci\u00f3n Penal del Ministerio P\u00fablico fue presentada el 29 de abril de 2026 con el objetivo de modernizar la investigaci\u00f3n criminal en Guatemala. (Imagen Ilustrativa Infobae)\" height=\"1536\" width=\"2752\"\/><\/p>\n<p>El <b>Ministerio P\u00fablico (MP)<\/b> realiz\u00f3 este mi\u00e9rcoles la presentaci\u00f3n oficial de <b>la nueva Pol\u00edtica de Persecuci\u00f3n Penal<\/b>, en un acto protocolario que reuni\u00f3 a diversos fiscales regionales y jefes de fiscal\u00edas. Estas autoridades reafirmaron su compromiso con la implementaci\u00f3n del nuevo enfoque institucional, seg\u00fan inform\u00f3 el propio <b>MP<\/b>.<\/p>\n<p>Durante la actividad, el doctor <b>Melvin Giovanni Portillo<\/b>, <b>secretario de Pol\u00edtica Criminal<\/b>, resalt\u00f3 la importancia de este instrumento estrat\u00e9gico. Seg\u00fan Portillo, la pol\u00edtica est\u00e1 orientada a la atenci\u00f3n victimol\u00f3gica, el fortalecimiento de la investigaci\u00f3n criminal y la reducci\u00f3n de los niveles de impunidad en el pa\u00eds. <\/p>\n<p>La <b>Secretar\u00eda de Pol\u00edtica Criminal<\/b> asumi\u00f3 la responsabilidad de formular y desarrollar la nueva pol\u00edtica, en cumplimiento de los lineamientos definidos por la actual titular del <b>MP, Consuelo Porras<\/b>. El documento presentado se estructura en tres ejes principales. Los cuales se desglosan de la siguiente manera.<\/p>\n<p>El primero aborda<b> los enfoques y principios rectores, adem\u00e1s de los criterios de priorizaci\u00f3n de delitos<\/b>. Por su parte, <b>el<\/b> <b>segundo se enfoca en el fortalecimiento institucional, con \u00e9nfasis en las capacidades operativas, organizativas y tecnol\u00f3gicas del Ministerio P\u00fablico<\/b>. Por \u00faltimo,<b> establece lineamientos estrat\u00e9gicos de investigaci\u00f3n y persecuci\u00f3n penal, de cumplimiento obligatorio para el personal fiscal<\/b>.<\/p>\n<p><img loading=\"lazy\" decoding=\"async\" src=\"https:\/\/lobosnews.com.ar\/wp-content\/uploads\/2026\/04\/guatemala-ministerio-publico-oficializa-nueva-politica-de-persecucion-penal-1.jpg\" alt=\"En su intervenci\u00f3n, el doctor Melvin Giovanni Portillo, secretario de Pol\u00edtica Criminal, subray\u00f3 el valor de este instrumento, dise\u00f1ado para priorizar la atenci\u00f3n a las v\u00edctimas, mejorar las investigaciones criminales y disminuir la impunidad en el pa\u00eds. (Cortes\u00eda: Ministerio P\u00fablico)\" height=\"854\" width=\"1280\"\/><\/p>\n<p>\u201cAsimismo, se desarrollaron mesas de trabajo con participaci\u00f3n activa del personal fiscal, lo que permiti\u00f3 consolidar lineamientos t\u00e9cnicos orientados a una persecuci\u00f3n penal m\u00e1s efectiva, coherente y alineada con las necesidades actuales del sistema de justicia\u201d, expresa el MP.<\/p>\n<h2>Enfoque t\u00e9cnico en la construcci\u00f3n de la nueva pol\u00edtica<\/h2>\n<p>Seg\u00fan lo difundido por el <b>Ministerio P\u00fablico<\/b>, el proceso de construcci\u00f3n de la pol\u00edtica incluy\u00f3 <b>el an\u00e1lisis de la normativa anterior, la revisi\u00f3n del cat\u00e1logo de delitos priorizados y la sistematizaci\u00f3n de informaci\u00f3n cualitativa y cuantitativa sobre los principales fen\u00f3menos criminales<\/b>. Esta labor permiti\u00f3 consolidar una gu\u00eda t\u00e9cnica orientada a optimizar la persecuci\u00f3n penal.<\/p>\n<p> De acuerdo con lo comunicado por el <b>MP<\/b>, esta din\u00e1mica posibilit\u00f3 la definici\u00f3n de lineamientos t\u00e9cnicos alineados con las necesidades actuales del sistema de justicia. <\/p>\n<p>Durante el acto, los fiscales regionales y los jefes de las distintas fiscal\u00edas manifestaron su respaldo a la aplicaci\u00f3n del nuevo marco estrat\u00e9gico. El <b>Ministerio P\u00fablico<\/b> destac\u00f3 que la pol\u00edtica es de cumplimiento obligatorio y que su implementaci\u00f3n busca modernizar los procesos internos de la instituci\u00f3n.<\/p>\n<p><img loading=\"lazy\" decoding=\"async\" src=\"https:\/\/lobosnews.com.ar\/wp-content\/uploads\/2026\/04\/guatemala-ministerio-publico-oficializa-nueva-politica-de-persecucion-penal-2.jpg\" alt=\"Fiscales regionales y autoridades del Ministerio P\u00fablico expresaron su compromiso con la aplicaci\u00f3n de la nueva pol\u00edtica para fortalecer la respuesta ante el crimen. (Cortes\u00eda: Ministerio P\u00fablico de Guatemala)\" height=\"774\" width=\"1280\"\/><\/p>\n<p>De igual manera, las autoridades reiteraron el compromiso de promover un acceso m\u00e1s efectivo a la justicia y de fortalecer la confianza ciudadana en las instituciones. De acuerdo con el comunicado oficial, la pol\u00edtica \u201cconstituye una herramienta clave para guiar la labor fiscal y adaptar la persecuci\u00f3n penal a las demandas actuales de la sociedad\u201d.<\/p>\n<p>El <b>MP<\/b> ha reafirmado su compromiso con la modernizaci\u00f3n de sus procesos internos, con el objetivo de fortalecer su capacidad de respuesta ante el crimen. En la presentaci\u00f3n realizada, la instituci\u00f3n destac\u00f3 la importancia de promover una gesti\u00f3n m\u00e1s eficiente, transparente y orientada a resultados.<\/p>\n<p>\u201cCon esta presentaci\u00f3n, el Ministerio P\u00fablico reafirma su compromiso de modernizar sus procesos y fortalecer su capacidad de respuesta frente al crimen, promoviendo una gesti\u00f3n m\u00e1s eficiente, transparente y orientada a resultados que contribuyan al acceso a la justicia y a la confianza de la ciudadan\u00eda en las instituciones\u201d, se\u00f1ala en una nota la instituci\u00f3n.<\/p>\n","protected":false},"excerpt":{"rendered":"<p>El Ministerio P\u00fablico (MP) realiz\u00f3 este mi\u00e9rcoles la presentaci\u00f3n oficial de la nueva Pol\u00edtica de Persecuci\u00f3n Penal, en un acto protocolario que reuni\u00f3 a diversos fiscales regionales y jefes de fiscal\u00edas. Estas autoridades reafirmaron su compromiso con la implementaci\u00f3n del nuevo enfoque institucional, seg\u00fan inform\u00f3 el propio MP. Durante la actividad, el doctor Melvin Giovanni&#8230;<\/p>\n","protected":false},"author":1,"featured_media":47448,"comment_status":"open","ping_status":"closed","sticky":false,"template":"","format":"standard","meta":{"_jetpack_memberships_contains_paid_content":false,"footnotes":""},"categories":[31],"tags":[],"class_list":["post-47441","post","type-post","status-publish","format-standard","has-post-thumbnail","hentry","category-actualidad"],"magazineBlocksPostFeaturedMedia":{"thumbnail":"https:\/\/lobosnews.com.ar\/wp-content\/uploads\/2026\/04\/guatemala-ministerio-publico-oficializa-nueva-politica-de-persecucion-penal-6-150x150.jpg","medium":"https:\/\/lobosnews.com.ar\/wp-content\/uploads\/2026\/04\/guatemala-ministerio-publico-oficializa-nueva-politica-de-persecucion-penal-6-300x181.jpg","medium_large":"https:\/\/lobosnews.com.ar\/wp-content\/uploads\/2026\/04\/guatemala-ministerio-publico-oficializa-nueva-politica-de-persecucion-penal-6-768x464.jpg","large":"https:\/\/lobosnews.com.ar\/wp-content\/uploads\/2026\/04\/guatemala-ministerio-publico-oficializa-nueva-politica-de-persecucion-penal-6-1024x619.jpg","1536x1536":"https:\/\/lobosnews.com.ar\/wp-content\/uploads\/2026\/04\/guatemala-ministerio-publico-oficializa-nueva-politica-de-persecucion-penal-6.jpg","2048x2048":"https:\/\/lobosnews.com.ar\/wp-content\/uploads\/2026\/04\/guatemala-ministerio-publico-oficializa-nueva-politica-de-persecucion-penal-6.jpg","newsmatic-featured":"https:\/\/lobosnews.com.ar\/wp-content\/uploads\/2026\/04\/guatemala-ministerio-publico-oficializa-nueva-politica-de-persecucion-penal-6-820x545.jpg","newsmatic-list":"https:\/\/lobosnews.com.ar\/wp-content\/uploads\/2026\/04\/guatemala-ministerio-publico-oficializa-nueva-politica-de-persecucion-penal-6-600x400.jpg","newsmatic-thumb":"https:\/\/lobosnews.com.ar\/wp-content\/uploads\/2026\/04\/guatemala-ministerio-publico-oficializa-nueva-politica-de-persecucion-penal-6-300x200.jpg","newsmatic-small":"https:\/\/lobosnews.com.ar\/wp-content\/uploads\/2026\/04\/guatemala-ministerio-publico-oficializa-nueva-politica-de-persecucion-penal-6-150x95.jpg","newsmatic-grid":"https:\/\/lobosnews.com.ar\/wp-content\/uploads\/2026\/04\/guatemala-ministerio-publico-oficializa-nueva-politica-de-persecucion-penal-6-400x250.jpg"},"magazineBlocksPostAuthor":{"name":"admin","avatar":"https:\/\/secure.gravatar.com\/avatar\/76e419471a2083bc3ceab22a763dbbf9b0c1bd15a6214cf3280e2c2dde4580f9?s=96&d=mm&r=g"},"magazineBlocksPostCommentsNumber":"0","magazineBlocksPostExcerpt":"El Ministerio P\u00fablico (MP) realiz\u00f3 este mi\u00e9rcoles la presentaci\u00f3n oficial de la nueva Pol\u00edtica de Persecuci\u00f3n Penal, en un acto protocolario que reuni\u00f3 a diversos fiscales regionales y jefes de fiscal\u00edas. Estas autoridades reafirmaron su compromiso con la implementaci\u00f3n del nuevo enfoque institucional, seg\u00fan inform\u00f3 el propio MP. Durante la actividad, el doctor Melvin Giovanni...","magazineBlocksPostCategories":["Actualidad"],"magazineBlocksPostViewCount":6,"magazineBlocksPostReadTime":3,"magazine_blocks_featured_image_url":{"full":["https:\/\/lobosnews.com.ar\/wp-content\/uploads\/2026\/04\/guatemala-ministerio-publico-oficializa-nueva-politica-de-persecucion-penal-6.jpg",1280,774,false],"medium":["https:\/\/lobosnews.com.ar\/wp-content\/uploads\/2026\/04\/guatemala-ministerio-publico-oficializa-nueva-politica-de-persecucion-penal-6-300x181.jpg",300,181,true],"thumbnail":["https:\/\/lobosnews.com.ar\/wp-content\/uploads\/2026\/04\/guatemala-ministerio-publico-oficializa-nueva-politica-de-persecucion-penal-6-150x150.jpg",150,150,true]},"magazine_blocks_author":{"display_name":"admin","author_link":"https:\/\/lobosnews.com.ar\/index.php\/author\/lobos-news\/"},"magazine_blocks_comment":0,"magazine_blocks_author_image":"https:\/\/secure.gravatar.com\/avatar\/76e419471a2083bc3ceab22a763dbbf9b0c1bd15a6214cf3280e2c2dde4580f9?s=96&d=mm&r=g","magazine_blocks_category":"<a href=\"#\" class=\"category-link category-link-31\">Actualidad<\/a>","yoast_head":"<!-- This site is optimized with the Yoast SEO plugin v26.6 - https:\/\/yoast.com\/wordpress\/plugins\/seo\/ -->\n<title>Guatemala: Ministerio P\u00fablico oficializa nueva pol\u00edtica de persecuci\u00f3n penal - Lobos News<\/title>\n<meta name=\"robots\" content=\"index, follow, max-snippet:-1, max-image-preview:large, max-video-preview:-1\" \/>\n<link rel=\"canonical\" href=\"https:\/\/lobosnews.com.ar\/index.php\/2026\/04\/30\/guatemala-ministerio-publico-oficializa-nueva-politica-de-persecucion-penal\/\" \/>\n<meta property=\"og:locale\" content=\"es_ES\" \/>\n<meta property=\"og:type\" content=\"article\" \/>\n<meta property=\"og:title\" content=\"Guatemala: Ministerio P\u00fablico oficializa nueva pol\u00edtica de persecuci\u00f3n penal - Lobos News\" \/>\n<meta property=\"og:description\" content=\"El Ministerio P\u00fablico (MP) realiz\u00f3 este mi\u00e9rcoles la presentaci\u00f3n oficial de la nueva Pol\u00edtica de Persecuci\u00f3n Penal, en un acto protocolario que reuni\u00f3 a diversos fiscales regionales y jefes de fiscal\u00edas. Estas autoridades reafirmaron su compromiso con la implementaci\u00f3n del nuevo enfoque institucional, seg\u00fan inform\u00f3 el propio MP. Durante la actividad, el doctor Melvin Giovanni...\" \/>\n<meta property=\"og:url\" content=\"https:\/\/lobosnews.com.ar\/index.php\/2026\/04\/30\/guatemala-ministerio-publico-oficializa-nueva-politica-de-persecucion-penal\/\" \/>\n<meta property=\"og:site_name\" content=\"Lobos News\" \/>\n<meta property=\"article:published_time\" content=\"2026-04-30T02:04:54+00:00\" \/>\n<meta property=\"article:modified_time\" content=\"2026-04-30T02:51:00+00:00\" \/>\n<meta property=\"og:image\" content=\"https:\/\/lobosnews.com.ar\/wp-content\/uploads\/2026\/04\/guatemala-ministerio-publico-oficializa-nueva-politica-de-persecucion-penal.jpg\" \/>\n<meta name=\"author\" content=\"admin\" \/>\n<meta name=\"twitter:card\" content=\"summary_large_image\" \/>\n<meta name=\"twitter:label1\" content=\"Escrito por\" \/>\n\t<meta name=\"twitter:data1\" content=\"admin\" \/>\n\t<meta name=\"twitter:label2\" content=\"Tiempo de lectura\" \/>\n\t<meta name=\"twitter:data2\" content=\"3 minutos\" \/>\n<script type=\"application\/ld+json\" class=\"yoast-schema-graph\">{\"@context\":\"https:\/\/schema.org\",\"@graph\":[{\"@type\":\"Article\",\"@id\":\"https:\/\/lobosnews.com.ar\/index.php\/2026\/04\/30\/guatemala-ministerio-publico-oficializa-nueva-politica-de-persecucion-penal\/#article\",\"isPartOf\":{\"@id\":\"https:\/\/lobosnews.com.ar\/index.php\/2026\/04\/30\/guatemala-ministerio-publico-oficializa-nueva-politica-de-persecucion-penal\/\"},\"author\":{\"name\":\"admin\",\"@id\":\"https:\/\/lobosnews.com.ar\/#\/schema\/person\/232422a593d5c541dd9aef6aaed10943\"},\"headline\":\"Guatemala: Ministerio P\u00fablico oficializa nueva pol\u00edtica de persecuci\u00f3n penal\",\"datePublished\":\"2026-04-30T02:04:54+00:00\",\"dateModified\":\"2026-04-30T02:51:00+00:00\",\"mainEntityOfPage\":{\"@id\":\"https:\/\/lobosnews.com.ar\/index.php\/2026\/04\/30\/guatemala-ministerio-publico-oficializa-nueva-politica-de-persecucion-penal\/\"},\"wordCount\":608,\"commentCount\":0,\"publisher\":{\"@id\":\"https:\/\/lobosnews.com.ar\/#organization\"},\"image\":{\"@id\":\"https:\/\/lobosnews.com.ar\/index.php\/2026\/04\/30\/guatemala-ministerio-publico-oficializa-nueva-politica-de-persecucion-penal\/#primaryimage\"},\"thumbnailUrl\":\"https:\/\/lobosnews.com.ar\/wp-content\/uploads\/2026\/04\/guatemala-ministerio-publico-oficializa-nueva-politica-de-persecucion-penal-6.jpg\",\"articleSection\":[\"Actualidad\"],\"inLanguage\":\"es\",\"potentialAction\":[{\"@type\":\"CommentAction\",\"name\":\"Comment\",\"target\":[\"https:\/\/lobosnews.com.ar\/index.php\/2026\/04\/30\/guatemala-ministerio-publico-oficializa-nueva-politica-de-persecucion-penal\/#respond\"]}]},{\"@type\":\"WebPage\",\"@id\":\"https:\/\/lobosnews.com.ar\/index.php\/2026\/04\/30\/guatemala-ministerio-publico-oficializa-nueva-politica-de-persecucion-penal\/\",\"url\":\"https:\/\/lobosnews.com.ar\/index.php\/2026\/04\/30\/guatemala-ministerio-publico-oficializa-nueva-politica-de-persecucion-penal\/\",\"name\":\"Guatemala: Ministerio P\u00fablico oficializa nueva pol\u00edtica de persecuci\u00f3n penal - Lobos News\",\"isPartOf\":{\"@id\":\"https:\/\/lobosnews.com.ar\/#website\"},\"primaryImageOfPage\":{\"@id\":\"https:\/\/lobosnews.com.ar\/index.php\/2026\/04\/30\/guatemala-ministerio-publico-oficializa-nueva-politica-de-persecucion-penal\/#primaryimage\"},\"image\":{\"@id\":\"https:\/\/lobosnews.com.ar\/index.php\/2026\/04\/30\/guatemala-ministerio-publico-oficializa-nueva-politica-de-persecucion-penal\/#primaryimage\"},\"thumbnailUrl\":\"https:\/\/lobosnews.com.ar\/wp-content\/uploads\/2026\/04\/guatemala-ministerio-publico-oficializa-nueva-politica-de-persecucion-penal-6.jpg\",\"datePublished\":\"2026-04-30T02:04:54+00:00\",\"dateModified\":\"2026-04-30T02:51:00+00:00\",\"breadcrumb\":{\"@id\":\"https:\/\/lobosnews.com.ar\/index.php\/2026\/04\/30\/guatemala-ministerio-publico-oficializa-nueva-politica-de-persecucion-penal\/#breadcrumb\"},\"inLanguage\":\"es\",\"potentialAction\":[{\"@type\":\"ReadAction\",\"target\":[\"https:\/\/lobosnews.com.ar\/index.php\/2026\/04\/30\/guatemala-ministerio-publico-oficializa-nueva-politica-de-persecucion-penal\/\"]}]},{\"@type\":\"ImageObject\",\"inLanguage\":\"es\",\"@id\":\"https:\/\/lobosnews.com.ar\/index.php\/2026\/04\/30\/guatemala-ministerio-publico-oficializa-nueva-politica-de-persecucion-penal\/#primaryimage\",\"url\":\"https:\/\/lobosnews.com.ar\/wp-content\/uploads\/2026\/04\/guatemala-ministerio-publico-oficializa-nueva-politica-de-persecucion-penal-6.jpg\",\"contentUrl\":\"https:\/\/lobosnews.com.ar\/wp-content\/uploads\/2026\/04\/guatemala-ministerio-publico-oficializa-nueva-politica-de-persecucion-penal-6.jpg\",\"width\":1280,\"height\":774,\"caption\":\"Guatemala: Ministerio P\u00fablico oficializa nueva pol\u00edtica de persecuci\u00f3n penal\"},{\"@type\":\"BreadcrumbList\",\"@id\":\"https:\/\/lobosnews.com.ar\/index.php\/2026\/04\/30\/guatemala-ministerio-publico-oficializa-nueva-politica-de-persecucion-penal\/#breadcrumb\",\"itemListElement\":[{\"@type\":\"ListItem\",\"position\":1,\"name\":\"Portada\",\"item\":\"https:\/\/lobosnews.com.ar\/\"},{\"@type\":\"ListItem\",\"position\":2,\"name\":\"Guatemala: Ministerio P\u00fablico oficializa nueva pol\u00edtica de persecuci\u00f3n penal\"}]},{\"@type\":\"WebSite\",\"@id\":\"https:\/\/lobosnews.com.ar\/#website\",\"url\":\"https:\/\/lobosnews.com.ar\/\",\"name\":\"Lobos News\",\"description\":\"Informaci\u00f3n a cada instante\",\"publisher\":{\"@id\":\"https:\/\/lobosnews.com.ar\/#organization\"},\"potentialAction\":[{\"@type\":\"SearchAction\",\"target\":{\"@type\":\"EntryPoint\",\"urlTemplate\":\"https:\/\/lobosnews.com.ar\/?s={search_term_string}\"},\"query-input\":{\"@type\":\"PropertyValueSpecification\",\"valueRequired\":true,\"valueName\":\"search_term_string\"}}],\"inLanguage\":\"es\"},{\"@type\":\"Organization\",\"@id\":\"https:\/\/lobosnews.com.ar\/#organization\",\"name\":\"Lobos News\",\"url\":\"https:\/\/lobosnews.com.ar\/\",\"logo\":{\"@type\":\"ImageObject\",\"inLanguage\":\"es\",\"@id\":\"https:\/\/lobosnews.com.ar\/#\/schema\/logo\/image\/\",\"url\":\"https:\/\/lobosnews.com.ar\/wp-content\/uploads\/2026\/01\/logo-lobosnews.png\",\"contentUrl\":\"https:\/\/lobosnews.com.ar\/wp-content\/uploads\/2026\/01\/logo-lobosnews.png\",\"width\":500,\"height\":200,\"caption\":\"Lobos News\"},\"image\":{\"@id\":\"https:\/\/lobosnews.com.ar\/#\/schema\/logo\/image\/\"}},{\"@type\":\"Person\",\"@id\":\"https:\/\/lobosnews.com.ar\/#\/schema\/person\/232422a593d5c541dd9aef6aaed10943\",\"name\":\"admin\",\"image\":{\"@type\":\"ImageObject\",\"inLanguage\":\"es\",\"@id\":\"https:\/\/lobosnews.com.ar\/#\/schema\/person\/image\/\",\"url\":\"https:\/\/secure.gravatar.com\/avatar\/76e419471a2083bc3ceab22a763dbbf9b0c1bd15a6214cf3280e2c2dde4580f9?s=96&d=mm&r=g\",\"contentUrl\":\"https:\/\/secure.gravatar.com\/avatar\/76e419471a2083bc3ceab22a763dbbf9b0c1bd15a6214cf3280e2c2dde4580f9?s=96&d=mm&r=g\",\"caption\":\"admin\"},\"sameAs\":[\"https:\/\/lobosnews.com.ar\"],\"url\":\"https:\/\/lobosnews.com.ar\/index.php\/author\/lobos-news\/\"}]}<\/script>\n<!-- \/ Yoast SEO plugin. -->","yoast_head_json":{"title":"Guatemala: Ministerio P\u00fablico oficializa nueva pol\u00edtica de persecuci\u00f3n penal - Lobos News","robots":{"index":"index","follow":"follow","max-snippet":"max-snippet:-1","max-image-preview":"max-image-preview:large","max-video-preview":"max-video-preview:-1"},"canonical":"https:\/\/lobosnews.com.ar\/index.php\/2026\/04\/30\/guatemala-ministerio-publico-oficializa-nueva-politica-de-persecucion-penal\/","og_locale":"es_ES","og_type":"article","og_title":"Guatemala: Ministerio P\u00fablico oficializa nueva pol\u00edtica de persecuci\u00f3n penal - Lobos News","og_description":"El Ministerio P\u00fablico (MP) realiz\u00f3 este mi\u00e9rcoles la presentaci\u00f3n oficial de la nueva Pol\u00edtica de Persecuci\u00f3n Penal, en un acto protocolario que reuni\u00f3 a diversos fiscales regionales y jefes de fiscal\u00edas. Estas autoridades reafirmaron su compromiso con la implementaci\u00f3n del nuevo enfoque institucional, seg\u00fan inform\u00f3 el propio MP. Durante la actividad, el doctor Melvin Giovanni...","og_url":"https:\/\/lobosnews.com.ar\/index.php\/2026\/04\/30\/guatemala-ministerio-publico-oficializa-nueva-politica-de-persecucion-penal\/","og_site_name":"Lobos News","article_published_time":"2026-04-30T02:04:54+00:00","article_modified_time":"2026-04-30T02:51:00+00:00","og_image":[{"url":"https:\/\/lobosnews.com.ar\/wp-content\/uploads\/2026\/04\/guatemala-ministerio-publico-oficializa-nueva-politica-de-persecucion-penal.jpg","type":"","width":"","height":""}],"author":"admin","twitter_card":"summary_large_image","twitter_misc":{"Escrito por":"admin","Tiempo de lectura":"3 minutos"},"schema":{"@context":"https:\/\/schema.org","@graph":[{"@type":"Article","@id":"https:\/\/lobosnews.com.ar\/index.php\/2026\/04\/30\/guatemala-ministerio-publico-oficializa-nueva-politica-de-persecucion-penal\/#article","isPartOf":{"@id":"https:\/\/lobosnews.com.ar\/index.php\/2026\/04\/30\/guatemala-ministerio-publico-oficializa-nueva-politica-de-persecucion-penal\/"},"author":{"name":"admin","@id":"https:\/\/lobosnews.com.ar\/#\/schema\/person\/232422a593d5c541dd9aef6aaed10943"},"headline":"Guatemala: Ministerio P\u00fablico oficializa nueva pol\u00edtica de persecuci\u00f3n penal","datePublished":"2026-04-30T02:04:54+00:00","dateModified":"2026-04-30T02:51:00+00:00","mainEntityOfPage":{"@id":"https:\/\/lobosnews.com.ar\/index.php\/2026\/04\/30\/guatemala-ministerio-publico-oficializa-nueva-politica-de-persecucion-penal\/"},"wordCount":608,"commentCount":0,"publisher":{"@id":"https:\/\/lobosnews.com.ar\/#organization"},"image":{"@id":"https:\/\/lobosnews.com.ar\/index.php\/2026\/04\/30\/guatemala-ministerio-publico-oficializa-nueva-politica-de-persecucion-penal\/#primaryimage"},"thumbnailUrl":"https:\/\/lobosnews.com.ar\/wp-content\/uploads\/2026\/04\/guatemala-ministerio-publico-oficializa-nueva-politica-de-persecucion-penal-6.jpg","articleSection":["Actualidad"],"inLanguage":"es","potentialAction":[{"@type":"CommentAction","name":"Comment","target":["https:\/\/lobosnews.com.ar\/index.php\/2026\/04\/30\/guatemala-ministerio-publico-oficializa-nueva-politica-de-persecucion-penal\/#respond"]}]},{"@type":"WebPage","@id":"https:\/\/lobosnews.com.ar\/index.php\/2026\/04\/30\/guatemala-ministerio-publico-oficializa-nueva-politica-de-persecucion-penal\/","url":"https:\/\/lobosnews.com.ar\/index.php\/2026\/04\/30\/guatemala-ministerio-publico-oficializa-nueva-politica-de-persecucion-penal\/","name":"Guatemala: Ministerio P\u00fablico oficializa nueva pol\u00edtica de persecuci\u00f3n penal - Lobos News","isPartOf":{"@id":"https:\/\/lobosnews.com.ar\/#website"},"primaryImageOfPage":{"@id":"https:\/\/lobosnews.com.ar\/index.php\/2026\/04\/30\/guatemala-ministerio-publico-oficializa-nueva-politica-de-persecucion-penal\/#primaryimage"},"image":{"@id":"https:\/\/lobosnews.com.ar\/index.php\/2026\/04\/30\/guatemala-ministerio-publico-oficializa-nueva-politica-de-persecucion-penal\/#primaryimage"},"thumbnailUrl":"https:\/\/lobosnews.com.ar\/wp-content\/uploads\/2026\/04\/guatemala-ministerio-publico-oficializa-nueva-politica-de-persecucion-penal-6.jpg","datePublished":"2026-04-30T02:04:54+00:00","dateModified":"2026-04-30T02:51:00+00:00","breadcrumb":{"@id":"https:\/\/lobosnews.com.ar\/index.php\/2026\/04\/30\/guatemala-ministerio-publico-oficializa-nueva-politica-de-persecucion-penal\/#breadcrumb"},"inLanguage":"es","potentialAction":[{"@type":"ReadAction","target":["https:\/\/lobosnews.com.ar\/index.php\/2026\/04\/30\/guatemala-ministerio-publico-oficializa-nueva-politica-de-persecucion-penal\/"]}]},{"@type":"ImageObject","inLanguage":"es","@id":"https:\/\/lobosnews.com.ar\/index.php\/2026\/04\/30\/guatemala-ministerio-publico-oficializa-nueva-politica-de-persecucion-penal\/#primaryimage","url":"https:\/\/lobosnews.com.ar\/wp-content\/uploads\/2026\/04\/guatemala-ministerio-publico-oficializa-nueva-politica-de-persecucion-penal-6.jpg","contentUrl":"https:\/\/lobosnews.com.ar\/wp-content\/uploads\/2026\/04\/guatemala-ministerio-publico-oficializa-nueva-politica-de-persecucion-penal-6.jpg","width":1280,"height":774,"caption":"Guatemala: Ministerio P\u00fablico oficializa nueva pol\u00edtica de persecuci\u00f3n penal"},{"@type":"BreadcrumbList","@id":"https:\/\/lobosnews.com.ar\/index.php\/2026\/04\/30\/guatemala-ministerio-publico-oficializa-nueva-politica-de-persecucion-penal\/#breadcrumb","itemListElement":[{"@type":"ListItem","position":1,"name":"Portada","item":"https:\/\/lobosnews.com.ar\/"},{"@type":"ListItem","position":2,"name":"Guatemala: Ministerio P\u00fablico oficializa nueva pol\u00edtica de persecuci\u00f3n penal"}]},{"@type":"WebSite","@id":"https:\/\/lobosnews.com.ar\/#website","url":"https:\/\/lobosnews.com.ar\/","name":"Lobos News","description":"Informaci\u00f3n a cada instante","publisher":{"@id":"https:\/\/lobosnews.com.ar\/#organization"},"potentialAction":[{"@type":"SearchAction","target":{"@type":"EntryPoint","urlTemplate":"https:\/\/lobosnews.com.ar\/?s={search_term_string}"},"query-input":{"@type":"PropertyValueSpecification","valueRequired":true,"valueName":"search_term_string"}}],"inLanguage":"es"},{"@type":"Organization","@id":"https:\/\/lobosnews.com.ar\/#organization","name":"Lobos News","url":"https:\/\/lobosnews.com.ar\/","logo":{"@type":"ImageObject","inLanguage":"es","@id":"https:\/\/lobosnews.com.ar\/#\/schema\/logo\/image\/","url":"https:\/\/lobosnews.com.ar\/wp-content\/uploads\/2026\/01\/logo-lobosnews.png","contentUrl":"https:\/\/lobosnews.com.ar\/wp-content\/uploads\/2026\/01\/logo-lobosnews.png","width":500,"height":200,"caption":"Lobos News"},"image":{"@id":"https:\/\/lobosnews.com.ar\/#\/schema\/logo\/image\/"}},{"@type":"Person","@id":"https:\/\/lobosnews.com.ar\/#\/schema\/person\/232422a593d5c541dd9aef6aaed10943","name":"admin","image":{"@type":"ImageObject","inLanguage":"es","@id":"https:\/\/lobosnews.com.ar\/#\/schema\/person\/image\/","url":"https:\/\/secure.gravatar.com\/avatar\/76e419471a2083bc3ceab22a763dbbf9b0c1bd15a6214cf3280e2c2dde4580f9?s=96&d=mm&r=g","contentUrl":"https:\/\/secure.gravatar.com\/avatar\/76e419471a2083bc3ceab22a763dbbf9b0c1bd15a6214cf3280e2c2dde4580f9?s=96&d=mm&r=g","caption":"admin"},"sameAs":["https:\/\/lobosnews.com.ar"],"url":"https:\/\/lobosnews.com.ar\/index.php\/author\/lobos-news\/"}]}},"jetpack_featured_media_url":"https:\/\/lobosnews.com.ar\/wp-content\/uploads\/2026\/04\/guatemala-ministerio-publico-oficializa-nueva-politica-de-persecucion-penal-6.jpg","jetpack_sharing_enabled":true,"_links":{"self":[{"href":"https:\/\/lobosnews.com.ar\/index.php\/wp-json\/wp\/v2\/posts\/47441","targetHints":{"allow":["GET"]}}],"collection":[{"href":"https:\/\/lobosnews.com.ar\/index.php\/wp-json\/wp\/v2\/posts"}],"about":[{"href":"https:\/\/lobosnews.com.ar\/index.php\/wp-json\/wp\/v2\/types\/post"}],"author":[{"embeddable":true,"href":"https:\/\/lobosnews.com.ar\/index.php\/wp-json\/wp\/v2\/users\/1"}],"replies":[{"embeddable":true,"href":"https:\/\/lobosnews.com.ar\/index.php\/wp-json\/wp\/v2\/comments?post=47441"}],"version-history":[{"count":1,"href":"https:\/\/lobosnews.com.ar\/index.php\/wp-json\/wp\/v2\/posts\/47441\/revisions"}],"predecessor-version":[{"id":47447,"href":"https:\/\/lobosnews.com.ar\/index.php\/wp-json\/wp\/v2\/posts\/47441\/revisions\/47447"}],"wp:featuredmedia":[{"embeddable":true,"href":"https:\/\/lobosnews.com.ar\/index.php\/wp-json\/wp\/v2\/media\/47448"}],"wp:attachment":[{"href":"https:\/\/lobosnews.com.ar\/index.php\/wp-json\/wp\/v2\/media?parent=47441"}],"wp:term":[{"taxonomy":"category","embeddable":true,"href":"https:\/\/lobosnews.com.ar\/index.php\/wp-json\/wp\/v2\/categories?post=47441"},{"taxonomy":"post_tag","embeddable":true,"href":"https:\/\/lobosnews.com.ar\/index.php\/wp-json\/wp\/v2\/tags?post=47441"}],"curies":[{"name":"wp","href":"https:\/\/api.w.org\/{rel}","templated":true}]}}