{"id":47419,"date":"2026-04-29T21:41:32","date_gmt":"2026-04-29T21:41:32","guid":{"rendered":"https:\/\/lobosnews.com.ar\/index.php\/2026\/04\/29\/el-gesto-de-mauro-icardi-con-uno-de-los-hijos-de-la-china-suarez-en-medio-de-la-multitudinaria-practica-abierta-del-galatasaray-2\/"},"modified":"2026-04-30T02:48:38","modified_gmt":"2026-04-30T02:48:38","slug":"el-gesto-de-mauro-icardi-con-uno-de-los-hijos-de-la-china-suarez-en-medio-de-la-multitudinaria-practica-abierta-del-galatasaray-2","status":"publish","type":"post","link":"https:\/\/lobosnews.com.ar\/index.php\/2026\/04\/29\/el-gesto-de-mauro-icardi-con-uno-de-los-hijos-de-la-china-suarez-en-medio-de-la-multitudinaria-practica-abierta-del-galatasaray-2\/","title":{"rendered":"El gesto de Mauro Icardi con uno de los hijos de la China Su\u00e1rez en medio de la multitudinaria pr\u00e1ctica abierta del Galatasaray"},"content":{"rendered":"<p>El delantero argentino <b>Mauro Icardi<\/b> protagoniz\u00f3 este mi\u00e9rcoles una de las escenas m\u00e1s comentadas de la noche cuando, al t\u00e9rmino del entrenamiento abierto del <b>Galatasaray<\/b> en el estadio <b>Rams Park<\/b> de Estambul, <b>invit\u00f3 a Amancio Vicu\u00f1a, el hijo menor de su pareja Eugenia \u201cla China\u201d Su\u00e1rez, a patear la pelota en el c\u00e9sped del estadio<\/b>, ante la mirada de decenas de miles de hinchas que llenaron las tribunas.<\/p>\n<p>El acto reuni\u00f3 en el mismo escenario al goleador y capit\u00e1n del equipo turco con el ni\u00f1o de seis a\u00f1os, fruto de la relaci\u00f3n entre la actriz y modelo argentina y el actor <b>Benjam\u00edn Vicu\u00f1a<\/b>. Las im\u00e1genes del peque\u00f1o corriendo por la cancha del Rams Park, con Icardi a su lado orientando sus pasos con la pelota, se viralizaron de inmediato en redes sociales.<\/p>\n<p>La pr\u00e1ctica fue organizada por el club como parte de los preparativos para el partido del s\u00e1bado 2 de mayo ante el <b>Samsunspor<\/b> por la 32\u00aa fecha de la <b>Trendyol S\u00fcper Lig<\/b>. Seg\u00fan inform\u00f3 el portal turco Sporx, <b>alrededor de 40.000 hinchas<\/b> colmaron las tribunas del Rams Park \u2014estadio con capacidad para 53.978 espectadores\u2014 en lo que el propio entrenador <b>Okan Buruk<\/b> defini\u00f3 como \u201cuna noche preciosa\u201d. El ambiente en las gradas reprodujo la intensidad de un partido oficial, con bengalas encendidas de manera simult\u00e1nea en todos los sectores del estadio y c\u00e1nticos que no cesaron durante toda la sesi\u00f3n.<\/p>\n<p>Los jugadores salieron al campo entre una ovaci\u00f3n generalizada. Los fan\u00e1ticos fueron llamando a cada futbolista por su nombre. <b>Las mayores muestras de fervor se concentraron en Victor Osimhen y en Icardi<\/b>, quienes recibieron los aplausos m\u00e1s prolongados de la noche. Ambos delanteros luego posaron para fotograf\u00edas con los seguidores.<\/p>\n<p><img loading=\"lazy\" decoding=\"async\" src=\"https:\/\/lobosnews.com.ar\/wp-content\/uploads\/2026\/04\/el-gesto-de-mauro-icardi-con-uno-de-los-hijos-de-la-china-suarez-en-medio-de-la-multitudinaria-practica-abierta-del-galatasaray.jpg\" alt=\"Miles de aficionados del Galatasaray crean una atm\u00f3sfera espectacular con bengalas y humo rojo durante el entrenamiento abierto en su estadio. (@GalatasaraySK)\" height=\"1280\" width=\"1920\"\/><\/p>\n<p>La China Su\u00e1rez estuvo presente en el estadio junto a sus tres hijos: <b>Rufina<\/b> (fruto de su relaci\u00f3n con <b>Nicol\u00e1s Cabr\u00e9<\/b>), y <b>Magnolia<\/b> y <b>Amancio<\/b> (de su v\u00ednculo con Vicu\u00f1a). La actriz y modelo ha sido una presencia habitual en el Rams Park a lo largo de la temporada, desde que se instal\u00f3 en Estambul junto a Icardi. En febrero pasado, cuando el delantero convirti\u00f3 el gol que lo transform\u00f3 en el m\u00e1ximo goleador extranjero de la historia del Galatasaray, la China sigui\u00f3 el partido desde un palco preferencial con los tres ni\u00f1os a su lado.<\/p>\n<p>El v\u00ednculo entre Icardi y los hijos de su pareja ha quedado registrado en m\u00faltiples ocasiones. En noviembre de 2025, la actriz comparti\u00f3 en sus redes sociales im\u00e1genes del futbolista pateando la pelota con Amancio en el jard\u00edn de la casa que comparten en Estambul. En esa ocasi\u00f3n, el ni\u00f1o festej\u00f3 un gol imitando uno de los gestos que Icardi suele hacer en los partidos: llevarse las manos a las orejas. El peque\u00f1o, adem\u00e1s, entrena en la academia del <b>Barcelona<\/b> en Estambul, un detalle cargado de simbolismo dado que Icardi dio sus primeros pasos en el f\u00fatbol formativo en el club catal\u00e1n.<\/p>\n<p><img loading=\"lazy\" decoding=\"async\" src=\"https:\/\/lobosnews.com.ar\/wp-content\/uploads\/2026\/04\/el-gesto-de-mauro-icardi-con-uno-de-los-hijos-de-la-china-suarez-en-medio-de-la-multitudinaria-practica-abierta-del-galatasaray-2.jpg\" alt=\"Los jugadores del Galatasaray participan en un entrenamiento abierto en el estadio Rams Park, ante la entusiasta multitud de aficionados que llenan las gradas. (@GalatasaraySK)\" height=\"1280\" width=\"1920\"\/><\/p>\n<p>La pr\u00e1ctica abierta de este mi\u00e9rcoles se realiz\u00f3 en un momento de m\u00e1xima tensi\u00f3n deportiva para el Galatasaray. El equipo dirigido por Okan Buruk lidera la Trendyol S\u00fcper Lig con <b>74 puntos<\/b> en 31 fechas, con siete unidades de ventaja sobre el <b>Fenerbah\u00e7e<\/b>, su escolta. El club apunta a conquistar su cuarto t\u00edtulo consecutivo en el torneo local, objetivo que el propio Buruk verbaliz\u00f3 ante los hinchas al concluir la sesi\u00f3n: <b>\u201cEsperemos terminar campeones este fin de semana\u201d<\/b>, dijo el t\u00e9cnico.<\/p>\n<p><img loading=\"lazy\" decoding=\"async\" src=\"https:\/\/lobosnews.com.ar\/wp-content\/uploads\/2026\/04\/el-gesto-de-mauro-icardi-con-uno-de-los-hijos-de-la-china-suarez-en-medio-de-la-multitudinaria-practica-abierta-del-galatasaray-3.jpg\" alt=\"El entrenador del Galatasaray saluda a la euf\u00f3rica multitud en el entrenamiento abierto del Galatasaray. (@GalatasaraySK)\" height=\"1280\" width=\"1920\"\/><\/p>\n<p>Icardi lleva anotados m\u00e1s de 20 goles en la presente temporada y acumula una cifra hist\u00f3rica en el club. En diciembre de 2025 super\u00f3 el r\u00e9cord de goles en la S\u00fcper Lig para jugadores extranjeros que ostentaba la leyenda rumana <b>Gheorghe Hagi<\/b>, y en febrero de 2026 se consagr\u00f3 como el m\u00e1ximo goleador for\u00e1neo en toda la historia del Galatasaray. Lleg\u00f3 al club turco en septiembre de 2022 cedido por el <b>Par\u00eds Saint-Germain (PSG)<\/b> y acumula m\u00e1s de 60 goles con la camiseta amarilla y roja.<\/p>\n<p>Al entrenamiento tambi\u00e9n asistieron exjugadores del club como <b>Johan Elmander<\/b>, <b>Sabri Sar\u0131o\u011flu<\/b>, <b>Ryan Babel<\/b>, <b>Ryan Donk<\/b>, <b>Emre \u00c7olak<\/b>, <b>Yekta Kurtulu\u015f<\/b> y <b>Jimmy Durmaz<\/b>, quienes siguieron la sesi\u00f3n desde las tribunas y fueron ovacionados por los hinchas. <b>\u201cCuando pis\u00e1s este estadio, la emoci\u00f3n es la misma que el primer d\u00eda\u201d<\/b>, dijo Emre \u00c7olak en declaraciones recogidas por Sporx. No participaron del entrenamiento <b>Gabriel Sara<\/b>, con edema \u00f3seo en el tobillo, ni <b>Yaser Asprilla<\/b>, con una distensi\u00f3n en la rodilla.<\/p>\n<h2>M\u00e1s im\u00e1genes del entrenamiento abierto del Galatasaray en el estadio<\/h2>\n<p><img loading=\"lazy\" decoding=\"async\" src=\"https:\/\/lobosnews.com.ar\/wp-content\/uploads\/2026\/04\/el-gesto-de-mauro-icardi-con-uno-de-los-hijos-de-la-china-suarez-en-medio-de-la-multitudinaria-practica-abierta-del-galatasaray-5.jpg\" alt=\"Un portero del Galatasaray realiza una estirada acrob\u00e1tica para atajar un bal\u00f3n durante un entrenamiento abierto, con el estadio lleno de aficionados presenciando la sesi\u00f3n. (@GalatasaraySK)\" height=\"1526\" width=\"1920\"\/><img loading=\"lazy\" decoding=\"async\" src=\"https:\/\/lobosnews.com.ar\/wp-content\/uploads\/2026\/04\/el-gesto-de-mauro-icardi-con-uno-de-los-hijos-de-la-china-suarez-en-medio-de-la-multitudinaria-practica-abierta-del-galatasaray-8.jpg\" alt=\"Miles de aficionados del Galatasaray llenan el estadio con bengalas rojas y humo, creando una atm\u00f3sfera apasionada durante el entrenamiento abierto de su equipo en el estadio del Galatasaray. (@GalatasaraySK)\" height=\"1280\" width=\"1920\"\/><img loading=\"lazy\" decoding=\"async\" src=\"https:\/\/lobosnews.com.ar\/wp-content\/uploads\/2026\/04\/el-gesto-de-mauro-icardi-con-uno-de-los-hijos-de-la-china-suarez-en-medio-de-la-multitudinaria-practica-abierta-del-galatasaray-10.jpg\" alt=\"Jugadores del Galatasaray realizan un entrenamiento abierto en su estadio, mientras la afici\u00f3n ilumina las gradas con bengalas rojas, creando una atm\u00f3sfera vibrante y llena de pasi\u00f3n futbol\u00edstica. (@GalatasaraySK)\" height=\"1280\" width=\"1920\"\/><img loading=\"lazy\" decoding=\"async\" src=\"https:\/\/lobosnews.com.ar\/wp-content\/uploads\/2026\/04\/el-gesto-de-mauro-icardi-con-uno-de-los-hijos-de-la-china-suarez-en-medio-de-la-multitudinaria-practica-abierta-del-galatasaray-11.jpg\" alt=\"Aficionados del Galatasaray iluminan el estadio con pirotecnia y humo rojo durante un entrenamiento abierto, creando un ambiente vibrante para el equipo. (@GalatasaraySK)\" height=\"1280\" width=\"1920\"\/><\/p>\n","protected":false},"excerpt":{"rendered":"<p>El delantero argentino Mauro Icardi protagoniz\u00f3 este mi\u00e9rcoles una de las escenas m\u00e1s comentadas de la noche cuando, al t\u00e9rmino del entrenamiento abierto del Galatasaray en el estadio Rams Park de Estambul, invit\u00f3 a Amancio Vicu\u00f1a, el hijo menor de su pareja Eugenia \u201cla China\u201d Su\u00e1rez, a patear la pelota en el c\u00e9sped del estadio,&#8230;<\/p>\n","protected":false},"author":1,"featured_media":0,"comment_status":"open","ping_status":"closed","sticky":false,"template":"","format":"standard","meta":{"_jetpack_memberships_contains_paid_content":false,"footnotes":""},"categories":[30],"tags":[39],"class_list":["post-47419","post","type-post","status-publish","format-standard","hentry","category-argentina","tag-deportes"],"magazineBlocksPostFeaturedMedia":{"thumbnail":false,"medium":false,"medium_large":false,"large":false,"1536x1536":false,"2048x2048":false,"newsmatic-featured":false,"newsmatic-list":false,"newsmatic-thumb":false,"newsmatic-small":false,"newsmatic-grid":false},"magazineBlocksPostAuthor":{"name":"admin","avatar":"https:\/\/secure.gravatar.com\/avatar\/76e419471a2083bc3ceab22a763dbbf9b0c1bd15a6214cf3280e2c2dde4580f9?s=96&d=mm&r=g"},"magazineBlocksPostCommentsNumber":"0","magazineBlocksPostExcerpt":"El delantero argentino Mauro Icardi protagoniz\u00f3 este mi\u00e9rcoles una de las escenas m\u00e1s comentadas de la noche cuando, al t\u00e9rmino del entrenamiento abierto del Galatasaray en el estadio Rams Park de Estambul, invit\u00f3 a Amancio Vicu\u00f1a, el hijo menor de su pareja Eugenia \u201cla China\u201d Su\u00e1rez, a patear la pelota en el c\u00e9sped del estadio,...","magazineBlocksPostCategories":["Argentina"],"magazineBlocksPostViewCount":10,"magazineBlocksPostReadTime":4,"magazine_blocks_featured_image_url":{"full":false,"medium":false,"thumbnail":false},"magazine_blocks_author":{"display_name":"admin","author_link":"https:\/\/lobosnews.com.ar\/index.php\/author\/lobos-news\/"},"magazine_blocks_comment":0,"magazine_blocks_author_image":"https:\/\/secure.gravatar.com\/avatar\/76e419471a2083bc3ceab22a763dbbf9b0c1bd15a6214cf3280e2c2dde4580f9?s=96&d=mm&r=g","magazine_blocks_category":"<a href=\"#\" class=\"category-link category-link-30\">Argentina<\/a>","yoast_head":"<!-- This site is optimized with the Yoast SEO plugin v26.6 - https:\/\/yoast.com\/wordpress\/plugins\/seo\/ -->\n<title>El gesto de Mauro Icardi con uno de los hijos de la China Su\u00e1rez en medio de la multitudinaria pr\u00e1ctica abierta del Galatasaray - Lobos News<\/title>\n<meta name=\"robots\" content=\"index, follow, max-snippet:-1, max-image-preview:large, max-video-preview:-1\" \/>\n<link rel=\"canonical\" href=\"https:\/\/lobosnews.com.ar\/index.php\/2026\/04\/29\/el-gesto-de-mauro-icardi-con-uno-de-los-hijos-de-la-china-suarez-en-medio-de-la-multitudinaria-practica-abierta-del-galatasaray-2\/\" \/>\n<meta property=\"og:locale\" content=\"es_ES\" \/>\n<meta property=\"og:type\" content=\"article\" \/>\n<meta property=\"og:title\" content=\"El gesto de Mauro Icardi con uno de los hijos de la China Su\u00e1rez en medio de la multitudinaria pr\u00e1ctica abierta del Galatasaray - Lobos News\" \/>\n<meta property=\"og:description\" content=\"El delantero argentino Mauro Icardi protagoniz\u00f3 este mi\u00e9rcoles una de las escenas m\u00e1s comentadas de la noche cuando, al t\u00e9rmino del entrenamiento abierto del Galatasaray en el estadio Rams Park de Estambul, invit\u00f3 a Amancio Vicu\u00f1a, el hijo menor de su pareja Eugenia \u201cla China\u201d Su\u00e1rez, a patear la pelota en el c\u00e9sped del estadio,...\" \/>\n<meta property=\"og:url\" content=\"https:\/\/lobosnews.com.ar\/index.php\/2026\/04\/29\/el-gesto-de-mauro-icardi-con-uno-de-los-hijos-de-la-china-suarez-en-medio-de-la-multitudinaria-practica-abierta-del-galatasaray-2\/\" \/>\n<meta property=\"og:site_name\" content=\"Lobos News\" \/>\n<meta property=\"article:published_time\" content=\"2026-04-29T21:41:32+00:00\" \/>\n<meta property=\"article:modified_time\" content=\"2026-04-30T02:48:38+00:00\" \/>\n<meta property=\"og:image\" content=\"https:\/\/lobosnews.com.ar\/wp-content\/uploads\/2026\/04\/el-gesto-de-mauro-icardi-con-uno-de-los-hijos-de-la-china-suarez-en-medio-de-la-multitudinaria-practica-abierta-del-galatasaray.jpg\" \/>\n<meta name=\"author\" content=\"admin\" \/>\n<meta name=\"twitter:card\" content=\"summary_large_image\" \/>\n<meta name=\"twitter:label1\" content=\"Escrito por\" \/>\n\t<meta name=\"twitter:data1\" content=\"admin\" \/>\n\t<meta name=\"twitter:label2\" content=\"Tiempo de lectura\" \/>\n\t<meta name=\"twitter:data2\" content=\"4 minutos\" \/>\n<script type=\"application\/ld+json\" class=\"yoast-schema-graph\">{\"@context\":\"https:\/\/schema.org\",\"@graph\":[{\"@type\":\"Article\",\"@id\":\"https:\/\/lobosnews.com.ar\/index.php\/2026\/04\/29\/el-gesto-de-mauro-icardi-con-uno-de-los-hijos-de-la-china-suarez-en-medio-de-la-multitudinaria-practica-abierta-del-galatasaray-2\/#article\",\"isPartOf\":{\"@id\":\"https:\/\/lobosnews.com.ar\/index.php\/2026\/04\/29\/el-gesto-de-mauro-icardi-con-uno-de-los-hijos-de-la-china-suarez-en-medio-de-la-multitudinaria-practica-abierta-del-galatasaray-2\/\"},\"author\":{\"name\":\"admin\",\"@id\":\"https:\/\/lobosnews.com.ar\/#\/schema\/person\/232422a593d5c541dd9aef6aaed10943\"},\"headline\":\"El gesto de Mauro Icardi con uno de los hijos de la China Su\u00e1rez en medio de la multitudinaria pr\u00e1ctica abierta del Galatasaray\",\"datePublished\":\"2026-04-29T21:41:32+00:00\",\"dateModified\":\"2026-04-30T02:48:38+00:00\",\"mainEntityOfPage\":{\"@id\":\"https:\/\/lobosnews.com.ar\/index.php\/2026\/04\/29\/el-gesto-de-mauro-icardi-con-uno-de-los-hijos-de-la-china-suarez-en-medio-de-la-multitudinaria-practica-abierta-del-galatasaray-2\/\"},\"wordCount\":817,\"commentCount\":0,\"publisher\":{\"@id\":\"https:\/\/lobosnews.com.ar\/#organization\"},\"image\":{\"@id\":\"https:\/\/lobosnews.com.ar\/index.php\/2026\/04\/29\/el-gesto-de-mauro-icardi-con-uno-de-los-hijos-de-la-china-suarez-en-medio-de-la-multitudinaria-practica-abierta-del-galatasaray-2\/#primaryimage\"},\"thumbnailUrl\":\"https:\/\/lobosnews.com.ar\/wp-content\/uploads\/2026\/04\/el-gesto-de-mauro-icardi-con-uno-de-los-hijos-de-la-china-suarez-en-medio-de-la-multitudinaria-practica-abierta-del-galatasaray.jpg\",\"keywords\":[\"Deportes\"],\"articleSection\":[\"Argentina\"],\"inLanguage\":\"es\",\"potentialAction\":[{\"@type\":\"CommentAction\",\"name\":\"Comment\",\"target\":[\"https:\/\/lobosnews.com.ar\/index.php\/2026\/04\/29\/el-gesto-de-mauro-icardi-con-uno-de-los-hijos-de-la-china-suarez-en-medio-de-la-multitudinaria-practica-abierta-del-galatasaray-2\/#respond\"]}]},{\"@type\":\"WebPage\",\"@id\":\"https:\/\/lobosnews.com.ar\/index.php\/2026\/04\/29\/el-gesto-de-mauro-icardi-con-uno-de-los-hijos-de-la-china-suarez-en-medio-de-la-multitudinaria-practica-abierta-del-galatasaray-2\/\",\"url\":\"https:\/\/lobosnews.com.ar\/index.php\/2026\/04\/29\/el-gesto-de-mauro-icardi-con-uno-de-los-hijos-de-la-china-suarez-en-medio-de-la-multitudinaria-practica-abierta-del-galatasaray-2\/\",\"name\":\"El gesto de Mauro Icardi con uno de los hijos de la China Su\u00e1rez en medio de la multitudinaria pr\u00e1ctica abierta del Galatasaray - Lobos News\",\"isPartOf\":{\"@id\":\"https:\/\/lobosnews.com.ar\/#website\"},\"primaryImageOfPage\":{\"@id\":\"https:\/\/lobosnews.com.ar\/index.php\/2026\/04\/29\/el-gesto-de-mauro-icardi-con-uno-de-los-hijos-de-la-china-suarez-en-medio-de-la-multitudinaria-practica-abierta-del-galatasaray-2\/#primaryimage\"},\"image\":{\"@id\":\"https:\/\/lobosnews.com.ar\/index.php\/2026\/04\/29\/el-gesto-de-mauro-icardi-con-uno-de-los-hijos-de-la-china-suarez-en-medio-de-la-multitudinaria-practica-abierta-del-galatasaray-2\/#primaryimage\"},\"thumbnailUrl\":\"https:\/\/lobosnews.com.ar\/wp-content\/uploads\/2026\/04\/el-gesto-de-mauro-icardi-con-uno-de-los-hijos-de-la-china-suarez-en-medio-de-la-multitudinaria-practica-abierta-del-galatasaray.jpg\",\"datePublished\":\"2026-04-29T21:41:32+00:00\",\"dateModified\":\"2026-04-30T02:48:38+00:00\",\"breadcrumb\":{\"@id\":\"https:\/\/lobosnews.com.ar\/index.php\/2026\/04\/29\/el-gesto-de-mauro-icardi-con-uno-de-los-hijos-de-la-china-suarez-en-medio-de-la-multitudinaria-practica-abierta-del-galatasaray-2\/#breadcrumb\"},\"inLanguage\":\"es\",\"potentialAction\":[{\"@type\":\"ReadAction\",\"target\":[\"https:\/\/lobosnews.com.ar\/index.php\/2026\/04\/29\/el-gesto-de-mauro-icardi-con-uno-de-los-hijos-de-la-china-suarez-en-medio-de-la-multitudinaria-practica-abierta-del-galatasaray-2\/\"]}]},{\"@type\":\"ImageObject\",\"inLanguage\":\"es\",\"@id\":\"https:\/\/lobosnews.com.ar\/index.php\/2026\/04\/29\/el-gesto-de-mauro-icardi-con-uno-de-los-hijos-de-la-china-suarez-en-medio-de-la-multitudinaria-practica-abierta-del-galatasaray-2\/#primaryimage\",\"url\":\"https:\/\/lobosnews.com.ar\/wp-content\/uploads\/2026\/04\/el-gesto-de-mauro-icardi-con-uno-de-los-hijos-de-la-china-suarez-en-medio-de-la-multitudinaria-practica-abierta-del-galatasaray.jpg\",\"contentUrl\":\"https:\/\/lobosnews.com.ar\/wp-content\/uploads\/2026\/04\/el-gesto-de-mauro-icardi-con-uno-de-los-hijos-de-la-china-suarez-en-medio-de-la-multitudinaria-practica-abierta-del-galatasaray.jpg\"},{\"@type\":\"BreadcrumbList\",\"@id\":\"https:\/\/lobosnews.com.ar\/index.php\/2026\/04\/29\/el-gesto-de-mauro-icardi-con-uno-de-los-hijos-de-la-china-suarez-en-medio-de-la-multitudinaria-practica-abierta-del-galatasaray-2\/#breadcrumb\",\"itemListElement\":[{\"@type\":\"ListItem\",\"position\":1,\"name\":\"Portada\",\"item\":\"https:\/\/lobosnews.com.ar\/\"},{\"@type\":\"ListItem\",\"position\":2,\"name\":\"El gesto de Mauro Icardi con uno de los hijos de la China Su\u00e1rez en medio de la multitudinaria pr\u00e1ctica abierta del Galatasaray\"}]},{\"@type\":\"WebSite\",\"@id\":\"https:\/\/lobosnews.com.ar\/#website\",\"url\":\"https:\/\/lobosnews.com.ar\/\",\"name\":\"Lobos News\",\"description\":\"Informaci\u00f3n a cada instante\",\"publisher\":{\"@id\":\"https:\/\/lobosnews.com.ar\/#organization\"},\"potentialAction\":[{\"@type\":\"SearchAction\",\"target\":{\"@type\":\"EntryPoint\",\"urlTemplate\":\"https:\/\/lobosnews.com.ar\/?s={search_term_string}\"},\"query-input\":{\"@type\":\"PropertyValueSpecification\",\"valueRequired\":true,\"valueName\":\"search_term_string\"}}],\"inLanguage\":\"es\"},{\"@type\":\"Organization\",\"@id\":\"https:\/\/lobosnews.com.ar\/#organization\",\"name\":\"Lobos News\",\"url\":\"https:\/\/lobosnews.com.ar\/\",\"logo\":{\"@type\":\"ImageObject\",\"inLanguage\":\"es\",\"@id\":\"https:\/\/lobosnews.com.ar\/#\/schema\/logo\/image\/\",\"url\":\"https:\/\/lobosnews.com.ar\/wp-content\/uploads\/2026\/01\/logo-lobosnews.png\",\"contentUrl\":\"https:\/\/lobosnews.com.ar\/wp-content\/uploads\/2026\/01\/logo-lobosnews.png\",\"width\":500,\"height\":200,\"caption\":\"Lobos News\"},\"image\":{\"@id\":\"https:\/\/lobosnews.com.ar\/#\/schema\/logo\/image\/\"}},{\"@type\":\"Person\",\"@id\":\"https:\/\/lobosnews.com.ar\/#\/schema\/person\/232422a593d5c541dd9aef6aaed10943\",\"name\":\"admin\",\"image\":{\"@type\":\"ImageObject\",\"inLanguage\":\"es\",\"@id\":\"https:\/\/lobosnews.com.ar\/#\/schema\/person\/image\/\",\"url\":\"https:\/\/secure.gravatar.com\/avatar\/76e419471a2083bc3ceab22a763dbbf9b0c1bd15a6214cf3280e2c2dde4580f9?s=96&d=mm&r=g\",\"contentUrl\":\"https:\/\/secure.gravatar.com\/avatar\/76e419471a2083bc3ceab22a763dbbf9b0c1bd15a6214cf3280e2c2dde4580f9?s=96&d=mm&r=g\",\"caption\":\"admin\"},\"sameAs\":[\"https:\/\/lobosnews.com.ar\"],\"url\":\"https:\/\/lobosnews.com.ar\/index.php\/author\/lobos-news\/\"}]}<\/script>\n<!-- \/ Yoast SEO plugin. -->","yoast_head_json":{"title":"El gesto de Mauro Icardi con uno de los hijos de la China Su\u00e1rez en medio de la multitudinaria pr\u00e1ctica abierta del Galatasaray - Lobos News","robots":{"index":"index","follow":"follow","max-snippet":"max-snippet:-1","max-image-preview":"max-image-preview:large","max-video-preview":"max-video-preview:-1"},"canonical":"https:\/\/lobosnews.com.ar\/index.php\/2026\/04\/29\/el-gesto-de-mauro-icardi-con-uno-de-los-hijos-de-la-china-suarez-en-medio-de-la-multitudinaria-practica-abierta-del-galatasaray-2\/","og_locale":"es_ES","og_type":"article","og_title":"El gesto de Mauro Icardi con uno de los hijos de la China Su\u00e1rez en medio de la multitudinaria pr\u00e1ctica abierta del Galatasaray - Lobos News","og_description":"El delantero argentino Mauro Icardi protagoniz\u00f3 este mi\u00e9rcoles una de las escenas m\u00e1s comentadas de la noche cuando, al t\u00e9rmino del entrenamiento abierto del Galatasaray en el estadio Rams Park de Estambul, invit\u00f3 a Amancio Vicu\u00f1a, el hijo menor de su pareja Eugenia \u201cla China\u201d Su\u00e1rez, a patear la pelota en el c\u00e9sped del estadio,...","og_url":"https:\/\/lobosnews.com.ar\/index.php\/2026\/04\/29\/el-gesto-de-mauro-icardi-con-uno-de-los-hijos-de-la-china-suarez-en-medio-de-la-multitudinaria-practica-abierta-del-galatasaray-2\/","og_site_name":"Lobos News","article_published_time":"2026-04-29T21:41:32+00:00","article_modified_time":"2026-04-30T02:48:38+00:00","og_image":[{"url":"https:\/\/lobosnews.com.ar\/wp-content\/uploads\/2026\/04\/el-gesto-de-mauro-icardi-con-uno-de-los-hijos-de-la-china-suarez-en-medio-de-la-multitudinaria-practica-abierta-del-galatasaray.jpg","type":"","width":"","height":""}],"author":"admin","twitter_card":"summary_large_image","twitter_misc":{"Escrito por":"admin","Tiempo de lectura":"4 minutos"},"schema":{"@context":"https:\/\/schema.org","@graph":[{"@type":"Article","@id":"https:\/\/lobosnews.com.ar\/index.php\/2026\/04\/29\/el-gesto-de-mauro-icardi-con-uno-de-los-hijos-de-la-china-suarez-en-medio-de-la-multitudinaria-practica-abierta-del-galatasaray-2\/#article","isPartOf":{"@id":"https:\/\/lobosnews.com.ar\/index.php\/2026\/04\/29\/el-gesto-de-mauro-icardi-con-uno-de-los-hijos-de-la-china-suarez-en-medio-de-la-multitudinaria-practica-abierta-del-galatasaray-2\/"},"author":{"name":"admin","@id":"https:\/\/lobosnews.com.ar\/#\/schema\/person\/232422a593d5c541dd9aef6aaed10943"},"headline":"El gesto de Mauro Icardi con uno de los hijos de la China Su\u00e1rez en medio de la multitudinaria pr\u00e1ctica abierta del Galatasaray","datePublished":"2026-04-29T21:41:32+00:00","dateModified":"2026-04-30T02:48:38+00:00","mainEntityOfPage":{"@id":"https:\/\/lobosnews.com.ar\/index.php\/2026\/04\/29\/el-gesto-de-mauro-icardi-con-uno-de-los-hijos-de-la-china-suarez-en-medio-de-la-multitudinaria-practica-abierta-del-galatasaray-2\/"},"wordCount":817,"commentCount":0,"publisher":{"@id":"https:\/\/lobosnews.com.ar\/#organization"},"image":{"@id":"https:\/\/lobosnews.com.ar\/index.php\/2026\/04\/29\/el-gesto-de-mauro-icardi-con-uno-de-los-hijos-de-la-china-suarez-en-medio-de-la-multitudinaria-practica-abierta-del-galatasaray-2\/#primaryimage"},"thumbnailUrl":"https:\/\/lobosnews.com.ar\/wp-content\/uploads\/2026\/04\/el-gesto-de-mauro-icardi-con-uno-de-los-hijos-de-la-china-suarez-en-medio-de-la-multitudinaria-practica-abierta-del-galatasaray.jpg","keywords":["Deportes"],"articleSection":["Argentina"],"inLanguage":"es","potentialAction":[{"@type":"CommentAction","name":"Comment","target":["https:\/\/lobosnews.com.ar\/index.php\/2026\/04\/29\/el-gesto-de-mauro-icardi-con-uno-de-los-hijos-de-la-china-suarez-en-medio-de-la-multitudinaria-practica-abierta-del-galatasaray-2\/#respond"]}]},{"@type":"WebPage","@id":"https:\/\/lobosnews.com.ar\/index.php\/2026\/04\/29\/el-gesto-de-mauro-icardi-con-uno-de-los-hijos-de-la-china-suarez-en-medio-de-la-multitudinaria-practica-abierta-del-galatasaray-2\/","url":"https:\/\/lobosnews.com.ar\/index.php\/2026\/04\/29\/el-gesto-de-mauro-icardi-con-uno-de-los-hijos-de-la-china-suarez-en-medio-de-la-multitudinaria-practica-abierta-del-galatasaray-2\/","name":"El gesto de Mauro Icardi con uno de los hijos de la China Su\u00e1rez en medio de la multitudinaria pr\u00e1ctica abierta del Galatasaray - Lobos News","isPartOf":{"@id":"https:\/\/lobosnews.com.ar\/#website"},"primaryImageOfPage":{"@id":"https:\/\/lobosnews.com.ar\/index.php\/2026\/04\/29\/el-gesto-de-mauro-icardi-con-uno-de-los-hijos-de-la-china-suarez-en-medio-de-la-multitudinaria-practica-abierta-del-galatasaray-2\/#primaryimage"},"image":{"@id":"https:\/\/lobosnews.com.ar\/index.php\/2026\/04\/29\/el-gesto-de-mauro-icardi-con-uno-de-los-hijos-de-la-china-suarez-en-medio-de-la-multitudinaria-practica-abierta-del-galatasaray-2\/#primaryimage"},"thumbnailUrl":"https:\/\/lobosnews.com.ar\/wp-content\/uploads\/2026\/04\/el-gesto-de-mauro-icardi-con-uno-de-los-hijos-de-la-china-suarez-en-medio-de-la-multitudinaria-practica-abierta-del-galatasaray.jpg","datePublished":"2026-04-29T21:41:32+00:00","dateModified":"2026-04-30T02:48:38+00:00","breadcrumb":{"@id":"https:\/\/lobosnews.com.ar\/index.php\/2026\/04\/29\/el-gesto-de-mauro-icardi-con-uno-de-los-hijos-de-la-china-suarez-en-medio-de-la-multitudinaria-practica-abierta-del-galatasaray-2\/#breadcrumb"},"inLanguage":"es","potentialAction":[{"@type":"ReadAction","target":["https:\/\/lobosnews.com.ar\/index.php\/2026\/04\/29\/el-gesto-de-mauro-icardi-con-uno-de-los-hijos-de-la-china-suarez-en-medio-de-la-multitudinaria-practica-abierta-del-galatasaray-2\/"]}]},{"@type":"ImageObject","inLanguage":"es","@id":"https:\/\/lobosnews.com.ar\/index.php\/2026\/04\/29\/el-gesto-de-mauro-icardi-con-uno-de-los-hijos-de-la-china-suarez-en-medio-de-la-multitudinaria-practica-abierta-del-galatasaray-2\/#primaryimage","url":"https:\/\/lobosnews.com.ar\/wp-content\/uploads\/2026\/04\/el-gesto-de-mauro-icardi-con-uno-de-los-hijos-de-la-china-suarez-en-medio-de-la-multitudinaria-practica-abierta-del-galatasaray.jpg","contentUrl":"https:\/\/lobosnews.com.ar\/wp-content\/uploads\/2026\/04\/el-gesto-de-mauro-icardi-con-uno-de-los-hijos-de-la-china-suarez-en-medio-de-la-multitudinaria-practica-abierta-del-galatasaray.jpg"},{"@type":"BreadcrumbList","@id":"https:\/\/lobosnews.com.ar\/index.php\/2026\/04\/29\/el-gesto-de-mauro-icardi-con-uno-de-los-hijos-de-la-china-suarez-en-medio-de-la-multitudinaria-practica-abierta-del-galatasaray-2\/#breadcrumb","itemListElement":[{"@type":"ListItem","position":1,"name":"Portada","item":"https:\/\/lobosnews.com.ar\/"},{"@type":"ListItem","position":2,"name":"El gesto de Mauro Icardi con uno de los hijos de la China Su\u00e1rez en medio de la multitudinaria pr\u00e1ctica abierta del Galatasaray"}]},{"@type":"WebSite","@id":"https:\/\/lobosnews.com.ar\/#website","url":"https:\/\/lobosnews.com.ar\/","name":"Lobos News","description":"Informaci\u00f3n a cada instante","publisher":{"@id":"https:\/\/lobosnews.com.ar\/#organization"},"potentialAction":[{"@type":"SearchAction","target":{"@type":"EntryPoint","urlTemplate":"https:\/\/lobosnews.com.ar\/?s={search_term_string}"},"query-input":{"@type":"PropertyValueSpecification","valueRequired":true,"valueName":"search_term_string"}}],"inLanguage":"es"},{"@type":"Organization","@id":"https:\/\/lobosnews.com.ar\/#organization","name":"Lobos News","url":"https:\/\/lobosnews.com.ar\/","logo":{"@type":"ImageObject","inLanguage":"es","@id":"https:\/\/lobosnews.com.ar\/#\/schema\/logo\/image\/","url":"https:\/\/lobosnews.com.ar\/wp-content\/uploads\/2026\/01\/logo-lobosnews.png","contentUrl":"https:\/\/lobosnews.com.ar\/wp-content\/uploads\/2026\/01\/logo-lobosnews.png","width":500,"height":200,"caption":"Lobos News"},"image":{"@id":"https:\/\/lobosnews.com.ar\/#\/schema\/logo\/image\/"}},{"@type":"Person","@id":"https:\/\/lobosnews.com.ar\/#\/schema\/person\/232422a593d5c541dd9aef6aaed10943","name":"admin","image":{"@type":"ImageObject","inLanguage":"es","@id":"https:\/\/lobosnews.com.ar\/#\/schema\/person\/image\/","url":"https:\/\/secure.gravatar.com\/avatar\/76e419471a2083bc3ceab22a763dbbf9b0c1bd15a6214cf3280e2c2dde4580f9?s=96&d=mm&r=g","contentUrl":"https:\/\/secure.gravatar.com\/avatar\/76e419471a2083bc3ceab22a763dbbf9b0c1bd15a6214cf3280e2c2dde4580f9?s=96&d=mm&r=g","caption":"admin"},"sameAs":["https:\/\/lobosnews.com.ar"],"url":"https:\/\/lobosnews.com.ar\/index.php\/author\/lobos-news\/"}]}},"jetpack_featured_media_url":"","jetpack_sharing_enabled":true,"_links":{"self":[{"href":"https:\/\/lobosnews.com.ar\/index.php\/wp-json\/wp\/v2\/posts\/47419","targetHints":{"allow":["GET"]}}],"collection":[{"href":"https:\/\/lobosnews.com.ar\/index.php\/wp-json\/wp\/v2\/posts"}],"about":[{"href":"https:\/\/lobosnews.com.ar\/index.php\/wp-json\/wp\/v2\/types\/post"}],"author":[{"embeddable":true,"href":"https:\/\/lobosnews.com.ar\/index.php\/wp-json\/wp\/v2\/users\/1"}],"replies":[{"embeddable":true,"href":"https:\/\/lobosnews.com.ar\/index.php\/wp-json\/wp\/v2\/comments?post=47419"}],"version-history":[{"count":1,"href":"https:\/\/lobosnews.com.ar\/index.php\/wp-json\/wp\/v2\/posts\/47419\/revisions"}],"predecessor-version":[{"id":47433,"href":"https:\/\/lobosnews.com.ar\/index.php\/wp-json\/wp\/v2\/posts\/47419\/revisions\/47433"}],"wp:attachment":[{"href":"https:\/\/lobosnews.com.ar\/index.php\/wp-json\/wp\/v2\/media?parent=47419"}],"wp:term":[{"taxonomy":"category","embeddable":true,"href":"https:\/\/lobosnews.com.ar\/index.php\/wp-json\/wp\/v2\/categories?post=47419"},{"taxonomy":"post_tag","embeddable":true,"href":"https:\/\/lobosnews.com.ar\/index.php\/wp-json\/wp\/v2\/tags?post=47419"}],"curies":[{"name":"wp","href":"https:\/\/api.w.org\/{rel}","templated":true}]}}