{"id":47413,"date":"2026-04-29T22:22:20","date_gmt":"2026-04-29T22:22:20","guid":{"rendered":"https:\/\/lobosnews.com.ar\/index.php\/2026\/04\/29\/platense-recibe-a-independiente-santa-fe-de-colombia-por-la-copa-libertadores\/"},"modified":"2026-04-30T02:46:44","modified_gmt":"2026-04-30T02:46:44","slug":"platense-recibe-a-independiente-santa-fe-de-colombia-por-la-copa-libertadores","status":"publish","type":"post","link":"https:\/\/lobosnews.com.ar\/index.php\/2026\/04\/29\/platense-recibe-a-independiente-santa-fe-de-colombia-por-la-copa-libertadores\/","title":{"rendered":"Platense recibe a Independiente Santa Fe de Colombia por la Copa Libertadores"},"content":{"rendered":"<p><img loading=\"lazy\" decoding=\"async\" src=\"https:\/\/lobosnews.com.ar\/wp-content\/uploads\/2026\/04\/platense-recibe-a-independiente-santa-fe-de-colombia-por-la-copa-libertadores.jpg\" alt=\"Platense vs Santa Fe\" height=\"1080\" width=\"1920\"\/><\/p>\n<p><!DOCTYPE html><br \/>\n<html><br \/>\n<head><br \/>\n\u00a0\u00a0\u00a0\u00a0<script src=\"https:\/\/secure.widget.cloud.opta.net\/v3\/v3.opta-widgets.js\"><\/script><br \/>\n\u00a0\u00a0\u00a0\u00a0<script>\n\u00a0\u00a0\u00a0\u00a0\u00a0\u00a0\u00a0\u00a0var opta_settings = {\n\u00a0\u00a0\u00a0\u00a0\u00a0\u00a0\u00a0\u00a0\u00a0\u00a0\u00a0\u00a0subscription_id: \"0ce911759cb7a972c7849a33fa0ba29d\",\n\u00a0\u00a0\u00a0\u00a0\u00a0\u00a0\u00a0\u00a0\u00a0\u00a0\u00a0\u00a0language: \"es_CO\",\n\u00a0\u00a0\u00a0\u00a0\u00a0\u00a0\u00a0\u00a0\u00a0\u00a0\u00a0\u00a0timezone: \"user\"\n\u00a0\u00a0\u00a0\u00a0\u00a0\u00a0\u00a0\u00a0};\n\u00a0\u00a0\u00a0\u00a0<\/script><br \/>\n\u00a0\u00a0\u00a0\u00a0<link rel=\"stylesheet\" href=\"https:\/\/secure.widget.cloud.opta.net\/v3\/css\/v3.football.opta-widgets.css\">\n\u00a0\u00a0\u00a0\u00a0<link rel=\"stylesheet\" href=\"https:\/\/secure.widget.cloud.opta.net\/v3\/css\/v3.basketball.opta-widgets.css\">\n\u00a0\u00a0\u00a0\u00a0<script src=\"https:\/\/s3-eu-west-1.amazonaws.com\/widget.cloud.opta.net\/2.0\/js\/widgets.opta.js\"><\/script><br \/>\n\u00a0\u00a0\u00a0\u00a0<script>\n\u00a0\u00a0\u00a0\u00a0\u00a0\u00a0\u00a0\u00a0var _optaParams = {\n\u00a0\u00a0\u00a0\u00a0\u00a0\u00a0\u00a0\u00a0\u00a0\u00a0\u00a0\u00a0custID: \"0ce911759cb7a972c7849a33fa0ba29d\",\n\u00a0\u00a0\u00a0\u00a0\u00a0\u00a0\u00a0\u00a0\u00a0\u00a0\u00a0\u00a0language: \"es_CO\",\n\u00a0\u00a0\u00a0\u00a0\u00a0\u00a0\u00a0\u00a0\u00a0\u00a0\u00a0\u00a0timezone: -3,\n\u00a0\u00a0\u00a0\u00a0\u00a0\u00a0\u00a0\u00a0\u00a0\u00a0\u00a0\u00a0callbacks: [OptaCustomv2AfterInitCallback]\n\u00a0\u00a0\u00a0\u00a0\u00a0\u00a0\u00a0\u00a0};\n\u00a0\u00a0\u00a0\u00a0<\/script><br \/>\n\u00a0\u00a0\u00a0\u00a0<link rel=\"stylesheet\" href=\"https:\/\/s3-eu-west-1.amazonaws.com\/widget.cloud.opta.net\/2.0\/css\/widgets.opta.css\"\n\u00a0\u00a0\u00a0\u00a0\u00a0\u00a0\u00a0\u00a0type=\"text\/css\"><br \/>\n\u00a0\u00a0\u00a0\u00a0<!--[if IE 9]><link rel=\"stylesheet\" type=\"text\/css\" href=\"https:\/\/s3-eu-west-1.amazonaws.com\/widget.cloud.opta.net\/2.0\/css\/ie9.widgets.opta.css\" media=\"screen\"\/><![endif]--><br \/>\n\u00a0\u00a0\u00a0\u00a0<!--[if IE 8]><link rel=\"stylesheet\" type=\"text\/css\" href=\"https:\/\/s3-eu-west-1.amazonaws.com\/widget.cloud.opta.net\/2.0\/css\/ie8.widgets.opta.css\" media=\"screen\"\/><![endif]--><br \/>\n\u00a0\u00a0\u00a0\u00a0<!--[if IE 7]><link rel=\"stylesheet\" type=\"text\/css\" href=\"https:\/\/s3-eu-west-1.amazonaws.com\/widget.cloud.opta.net\/2.0\/css\/ie7.widgets.opta.css\" media=\"screen\"\/><![endif]--><br \/>\n<\/head><br \/>\n<body><br \/>\n<opta-widget widget=\"timeline\" competition=\"420\" season=\"2026\" match=\"2631815\" template=\"normal\" live=\"false\" orientation=\"horizontal\" vertical_timebar_height=\"260\" group_substitutions=\"false\" show_match_header=\"true\" show_score=\"true\" show_crests=\"true\" show_assists=\"all\" show_team_formation=\"true\" show_clock=\"true\" show_period_dividers=\"true\" show_halftime_score=\"false\" show_date=\"true\" date_format=\"dddd D MMMM YYYY\" narrow_date_format=\"DD\/MM\/YY\" show_attendance=\"true\" show_images=\"false\" show_referee=\"true\" show_venue=\"true\" show_cards=\"all\" show_goals=\"true\" show_penalties_missed=\"true\" show_subs=\"true\" show_goals_combined=\"false\" show_shootouts=\"true\" show_competition_name=\"true\" competition_naming=\"full\" team_naming=\"full\" player_naming=\"full\" show_live=\"false\" show_logo=\"true\" show_title=\"true\" breakpoints=\"400, 700\" sport=\"football\"><\/opta-widget><br \/>\n<\/body><br \/>\n<\/html><\/p>\n<p><b>Platense<\/b> recibe a <b>Independiente<\/b> <b>Santa Fe <\/b>de Colombia en el estadio <b>Ciudad de Vicente L\u00f3pez<\/b> por la <b>tercera fecha del grupo E<\/b> de la <b>Copa Libertadores<\/b>. El \u00e1rbitro es el venezolano Alexis Herrera y la transmisi\u00f3n corre por cuenta de <i>Fox Sports<\/i> y <i>Disney + Premium.<\/i><\/p>\n<p>Los primeros minutos mostraron a un local con la iniciativa. Incluso, logr\u00f3 encontrar grietas en el fondo visitante. A los 17, lleg\u00f3 la primera pol\u00e9mica. El \u00e1rbitro expuls\u00f3 a <b>Iv\u00e1n G\u00f3mez <\/b>por un supuesto codazo a <b>Hugo Rodallega<\/b>, pero fue llamado a revisar por el VAR. All\u00ed, detect\u00f3 que en realidad hab\u00eda embestido a su rival con el hombro en la pelea a\u00e9rea por el bal\u00f3n. En consecuencia, la roja fue anulada y fue reemplazada por una amarilla. <\/p>\n<p>El objetivo del conjunto local es repetir el resultado de la jornada anterior tras vencer a <b>Pe\u00f1arol por 2-1<\/b>, mientras que el equipo visitante busca su primera victoria en el torneo despu\u00e9s de caer <b>0-2 ante Corinthians<\/b><i>.<\/i><\/p>\n<p>El <b>club argentino<\/b> ocupa actualmente la <b>segunda posici\u00f3n<\/b> en la tabla con 3 puntos y aspira a sumar para alcanzar el liderazgo del grupo, que ocupa Corinthians con 6. Por su parte, <b>Santa Fe<\/b> se encuentra en el <b>cuarto puesto<\/b> con <b>1 punto<\/b> y debe ganar para mejorar su ubicaci\u00f3n en la competencia. Pe\u00f1arol tambi\u00e9n tiene 1 unidad y se medir\u00e1 con el Timao el jueves.<\/p>\n<p><b>\u201cEl club est\u00e1 creciendo a pasos agigantados desde el ascenso en 2021, hay que seguir elevando esa vara. Ojal\u00e1 podamos sostener en el tiempo que el equipo sea competitivo, estos no son los puntos que quer\u00edamos tener a esta altura. Queremos darle una alegr\u00eda a la gente que lo necesita, sobre todo ganar en casa. Sabemos la importancia que tiene el partido del mi\u00e9rcoles\u201d<\/b>, expres\u00f3 el DT del Calamar Walter Zunino tras la derrota frente a San Lorenzo por el Torneo Apertura argentino.<\/p>\n<p>El elenco de Vicente L\u00f3pez se encuentra en el puesto 11 del certamen local con 16 puntos y se qued\u00f3 sin chances de acceder a los octavos de final, ya que no podr\u00e1 alcanzar al \u00faltimo clasificado, Uni\u00f3n de Santa Fe (20).<\/p>\n<p>El conjunto colombiano, por su parte, marcha en el puesto 8 de la Liga cafetera con 26 puntos en 18 partidos jugados, producto de seis victorias, ocho empates y cuatro encuentros perdidos.<\/p>\n<p>En la pr\u00f3xima fecha de la Copa Libertadores, Platense recibir\u00e1 a Pe\u00f1arol, el jueves 7 de mayo desde las 19. Santa Fe, por su parte, har\u00e1 las veces de local ante Corinthians, el 6\/5.<\/p>\n<p><b>Formaciones:<\/b><\/p>\n<p><opta-widget widget=\"matchday_live\" competition=\"420\" season=\"2026\" match=\"2631815\" template=\"normal\" live=\"false\" orientation=\"horizontal\" side=\"both\" show_match_header=\"true\" show_crests=\"true\" show_pitch_crests=\"false\" show_team_formation=\"true\" show_score=\"true\" show_halftime_score=\"false\" show_competition_name=\"true\" show_date=\"true\" date_format=\"dddd D MMMM YYYY\" narrow_date_format=\"DD\/MM\/YY\" show_referee=\"true\" show_venue=\"true\" show_attendance=\"true\" show_images=\"false\" show_pitch_images=\"false\" show_team_sheets=\"true\" show_event_icons=\"true\" show_player_names=\"true\" show_player_stats=\"true\" show_subs=\"all\" competition_naming=\"full\" team_naming=\"full\" player_naming=\"full\" show_live=\"false\" show_logo=\"true\" show_title=\"true\" breakpoints=\"400, 700\" sport=\"football\"><\/opta-widget><\/p>\n<p><b>TV: <\/b>Fox Sports, Disney + Premium.<\/p>\n<p><b>\u00c1rbitro: <\/b>Alexis Herrera (VEN).<\/p>\n<p><b>VAR:<\/b> Reyes Soto (VEN).<\/p>\n<p><b>LOS GRUPOS DE LA COPA LIBERTADORES<\/b><\/p>\n","protected":false},"excerpt":{"rendered":"<p>\u00a0\u00a0\u00a0\u00a0 \u00a0\u00a0\u00a0\u00a0 \u00a0\u00a0\u00a0\u00a0 \u00a0\u00a0\u00a0\u00a0 \u00a0\u00a0\u00a0\u00a0 \u00a0\u00a0\u00a0\u00a0 \u00a0\u00a0\u00a0\u00a0 \u00a0\u00a0\u00a0\u00a0 \u00a0\u00a0\u00a0\u00a0 \u00a0\u00a0\u00a0\u00a0 Platense recibe a Independiente Santa Fe de Colombia en el estadio Ciudad de Vicente L\u00f3pez por la tercera fecha del grupo E de la Copa Libertadores. El \u00e1rbitro es el venezolano Alexis Herrera y la transmisi\u00f3n corre por cuenta de Fox Sports y Disney +&#8230;<\/p>\n","protected":false},"author":1,"featured_media":0,"comment_status":"open","ping_status":"closed","sticky":false,"template":"","format":"standard","meta":{"_jetpack_memberships_contains_paid_content":false,"footnotes":""},"categories":[30],"tags":[39],"class_list":["post-47413","post","type-post","status-publish","format-standard","hentry","category-argentina","tag-deportes"],"magazineBlocksPostFeaturedMedia":{"thumbnail":false,"medium":false,"medium_large":false,"large":false,"1536x1536":false,"2048x2048":false,"newsmatic-featured":false,"newsmatic-list":false,"newsmatic-thumb":false,"newsmatic-small":false,"newsmatic-grid":false},"magazineBlocksPostAuthor":{"name":"admin","avatar":"https:\/\/secure.gravatar.com\/avatar\/76e419471a2083bc3ceab22a763dbbf9b0c1bd15a6214cf3280e2c2dde4580f9?s=96&d=mm&r=g"},"magazineBlocksPostCommentsNumber":"0","magazineBlocksPostExcerpt":"\u00a0\u00a0\u00a0\u00a0 \u00a0\u00a0\u00a0\u00a0 \u00a0\u00a0\u00a0\u00a0 \u00a0\u00a0\u00a0\u00a0 \u00a0\u00a0\u00a0\u00a0 \u00a0\u00a0\u00a0\u00a0 \u00a0\u00a0\u00a0\u00a0 \u00a0\u00a0\u00a0\u00a0 \u00a0\u00a0\u00a0\u00a0 \u00a0\u00a0\u00a0\u00a0 Platense recibe a Independiente Santa Fe de Colombia en el estadio Ciudad de Vicente L\u00f3pez por la tercera fecha del grupo E de la Copa Libertadores. El \u00e1rbitro es el venezolano Alexis Herrera y la transmisi\u00f3n corre por cuenta de Fox Sports y Disney +...","magazineBlocksPostCategories":["Argentina"],"magazineBlocksPostViewCount":7,"magazineBlocksPostReadTime":3,"magazine_blocks_featured_image_url":{"full":false,"medium":false,"thumbnail":false},"magazine_blocks_author":{"display_name":"admin","author_link":"https:\/\/lobosnews.com.ar\/index.php\/author\/lobos-news\/"},"magazine_blocks_comment":0,"magazine_blocks_author_image":"https:\/\/secure.gravatar.com\/avatar\/76e419471a2083bc3ceab22a763dbbf9b0c1bd15a6214cf3280e2c2dde4580f9?s=96&d=mm&r=g","magazine_blocks_category":"<a href=\"#\" class=\"category-link category-link-30\">Argentina<\/a>","yoast_head":"<!-- This site is optimized with the Yoast SEO plugin v26.6 - https:\/\/yoast.com\/wordpress\/plugins\/seo\/ -->\n<title>Platense recibe a Independiente Santa Fe de Colombia por la Copa Libertadores - Lobos News<\/title>\n<meta name=\"robots\" content=\"index, follow, max-snippet:-1, max-image-preview:large, max-video-preview:-1\" \/>\n<link rel=\"canonical\" href=\"https:\/\/lobosnews.com.ar\/index.php\/2026\/04\/29\/platense-recibe-a-independiente-santa-fe-de-colombia-por-la-copa-libertadores\/\" \/>\n<meta property=\"og:locale\" content=\"es_ES\" \/>\n<meta property=\"og:type\" content=\"article\" \/>\n<meta property=\"og:title\" content=\"Platense recibe a Independiente Santa Fe de Colombia por la Copa Libertadores - Lobos News\" \/>\n<meta property=\"og:description\" content=\"\u00a0\u00a0\u00a0\u00a0 \u00a0\u00a0\u00a0\u00a0 \u00a0\u00a0\u00a0\u00a0 \u00a0\u00a0\u00a0\u00a0 \u00a0\u00a0\u00a0\u00a0 \u00a0\u00a0\u00a0\u00a0 \u00a0\u00a0\u00a0\u00a0 \u00a0\u00a0\u00a0\u00a0 \u00a0\u00a0\u00a0\u00a0 \u00a0\u00a0\u00a0\u00a0 Platense recibe a Independiente Santa Fe de Colombia en el estadio Ciudad de Vicente L\u00f3pez por la tercera fecha del grupo E de la Copa Libertadores. El \u00e1rbitro es el venezolano Alexis Herrera y la transmisi\u00f3n corre por cuenta de Fox Sports y Disney +...\" \/>\n<meta property=\"og:url\" content=\"https:\/\/lobosnews.com.ar\/index.php\/2026\/04\/29\/platense-recibe-a-independiente-santa-fe-de-colombia-por-la-copa-libertadores\/\" \/>\n<meta property=\"og:site_name\" content=\"Lobos News\" \/>\n<meta property=\"article:published_time\" content=\"2026-04-29T22:22:20+00:00\" \/>\n<meta property=\"article:modified_time\" content=\"2026-04-30T02:46:44+00:00\" \/>\n<meta property=\"og:image\" content=\"https:\/\/lobosnews.com.ar\/wp-content\/uploads\/2026\/04\/platense-recibe-a-independiente-santa-fe-de-colombia-por-la-copa-libertadores.jpg\" \/>\n<meta name=\"author\" content=\"admin\" \/>\n<meta name=\"twitter:card\" content=\"summary_large_image\" \/>\n<meta name=\"twitter:label1\" content=\"Escrito por\" \/>\n\t<meta name=\"twitter:data1\" content=\"admin\" \/>\n\t<meta name=\"twitter:label2\" content=\"Tiempo de lectura\" \/>\n\t<meta name=\"twitter:data2\" content=\"2 minutos\" \/>\n<script type=\"application\/ld+json\" class=\"yoast-schema-graph\">{\"@context\":\"https:\/\/schema.org\",\"@graph\":[{\"@type\":\"Article\",\"@id\":\"https:\/\/lobosnews.com.ar\/index.php\/2026\/04\/29\/platense-recibe-a-independiente-santa-fe-de-colombia-por-la-copa-libertadores\/#article\",\"isPartOf\":{\"@id\":\"https:\/\/lobosnews.com.ar\/index.php\/2026\/04\/29\/platense-recibe-a-independiente-santa-fe-de-colombia-por-la-copa-libertadores\/\"},\"author\":{\"name\":\"admin\",\"@id\":\"https:\/\/lobosnews.com.ar\/#\/schema\/person\/232422a593d5c541dd9aef6aaed10943\"},\"headline\":\"Platense recibe a Independiente Santa Fe de Colombia por la Copa Libertadores\",\"datePublished\":\"2026-04-29T22:22:20+00:00\",\"dateModified\":\"2026-04-30T02:46:44+00:00\",\"mainEntityOfPage\":{\"@id\":\"https:\/\/lobosnews.com.ar\/index.php\/2026\/04\/29\/platense-recibe-a-independiente-santa-fe-de-colombia-por-la-copa-libertadores\/\"},\"wordCount\":455,\"commentCount\":0,\"publisher\":{\"@id\":\"https:\/\/lobosnews.com.ar\/#organization\"},\"image\":{\"@id\":\"https:\/\/lobosnews.com.ar\/index.php\/2026\/04\/29\/platense-recibe-a-independiente-santa-fe-de-colombia-por-la-copa-libertadores\/#primaryimage\"},\"thumbnailUrl\":\"https:\/\/lobosnews.com.ar\/wp-content\/uploads\/2026\/04\/platense-recibe-a-independiente-santa-fe-de-colombia-por-la-copa-libertadores.jpg\",\"keywords\":[\"Deportes\"],\"articleSection\":[\"Argentina\"],\"inLanguage\":\"es\",\"potentialAction\":[{\"@type\":\"CommentAction\",\"name\":\"Comment\",\"target\":[\"https:\/\/lobosnews.com.ar\/index.php\/2026\/04\/29\/platense-recibe-a-independiente-santa-fe-de-colombia-por-la-copa-libertadores\/#respond\"]}]},{\"@type\":\"WebPage\",\"@id\":\"https:\/\/lobosnews.com.ar\/index.php\/2026\/04\/29\/platense-recibe-a-independiente-santa-fe-de-colombia-por-la-copa-libertadores\/\",\"url\":\"https:\/\/lobosnews.com.ar\/index.php\/2026\/04\/29\/platense-recibe-a-independiente-santa-fe-de-colombia-por-la-copa-libertadores\/\",\"name\":\"Platense recibe a Independiente Santa Fe de Colombia por la Copa Libertadores - Lobos News\",\"isPartOf\":{\"@id\":\"https:\/\/lobosnews.com.ar\/#website\"},\"primaryImageOfPage\":{\"@id\":\"https:\/\/lobosnews.com.ar\/index.php\/2026\/04\/29\/platense-recibe-a-independiente-santa-fe-de-colombia-por-la-copa-libertadores\/#primaryimage\"},\"image\":{\"@id\":\"https:\/\/lobosnews.com.ar\/index.php\/2026\/04\/29\/platense-recibe-a-independiente-santa-fe-de-colombia-por-la-copa-libertadores\/#primaryimage\"},\"thumbnailUrl\":\"https:\/\/lobosnews.com.ar\/wp-content\/uploads\/2026\/04\/platense-recibe-a-independiente-santa-fe-de-colombia-por-la-copa-libertadores.jpg\",\"datePublished\":\"2026-04-29T22:22:20+00:00\",\"dateModified\":\"2026-04-30T02:46:44+00:00\",\"breadcrumb\":{\"@id\":\"https:\/\/lobosnews.com.ar\/index.php\/2026\/04\/29\/platense-recibe-a-independiente-santa-fe-de-colombia-por-la-copa-libertadores\/#breadcrumb\"},\"inLanguage\":\"es\",\"potentialAction\":[{\"@type\":\"ReadAction\",\"target\":[\"https:\/\/lobosnews.com.ar\/index.php\/2026\/04\/29\/platense-recibe-a-independiente-santa-fe-de-colombia-por-la-copa-libertadores\/\"]}]},{\"@type\":\"ImageObject\",\"inLanguage\":\"es\",\"@id\":\"https:\/\/lobosnews.com.ar\/index.php\/2026\/04\/29\/platense-recibe-a-independiente-santa-fe-de-colombia-por-la-copa-libertadores\/#primaryimage\",\"url\":\"https:\/\/lobosnews.com.ar\/wp-content\/uploads\/2026\/04\/platense-recibe-a-independiente-santa-fe-de-colombia-por-la-copa-libertadores.jpg\",\"contentUrl\":\"https:\/\/lobosnews.com.ar\/wp-content\/uploads\/2026\/04\/platense-recibe-a-independiente-santa-fe-de-colombia-por-la-copa-libertadores.jpg\"},{\"@type\":\"BreadcrumbList\",\"@id\":\"https:\/\/lobosnews.com.ar\/index.php\/2026\/04\/29\/platense-recibe-a-independiente-santa-fe-de-colombia-por-la-copa-libertadores\/#breadcrumb\",\"itemListElement\":[{\"@type\":\"ListItem\",\"position\":1,\"name\":\"Portada\",\"item\":\"https:\/\/lobosnews.com.ar\/\"},{\"@type\":\"ListItem\",\"position\":2,\"name\":\"Platense recibe a Independiente Santa Fe de Colombia por la Copa Libertadores\"}]},{\"@type\":\"WebSite\",\"@id\":\"https:\/\/lobosnews.com.ar\/#website\",\"url\":\"https:\/\/lobosnews.com.ar\/\",\"name\":\"Lobos News\",\"description\":\"Informaci\u00f3n a cada instante\",\"publisher\":{\"@id\":\"https:\/\/lobosnews.com.ar\/#organization\"},\"potentialAction\":[{\"@type\":\"SearchAction\",\"target\":{\"@type\":\"EntryPoint\",\"urlTemplate\":\"https:\/\/lobosnews.com.ar\/?s={search_term_string}\"},\"query-input\":{\"@type\":\"PropertyValueSpecification\",\"valueRequired\":true,\"valueName\":\"search_term_string\"}}],\"inLanguage\":\"es\"},{\"@type\":\"Organization\",\"@id\":\"https:\/\/lobosnews.com.ar\/#organization\",\"name\":\"Lobos News\",\"url\":\"https:\/\/lobosnews.com.ar\/\",\"logo\":{\"@type\":\"ImageObject\",\"inLanguage\":\"es\",\"@id\":\"https:\/\/lobosnews.com.ar\/#\/schema\/logo\/image\/\",\"url\":\"https:\/\/lobosnews.com.ar\/wp-content\/uploads\/2026\/01\/logo-lobosnews.png\",\"contentUrl\":\"https:\/\/lobosnews.com.ar\/wp-content\/uploads\/2026\/01\/logo-lobosnews.png\",\"width\":500,\"height\":200,\"caption\":\"Lobos News\"},\"image\":{\"@id\":\"https:\/\/lobosnews.com.ar\/#\/schema\/logo\/image\/\"}},{\"@type\":\"Person\",\"@id\":\"https:\/\/lobosnews.com.ar\/#\/schema\/person\/232422a593d5c541dd9aef6aaed10943\",\"name\":\"admin\",\"image\":{\"@type\":\"ImageObject\",\"inLanguage\":\"es\",\"@id\":\"https:\/\/lobosnews.com.ar\/#\/schema\/person\/image\/\",\"url\":\"https:\/\/secure.gravatar.com\/avatar\/76e419471a2083bc3ceab22a763dbbf9b0c1bd15a6214cf3280e2c2dde4580f9?s=96&d=mm&r=g\",\"contentUrl\":\"https:\/\/secure.gravatar.com\/avatar\/76e419471a2083bc3ceab22a763dbbf9b0c1bd15a6214cf3280e2c2dde4580f9?s=96&d=mm&r=g\",\"caption\":\"admin\"},\"sameAs\":[\"https:\/\/lobosnews.com.ar\"],\"url\":\"https:\/\/lobosnews.com.ar\/index.php\/author\/lobos-news\/\"}]}<\/script>\n<!-- \/ Yoast SEO plugin. -->","yoast_head_json":{"title":"Platense recibe a Independiente Santa Fe de Colombia por la Copa Libertadores - Lobos News","robots":{"index":"index","follow":"follow","max-snippet":"max-snippet:-1","max-image-preview":"max-image-preview:large","max-video-preview":"max-video-preview:-1"},"canonical":"https:\/\/lobosnews.com.ar\/index.php\/2026\/04\/29\/platense-recibe-a-independiente-santa-fe-de-colombia-por-la-copa-libertadores\/","og_locale":"es_ES","og_type":"article","og_title":"Platense recibe a Independiente Santa Fe de Colombia por la Copa Libertadores - Lobos News","og_description":"\u00a0\u00a0\u00a0\u00a0 \u00a0\u00a0\u00a0\u00a0 \u00a0\u00a0\u00a0\u00a0 \u00a0\u00a0\u00a0\u00a0 \u00a0\u00a0\u00a0\u00a0 \u00a0\u00a0\u00a0\u00a0 \u00a0\u00a0\u00a0\u00a0 \u00a0\u00a0\u00a0\u00a0 \u00a0\u00a0\u00a0\u00a0 \u00a0\u00a0\u00a0\u00a0 Platense recibe a Independiente Santa Fe de Colombia en el estadio Ciudad de Vicente L\u00f3pez por la tercera fecha del grupo E de la Copa Libertadores. El \u00e1rbitro es el venezolano Alexis Herrera y la transmisi\u00f3n corre por cuenta de Fox Sports y Disney +...","og_url":"https:\/\/lobosnews.com.ar\/index.php\/2026\/04\/29\/platense-recibe-a-independiente-santa-fe-de-colombia-por-la-copa-libertadores\/","og_site_name":"Lobos News","article_published_time":"2026-04-29T22:22:20+00:00","article_modified_time":"2026-04-30T02:46:44+00:00","og_image":[{"url":"https:\/\/lobosnews.com.ar\/wp-content\/uploads\/2026\/04\/platense-recibe-a-independiente-santa-fe-de-colombia-por-la-copa-libertadores.jpg","type":"","width":"","height":""}],"author":"admin","twitter_card":"summary_large_image","twitter_misc":{"Escrito por":"admin","Tiempo de lectura":"2 minutos"},"schema":{"@context":"https:\/\/schema.org","@graph":[{"@type":"Article","@id":"https:\/\/lobosnews.com.ar\/index.php\/2026\/04\/29\/platense-recibe-a-independiente-santa-fe-de-colombia-por-la-copa-libertadores\/#article","isPartOf":{"@id":"https:\/\/lobosnews.com.ar\/index.php\/2026\/04\/29\/platense-recibe-a-independiente-santa-fe-de-colombia-por-la-copa-libertadores\/"},"author":{"name":"admin","@id":"https:\/\/lobosnews.com.ar\/#\/schema\/person\/232422a593d5c541dd9aef6aaed10943"},"headline":"Platense recibe a Independiente Santa Fe de Colombia por la Copa Libertadores","datePublished":"2026-04-29T22:22:20+00:00","dateModified":"2026-04-30T02:46:44+00:00","mainEntityOfPage":{"@id":"https:\/\/lobosnews.com.ar\/index.php\/2026\/04\/29\/platense-recibe-a-independiente-santa-fe-de-colombia-por-la-copa-libertadores\/"},"wordCount":455,"commentCount":0,"publisher":{"@id":"https:\/\/lobosnews.com.ar\/#organization"},"image":{"@id":"https:\/\/lobosnews.com.ar\/index.php\/2026\/04\/29\/platense-recibe-a-independiente-santa-fe-de-colombia-por-la-copa-libertadores\/#primaryimage"},"thumbnailUrl":"https:\/\/lobosnews.com.ar\/wp-content\/uploads\/2026\/04\/platense-recibe-a-independiente-santa-fe-de-colombia-por-la-copa-libertadores.jpg","keywords":["Deportes"],"articleSection":["Argentina"],"inLanguage":"es","potentialAction":[{"@type":"CommentAction","name":"Comment","target":["https:\/\/lobosnews.com.ar\/index.php\/2026\/04\/29\/platense-recibe-a-independiente-santa-fe-de-colombia-por-la-copa-libertadores\/#respond"]}]},{"@type":"WebPage","@id":"https:\/\/lobosnews.com.ar\/index.php\/2026\/04\/29\/platense-recibe-a-independiente-santa-fe-de-colombia-por-la-copa-libertadores\/","url":"https:\/\/lobosnews.com.ar\/index.php\/2026\/04\/29\/platense-recibe-a-independiente-santa-fe-de-colombia-por-la-copa-libertadores\/","name":"Platense recibe a Independiente Santa Fe de Colombia por la Copa Libertadores - Lobos News","isPartOf":{"@id":"https:\/\/lobosnews.com.ar\/#website"},"primaryImageOfPage":{"@id":"https:\/\/lobosnews.com.ar\/index.php\/2026\/04\/29\/platense-recibe-a-independiente-santa-fe-de-colombia-por-la-copa-libertadores\/#primaryimage"},"image":{"@id":"https:\/\/lobosnews.com.ar\/index.php\/2026\/04\/29\/platense-recibe-a-independiente-santa-fe-de-colombia-por-la-copa-libertadores\/#primaryimage"},"thumbnailUrl":"https:\/\/lobosnews.com.ar\/wp-content\/uploads\/2026\/04\/platense-recibe-a-independiente-santa-fe-de-colombia-por-la-copa-libertadores.jpg","datePublished":"2026-04-29T22:22:20+00:00","dateModified":"2026-04-30T02:46:44+00:00","breadcrumb":{"@id":"https:\/\/lobosnews.com.ar\/index.php\/2026\/04\/29\/platense-recibe-a-independiente-santa-fe-de-colombia-por-la-copa-libertadores\/#breadcrumb"},"inLanguage":"es","potentialAction":[{"@type":"ReadAction","target":["https:\/\/lobosnews.com.ar\/index.php\/2026\/04\/29\/platense-recibe-a-independiente-santa-fe-de-colombia-por-la-copa-libertadores\/"]}]},{"@type":"ImageObject","inLanguage":"es","@id":"https:\/\/lobosnews.com.ar\/index.php\/2026\/04\/29\/platense-recibe-a-independiente-santa-fe-de-colombia-por-la-copa-libertadores\/#primaryimage","url":"https:\/\/lobosnews.com.ar\/wp-content\/uploads\/2026\/04\/platense-recibe-a-independiente-santa-fe-de-colombia-por-la-copa-libertadores.jpg","contentUrl":"https:\/\/lobosnews.com.ar\/wp-content\/uploads\/2026\/04\/platense-recibe-a-independiente-santa-fe-de-colombia-por-la-copa-libertadores.jpg"},{"@type":"BreadcrumbList","@id":"https:\/\/lobosnews.com.ar\/index.php\/2026\/04\/29\/platense-recibe-a-independiente-santa-fe-de-colombia-por-la-copa-libertadores\/#breadcrumb","itemListElement":[{"@type":"ListItem","position":1,"name":"Portada","item":"https:\/\/lobosnews.com.ar\/"},{"@type":"ListItem","position":2,"name":"Platense recibe a Independiente Santa Fe de Colombia por la Copa Libertadores"}]},{"@type":"WebSite","@id":"https:\/\/lobosnews.com.ar\/#website","url":"https:\/\/lobosnews.com.ar\/","name":"Lobos News","description":"Informaci\u00f3n a cada instante","publisher":{"@id":"https:\/\/lobosnews.com.ar\/#organization"},"potentialAction":[{"@type":"SearchAction","target":{"@type":"EntryPoint","urlTemplate":"https:\/\/lobosnews.com.ar\/?s={search_term_string}"},"query-input":{"@type":"PropertyValueSpecification","valueRequired":true,"valueName":"search_term_string"}}],"inLanguage":"es"},{"@type":"Organization","@id":"https:\/\/lobosnews.com.ar\/#organization","name":"Lobos News","url":"https:\/\/lobosnews.com.ar\/","logo":{"@type":"ImageObject","inLanguage":"es","@id":"https:\/\/lobosnews.com.ar\/#\/schema\/logo\/image\/","url":"https:\/\/lobosnews.com.ar\/wp-content\/uploads\/2026\/01\/logo-lobosnews.png","contentUrl":"https:\/\/lobosnews.com.ar\/wp-content\/uploads\/2026\/01\/logo-lobosnews.png","width":500,"height":200,"caption":"Lobos News"},"image":{"@id":"https:\/\/lobosnews.com.ar\/#\/schema\/logo\/image\/"}},{"@type":"Person","@id":"https:\/\/lobosnews.com.ar\/#\/schema\/person\/232422a593d5c541dd9aef6aaed10943","name":"admin","image":{"@type":"ImageObject","inLanguage":"es","@id":"https:\/\/lobosnews.com.ar\/#\/schema\/person\/image\/","url":"https:\/\/secure.gravatar.com\/avatar\/76e419471a2083bc3ceab22a763dbbf9b0c1bd15a6214cf3280e2c2dde4580f9?s=96&d=mm&r=g","contentUrl":"https:\/\/secure.gravatar.com\/avatar\/76e419471a2083bc3ceab22a763dbbf9b0c1bd15a6214cf3280e2c2dde4580f9?s=96&d=mm&r=g","caption":"admin"},"sameAs":["https:\/\/lobosnews.com.ar"],"url":"https:\/\/lobosnews.com.ar\/index.php\/author\/lobos-news\/"}]}},"jetpack_featured_media_url":"","jetpack_sharing_enabled":true,"_links":{"self":[{"href":"https:\/\/lobosnews.com.ar\/index.php\/wp-json\/wp\/v2\/posts\/47413","targetHints":{"allow":["GET"]}}],"collection":[{"href":"https:\/\/lobosnews.com.ar\/index.php\/wp-json\/wp\/v2\/posts"}],"about":[{"href":"https:\/\/lobosnews.com.ar\/index.php\/wp-json\/wp\/v2\/types\/post"}],"author":[{"embeddable":true,"href":"https:\/\/lobosnews.com.ar\/index.php\/wp-json\/wp\/v2\/users\/1"}],"replies":[{"embeddable":true,"href":"https:\/\/lobosnews.com.ar\/index.php\/wp-json\/wp\/v2\/comments?post=47413"}],"version-history":[{"count":1,"href":"https:\/\/lobosnews.com.ar\/index.php\/wp-json\/wp\/v2\/posts\/47413\/revisions"}],"predecessor-version":[{"id":47415,"href":"https:\/\/lobosnews.com.ar\/index.php\/wp-json\/wp\/v2\/posts\/47413\/revisions\/47415"}],"wp:attachment":[{"href":"https:\/\/lobosnews.com.ar\/index.php\/wp-json\/wp\/v2\/media?parent=47413"}],"wp:term":[{"taxonomy":"category","embeddable":true,"href":"https:\/\/lobosnews.com.ar\/index.php\/wp-json\/wp\/v2\/categories?post=47413"},{"taxonomy":"post_tag","embeddable":true,"href":"https:\/\/lobosnews.com.ar\/index.php\/wp-json\/wp\/v2\/tags?post=47413"}],"curies":[{"name":"wp","href":"https:\/\/api.w.org\/{rel}","templated":true}]}}