{"id":47408,"date":"2026-04-29T22:32:19","date_gmt":"2026-04-29T22:32:19","guid":{"rendered":"https:\/\/lobosnews.com.ar\/index.php\/2026\/04\/29\/los-entretelones-del-encuentro-entre-messi-y-colapinto-como-se-gesto-la-reunion-cumbre-y-de-que-charlaron-2\/"},"modified":"2026-04-30T02:46:51","modified_gmt":"2026-04-30T02:46:51","slug":"los-entretelones-del-encuentro-entre-messi-y-colapinto-como-se-gesto-la-reunion-cumbre-y-de-que-charlaron-2","status":"publish","type":"post","link":"https:\/\/lobosnews.com.ar\/index.php\/2026\/04\/29\/los-entretelones-del-encuentro-entre-messi-y-colapinto-como-se-gesto-la-reunion-cumbre-y-de-que-charlaron-2\/","title":{"rendered":"Los entretelones del encuentro entre Messi y Colapinto: c\u00f3mo se gest\u00f3 la reuni\u00f3n cumbre y de qu\u00e9 charlaron"},"content":{"rendered":"<p><img loading=\"lazy\" decoding=\"async\" src=\"https:\/\/lobosnews.com.ar\/wp-content\/uploads\/2026\/04\/los-entretelones-del-encuentro-entre-messi-y-colapinto-como-se-gesto-la-reunion-cumbre-y-de-que-charlaron.jpg\" alt=\"Leo Messi y Franco Colapinto en el esperado encuentro realizado el martes (Prensa YPF)\" height=\"821\" width=\"738\"\/><\/p>\n<p>Este martes se cumpli\u00f3 un viejo anhelo de<b> Franco Colapinto<\/b>: conocer personalmente a <b>Lionel Messi<\/b>. Si bien el encuentro fue en el marco de una campa\u00f1a promocional, el piloto argentino de <b>Alpine<\/b> en la <b>F\u00f3rmula 1 <\/b>es un gran admirador del mejor futbolista del mundo. Desde hace tiempo que el corredor quer\u00eda conocer al capit\u00e1n de la selecci\u00f3n argentina y varias veces expres\u00f3 su idilio con el crack rosarino. Finalmente, la cumbre se pudo dar y hay una historia detr\u00e1s de esa foto que recorri\u00f3 el mundo. <\/p>\n<p><b>Colapinto<\/b>, de 22 a\u00f1os, es muy respetuoso con los deportistas m\u00e1s all\u00e1 de las distintas disciplinas. El ejemplo m\u00e1s claro fue el 19 de diciembre de 2024 en la entrega de los <span class=\"waslinkname\"><b>Premios Olimpia<\/b>, cuando aplaudi\u00f3 a cada uno de los ternados y premiados<\/span>. Se mostr\u00f3 sorprendido cuando obtuvo la estatuilla de oro, compartida con <b>Emiliano \u201cDibu\u201d Mart\u00ednez<\/b>. Adem\u00e1s, suele practicar otras actividades como entrenamiento f\u00edsico como el ciclismo y el p\u00e1del, que lo llev\u00f3 a ser amigo de <b>Fernando Belastegu\u00edn<\/b>, un astro argentino de ese deporte.<\/p>\n<p>Con Messi, Franco siempre tuvo una devoci\u00f3n en particular debido a su ejemplo de resiliencia, dedicaci\u00f3n y ejemplo por no bajar los brazos. El 18 de diciembre de 2022, el d\u00eda de la \u00e9pica final entre <b>Argentina<\/b> y <b>Francia<\/b>, <b>Colapinto<\/b> se mostr\u00f3 celebrando la obtenci\u00f3n de la tercera estrella para la <i>Albiceleste<\/i>. <\/p>\n<p>Los primeros gui\u00f1os p\u00fablicos fueron 2024, cuando Franco le mand\u00f3 un casco a <b>Messi<\/b> y \u00e9ste le correspondi\u00f3 con una remera de entrenamiento de la <b>Selecci\u00f3n<\/b> que autografi\u00f3. <b>Colapinto<\/b> la luci\u00f3 con orgullo en su \u00fanico triunfo en la <b>F\u00f3rmula 2<\/b>, el 18 de mayo de ese a\u00f1o en<b> Imola<\/b>. Ese d\u00eda tambi\u00e9n gestion\u00f3 con Bizarrap (clave para conseguirle sponsors) el env\u00edo de un casco al futbolista. \u201cLeo, much\u00edsimas gracias por esta camiseta y me trajo much\u00edsima suerte hoy. Esta camiseta la voy a mandar a encuadrar\u201d, cont\u00f3 muy contento el corredor bonaerense. <\/p>\n<p>El padre del piloto, <b>An\u00edbal Colapinto<\/b>, anticip\u00f3 que <span class=\"waslinkname\"><b>Bizarrap los acercar\u00eda<\/b><\/span>, ya que es amigo de ambos. De hecho, el DJ y productor musical le llev\u00f3 a Leo el mencionado casco obsequiado por Franco. <b>\u201cMessi es el n\u00famero 1, \u00bfa qui\u00e9n no le gustar\u00eda juntarse con Messi? Se van a juntar, en alg\u00fan momento se van a juntar. Se van a enterar por ellos\u201d<\/b>, dijo An\u00edbal a fines de septiembre de 2024 en di\u00e1logo con <i>La Naci\u00f3n + <\/i>.<\/p>\n<p>Dos meses m\u00e1s tarde, el competidor pilarense <span class=\"waslinkname\">estren\u00f3 un casco en<b> Qatar <\/b>que fue en homenaje a la Selecci\u00f3n<\/span>, ya que all\u00ed se hab\u00eda dado la conquista del Mundial. El tributo se focaliz\u00f3 en el combinado nacional y <b>sobresalieron los colores celeste y blanco. La imagen de la Copa del Mundo y de Messi se destacaron, junto a las tres estrellas<\/b>. Por aquellos d\u00edas, Franco hab\u00eda terminado su primera temporada en la <b>F\u00f3rmula 3<\/b>, en la que hab\u00eda conseguido dos victorias. Dos semanas m\u00e1s tarde, confirm\u00f3 su ingreso a la academia de <b>Williams<\/b>.<\/p>\n<p>El a\u00f1o pasado, en pleno <b>Mundial de Clubes<\/b>, Leo, que disput\u00f3 ese certamen con el <b>Inter Miami<\/b>, fue sorprendido con un regalo de su compatriota. <span class=\"waslinkname\"><b>Messi recibi\u00f3 en sus manos uno de los cascos que Colapinto<\/b><\/span><b> hab\u00eda utilizado durante su participaci\u00f3n en la F\u00f3rmula 2<\/b>.<\/p>\n<p>La conexi\u00f3n sigui\u00f3 y hasta el propio el entrenador de la selecci\u00f3n argentina, <b>Lionel Scaloni<\/b>, amante del automovilismo, revel\u00f3 en su momento que <span class=\"waslinkname\"><b>hab\u00eda hablado con Mar\u00eda Catarineu (manager de Colapinto) para poder conocer a Franco<\/b><\/span>. Ya no era solo <b>Messi<\/b> el que pod\u00eda llegar a reunirse con el corredor de F1. <\/p>\n<p><img loading=\"lazy\" decoding=\"async\" src=\"https:\/\/lobosnews.com.ar\/wp-content\/uploads\/2026\/04\/los-entretelones-del-encuentro-entre-messi-y-colapinto-como-se-gesto-la-reunion-cumbre-y-de-que-charlaron-2.jpg\" alt=\"Messi con un casco que le regal\u00f3 Colapinto\" height=\"3413\" width=\"1920\"\/><\/p>\n<p>Este a\u00f1o, Franco volvi\u00f3 a mostrar su respet\u00f3 por<b> Messi<\/b> y ,en la previa al <b>Gran Premio de China<\/b>, <span class=\"waslinkname\">durante una recorrida por <b>Shangh\u00e1i<\/b><\/span>, le mostr\u00f3 a unos ciudadanos locales su termo con autoadhesivos de <b>Messi<\/b> y les dijo: \u201c<b>Argentina. Messi, n\u00famero uno. Dios<\/b>\u201d. Ese fin de semana fue especial para el bonaerense, ya que sum\u00f3 su primer punto con <b>Alpine<\/b> al resultar d\u00e9cimo. <\/p>\n<p>Mientras tanto,<b> Infobae<\/b> pudo saber que <b>el contacto entre ambos existe y que han intercambiado mensajes<\/b>, pero debido al respeto que Franco tiene por Leo, no quiso forzar un encuentro, como el propio piloto <span class=\"waslinkname\">reconoci\u00f3 este domingo en el marco del multitudinario road show en Palermo<\/span>. <\/p>\n<p>Este medio, adem\u00e1s, pudo saber que el encuentro empez\u00f3 a gestarse durante el domingo en el mencionado evento, cuando <b>Colapinto <\/b>tuvo algunas conversaciones con representantes de la petrolera estatal. \u00c9l y <b>Messi <\/b>son sus embajadores y, aprovechando una campa\u00f1a promocional de dicha empresa para este fin de semana en Miami, se concret\u00f3 el esperado c\u00f3nclave. <\/p>\n<p>Desde la petrolera se contactaron con <b>Messi<\/b> para ver si exist\u00eda la posibilidad de plasmar la reuni\u00f3n con <b>Colapinto<\/b> y <b>Leo accedi\u00f3 de inmediato<\/b>, porque tambi\u00e9n estaba <b>bastante impresionado por lo que hab\u00eda pasado en Buenos Aires con Franco y la movida que se hab\u00eda armado en torno a \u00e9l<\/b>. <\/p>\n<p><img loading=\"lazy\" decoding=\"async\" src=\"https:\/\/lobosnews.com.ar\/wp-content\/uploads\/2026\/04\/los-entretelones-del-encuentro-entre-messi-y-colapinto-como-se-gesto-la-reunion-cumbre-y-de-que-charlaron-4.jpg\" alt=\"Colapinto muestra los nuevos stickers que personalizan su termo y entre ellos hay uno de Messi (@francolapinto)\" height=\"2560\" width=\"1920\"\/><\/p>\n<p>Cuando lleg\u00f3 a <b>Miami<\/b>, <b>Colapinto<\/b> se encontr\u00f3 con <b>Messi <\/b>en el centro de entrenamiento del <b>Inter Miami<\/b>. Charlaron cerca de media hora de forma muy distendida, sin un temario espec\u00edfico. Hablaron de c\u00f3mo ven\u00eda la carrera en <b>Miami<\/b>, de c\u00f3mo era el circuito y no mucho m\u00e1s. <\/p>\n<p>De momento, no hay previsto un nuevo encuentro, al menos desde la agenda de la petrolera, que no organiz\u00f3 otro encuentro ya sea de <b>Colapinto<\/b> para presenciar el cl\u00e1sico de la Florida entre<b> Inter Miami<\/b> y <b>Orlando City <\/b>o la presencia de <b>Messi<\/b> en el Gran Premio al otro d\u00eda. <b>Infobae <\/b>averigu\u00f3 que <b>Alpine<\/b> tampoco est\u00e1 al tanto de una posible visita del futbolista durante el fin de semana. En caso de darse, ser\u00eda algo organizado entre los propios deportistas. Incluso, es posible que entre Leo y Franco arreglen un encuentro, pero ya completamente de forma personal sin mediar la intervenci\u00f3n de la mencionada empresa de energ\u00eda. <\/p>\n<p>El encuentro de este martes fue en el marco de una campa\u00f1a promocional de la petrolera, donde sus clientes participaron en sorteos y los ganadores tendr\u00e1n acceso a ver a <b>Messi<\/b> y <b>Rodrigo de Paul<\/b> (que tambi\u00e9n representa a la petrolera) en el <b>Inter Miami<\/b>, y luego ver\u00e1n la carrera de F1 con <b>Colapinto<\/b> en el circuito callejero de <b>Miami<\/b>. <\/p>\n<p>Las im\u00e1genes de esas <b>cinco millones de personas <\/b>que salieron a las calles a celebrar el t\u00edtulo de la Selecci\u00f3n el martes 20 de diciembre de 2022 y las m\u00e1s de <b>500 mil<\/b> que estuvieron este domingo en Palermo <span class=\"waslinkname\">en el road show de <b>Franco Colapinto<\/b><\/span>, dan cuenta de c\u00f3mo la pasi\u00f3n popular se encolumna detr\u00e1s de sus \u00eddolos. Ahora, el piloto pudo cumplir un viejo sue\u00f1o, pero tambi\u00e9n hay que destacar la predisposici\u00f3n y gentileza de <b>Lionel Messi<\/b>. Fue la primera reuni\u00f3n entre dos de los m\u00e1ximos representantes argentinos en el deporte. <\/p>\n","protected":false},"excerpt":{"rendered":"<p>Este martes se cumpli\u00f3 un viejo anhelo de Franco Colapinto: conocer personalmente a Lionel Messi. Si bien el encuentro fue en el marco de una campa\u00f1a promocional, el piloto argentino de Alpine en la F\u00f3rmula 1 es un gran admirador del mejor futbolista del mundo. Desde hace tiempo que el corredor quer\u00eda conocer al capit\u00e1n&#8230;<\/p>\n","protected":false},"author":1,"featured_media":0,"comment_status":"open","ping_status":"closed","sticky":false,"template":"","format":"standard","meta":{"_jetpack_memberships_contains_paid_content":false,"footnotes":""},"categories":[30],"tags":[39],"class_list":["post-47408","post","type-post","status-publish","format-standard","hentry","category-argentina","tag-deportes"],"magazineBlocksPostFeaturedMedia":{"thumbnail":false,"medium":false,"medium_large":false,"large":false,"1536x1536":false,"2048x2048":false,"newsmatic-featured":false,"newsmatic-list":false,"newsmatic-thumb":false,"newsmatic-small":false,"newsmatic-grid":false},"magazineBlocksPostAuthor":{"name":"admin","avatar":"https:\/\/secure.gravatar.com\/avatar\/76e419471a2083bc3ceab22a763dbbf9b0c1bd15a6214cf3280e2c2dde4580f9?s=96&d=mm&r=g"},"magazineBlocksPostCommentsNumber":"0","magazineBlocksPostExcerpt":"Este martes se cumpli\u00f3 un viejo anhelo de Franco Colapinto: conocer personalmente a Lionel Messi. Si bien el encuentro fue en el marco de una campa\u00f1a promocional, el piloto argentino de Alpine en la F\u00f3rmula 1 es un gran admirador del mejor futbolista del mundo. Desde hace tiempo que el corredor quer\u00eda conocer al capit\u00e1n...","magazineBlocksPostCategories":["Argentina"],"magazineBlocksPostViewCount":6,"magazineBlocksPostReadTime":6,"magazine_blocks_featured_image_url":{"full":false,"medium":false,"thumbnail":false},"magazine_blocks_author":{"display_name":"admin","author_link":"https:\/\/lobosnews.com.ar\/index.php\/author\/lobos-news\/"},"magazine_blocks_comment":0,"magazine_blocks_author_image":"https:\/\/secure.gravatar.com\/avatar\/76e419471a2083bc3ceab22a763dbbf9b0c1bd15a6214cf3280e2c2dde4580f9?s=96&d=mm&r=g","magazine_blocks_category":"<a href=\"#\" class=\"category-link category-link-30\">Argentina<\/a>","yoast_head":"<!-- This site is optimized with the Yoast SEO plugin v26.6 - https:\/\/yoast.com\/wordpress\/plugins\/seo\/ -->\n<title>Los entretelones del encuentro entre Messi y Colapinto: c\u00f3mo se gest\u00f3 la reuni\u00f3n cumbre y de qu\u00e9 charlaron - Lobos News<\/title>\n<meta name=\"robots\" content=\"index, follow, max-snippet:-1, max-image-preview:large, max-video-preview:-1\" \/>\n<link rel=\"canonical\" href=\"https:\/\/lobosnews.com.ar\/index.php\/2026\/04\/29\/los-entretelones-del-encuentro-entre-messi-y-colapinto-como-se-gesto-la-reunion-cumbre-y-de-que-charlaron-2\/\" \/>\n<meta property=\"og:locale\" content=\"es_ES\" \/>\n<meta property=\"og:type\" content=\"article\" \/>\n<meta property=\"og:title\" content=\"Los entretelones del encuentro entre Messi y Colapinto: c\u00f3mo se gest\u00f3 la reuni\u00f3n cumbre y de qu\u00e9 charlaron - Lobos News\" \/>\n<meta property=\"og:description\" content=\"Este martes se cumpli\u00f3 un viejo anhelo de Franco Colapinto: conocer personalmente a Lionel Messi. Si bien el encuentro fue en el marco de una campa\u00f1a promocional, el piloto argentino de Alpine en la F\u00f3rmula 1 es un gran admirador del mejor futbolista del mundo. Desde hace tiempo que el corredor quer\u00eda conocer al capit\u00e1n...\" \/>\n<meta property=\"og:url\" content=\"https:\/\/lobosnews.com.ar\/index.php\/2026\/04\/29\/los-entretelones-del-encuentro-entre-messi-y-colapinto-como-se-gesto-la-reunion-cumbre-y-de-que-charlaron-2\/\" \/>\n<meta property=\"og:site_name\" content=\"Lobos News\" \/>\n<meta property=\"article:published_time\" content=\"2026-04-29T22:32:19+00:00\" \/>\n<meta property=\"article:modified_time\" content=\"2026-04-30T02:46:51+00:00\" \/>\n<meta property=\"og:image\" content=\"https:\/\/lobosnews.com.ar\/wp-content\/uploads\/2026\/04\/los-entretelones-del-encuentro-entre-messi-y-colapinto-como-se-gesto-la-reunion-cumbre-y-de-que-charlaron.jpg\" \/>\n<meta name=\"author\" content=\"admin\" \/>\n<meta name=\"twitter:card\" content=\"summary_large_image\" \/>\n<meta name=\"twitter:label1\" content=\"Escrito por\" \/>\n\t<meta name=\"twitter:data1\" content=\"admin\" \/>\n\t<meta name=\"twitter:label2\" content=\"Tiempo de lectura\" \/>\n\t<meta name=\"twitter:data2\" content=\"6 minutos\" \/>\n<script type=\"application\/ld+json\" class=\"yoast-schema-graph\">{\"@context\":\"https:\/\/schema.org\",\"@graph\":[{\"@type\":\"Article\",\"@id\":\"https:\/\/lobosnews.com.ar\/index.php\/2026\/04\/29\/los-entretelones-del-encuentro-entre-messi-y-colapinto-como-se-gesto-la-reunion-cumbre-y-de-que-charlaron-2\/#article\",\"isPartOf\":{\"@id\":\"https:\/\/lobosnews.com.ar\/index.php\/2026\/04\/29\/los-entretelones-del-encuentro-entre-messi-y-colapinto-como-se-gesto-la-reunion-cumbre-y-de-que-charlaron-2\/\"},\"author\":{\"name\":\"admin\",\"@id\":\"https:\/\/lobosnews.com.ar\/#\/schema\/person\/232422a593d5c541dd9aef6aaed10943\"},\"headline\":\"Los entretelones del encuentro entre Messi y Colapinto: c\u00f3mo se gest\u00f3 la reuni\u00f3n cumbre y de qu\u00e9 charlaron\",\"datePublished\":\"2026-04-29T22:32:19+00:00\",\"dateModified\":\"2026-04-30T02:46:51+00:00\",\"mainEntityOfPage\":{\"@id\":\"https:\/\/lobosnews.com.ar\/index.php\/2026\/04\/29\/los-entretelones-del-encuentro-entre-messi-y-colapinto-como-se-gesto-la-reunion-cumbre-y-de-que-charlaron-2\/\"},\"wordCount\":1204,\"commentCount\":0,\"publisher\":{\"@id\":\"https:\/\/lobosnews.com.ar\/#organization\"},\"image\":{\"@id\":\"https:\/\/lobosnews.com.ar\/index.php\/2026\/04\/29\/los-entretelones-del-encuentro-entre-messi-y-colapinto-como-se-gesto-la-reunion-cumbre-y-de-que-charlaron-2\/#primaryimage\"},\"thumbnailUrl\":\"https:\/\/lobosnews.com.ar\/wp-content\/uploads\/2026\/04\/los-entretelones-del-encuentro-entre-messi-y-colapinto-como-se-gesto-la-reunion-cumbre-y-de-que-charlaron.jpg\",\"keywords\":[\"Deportes\"],\"articleSection\":[\"Argentina\"],\"inLanguage\":\"es\",\"potentialAction\":[{\"@type\":\"CommentAction\",\"name\":\"Comment\",\"target\":[\"https:\/\/lobosnews.com.ar\/index.php\/2026\/04\/29\/los-entretelones-del-encuentro-entre-messi-y-colapinto-como-se-gesto-la-reunion-cumbre-y-de-que-charlaron-2\/#respond\"]}]},{\"@type\":\"WebPage\",\"@id\":\"https:\/\/lobosnews.com.ar\/index.php\/2026\/04\/29\/los-entretelones-del-encuentro-entre-messi-y-colapinto-como-se-gesto-la-reunion-cumbre-y-de-que-charlaron-2\/\",\"url\":\"https:\/\/lobosnews.com.ar\/index.php\/2026\/04\/29\/los-entretelones-del-encuentro-entre-messi-y-colapinto-como-se-gesto-la-reunion-cumbre-y-de-que-charlaron-2\/\",\"name\":\"Los entretelones del encuentro entre Messi y Colapinto: c\u00f3mo se gest\u00f3 la reuni\u00f3n cumbre y de qu\u00e9 charlaron - Lobos News\",\"isPartOf\":{\"@id\":\"https:\/\/lobosnews.com.ar\/#website\"},\"primaryImageOfPage\":{\"@id\":\"https:\/\/lobosnews.com.ar\/index.php\/2026\/04\/29\/los-entretelones-del-encuentro-entre-messi-y-colapinto-como-se-gesto-la-reunion-cumbre-y-de-que-charlaron-2\/#primaryimage\"},\"image\":{\"@id\":\"https:\/\/lobosnews.com.ar\/index.php\/2026\/04\/29\/los-entretelones-del-encuentro-entre-messi-y-colapinto-como-se-gesto-la-reunion-cumbre-y-de-que-charlaron-2\/#primaryimage\"},\"thumbnailUrl\":\"https:\/\/lobosnews.com.ar\/wp-content\/uploads\/2026\/04\/los-entretelones-del-encuentro-entre-messi-y-colapinto-como-se-gesto-la-reunion-cumbre-y-de-que-charlaron.jpg\",\"datePublished\":\"2026-04-29T22:32:19+00:00\",\"dateModified\":\"2026-04-30T02:46:51+00:00\",\"breadcrumb\":{\"@id\":\"https:\/\/lobosnews.com.ar\/index.php\/2026\/04\/29\/los-entretelones-del-encuentro-entre-messi-y-colapinto-como-se-gesto-la-reunion-cumbre-y-de-que-charlaron-2\/#breadcrumb\"},\"inLanguage\":\"es\",\"potentialAction\":[{\"@type\":\"ReadAction\",\"target\":[\"https:\/\/lobosnews.com.ar\/index.php\/2026\/04\/29\/los-entretelones-del-encuentro-entre-messi-y-colapinto-como-se-gesto-la-reunion-cumbre-y-de-que-charlaron-2\/\"]}]},{\"@type\":\"ImageObject\",\"inLanguage\":\"es\",\"@id\":\"https:\/\/lobosnews.com.ar\/index.php\/2026\/04\/29\/los-entretelones-del-encuentro-entre-messi-y-colapinto-como-se-gesto-la-reunion-cumbre-y-de-que-charlaron-2\/#primaryimage\",\"url\":\"https:\/\/lobosnews.com.ar\/wp-content\/uploads\/2026\/04\/los-entretelones-del-encuentro-entre-messi-y-colapinto-como-se-gesto-la-reunion-cumbre-y-de-que-charlaron.jpg\",\"contentUrl\":\"https:\/\/lobosnews.com.ar\/wp-content\/uploads\/2026\/04\/los-entretelones-del-encuentro-entre-messi-y-colapinto-como-se-gesto-la-reunion-cumbre-y-de-que-charlaron.jpg\"},{\"@type\":\"BreadcrumbList\",\"@id\":\"https:\/\/lobosnews.com.ar\/index.php\/2026\/04\/29\/los-entretelones-del-encuentro-entre-messi-y-colapinto-como-se-gesto-la-reunion-cumbre-y-de-que-charlaron-2\/#breadcrumb\",\"itemListElement\":[{\"@type\":\"ListItem\",\"position\":1,\"name\":\"Portada\",\"item\":\"https:\/\/lobosnews.com.ar\/\"},{\"@type\":\"ListItem\",\"position\":2,\"name\":\"Los entretelones del encuentro entre Messi y Colapinto: c\u00f3mo se gest\u00f3 la reuni\u00f3n cumbre y de qu\u00e9 charlaron\"}]},{\"@type\":\"WebSite\",\"@id\":\"https:\/\/lobosnews.com.ar\/#website\",\"url\":\"https:\/\/lobosnews.com.ar\/\",\"name\":\"Lobos News\",\"description\":\"Informaci\u00f3n a cada instante\",\"publisher\":{\"@id\":\"https:\/\/lobosnews.com.ar\/#organization\"},\"potentialAction\":[{\"@type\":\"SearchAction\",\"target\":{\"@type\":\"EntryPoint\",\"urlTemplate\":\"https:\/\/lobosnews.com.ar\/?s={search_term_string}\"},\"query-input\":{\"@type\":\"PropertyValueSpecification\",\"valueRequired\":true,\"valueName\":\"search_term_string\"}}],\"inLanguage\":\"es\"},{\"@type\":\"Organization\",\"@id\":\"https:\/\/lobosnews.com.ar\/#organization\",\"name\":\"Lobos News\",\"url\":\"https:\/\/lobosnews.com.ar\/\",\"logo\":{\"@type\":\"ImageObject\",\"inLanguage\":\"es\",\"@id\":\"https:\/\/lobosnews.com.ar\/#\/schema\/logo\/image\/\",\"url\":\"https:\/\/lobosnews.com.ar\/wp-content\/uploads\/2026\/01\/logo-lobosnews.png\",\"contentUrl\":\"https:\/\/lobosnews.com.ar\/wp-content\/uploads\/2026\/01\/logo-lobosnews.png\",\"width\":500,\"height\":200,\"caption\":\"Lobos News\"},\"image\":{\"@id\":\"https:\/\/lobosnews.com.ar\/#\/schema\/logo\/image\/\"}},{\"@type\":\"Person\",\"@id\":\"https:\/\/lobosnews.com.ar\/#\/schema\/person\/232422a593d5c541dd9aef6aaed10943\",\"name\":\"admin\",\"image\":{\"@type\":\"ImageObject\",\"inLanguage\":\"es\",\"@id\":\"https:\/\/lobosnews.com.ar\/#\/schema\/person\/image\/\",\"url\":\"https:\/\/secure.gravatar.com\/avatar\/76e419471a2083bc3ceab22a763dbbf9b0c1bd15a6214cf3280e2c2dde4580f9?s=96&d=mm&r=g\",\"contentUrl\":\"https:\/\/secure.gravatar.com\/avatar\/76e419471a2083bc3ceab22a763dbbf9b0c1bd15a6214cf3280e2c2dde4580f9?s=96&d=mm&r=g\",\"caption\":\"admin\"},\"sameAs\":[\"https:\/\/lobosnews.com.ar\"],\"url\":\"https:\/\/lobosnews.com.ar\/index.php\/author\/lobos-news\/\"}]}<\/script>\n<!-- \/ Yoast SEO plugin. -->","yoast_head_json":{"title":"Los entretelones del encuentro entre Messi y Colapinto: c\u00f3mo se gest\u00f3 la reuni\u00f3n cumbre y de qu\u00e9 charlaron - Lobos News","robots":{"index":"index","follow":"follow","max-snippet":"max-snippet:-1","max-image-preview":"max-image-preview:large","max-video-preview":"max-video-preview:-1"},"canonical":"https:\/\/lobosnews.com.ar\/index.php\/2026\/04\/29\/los-entretelones-del-encuentro-entre-messi-y-colapinto-como-se-gesto-la-reunion-cumbre-y-de-que-charlaron-2\/","og_locale":"es_ES","og_type":"article","og_title":"Los entretelones del encuentro entre Messi y Colapinto: c\u00f3mo se gest\u00f3 la reuni\u00f3n cumbre y de qu\u00e9 charlaron - Lobos News","og_description":"Este martes se cumpli\u00f3 un viejo anhelo de Franco Colapinto: conocer personalmente a Lionel Messi. Si bien el encuentro fue en el marco de una campa\u00f1a promocional, el piloto argentino de Alpine en la F\u00f3rmula 1 es un gran admirador del mejor futbolista del mundo. Desde hace tiempo que el corredor quer\u00eda conocer al capit\u00e1n...","og_url":"https:\/\/lobosnews.com.ar\/index.php\/2026\/04\/29\/los-entretelones-del-encuentro-entre-messi-y-colapinto-como-se-gesto-la-reunion-cumbre-y-de-que-charlaron-2\/","og_site_name":"Lobos News","article_published_time":"2026-04-29T22:32:19+00:00","article_modified_time":"2026-04-30T02:46:51+00:00","og_image":[{"url":"https:\/\/lobosnews.com.ar\/wp-content\/uploads\/2026\/04\/los-entretelones-del-encuentro-entre-messi-y-colapinto-como-se-gesto-la-reunion-cumbre-y-de-que-charlaron.jpg","type":"","width":"","height":""}],"author":"admin","twitter_card":"summary_large_image","twitter_misc":{"Escrito por":"admin","Tiempo de lectura":"6 minutos"},"schema":{"@context":"https:\/\/schema.org","@graph":[{"@type":"Article","@id":"https:\/\/lobosnews.com.ar\/index.php\/2026\/04\/29\/los-entretelones-del-encuentro-entre-messi-y-colapinto-como-se-gesto-la-reunion-cumbre-y-de-que-charlaron-2\/#article","isPartOf":{"@id":"https:\/\/lobosnews.com.ar\/index.php\/2026\/04\/29\/los-entretelones-del-encuentro-entre-messi-y-colapinto-como-se-gesto-la-reunion-cumbre-y-de-que-charlaron-2\/"},"author":{"name":"admin","@id":"https:\/\/lobosnews.com.ar\/#\/schema\/person\/232422a593d5c541dd9aef6aaed10943"},"headline":"Los entretelones del encuentro entre Messi y Colapinto: c\u00f3mo se gest\u00f3 la reuni\u00f3n cumbre y de qu\u00e9 charlaron","datePublished":"2026-04-29T22:32:19+00:00","dateModified":"2026-04-30T02:46:51+00:00","mainEntityOfPage":{"@id":"https:\/\/lobosnews.com.ar\/index.php\/2026\/04\/29\/los-entretelones-del-encuentro-entre-messi-y-colapinto-como-se-gesto-la-reunion-cumbre-y-de-que-charlaron-2\/"},"wordCount":1204,"commentCount":0,"publisher":{"@id":"https:\/\/lobosnews.com.ar\/#organization"},"image":{"@id":"https:\/\/lobosnews.com.ar\/index.php\/2026\/04\/29\/los-entretelones-del-encuentro-entre-messi-y-colapinto-como-se-gesto-la-reunion-cumbre-y-de-que-charlaron-2\/#primaryimage"},"thumbnailUrl":"https:\/\/lobosnews.com.ar\/wp-content\/uploads\/2026\/04\/los-entretelones-del-encuentro-entre-messi-y-colapinto-como-se-gesto-la-reunion-cumbre-y-de-que-charlaron.jpg","keywords":["Deportes"],"articleSection":["Argentina"],"inLanguage":"es","potentialAction":[{"@type":"CommentAction","name":"Comment","target":["https:\/\/lobosnews.com.ar\/index.php\/2026\/04\/29\/los-entretelones-del-encuentro-entre-messi-y-colapinto-como-se-gesto-la-reunion-cumbre-y-de-que-charlaron-2\/#respond"]}]},{"@type":"WebPage","@id":"https:\/\/lobosnews.com.ar\/index.php\/2026\/04\/29\/los-entretelones-del-encuentro-entre-messi-y-colapinto-como-se-gesto-la-reunion-cumbre-y-de-que-charlaron-2\/","url":"https:\/\/lobosnews.com.ar\/index.php\/2026\/04\/29\/los-entretelones-del-encuentro-entre-messi-y-colapinto-como-se-gesto-la-reunion-cumbre-y-de-que-charlaron-2\/","name":"Los entretelones del encuentro entre Messi y Colapinto: c\u00f3mo se gest\u00f3 la reuni\u00f3n cumbre y de qu\u00e9 charlaron - Lobos News","isPartOf":{"@id":"https:\/\/lobosnews.com.ar\/#website"},"primaryImageOfPage":{"@id":"https:\/\/lobosnews.com.ar\/index.php\/2026\/04\/29\/los-entretelones-del-encuentro-entre-messi-y-colapinto-como-se-gesto-la-reunion-cumbre-y-de-que-charlaron-2\/#primaryimage"},"image":{"@id":"https:\/\/lobosnews.com.ar\/index.php\/2026\/04\/29\/los-entretelones-del-encuentro-entre-messi-y-colapinto-como-se-gesto-la-reunion-cumbre-y-de-que-charlaron-2\/#primaryimage"},"thumbnailUrl":"https:\/\/lobosnews.com.ar\/wp-content\/uploads\/2026\/04\/los-entretelones-del-encuentro-entre-messi-y-colapinto-como-se-gesto-la-reunion-cumbre-y-de-que-charlaron.jpg","datePublished":"2026-04-29T22:32:19+00:00","dateModified":"2026-04-30T02:46:51+00:00","breadcrumb":{"@id":"https:\/\/lobosnews.com.ar\/index.php\/2026\/04\/29\/los-entretelones-del-encuentro-entre-messi-y-colapinto-como-se-gesto-la-reunion-cumbre-y-de-que-charlaron-2\/#breadcrumb"},"inLanguage":"es","potentialAction":[{"@type":"ReadAction","target":["https:\/\/lobosnews.com.ar\/index.php\/2026\/04\/29\/los-entretelones-del-encuentro-entre-messi-y-colapinto-como-se-gesto-la-reunion-cumbre-y-de-que-charlaron-2\/"]}]},{"@type":"ImageObject","inLanguage":"es","@id":"https:\/\/lobosnews.com.ar\/index.php\/2026\/04\/29\/los-entretelones-del-encuentro-entre-messi-y-colapinto-como-se-gesto-la-reunion-cumbre-y-de-que-charlaron-2\/#primaryimage","url":"https:\/\/lobosnews.com.ar\/wp-content\/uploads\/2026\/04\/los-entretelones-del-encuentro-entre-messi-y-colapinto-como-se-gesto-la-reunion-cumbre-y-de-que-charlaron.jpg","contentUrl":"https:\/\/lobosnews.com.ar\/wp-content\/uploads\/2026\/04\/los-entretelones-del-encuentro-entre-messi-y-colapinto-como-se-gesto-la-reunion-cumbre-y-de-que-charlaron.jpg"},{"@type":"BreadcrumbList","@id":"https:\/\/lobosnews.com.ar\/index.php\/2026\/04\/29\/los-entretelones-del-encuentro-entre-messi-y-colapinto-como-se-gesto-la-reunion-cumbre-y-de-que-charlaron-2\/#breadcrumb","itemListElement":[{"@type":"ListItem","position":1,"name":"Portada","item":"https:\/\/lobosnews.com.ar\/"},{"@type":"ListItem","position":2,"name":"Los entretelones del encuentro entre Messi y Colapinto: c\u00f3mo se gest\u00f3 la reuni\u00f3n cumbre y de qu\u00e9 charlaron"}]},{"@type":"WebSite","@id":"https:\/\/lobosnews.com.ar\/#website","url":"https:\/\/lobosnews.com.ar\/","name":"Lobos News","description":"Informaci\u00f3n a cada instante","publisher":{"@id":"https:\/\/lobosnews.com.ar\/#organization"},"potentialAction":[{"@type":"SearchAction","target":{"@type":"EntryPoint","urlTemplate":"https:\/\/lobosnews.com.ar\/?s={search_term_string}"},"query-input":{"@type":"PropertyValueSpecification","valueRequired":true,"valueName":"search_term_string"}}],"inLanguage":"es"},{"@type":"Organization","@id":"https:\/\/lobosnews.com.ar\/#organization","name":"Lobos News","url":"https:\/\/lobosnews.com.ar\/","logo":{"@type":"ImageObject","inLanguage":"es","@id":"https:\/\/lobosnews.com.ar\/#\/schema\/logo\/image\/","url":"https:\/\/lobosnews.com.ar\/wp-content\/uploads\/2026\/01\/logo-lobosnews.png","contentUrl":"https:\/\/lobosnews.com.ar\/wp-content\/uploads\/2026\/01\/logo-lobosnews.png","width":500,"height":200,"caption":"Lobos News"},"image":{"@id":"https:\/\/lobosnews.com.ar\/#\/schema\/logo\/image\/"}},{"@type":"Person","@id":"https:\/\/lobosnews.com.ar\/#\/schema\/person\/232422a593d5c541dd9aef6aaed10943","name":"admin","image":{"@type":"ImageObject","inLanguage":"es","@id":"https:\/\/lobosnews.com.ar\/#\/schema\/person\/image\/","url":"https:\/\/secure.gravatar.com\/avatar\/76e419471a2083bc3ceab22a763dbbf9b0c1bd15a6214cf3280e2c2dde4580f9?s=96&d=mm&r=g","contentUrl":"https:\/\/secure.gravatar.com\/avatar\/76e419471a2083bc3ceab22a763dbbf9b0c1bd15a6214cf3280e2c2dde4580f9?s=96&d=mm&r=g","caption":"admin"},"sameAs":["https:\/\/lobosnews.com.ar"],"url":"https:\/\/lobosnews.com.ar\/index.php\/author\/lobos-news\/"}]}},"jetpack_featured_media_url":"","jetpack_sharing_enabled":true,"_links":{"self":[{"href":"https:\/\/lobosnews.com.ar\/index.php\/wp-json\/wp\/v2\/posts\/47408","targetHints":{"allow":["GET"]}}],"collection":[{"href":"https:\/\/lobosnews.com.ar\/index.php\/wp-json\/wp\/v2\/posts"}],"about":[{"href":"https:\/\/lobosnews.com.ar\/index.php\/wp-json\/wp\/v2\/types\/post"}],"author":[{"embeddable":true,"href":"https:\/\/lobosnews.com.ar\/index.php\/wp-json\/wp\/v2\/users\/1"}],"replies":[{"embeddable":true,"href":"https:\/\/lobosnews.com.ar\/index.php\/wp-json\/wp\/v2\/comments?post=47408"}],"version-history":[{"count":1,"href":"https:\/\/lobosnews.com.ar\/index.php\/wp-json\/wp\/v2\/posts\/47408\/revisions"}],"predecessor-version":[{"id":47417,"href":"https:\/\/lobosnews.com.ar\/index.php\/wp-json\/wp\/v2\/posts\/47408\/revisions\/47417"}],"wp:attachment":[{"href":"https:\/\/lobosnews.com.ar\/index.php\/wp-json\/wp\/v2\/media?parent=47408"}],"wp:term":[{"taxonomy":"category","embeddable":true,"href":"https:\/\/lobosnews.com.ar\/index.php\/wp-json\/wp\/v2\/categories?post=47408"},{"taxonomy":"post_tag","embeddable":true,"href":"https:\/\/lobosnews.com.ar\/index.php\/wp-json\/wp\/v2\/tags?post=47408"}],"curies":[{"name":"wp","href":"https:\/\/api.w.org\/{rel}","templated":true}]}}