{"id":47385,"date":"2026-04-29T20:21:52","date_gmt":"2026-04-29T20:21:52","guid":{"rendered":"https:\/\/lobosnews.com.ar\/index.php\/2026\/04\/29\/el-no-estaria-orgulloso-de-su-hermana-repercusion-por-los-dichos-de-rita-maradona-en-el-juicio-por-diego\/"},"modified":"2026-04-29T21:14:02","modified_gmt":"2026-04-29T21:14:02","slug":"el-no-estaria-orgulloso-de-su-hermana-repercusion-por-los-dichos-de-rita-maradona-en-el-juicio-por-diego","status":"publish","type":"post","link":"https:\/\/lobosnews.com.ar\/index.php\/2026\/04\/29\/el-no-estaria-orgulloso-de-su-hermana-repercusion-por-los-dichos-de-rita-maradona-en-el-juicio-por-diego\/","title":{"rendered":"\u201c\u00c9l no estar\u00eda orgulloso de su hermana\u201d: repercusi\u00f3n por los dichos de Rita Maradona en el juicio por Diego"},"content":{"rendered":"<p><img fetchpriority=\"high\" decoding=\"async\" src=\"https:\/\/lobosnews.com.ar\/wp-content\/uploads\/2026\/04\/el-no-estaria-orgulloso-de-su-hermana-repercusion-por-los-dichos-de-rita-maradona-en-el-juicio-por-diego.jpg\" alt=\"Rita Maradona, la hermana de Diego Maradona\" height=\"4634\" width=\"6951\"\/><\/p>\n<p>La jornada del martes en el <span class=\"waslinkname\"><b>juicio por la muerte de Maradona<\/b><\/span> dej\u00f3 <b>muchas repercusiones entre la familia del Diez y los imputados de la causa.<\/b> Dentro de lo que m\u00e1s reson\u00f3 estuvo<b> la declaraci\u00f3n de Rita, la hermana mayor de Diego<\/b>, quien dio respuestas escuetas en el interrogatorio de la fiscal\u00eda e hizo afirmaciones que <b>provocaron decepci\u00f3n en sus sobrinas y alivio en los acusados.<\/b><\/p>\n<p>Para entender por qu\u00e9 su testimonio hizo tanto eco, es necesario recordar que el debate oral se centra <b>en determinar qu\u00e9 ocurri\u00f3 entre el 11 y el 25 de noviembre de 2020 <\/b>en la casa de Tigre donde el ex DT estaba pasando una internaci\u00f3n domiciliaria. Esta rehabilitaci\u00f3n se defini\u00f3 tras la operaci\u00f3n de cabeza a la que fue sometido a principios de ese mes.<\/p>\n<p>Las condiciones de esta internaci\u00f3n y la vivienda en la que se iba a montar fue decidida durante <b>una reuni\u00f3n en la Cl\u00ednica Olivos<\/b> en la que la familia de Diego y sus m\u00e9dicos acordaron c\u00f3mo iba a ser su alta del hospital. El encuentro es una pieza clave para la causa ya que es all\u00ed donde se <b>definieron los roles de cada uno de los trabajadores de la salud<\/b> que hoy est\u00e1n acusados de ser reponsables de la muerte de Maradona. <\/p>\n<p><img loading=\"lazy\" decoding=\"async\" src=\"https:\/\/lobosnews.com.ar\/wp-content\/uploads\/2026\/04\/el-no-estaria-orgulloso-de-su-hermana-repercusion-por-los-dichos-de-rita-maradona-en-el-juicio-por-diego-1.jpg\" alt=\"Gianinna Maradona estuvo presente en la declaraci\u00f3n de su t\u00eda\" height=\"4972\" width=\"7458\"\/><\/p>\n<p>De acuerdo a las versiones que se conocieron en estos a\u00f1os, <b>para los hijos del Diez fueron los imputados Leopoldo Luque y Agustina Cosachov<\/b> quienes las convencieron de que su padre fuera a una internaci\u00f3n domiciliaria; mientras que ellos aseguran que<b> fue una decisi\u00f3n familiar.<\/b><\/p>\n<p>Entre los participantes de esa reuni\u00f3n, estaba <b>Rita Maradona, la hermana mayor <\/b>del astro del f\u00fatbol. Sin embargo, en su declaraci\u00f3n del martes, se\u00f1al\u00f3 <b>a las hijas mujeres de Diego <\/b>como las responsables de definir la externaci\u00f3n de su hermano. Es decir: <b>apoy\u00f3 lo que dicen los principales imputados.<\/b><\/p>\n<p><img loading=\"lazy\" decoding=\"async\" src=\"https:\/\/lobosnews.com.ar\/wp-content\/uploads\/2026\/04\/el-no-estaria-orgulloso-de-su-hermana-repercusion-por-los-dichos-de-rita-maradona-en-el-juicio-por-diego-2.jpg\" alt=\"Fernando Burlando asegur\u00f3 que Diego no estar\u00eda orgulloso de su hermana\" height=\"3344\" width=\"5016\"\/><\/p>\n<p><b>\u201cLas chicas nos dijeron que ellas iban a encargarse de eso porque ya eran grandes. En otro momento hab\u00edamos intervenido nosotras en la decisi\u00f3n, en la otra internaci\u00f3n\u201d<\/b>, asegur\u00f3 Rita, deslig\u00e1ndose de cualquier responsabilidad en la decisi\u00f3n.<\/p>\n<p>Adem\u00e1s, aunque defini\u00f3 al neurocirujano <b>Leopoldo Luque<\/b> como el m\u00e9dico de Diego, aclar\u00f3 que sus sobrinas \u201cped\u00edan un cl\u00ednico para la rehabilitaci\u00f3n en Tigre <b>porque \u00e9l no lo era<\/b>\u201d. Es decir, reforz\u00f3 la defensa del acusado que dice que<b> \u00e9l no era responsable del tratamiento de Maradona por esos d\u00edas.<\/b><\/p>\n<p>La repercusi\u00f3n de su declaraci\u00f3n fue inmediata. Al finalizar su testimonio, <b>los defensores de Luque <\/b>resaltaron que sus dichos hab\u00edan sido <b>muy positivos para ellos<\/b> porque corrieron de foco a su cliente, y aseguraron que <b>se iban contentos con la audiencia.<\/b><\/p>\n<p><img loading=\"lazy\" decoding=\"async\" src=\"https:\/\/lobosnews.com.ar\/wp-content\/uploads\/2026\/04\/el-no-estaria-orgulloso-de-su-hermana-repercusion-por-los-dichos-de-rita-maradona-en-el-juicio-por-diego-3.jpg\" alt=\"El imputado Leopoldo Luque\" height=\"3326\" width=\"4989\"\/><\/p>\n<p>En la familia gener\u00f3 la reacci\u00f3n contraria. <b>\u201cDiego no estar\u00eda orgulloso de su hermana con la declaraci\u00f3n de hoy\u201d, <\/b>asegur\u00f3 el abogado Fernando Burlando a <b>Infobae<\/b> tras la jornada.<\/p>\n<p>La decepci\u00f3n se repiti\u00f3 entre los abogados querellantes que representan a los hijos del Diez. Todos coincidieron en que el testimonio de Rita, lejos de apoyar su teor\u00eda del caso, hizo lo contrario.<\/p>\n<p>Su declaraci\u00f3n termin\u00f3 siendo<b> una peque\u00f1a victoria m\u00e1s para los imputados <\/b>y sus defensores, que <b>acumulan alivios <\/b>con el paso de las jornadas y los hacen sentirse confiados con el desarrollo del juicio. Al menos as\u00ed lo expresan abiertamente. <b>\u201cIgual todo puede cambiar\u201d, <\/b>se atajan al mismo tiempo.<\/p>\n","protected":false},"excerpt":{"rendered":"<p>La jornada del martes en el juicio por la muerte de Maradona dej\u00f3 muchas repercusiones entre la familia del Diez y los imputados de la causa. Dentro de lo que m\u00e1s reson\u00f3 estuvo la declaraci\u00f3n de Rita, la hermana mayor de Diego, quien dio respuestas escuetas en el interrogatorio de la fiscal\u00eda e hizo afirmaciones&#8230;<\/p>\n","protected":false},"author":1,"featured_media":47391,"comment_status":"open","ping_status":"closed","sticky":false,"template":"","format":"standard","meta":{"_jetpack_memberships_contains_paid_content":false,"footnotes":""},"categories":[31,30,32,77,84,35,36,37],"tags":[],"class_list":["post-47385","post","type-post","status-publish","format-standard","has-post-thumbnail","hentry","category-actualidad","category-argentina","category-economia","category-inseguridad","category-masradios-com","category-nacionales","category-seguridad","category-sociedad"],"magazineBlocksPostFeaturedMedia":{"thumbnail":"https:\/\/lobosnews.com.ar\/wp-content\/uploads\/2026\/04\/el-no-estaria-orgulloso-de-su-hermana-repercusion-por-los-dichos-de-rita-maradona-en-el-juicio-por-diego-6-150x150.jpg","medium":"https:\/\/lobosnews.com.ar\/wp-content\/uploads\/2026\/04\/el-no-estaria-orgulloso-de-su-hermana-repercusion-por-los-dichos-de-rita-maradona-en-el-juicio-por-diego-6-300x200.jpg","medium_large":"https:\/\/lobosnews.com.ar\/wp-content\/uploads\/2026\/04\/el-no-estaria-orgulloso-de-su-hermana-repercusion-por-los-dichos-de-rita-maradona-en-el-juicio-por-diego-6-768x512.jpg","large":"https:\/\/lobosnews.com.ar\/wp-content\/uploads\/2026\/04\/el-no-estaria-orgulloso-de-su-hermana-repercusion-por-los-dichos-de-rita-maradona-en-el-juicio-por-diego-6-1024x683.jpg","1536x1536":"https:\/\/lobosnews.com.ar\/wp-content\/uploads\/2026\/04\/el-no-estaria-orgulloso-de-su-hermana-repercusion-por-los-dichos-de-rita-maradona-en-el-juicio-por-diego-6-1536x1024.jpg","2048x2048":"https:\/\/lobosnews.com.ar\/wp-content\/uploads\/2026\/04\/el-no-estaria-orgulloso-de-su-hermana-repercusion-por-los-dichos-de-rita-maradona-en-el-juicio-por-diego-6-2048x1365.jpg","newsmatic-featured":"https:\/\/lobosnews.com.ar\/wp-content\/uploads\/2026\/04\/el-no-estaria-orgulloso-de-su-hermana-repercusion-por-los-dichos-de-rita-maradona-en-el-juicio-por-diego-6-820x545.jpg","newsmatic-list":"https:\/\/lobosnews.com.ar\/wp-content\/uploads\/2026\/04\/el-no-estaria-orgulloso-de-su-hermana-repercusion-por-los-dichos-de-rita-maradona-en-el-juicio-por-diego-6-600x400.jpg","newsmatic-thumb":"https:\/\/lobosnews.com.ar\/wp-content\/uploads\/2026\/04\/el-no-estaria-orgulloso-de-su-hermana-repercusion-por-los-dichos-de-rita-maradona-en-el-juicio-por-diego-6-300x200.jpg","newsmatic-small":"https:\/\/lobosnews.com.ar\/wp-content\/uploads\/2026\/04\/el-no-estaria-orgulloso-de-su-hermana-repercusion-por-los-dichos-de-rita-maradona-en-el-juicio-por-diego-6-150x95.jpg","newsmatic-grid":"https:\/\/lobosnews.com.ar\/wp-content\/uploads\/2026\/04\/el-no-estaria-orgulloso-de-su-hermana-repercusion-por-los-dichos-de-rita-maradona-en-el-juicio-por-diego-6-400x250.jpg"},"magazineBlocksPostAuthor":{"name":"admin","avatar":"https:\/\/secure.gravatar.com\/avatar\/76e419471a2083bc3ceab22a763dbbf9b0c1bd15a6214cf3280e2c2dde4580f9?s=96&d=mm&r=g"},"magazineBlocksPostCommentsNumber":"0","magazineBlocksPostExcerpt":"La jornada del martes en el juicio por la muerte de Maradona dej\u00f3 muchas repercusiones entre la familia del Diez y los imputados de la causa. Dentro de lo que m\u00e1s reson\u00f3 estuvo la declaraci\u00f3n de Rita, la hermana mayor de Diego, quien dio respuestas escuetas en el interrogatorio de la fiscal\u00eda e hizo afirmaciones...","magazineBlocksPostCategories":["Actualidad","Argentina","econom\u00eda","inseguridad","masradios.com","nacionales","seguridad","sociedad"],"magazineBlocksPostViewCount":7,"magazineBlocksPostReadTime":3,"magazine_blocks_featured_image_url":{"full":["https:\/\/lobosnews.com.ar\/wp-content\/uploads\/2026\/04\/el-no-estaria-orgulloso-de-su-hermana-repercusion-por-los-dichos-de-rita-maradona-en-el-juicio-por-diego-6-scaled.jpg",2560,1707,false],"medium":["https:\/\/lobosnews.com.ar\/wp-content\/uploads\/2026\/04\/el-no-estaria-orgulloso-de-su-hermana-repercusion-por-los-dichos-de-rita-maradona-en-el-juicio-por-diego-6-300x200.jpg",300,200,true],"thumbnail":["https:\/\/lobosnews.com.ar\/wp-content\/uploads\/2026\/04\/el-no-estaria-orgulloso-de-su-hermana-repercusion-por-los-dichos-de-rita-maradona-en-el-juicio-por-diego-6-150x150.jpg",150,150,true]},"magazine_blocks_author":{"display_name":"admin","author_link":"https:\/\/lobosnews.com.ar\/index.php\/author\/lobos-news\/"},"magazine_blocks_comment":0,"magazine_blocks_author_image":"https:\/\/secure.gravatar.com\/avatar\/76e419471a2083bc3ceab22a763dbbf9b0c1bd15a6214cf3280e2c2dde4580f9?s=96&d=mm&r=g","magazine_blocks_category":"<a href=\"#\" class=\"category-link category-link-31\">Actualidad<\/a> <a href=\"#\" class=\"category-link category-link-30\">Argentina<\/a> <a href=\"#\" class=\"category-link category-link-32\">econom\u00eda<\/a> <a href=\"#\" class=\"category-link category-link-77\">inseguridad<\/a> <a href=\"#\" class=\"category-link category-link-84\">masradios.com<\/a> <a href=\"#\" class=\"category-link category-link-35\">nacionales<\/a> <a href=\"#\" class=\"category-link category-link-36\">seguridad<\/a> <a href=\"#\" class=\"category-link category-link-37\">sociedad<\/a>","yoast_head":"<!-- This site is optimized with the Yoast SEO plugin v26.6 - https:\/\/yoast.com\/wordpress\/plugins\/seo\/ -->\n<title>\u201c\u00c9l no estar\u00eda orgulloso de su hermana\u201d: repercusi\u00f3n por los dichos de Rita Maradona en el juicio por Diego - Lobos News<\/title>\n<meta name=\"robots\" content=\"index, follow, max-snippet:-1, max-image-preview:large, max-video-preview:-1\" \/>\n<link rel=\"canonical\" href=\"https:\/\/lobosnews.com.ar\/index.php\/2026\/04\/29\/el-no-estaria-orgulloso-de-su-hermana-repercusion-por-los-dichos-de-rita-maradona-en-el-juicio-por-diego\/\" \/>\n<meta property=\"og:locale\" content=\"es_ES\" \/>\n<meta property=\"og:type\" content=\"article\" \/>\n<meta property=\"og:title\" content=\"\u201c\u00c9l no estar\u00eda orgulloso de su hermana\u201d: repercusi\u00f3n por los dichos de Rita Maradona en el juicio por Diego - Lobos News\" \/>\n<meta property=\"og:description\" content=\"La jornada del martes en el juicio por la muerte de Maradona dej\u00f3 muchas repercusiones entre la familia del Diez y los imputados de la causa. Dentro de lo que m\u00e1s reson\u00f3 estuvo la declaraci\u00f3n de Rita, la hermana mayor de Diego, quien dio respuestas escuetas en el interrogatorio de la fiscal\u00eda e hizo afirmaciones...\" \/>\n<meta property=\"og:url\" content=\"https:\/\/lobosnews.com.ar\/index.php\/2026\/04\/29\/el-no-estaria-orgulloso-de-su-hermana-repercusion-por-los-dichos-de-rita-maradona-en-el-juicio-por-diego\/\" \/>\n<meta property=\"og:site_name\" content=\"Lobos News\" \/>\n<meta property=\"article:published_time\" content=\"2026-04-29T20:21:52+00:00\" \/>\n<meta property=\"article:modified_time\" content=\"2026-04-29T21:14:02+00:00\" \/>\n<meta property=\"og:image\" content=\"https:\/\/lobosnews.com.ar\/wp-content\/uploads\/2026\/04\/el-no-estaria-orgulloso-de-su-hermana-repercusion-por-los-dichos-de-rita-maradona-en-el-juicio-por-diego.jpg\" \/>\n<meta name=\"author\" content=\"admin\" \/>\n<meta name=\"twitter:card\" content=\"summary_large_image\" \/>\n<meta name=\"twitter:label1\" content=\"Escrito por\" \/>\n\t<meta name=\"twitter:data1\" content=\"admin\" \/>\n\t<meta name=\"twitter:label2\" content=\"Tiempo de lectura\" \/>\n\t<meta name=\"twitter:data2\" content=\"3 minutos\" \/>\n<script type=\"application\/ld+json\" class=\"yoast-schema-graph\">{\"@context\":\"https:\/\/schema.org\",\"@graph\":[{\"@type\":\"Article\",\"@id\":\"https:\/\/lobosnews.com.ar\/index.php\/2026\/04\/29\/el-no-estaria-orgulloso-de-su-hermana-repercusion-por-los-dichos-de-rita-maradona-en-el-juicio-por-diego\/#article\",\"isPartOf\":{\"@id\":\"https:\/\/lobosnews.com.ar\/index.php\/2026\/04\/29\/el-no-estaria-orgulloso-de-su-hermana-repercusion-por-los-dichos-de-rita-maradona-en-el-juicio-por-diego\/\"},\"author\":{\"name\":\"admin\",\"@id\":\"https:\/\/lobosnews.com.ar\/#\/schema\/person\/232422a593d5c541dd9aef6aaed10943\"},\"headline\":\"\u201c\u00c9l no estar\u00eda orgulloso de su hermana\u201d: repercusi\u00f3n por los dichos de Rita Maradona en el juicio por Diego\",\"datePublished\":\"2026-04-29T20:21:52+00:00\",\"dateModified\":\"2026-04-29T21:14:02+00:00\",\"mainEntityOfPage\":{\"@id\":\"https:\/\/lobosnews.com.ar\/index.php\/2026\/04\/29\/el-no-estaria-orgulloso-de-su-hermana-repercusion-por-los-dichos-de-rita-maradona-en-el-juicio-por-diego\/\"},\"wordCount\":606,\"commentCount\":0,\"publisher\":{\"@id\":\"https:\/\/lobosnews.com.ar\/#organization\"},\"image\":{\"@id\":\"https:\/\/lobosnews.com.ar\/index.php\/2026\/04\/29\/el-no-estaria-orgulloso-de-su-hermana-repercusion-por-los-dichos-de-rita-maradona-en-el-juicio-por-diego\/#primaryimage\"},\"thumbnailUrl\":\"https:\/\/lobosnews.com.ar\/wp-content\/uploads\/2026\/04\/el-no-estaria-orgulloso-de-su-hermana-repercusion-por-los-dichos-de-rita-maradona-en-el-juicio-por-diego-6-scaled.jpg\",\"articleSection\":[\"Actualidad\",\"Argentina\",\"econom\u00eda\",\"inseguridad\",\"masradios.com\",\"nacionales\",\"seguridad\",\"sociedad\"],\"inLanguage\":\"es\",\"potentialAction\":[{\"@type\":\"CommentAction\",\"name\":\"Comment\",\"target\":[\"https:\/\/lobosnews.com.ar\/index.php\/2026\/04\/29\/el-no-estaria-orgulloso-de-su-hermana-repercusion-por-los-dichos-de-rita-maradona-en-el-juicio-por-diego\/#respond\"]}]},{\"@type\":\"WebPage\",\"@id\":\"https:\/\/lobosnews.com.ar\/index.php\/2026\/04\/29\/el-no-estaria-orgulloso-de-su-hermana-repercusion-por-los-dichos-de-rita-maradona-en-el-juicio-por-diego\/\",\"url\":\"https:\/\/lobosnews.com.ar\/index.php\/2026\/04\/29\/el-no-estaria-orgulloso-de-su-hermana-repercusion-por-los-dichos-de-rita-maradona-en-el-juicio-por-diego\/\",\"name\":\"\u201c\u00c9l no estar\u00eda orgulloso de su hermana\u201d: repercusi\u00f3n por los dichos de Rita Maradona en el juicio por Diego - Lobos News\",\"isPartOf\":{\"@id\":\"https:\/\/lobosnews.com.ar\/#website\"},\"primaryImageOfPage\":{\"@id\":\"https:\/\/lobosnews.com.ar\/index.php\/2026\/04\/29\/el-no-estaria-orgulloso-de-su-hermana-repercusion-por-los-dichos-de-rita-maradona-en-el-juicio-por-diego\/#primaryimage\"},\"image\":{\"@id\":\"https:\/\/lobosnews.com.ar\/index.php\/2026\/04\/29\/el-no-estaria-orgulloso-de-su-hermana-repercusion-por-los-dichos-de-rita-maradona-en-el-juicio-por-diego\/#primaryimage\"},\"thumbnailUrl\":\"https:\/\/lobosnews.com.ar\/wp-content\/uploads\/2026\/04\/el-no-estaria-orgulloso-de-su-hermana-repercusion-por-los-dichos-de-rita-maradona-en-el-juicio-por-diego-6-scaled.jpg\",\"datePublished\":\"2026-04-29T20:21:52+00:00\",\"dateModified\":\"2026-04-29T21:14:02+00:00\",\"breadcrumb\":{\"@id\":\"https:\/\/lobosnews.com.ar\/index.php\/2026\/04\/29\/el-no-estaria-orgulloso-de-su-hermana-repercusion-por-los-dichos-de-rita-maradona-en-el-juicio-por-diego\/#breadcrumb\"},\"inLanguage\":\"es\",\"potentialAction\":[{\"@type\":\"ReadAction\",\"target\":[\"https:\/\/lobosnews.com.ar\/index.php\/2026\/04\/29\/el-no-estaria-orgulloso-de-su-hermana-repercusion-por-los-dichos-de-rita-maradona-en-el-juicio-por-diego\/\"]}]},{\"@type\":\"ImageObject\",\"inLanguage\":\"es\",\"@id\":\"https:\/\/lobosnews.com.ar\/index.php\/2026\/04\/29\/el-no-estaria-orgulloso-de-su-hermana-repercusion-por-los-dichos-de-rita-maradona-en-el-juicio-por-diego\/#primaryimage\",\"url\":\"https:\/\/lobosnews.com.ar\/wp-content\/uploads\/2026\/04\/el-no-estaria-orgulloso-de-su-hermana-repercusion-por-los-dichos-de-rita-maradona-en-el-juicio-por-diego-6-scaled.jpg\",\"contentUrl\":\"https:\/\/lobosnews.com.ar\/wp-content\/uploads\/2026\/04\/el-no-estaria-orgulloso-de-su-hermana-repercusion-por-los-dichos-de-rita-maradona-en-el-juicio-por-diego-6-scaled.jpg\",\"width\":2560,\"height\":1707,\"caption\":\"\u201c\u00c9l no estar\u00eda orgulloso de su hermana\u201d: repercusi\u00f3n por los dichos de Rita Maradona en el juicio por Diego\"},{\"@type\":\"BreadcrumbList\",\"@id\":\"https:\/\/lobosnews.com.ar\/index.php\/2026\/04\/29\/el-no-estaria-orgulloso-de-su-hermana-repercusion-por-los-dichos-de-rita-maradona-en-el-juicio-por-diego\/#breadcrumb\",\"itemListElement\":[{\"@type\":\"ListItem\",\"position\":1,\"name\":\"Portada\",\"item\":\"https:\/\/lobosnews.com.ar\/\"},{\"@type\":\"ListItem\",\"position\":2,\"name\":\"\u201c\u00c9l no estar\u00eda orgulloso de su hermana\u201d: repercusi\u00f3n por los dichos de Rita Maradona en el juicio por Diego\"}]},{\"@type\":\"WebSite\",\"@id\":\"https:\/\/lobosnews.com.ar\/#website\",\"url\":\"https:\/\/lobosnews.com.ar\/\",\"name\":\"Lobos News\",\"description\":\"Informaci\u00f3n a cada instante\",\"publisher\":{\"@id\":\"https:\/\/lobosnews.com.ar\/#organization\"},\"potentialAction\":[{\"@type\":\"SearchAction\",\"target\":{\"@type\":\"EntryPoint\",\"urlTemplate\":\"https:\/\/lobosnews.com.ar\/?s={search_term_string}\"},\"query-input\":{\"@type\":\"PropertyValueSpecification\",\"valueRequired\":true,\"valueName\":\"search_term_string\"}}],\"inLanguage\":\"es\"},{\"@type\":\"Organization\",\"@id\":\"https:\/\/lobosnews.com.ar\/#organization\",\"name\":\"Lobos News\",\"url\":\"https:\/\/lobosnews.com.ar\/\",\"logo\":{\"@type\":\"ImageObject\",\"inLanguage\":\"es\",\"@id\":\"https:\/\/lobosnews.com.ar\/#\/schema\/logo\/image\/\",\"url\":\"https:\/\/lobosnews.com.ar\/wp-content\/uploads\/2026\/01\/logo-lobosnews.png\",\"contentUrl\":\"https:\/\/lobosnews.com.ar\/wp-content\/uploads\/2026\/01\/logo-lobosnews.png\",\"width\":500,\"height\":200,\"caption\":\"Lobos News\"},\"image\":{\"@id\":\"https:\/\/lobosnews.com.ar\/#\/schema\/logo\/image\/\"}},{\"@type\":\"Person\",\"@id\":\"https:\/\/lobosnews.com.ar\/#\/schema\/person\/232422a593d5c541dd9aef6aaed10943\",\"name\":\"admin\",\"image\":{\"@type\":\"ImageObject\",\"inLanguage\":\"es\",\"@id\":\"https:\/\/lobosnews.com.ar\/#\/schema\/person\/image\/\",\"url\":\"https:\/\/secure.gravatar.com\/avatar\/76e419471a2083bc3ceab22a763dbbf9b0c1bd15a6214cf3280e2c2dde4580f9?s=96&d=mm&r=g\",\"contentUrl\":\"https:\/\/secure.gravatar.com\/avatar\/76e419471a2083bc3ceab22a763dbbf9b0c1bd15a6214cf3280e2c2dde4580f9?s=96&d=mm&r=g\",\"caption\":\"admin\"},\"sameAs\":[\"https:\/\/lobosnews.com.ar\"],\"url\":\"https:\/\/lobosnews.com.ar\/index.php\/author\/lobos-news\/\"}]}<\/script>\n<!-- \/ Yoast SEO plugin. -->","yoast_head_json":{"title":"\u201c\u00c9l no estar\u00eda orgulloso de su hermana\u201d: repercusi\u00f3n por los dichos de Rita Maradona en el juicio por Diego - Lobos News","robots":{"index":"index","follow":"follow","max-snippet":"max-snippet:-1","max-image-preview":"max-image-preview:large","max-video-preview":"max-video-preview:-1"},"canonical":"https:\/\/lobosnews.com.ar\/index.php\/2026\/04\/29\/el-no-estaria-orgulloso-de-su-hermana-repercusion-por-los-dichos-de-rita-maradona-en-el-juicio-por-diego\/","og_locale":"es_ES","og_type":"article","og_title":"\u201c\u00c9l no estar\u00eda orgulloso de su hermana\u201d: repercusi\u00f3n por los dichos de Rita Maradona en el juicio por Diego - Lobos News","og_description":"La jornada del martes en el juicio por la muerte de Maradona dej\u00f3 muchas repercusiones entre la familia del Diez y los imputados de la causa. Dentro de lo que m\u00e1s reson\u00f3 estuvo la declaraci\u00f3n de Rita, la hermana mayor de Diego, quien dio respuestas escuetas en el interrogatorio de la fiscal\u00eda e hizo afirmaciones...","og_url":"https:\/\/lobosnews.com.ar\/index.php\/2026\/04\/29\/el-no-estaria-orgulloso-de-su-hermana-repercusion-por-los-dichos-de-rita-maradona-en-el-juicio-por-diego\/","og_site_name":"Lobos News","article_published_time":"2026-04-29T20:21:52+00:00","article_modified_time":"2026-04-29T21:14:02+00:00","og_image":[{"url":"https:\/\/lobosnews.com.ar\/wp-content\/uploads\/2026\/04\/el-no-estaria-orgulloso-de-su-hermana-repercusion-por-los-dichos-de-rita-maradona-en-el-juicio-por-diego.jpg","type":"","width":"","height":""}],"author":"admin","twitter_card":"summary_large_image","twitter_misc":{"Escrito por":"admin","Tiempo de lectura":"3 minutos"},"schema":{"@context":"https:\/\/schema.org","@graph":[{"@type":"Article","@id":"https:\/\/lobosnews.com.ar\/index.php\/2026\/04\/29\/el-no-estaria-orgulloso-de-su-hermana-repercusion-por-los-dichos-de-rita-maradona-en-el-juicio-por-diego\/#article","isPartOf":{"@id":"https:\/\/lobosnews.com.ar\/index.php\/2026\/04\/29\/el-no-estaria-orgulloso-de-su-hermana-repercusion-por-los-dichos-de-rita-maradona-en-el-juicio-por-diego\/"},"author":{"name":"admin","@id":"https:\/\/lobosnews.com.ar\/#\/schema\/person\/232422a593d5c541dd9aef6aaed10943"},"headline":"\u201c\u00c9l no estar\u00eda orgulloso de su hermana\u201d: repercusi\u00f3n por los dichos de Rita Maradona en el juicio por Diego","datePublished":"2026-04-29T20:21:52+00:00","dateModified":"2026-04-29T21:14:02+00:00","mainEntityOfPage":{"@id":"https:\/\/lobosnews.com.ar\/index.php\/2026\/04\/29\/el-no-estaria-orgulloso-de-su-hermana-repercusion-por-los-dichos-de-rita-maradona-en-el-juicio-por-diego\/"},"wordCount":606,"commentCount":0,"publisher":{"@id":"https:\/\/lobosnews.com.ar\/#organization"},"image":{"@id":"https:\/\/lobosnews.com.ar\/index.php\/2026\/04\/29\/el-no-estaria-orgulloso-de-su-hermana-repercusion-por-los-dichos-de-rita-maradona-en-el-juicio-por-diego\/#primaryimage"},"thumbnailUrl":"https:\/\/lobosnews.com.ar\/wp-content\/uploads\/2026\/04\/el-no-estaria-orgulloso-de-su-hermana-repercusion-por-los-dichos-de-rita-maradona-en-el-juicio-por-diego-6-scaled.jpg","articleSection":["Actualidad","Argentina","econom\u00eda","inseguridad","masradios.com","nacionales","seguridad","sociedad"],"inLanguage":"es","potentialAction":[{"@type":"CommentAction","name":"Comment","target":["https:\/\/lobosnews.com.ar\/index.php\/2026\/04\/29\/el-no-estaria-orgulloso-de-su-hermana-repercusion-por-los-dichos-de-rita-maradona-en-el-juicio-por-diego\/#respond"]}]},{"@type":"WebPage","@id":"https:\/\/lobosnews.com.ar\/index.php\/2026\/04\/29\/el-no-estaria-orgulloso-de-su-hermana-repercusion-por-los-dichos-de-rita-maradona-en-el-juicio-por-diego\/","url":"https:\/\/lobosnews.com.ar\/index.php\/2026\/04\/29\/el-no-estaria-orgulloso-de-su-hermana-repercusion-por-los-dichos-de-rita-maradona-en-el-juicio-por-diego\/","name":"\u201c\u00c9l no estar\u00eda orgulloso de su hermana\u201d: repercusi\u00f3n por los dichos de Rita Maradona en el juicio por Diego - Lobos News","isPartOf":{"@id":"https:\/\/lobosnews.com.ar\/#website"},"primaryImageOfPage":{"@id":"https:\/\/lobosnews.com.ar\/index.php\/2026\/04\/29\/el-no-estaria-orgulloso-de-su-hermana-repercusion-por-los-dichos-de-rita-maradona-en-el-juicio-por-diego\/#primaryimage"},"image":{"@id":"https:\/\/lobosnews.com.ar\/index.php\/2026\/04\/29\/el-no-estaria-orgulloso-de-su-hermana-repercusion-por-los-dichos-de-rita-maradona-en-el-juicio-por-diego\/#primaryimage"},"thumbnailUrl":"https:\/\/lobosnews.com.ar\/wp-content\/uploads\/2026\/04\/el-no-estaria-orgulloso-de-su-hermana-repercusion-por-los-dichos-de-rita-maradona-en-el-juicio-por-diego-6-scaled.jpg","datePublished":"2026-04-29T20:21:52+00:00","dateModified":"2026-04-29T21:14:02+00:00","breadcrumb":{"@id":"https:\/\/lobosnews.com.ar\/index.php\/2026\/04\/29\/el-no-estaria-orgulloso-de-su-hermana-repercusion-por-los-dichos-de-rita-maradona-en-el-juicio-por-diego\/#breadcrumb"},"inLanguage":"es","potentialAction":[{"@type":"ReadAction","target":["https:\/\/lobosnews.com.ar\/index.php\/2026\/04\/29\/el-no-estaria-orgulloso-de-su-hermana-repercusion-por-los-dichos-de-rita-maradona-en-el-juicio-por-diego\/"]}]},{"@type":"ImageObject","inLanguage":"es","@id":"https:\/\/lobosnews.com.ar\/index.php\/2026\/04\/29\/el-no-estaria-orgulloso-de-su-hermana-repercusion-por-los-dichos-de-rita-maradona-en-el-juicio-por-diego\/#primaryimage","url":"https:\/\/lobosnews.com.ar\/wp-content\/uploads\/2026\/04\/el-no-estaria-orgulloso-de-su-hermana-repercusion-por-los-dichos-de-rita-maradona-en-el-juicio-por-diego-6-scaled.jpg","contentUrl":"https:\/\/lobosnews.com.ar\/wp-content\/uploads\/2026\/04\/el-no-estaria-orgulloso-de-su-hermana-repercusion-por-los-dichos-de-rita-maradona-en-el-juicio-por-diego-6-scaled.jpg","width":2560,"height":1707,"caption":"\u201c\u00c9l no estar\u00eda orgulloso de su hermana\u201d: repercusi\u00f3n por los dichos de Rita Maradona en el juicio por Diego"},{"@type":"BreadcrumbList","@id":"https:\/\/lobosnews.com.ar\/index.php\/2026\/04\/29\/el-no-estaria-orgulloso-de-su-hermana-repercusion-por-los-dichos-de-rita-maradona-en-el-juicio-por-diego\/#breadcrumb","itemListElement":[{"@type":"ListItem","position":1,"name":"Portada","item":"https:\/\/lobosnews.com.ar\/"},{"@type":"ListItem","position":2,"name":"\u201c\u00c9l no estar\u00eda orgulloso de su hermana\u201d: repercusi\u00f3n por los dichos de Rita Maradona en el juicio por Diego"}]},{"@type":"WebSite","@id":"https:\/\/lobosnews.com.ar\/#website","url":"https:\/\/lobosnews.com.ar\/","name":"Lobos News","description":"Informaci\u00f3n a cada instante","publisher":{"@id":"https:\/\/lobosnews.com.ar\/#organization"},"potentialAction":[{"@type":"SearchAction","target":{"@type":"EntryPoint","urlTemplate":"https:\/\/lobosnews.com.ar\/?s={search_term_string}"},"query-input":{"@type":"PropertyValueSpecification","valueRequired":true,"valueName":"search_term_string"}}],"inLanguage":"es"},{"@type":"Organization","@id":"https:\/\/lobosnews.com.ar\/#organization","name":"Lobos News","url":"https:\/\/lobosnews.com.ar\/","logo":{"@type":"ImageObject","inLanguage":"es","@id":"https:\/\/lobosnews.com.ar\/#\/schema\/logo\/image\/","url":"https:\/\/lobosnews.com.ar\/wp-content\/uploads\/2026\/01\/logo-lobosnews.png","contentUrl":"https:\/\/lobosnews.com.ar\/wp-content\/uploads\/2026\/01\/logo-lobosnews.png","width":500,"height":200,"caption":"Lobos News"},"image":{"@id":"https:\/\/lobosnews.com.ar\/#\/schema\/logo\/image\/"}},{"@type":"Person","@id":"https:\/\/lobosnews.com.ar\/#\/schema\/person\/232422a593d5c541dd9aef6aaed10943","name":"admin","image":{"@type":"ImageObject","inLanguage":"es","@id":"https:\/\/lobosnews.com.ar\/#\/schema\/person\/image\/","url":"https:\/\/secure.gravatar.com\/avatar\/76e419471a2083bc3ceab22a763dbbf9b0c1bd15a6214cf3280e2c2dde4580f9?s=96&d=mm&r=g","contentUrl":"https:\/\/secure.gravatar.com\/avatar\/76e419471a2083bc3ceab22a763dbbf9b0c1bd15a6214cf3280e2c2dde4580f9?s=96&d=mm&r=g","caption":"admin"},"sameAs":["https:\/\/lobosnews.com.ar"],"url":"https:\/\/lobosnews.com.ar\/index.php\/author\/lobos-news\/"}]}},"jetpack_featured_media_url":"https:\/\/lobosnews.com.ar\/wp-content\/uploads\/2026\/04\/el-no-estaria-orgulloso-de-su-hermana-repercusion-por-los-dichos-de-rita-maradona-en-el-juicio-por-diego-6-scaled.jpg","jetpack_sharing_enabled":true,"_links":{"self":[{"href":"https:\/\/lobosnews.com.ar\/index.php\/wp-json\/wp\/v2\/posts\/47385","targetHints":{"allow":["GET"]}}],"collection":[{"href":"https:\/\/lobosnews.com.ar\/index.php\/wp-json\/wp\/v2\/posts"}],"about":[{"href":"https:\/\/lobosnews.com.ar\/index.php\/wp-json\/wp\/v2\/types\/post"}],"author":[{"embeddable":true,"href":"https:\/\/lobosnews.com.ar\/index.php\/wp-json\/wp\/v2\/users\/1"}],"replies":[{"embeddable":true,"href":"https:\/\/lobosnews.com.ar\/index.php\/wp-json\/wp\/v2\/comments?post=47385"}],"version-history":[{"count":1,"href":"https:\/\/lobosnews.com.ar\/index.php\/wp-json\/wp\/v2\/posts\/47385\/revisions"}],"predecessor-version":[{"id":47390,"href":"https:\/\/lobosnews.com.ar\/index.php\/wp-json\/wp\/v2\/posts\/47385\/revisions\/47390"}],"wp:featuredmedia":[{"embeddable":true,"href":"https:\/\/lobosnews.com.ar\/index.php\/wp-json\/wp\/v2\/media\/47391"}],"wp:attachment":[{"href":"https:\/\/lobosnews.com.ar\/index.php\/wp-json\/wp\/v2\/media?parent=47385"}],"wp:term":[{"taxonomy":"category","embeddable":true,"href":"https:\/\/lobosnews.com.ar\/index.php\/wp-json\/wp\/v2\/categories?post=47385"},{"taxonomy":"post_tag","embeddable":true,"href":"https:\/\/lobosnews.com.ar\/index.php\/wp-json\/wp\/v2\/tags?post=47385"}],"curies":[{"name":"wp","href":"https:\/\/api.w.org\/{rel}","templated":true}]}}