{"id":47338,"date":"2026-04-29T18:21:41","date_gmt":"2026-04-29T18:21:41","guid":{"rendered":"https:\/\/lobosnews.com.ar\/index.php\/2026\/04\/29\/pipo-pescador-agradecio-los-saludos-por-su-cumpleanos-con-un-mensaje-desde-alemania-mis-flamantes-80\/"},"modified":"2026-04-29T21:02:45","modified_gmt":"2026-04-29T21:02:45","slug":"pipo-pescador-agradecio-los-saludos-por-su-cumpleanos-con-un-mensaje-desde-alemania-mis-flamantes-80","status":"publish","type":"post","link":"https:\/\/lobosnews.com.ar\/index.php\/2026\/04\/29\/pipo-pescador-agradecio-los-saludos-por-su-cumpleanos-con-un-mensaje-desde-alemania-mis-flamantes-80\/","title":{"rendered":"Pipo Pescador agradeci\u00f3 los saludos por su cumplea\u00f1os con un mensaje desde Alemania: \u201cMis flamantes 80\u201d"},"content":{"rendered":"<p>El cantautor, conductor de tev\u00e9 y escritor argentino <span class=\"waslinkname\"><b>Pipo Pescador<\/b><\/span>, figura emblem\u00e1tica de la m\u00fasica y la literatura infantil, celebr\u00f3 sus <b>80 a\u00f1os<\/b> con un mensaje especial desde Alemania, donde reside. En un video difundido en redes, <b>Enrique Fischer<\/b> \u2014su nombre real\u2014 agradeci\u00f3 afectuosamente los saludos recibidos y transmiti\u00f3 palabras de cari\u00f1o a sus seguidores.<\/p>\n<p>Pipo Pescador, comparti\u00f3 el mensaje desde la ciudad de Mosbach, estado de Baden-Wurtemberg, donde el aniversario lo encontr\u00f3 de paseo. El artista apareci\u00f3 impecable: sonriente, con sombrero y gafas de sol en el mensaje grabado. <b>\u201cMuy buenos d\u00edas. Quiero agradecer a todos los que se acordaron de mi cumplea\u00f1os, de mis flamantes ochenta a\u00f1os y mandarles un abrazo. Estoy aqu\u00ed en la patria vieja, en una ciudad que se llama Mosbach, que es preciosa, como ven atr\u00e1s, con todas las casitas llenas de esas l\u00edneas de colores que a m\u00ed me encantan. Y desde aqu\u00ed les reitero mi cari\u00f1o para todos. Chau\u201d<\/b>, expres\u00f3 Fischer. <\/p>\n<p><img loading=\"lazy\" decoding=\"async\" src=\"https:\/\/lobosnews.com.ar\/wp-content\/uploads\/2026\/04\/pipo-pescador-agradecio-los-saludos-por-su-cumpleanos-con-un-mensaje-desde-alemania-mis-flamantes-80.jpg\" alt=\"Pipo Pescador con su inseparable acorde\u00f3n\" height=\"1080\" width=\"1920\"\/><\/p>\n<h2>Una carrera llena de \u00e9xitos<\/h2>\n<p><b>Enrique Fischer<\/b>, nacido el 29 de abril de 1946 en <b>Gualeguaych\u00fa, Entre R\u00edos<\/b>, inici\u00f3 su trayectoria art\u00edstica a los diecisiete a\u00f1os, cuando se traslad\u00f3 a La Plata y comenz\u00f3 a animar fiestas y actividades infantiles, descubriendo as\u00ed su vocaci\u00f3n. <span class=\"waslinkname\">En 1972 debut\u00f3 profesionalmente en el auditorio R\u00edo de la Plata<\/span> e inmediatamente se consolid\u00f3 como pionero del g\u00e9nero infantil en Argentina y Espa\u00f1a.<\/p>\n<p>Ese mismo a\u00f1o, eligi\u00f3 el nombre art\u00edstico \u201cPipo Pescador\u201d, traduci\u00e9ndolo del significado de su apellido. Y tuvo un gran \u00e9xito en televisi\u00f3n con sus programas <i>Pipo \u201972 <\/i>y <i>Piedra Libre, <\/i>con su acorde\u00f3n a cuestas y lookeado siempre con boina.<i> <\/i>Al a\u00f1o siguiente, protagoniz\u00f3 la pel\u00edcula \u201cLuces de mis zapatos\u201d, dirigida por Luis Puenzo, que afianz\u00f3 su liderazgo en el rubro infantil.<\/p>\n<p>La carrera de Fischer gan\u00f3 proyecci\u00f3n internacional gracias a la difusi\u00f3n de sus canciones por el tr\u00edo espa\u00f1ol de payasos Gaby, Fof\u00f3 y Miliki, quienes popularizaron \u201cEl auto de pap\u00e1\u201d dentro del <b>cancionero tradicional<\/b>. Durante la \u00faltima dictadura militar argentina, Fischer se exili\u00f3 durante un tiempo y luego regres\u00f3 al pa\u00eds con la restauraci\u00f3n democr\u00e1tica.<\/p>\n<p>Sus aportes a la literatura infantil incluyen el libro \u201cMar\u00eda Caracolito\u201d, dedicado a una ni\u00f1a con S\u00edndrome de Down, obra reconocida con el auspicio de la UNESCO. Fischer tambi\u00e9n fue distinguido como Hijo Ilustre de Gualeguaych\u00fa y Personalidad destacada de la Cultura porte\u00f1a. Entre otros galardones, obtuvo el Diploma al M\u00e9rito de los <b>Premios Konex<\/b> (1981 y 1991), el Santa Clara de As\u00eds (2001), el Carlos Gardel (2002) y el ACE (1998).<\/p>\n<p><img loading=\"lazy\" decoding=\"async\" src=\"https:\/\/lobosnews.com.ar\/wp-content\/uploads\/2026\/04\/pipo-pescador-agradecio-los-saludos-por-su-cumpleanos-con-un-mensaje-desde-alemania-mis-flamantes-80-1.jpg\" alt=\"Pipo Pescador junto a Las Trillizas de Oro\" height=\"1376\" width=\"1920\"\/><\/p>\n<h2>Legado en la m\u00fasica y literatura infantil<\/h2>\n<p>La producci\u00f3n art\u00edstica de <b>Pipo Pescador<\/b> es un pilar del repertorio infantil hispanohablante. Canciones como la mencionada \u201cEl auto de pap\u00e1\u201d o \u201cLa canci\u00f3n del eco\u201d forman parte esencial de la memoria musical de varias generaciones y contin\u00faan presentes en celebraciones y juegos.<\/p>\n<p>Fischer tambi\u00e9n desarroll\u00f3 una faceta destacada como escritor y <b>director teatral<\/b>, abordando tem\u00e1ticas de inclusi\u00f3n y sensibilidad social. Entre sus obras figuran \u201cCasa sin ventanas\u201d, sobre la infancia y el autismo, \u201cLa campana bajo el agua\u201d, sobre ni\u00f1os sordos, y \u201cMar\u00eda Caracolito\u201d, que celebra la diversidad. Entre 2012 y 2015 explor\u00f3 nuevos lenguajes con \u201cTangos desaforados\u201d, espect\u00e1culos para p\u00fablico adulto presentados en Buenos Aires.<\/p>\n<p>La relaci\u00f3n de Fischer con el acorde\u00f3n fue determinante en su vida art\u00edstica, aunque trajo consigo secuelas f\u00edsicas tras d\u00e9cadas de actuaciones. Sin embargo, expres\u00f3: \u201cLa artrosis en el hombro y la leve inclinaci\u00f3n me acompa\u00f1ar\u00e1n el resto de mi vida\u201d. Aun as\u00ed, asegur\u00f3 que si pudiera elegir, optar\u00eda por volver a tocar el instrumento\u00bb.<\/p>\n<p>A lo largo de su carrera, Fischer preserv\u00f3 cerca de <b>cinco mil cartas<\/b> de ni\u00f1os y todav\u00eda recibe mensajes de adultos que crecieron con sus canciones y valoran su legado.<\/p>\n<p><img loading=\"lazy\" decoding=\"async\" src=\"https:\/\/lobosnews.com.ar\/wp-content\/uploads\/2026\/04\/pipo-pescador-agradecio-los-saludos-por-su-cumpleanos-con-un-mensaje-desde-alemania-mis-flamantes-80-2.jpg\" alt=\"Pipo Pescador en su cumplea\u00f1os desde Alemania (Instagram)\" height=\"1394\" width=\"900\"\/><\/p>\n<h2>Vida en Alemania y reflexiones sobre el retiro<\/h2>\n<p>Desde <b>2015<\/b>, <b>Enrique Fischer<\/b> reside en <b>Eberbach, Alemania<\/b>, junto a su hija Carmela y su familia. All\u00ed encontr\u00f3 el anonimato y la tranquilidad que anhelaba tras a\u00f1os de exposici\u00f3n p\u00fablica.<\/p>\n<p>Seg\u00fan relat\u00f3, Fischer enfatiz\u00f3 que la vida en Eberbach le brinda seguridad y permite reconfigurar su identidad fuera de la figura medi\u00e1tica. Vive como un ciudadano com\u00fan en una peque\u00f1a calle con solo ocho casas, disfrutando de la calma y la cercan\u00eda con su familia.<\/p>\n<p>Su retiro progresivo se consolid\u00f3 tras su \u00faltimo trabajo en teatro infantil en 2010, aunque continu\u00f3 participando en actividades musicales y recitales en Alemania. El artista subray\u00f3 el desaf\u00edo de separar a \u201cPipo Pescador\u201d del Enrique personal, y reconoci\u00f3 que tard\u00f3 mucho en comprender que el valor propio no depend\u00eda de la fama o la audiencia.<\/p>\n<p>Inspirado constantemente por la ni\u00f1ez, Fischer defiende la esperanza de un mundo mejor depositada en los ni\u00f1os actuales. A trav\u00e9s de la m\u00fasica, los libros y el teatro, Pipo Pescador confi\u00f3 en el poder de la infancia para crear una sociedad en la que merezca la pena vivir con felicidad y dignidad.<\/p>\n","protected":false},"excerpt":{"rendered":"<p>El cantautor, conductor de tev\u00e9 y escritor argentino Pipo Pescador, figura emblem\u00e1tica de la m\u00fasica y la literatura infantil, celebr\u00f3 sus 80 a\u00f1os con un mensaje especial desde Alemania, donde reside. En un video difundido en redes, Enrique Fischer \u2014su nombre real\u2014 agradeci\u00f3 afectuosamente los saludos recibidos y transmiti\u00f3 palabras de cari\u00f1o a sus seguidores&#8230;.<\/p>\n","protected":false},"author":1,"featured_media":47343,"comment_status":"open","ping_status":"closed","sticky":false,"template":"","format":"standard","meta":{"_jetpack_memberships_contains_paid_content":false,"footnotes":""},"categories":[79],"tags":[],"class_list":["post-47338","post","type-post","status-publish","format-standard","has-post-thumbnail","hentry","category-cine-y-series"],"magazineBlocksPostFeaturedMedia":{"thumbnail":"https:\/\/lobosnews.com.ar\/wp-content\/uploads\/2026\/04\/pipo-pescador-agradecio-los-saludos-por-su-cumpleanos-con-un-mensaje-desde-alemania-mis-flamantes-80-4-150x150.jpg","medium":"https:\/\/lobosnews.com.ar\/wp-content\/uploads\/2026\/04\/pipo-pescador-agradecio-los-saludos-por-su-cumpleanos-con-un-mensaje-desde-alemania-mis-flamantes-80-4-194x300.jpg","medium_large":"https:\/\/lobosnews.com.ar\/wp-content\/uploads\/2026\/04\/pipo-pescador-agradecio-los-saludos-por-su-cumpleanos-con-un-mensaje-desde-alemania-mis-flamantes-80-4-768x1190.jpg","large":"https:\/\/lobosnews.com.ar\/wp-content\/uploads\/2026\/04\/pipo-pescador-agradecio-los-saludos-por-su-cumpleanos-con-un-mensaje-desde-alemania-mis-flamantes-80-4-661x1024.jpg","1536x1536":"https:\/\/lobosnews.com.ar\/wp-content\/uploads\/2026\/04\/pipo-pescador-agradecio-los-saludos-por-su-cumpleanos-con-un-mensaje-desde-alemania-mis-flamantes-80-4.jpg","2048x2048":"https:\/\/lobosnews.com.ar\/wp-content\/uploads\/2026\/04\/pipo-pescador-agradecio-los-saludos-por-su-cumpleanos-con-un-mensaje-desde-alemania-mis-flamantes-80-4.jpg","newsmatic-featured":"https:\/\/lobosnews.com.ar\/wp-content\/uploads\/2026\/04\/pipo-pescador-agradecio-los-saludos-por-su-cumpleanos-con-un-mensaje-desde-alemania-mis-flamantes-80-4-820x545.jpg","newsmatic-list":"https:\/\/lobosnews.com.ar\/wp-content\/uploads\/2026\/04\/pipo-pescador-agradecio-los-saludos-por-su-cumpleanos-con-un-mensaje-desde-alemania-mis-flamantes-80-4-600x400.jpg","newsmatic-thumb":"https:\/\/lobosnews.com.ar\/wp-content\/uploads\/2026\/04\/pipo-pescador-agradecio-los-saludos-por-su-cumpleanos-con-un-mensaje-desde-alemania-mis-flamantes-80-4-300x200.jpg","newsmatic-small":"https:\/\/lobosnews.com.ar\/wp-content\/uploads\/2026\/04\/pipo-pescador-agradecio-los-saludos-por-su-cumpleanos-con-un-mensaje-desde-alemania-mis-flamantes-80-4-150x95.jpg","newsmatic-grid":"https:\/\/lobosnews.com.ar\/wp-content\/uploads\/2026\/04\/pipo-pescador-agradecio-los-saludos-por-su-cumpleanos-con-un-mensaje-desde-alemania-mis-flamantes-80-4-400x250.jpg"},"magazineBlocksPostAuthor":{"name":"admin","avatar":"https:\/\/secure.gravatar.com\/avatar\/76e419471a2083bc3ceab22a763dbbf9b0c1bd15a6214cf3280e2c2dde4580f9?s=96&d=mm&r=g"},"magazineBlocksPostCommentsNumber":"0","magazineBlocksPostExcerpt":"El cantautor, conductor de tev\u00e9 y escritor argentino Pipo Pescador, figura emblem\u00e1tica de la m\u00fasica y la literatura infantil, celebr\u00f3 sus 80 a\u00f1os con un mensaje especial desde Alemania, donde reside. En un video difundido en redes, Enrique Fischer \u2014su nombre real\u2014 agradeci\u00f3 afectuosamente los saludos recibidos y transmiti\u00f3 palabras de cari\u00f1o a sus seguidores....","magazineBlocksPostCategories":["Cine y Series"],"magazineBlocksPostViewCount":11,"magazineBlocksPostReadTime":5,"magazine_blocks_featured_image_url":{"full":["https:\/\/lobosnews.com.ar\/wp-content\/uploads\/2026\/04\/pipo-pescador-agradecio-los-saludos-por-su-cumpleanos-con-un-mensaje-desde-alemania-mis-flamantes-80-4.jpg",900,1394,false],"medium":["https:\/\/lobosnews.com.ar\/wp-content\/uploads\/2026\/04\/pipo-pescador-agradecio-los-saludos-por-su-cumpleanos-con-un-mensaje-desde-alemania-mis-flamantes-80-4-194x300.jpg",194,300,true],"thumbnail":["https:\/\/lobosnews.com.ar\/wp-content\/uploads\/2026\/04\/pipo-pescador-agradecio-los-saludos-por-su-cumpleanos-con-un-mensaje-desde-alemania-mis-flamantes-80-4-150x150.jpg",150,150,true]},"magazine_blocks_author":{"display_name":"admin","author_link":"https:\/\/lobosnews.com.ar\/index.php\/author\/lobos-news\/"},"magazine_blocks_comment":0,"magazine_blocks_author_image":"https:\/\/secure.gravatar.com\/avatar\/76e419471a2083bc3ceab22a763dbbf9b0c1bd15a6214cf3280e2c2dde4580f9?s=96&d=mm&r=g","magazine_blocks_category":"<a href=\"#\" class=\"category-link category-link-79\">Cine y Series<\/a>","yoast_head":"<!-- This site is optimized with the Yoast SEO plugin v26.6 - https:\/\/yoast.com\/wordpress\/plugins\/seo\/ -->\n<title>Pipo Pescador agradeci\u00f3 los saludos por su cumplea\u00f1os con un mensaje desde Alemania: \u201cMis flamantes 80\u201d - Lobos News<\/title>\n<meta name=\"robots\" content=\"index, follow, max-snippet:-1, max-image-preview:large, max-video-preview:-1\" \/>\n<link rel=\"canonical\" href=\"https:\/\/lobosnews.com.ar\/index.php\/2026\/04\/29\/pipo-pescador-agradecio-los-saludos-por-su-cumpleanos-con-un-mensaje-desde-alemania-mis-flamantes-80\/\" \/>\n<meta property=\"og:locale\" content=\"es_ES\" \/>\n<meta property=\"og:type\" content=\"article\" \/>\n<meta property=\"og:title\" content=\"Pipo Pescador agradeci\u00f3 los saludos por su cumplea\u00f1os con un mensaje desde Alemania: \u201cMis flamantes 80\u201d - Lobos News\" \/>\n<meta property=\"og:description\" content=\"El cantautor, conductor de tev\u00e9 y escritor argentino Pipo Pescador, figura emblem\u00e1tica de la m\u00fasica y la literatura infantil, celebr\u00f3 sus 80 a\u00f1os con un mensaje especial desde Alemania, donde reside. En un video difundido en redes, Enrique Fischer \u2014su nombre real\u2014 agradeci\u00f3 afectuosamente los saludos recibidos y transmiti\u00f3 palabras de cari\u00f1o a sus seguidores....\" \/>\n<meta property=\"og:url\" content=\"https:\/\/lobosnews.com.ar\/index.php\/2026\/04\/29\/pipo-pescador-agradecio-los-saludos-por-su-cumpleanos-con-un-mensaje-desde-alemania-mis-flamantes-80\/\" \/>\n<meta property=\"og:site_name\" content=\"Lobos News\" \/>\n<meta property=\"article:published_time\" content=\"2026-04-29T18:21:41+00:00\" \/>\n<meta property=\"article:modified_time\" content=\"2026-04-29T21:02:45+00:00\" \/>\n<meta property=\"og:image\" content=\"https:\/\/lobosnews.com.ar\/wp-content\/uploads\/2026\/04\/pipo-pescador-agradecio-los-saludos-por-su-cumpleanos-con-un-mensaje-desde-alemania-mis-flamantes-80.jpg\" \/>\n<meta name=\"author\" content=\"admin\" \/>\n<meta name=\"twitter:card\" content=\"summary_large_image\" \/>\n<meta name=\"twitter:label1\" content=\"Escrito por\" \/>\n\t<meta name=\"twitter:data1\" content=\"admin\" \/>\n\t<meta name=\"twitter:label2\" content=\"Tiempo de lectura\" \/>\n\t<meta name=\"twitter:data2\" content=\"4 minutos\" \/>\n<script type=\"application\/ld+json\" class=\"yoast-schema-graph\">{\"@context\":\"https:\/\/schema.org\",\"@graph\":[{\"@type\":\"Article\",\"@id\":\"https:\/\/lobosnews.com.ar\/index.php\/2026\/04\/29\/pipo-pescador-agradecio-los-saludos-por-su-cumpleanos-con-un-mensaje-desde-alemania-mis-flamantes-80\/#article\",\"isPartOf\":{\"@id\":\"https:\/\/lobosnews.com.ar\/index.php\/2026\/04\/29\/pipo-pescador-agradecio-los-saludos-por-su-cumpleanos-con-un-mensaje-desde-alemania-mis-flamantes-80\/\"},\"author\":{\"name\":\"admin\",\"@id\":\"https:\/\/lobosnews.com.ar\/#\/schema\/person\/232422a593d5c541dd9aef6aaed10943\"},\"headline\":\"Pipo Pescador agradeci\u00f3 los saludos por su cumplea\u00f1os con un mensaje desde Alemania: \u201cMis flamantes 80\u201d\",\"datePublished\":\"2026-04-29T18:21:41+00:00\",\"dateModified\":\"2026-04-29T21:02:45+00:00\",\"mainEntityOfPage\":{\"@id\":\"https:\/\/lobosnews.com.ar\/index.php\/2026\/04\/29\/pipo-pescador-agradecio-los-saludos-por-su-cumpleanos-con-un-mensaje-desde-alemania-mis-flamantes-80\/\"},\"wordCount\":883,\"commentCount\":0,\"publisher\":{\"@id\":\"https:\/\/lobosnews.com.ar\/#organization\"},\"image\":{\"@id\":\"https:\/\/lobosnews.com.ar\/index.php\/2026\/04\/29\/pipo-pescador-agradecio-los-saludos-por-su-cumpleanos-con-un-mensaje-desde-alemania-mis-flamantes-80\/#primaryimage\"},\"thumbnailUrl\":\"https:\/\/lobosnews.com.ar\/wp-content\/uploads\/2026\/04\/pipo-pescador-agradecio-los-saludos-por-su-cumpleanos-con-un-mensaje-desde-alemania-mis-flamantes-80-4.jpg\",\"articleSection\":[\"Cine y Series\"],\"inLanguage\":\"es\",\"potentialAction\":[{\"@type\":\"CommentAction\",\"name\":\"Comment\",\"target\":[\"https:\/\/lobosnews.com.ar\/index.php\/2026\/04\/29\/pipo-pescador-agradecio-los-saludos-por-su-cumpleanos-con-un-mensaje-desde-alemania-mis-flamantes-80\/#respond\"]}]},{\"@type\":\"WebPage\",\"@id\":\"https:\/\/lobosnews.com.ar\/index.php\/2026\/04\/29\/pipo-pescador-agradecio-los-saludos-por-su-cumpleanos-con-un-mensaje-desde-alemania-mis-flamantes-80\/\",\"url\":\"https:\/\/lobosnews.com.ar\/index.php\/2026\/04\/29\/pipo-pescador-agradecio-los-saludos-por-su-cumpleanos-con-un-mensaje-desde-alemania-mis-flamantes-80\/\",\"name\":\"Pipo Pescador agradeci\u00f3 los saludos por su cumplea\u00f1os con un mensaje desde Alemania: \u201cMis flamantes 80\u201d - Lobos News\",\"isPartOf\":{\"@id\":\"https:\/\/lobosnews.com.ar\/#website\"},\"primaryImageOfPage\":{\"@id\":\"https:\/\/lobosnews.com.ar\/index.php\/2026\/04\/29\/pipo-pescador-agradecio-los-saludos-por-su-cumpleanos-con-un-mensaje-desde-alemania-mis-flamantes-80\/#primaryimage\"},\"image\":{\"@id\":\"https:\/\/lobosnews.com.ar\/index.php\/2026\/04\/29\/pipo-pescador-agradecio-los-saludos-por-su-cumpleanos-con-un-mensaje-desde-alemania-mis-flamantes-80\/#primaryimage\"},\"thumbnailUrl\":\"https:\/\/lobosnews.com.ar\/wp-content\/uploads\/2026\/04\/pipo-pescador-agradecio-los-saludos-por-su-cumpleanos-con-un-mensaje-desde-alemania-mis-flamantes-80-4.jpg\",\"datePublished\":\"2026-04-29T18:21:41+00:00\",\"dateModified\":\"2026-04-29T21:02:45+00:00\",\"breadcrumb\":{\"@id\":\"https:\/\/lobosnews.com.ar\/index.php\/2026\/04\/29\/pipo-pescador-agradecio-los-saludos-por-su-cumpleanos-con-un-mensaje-desde-alemania-mis-flamantes-80\/#breadcrumb\"},\"inLanguage\":\"es\",\"potentialAction\":[{\"@type\":\"ReadAction\",\"target\":[\"https:\/\/lobosnews.com.ar\/index.php\/2026\/04\/29\/pipo-pescador-agradecio-los-saludos-por-su-cumpleanos-con-un-mensaje-desde-alemania-mis-flamantes-80\/\"]}]},{\"@type\":\"ImageObject\",\"inLanguage\":\"es\",\"@id\":\"https:\/\/lobosnews.com.ar\/index.php\/2026\/04\/29\/pipo-pescador-agradecio-los-saludos-por-su-cumpleanos-con-un-mensaje-desde-alemania-mis-flamantes-80\/#primaryimage\",\"url\":\"https:\/\/lobosnews.com.ar\/wp-content\/uploads\/2026\/04\/pipo-pescador-agradecio-los-saludos-por-su-cumpleanos-con-un-mensaje-desde-alemania-mis-flamantes-80-4.jpg\",\"contentUrl\":\"https:\/\/lobosnews.com.ar\/wp-content\/uploads\/2026\/04\/pipo-pescador-agradecio-los-saludos-por-su-cumpleanos-con-un-mensaje-desde-alemania-mis-flamantes-80-4.jpg\",\"width\":900,\"height\":1394,\"caption\":\"Pipo Pescador agradeci\u00f3 los saludos por su cumplea\u00f1os con un mensaje desde Alemania: \u201cMis flamantes 80\u201d\"},{\"@type\":\"BreadcrumbList\",\"@id\":\"https:\/\/lobosnews.com.ar\/index.php\/2026\/04\/29\/pipo-pescador-agradecio-los-saludos-por-su-cumpleanos-con-un-mensaje-desde-alemania-mis-flamantes-80\/#breadcrumb\",\"itemListElement\":[{\"@type\":\"ListItem\",\"position\":1,\"name\":\"Portada\",\"item\":\"https:\/\/lobosnews.com.ar\/\"},{\"@type\":\"ListItem\",\"position\":2,\"name\":\"Pipo Pescador agradeci\u00f3 los saludos por su cumplea\u00f1os con un mensaje desde Alemania: \u201cMis flamantes 80\u201d\"}]},{\"@type\":\"WebSite\",\"@id\":\"https:\/\/lobosnews.com.ar\/#website\",\"url\":\"https:\/\/lobosnews.com.ar\/\",\"name\":\"Lobos News\",\"description\":\"Informaci\u00f3n a cada instante\",\"publisher\":{\"@id\":\"https:\/\/lobosnews.com.ar\/#organization\"},\"potentialAction\":[{\"@type\":\"SearchAction\",\"target\":{\"@type\":\"EntryPoint\",\"urlTemplate\":\"https:\/\/lobosnews.com.ar\/?s={search_term_string}\"},\"query-input\":{\"@type\":\"PropertyValueSpecification\",\"valueRequired\":true,\"valueName\":\"search_term_string\"}}],\"inLanguage\":\"es\"},{\"@type\":\"Organization\",\"@id\":\"https:\/\/lobosnews.com.ar\/#organization\",\"name\":\"Lobos News\",\"url\":\"https:\/\/lobosnews.com.ar\/\",\"logo\":{\"@type\":\"ImageObject\",\"inLanguage\":\"es\",\"@id\":\"https:\/\/lobosnews.com.ar\/#\/schema\/logo\/image\/\",\"url\":\"https:\/\/lobosnews.com.ar\/wp-content\/uploads\/2026\/01\/logo-lobosnews.png\",\"contentUrl\":\"https:\/\/lobosnews.com.ar\/wp-content\/uploads\/2026\/01\/logo-lobosnews.png\",\"width\":500,\"height\":200,\"caption\":\"Lobos News\"},\"image\":{\"@id\":\"https:\/\/lobosnews.com.ar\/#\/schema\/logo\/image\/\"}},{\"@type\":\"Person\",\"@id\":\"https:\/\/lobosnews.com.ar\/#\/schema\/person\/232422a593d5c541dd9aef6aaed10943\",\"name\":\"admin\",\"image\":{\"@type\":\"ImageObject\",\"inLanguage\":\"es\",\"@id\":\"https:\/\/lobosnews.com.ar\/#\/schema\/person\/image\/\",\"url\":\"https:\/\/secure.gravatar.com\/avatar\/76e419471a2083bc3ceab22a763dbbf9b0c1bd15a6214cf3280e2c2dde4580f9?s=96&d=mm&r=g\",\"contentUrl\":\"https:\/\/secure.gravatar.com\/avatar\/76e419471a2083bc3ceab22a763dbbf9b0c1bd15a6214cf3280e2c2dde4580f9?s=96&d=mm&r=g\",\"caption\":\"admin\"},\"sameAs\":[\"https:\/\/lobosnews.com.ar\"],\"url\":\"https:\/\/lobosnews.com.ar\/index.php\/author\/lobos-news\/\"}]}<\/script>\n<!-- \/ Yoast SEO plugin. -->","yoast_head_json":{"title":"Pipo Pescador agradeci\u00f3 los saludos por su cumplea\u00f1os con un mensaje desde Alemania: \u201cMis flamantes 80\u201d - Lobos News","robots":{"index":"index","follow":"follow","max-snippet":"max-snippet:-1","max-image-preview":"max-image-preview:large","max-video-preview":"max-video-preview:-1"},"canonical":"https:\/\/lobosnews.com.ar\/index.php\/2026\/04\/29\/pipo-pescador-agradecio-los-saludos-por-su-cumpleanos-con-un-mensaje-desde-alemania-mis-flamantes-80\/","og_locale":"es_ES","og_type":"article","og_title":"Pipo Pescador agradeci\u00f3 los saludos por su cumplea\u00f1os con un mensaje desde Alemania: \u201cMis flamantes 80\u201d - Lobos News","og_description":"El cantautor, conductor de tev\u00e9 y escritor argentino Pipo Pescador, figura emblem\u00e1tica de la m\u00fasica y la literatura infantil, celebr\u00f3 sus 80 a\u00f1os con un mensaje especial desde Alemania, donde reside. En un video difundido en redes, Enrique Fischer \u2014su nombre real\u2014 agradeci\u00f3 afectuosamente los saludos recibidos y transmiti\u00f3 palabras de cari\u00f1o a sus seguidores....","og_url":"https:\/\/lobosnews.com.ar\/index.php\/2026\/04\/29\/pipo-pescador-agradecio-los-saludos-por-su-cumpleanos-con-un-mensaje-desde-alemania-mis-flamantes-80\/","og_site_name":"Lobos News","article_published_time":"2026-04-29T18:21:41+00:00","article_modified_time":"2026-04-29T21:02:45+00:00","og_image":[{"url":"https:\/\/lobosnews.com.ar\/wp-content\/uploads\/2026\/04\/pipo-pescador-agradecio-los-saludos-por-su-cumpleanos-con-un-mensaje-desde-alemania-mis-flamantes-80.jpg","type":"","width":"","height":""}],"author":"admin","twitter_card":"summary_large_image","twitter_misc":{"Escrito por":"admin","Tiempo de lectura":"4 minutos"},"schema":{"@context":"https:\/\/schema.org","@graph":[{"@type":"Article","@id":"https:\/\/lobosnews.com.ar\/index.php\/2026\/04\/29\/pipo-pescador-agradecio-los-saludos-por-su-cumpleanos-con-un-mensaje-desde-alemania-mis-flamantes-80\/#article","isPartOf":{"@id":"https:\/\/lobosnews.com.ar\/index.php\/2026\/04\/29\/pipo-pescador-agradecio-los-saludos-por-su-cumpleanos-con-un-mensaje-desde-alemania-mis-flamantes-80\/"},"author":{"name":"admin","@id":"https:\/\/lobosnews.com.ar\/#\/schema\/person\/232422a593d5c541dd9aef6aaed10943"},"headline":"Pipo Pescador agradeci\u00f3 los saludos por su cumplea\u00f1os con un mensaje desde Alemania: \u201cMis flamantes 80\u201d","datePublished":"2026-04-29T18:21:41+00:00","dateModified":"2026-04-29T21:02:45+00:00","mainEntityOfPage":{"@id":"https:\/\/lobosnews.com.ar\/index.php\/2026\/04\/29\/pipo-pescador-agradecio-los-saludos-por-su-cumpleanos-con-un-mensaje-desde-alemania-mis-flamantes-80\/"},"wordCount":883,"commentCount":0,"publisher":{"@id":"https:\/\/lobosnews.com.ar\/#organization"},"image":{"@id":"https:\/\/lobosnews.com.ar\/index.php\/2026\/04\/29\/pipo-pescador-agradecio-los-saludos-por-su-cumpleanos-con-un-mensaje-desde-alemania-mis-flamantes-80\/#primaryimage"},"thumbnailUrl":"https:\/\/lobosnews.com.ar\/wp-content\/uploads\/2026\/04\/pipo-pescador-agradecio-los-saludos-por-su-cumpleanos-con-un-mensaje-desde-alemania-mis-flamantes-80-4.jpg","articleSection":["Cine y Series"],"inLanguage":"es","potentialAction":[{"@type":"CommentAction","name":"Comment","target":["https:\/\/lobosnews.com.ar\/index.php\/2026\/04\/29\/pipo-pescador-agradecio-los-saludos-por-su-cumpleanos-con-un-mensaje-desde-alemania-mis-flamantes-80\/#respond"]}]},{"@type":"WebPage","@id":"https:\/\/lobosnews.com.ar\/index.php\/2026\/04\/29\/pipo-pescador-agradecio-los-saludos-por-su-cumpleanos-con-un-mensaje-desde-alemania-mis-flamantes-80\/","url":"https:\/\/lobosnews.com.ar\/index.php\/2026\/04\/29\/pipo-pescador-agradecio-los-saludos-por-su-cumpleanos-con-un-mensaje-desde-alemania-mis-flamantes-80\/","name":"Pipo Pescador agradeci\u00f3 los saludos por su cumplea\u00f1os con un mensaje desde Alemania: \u201cMis flamantes 80\u201d - Lobos News","isPartOf":{"@id":"https:\/\/lobosnews.com.ar\/#website"},"primaryImageOfPage":{"@id":"https:\/\/lobosnews.com.ar\/index.php\/2026\/04\/29\/pipo-pescador-agradecio-los-saludos-por-su-cumpleanos-con-un-mensaje-desde-alemania-mis-flamantes-80\/#primaryimage"},"image":{"@id":"https:\/\/lobosnews.com.ar\/index.php\/2026\/04\/29\/pipo-pescador-agradecio-los-saludos-por-su-cumpleanos-con-un-mensaje-desde-alemania-mis-flamantes-80\/#primaryimage"},"thumbnailUrl":"https:\/\/lobosnews.com.ar\/wp-content\/uploads\/2026\/04\/pipo-pescador-agradecio-los-saludos-por-su-cumpleanos-con-un-mensaje-desde-alemania-mis-flamantes-80-4.jpg","datePublished":"2026-04-29T18:21:41+00:00","dateModified":"2026-04-29T21:02:45+00:00","breadcrumb":{"@id":"https:\/\/lobosnews.com.ar\/index.php\/2026\/04\/29\/pipo-pescador-agradecio-los-saludos-por-su-cumpleanos-con-un-mensaje-desde-alemania-mis-flamantes-80\/#breadcrumb"},"inLanguage":"es","potentialAction":[{"@type":"ReadAction","target":["https:\/\/lobosnews.com.ar\/index.php\/2026\/04\/29\/pipo-pescador-agradecio-los-saludos-por-su-cumpleanos-con-un-mensaje-desde-alemania-mis-flamantes-80\/"]}]},{"@type":"ImageObject","inLanguage":"es","@id":"https:\/\/lobosnews.com.ar\/index.php\/2026\/04\/29\/pipo-pescador-agradecio-los-saludos-por-su-cumpleanos-con-un-mensaje-desde-alemania-mis-flamantes-80\/#primaryimage","url":"https:\/\/lobosnews.com.ar\/wp-content\/uploads\/2026\/04\/pipo-pescador-agradecio-los-saludos-por-su-cumpleanos-con-un-mensaje-desde-alemania-mis-flamantes-80-4.jpg","contentUrl":"https:\/\/lobosnews.com.ar\/wp-content\/uploads\/2026\/04\/pipo-pescador-agradecio-los-saludos-por-su-cumpleanos-con-un-mensaje-desde-alemania-mis-flamantes-80-4.jpg","width":900,"height":1394,"caption":"Pipo Pescador agradeci\u00f3 los saludos por su cumplea\u00f1os con un mensaje desde Alemania: \u201cMis flamantes 80\u201d"},{"@type":"BreadcrumbList","@id":"https:\/\/lobosnews.com.ar\/index.php\/2026\/04\/29\/pipo-pescador-agradecio-los-saludos-por-su-cumpleanos-con-un-mensaje-desde-alemania-mis-flamantes-80\/#breadcrumb","itemListElement":[{"@type":"ListItem","position":1,"name":"Portada","item":"https:\/\/lobosnews.com.ar\/"},{"@type":"ListItem","position":2,"name":"Pipo Pescador agradeci\u00f3 los saludos por su cumplea\u00f1os con un mensaje desde Alemania: \u201cMis flamantes 80\u201d"}]},{"@type":"WebSite","@id":"https:\/\/lobosnews.com.ar\/#website","url":"https:\/\/lobosnews.com.ar\/","name":"Lobos News","description":"Informaci\u00f3n a cada instante","publisher":{"@id":"https:\/\/lobosnews.com.ar\/#organization"},"potentialAction":[{"@type":"SearchAction","target":{"@type":"EntryPoint","urlTemplate":"https:\/\/lobosnews.com.ar\/?s={search_term_string}"},"query-input":{"@type":"PropertyValueSpecification","valueRequired":true,"valueName":"search_term_string"}}],"inLanguage":"es"},{"@type":"Organization","@id":"https:\/\/lobosnews.com.ar\/#organization","name":"Lobos News","url":"https:\/\/lobosnews.com.ar\/","logo":{"@type":"ImageObject","inLanguage":"es","@id":"https:\/\/lobosnews.com.ar\/#\/schema\/logo\/image\/","url":"https:\/\/lobosnews.com.ar\/wp-content\/uploads\/2026\/01\/logo-lobosnews.png","contentUrl":"https:\/\/lobosnews.com.ar\/wp-content\/uploads\/2026\/01\/logo-lobosnews.png","width":500,"height":200,"caption":"Lobos News"},"image":{"@id":"https:\/\/lobosnews.com.ar\/#\/schema\/logo\/image\/"}},{"@type":"Person","@id":"https:\/\/lobosnews.com.ar\/#\/schema\/person\/232422a593d5c541dd9aef6aaed10943","name":"admin","image":{"@type":"ImageObject","inLanguage":"es","@id":"https:\/\/lobosnews.com.ar\/#\/schema\/person\/image\/","url":"https:\/\/secure.gravatar.com\/avatar\/76e419471a2083bc3ceab22a763dbbf9b0c1bd15a6214cf3280e2c2dde4580f9?s=96&d=mm&r=g","contentUrl":"https:\/\/secure.gravatar.com\/avatar\/76e419471a2083bc3ceab22a763dbbf9b0c1bd15a6214cf3280e2c2dde4580f9?s=96&d=mm&r=g","caption":"admin"},"sameAs":["https:\/\/lobosnews.com.ar"],"url":"https:\/\/lobosnews.com.ar\/index.php\/author\/lobos-news\/"}]}},"jetpack_featured_media_url":"https:\/\/lobosnews.com.ar\/wp-content\/uploads\/2026\/04\/pipo-pescador-agradecio-los-saludos-por-su-cumpleanos-con-un-mensaje-desde-alemania-mis-flamantes-80-4.jpg","jetpack_sharing_enabled":true,"_links":{"self":[{"href":"https:\/\/lobosnews.com.ar\/index.php\/wp-json\/wp\/v2\/posts\/47338","targetHints":{"allow":["GET"]}}],"collection":[{"href":"https:\/\/lobosnews.com.ar\/index.php\/wp-json\/wp\/v2\/posts"}],"about":[{"href":"https:\/\/lobosnews.com.ar\/index.php\/wp-json\/wp\/v2\/types\/post"}],"author":[{"embeddable":true,"href":"https:\/\/lobosnews.com.ar\/index.php\/wp-json\/wp\/v2\/users\/1"}],"replies":[{"embeddable":true,"href":"https:\/\/lobosnews.com.ar\/index.php\/wp-json\/wp\/v2\/comments?post=47338"}],"version-history":[{"count":1,"href":"https:\/\/lobosnews.com.ar\/index.php\/wp-json\/wp\/v2\/posts\/47338\/revisions"}],"predecessor-version":[{"id":47342,"href":"https:\/\/lobosnews.com.ar\/index.php\/wp-json\/wp\/v2\/posts\/47338\/revisions\/47342"}],"wp:featuredmedia":[{"embeddable":true,"href":"https:\/\/lobosnews.com.ar\/index.php\/wp-json\/wp\/v2\/media\/47343"}],"wp:attachment":[{"href":"https:\/\/lobosnews.com.ar\/index.php\/wp-json\/wp\/v2\/media?parent=47338"}],"wp:term":[{"taxonomy":"category","embeddable":true,"href":"https:\/\/lobosnews.com.ar\/index.php\/wp-json\/wp\/v2\/categories?post=47338"},{"taxonomy":"post_tag","embeddable":true,"href":"https:\/\/lobosnews.com.ar\/index.php\/wp-json\/wp\/v2\/tags?post=47338"}],"curies":[{"name":"wp","href":"https:\/\/api.w.org\/{rel}","templated":true}]}}