{"id":47333,"date":"2026-04-29T20:05:41","date_gmt":"2026-04-29T20:05:41","guid":{"rendered":"https:\/\/lobosnews.com.ar\/index.php\/2026\/04\/29\/la-unica-condicion-que-puso-marta-fort-para-ingresar-a-la-casa-de-gran-hermano-asi-de-sencillo\/"},"modified":"2026-04-29T21:02:43","modified_gmt":"2026-04-29T21:02:43","slug":"la-unica-condicion-que-puso-marta-fort-para-ingresar-a-la-casa-de-gran-hermano-asi-de-sencillo","status":"publish","type":"post","link":"https:\/\/lobosnews.com.ar\/index.php\/2026\/04\/29\/la-unica-condicion-que-puso-marta-fort-para-ingresar-a-la-casa-de-gran-hermano-asi-de-sencillo\/","title":{"rendered":"La \u00fanica condici\u00f3n que puso Marta Fort para ingresar a la casa de Gran Hermano: \u201cAs\u00ed de sencillo\u201d"},"content":{"rendered":"<p>Con espontaneidad y humor, <span class=\"waslinkname\"><b>Marta Fort<\/b><\/span><b> plante\u00f3 la condici\u00f3n \u00fanica que pondr\u00eda para ingresar a Gran Hermano Generaci\u00f3n Dorada<\/b> durante una entrevista en el segmento \u201cTodo lo contrario\u201d de Streams Telefe.<\/p>\n<p>Al ser consultada por los conductores Grego Rosello y Lean Saifir sobre su disposici\u00f3n para participar en el reality, <b>Marta Fort<\/b> fue contundente: <b>\u201cSi yo tengo una reuni\u00f3n en donde me dicen: bueno, cuando vos quieras vos pod\u00e9s abrir la puerta y te vas a Miami\u201d.<\/b> Su respuesta gener\u00f3 risas en el estudio y llev\u00f3 a que Saifir bromeara acerca de la idea de salir del pa\u00eds sin escalas, directamente desde Ezeiza.<\/p>\n<p>La influencer tambi\u00e9n ironiz\u00f3 sobre su posible paso por la casa: <b>\u201cEntro, estoy dos semanas, la rompo toda, me peleo con todos, hago quilombo, quilombo, quilombo, quilombo. Y despu\u00e9s digo: \u00bfsab\u00e9s qu\u00e9? Me canso, me voy. Me taco y abro la puerta y me voy. As\u00ed de sencillo.\u201d<\/b> Estas declaraciones reflejaron su actitud directa y relajada frente al formato.<\/p>\n<p>Fort explic\u00f3 su conexi\u00f3n con Miami durante la charla: <b>\u201cYo cada vez que voy siento, como voy tan seguido, que voy a mi casa de country, \u00bfentend\u00e9s?\u201d <\/b>Agreg\u00f3: <b>\u201c\u00bfNo viste que la gente dice bueno, me voy a desconectar, me voy a Pilar? Yo voy a Miami. Y nada, me encanta.\u201d<\/b> De este modo, subray\u00f3 la naturalidad con la que transita entre Argentina y Estados Unidos, manteniendo un perfil aut\u00e9ntico y sin dramatismo.<\/p>\n<p><img fetchpriority=\"high\" decoding=\"async\" src=\"https:\/\/lobosnews.com.ar\/wp-content\/uploads\/2026\/04\/la-unica-condicion-que-puso-marta-fort-para-ingresar-a-la-casa-de-gran-hermano-asi-de-sencillo.jpg\" alt=\"Marta Fort en su preparaci\u00f3n para los Mart\u00edn Fierro de la Moda\" height=\"959\" width=\"1280\"\/><\/p>\n<h2>Reacciones y el humor de la entrevista<\/h2>\n<p>Los conductores <b>Grego Rosello<\/b> y <b>Lean Saifir<\/b> aprovecharon el carisma de Fort para sumar comentarios c\u00f3micos. Rosello ironiz\u00f3: \u201cNo, ella cree que es una manga con un avi\u00f3n ac\u00e1 esperando el remis\u201d. Saifir, por su parte, a\u00f1adi\u00f3: \u201cElla espera la puerta giratoria de Ezeiza sin escala\u201d. La conocida \u201ccl\u00e1usula Miami\u201d de la entrevistada llev\u00f3 a los presentadores a simpatizar abiertamente con su postura.<\/p>\n<p>La protagonista reforz\u00f3 ese mensaje en otro momento de la entrevista: <b>\u201cEst\u00e1s como en Argentina, vos pase\u00e1s y la gente te puede reconocer, pero es como m\u00e1s tranquilo\u201d<\/b>. Para ella, la ciudad estadounidense funciona como refugio personal y trae consigo recuerdos familiares que se mezclan con su vida p\u00fablica.<\/p>\n<p><img loading=\"lazy\" decoding=\"async\" src=\"https:\/\/lobosnews.com.ar\/wp-content\/uploads\/2026\/04\/la-unica-condicion-que-puso-marta-fort-para-ingresar-a-la-casa-de-gran-hermano-asi-de-sencillo-1.jpg\" alt=\"Marta Fort luci\u00f3 un impactante vestido blanco con falda de tul y un lazo negro dise\u00f1ado por Claudia Arca para los premios Mart\u00edn Fierro de la Moda\" height=\"1280\" width=\"853\"\/><\/p>\n<h2>El homenaje a Ricardo Fort en la pasarela del Mart\u00edn Fierro de la Moda<\/h2>\n<p>Durante la reciente entrega de los <b>Premios Mart\u00edn Fierro de la Moda<\/b> en Buenos Aires, <span class=\"waslinkname\"><b>Marta Fort<\/b> deslumbr\u00f3 con un vestido dise\u00f1ado por Claudia Arce.<\/span> La pieza de alta costura fue confeccionada en crep\u00e9 suizo y bordada a mano con cristales, enfatizando una silueta tipo sirena y una falda en tul de seda, compuesta por capas troqueladas para aportar volumen y presencia.<\/p>\n<p>El detalle m\u00e1s significativo del atuendo fue <b>la incorporaci\u00f3n de crucifijos originales del rosario de su padre, Ricardo Fort<\/b>, engarzados tanto en el frente como en el reverso de la prenda. Este gui\u00f1o al legado familiar convirti\u00f3 el vestido en un homenaje personal y p\u00fablico, fusionando moda y memoria.<\/p>\n<p>La presencia de Fort en la alfombra roja result\u00f3 uno de los momentos m\u00e1s destacados de la gala. Lleg\u00f3 en el Rolls-Royce cl\u00e1sico que perteneci\u00f3 a su padre, recreando una imagen simb\u00f3lica que remite a la far\u00e1ndula nacional y al v\u00ednculo entre espect\u00e1culo e historia familiar.<\/p>\n<p>El gesto de integrar s\u00edmbolos familiares en su atuendo elev\u00f3 el acto de la moda a una expresi\u00f3n de reconocimiento y orgullo personal. De esta forma, Fort consolid\u00f3 su lugar en el evento principal de la moda argentina mientras resaltaba su historia y la de su padre ante la audiencia y los medios.<\/p>\n<p>La elaboraci\u00f3n de la dise\u00f1adora Claudia Arce hizo del vestido algo m\u00e1s que una prenda de lujo: fue una manifestaci\u00f3n de pertenencia y recuerdo que renov\u00f3, en plena gala, el hilo entre el espect\u00e1culo y la intimidad.<\/p>\n","protected":false},"excerpt":{"rendered":"<p>Con espontaneidad y humor, Marta Fort plante\u00f3 la condici\u00f3n \u00fanica que pondr\u00eda para ingresar a Gran Hermano Generaci\u00f3n Dorada durante una entrevista en el segmento \u201cTodo lo contrario\u201d de Streams Telefe. Al ser consultada por los conductores Grego Rosello y Lean Saifir sobre su disposici\u00f3n para participar en el reality, Marta Fort fue contundente: \u201cSi&#8230;<\/p>\n","protected":false},"author":1,"featured_media":47337,"comment_status":"open","ping_status":"closed","sticky":false,"template":"","format":"standard","meta":{"_jetpack_memberships_contains_paid_content":false,"footnotes":""},"categories":[79],"tags":[],"class_list":["post-47333","post","type-post","status-publish","format-standard","has-post-thumbnail","hentry","category-cine-y-series"],"magazineBlocksPostFeaturedMedia":{"thumbnail":"https:\/\/lobosnews.com.ar\/wp-content\/uploads\/2026\/04\/la-unica-condicion-que-puso-marta-fort-para-ingresar-a-la-casa-de-gran-hermano-asi-de-sencillo-2-150x150.jpg","medium":"https:\/\/lobosnews.com.ar\/wp-content\/uploads\/2026\/04\/la-unica-condicion-que-puso-marta-fort-para-ingresar-a-la-casa-de-gran-hermano-asi-de-sencillo-2-200x300.jpg","medium_large":"https:\/\/lobosnews.com.ar\/wp-content\/uploads\/2026\/04\/la-unica-condicion-que-puso-marta-fort-para-ingresar-a-la-casa-de-gran-hermano-asi-de-sencillo-2-768x1152.jpg","large":"https:\/\/lobosnews.com.ar\/wp-content\/uploads\/2026\/04\/la-unica-condicion-que-puso-marta-fort-para-ingresar-a-la-casa-de-gran-hermano-asi-de-sencillo-2-682x1024.jpg","1536x1536":"https:\/\/lobosnews.com.ar\/wp-content\/uploads\/2026\/04\/la-unica-condicion-que-puso-marta-fort-para-ingresar-a-la-casa-de-gran-hermano-asi-de-sencillo-2.jpg","2048x2048":"https:\/\/lobosnews.com.ar\/wp-content\/uploads\/2026\/04\/la-unica-condicion-que-puso-marta-fort-para-ingresar-a-la-casa-de-gran-hermano-asi-de-sencillo-2.jpg","newsmatic-featured":"https:\/\/lobosnews.com.ar\/wp-content\/uploads\/2026\/04\/la-unica-condicion-que-puso-marta-fort-para-ingresar-a-la-casa-de-gran-hermano-asi-de-sencillo-2-820x545.jpg","newsmatic-list":"https:\/\/lobosnews.com.ar\/wp-content\/uploads\/2026\/04\/la-unica-condicion-que-puso-marta-fort-para-ingresar-a-la-casa-de-gran-hermano-asi-de-sencillo-2-600x400.jpg","newsmatic-thumb":"https:\/\/lobosnews.com.ar\/wp-content\/uploads\/2026\/04\/la-unica-condicion-que-puso-marta-fort-para-ingresar-a-la-casa-de-gran-hermano-asi-de-sencillo-2-300x200.jpg","newsmatic-small":"https:\/\/lobosnews.com.ar\/wp-content\/uploads\/2026\/04\/la-unica-condicion-que-puso-marta-fort-para-ingresar-a-la-casa-de-gran-hermano-asi-de-sencillo-2-150x95.jpg","newsmatic-grid":"https:\/\/lobosnews.com.ar\/wp-content\/uploads\/2026\/04\/la-unica-condicion-que-puso-marta-fort-para-ingresar-a-la-casa-de-gran-hermano-asi-de-sencillo-2-400x250.jpg"},"magazineBlocksPostAuthor":{"name":"admin","avatar":"https:\/\/secure.gravatar.com\/avatar\/76e419471a2083bc3ceab22a763dbbf9b0c1bd15a6214cf3280e2c2dde4580f9?s=96&d=mm&r=g"},"magazineBlocksPostCommentsNumber":"0","magazineBlocksPostExcerpt":"Con espontaneidad y humor, Marta Fort plante\u00f3 la condici\u00f3n \u00fanica que pondr\u00eda para ingresar a Gran Hermano Generaci\u00f3n Dorada durante una entrevista en el segmento \u201cTodo lo contrario\u201d de Streams Telefe. Al ser consultada por los conductores Grego Rosello y Lean Saifir sobre su disposici\u00f3n para participar en el reality, Marta Fort fue contundente: \u201cSi...","magazineBlocksPostCategories":["Cine y Series"],"magazineBlocksPostViewCount":16,"magazineBlocksPostReadTime":4,"magazine_blocks_featured_image_url":{"full":["https:\/\/lobosnews.com.ar\/wp-content\/uploads\/2026\/04\/la-unica-condicion-que-puso-marta-fort-para-ingresar-a-la-casa-de-gran-hermano-asi-de-sencillo-2.jpg",853,1280,false],"medium":["https:\/\/lobosnews.com.ar\/wp-content\/uploads\/2026\/04\/la-unica-condicion-que-puso-marta-fort-para-ingresar-a-la-casa-de-gran-hermano-asi-de-sencillo-2-200x300.jpg",200,300,true],"thumbnail":["https:\/\/lobosnews.com.ar\/wp-content\/uploads\/2026\/04\/la-unica-condicion-que-puso-marta-fort-para-ingresar-a-la-casa-de-gran-hermano-asi-de-sencillo-2-150x150.jpg",150,150,true]},"magazine_blocks_author":{"display_name":"admin","author_link":"https:\/\/lobosnews.com.ar\/index.php\/author\/lobos-news\/"},"magazine_blocks_comment":0,"magazine_blocks_author_image":"https:\/\/secure.gravatar.com\/avatar\/76e419471a2083bc3ceab22a763dbbf9b0c1bd15a6214cf3280e2c2dde4580f9?s=96&d=mm&r=g","magazine_blocks_category":"<a href=\"#\" class=\"category-link category-link-79\">Cine y Series<\/a>","yoast_head":"<!-- This site is optimized with the Yoast SEO plugin v26.6 - https:\/\/yoast.com\/wordpress\/plugins\/seo\/ -->\n<title>La \u00fanica condici\u00f3n que puso Marta Fort para ingresar a la casa de Gran Hermano: \u201cAs\u00ed de sencillo\u201d - Lobos News<\/title>\n<meta name=\"robots\" content=\"index, follow, max-snippet:-1, max-image-preview:large, max-video-preview:-1\" \/>\n<link rel=\"canonical\" href=\"https:\/\/lobosnews.com.ar\/index.php\/2026\/04\/29\/la-unica-condicion-que-puso-marta-fort-para-ingresar-a-la-casa-de-gran-hermano-asi-de-sencillo\/\" \/>\n<meta property=\"og:locale\" content=\"es_ES\" \/>\n<meta property=\"og:type\" content=\"article\" \/>\n<meta property=\"og:title\" content=\"La \u00fanica condici\u00f3n que puso Marta Fort para ingresar a la casa de Gran Hermano: \u201cAs\u00ed de sencillo\u201d - Lobos News\" \/>\n<meta property=\"og:description\" content=\"Con espontaneidad y humor, Marta Fort plante\u00f3 la condici\u00f3n \u00fanica que pondr\u00eda para ingresar a Gran Hermano Generaci\u00f3n Dorada durante una entrevista en el segmento \u201cTodo lo contrario\u201d de Streams Telefe. Al ser consultada por los conductores Grego Rosello y Lean Saifir sobre su disposici\u00f3n para participar en el reality, Marta Fort fue contundente: \u201cSi...\" \/>\n<meta property=\"og:url\" content=\"https:\/\/lobosnews.com.ar\/index.php\/2026\/04\/29\/la-unica-condicion-que-puso-marta-fort-para-ingresar-a-la-casa-de-gran-hermano-asi-de-sencillo\/\" \/>\n<meta property=\"og:site_name\" content=\"Lobos News\" \/>\n<meta property=\"article:published_time\" content=\"2026-04-29T20:05:41+00:00\" \/>\n<meta property=\"article:modified_time\" content=\"2026-04-29T21:02:43+00:00\" \/>\n<meta property=\"og:image\" content=\"https:\/\/lobosnews.com.ar\/wp-content\/uploads\/2026\/04\/la-unica-condicion-que-puso-marta-fort-para-ingresar-a-la-casa-de-gran-hermano-asi-de-sencillo.jpg\" \/>\n<meta name=\"author\" content=\"admin\" \/>\n<meta name=\"twitter:card\" content=\"summary_large_image\" \/>\n<meta name=\"twitter:label1\" content=\"Escrito por\" \/>\n\t<meta name=\"twitter:data1\" content=\"admin\" \/>\n\t<meta name=\"twitter:label2\" content=\"Tiempo de lectura\" \/>\n\t<meta name=\"twitter:data2\" content=\"3 minutos\" \/>\n<script type=\"application\/ld+json\" class=\"yoast-schema-graph\">{\"@context\":\"https:\/\/schema.org\",\"@graph\":[{\"@type\":\"Article\",\"@id\":\"https:\/\/lobosnews.com.ar\/index.php\/2026\/04\/29\/la-unica-condicion-que-puso-marta-fort-para-ingresar-a-la-casa-de-gran-hermano-asi-de-sencillo\/#article\",\"isPartOf\":{\"@id\":\"https:\/\/lobosnews.com.ar\/index.php\/2026\/04\/29\/la-unica-condicion-que-puso-marta-fort-para-ingresar-a-la-casa-de-gran-hermano-asi-de-sencillo\/\"},\"author\":{\"name\":\"admin\",\"@id\":\"https:\/\/lobosnews.com.ar\/#\/schema\/person\/232422a593d5c541dd9aef6aaed10943\"},\"headline\":\"La \u00fanica condici\u00f3n que puso Marta Fort para ingresar a la casa de Gran Hermano: \u201cAs\u00ed de sencillo\u201d\",\"datePublished\":\"2026-04-29T20:05:41+00:00\",\"dateModified\":\"2026-04-29T21:02:43+00:00\",\"mainEntityOfPage\":{\"@id\":\"https:\/\/lobosnews.com.ar\/index.php\/2026\/04\/29\/la-unica-condicion-que-puso-marta-fort-para-ingresar-a-la-casa-de-gran-hermano-asi-de-sencillo\/\"},\"wordCount\":675,\"commentCount\":0,\"publisher\":{\"@id\":\"https:\/\/lobosnews.com.ar\/#organization\"},\"image\":{\"@id\":\"https:\/\/lobosnews.com.ar\/index.php\/2026\/04\/29\/la-unica-condicion-que-puso-marta-fort-para-ingresar-a-la-casa-de-gran-hermano-asi-de-sencillo\/#primaryimage\"},\"thumbnailUrl\":\"https:\/\/lobosnews.com.ar\/wp-content\/uploads\/2026\/04\/la-unica-condicion-que-puso-marta-fort-para-ingresar-a-la-casa-de-gran-hermano-asi-de-sencillo-2.jpg\",\"articleSection\":[\"Cine y Series\"],\"inLanguage\":\"es\",\"potentialAction\":[{\"@type\":\"CommentAction\",\"name\":\"Comment\",\"target\":[\"https:\/\/lobosnews.com.ar\/index.php\/2026\/04\/29\/la-unica-condicion-que-puso-marta-fort-para-ingresar-a-la-casa-de-gran-hermano-asi-de-sencillo\/#respond\"]}]},{\"@type\":\"WebPage\",\"@id\":\"https:\/\/lobosnews.com.ar\/index.php\/2026\/04\/29\/la-unica-condicion-que-puso-marta-fort-para-ingresar-a-la-casa-de-gran-hermano-asi-de-sencillo\/\",\"url\":\"https:\/\/lobosnews.com.ar\/index.php\/2026\/04\/29\/la-unica-condicion-que-puso-marta-fort-para-ingresar-a-la-casa-de-gran-hermano-asi-de-sencillo\/\",\"name\":\"La \u00fanica condici\u00f3n que puso Marta Fort para ingresar a la casa de Gran Hermano: \u201cAs\u00ed de sencillo\u201d - Lobos News\",\"isPartOf\":{\"@id\":\"https:\/\/lobosnews.com.ar\/#website\"},\"primaryImageOfPage\":{\"@id\":\"https:\/\/lobosnews.com.ar\/index.php\/2026\/04\/29\/la-unica-condicion-que-puso-marta-fort-para-ingresar-a-la-casa-de-gran-hermano-asi-de-sencillo\/#primaryimage\"},\"image\":{\"@id\":\"https:\/\/lobosnews.com.ar\/index.php\/2026\/04\/29\/la-unica-condicion-que-puso-marta-fort-para-ingresar-a-la-casa-de-gran-hermano-asi-de-sencillo\/#primaryimage\"},\"thumbnailUrl\":\"https:\/\/lobosnews.com.ar\/wp-content\/uploads\/2026\/04\/la-unica-condicion-que-puso-marta-fort-para-ingresar-a-la-casa-de-gran-hermano-asi-de-sencillo-2.jpg\",\"datePublished\":\"2026-04-29T20:05:41+00:00\",\"dateModified\":\"2026-04-29T21:02:43+00:00\",\"breadcrumb\":{\"@id\":\"https:\/\/lobosnews.com.ar\/index.php\/2026\/04\/29\/la-unica-condicion-que-puso-marta-fort-para-ingresar-a-la-casa-de-gran-hermano-asi-de-sencillo\/#breadcrumb\"},\"inLanguage\":\"es\",\"potentialAction\":[{\"@type\":\"ReadAction\",\"target\":[\"https:\/\/lobosnews.com.ar\/index.php\/2026\/04\/29\/la-unica-condicion-que-puso-marta-fort-para-ingresar-a-la-casa-de-gran-hermano-asi-de-sencillo\/\"]}]},{\"@type\":\"ImageObject\",\"inLanguage\":\"es\",\"@id\":\"https:\/\/lobosnews.com.ar\/index.php\/2026\/04\/29\/la-unica-condicion-que-puso-marta-fort-para-ingresar-a-la-casa-de-gran-hermano-asi-de-sencillo\/#primaryimage\",\"url\":\"https:\/\/lobosnews.com.ar\/wp-content\/uploads\/2026\/04\/la-unica-condicion-que-puso-marta-fort-para-ingresar-a-la-casa-de-gran-hermano-asi-de-sencillo-2.jpg\",\"contentUrl\":\"https:\/\/lobosnews.com.ar\/wp-content\/uploads\/2026\/04\/la-unica-condicion-que-puso-marta-fort-para-ingresar-a-la-casa-de-gran-hermano-asi-de-sencillo-2.jpg\",\"width\":853,\"height\":1280,\"caption\":\"La \u00fanica condici\u00f3n que puso Marta Fort para ingresar a la casa de Gran Hermano: \u201cAs\u00ed de sencillo\u201d\"},{\"@type\":\"BreadcrumbList\",\"@id\":\"https:\/\/lobosnews.com.ar\/index.php\/2026\/04\/29\/la-unica-condicion-que-puso-marta-fort-para-ingresar-a-la-casa-de-gran-hermano-asi-de-sencillo\/#breadcrumb\",\"itemListElement\":[{\"@type\":\"ListItem\",\"position\":1,\"name\":\"Portada\",\"item\":\"https:\/\/lobosnews.com.ar\/\"},{\"@type\":\"ListItem\",\"position\":2,\"name\":\"La \u00fanica condici\u00f3n que puso Marta Fort para ingresar a la casa de Gran Hermano: \u201cAs\u00ed de sencillo\u201d\"}]},{\"@type\":\"WebSite\",\"@id\":\"https:\/\/lobosnews.com.ar\/#website\",\"url\":\"https:\/\/lobosnews.com.ar\/\",\"name\":\"Lobos News\",\"description\":\"Informaci\u00f3n a cada instante\",\"publisher\":{\"@id\":\"https:\/\/lobosnews.com.ar\/#organization\"},\"potentialAction\":[{\"@type\":\"SearchAction\",\"target\":{\"@type\":\"EntryPoint\",\"urlTemplate\":\"https:\/\/lobosnews.com.ar\/?s={search_term_string}\"},\"query-input\":{\"@type\":\"PropertyValueSpecification\",\"valueRequired\":true,\"valueName\":\"search_term_string\"}}],\"inLanguage\":\"es\"},{\"@type\":\"Organization\",\"@id\":\"https:\/\/lobosnews.com.ar\/#organization\",\"name\":\"Lobos News\",\"url\":\"https:\/\/lobosnews.com.ar\/\",\"logo\":{\"@type\":\"ImageObject\",\"inLanguage\":\"es\",\"@id\":\"https:\/\/lobosnews.com.ar\/#\/schema\/logo\/image\/\",\"url\":\"https:\/\/lobosnews.com.ar\/wp-content\/uploads\/2026\/01\/logo-lobosnews.png\",\"contentUrl\":\"https:\/\/lobosnews.com.ar\/wp-content\/uploads\/2026\/01\/logo-lobosnews.png\",\"width\":500,\"height\":200,\"caption\":\"Lobos News\"},\"image\":{\"@id\":\"https:\/\/lobosnews.com.ar\/#\/schema\/logo\/image\/\"}},{\"@type\":\"Person\",\"@id\":\"https:\/\/lobosnews.com.ar\/#\/schema\/person\/232422a593d5c541dd9aef6aaed10943\",\"name\":\"admin\",\"image\":{\"@type\":\"ImageObject\",\"inLanguage\":\"es\",\"@id\":\"https:\/\/lobosnews.com.ar\/#\/schema\/person\/image\/\",\"url\":\"https:\/\/secure.gravatar.com\/avatar\/76e419471a2083bc3ceab22a763dbbf9b0c1bd15a6214cf3280e2c2dde4580f9?s=96&d=mm&r=g\",\"contentUrl\":\"https:\/\/secure.gravatar.com\/avatar\/76e419471a2083bc3ceab22a763dbbf9b0c1bd15a6214cf3280e2c2dde4580f9?s=96&d=mm&r=g\",\"caption\":\"admin\"},\"sameAs\":[\"https:\/\/lobosnews.com.ar\"],\"url\":\"https:\/\/lobosnews.com.ar\/index.php\/author\/lobos-news\/\"}]}<\/script>\n<!-- \/ Yoast SEO plugin. -->","yoast_head_json":{"title":"La \u00fanica condici\u00f3n que puso Marta Fort para ingresar a la casa de Gran Hermano: \u201cAs\u00ed de sencillo\u201d - Lobos News","robots":{"index":"index","follow":"follow","max-snippet":"max-snippet:-1","max-image-preview":"max-image-preview:large","max-video-preview":"max-video-preview:-1"},"canonical":"https:\/\/lobosnews.com.ar\/index.php\/2026\/04\/29\/la-unica-condicion-que-puso-marta-fort-para-ingresar-a-la-casa-de-gran-hermano-asi-de-sencillo\/","og_locale":"es_ES","og_type":"article","og_title":"La \u00fanica condici\u00f3n que puso Marta Fort para ingresar a la casa de Gran Hermano: \u201cAs\u00ed de sencillo\u201d - Lobos News","og_description":"Con espontaneidad y humor, Marta Fort plante\u00f3 la condici\u00f3n \u00fanica que pondr\u00eda para ingresar a Gran Hermano Generaci\u00f3n Dorada durante una entrevista en el segmento \u201cTodo lo contrario\u201d de Streams Telefe. Al ser consultada por los conductores Grego Rosello y Lean Saifir sobre su disposici\u00f3n para participar en el reality, Marta Fort fue contundente: \u201cSi...","og_url":"https:\/\/lobosnews.com.ar\/index.php\/2026\/04\/29\/la-unica-condicion-que-puso-marta-fort-para-ingresar-a-la-casa-de-gran-hermano-asi-de-sencillo\/","og_site_name":"Lobos News","article_published_time":"2026-04-29T20:05:41+00:00","article_modified_time":"2026-04-29T21:02:43+00:00","og_image":[{"url":"https:\/\/lobosnews.com.ar\/wp-content\/uploads\/2026\/04\/la-unica-condicion-que-puso-marta-fort-para-ingresar-a-la-casa-de-gran-hermano-asi-de-sencillo.jpg","type":"","width":"","height":""}],"author":"admin","twitter_card":"summary_large_image","twitter_misc":{"Escrito por":"admin","Tiempo de lectura":"3 minutos"},"schema":{"@context":"https:\/\/schema.org","@graph":[{"@type":"Article","@id":"https:\/\/lobosnews.com.ar\/index.php\/2026\/04\/29\/la-unica-condicion-que-puso-marta-fort-para-ingresar-a-la-casa-de-gran-hermano-asi-de-sencillo\/#article","isPartOf":{"@id":"https:\/\/lobosnews.com.ar\/index.php\/2026\/04\/29\/la-unica-condicion-que-puso-marta-fort-para-ingresar-a-la-casa-de-gran-hermano-asi-de-sencillo\/"},"author":{"name":"admin","@id":"https:\/\/lobosnews.com.ar\/#\/schema\/person\/232422a593d5c541dd9aef6aaed10943"},"headline":"La \u00fanica condici\u00f3n que puso Marta Fort para ingresar a la casa de Gran Hermano: \u201cAs\u00ed de sencillo\u201d","datePublished":"2026-04-29T20:05:41+00:00","dateModified":"2026-04-29T21:02:43+00:00","mainEntityOfPage":{"@id":"https:\/\/lobosnews.com.ar\/index.php\/2026\/04\/29\/la-unica-condicion-que-puso-marta-fort-para-ingresar-a-la-casa-de-gran-hermano-asi-de-sencillo\/"},"wordCount":675,"commentCount":0,"publisher":{"@id":"https:\/\/lobosnews.com.ar\/#organization"},"image":{"@id":"https:\/\/lobosnews.com.ar\/index.php\/2026\/04\/29\/la-unica-condicion-que-puso-marta-fort-para-ingresar-a-la-casa-de-gran-hermano-asi-de-sencillo\/#primaryimage"},"thumbnailUrl":"https:\/\/lobosnews.com.ar\/wp-content\/uploads\/2026\/04\/la-unica-condicion-que-puso-marta-fort-para-ingresar-a-la-casa-de-gran-hermano-asi-de-sencillo-2.jpg","articleSection":["Cine y Series"],"inLanguage":"es","potentialAction":[{"@type":"CommentAction","name":"Comment","target":["https:\/\/lobosnews.com.ar\/index.php\/2026\/04\/29\/la-unica-condicion-que-puso-marta-fort-para-ingresar-a-la-casa-de-gran-hermano-asi-de-sencillo\/#respond"]}]},{"@type":"WebPage","@id":"https:\/\/lobosnews.com.ar\/index.php\/2026\/04\/29\/la-unica-condicion-que-puso-marta-fort-para-ingresar-a-la-casa-de-gran-hermano-asi-de-sencillo\/","url":"https:\/\/lobosnews.com.ar\/index.php\/2026\/04\/29\/la-unica-condicion-que-puso-marta-fort-para-ingresar-a-la-casa-de-gran-hermano-asi-de-sencillo\/","name":"La \u00fanica condici\u00f3n que puso Marta Fort para ingresar a la casa de Gran Hermano: \u201cAs\u00ed de sencillo\u201d - Lobos News","isPartOf":{"@id":"https:\/\/lobosnews.com.ar\/#website"},"primaryImageOfPage":{"@id":"https:\/\/lobosnews.com.ar\/index.php\/2026\/04\/29\/la-unica-condicion-que-puso-marta-fort-para-ingresar-a-la-casa-de-gran-hermano-asi-de-sencillo\/#primaryimage"},"image":{"@id":"https:\/\/lobosnews.com.ar\/index.php\/2026\/04\/29\/la-unica-condicion-que-puso-marta-fort-para-ingresar-a-la-casa-de-gran-hermano-asi-de-sencillo\/#primaryimage"},"thumbnailUrl":"https:\/\/lobosnews.com.ar\/wp-content\/uploads\/2026\/04\/la-unica-condicion-que-puso-marta-fort-para-ingresar-a-la-casa-de-gran-hermano-asi-de-sencillo-2.jpg","datePublished":"2026-04-29T20:05:41+00:00","dateModified":"2026-04-29T21:02:43+00:00","breadcrumb":{"@id":"https:\/\/lobosnews.com.ar\/index.php\/2026\/04\/29\/la-unica-condicion-que-puso-marta-fort-para-ingresar-a-la-casa-de-gran-hermano-asi-de-sencillo\/#breadcrumb"},"inLanguage":"es","potentialAction":[{"@type":"ReadAction","target":["https:\/\/lobosnews.com.ar\/index.php\/2026\/04\/29\/la-unica-condicion-que-puso-marta-fort-para-ingresar-a-la-casa-de-gran-hermano-asi-de-sencillo\/"]}]},{"@type":"ImageObject","inLanguage":"es","@id":"https:\/\/lobosnews.com.ar\/index.php\/2026\/04\/29\/la-unica-condicion-que-puso-marta-fort-para-ingresar-a-la-casa-de-gran-hermano-asi-de-sencillo\/#primaryimage","url":"https:\/\/lobosnews.com.ar\/wp-content\/uploads\/2026\/04\/la-unica-condicion-que-puso-marta-fort-para-ingresar-a-la-casa-de-gran-hermano-asi-de-sencillo-2.jpg","contentUrl":"https:\/\/lobosnews.com.ar\/wp-content\/uploads\/2026\/04\/la-unica-condicion-que-puso-marta-fort-para-ingresar-a-la-casa-de-gran-hermano-asi-de-sencillo-2.jpg","width":853,"height":1280,"caption":"La \u00fanica condici\u00f3n que puso Marta Fort para ingresar a la casa de Gran Hermano: \u201cAs\u00ed de sencillo\u201d"},{"@type":"BreadcrumbList","@id":"https:\/\/lobosnews.com.ar\/index.php\/2026\/04\/29\/la-unica-condicion-que-puso-marta-fort-para-ingresar-a-la-casa-de-gran-hermano-asi-de-sencillo\/#breadcrumb","itemListElement":[{"@type":"ListItem","position":1,"name":"Portada","item":"https:\/\/lobosnews.com.ar\/"},{"@type":"ListItem","position":2,"name":"La \u00fanica condici\u00f3n que puso Marta Fort para ingresar a la casa de Gran Hermano: \u201cAs\u00ed de sencillo\u201d"}]},{"@type":"WebSite","@id":"https:\/\/lobosnews.com.ar\/#website","url":"https:\/\/lobosnews.com.ar\/","name":"Lobos News","description":"Informaci\u00f3n a cada instante","publisher":{"@id":"https:\/\/lobosnews.com.ar\/#organization"},"potentialAction":[{"@type":"SearchAction","target":{"@type":"EntryPoint","urlTemplate":"https:\/\/lobosnews.com.ar\/?s={search_term_string}"},"query-input":{"@type":"PropertyValueSpecification","valueRequired":true,"valueName":"search_term_string"}}],"inLanguage":"es"},{"@type":"Organization","@id":"https:\/\/lobosnews.com.ar\/#organization","name":"Lobos News","url":"https:\/\/lobosnews.com.ar\/","logo":{"@type":"ImageObject","inLanguage":"es","@id":"https:\/\/lobosnews.com.ar\/#\/schema\/logo\/image\/","url":"https:\/\/lobosnews.com.ar\/wp-content\/uploads\/2026\/01\/logo-lobosnews.png","contentUrl":"https:\/\/lobosnews.com.ar\/wp-content\/uploads\/2026\/01\/logo-lobosnews.png","width":500,"height":200,"caption":"Lobos News"},"image":{"@id":"https:\/\/lobosnews.com.ar\/#\/schema\/logo\/image\/"}},{"@type":"Person","@id":"https:\/\/lobosnews.com.ar\/#\/schema\/person\/232422a593d5c541dd9aef6aaed10943","name":"admin","image":{"@type":"ImageObject","inLanguage":"es","@id":"https:\/\/lobosnews.com.ar\/#\/schema\/person\/image\/","url":"https:\/\/secure.gravatar.com\/avatar\/76e419471a2083bc3ceab22a763dbbf9b0c1bd15a6214cf3280e2c2dde4580f9?s=96&d=mm&r=g","contentUrl":"https:\/\/secure.gravatar.com\/avatar\/76e419471a2083bc3ceab22a763dbbf9b0c1bd15a6214cf3280e2c2dde4580f9?s=96&d=mm&r=g","caption":"admin"},"sameAs":["https:\/\/lobosnews.com.ar"],"url":"https:\/\/lobosnews.com.ar\/index.php\/author\/lobos-news\/"}]}},"jetpack_featured_media_url":"https:\/\/lobosnews.com.ar\/wp-content\/uploads\/2026\/04\/la-unica-condicion-que-puso-marta-fort-para-ingresar-a-la-casa-de-gran-hermano-asi-de-sencillo-2.jpg","jetpack_sharing_enabled":true,"_links":{"self":[{"href":"https:\/\/lobosnews.com.ar\/index.php\/wp-json\/wp\/v2\/posts\/47333","targetHints":{"allow":["GET"]}}],"collection":[{"href":"https:\/\/lobosnews.com.ar\/index.php\/wp-json\/wp\/v2\/posts"}],"about":[{"href":"https:\/\/lobosnews.com.ar\/index.php\/wp-json\/wp\/v2\/types\/post"}],"author":[{"embeddable":true,"href":"https:\/\/lobosnews.com.ar\/index.php\/wp-json\/wp\/v2\/users\/1"}],"replies":[{"embeddable":true,"href":"https:\/\/lobosnews.com.ar\/index.php\/wp-json\/wp\/v2\/comments?post=47333"}],"version-history":[{"count":1,"href":"https:\/\/lobosnews.com.ar\/index.php\/wp-json\/wp\/v2\/posts\/47333\/revisions"}],"predecessor-version":[{"id":47336,"href":"https:\/\/lobosnews.com.ar\/index.php\/wp-json\/wp\/v2\/posts\/47333\/revisions\/47336"}],"wp:featuredmedia":[{"embeddable":true,"href":"https:\/\/lobosnews.com.ar\/index.php\/wp-json\/wp\/v2\/media\/47337"}],"wp:attachment":[{"href":"https:\/\/lobosnews.com.ar\/index.php\/wp-json\/wp\/v2\/media?parent=47333"}],"wp:term":[{"taxonomy":"category","embeddable":true,"href":"https:\/\/lobosnews.com.ar\/index.php\/wp-json\/wp\/v2\/categories?post=47333"},{"taxonomy":"post_tag","embeddable":true,"href":"https:\/\/lobosnews.com.ar\/index.php\/wp-json\/wp\/v2\/tags?post=47333"}],"curies":[{"name":"wp","href":"https:\/\/api.w.org\/{rel}","templated":true}]}}