{"id":47307,"date":"2026-04-29T20:07:20","date_gmt":"2026-04-29T20:07:20","guid":{"rendered":"https:\/\/lobosnews.com.ar\/index.php\/2026\/04\/29\/ecuador-anuncio-la-construccion-de-una-nueva-megacarcel\/"},"modified":"2026-04-29T20:50:22","modified_gmt":"2026-04-29T20:50:22","slug":"ecuador-anuncio-la-construccion-de-una-nueva-megacarcel","status":"publish","type":"post","link":"https:\/\/lobosnews.com.ar\/index.php\/2026\/04\/29\/ecuador-anuncio-la-construccion-de-una-nueva-megacarcel\/","title":{"rendered":"Ecuador anunci\u00f3 la construcci\u00f3n de una nueva megac\u00e1rcel"},"content":{"rendered":"<p><img fetchpriority=\"high\" decoding=\"async\" src=\"https:\/\/lobosnews.com.ar\/wp-content\/uploads\/2026\/04\/ecuador-anuncio-la-construccion-de-una-nueva-megacarcel.jpg\" alt=\"Imagen de referencia. Fotograf\u00eda cedida por la Presidencia de Ecuador del presidente ecuatoriano, Daniel Noboa (c), observando una maqueta de una c\u00e1rcel este viernes, en Santa Elena (Ecuador). EFE\/ Presidencia de Ecuador \" height=\"4000\" width=\"5518\"\/><\/p>\n<p><b>Ecuador<\/b> construir\u00e1 una nueva prisi\u00f3n de gran escala cuya ubicaci\u00f3n se mantiene en reserva y que, seg\u00fan las proyecciones oficiales, ser\u00e1 aproximadamente diez veces m\u00e1s grande que la <b>C\u00e1rcel del Encuentro, <\/b>uno de los centros penitenciarios m\u00e1s recientes del pa\u00eds. El proyecto, anunciado en el contexto de la pol\u00edtica de seguridad del gobierno de <b>Daniel Noboa<\/b>, tendr\u00eda un plazo estimado de ejecuci\u00f3n de 18 meses y busca convertirse en un eje central de la reconfiguraci\u00f3n del sistema carcelario ecuatoriano.<\/p>\n<p>Aunque las autoridades no han revelado la ubicaci\u00f3n exacta del nuevo complejo, la decisi\u00f3n de mantenerla en secreto responde, seg\u00fan fuentes oficiales, a razones de seguridad nacional. La reserva apunta a evitar posibles filtraciones o sabotajes por parte de estructuras criminales que han demostrado capacidad de operaci\u00f3n incluso desde centros penitenciarios. Este enfoque tambi\u00e9n busca prevenir presiones sociales o pol\u00edticas en las zonas donde eventualmente se emplazar\u00eda la infraestructura.<\/p>\n<p>El tama\u00f1o proyectado de la nueva prisi\u00f3n marcar\u00eda un hito en la regi\u00f3n. Mientras la C\u00e1rcel del Encuentro tiene una capacidad cercana a 800 personas privadas de libertad, la nueva instalaci\u00f3n podr\u00eda albergar hasta 15.000 internos, de acuerdo con estimaciones difundidas en el marco del proyecto. Esto la convertir\u00eda en una de las c\u00e1rceles m\u00e1s grandes de Am\u00e9rica Latina y en el principal nodo del sistema penitenciario ecuatoriano.<\/p>\n<p><img loading=\"lazy\" decoding=\"async\" src=\"https:\/\/lobosnews.com.ar\/wp-content\/uploads\/2026\/04\/ecuador-anuncio-la-construccion-de-una-nueva-megacarcel-1.jpg\" alt=\"El ministro del Interior, John Reimberg. REUTERS\/Karen Toro\" height=\"2976\" width=\"4461\"\/><\/p>\n<p>La iniciativa se enmarca en una respuesta estatal a la crisis estructural que atraviesan las c\u00e1rceles del pa\u00eds desde hace varios a\u00f1os. Ecuador ha registrado episodios reiterados de violencia intracarcelaria, con masacres que han dejado cientos de muertos y han evidenciado el control de pabellones por parte de organizaciones criminales. A esto se suma el hacinamiento y la limitada capacidad de rehabilitaci\u00f3n social del sistema.<\/p>\n<p>Frente a este escenario, el gobierno ha impulsado una estrategia de endurecimiento que combina el control militar de las c\u00e1rceles, la clasificaci\u00f3n m\u00e1s estricta de los reclusos y la construcci\u00f3n de infraestructura de alta seguridad. El modelo toma referencias de experiencias internacionales que priorizan el aislamiento de cabecillas y la restricci\u00f3n de comunicaciones como mecanismos para debilitar el mando criminal desde prisi\u00f3n.<\/p>\n<p>El nuevo centro penitenciario formar\u00eda parte de esa l\u00f3gica. Se prev\u00e9 que opere como una c\u00e1rcel de m\u00e1xima o incluso superm\u00e1xima seguridad, con sistemas tecnol\u00f3gicos avanzados, control estricto de accesos y una organizaci\u00f3n interna dise\u00f1ada para evitar la interacci\u00f3n entre estructuras delictivas rivales. Adem\u00e1s, versiones preliminares, recogidas en medios locales, indican que<b> el complejo incluir\u00eda servicios integrados como atenci\u00f3n m\u00e9dica y log\u00edstica interna, lo que permitir\u00eda un funcionamiento m\u00e1s aut\u00f3nomo respecto de otras instalaciones del pa\u00eds.<\/b><\/p>\n<p>Sin embargo, la magnitud del proyecto tambi\u00e9n ha generado <b>cuestionamientos <\/b>entre especialistas en pol\u00edtica penitenciaria y derechos humanos. Una de las principales preocupaciones es que la concentraci\u00f3n de un n\u00famero tan elevado de internos en un solo espacio podr\u00eda derivar en problemas de gobernabilidad si no se acompa\u00f1a de una gesti\u00f3n adecuada. Tambi\u00e9n se advierte sobre el riesgo de que el \u00e9nfasis en el control y el aislamiento reduzca a\u00fan m\u00e1s las posibilidades de rehabilitaci\u00f3n.<\/p>\n<p><img loading=\"lazy\" decoding=\"async\" src=\"https:\/\/lobosnews.com.ar\/wp-content\/uploads\/2026\/04\/ecuador-anuncio-la-construccion-de-una-nueva-megacarcel-2.jpg\" alt=\"\" height=\"1282\" width=\"1920\"\/><\/p>\n<p>Otro punto de debate es la falta de informaci\u00f3n p\u00fablica sobre el proyecto. La reserva sobre la ubicaci\u00f3n y los detalles t\u00e9cnicos limita el escrutinio ciudadano y de organismos de control, en un contexto en el que el sistema penitenciario ha sido hist\u00f3ricamente cuestionado por su opacidad y debilidad institucional.<\/p>\n<p>El plan de construcci\u00f3n de esta <b>megac\u00e1rcel<\/b> tambi\u00e9n se articula con la intenci\u00f3n de reorganizar el mapa penitenciario nacional. En paralelo, el Gobierno ha evaluado el cierre o la transformaci\u00f3n de centros considerados obsoletos o inseguros, con el objetivo de concentrar a la poblaci\u00f3n penitenciaria en instalaciones m\u00e1s controladas y modernas.<\/p>\n<p>La apuesta por grandes complejos de alta seguridad refleja la transici\u00f3n del Ecuador hacia un modelo centrado en el control territorial del sistema penitenciario y en la contenci\u00f3n de estructuras delictivas de alto impacto.<\/p>\n","protected":false},"excerpt":{"rendered":"<p>Ecuador construir\u00e1 una nueva prisi\u00f3n de gran escala cuya ubicaci\u00f3n se mantiene en reserva y que, seg\u00fan las proyecciones oficiales, ser\u00e1 aproximadamente diez veces m\u00e1s grande que la C\u00e1rcel del Encuentro, uno de los centros penitenciarios m\u00e1s recientes del pa\u00eds. El proyecto, anunciado en el contexto de la pol\u00edtica de seguridad del gobierno de Daniel&#8230;<\/p>\n","protected":false},"author":1,"featured_media":47312,"comment_status":"open","ping_status":"closed","sticky":false,"template":"","format":"standard","meta":{"_jetpack_memberships_contains_paid_content":false,"footnotes":""},"categories":[31],"tags":[],"class_list":["post-47307","post","type-post","status-publish","format-standard","has-post-thumbnail","hentry","category-actualidad"],"magazineBlocksPostFeaturedMedia":{"thumbnail":"https:\/\/lobosnews.com.ar\/wp-content\/uploads\/2026\/04\/ecuador-anuncio-la-construccion-de-una-nueva-megacarcel-4-150x150.jpg","medium":"https:\/\/lobosnews.com.ar\/wp-content\/uploads\/2026\/04\/ecuador-anuncio-la-construccion-de-una-nueva-megacarcel-4-300x200.jpg","medium_large":"https:\/\/lobosnews.com.ar\/wp-content\/uploads\/2026\/04\/ecuador-anuncio-la-construccion-de-una-nueva-megacarcel-4-768x513.jpg","large":"https:\/\/lobosnews.com.ar\/wp-content\/uploads\/2026\/04\/ecuador-anuncio-la-construccion-de-una-nueva-megacarcel-4-1024x684.jpg","1536x1536":"https:\/\/lobosnews.com.ar\/wp-content\/uploads\/2026\/04\/ecuador-anuncio-la-construccion-de-una-nueva-megacarcel-4-1536x1026.jpg","2048x2048":"https:\/\/lobosnews.com.ar\/wp-content\/uploads\/2026\/04\/ecuador-anuncio-la-construccion-de-una-nueva-megacarcel-4.jpg","newsmatic-featured":"https:\/\/lobosnews.com.ar\/wp-content\/uploads\/2026\/04\/ecuador-anuncio-la-construccion-de-una-nueva-megacarcel-4-820x545.jpg","newsmatic-list":"https:\/\/lobosnews.com.ar\/wp-content\/uploads\/2026\/04\/ecuador-anuncio-la-construccion-de-una-nueva-megacarcel-4-600x400.jpg","newsmatic-thumb":"https:\/\/lobosnews.com.ar\/wp-content\/uploads\/2026\/04\/ecuador-anuncio-la-construccion-de-una-nueva-megacarcel-4-300x200.jpg","newsmatic-small":"https:\/\/lobosnews.com.ar\/wp-content\/uploads\/2026\/04\/ecuador-anuncio-la-construccion-de-una-nueva-megacarcel-4-150x95.jpg","newsmatic-grid":"https:\/\/lobosnews.com.ar\/wp-content\/uploads\/2026\/04\/ecuador-anuncio-la-construccion-de-una-nueva-megacarcel-4-400x250.jpg"},"magazineBlocksPostAuthor":{"name":"admin","avatar":"https:\/\/secure.gravatar.com\/avatar\/76e419471a2083bc3ceab22a763dbbf9b0c1bd15a6214cf3280e2c2dde4580f9?s=96&d=mm&r=g"},"magazineBlocksPostCommentsNumber":"0","magazineBlocksPostExcerpt":"Ecuador construir\u00e1 una nueva prisi\u00f3n de gran escala cuya ubicaci\u00f3n se mantiene en reserva y que, seg\u00fan las proyecciones oficiales, ser\u00e1 aproximadamente diez veces m\u00e1s grande que la C\u00e1rcel del Encuentro, uno de los centros penitenciarios m\u00e1s recientes del pa\u00eds. El proyecto, anunciado en el contexto de la pol\u00edtica de seguridad del gobierno de Daniel...","magazineBlocksPostCategories":["Actualidad"],"magazineBlocksPostViewCount":11,"magazineBlocksPostReadTime":4,"magazine_blocks_featured_image_url":{"full":["https:\/\/lobosnews.com.ar\/wp-content\/uploads\/2026\/04\/ecuador-anuncio-la-construccion-de-una-nueva-megacarcel-4.jpg",1920,1282,false],"medium":["https:\/\/lobosnews.com.ar\/wp-content\/uploads\/2026\/04\/ecuador-anuncio-la-construccion-de-una-nueva-megacarcel-4-300x200.jpg",300,200,true],"thumbnail":["https:\/\/lobosnews.com.ar\/wp-content\/uploads\/2026\/04\/ecuador-anuncio-la-construccion-de-una-nueva-megacarcel-4-150x150.jpg",150,150,true]},"magazine_blocks_author":{"display_name":"admin","author_link":"https:\/\/lobosnews.com.ar\/index.php\/author\/lobos-news\/"},"magazine_blocks_comment":0,"magazine_blocks_author_image":"https:\/\/secure.gravatar.com\/avatar\/76e419471a2083bc3ceab22a763dbbf9b0c1bd15a6214cf3280e2c2dde4580f9?s=96&d=mm&r=g","magazine_blocks_category":"<a href=\"#\" class=\"category-link category-link-31\">Actualidad<\/a>","yoast_head":"<!-- This site is optimized with the Yoast SEO plugin v26.6 - https:\/\/yoast.com\/wordpress\/plugins\/seo\/ -->\n<title>Ecuador anunci\u00f3 la construcci\u00f3n de una nueva megac\u00e1rcel - Lobos News<\/title>\n<meta name=\"robots\" content=\"index, follow, max-snippet:-1, max-image-preview:large, max-video-preview:-1\" \/>\n<link rel=\"canonical\" href=\"https:\/\/lobosnews.com.ar\/index.php\/2026\/04\/29\/ecuador-anuncio-la-construccion-de-una-nueva-megacarcel\/\" \/>\n<meta property=\"og:locale\" content=\"es_ES\" \/>\n<meta property=\"og:type\" content=\"article\" \/>\n<meta property=\"og:title\" content=\"Ecuador anunci\u00f3 la construcci\u00f3n de una nueva megac\u00e1rcel - Lobos News\" \/>\n<meta property=\"og:description\" content=\"Ecuador construir\u00e1 una nueva prisi\u00f3n de gran escala cuya ubicaci\u00f3n se mantiene en reserva y que, seg\u00fan las proyecciones oficiales, ser\u00e1 aproximadamente diez veces m\u00e1s grande que la C\u00e1rcel del Encuentro, uno de los centros penitenciarios m\u00e1s recientes del pa\u00eds. El proyecto, anunciado en el contexto de la pol\u00edtica de seguridad del gobierno de Daniel...\" \/>\n<meta property=\"og:url\" content=\"https:\/\/lobosnews.com.ar\/index.php\/2026\/04\/29\/ecuador-anuncio-la-construccion-de-una-nueva-megacarcel\/\" \/>\n<meta property=\"og:site_name\" content=\"Lobos News\" \/>\n<meta property=\"article:published_time\" content=\"2026-04-29T20:07:20+00:00\" \/>\n<meta property=\"article:modified_time\" content=\"2026-04-29T20:50:22+00:00\" \/>\n<meta property=\"og:image\" content=\"https:\/\/lobosnews.com.ar\/wp-content\/uploads\/2026\/04\/ecuador-anuncio-la-construccion-de-una-nueva-megacarcel.jpg\" \/>\n<meta name=\"author\" content=\"admin\" \/>\n<meta name=\"twitter:card\" content=\"summary_large_image\" \/>\n<meta name=\"twitter:label1\" content=\"Escrito por\" \/>\n\t<meta name=\"twitter:data1\" content=\"admin\" \/>\n\t<meta name=\"twitter:label2\" content=\"Tiempo de lectura\" \/>\n\t<meta name=\"twitter:data2\" content=\"4 minutos\" \/>\n<script type=\"application\/ld+json\" class=\"yoast-schema-graph\">{\"@context\":\"https:\/\/schema.org\",\"@graph\":[{\"@type\":\"Article\",\"@id\":\"https:\/\/lobosnews.com.ar\/index.php\/2026\/04\/29\/ecuador-anuncio-la-construccion-de-una-nueva-megacarcel\/#article\",\"isPartOf\":{\"@id\":\"https:\/\/lobosnews.com.ar\/index.php\/2026\/04\/29\/ecuador-anuncio-la-construccion-de-una-nueva-megacarcel\/\"},\"author\":{\"name\":\"admin\",\"@id\":\"https:\/\/lobosnews.com.ar\/#\/schema\/person\/232422a593d5c541dd9aef6aaed10943\"},\"headline\":\"Ecuador anunci\u00f3 la construcci\u00f3n de una nueva megac\u00e1rcel\",\"datePublished\":\"2026-04-29T20:07:20+00:00\",\"dateModified\":\"2026-04-29T20:50:22+00:00\",\"mainEntityOfPage\":{\"@id\":\"https:\/\/lobosnews.com.ar\/index.php\/2026\/04\/29\/ecuador-anuncio-la-construccion-de-una-nueva-megacarcel\/\"},\"wordCount\":718,\"commentCount\":0,\"publisher\":{\"@id\":\"https:\/\/lobosnews.com.ar\/#organization\"},\"image\":{\"@id\":\"https:\/\/lobosnews.com.ar\/index.php\/2026\/04\/29\/ecuador-anuncio-la-construccion-de-una-nueva-megacarcel\/#primaryimage\"},\"thumbnailUrl\":\"https:\/\/lobosnews.com.ar\/wp-content\/uploads\/2026\/04\/ecuador-anuncio-la-construccion-de-una-nueva-megacarcel-4.jpg\",\"articleSection\":[\"Actualidad\"],\"inLanguage\":\"es\",\"potentialAction\":[{\"@type\":\"CommentAction\",\"name\":\"Comment\",\"target\":[\"https:\/\/lobosnews.com.ar\/index.php\/2026\/04\/29\/ecuador-anuncio-la-construccion-de-una-nueva-megacarcel\/#respond\"]}]},{\"@type\":\"WebPage\",\"@id\":\"https:\/\/lobosnews.com.ar\/index.php\/2026\/04\/29\/ecuador-anuncio-la-construccion-de-una-nueva-megacarcel\/\",\"url\":\"https:\/\/lobosnews.com.ar\/index.php\/2026\/04\/29\/ecuador-anuncio-la-construccion-de-una-nueva-megacarcel\/\",\"name\":\"Ecuador anunci\u00f3 la construcci\u00f3n de una nueva megac\u00e1rcel - Lobos News\",\"isPartOf\":{\"@id\":\"https:\/\/lobosnews.com.ar\/#website\"},\"primaryImageOfPage\":{\"@id\":\"https:\/\/lobosnews.com.ar\/index.php\/2026\/04\/29\/ecuador-anuncio-la-construccion-de-una-nueva-megacarcel\/#primaryimage\"},\"image\":{\"@id\":\"https:\/\/lobosnews.com.ar\/index.php\/2026\/04\/29\/ecuador-anuncio-la-construccion-de-una-nueva-megacarcel\/#primaryimage\"},\"thumbnailUrl\":\"https:\/\/lobosnews.com.ar\/wp-content\/uploads\/2026\/04\/ecuador-anuncio-la-construccion-de-una-nueva-megacarcel-4.jpg\",\"datePublished\":\"2026-04-29T20:07:20+00:00\",\"dateModified\":\"2026-04-29T20:50:22+00:00\",\"breadcrumb\":{\"@id\":\"https:\/\/lobosnews.com.ar\/index.php\/2026\/04\/29\/ecuador-anuncio-la-construccion-de-una-nueva-megacarcel\/#breadcrumb\"},\"inLanguage\":\"es\",\"potentialAction\":[{\"@type\":\"ReadAction\",\"target\":[\"https:\/\/lobosnews.com.ar\/index.php\/2026\/04\/29\/ecuador-anuncio-la-construccion-de-una-nueva-megacarcel\/\"]}]},{\"@type\":\"ImageObject\",\"inLanguage\":\"es\",\"@id\":\"https:\/\/lobosnews.com.ar\/index.php\/2026\/04\/29\/ecuador-anuncio-la-construccion-de-una-nueva-megacarcel\/#primaryimage\",\"url\":\"https:\/\/lobosnews.com.ar\/wp-content\/uploads\/2026\/04\/ecuador-anuncio-la-construccion-de-una-nueva-megacarcel-4.jpg\",\"contentUrl\":\"https:\/\/lobosnews.com.ar\/wp-content\/uploads\/2026\/04\/ecuador-anuncio-la-construccion-de-una-nueva-megacarcel-4.jpg\",\"width\":1920,\"height\":1282,\"caption\":\"Ecuador anunci\u00f3 la construcci\u00f3n de una nueva megac\u00e1rcel\"},{\"@type\":\"BreadcrumbList\",\"@id\":\"https:\/\/lobosnews.com.ar\/index.php\/2026\/04\/29\/ecuador-anuncio-la-construccion-de-una-nueva-megacarcel\/#breadcrumb\",\"itemListElement\":[{\"@type\":\"ListItem\",\"position\":1,\"name\":\"Portada\",\"item\":\"https:\/\/lobosnews.com.ar\/\"},{\"@type\":\"ListItem\",\"position\":2,\"name\":\"Ecuador anunci\u00f3 la construcci\u00f3n de una nueva megac\u00e1rcel\"}]},{\"@type\":\"WebSite\",\"@id\":\"https:\/\/lobosnews.com.ar\/#website\",\"url\":\"https:\/\/lobosnews.com.ar\/\",\"name\":\"Lobos News\",\"description\":\"Informaci\u00f3n a cada instante\",\"publisher\":{\"@id\":\"https:\/\/lobosnews.com.ar\/#organization\"},\"potentialAction\":[{\"@type\":\"SearchAction\",\"target\":{\"@type\":\"EntryPoint\",\"urlTemplate\":\"https:\/\/lobosnews.com.ar\/?s={search_term_string}\"},\"query-input\":{\"@type\":\"PropertyValueSpecification\",\"valueRequired\":true,\"valueName\":\"search_term_string\"}}],\"inLanguage\":\"es\"},{\"@type\":\"Organization\",\"@id\":\"https:\/\/lobosnews.com.ar\/#organization\",\"name\":\"Lobos News\",\"url\":\"https:\/\/lobosnews.com.ar\/\",\"logo\":{\"@type\":\"ImageObject\",\"inLanguage\":\"es\",\"@id\":\"https:\/\/lobosnews.com.ar\/#\/schema\/logo\/image\/\",\"url\":\"https:\/\/lobosnews.com.ar\/wp-content\/uploads\/2026\/01\/logo-lobosnews.png\",\"contentUrl\":\"https:\/\/lobosnews.com.ar\/wp-content\/uploads\/2026\/01\/logo-lobosnews.png\",\"width\":500,\"height\":200,\"caption\":\"Lobos News\"},\"image\":{\"@id\":\"https:\/\/lobosnews.com.ar\/#\/schema\/logo\/image\/\"}},{\"@type\":\"Person\",\"@id\":\"https:\/\/lobosnews.com.ar\/#\/schema\/person\/232422a593d5c541dd9aef6aaed10943\",\"name\":\"admin\",\"image\":{\"@type\":\"ImageObject\",\"inLanguage\":\"es\",\"@id\":\"https:\/\/lobosnews.com.ar\/#\/schema\/person\/image\/\",\"url\":\"https:\/\/secure.gravatar.com\/avatar\/76e419471a2083bc3ceab22a763dbbf9b0c1bd15a6214cf3280e2c2dde4580f9?s=96&d=mm&r=g\",\"contentUrl\":\"https:\/\/secure.gravatar.com\/avatar\/76e419471a2083bc3ceab22a763dbbf9b0c1bd15a6214cf3280e2c2dde4580f9?s=96&d=mm&r=g\",\"caption\":\"admin\"},\"sameAs\":[\"https:\/\/lobosnews.com.ar\"],\"url\":\"https:\/\/lobosnews.com.ar\/index.php\/author\/lobos-news\/\"}]}<\/script>\n<!-- \/ Yoast SEO plugin. -->","yoast_head_json":{"title":"Ecuador anunci\u00f3 la construcci\u00f3n de una nueva megac\u00e1rcel - Lobos News","robots":{"index":"index","follow":"follow","max-snippet":"max-snippet:-1","max-image-preview":"max-image-preview:large","max-video-preview":"max-video-preview:-1"},"canonical":"https:\/\/lobosnews.com.ar\/index.php\/2026\/04\/29\/ecuador-anuncio-la-construccion-de-una-nueva-megacarcel\/","og_locale":"es_ES","og_type":"article","og_title":"Ecuador anunci\u00f3 la construcci\u00f3n de una nueva megac\u00e1rcel - Lobos News","og_description":"Ecuador construir\u00e1 una nueva prisi\u00f3n de gran escala cuya ubicaci\u00f3n se mantiene en reserva y que, seg\u00fan las proyecciones oficiales, ser\u00e1 aproximadamente diez veces m\u00e1s grande que la C\u00e1rcel del Encuentro, uno de los centros penitenciarios m\u00e1s recientes del pa\u00eds. El proyecto, anunciado en el contexto de la pol\u00edtica de seguridad del gobierno de Daniel...","og_url":"https:\/\/lobosnews.com.ar\/index.php\/2026\/04\/29\/ecuador-anuncio-la-construccion-de-una-nueva-megacarcel\/","og_site_name":"Lobos News","article_published_time":"2026-04-29T20:07:20+00:00","article_modified_time":"2026-04-29T20:50:22+00:00","og_image":[{"url":"https:\/\/lobosnews.com.ar\/wp-content\/uploads\/2026\/04\/ecuador-anuncio-la-construccion-de-una-nueva-megacarcel.jpg","type":"","width":"","height":""}],"author":"admin","twitter_card":"summary_large_image","twitter_misc":{"Escrito por":"admin","Tiempo de lectura":"4 minutos"},"schema":{"@context":"https:\/\/schema.org","@graph":[{"@type":"Article","@id":"https:\/\/lobosnews.com.ar\/index.php\/2026\/04\/29\/ecuador-anuncio-la-construccion-de-una-nueva-megacarcel\/#article","isPartOf":{"@id":"https:\/\/lobosnews.com.ar\/index.php\/2026\/04\/29\/ecuador-anuncio-la-construccion-de-una-nueva-megacarcel\/"},"author":{"name":"admin","@id":"https:\/\/lobosnews.com.ar\/#\/schema\/person\/232422a593d5c541dd9aef6aaed10943"},"headline":"Ecuador anunci\u00f3 la construcci\u00f3n de una nueva megac\u00e1rcel","datePublished":"2026-04-29T20:07:20+00:00","dateModified":"2026-04-29T20:50:22+00:00","mainEntityOfPage":{"@id":"https:\/\/lobosnews.com.ar\/index.php\/2026\/04\/29\/ecuador-anuncio-la-construccion-de-una-nueva-megacarcel\/"},"wordCount":718,"commentCount":0,"publisher":{"@id":"https:\/\/lobosnews.com.ar\/#organization"},"image":{"@id":"https:\/\/lobosnews.com.ar\/index.php\/2026\/04\/29\/ecuador-anuncio-la-construccion-de-una-nueva-megacarcel\/#primaryimage"},"thumbnailUrl":"https:\/\/lobosnews.com.ar\/wp-content\/uploads\/2026\/04\/ecuador-anuncio-la-construccion-de-una-nueva-megacarcel-4.jpg","articleSection":["Actualidad"],"inLanguage":"es","potentialAction":[{"@type":"CommentAction","name":"Comment","target":["https:\/\/lobosnews.com.ar\/index.php\/2026\/04\/29\/ecuador-anuncio-la-construccion-de-una-nueva-megacarcel\/#respond"]}]},{"@type":"WebPage","@id":"https:\/\/lobosnews.com.ar\/index.php\/2026\/04\/29\/ecuador-anuncio-la-construccion-de-una-nueva-megacarcel\/","url":"https:\/\/lobosnews.com.ar\/index.php\/2026\/04\/29\/ecuador-anuncio-la-construccion-de-una-nueva-megacarcel\/","name":"Ecuador anunci\u00f3 la construcci\u00f3n de una nueva megac\u00e1rcel - Lobos News","isPartOf":{"@id":"https:\/\/lobosnews.com.ar\/#website"},"primaryImageOfPage":{"@id":"https:\/\/lobosnews.com.ar\/index.php\/2026\/04\/29\/ecuador-anuncio-la-construccion-de-una-nueva-megacarcel\/#primaryimage"},"image":{"@id":"https:\/\/lobosnews.com.ar\/index.php\/2026\/04\/29\/ecuador-anuncio-la-construccion-de-una-nueva-megacarcel\/#primaryimage"},"thumbnailUrl":"https:\/\/lobosnews.com.ar\/wp-content\/uploads\/2026\/04\/ecuador-anuncio-la-construccion-de-una-nueva-megacarcel-4.jpg","datePublished":"2026-04-29T20:07:20+00:00","dateModified":"2026-04-29T20:50:22+00:00","breadcrumb":{"@id":"https:\/\/lobosnews.com.ar\/index.php\/2026\/04\/29\/ecuador-anuncio-la-construccion-de-una-nueva-megacarcel\/#breadcrumb"},"inLanguage":"es","potentialAction":[{"@type":"ReadAction","target":["https:\/\/lobosnews.com.ar\/index.php\/2026\/04\/29\/ecuador-anuncio-la-construccion-de-una-nueva-megacarcel\/"]}]},{"@type":"ImageObject","inLanguage":"es","@id":"https:\/\/lobosnews.com.ar\/index.php\/2026\/04\/29\/ecuador-anuncio-la-construccion-de-una-nueva-megacarcel\/#primaryimage","url":"https:\/\/lobosnews.com.ar\/wp-content\/uploads\/2026\/04\/ecuador-anuncio-la-construccion-de-una-nueva-megacarcel-4.jpg","contentUrl":"https:\/\/lobosnews.com.ar\/wp-content\/uploads\/2026\/04\/ecuador-anuncio-la-construccion-de-una-nueva-megacarcel-4.jpg","width":1920,"height":1282,"caption":"Ecuador anunci\u00f3 la construcci\u00f3n de una nueva megac\u00e1rcel"},{"@type":"BreadcrumbList","@id":"https:\/\/lobosnews.com.ar\/index.php\/2026\/04\/29\/ecuador-anuncio-la-construccion-de-una-nueva-megacarcel\/#breadcrumb","itemListElement":[{"@type":"ListItem","position":1,"name":"Portada","item":"https:\/\/lobosnews.com.ar\/"},{"@type":"ListItem","position":2,"name":"Ecuador anunci\u00f3 la construcci\u00f3n de una nueva megac\u00e1rcel"}]},{"@type":"WebSite","@id":"https:\/\/lobosnews.com.ar\/#website","url":"https:\/\/lobosnews.com.ar\/","name":"Lobos News","description":"Informaci\u00f3n a cada instante","publisher":{"@id":"https:\/\/lobosnews.com.ar\/#organization"},"potentialAction":[{"@type":"SearchAction","target":{"@type":"EntryPoint","urlTemplate":"https:\/\/lobosnews.com.ar\/?s={search_term_string}"},"query-input":{"@type":"PropertyValueSpecification","valueRequired":true,"valueName":"search_term_string"}}],"inLanguage":"es"},{"@type":"Organization","@id":"https:\/\/lobosnews.com.ar\/#organization","name":"Lobos News","url":"https:\/\/lobosnews.com.ar\/","logo":{"@type":"ImageObject","inLanguage":"es","@id":"https:\/\/lobosnews.com.ar\/#\/schema\/logo\/image\/","url":"https:\/\/lobosnews.com.ar\/wp-content\/uploads\/2026\/01\/logo-lobosnews.png","contentUrl":"https:\/\/lobosnews.com.ar\/wp-content\/uploads\/2026\/01\/logo-lobosnews.png","width":500,"height":200,"caption":"Lobos News"},"image":{"@id":"https:\/\/lobosnews.com.ar\/#\/schema\/logo\/image\/"}},{"@type":"Person","@id":"https:\/\/lobosnews.com.ar\/#\/schema\/person\/232422a593d5c541dd9aef6aaed10943","name":"admin","image":{"@type":"ImageObject","inLanguage":"es","@id":"https:\/\/lobosnews.com.ar\/#\/schema\/person\/image\/","url":"https:\/\/secure.gravatar.com\/avatar\/76e419471a2083bc3ceab22a763dbbf9b0c1bd15a6214cf3280e2c2dde4580f9?s=96&d=mm&r=g","contentUrl":"https:\/\/secure.gravatar.com\/avatar\/76e419471a2083bc3ceab22a763dbbf9b0c1bd15a6214cf3280e2c2dde4580f9?s=96&d=mm&r=g","caption":"admin"},"sameAs":["https:\/\/lobosnews.com.ar"],"url":"https:\/\/lobosnews.com.ar\/index.php\/author\/lobos-news\/"}]}},"jetpack_featured_media_url":"https:\/\/lobosnews.com.ar\/wp-content\/uploads\/2026\/04\/ecuador-anuncio-la-construccion-de-una-nueva-megacarcel-4.jpg","jetpack_sharing_enabled":true,"_links":{"self":[{"href":"https:\/\/lobosnews.com.ar\/index.php\/wp-json\/wp\/v2\/posts\/47307","targetHints":{"allow":["GET"]}}],"collection":[{"href":"https:\/\/lobosnews.com.ar\/index.php\/wp-json\/wp\/v2\/posts"}],"about":[{"href":"https:\/\/lobosnews.com.ar\/index.php\/wp-json\/wp\/v2\/types\/post"}],"author":[{"embeddable":true,"href":"https:\/\/lobosnews.com.ar\/index.php\/wp-json\/wp\/v2\/users\/1"}],"replies":[{"embeddable":true,"href":"https:\/\/lobosnews.com.ar\/index.php\/wp-json\/wp\/v2\/comments?post=47307"}],"version-history":[{"count":1,"href":"https:\/\/lobosnews.com.ar\/index.php\/wp-json\/wp\/v2\/posts\/47307\/revisions"}],"predecessor-version":[{"id":47311,"href":"https:\/\/lobosnews.com.ar\/index.php\/wp-json\/wp\/v2\/posts\/47307\/revisions\/47311"}],"wp:featuredmedia":[{"embeddable":true,"href":"https:\/\/lobosnews.com.ar\/index.php\/wp-json\/wp\/v2\/media\/47312"}],"wp:attachment":[{"href":"https:\/\/lobosnews.com.ar\/index.php\/wp-json\/wp\/v2\/media?parent=47307"}],"wp:term":[{"taxonomy":"category","embeddable":true,"href":"https:\/\/lobosnews.com.ar\/index.php\/wp-json\/wp\/v2\/categories?post=47307"},{"taxonomy":"post_tag","embeddable":true,"href":"https:\/\/lobosnews.com.ar\/index.php\/wp-json\/wp\/v2\/tags?post=47307"}],"curies":[{"name":"wp","href":"https:\/\/api.w.org\/{rel}","templated":true}]}}