{"id":47302,"date":"2026-04-29T17:34:25","date_gmt":"2026-04-29T17:34:25","guid":{"rendered":"https:\/\/lobosnews.com.ar\/index.php\/2026\/04\/29\/uno-por-uno-quienes-son-los-tenistas-argentinos-y-el-ex-numero-3-del-mundo-que-jugaran-la-qualy-de-roland-garros\/"},"modified":"2026-04-29T20:46:51","modified_gmt":"2026-04-29T20:46:51","slug":"uno-por-uno-quienes-son-los-tenistas-argentinos-y-el-ex-numero-3-del-mundo-que-jugaran-la-qualy-de-roland-garros","status":"publish","type":"post","link":"https:\/\/lobosnews.com.ar\/index.php\/2026\/04\/29\/uno-por-uno-quienes-son-los-tenistas-argentinos-y-el-ex-numero-3-del-mundo-que-jugaran-la-qualy-de-roland-garros\/","title":{"rendered":"Uno por uno: qui\u00e9nes son los tenistas argentinos y el ex n\u00famero 3 del mundo que jugar\u00e1n la qualy de Roland Garros"},"content":{"rendered":"<p><img loading=\"lazy\" decoding=\"async\" src=\"https:\/\/lobosnews.com.ar\/wp-content\/uploads\/2026\/04\/uno-por-uno-quienes-son-los-tenistas-argentinos-y-el-ex-numero-3-del-mundo-que-jugaran-la-qualy-de-roland-garros.jpg\" alt=\"La pista central de Roland Garros (Fuente: AP Foto\/Thibault Camus)\" height=\"5760\" width=\"8640\"\/><\/p>\n<p><b>Roland Garros<\/b> empieza a tomar forma mucho antes de su inicio. Mientras el tenis argentino celebra una presencia hist\u00f3rica en el <i>main draw<\/i>, con <b>11 representantes confirmados entre hombres y mujeres<\/b>, tambi\u00e9n tendr\u00e1 protagonismo en la fase previa, ese exigente y siempre impredecible recorrido que puede abrir la puerta hacia el sue\u00f1o parisino.<\/p>\n<p>La organizaci\u00f3n del <b>Grand Slam<\/b> franc\u00e9s confirm\u00f3 el <i>entry list <\/i>de la <i>qualy <\/i>2026, que comenzar\u00e1 el 18 de mayo en el complejo de <b>Bois de Boulogne<\/b>. All\u00ed aparecen varios nombres sudamericanos, entre los que sobresale un fuerte acento argentino. <\/p>\n<p><b>\u00c1lex Barrena<\/b> (170\u00b0 en el ranking ATP), <b>Facundo D\u00edaz Acosta <\/b>(181\u00b0), <b>Federico G\u00f3mez <\/b>(187\u00b0), <b>Genaro Olivieri<\/b> (199\u00b0), <b>Juan Pablo Ficovich<\/b> (207\u00b0), <b>Lautaro Midon<\/b> (215\u00b0) y <b>Federico Coria<\/b> (753\u00b0) ser\u00e1n los tenistas nacionales que buscar\u00e1n el ingreso al cuadro principal. <\/p>\n<p>Adem\u00e1s, el listado masculino de la clasificaci\u00f3n incluye una figura resonante para el mundo del tenis: <b>Grigor Dimitrov<\/b>, ex n\u00famero 3 del ranking ATP, campe\u00f3n del ATP Finals y semifinalista de Grand Slam, cuya presencia se transform\u00f3 en una de las grandes sorpresas del anuncio. <\/p>\n<p>El b\u00falgaro, de 34 a\u00f1os, ocupa hoy el <b>puesto 137\u00b0 del escalaf\u00f3n mundial<\/b>. Hace dos meses estaba 42\u00b0, pero cay\u00f3 cerca de 50 lugares tras la gira estadounidense sobre canchas duras al no poder defender la cosecha obtenida el a\u00f1o anterior, y otros 40 lugares durante la gira europea sobre polvo de ladrillo.<\/p>\n<p>La presencia de Dimitrov eleva considerablemente el nivel de una clasificaci\u00f3n que suele mezclar promesas emergentes con figuras en busca de reconstrucci\u00f3n. <\/p>\n<p><img loading=\"lazy\" decoding=\"async\" src=\"https:\/\/lobosnews.com.ar\/wp-content\/uploads\/2026\/04\/uno-por-uno-quienes-son-los-tenistas-argentinos-y-el-ex-numero-3-del-mundo-que-jugaran-la-qualy-de-roland-garros-1.jpg\" alt=\"El listado de la qualy de Roland Garros (Fuente: Cr\u00e9dito: ATP)\" height=\"792\" width=\"720\"\/><\/p>\n<p>Entre los sudamericanos que jugar\u00e1n la <i>qualy <\/i>masculina de Roland Garros se destacan los chilenos <b>Nicol\u00e1s Jarry<\/b> y <b>Tom\u00e1s Barrios Vera<\/b>; los brasile\u00f1os <b>Felipe Meligeni, Joao Reis da Silva, Gustavo Heide<\/b> y <b>Pedro Boscardin<\/b>; los bolivianos<b> Hugo Dellien<\/b> y <b>Juan Carlos Prado \u00c1ngelo<\/b>; el peruano <b>Gonzalo Bueno<\/b>; el colombiano <b>Nicol\u00e1s Mej\u00eda<\/b>; y el ecuatoriano<b> Andy Andrade<\/b>.<\/p>\n<p>Por el lado de las mujeres, <b>Mar\u00eda Lourdes Carl\u00e9<\/b> (168\u00b0 en el ranking WTA), <b>Jazm\u00edn Ortenzi <\/b>(169\u00b0), <b>Luisina Giovannini <\/b>(187\u00b0) y <b>Julia Riera <\/b>(206\u00b0) participar\u00e1n de la fase previa con la ilusi\u00f3n de acceder al <i>main draw<\/i>. <\/p>\n<p>Las otras latinoamericanas que jugar\u00e1n la clasificaci\u00f3n del segundo Grand Slam del a\u00f1o son la brasile\u00f1a <b>Laura Pigossi <\/b>y la mexicana <b>Ana Sof\u00eda S\u00e1nchez<\/b>. <\/p>\n<p>Las listas todav\u00eda pueden sufrir modificaciones por bajas de \u00faltimo momento en los cuadros principales, lo cual podr\u00eda permitir que algunos jugadores ingresen directamente sin necesidad de disputar la fase previa.<\/p>\n<p>La<i> qualy <\/i>de Roland Garros suele ser una de las m\u00e1s duras del circuito: tres partidos al mejor de tres sets sobre polvo de ladrillo, con presi\u00f3n constante y m\u00e1rgenes m\u00ednimos. Para muchos argentinos, sin embargo, representa una oportunidad muy valiosa, especialmente por la tradici\u00f3n nacional sobre esta superficie.<\/p>\n<p>El contexto tambi\u00e9n potencia las expectativas. Con <b>Francisco Cer\u00fandolo, Tom\u00e1s Etcheverry, Sebasti\u00e1n B\u00e1ez, Mariano Navone, Camilo Ugo Carabelli, Rom\u00e1n Burruchaga, Juan Manuel Cer\u00fandolo, Thiago Tirante, Marco Trungelliti, Francisco Comesa\u00f1a y Solana Sierra<\/b> ya asegurados en el cuadro principal, el tenis argentino podr\u00eda ampliar a\u00fan m\u00e1s su presencia si varios clasificados logran superar el filtro inicial.<\/p>\n<p><img loading=\"lazy\" decoding=\"async\" src=\"https:\/\/lobosnews.com.ar\/wp-content\/uploads\/2026\/04\/uno-por-uno-quienes-son-los-tenistas-argentinos-y-el-ex-numero-3-del-mundo-que-jugaran-la-qualy-de-roland-garros-2.jpg\" alt=\"Grigor Dimitrov, el ex n\u00famero 3 del mundo que jugar\u00e1 la qualy de Roland Garros (Fuente: REUTERS\/Manon Cruz)\" height=\"3498\" width=\"5022\"\/><\/p>\n","protected":false},"excerpt":{"rendered":"<p>Roland Garros empieza a tomar forma mucho antes de su inicio. Mientras el tenis argentino celebra una presencia hist\u00f3rica en el main draw, con 11 representantes confirmados entre hombres y mujeres, tambi\u00e9n tendr\u00e1 protagonismo en la fase previa, ese exigente y siempre impredecible recorrido que puede abrir la puerta hacia el sue\u00f1o parisino. La organizaci\u00f3n&#8230;<\/p>\n","protected":false},"author":1,"featured_media":0,"comment_status":"open","ping_status":"closed","sticky":false,"template":"","format":"standard","meta":{"_jetpack_memberships_contains_paid_content":false,"footnotes":""},"categories":[30],"tags":[39],"class_list":["post-47302","post","type-post","status-publish","format-standard","hentry","category-argentina","tag-deportes"],"magazineBlocksPostFeaturedMedia":{"thumbnail":false,"medium":false,"medium_large":false,"large":false,"1536x1536":false,"2048x2048":false,"newsmatic-featured":false,"newsmatic-list":false,"newsmatic-thumb":false,"newsmatic-small":false,"newsmatic-grid":false},"magazineBlocksPostAuthor":{"name":"admin","avatar":"https:\/\/secure.gravatar.com\/avatar\/76e419471a2083bc3ceab22a763dbbf9b0c1bd15a6214cf3280e2c2dde4580f9?s=96&d=mm&r=g"},"magazineBlocksPostCommentsNumber":"0","magazineBlocksPostExcerpt":"Roland Garros empieza a tomar forma mucho antes de su inicio. Mientras el tenis argentino celebra una presencia hist\u00f3rica en el main draw, con 11 representantes confirmados entre hombres y mujeres, tambi\u00e9n tendr\u00e1 protagonismo en la fase previa, ese exigente y siempre impredecible recorrido que puede abrir la puerta hacia el sue\u00f1o parisino. La organizaci\u00f3n...","magazineBlocksPostCategories":["Argentina"],"magazineBlocksPostViewCount":15,"magazineBlocksPostReadTime":3,"magazine_blocks_featured_image_url":{"full":false,"medium":false,"thumbnail":false},"magazine_blocks_author":{"display_name":"admin","author_link":"https:\/\/lobosnews.com.ar\/index.php\/author\/lobos-news\/"},"magazine_blocks_comment":0,"magazine_blocks_author_image":"https:\/\/secure.gravatar.com\/avatar\/76e419471a2083bc3ceab22a763dbbf9b0c1bd15a6214cf3280e2c2dde4580f9?s=96&d=mm&r=g","magazine_blocks_category":"<a href=\"#\" class=\"category-link category-link-30\">Argentina<\/a>","yoast_head":"<!-- This site is optimized with the Yoast SEO plugin v26.6 - https:\/\/yoast.com\/wordpress\/plugins\/seo\/ -->\n<title>Uno por uno: qui\u00e9nes son los tenistas argentinos y el ex n\u00famero 3 del mundo que jugar\u00e1n la qualy de Roland Garros - Lobos News<\/title>\n<meta name=\"robots\" content=\"index, follow, max-snippet:-1, max-image-preview:large, max-video-preview:-1\" \/>\n<link rel=\"canonical\" href=\"https:\/\/lobosnews.com.ar\/index.php\/2026\/04\/29\/uno-por-uno-quienes-son-los-tenistas-argentinos-y-el-ex-numero-3-del-mundo-que-jugaran-la-qualy-de-roland-garros\/\" \/>\n<meta property=\"og:locale\" content=\"es_ES\" \/>\n<meta property=\"og:type\" content=\"article\" \/>\n<meta property=\"og:title\" content=\"Uno por uno: qui\u00e9nes son los tenistas argentinos y el ex n\u00famero 3 del mundo que jugar\u00e1n la qualy de Roland Garros - Lobos News\" \/>\n<meta property=\"og:description\" content=\"Roland Garros empieza a tomar forma mucho antes de su inicio. Mientras el tenis argentino celebra una presencia hist\u00f3rica en el main draw, con 11 representantes confirmados entre hombres y mujeres, tambi\u00e9n tendr\u00e1 protagonismo en la fase previa, ese exigente y siempre impredecible recorrido que puede abrir la puerta hacia el sue\u00f1o parisino. La organizaci\u00f3n...\" \/>\n<meta property=\"og:url\" content=\"https:\/\/lobosnews.com.ar\/index.php\/2026\/04\/29\/uno-por-uno-quienes-son-los-tenistas-argentinos-y-el-ex-numero-3-del-mundo-que-jugaran-la-qualy-de-roland-garros\/\" \/>\n<meta property=\"og:site_name\" content=\"Lobos News\" \/>\n<meta property=\"article:published_time\" content=\"2026-04-29T17:34:25+00:00\" \/>\n<meta property=\"article:modified_time\" content=\"2026-04-29T20:46:51+00:00\" \/>\n<meta property=\"og:image\" content=\"https:\/\/lobosnews.com.ar\/wp-content\/uploads\/2026\/04\/uno-por-uno-quienes-son-los-tenistas-argentinos-y-el-ex-numero-3-del-mundo-que-jugaran-la-qualy-de-roland-garros.jpg\" \/>\n<meta name=\"author\" content=\"admin\" \/>\n<meta name=\"twitter:card\" content=\"summary_large_image\" \/>\n<meta name=\"twitter:label1\" content=\"Escrito por\" \/>\n\t<meta name=\"twitter:data1\" content=\"admin\" \/>\n\t<meta name=\"twitter:label2\" content=\"Tiempo de lectura\" \/>\n\t<meta name=\"twitter:data2\" content=\"3 minutos\" \/>\n<script type=\"application\/ld+json\" class=\"yoast-schema-graph\">{\"@context\":\"https:\/\/schema.org\",\"@graph\":[{\"@type\":\"Article\",\"@id\":\"https:\/\/lobosnews.com.ar\/index.php\/2026\/04\/29\/uno-por-uno-quienes-son-los-tenistas-argentinos-y-el-ex-numero-3-del-mundo-que-jugaran-la-qualy-de-roland-garros\/#article\",\"isPartOf\":{\"@id\":\"https:\/\/lobosnews.com.ar\/index.php\/2026\/04\/29\/uno-por-uno-quienes-son-los-tenistas-argentinos-y-el-ex-numero-3-del-mundo-que-jugaran-la-qualy-de-roland-garros\/\"},\"author\":{\"name\":\"admin\",\"@id\":\"https:\/\/lobosnews.com.ar\/#\/schema\/person\/232422a593d5c541dd9aef6aaed10943\"},\"headline\":\"Uno por uno: qui\u00e9nes son los tenistas argentinos y el ex n\u00famero 3 del mundo que jugar\u00e1n la qualy de Roland Garros\",\"datePublished\":\"2026-04-29T17:34:25+00:00\",\"dateModified\":\"2026-04-29T20:46:51+00:00\",\"mainEntityOfPage\":{\"@id\":\"https:\/\/lobosnews.com.ar\/index.php\/2026\/04\/29\/uno-por-uno-quienes-son-los-tenistas-argentinos-y-el-ex-numero-3-del-mundo-que-jugaran-la-qualy-de-roland-garros\/\"},\"wordCount\":561,\"commentCount\":0,\"publisher\":{\"@id\":\"https:\/\/lobosnews.com.ar\/#organization\"},\"image\":{\"@id\":\"https:\/\/lobosnews.com.ar\/index.php\/2026\/04\/29\/uno-por-uno-quienes-son-los-tenistas-argentinos-y-el-ex-numero-3-del-mundo-que-jugaran-la-qualy-de-roland-garros\/#primaryimage\"},\"thumbnailUrl\":\"https:\/\/lobosnews.com.ar\/wp-content\/uploads\/2026\/04\/uno-por-uno-quienes-son-los-tenistas-argentinos-y-el-ex-numero-3-del-mundo-que-jugaran-la-qualy-de-roland-garros.jpg\",\"keywords\":[\"Deportes\"],\"articleSection\":[\"Argentina\"],\"inLanguage\":\"es\",\"potentialAction\":[{\"@type\":\"CommentAction\",\"name\":\"Comment\",\"target\":[\"https:\/\/lobosnews.com.ar\/index.php\/2026\/04\/29\/uno-por-uno-quienes-son-los-tenistas-argentinos-y-el-ex-numero-3-del-mundo-que-jugaran-la-qualy-de-roland-garros\/#respond\"]}]},{\"@type\":\"WebPage\",\"@id\":\"https:\/\/lobosnews.com.ar\/index.php\/2026\/04\/29\/uno-por-uno-quienes-son-los-tenistas-argentinos-y-el-ex-numero-3-del-mundo-que-jugaran-la-qualy-de-roland-garros\/\",\"url\":\"https:\/\/lobosnews.com.ar\/index.php\/2026\/04\/29\/uno-por-uno-quienes-son-los-tenistas-argentinos-y-el-ex-numero-3-del-mundo-que-jugaran-la-qualy-de-roland-garros\/\",\"name\":\"Uno por uno: qui\u00e9nes son los tenistas argentinos y el ex n\u00famero 3 del mundo que jugar\u00e1n la qualy de Roland Garros - Lobos News\",\"isPartOf\":{\"@id\":\"https:\/\/lobosnews.com.ar\/#website\"},\"primaryImageOfPage\":{\"@id\":\"https:\/\/lobosnews.com.ar\/index.php\/2026\/04\/29\/uno-por-uno-quienes-son-los-tenistas-argentinos-y-el-ex-numero-3-del-mundo-que-jugaran-la-qualy-de-roland-garros\/#primaryimage\"},\"image\":{\"@id\":\"https:\/\/lobosnews.com.ar\/index.php\/2026\/04\/29\/uno-por-uno-quienes-son-los-tenistas-argentinos-y-el-ex-numero-3-del-mundo-que-jugaran-la-qualy-de-roland-garros\/#primaryimage\"},\"thumbnailUrl\":\"https:\/\/lobosnews.com.ar\/wp-content\/uploads\/2026\/04\/uno-por-uno-quienes-son-los-tenistas-argentinos-y-el-ex-numero-3-del-mundo-que-jugaran-la-qualy-de-roland-garros.jpg\",\"datePublished\":\"2026-04-29T17:34:25+00:00\",\"dateModified\":\"2026-04-29T20:46:51+00:00\",\"breadcrumb\":{\"@id\":\"https:\/\/lobosnews.com.ar\/index.php\/2026\/04\/29\/uno-por-uno-quienes-son-los-tenistas-argentinos-y-el-ex-numero-3-del-mundo-que-jugaran-la-qualy-de-roland-garros\/#breadcrumb\"},\"inLanguage\":\"es\",\"potentialAction\":[{\"@type\":\"ReadAction\",\"target\":[\"https:\/\/lobosnews.com.ar\/index.php\/2026\/04\/29\/uno-por-uno-quienes-son-los-tenistas-argentinos-y-el-ex-numero-3-del-mundo-que-jugaran-la-qualy-de-roland-garros\/\"]}]},{\"@type\":\"ImageObject\",\"inLanguage\":\"es\",\"@id\":\"https:\/\/lobosnews.com.ar\/index.php\/2026\/04\/29\/uno-por-uno-quienes-son-los-tenistas-argentinos-y-el-ex-numero-3-del-mundo-que-jugaran-la-qualy-de-roland-garros\/#primaryimage\",\"url\":\"https:\/\/lobosnews.com.ar\/wp-content\/uploads\/2026\/04\/uno-por-uno-quienes-son-los-tenistas-argentinos-y-el-ex-numero-3-del-mundo-que-jugaran-la-qualy-de-roland-garros.jpg\",\"contentUrl\":\"https:\/\/lobosnews.com.ar\/wp-content\/uploads\/2026\/04\/uno-por-uno-quienes-son-los-tenistas-argentinos-y-el-ex-numero-3-del-mundo-que-jugaran-la-qualy-de-roland-garros.jpg\"},{\"@type\":\"BreadcrumbList\",\"@id\":\"https:\/\/lobosnews.com.ar\/index.php\/2026\/04\/29\/uno-por-uno-quienes-son-los-tenistas-argentinos-y-el-ex-numero-3-del-mundo-que-jugaran-la-qualy-de-roland-garros\/#breadcrumb\",\"itemListElement\":[{\"@type\":\"ListItem\",\"position\":1,\"name\":\"Portada\",\"item\":\"https:\/\/lobosnews.com.ar\/\"},{\"@type\":\"ListItem\",\"position\":2,\"name\":\"Uno por uno: qui\u00e9nes son los tenistas argentinos y el ex n\u00famero 3 del mundo que jugar\u00e1n la qualy de Roland Garros\"}]},{\"@type\":\"WebSite\",\"@id\":\"https:\/\/lobosnews.com.ar\/#website\",\"url\":\"https:\/\/lobosnews.com.ar\/\",\"name\":\"Lobos News\",\"description\":\"Informaci\u00f3n a cada instante\",\"publisher\":{\"@id\":\"https:\/\/lobosnews.com.ar\/#organization\"},\"potentialAction\":[{\"@type\":\"SearchAction\",\"target\":{\"@type\":\"EntryPoint\",\"urlTemplate\":\"https:\/\/lobosnews.com.ar\/?s={search_term_string}\"},\"query-input\":{\"@type\":\"PropertyValueSpecification\",\"valueRequired\":true,\"valueName\":\"search_term_string\"}}],\"inLanguage\":\"es\"},{\"@type\":\"Organization\",\"@id\":\"https:\/\/lobosnews.com.ar\/#organization\",\"name\":\"Lobos News\",\"url\":\"https:\/\/lobosnews.com.ar\/\",\"logo\":{\"@type\":\"ImageObject\",\"inLanguage\":\"es\",\"@id\":\"https:\/\/lobosnews.com.ar\/#\/schema\/logo\/image\/\",\"url\":\"https:\/\/lobosnews.com.ar\/wp-content\/uploads\/2026\/01\/logo-lobosnews.png\",\"contentUrl\":\"https:\/\/lobosnews.com.ar\/wp-content\/uploads\/2026\/01\/logo-lobosnews.png\",\"width\":500,\"height\":200,\"caption\":\"Lobos News\"},\"image\":{\"@id\":\"https:\/\/lobosnews.com.ar\/#\/schema\/logo\/image\/\"}},{\"@type\":\"Person\",\"@id\":\"https:\/\/lobosnews.com.ar\/#\/schema\/person\/232422a593d5c541dd9aef6aaed10943\",\"name\":\"admin\",\"image\":{\"@type\":\"ImageObject\",\"inLanguage\":\"es\",\"@id\":\"https:\/\/lobosnews.com.ar\/#\/schema\/person\/image\/\",\"url\":\"https:\/\/secure.gravatar.com\/avatar\/76e419471a2083bc3ceab22a763dbbf9b0c1bd15a6214cf3280e2c2dde4580f9?s=96&d=mm&r=g\",\"contentUrl\":\"https:\/\/secure.gravatar.com\/avatar\/76e419471a2083bc3ceab22a763dbbf9b0c1bd15a6214cf3280e2c2dde4580f9?s=96&d=mm&r=g\",\"caption\":\"admin\"},\"sameAs\":[\"https:\/\/lobosnews.com.ar\"],\"url\":\"https:\/\/lobosnews.com.ar\/index.php\/author\/lobos-news\/\"}]}<\/script>\n<!-- \/ Yoast SEO plugin. -->","yoast_head_json":{"title":"Uno por uno: qui\u00e9nes son los tenistas argentinos y el ex n\u00famero 3 del mundo que jugar\u00e1n la qualy de Roland Garros - Lobos News","robots":{"index":"index","follow":"follow","max-snippet":"max-snippet:-1","max-image-preview":"max-image-preview:large","max-video-preview":"max-video-preview:-1"},"canonical":"https:\/\/lobosnews.com.ar\/index.php\/2026\/04\/29\/uno-por-uno-quienes-son-los-tenistas-argentinos-y-el-ex-numero-3-del-mundo-que-jugaran-la-qualy-de-roland-garros\/","og_locale":"es_ES","og_type":"article","og_title":"Uno por uno: qui\u00e9nes son los tenistas argentinos y el ex n\u00famero 3 del mundo que jugar\u00e1n la qualy de Roland Garros - Lobos News","og_description":"Roland Garros empieza a tomar forma mucho antes de su inicio. Mientras el tenis argentino celebra una presencia hist\u00f3rica en el main draw, con 11 representantes confirmados entre hombres y mujeres, tambi\u00e9n tendr\u00e1 protagonismo en la fase previa, ese exigente y siempre impredecible recorrido que puede abrir la puerta hacia el sue\u00f1o parisino. La organizaci\u00f3n...","og_url":"https:\/\/lobosnews.com.ar\/index.php\/2026\/04\/29\/uno-por-uno-quienes-son-los-tenistas-argentinos-y-el-ex-numero-3-del-mundo-que-jugaran-la-qualy-de-roland-garros\/","og_site_name":"Lobos News","article_published_time":"2026-04-29T17:34:25+00:00","article_modified_time":"2026-04-29T20:46:51+00:00","og_image":[{"url":"https:\/\/lobosnews.com.ar\/wp-content\/uploads\/2026\/04\/uno-por-uno-quienes-son-los-tenistas-argentinos-y-el-ex-numero-3-del-mundo-que-jugaran-la-qualy-de-roland-garros.jpg","type":"","width":"","height":""}],"author":"admin","twitter_card":"summary_large_image","twitter_misc":{"Escrito por":"admin","Tiempo de lectura":"3 minutos"},"schema":{"@context":"https:\/\/schema.org","@graph":[{"@type":"Article","@id":"https:\/\/lobosnews.com.ar\/index.php\/2026\/04\/29\/uno-por-uno-quienes-son-los-tenistas-argentinos-y-el-ex-numero-3-del-mundo-que-jugaran-la-qualy-de-roland-garros\/#article","isPartOf":{"@id":"https:\/\/lobosnews.com.ar\/index.php\/2026\/04\/29\/uno-por-uno-quienes-son-los-tenistas-argentinos-y-el-ex-numero-3-del-mundo-que-jugaran-la-qualy-de-roland-garros\/"},"author":{"name":"admin","@id":"https:\/\/lobosnews.com.ar\/#\/schema\/person\/232422a593d5c541dd9aef6aaed10943"},"headline":"Uno por uno: qui\u00e9nes son los tenistas argentinos y el ex n\u00famero 3 del mundo que jugar\u00e1n la qualy de Roland Garros","datePublished":"2026-04-29T17:34:25+00:00","dateModified":"2026-04-29T20:46:51+00:00","mainEntityOfPage":{"@id":"https:\/\/lobosnews.com.ar\/index.php\/2026\/04\/29\/uno-por-uno-quienes-son-los-tenistas-argentinos-y-el-ex-numero-3-del-mundo-que-jugaran-la-qualy-de-roland-garros\/"},"wordCount":561,"commentCount":0,"publisher":{"@id":"https:\/\/lobosnews.com.ar\/#organization"},"image":{"@id":"https:\/\/lobosnews.com.ar\/index.php\/2026\/04\/29\/uno-por-uno-quienes-son-los-tenistas-argentinos-y-el-ex-numero-3-del-mundo-que-jugaran-la-qualy-de-roland-garros\/#primaryimage"},"thumbnailUrl":"https:\/\/lobosnews.com.ar\/wp-content\/uploads\/2026\/04\/uno-por-uno-quienes-son-los-tenistas-argentinos-y-el-ex-numero-3-del-mundo-que-jugaran-la-qualy-de-roland-garros.jpg","keywords":["Deportes"],"articleSection":["Argentina"],"inLanguage":"es","potentialAction":[{"@type":"CommentAction","name":"Comment","target":["https:\/\/lobosnews.com.ar\/index.php\/2026\/04\/29\/uno-por-uno-quienes-son-los-tenistas-argentinos-y-el-ex-numero-3-del-mundo-que-jugaran-la-qualy-de-roland-garros\/#respond"]}]},{"@type":"WebPage","@id":"https:\/\/lobosnews.com.ar\/index.php\/2026\/04\/29\/uno-por-uno-quienes-son-los-tenistas-argentinos-y-el-ex-numero-3-del-mundo-que-jugaran-la-qualy-de-roland-garros\/","url":"https:\/\/lobosnews.com.ar\/index.php\/2026\/04\/29\/uno-por-uno-quienes-son-los-tenistas-argentinos-y-el-ex-numero-3-del-mundo-que-jugaran-la-qualy-de-roland-garros\/","name":"Uno por uno: qui\u00e9nes son los tenistas argentinos y el ex n\u00famero 3 del mundo que jugar\u00e1n la qualy de Roland Garros - Lobos News","isPartOf":{"@id":"https:\/\/lobosnews.com.ar\/#website"},"primaryImageOfPage":{"@id":"https:\/\/lobosnews.com.ar\/index.php\/2026\/04\/29\/uno-por-uno-quienes-son-los-tenistas-argentinos-y-el-ex-numero-3-del-mundo-que-jugaran-la-qualy-de-roland-garros\/#primaryimage"},"image":{"@id":"https:\/\/lobosnews.com.ar\/index.php\/2026\/04\/29\/uno-por-uno-quienes-son-los-tenistas-argentinos-y-el-ex-numero-3-del-mundo-que-jugaran-la-qualy-de-roland-garros\/#primaryimage"},"thumbnailUrl":"https:\/\/lobosnews.com.ar\/wp-content\/uploads\/2026\/04\/uno-por-uno-quienes-son-los-tenistas-argentinos-y-el-ex-numero-3-del-mundo-que-jugaran-la-qualy-de-roland-garros.jpg","datePublished":"2026-04-29T17:34:25+00:00","dateModified":"2026-04-29T20:46:51+00:00","breadcrumb":{"@id":"https:\/\/lobosnews.com.ar\/index.php\/2026\/04\/29\/uno-por-uno-quienes-son-los-tenistas-argentinos-y-el-ex-numero-3-del-mundo-que-jugaran-la-qualy-de-roland-garros\/#breadcrumb"},"inLanguage":"es","potentialAction":[{"@type":"ReadAction","target":["https:\/\/lobosnews.com.ar\/index.php\/2026\/04\/29\/uno-por-uno-quienes-son-los-tenistas-argentinos-y-el-ex-numero-3-del-mundo-que-jugaran-la-qualy-de-roland-garros\/"]}]},{"@type":"ImageObject","inLanguage":"es","@id":"https:\/\/lobosnews.com.ar\/index.php\/2026\/04\/29\/uno-por-uno-quienes-son-los-tenistas-argentinos-y-el-ex-numero-3-del-mundo-que-jugaran-la-qualy-de-roland-garros\/#primaryimage","url":"https:\/\/lobosnews.com.ar\/wp-content\/uploads\/2026\/04\/uno-por-uno-quienes-son-los-tenistas-argentinos-y-el-ex-numero-3-del-mundo-que-jugaran-la-qualy-de-roland-garros.jpg","contentUrl":"https:\/\/lobosnews.com.ar\/wp-content\/uploads\/2026\/04\/uno-por-uno-quienes-son-los-tenistas-argentinos-y-el-ex-numero-3-del-mundo-que-jugaran-la-qualy-de-roland-garros.jpg"},{"@type":"BreadcrumbList","@id":"https:\/\/lobosnews.com.ar\/index.php\/2026\/04\/29\/uno-por-uno-quienes-son-los-tenistas-argentinos-y-el-ex-numero-3-del-mundo-que-jugaran-la-qualy-de-roland-garros\/#breadcrumb","itemListElement":[{"@type":"ListItem","position":1,"name":"Portada","item":"https:\/\/lobosnews.com.ar\/"},{"@type":"ListItem","position":2,"name":"Uno por uno: qui\u00e9nes son los tenistas argentinos y el ex n\u00famero 3 del mundo que jugar\u00e1n la qualy de Roland Garros"}]},{"@type":"WebSite","@id":"https:\/\/lobosnews.com.ar\/#website","url":"https:\/\/lobosnews.com.ar\/","name":"Lobos News","description":"Informaci\u00f3n a cada instante","publisher":{"@id":"https:\/\/lobosnews.com.ar\/#organization"},"potentialAction":[{"@type":"SearchAction","target":{"@type":"EntryPoint","urlTemplate":"https:\/\/lobosnews.com.ar\/?s={search_term_string}"},"query-input":{"@type":"PropertyValueSpecification","valueRequired":true,"valueName":"search_term_string"}}],"inLanguage":"es"},{"@type":"Organization","@id":"https:\/\/lobosnews.com.ar\/#organization","name":"Lobos News","url":"https:\/\/lobosnews.com.ar\/","logo":{"@type":"ImageObject","inLanguage":"es","@id":"https:\/\/lobosnews.com.ar\/#\/schema\/logo\/image\/","url":"https:\/\/lobosnews.com.ar\/wp-content\/uploads\/2026\/01\/logo-lobosnews.png","contentUrl":"https:\/\/lobosnews.com.ar\/wp-content\/uploads\/2026\/01\/logo-lobosnews.png","width":500,"height":200,"caption":"Lobos News"},"image":{"@id":"https:\/\/lobosnews.com.ar\/#\/schema\/logo\/image\/"}},{"@type":"Person","@id":"https:\/\/lobosnews.com.ar\/#\/schema\/person\/232422a593d5c541dd9aef6aaed10943","name":"admin","image":{"@type":"ImageObject","inLanguage":"es","@id":"https:\/\/lobosnews.com.ar\/#\/schema\/person\/image\/","url":"https:\/\/secure.gravatar.com\/avatar\/76e419471a2083bc3ceab22a763dbbf9b0c1bd15a6214cf3280e2c2dde4580f9?s=96&d=mm&r=g","contentUrl":"https:\/\/secure.gravatar.com\/avatar\/76e419471a2083bc3ceab22a763dbbf9b0c1bd15a6214cf3280e2c2dde4580f9?s=96&d=mm&r=g","caption":"admin"},"sameAs":["https:\/\/lobosnews.com.ar"],"url":"https:\/\/lobosnews.com.ar\/index.php\/author\/lobos-news\/"}]}},"jetpack_featured_media_url":"","jetpack_sharing_enabled":true,"_links":{"self":[{"href":"https:\/\/lobosnews.com.ar\/index.php\/wp-json\/wp\/v2\/posts\/47302","targetHints":{"allow":["GET"]}}],"collection":[{"href":"https:\/\/lobosnews.com.ar\/index.php\/wp-json\/wp\/v2\/posts"}],"about":[{"href":"https:\/\/lobosnews.com.ar\/index.php\/wp-json\/wp\/v2\/types\/post"}],"author":[{"embeddable":true,"href":"https:\/\/lobosnews.com.ar\/index.php\/wp-json\/wp\/v2\/users\/1"}],"replies":[{"embeddable":true,"href":"https:\/\/lobosnews.com.ar\/index.php\/wp-json\/wp\/v2\/comments?post=47302"}],"version-history":[{"count":1,"href":"https:\/\/lobosnews.com.ar\/index.php\/wp-json\/wp\/v2\/posts\/47302\/revisions"}],"predecessor-version":[{"id":47306,"href":"https:\/\/lobosnews.com.ar\/index.php\/wp-json\/wp\/v2\/posts\/47302\/revisions\/47306"}],"wp:attachment":[{"href":"https:\/\/lobosnews.com.ar\/index.php\/wp-json\/wp\/v2\/media?parent=47302"}],"wp:term":[{"taxonomy":"category","embeddable":true,"href":"https:\/\/lobosnews.com.ar\/index.php\/wp-json\/wp\/v2\/categories?post=47302"},{"taxonomy":"post_tag","embeddable":true,"href":"https:\/\/lobosnews.com.ar\/index.php\/wp-json\/wp\/v2\/tags?post=47302"}],"curies":[{"name":"wp","href":"https:\/\/api.w.org\/{rel}","templated":true}]}}