{"id":47298,"date":"2026-04-29T17:46:00","date_gmt":"2026-04-29T17:46:00","guid":{"rendered":"https:\/\/lobosnews.com.ar\/index.php\/2026\/04\/29\/el-barcelona-tiene-en-la-mira-al-cuti-romero-las-razones-que-le-preocupan-de-cara-a-su-contratacion\/"},"modified":"2026-04-29T20:45:34","modified_gmt":"2026-04-29T20:45:34","slug":"el-barcelona-tiene-en-la-mira-al-cuti-romero-las-razones-que-le-preocupan-de-cara-a-su-contratacion","status":"publish","type":"post","link":"https:\/\/lobosnews.com.ar\/index.php\/2026\/04\/29\/el-barcelona-tiene-en-la-mira-al-cuti-romero-las-razones-que-le-preocupan-de-cara-a-su-contratacion\/","title":{"rendered":"El Barcelona tiene en la mira al Cuti Romero: las razones que le preocupan de cara a su contrataci\u00f3n"},"content":{"rendered":"<p><img loading=\"lazy\" decoding=\"async\" src=\"https:\/\/lobosnews.com.ar\/wp-content\/uploads\/2026\/04\/el-barcelona-tiene-en-la-mira-al-cuti-romero-las-razones-que-le-preocupan-de-cara-a-su-contratacion.jpg\" alt=\"El Cuti Romero, en carpeta del Barcelona (REUTERS\/Violeta Santos Moura)\" height=\"2846\" width=\"4126\"\/><\/p>\n<p>El <b>Barcelona<\/b> ha definido una estrategia alternativa ante las complejidades financieras y contractuales que dificultan la llegada del italiano <b>Alessandro Bastoni<\/b>. La direcci\u00f3n deportiva encabezada por <b>Deco<\/b> incorpor\u00f3 el nombre de <b>Cristian Romero<\/b>, central argentino del <b>Tottenham<\/b>, como una opci\u00f3n prioritaria para reforzar la zaga la pr\u00f3xima temporada, mientras busca asegurar un plantel capaz de competir por la <b>Champions League<\/b>. La b\u00fasqueda de este refuerzo no solo responde a necesidades deportivas, sino tambi\u00e9n al contexto de reestructuraci\u00f3n econ\u00f3mica que vive el club, inform\u00f3 el medio catal\u00e1n <i>Sport<\/i>.<\/p>\n<p>La decisi\u00f3n del Barcelona de avanzar por el fichaje de Bastoni se enfrenta a una valoraci\u00f3n inicial del <b>Inter de Mil\u00e1n<\/b> de <b>70 millones de euros<\/b>, un monto que excede las previsiones del club espa\u00f1ol. Esta cifra, confirmada por el peri\u00f3dico citado, constituye el principal obst\u00e1culo pese al inter\u00e9s mutuo: Bastoni ha manifestado su deseo de sumarse al proyecto blaugrana y el club italiano est\u00e1 al tanto de sus intenciones.<\/p>\n<p>El <i>Cuti<\/i>, por su parte, cumple <b>28 a\u00f1os<\/b> y se mantiene en la \u00f3rbita internacional: fue titular y campe\u00f3n del mundo con la <b>selecci\u00f3n argentina<\/b> en Qatar, y figura tambi\u00e9n en la lista para el pr\u00f3ximo Mundial. Entre sus cualidades, Deco y Hansi Flick destacan<b> \u201csu liderazgo, experiencia y capacidad de jugar bajo presi\u00f3n\u201d<\/b>. El cordob\u00e9s se destac\u00f3 por su rendimiento defensivo en la liga inglesa y ha sido supervisado personalmente por Deco en varios partidos esta temporada.<\/p>\n<p>En el Bar\u00e7a estudian al detalle la estad\u00edstica de tarjetas que podr\u00eda poner en jaque este hipot\u00e9tico traspaso. El impacto del zaguero en la <b>Premier League<\/b> se ha visto marcado por un registro disciplinario notable: <b>seis expulsiones<\/b> acumuladas con Tottenham, de las cuales cuatro fueron por doble amonestaci\u00f3n en un mismo partido y dos de manera directa. Una de estas \u00faltimas provoc\u00f3 una suspensi\u00f3n de <b>cuatro partidos<\/b> tras una falta sobre <b>Casemiro<\/b> en un encuentro contra el Manchester United. Adem\u00e1s, el defensor argentino suma m\u00e1s de <b>40 tarjetas amarillas<\/b>, lo que equivale a <b>una sanci\u00f3n de este tipo cada tres partidos<\/b>.<\/p>\n<p><img loading=\"lazy\" decoding=\"async\" src=\"https:\/\/lobosnews.com.ar\/wp-content\/uploads\/2026\/04\/el-barcelona-tiene-en-la-mira-al-cuti-romero-las-razones-que-le-preocupan-de-cara-a-su-contratacion-1.jpg\" alt=\"El alto registro de tarjetas que tiene el Cuti Romero tambi\u00e9n es tenido en cuenta por Barcelona antes de avanzar por su fichaje (REUTERS\/Phil Noble)\" height=\"3262\" width=\"5092\"\/><\/p>\n<p>No obstante, el posible traspaso de <i>Cuti <\/i>Romero podr\u00eda verse facilitado por una cl\u00e1usula de salida vigente en su contrato, especialmente si los <i>Spurs <\/i>descienden a la segunda divisi\u00f3n, una situaci\u00f3n que \u2014de concretarse\u2014 permitir\u00eda al Barcelona negociar en mejores t\u00e9rminos. A diferencia de Bastoni, que es zurdo y se desempe\u00f1a habitualmente por el perfil izquierdo, Romero es diestro y act\u00faa en el flanco derecho de la defensa, lo que no ha supuesto inconveniente para los responsables deportivos del Barcelona. Flick y Deco valoran su adaptabilidad y su capacidad para actuar como l\u00edder defensivo junto a j\u00f3venes como <b>Pau Cubars\u00ed<\/b> y <b>Gerard Mart\u00edn<\/b>, una cualidad que el club considera \u201cfundamental\u201d para equilibrar la juventud de la plantilla.<\/p>\n<p>Tras la salida de <b>\u00cd\u00f1igo Mart\u00ednez<\/b> como agente libre en agosto de 2025 rumbo al <b>Al Nassr<\/b> de la Superliga saud\u00ed, el Barcelona no ha encontrado un reemplazo natural para el eje defensivo izquierdo. Sin embargo, la actual pol\u00edtica es priorizar el perfil y jerarqu\u00eda del nuevo zaguero por encima de su lateralidad. Esta visi\u00f3n coloca a Romero \u201cdelante, en las preferencias de la direcci\u00f3n blaugrana, de su compa\u00f1ero en el Tottenham, el zurdo <b>Micky van de Ven<\/b>\u201d, seg\u00fan indica <i>Sport<\/i>. Entre las alternativas valoradas, tambi\u00e9n aparece <b>Nico Schlotterbeck<\/b> del <b>Borussia Dortmund<\/b>, jugador que cuenta con el aval expl\u00edcito de Flick. Sin embargo, su reciente renovaci\u00f3n por el club alem\u00e1n lo convierte en una opci\u00f3n inviable, apuntaron.<\/p>\n<p>El inter\u00e9s del Barcelona por Cuti Romero ilustra la estrategia de Deco de contar con m\u00faltiples alternativas ante la complejidad del mercado de defensores de primer nivel en Europa y, sobre todo, subraya la necesidad de respuestas inmediatas ante un verano donde el club aspira a fortalecer el equipo sin comprometer la delicada situaci\u00f3n financiera heredada en los \u00faltimos a\u00f1os. Este no ser\u00e1 el \u00fanico argentino por el que hablar\u00e1n en el siguiente mercado, ya que <span class=\"waslinkname\"><b>Juli\u00e1n \u00c1lvarez es la carta m\u00e1s valorada por los cul\u00e9s.<\/b><\/span><\/p>\n","protected":false},"excerpt":{"rendered":"<p>El Barcelona ha definido una estrategia alternativa ante las complejidades financieras y contractuales que dificultan la llegada del italiano Alessandro Bastoni. La direcci\u00f3n deportiva encabezada por Deco incorpor\u00f3 el nombre de Cristian Romero, central argentino del Tottenham, como una opci\u00f3n prioritaria para reforzar la zaga la pr\u00f3xima temporada, mientras busca asegurar un plantel capaz de&#8230;<\/p>\n","protected":false},"author":1,"featured_media":0,"comment_status":"open","ping_status":"closed","sticky":false,"template":"","format":"standard","meta":{"_jetpack_memberships_contains_paid_content":false,"footnotes":""},"categories":[30],"tags":[39],"class_list":["post-47298","post","type-post","status-publish","format-standard","hentry","category-argentina","tag-deportes"],"magazineBlocksPostFeaturedMedia":{"thumbnail":false,"medium":false,"medium_large":false,"large":false,"1536x1536":false,"2048x2048":false,"newsmatic-featured":false,"newsmatic-list":false,"newsmatic-thumb":false,"newsmatic-small":false,"newsmatic-grid":false},"magazineBlocksPostAuthor":{"name":"admin","avatar":"https:\/\/secure.gravatar.com\/avatar\/76e419471a2083bc3ceab22a763dbbf9b0c1bd15a6214cf3280e2c2dde4580f9?s=96&d=mm&r=g"},"magazineBlocksPostCommentsNumber":"0","magazineBlocksPostExcerpt":"El Barcelona ha definido una estrategia alternativa ante las complejidades financieras y contractuales que dificultan la llegada del italiano Alessandro Bastoni. La direcci\u00f3n deportiva encabezada por Deco incorpor\u00f3 el nombre de Cristian Romero, central argentino del Tottenham, como una opci\u00f3n prioritaria para reforzar la zaga la pr\u00f3xima temporada, mientras busca asegurar un plantel capaz de...","magazineBlocksPostCategories":["Argentina"],"magazineBlocksPostViewCount":12,"magazineBlocksPostReadTime":4,"magazine_blocks_featured_image_url":{"full":false,"medium":false,"thumbnail":false},"magazine_blocks_author":{"display_name":"admin","author_link":"https:\/\/lobosnews.com.ar\/index.php\/author\/lobos-news\/"},"magazine_blocks_comment":0,"magazine_blocks_author_image":"https:\/\/secure.gravatar.com\/avatar\/76e419471a2083bc3ceab22a763dbbf9b0c1bd15a6214cf3280e2c2dde4580f9?s=96&d=mm&r=g","magazine_blocks_category":"<a href=\"#\" class=\"category-link category-link-30\">Argentina<\/a>","yoast_head":"<!-- This site is optimized with the Yoast SEO plugin v26.6 - https:\/\/yoast.com\/wordpress\/plugins\/seo\/ -->\n<title>El Barcelona tiene en la mira al Cuti Romero: las razones que le preocupan de cara a su contrataci\u00f3n - Lobos News<\/title>\n<meta name=\"robots\" content=\"index, follow, max-snippet:-1, max-image-preview:large, max-video-preview:-1\" \/>\n<link rel=\"canonical\" href=\"https:\/\/lobosnews.com.ar\/index.php\/2026\/04\/29\/el-barcelona-tiene-en-la-mira-al-cuti-romero-las-razones-que-le-preocupan-de-cara-a-su-contratacion\/\" \/>\n<meta property=\"og:locale\" content=\"es_ES\" \/>\n<meta property=\"og:type\" content=\"article\" \/>\n<meta property=\"og:title\" content=\"El Barcelona tiene en la mira al Cuti Romero: las razones que le preocupan de cara a su contrataci\u00f3n - Lobos News\" \/>\n<meta property=\"og:description\" content=\"El Barcelona ha definido una estrategia alternativa ante las complejidades financieras y contractuales que dificultan la llegada del italiano Alessandro Bastoni. La direcci\u00f3n deportiva encabezada por Deco incorpor\u00f3 el nombre de Cristian Romero, central argentino del Tottenham, como una opci\u00f3n prioritaria para reforzar la zaga la pr\u00f3xima temporada, mientras busca asegurar un plantel capaz de...\" \/>\n<meta property=\"og:url\" content=\"https:\/\/lobosnews.com.ar\/index.php\/2026\/04\/29\/el-barcelona-tiene-en-la-mira-al-cuti-romero-las-razones-que-le-preocupan-de-cara-a-su-contratacion\/\" \/>\n<meta property=\"og:site_name\" content=\"Lobos News\" \/>\n<meta property=\"article:published_time\" content=\"2026-04-29T17:46:00+00:00\" \/>\n<meta property=\"article:modified_time\" content=\"2026-04-29T20:45:34+00:00\" \/>\n<meta property=\"og:image\" content=\"https:\/\/lobosnews.com.ar\/wp-content\/uploads\/2026\/04\/el-barcelona-tiene-en-la-mira-al-cuti-romero-las-razones-que-le-preocupan-de-cara-a-su-contratacion.jpg\" \/>\n<meta name=\"author\" content=\"admin\" \/>\n<meta name=\"twitter:card\" content=\"summary_large_image\" \/>\n<meta name=\"twitter:label1\" content=\"Escrito por\" \/>\n\t<meta name=\"twitter:data1\" content=\"admin\" \/>\n\t<meta name=\"twitter:label2\" content=\"Tiempo de lectura\" \/>\n\t<meta name=\"twitter:data2\" content=\"4 minutos\" \/>\n<script type=\"application\/ld+json\" class=\"yoast-schema-graph\">{\"@context\":\"https:\/\/schema.org\",\"@graph\":[{\"@type\":\"Article\",\"@id\":\"https:\/\/lobosnews.com.ar\/index.php\/2026\/04\/29\/el-barcelona-tiene-en-la-mira-al-cuti-romero-las-razones-que-le-preocupan-de-cara-a-su-contratacion\/#article\",\"isPartOf\":{\"@id\":\"https:\/\/lobosnews.com.ar\/index.php\/2026\/04\/29\/el-barcelona-tiene-en-la-mira-al-cuti-romero-las-razones-que-le-preocupan-de-cara-a-su-contratacion\/\"},\"author\":{\"name\":\"admin\",\"@id\":\"https:\/\/lobosnews.com.ar\/#\/schema\/person\/232422a593d5c541dd9aef6aaed10943\"},\"headline\":\"El Barcelona tiene en la mira al Cuti Romero: las razones que le preocupan de cara a su contrataci\u00f3n\",\"datePublished\":\"2026-04-29T17:46:00+00:00\",\"dateModified\":\"2026-04-29T20:45:34+00:00\",\"mainEntityOfPage\":{\"@id\":\"https:\/\/lobosnews.com.ar\/index.php\/2026\/04\/29\/el-barcelona-tiene-en-la-mira-al-cuti-romero-las-razones-que-le-preocupan-de-cara-a-su-contratacion\/\"},\"wordCount\":734,\"commentCount\":0,\"publisher\":{\"@id\":\"https:\/\/lobosnews.com.ar\/#organization\"},\"image\":{\"@id\":\"https:\/\/lobosnews.com.ar\/index.php\/2026\/04\/29\/el-barcelona-tiene-en-la-mira-al-cuti-romero-las-razones-que-le-preocupan-de-cara-a-su-contratacion\/#primaryimage\"},\"thumbnailUrl\":\"https:\/\/lobosnews.com.ar\/wp-content\/uploads\/2026\/04\/el-barcelona-tiene-en-la-mira-al-cuti-romero-las-razones-que-le-preocupan-de-cara-a-su-contratacion.jpg\",\"keywords\":[\"Deportes\"],\"articleSection\":[\"Argentina\"],\"inLanguage\":\"es\",\"potentialAction\":[{\"@type\":\"CommentAction\",\"name\":\"Comment\",\"target\":[\"https:\/\/lobosnews.com.ar\/index.php\/2026\/04\/29\/el-barcelona-tiene-en-la-mira-al-cuti-romero-las-razones-que-le-preocupan-de-cara-a-su-contratacion\/#respond\"]}]},{\"@type\":\"WebPage\",\"@id\":\"https:\/\/lobosnews.com.ar\/index.php\/2026\/04\/29\/el-barcelona-tiene-en-la-mira-al-cuti-romero-las-razones-que-le-preocupan-de-cara-a-su-contratacion\/\",\"url\":\"https:\/\/lobosnews.com.ar\/index.php\/2026\/04\/29\/el-barcelona-tiene-en-la-mira-al-cuti-romero-las-razones-que-le-preocupan-de-cara-a-su-contratacion\/\",\"name\":\"El Barcelona tiene en la mira al Cuti Romero: las razones que le preocupan de cara a su contrataci\u00f3n - Lobos News\",\"isPartOf\":{\"@id\":\"https:\/\/lobosnews.com.ar\/#website\"},\"primaryImageOfPage\":{\"@id\":\"https:\/\/lobosnews.com.ar\/index.php\/2026\/04\/29\/el-barcelona-tiene-en-la-mira-al-cuti-romero-las-razones-que-le-preocupan-de-cara-a-su-contratacion\/#primaryimage\"},\"image\":{\"@id\":\"https:\/\/lobosnews.com.ar\/index.php\/2026\/04\/29\/el-barcelona-tiene-en-la-mira-al-cuti-romero-las-razones-que-le-preocupan-de-cara-a-su-contratacion\/#primaryimage\"},\"thumbnailUrl\":\"https:\/\/lobosnews.com.ar\/wp-content\/uploads\/2026\/04\/el-barcelona-tiene-en-la-mira-al-cuti-romero-las-razones-que-le-preocupan-de-cara-a-su-contratacion.jpg\",\"datePublished\":\"2026-04-29T17:46:00+00:00\",\"dateModified\":\"2026-04-29T20:45:34+00:00\",\"breadcrumb\":{\"@id\":\"https:\/\/lobosnews.com.ar\/index.php\/2026\/04\/29\/el-barcelona-tiene-en-la-mira-al-cuti-romero-las-razones-que-le-preocupan-de-cara-a-su-contratacion\/#breadcrumb\"},\"inLanguage\":\"es\",\"potentialAction\":[{\"@type\":\"ReadAction\",\"target\":[\"https:\/\/lobosnews.com.ar\/index.php\/2026\/04\/29\/el-barcelona-tiene-en-la-mira-al-cuti-romero-las-razones-que-le-preocupan-de-cara-a-su-contratacion\/\"]}]},{\"@type\":\"ImageObject\",\"inLanguage\":\"es\",\"@id\":\"https:\/\/lobosnews.com.ar\/index.php\/2026\/04\/29\/el-barcelona-tiene-en-la-mira-al-cuti-romero-las-razones-que-le-preocupan-de-cara-a-su-contratacion\/#primaryimage\",\"url\":\"https:\/\/lobosnews.com.ar\/wp-content\/uploads\/2026\/04\/el-barcelona-tiene-en-la-mira-al-cuti-romero-las-razones-que-le-preocupan-de-cara-a-su-contratacion.jpg\",\"contentUrl\":\"https:\/\/lobosnews.com.ar\/wp-content\/uploads\/2026\/04\/el-barcelona-tiene-en-la-mira-al-cuti-romero-las-razones-que-le-preocupan-de-cara-a-su-contratacion.jpg\"},{\"@type\":\"BreadcrumbList\",\"@id\":\"https:\/\/lobosnews.com.ar\/index.php\/2026\/04\/29\/el-barcelona-tiene-en-la-mira-al-cuti-romero-las-razones-que-le-preocupan-de-cara-a-su-contratacion\/#breadcrumb\",\"itemListElement\":[{\"@type\":\"ListItem\",\"position\":1,\"name\":\"Portada\",\"item\":\"https:\/\/lobosnews.com.ar\/\"},{\"@type\":\"ListItem\",\"position\":2,\"name\":\"El Barcelona tiene en la mira al Cuti Romero: las razones que le preocupan de cara a su contrataci\u00f3n\"}]},{\"@type\":\"WebSite\",\"@id\":\"https:\/\/lobosnews.com.ar\/#website\",\"url\":\"https:\/\/lobosnews.com.ar\/\",\"name\":\"Lobos News\",\"description\":\"Informaci\u00f3n a cada instante\",\"publisher\":{\"@id\":\"https:\/\/lobosnews.com.ar\/#organization\"},\"potentialAction\":[{\"@type\":\"SearchAction\",\"target\":{\"@type\":\"EntryPoint\",\"urlTemplate\":\"https:\/\/lobosnews.com.ar\/?s={search_term_string}\"},\"query-input\":{\"@type\":\"PropertyValueSpecification\",\"valueRequired\":true,\"valueName\":\"search_term_string\"}}],\"inLanguage\":\"es\"},{\"@type\":\"Organization\",\"@id\":\"https:\/\/lobosnews.com.ar\/#organization\",\"name\":\"Lobos News\",\"url\":\"https:\/\/lobosnews.com.ar\/\",\"logo\":{\"@type\":\"ImageObject\",\"inLanguage\":\"es\",\"@id\":\"https:\/\/lobosnews.com.ar\/#\/schema\/logo\/image\/\",\"url\":\"https:\/\/lobosnews.com.ar\/wp-content\/uploads\/2026\/01\/logo-lobosnews.png\",\"contentUrl\":\"https:\/\/lobosnews.com.ar\/wp-content\/uploads\/2026\/01\/logo-lobosnews.png\",\"width\":500,\"height\":200,\"caption\":\"Lobos News\"},\"image\":{\"@id\":\"https:\/\/lobosnews.com.ar\/#\/schema\/logo\/image\/\"}},{\"@type\":\"Person\",\"@id\":\"https:\/\/lobosnews.com.ar\/#\/schema\/person\/232422a593d5c541dd9aef6aaed10943\",\"name\":\"admin\",\"image\":{\"@type\":\"ImageObject\",\"inLanguage\":\"es\",\"@id\":\"https:\/\/lobosnews.com.ar\/#\/schema\/person\/image\/\",\"url\":\"https:\/\/secure.gravatar.com\/avatar\/76e419471a2083bc3ceab22a763dbbf9b0c1bd15a6214cf3280e2c2dde4580f9?s=96&d=mm&r=g\",\"contentUrl\":\"https:\/\/secure.gravatar.com\/avatar\/76e419471a2083bc3ceab22a763dbbf9b0c1bd15a6214cf3280e2c2dde4580f9?s=96&d=mm&r=g\",\"caption\":\"admin\"},\"sameAs\":[\"https:\/\/lobosnews.com.ar\"],\"url\":\"https:\/\/lobosnews.com.ar\/index.php\/author\/lobos-news\/\"}]}<\/script>\n<!-- \/ Yoast SEO plugin. -->","yoast_head_json":{"title":"El Barcelona tiene en la mira al Cuti Romero: las razones que le preocupan de cara a su contrataci\u00f3n - Lobos News","robots":{"index":"index","follow":"follow","max-snippet":"max-snippet:-1","max-image-preview":"max-image-preview:large","max-video-preview":"max-video-preview:-1"},"canonical":"https:\/\/lobosnews.com.ar\/index.php\/2026\/04\/29\/el-barcelona-tiene-en-la-mira-al-cuti-romero-las-razones-que-le-preocupan-de-cara-a-su-contratacion\/","og_locale":"es_ES","og_type":"article","og_title":"El Barcelona tiene en la mira al Cuti Romero: las razones que le preocupan de cara a su contrataci\u00f3n - Lobos News","og_description":"El Barcelona ha definido una estrategia alternativa ante las complejidades financieras y contractuales que dificultan la llegada del italiano Alessandro Bastoni. La direcci\u00f3n deportiva encabezada por Deco incorpor\u00f3 el nombre de Cristian Romero, central argentino del Tottenham, como una opci\u00f3n prioritaria para reforzar la zaga la pr\u00f3xima temporada, mientras busca asegurar un plantel capaz de...","og_url":"https:\/\/lobosnews.com.ar\/index.php\/2026\/04\/29\/el-barcelona-tiene-en-la-mira-al-cuti-romero-las-razones-que-le-preocupan-de-cara-a-su-contratacion\/","og_site_name":"Lobos News","article_published_time":"2026-04-29T17:46:00+00:00","article_modified_time":"2026-04-29T20:45:34+00:00","og_image":[{"url":"https:\/\/lobosnews.com.ar\/wp-content\/uploads\/2026\/04\/el-barcelona-tiene-en-la-mira-al-cuti-romero-las-razones-que-le-preocupan-de-cara-a-su-contratacion.jpg","type":"","width":"","height":""}],"author":"admin","twitter_card":"summary_large_image","twitter_misc":{"Escrito por":"admin","Tiempo de lectura":"4 minutos"},"schema":{"@context":"https:\/\/schema.org","@graph":[{"@type":"Article","@id":"https:\/\/lobosnews.com.ar\/index.php\/2026\/04\/29\/el-barcelona-tiene-en-la-mira-al-cuti-romero-las-razones-que-le-preocupan-de-cara-a-su-contratacion\/#article","isPartOf":{"@id":"https:\/\/lobosnews.com.ar\/index.php\/2026\/04\/29\/el-barcelona-tiene-en-la-mira-al-cuti-romero-las-razones-que-le-preocupan-de-cara-a-su-contratacion\/"},"author":{"name":"admin","@id":"https:\/\/lobosnews.com.ar\/#\/schema\/person\/232422a593d5c541dd9aef6aaed10943"},"headline":"El Barcelona tiene en la mira al Cuti Romero: las razones que le preocupan de cara a su contrataci\u00f3n","datePublished":"2026-04-29T17:46:00+00:00","dateModified":"2026-04-29T20:45:34+00:00","mainEntityOfPage":{"@id":"https:\/\/lobosnews.com.ar\/index.php\/2026\/04\/29\/el-barcelona-tiene-en-la-mira-al-cuti-romero-las-razones-que-le-preocupan-de-cara-a-su-contratacion\/"},"wordCount":734,"commentCount":0,"publisher":{"@id":"https:\/\/lobosnews.com.ar\/#organization"},"image":{"@id":"https:\/\/lobosnews.com.ar\/index.php\/2026\/04\/29\/el-barcelona-tiene-en-la-mira-al-cuti-romero-las-razones-que-le-preocupan-de-cara-a-su-contratacion\/#primaryimage"},"thumbnailUrl":"https:\/\/lobosnews.com.ar\/wp-content\/uploads\/2026\/04\/el-barcelona-tiene-en-la-mira-al-cuti-romero-las-razones-que-le-preocupan-de-cara-a-su-contratacion.jpg","keywords":["Deportes"],"articleSection":["Argentina"],"inLanguage":"es","potentialAction":[{"@type":"CommentAction","name":"Comment","target":["https:\/\/lobosnews.com.ar\/index.php\/2026\/04\/29\/el-barcelona-tiene-en-la-mira-al-cuti-romero-las-razones-que-le-preocupan-de-cara-a-su-contratacion\/#respond"]}]},{"@type":"WebPage","@id":"https:\/\/lobosnews.com.ar\/index.php\/2026\/04\/29\/el-barcelona-tiene-en-la-mira-al-cuti-romero-las-razones-que-le-preocupan-de-cara-a-su-contratacion\/","url":"https:\/\/lobosnews.com.ar\/index.php\/2026\/04\/29\/el-barcelona-tiene-en-la-mira-al-cuti-romero-las-razones-que-le-preocupan-de-cara-a-su-contratacion\/","name":"El Barcelona tiene en la mira al Cuti Romero: las razones que le preocupan de cara a su contrataci\u00f3n - Lobos News","isPartOf":{"@id":"https:\/\/lobosnews.com.ar\/#website"},"primaryImageOfPage":{"@id":"https:\/\/lobosnews.com.ar\/index.php\/2026\/04\/29\/el-barcelona-tiene-en-la-mira-al-cuti-romero-las-razones-que-le-preocupan-de-cara-a-su-contratacion\/#primaryimage"},"image":{"@id":"https:\/\/lobosnews.com.ar\/index.php\/2026\/04\/29\/el-barcelona-tiene-en-la-mira-al-cuti-romero-las-razones-que-le-preocupan-de-cara-a-su-contratacion\/#primaryimage"},"thumbnailUrl":"https:\/\/lobosnews.com.ar\/wp-content\/uploads\/2026\/04\/el-barcelona-tiene-en-la-mira-al-cuti-romero-las-razones-que-le-preocupan-de-cara-a-su-contratacion.jpg","datePublished":"2026-04-29T17:46:00+00:00","dateModified":"2026-04-29T20:45:34+00:00","breadcrumb":{"@id":"https:\/\/lobosnews.com.ar\/index.php\/2026\/04\/29\/el-barcelona-tiene-en-la-mira-al-cuti-romero-las-razones-que-le-preocupan-de-cara-a-su-contratacion\/#breadcrumb"},"inLanguage":"es","potentialAction":[{"@type":"ReadAction","target":["https:\/\/lobosnews.com.ar\/index.php\/2026\/04\/29\/el-barcelona-tiene-en-la-mira-al-cuti-romero-las-razones-que-le-preocupan-de-cara-a-su-contratacion\/"]}]},{"@type":"ImageObject","inLanguage":"es","@id":"https:\/\/lobosnews.com.ar\/index.php\/2026\/04\/29\/el-barcelona-tiene-en-la-mira-al-cuti-romero-las-razones-que-le-preocupan-de-cara-a-su-contratacion\/#primaryimage","url":"https:\/\/lobosnews.com.ar\/wp-content\/uploads\/2026\/04\/el-barcelona-tiene-en-la-mira-al-cuti-romero-las-razones-que-le-preocupan-de-cara-a-su-contratacion.jpg","contentUrl":"https:\/\/lobosnews.com.ar\/wp-content\/uploads\/2026\/04\/el-barcelona-tiene-en-la-mira-al-cuti-romero-las-razones-que-le-preocupan-de-cara-a-su-contratacion.jpg"},{"@type":"BreadcrumbList","@id":"https:\/\/lobosnews.com.ar\/index.php\/2026\/04\/29\/el-barcelona-tiene-en-la-mira-al-cuti-romero-las-razones-que-le-preocupan-de-cara-a-su-contratacion\/#breadcrumb","itemListElement":[{"@type":"ListItem","position":1,"name":"Portada","item":"https:\/\/lobosnews.com.ar\/"},{"@type":"ListItem","position":2,"name":"El Barcelona tiene en la mira al Cuti Romero: las razones que le preocupan de cara a su contrataci\u00f3n"}]},{"@type":"WebSite","@id":"https:\/\/lobosnews.com.ar\/#website","url":"https:\/\/lobosnews.com.ar\/","name":"Lobos News","description":"Informaci\u00f3n a cada instante","publisher":{"@id":"https:\/\/lobosnews.com.ar\/#organization"},"potentialAction":[{"@type":"SearchAction","target":{"@type":"EntryPoint","urlTemplate":"https:\/\/lobosnews.com.ar\/?s={search_term_string}"},"query-input":{"@type":"PropertyValueSpecification","valueRequired":true,"valueName":"search_term_string"}}],"inLanguage":"es"},{"@type":"Organization","@id":"https:\/\/lobosnews.com.ar\/#organization","name":"Lobos News","url":"https:\/\/lobosnews.com.ar\/","logo":{"@type":"ImageObject","inLanguage":"es","@id":"https:\/\/lobosnews.com.ar\/#\/schema\/logo\/image\/","url":"https:\/\/lobosnews.com.ar\/wp-content\/uploads\/2026\/01\/logo-lobosnews.png","contentUrl":"https:\/\/lobosnews.com.ar\/wp-content\/uploads\/2026\/01\/logo-lobosnews.png","width":500,"height":200,"caption":"Lobos News"},"image":{"@id":"https:\/\/lobosnews.com.ar\/#\/schema\/logo\/image\/"}},{"@type":"Person","@id":"https:\/\/lobosnews.com.ar\/#\/schema\/person\/232422a593d5c541dd9aef6aaed10943","name":"admin","image":{"@type":"ImageObject","inLanguage":"es","@id":"https:\/\/lobosnews.com.ar\/#\/schema\/person\/image\/","url":"https:\/\/secure.gravatar.com\/avatar\/76e419471a2083bc3ceab22a763dbbf9b0c1bd15a6214cf3280e2c2dde4580f9?s=96&d=mm&r=g","contentUrl":"https:\/\/secure.gravatar.com\/avatar\/76e419471a2083bc3ceab22a763dbbf9b0c1bd15a6214cf3280e2c2dde4580f9?s=96&d=mm&r=g","caption":"admin"},"sameAs":["https:\/\/lobosnews.com.ar"],"url":"https:\/\/lobosnews.com.ar\/index.php\/author\/lobos-news\/"}]}},"jetpack_featured_media_url":"","jetpack_sharing_enabled":true,"_links":{"self":[{"href":"https:\/\/lobosnews.com.ar\/index.php\/wp-json\/wp\/v2\/posts\/47298","targetHints":{"allow":["GET"]}}],"collection":[{"href":"https:\/\/lobosnews.com.ar\/index.php\/wp-json\/wp\/v2\/posts"}],"about":[{"href":"https:\/\/lobosnews.com.ar\/index.php\/wp-json\/wp\/v2\/types\/post"}],"author":[{"embeddable":true,"href":"https:\/\/lobosnews.com.ar\/index.php\/wp-json\/wp\/v2\/users\/1"}],"replies":[{"embeddable":true,"href":"https:\/\/lobosnews.com.ar\/index.php\/wp-json\/wp\/v2\/comments?post=47298"}],"version-history":[{"count":1,"href":"https:\/\/lobosnews.com.ar\/index.php\/wp-json\/wp\/v2\/posts\/47298\/revisions"}],"predecessor-version":[{"id":47301,"href":"https:\/\/lobosnews.com.ar\/index.php\/wp-json\/wp\/v2\/posts\/47298\/revisions\/47301"}],"wp:attachment":[{"href":"https:\/\/lobosnews.com.ar\/index.php\/wp-json\/wp\/v2\/media?parent=47298"}],"wp:term":[{"taxonomy":"category","embeddable":true,"href":"https:\/\/lobosnews.com.ar\/index.php\/wp-json\/wp\/v2\/categories?post=47298"},{"taxonomy":"post_tag","embeddable":true,"href":"https:\/\/lobosnews.com.ar\/index.php\/wp-json\/wp\/v2\/tags?post=47298"}],"curies":[{"name":"wp","href":"https:\/\/api.w.org\/{rel}","templated":true}]}}