{"id":47289,"date":"2026-04-29T19:20:13","date_gmt":"2026-04-29T19:20:13","guid":{"rendered":"https:\/\/lobosnews.com.ar\/index.php\/2026\/04\/29\/river-plate-viajara-a-brasil-sin-franco-armani-y-reina-la-incertidumbre-sobre-su-regreso-oficial-el-plan-de-coudet\/"},"modified":"2026-04-29T20:45:07","modified_gmt":"2026-04-29T20:45:07","slug":"river-plate-viajara-a-brasil-sin-franco-armani-y-reina-la-incertidumbre-sobre-su-regreso-oficial-el-plan-de-coudet","status":"publish","type":"post","link":"https:\/\/lobosnews.com.ar\/index.php\/2026\/04\/29\/river-plate-viajara-a-brasil-sin-franco-armani-y-reina-la-incertidumbre-sobre-su-regreso-oficial-el-plan-de-coudet\/","title":{"rendered":"River Plate viajar\u00e1 a Brasil sin Franco Armani y reina la incertidumbre sobre su regreso oficial: el plan de Coudet"},"content":{"rendered":"<p><img fetchpriority=\"high\" decoding=\"async\" src=\"https:\/\/lobosnews.com.ar\/wp-content\/uploads\/2026\/04\/river-plate-viajara-a-brasil-sin-franco-armani-y-reina-la-incertidumbre-sobre-su-regreso-oficial-el-plan-de-coudet.jpg\" alt=\"\" height=\"1080\" width=\"1920\"\/><\/p>\n<p>La decisi\u00f3n de dejar fuera a <b>Franco Armani <\/b>para el crucial compromiso ante Bragantino en San Pablo marca el enfoque conservador de <b>Eduardo Coudet<\/b> en un momento clave de la temporada de River, donde el equipo pelea por el liderzgo del grupo H en la Copa Sudamericana y un calendario exigente obliga a dosificar riesgos. El estratega riverplatense considera que el <i>Pulpo <\/i>todav\u00eda no tiene el <b>\u201calta futbol\u00edstica\u201d<\/b> pese a que ya recibi\u00f3 el pulgar arriba por parte del departamento m\u00e9dico.<\/p>\n<p><b>Armani<\/b> hab\u00eda vuelto a la actividad el 22 de febrero ante V\u00e9lez pasado luego de <b>dos meses de inactividad<\/b> producto de una lesi\u00f3n de tobillo que lo margin\u00f3 de <b>seis partidos<\/b> consecutivos a la que se le sum\u00f3 un desgarro en su gemelo derecho. Frente al <i>Fort\u00edn<\/i>, solo aguant\u00f3 un tiempo y fue reemplazado por Santiago Beltr\u00e1n por serias molestias en su tend\u00f3n de Aquiles derecho, un padecimiento cr\u00f3nico que lo llev\u00f3 a someterse a un<b> tratamiento con c\u00e9lulas madre <\/b>en Rosario. El \u00faltimo encuentro oficial que disput\u00f3 fue en noviembre del a\u00f1o pasado, cuando los de N\u00fa\u00f1ez fueron eliminados por<b> <\/b>Racing en el Torneo Clausura.<\/p>\n<p>Ahora, buscando ritmo futbol\u00edstico, volver\u00e1 a ser evaluado en la previa del partido del domingo ante Atl\u00e9tico Tucum\u00e1n por el Torneo Apertura (arrancar\u00e1 a las 18:30 en el Monumental) para ver si regresa ese d\u00eda. Hasta el momento, el <i>Chacho <\/i>prefiri\u00f3 evitar profundizar sobre cu\u00e1ndo ser\u00e1 su regreso y no est\u00e1 claro a\u00fan si volver\u00e1 en breve o despu\u00e9s del Mundial. Por lo pronto, hace m\u00e1s de dos semanas que ya se entrena a la par de sus compa\u00f1eros.<\/p>\n<p><b>\u201cYa la ve\u00eda venir la pregunta sobre Franco, voy a tratar que haya competencia interna, que es lo que potencia el nivel de los jugadores&#8230; Y despu\u00e9s, a trabajar<\/b>\u201c, hab\u00eda respondido Coudet en la conferencia de prensa en la que fue presentado como DT <i>millonario<\/i>. La sensaci\u00f3n es que, o volver\u00e1 ante los tucumanos, o su regreso ser\u00e1 en alg\u00fan partido de la Sudamericana ya que parece improbable que Coudet determine su regreso a partir de los octavos de final del campeonato local.<\/p>\n<p><img loading=\"lazy\" decoding=\"async\" src=\"https:\/\/lobosnews.com.ar\/wp-content\/uploads\/2026\/04\/river-plate-viajara-a-brasil-sin-franco-armani-y-reina-la-incertidumbre-sobre-su-regreso-oficial-el-plan-de-coudet-1.jpg\" alt=\"En lo que va del a\u00f1o, Franco Armani solo ataj\u00f3 un tiempo contra V\u00e9lez (REUTERS\/Jean Carniel)\" height=\"3312\" width=\"4762\"\/><\/p>\n<p>La lista de concentrados para el duelo ante Bragantino (arrancar\u00e1 ma\u00f1ana a las 21:30 en San Pablo) presenta el mismo n\u00facleo que afront\u00f3 el \u00faltimo encuentro ante Aldosivi, con la incorporaci\u00f3n de <b>Franco Jaroszewicz<\/b> como tercer arquero. El juvenil de 19 a\u00f1os, quien disput\u00f3 un partido como titular en Reserva ante Sarmiento el martes y, tras regresar desde Jun\u00edn, se sum\u00f3 r\u00e1pidamente al plantel principal, tendr\u00e1 as\u00ed la posibilidad de vivir su primera experiencia internacional con River. Entre los juveniles, la traves\u00eda a Brasil ser\u00e1 tambi\u00e9n un hito para <b>Lucas Silva<\/b>, quien debut\u00f3 recientemente en el Monumental y suma su primer periplo internacional como profesional.<\/p>\n<p>En tanto, la exclusi\u00f3n de <b>Kevin Casta\u00f1o<\/b> destaca su situaci\u00f3n deportiva: desde la llegada de Coudet, solo acumul\u00f3 <b>65 minutos<\/b> en cancha repartidos entre tres partidos \u201418 minutos frente a Sarmiento, 4 ante Estudiantes de R\u00edo Cuarto y <b>45 minutos contra Carabobo<\/b>\u2014. Tal como ocurri\u00f3 ante el Tibur\u00f3n marplatense, su ausencia obedece a una determinaci\u00f3n t\u00e1ctica.<\/p>\n<p>La lista definitiva de convocados para enfrentar a Bragantino incluye a <b>tres arqueros<\/b> \u2014Santiago Beltr\u00e1n, Ezequiel Centuri\u00f3n y Franco Jaroszewicz\u2014, junto a los defensores Fabricio Bustos, Lautaro Rivero, Lucas Mart\u00ednez Quarta, Marcos Acu\u00f1a, Paulo D\u00edaz, Mat\u00edas Vi\u00f1a, Gonzalo Montiel y Germ\u00e1n Pezzella. Entre los volantes figuran An\u00edbal Moreno, Tom\u00e1s Galv\u00e1n, Kendry P\u00e1ez, Giuliano Galoppo, Santiago Lencina, Lucas Silva y Juan Cruz Meza. El ataque suma a Ian Subiabre, Agust\u00edn Ruberto, Facundo Colidio, Joaqu\u00edn Freitas, Maximiliano Salas y Lautaro Pereyra.<\/p>\n<p>Quedaron marginados de la convocatoria Armani y Maximiliano Meza (en la etapa final de su recuperaci\u00f3n f\u00edsica), Casta\u00f1o (por criterios deportivos), y figuran en la lista de lesionados <b>Sebasti\u00e1n Driussi, Juan Fernando Quintero y Fausto Vera<\/b>. De estos \u00faltimos, tanto Quintero como Vera, muestran avances en su recuperaci\u00f3n y ya apuntan a estar a disposici\u00f3n para el pr\u00f3ximo compromiso sudamericano.<\/p>\n<p><b>LA LISTA DE CONVOCADOS DE RIVER PLATE<\/b><\/p>\n<p><img loading=\"lazy\" decoding=\"async\" src=\"https:\/\/lobosnews.com.ar\/wp-content\/uploads\/2026\/04\/river-plate-viajara-a-brasil-sin-franco-armani-y-reina-la-incertidumbre-sobre-su-regreso-oficial-el-plan-de-coudet-2.jpg\" alt=\"\" height=\"1350\" width=\"1080\"\/><\/p>\n<ul>\n<li><b>Arqueros:<\/b>&nbsp;Santiago Beltr\u00e1n, Ezequiel Centuri\u00f3n y Franco Jaroszewicz.<\/li>\n<li><b>Defensores:<\/b>&nbsp;Fabricio Bustos, Lautaro Rivero, Marcos Acu\u00f1a, Paulo D\u00edaz, Mat\u00edas Vi\u00f1a, Lucas Mart\u00ednez Quarta, Gonzalo Montiel y Germ\u00e1n Pezzella.<\/li>\n<li><b>Volantes:&nbsp;<\/b>An\u00edbal Moreno, Giuliano Galoppo,&nbsp;Lucas Silva, Tom\u00e1s Galv\u00e1n, Santiago Lencina, Juan Cruz Meza y Kendry P\u00e1ez.<\/li>\n<li><b>Delanteros:<\/b>&nbsp;Lautaro Pereyra, Ian Subiabre, Maximiliano Salas, Joaqu\u00edn Freitas, Facundo Colidio y Agust\u00edn Ruberto.<\/li>\n<\/ul>\n","protected":false},"excerpt":{"rendered":"<p>La decisi\u00f3n de dejar fuera a Franco Armani para el crucial compromiso ante Bragantino en San Pablo marca el enfoque conservador de Eduardo Coudet en un momento clave de la temporada de River, donde el equipo pelea por el liderzgo del grupo H en la Copa Sudamericana y un calendario exigente obliga a dosificar riesgos&#8230;.<\/p>\n","protected":false},"author":1,"featured_media":0,"comment_status":"open","ping_status":"closed","sticky":false,"template":"","format":"standard","meta":{"_jetpack_memberships_contains_paid_content":false,"footnotes":""},"categories":[30],"tags":[39],"class_list":["post-47289","post","type-post","status-publish","format-standard","hentry","category-argentina","tag-deportes"],"magazineBlocksPostFeaturedMedia":{"thumbnail":false,"medium":false,"medium_large":false,"large":false,"1536x1536":false,"2048x2048":false,"newsmatic-featured":false,"newsmatic-list":false,"newsmatic-thumb":false,"newsmatic-small":false,"newsmatic-grid":false},"magazineBlocksPostAuthor":{"name":"admin","avatar":"https:\/\/secure.gravatar.com\/avatar\/76e419471a2083bc3ceab22a763dbbf9b0c1bd15a6214cf3280e2c2dde4580f9?s=96&d=mm&r=g"},"magazineBlocksPostCommentsNumber":"0","magazineBlocksPostExcerpt":"La decisi\u00f3n de dejar fuera a Franco Armani para el crucial compromiso ante Bragantino en San Pablo marca el enfoque conservador de Eduardo Coudet en un momento clave de la temporada de River, donde el equipo pelea por el liderzgo del grupo H en la Copa Sudamericana y un calendario exigente obliga a dosificar riesgos....","magazineBlocksPostCategories":["Argentina"],"magazineBlocksPostViewCount":17,"magazineBlocksPostReadTime":4,"magazine_blocks_featured_image_url":{"full":false,"medium":false,"thumbnail":false},"magazine_blocks_author":{"display_name":"admin","author_link":"https:\/\/lobosnews.com.ar\/index.php\/author\/lobos-news\/"},"magazine_blocks_comment":0,"magazine_blocks_author_image":"https:\/\/secure.gravatar.com\/avatar\/76e419471a2083bc3ceab22a763dbbf9b0c1bd15a6214cf3280e2c2dde4580f9?s=96&d=mm&r=g","magazine_blocks_category":"<a href=\"#\" class=\"category-link category-link-30\">Argentina<\/a>","yoast_head":"<!-- This site is optimized with the Yoast SEO plugin v26.6 - https:\/\/yoast.com\/wordpress\/plugins\/seo\/ -->\n<title>River Plate viajar\u00e1 a Brasil sin Franco Armani y reina la incertidumbre sobre su regreso oficial: el plan de Coudet - Lobos News<\/title>\n<meta name=\"robots\" content=\"index, follow, max-snippet:-1, max-image-preview:large, max-video-preview:-1\" \/>\n<link rel=\"canonical\" href=\"https:\/\/lobosnews.com.ar\/index.php\/2026\/04\/29\/river-plate-viajara-a-brasil-sin-franco-armani-y-reina-la-incertidumbre-sobre-su-regreso-oficial-el-plan-de-coudet\/\" \/>\n<meta property=\"og:locale\" content=\"es_ES\" \/>\n<meta property=\"og:type\" content=\"article\" \/>\n<meta property=\"og:title\" content=\"River Plate viajar\u00e1 a Brasil sin Franco Armani y reina la incertidumbre sobre su regreso oficial: el plan de Coudet - Lobos News\" \/>\n<meta property=\"og:description\" content=\"La decisi\u00f3n de dejar fuera a Franco Armani para el crucial compromiso ante Bragantino en San Pablo marca el enfoque conservador de Eduardo Coudet en un momento clave de la temporada de River, donde el equipo pelea por el liderzgo del grupo H en la Copa Sudamericana y un calendario exigente obliga a dosificar riesgos....\" \/>\n<meta property=\"og:url\" content=\"https:\/\/lobosnews.com.ar\/index.php\/2026\/04\/29\/river-plate-viajara-a-brasil-sin-franco-armani-y-reina-la-incertidumbre-sobre-su-regreso-oficial-el-plan-de-coudet\/\" \/>\n<meta property=\"og:site_name\" content=\"Lobos News\" \/>\n<meta property=\"article:published_time\" content=\"2026-04-29T19:20:13+00:00\" \/>\n<meta property=\"article:modified_time\" content=\"2026-04-29T20:45:07+00:00\" \/>\n<meta property=\"og:image\" content=\"https:\/\/lobosnews.com.ar\/wp-content\/uploads\/2026\/04\/river-plate-viajara-a-brasil-sin-franco-armani-y-reina-la-incertidumbre-sobre-su-regreso-oficial-el-plan-de-coudet.jpg\" \/>\n<meta name=\"author\" content=\"admin\" \/>\n<meta name=\"twitter:card\" content=\"summary_large_image\" \/>\n<meta name=\"twitter:label1\" content=\"Escrito por\" \/>\n\t<meta name=\"twitter:data1\" content=\"admin\" \/>\n\t<meta name=\"twitter:label2\" content=\"Tiempo de lectura\" \/>\n\t<meta name=\"twitter:data2\" content=\"4 minutos\" \/>\n<script type=\"application\/ld+json\" class=\"yoast-schema-graph\">{\"@context\":\"https:\/\/schema.org\",\"@graph\":[{\"@type\":\"Article\",\"@id\":\"https:\/\/lobosnews.com.ar\/index.php\/2026\/04\/29\/river-plate-viajara-a-brasil-sin-franco-armani-y-reina-la-incertidumbre-sobre-su-regreso-oficial-el-plan-de-coudet\/#article\",\"isPartOf\":{\"@id\":\"https:\/\/lobosnews.com.ar\/index.php\/2026\/04\/29\/river-plate-viajara-a-brasil-sin-franco-armani-y-reina-la-incertidumbre-sobre-su-regreso-oficial-el-plan-de-coudet\/\"},\"author\":{\"name\":\"admin\",\"@id\":\"https:\/\/lobosnews.com.ar\/#\/schema\/person\/232422a593d5c541dd9aef6aaed10943\"},\"headline\":\"River Plate viajar\u00e1 a Brasil sin Franco Armani y reina la incertidumbre sobre su regreso oficial: el plan de Coudet\",\"datePublished\":\"2026-04-29T19:20:13+00:00\",\"dateModified\":\"2026-04-29T20:45:07+00:00\",\"mainEntityOfPage\":{\"@id\":\"https:\/\/lobosnews.com.ar\/index.php\/2026\/04\/29\/river-plate-viajara-a-brasil-sin-franco-armani-y-reina-la-incertidumbre-sobre-su-regreso-oficial-el-plan-de-coudet\/\"},\"wordCount\":809,\"commentCount\":0,\"publisher\":{\"@id\":\"https:\/\/lobosnews.com.ar\/#organization\"},\"image\":{\"@id\":\"https:\/\/lobosnews.com.ar\/index.php\/2026\/04\/29\/river-plate-viajara-a-brasil-sin-franco-armani-y-reina-la-incertidumbre-sobre-su-regreso-oficial-el-plan-de-coudet\/#primaryimage\"},\"thumbnailUrl\":\"https:\/\/lobosnews.com.ar\/wp-content\/uploads\/2026\/04\/river-plate-viajara-a-brasil-sin-franco-armani-y-reina-la-incertidumbre-sobre-su-regreso-oficial-el-plan-de-coudet.jpg\",\"keywords\":[\"Deportes\"],\"articleSection\":[\"Argentina\"],\"inLanguage\":\"es\",\"potentialAction\":[{\"@type\":\"CommentAction\",\"name\":\"Comment\",\"target\":[\"https:\/\/lobosnews.com.ar\/index.php\/2026\/04\/29\/river-plate-viajara-a-brasil-sin-franco-armani-y-reina-la-incertidumbre-sobre-su-regreso-oficial-el-plan-de-coudet\/#respond\"]}]},{\"@type\":\"WebPage\",\"@id\":\"https:\/\/lobosnews.com.ar\/index.php\/2026\/04\/29\/river-plate-viajara-a-brasil-sin-franco-armani-y-reina-la-incertidumbre-sobre-su-regreso-oficial-el-plan-de-coudet\/\",\"url\":\"https:\/\/lobosnews.com.ar\/index.php\/2026\/04\/29\/river-plate-viajara-a-brasil-sin-franco-armani-y-reina-la-incertidumbre-sobre-su-regreso-oficial-el-plan-de-coudet\/\",\"name\":\"River Plate viajar\u00e1 a Brasil sin Franco Armani y reina la incertidumbre sobre su regreso oficial: el plan de Coudet - Lobos News\",\"isPartOf\":{\"@id\":\"https:\/\/lobosnews.com.ar\/#website\"},\"primaryImageOfPage\":{\"@id\":\"https:\/\/lobosnews.com.ar\/index.php\/2026\/04\/29\/river-plate-viajara-a-brasil-sin-franco-armani-y-reina-la-incertidumbre-sobre-su-regreso-oficial-el-plan-de-coudet\/#primaryimage\"},\"image\":{\"@id\":\"https:\/\/lobosnews.com.ar\/index.php\/2026\/04\/29\/river-plate-viajara-a-brasil-sin-franco-armani-y-reina-la-incertidumbre-sobre-su-regreso-oficial-el-plan-de-coudet\/#primaryimage\"},\"thumbnailUrl\":\"https:\/\/lobosnews.com.ar\/wp-content\/uploads\/2026\/04\/river-plate-viajara-a-brasil-sin-franco-armani-y-reina-la-incertidumbre-sobre-su-regreso-oficial-el-plan-de-coudet.jpg\",\"datePublished\":\"2026-04-29T19:20:13+00:00\",\"dateModified\":\"2026-04-29T20:45:07+00:00\",\"breadcrumb\":{\"@id\":\"https:\/\/lobosnews.com.ar\/index.php\/2026\/04\/29\/river-plate-viajara-a-brasil-sin-franco-armani-y-reina-la-incertidumbre-sobre-su-regreso-oficial-el-plan-de-coudet\/#breadcrumb\"},\"inLanguage\":\"es\",\"potentialAction\":[{\"@type\":\"ReadAction\",\"target\":[\"https:\/\/lobosnews.com.ar\/index.php\/2026\/04\/29\/river-plate-viajara-a-brasil-sin-franco-armani-y-reina-la-incertidumbre-sobre-su-regreso-oficial-el-plan-de-coudet\/\"]}]},{\"@type\":\"ImageObject\",\"inLanguage\":\"es\",\"@id\":\"https:\/\/lobosnews.com.ar\/index.php\/2026\/04\/29\/river-plate-viajara-a-brasil-sin-franco-armani-y-reina-la-incertidumbre-sobre-su-regreso-oficial-el-plan-de-coudet\/#primaryimage\",\"url\":\"https:\/\/lobosnews.com.ar\/wp-content\/uploads\/2026\/04\/river-plate-viajara-a-brasil-sin-franco-armani-y-reina-la-incertidumbre-sobre-su-regreso-oficial-el-plan-de-coudet.jpg\",\"contentUrl\":\"https:\/\/lobosnews.com.ar\/wp-content\/uploads\/2026\/04\/river-plate-viajara-a-brasil-sin-franco-armani-y-reina-la-incertidumbre-sobre-su-regreso-oficial-el-plan-de-coudet.jpg\"},{\"@type\":\"BreadcrumbList\",\"@id\":\"https:\/\/lobosnews.com.ar\/index.php\/2026\/04\/29\/river-plate-viajara-a-brasil-sin-franco-armani-y-reina-la-incertidumbre-sobre-su-regreso-oficial-el-plan-de-coudet\/#breadcrumb\",\"itemListElement\":[{\"@type\":\"ListItem\",\"position\":1,\"name\":\"Portada\",\"item\":\"https:\/\/lobosnews.com.ar\/\"},{\"@type\":\"ListItem\",\"position\":2,\"name\":\"River Plate viajar\u00e1 a Brasil sin Franco Armani y reina la incertidumbre sobre su regreso oficial: el plan de Coudet\"}]},{\"@type\":\"WebSite\",\"@id\":\"https:\/\/lobosnews.com.ar\/#website\",\"url\":\"https:\/\/lobosnews.com.ar\/\",\"name\":\"Lobos News\",\"description\":\"Informaci\u00f3n a cada instante\",\"publisher\":{\"@id\":\"https:\/\/lobosnews.com.ar\/#organization\"},\"potentialAction\":[{\"@type\":\"SearchAction\",\"target\":{\"@type\":\"EntryPoint\",\"urlTemplate\":\"https:\/\/lobosnews.com.ar\/?s={search_term_string}\"},\"query-input\":{\"@type\":\"PropertyValueSpecification\",\"valueRequired\":true,\"valueName\":\"search_term_string\"}}],\"inLanguage\":\"es\"},{\"@type\":\"Organization\",\"@id\":\"https:\/\/lobosnews.com.ar\/#organization\",\"name\":\"Lobos News\",\"url\":\"https:\/\/lobosnews.com.ar\/\",\"logo\":{\"@type\":\"ImageObject\",\"inLanguage\":\"es\",\"@id\":\"https:\/\/lobosnews.com.ar\/#\/schema\/logo\/image\/\",\"url\":\"https:\/\/lobosnews.com.ar\/wp-content\/uploads\/2026\/01\/logo-lobosnews.png\",\"contentUrl\":\"https:\/\/lobosnews.com.ar\/wp-content\/uploads\/2026\/01\/logo-lobosnews.png\",\"width\":500,\"height\":200,\"caption\":\"Lobos News\"},\"image\":{\"@id\":\"https:\/\/lobosnews.com.ar\/#\/schema\/logo\/image\/\"}},{\"@type\":\"Person\",\"@id\":\"https:\/\/lobosnews.com.ar\/#\/schema\/person\/232422a593d5c541dd9aef6aaed10943\",\"name\":\"admin\",\"image\":{\"@type\":\"ImageObject\",\"inLanguage\":\"es\",\"@id\":\"https:\/\/lobosnews.com.ar\/#\/schema\/person\/image\/\",\"url\":\"https:\/\/secure.gravatar.com\/avatar\/76e419471a2083bc3ceab22a763dbbf9b0c1bd15a6214cf3280e2c2dde4580f9?s=96&d=mm&r=g\",\"contentUrl\":\"https:\/\/secure.gravatar.com\/avatar\/76e419471a2083bc3ceab22a763dbbf9b0c1bd15a6214cf3280e2c2dde4580f9?s=96&d=mm&r=g\",\"caption\":\"admin\"},\"sameAs\":[\"https:\/\/lobosnews.com.ar\"],\"url\":\"https:\/\/lobosnews.com.ar\/index.php\/author\/lobos-news\/\"}]}<\/script>\n<!-- \/ Yoast SEO plugin. -->","yoast_head_json":{"title":"River Plate viajar\u00e1 a Brasil sin Franco Armani y reina la incertidumbre sobre su regreso oficial: el plan de Coudet - Lobos News","robots":{"index":"index","follow":"follow","max-snippet":"max-snippet:-1","max-image-preview":"max-image-preview:large","max-video-preview":"max-video-preview:-1"},"canonical":"https:\/\/lobosnews.com.ar\/index.php\/2026\/04\/29\/river-plate-viajara-a-brasil-sin-franco-armani-y-reina-la-incertidumbre-sobre-su-regreso-oficial-el-plan-de-coudet\/","og_locale":"es_ES","og_type":"article","og_title":"River Plate viajar\u00e1 a Brasil sin Franco Armani y reina la incertidumbre sobre su regreso oficial: el plan de Coudet - Lobos News","og_description":"La decisi\u00f3n de dejar fuera a Franco Armani para el crucial compromiso ante Bragantino en San Pablo marca el enfoque conservador de Eduardo Coudet en un momento clave de la temporada de River, donde el equipo pelea por el liderzgo del grupo H en la Copa Sudamericana y un calendario exigente obliga a dosificar riesgos....","og_url":"https:\/\/lobosnews.com.ar\/index.php\/2026\/04\/29\/river-plate-viajara-a-brasil-sin-franco-armani-y-reina-la-incertidumbre-sobre-su-regreso-oficial-el-plan-de-coudet\/","og_site_name":"Lobos News","article_published_time":"2026-04-29T19:20:13+00:00","article_modified_time":"2026-04-29T20:45:07+00:00","og_image":[{"url":"https:\/\/lobosnews.com.ar\/wp-content\/uploads\/2026\/04\/river-plate-viajara-a-brasil-sin-franco-armani-y-reina-la-incertidumbre-sobre-su-regreso-oficial-el-plan-de-coudet.jpg","type":"","width":"","height":""}],"author":"admin","twitter_card":"summary_large_image","twitter_misc":{"Escrito por":"admin","Tiempo de lectura":"4 minutos"},"schema":{"@context":"https:\/\/schema.org","@graph":[{"@type":"Article","@id":"https:\/\/lobosnews.com.ar\/index.php\/2026\/04\/29\/river-plate-viajara-a-brasil-sin-franco-armani-y-reina-la-incertidumbre-sobre-su-regreso-oficial-el-plan-de-coudet\/#article","isPartOf":{"@id":"https:\/\/lobosnews.com.ar\/index.php\/2026\/04\/29\/river-plate-viajara-a-brasil-sin-franco-armani-y-reina-la-incertidumbre-sobre-su-regreso-oficial-el-plan-de-coudet\/"},"author":{"name":"admin","@id":"https:\/\/lobosnews.com.ar\/#\/schema\/person\/232422a593d5c541dd9aef6aaed10943"},"headline":"River Plate viajar\u00e1 a Brasil sin Franco Armani y reina la incertidumbre sobre su regreso oficial: el plan de Coudet","datePublished":"2026-04-29T19:20:13+00:00","dateModified":"2026-04-29T20:45:07+00:00","mainEntityOfPage":{"@id":"https:\/\/lobosnews.com.ar\/index.php\/2026\/04\/29\/river-plate-viajara-a-brasil-sin-franco-armani-y-reina-la-incertidumbre-sobre-su-regreso-oficial-el-plan-de-coudet\/"},"wordCount":809,"commentCount":0,"publisher":{"@id":"https:\/\/lobosnews.com.ar\/#organization"},"image":{"@id":"https:\/\/lobosnews.com.ar\/index.php\/2026\/04\/29\/river-plate-viajara-a-brasil-sin-franco-armani-y-reina-la-incertidumbre-sobre-su-regreso-oficial-el-plan-de-coudet\/#primaryimage"},"thumbnailUrl":"https:\/\/lobosnews.com.ar\/wp-content\/uploads\/2026\/04\/river-plate-viajara-a-brasil-sin-franco-armani-y-reina-la-incertidumbre-sobre-su-regreso-oficial-el-plan-de-coudet.jpg","keywords":["Deportes"],"articleSection":["Argentina"],"inLanguage":"es","potentialAction":[{"@type":"CommentAction","name":"Comment","target":["https:\/\/lobosnews.com.ar\/index.php\/2026\/04\/29\/river-plate-viajara-a-brasil-sin-franco-armani-y-reina-la-incertidumbre-sobre-su-regreso-oficial-el-plan-de-coudet\/#respond"]}]},{"@type":"WebPage","@id":"https:\/\/lobosnews.com.ar\/index.php\/2026\/04\/29\/river-plate-viajara-a-brasil-sin-franco-armani-y-reina-la-incertidumbre-sobre-su-regreso-oficial-el-plan-de-coudet\/","url":"https:\/\/lobosnews.com.ar\/index.php\/2026\/04\/29\/river-plate-viajara-a-brasil-sin-franco-armani-y-reina-la-incertidumbre-sobre-su-regreso-oficial-el-plan-de-coudet\/","name":"River Plate viajar\u00e1 a Brasil sin Franco Armani y reina la incertidumbre sobre su regreso oficial: el plan de Coudet - Lobos News","isPartOf":{"@id":"https:\/\/lobosnews.com.ar\/#website"},"primaryImageOfPage":{"@id":"https:\/\/lobosnews.com.ar\/index.php\/2026\/04\/29\/river-plate-viajara-a-brasil-sin-franco-armani-y-reina-la-incertidumbre-sobre-su-regreso-oficial-el-plan-de-coudet\/#primaryimage"},"image":{"@id":"https:\/\/lobosnews.com.ar\/index.php\/2026\/04\/29\/river-plate-viajara-a-brasil-sin-franco-armani-y-reina-la-incertidumbre-sobre-su-regreso-oficial-el-plan-de-coudet\/#primaryimage"},"thumbnailUrl":"https:\/\/lobosnews.com.ar\/wp-content\/uploads\/2026\/04\/river-plate-viajara-a-brasil-sin-franco-armani-y-reina-la-incertidumbre-sobre-su-regreso-oficial-el-plan-de-coudet.jpg","datePublished":"2026-04-29T19:20:13+00:00","dateModified":"2026-04-29T20:45:07+00:00","breadcrumb":{"@id":"https:\/\/lobosnews.com.ar\/index.php\/2026\/04\/29\/river-plate-viajara-a-brasil-sin-franco-armani-y-reina-la-incertidumbre-sobre-su-regreso-oficial-el-plan-de-coudet\/#breadcrumb"},"inLanguage":"es","potentialAction":[{"@type":"ReadAction","target":["https:\/\/lobosnews.com.ar\/index.php\/2026\/04\/29\/river-plate-viajara-a-brasil-sin-franco-armani-y-reina-la-incertidumbre-sobre-su-regreso-oficial-el-plan-de-coudet\/"]}]},{"@type":"ImageObject","inLanguage":"es","@id":"https:\/\/lobosnews.com.ar\/index.php\/2026\/04\/29\/river-plate-viajara-a-brasil-sin-franco-armani-y-reina-la-incertidumbre-sobre-su-regreso-oficial-el-plan-de-coudet\/#primaryimage","url":"https:\/\/lobosnews.com.ar\/wp-content\/uploads\/2026\/04\/river-plate-viajara-a-brasil-sin-franco-armani-y-reina-la-incertidumbre-sobre-su-regreso-oficial-el-plan-de-coudet.jpg","contentUrl":"https:\/\/lobosnews.com.ar\/wp-content\/uploads\/2026\/04\/river-plate-viajara-a-brasil-sin-franco-armani-y-reina-la-incertidumbre-sobre-su-regreso-oficial-el-plan-de-coudet.jpg"},{"@type":"BreadcrumbList","@id":"https:\/\/lobosnews.com.ar\/index.php\/2026\/04\/29\/river-plate-viajara-a-brasil-sin-franco-armani-y-reina-la-incertidumbre-sobre-su-regreso-oficial-el-plan-de-coudet\/#breadcrumb","itemListElement":[{"@type":"ListItem","position":1,"name":"Portada","item":"https:\/\/lobosnews.com.ar\/"},{"@type":"ListItem","position":2,"name":"River Plate viajar\u00e1 a Brasil sin Franco Armani y reina la incertidumbre sobre su regreso oficial: el plan de Coudet"}]},{"@type":"WebSite","@id":"https:\/\/lobosnews.com.ar\/#website","url":"https:\/\/lobosnews.com.ar\/","name":"Lobos News","description":"Informaci\u00f3n a cada instante","publisher":{"@id":"https:\/\/lobosnews.com.ar\/#organization"},"potentialAction":[{"@type":"SearchAction","target":{"@type":"EntryPoint","urlTemplate":"https:\/\/lobosnews.com.ar\/?s={search_term_string}"},"query-input":{"@type":"PropertyValueSpecification","valueRequired":true,"valueName":"search_term_string"}}],"inLanguage":"es"},{"@type":"Organization","@id":"https:\/\/lobosnews.com.ar\/#organization","name":"Lobos News","url":"https:\/\/lobosnews.com.ar\/","logo":{"@type":"ImageObject","inLanguage":"es","@id":"https:\/\/lobosnews.com.ar\/#\/schema\/logo\/image\/","url":"https:\/\/lobosnews.com.ar\/wp-content\/uploads\/2026\/01\/logo-lobosnews.png","contentUrl":"https:\/\/lobosnews.com.ar\/wp-content\/uploads\/2026\/01\/logo-lobosnews.png","width":500,"height":200,"caption":"Lobos News"},"image":{"@id":"https:\/\/lobosnews.com.ar\/#\/schema\/logo\/image\/"}},{"@type":"Person","@id":"https:\/\/lobosnews.com.ar\/#\/schema\/person\/232422a593d5c541dd9aef6aaed10943","name":"admin","image":{"@type":"ImageObject","inLanguage":"es","@id":"https:\/\/lobosnews.com.ar\/#\/schema\/person\/image\/","url":"https:\/\/secure.gravatar.com\/avatar\/76e419471a2083bc3ceab22a763dbbf9b0c1bd15a6214cf3280e2c2dde4580f9?s=96&d=mm&r=g","contentUrl":"https:\/\/secure.gravatar.com\/avatar\/76e419471a2083bc3ceab22a763dbbf9b0c1bd15a6214cf3280e2c2dde4580f9?s=96&d=mm&r=g","caption":"admin"},"sameAs":["https:\/\/lobosnews.com.ar"],"url":"https:\/\/lobosnews.com.ar\/index.php\/author\/lobos-news\/"}]}},"jetpack_featured_media_url":"","jetpack_sharing_enabled":true,"_links":{"self":[{"href":"https:\/\/lobosnews.com.ar\/index.php\/wp-json\/wp\/v2\/posts\/47289","targetHints":{"allow":["GET"]}}],"collection":[{"href":"https:\/\/lobosnews.com.ar\/index.php\/wp-json\/wp\/v2\/posts"}],"about":[{"href":"https:\/\/lobosnews.com.ar\/index.php\/wp-json\/wp\/v2\/types\/post"}],"author":[{"embeddable":true,"href":"https:\/\/lobosnews.com.ar\/index.php\/wp-json\/wp\/v2\/users\/1"}],"replies":[{"embeddable":true,"href":"https:\/\/lobosnews.com.ar\/index.php\/wp-json\/wp\/v2\/comments?post=47289"}],"version-history":[{"count":1,"href":"https:\/\/lobosnews.com.ar\/index.php\/wp-json\/wp\/v2\/posts\/47289\/revisions"}],"predecessor-version":[{"id":47293,"href":"https:\/\/lobosnews.com.ar\/index.php\/wp-json\/wp\/v2\/posts\/47289\/revisions\/47293"}],"wp:attachment":[{"href":"https:\/\/lobosnews.com.ar\/index.php\/wp-json\/wp\/v2\/media?parent=47289"}],"wp:term":[{"taxonomy":"category","embeddable":true,"href":"https:\/\/lobosnews.com.ar\/index.php\/wp-json\/wp\/v2\/categories?post=47289"},{"taxonomy":"post_tag","embeddable":true,"href":"https:\/\/lobosnews.com.ar\/index.php\/wp-json\/wp\/v2\/tags?post=47289"}],"curies":[{"name":"wp","href":"https:\/\/api.w.org\/{rel}","templated":true}]}}