{"id":47275,"date":"2026-04-29T10:46:50","date_gmt":"2026-04-29T10:46:50","guid":{"rendered":"https:\/\/lobosnews.com.ar\/index.php\/2026\/04\/29\/yo-no-se-nada-te-juro-la-frase-de-tati-leclercq-en-el-departamento-del-anestesista-y-la-nueva-linea-de-investigacion-2\/"},"modified":"2026-04-29T15:15:16","modified_gmt":"2026-04-29T15:15:16","slug":"yo-no-se-nada-te-juro-la-frase-de-tati-leclercq-en-el-departamento-del-anestesista-y-la-nueva-linea-de-investigacion-2","status":"publish","type":"post","link":"https:\/\/lobosnews.com.ar\/index.php\/2026\/04\/29\/yo-no-se-nada-te-juro-la-frase-de-tati-leclercq-en-el-departamento-del-anestesista-y-la-nueva-linea-de-investigacion-2\/","title":{"rendered":"\u201cYo no s\u00e9 nada, te juro\u201d: la frase de \u201cTati\u201d Leclercq en el departamento del anestesista y la nueva l\u00ednea de investigaci\u00f3n"},"content":{"rendered":"<p><img loading=\"lazy\" decoding=\"async\" src=\"https:\/\/lobosnews.com.ar\/wp-content\/uploads\/2026\/04\/yo-no-se-nada-te-juro-la-frase-de-tati-leclercq-en-el-departamento-del-anestesista-y-la-nueva-linea-de-investigacion.jpg\" alt=\"El 20 de febrero, Chantal \"Tati\" Leclerq fue la primera en llegar a la casa del anestesista Alejandro Zalazar\" height=\"1080\" width=\"1920\"\/><\/p>\n<p>A poco m\u00e1s de dos meses de la muerte de <span class=\"waslinkname\"><i><b>Alejandro Zalazar<\/b><\/i><\/span>, la Justicia avanza sobre una nueva l\u00ednea de investigaci\u00f3n que tiene como protagonista a <span class=\"waslinkname\"><i><b>Chantal \u201cTati\u201d Leclercq<\/b><\/i><\/span>, la residente de tercer a\u00f1o del Hospital Rivadavia y amiga del anestesista fallecido. Se trata de una causa paralela al expediente que investiga las circunstancias de la muerte del m\u00e9dico y a la que deriv\u00f3 en el procesamiento de Hern\u00e1n Boveri y Delfina \u201cFini\u201d Lanusse por administraci\u00f3n fraudulenta de medicamentos en el Hospital Italiano.<\/p>\n<p>Seg\u00fan pudo saber <b>Infobae<\/b>, se la acusa de la <b>sustracci\u00f3n de f\u00e1rmacos en el \u00e1mbito hospitalario<\/b>. <b>En los pr\u00f3ximos d\u00edas ser\u00e1 llamada a indagatoria<\/b>. <\/p>\n<p>La imputaci\u00f3n \u2014requerida por el fiscal Lucio Herrera y que por el momento tramita en el Juzgado N\u00b0 47, a cargo de Javier S\u00e1nchez Sarmiento\u2014 se apoya en que Leclerq habr\u00eda reconocido ante terceros, en el \u00e1mbito de la <span class=\"waslinkname\"><i><b>Asociaci\u00f3n de Anestesia, Analgesia y Reanimaci\u00f3n de Buenos Aires (AAARBA)<\/b><\/i><\/span>, la sustracci\u00f3n de f\u00e1rmacos que solo pueden ser usados en el \u00e1mbito hospitalario desde el inicio de su residencia en el Rivadavia en 2024. <\/p>\n<p>En ese contexto, los investigadores analizan si los envases hallados en el departamento de Zalazar podr\u00edan corresponder a ese circuito. No obstante, esa hip\u00f3tesis permanece abierta y contempla otras posibilidades, entre ellas, que los f\u00e1rmacos pudieran haber sido obtenidos por el propio anestesista.<\/p>\n<p>Hasta el momento, el papel de Leclercq es, cuanto menos, llamativo. Fue la \u00faltima persona con la que habl\u00f3 Zalazar la noche del 19 de febrero y la primera en llegar al edificio del anestesista el d\u00eda que lo hallaron muerto en su departamento. <b>Ese 20 de febrero, \u201cTati\u201d qued\u00f3 registrada por las c\u00e1maras dentro del inmueble en los minutos previos a la intervenci\u00f3n del SAME y la Polic\u00eda<\/b>. Ingres\u00f3 al departamento junto a familiares, intent\u00f3 reanimarlo y, seg\u00fan declararon testigos, manipul\u00f3 su tel\u00e9fono celular.<\/p>\n<p>\u00bfCu\u00e1l era el v\u00ednculo entre ambos m\u00e9dicos? \u00bfPor qu\u00e9 ella lleg\u00f3 antes que nadie al departamento de Zalazar? \u00bfQu\u00e9 hizo con el tel\u00e9fono del anestesista mientras otros intentaban reanimarlo? \u00bfLas sustancias que ingiri\u00f3 Alejandro pudieron haber sido provistas por Leclercq? Esas son algunas de las preguntas que hoy atraviesan la investigaci\u00f3n que lidera el fiscal Eduardo Cubr\u00eda.<\/p>\n<p><img loading=\"lazy\" decoding=\"async\" src=\"https:\/\/lobosnews.com.ar\/wp-content\/uploads\/2026\/04\/yo-no-se-nada-te-juro-la-frase-de-tati-leclercq-en-el-departamento-del-anestesista-y-la-nueva-linea-de-investigacion-3.jpg\" alt=\"Leclercq con los guardias de seguridad del edificio de la calle Juncal 4600\" height=\"2199\" width=\"1920\"\/><\/p>\n<h2>Cronolog\u00eda<\/h2>\n<p><b>En el expediente que investiga la muerte de Zalazar, el nombre de Chantal Leclercq aparece desde el inicio<\/b>. Del an\u00e1lisis de las llamadas entrantes y salientes del tel\u00e9fono del anestesista se desprende que en la noche del 19 de febrero ella le dej\u00f3 una llamada perdida a las 21.30. \u00c9l se la devolvi\u00f3 a las 22.07, cuando ya se encontraba en su departamento, seg\u00fan los registros de las c\u00e1maras de seguridad.<\/p>\n<p>Al d\u00eda siguiente, cuando Zalazar no se present\u00f3 a trabajar en la Fundaci\u00f3n Favaloro y comenzaron a buscarlo, <b>Leclercq fue la primera en llegar al edificio de la calle Juncal 4600<\/b>. <b>Incluso antes que la familia<\/b>. Las c\u00e1maras la muestran hablando con los guardias de seguridad, vestida con el pantal\u00f3n del ambo y una remera.<\/p>\n<p>De acuerdo a la reconstrucci\u00f3n efectuada, el 20 de febrero <b>\u201cTati\u201d ingres\u00f3 al palier a las 16.45<\/b>. Minutos despu\u00e9s lo hicieron la hermana del anestesista, <b>Julieta Zalazar<\/b>, junto a su pareja. Casi enseguida lleg\u00f3 <b>Federico Mart\u00edn Taret<\/b>, \u00edntimo amigo del m\u00e9dico, con quien se iba a ver la noche anterior. <\/p>\n<p>Todos esos movimientos quedaron registrados antes de <b>la llegada del SAME, a las 17.07, y de la Polic\u00eda de la Ciudad<\/b>. \u00bfQu\u00e9 ocurri\u00f3 en ese lapso de 22 minutos, entre el ingreso de Leclercq al edificio y la llegada de los primeros equipos de emergencia<\/p>\n<p><img loading=\"lazy\" decoding=\"async\" src=\"https:\/\/lobosnews.com.ar\/wp-content\/uploads\/2026\/04\/yo-no-se-nada-te-juro-la-frase-de-tati-leclercq-en-el-departamento-del-anestesista-y-la-nueva-linea-de-investigacion-6.jpg\" alt=\"Llegada de personal del SAME \" height=\"2192\" width=\"1920\"\/><\/p>\n<p>Seg\u00fan declar\u00f3 la hermana de Zalazar, los primeros en entrar al departamento fueron ella \u2014quien abri\u00f3 la puerta con una copia de las llaves\u2014, seguida por su marido y Leclercq. Al ingresar, encontraron al anestesista tendido en el piso, al costado de la cama, con una v\u00eda colocada en el pie derecho. Segundos m\u00e1s tarde, se sum\u00f3 Federico Mart\u00edn Taret, quien subi\u00f3 en otro ascensor.<\/p>\n<p>Lo primero que hicieron fue intentar reanimarlo. Arranc\u00f3 Federico y sigui\u00f3 Leclercq. Pero, de acuerdo con los testimonios incorporados al expediente, la residente empez\u00f3 a los gritos. <b>\u201cDec\u00eda: \u2018No, no, no, Ale, Ale\u2019. No paraba de decir eso\u201d<\/b>, declar\u00f3 Julieta Zalazar. <\/p>\n<p>\u201cMe pon\u00eda nerviosa porque ella estaba en shock. Gritaba, lo abrazaba, se tiraba encima del pecho de mi hermano, trataba de hacerle reanimaci\u00f3n, pero muy interrumpidamente\u201d, agreg\u00f3.<\/p>\n<p>El amigo de Zalazar describi\u00f3 una escena similar. \u201cGritaba como loca. Se mov\u00eda para todos lados, sal\u00eda al pasillo, volv\u00eda. Estaba como desesperada\u201d, afirm\u00f3.<\/p>\n<p>En ese contexto,<b> Julieta asegur\u00f3 que vio a Leclercq tomar el tel\u00e9fono de su hermano<\/b>, que no estaba junto al cuerpo, sino sobre la cama, entre las s\u00e1banas. Seg\u00fan su testimonio, <b>lo manipul\u00f3 durante varios minutos<\/b> antes de la llegada de la Polic\u00eda. <\/p>\n<p>\u201cSe sent\u00f3 en la cama y agarr\u00f3 el celular de mi hermano. <b>Me dio la sensaci\u00f3n de que lo hab\u00eda desbloqueado y que deslizaba la pantalla<\/b>. Yo no le dije nada, pero me pareci\u00f3 raro. En esa situaci\u00f3n yo no ten\u00eda cabeza para hacer eso\u201d, declar\u00f3.<\/p>\n<p>Y record\u00f3 un breve intercambio con \u201cTati\u201d: \u201cYo la mir\u00e9, no recuerdo si le dije algo, o con solo mirarla sinti\u00f3 que le estaba preguntando, pero me respondi\u00f3:<b> \u2018Yo no s\u00e9 nada, te juro que no s\u00e9 nada\u2019<\/b>\u201d.<\/p>\n<p><img loading=\"lazy\" decoding=\"async\" src=\"https:\/\/lobosnews.com.ar\/wp-content\/uploads\/2026\/04\/yo-no-se-nada-te-juro-la-frase-de-tati-leclercq-en-el-departamento-del-anestesista-y-la-nueva-linea-de-investigacion-8.jpg\" alt=\"17.32 Chantal Leclerq sale del edificio\" height=\"1080\" width=\"1920\"\/><\/p>\n<p>El SAME y la Polic\u00eda llegaron minutos despu\u00e9s y se activ\u00f3 el protocolo formal. Sin embargo, las c\u00e1maras del edificio siguieron registrando movimientos. <b>A las 17.32, Leclercq sali\u00f3 del lugar acompa\u00f1ada por otra mujer<\/b>. Cinco minutos m\u00e1s tarde, a las 17.37, volvi\u00f3 a ingresar junto a una joven rubia, cuya identidad no pudo ser confirmada.<\/p>\n<p>A las 18.37, ambas mujeres volvieron a salir del edificio. En ese egreso, seg\u00fan confirmaron los investigadores tras analizar las im\u00e1genes de las c\u00e1maras de seguridad, la mujer rubia llevaba una tablet con una funda negra en la mano.<\/p>\n<p>La identificaci\u00f3n de esa persona constituye uno de los puntos en disputa del expediente. En su testimonial, Julieta Zalazar indic\u00f3 que no pod\u00eda identificar a esa mujer como Delfina Lanusse, ya que no la conoc\u00eda. Tampoco pudo asegurar que su hermano tuviera una tablet. \u201cNo s\u00e9 si ten\u00eda. S\u00e9 que ten\u00eda celular y una compu vieja que no funcionaba muy bien\u201d, sostuvo.<\/p>\n<p><img loading=\"lazy\" decoding=\"async\" src=\"https:\/\/lobosnews.com.ar\/wp-content\/uploads\/2026\/04\/yo-no-se-nada-te-juro-la-frase-de-tati-leclercq-en-el-departamento-del-anestesista-y-la-nueva-linea-de-investigacion-9.jpg\" alt=\"13.37. Leclerq ingresa nuevamente acompa\u00f1ada por una chica rubia\" height=\"1080\" width=\"1920\"\/><\/p>\n<p>Por su parte,<b> la defensa de Lanusse neg\u00f3 que ella hubiera estado en el edificio de Juncal al 4600 aquella tarde<\/b>. \u201cResulta materialmente imposible que Delfina Lanusse haya estado presente en el domicilio de Zalazar el 20 de febrero\u201d, se\u00f1alaron. <\/p>\n<p>Seg\u00fan explicaron, <b>en ese mismo horario se encontraba en la Asociaci\u00f3n de Anestesia, Analgesia y Reanimaci\u00f3n de Buenos Aires (AAARBA)<\/b>, extremo que \u2014afirman\u2014 fue corroborado por el testigo M.J.M., quien declar\u00f3 que se reuni\u00f3 con ella ese mismo d\u00eda alrededor de las 14. Agregaron, adem\u00e1s, que esa circunstancia podr\u00eda verificarse mediante registros f\u00edlmicos o datos de geolocalizaci\u00f3n.<\/p>\n<p><img loading=\"lazy\" decoding=\"async\" src=\"https:\/\/lobosnews.com.ar\/wp-content\/uploads\/2026\/04\/yo-no-se-nada-te-juro-la-frase-de-tati-leclercq-en-el-departamento-del-anestesista-y-la-nueva-linea-de-investigacion-10.jpg\" alt=\"18.37 Leclerq deja el edificio en compa\u00f1\u00eda de la chica rubia que ahora sale con una tablet\" height=\"2200\" width=\"1920\"\/><\/p>\n<h2>Bajo la lupa<\/h2>\n<p>Los primeros d\u00edas de abril, <span class=\"waslinkname\"><i><b>Leclercq fue allanada en su domicilio<\/b><\/i><\/span>, una casa ubicada en el country Santa B\u00e1rbara. En el operativo, realizado por la Sub DDI de Tigre y la Polic\u00eda de la Ciudad, le secuestraron un tel\u00e9fono celular y un iPad.<\/p>\n<p>En su declaraci\u00f3n testimonial en el marco de la investigaci\u00f3n por la muerte de Zalazar, con fecha del 17 de marzo pasado, Leclercq sostuvo que conoci\u00f3 a Alejandro en el Hospital Rivadavia y que manten\u00edan un v\u00ednculo de amistad. Seg\u00fan relat\u00f3, una vez, ella lo contact\u00f3 para asistir a Delfina Lanusse durante uno de los episodios en los que la encontr\u00f3 bajo los efectos del propofol.<\/p>\n<p>De acuerdo con su testimonio, el m\u00e9dico se acerc\u00f3 hasta el edificio donde viv\u00eda \u201cFini\u201d, aunque no ingres\u00f3 al departamento, y le entreg\u00f3 un medicamento para ayudarla. En ese marco, su declaraci\u00f3n ubica a Zalazar dentro del entorno cercano de Lanusse, pero sin vincularlo al circuito de provisi\u00f3n y consumo de la sustancia, en el que \u2014seg\u00fan dijo\u2014 interven\u00eda Hern\u00e1n Boveri.<\/p>\n<p>\u201c<b>Ale no ten\u00eda v\u00ednculo con Hern\u00e1n, pero conoc\u00eda a Delfina por m\u00ed<\/b>. Los present\u00e9 una vez por Facetime, <b>yo le hablaba mucho a Ale de \u2018Fini\u2019<\/b>, y alguna que otra vez nos hemos cruzado en el AAARBA porque curs\u00e1bamos materias los mismos d\u00edas\u201c, dijo.<\/p>\n<p>Tras abrir la nueva investigaci\u00f3n, el fiscal Lucio Herrera solicit\u00f3 una bater\u00eda de medidas para determinar si Leclercq particip\u00f3 en la sustracci\u00f3n de anest\u00e9sicos del Hospital Rivadavia. Entre ellas, <b>una auditor\u00eda de stock y trazabilidad de f\u00e1rmacos como propofol, fentanilo, ketamina y midazolam<\/b>; el relevamiento de registros de dispensa y cirug\u00edas en las que intervino; y el an\u00e1lisis de protocolos de control, almacenamiento y descarte de esas sustancias.<\/p>\n<p>Tambi\u00e9n se requiri\u00f3 identificar a profesionales y t\u00e9cnicos que hayan trabajado con ella y con Zalazar, as\u00ed como relevar im\u00e1genes de c\u00e1maras del hospital y analizar la geolocalizaci\u00f3n de su tel\u00e9fono para determinar si estuvo en el departamento del anestesista y en los momentos bajo investigaci\u00f3n.<\/p>\n<p>El requerimiento de instrucci\u00f3n, adem\u00e1s, incluye el pedido de citaci\u00f3n a <b>declaraci\u00f3n indagatoria<\/b>, instancia en la que Leclercq deber\u00e1 responder en calidad de imputada.<\/p>\n","protected":false},"excerpt":{"rendered":"<p>A poco m\u00e1s de dos meses de la muerte de Alejandro Zalazar, la Justicia avanza sobre una nueva l\u00ednea de investigaci\u00f3n que tiene como protagonista a Chantal \u201cTati\u201d Leclercq, la residente de tercer a\u00f1o del Hospital Rivadavia y amiga del anestesista fallecido. Se trata de una causa paralela al expediente que investiga las circunstancias de&#8230;<\/p>\n","protected":false},"author":1,"featured_media":47288,"comment_status":"open","ping_status":"closed","sticky":false,"template":"","format":"standard","meta":{"_jetpack_memberships_contains_paid_content":false,"footnotes":""},"categories":[31,30,32,77,84,35,36,37],"tags":[],"class_list":["post-47275","post","type-post","status-publish","format-standard","has-post-thumbnail","hentry","category-actualidad","category-argentina","category-economia","category-inseguridad","category-masradios-com","category-nacionales","category-seguridad","category-sociedad"],"magazineBlocksPostFeaturedMedia":{"thumbnail":"https:\/\/lobosnews.com.ar\/wp-content\/uploads\/2026\/04\/yo-no-se-nada-te-juro-la-frase-de-tati-leclercq-en-el-departamento-del-anestesista-y-la-nueva-linea-de-investigacion-20-150x150.jpg","medium":"https:\/\/lobosnews.com.ar\/wp-content\/uploads\/2026\/04\/yo-no-se-nada-te-juro-la-frase-de-tati-leclercq-en-el-departamento-del-anestesista-y-la-nueva-linea-de-investigacion-20-262x300.jpg","medium_large":"https:\/\/lobosnews.com.ar\/wp-content\/uploads\/2026\/04\/yo-no-se-nada-te-juro-la-frase-de-tati-leclercq-en-el-departamento-del-anestesista-y-la-nueva-linea-de-investigacion-20-768x880.jpg","large":"https:\/\/lobosnews.com.ar\/wp-content\/uploads\/2026\/04\/yo-no-se-nada-te-juro-la-frase-de-tati-leclercq-en-el-departamento-del-anestesista-y-la-nueva-linea-de-investigacion-20-894x1024.jpg","1536x1536":"https:\/\/lobosnews.com.ar\/wp-content\/uploads\/2026\/04\/yo-no-se-nada-te-juro-la-frase-de-tati-leclercq-en-el-departamento-del-anestesista-y-la-nueva-linea-de-investigacion-20-1341x1536.jpg","2048x2048":"https:\/\/lobosnews.com.ar\/wp-content\/uploads\/2026\/04\/yo-no-se-nada-te-juro-la-frase-de-tati-leclercq-en-el-departamento-del-anestesista-y-la-nueva-linea-de-investigacion-20-1787x2048.jpg","newsmatic-featured":"https:\/\/lobosnews.com.ar\/wp-content\/uploads\/2026\/04\/yo-no-se-nada-te-juro-la-frase-de-tati-leclercq-en-el-departamento-del-anestesista-y-la-nueva-linea-de-investigacion-20-820x545.jpg","newsmatic-list":"https:\/\/lobosnews.com.ar\/wp-content\/uploads\/2026\/04\/yo-no-se-nada-te-juro-la-frase-de-tati-leclercq-en-el-departamento-del-anestesista-y-la-nueva-linea-de-investigacion-20-600x400.jpg","newsmatic-thumb":"https:\/\/lobosnews.com.ar\/wp-content\/uploads\/2026\/04\/yo-no-se-nada-te-juro-la-frase-de-tati-leclercq-en-el-departamento-del-anestesista-y-la-nueva-linea-de-investigacion-20-300x200.jpg","newsmatic-small":"https:\/\/lobosnews.com.ar\/wp-content\/uploads\/2026\/04\/yo-no-se-nada-te-juro-la-frase-de-tati-leclercq-en-el-departamento-del-anestesista-y-la-nueva-linea-de-investigacion-20-150x95.jpg","newsmatic-grid":"https:\/\/lobosnews.com.ar\/wp-content\/uploads\/2026\/04\/yo-no-se-nada-te-juro-la-frase-de-tati-leclercq-en-el-departamento-del-anestesista-y-la-nueva-linea-de-investigacion-20-400x250.jpg"},"magazineBlocksPostAuthor":{"name":"admin","avatar":"https:\/\/secure.gravatar.com\/avatar\/76e419471a2083bc3ceab22a763dbbf9b0c1bd15a6214cf3280e2c2dde4580f9?s=96&d=mm&r=g"},"magazineBlocksPostCommentsNumber":"0","magazineBlocksPostExcerpt":"A poco m\u00e1s de dos meses de la muerte de Alejandro Zalazar, la Justicia avanza sobre una nueva l\u00ednea de investigaci\u00f3n que tiene como protagonista a Chantal \u201cTati\u201d Leclercq, la residente de tercer a\u00f1o del Hospital Rivadavia y amiga del anestesista fallecido. Se trata de una causa paralela al expediente que investiga las circunstancias de...","magazineBlocksPostCategories":["Actualidad","Argentina","econom\u00eda","inseguridad","masradios.com","nacionales","seguridad","sociedad"],"magazineBlocksPostViewCount":1,"magazineBlocksPostReadTime":8,"magazine_blocks_featured_image_url":{"full":["https:\/\/lobosnews.com.ar\/wp-content\/uploads\/2026\/04\/yo-no-se-nada-te-juro-la-frase-de-tati-leclercq-en-el-departamento-del-anestesista-y-la-nueva-linea-de-investigacion-20.jpg",1920,2200,false],"medium":["https:\/\/lobosnews.com.ar\/wp-content\/uploads\/2026\/04\/yo-no-se-nada-te-juro-la-frase-de-tati-leclercq-en-el-departamento-del-anestesista-y-la-nueva-linea-de-investigacion-20-262x300.jpg",262,300,true],"thumbnail":["https:\/\/lobosnews.com.ar\/wp-content\/uploads\/2026\/04\/yo-no-se-nada-te-juro-la-frase-de-tati-leclercq-en-el-departamento-del-anestesista-y-la-nueva-linea-de-investigacion-20-150x150.jpg",150,150,true]},"magazine_blocks_author":{"display_name":"admin","author_link":"https:\/\/lobosnews.com.ar\/index.php\/author\/lobos-news\/"},"magazine_blocks_comment":0,"magazine_blocks_author_image":"https:\/\/secure.gravatar.com\/avatar\/76e419471a2083bc3ceab22a763dbbf9b0c1bd15a6214cf3280e2c2dde4580f9?s=96&d=mm&r=g","magazine_blocks_category":"<a href=\"#\" class=\"category-link category-link-31\">Actualidad<\/a> <a href=\"#\" class=\"category-link category-link-30\">Argentina<\/a> <a href=\"#\" class=\"category-link category-link-32\">econom\u00eda<\/a> <a href=\"#\" class=\"category-link category-link-77\">inseguridad<\/a> <a href=\"#\" class=\"category-link category-link-84\">masradios.com<\/a> <a href=\"#\" class=\"category-link category-link-35\">nacionales<\/a> <a href=\"#\" class=\"category-link category-link-36\">seguridad<\/a> <a href=\"#\" class=\"category-link category-link-37\">sociedad<\/a>","yoast_head":"<!-- This site is optimized with the Yoast SEO plugin v26.6 - https:\/\/yoast.com\/wordpress\/plugins\/seo\/ -->\n<title>\u201cYo no s\u00e9 nada, te juro\u201d: la frase de \u201cTati\u201d Leclercq en el departamento del anestesista y la nueva l\u00ednea de investigaci\u00f3n - Lobos News<\/title>\n<meta name=\"robots\" content=\"index, follow, max-snippet:-1, max-image-preview:large, max-video-preview:-1\" \/>\n<link rel=\"canonical\" href=\"https:\/\/lobosnews.com.ar\/index.php\/2026\/04\/29\/yo-no-se-nada-te-juro-la-frase-de-tati-leclercq-en-el-departamento-del-anestesista-y-la-nueva-linea-de-investigacion-2\/\" \/>\n<meta property=\"og:locale\" content=\"es_ES\" \/>\n<meta property=\"og:type\" content=\"article\" \/>\n<meta property=\"og:title\" content=\"\u201cYo no s\u00e9 nada, te juro\u201d: la frase de \u201cTati\u201d Leclercq en el departamento del anestesista y la nueva l\u00ednea de investigaci\u00f3n - Lobos News\" \/>\n<meta property=\"og:description\" content=\"A poco m\u00e1s de dos meses de la muerte de Alejandro Zalazar, la Justicia avanza sobre una nueva l\u00ednea de investigaci\u00f3n que tiene como protagonista a Chantal \u201cTati\u201d Leclercq, la residente de tercer a\u00f1o del Hospital Rivadavia y amiga del anestesista fallecido. Se trata de una causa paralela al expediente que investiga las circunstancias de...\" \/>\n<meta property=\"og:url\" content=\"https:\/\/lobosnews.com.ar\/index.php\/2026\/04\/29\/yo-no-se-nada-te-juro-la-frase-de-tati-leclercq-en-el-departamento-del-anestesista-y-la-nueva-linea-de-investigacion-2\/\" \/>\n<meta property=\"og:site_name\" content=\"Lobos News\" \/>\n<meta property=\"article:published_time\" content=\"2026-04-29T10:46:50+00:00\" \/>\n<meta property=\"article:modified_time\" content=\"2026-04-29T15:15:16+00:00\" \/>\n<meta property=\"og:image\" content=\"https:\/\/lobosnews.com.ar\/wp-content\/uploads\/2026\/04\/yo-no-se-nada-te-juro-la-frase-de-tati-leclercq-en-el-departamento-del-anestesista-y-la-nueva-linea-de-investigacion.jpg\" \/>\n<meta name=\"author\" content=\"admin\" \/>\n<meta name=\"twitter:card\" content=\"summary_large_image\" \/>\n<meta name=\"twitter:label1\" content=\"Escrito por\" \/>\n\t<meta name=\"twitter:data1\" content=\"admin\" \/>\n\t<meta name=\"twitter:label2\" content=\"Tiempo de lectura\" \/>\n\t<meta name=\"twitter:data2\" content=\"8 minutos\" \/>\n<script type=\"application\/ld+json\" class=\"yoast-schema-graph\">{\"@context\":\"https:\/\/schema.org\",\"@graph\":[{\"@type\":\"Article\",\"@id\":\"https:\/\/lobosnews.com.ar\/index.php\/2026\/04\/29\/yo-no-se-nada-te-juro-la-frase-de-tati-leclercq-en-el-departamento-del-anestesista-y-la-nueva-linea-de-investigacion-2\/#article\",\"isPartOf\":{\"@id\":\"https:\/\/lobosnews.com.ar\/index.php\/2026\/04\/29\/yo-no-se-nada-te-juro-la-frase-de-tati-leclercq-en-el-departamento-del-anestesista-y-la-nueva-linea-de-investigacion-2\/\"},\"author\":{\"name\":\"admin\",\"@id\":\"https:\/\/lobosnews.com.ar\/#\/schema\/person\/232422a593d5c541dd9aef6aaed10943\"},\"headline\":\"\u201cYo no s\u00e9 nada, te juro\u201d: la frase de \u201cTati\u201d Leclercq en el departamento del anestesista y la nueva l\u00ednea de investigaci\u00f3n\",\"datePublished\":\"2026-04-29T10:46:50+00:00\",\"dateModified\":\"2026-04-29T15:15:16+00:00\",\"mainEntityOfPage\":{\"@id\":\"https:\/\/lobosnews.com.ar\/index.php\/2026\/04\/29\/yo-no-se-nada-te-juro-la-frase-de-tati-leclercq-en-el-departamento-del-anestesista-y-la-nueva-linea-de-investigacion-2\/\"},\"wordCount\":1615,\"commentCount\":0,\"publisher\":{\"@id\":\"https:\/\/lobosnews.com.ar\/#organization\"},\"image\":{\"@id\":\"https:\/\/lobosnews.com.ar\/index.php\/2026\/04\/29\/yo-no-se-nada-te-juro-la-frase-de-tati-leclercq-en-el-departamento-del-anestesista-y-la-nueva-linea-de-investigacion-2\/#primaryimage\"},\"thumbnailUrl\":\"https:\/\/lobosnews.com.ar\/wp-content\/uploads\/2026\/04\/yo-no-se-nada-te-juro-la-frase-de-tati-leclercq-en-el-departamento-del-anestesista-y-la-nueva-linea-de-investigacion-20.jpg\",\"articleSection\":[\"Actualidad\",\"Argentina\",\"econom\u00eda\",\"inseguridad\",\"masradios.com\",\"nacionales\",\"seguridad\",\"sociedad\"],\"inLanguage\":\"es\",\"potentialAction\":[{\"@type\":\"CommentAction\",\"name\":\"Comment\",\"target\":[\"https:\/\/lobosnews.com.ar\/index.php\/2026\/04\/29\/yo-no-se-nada-te-juro-la-frase-de-tati-leclercq-en-el-departamento-del-anestesista-y-la-nueva-linea-de-investigacion-2\/#respond\"]}]},{\"@type\":\"WebPage\",\"@id\":\"https:\/\/lobosnews.com.ar\/index.php\/2026\/04\/29\/yo-no-se-nada-te-juro-la-frase-de-tati-leclercq-en-el-departamento-del-anestesista-y-la-nueva-linea-de-investigacion-2\/\",\"url\":\"https:\/\/lobosnews.com.ar\/index.php\/2026\/04\/29\/yo-no-se-nada-te-juro-la-frase-de-tati-leclercq-en-el-departamento-del-anestesista-y-la-nueva-linea-de-investigacion-2\/\",\"name\":\"\u201cYo no s\u00e9 nada, te juro\u201d: la frase de \u201cTati\u201d Leclercq en el departamento del anestesista y la nueva l\u00ednea de investigaci\u00f3n - Lobos News\",\"isPartOf\":{\"@id\":\"https:\/\/lobosnews.com.ar\/#website\"},\"primaryImageOfPage\":{\"@id\":\"https:\/\/lobosnews.com.ar\/index.php\/2026\/04\/29\/yo-no-se-nada-te-juro-la-frase-de-tati-leclercq-en-el-departamento-del-anestesista-y-la-nueva-linea-de-investigacion-2\/#primaryimage\"},\"image\":{\"@id\":\"https:\/\/lobosnews.com.ar\/index.php\/2026\/04\/29\/yo-no-se-nada-te-juro-la-frase-de-tati-leclercq-en-el-departamento-del-anestesista-y-la-nueva-linea-de-investigacion-2\/#primaryimage\"},\"thumbnailUrl\":\"https:\/\/lobosnews.com.ar\/wp-content\/uploads\/2026\/04\/yo-no-se-nada-te-juro-la-frase-de-tati-leclercq-en-el-departamento-del-anestesista-y-la-nueva-linea-de-investigacion-20.jpg\",\"datePublished\":\"2026-04-29T10:46:50+00:00\",\"dateModified\":\"2026-04-29T15:15:16+00:00\",\"breadcrumb\":{\"@id\":\"https:\/\/lobosnews.com.ar\/index.php\/2026\/04\/29\/yo-no-se-nada-te-juro-la-frase-de-tati-leclercq-en-el-departamento-del-anestesista-y-la-nueva-linea-de-investigacion-2\/#breadcrumb\"},\"inLanguage\":\"es\",\"potentialAction\":[{\"@type\":\"ReadAction\",\"target\":[\"https:\/\/lobosnews.com.ar\/index.php\/2026\/04\/29\/yo-no-se-nada-te-juro-la-frase-de-tati-leclercq-en-el-departamento-del-anestesista-y-la-nueva-linea-de-investigacion-2\/\"]}]},{\"@type\":\"ImageObject\",\"inLanguage\":\"es\",\"@id\":\"https:\/\/lobosnews.com.ar\/index.php\/2026\/04\/29\/yo-no-se-nada-te-juro-la-frase-de-tati-leclercq-en-el-departamento-del-anestesista-y-la-nueva-linea-de-investigacion-2\/#primaryimage\",\"url\":\"https:\/\/lobosnews.com.ar\/wp-content\/uploads\/2026\/04\/yo-no-se-nada-te-juro-la-frase-de-tati-leclercq-en-el-departamento-del-anestesista-y-la-nueva-linea-de-investigacion-20.jpg\",\"contentUrl\":\"https:\/\/lobosnews.com.ar\/wp-content\/uploads\/2026\/04\/yo-no-se-nada-te-juro-la-frase-de-tati-leclercq-en-el-departamento-del-anestesista-y-la-nueva-linea-de-investigacion-20.jpg\",\"width\":1920,\"height\":2200,\"caption\":\"\u201cYo no s\u00e9 nada, te juro\u201d: la frase de \u201cTati\u201d Leclercq en el departamento del anestesista y la nueva l\u00ednea de investigaci\u00f3n\"},{\"@type\":\"BreadcrumbList\",\"@id\":\"https:\/\/lobosnews.com.ar\/index.php\/2026\/04\/29\/yo-no-se-nada-te-juro-la-frase-de-tati-leclercq-en-el-departamento-del-anestesista-y-la-nueva-linea-de-investigacion-2\/#breadcrumb\",\"itemListElement\":[{\"@type\":\"ListItem\",\"position\":1,\"name\":\"Portada\",\"item\":\"https:\/\/lobosnews.com.ar\/\"},{\"@type\":\"ListItem\",\"position\":2,\"name\":\"\u201cYo no s\u00e9 nada, te juro\u201d: la frase de \u201cTati\u201d Leclercq en el departamento del anestesista y la nueva l\u00ednea de investigaci\u00f3n\"}]},{\"@type\":\"WebSite\",\"@id\":\"https:\/\/lobosnews.com.ar\/#website\",\"url\":\"https:\/\/lobosnews.com.ar\/\",\"name\":\"Lobos News\",\"description\":\"Informaci\u00f3n a cada instante\",\"publisher\":{\"@id\":\"https:\/\/lobosnews.com.ar\/#organization\"},\"potentialAction\":[{\"@type\":\"SearchAction\",\"target\":{\"@type\":\"EntryPoint\",\"urlTemplate\":\"https:\/\/lobosnews.com.ar\/?s={search_term_string}\"},\"query-input\":{\"@type\":\"PropertyValueSpecification\",\"valueRequired\":true,\"valueName\":\"search_term_string\"}}],\"inLanguage\":\"es\"},{\"@type\":\"Organization\",\"@id\":\"https:\/\/lobosnews.com.ar\/#organization\",\"name\":\"Lobos News\",\"url\":\"https:\/\/lobosnews.com.ar\/\",\"logo\":{\"@type\":\"ImageObject\",\"inLanguage\":\"es\",\"@id\":\"https:\/\/lobosnews.com.ar\/#\/schema\/logo\/image\/\",\"url\":\"https:\/\/lobosnews.com.ar\/wp-content\/uploads\/2026\/01\/logo-lobosnews.png\",\"contentUrl\":\"https:\/\/lobosnews.com.ar\/wp-content\/uploads\/2026\/01\/logo-lobosnews.png\",\"width\":500,\"height\":200,\"caption\":\"Lobos News\"},\"image\":{\"@id\":\"https:\/\/lobosnews.com.ar\/#\/schema\/logo\/image\/\"}},{\"@type\":\"Person\",\"@id\":\"https:\/\/lobosnews.com.ar\/#\/schema\/person\/232422a593d5c541dd9aef6aaed10943\",\"name\":\"admin\",\"image\":{\"@type\":\"ImageObject\",\"inLanguage\":\"es\",\"@id\":\"https:\/\/lobosnews.com.ar\/#\/schema\/person\/image\/\",\"url\":\"https:\/\/secure.gravatar.com\/avatar\/76e419471a2083bc3ceab22a763dbbf9b0c1bd15a6214cf3280e2c2dde4580f9?s=96&d=mm&r=g\",\"contentUrl\":\"https:\/\/secure.gravatar.com\/avatar\/76e419471a2083bc3ceab22a763dbbf9b0c1bd15a6214cf3280e2c2dde4580f9?s=96&d=mm&r=g\",\"caption\":\"admin\"},\"sameAs\":[\"https:\/\/lobosnews.com.ar\"],\"url\":\"https:\/\/lobosnews.com.ar\/index.php\/author\/lobos-news\/\"}]}<\/script>\n<!-- \/ Yoast SEO plugin. -->","yoast_head_json":{"title":"\u201cYo no s\u00e9 nada, te juro\u201d: la frase de \u201cTati\u201d Leclercq en el departamento del anestesista y la nueva l\u00ednea de investigaci\u00f3n - Lobos News","robots":{"index":"index","follow":"follow","max-snippet":"max-snippet:-1","max-image-preview":"max-image-preview:large","max-video-preview":"max-video-preview:-1"},"canonical":"https:\/\/lobosnews.com.ar\/index.php\/2026\/04\/29\/yo-no-se-nada-te-juro-la-frase-de-tati-leclercq-en-el-departamento-del-anestesista-y-la-nueva-linea-de-investigacion-2\/","og_locale":"es_ES","og_type":"article","og_title":"\u201cYo no s\u00e9 nada, te juro\u201d: la frase de \u201cTati\u201d Leclercq en el departamento del anestesista y la nueva l\u00ednea de investigaci\u00f3n - Lobos News","og_description":"A poco m\u00e1s de dos meses de la muerte de Alejandro Zalazar, la Justicia avanza sobre una nueva l\u00ednea de investigaci\u00f3n que tiene como protagonista a Chantal \u201cTati\u201d Leclercq, la residente de tercer a\u00f1o del Hospital Rivadavia y amiga del anestesista fallecido. Se trata de una causa paralela al expediente que investiga las circunstancias de...","og_url":"https:\/\/lobosnews.com.ar\/index.php\/2026\/04\/29\/yo-no-se-nada-te-juro-la-frase-de-tati-leclercq-en-el-departamento-del-anestesista-y-la-nueva-linea-de-investigacion-2\/","og_site_name":"Lobos News","article_published_time":"2026-04-29T10:46:50+00:00","article_modified_time":"2026-04-29T15:15:16+00:00","og_image":[{"url":"https:\/\/lobosnews.com.ar\/wp-content\/uploads\/2026\/04\/yo-no-se-nada-te-juro-la-frase-de-tati-leclercq-en-el-departamento-del-anestesista-y-la-nueva-linea-de-investigacion.jpg","type":"","width":"","height":""}],"author":"admin","twitter_card":"summary_large_image","twitter_misc":{"Escrito por":"admin","Tiempo de lectura":"8 minutos"},"schema":{"@context":"https:\/\/schema.org","@graph":[{"@type":"Article","@id":"https:\/\/lobosnews.com.ar\/index.php\/2026\/04\/29\/yo-no-se-nada-te-juro-la-frase-de-tati-leclercq-en-el-departamento-del-anestesista-y-la-nueva-linea-de-investigacion-2\/#article","isPartOf":{"@id":"https:\/\/lobosnews.com.ar\/index.php\/2026\/04\/29\/yo-no-se-nada-te-juro-la-frase-de-tati-leclercq-en-el-departamento-del-anestesista-y-la-nueva-linea-de-investigacion-2\/"},"author":{"name":"admin","@id":"https:\/\/lobosnews.com.ar\/#\/schema\/person\/232422a593d5c541dd9aef6aaed10943"},"headline":"\u201cYo no s\u00e9 nada, te juro\u201d: la frase de \u201cTati\u201d Leclercq en el departamento del anestesista y la nueva l\u00ednea de investigaci\u00f3n","datePublished":"2026-04-29T10:46:50+00:00","dateModified":"2026-04-29T15:15:16+00:00","mainEntityOfPage":{"@id":"https:\/\/lobosnews.com.ar\/index.php\/2026\/04\/29\/yo-no-se-nada-te-juro-la-frase-de-tati-leclercq-en-el-departamento-del-anestesista-y-la-nueva-linea-de-investigacion-2\/"},"wordCount":1615,"commentCount":0,"publisher":{"@id":"https:\/\/lobosnews.com.ar\/#organization"},"image":{"@id":"https:\/\/lobosnews.com.ar\/index.php\/2026\/04\/29\/yo-no-se-nada-te-juro-la-frase-de-tati-leclercq-en-el-departamento-del-anestesista-y-la-nueva-linea-de-investigacion-2\/#primaryimage"},"thumbnailUrl":"https:\/\/lobosnews.com.ar\/wp-content\/uploads\/2026\/04\/yo-no-se-nada-te-juro-la-frase-de-tati-leclercq-en-el-departamento-del-anestesista-y-la-nueva-linea-de-investigacion-20.jpg","articleSection":["Actualidad","Argentina","econom\u00eda","inseguridad","masradios.com","nacionales","seguridad","sociedad"],"inLanguage":"es","potentialAction":[{"@type":"CommentAction","name":"Comment","target":["https:\/\/lobosnews.com.ar\/index.php\/2026\/04\/29\/yo-no-se-nada-te-juro-la-frase-de-tati-leclercq-en-el-departamento-del-anestesista-y-la-nueva-linea-de-investigacion-2\/#respond"]}]},{"@type":"WebPage","@id":"https:\/\/lobosnews.com.ar\/index.php\/2026\/04\/29\/yo-no-se-nada-te-juro-la-frase-de-tati-leclercq-en-el-departamento-del-anestesista-y-la-nueva-linea-de-investigacion-2\/","url":"https:\/\/lobosnews.com.ar\/index.php\/2026\/04\/29\/yo-no-se-nada-te-juro-la-frase-de-tati-leclercq-en-el-departamento-del-anestesista-y-la-nueva-linea-de-investigacion-2\/","name":"\u201cYo no s\u00e9 nada, te juro\u201d: la frase de \u201cTati\u201d Leclercq en el departamento del anestesista y la nueva l\u00ednea de investigaci\u00f3n - Lobos News","isPartOf":{"@id":"https:\/\/lobosnews.com.ar\/#website"},"primaryImageOfPage":{"@id":"https:\/\/lobosnews.com.ar\/index.php\/2026\/04\/29\/yo-no-se-nada-te-juro-la-frase-de-tati-leclercq-en-el-departamento-del-anestesista-y-la-nueva-linea-de-investigacion-2\/#primaryimage"},"image":{"@id":"https:\/\/lobosnews.com.ar\/index.php\/2026\/04\/29\/yo-no-se-nada-te-juro-la-frase-de-tati-leclercq-en-el-departamento-del-anestesista-y-la-nueva-linea-de-investigacion-2\/#primaryimage"},"thumbnailUrl":"https:\/\/lobosnews.com.ar\/wp-content\/uploads\/2026\/04\/yo-no-se-nada-te-juro-la-frase-de-tati-leclercq-en-el-departamento-del-anestesista-y-la-nueva-linea-de-investigacion-20.jpg","datePublished":"2026-04-29T10:46:50+00:00","dateModified":"2026-04-29T15:15:16+00:00","breadcrumb":{"@id":"https:\/\/lobosnews.com.ar\/index.php\/2026\/04\/29\/yo-no-se-nada-te-juro-la-frase-de-tati-leclercq-en-el-departamento-del-anestesista-y-la-nueva-linea-de-investigacion-2\/#breadcrumb"},"inLanguage":"es","potentialAction":[{"@type":"ReadAction","target":["https:\/\/lobosnews.com.ar\/index.php\/2026\/04\/29\/yo-no-se-nada-te-juro-la-frase-de-tati-leclercq-en-el-departamento-del-anestesista-y-la-nueva-linea-de-investigacion-2\/"]}]},{"@type":"ImageObject","inLanguage":"es","@id":"https:\/\/lobosnews.com.ar\/index.php\/2026\/04\/29\/yo-no-se-nada-te-juro-la-frase-de-tati-leclercq-en-el-departamento-del-anestesista-y-la-nueva-linea-de-investigacion-2\/#primaryimage","url":"https:\/\/lobosnews.com.ar\/wp-content\/uploads\/2026\/04\/yo-no-se-nada-te-juro-la-frase-de-tati-leclercq-en-el-departamento-del-anestesista-y-la-nueva-linea-de-investigacion-20.jpg","contentUrl":"https:\/\/lobosnews.com.ar\/wp-content\/uploads\/2026\/04\/yo-no-se-nada-te-juro-la-frase-de-tati-leclercq-en-el-departamento-del-anestesista-y-la-nueva-linea-de-investigacion-20.jpg","width":1920,"height":2200,"caption":"\u201cYo no s\u00e9 nada, te juro\u201d: la frase de \u201cTati\u201d Leclercq en el departamento del anestesista y la nueva l\u00ednea de investigaci\u00f3n"},{"@type":"BreadcrumbList","@id":"https:\/\/lobosnews.com.ar\/index.php\/2026\/04\/29\/yo-no-se-nada-te-juro-la-frase-de-tati-leclercq-en-el-departamento-del-anestesista-y-la-nueva-linea-de-investigacion-2\/#breadcrumb","itemListElement":[{"@type":"ListItem","position":1,"name":"Portada","item":"https:\/\/lobosnews.com.ar\/"},{"@type":"ListItem","position":2,"name":"\u201cYo no s\u00e9 nada, te juro\u201d: la frase de \u201cTati\u201d Leclercq en el departamento del anestesista y la nueva l\u00ednea de investigaci\u00f3n"}]},{"@type":"WebSite","@id":"https:\/\/lobosnews.com.ar\/#website","url":"https:\/\/lobosnews.com.ar\/","name":"Lobos News","description":"Informaci\u00f3n a cada instante","publisher":{"@id":"https:\/\/lobosnews.com.ar\/#organization"},"potentialAction":[{"@type":"SearchAction","target":{"@type":"EntryPoint","urlTemplate":"https:\/\/lobosnews.com.ar\/?s={search_term_string}"},"query-input":{"@type":"PropertyValueSpecification","valueRequired":true,"valueName":"search_term_string"}}],"inLanguage":"es"},{"@type":"Organization","@id":"https:\/\/lobosnews.com.ar\/#organization","name":"Lobos News","url":"https:\/\/lobosnews.com.ar\/","logo":{"@type":"ImageObject","inLanguage":"es","@id":"https:\/\/lobosnews.com.ar\/#\/schema\/logo\/image\/","url":"https:\/\/lobosnews.com.ar\/wp-content\/uploads\/2026\/01\/logo-lobosnews.png","contentUrl":"https:\/\/lobosnews.com.ar\/wp-content\/uploads\/2026\/01\/logo-lobosnews.png","width":500,"height":200,"caption":"Lobos News"},"image":{"@id":"https:\/\/lobosnews.com.ar\/#\/schema\/logo\/image\/"}},{"@type":"Person","@id":"https:\/\/lobosnews.com.ar\/#\/schema\/person\/232422a593d5c541dd9aef6aaed10943","name":"admin","image":{"@type":"ImageObject","inLanguage":"es","@id":"https:\/\/lobosnews.com.ar\/#\/schema\/person\/image\/","url":"https:\/\/secure.gravatar.com\/avatar\/76e419471a2083bc3ceab22a763dbbf9b0c1bd15a6214cf3280e2c2dde4580f9?s=96&d=mm&r=g","contentUrl":"https:\/\/secure.gravatar.com\/avatar\/76e419471a2083bc3ceab22a763dbbf9b0c1bd15a6214cf3280e2c2dde4580f9?s=96&d=mm&r=g","caption":"admin"},"sameAs":["https:\/\/lobosnews.com.ar"],"url":"https:\/\/lobosnews.com.ar\/index.php\/author\/lobos-news\/"}]}},"jetpack_featured_media_url":"https:\/\/lobosnews.com.ar\/wp-content\/uploads\/2026\/04\/yo-no-se-nada-te-juro-la-frase-de-tati-leclercq-en-el-departamento-del-anestesista-y-la-nueva-linea-de-investigacion-20.jpg","jetpack_sharing_enabled":true,"_links":{"self":[{"href":"https:\/\/lobosnews.com.ar\/index.php\/wp-json\/wp\/v2\/posts\/47275","targetHints":{"allow":["GET"]}}],"collection":[{"href":"https:\/\/lobosnews.com.ar\/index.php\/wp-json\/wp\/v2\/posts"}],"about":[{"href":"https:\/\/lobosnews.com.ar\/index.php\/wp-json\/wp\/v2\/types\/post"}],"author":[{"embeddable":true,"href":"https:\/\/lobosnews.com.ar\/index.php\/wp-json\/wp\/v2\/users\/1"}],"replies":[{"embeddable":true,"href":"https:\/\/lobosnews.com.ar\/index.php\/wp-json\/wp\/v2\/comments?post=47275"}],"version-history":[{"count":1,"href":"https:\/\/lobosnews.com.ar\/index.php\/wp-json\/wp\/v2\/posts\/47275\/revisions"}],"predecessor-version":[{"id":47287,"href":"https:\/\/lobosnews.com.ar\/index.php\/wp-json\/wp\/v2\/posts\/47275\/revisions\/47287"}],"wp:featuredmedia":[{"embeddable":true,"href":"https:\/\/lobosnews.com.ar\/index.php\/wp-json\/wp\/v2\/media\/47288"}],"wp:attachment":[{"href":"https:\/\/lobosnews.com.ar\/index.php\/wp-json\/wp\/v2\/media?parent=47275"}],"wp:term":[{"taxonomy":"category","embeddable":true,"href":"https:\/\/lobosnews.com.ar\/index.php\/wp-json\/wp\/v2\/categories?post=47275"},{"taxonomy":"post_tag","embeddable":true,"href":"https:\/\/lobosnews.com.ar\/index.php\/wp-json\/wp\/v2\/tags?post=47275"}],"curies":[{"name":"wp","href":"https:\/\/api.w.org\/{rel}","templated":true}]}}