{"id":47227,"date":"2026-04-29T13:37:11","date_gmt":"2026-04-29T13:37:11","guid":{"rendered":"https:\/\/lobosnews.com.ar\/index.php\/2026\/04\/29\/jorge-macri-anticipo-en-infobae-que-manana-nacera-su-hijo-vito\/"},"modified":"2026-04-29T15:11:20","modified_gmt":"2026-04-29T15:11:20","slug":"jorge-macri-anticipo-en-infobae-que-manana-nacera-su-hijo-vito","status":"publish","type":"post","link":"https:\/\/lobosnews.com.ar\/index.php\/2026\/04\/29\/jorge-macri-anticipo-en-infobae-que-manana-nacera-su-hijo-vito\/","title":{"rendered":"Jorge Macri anticip\u00f3 en Infobae que ma\u00f1ana nacer\u00e1 su hijo Vito"},"content":{"rendered":"<p>En una primicia con el equipo de <b>Infobae al Amanecer<\/b>, el jefe de Gobierno porte\u00f1o, <b>Jorge Macri<\/b>, revel\u00f3 que <span class=\"waslinkname\">es inminente el parto con la periodista Bel\u00e9n Ludue\u00f1a<\/span>, con quien tendr\u00e1 un hijo llamado <b>Vito<\/b>.<\/p>\n<p>\u201c<b>Los dos estamos embarazados<\/b>\u201d, expres\u00f3. Y al ser consultado sobre cu\u00e1ndo ser\u00eda la fecha, el alcalde indic\u00f3 que \u201cprobablemente ma\u00f1ana, porque venimos aguantando a ver si sale\u201d. \u201c<b>Estamos tratando de que venga natural<\/b>\u201d, consider\u00f3. <\/p>\n<p>Durante la charla con <b>Nacho Gir\u00f3n, Luciana Rubinska <\/b>y<b> Bel\u00e9n Escobar<\/b> en Infobae al Amanecer, Jorge Macri respondi\u00f3 a las b\u00fasquedas m\u00e1s frecuentes sobre su vida en Google. Cuando le consultaron sobre su relaci\u00f3n con Bel\u00e9n Ludue\u00f1a, relat\u00f3: \u201cLa conoc\u00ed en un programa de tele \u201d<i>La lupa<\/i>\u201c. Me impact\u00f3, no solo porque es lind\u00edsima, tiene una energ\u00eda para m\u00ed que excede su belleza f\u00edsica. Es como magia\u201d.<\/p>\n<p>El jefe de Gobierno porte\u00f1o record\u00f3 las dificultades iniciales para conquistarla: \u201cDurante un a\u00f1o mucha bolilla no me dio. Y un d\u00eda me acept\u00f3. Ayud\u00f3 mucho <b>Eduardo Feinmann<\/b>, porque en ese momento estaba laburando y dijo: \u2018Mir\u00e1 que yo lo conozco a Jorge, es buen tipo\u2019. Salimos a comer un mediod\u00eda. Es m\u00e1s, Bel\u00e9n dice que lleg\u00f3 un se\u00f1or grande vestido de\u2026\u201d. <\/p>\n<p><img loading=\"lazy\" decoding=\"async\" src=\"https:\/\/lobosnews.com.ar\/wp-content\/uploads\/2026\/04\/jorge-macri-anticipo-en-infobae-que-manana-nacera-su-hijo-vito.jpg\" alt=\"Mar\u00eda Bel\u00e9n Ludue\u00f1a junto a su pareja y jefe de Gobierno porte\u00f1o, Jorge Macri (Instagram)\" height=\"929\" width=\"1080\"\/><\/p>\n<p>Entre risas, Macri admiti\u00f3: \u201c<b>Me mat\u00f3<\/b>. Me dio una segunda chance, vino a comer a casa, y a partir de ah\u00ed empezamos a salir. Empezamos a convivir en la pandemia. <b>Estamos ahora ya a punto de tener a Vito<\/b>\u201d.<\/p>\n<p>Jorge Macri confes\u00f3 lo que sinti\u00f3 al reencontrarse con la experiencia de ser padre: \u201cMe dio la sensaci\u00f3n de que pod\u00eda volver a apostar a enamorarme y a convivir. Y ac\u00e1 estamos, casados y con un ni\u00f1o, as\u00ed que no me equivoqu\u00e9. Mis hijos son lo m\u00e1s maravilloso que me pas\u00f3 en mi vida. Por eso, como les dije a ellos, tengo ganas de darme esa chance de nuevo con Bel\u00e9n\u201d.<\/p>\n<p>El jefe de Gobierno porte\u00f1o elogi\u00f3 a su pareja: \u201cSu alegr\u00eda, su energ\u00eda, su frescura. Es superespont\u00e1nea, es como la ves, es as\u00ed, es transparente en el sentido de que no hay dobleces en ella. Es bell\u00edsima, no hay duda\u201d.<\/p>\n<p><img loading=\"lazy\" decoding=\"async\" src=\"https:\/\/lobosnews.com.ar\/wp-content\/uploads\/2026\/04\/jorge-macri-anticipo-en-infobae-que-manana-nacera-su-hijo-vito-1.jpg\" alt=\"\" height=\"858\" width=\"1352\"\/><\/p>\n<p>Por otro lado, al recordar su paso por <b>Vicente L\u00f3pez<\/b>, Jorge Macri tambi\u00e9n reflexion\u00f3 sobre el valor de las relaciones: \u201cLos vecinos fueron muy generosos conmigo. Me dieron la posibilidad de ganar la \u00faltima elecci\u00f3n por el 64% de los votos. M\u00e1s importante que c\u00f3mo lleg\u00e1s en cualquier actividad es c\u00f3mo te vas, pero especialmente en la pol\u00edtica. Espero lo mismo para la ciudad\u201d.<\/p>\n<p>Frente a la pregunta sobre su presente, fue contundente: \u201cEstoy feliz siendo jefe de Gobierno. Estoy convencido que hoy la gesti\u00f3n est\u00e1 dando las respuestas que la gente espera. Falta un mont\u00f3n y esta ciudad es superexigente\u201d.<\/p>\n<p>Desde hac\u00eda tiempo, tanto Mar\u00eda Bel\u00e9n como Jorge Macri hab\u00edan expresado su deseo de ser padres. La periodista hab\u00eda mencionado en distintas entrevistas su ilusi\u00f3n por formar una familia y la importancia de esperar el momento indicado. Por otro lado, este ser\u00e1 el cuarto hijo del funcionario: tiene tres hijos de su relaci\u00f3n anterior con <b>Florencia De Nardi<\/b>, dos varones, <b>Antonio <\/b>y <b>Giorgio<\/b>, y una mujer, <b>Martina<\/b>. <\/p>\n<p><b>Infobae<\/b> te acompa\u00f1a cada d\u00eda en YouTube con entrevistas, an\u00e1lisis y la informaci\u00f3n m\u00e1s destacada, en un formato cercano y din\u00e1mico. <\/p>\n<p>\u2022 De 7 a 9: <b>Infobae al Amanecer<\/b>: Nacho Giron, Luciana Rubinska y Bel\u00e9n Escobar <\/p>\n<p>\u2022 De 9 a 12: <b>Infobae a las Nueve<\/b>: Gonzalo S\u00e1nchez, Tatiana Schapiro, Ram\u00f3n Indart y Cecilia Boufflet <\/p>\n<p>\u2022 De 12 a 15: <b>Infobae al Mediodia<\/b>: Maru Duffard, Andrei Serbin Pont, Jimena Grandinetti, Fede Mayol y Facundo Kablan <\/p>\n<p>\u2022 De 15 a 18: <b>Infobae a la Tarde<\/b>: Manu Jove, Maia Jastreblansky y Paula Guardia Bourdin; rotan en la semana Marcos Shaw, Lara L\u00f3pez Calvo y Tom\u00e1s Trap\u00e9 <\/p>\n<p>\u2022 De 18 a 21: <b>Infobae al Regreso<\/b>: Gonzalo Aziz, Diego Iglesias, Malena de los R\u00edos y Mat\u00edas Barber\u00eda; rotan en la semana Gustavo Lazzari, Mart\u00edn Tetaz y Mica Mendelevich <\/p>\n<p>Actualidad, charlas y protagonistas, en vivo. Seguinos en nuestro canal de <b>YouTube<\/b> @infobae<\/p>\n","protected":false},"excerpt":{"rendered":"<p>En una primicia con el equipo de Infobae al Amanecer, el jefe de Gobierno porte\u00f1o, Jorge Macri, revel\u00f3 que es inminente el parto con la periodista Bel\u00e9n Ludue\u00f1a, con quien tendr\u00e1 un hijo llamado Vito. \u201cLos dos estamos embarazados\u201d, expres\u00f3. Y al ser consultado sobre cu\u00e1ndo ser\u00eda la fecha, el alcalde indic\u00f3 que \u201cprobablemente ma\u00f1ana,&#8230;<\/p>\n","protected":false},"author":1,"featured_media":47231,"comment_status":"open","ping_status":"closed","sticky":false,"template":"","format":"standard","meta":{"_jetpack_memberships_contains_paid_content":false,"footnotes":""},"categories":[31,30,32,77,84,35,36,37],"tags":[],"class_list":["post-47227","post","type-post","status-publish","format-standard","has-post-thumbnail","hentry","category-actualidad","category-argentina","category-economia","category-inseguridad","category-masradios-com","category-nacionales","category-seguridad","category-sociedad"],"magazineBlocksPostFeaturedMedia":{"thumbnail":"https:\/\/lobosnews.com.ar\/wp-content\/uploads\/2026\/04\/jorge-macri-anticipo-en-infobae-que-manana-nacera-su-hijo-vito-2-150x150.jpg","medium":"https:\/\/lobosnews.com.ar\/wp-content\/uploads\/2026\/04\/jorge-macri-anticipo-en-infobae-que-manana-nacera-su-hijo-vito-2-300x190.jpg","medium_large":"https:\/\/lobosnews.com.ar\/wp-content\/uploads\/2026\/04\/jorge-macri-anticipo-en-infobae-que-manana-nacera-su-hijo-vito-2-768x487.jpg","large":"https:\/\/lobosnews.com.ar\/wp-content\/uploads\/2026\/04\/jorge-macri-anticipo-en-infobae-que-manana-nacera-su-hijo-vito-2-1024x650.jpg","1536x1536":"https:\/\/lobosnews.com.ar\/wp-content\/uploads\/2026\/04\/jorge-macri-anticipo-en-infobae-que-manana-nacera-su-hijo-vito-2.jpg","2048x2048":"https:\/\/lobosnews.com.ar\/wp-content\/uploads\/2026\/04\/jorge-macri-anticipo-en-infobae-que-manana-nacera-su-hijo-vito-2.jpg","newsmatic-featured":"https:\/\/lobosnews.com.ar\/wp-content\/uploads\/2026\/04\/jorge-macri-anticipo-en-infobae-que-manana-nacera-su-hijo-vito-2-820x545.jpg","newsmatic-list":"https:\/\/lobosnews.com.ar\/wp-content\/uploads\/2026\/04\/jorge-macri-anticipo-en-infobae-que-manana-nacera-su-hijo-vito-2-600x400.jpg","newsmatic-thumb":"https:\/\/lobosnews.com.ar\/wp-content\/uploads\/2026\/04\/jorge-macri-anticipo-en-infobae-que-manana-nacera-su-hijo-vito-2-300x200.jpg","newsmatic-small":"https:\/\/lobosnews.com.ar\/wp-content\/uploads\/2026\/04\/jorge-macri-anticipo-en-infobae-que-manana-nacera-su-hijo-vito-2-150x95.jpg","newsmatic-grid":"https:\/\/lobosnews.com.ar\/wp-content\/uploads\/2026\/04\/jorge-macri-anticipo-en-infobae-que-manana-nacera-su-hijo-vito-2-400x250.jpg"},"magazineBlocksPostAuthor":{"name":"admin","avatar":"https:\/\/secure.gravatar.com\/avatar\/76e419471a2083bc3ceab22a763dbbf9b0c1bd15a6214cf3280e2c2dde4580f9?s=96&d=mm&r=g"},"magazineBlocksPostCommentsNumber":"0","magazineBlocksPostExcerpt":"En una primicia con el equipo de Infobae al Amanecer, el jefe de Gobierno porte\u00f1o, Jorge Macri, revel\u00f3 que es inminente el parto con la periodista Bel\u00e9n Ludue\u00f1a, con quien tendr\u00e1 un hijo llamado Vito. \u201cLos dos estamos embarazados\u201d, expres\u00f3. Y al ser consultado sobre cu\u00e1ndo ser\u00eda la fecha, el alcalde indic\u00f3 que \u201cprobablemente ma\u00f1ana,...","magazineBlocksPostCategories":["Actualidad","Argentina","econom\u00eda","inseguridad","masradios.com","nacionales","seguridad","sociedad"],"magazineBlocksPostViewCount":7,"magazineBlocksPostReadTime":4,"magazine_blocks_featured_image_url":{"full":["https:\/\/lobosnews.com.ar\/wp-content\/uploads\/2026\/04\/jorge-macri-anticipo-en-infobae-que-manana-nacera-su-hijo-vito-2.jpg",1352,858,false],"medium":["https:\/\/lobosnews.com.ar\/wp-content\/uploads\/2026\/04\/jorge-macri-anticipo-en-infobae-que-manana-nacera-su-hijo-vito-2-300x190.jpg",300,190,true],"thumbnail":["https:\/\/lobosnews.com.ar\/wp-content\/uploads\/2026\/04\/jorge-macri-anticipo-en-infobae-que-manana-nacera-su-hijo-vito-2-150x150.jpg",150,150,true]},"magazine_blocks_author":{"display_name":"admin","author_link":"https:\/\/lobosnews.com.ar\/index.php\/author\/lobos-news\/"},"magazine_blocks_comment":0,"magazine_blocks_author_image":"https:\/\/secure.gravatar.com\/avatar\/76e419471a2083bc3ceab22a763dbbf9b0c1bd15a6214cf3280e2c2dde4580f9?s=96&d=mm&r=g","magazine_blocks_category":"<a href=\"#\" class=\"category-link category-link-31\">Actualidad<\/a> <a href=\"#\" class=\"category-link category-link-30\">Argentina<\/a> <a href=\"#\" class=\"category-link category-link-32\">econom\u00eda<\/a> <a href=\"#\" class=\"category-link category-link-77\">inseguridad<\/a> <a href=\"#\" class=\"category-link category-link-84\">masradios.com<\/a> <a href=\"#\" class=\"category-link category-link-35\">nacionales<\/a> <a href=\"#\" class=\"category-link category-link-36\">seguridad<\/a> <a href=\"#\" class=\"category-link category-link-37\">sociedad<\/a>","yoast_head":"<!-- This site is optimized with the Yoast SEO plugin v26.6 - https:\/\/yoast.com\/wordpress\/plugins\/seo\/ -->\n<title>Jorge Macri anticip\u00f3 en Infobae que ma\u00f1ana nacer\u00e1 su hijo Vito - Lobos News<\/title>\n<meta name=\"robots\" content=\"index, follow, max-snippet:-1, max-image-preview:large, max-video-preview:-1\" \/>\n<link rel=\"canonical\" href=\"https:\/\/lobosnews.com.ar\/index.php\/2026\/04\/29\/jorge-macri-anticipo-en-infobae-que-manana-nacera-su-hijo-vito\/\" \/>\n<meta property=\"og:locale\" content=\"es_ES\" \/>\n<meta property=\"og:type\" content=\"article\" \/>\n<meta property=\"og:title\" content=\"Jorge Macri anticip\u00f3 en Infobae que ma\u00f1ana nacer\u00e1 su hijo Vito - Lobos News\" \/>\n<meta property=\"og:description\" content=\"En una primicia con el equipo de Infobae al Amanecer, el jefe de Gobierno porte\u00f1o, Jorge Macri, revel\u00f3 que es inminente el parto con la periodista Bel\u00e9n Ludue\u00f1a, con quien tendr\u00e1 un hijo llamado Vito. \u201cLos dos estamos embarazados\u201d, expres\u00f3. Y al ser consultado sobre cu\u00e1ndo ser\u00eda la fecha, el alcalde indic\u00f3 que \u201cprobablemente ma\u00f1ana,...\" \/>\n<meta property=\"og:url\" content=\"https:\/\/lobosnews.com.ar\/index.php\/2026\/04\/29\/jorge-macri-anticipo-en-infobae-que-manana-nacera-su-hijo-vito\/\" \/>\n<meta property=\"og:site_name\" content=\"Lobos News\" \/>\n<meta property=\"article:published_time\" content=\"2026-04-29T13:37:11+00:00\" \/>\n<meta property=\"article:modified_time\" content=\"2026-04-29T15:11:20+00:00\" \/>\n<meta property=\"og:image\" content=\"https:\/\/lobosnews.com.ar\/wp-content\/uploads\/2026\/04\/jorge-macri-anticipo-en-infobae-que-manana-nacera-su-hijo-vito.jpg\" \/>\n<meta name=\"author\" content=\"admin\" \/>\n<meta name=\"twitter:card\" content=\"summary_large_image\" \/>\n<meta name=\"twitter:label1\" content=\"Escrito por\" \/>\n\t<meta name=\"twitter:data1\" content=\"admin\" \/>\n\t<meta name=\"twitter:label2\" content=\"Tiempo de lectura\" \/>\n\t<meta name=\"twitter:data2\" content=\"4 minutos\" \/>\n<script type=\"application\/ld+json\" class=\"yoast-schema-graph\">{\"@context\":\"https:\/\/schema.org\",\"@graph\":[{\"@type\":\"Article\",\"@id\":\"https:\/\/lobosnews.com.ar\/index.php\/2026\/04\/29\/jorge-macri-anticipo-en-infobae-que-manana-nacera-su-hijo-vito\/#article\",\"isPartOf\":{\"@id\":\"https:\/\/lobosnews.com.ar\/index.php\/2026\/04\/29\/jorge-macri-anticipo-en-infobae-que-manana-nacera-su-hijo-vito\/\"},\"author\":{\"name\":\"admin\",\"@id\":\"https:\/\/lobosnews.com.ar\/#\/schema\/person\/232422a593d5c541dd9aef6aaed10943\"},\"headline\":\"Jorge Macri anticip\u00f3 en Infobae que ma\u00f1ana nacer\u00e1 su hijo Vito\",\"datePublished\":\"2026-04-29T13:37:11+00:00\",\"dateModified\":\"2026-04-29T15:11:20+00:00\",\"mainEntityOfPage\":{\"@id\":\"https:\/\/lobosnews.com.ar\/index.php\/2026\/04\/29\/jorge-macri-anticipo-en-infobae-que-manana-nacera-su-hijo-vito\/\"},\"wordCount\":723,\"commentCount\":0,\"publisher\":{\"@id\":\"https:\/\/lobosnews.com.ar\/#organization\"},\"image\":{\"@id\":\"https:\/\/lobosnews.com.ar\/index.php\/2026\/04\/29\/jorge-macri-anticipo-en-infobae-que-manana-nacera-su-hijo-vito\/#primaryimage\"},\"thumbnailUrl\":\"https:\/\/lobosnews.com.ar\/wp-content\/uploads\/2026\/04\/jorge-macri-anticipo-en-infobae-que-manana-nacera-su-hijo-vito-2.jpg\",\"articleSection\":[\"Actualidad\",\"Argentina\",\"econom\u00eda\",\"inseguridad\",\"masradios.com\",\"nacionales\",\"seguridad\",\"sociedad\"],\"inLanguage\":\"es\",\"potentialAction\":[{\"@type\":\"CommentAction\",\"name\":\"Comment\",\"target\":[\"https:\/\/lobosnews.com.ar\/index.php\/2026\/04\/29\/jorge-macri-anticipo-en-infobae-que-manana-nacera-su-hijo-vito\/#respond\"]}]},{\"@type\":\"WebPage\",\"@id\":\"https:\/\/lobosnews.com.ar\/index.php\/2026\/04\/29\/jorge-macri-anticipo-en-infobae-que-manana-nacera-su-hijo-vito\/\",\"url\":\"https:\/\/lobosnews.com.ar\/index.php\/2026\/04\/29\/jorge-macri-anticipo-en-infobae-que-manana-nacera-su-hijo-vito\/\",\"name\":\"Jorge Macri anticip\u00f3 en Infobae que ma\u00f1ana nacer\u00e1 su hijo Vito - Lobos News\",\"isPartOf\":{\"@id\":\"https:\/\/lobosnews.com.ar\/#website\"},\"primaryImageOfPage\":{\"@id\":\"https:\/\/lobosnews.com.ar\/index.php\/2026\/04\/29\/jorge-macri-anticipo-en-infobae-que-manana-nacera-su-hijo-vito\/#primaryimage\"},\"image\":{\"@id\":\"https:\/\/lobosnews.com.ar\/index.php\/2026\/04\/29\/jorge-macri-anticipo-en-infobae-que-manana-nacera-su-hijo-vito\/#primaryimage\"},\"thumbnailUrl\":\"https:\/\/lobosnews.com.ar\/wp-content\/uploads\/2026\/04\/jorge-macri-anticipo-en-infobae-que-manana-nacera-su-hijo-vito-2.jpg\",\"datePublished\":\"2026-04-29T13:37:11+00:00\",\"dateModified\":\"2026-04-29T15:11:20+00:00\",\"breadcrumb\":{\"@id\":\"https:\/\/lobosnews.com.ar\/index.php\/2026\/04\/29\/jorge-macri-anticipo-en-infobae-que-manana-nacera-su-hijo-vito\/#breadcrumb\"},\"inLanguage\":\"es\",\"potentialAction\":[{\"@type\":\"ReadAction\",\"target\":[\"https:\/\/lobosnews.com.ar\/index.php\/2026\/04\/29\/jorge-macri-anticipo-en-infobae-que-manana-nacera-su-hijo-vito\/\"]}]},{\"@type\":\"ImageObject\",\"inLanguage\":\"es\",\"@id\":\"https:\/\/lobosnews.com.ar\/index.php\/2026\/04\/29\/jorge-macri-anticipo-en-infobae-que-manana-nacera-su-hijo-vito\/#primaryimage\",\"url\":\"https:\/\/lobosnews.com.ar\/wp-content\/uploads\/2026\/04\/jorge-macri-anticipo-en-infobae-que-manana-nacera-su-hijo-vito-2.jpg\",\"contentUrl\":\"https:\/\/lobosnews.com.ar\/wp-content\/uploads\/2026\/04\/jorge-macri-anticipo-en-infobae-que-manana-nacera-su-hijo-vito-2.jpg\",\"width\":1352,\"height\":858,\"caption\":\"Jorge Macri anticip\u00f3 en Infobae que ma\u00f1ana nacer\u00e1 su hijo Vito\"},{\"@type\":\"BreadcrumbList\",\"@id\":\"https:\/\/lobosnews.com.ar\/index.php\/2026\/04\/29\/jorge-macri-anticipo-en-infobae-que-manana-nacera-su-hijo-vito\/#breadcrumb\",\"itemListElement\":[{\"@type\":\"ListItem\",\"position\":1,\"name\":\"Portada\",\"item\":\"https:\/\/lobosnews.com.ar\/\"},{\"@type\":\"ListItem\",\"position\":2,\"name\":\"Jorge Macri anticip\u00f3 en Infobae que ma\u00f1ana nacer\u00e1 su hijo Vito\"}]},{\"@type\":\"WebSite\",\"@id\":\"https:\/\/lobosnews.com.ar\/#website\",\"url\":\"https:\/\/lobosnews.com.ar\/\",\"name\":\"Lobos News\",\"description\":\"Informaci\u00f3n a cada instante\",\"publisher\":{\"@id\":\"https:\/\/lobosnews.com.ar\/#organization\"},\"potentialAction\":[{\"@type\":\"SearchAction\",\"target\":{\"@type\":\"EntryPoint\",\"urlTemplate\":\"https:\/\/lobosnews.com.ar\/?s={search_term_string}\"},\"query-input\":{\"@type\":\"PropertyValueSpecification\",\"valueRequired\":true,\"valueName\":\"search_term_string\"}}],\"inLanguage\":\"es\"},{\"@type\":\"Organization\",\"@id\":\"https:\/\/lobosnews.com.ar\/#organization\",\"name\":\"Lobos News\",\"url\":\"https:\/\/lobosnews.com.ar\/\",\"logo\":{\"@type\":\"ImageObject\",\"inLanguage\":\"es\",\"@id\":\"https:\/\/lobosnews.com.ar\/#\/schema\/logo\/image\/\",\"url\":\"https:\/\/lobosnews.com.ar\/wp-content\/uploads\/2026\/01\/logo-lobosnews.png\",\"contentUrl\":\"https:\/\/lobosnews.com.ar\/wp-content\/uploads\/2026\/01\/logo-lobosnews.png\",\"width\":500,\"height\":200,\"caption\":\"Lobos News\"},\"image\":{\"@id\":\"https:\/\/lobosnews.com.ar\/#\/schema\/logo\/image\/\"}},{\"@type\":\"Person\",\"@id\":\"https:\/\/lobosnews.com.ar\/#\/schema\/person\/232422a593d5c541dd9aef6aaed10943\",\"name\":\"admin\",\"image\":{\"@type\":\"ImageObject\",\"inLanguage\":\"es\",\"@id\":\"https:\/\/lobosnews.com.ar\/#\/schema\/person\/image\/\",\"url\":\"https:\/\/secure.gravatar.com\/avatar\/76e419471a2083bc3ceab22a763dbbf9b0c1bd15a6214cf3280e2c2dde4580f9?s=96&d=mm&r=g\",\"contentUrl\":\"https:\/\/secure.gravatar.com\/avatar\/76e419471a2083bc3ceab22a763dbbf9b0c1bd15a6214cf3280e2c2dde4580f9?s=96&d=mm&r=g\",\"caption\":\"admin\"},\"sameAs\":[\"https:\/\/lobosnews.com.ar\"],\"url\":\"https:\/\/lobosnews.com.ar\/index.php\/author\/lobos-news\/\"}]}<\/script>\n<!-- \/ Yoast SEO plugin. -->","yoast_head_json":{"title":"Jorge Macri anticip\u00f3 en Infobae que ma\u00f1ana nacer\u00e1 su hijo Vito - Lobos News","robots":{"index":"index","follow":"follow","max-snippet":"max-snippet:-1","max-image-preview":"max-image-preview:large","max-video-preview":"max-video-preview:-1"},"canonical":"https:\/\/lobosnews.com.ar\/index.php\/2026\/04\/29\/jorge-macri-anticipo-en-infobae-que-manana-nacera-su-hijo-vito\/","og_locale":"es_ES","og_type":"article","og_title":"Jorge Macri anticip\u00f3 en Infobae que ma\u00f1ana nacer\u00e1 su hijo Vito - Lobos News","og_description":"En una primicia con el equipo de Infobae al Amanecer, el jefe de Gobierno porte\u00f1o, Jorge Macri, revel\u00f3 que es inminente el parto con la periodista Bel\u00e9n Ludue\u00f1a, con quien tendr\u00e1 un hijo llamado Vito. \u201cLos dos estamos embarazados\u201d, expres\u00f3. Y al ser consultado sobre cu\u00e1ndo ser\u00eda la fecha, el alcalde indic\u00f3 que \u201cprobablemente ma\u00f1ana,...","og_url":"https:\/\/lobosnews.com.ar\/index.php\/2026\/04\/29\/jorge-macri-anticipo-en-infobae-que-manana-nacera-su-hijo-vito\/","og_site_name":"Lobos News","article_published_time":"2026-04-29T13:37:11+00:00","article_modified_time":"2026-04-29T15:11:20+00:00","og_image":[{"url":"https:\/\/lobosnews.com.ar\/wp-content\/uploads\/2026\/04\/jorge-macri-anticipo-en-infobae-que-manana-nacera-su-hijo-vito.jpg","type":"","width":"","height":""}],"author":"admin","twitter_card":"summary_large_image","twitter_misc":{"Escrito por":"admin","Tiempo de lectura":"4 minutos"},"schema":{"@context":"https:\/\/schema.org","@graph":[{"@type":"Article","@id":"https:\/\/lobosnews.com.ar\/index.php\/2026\/04\/29\/jorge-macri-anticipo-en-infobae-que-manana-nacera-su-hijo-vito\/#article","isPartOf":{"@id":"https:\/\/lobosnews.com.ar\/index.php\/2026\/04\/29\/jorge-macri-anticipo-en-infobae-que-manana-nacera-su-hijo-vito\/"},"author":{"name":"admin","@id":"https:\/\/lobosnews.com.ar\/#\/schema\/person\/232422a593d5c541dd9aef6aaed10943"},"headline":"Jorge Macri anticip\u00f3 en Infobae que ma\u00f1ana nacer\u00e1 su hijo Vito","datePublished":"2026-04-29T13:37:11+00:00","dateModified":"2026-04-29T15:11:20+00:00","mainEntityOfPage":{"@id":"https:\/\/lobosnews.com.ar\/index.php\/2026\/04\/29\/jorge-macri-anticipo-en-infobae-que-manana-nacera-su-hijo-vito\/"},"wordCount":723,"commentCount":0,"publisher":{"@id":"https:\/\/lobosnews.com.ar\/#organization"},"image":{"@id":"https:\/\/lobosnews.com.ar\/index.php\/2026\/04\/29\/jorge-macri-anticipo-en-infobae-que-manana-nacera-su-hijo-vito\/#primaryimage"},"thumbnailUrl":"https:\/\/lobosnews.com.ar\/wp-content\/uploads\/2026\/04\/jorge-macri-anticipo-en-infobae-que-manana-nacera-su-hijo-vito-2.jpg","articleSection":["Actualidad","Argentina","econom\u00eda","inseguridad","masradios.com","nacionales","seguridad","sociedad"],"inLanguage":"es","potentialAction":[{"@type":"CommentAction","name":"Comment","target":["https:\/\/lobosnews.com.ar\/index.php\/2026\/04\/29\/jorge-macri-anticipo-en-infobae-que-manana-nacera-su-hijo-vito\/#respond"]}]},{"@type":"WebPage","@id":"https:\/\/lobosnews.com.ar\/index.php\/2026\/04\/29\/jorge-macri-anticipo-en-infobae-que-manana-nacera-su-hijo-vito\/","url":"https:\/\/lobosnews.com.ar\/index.php\/2026\/04\/29\/jorge-macri-anticipo-en-infobae-que-manana-nacera-su-hijo-vito\/","name":"Jorge Macri anticip\u00f3 en Infobae que ma\u00f1ana nacer\u00e1 su hijo Vito - Lobos News","isPartOf":{"@id":"https:\/\/lobosnews.com.ar\/#website"},"primaryImageOfPage":{"@id":"https:\/\/lobosnews.com.ar\/index.php\/2026\/04\/29\/jorge-macri-anticipo-en-infobae-que-manana-nacera-su-hijo-vito\/#primaryimage"},"image":{"@id":"https:\/\/lobosnews.com.ar\/index.php\/2026\/04\/29\/jorge-macri-anticipo-en-infobae-que-manana-nacera-su-hijo-vito\/#primaryimage"},"thumbnailUrl":"https:\/\/lobosnews.com.ar\/wp-content\/uploads\/2026\/04\/jorge-macri-anticipo-en-infobae-que-manana-nacera-su-hijo-vito-2.jpg","datePublished":"2026-04-29T13:37:11+00:00","dateModified":"2026-04-29T15:11:20+00:00","breadcrumb":{"@id":"https:\/\/lobosnews.com.ar\/index.php\/2026\/04\/29\/jorge-macri-anticipo-en-infobae-que-manana-nacera-su-hijo-vito\/#breadcrumb"},"inLanguage":"es","potentialAction":[{"@type":"ReadAction","target":["https:\/\/lobosnews.com.ar\/index.php\/2026\/04\/29\/jorge-macri-anticipo-en-infobae-que-manana-nacera-su-hijo-vito\/"]}]},{"@type":"ImageObject","inLanguage":"es","@id":"https:\/\/lobosnews.com.ar\/index.php\/2026\/04\/29\/jorge-macri-anticipo-en-infobae-que-manana-nacera-su-hijo-vito\/#primaryimage","url":"https:\/\/lobosnews.com.ar\/wp-content\/uploads\/2026\/04\/jorge-macri-anticipo-en-infobae-que-manana-nacera-su-hijo-vito-2.jpg","contentUrl":"https:\/\/lobosnews.com.ar\/wp-content\/uploads\/2026\/04\/jorge-macri-anticipo-en-infobae-que-manana-nacera-su-hijo-vito-2.jpg","width":1352,"height":858,"caption":"Jorge Macri anticip\u00f3 en Infobae que ma\u00f1ana nacer\u00e1 su hijo Vito"},{"@type":"BreadcrumbList","@id":"https:\/\/lobosnews.com.ar\/index.php\/2026\/04\/29\/jorge-macri-anticipo-en-infobae-que-manana-nacera-su-hijo-vito\/#breadcrumb","itemListElement":[{"@type":"ListItem","position":1,"name":"Portada","item":"https:\/\/lobosnews.com.ar\/"},{"@type":"ListItem","position":2,"name":"Jorge Macri anticip\u00f3 en Infobae que ma\u00f1ana nacer\u00e1 su hijo Vito"}]},{"@type":"WebSite","@id":"https:\/\/lobosnews.com.ar\/#website","url":"https:\/\/lobosnews.com.ar\/","name":"Lobos News","description":"Informaci\u00f3n a cada instante","publisher":{"@id":"https:\/\/lobosnews.com.ar\/#organization"},"potentialAction":[{"@type":"SearchAction","target":{"@type":"EntryPoint","urlTemplate":"https:\/\/lobosnews.com.ar\/?s={search_term_string}"},"query-input":{"@type":"PropertyValueSpecification","valueRequired":true,"valueName":"search_term_string"}}],"inLanguage":"es"},{"@type":"Organization","@id":"https:\/\/lobosnews.com.ar\/#organization","name":"Lobos News","url":"https:\/\/lobosnews.com.ar\/","logo":{"@type":"ImageObject","inLanguage":"es","@id":"https:\/\/lobosnews.com.ar\/#\/schema\/logo\/image\/","url":"https:\/\/lobosnews.com.ar\/wp-content\/uploads\/2026\/01\/logo-lobosnews.png","contentUrl":"https:\/\/lobosnews.com.ar\/wp-content\/uploads\/2026\/01\/logo-lobosnews.png","width":500,"height":200,"caption":"Lobos News"},"image":{"@id":"https:\/\/lobosnews.com.ar\/#\/schema\/logo\/image\/"}},{"@type":"Person","@id":"https:\/\/lobosnews.com.ar\/#\/schema\/person\/232422a593d5c541dd9aef6aaed10943","name":"admin","image":{"@type":"ImageObject","inLanguage":"es","@id":"https:\/\/lobosnews.com.ar\/#\/schema\/person\/image\/","url":"https:\/\/secure.gravatar.com\/avatar\/76e419471a2083bc3ceab22a763dbbf9b0c1bd15a6214cf3280e2c2dde4580f9?s=96&d=mm&r=g","contentUrl":"https:\/\/secure.gravatar.com\/avatar\/76e419471a2083bc3ceab22a763dbbf9b0c1bd15a6214cf3280e2c2dde4580f9?s=96&d=mm&r=g","caption":"admin"},"sameAs":["https:\/\/lobosnews.com.ar"],"url":"https:\/\/lobosnews.com.ar\/index.php\/author\/lobos-news\/"}]}},"jetpack_featured_media_url":"https:\/\/lobosnews.com.ar\/wp-content\/uploads\/2026\/04\/jorge-macri-anticipo-en-infobae-que-manana-nacera-su-hijo-vito-2.jpg","jetpack_sharing_enabled":true,"_links":{"self":[{"href":"https:\/\/lobosnews.com.ar\/index.php\/wp-json\/wp\/v2\/posts\/47227","targetHints":{"allow":["GET"]}}],"collection":[{"href":"https:\/\/lobosnews.com.ar\/index.php\/wp-json\/wp\/v2\/posts"}],"about":[{"href":"https:\/\/lobosnews.com.ar\/index.php\/wp-json\/wp\/v2\/types\/post"}],"author":[{"embeddable":true,"href":"https:\/\/lobosnews.com.ar\/index.php\/wp-json\/wp\/v2\/users\/1"}],"replies":[{"embeddable":true,"href":"https:\/\/lobosnews.com.ar\/index.php\/wp-json\/wp\/v2\/comments?post=47227"}],"version-history":[{"count":1,"href":"https:\/\/lobosnews.com.ar\/index.php\/wp-json\/wp\/v2\/posts\/47227\/revisions"}],"predecessor-version":[{"id":47230,"href":"https:\/\/lobosnews.com.ar\/index.php\/wp-json\/wp\/v2\/posts\/47227\/revisions\/47230"}],"wp:featuredmedia":[{"embeddable":true,"href":"https:\/\/lobosnews.com.ar\/index.php\/wp-json\/wp\/v2\/media\/47231"}],"wp:attachment":[{"href":"https:\/\/lobosnews.com.ar\/index.php\/wp-json\/wp\/v2\/media?parent=47227"}],"wp:term":[{"taxonomy":"category","embeddable":true,"href":"https:\/\/lobosnews.com.ar\/index.php\/wp-json\/wp\/v2\/categories?post=47227"},{"taxonomy":"post_tag","embeddable":true,"href":"https:\/\/lobosnews.com.ar\/index.php\/wp-json\/wp\/v2\/tags?post=47227"}],"curies":[{"name":"wp","href":"https:\/\/api.w.org\/{rel}","templated":true}]}}