{"id":47119,"date":"2026-04-29T13:55:55","date_gmt":"2026-04-29T13:55:55","guid":{"rendered":"https:\/\/lobosnews.com.ar\/index.php\/2026\/04\/29\/el-hermano-de-eduardo-carrera-hablo-de-las-graves-denuncias-de-romina-orthusteguy-estamos-dispuestos-a-ayudar\/"},"modified":"2026-04-29T15:02:16","modified_gmt":"2026-04-29T15:02:16","slug":"el-hermano-de-eduardo-carrera-hablo-de-las-graves-denuncias-de-romina-orthusteguy-estamos-dispuestos-a-ayudar","status":"publish","type":"post","link":"https:\/\/lobosnews.com.ar\/index.php\/2026\/04\/29\/el-hermano-de-eduardo-carrera-hablo-de-las-graves-denuncias-de-romina-orthusteguy-estamos-dispuestos-a-ayudar\/","title":{"rendered":"El hermano de Eduardo Carrera habl\u00f3 de las graves denuncias de Romina Orthusteguy: \u201cEstamos dispuestos a ayudar\u201d"},"content":{"rendered":"<p>En medio de la repercusi\u00f3n generada por <span class=\"waslinkname\">las declaraciones de <b>Romina Orthusteguy<\/b> y su hija M\u00eda<\/span> sobre episodios vividos junto a<span class=\"waslinkname\"> <b>Eduardo Carrera<\/b><\/span> tras su paso por <i>Gran Hermano 2003<\/i>, la palabra de <b>Nicol\u00e1s<\/b>, hermano de Eduardo, irrumpi\u00f3 en la escena p\u00fablica. La b\u00fasqueda de la versi\u00f3n familiar lleg\u00f3 tras la entrevista concedida por Romina y M\u00eda en el ciclo <i>Despu\u00e9s de Todo<\/i> con <b>Mat\u00edas Bagnato<\/b>, donde se detallaron situaciones de violencia, miedo y abandono. El equipo de <i>LAM<\/i> (Am\u00e9rica) se propuso entonces escuchar la otra campana y obtuvo un testimonio sobre la postura de la familia Carrera y el modo en que se vivieron, puertas adentro, estos hechos.<\/p>\n<p>El propio Nicol\u00e1s comenz\u00f3 precisando su v\u00ednculo con la joven. \u201c<b>No tengo relaci\u00f3n con M\u00eda, no la conozco.<\/b> La vi de bebita hace muchos a\u00f1os. Tampoco tuve mucho trato con Romina. <b>Entiendo que fue una relaci\u00f3n que no prosper\u00f3 y despu\u00e9s cada uno sigui\u00f3 por su rumbo<\/b>, pero la verdad es que me excede un poco, porque es un aspecto privado que es relacional, donde uno no puede interferir y siempre tocamos todos de o\u00eddo\u201d, afirm\u00f3. De este modo, dej\u00f3 en claro una distancia tanto afectiva como pr\u00e1ctica con la hija de su hermano Eduardo y con la familia de Romina.<\/p>\n<p>Al consult\u00e1rsele sobre si M\u00eda es considerada parte de la familia, fue categ\u00f3rico: \u201cNo, no, no. No es parte de la familia, ni somos parte nosotros de la familia de ellos. Obviamente, la palabra familia es hermosa, as\u00ed que siempre vamos a querer tener familia y estar juntos\u201d.<\/p>\n<p>Consultado por las razones por las que no se dio ese v\u00ednculo, Nicol\u00e1s respondi\u00f3 con franqueza que lo desconoce, y en su relato, hace hincapi\u00e9 en que pasaron 23 a\u00f1os desde aquellos hechos y que le es ajeno al resto de su familia: <b>\u201cEs una cuesti\u00f3n de relaci\u00f3n de mi hermano y Romi, que involucra la esfera privada de ellos\u201d.<\/b><\/p>\n<p>Durante el intercambio, tambi\u00e9n fue consultado sobre c\u00f3mo viv\u00eda su hermano Eduardo la evocaci\u00f3n de estos episodios. <b>\u201cEl tema nunca se toc\u00f3 porque nunca hubo necesidad de hablar de eso.<\/b> No es un tema tab\u00fa, es un tema de otro. <b>O sea, es como si vos me pregunt\u00e1s sobre mi vida privada, es m\u00eda. <\/b>Yo cuento hasta donde yo quiero y todo lo que sea derivado de eso va a ser responsabilidad m\u00eda\u201d, explic\u00f3. Esta declaraci\u00f3n condens\u00f3 el modo en que la familia aborda los temas \u00edntimos: con reserva y sin profundizar salvo que surja una necesidad puntual.<\/p>\n<p>A la hora de definir su postura frente a la exposici\u00f3n p\u00fablica de la vida familiar, insisti\u00f3 en la voluntad de ayudar en caso de que M\u00eda o Romina lo necesiten: \u201cEntendemos en las circunstancias, nos gusta poder ayudar, estamos a disposici\u00f3n para ayudar a todo el mundo y siempre en pos del bien, no del mal. <b>Todo lo que sirva para construir un puente, estamos, siempre estamos y siempre apoyar. Yo, como vocero de la familia Carrera, apoyo y estoy a disposici\u00f3n de Romi y M\u00eda y su familia para poder ayudar en todo lo que sea necesario<\/b>\u201d.<\/p>\n<p>La entrevista con Nicol\u00e1s tuvo lugar inmediatamente despu\u00e9s de que Romina Orthusteguy y su hija M\u00eda compartieran en p\u00fablico experiencias de violencia y maltrato sufridas durante y despu\u00e9s de Gran Hermano 2003. Romina relat\u00f3: \u201c<b>Yo ya en la casa, despu\u00e9s del episodio de la copa con Eduardo, empec\u00e9 a sentir miedo y lo dije.<\/b> Antes de eso, est\u00e1bamos en la habitaci\u00f3n porque fue a buscar mis cigarrillos,<b> \u00e9l me agarr\u00f3 fuerte del brazo y me dijo: \u2018Te qued\u00e1s ac\u00e1 o te mato\u2019,<\/b> de forma figurativa. Est\u00e1 el video, pero no se viraliz\u00f3 tanto\u201d. Tambi\u00e9n record\u00f3 otros episodios: \u201cCon el tiempo record\u00e9 que hubo otros episodios en la casa, empujones en el ba\u00f1o, que no se mostraron porque no fueron en vivo o insultos, lo de la copa fue extremo.<b> Lo naturaliz\u00e1bamos y nadie le llamaba la atenci\u00f3n\u201d.<\/b><\/p>\n<p>El testimonio incluy\u00f3 situaciones concretas como discusiones por asistir a un cumplea\u00f1os o incidentes en el hospital, en el nacimiento de su hija: <b>\u201cCuando le dije que estaba embarazada, me dijo: \u2018Esto me cag&#8230; la carrera\u2019.<\/b> Cuando se termina nuestro alquiler, con cuatro meses, me voy a la casa de mis viejos\u201d, explic\u00f3 Romina. Relat\u00f3 tambi\u00e9n un episodio hospitalario: \u201cCuando me la traen a la noche, la agarra, la tira a los pies de la cama y dice: \u2018Esta pendeja nos tom\u00f3 de hijos\u2019. Yo grit\u00e9, una enfermera entr\u00f3, se lo llev\u00f3 y yo supuse que se hab\u00eda ido. No s\u00e9 si lo calmaron, cuando entr\u00f3 por segunda vez, se acost\u00f3 ah\u00ed y se durmi\u00f3. Al otro d\u00eda, se fue\u201d.<\/p>\n<p><b>Frente al testimonio de M\u00eda, quien afirm\u00f3 sentirse humillada, Nicol\u00e1s expres\u00f3 de inmediato: \u201cLa lamento mucho que se sienta as\u00ed, que de nuestro lado siempre estuvieron las puertas abiertas para que nos contactaran,<\/b> aunque en veintitr\u00e9s a\u00f1os nadie se comunic\u00f3 con nosotros. Si M\u00eda se quiere comunicar conmigo, yo feliz de la vida. Nosotros no tenemos ning\u00fan problema en nada. Entiendo perfectamente c\u00f3mo se puede sentir alguien que quiera tener alg\u00fan v\u00ednculo con su pap\u00e1, pero entiendo que no hubo ni siquiera ning\u00fan intento de ning\u00fan lado. Despu\u00e9s de veintitr\u00e9s a\u00f1os, que surja por un programa de televisi\u00f3n llama la atenci\u00f3n, pero bueno, no miro para ese lado. Miro para el lado en que siempre que se pueda rescatar un v\u00ednculo, voy a ayudar. Todos vamos a ayudar, siempre\u201d.<\/p>\n<p>Nicol\u00e1s tambi\u00e9n reflexion\u00f3 sobre el momento y las razones que, a su entender, llevan a que esta historia resurja en el presente: \u201cEntiendo que es por el contexto del juego y porque en este tipo de programas siempre uno est\u00e1 supeditado a que surjan cuestiones de sus vidas pasadas. Ah\u00ed a m\u00ed me excede porque <b>yo no me meto a juzgar la vida pasada de nadie, porque creo que todos tenemos cuestiones objetables y todos tenemos hilo de donde tirar.<\/b> Pienso que si en veinte a\u00f1os no pas\u00f3 nada, son cosas que tienen que resolver entre ellos. Ojal\u00e1 que las puedan resolver igual, que cada uno pueda tener su cierre o no, y que lleguen a un entendimiento\u201d.<\/p>\n<p><img fetchpriority=\"high\" decoding=\"async\" src=\"https:\/\/lobosnews.com.ar\/wp-content\/uploads\/2026\/04\/el-hermano-de-eduardo-carrera-hablo-de-las-graves-denuncias-de-romina-orthusteguy-estamos-dispuestos-a-ayudar.jpg\" alt=\"La hija de Romina y Eduardo Carrera rompi\u00f3 el silencio tras sentirse ignorada por su padre en la nueva edici\u00f3n del reality \" height=\"1080\" width=\"1080\"\/><\/p>\n<p>En este sentido, Nicol\u00e1s describi\u00f3 c\u00f3mo ha sido la vida de Eduardo Carrera en los \u00faltimos a\u00f1os: \u201cEs una persona normal que trabaja en un consultorio odontol\u00f3gico y que no participaba de los medios\u201d, asegur\u00f3. Y dej\u00f3 en claro su preocupaci\u00f3n por la mediatizaci\u00f3n de temas privados a partir del desarrollo de <i>Gran Hermano<\/i>. \u201c<b>Esperemos que todo este resurgir de su historia personal le sirva a alguien y que no lo perjudique, <\/b>que es lo que siempre suele suceder. Que sirva para que una historia tenga un cierre o un nuevo comienzo y no para volver loco o juzgar a una persona por cuestiones que no se pueden resolver en una relaci\u00f3n, porque si no, creo que no avanzamos nunca como sociedad\u201d.<\/p>\n","protected":false},"excerpt":{"rendered":"<p>En medio de la repercusi\u00f3n generada por las declaraciones de Romina Orthusteguy y su hija M\u00eda sobre episodios vividos junto a Eduardo Carrera tras su paso por Gran Hermano 2003, la palabra de Nicol\u00e1s, hermano de Eduardo, irrumpi\u00f3 en la escena p\u00fablica. La b\u00fasqueda de la versi\u00f3n familiar lleg\u00f3 tras la entrevista concedida por Romina&#8230;<\/p>\n","protected":false},"author":1,"featured_media":47122,"comment_status":"open","ping_status":"closed","sticky":false,"template":"","format":"standard","meta":{"_jetpack_memberships_contains_paid_content":false,"footnotes":""},"categories":[79],"tags":[],"class_list":["post-47119","post","type-post","status-publish","format-standard","has-post-thumbnail","hentry","category-cine-y-series"],"magazineBlocksPostFeaturedMedia":{"thumbnail":"https:\/\/lobosnews.com.ar\/wp-content\/uploads\/2026\/04\/el-hermano-de-eduardo-carrera-hablo-de-las-graves-denuncias-de-romina-orthusteguy-estamos-dispuestos-a-ayudar-150x150.jpg","medium":"https:\/\/lobosnews.com.ar\/wp-content\/uploads\/2026\/04\/el-hermano-de-eduardo-carrera-hablo-de-las-graves-denuncias-de-romina-orthusteguy-estamos-dispuestos-a-ayudar-300x300.jpg","medium_large":"https:\/\/lobosnews.com.ar\/wp-content\/uploads\/2026\/04\/el-hermano-de-eduardo-carrera-hablo-de-las-graves-denuncias-de-romina-orthusteguy-estamos-dispuestos-a-ayudar-768x768.jpg","large":"https:\/\/lobosnews.com.ar\/wp-content\/uploads\/2026\/04\/el-hermano-de-eduardo-carrera-hablo-de-las-graves-denuncias-de-romina-orthusteguy-estamos-dispuestos-a-ayudar-1024x1024.jpg","1536x1536":"https:\/\/lobosnews.com.ar\/wp-content\/uploads\/2026\/04\/el-hermano-de-eduardo-carrera-hablo-de-las-graves-denuncias-de-romina-orthusteguy-estamos-dispuestos-a-ayudar.jpg","2048x2048":"https:\/\/lobosnews.com.ar\/wp-content\/uploads\/2026\/04\/el-hermano-de-eduardo-carrera-hablo-de-las-graves-denuncias-de-romina-orthusteguy-estamos-dispuestos-a-ayudar.jpg","newsmatic-featured":"https:\/\/lobosnews.com.ar\/wp-content\/uploads\/2026\/04\/el-hermano-de-eduardo-carrera-hablo-de-las-graves-denuncias-de-romina-orthusteguy-estamos-dispuestos-a-ayudar-820x545.jpg","newsmatic-list":"https:\/\/lobosnews.com.ar\/wp-content\/uploads\/2026\/04\/el-hermano-de-eduardo-carrera-hablo-de-las-graves-denuncias-de-romina-orthusteguy-estamos-dispuestos-a-ayudar-600x400.jpg","newsmatic-thumb":"https:\/\/lobosnews.com.ar\/wp-content\/uploads\/2026\/04\/el-hermano-de-eduardo-carrera-hablo-de-las-graves-denuncias-de-romina-orthusteguy-estamos-dispuestos-a-ayudar-300x200.jpg","newsmatic-small":"https:\/\/lobosnews.com.ar\/wp-content\/uploads\/2026\/04\/el-hermano-de-eduardo-carrera-hablo-de-las-graves-denuncias-de-romina-orthusteguy-estamos-dispuestos-a-ayudar-150x95.jpg","newsmatic-grid":"https:\/\/lobosnews.com.ar\/wp-content\/uploads\/2026\/04\/el-hermano-de-eduardo-carrera-hablo-de-las-graves-denuncias-de-romina-orthusteguy-estamos-dispuestos-a-ayudar-400x250.jpg"},"magazineBlocksPostAuthor":{"name":"admin","avatar":"https:\/\/secure.gravatar.com\/avatar\/76e419471a2083bc3ceab22a763dbbf9b0c1bd15a6214cf3280e2c2dde4580f9?s=96&d=mm&r=g"},"magazineBlocksPostCommentsNumber":"0","magazineBlocksPostExcerpt":"En medio de la repercusi\u00f3n generada por las declaraciones de Romina Orthusteguy y su hija M\u00eda sobre episodios vividos junto a Eduardo Carrera tras su paso por Gran Hermano 2003, la palabra de Nicol\u00e1s, hermano de Eduardo, irrumpi\u00f3 en la escena p\u00fablica. La b\u00fasqueda de la versi\u00f3n familiar lleg\u00f3 tras la entrevista concedida por Romina...","magazineBlocksPostCategories":["Cine y Series"],"magazineBlocksPostViewCount":8,"magazineBlocksPostReadTime":7,"magazine_blocks_featured_image_url":{"full":["https:\/\/lobosnews.com.ar\/wp-content\/uploads\/2026\/04\/el-hermano-de-eduardo-carrera-hablo-de-las-graves-denuncias-de-romina-orthusteguy-estamos-dispuestos-a-ayudar.jpg",1080,1080,false],"medium":["https:\/\/lobosnews.com.ar\/wp-content\/uploads\/2026\/04\/el-hermano-de-eduardo-carrera-hablo-de-las-graves-denuncias-de-romina-orthusteguy-estamos-dispuestos-a-ayudar-300x300.jpg",300,300,true],"thumbnail":["https:\/\/lobosnews.com.ar\/wp-content\/uploads\/2026\/04\/el-hermano-de-eduardo-carrera-hablo-de-las-graves-denuncias-de-romina-orthusteguy-estamos-dispuestos-a-ayudar-150x150.jpg",150,150,true]},"magazine_blocks_author":{"display_name":"admin","author_link":"https:\/\/lobosnews.com.ar\/index.php\/author\/lobos-news\/"},"magazine_blocks_comment":0,"magazine_blocks_author_image":"https:\/\/secure.gravatar.com\/avatar\/76e419471a2083bc3ceab22a763dbbf9b0c1bd15a6214cf3280e2c2dde4580f9?s=96&d=mm&r=g","magazine_blocks_category":"<a href=\"#\" class=\"category-link category-link-79\">Cine y Series<\/a>","yoast_head":"<!-- This site is optimized with the Yoast SEO plugin v26.6 - https:\/\/yoast.com\/wordpress\/plugins\/seo\/ -->\n<title>El hermano de Eduardo Carrera habl\u00f3 de las graves denuncias de Romina Orthusteguy: \u201cEstamos dispuestos a ayudar\u201d - Lobos News<\/title>\n<meta name=\"robots\" content=\"index, follow, max-snippet:-1, max-image-preview:large, max-video-preview:-1\" \/>\n<link rel=\"canonical\" href=\"https:\/\/lobosnews.com.ar\/index.php\/2026\/04\/29\/el-hermano-de-eduardo-carrera-hablo-de-las-graves-denuncias-de-romina-orthusteguy-estamos-dispuestos-a-ayudar\/\" \/>\n<meta property=\"og:locale\" content=\"es_ES\" \/>\n<meta property=\"og:type\" content=\"article\" \/>\n<meta property=\"og:title\" content=\"El hermano de Eduardo Carrera habl\u00f3 de las graves denuncias de Romina Orthusteguy: \u201cEstamos dispuestos a ayudar\u201d - Lobos News\" \/>\n<meta property=\"og:description\" content=\"En medio de la repercusi\u00f3n generada por las declaraciones de Romina Orthusteguy y su hija M\u00eda sobre episodios vividos junto a Eduardo Carrera tras su paso por Gran Hermano 2003, la palabra de Nicol\u00e1s, hermano de Eduardo, irrumpi\u00f3 en la escena p\u00fablica. La b\u00fasqueda de la versi\u00f3n familiar lleg\u00f3 tras la entrevista concedida por Romina...\" \/>\n<meta property=\"og:url\" content=\"https:\/\/lobosnews.com.ar\/index.php\/2026\/04\/29\/el-hermano-de-eduardo-carrera-hablo-de-las-graves-denuncias-de-romina-orthusteguy-estamos-dispuestos-a-ayudar\/\" \/>\n<meta property=\"og:site_name\" content=\"Lobos News\" \/>\n<meta property=\"article:published_time\" content=\"2026-04-29T13:55:55+00:00\" \/>\n<meta property=\"article:modified_time\" content=\"2026-04-29T15:02:16+00:00\" \/>\n<meta property=\"og:image\" content=\"https:\/\/lobosnews.com.ar\/wp-content\/uploads\/2026\/04\/el-hermano-de-eduardo-carrera-hablo-de-las-graves-denuncias-de-romina-orthusteguy-estamos-dispuestos-a-ayudar.jpg\" \/>\n<meta name=\"author\" content=\"admin\" \/>\n<meta name=\"twitter:card\" content=\"summary_large_image\" \/>\n<meta name=\"twitter:label1\" content=\"Escrito por\" \/>\n\t<meta name=\"twitter:data1\" content=\"admin\" \/>\n\t<meta name=\"twitter:label2\" content=\"Tiempo de lectura\" \/>\n\t<meta name=\"twitter:data2\" content=\"6 minutos\" \/>\n<script type=\"application\/ld+json\" class=\"yoast-schema-graph\">{\"@context\":\"https:\/\/schema.org\",\"@graph\":[{\"@type\":\"Article\",\"@id\":\"https:\/\/lobosnews.com.ar\/index.php\/2026\/04\/29\/el-hermano-de-eduardo-carrera-hablo-de-las-graves-denuncias-de-romina-orthusteguy-estamos-dispuestos-a-ayudar\/#article\",\"isPartOf\":{\"@id\":\"https:\/\/lobosnews.com.ar\/index.php\/2026\/04\/29\/el-hermano-de-eduardo-carrera-hablo-de-las-graves-denuncias-de-romina-orthusteguy-estamos-dispuestos-a-ayudar\/\"},\"author\":{\"name\":\"admin\",\"@id\":\"https:\/\/lobosnews.com.ar\/#\/schema\/person\/232422a593d5c541dd9aef6aaed10943\"},\"headline\":\"El hermano de Eduardo Carrera habl\u00f3 de las graves denuncias de Romina Orthusteguy: \u201cEstamos dispuestos a ayudar\u201d\",\"datePublished\":\"2026-04-29T13:55:55+00:00\",\"dateModified\":\"2026-04-29T15:02:16+00:00\",\"mainEntityOfPage\":{\"@id\":\"https:\/\/lobosnews.com.ar\/index.php\/2026\/04\/29\/el-hermano-de-eduardo-carrera-hablo-de-las-graves-denuncias-de-romina-orthusteguy-estamos-dispuestos-a-ayudar\/\"},\"wordCount\":1240,\"commentCount\":0,\"publisher\":{\"@id\":\"https:\/\/lobosnews.com.ar\/#organization\"},\"image\":{\"@id\":\"https:\/\/lobosnews.com.ar\/index.php\/2026\/04\/29\/el-hermano-de-eduardo-carrera-hablo-de-las-graves-denuncias-de-romina-orthusteguy-estamos-dispuestos-a-ayudar\/#primaryimage\"},\"thumbnailUrl\":\"https:\/\/lobosnews.com.ar\/wp-content\/uploads\/2026\/04\/el-hermano-de-eduardo-carrera-hablo-de-las-graves-denuncias-de-romina-orthusteguy-estamos-dispuestos-a-ayudar.jpg\",\"articleSection\":[\"Cine y Series\"],\"inLanguage\":\"es\",\"potentialAction\":[{\"@type\":\"CommentAction\",\"name\":\"Comment\",\"target\":[\"https:\/\/lobosnews.com.ar\/index.php\/2026\/04\/29\/el-hermano-de-eduardo-carrera-hablo-de-las-graves-denuncias-de-romina-orthusteguy-estamos-dispuestos-a-ayudar\/#respond\"]}]},{\"@type\":\"WebPage\",\"@id\":\"https:\/\/lobosnews.com.ar\/index.php\/2026\/04\/29\/el-hermano-de-eduardo-carrera-hablo-de-las-graves-denuncias-de-romina-orthusteguy-estamos-dispuestos-a-ayudar\/\",\"url\":\"https:\/\/lobosnews.com.ar\/index.php\/2026\/04\/29\/el-hermano-de-eduardo-carrera-hablo-de-las-graves-denuncias-de-romina-orthusteguy-estamos-dispuestos-a-ayudar\/\",\"name\":\"El hermano de Eduardo Carrera habl\u00f3 de las graves denuncias de Romina Orthusteguy: \u201cEstamos dispuestos a ayudar\u201d - Lobos News\",\"isPartOf\":{\"@id\":\"https:\/\/lobosnews.com.ar\/#website\"},\"primaryImageOfPage\":{\"@id\":\"https:\/\/lobosnews.com.ar\/index.php\/2026\/04\/29\/el-hermano-de-eduardo-carrera-hablo-de-las-graves-denuncias-de-romina-orthusteguy-estamos-dispuestos-a-ayudar\/#primaryimage\"},\"image\":{\"@id\":\"https:\/\/lobosnews.com.ar\/index.php\/2026\/04\/29\/el-hermano-de-eduardo-carrera-hablo-de-las-graves-denuncias-de-romina-orthusteguy-estamos-dispuestos-a-ayudar\/#primaryimage\"},\"thumbnailUrl\":\"https:\/\/lobosnews.com.ar\/wp-content\/uploads\/2026\/04\/el-hermano-de-eduardo-carrera-hablo-de-las-graves-denuncias-de-romina-orthusteguy-estamos-dispuestos-a-ayudar.jpg\",\"datePublished\":\"2026-04-29T13:55:55+00:00\",\"dateModified\":\"2026-04-29T15:02:16+00:00\",\"breadcrumb\":{\"@id\":\"https:\/\/lobosnews.com.ar\/index.php\/2026\/04\/29\/el-hermano-de-eduardo-carrera-hablo-de-las-graves-denuncias-de-romina-orthusteguy-estamos-dispuestos-a-ayudar\/#breadcrumb\"},\"inLanguage\":\"es\",\"potentialAction\":[{\"@type\":\"ReadAction\",\"target\":[\"https:\/\/lobosnews.com.ar\/index.php\/2026\/04\/29\/el-hermano-de-eduardo-carrera-hablo-de-las-graves-denuncias-de-romina-orthusteguy-estamos-dispuestos-a-ayudar\/\"]}]},{\"@type\":\"ImageObject\",\"inLanguage\":\"es\",\"@id\":\"https:\/\/lobosnews.com.ar\/index.php\/2026\/04\/29\/el-hermano-de-eduardo-carrera-hablo-de-las-graves-denuncias-de-romina-orthusteguy-estamos-dispuestos-a-ayudar\/#primaryimage\",\"url\":\"https:\/\/lobosnews.com.ar\/wp-content\/uploads\/2026\/04\/el-hermano-de-eduardo-carrera-hablo-de-las-graves-denuncias-de-romina-orthusteguy-estamos-dispuestos-a-ayudar.jpg\",\"contentUrl\":\"https:\/\/lobosnews.com.ar\/wp-content\/uploads\/2026\/04\/el-hermano-de-eduardo-carrera-hablo-de-las-graves-denuncias-de-romina-orthusteguy-estamos-dispuestos-a-ayudar.jpg\",\"width\":1080,\"height\":1080,\"caption\":\"El hermano de Eduardo Carrera habl\u00f3 de las graves denuncias de Romina Orthusteguy: \u201cEstamos dispuestos a ayudar\u201d\"},{\"@type\":\"BreadcrumbList\",\"@id\":\"https:\/\/lobosnews.com.ar\/index.php\/2026\/04\/29\/el-hermano-de-eduardo-carrera-hablo-de-las-graves-denuncias-de-romina-orthusteguy-estamos-dispuestos-a-ayudar\/#breadcrumb\",\"itemListElement\":[{\"@type\":\"ListItem\",\"position\":1,\"name\":\"Portada\",\"item\":\"https:\/\/lobosnews.com.ar\/\"},{\"@type\":\"ListItem\",\"position\":2,\"name\":\"El hermano de Eduardo Carrera habl\u00f3 de las graves denuncias de Romina Orthusteguy: \u201cEstamos dispuestos a ayudar\u201d\"}]},{\"@type\":\"WebSite\",\"@id\":\"https:\/\/lobosnews.com.ar\/#website\",\"url\":\"https:\/\/lobosnews.com.ar\/\",\"name\":\"Lobos News\",\"description\":\"Informaci\u00f3n a cada instante\",\"publisher\":{\"@id\":\"https:\/\/lobosnews.com.ar\/#organization\"},\"potentialAction\":[{\"@type\":\"SearchAction\",\"target\":{\"@type\":\"EntryPoint\",\"urlTemplate\":\"https:\/\/lobosnews.com.ar\/?s={search_term_string}\"},\"query-input\":{\"@type\":\"PropertyValueSpecification\",\"valueRequired\":true,\"valueName\":\"search_term_string\"}}],\"inLanguage\":\"es\"},{\"@type\":\"Organization\",\"@id\":\"https:\/\/lobosnews.com.ar\/#organization\",\"name\":\"Lobos News\",\"url\":\"https:\/\/lobosnews.com.ar\/\",\"logo\":{\"@type\":\"ImageObject\",\"inLanguage\":\"es\",\"@id\":\"https:\/\/lobosnews.com.ar\/#\/schema\/logo\/image\/\",\"url\":\"https:\/\/lobosnews.com.ar\/wp-content\/uploads\/2026\/01\/logo-lobosnews.png\",\"contentUrl\":\"https:\/\/lobosnews.com.ar\/wp-content\/uploads\/2026\/01\/logo-lobosnews.png\",\"width\":500,\"height\":200,\"caption\":\"Lobos News\"},\"image\":{\"@id\":\"https:\/\/lobosnews.com.ar\/#\/schema\/logo\/image\/\"}},{\"@type\":\"Person\",\"@id\":\"https:\/\/lobosnews.com.ar\/#\/schema\/person\/232422a593d5c541dd9aef6aaed10943\",\"name\":\"admin\",\"image\":{\"@type\":\"ImageObject\",\"inLanguage\":\"es\",\"@id\":\"https:\/\/lobosnews.com.ar\/#\/schema\/person\/image\/\",\"url\":\"https:\/\/secure.gravatar.com\/avatar\/76e419471a2083bc3ceab22a763dbbf9b0c1bd15a6214cf3280e2c2dde4580f9?s=96&d=mm&r=g\",\"contentUrl\":\"https:\/\/secure.gravatar.com\/avatar\/76e419471a2083bc3ceab22a763dbbf9b0c1bd15a6214cf3280e2c2dde4580f9?s=96&d=mm&r=g\",\"caption\":\"admin\"},\"sameAs\":[\"https:\/\/lobosnews.com.ar\"],\"url\":\"https:\/\/lobosnews.com.ar\/index.php\/author\/lobos-news\/\"}]}<\/script>\n<!-- \/ Yoast SEO plugin. -->","yoast_head_json":{"title":"El hermano de Eduardo Carrera habl\u00f3 de las graves denuncias de Romina Orthusteguy: \u201cEstamos dispuestos a ayudar\u201d - Lobos News","robots":{"index":"index","follow":"follow","max-snippet":"max-snippet:-1","max-image-preview":"max-image-preview:large","max-video-preview":"max-video-preview:-1"},"canonical":"https:\/\/lobosnews.com.ar\/index.php\/2026\/04\/29\/el-hermano-de-eduardo-carrera-hablo-de-las-graves-denuncias-de-romina-orthusteguy-estamos-dispuestos-a-ayudar\/","og_locale":"es_ES","og_type":"article","og_title":"El hermano de Eduardo Carrera habl\u00f3 de las graves denuncias de Romina Orthusteguy: \u201cEstamos dispuestos a ayudar\u201d - Lobos News","og_description":"En medio de la repercusi\u00f3n generada por las declaraciones de Romina Orthusteguy y su hija M\u00eda sobre episodios vividos junto a Eduardo Carrera tras su paso por Gran Hermano 2003, la palabra de Nicol\u00e1s, hermano de Eduardo, irrumpi\u00f3 en la escena p\u00fablica. La b\u00fasqueda de la versi\u00f3n familiar lleg\u00f3 tras la entrevista concedida por Romina...","og_url":"https:\/\/lobosnews.com.ar\/index.php\/2026\/04\/29\/el-hermano-de-eduardo-carrera-hablo-de-las-graves-denuncias-de-romina-orthusteguy-estamos-dispuestos-a-ayudar\/","og_site_name":"Lobos News","article_published_time":"2026-04-29T13:55:55+00:00","article_modified_time":"2026-04-29T15:02:16+00:00","og_image":[{"url":"https:\/\/lobosnews.com.ar\/wp-content\/uploads\/2026\/04\/el-hermano-de-eduardo-carrera-hablo-de-las-graves-denuncias-de-romina-orthusteguy-estamos-dispuestos-a-ayudar.jpg","type":"","width":"","height":""}],"author":"admin","twitter_card":"summary_large_image","twitter_misc":{"Escrito por":"admin","Tiempo de lectura":"6 minutos"},"schema":{"@context":"https:\/\/schema.org","@graph":[{"@type":"Article","@id":"https:\/\/lobosnews.com.ar\/index.php\/2026\/04\/29\/el-hermano-de-eduardo-carrera-hablo-de-las-graves-denuncias-de-romina-orthusteguy-estamos-dispuestos-a-ayudar\/#article","isPartOf":{"@id":"https:\/\/lobosnews.com.ar\/index.php\/2026\/04\/29\/el-hermano-de-eduardo-carrera-hablo-de-las-graves-denuncias-de-romina-orthusteguy-estamos-dispuestos-a-ayudar\/"},"author":{"name":"admin","@id":"https:\/\/lobosnews.com.ar\/#\/schema\/person\/232422a593d5c541dd9aef6aaed10943"},"headline":"El hermano de Eduardo Carrera habl\u00f3 de las graves denuncias de Romina Orthusteguy: \u201cEstamos dispuestos a ayudar\u201d","datePublished":"2026-04-29T13:55:55+00:00","dateModified":"2026-04-29T15:02:16+00:00","mainEntityOfPage":{"@id":"https:\/\/lobosnews.com.ar\/index.php\/2026\/04\/29\/el-hermano-de-eduardo-carrera-hablo-de-las-graves-denuncias-de-romina-orthusteguy-estamos-dispuestos-a-ayudar\/"},"wordCount":1240,"commentCount":0,"publisher":{"@id":"https:\/\/lobosnews.com.ar\/#organization"},"image":{"@id":"https:\/\/lobosnews.com.ar\/index.php\/2026\/04\/29\/el-hermano-de-eduardo-carrera-hablo-de-las-graves-denuncias-de-romina-orthusteguy-estamos-dispuestos-a-ayudar\/#primaryimage"},"thumbnailUrl":"https:\/\/lobosnews.com.ar\/wp-content\/uploads\/2026\/04\/el-hermano-de-eduardo-carrera-hablo-de-las-graves-denuncias-de-romina-orthusteguy-estamos-dispuestos-a-ayudar.jpg","articleSection":["Cine y Series"],"inLanguage":"es","potentialAction":[{"@type":"CommentAction","name":"Comment","target":["https:\/\/lobosnews.com.ar\/index.php\/2026\/04\/29\/el-hermano-de-eduardo-carrera-hablo-de-las-graves-denuncias-de-romina-orthusteguy-estamos-dispuestos-a-ayudar\/#respond"]}]},{"@type":"WebPage","@id":"https:\/\/lobosnews.com.ar\/index.php\/2026\/04\/29\/el-hermano-de-eduardo-carrera-hablo-de-las-graves-denuncias-de-romina-orthusteguy-estamos-dispuestos-a-ayudar\/","url":"https:\/\/lobosnews.com.ar\/index.php\/2026\/04\/29\/el-hermano-de-eduardo-carrera-hablo-de-las-graves-denuncias-de-romina-orthusteguy-estamos-dispuestos-a-ayudar\/","name":"El hermano de Eduardo Carrera habl\u00f3 de las graves denuncias de Romina Orthusteguy: \u201cEstamos dispuestos a ayudar\u201d - Lobos News","isPartOf":{"@id":"https:\/\/lobosnews.com.ar\/#website"},"primaryImageOfPage":{"@id":"https:\/\/lobosnews.com.ar\/index.php\/2026\/04\/29\/el-hermano-de-eduardo-carrera-hablo-de-las-graves-denuncias-de-romina-orthusteguy-estamos-dispuestos-a-ayudar\/#primaryimage"},"image":{"@id":"https:\/\/lobosnews.com.ar\/index.php\/2026\/04\/29\/el-hermano-de-eduardo-carrera-hablo-de-las-graves-denuncias-de-romina-orthusteguy-estamos-dispuestos-a-ayudar\/#primaryimage"},"thumbnailUrl":"https:\/\/lobosnews.com.ar\/wp-content\/uploads\/2026\/04\/el-hermano-de-eduardo-carrera-hablo-de-las-graves-denuncias-de-romina-orthusteguy-estamos-dispuestos-a-ayudar.jpg","datePublished":"2026-04-29T13:55:55+00:00","dateModified":"2026-04-29T15:02:16+00:00","breadcrumb":{"@id":"https:\/\/lobosnews.com.ar\/index.php\/2026\/04\/29\/el-hermano-de-eduardo-carrera-hablo-de-las-graves-denuncias-de-romina-orthusteguy-estamos-dispuestos-a-ayudar\/#breadcrumb"},"inLanguage":"es","potentialAction":[{"@type":"ReadAction","target":["https:\/\/lobosnews.com.ar\/index.php\/2026\/04\/29\/el-hermano-de-eduardo-carrera-hablo-de-las-graves-denuncias-de-romina-orthusteguy-estamos-dispuestos-a-ayudar\/"]}]},{"@type":"ImageObject","inLanguage":"es","@id":"https:\/\/lobosnews.com.ar\/index.php\/2026\/04\/29\/el-hermano-de-eduardo-carrera-hablo-de-las-graves-denuncias-de-romina-orthusteguy-estamos-dispuestos-a-ayudar\/#primaryimage","url":"https:\/\/lobosnews.com.ar\/wp-content\/uploads\/2026\/04\/el-hermano-de-eduardo-carrera-hablo-de-las-graves-denuncias-de-romina-orthusteguy-estamos-dispuestos-a-ayudar.jpg","contentUrl":"https:\/\/lobosnews.com.ar\/wp-content\/uploads\/2026\/04\/el-hermano-de-eduardo-carrera-hablo-de-las-graves-denuncias-de-romina-orthusteguy-estamos-dispuestos-a-ayudar.jpg","width":1080,"height":1080,"caption":"El hermano de Eduardo Carrera habl\u00f3 de las graves denuncias de Romina Orthusteguy: \u201cEstamos dispuestos a ayudar\u201d"},{"@type":"BreadcrumbList","@id":"https:\/\/lobosnews.com.ar\/index.php\/2026\/04\/29\/el-hermano-de-eduardo-carrera-hablo-de-las-graves-denuncias-de-romina-orthusteguy-estamos-dispuestos-a-ayudar\/#breadcrumb","itemListElement":[{"@type":"ListItem","position":1,"name":"Portada","item":"https:\/\/lobosnews.com.ar\/"},{"@type":"ListItem","position":2,"name":"El hermano de Eduardo Carrera habl\u00f3 de las graves denuncias de Romina Orthusteguy: \u201cEstamos dispuestos a ayudar\u201d"}]},{"@type":"WebSite","@id":"https:\/\/lobosnews.com.ar\/#website","url":"https:\/\/lobosnews.com.ar\/","name":"Lobos News","description":"Informaci\u00f3n a cada instante","publisher":{"@id":"https:\/\/lobosnews.com.ar\/#organization"},"potentialAction":[{"@type":"SearchAction","target":{"@type":"EntryPoint","urlTemplate":"https:\/\/lobosnews.com.ar\/?s={search_term_string}"},"query-input":{"@type":"PropertyValueSpecification","valueRequired":true,"valueName":"search_term_string"}}],"inLanguage":"es"},{"@type":"Organization","@id":"https:\/\/lobosnews.com.ar\/#organization","name":"Lobos News","url":"https:\/\/lobosnews.com.ar\/","logo":{"@type":"ImageObject","inLanguage":"es","@id":"https:\/\/lobosnews.com.ar\/#\/schema\/logo\/image\/","url":"https:\/\/lobosnews.com.ar\/wp-content\/uploads\/2026\/01\/logo-lobosnews.png","contentUrl":"https:\/\/lobosnews.com.ar\/wp-content\/uploads\/2026\/01\/logo-lobosnews.png","width":500,"height":200,"caption":"Lobos News"},"image":{"@id":"https:\/\/lobosnews.com.ar\/#\/schema\/logo\/image\/"}},{"@type":"Person","@id":"https:\/\/lobosnews.com.ar\/#\/schema\/person\/232422a593d5c541dd9aef6aaed10943","name":"admin","image":{"@type":"ImageObject","inLanguage":"es","@id":"https:\/\/lobosnews.com.ar\/#\/schema\/person\/image\/","url":"https:\/\/secure.gravatar.com\/avatar\/76e419471a2083bc3ceab22a763dbbf9b0c1bd15a6214cf3280e2c2dde4580f9?s=96&d=mm&r=g","contentUrl":"https:\/\/secure.gravatar.com\/avatar\/76e419471a2083bc3ceab22a763dbbf9b0c1bd15a6214cf3280e2c2dde4580f9?s=96&d=mm&r=g","caption":"admin"},"sameAs":["https:\/\/lobosnews.com.ar"],"url":"https:\/\/lobosnews.com.ar\/index.php\/author\/lobos-news\/"}]}},"jetpack_featured_media_url":"https:\/\/lobosnews.com.ar\/wp-content\/uploads\/2026\/04\/el-hermano-de-eduardo-carrera-hablo-de-las-graves-denuncias-de-romina-orthusteguy-estamos-dispuestos-a-ayudar.jpg","jetpack_sharing_enabled":true,"_links":{"self":[{"href":"https:\/\/lobosnews.com.ar\/index.php\/wp-json\/wp\/v2\/posts\/47119","targetHints":{"allow":["GET"]}}],"collection":[{"href":"https:\/\/lobosnews.com.ar\/index.php\/wp-json\/wp\/v2\/posts"}],"about":[{"href":"https:\/\/lobosnews.com.ar\/index.php\/wp-json\/wp\/v2\/types\/post"}],"author":[{"embeddable":true,"href":"https:\/\/lobosnews.com.ar\/index.php\/wp-json\/wp\/v2\/users\/1"}],"replies":[{"embeddable":true,"href":"https:\/\/lobosnews.com.ar\/index.php\/wp-json\/wp\/v2\/comments?post=47119"}],"version-history":[{"count":1,"href":"https:\/\/lobosnews.com.ar\/index.php\/wp-json\/wp\/v2\/posts\/47119\/revisions"}],"predecessor-version":[{"id":47121,"href":"https:\/\/lobosnews.com.ar\/index.php\/wp-json\/wp\/v2\/posts\/47119\/revisions\/47121"}],"wp:featuredmedia":[{"embeddable":true,"href":"https:\/\/lobosnews.com.ar\/index.php\/wp-json\/wp\/v2\/media\/47122"}],"wp:attachment":[{"href":"https:\/\/lobosnews.com.ar\/index.php\/wp-json\/wp\/v2\/media?parent=47119"}],"wp:term":[{"taxonomy":"category","embeddable":true,"href":"https:\/\/lobosnews.com.ar\/index.php\/wp-json\/wp\/v2\/categories?post=47119"},{"taxonomy":"post_tag","embeddable":true,"href":"https:\/\/lobosnews.com.ar\/index.php\/wp-json\/wp\/v2\/tags?post=47119"}],"curies":[{"name":"wp","href":"https:\/\/api.w.org\/{rel}","templated":true}]}}