{"id":47074,"date":"2026-04-29T14:18:38","date_gmt":"2026-04-29T14:18:38","guid":{"rendered":"https:\/\/lobosnews.com.ar\/index.php\/2026\/04\/29\/el-gesto-antideportivo-de-un-jugador-del-cruzeiro-contra-bareiro-antes-de-su-expulsion-en-la-derrota-de-boca-por-la-copa-libertadores\/"},"modified":"2026-04-29T14:43:19","modified_gmt":"2026-04-29T14:43:19","slug":"el-gesto-antideportivo-de-un-jugador-del-cruzeiro-contra-bareiro-antes-de-su-expulsion-en-la-derrota-de-boca-por-la-copa-libertadores","status":"publish","type":"post","link":"https:\/\/lobosnews.com.ar\/index.php\/2026\/04\/29\/el-gesto-antideportivo-de-un-jugador-del-cruzeiro-contra-bareiro-antes-de-su-expulsion-en-la-derrota-de-boca-por-la-copa-libertadores\/","title":{"rendered":"El gesto antideportivo de un jugador del Cruzeiro contra Bareiro antes de su expulsi\u00f3n en la derrota de Boca por la Copa Libertadores"},"content":{"rendered":"<p>En un partido muy friccionado y poco jugado, <span class=\"waslinkname\"><b>Cruzeiro le gan\u00f3 1-0 a Boca<\/b><\/span> por la tercera jornada de la fase de grupos de la Copa Libertadores. El encuentro tuvo un punto de inflexi\u00f3n sobre el final de la etapa inicial, cuando <b>Adam Bareiro<\/b> fue expulsado por doble amarilla luego de un manotazo en la cara a <b>Christian<\/b>. El \u00e1rbitro uruguayo <b>Esteban Ostojich<\/b> no dud\u00f3 y gener\u00f3 todos los reclamos del <i>Xeneize<\/i>. En el inicio del match, el propio futbolista del elenco brasile\u00f1o le hab\u00eda hecho sentir la marca en una imagen que no hab\u00eda circulado.<\/p>\n<p>Las c\u00e1maras de <i>ESPN <\/i>mostraron que cuando se disputaba el minuto 7 del duelo que se llev\u00f3 a cabo en el Mineirao, Christian gener\u00f3 un contacto inc\u00f3modo en los gl\u00fateos de Bareiro, quien igualmente en la vor\u00e1gine de la jugada se dej\u00f3 llevar mientras cubr\u00eda el bal\u00f3n. <b>\u00bfProvocaci\u00f3n o toque sin mala intenci\u00f3n?<\/b> Lo cierto es que esta imagen expuso c\u00f3mo se jug\u00f3 desde el arranque entre dos conjuntos que pelear\u00e1n por el liderazgo de su zona.<\/p>\n<p>Con las revoluciones m\u00e1s bajas, Bareiro escribi\u00f3 un mensaje en las redes sociales donde se disculp\u00f3 ante los hinchas pese a que entendi\u00f3 que el \u00e1rbitro tuvo responsabilidad en su expulsi\u00f3n. \u201cSolamente perd\u00f3n a mis compa\u00f1eros y a la gente de Boca! Sea errores o no del \u00e1rbitro, a m\u00ed me toca manejar lo que hago. Hoy seguramente fall\u00e9 y me toca tragar mierda, pero voy a trabajar mis errores para poder seguir ayudando a mis compa\u00f1eros!\u201d, fue su recado en las historias de Instagram.<\/p>\n<p><img fetchpriority=\"high\" decoding=\"async\" src=\"https:\/\/lobosnews.com.ar\/wp-content\/uploads\/2026\/04\/el-gesto-antideportivo-de-un-jugador-del-cruzeiro-contra-bareiro-antes-de-su-expulsion-en-la-derrota-de-boca-por-la-copa-libertadores.jpg\" alt=\"\" height=\"2048\" width=\"1164\"\/><\/p>\n<p>El capit\u00e1n, <b>Leandro Paredes<\/b>, fue el primero en tomar la palabra una vez que se hab\u00eda consumado el 1-0 en contra: \u201cSin duda se nos hizo cuesta arriba despu\u00e9s de la expulsi\u00f3n, est\u00e1bamos muy bien&#8230;. La acabo de ver, <b>no es ninguna de las dos amarilla. Qued\u00f3 a la vista del minuto cero c\u00f3mo se comport\u00f3<\/b>. Hicimos 80 minutos muy buenos defensivamente. Sin dudas<b>el problema es cuando ellos (los \u00e1rbitros) quieren ser m\u00e1s protagonistas que los jugadores. <\/b>\u00bfLa gresca del final? No nos gusta, pero hay que tener coraje cuando jugas once versus once y no cuando vas 1 a 0 y son 11 versus 10. Nada, cosas del partido. Quedan ah\u00ed\u201d.<\/p>\n<p>Por su parte, <b>Claudio \u00dabeda<\/b> en conferencia manifest\u00f3: \u201cNo hab\u00eda sido para nada sanci\u00f3n. El \u00e1rbitro decide sacar la segunda amarilla y vemos la imagen: ni siquiera hace un gesto de intentar pegar un golpe, ni mucho menos. Evidentemente nos condicion\u00f3 el resto del partido, que fue much\u00edsimo tiempo, y eso nos dificult\u00f3 tambi\u00e9n la intenci\u00f3n de juego que ten\u00edamos\u201d.<\/p>\n<p><!DOCTYPE html><br \/>\n<html><br \/>\n<head><br \/>\n<meta name=\"viewport\" content=\"width=device-width, initial-scale=1\"><\/p>\n<style>\n.container-video { position: relative; width: 100%; overflow: hidden; padding-top: 56.25%;\n}\n.responsive-iframe-video { position: absolute; top: 0; left: 0; bottom: 0; right: 0; width: 100%; height: 100%; border: none;\n}\n<\/style>\n<p><\/head><br \/>\n<body><\/p>\n<div class=\"container-video\"> <iframe title=\"video-espn\" class=\"responsive-iframe-video\" src=\"https:\/\/www.espn.com.ar\/core\/video\/iframe?id=16640927&#038;endcard=false&#038;omniReportSuite=wdgespge\" allowfullscreen><\/iframe>\n<\/div>\n<p><\/body><br \/>\n<\/html>\n<\/p>\n<p>El DT tambi\u00e9n puntualiz\u00f3 en la actitud de Bareiro: \u201cSeguramente se podr\u00eda haber evitado. Es un jugador que utiliza mucho su f\u00edsico para defender la pelota y en esa intenci\u00f3n de juego a veces la fricci\u00f3n aparece y la posibilidad de pasarse de rosca tambi\u00e9n. <b>Tiene que aprender a manejarlo m\u00e1s en partidos como este, pero todo es aprendizaje<\/b>\u201c.<\/p>\n<p>Otros dos referentes del plantel como Santiago Ascac\u00edbar y Nicol\u00e1s Figal tambi\u00e9n le hicieron frente a los micr\u00f3fonos y dieron sus pareceres. <b>\u201cDa un poco de bronca que a los cinco minutos amoneste al capit\u00e1n con algo que no entiende.<\/b> Son decisiones, creo que se apur\u00f3 en las dos amarillas para Adam\u201d, opin\u00f3 el Ruso. Mientras que el ex Independiente remarc\u00f3: \u201cVi la jugada de Adam (Bareiro) en el banco y el \u00e1rbitro tuvo ese error que hoy en la Copa Libertadores te condiciona. Somos seres humanos y se puede equivocar, pero <b>el \u00e1rbitro en este partido se equivoc\u00f3,<\/b> <b>no era segunda amarilla<\/b>. Antes de eso est\u00e1bamos en partido, jugando bien y son partidos de Copa que se definen por detalles\u201d.<\/p>\n","protected":false},"excerpt":{"rendered":"<p>En un partido muy friccionado y poco jugado, Cruzeiro le gan\u00f3 1-0 a Boca por la tercera jornada de la fase de grupos de la Copa Libertadores. El encuentro tuvo un punto de inflexi\u00f3n sobre el final de la etapa inicial, cuando Adam Bareiro fue expulsado por doble amarilla luego de un manotazo en la&#8230;<\/p>\n","protected":false},"author":1,"featured_media":0,"comment_status":"open","ping_status":"closed","sticky":false,"template":"","format":"standard","meta":{"_jetpack_memberships_contains_paid_content":false,"footnotes":""},"categories":[30],"tags":[39],"class_list":["post-47074","post","type-post","status-publish","format-standard","hentry","category-argentina","tag-deportes"],"magazineBlocksPostFeaturedMedia":{"thumbnail":false,"medium":false,"medium_large":false,"large":false,"1536x1536":false,"2048x2048":false,"newsmatic-featured":false,"newsmatic-list":false,"newsmatic-thumb":false,"newsmatic-small":false,"newsmatic-grid":false},"magazineBlocksPostAuthor":{"name":"admin","avatar":"https:\/\/secure.gravatar.com\/avatar\/76e419471a2083bc3ceab22a763dbbf9b0c1bd15a6214cf3280e2c2dde4580f9?s=96&d=mm&r=g"},"magazineBlocksPostCommentsNumber":"0","magazineBlocksPostExcerpt":"En un partido muy friccionado y poco jugado, Cruzeiro le gan\u00f3 1-0 a Boca por la tercera jornada de la fase de grupos de la Copa Libertadores. El encuentro tuvo un punto de inflexi\u00f3n sobre el final de la etapa inicial, cuando Adam Bareiro fue expulsado por doble amarilla luego de un manotazo en la...","magazineBlocksPostCategories":["Argentina"],"magazineBlocksPostViewCount":8,"magazineBlocksPostReadTime":4,"magazine_blocks_featured_image_url":{"full":false,"medium":false,"thumbnail":false},"magazine_blocks_author":{"display_name":"admin","author_link":"https:\/\/lobosnews.com.ar\/index.php\/author\/lobos-news\/"},"magazine_blocks_comment":0,"magazine_blocks_author_image":"https:\/\/secure.gravatar.com\/avatar\/76e419471a2083bc3ceab22a763dbbf9b0c1bd15a6214cf3280e2c2dde4580f9?s=96&d=mm&r=g","magazine_blocks_category":"<a href=\"#\" class=\"category-link category-link-30\">Argentina<\/a>","yoast_head":"<!-- This site is optimized with the Yoast SEO plugin v26.6 - https:\/\/yoast.com\/wordpress\/plugins\/seo\/ -->\n<title>El gesto antideportivo de un jugador del Cruzeiro contra Bareiro antes de su expulsi\u00f3n en la derrota de Boca por la Copa Libertadores - Lobos News<\/title>\n<meta name=\"robots\" content=\"index, follow, max-snippet:-1, max-image-preview:large, max-video-preview:-1\" \/>\n<link rel=\"canonical\" href=\"https:\/\/lobosnews.com.ar\/index.php\/2026\/04\/29\/el-gesto-antideportivo-de-un-jugador-del-cruzeiro-contra-bareiro-antes-de-su-expulsion-en-la-derrota-de-boca-por-la-copa-libertadores\/\" \/>\n<meta property=\"og:locale\" content=\"es_ES\" \/>\n<meta property=\"og:type\" content=\"article\" \/>\n<meta property=\"og:title\" content=\"El gesto antideportivo de un jugador del Cruzeiro contra Bareiro antes de su expulsi\u00f3n en la derrota de Boca por la Copa Libertadores - Lobos News\" \/>\n<meta property=\"og:description\" content=\"En un partido muy friccionado y poco jugado, Cruzeiro le gan\u00f3 1-0 a Boca por la tercera jornada de la fase de grupos de la Copa Libertadores. El encuentro tuvo un punto de inflexi\u00f3n sobre el final de la etapa inicial, cuando Adam Bareiro fue expulsado por doble amarilla luego de un manotazo en la...\" \/>\n<meta property=\"og:url\" content=\"https:\/\/lobosnews.com.ar\/index.php\/2026\/04\/29\/el-gesto-antideportivo-de-un-jugador-del-cruzeiro-contra-bareiro-antes-de-su-expulsion-en-la-derrota-de-boca-por-la-copa-libertadores\/\" \/>\n<meta property=\"og:site_name\" content=\"Lobos News\" \/>\n<meta property=\"article:published_time\" content=\"2026-04-29T14:18:38+00:00\" \/>\n<meta property=\"article:modified_time\" content=\"2026-04-29T14:43:19+00:00\" \/>\n<meta property=\"og:image\" content=\"https:\/\/lobosnews.com.ar\/wp-content\/uploads\/2026\/04\/el-gesto-antideportivo-de-un-jugador-del-cruzeiro-contra-bareiro-antes-de-su-expulsion-en-la-derrota-de-boca-por-la-copa-libertadores.jpg\" \/>\n<meta name=\"author\" content=\"admin\" \/>\n<meta name=\"twitter:card\" content=\"summary_large_image\" \/>\n<meta name=\"twitter:label1\" content=\"Escrito por\" \/>\n\t<meta name=\"twitter:data1\" content=\"admin\" \/>\n\t<meta name=\"twitter:label2\" content=\"Tiempo de lectura\" \/>\n\t<meta name=\"twitter:data2\" content=\"3 minutos\" \/>\n<script type=\"application\/ld+json\" class=\"yoast-schema-graph\">{\"@context\":\"https:\/\/schema.org\",\"@graph\":[{\"@type\":\"Article\",\"@id\":\"https:\/\/lobosnews.com.ar\/index.php\/2026\/04\/29\/el-gesto-antideportivo-de-un-jugador-del-cruzeiro-contra-bareiro-antes-de-su-expulsion-en-la-derrota-de-boca-por-la-copa-libertadores\/#article\",\"isPartOf\":{\"@id\":\"https:\/\/lobosnews.com.ar\/index.php\/2026\/04\/29\/el-gesto-antideportivo-de-un-jugador-del-cruzeiro-contra-bareiro-antes-de-su-expulsion-en-la-derrota-de-boca-por-la-copa-libertadores\/\"},\"author\":{\"name\":\"admin\",\"@id\":\"https:\/\/lobosnews.com.ar\/#\/schema\/person\/232422a593d5c541dd9aef6aaed10943\"},\"headline\":\"El gesto antideportivo de un jugador del Cruzeiro contra Bareiro antes de su expulsi\u00f3n en la derrota de Boca por la Copa Libertadores\",\"datePublished\":\"2026-04-29T14:18:38+00:00\",\"dateModified\":\"2026-04-29T14:43:19+00:00\",\"mainEntityOfPage\":{\"@id\":\"https:\/\/lobosnews.com.ar\/index.php\/2026\/04\/29\/el-gesto-antideportivo-de-un-jugador-del-cruzeiro-contra-bareiro-antes-de-su-expulsion-en-la-derrota-de-boca-por-la-copa-libertadores\/\"},\"wordCount\":673,\"commentCount\":0,\"publisher\":{\"@id\":\"https:\/\/lobosnews.com.ar\/#organization\"},\"image\":{\"@id\":\"https:\/\/lobosnews.com.ar\/index.php\/2026\/04\/29\/el-gesto-antideportivo-de-un-jugador-del-cruzeiro-contra-bareiro-antes-de-su-expulsion-en-la-derrota-de-boca-por-la-copa-libertadores\/#primaryimage\"},\"thumbnailUrl\":\"https:\/\/lobosnews.com.ar\/wp-content\/uploads\/2026\/04\/el-gesto-antideportivo-de-un-jugador-del-cruzeiro-contra-bareiro-antes-de-su-expulsion-en-la-derrota-de-boca-por-la-copa-libertadores.jpg\",\"keywords\":[\"Deportes\"],\"articleSection\":[\"Argentina\"],\"inLanguage\":\"es\",\"potentialAction\":[{\"@type\":\"CommentAction\",\"name\":\"Comment\",\"target\":[\"https:\/\/lobosnews.com.ar\/index.php\/2026\/04\/29\/el-gesto-antideportivo-de-un-jugador-del-cruzeiro-contra-bareiro-antes-de-su-expulsion-en-la-derrota-de-boca-por-la-copa-libertadores\/#respond\"]}]},{\"@type\":\"WebPage\",\"@id\":\"https:\/\/lobosnews.com.ar\/index.php\/2026\/04\/29\/el-gesto-antideportivo-de-un-jugador-del-cruzeiro-contra-bareiro-antes-de-su-expulsion-en-la-derrota-de-boca-por-la-copa-libertadores\/\",\"url\":\"https:\/\/lobosnews.com.ar\/index.php\/2026\/04\/29\/el-gesto-antideportivo-de-un-jugador-del-cruzeiro-contra-bareiro-antes-de-su-expulsion-en-la-derrota-de-boca-por-la-copa-libertadores\/\",\"name\":\"El gesto antideportivo de un jugador del Cruzeiro contra Bareiro antes de su expulsi\u00f3n en la derrota de Boca por la Copa Libertadores - Lobos News\",\"isPartOf\":{\"@id\":\"https:\/\/lobosnews.com.ar\/#website\"},\"primaryImageOfPage\":{\"@id\":\"https:\/\/lobosnews.com.ar\/index.php\/2026\/04\/29\/el-gesto-antideportivo-de-un-jugador-del-cruzeiro-contra-bareiro-antes-de-su-expulsion-en-la-derrota-de-boca-por-la-copa-libertadores\/#primaryimage\"},\"image\":{\"@id\":\"https:\/\/lobosnews.com.ar\/index.php\/2026\/04\/29\/el-gesto-antideportivo-de-un-jugador-del-cruzeiro-contra-bareiro-antes-de-su-expulsion-en-la-derrota-de-boca-por-la-copa-libertadores\/#primaryimage\"},\"thumbnailUrl\":\"https:\/\/lobosnews.com.ar\/wp-content\/uploads\/2026\/04\/el-gesto-antideportivo-de-un-jugador-del-cruzeiro-contra-bareiro-antes-de-su-expulsion-en-la-derrota-de-boca-por-la-copa-libertadores.jpg\",\"datePublished\":\"2026-04-29T14:18:38+00:00\",\"dateModified\":\"2026-04-29T14:43:19+00:00\",\"breadcrumb\":{\"@id\":\"https:\/\/lobosnews.com.ar\/index.php\/2026\/04\/29\/el-gesto-antideportivo-de-un-jugador-del-cruzeiro-contra-bareiro-antes-de-su-expulsion-en-la-derrota-de-boca-por-la-copa-libertadores\/#breadcrumb\"},\"inLanguage\":\"es\",\"potentialAction\":[{\"@type\":\"ReadAction\",\"target\":[\"https:\/\/lobosnews.com.ar\/index.php\/2026\/04\/29\/el-gesto-antideportivo-de-un-jugador-del-cruzeiro-contra-bareiro-antes-de-su-expulsion-en-la-derrota-de-boca-por-la-copa-libertadores\/\"]}]},{\"@type\":\"ImageObject\",\"inLanguage\":\"es\",\"@id\":\"https:\/\/lobosnews.com.ar\/index.php\/2026\/04\/29\/el-gesto-antideportivo-de-un-jugador-del-cruzeiro-contra-bareiro-antes-de-su-expulsion-en-la-derrota-de-boca-por-la-copa-libertadores\/#primaryimage\",\"url\":\"https:\/\/lobosnews.com.ar\/wp-content\/uploads\/2026\/04\/el-gesto-antideportivo-de-un-jugador-del-cruzeiro-contra-bareiro-antes-de-su-expulsion-en-la-derrota-de-boca-por-la-copa-libertadores.jpg\",\"contentUrl\":\"https:\/\/lobosnews.com.ar\/wp-content\/uploads\/2026\/04\/el-gesto-antideportivo-de-un-jugador-del-cruzeiro-contra-bareiro-antes-de-su-expulsion-en-la-derrota-de-boca-por-la-copa-libertadores.jpg\"},{\"@type\":\"BreadcrumbList\",\"@id\":\"https:\/\/lobosnews.com.ar\/index.php\/2026\/04\/29\/el-gesto-antideportivo-de-un-jugador-del-cruzeiro-contra-bareiro-antes-de-su-expulsion-en-la-derrota-de-boca-por-la-copa-libertadores\/#breadcrumb\",\"itemListElement\":[{\"@type\":\"ListItem\",\"position\":1,\"name\":\"Portada\",\"item\":\"https:\/\/lobosnews.com.ar\/\"},{\"@type\":\"ListItem\",\"position\":2,\"name\":\"El gesto antideportivo de un jugador del Cruzeiro contra Bareiro antes de su expulsi\u00f3n en la derrota de Boca por la Copa Libertadores\"}]},{\"@type\":\"WebSite\",\"@id\":\"https:\/\/lobosnews.com.ar\/#website\",\"url\":\"https:\/\/lobosnews.com.ar\/\",\"name\":\"Lobos News\",\"description\":\"Informaci\u00f3n a cada instante\",\"publisher\":{\"@id\":\"https:\/\/lobosnews.com.ar\/#organization\"},\"potentialAction\":[{\"@type\":\"SearchAction\",\"target\":{\"@type\":\"EntryPoint\",\"urlTemplate\":\"https:\/\/lobosnews.com.ar\/?s={search_term_string}\"},\"query-input\":{\"@type\":\"PropertyValueSpecification\",\"valueRequired\":true,\"valueName\":\"search_term_string\"}}],\"inLanguage\":\"es\"},{\"@type\":\"Organization\",\"@id\":\"https:\/\/lobosnews.com.ar\/#organization\",\"name\":\"Lobos News\",\"url\":\"https:\/\/lobosnews.com.ar\/\",\"logo\":{\"@type\":\"ImageObject\",\"inLanguage\":\"es\",\"@id\":\"https:\/\/lobosnews.com.ar\/#\/schema\/logo\/image\/\",\"url\":\"https:\/\/lobosnews.com.ar\/wp-content\/uploads\/2026\/01\/logo-lobosnews.png\",\"contentUrl\":\"https:\/\/lobosnews.com.ar\/wp-content\/uploads\/2026\/01\/logo-lobosnews.png\",\"width\":500,\"height\":200,\"caption\":\"Lobos News\"},\"image\":{\"@id\":\"https:\/\/lobosnews.com.ar\/#\/schema\/logo\/image\/\"}},{\"@type\":\"Person\",\"@id\":\"https:\/\/lobosnews.com.ar\/#\/schema\/person\/232422a593d5c541dd9aef6aaed10943\",\"name\":\"admin\",\"image\":{\"@type\":\"ImageObject\",\"inLanguage\":\"es\",\"@id\":\"https:\/\/lobosnews.com.ar\/#\/schema\/person\/image\/\",\"url\":\"https:\/\/secure.gravatar.com\/avatar\/76e419471a2083bc3ceab22a763dbbf9b0c1bd15a6214cf3280e2c2dde4580f9?s=96&d=mm&r=g\",\"contentUrl\":\"https:\/\/secure.gravatar.com\/avatar\/76e419471a2083bc3ceab22a763dbbf9b0c1bd15a6214cf3280e2c2dde4580f9?s=96&d=mm&r=g\",\"caption\":\"admin\"},\"sameAs\":[\"https:\/\/lobosnews.com.ar\"],\"url\":\"https:\/\/lobosnews.com.ar\/index.php\/author\/lobos-news\/\"}]}<\/script>\n<!-- \/ Yoast SEO plugin. -->","yoast_head_json":{"title":"El gesto antideportivo de un jugador del Cruzeiro contra Bareiro antes de su expulsi\u00f3n en la derrota de Boca por la Copa Libertadores - Lobos News","robots":{"index":"index","follow":"follow","max-snippet":"max-snippet:-1","max-image-preview":"max-image-preview:large","max-video-preview":"max-video-preview:-1"},"canonical":"https:\/\/lobosnews.com.ar\/index.php\/2026\/04\/29\/el-gesto-antideportivo-de-un-jugador-del-cruzeiro-contra-bareiro-antes-de-su-expulsion-en-la-derrota-de-boca-por-la-copa-libertadores\/","og_locale":"es_ES","og_type":"article","og_title":"El gesto antideportivo de un jugador del Cruzeiro contra Bareiro antes de su expulsi\u00f3n en la derrota de Boca por la Copa Libertadores - Lobos News","og_description":"En un partido muy friccionado y poco jugado, Cruzeiro le gan\u00f3 1-0 a Boca por la tercera jornada de la fase de grupos de la Copa Libertadores. El encuentro tuvo un punto de inflexi\u00f3n sobre el final de la etapa inicial, cuando Adam Bareiro fue expulsado por doble amarilla luego de un manotazo en la...","og_url":"https:\/\/lobosnews.com.ar\/index.php\/2026\/04\/29\/el-gesto-antideportivo-de-un-jugador-del-cruzeiro-contra-bareiro-antes-de-su-expulsion-en-la-derrota-de-boca-por-la-copa-libertadores\/","og_site_name":"Lobos News","article_published_time":"2026-04-29T14:18:38+00:00","article_modified_time":"2026-04-29T14:43:19+00:00","og_image":[{"url":"https:\/\/lobosnews.com.ar\/wp-content\/uploads\/2026\/04\/el-gesto-antideportivo-de-un-jugador-del-cruzeiro-contra-bareiro-antes-de-su-expulsion-en-la-derrota-de-boca-por-la-copa-libertadores.jpg","type":"","width":"","height":""}],"author":"admin","twitter_card":"summary_large_image","twitter_misc":{"Escrito por":"admin","Tiempo de lectura":"3 minutos"},"schema":{"@context":"https:\/\/schema.org","@graph":[{"@type":"Article","@id":"https:\/\/lobosnews.com.ar\/index.php\/2026\/04\/29\/el-gesto-antideportivo-de-un-jugador-del-cruzeiro-contra-bareiro-antes-de-su-expulsion-en-la-derrota-de-boca-por-la-copa-libertadores\/#article","isPartOf":{"@id":"https:\/\/lobosnews.com.ar\/index.php\/2026\/04\/29\/el-gesto-antideportivo-de-un-jugador-del-cruzeiro-contra-bareiro-antes-de-su-expulsion-en-la-derrota-de-boca-por-la-copa-libertadores\/"},"author":{"name":"admin","@id":"https:\/\/lobosnews.com.ar\/#\/schema\/person\/232422a593d5c541dd9aef6aaed10943"},"headline":"El gesto antideportivo de un jugador del Cruzeiro contra Bareiro antes de su expulsi\u00f3n en la derrota de Boca por la Copa Libertadores","datePublished":"2026-04-29T14:18:38+00:00","dateModified":"2026-04-29T14:43:19+00:00","mainEntityOfPage":{"@id":"https:\/\/lobosnews.com.ar\/index.php\/2026\/04\/29\/el-gesto-antideportivo-de-un-jugador-del-cruzeiro-contra-bareiro-antes-de-su-expulsion-en-la-derrota-de-boca-por-la-copa-libertadores\/"},"wordCount":673,"commentCount":0,"publisher":{"@id":"https:\/\/lobosnews.com.ar\/#organization"},"image":{"@id":"https:\/\/lobosnews.com.ar\/index.php\/2026\/04\/29\/el-gesto-antideportivo-de-un-jugador-del-cruzeiro-contra-bareiro-antes-de-su-expulsion-en-la-derrota-de-boca-por-la-copa-libertadores\/#primaryimage"},"thumbnailUrl":"https:\/\/lobosnews.com.ar\/wp-content\/uploads\/2026\/04\/el-gesto-antideportivo-de-un-jugador-del-cruzeiro-contra-bareiro-antes-de-su-expulsion-en-la-derrota-de-boca-por-la-copa-libertadores.jpg","keywords":["Deportes"],"articleSection":["Argentina"],"inLanguage":"es","potentialAction":[{"@type":"CommentAction","name":"Comment","target":["https:\/\/lobosnews.com.ar\/index.php\/2026\/04\/29\/el-gesto-antideportivo-de-un-jugador-del-cruzeiro-contra-bareiro-antes-de-su-expulsion-en-la-derrota-de-boca-por-la-copa-libertadores\/#respond"]}]},{"@type":"WebPage","@id":"https:\/\/lobosnews.com.ar\/index.php\/2026\/04\/29\/el-gesto-antideportivo-de-un-jugador-del-cruzeiro-contra-bareiro-antes-de-su-expulsion-en-la-derrota-de-boca-por-la-copa-libertadores\/","url":"https:\/\/lobosnews.com.ar\/index.php\/2026\/04\/29\/el-gesto-antideportivo-de-un-jugador-del-cruzeiro-contra-bareiro-antes-de-su-expulsion-en-la-derrota-de-boca-por-la-copa-libertadores\/","name":"El gesto antideportivo de un jugador del Cruzeiro contra Bareiro antes de su expulsi\u00f3n en la derrota de Boca por la Copa Libertadores - Lobos News","isPartOf":{"@id":"https:\/\/lobosnews.com.ar\/#website"},"primaryImageOfPage":{"@id":"https:\/\/lobosnews.com.ar\/index.php\/2026\/04\/29\/el-gesto-antideportivo-de-un-jugador-del-cruzeiro-contra-bareiro-antes-de-su-expulsion-en-la-derrota-de-boca-por-la-copa-libertadores\/#primaryimage"},"image":{"@id":"https:\/\/lobosnews.com.ar\/index.php\/2026\/04\/29\/el-gesto-antideportivo-de-un-jugador-del-cruzeiro-contra-bareiro-antes-de-su-expulsion-en-la-derrota-de-boca-por-la-copa-libertadores\/#primaryimage"},"thumbnailUrl":"https:\/\/lobosnews.com.ar\/wp-content\/uploads\/2026\/04\/el-gesto-antideportivo-de-un-jugador-del-cruzeiro-contra-bareiro-antes-de-su-expulsion-en-la-derrota-de-boca-por-la-copa-libertadores.jpg","datePublished":"2026-04-29T14:18:38+00:00","dateModified":"2026-04-29T14:43:19+00:00","breadcrumb":{"@id":"https:\/\/lobosnews.com.ar\/index.php\/2026\/04\/29\/el-gesto-antideportivo-de-un-jugador-del-cruzeiro-contra-bareiro-antes-de-su-expulsion-en-la-derrota-de-boca-por-la-copa-libertadores\/#breadcrumb"},"inLanguage":"es","potentialAction":[{"@type":"ReadAction","target":["https:\/\/lobosnews.com.ar\/index.php\/2026\/04\/29\/el-gesto-antideportivo-de-un-jugador-del-cruzeiro-contra-bareiro-antes-de-su-expulsion-en-la-derrota-de-boca-por-la-copa-libertadores\/"]}]},{"@type":"ImageObject","inLanguage":"es","@id":"https:\/\/lobosnews.com.ar\/index.php\/2026\/04\/29\/el-gesto-antideportivo-de-un-jugador-del-cruzeiro-contra-bareiro-antes-de-su-expulsion-en-la-derrota-de-boca-por-la-copa-libertadores\/#primaryimage","url":"https:\/\/lobosnews.com.ar\/wp-content\/uploads\/2026\/04\/el-gesto-antideportivo-de-un-jugador-del-cruzeiro-contra-bareiro-antes-de-su-expulsion-en-la-derrota-de-boca-por-la-copa-libertadores.jpg","contentUrl":"https:\/\/lobosnews.com.ar\/wp-content\/uploads\/2026\/04\/el-gesto-antideportivo-de-un-jugador-del-cruzeiro-contra-bareiro-antes-de-su-expulsion-en-la-derrota-de-boca-por-la-copa-libertadores.jpg"},{"@type":"BreadcrumbList","@id":"https:\/\/lobosnews.com.ar\/index.php\/2026\/04\/29\/el-gesto-antideportivo-de-un-jugador-del-cruzeiro-contra-bareiro-antes-de-su-expulsion-en-la-derrota-de-boca-por-la-copa-libertadores\/#breadcrumb","itemListElement":[{"@type":"ListItem","position":1,"name":"Portada","item":"https:\/\/lobosnews.com.ar\/"},{"@type":"ListItem","position":2,"name":"El gesto antideportivo de un jugador del Cruzeiro contra Bareiro antes de su expulsi\u00f3n en la derrota de Boca por la Copa Libertadores"}]},{"@type":"WebSite","@id":"https:\/\/lobosnews.com.ar\/#website","url":"https:\/\/lobosnews.com.ar\/","name":"Lobos News","description":"Informaci\u00f3n a cada instante","publisher":{"@id":"https:\/\/lobosnews.com.ar\/#organization"},"potentialAction":[{"@type":"SearchAction","target":{"@type":"EntryPoint","urlTemplate":"https:\/\/lobosnews.com.ar\/?s={search_term_string}"},"query-input":{"@type":"PropertyValueSpecification","valueRequired":true,"valueName":"search_term_string"}}],"inLanguage":"es"},{"@type":"Organization","@id":"https:\/\/lobosnews.com.ar\/#organization","name":"Lobos News","url":"https:\/\/lobosnews.com.ar\/","logo":{"@type":"ImageObject","inLanguage":"es","@id":"https:\/\/lobosnews.com.ar\/#\/schema\/logo\/image\/","url":"https:\/\/lobosnews.com.ar\/wp-content\/uploads\/2026\/01\/logo-lobosnews.png","contentUrl":"https:\/\/lobosnews.com.ar\/wp-content\/uploads\/2026\/01\/logo-lobosnews.png","width":500,"height":200,"caption":"Lobos News"},"image":{"@id":"https:\/\/lobosnews.com.ar\/#\/schema\/logo\/image\/"}},{"@type":"Person","@id":"https:\/\/lobosnews.com.ar\/#\/schema\/person\/232422a593d5c541dd9aef6aaed10943","name":"admin","image":{"@type":"ImageObject","inLanguage":"es","@id":"https:\/\/lobosnews.com.ar\/#\/schema\/person\/image\/","url":"https:\/\/secure.gravatar.com\/avatar\/76e419471a2083bc3ceab22a763dbbf9b0c1bd15a6214cf3280e2c2dde4580f9?s=96&d=mm&r=g","contentUrl":"https:\/\/secure.gravatar.com\/avatar\/76e419471a2083bc3ceab22a763dbbf9b0c1bd15a6214cf3280e2c2dde4580f9?s=96&d=mm&r=g","caption":"admin"},"sameAs":["https:\/\/lobosnews.com.ar"],"url":"https:\/\/lobosnews.com.ar\/index.php\/author\/lobos-news\/"}]}},"jetpack_featured_media_url":"","jetpack_sharing_enabled":true,"_links":{"self":[{"href":"https:\/\/lobosnews.com.ar\/index.php\/wp-json\/wp\/v2\/posts\/47074","targetHints":{"allow":["GET"]}}],"collection":[{"href":"https:\/\/lobosnews.com.ar\/index.php\/wp-json\/wp\/v2\/posts"}],"about":[{"href":"https:\/\/lobosnews.com.ar\/index.php\/wp-json\/wp\/v2\/types\/post"}],"author":[{"embeddable":true,"href":"https:\/\/lobosnews.com.ar\/index.php\/wp-json\/wp\/v2\/users\/1"}],"replies":[{"embeddable":true,"href":"https:\/\/lobosnews.com.ar\/index.php\/wp-json\/wp\/v2\/comments?post=47074"}],"version-history":[{"count":1,"href":"https:\/\/lobosnews.com.ar\/index.php\/wp-json\/wp\/v2\/posts\/47074\/revisions"}],"predecessor-version":[{"id":47076,"href":"https:\/\/lobosnews.com.ar\/index.php\/wp-json\/wp\/v2\/posts\/47074\/revisions\/47076"}],"wp:attachment":[{"href":"https:\/\/lobosnews.com.ar\/index.php\/wp-json\/wp\/v2\/media?parent=47074"}],"wp:term":[{"taxonomy":"category","embeddable":true,"href":"https:\/\/lobosnews.com.ar\/index.php\/wp-json\/wp\/v2\/categories?post=47074"},{"taxonomy":"post_tag","embeddable":true,"href":"https:\/\/lobosnews.com.ar\/index.php\/wp-json\/wp\/v2\/tags?post=47074"}],"curies":[{"name":"wp","href":"https:\/\/api.w.org\/{rel}","templated":true}]}}