{"id":47028,"date":"2026-04-29T05:00:00","date_gmt":"2026-04-29T05:00:00","guid":{"rendered":"https:\/\/lobosnews.com.ar\/index.php\/2026\/04\/29\/alertan-por-la-caida-de-la-vacunacion-en-las-americas-y-preocupa-la-reaparicion-de-enfermedades-prevenibles\/"},"modified":"2026-04-29T09:02:01","modified_gmt":"2026-04-29T09:02:01","slug":"alertan-por-la-caida-de-la-vacunacion-en-las-americas-y-preocupa-la-reaparicion-de-enfermedades-prevenibles","status":"publish","type":"post","link":"https:\/\/lobosnews.com.ar\/index.php\/2026\/04\/29\/alertan-por-la-caida-de-la-vacunacion-en-las-americas-y-preocupa-la-reaparicion-de-enfermedades-prevenibles\/","title":{"rendered":"Alertan por la ca\u00edda de la vacunaci\u00f3n en las Am\u00e9ricas y preocupa la reaparici\u00f3n de enfermedades prevenibles"},"content":{"rendered":"<p><img fetchpriority=\"high\" decoding=\"async\" src=\"https:\/\/lobosnews.com.ar\/wp-content\/uploads\/2026\/04\/alertan-por-la-caida-de-la-vacunacion-en-las-americas-y-preocupa-la-reaparicion-de-enfermedades-prevenibles.jpg\" alt=\"En 2024 m\u00e1s de 1,4 millones de ni\u00f1os en Am\u00e9rica no recibieron la vacuna contra difteria tos convulsa y t\u00e9tanos lo que representa un riesgo regional\n(Visuales IA)\" height=\"683\" width=\"1408\"\/><\/p>\n<p>La regi\u00f3n de las Am\u00e9ricas atraviesa una situaci\u00f3n cr\u00edtica en materia de vacunaci\u00f3n, con <b>un repunte de enfermedades prevenibles<\/b> y una ca\u00edda sostenida en las coberturas de inmunizaci\u00f3n en varios pa\u00edses, seg\u00fan advirtieron organismos internacionales y expertos regionales. <\/p>\n<p>Durante la <b>24\u00aa Semana de la Vacunaci\u00f3n de las Am\u00e9ricas, <\/b>autoridades y especialistas lanzaron una advertencia sin precedentes: la reaparici\u00f3n de brotes de <b>sarampi\u00f3n, tos convulsa y otras enfermedades infecciosas <\/b>amenaza con revertir d\u00e9cadas de avances sanitarios, justo cuando la regi\u00f3n se prepara para albergar grandes eventos deportivos que incrementar\u00e1n la circulaci\u00f3n internacional de personas y, con ello, el riesgo de transmisi\u00f3n de pat\u00f3genos.<\/p>\n<p>El fen\u00f3meno de los \u201cni\u00f1os cero dosis\u201d pone en jaque los esfuerzos de inmunizaci\u00f3n. Seg\u00fan datos de la <b>Organizaci\u00f3n Mundial de la Salud (OMS)<\/b> y el <b>Fondo de las Naciones Unidas para la Infancia (UNICEF)<\/b>, en 2024 <b>1.465.000 ni\u00f1os en Am\u00e9rica no recibieron la vacuna contra difteria, tos convulsa y t\u00e9tanos<\/b>. <\/p>\n<p><img loading=\"lazy\" decoding=\"async\" src=\"https:\/\/lobosnews.com.ar\/wp-content\/uploads\/2026\/04\/alertan-por-la-caida-de-la-vacunacion-en-las-americas-y-preocupa-la-reaparicion-de-enfermedades-prevenibles-1.jpg\" alt=\"El sarampi\u00f3n registr\u00f3 m\u00e1s de 15 mil casos en las Am\u00e9ricas en los primeros meses de 2026 superando el total de todo el a\u00f1o anterior (Imagen Ilustrativa Infobae)\" height=\"768\" width=\"1408\"\/><\/p>\n<p>Esta cifra equivale a m\u00e1s de 17 estadios de f\u00fatbol completos de menores sin protecci\u00f3n, seg\u00fan explic\u00f3 <b>Leticia Belmont<\/b>, presidenta de la Academia Mexicana de Pediatr\u00eda, durante un seminario de vacunas en el que estuvo presente <b>Infobae<\/b>. <\/p>\n<p>\u201c<b>En un a\u00f1o donde hemos visto el resurgimiento de enfermedades como sarampi\u00f3n o tos convulsa<\/b>, y en v\u00edsperas de tener estadios llenos de aficionados de todo el mundo, la mejor jugada es cumplir con los programas de vacunaci\u00f3n y elevar las tasas de cobertura para evitar que las enfermedades sean los invitados no deseados de los eventos deportivos del a\u00f1o\u201d, se\u00f1al\u00f3 la experta.<\/p>\n<p>El impacto de la vacunaci\u00f3n en la salud p\u00fablica resulta indiscutible. En medio siglo, la inmunizaci\u00f3n infantil evit\u00f3 aproximadamente <b>15 millones de muertes en ni\u00f1os menores de 5 a\u00f1os<\/b>, m\u00e1s de 1.100 millones de casos de discapacidad y cerca de 28.400 millones de episodios de enfermedad solo en las Am\u00e9ricas, de acuerdo con la <b>Organizaci\u00f3n Panamericana de la Salud (OPS)<\/b>. <\/p>\n<p><img loading=\"lazy\" decoding=\"async\" src=\"https:\/\/lobosnews.com.ar\/wp-content\/uploads\/2026\/04\/alertan-por-la-caida-de-la-vacunacion-en-las-americas-y-preocupa-la-reaparicion-de-enfermedades-prevenibles-2.jpg\" alt=\"M\u00e1s de 1.4 millones de ni\u00f1os en Am\u00e9rica no recibieron vacunas esenciales en 2024, lo que genera brotes de sarampi\u00f3n y tos convulsa, revirtiendo avances en salud p\u00fablica. (Imagen Ilustrativa Infobae)\" height=\"2752\" width=\"1536\"\/><\/p>\n<p>Sin embargo, la ca\u00edda de las tasas de cobertura compromete la inmunidad colectiva y abre la puerta a la reemergencia de patolog\u00edas que la regi\u00f3n hab\u00eda logrado controlar o eliminar.<\/p>\n<h2>Un rebrote inesperado: la amenaza del sarampi\u00f3n y la tos convulsa<\/h2>\n<p>El <b>sarampi\u00f3n<\/b>, considerada una de las enfermedades m\u00e1s contagiosas, volvi\u00f3 a poner en alerta a la regi\u00f3n. La OPS notific\u00f3 que en 2025 se registraron <b>14.767 casos confirmados en 13 pa\u00edses<\/b>, casi 32 veces m\u00e1s que en 2024. <\/p>\n<p>La tendencia se mantiene en 2026: hasta el 5 de abril, ya se reportaron m\u00e1s de 15.300 casos, una cifra que supera el total del a\u00f1o anterior. <\/p>\n<p><img loading=\"lazy\" decoding=\"async\" src=\"https:\/\/lobosnews.com.ar\/wp-content\/uploads\/2026\/04\/alertan-por-la-caida-de-la-vacunacion-en-las-americas-y-preocupa-la-reaparicion-de-enfermedades-prevenibles-3.jpg\" alt=\"Una vista de cerca muestra el sarpullido rojizo caracter\u00edstico del sarampi\u00f3n en el torso de un ni\u00f1o, un s\u00edntoma clave de esta enfermedad altamente contagiosa. (Imagen Ilustrativa Infobae)\" height=\"768\" width=\"1408\"\/><\/p>\n<p>El director de la OPS, <b>Jarbas Barbosa<\/b>, afirm\u00f3 que \u201c<b>la reemergencia del sarampi\u00f3n en las Am\u00e9ricas es un retroceso importante, <\/b>pero completamente reversible, que exige una acci\u00f3n decidida\u201d. El organismo advirti\u00f3 que el 93% de las personas infectadas no estaban vacunadas y que alrededor del 13% requiri\u00f3 hospitalizaci\u00f3n.<\/p>\n<p>El sarampi\u00f3n no es una enfermedad leve y puede provocar complicaciones como neumon\u00eda, encefalitis y ceguera, adem\u00e1s de la muerte.<b> Entre 2025 y el primer trimestre de 2026, se notificaron 43 muertes asociadas a esta infecci\u00f3n en la regi\u00f3n.<\/b> <\/p>\n<p>La OPS subraya que mantener la eliminaci\u00f3n del sarampi\u00f3n exige coberturas superiores al <b>95% con dos dosis de vacuna<\/b>. \u201cUn solo caso puede desencadenar un brote si no alcanzamos estos niveles de protecci\u00f3n\u201d, advirti\u00f3 Barbosa.<\/p>\n<p><img loading=\"lazy\" decoding=\"async\" src=\"https:\/\/lobosnews.com.ar\/wp-content\/uploads\/2026\/04\/alertan-por-la-caida-de-la-vacunacion-en-las-americas-y-preocupa-la-reaparicion-de-enfermedades-prevenibles-4.jpg\" alt=\"La vacunaci\u00f3n infantil evit\u00f3 15 millones de muertes en menores de 5 a\u00f1os en las Am\u00e9ricas entre 1974 y 2024 seg\u00fan la OPS (Imagen Ilustrativa Infobae)\" height=\"768\" width=\"1408\"\/><\/p>\n<p>En paralelo, la <b>tos convulsa<\/b> o pertussis mostr\u00f3 un crecimiento alarmante. La OPS inform\u00f3 que los casos en la regi\u00f3n aumentaron en un <b>490% en un a\u00f1o<\/b>, pasando de 11.202 en 2023 a 66.184 en 2024. <\/p>\n<p>Para <b>Argentina<\/b>, <b>2025 fue el a\u00f1o con mayor cantidad de casos de coqueluche y la tasa de incidencia m\u00e1s alta desde 2020, con 6.830 casos sospechosos y m\u00e1s de 1.200 confirmados,<\/b> adem\u00e1s de 11 muertes, todas en menores de 2 a\u00f1os. El bolet\u00edn epidemiol\u00f3gico nacional report\u00f3 que en las primeras 11 semanas de 2026 se notificaron 824 casos sospechosos y 252 confirmados.<\/p>\n<p>El presidente del Consejo Nacional de Pr\u00e1ctica de Inmunizaciones de Guatemala, <b>Herberth Maldonado<\/b>, advirti\u00f3 que \u201c<b>estamos en un momento clave para evitar que la tos convulsa siga afectando a los lactantes menores de un a\u00f1o,<\/b> as\u00ed como contrarrestar el riesgo de otras enfermedades a trav\u00e9s de asegurar esquemas de vacunaci\u00f3n completos en ni\u00f1os menores de 5 a\u00f1os\u201d.<\/p>\n<p><img loading=\"lazy\" decoding=\"async\" src=\"https:\/\/lobosnews.com.ar\/wp-content\/uploads\/2026\/04\/alertan-por-la-caida-de-la-vacunacion-en-las-americas-y-preocupa-la-reaparicion-de-enfermedades-prevenibles-5.jpg\" alt=\"Los anticuerpos monoclonales permitieron reducir hasta un 80 por ciento las hospitalizaciones por virus sincicial respiratorio en Chile\n. (Imagen Ilustrativa Infobae)\" height=\"720\" width=\"1280\"\/><\/p>\n<p>El fen\u00f3meno no se limita a la infancia. En Argentina, la vacunaci\u00f3n contra el<b> Virus del Papiloma Humano (VPH),<\/b> esencial para prevenir distintos tipos de c\u00e1ncer, mostr\u00f3 coberturas del 55,5% en mujeres y 50,9% en varones en 2024, cifras lejanas al umbral recomendado del 95% por organismos internacionales.<\/p>\n<h2>Innovaci\u00f3n y estrategias para recuperar terreno<\/h2>\n<p>La <b>vacunaci\u00f3n<\/b> se reconoce como una de las intervenciones <b>m\u00e1s efectivas en salud p\u00fablica, capaz de evitar entre 3,5 y 5 millones de muertes al a\u00f1o<\/b> por enfermedades como difteria, t\u00e9tanos, coqueluche, gripe y sarampi\u00f3n, seg\u00fan la <b>OMS<\/b> y la <b>OPS<\/b>. Ambas organizaciones insisten en la urgencia de cerrar las brechas de acceso, alcanzar a las poblaciones no vacunadas y reforzar los programas nacionales de inmunizaci\u00f3n para mantener coberturas superiores al 90%.<\/p>\n<p>La ciencia aport\u00f3 nuevas herramientas para enfrentar este desaf\u00edo. Destacan las <b>vacunas combinadas<\/b>, especialmente las hexavalentes, que protegen contra seis enfermedades graves en una sola aplicaci\u00f3n y simplifican los esquemas de vacunaci\u00f3n.<b> Estas vacunas permiten reducir el n\u00famero de inyecciones y visitas m\u00e9dicas<\/b>, mejoran la adherencia y presentan un perfil elevado de inmunogenicidad y seguridad. <\/p>\n<p><img loading=\"lazy\" decoding=\"async\" src=\"https:\/\/lobosnews.com.ar\/wp-content\/uploads\/2026\/04\/alertan-por-la-caida-de-la-vacunacion-en-las-americas-y-preocupa-la-reaparicion-de-enfermedades-prevenibles-6.jpg\" alt=\"Expertos destacan la importancia de combatir la desinformaci\u00f3n y fortalecer la cooperaci\u00f3n regional para recuperar coberturas y evitar el colapso sanitario por enfermedades prevenibles (Imagen Ilustrativa Infobae)\" height=\"768\" width=\"1408\"\/><\/p>\n<p>La evidencia demuestra que su uso disminuye las reacciones locales y puede coadministrarse con otras vacunas, adem\u00e1s de mostrar alta eficacia en la prevenci\u00f3n de la tos ferina. La vacunaci\u00f3n durante el embarazo surge como la estrategia m\u00e1s efectiva para proteger a los lactantes en sus primeros meses de vida.<\/p>\n<p>La prevenci\u00f3n de infecciones respiratorias se volvi\u00f3 prioritaria, especialmente ante la llegada del oto\u00f1o en el hemisferio sur. El virus sincicial respiratorio (VSR), que provoca cerca de <b>100.000 muertes y m\u00e1s de 3,6 millones de hospitalizaciones en ni\u00f1os menores de 5 a\u00f1os en el mundo<\/b>, motiv\u00f3 la adopci\u00f3n de dos estrategias recomendadas por la <b>OMS<\/b>: la vacuna materna aplicada durante el embarazo y el anticuerpo monoclonal de larga duraci\u00f3n para lactantes. <\/p>\n<p>En 2024, <b>Chile<\/b> se convirti\u00f3 en el primer pa\u00eds del hemisferio sur en implementar de forma universal el anticuerpo monoclonal en reci\u00e9n nacidos y lactantes, con resultados contundentes. <\/p>\n<p>El presidente de la Sociedad Latinoamericana de Infectolog\u00eda Pedi\u00e1trica (SLIPE), <b>Juan Pablo Torres<\/b>, detall\u00f3: \u201cLos resultados con nirsevimab fueron contundentes: las hospitalizaciones por VSR disminuyeron un 76\u201380% y las admisiones a Unidad de Cuidados Intensivos se redujeron cerca de un 85%, con 0 muertes en beb\u00e9s inmunizados durante la temporada, un resultado que representa un avance hist\u00f3rico\u201d.<\/p>\n<p><img loading=\"lazy\" decoding=\"async\" src=\"https:\/\/lobosnews.com.ar\/wp-content\/uploads\/2026\/04\/alertan-por-la-caida-de-la-vacunacion-en-las-americas-y-preocupa-la-reaparicion-de-enfermedades-prevenibles-7.jpg\" alt=\"Solo la mitad de los ni\u00f1os de 5 a\u00f1os en Argentina ten\u00eda las vacunas completas para el ingreso escolar en 2024 seg\u00fan la SAP (Imagen Ilustrativa Infobae)\" height=\"768\" width=\"1408\"\/><\/p>\n<p>El pediatra y neonat\u00f3logo <b>Nestor Vain<\/b>, jefe de Neonatolog\u00eda y Pediatr\u00eda de los Sanatorios de la Trinidad Palermo y Ramos Mej\u00eda, record\u00f3 que \u201cdurante el invierno, en las salas de neonatolog\u00eda vemos c\u00f3mo el virus sincicial respiratorio afecta a los beb\u00e9s, la mayor\u00eda de ellos sanos y nacidos a t\u00e9rmino. Cada internaci\u00f3n genera preocupaci\u00f3n y angustia en las familias y, como pediatras y neonat\u00f3logos, sabemos que muchos de estos cuadros graves pueden prevenirse si actuamos a tiempo\u201d.<\/p>\n<p>\u201cHoy contamos con herramientas de prevenci\u00f3n y medidas de inmunizaci\u00f3n que nos permiten anticiparnos y proteger a todos los beb\u00e9s menores de un a\u00f1o desde su nacimiento para reducir el riesgo de hospitalizaciones durante la temporada invernal. Por eso es fundamental que las familias se informen y consulten las estrategias para proteger a los beb\u00e9s contra el VSR\u201d, agreg\u00f3.<\/p>\n<p>En Argentina, la ca\u00edda de la vacunaci\u00f3n tuvo su correlato en el aumento de casos de hepatitis A, que se cuadruplicaron hasta la sexta semana epidemiol\u00f3gica de 2026 respecto a los a\u00f1os previos. La <b>Sociedad Argentina de Pediatr\u00eda (SAP)<\/b> alert\u00f3 que solo la mitad de los ni\u00f1os de 5 a\u00f1os contaba en 2024 con las vacunas completas requeridas para el ingreso escolar, y uno de cada tres no recibi\u00f3 el refuerzo de la vacuna qu\u00edntuple o pentavalente de los 15 meses. En relaci\u00f3n a las vacunas recomendadas durante el embarazo, la cobertura de la dTpa y la vacuna contra el VSR alcanz\u00f3 en 2025 el 77% y el 65% respectivamente, por debajo del umbral recomendado.<\/p>\n<p><img loading=\"lazy\" decoding=\"async\" src=\"https:\/\/lobosnews.com.ar\/wp-content\/uploads\/2026\/04\/alertan-por-la-caida-de-la-vacunacion-en-las-americas-y-preocupa-la-reaparicion-de-enfermedades-prevenibles-8.jpg\" alt=\"La vacunaci\u00f3n durante el embarazo protege a los reci\u00e9n nacidos frente a tos convulsa y virus sincicial respiratorio seg\u00fan especialistas |( Cr\u00e9dito: Jovani P\u00e9rez\/Infobae M\u00e9xico)\" height=\"1080\" width=\"1920\"\/><\/p>\n<p>La infect\u00f3loga y prosecretaria del Comit\u00e9 de Infectolog\u00eda de la SAP, <b>Alejandra Gaiano<\/b>, subray\u00f3 que \u201cla ca\u00edda de las coberturas de vacunaci\u00f3n no es un dato menor: implica que estamos perdiendo una de las principales barreras de protecci\u00f3n frente a enfermedades graves. Cuando baja la vacunaci\u00f3n, aumenta el riesgo de brotes\u201d. <\/p>\n<p>Por su parte, la secretaria del Comit\u00e9 de Infectolog\u00eda de la SAP, <b>Marianela Borra<\/b>, record\u00f3: \u201cLa vacunaci\u00f3n no solo protege a quien recibe la dosis, sino tambi\u00e9n a quienes no pueden vacunarse, como los reci\u00e9n nacidos o personas inmunocomprometidas. Cuando las coberturas bajan, toda la comunidad queda expuesta\u201d.<\/p>\n<p>Especialistas consideran que la desinformaci\u00f3n constituye uno de los principales desaf\u00edos actuales. <b>Guadalupe P\u00e9rez<\/b>, pediatra y prosecretaria del Comit\u00e9 de Epidemiolog\u00eda de la SAP, sostuvo que \u201cexiste abundante evidencia cient\u00edfica que respalda la seguridad y eficacia de las vacunas, acumulada durante d\u00e9cadas de estudios cient\u00edficos s\u00f3lidos provenientes de m\u00faltiples disciplinas a nivel global y de una vigilancia sostenida. Es fundamental que la poblaci\u00f3n acceda a informaci\u00f3n confiable y consulte con profesionales de la salud. Las vacunas son seguras\u201d.<\/p>\n<p>El documento de la SAP insiste en que la Semana de la Vacunaci\u00f3n en las Am\u00e9ricas representa una oportunidad clave para reforzar el compromiso con la inmunizaci\u00f3n y adoptar una estrategia de vacunaci\u00f3n a lo largo de toda la vida, incluyendo adolescentes, adultos y personas gestantes.<\/p>\n<p><img loading=\"lazy\" decoding=\"async\" src=\"https:\/\/lobosnews.com.ar\/wp-content\/uploads\/2026\/04\/alertan-por-la-caida-de-la-vacunacion-en-las-americas-y-preocupa-la-reaparicion-de-enfermedades-prevenibles-9.jpg\" alt=\"En Argentina el refuerzo de la vacuna triple viral en ni\u00f1os de 5 a\u00f1os alcanz\u00f3 apenas el 46,7 por ciento en 2024\n(Jes\u00fas Tovar Sosa\/Infobae)\" height=\"1080\" width=\"1920\"\/><\/p>\n<p>La directora m\u00e9dica de Vacunas para Latinoam\u00e9rica en Sanofi, <b>Florencia Esquivel<\/b>, concluy\u00f3: \u201cRecuperar coberturas de vacunaci\u00f3n, cerrar brechas de \u2018dosis cero\u2019 e incorporar nuevas estrategias de inmunizaci\u00f3n como las vacunas combinadas y el anticuerpo monoclonal de larga duraci\u00f3n, es clave para evitar enfermedades prevenibles y disminuir el impacto en los sistemas de salud en toda Latinoam\u00e9rica. Con la movilidad internacional que se espera este 2026 por eventos deportivos en la regi\u00f3n, persigamos la verdadera victoria: proteger la salud y mejorar la vida de las personas\u201d.<\/p>\n<p>La respuesta regional se apoya en la cooperaci\u00f3n y el fortalecimiento de los sistemas de salud. La OPS facilita el acceso a vacunas a trav\u00e9s de sus Fondos Rotatorios, que en 2025 permitieron adquirir 234 millones de dosis con ahorros cercanos al 50%. <\/p>\n<p>El compromiso de las autoridades sanitarias y la sociedad resulta determinante para revertir la actual tendencia y evitar que las enfermedades prevenibles por vacunaci\u00f3n vuelvan a convertirse en una amenaza para la salud p\u00fablica.<\/p>\n","protected":false},"excerpt":{"rendered":"<p>La regi\u00f3n de las Am\u00e9ricas atraviesa una situaci\u00f3n cr\u00edtica en materia de vacunaci\u00f3n, con un repunte de enfermedades prevenibles y una ca\u00edda sostenida en las coberturas de inmunizaci\u00f3n en varios pa\u00edses, seg\u00fan advirtieron organismos internacionales y expertos regionales. Durante la 24\u00aa Semana de la Vacunaci\u00f3n de las Am\u00e9ricas, autoridades y especialistas lanzaron una advertencia sin&#8230;<\/p>\n","protected":false},"author":1,"featured_media":47040,"comment_status":"open","ping_status":"closed","sticky":false,"template":"","format":"standard","meta":{"_jetpack_memberships_contains_paid_content":false,"footnotes":""},"categories":[81],"tags":[],"class_list":["post-47028","post","type-post","status-publish","format-standard","has-post-thumbnail","hentry","category-salud"],"magazineBlocksPostFeaturedMedia":{"thumbnail":"https:\/\/lobosnews.com.ar\/wp-content\/uploads\/2026\/04\/alertan-por-la-caida-de-la-vacunacion-en-las-americas-y-preocupa-la-reaparicion-de-enfermedades-prevenibles-18-150x150.jpg","medium":"https:\/\/lobosnews.com.ar\/wp-content\/uploads\/2026\/04\/alertan-por-la-caida-de-la-vacunacion-en-las-americas-y-preocupa-la-reaparicion-de-enfermedades-prevenibles-18-300x169.jpg","medium_large":"https:\/\/lobosnews.com.ar\/wp-content\/uploads\/2026\/04\/alertan-por-la-caida-de-la-vacunacion-en-las-americas-y-preocupa-la-reaparicion-de-enfermedades-prevenibles-18-768x432.jpg","large":"https:\/\/lobosnews.com.ar\/wp-content\/uploads\/2026\/04\/alertan-por-la-caida-de-la-vacunacion-en-las-americas-y-preocupa-la-reaparicion-de-enfermedades-prevenibles-18-1024x576.jpg","1536x1536":"https:\/\/lobosnews.com.ar\/wp-content\/uploads\/2026\/04\/alertan-por-la-caida-de-la-vacunacion-en-las-americas-y-preocupa-la-reaparicion-de-enfermedades-prevenibles-18-1536x864.jpg","2048x2048":"https:\/\/lobosnews.com.ar\/wp-content\/uploads\/2026\/04\/alertan-por-la-caida-de-la-vacunacion-en-las-americas-y-preocupa-la-reaparicion-de-enfermedades-prevenibles-18.jpg","newsmatic-featured":"https:\/\/lobosnews.com.ar\/wp-content\/uploads\/2026\/04\/alertan-por-la-caida-de-la-vacunacion-en-las-americas-y-preocupa-la-reaparicion-de-enfermedades-prevenibles-18-820x545.jpg","newsmatic-list":"https:\/\/lobosnews.com.ar\/wp-content\/uploads\/2026\/04\/alertan-por-la-caida-de-la-vacunacion-en-las-americas-y-preocupa-la-reaparicion-de-enfermedades-prevenibles-18-600x400.jpg","newsmatic-thumb":"https:\/\/lobosnews.com.ar\/wp-content\/uploads\/2026\/04\/alertan-por-la-caida-de-la-vacunacion-en-las-americas-y-preocupa-la-reaparicion-de-enfermedades-prevenibles-18-300x200.jpg","newsmatic-small":"https:\/\/lobosnews.com.ar\/wp-content\/uploads\/2026\/04\/alertan-por-la-caida-de-la-vacunacion-en-las-americas-y-preocupa-la-reaparicion-de-enfermedades-prevenibles-18-150x95.jpg","newsmatic-grid":"https:\/\/lobosnews.com.ar\/wp-content\/uploads\/2026\/04\/alertan-por-la-caida-de-la-vacunacion-en-las-americas-y-preocupa-la-reaparicion-de-enfermedades-prevenibles-18-400x250.jpg"},"magazineBlocksPostAuthor":{"name":"admin","avatar":"https:\/\/secure.gravatar.com\/avatar\/76e419471a2083bc3ceab22a763dbbf9b0c1bd15a6214cf3280e2c2dde4580f9?s=96&d=mm&r=g"},"magazineBlocksPostCommentsNumber":"0","magazineBlocksPostExcerpt":"La regi\u00f3n de las Am\u00e9ricas atraviesa una situaci\u00f3n cr\u00edtica en materia de vacunaci\u00f3n, con un repunte de enfermedades prevenibles y una ca\u00edda sostenida en las coberturas de inmunizaci\u00f3n en varios pa\u00edses, seg\u00fan advirtieron organismos internacionales y expertos regionales. Durante la 24\u00aa Semana de la Vacunaci\u00f3n de las Am\u00e9ricas, autoridades y especialistas lanzaron una advertencia sin...","magazineBlocksPostCategories":["Salud"],"magazineBlocksPostViewCount":5,"magazineBlocksPostReadTime":10,"magazine_blocks_featured_image_url":{"full":["https:\/\/lobosnews.com.ar\/wp-content\/uploads\/2026\/04\/alertan-por-la-caida-de-la-vacunacion-en-las-americas-y-preocupa-la-reaparicion-de-enfermedades-prevenibles-18.jpg",1920,1080,false],"medium":["https:\/\/lobosnews.com.ar\/wp-content\/uploads\/2026\/04\/alertan-por-la-caida-de-la-vacunacion-en-las-americas-y-preocupa-la-reaparicion-de-enfermedades-prevenibles-18-300x169.jpg",300,169,true],"thumbnail":["https:\/\/lobosnews.com.ar\/wp-content\/uploads\/2026\/04\/alertan-por-la-caida-de-la-vacunacion-en-las-americas-y-preocupa-la-reaparicion-de-enfermedades-prevenibles-18-150x150.jpg",150,150,true]},"magazine_blocks_author":{"display_name":"admin","author_link":"https:\/\/lobosnews.com.ar\/index.php\/author\/lobos-news\/"},"magazine_blocks_comment":0,"magazine_blocks_author_image":"https:\/\/secure.gravatar.com\/avatar\/76e419471a2083bc3ceab22a763dbbf9b0c1bd15a6214cf3280e2c2dde4580f9?s=96&d=mm&r=g","magazine_blocks_category":"<a href=\"#\" class=\"category-link category-link-81\">Salud<\/a>","yoast_head":"<!-- This site is optimized with the Yoast SEO plugin v26.6 - https:\/\/yoast.com\/wordpress\/plugins\/seo\/ -->\n<title>Alertan por la ca\u00edda de la vacunaci\u00f3n en las Am\u00e9ricas y preocupa la reaparici\u00f3n de enfermedades prevenibles - Lobos News<\/title>\n<meta name=\"robots\" content=\"index, follow, max-snippet:-1, max-image-preview:large, max-video-preview:-1\" \/>\n<link rel=\"canonical\" href=\"https:\/\/lobosnews.com.ar\/index.php\/2026\/04\/29\/alertan-por-la-caida-de-la-vacunacion-en-las-americas-y-preocupa-la-reaparicion-de-enfermedades-prevenibles\/\" \/>\n<meta property=\"og:locale\" content=\"es_ES\" \/>\n<meta property=\"og:type\" content=\"article\" \/>\n<meta property=\"og:title\" content=\"Alertan por la ca\u00edda de la vacunaci\u00f3n en las Am\u00e9ricas y preocupa la reaparici\u00f3n de enfermedades prevenibles - Lobos News\" \/>\n<meta property=\"og:description\" content=\"La regi\u00f3n de las Am\u00e9ricas atraviesa una situaci\u00f3n cr\u00edtica en materia de vacunaci\u00f3n, con un repunte de enfermedades prevenibles y una ca\u00edda sostenida en las coberturas de inmunizaci\u00f3n en varios pa\u00edses, seg\u00fan advirtieron organismos internacionales y expertos regionales. Durante la 24\u00aa Semana de la Vacunaci\u00f3n de las Am\u00e9ricas, autoridades y especialistas lanzaron una advertencia sin...\" \/>\n<meta property=\"og:url\" content=\"https:\/\/lobosnews.com.ar\/index.php\/2026\/04\/29\/alertan-por-la-caida-de-la-vacunacion-en-las-americas-y-preocupa-la-reaparicion-de-enfermedades-prevenibles\/\" \/>\n<meta property=\"og:site_name\" content=\"Lobos News\" \/>\n<meta property=\"article:published_time\" content=\"2026-04-29T05:00:00+00:00\" \/>\n<meta property=\"article:modified_time\" content=\"2026-04-29T09:02:01+00:00\" \/>\n<meta property=\"og:image\" content=\"https:\/\/lobosnews.com.ar\/wp-content\/uploads\/2026\/04\/alertan-por-la-caida-de-la-vacunacion-en-las-americas-y-preocupa-la-reaparicion-de-enfermedades-prevenibles.jpg\" \/>\n<meta name=\"author\" content=\"admin\" \/>\n<meta name=\"twitter:card\" content=\"summary_large_image\" \/>\n<meta name=\"twitter:label1\" content=\"Escrito por\" \/>\n\t<meta name=\"twitter:data1\" content=\"admin\" \/>\n\t<meta name=\"twitter:label2\" content=\"Tiempo de lectura\" \/>\n\t<meta name=\"twitter:data2\" content=\"9 minutos\" \/>\n<script type=\"application\/ld+json\" class=\"yoast-schema-graph\">{\"@context\":\"https:\/\/schema.org\",\"@graph\":[{\"@type\":\"Article\",\"@id\":\"https:\/\/lobosnews.com.ar\/index.php\/2026\/04\/29\/alertan-por-la-caida-de-la-vacunacion-en-las-americas-y-preocupa-la-reaparicion-de-enfermedades-prevenibles\/#article\",\"isPartOf\":{\"@id\":\"https:\/\/lobosnews.com.ar\/index.php\/2026\/04\/29\/alertan-por-la-caida-de-la-vacunacion-en-las-americas-y-preocupa-la-reaparicion-de-enfermedades-prevenibles\/\"},\"author\":{\"name\":\"admin\",\"@id\":\"https:\/\/lobosnews.com.ar\/#\/schema\/person\/232422a593d5c541dd9aef6aaed10943\"},\"headline\":\"Alertan por la ca\u00edda de la vacunaci\u00f3n en las Am\u00e9ricas y preocupa la reaparici\u00f3n de enfermedades prevenibles\",\"datePublished\":\"2026-04-29T05:00:00+00:00\",\"dateModified\":\"2026-04-29T09:02:01+00:00\",\"mainEntityOfPage\":{\"@id\":\"https:\/\/lobosnews.com.ar\/index.php\/2026\/04\/29\/alertan-por-la-caida-de-la-vacunacion-en-las-americas-y-preocupa-la-reaparicion-de-enfermedades-prevenibles\/\"},\"wordCount\":1858,\"commentCount\":0,\"publisher\":{\"@id\":\"https:\/\/lobosnews.com.ar\/#organization\"},\"image\":{\"@id\":\"https:\/\/lobosnews.com.ar\/index.php\/2026\/04\/29\/alertan-por-la-caida-de-la-vacunacion-en-las-americas-y-preocupa-la-reaparicion-de-enfermedades-prevenibles\/#primaryimage\"},\"thumbnailUrl\":\"https:\/\/lobosnews.com.ar\/wp-content\/uploads\/2026\/04\/alertan-por-la-caida-de-la-vacunacion-en-las-americas-y-preocupa-la-reaparicion-de-enfermedades-prevenibles-18.jpg\",\"articleSection\":[\"Salud\"],\"inLanguage\":\"es\",\"potentialAction\":[{\"@type\":\"CommentAction\",\"name\":\"Comment\",\"target\":[\"https:\/\/lobosnews.com.ar\/index.php\/2026\/04\/29\/alertan-por-la-caida-de-la-vacunacion-en-las-americas-y-preocupa-la-reaparicion-de-enfermedades-prevenibles\/#respond\"]}]},{\"@type\":\"WebPage\",\"@id\":\"https:\/\/lobosnews.com.ar\/index.php\/2026\/04\/29\/alertan-por-la-caida-de-la-vacunacion-en-las-americas-y-preocupa-la-reaparicion-de-enfermedades-prevenibles\/\",\"url\":\"https:\/\/lobosnews.com.ar\/index.php\/2026\/04\/29\/alertan-por-la-caida-de-la-vacunacion-en-las-americas-y-preocupa-la-reaparicion-de-enfermedades-prevenibles\/\",\"name\":\"Alertan por la ca\u00edda de la vacunaci\u00f3n en las Am\u00e9ricas y preocupa la reaparici\u00f3n de enfermedades prevenibles - Lobos News\",\"isPartOf\":{\"@id\":\"https:\/\/lobosnews.com.ar\/#website\"},\"primaryImageOfPage\":{\"@id\":\"https:\/\/lobosnews.com.ar\/index.php\/2026\/04\/29\/alertan-por-la-caida-de-la-vacunacion-en-las-americas-y-preocupa-la-reaparicion-de-enfermedades-prevenibles\/#primaryimage\"},\"image\":{\"@id\":\"https:\/\/lobosnews.com.ar\/index.php\/2026\/04\/29\/alertan-por-la-caida-de-la-vacunacion-en-las-americas-y-preocupa-la-reaparicion-de-enfermedades-prevenibles\/#primaryimage\"},\"thumbnailUrl\":\"https:\/\/lobosnews.com.ar\/wp-content\/uploads\/2026\/04\/alertan-por-la-caida-de-la-vacunacion-en-las-americas-y-preocupa-la-reaparicion-de-enfermedades-prevenibles-18.jpg\",\"datePublished\":\"2026-04-29T05:00:00+00:00\",\"dateModified\":\"2026-04-29T09:02:01+00:00\",\"breadcrumb\":{\"@id\":\"https:\/\/lobosnews.com.ar\/index.php\/2026\/04\/29\/alertan-por-la-caida-de-la-vacunacion-en-las-americas-y-preocupa-la-reaparicion-de-enfermedades-prevenibles\/#breadcrumb\"},\"inLanguage\":\"es\",\"potentialAction\":[{\"@type\":\"ReadAction\",\"target\":[\"https:\/\/lobosnews.com.ar\/index.php\/2026\/04\/29\/alertan-por-la-caida-de-la-vacunacion-en-las-americas-y-preocupa-la-reaparicion-de-enfermedades-prevenibles\/\"]}]},{\"@type\":\"ImageObject\",\"inLanguage\":\"es\",\"@id\":\"https:\/\/lobosnews.com.ar\/index.php\/2026\/04\/29\/alertan-por-la-caida-de-la-vacunacion-en-las-americas-y-preocupa-la-reaparicion-de-enfermedades-prevenibles\/#primaryimage\",\"url\":\"https:\/\/lobosnews.com.ar\/wp-content\/uploads\/2026\/04\/alertan-por-la-caida-de-la-vacunacion-en-las-americas-y-preocupa-la-reaparicion-de-enfermedades-prevenibles-18.jpg\",\"contentUrl\":\"https:\/\/lobosnews.com.ar\/wp-content\/uploads\/2026\/04\/alertan-por-la-caida-de-la-vacunacion-en-las-americas-y-preocupa-la-reaparicion-de-enfermedades-prevenibles-18.jpg\",\"width\":1920,\"height\":1080,\"caption\":\"Alertan por la ca\u00edda de la vacunaci\u00f3n en las Am\u00e9ricas y preocupa la reaparici\u00f3n de enfermedades prevenibles\"},{\"@type\":\"BreadcrumbList\",\"@id\":\"https:\/\/lobosnews.com.ar\/index.php\/2026\/04\/29\/alertan-por-la-caida-de-la-vacunacion-en-las-americas-y-preocupa-la-reaparicion-de-enfermedades-prevenibles\/#breadcrumb\",\"itemListElement\":[{\"@type\":\"ListItem\",\"position\":1,\"name\":\"Portada\",\"item\":\"https:\/\/lobosnews.com.ar\/\"},{\"@type\":\"ListItem\",\"position\":2,\"name\":\"Alertan por la ca\u00edda de la vacunaci\u00f3n en las Am\u00e9ricas y preocupa la reaparici\u00f3n de enfermedades prevenibles\"}]},{\"@type\":\"WebSite\",\"@id\":\"https:\/\/lobosnews.com.ar\/#website\",\"url\":\"https:\/\/lobosnews.com.ar\/\",\"name\":\"Lobos News\",\"description\":\"Informaci\u00f3n a cada instante\",\"publisher\":{\"@id\":\"https:\/\/lobosnews.com.ar\/#organization\"},\"potentialAction\":[{\"@type\":\"SearchAction\",\"target\":{\"@type\":\"EntryPoint\",\"urlTemplate\":\"https:\/\/lobosnews.com.ar\/?s={search_term_string}\"},\"query-input\":{\"@type\":\"PropertyValueSpecification\",\"valueRequired\":true,\"valueName\":\"search_term_string\"}}],\"inLanguage\":\"es\"},{\"@type\":\"Organization\",\"@id\":\"https:\/\/lobosnews.com.ar\/#organization\",\"name\":\"Lobos News\",\"url\":\"https:\/\/lobosnews.com.ar\/\",\"logo\":{\"@type\":\"ImageObject\",\"inLanguage\":\"es\",\"@id\":\"https:\/\/lobosnews.com.ar\/#\/schema\/logo\/image\/\",\"url\":\"https:\/\/lobosnews.com.ar\/wp-content\/uploads\/2026\/01\/logo-lobosnews.png\",\"contentUrl\":\"https:\/\/lobosnews.com.ar\/wp-content\/uploads\/2026\/01\/logo-lobosnews.png\",\"width\":500,\"height\":200,\"caption\":\"Lobos News\"},\"image\":{\"@id\":\"https:\/\/lobosnews.com.ar\/#\/schema\/logo\/image\/\"}},{\"@type\":\"Person\",\"@id\":\"https:\/\/lobosnews.com.ar\/#\/schema\/person\/232422a593d5c541dd9aef6aaed10943\",\"name\":\"admin\",\"image\":{\"@type\":\"ImageObject\",\"inLanguage\":\"es\",\"@id\":\"https:\/\/lobosnews.com.ar\/#\/schema\/person\/image\/\",\"url\":\"https:\/\/secure.gravatar.com\/avatar\/76e419471a2083bc3ceab22a763dbbf9b0c1bd15a6214cf3280e2c2dde4580f9?s=96&d=mm&r=g\",\"contentUrl\":\"https:\/\/secure.gravatar.com\/avatar\/76e419471a2083bc3ceab22a763dbbf9b0c1bd15a6214cf3280e2c2dde4580f9?s=96&d=mm&r=g\",\"caption\":\"admin\"},\"sameAs\":[\"https:\/\/lobosnews.com.ar\"],\"url\":\"https:\/\/lobosnews.com.ar\/index.php\/author\/lobos-news\/\"}]}<\/script>\n<!-- \/ Yoast SEO plugin. -->","yoast_head_json":{"title":"Alertan por la ca\u00edda de la vacunaci\u00f3n en las Am\u00e9ricas y preocupa la reaparici\u00f3n de enfermedades prevenibles - Lobos News","robots":{"index":"index","follow":"follow","max-snippet":"max-snippet:-1","max-image-preview":"max-image-preview:large","max-video-preview":"max-video-preview:-1"},"canonical":"https:\/\/lobosnews.com.ar\/index.php\/2026\/04\/29\/alertan-por-la-caida-de-la-vacunacion-en-las-americas-y-preocupa-la-reaparicion-de-enfermedades-prevenibles\/","og_locale":"es_ES","og_type":"article","og_title":"Alertan por la ca\u00edda de la vacunaci\u00f3n en las Am\u00e9ricas y preocupa la reaparici\u00f3n de enfermedades prevenibles - Lobos News","og_description":"La regi\u00f3n de las Am\u00e9ricas atraviesa una situaci\u00f3n cr\u00edtica en materia de vacunaci\u00f3n, con un repunte de enfermedades prevenibles y una ca\u00edda sostenida en las coberturas de inmunizaci\u00f3n en varios pa\u00edses, seg\u00fan advirtieron organismos internacionales y expertos regionales. Durante la 24\u00aa Semana de la Vacunaci\u00f3n de las Am\u00e9ricas, autoridades y especialistas lanzaron una advertencia sin...","og_url":"https:\/\/lobosnews.com.ar\/index.php\/2026\/04\/29\/alertan-por-la-caida-de-la-vacunacion-en-las-americas-y-preocupa-la-reaparicion-de-enfermedades-prevenibles\/","og_site_name":"Lobos News","article_published_time":"2026-04-29T05:00:00+00:00","article_modified_time":"2026-04-29T09:02:01+00:00","og_image":[{"url":"https:\/\/lobosnews.com.ar\/wp-content\/uploads\/2026\/04\/alertan-por-la-caida-de-la-vacunacion-en-las-americas-y-preocupa-la-reaparicion-de-enfermedades-prevenibles.jpg","type":"","width":"","height":""}],"author":"admin","twitter_card":"summary_large_image","twitter_misc":{"Escrito por":"admin","Tiempo de lectura":"9 minutos"},"schema":{"@context":"https:\/\/schema.org","@graph":[{"@type":"Article","@id":"https:\/\/lobosnews.com.ar\/index.php\/2026\/04\/29\/alertan-por-la-caida-de-la-vacunacion-en-las-americas-y-preocupa-la-reaparicion-de-enfermedades-prevenibles\/#article","isPartOf":{"@id":"https:\/\/lobosnews.com.ar\/index.php\/2026\/04\/29\/alertan-por-la-caida-de-la-vacunacion-en-las-americas-y-preocupa-la-reaparicion-de-enfermedades-prevenibles\/"},"author":{"name":"admin","@id":"https:\/\/lobosnews.com.ar\/#\/schema\/person\/232422a593d5c541dd9aef6aaed10943"},"headline":"Alertan por la ca\u00edda de la vacunaci\u00f3n en las Am\u00e9ricas y preocupa la reaparici\u00f3n de enfermedades prevenibles","datePublished":"2026-04-29T05:00:00+00:00","dateModified":"2026-04-29T09:02:01+00:00","mainEntityOfPage":{"@id":"https:\/\/lobosnews.com.ar\/index.php\/2026\/04\/29\/alertan-por-la-caida-de-la-vacunacion-en-las-americas-y-preocupa-la-reaparicion-de-enfermedades-prevenibles\/"},"wordCount":1858,"commentCount":0,"publisher":{"@id":"https:\/\/lobosnews.com.ar\/#organization"},"image":{"@id":"https:\/\/lobosnews.com.ar\/index.php\/2026\/04\/29\/alertan-por-la-caida-de-la-vacunacion-en-las-americas-y-preocupa-la-reaparicion-de-enfermedades-prevenibles\/#primaryimage"},"thumbnailUrl":"https:\/\/lobosnews.com.ar\/wp-content\/uploads\/2026\/04\/alertan-por-la-caida-de-la-vacunacion-en-las-americas-y-preocupa-la-reaparicion-de-enfermedades-prevenibles-18.jpg","articleSection":["Salud"],"inLanguage":"es","potentialAction":[{"@type":"CommentAction","name":"Comment","target":["https:\/\/lobosnews.com.ar\/index.php\/2026\/04\/29\/alertan-por-la-caida-de-la-vacunacion-en-las-americas-y-preocupa-la-reaparicion-de-enfermedades-prevenibles\/#respond"]}]},{"@type":"WebPage","@id":"https:\/\/lobosnews.com.ar\/index.php\/2026\/04\/29\/alertan-por-la-caida-de-la-vacunacion-en-las-americas-y-preocupa-la-reaparicion-de-enfermedades-prevenibles\/","url":"https:\/\/lobosnews.com.ar\/index.php\/2026\/04\/29\/alertan-por-la-caida-de-la-vacunacion-en-las-americas-y-preocupa-la-reaparicion-de-enfermedades-prevenibles\/","name":"Alertan por la ca\u00edda de la vacunaci\u00f3n en las Am\u00e9ricas y preocupa la reaparici\u00f3n de enfermedades prevenibles - Lobos News","isPartOf":{"@id":"https:\/\/lobosnews.com.ar\/#website"},"primaryImageOfPage":{"@id":"https:\/\/lobosnews.com.ar\/index.php\/2026\/04\/29\/alertan-por-la-caida-de-la-vacunacion-en-las-americas-y-preocupa-la-reaparicion-de-enfermedades-prevenibles\/#primaryimage"},"image":{"@id":"https:\/\/lobosnews.com.ar\/index.php\/2026\/04\/29\/alertan-por-la-caida-de-la-vacunacion-en-las-americas-y-preocupa-la-reaparicion-de-enfermedades-prevenibles\/#primaryimage"},"thumbnailUrl":"https:\/\/lobosnews.com.ar\/wp-content\/uploads\/2026\/04\/alertan-por-la-caida-de-la-vacunacion-en-las-americas-y-preocupa-la-reaparicion-de-enfermedades-prevenibles-18.jpg","datePublished":"2026-04-29T05:00:00+00:00","dateModified":"2026-04-29T09:02:01+00:00","breadcrumb":{"@id":"https:\/\/lobosnews.com.ar\/index.php\/2026\/04\/29\/alertan-por-la-caida-de-la-vacunacion-en-las-americas-y-preocupa-la-reaparicion-de-enfermedades-prevenibles\/#breadcrumb"},"inLanguage":"es","potentialAction":[{"@type":"ReadAction","target":["https:\/\/lobosnews.com.ar\/index.php\/2026\/04\/29\/alertan-por-la-caida-de-la-vacunacion-en-las-americas-y-preocupa-la-reaparicion-de-enfermedades-prevenibles\/"]}]},{"@type":"ImageObject","inLanguage":"es","@id":"https:\/\/lobosnews.com.ar\/index.php\/2026\/04\/29\/alertan-por-la-caida-de-la-vacunacion-en-las-americas-y-preocupa-la-reaparicion-de-enfermedades-prevenibles\/#primaryimage","url":"https:\/\/lobosnews.com.ar\/wp-content\/uploads\/2026\/04\/alertan-por-la-caida-de-la-vacunacion-en-las-americas-y-preocupa-la-reaparicion-de-enfermedades-prevenibles-18.jpg","contentUrl":"https:\/\/lobosnews.com.ar\/wp-content\/uploads\/2026\/04\/alertan-por-la-caida-de-la-vacunacion-en-las-americas-y-preocupa-la-reaparicion-de-enfermedades-prevenibles-18.jpg","width":1920,"height":1080,"caption":"Alertan por la ca\u00edda de la vacunaci\u00f3n en las Am\u00e9ricas y preocupa la reaparici\u00f3n de enfermedades prevenibles"},{"@type":"BreadcrumbList","@id":"https:\/\/lobosnews.com.ar\/index.php\/2026\/04\/29\/alertan-por-la-caida-de-la-vacunacion-en-las-americas-y-preocupa-la-reaparicion-de-enfermedades-prevenibles\/#breadcrumb","itemListElement":[{"@type":"ListItem","position":1,"name":"Portada","item":"https:\/\/lobosnews.com.ar\/"},{"@type":"ListItem","position":2,"name":"Alertan por la ca\u00edda de la vacunaci\u00f3n en las Am\u00e9ricas y preocupa la reaparici\u00f3n de enfermedades prevenibles"}]},{"@type":"WebSite","@id":"https:\/\/lobosnews.com.ar\/#website","url":"https:\/\/lobosnews.com.ar\/","name":"Lobos News","description":"Informaci\u00f3n a cada instante","publisher":{"@id":"https:\/\/lobosnews.com.ar\/#organization"},"potentialAction":[{"@type":"SearchAction","target":{"@type":"EntryPoint","urlTemplate":"https:\/\/lobosnews.com.ar\/?s={search_term_string}"},"query-input":{"@type":"PropertyValueSpecification","valueRequired":true,"valueName":"search_term_string"}}],"inLanguage":"es"},{"@type":"Organization","@id":"https:\/\/lobosnews.com.ar\/#organization","name":"Lobos News","url":"https:\/\/lobosnews.com.ar\/","logo":{"@type":"ImageObject","inLanguage":"es","@id":"https:\/\/lobosnews.com.ar\/#\/schema\/logo\/image\/","url":"https:\/\/lobosnews.com.ar\/wp-content\/uploads\/2026\/01\/logo-lobosnews.png","contentUrl":"https:\/\/lobosnews.com.ar\/wp-content\/uploads\/2026\/01\/logo-lobosnews.png","width":500,"height":200,"caption":"Lobos News"},"image":{"@id":"https:\/\/lobosnews.com.ar\/#\/schema\/logo\/image\/"}},{"@type":"Person","@id":"https:\/\/lobosnews.com.ar\/#\/schema\/person\/232422a593d5c541dd9aef6aaed10943","name":"admin","image":{"@type":"ImageObject","inLanguage":"es","@id":"https:\/\/lobosnews.com.ar\/#\/schema\/person\/image\/","url":"https:\/\/secure.gravatar.com\/avatar\/76e419471a2083bc3ceab22a763dbbf9b0c1bd15a6214cf3280e2c2dde4580f9?s=96&d=mm&r=g","contentUrl":"https:\/\/secure.gravatar.com\/avatar\/76e419471a2083bc3ceab22a763dbbf9b0c1bd15a6214cf3280e2c2dde4580f9?s=96&d=mm&r=g","caption":"admin"},"sameAs":["https:\/\/lobosnews.com.ar"],"url":"https:\/\/lobosnews.com.ar\/index.php\/author\/lobos-news\/"}]}},"jetpack_featured_media_url":"https:\/\/lobosnews.com.ar\/wp-content\/uploads\/2026\/04\/alertan-por-la-caida-de-la-vacunacion-en-las-americas-y-preocupa-la-reaparicion-de-enfermedades-prevenibles-18.jpg","jetpack_sharing_enabled":true,"_links":{"self":[{"href":"https:\/\/lobosnews.com.ar\/index.php\/wp-json\/wp\/v2\/posts\/47028","targetHints":{"allow":["GET"]}}],"collection":[{"href":"https:\/\/lobosnews.com.ar\/index.php\/wp-json\/wp\/v2\/posts"}],"about":[{"href":"https:\/\/lobosnews.com.ar\/index.php\/wp-json\/wp\/v2\/types\/post"}],"author":[{"embeddable":true,"href":"https:\/\/lobosnews.com.ar\/index.php\/wp-json\/wp\/v2\/users\/1"}],"replies":[{"embeddable":true,"href":"https:\/\/lobosnews.com.ar\/index.php\/wp-json\/wp\/v2\/comments?post=47028"}],"version-history":[{"count":1,"href":"https:\/\/lobosnews.com.ar\/index.php\/wp-json\/wp\/v2\/posts\/47028\/revisions"}],"predecessor-version":[{"id":47039,"href":"https:\/\/lobosnews.com.ar\/index.php\/wp-json\/wp\/v2\/posts\/47028\/revisions\/47039"}],"wp:featuredmedia":[{"embeddable":true,"href":"https:\/\/lobosnews.com.ar\/index.php\/wp-json\/wp\/v2\/media\/47040"}],"wp:attachment":[{"href":"https:\/\/lobosnews.com.ar\/index.php\/wp-json\/wp\/v2\/media?parent=47028"}],"wp:term":[{"taxonomy":"category","embeddable":true,"href":"https:\/\/lobosnews.com.ar\/index.php\/wp-json\/wp\/v2\/categories?post=47028"},{"taxonomy":"post_tag","embeddable":true,"href":"https:\/\/lobosnews.com.ar\/index.php\/wp-json\/wp\/v2\/tags?post=47028"}],"curies":[{"name":"wp","href":"https:\/\/api.w.org\/{rel}","templated":true}]}}