{"id":47023,"date":"2026-04-29T03:59:58","date_gmt":"2026-04-29T03:59:58","guid":{"rendered":"https:\/\/lobosnews.com.ar\/index.php\/2026\/04\/29\/silvina-escudero-conto-el-motivo-de-su-separacion-de-federico-tras-9-anos-juntos-vamos-en-diferentes-direcciones\/"},"modified":"2026-04-29T09:00:54","modified_gmt":"2026-04-29T09:00:54","slug":"silvina-escudero-conto-el-motivo-de-su-separacion-de-federico-tras-9-anos-juntos-vamos-en-diferentes-direcciones","status":"publish","type":"post","link":"https:\/\/lobosnews.com.ar\/index.php\/2026\/04\/29\/silvina-escudero-conto-el-motivo-de-su-separacion-de-federico-tras-9-anos-juntos-vamos-en-diferentes-direcciones\/","title":{"rendered":"Silvina Escudero cont\u00f3 el motivo de su separaci\u00f3n de Federico, tras 9 a\u00f1os juntos: \u201cVamos en diferentes direcciones\u201d"},"content":{"rendered":"<p><span class=\"waslinkname\"><b>Silvina Escudero<\/b><\/span> eligi\u00f3 la mesa de <i>Pol\u00e9mica en el Bar<\/i> (Am\u00e9rica TV) para hablar por primera vez, en vivo y emocionada, de la decisi\u00f3n de separarse de <b>Federico<\/b>, su esposo con quien est\u00e1 desde hace 9 a\u00f1os. La noticia sorprendi\u00f3 incluso a sus compa\u00f1eros:<b> \u201c\u00c1ngel me llam\u00f3 hoy a la tarde y nadie sab\u00eda nada\u201d<\/b>, cont\u00f3 la exvedette, dejando claro que casi nadie de su entorno estaba al tanto del final de una relaci\u00f3n que supo ser tan larga como reservada.<\/p>\n<p>\u201c<b>Estoy concentrada trabajando todo el d\u00eda<\/b>. Me voy a la ma\u00f1ana y vuelvo a la madrugada a mi casa. Estoy en un momento laboral superfeliz con un mont\u00f3n de proyectos, mi programa nuevo en el streaming, un mont\u00f3n de conducciones, eventos. <b>Estoy feliz en <\/b><i><b>Pol\u00e9mica<\/b><\/i><b>, eso lo saben ustedes, y estoy concentrada en eso<\/b>\u201d, explic\u00f3 sobre su presente, aunque reconoci\u00f3 que, a diferencia de lo laboral, lo personal la atraviesa de otra forma: <b>\u201cUno no va contando sus tristezas\u201d<\/b>.<\/p>\n<p>La panelista remarc\u00f3 una y otra vez el respeto con el que eligi\u00f3 llevar su relaci\u00f3n y, ahora, su separaci\u00f3n: \u201c<b>Respeto mucho mi relaci\u00f3n con \u00e9l, nuestro matrimonio<\/b>. Fueron much\u00edsimos a\u00f1os que guard\u00e9 nuestra relaci\u00f3n, porque tambi\u00e9n \u00e9l no es p\u00fablico y as\u00ed lo respeto como es\u201d, afirm\u00f3. Y enseguida dej\u00f3 en claro que ese mismo cuidado lo mantiene ante el final: \u201c<b>Voy a respetar la separaci\u00f3n desde ese mismo lugar<\/b>. Imaginate que durante a\u00f1os no cont\u00e9 sobre mi matrimonio, tampoco voy a contar mi separaci\u00f3n. Igual tampoco hay nada que contar. <b>Por m\u00e1s que quiera contar algo, tampoco sabr\u00eda qu\u00e9 contar<\/b>\u201d.<\/p>\n<p><img loading=\"lazy\" decoding=\"async\" src=\"https:\/\/lobosnews.com.ar\/wp-content\/uploads\/2026\/04\/silvina-escudero-conto-el-motivo-de-su-separacion-de-federico-tras-9-anos-juntos-vamos-en-diferentes-direcciones.jpg\" alt=\"La bailarina cont\u00f3 que la ruptura fue una decisi\u00f3n valiente, tomada desde el respeto y el cari\u00f1o que a\u00fan persisten entre ambos\" height=\"1090\" width=\"1980\"\/><\/p>\n<p>Durante la charla, Silvina intent\u00f3 quitar dramatismo al momento, aunque la emoci\u00f3n la desbord\u00f3 por momentos y su voz se quebr\u00f3 al recordar el v\u00ednculo que compartieron. \u201c<b>Todos los que estamos en una relaci\u00f3n hace mucho, d\u00e9cadas o much\u00edsimos a\u00f1os, la mayor\u00eda ac\u00e1, tuvimos relaciones muy largas<\/b>. Hay altibajos siempre a lo largo de la relaci\u00f3n y entiendo que es parte de la relaci\u00f3n. <b>A nosotros nos ha tocado como pareja vivir cosas maravillosas y nos ha tocado vivir tragedias<\/b>. Un mont\u00f3n, que muchas las supimos sobrellevar\u201d, asegur\u00f3.<\/p>\n<p>El tema de las dificultades atravesadas durante la pareja tambi\u00e9n sali\u00f3 a la luz: \u201cMi relaci\u00f3n con \u00e9l, yo la verdad que no cuento mi intimidad. <b>Han sido a\u00f1os de cosas muy dif\u00edciles que viv\u00ed yo con mi salud<\/b>. En los \u00faltimos cuatro o cinco a\u00f1os entr\u00e9 22 veces a un quir\u00f3fano\u201d, revel\u00f3, dejando en claro que no todo fue f\u00e1cil en este tiempo.<\/p>\n<p>El conductor, <b>Mariano I\u00fadica<\/b>, intervino para subrayar la fortaleza de la bailarina. Silvina reconoci\u00f3 el acompa\u00f1amiento que recibi\u00f3: \u201c<b>Fue un mont\u00f3n<\/b>. Hay m\u00e9dicos que vinieron a esta mesa ac\u00e1 en <i>Pol\u00e9mica en el Bar<\/i>, que estuvieron el a\u00f1o pasado en un cuarto conmigo, saliendo de un quir\u00f3fano y nunca dijeron nada. \u00c1ngel, otra persona que me llam\u00f3 en un momento muy dif\u00edcil de mi vida y tampoco dijo nada\u201d.<\/p>\n<p><img loading=\"lazy\" decoding=\"async\" src=\"https:\/\/lobosnews.com.ar\/wp-content\/uploads\/2026\/04\/silvina-escudero-conto-el-motivo-de-su-separacion-de-federico-tras-9-anos-juntos-vamos-en-diferentes-direcciones-1.jpg\" alt=\"Durante la entrevista, la panelista remarc\u00f3 que, a pesar del dolor, el v\u00ednculo con su exesposo se caracteriza por el respeto mutuo\" height=\"1080\" width=\"1920\"\/><\/p>\n<p>Escudero tambi\u00e9n se refiri\u00f3 a la importancia de tomar decisiones conscientes: \u201cCreo que las decisiones hay que tomarlas a conciencia y no son intempestivas y vol\u00e1tiles. <b>Uno tiene que tomar una decisi\u00f3n y mantenerla<\/b>\u201d. Y, ante la posibilidad de una reconciliaci\u00f3n, fue honesta: \u201cNo hay nada que ocultar, ni nada raro. No hay nada para contar. <b>El 90% de la poblaci\u00f3n se separa y yo me separ\u00e9<\/b>\u201d.<\/p>\n<p>Sobre el v\u00ednculo con Federico, solo tuvo palabras de cari\u00f1o: <b>\u201cNi siquiera es que se termin\u00f3 el amor. Le deseo lo mejor en la vida y es rebuena persona\u201d<\/b>, asegur\u00f3 antes de quebrarse al aire. \u201cSiento que llegamos a una bifurcaci\u00f3n y<b> vamos hacia diferentes direcciones<\/b>\u201d, grafic\u00f3.<\/p>\n<p>Silvina cerr\u00f3 su testimonio con una frase que resume el momento:<b> \u201cHay que ser muy valiente para separarse\u201d<\/b>. Entre l\u00e1grimas, dej\u00f3 en claro que el amor, el respeto y la historia compartida no desaparecen, pero que a veces es necesario elegir caminos diferentes. <b>\u201cEstoy concentrada en mi trabajo, en mi felicidad y en reinventarme\u201d<\/b>, concluy\u00f3, mostrando que la fortaleza con la que transit\u00f3 los momentos m\u00e1s duros sigue intacta, a\u00fan en medio de la tormenta emocional.<\/p>\n","protected":false},"excerpt":{"rendered":"<p>Silvina Escudero eligi\u00f3 la mesa de Pol\u00e9mica en el Bar (Am\u00e9rica TV) para hablar por primera vez, en vivo y emocionada, de la decisi\u00f3n de separarse de Federico, su esposo con quien est\u00e1 desde hace 9 a\u00f1os. La noticia sorprendi\u00f3 incluso a sus compa\u00f1eros: \u201c\u00c1ngel me llam\u00f3 hoy a la tarde y nadie sab\u00eda nada\u201d,&#8230;<\/p>\n","protected":false},"author":1,"featured_media":47027,"comment_status":"open","ping_status":"closed","sticky":false,"template":"","format":"standard","meta":{"_jetpack_memberships_contains_paid_content":false,"footnotes":""},"categories":[79],"tags":[],"class_list":["post-47023","post","type-post","status-publish","format-standard","has-post-thumbnail","hentry","category-cine-y-series"],"magazineBlocksPostFeaturedMedia":{"thumbnail":"https:\/\/lobosnews.com.ar\/wp-content\/uploads\/2026\/04\/silvina-escudero-conto-el-motivo-de-su-separacion-de-federico-tras-9-anos-juntos-vamos-en-diferentes-direcciones-2-150x150.jpg","medium":"https:\/\/lobosnews.com.ar\/wp-content\/uploads\/2026\/04\/silvina-escudero-conto-el-motivo-de-su-separacion-de-federico-tras-9-anos-juntos-vamos-en-diferentes-direcciones-2-300x169.jpg","medium_large":"https:\/\/lobosnews.com.ar\/wp-content\/uploads\/2026\/04\/silvina-escudero-conto-el-motivo-de-su-separacion-de-federico-tras-9-anos-juntos-vamos-en-diferentes-direcciones-2-768x432.jpg","large":"https:\/\/lobosnews.com.ar\/wp-content\/uploads\/2026\/04\/silvina-escudero-conto-el-motivo-de-su-separacion-de-federico-tras-9-anos-juntos-vamos-en-diferentes-direcciones-2-1024x576.jpg","1536x1536":"https:\/\/lobosnews.com.ar\/wp-content\/uploads\/2026\/04\/silvina-escudero-conto-el-motivo-de-su-separacion-de-federico-tras-9-anos-juntos-vamos-en-diferentes-direcciones-2-1536x864.jpg","2048x2048":"https:\/\/lobosnews.com.ar\/wp-content\/uploads\/2026\/04\/silvina-escudero-conto-el-motivo-de-su-separacion-de-federico-tras-9-anos-juntos-vamos-en-diferentes-direcciones-2.jpg","newsmatic-featured":"https:\/\/lobosnews.com.ar\/wp-content\/uploads\/2026\/04\/silvina-escudero-conto-el-motivo-de-su-separacion-de-federico-tras-9-anos-juntos-vamos-en-diferentes-direcciones-2-820x545.jpg","newsmatic-list":"https:\/\/lobosnews.com.ar\/wp-content\/uploads\/2026\/04\/silvina-escudero-conto-el-motivo-de-su-separacion-de-federico-tras-9-anos-juntos-vamos-en-diferentes-direcciones-2-600x400.jpg","newsmatic-thumb":"https:\/\/lobosnews.com.ar\/wp-content\/uploads\/2026\/04\/silvina-escudero-conto-el-motivo-de-su-separacion-de-federico-tras-9-anos-juntos-vamos-en-diferentes-direcciones-2-300x200.jpg","newsmatic-small":"https:\/\/lobosnews.com.ar\/wp-content\/uploads\/2026\/04\/silvina-escudero-conto-el-motivo-de-su-separacion-de-federico-tras-9-anos-juntos-vamos-en-diferentes-direcciones-2-150x95.jpg","newsmatic-grid":"https:\/\/lobosnews.com.ar\/wp-content\/uploads\/2026\/04\/silvina-escudero-conto-el-motivo-de-su-separacion-de-federico-tras-9-anos-juntos-vamos-en-diferentes-direcciones-2-400x250.jpg"},"magazineBlocksPostAuthor":{"name":"admin","avatar":"https:\/\/secure.gravatar.com\/avatar\/76e419471a2083bc3ceab22a763dbbf9b0c1bd15a6214cf3280e2c2dde4580f9?s=96&d=mm&r=g"},"magazineBlocksPostCommentsNumber":"0","magazineBlocksPostExcerpt":"Silvina Escudero eligi\u00f3 la mesa de Pol\u00e9mica en el Bar (Am\u00e9rica TV) para hablar por primera vez, en vivo y emocionada, de la decisi\u00f3n de separarse de Federico, su esposo con quien est\u00e1 desde hace 9 a\u00f1os. La noticia sorprendi\u00f3 incluso a sus compa\u00f1eros: \u201c\u00c1ngel me llam\u00f3 hoy a la tarde y nadie sab\u00eda nada\u201d,...","magazineBlocksPostCategories":["Cine y Series"],"magazineBlocksPostViewCount":8,"magazineBlocksPostReadTime":4,"magazine_blocks_featured_image_url":{"full":["https:\/\/lobosnews.com.ar\/wp-content\/uploads\/2026\/04\/silvina-escudero-conto-el-motivo-de-su-separacion-de-federico-tras-9-anos-juntos-vamos-en-diferentes-direcciones-2.jpg",1920,1080,false],"medium":["https:\/\/lobosnews.com.ar\/wp-content\/uploads\/2026\/04\/silvina-escudero-conto-el-motivo-de-su-separacion-de-federico-tras-9-anos-juntos-vamos-en-diferentes-direcciones-2-300x169.jpg",300,169,true],"thumbnail":["https:\/\/lobosnews.com.ar\/wp-content\/uploads\/2026\/04\/silvina-escudero-conto-el-motivo-de-su-separacion-de-federico-tras-9-anos-juntos-vamos-en-diferentes-direcciones-2-150x150.jpg",150,150,true]},"magazine_blocks_author":{"display_name":"admin","author_link":"https:\/\/lobosnews.com.ar\/index.php\/author\/lobos-news\/"},"magazine_blocks_comment":0,"magazine_blocks_author_image":"https:\/\/secure.gravatar.com\/avatar\/76e419471a2083bc3ceab22a763dbbf9b0c1bd15a6214cf3280e2c2dde4580f9?s=96&d=mm&r=g","magazine_blocks_category":"<a href=\"#\" class=\"category-link category-link-79\">Cine y Series<\/a>","yoast_head":"<!-- This site is optimized with the Yoast SEO plugin v26.6 - https:\/\/yoast.com\/wordpress\/plugins\/seo\/ -->\n<title>Silvina Escudero cont\u00f3 el motivo de su separaci\u00f3n de Federico, tras 9 a\u00f1os juntos: \u201cVamos en diferentes direcciones\u201d - Lobos News<\/title>\n<meta name=\"robots\" content=\"index, follow, max-snippet:-1, max-image-preview:large, max-video-preview:-1\" \/>\n<link rel=\"canonical\" href=\"https:\/\/lobosnews.com.ar\/index.php\/2026\/04\/29\/silvina-escudero-conto-el-motivo-de-su-separacion-de-federico-tras-9-anos-juntos-vamos-en-diferentes-direcciones\/\" \/>\n<meta property=\"og:locale\" content=\"es_ES\" \/>\n<meta property=\"og:type\" content=\"article\" \/>\n<meta property=\"og:title\" content=\"Silvina Escudero cont\u00f3 el motivo de su separaci\u00f3n de Federico, tras 9 a\u00f1os juntos: \u201cVamos en diferentes direcciones\u201d - Lobos News\" \/>\n<meta property=\"og:description\" content=\"Silvina Escudero eligi\u00f3 la mesa de Pol\u00e9mica en el Bar (Am\u00e9rica TV) para hablar por primera vez, en vivo y emocionada, de la decisi\u00f3n de separarse de Federico, su esposo con quien est\u00e1 desde hace 9 a\u00f1os. La noticia sorprendi\u00f3 incluso a sus compa\u00f1eros: \u201c\u00c1ngel me llam\u00f3 hoy a la tarde y nadie sab\u00eda nada\u201d,...\" \/>\n<meta property=\"og:url\" content=\"https:\/\/lobosnews.com.ar\/index.php\/2026\/04\/29\/silvina-escudero-conto-el-motivo-de-su-separacion-de-federico-tras-9-anos-juntos-vamos-en-diferentes-direcciones\/\" \/>\n<meta property=\"og:site_name\" content=\"Lobos News\" \/>\n<meta property=\"article:published_time\" content=\"2026-04-29T03:59:58+00:00\" \/>\n<meta property=\"article:modified_time\" content=\"2026-04-29T09:00:54+00:00\" \/>\n<meta property=\"og:image\" content=\"https:\/\/lobosnews.com.ar\/wp-content\/uploads\/2026\/04\/silvina-escudero-conto-el-motivo-de-su-separacion-de-federico-tras-9-anos-juntos-vamos-en-diferentes-direcciones.jpg\" \/>\n<meta name=\"author\" content=\"admin\" \/>\n<meta name=\"twitter:card\" content=\"summary_large_image\" \/>\n<meta name=\"twitter:label1\" content=\"Escrito por\" \/>\n\t<meta name=\"twitter:data1\" content=\"admin\" \/>\n\t<meta name=\"twitter:label2\" content=\"Tiempo de lectura\" \/>\n\t<meta name=\"twitter:data2\" content=\"4 minutos\" \/>\n<script type=\"application\/ld+json\" class=\"yoast-schema-graph\">{\"@context\":\"https:\/\/schema.org\",\"@graph\":[{\"@type\":\"Article\",\"@id\":\"https:\/\/lobosnews.com.ar\/index.php\/2026\/04\/29\/silvina-escudero-conto-el-motivo-de-su-separacion-de-federico-tras-9-anos-juntos-vamos-en-diferentes-direcciones\/#article\",\"isPartOf\":{\"@id\":\"https:\/\/lobosnews.com.ar\/index.php\/2026\/04\/29\/silvina-escudero-conto-el-motivo-de-su-separacion-de-federico-tras-9-anos-juntos-vamos-en-diferentes-direcciones\/\"},\"author\":{\"name\":\"admin\",\"@id\":\"https:\/\/lobosnews.com.ar\/#\/schema\/person\/232422a593d5c541dd9aef6aaed10943\"},\"headline\":\"Silvina Escudero cont\u00f3 el motivo de su separaci\u00f3n de Federico, tras 9 a\u00f1os juntos: \u201cVamos en diferentes direcciones\u201d\",\"datePublished\":\"2026-04-29T03:59:58+00:00\",\"dateModified\":\"2026-04-29T09:00:54+00:00\",\"mainEntityOfPage\":{\"@id\":\"https:\/\/lobosnews.com.ar\/index.php\/2026\/04\/29\/silvina-escudero-conto-el-motivo-de-su-separacion-de-federico-tras-9-anos-juntos-vamos-en-diferentes-direcciones\/\"},\"wordCount\":750,\"commentCount\":0,\"publisher\":{\"@id\":\"https:\/\/lobosnews.com.ar\/#organization\"},\"image\":{\"@id\":\"https:\/\/lobosnews.com.ar\/index.php\/2026\/04\/29\/silvina-escudero-conto-el-motivo-de-su-separacion-de-federico-tras-9-anos-juntos-vamos-en-diferentes-direcciones\/#primaryimage\"},\"thumbnailUrl\":\"https:\/\/lobosnews.com.ar\/wp-content\/uploads\/2026\/04\/silvina-escudero-conto-el-motivo-de-su-separacion-de-federico-tras-9-anos-juntos-vamos-en-diferentes-direcciones-2.jpg\",\"articleSection\":[\"Cine y Series\"],\"inLanguage\":\"es\",\"potentialAction\":[{\"@type\":\"CommentAction\",\"name\":\"Comment\",\"target\":[\"https:\/\/lobosnews.com.ar\/index.php\/2026\/04\/29\/silvina-escudero-conto-el-motivo-de-su-separacion-de-federico-tras-9-anos-juntos-vamos-en-diferentes-direcciones\/#respond\"]}]},{\"@type\":\"WebPage\",\"@id\":\"https:\/\/lobosnews.com.ar\/index.php\/2026\/04\/29\/silvina-escudero-conto-el-motivo-de-su-separacion-de-federico-tras-9-anos-juntos-vamos-en-diferentes-direcciones\/\",\"url\":\"https:\/\/lobosnews.com.ar\/index.php\/2026\/04\/29\/silvina-escudero-conto-el-motivo-de-su-separacion-de-federico-tras-9-anos-juntos-vamos-en-diferentes-direcciones\/\",\"name\":\"Silvina Escudero cont\u00f3 el motivo de su separaci\u00f3n de Federico, tras 9 a\u00f1os juntos: \u201cVamos en diferentes direcciones\u201d - Lobos News\",\"isPartOf\":{\"@id\":\"https:\/\/lobosnews.com.ar\/#website\"},\"primaryImageOfPage\":{\"@id\":\"https:\/\/lobosnews.com.ar\/index.php\/2026\/04\/29\/silvina-escudero-conto-el-motivo-de-su-separacion-de-federico-tras-9-anos-juntos-vamos-en-diferentes-direcciones\/#primaryimage\"},\"image\":{\"@id\":\"https:\/\/lobosnews.com.ar\/index.php\/2026\/04\/29\/silvina-escudero-conto-el-motivo-de-su-separacion-de-federico-tras-9-anos-juntos-vamos-en-diferentes-direcciones\/#primaryimage\"},\"thumbnailUrl\":\"https:\/\/lobosnews.com.ar\/wp-content\/uploads\/2026\/04\/silvina-escudero-conto-el-motivo-de-su-separacion-de-federico-tras-9-anos-juntos-vamos-en-diferentes-direcciones-2.jpg\",\"datePublished\":\"2026-04-29T03:59:58+00:00\",\"dateModified\":\"2026-04-29T09:00:54+00:00\",\"breadcrumb\":{\"@id\":\"https:\/\/lobosnews.com.ar\/index.php\/2026\/04\/29\/silvina-escudero-conto-el-motivo-de-su-separacion-de-federico-tras-9-anos-juntos-vamos-en-diferentes-direcciones\/#breadcrumb\"},\"inLanguage\":\"es\",\"potentialAction\":[{\"@type\":\"ReadAction\",\"target\":[\"https:\/\/lobosnews.com.ar\/index.php\/2026\/04\/29\/silvina-escudero-conto-el-motivo-de-su-separacion-de-federico-tras-9-anos-juntos-vamos-en-diferentes-direcciones\/\"]}]},{\"@type\":\"ImageObject\",\"inLanguage\":\"es\",\"@id\":\"https:\/\/lobosnews.com.ar\/index.php\/2026\/04\/29\/silvina-escudero-conto-el-motivo-de-su-separacion-de-federico-tras-9-anos-juntos-vamos-en-diferentes-direcciones\/#primaryimage\",\"url\":\"https:\/\/lobosnews.com.ar\/wp-content\/uploads\/2026\/04\/silvina-escudero-conto-el-motivo-de-su-separacion-de-federico-tras-9-anos-juntos-vamos-en-diferentes-direcciones-2.jpg\",\"contentUrl\":\"https:\/\/lobosnews.com.ar\/wp-content\/uploads\/2026\/04\/silvina-escudero-conto-el-motivo-de-su-separacion-de-federico-tras-9-anos-juntos-vamos-en-diferentes-direcciones-2.jpg\",\"width\":1920,\"height\":1080,\"caption\":\"Silvina Escudero cont\u00f3 el motivo de su separaci\u00f3n de Federico, tras 9 a\u00f1os juntos: \u201cVamos en diferentes direcciones\u201d\"},{\"@type\":\"BreadcrumbList\",\"@id\":\"https:\/\/lobosnews.com.ar\/index.php\/2026\/04\/29\/silvina-escudero-conto-el-motivo-de-su-separacion-de-federico-tras-9-anos-juntos-vamos-en-diferentes-direcciones\/#breadcrumb\",\"itemListElement\":[{\"@type\":\"ListItem\",\"position\":1,\"name\":\"Portada\",\"item\":\"https:\/\/lobosnews.com.ar\/\"},{\"@type\":\"ListItem\",\"position\":2,\"name\":\"Silvina Escudero cont\u00f3 el motivo de su separaci\u00f3n de Federico, tras 9 a\u00f1os juntos: \u201cVamos en diferentes direcciones\u201d\"}]},{\"@type\":\"WebSite\",\"@id\":\"https:\/\/lobosnews.com.ar\/#website\",\"url\":\"https:\/\/lobosnews.com.ar\/\",\"name\":\"Lobos News\",\"description\":\"Informaci\u00f3n a cada instante\",\"publisher\":{\"@id\":\"https:\/\/lobosnews.com.ar\/#organization\"},\"potentialAction\":[{\"@type\":\"SearchAction\",\"target\":{\"@type\":\"EntryPoint\",\"urlTemplate\":\"https:\/\/lobosnews.com.ar\/?s={search_term_string}\"},\"query-input\":{\"@type\":\"PropertyValueSpecification\",\"valueRequired\":true,\"valueName\":\"search_term_string\"}}],\"inLanguage\":\"es\"},{\"@type\":\"Organization\",\"@id\":\"https:\/\/lobosnews.com.ar\/#organization\",\"name\":\"Lobos News\",\"url\":\"https:\/\/lobosnews.com.ar\/\",\"logo\":{\"@type\":\"ImageObject\",\"inLanguage\":\"es\",\"@id\":\"https:\/\/lobosnews.com.ar\/#\/schema\/logo\/image\/\",\"url\":\"https:\/\/lobosnews.com.ar\/wp-content\/uploads\/2026\/01\/logo-lobosnews.png\",\"contentUrl\":\"https:\/\/lobosnews.com.ar\/wp-content\/uploads\/2026\/01\/logo-lobosnews.png\",\"width\":500,\"height\":200,\"caption\":\"Lobos News\"},\"image\":{\"@id\":\"https:\/\/lobosnews.com.ar\/#\/schema\/logo\/image\/\"}},{\"@type\":\"Person\",\"@id\":\"https:\/\/lobosnews.com.ar\/#\/schema\/person\/232422a593d5c541dd9aef6aaed10943\",\"name\":\"admin\",\"image\":{\"@type\":\"ImageObject\",\"inLanguage\":\"es\",\"@id\":\"https:\/\/lobosnews.com.ar\/#\/schema\/person\/image\/\",\"url\":\"https:\/\/secure.gravatar.com\/avatar\/76e419471a2083bc3ceab22a763dbbf9b0c1bd15a6214cf3280e2c2dde4580f9?s=96&d=mm&r=g\",\"contentUrl\":\"https:\/\/secure.gravatar.com\/avatar\/76e419471a2083bc3ceab22a763dbbf9b0c1bd15a6214cf3280e2c2dde4580f9?s=96&d=mm&r=g\",\"caption\":\"admin\"},\"sameAs\":[\"https:\/\/lobosnews.com.ar\"],\"url\":\"https:\/\/lobosnews.com.ar\/index.php\/author\/lobos-news\/\"}]}<\/script>\n<!-- \/ Yoast SEO plugin. -->","yoast_head_json":{"title":"Silvina Escudero cont\u00f3 el motivo de su separaci\u00f3n de Federico, tras 9 a\u00f1os juntos: \u201cVamos en diferentes direcciones\u201d - Lobos News","robots":{"index":"index","follow":"follow","max-snippet":"max-snippet:-1","max-image-preview":"max-image-preview:large","max-video-preview":"max-video-preview:-1"},"canonical":"https:\/\/lobosnews.com.ar\/index.php\/2026\/04\/29\/silvina-escudero-conto-el-motivo-de-su-separacion-de-federico-tras-9-anos-juntos-vamos-en-diferentes-direcciones\/","og_locale":"es_ES","og_type":"article","og_title":"Silvina Escudero cont\u00f3 el motivo de su separaci\u00f3n de Federico, tras 9 a\u00f1os juntos: \u201cVamos en diferentes direcciones\u201d - Lobos News","og_description":"Silvina Escudero eligi\u00f3 la mesa de Pol\u00e9mica en el Bar (Am\u00e9rica TV) para hablar por primera vez, en vivo y emocionada, de la decisi\u00f3n de separarse de Federico, su esposo con quien est\u00e1 desde hace 9 a\u00f1os. La noticia sorprendi\u00f3 incluso a sus compa\u00f1eros: \u201c\u00c1ngel me llam\u00f3 hoy a la tarde y nadie sab\u00eda nada\u201d,...","og_url":"https:\/\/lobosnews.com.ar\/index.php\/2026\/04\/29\/silvina-escudero-conto-el-motivo-de-su-separacion-de-federico-tras-9-anos-juntos-vamos-en-diferentes-direcciones\/","og_site_name":"Lobos News","article_published_time":"2026-04-29T03:59:58+00:00","article_modified_time":"2026-04-29T09:00:54+00:00","og_image":[{"url":"https:\/\/lobosnews.com.ar\/wp-content\/uploads\/2026\/04\/silvina-escudero-conto-el-motivo-de-su-separacion-de-federico-tras-9-anos-juntos-vamos-en-diferentes-direcciones.jpg","type":"","width":"","height":""}],"author":"admin","twitter_card":"summary_large_image","twitter_misc":{"Escrito por":"admin","Tiempo de lectura":"4 minutos"},"schema":{"@context":"https:\/\/schema.org","@graph":[{"@type":"Article","@id":"https:\/\/lobosnews.com.ar\/index.php\/2026\/04\/29\/silvina-escudero-conto-el-motivo-de-su-separacion-de-federico-tras-9-anos-juntos-vamos-en-diferentes-direcciones\/#article","isPartOf":{"@id":"https:\/\/lobosnews.com.ar\/index.php\/2026\/04\/29\/silvina-escudero-conto-el-motivo-de-su-separacion-de-federico-tras-9-anos-juntos-vamos-en-diferentes-direcciones\/"},"author":{"name":"admin","@id":"https:\/\/lobosnews.com.ar\/#\/schema\/person\/232422a593d5c541dd9aef6aaed10943"},"headline":"Silvina Escudero cont\u00f3 el motivo de su separaci\u00f3n de Federico, tras 9 a\u00f1os juntos: \u201cVamos en diferentes direcciones\u201d","datePublished":"2026-04-29T03:59:58+00:00","dateModified":"2026-04-29T09:00:54+00:00","mainEntityOfPage":{"@id":"https:\/\/lobosnews.com.ar\/index.php\/2026\/04\/29\/silvina-escudero-conto-el-motivo-de-su-separacion-de-federico-tras-9-anos-juntos-vamos-en-diferentes-direcciones\/"},"wordCount":750,"commentCount":0,"publisher":{"@id":"https:\/\/lobosnews.com.ar\/#organization"},"image":{"@id":"https:\/\/lobosnews.com.ar\/index.php\/2026\/04\/29\/silvina-escudero-conto-el-motivo-de-su-separacion-de-federico-tras-9-anos-juntos-vamos-en-diferentes-direcciones\/#primaryimage"},"thumbnailUrl":"https:\/\/lobosnews.com.ar\/wp-content\/uploads\/2026\/04\/silvina-escudero-conto-el-motivo-de-su-separacion-de-federico-tras-9-anos-juntos-vamos-en-diferentes-direcciones-2.jpg","articleSection":["Cine y Series"],"inLanguage":"es","potentialAction":[{"@type":"CommentAction","name":"Comment","target":["https:\/\/lobosnews.com.ar\/index.php\/2026\/04\/29\/silvina-escudero-conto-el-motivo-de-su-separacion-de-federico-tras-9-anos-juntos-vamos-en-diferentes-direcciones\/#respond"]}]},{"@type":"WebPage","@id":"https:\/\/lobosnews.com.ar\/index.php\/2026\/04\/29\/silvina-escudero-conto-el-motivo-de-su-separacion-de-federico-tras-9-anos-juntos-vamos-en-diferentes-direcciones\/","url":"https:\/\/lobosnews.com.ar\/index.php\/2026\/04\/29\/silvina-escudero-conto-el-motivo-de-su-separacion-de-federico-tras-9-anos-juntos-vamos-en-diferentes-direcciones\/","name":"Silvina Escudero cont\u00f3 el motivo de su separaci\u00f3n de Federico, tras 9 a\u00f1os juntos: \u201cVamos en diferentes direcciones\u201d - Lobos News","isPartOf":{"@id":"https:\/\/lobosnews.com.ar\/#website"},"primaryImageOfPage":{"@id":"https:\/\/lobosnews.com.ar\/index.php\/2026\/04\/29\/silvina-escudero-conto-el-motivo-de-su-separacion-de-federico-tras-9-anos-juntos-vamos-en-diferentes-direcciones\/#primaryimage"},"image":{"@id":"https:\/\/lobosnews.com.ar\/index.php\/2026\/04\/29\/silvina-escudero-conto-el-motivo-de-su-separacion-de-federico-tras-9-anos-juntos-vamos-en-diferentes-direcciones\/#primaryimage"},"thumbnailUrl":"https:\/\/lobosnews.com.ar\/wp-content\/uploads\/2026\/04\/silvina-escudero-conto-el-motivo-de-su-separacion-de-federico-tras-9-anos-juntos-vamos-en-diferentes-direcciones-2.jpg","datePublished":"2026-04-29T03:59:58+00:00","dateModified":"2026-04-29T09:00:54+00:00","breadcrumb":{"@id":"https:\/\/lobosnews.com.ar\/index.php\/2026\/04\/29\/silvina-escudero-conto-el-motivo-de-su-separacion-de-federico-tras-9-anos-juntos-vamos-en-diferentes-direcciones\/#breadcrumb"},"inLanguage":"es","potentialAction":[{"@type":"ReadAction","target":["https:\/\/lobosnews.com.ar\/index.php\/2026\/04\/29\/silvina-escudero-conto-el-motivo-de-su-separacion-de-federico-tras-9-anos-juntos-vamos-en-diferentes-direcciones\/"]}]},{"@type":"ImageObject","inLanguage":"es","@id":"https:\/\/lobosnews.com.ar\/index.php\/2026\/04\/29\/silvina-escudero-conto-el-motivo-de-su-separacion-de-federico-tras-9-anos-juntos-vamos-en-diferentes-direcciones\/#primaryimage","url":"https:\/\/lobosnews.com.ar\/wp-content\/uploads\/2026\/04\/silvina-escudero-conto-el-motivo-de-su-separacion-de-federico-tras-9-anos-juntos-vamos-en-diferentes-direcciones-2.jpg","contentUrl":"https:\/\/lobosnews.com.ar\/wp-content\/uploads\/2026\/04\/silvina-escudero-conto-el-motivo-de-su-separacion-de-federico-tras-9-anos-juntos-vamos-en-diferentes-direcciones-2.jpg","width":1920,"height":1080,"caption":"Silvina Escudero cont\u00f3 el motivo de su separaci\u00f3n de Federico, tras 9 a\u00f1os juntos: \u201cVamos en diferentes direcciones\u201d"},{"@type":"BreadcrumbList","@id":"https:\/\/lobosnews.com.ar\/index.php\/2026\/04\/29\/silvina-escudero-conto-el-motivo-de-su-separacion-de-federico-tras-9-anos-juntos-vamos-en-diferentes-direcciones\/#breadcrumb","itemListElement":[{"@type":"ListItem","position":1,"name":"Portada","item":"https:\/\/lobosnews.com.ar\/"},{"@type":"ListItem","position":2,"name":"Silvina Escudero cont\u00f3 el motivo de su separaci\u00f3n de Federico, tras 9 a\u00f1os juntos: \u201cVamos en diferentes direcciones\u201d"}]},{"@type":"WebSite","@id":"https:\/\/lobosnews.com.ar\/#website","url":"https:\/\/lobosnews.com.ar\/","name":"Lobos News","description":"Informaci\u00f3n a cada instante","publisher":{"@id":"https:\/\/lobosnews.com.ar\/#organization"},"potentialAction":[{"@type":"SearchAction","target":{"@type":"EntryPoint","urlTemplate":"https:\/\/lobosnews.com.ar\/?s={search_term_string}"},"query-input":{"@type":"PropertyValueSpecification","valueRequired":true,"valueName":"search_term_string"}}],"inLanguage":"es"},{"@type":"Organization","@id":"https:\/\/lobosnews.com.ar\/#organization","name":"Lobos News","url":"https:\/\/lobosnews.com.ar\/","logo":{"@type":"ImageObject","inLanguage":"es","@id":"https:\/\/lobosnews.com.ar\/#\/schema\/logo\/image\/","url":"https:\/\/lobosnews.com.ar\/wp-content\/uploads\/2026\/01\/logo-lobosnews.png","contentUrl":"https:\/\/lobosnews.com.ar\/wp-content\/uploads\/2026\/01\/logo-lobosnews.png","width":500,"height":200,"caption":"Lobos News"},"image":{"@id":"https:\/\/lobosnews.com.ar\/#\/schema\/logo\/image\/"}},{"@type":"Person","@id":"https:\/\/lobosnews.com.ar\/#\/schema\/person\/232422a593d5c541dd9aef6aaed10943","name":"admin","image":{"@type":"ImageObject","inLanguage":"es","@id":"https:\/\/lobosnews.com.ar\/#\/schema\/person\/image\/","url":"https:\/\/secure.gravatar.com\/avatar\/76e419471a2083bc3ceab22a763dbbf9b0c1bd15a6214cf3280e2c2dde4580f9?s=96&d=mm&r=g","contentUrl":"https:\/\/secure.gravatar.com\/avatar\/76e419471a2083bc3ceab22a763dbbf9b0c1bd15a6214cf3280e2c2dde4580f9?s=96&d=mm&r=g","caption":"admin"},"sameAs":["https:\/\/lobosnews.com.ar"],"url":"https:\/\/lobosnews.com.ar\/index.php\/author\/lobos-news\/"}]}},"jetpack_featured_media_url":"https:\/\/lobosnews.com.ar\/wp-content\/uploads\/2026\/04\/silvina-escudero-conto-el-motivo-de-su-separacion-de-federico-tras-9-anos-juntos-vamos-en-diferentes-direcciones-2.jpg","jetpack_sharing_enabled":true,"_links":{"self":[{"href":"https:\/\/lobosnews.com.ar\/index.php\/wp-json\/wp\/v2\/posts\/47023","targetHints":{"allow":["GET"]}}],"collection":[{"href":"https:\/\/lobosnews.com.ar\/index.php\/wp-json\/wp\/v2\/posts"}],"about":[{"href":"https:\/\/lobosnews.com.ar\/index.php\/wp-json\/wp\/v2\/types\/post"}],"author":[{"embeddable":true,"href":"https:\/\/lobosnews.com.ar\/index.php\/wp-json\/wp\/v2\/users\/1"}],"replies":[{"embeddable":true,"href":"https:\/\/lobosnews.com.ar\/index.php\/wp-json\/wp\/v2\/comments?post=47023"}],"version-history":[{"count":1,"href":"https:\/\/lobosnews.com.ar\/index.php\/wp-json\/wp\/v2\/posts\/47023\/revisions"}],"predecessor-version":[{"id":47026,"href":"https:\/\/lobosnews.com.ar\/index.php\/wp-json\/wp\/v2\/posts\/47023\/revisions\/47026"}],"wp:featuredmedia":[{"embeddable":true,"href":"https:\/\/lobosnews.com.ar\/index.php\/wp-json\/wp\/v2\/media\/47027"}],"wp:attachment":[{"href":"https:\/\/lobosnews.com.ar\/index.php\/wp-json\/wp\/v2\/media?parent=47023"}],"wp:term":[{"taxonomy":"category","embeddable":true,"href":"https:\/\/lobosnews.com.ar\/index.php\/wp-json\/wp\/v2\/categories?post=47023"},{"taxonomy":"post_tag","embeddable":true,"href":"https:\/\/lobosnews.com.ar\/index.php\/wp-json\/wp\/v2\/tags?post=47023"}],"curies":[{"name":"wp","href":"https:\/\/api.w.org\/{rel}","templated":true}]}}