{"id":47019,"date":"2026-04-29T04:07:29","date_gmt":"2026-04-29T04:07:29","guid":{"rendered":"https:\/\/lobosnews.com.ar\/index.php\/2026\/04\/29\/cris-morena-recordo-a-romina-yan-y-revelo-por-que-el-28-se-transformo-en-un-dia-especial-para-su-vida-nos-esta-mirando\/"},"modified":"2026-04-29T09:00:48","modified_gmt":"2026-04-29T09:00:48","slug":"cris-morena-recordo-a-romina-yan-y-revelo-por-que-el-28-se-transformo-en-un-dia-especial-para-su-vida-nos-esta-mirando","status":"publish","type":"post","link":"https:\/\/lobosnews.com.ar\/index.php\/2026\/04\/29\/cris-morena-recordo-a-romina-yan-y-revelo-por-que-el-28-se-transformo-en-un-dia-especial-para-su-vida-nos-esta-mirando\/","title":{"rendered":"Cris Morena record\u00f3 a Romina Yan y revel\u00f3 por qu\u00e9 el 28 se transform\u00f3 en un d\u00eda especial para su vida: \u201cNos est\u00e1 mirando\u201d"},"content":{"rendered":"<p>Pasan las fechas, las fotos y los recuerdos, pero en su coraz\u00f3n, la memoria de su hija est\u00e1 m\u00e1s viva que nunca. As\u00ed se siente <b>Cris Morena<\/b> cada vez que <b>Romina Yan<\/b> vuelve a alumbrar su coraz\u00f3n. Es que en las \u00faltimas horas, la productora record\u00f3 a su hija, relat\u00f3 c\u00f3mo transita el duelo y c\u00f3mo logr\u00f3 resignificar la fecha de su muerte.<\/p>\n<p>Todo sucedi\u00f3 cuando Morena visit\u00f3 el programa <i>Hay un cuento<\/i> (Olga) y dialog\u00f3 con Paula Chaves de lo que significa para ella cada d\u00eda 28 del mes -d\u00eda en el que muri\u00f3 Romina Yan en septiembre de 2010-. \u201c<b>Hoy es un d\u00eda superespecial en mi vida. Quiero decirles que es d\u00eda 28, que para m\u00ed es un d\u00eda important\u00edsimo y lo estamos festejando Ro y Mila con ustedes<\/b>\u201d, comenz\u00f3 diciendo Cris, en referencia a la muerte de su hija y de su nieta (julio de 2025)<\/p>\n<p>Con la idea de apoyar a su invitada, la conductora busc\u00f3 dar vuelta a la p\u00e1gina y coment\u00f3: \u201c<b>Qu\u00e9 lindo que puedas estar ac\u00e1 recordando con amor<\/b>\u201d. Sin embargo, en ese instante, Morena se quebr\u00f3 y asegur\u00f3: \u201cNo fue f\u00e1cil, no fue f\u00e1cil venir. Y ahora estoy intentando estar lo m\u00e1s feliz posible porque s\u00e9 que nos est\u00e1n mirando\u201d.<\/p>\n<p>Por \u00faltimo, la productora se refiri\u00f3 al significado detr\u00e1s de la fecha en la que hab\u00edan fallecido sus seres queridos: \u201cPero me pasan cosas importantes justo en el d\u00eda ese. Cuando pasan cosas en el mismo d\u00eda, no en el mismo mes, pero en el mismo d\u00eda de algo que fue, que es fundamental en tu vida, es como imposible olvidarlo. Imposible. Y adem\u00e1s el ocho es un n\u00famero del infinito y el dos tambi\u00e9n, si lo cerr\u00e1s es otro infinito. Entonces son dos infinitos con las cuales me voy a encontrar, as\u00ed que estoy contenta\u201d.<\/p>\n<p>Meses atr\u00e1s, a principios de diciembre, Gustavo Yankelevich transmiti\u00f3 un sentimiento similar. En el marco de su cumplea\u00f1os 76, el productor eligi\u00f3 compartir un mensaje emotivo en sus redes sociales, donde, lejos de centrarse en la celebraci\u00f3n, puso en primer plano el recuerdo de su hija Romina Yan y de su nieta Mila, fallecida apenas cuatro meses antes. <\/p>\n<p>\u201c\u00a1Hoy cumplo 76 a\u00f1os! Rodeado de los quiero, acompa\u00f1ado por muchos que me quieren y que me hicieron llegar muy lindos mensajes. \u00a1Gracias! Mi coraz\u00f3n hoy y todos los d\u00edas est\u00e1 con Romina y con Mila\u201d, escribi\u00f3 Yankelevich, reflejando el peso del duelo familiar en una fecha tan significativa.<\/p>\n<p>Las redes sociales se llenaron de respuestas y muestras de afecto por parte de colegas y amigos del mundo del espect\u00e1culo. Figuras como Jey Mammon, Patricia Viggiano, China Su\u00e1rez, Marcela Coronel, Gast\u00f3n Dalmau, Gabriel Schultz, Diego Torres, Nico V\u00e1zquez, Corina Fiorillo y Mariana Laterza, entre otros, se sumaron a los saludos.<\/p>\n<p><img loading=\"lazy\" decoding=\"async\" src=\"https:\/\/lobosnews.com.ar\/wp-content\/uploads\/2026\/04\/cris-morena-recordo-a-romina-yan-y-revelo-por-que-el-28-se-transformo-en-un-dia-especial-para-su-vida-nos-esta-mirando.jpg\" alt=\"Cris Morena record\u00f3 la muerte de Romina Yan\" height=\"1080\" width=\"1920\"\/><\/p>\n<p>China Su\u00e1rez expres\u00f3: \u201c\u00a1Te quiero mucho, Gus! \u00a1Feliz cumplea\u00f1os! Celebro que est\u00e9s rodeado de tanto amor siempre. Muchos besos\u201d. Nico V\u00e1zquez, por su parte, le dedic\u00f3: \u201cMerec\u00e9s todo ese amor, Gus. Te quiero y admiro con todo mi coraz\u00f3n\u201d, a lo que Yankelevich respondi\u00f3 con gratitud. Los mensajes, cargados de cari\u00f1o y reconocimiento, evidenciaron el aprecio que el productor cosecha en el ambiente art\u00edstico y la importancia de la red de apoyo en momentos de adversidad.<\/p>\n<p>La tragedia golpe\u00f3 a la familia apenas cuatro meses antes de la fecha, sum\u00e1ndose a la p\u00e9rdida de Romina Yan, hija del productor y de la tambi\u00e9n reconocida Cris Morena. El dolor por la ausencia de Mila se hizo presente en cada gesto y palabra, y la familia debi\u00f3 enfrentar el desaf\u00edo de sobrellevar el duelo en medio de la exposici\u00f3n p\u00fablica y el afecto de su entorno.<\/p>\n","protected":false},"excerpt":{"rendered":"<p>Pasan las fechas, las fotos y los recuerdos, pero en su coraz\u00f3n, la memoria de su hija est\u00e1 m\u00e1s viva que nunca. As\u00ed se siente Cris Morena cada vez que Romina Yan vuelve a alumbrar su coraz\u00f3n. Es que en las \u00faltimas horas, la productora record\u00f3 a su hija, relat\u00f3 c\u00f3mo transita el duelo y&#8230;<\/p>\n","protected":false},"author":1,"featured_media":47022,"comment_status":"open","ping_status":"closed","sticky":false,"template":"","format":"standard","meta":{"_jetpack_memberships_contains_paid_content":false,"footnotes":""},"categories":[79],"tags":[],"class_list":["post-47019","post","type-post","status-publish","format-standard","has-post-thumbnail","hentry","category-cine-y-series"],"magazineBlocksPostFeaturedMedia":{"thumbnail":"https:\/\/lobosnews.com.ar\/wp-content\/uploads\/2026\/04\/cris-morena-recordo-a-romina-yan-y-revelo-por-que-el-28-se-transformo-en-un-dia-especial-para-su-vida-nos-esta-mirando-150x150.jpg","medium":"https:\/\/lobosnews.com.ar\/wp-content\/uploads\/2026\/04\/cris-morena-recordo-a-romina-yan-y-revelo-por-que-el-28-se-transformo-en-un-dia-especial-para-su-vida-nos-esta-mirando-300x169.jpg","medium_large":"https:\/\/lobosnews.com.ar\/wp-content\/uploads\/2026\/04\/cris-morena-recordo-a-romina-yan-y-revelo-por-que-el-28-se-transformo-en-un-dia-especial-para-su-vida-nos-esta-mirando-768x432.jpg","large":"https:\/\/lobosnews.com.ar\/wp-content\/uploads\/2026\/04\/cris-morena-recordo-a-romina-yan-y-revelo-por-que-el-28-se-transformo-en-un-dia-especial-para-su-vida-nos-esta-mirando-1024x576.jpg","1536x1536":"https:\/\/lobosnews.com.ar\/wp-content\/uploads\/2026\/04\/cris-morena-recordo-a-romina-yan-y-revelo-por-que-el-28-se-transformo-en-un-dia-especial-para-su-vida-nos-esta-mirando-1536x864.jpg","2048x2048":"https:\/\/lobosnews.com.ar\/wp-content\/uploads\/2026\/04\/cris-morena-recordo-a-romina-yan-y-revelo-por-que-el-28-se-transformo-en-un-dia-especial-para-su-vida-nos-esta-mirando.jpg","newsmatic-featured":"https:\/\/lobosnews.com.ar\/wp-content\/uploads\/2026\/04\/cris-morena-recordo-a-romina-yan-y-revelo-por-que-el-28-se-transformo-en-un-dia-especial-para-su-vida-nos-esta-mirando-820x545.jpg","newsmatic-list":"https:\/\/lobosnews.com.ar\/wp-content\/uploads\/2026\/04\/cris-morena-recordo-a-romina-yan-y-revelo-por-que-el-28-se-transformo-en-un-dia-especial-para-su-vida-nos-esta-mirando-600x400.jpg","newsmatic-thumb":"https:\/\/lobosnews.com.ar\/wp-content\/uploads\/2026\/04\/cris-morena-recordo-a-romina-yan-y-revelo-por-que-el-28-se-transformo-en-un-dia-especial-para-su-vida-nos-esta-mirando-300x200.jpg","newsmatic-small":"https:\/\/lobosnews.com.ar\/wp-content\/uploads\/2026\/04\/cris-morena-recordo-a-romina-yan-y-revelo-por-que-el-28-se-transformo-en-un-dia-especial-para-su-vida-nos-esta-mirando-150x95.jpg","newsmatic-grid":"https:\/\/lobosnews.com.ar\/wp-content\/uploads\/2026\/04\/cris-morena-recordo-a-romina-yan-y-revelo-por-que-el-28-se-transformo-en-un-dia-especial-para-su-vida-nos-esta-mirando-400x250.jpg"},"magazineBlocksPostAuthor":{"name":"admin","avatar":"https:\/\/secure.gravatar.com\/avatar\/76e419471a2083bc3ceab22a763dbbf9b0c1bd15a6214cf3280e2c2dde4580f9?s=96&d=mm&r=g"},"magazineBlocksPostCommentsNumber":"0","magazineBlocksPostExcerpt":"Pasan las fechas, las fotos y los recuerdos, pero en su coraz\u00f3n, la memoria de su hija est\u00e1 m\u00e1s viva que nunca. As\u00ed se siente Cris Morena cada vez que Romina Yan vuelve a alumbrar su coraz\u00f3n. Es que en las \u00faltimas horas, la productora record\u00f3 a su hija, relat\u00f3 c\u00f3mo transita el duelo y...","magazineBlocksPostCategories":["Cine y Series"],"magazineBlocksPostViewCount":6,"magazineBlocksPostReadTime":4,"magazine_blocks_featured_image_url":{"full":["https:\/\/lobosnews.com.ar\/wp-content\/uploads\/2026\/04\/cris-morena-recordo-a-romina-yan-y-revelo-por-que-el-28-se-transformo-en-un-dia-especial-para-su-vida-nos-esta-mirando.jpg",1920,1080,false],"medium":["https:\/\/lobosnews.com.ar\/wp-content\/uploads\/2026\/04\/cris-morena-recordo-a-romina-yan-y-revelo-por-que-el-28-se-transformo-en-un-dia-especial-para-su-vida-nos-esta-mirando-300x169.jpg",300,169,true],"thumbnail":["https:\/\/lobosnews.com.ar\/wp-content\/uploads\/2026\/04\/cris-morena-recordo-a-romina-yan-y-revelo-por-que-el-28-se-transformo-en-un-dia-especial-para-su-vida-nos-esta-mirando-150x150.jpg",150,150,true]},"magazine_blocks_author":{"display_name":"admin","author_link":"https:\/\/lobosnews.com.ar\/index.php\/author\/lobos-news\/"},"magazine_blocks_comment":0,"magazine_blocks_author_image":"https:\/\/secure.gravatar.com\/avatar\/76e419471a2083bc3ceab22a763dbbf9b0c1bd15a6214cf3280e2c2dde4580f9?s=96&d=mm&r=g","magazine_blocks_category":"<a href=\"#\" class=\"category-link category-link-79\">Cine y Series<\/a>","yoast_head":"<!-- This site is optimized with the Yoast SEO plugin v26.6 - https:\/\/yoast.com\/wordpress\/plugins\/seo\/ -->\n<title>Cris Morena record\u00f3 a Romina Yan y revel\u00f3 por qu\u00e9 el 28 se transform\u00f3 en un d\u00eda especial para su vida: \u201cNos est\u00e1 mirando\u201d - Lobos News<\/title>\n<meta name=\"robots\" content=\"index, follow, max-snippet:-1, max-image-preview:large, max-video-preview:-1\" \/>\n<link rel=\"canonical\" href=\"https:\/\/lobosnews.com.ar\/index.php\/2026\/04\/29\/cris-morena-recordo-a-romina-yan-y-revelo-por-que-el-28-se-transformo-en-un-dia-especial-para-su-vida-nos-esta-mirando\/\" \/>\n<meta property=\"og:locale\" content=\"es_ES\" \/>\n<meta property=\"og:type\" content=\"article\" \/>\n<meta property=\"og:title\" content=\"Cris Morena record\u00f3 a Romina Yan y revel\u00f3 por qu\u00e9 el 28 se transform\u00f3 en un d\u00eda especial para su vida: \u201cNos est\u00e1 mirando\u201d - Lobos News\" \/>\n<meta property=\"og:description\" content=\"Pasan las fechas, las fotos y los recuerdos, pero en su coraz\u00f3n, la memoria de su hija est\u00e1 m\u00e1s viva que nunca. As\u00ed se siente Cris Morena cada vez que Romina Yan vuelve a alumbrar su coraz\u00f3n. Es que en las \u00faltimas horas, la productora record\u00f3 a su hija, relat\u00f3 c\u00f3mo transita el duelo y...\" \/>\n<meta property=\"og:url\" content=\"https:\/\/lobosnews.com.ar\/index.php\/2026\/04\/29\/cris-morena-recordo-a-romina-yan-y-revelo-por-que-el-28-se-transformo-en-un-dia-especial-para-su-vida-nos-esta-mirando\/\" \/>\n<meta property=\"og:site_name\" content=\"Lobos News\" \/>\n<meta property=\"article:published_time\" content=\"2026-04-29T04:07:29+00:00\" \/>\n<meta property=\"article:modified_time\" content=\"2026-04-29T09:00:48+00:00\" \/>\n<meta property=\"og:image\" content=\"https:\/\/lobosnews.com.ar\/wp-content\/uploads\/2026\/04\/cris-morena-recordo-a-romina-yan-y-revelo-por-que-el-28-se-transformo-en-un-dia-especial-para-su-vida-nos-esta-mirando.jpg\" \/>\n<meta name=\"author\" content=\"admin\" \/>\n<meta name=\"twitter:card\" content=\"summary_large_image\" \/>\n<meta name=\"twitter:label1\" content=\"Escrito por\" \/>\n\t<meta name=\"twitter:data1\" content=\"admin\" \/>\n\t<meta name=\"twitter:label2\" content=\"Tiempo de lectura\" \/>\n\t<meta name=\"twitter:data2\" content=\"3 minutos\" \/>\n<script type=\"application\/ld+json\" class=\"yoast-schema-graph\">{\"@context\":\"https:\/\/schema.org\",\"@graph\":[{\"@type\":\"Article\",\"@id\":\"https:\/\/lobosnews.com.ar\/index.php\/2026\/04\/29\/cris-morena-recordo-a-romina-yan-y-revelo-por-que-el-28-se-transformo-en-un-dia-especial-para-su-vida-nos-esta-mirando\/#article\",\"isPartOf\":{\"@id\":\"https:\/\/lobosnews.com.ar\/index.php\/2026\/04\/29\/cris-morena-recordo-a-romina-yan-y-revelo-por-que-el-28-se-transformo-en-un-dia-especial-para-su-vida-nos-esta-mirando\/\"},\"author\":{\"name\":\"admin\",\"@id\":\"https:\/\/lobosnews.com.ar\/#\/schema\/person\/232422a593d5c541dd9aef6aaed10943\"},\"headline\":\"Cris Morena record\u00f3 a Romina Yan y revel\u00f3 por qu\u00e9 el 28 se transform\u00f3 en un d\u00eda especial para su vida: \u201cNos est\u00e1 mirando\u201d\",\"datePublished\":\"2026-04-29T04:07:29+00:00\",\"dateModified\":\"2026-04-29T09:00:48+00:00\",\"mainEntityOfPage\":{\"@id\":\"https:\/\/lobosnews.com.ar\/index.php\/2026\/04\/29\/cris-morena-recordo-a-romina-yan-y-revelo-por-que-el-28-se-transformo-en-un-dia-especial-para-su-vida-nos-esta-mirando\/\"},\"wordCount\":675,\"commentCount\":0,\"publisher\":{\"@id\":\"https:\/\/lobosnews.com.ar\/#organization\"},\"image\":{\"@id\":\"https:\/\/lobosnews.com.ar\/index.php\/2026\/04\/29\/cris-morena-recordo-a-romina-yan-y-revelo-por-que-el-28-se-transformo-en-un-dia-especial-para-su-vida-nos-esta-mirando\/#primaryimage\"},\"thumbnailUrl\":\"https:\/\/lobosnews.com.ar\/wp-content\/uploads\/2026\/04\/cris-morena-recordo-a-romina-yan-y-revelo-por-que-el-28-se-transformo-en-un-dia-especial-para-su-vida-nos-esta-mirando.jpg\",\"articleSection\":[\"Cine y Series\"],\"inLanguage\":\"es\",\"potentialAction\":[{\"@type\":\"CommentAction\",\"name\":\"Comment\",\"target\":[\"https:\/\/lobosnews.com.ar\/index.php\/2026\/04\/29\/cris-morena-recordo-a-romina-yan-y-revelo-por-que-el-28-se-transformo-en-un-dia-especial-para-su-vida-nos-esta-mirando\/#respond\"]}]},{\"@type\":\"WebPage\",\"@id\":\"https:\/\/lobosnews.com.ar\/index.php\/2026\/04\/29\/cris-morena-recordo-a-romina-yan-y-revelo-por-que-el-28-se-transformo-en-un-dia-especial-para-su-vida-nos-esta-mirando\/\",\"url\":\"https:\/\/lobosnews.com.ar\/index.php\/2026\/04\/29\/cris-morena-recordo-a-romina-yan-y-revelo-por-que-el-28-se-transformo-en-un-dia-especial-para-su-vida-nos-esta-mirando\/\",\"name\":\"Cris Morena record\u00f3 a Romina Yan y revel\u00f3 por qu\u00e9 el 28 se transform\u00f3 en un d\u00eda especial para su vida: \u201cNos est\u00e1 mirando\u201d - Lobos News\",\"isPartOf\":{\"@id\":\"https:\/\/lobosnews.com.ar\/#website\"},\"primaryImageOfPage\":{\"@id\":\"https:\/\/lobosnews.com.ar\/index.php\/2026\/04\/29\/cris-morena-recordo-a-romina-yan-y-revelo-por-que-el-28-se-transformo-en-un-dia-especial-para-su-vida-nos-esta-mirando\/#primaryimage\"},\"image\":{\"@id\":\"https:\/\/lobosnews.com.ar\/index.php\/2026\/04\/29\/cris-morena-recordo-a-romina-yan-y-revelo-por-que-el-28-se-transformo-en-un-dia-especial-para-su-vida-nos-esta-mirando\/#primaryimage\"},\"thumbnailUrl\":\"https:\/\/lobosnews.com.ar\/wp-content\/uploads\/2026\/04\/cris-morena-recordo-a-romina-yan-y-revelo-por-que-el-28-se-transformo-en-un-dia-especial-para-su-vida-nos-esta-mirando.jpg\",\"datePublished\":\"2026-04-29T04:07:29+00:00\",\"dateModified\":\"2026-04-29T09:00:48+00:00\",\"breadcrumb\":{\"@id\":\"https:\/\/lobosnews.com.ar\/index.php\/2026\/04\/29\/cris-morena-recordo-a-romina-yan-y-revelo-por-que-el-28-se-transformo-en-un-dia-especial-para-su-vida-nos-esta-mirando\/#breadcrumb\"},\"inLanguage\":\"es\",\"potentialAction\":[{\"@type\":\"ReadAction\",\"target\":[\"https:\/\/lobosnews.com.ar\/index.php\/2026\/04\/29\/cris-morena-recordo-a-romina-yan-y-revelo-por-que-el-28-se-transformo-en-un-dia-especial-para-su-vida-nos-esta-mirando\/\"]}]},{\"@type\":\"ImageObject\",\"inLanguage\":\"es\",\"@id\":\"https:\/\/lobosnews.com.ar\/index.php\/2026\/04\/29\/cris-morena-recordo-a-romina-yan-y-revelo-por-que-el-28-se-transformo-en-un-dia-especial-para-su-vida-nos-esta-mirando\/#primaryimage\",\"url\":\"https:\/\/lobosnews.com.ar\/wp-content\/uploads\/2026\/04\/cris-morena-recordo-a-romina-yan-y-revelo-por-que-el-28-se-transformo-en-un-dia-especial-para-su-vida-nos-esta-mirando.jpg\",\"contentUrl\":\"https:\/\/lobosnews.com.ar\/wp-content\/uploads\/2026\/04\/cris-morena-recordo-a-romina-yan-y-revelo-por-que-el-28-se-transformo-en-un-dia-especial-para-su-vida-nos-esta-mirando.jpg\",\"width\":1920,\"height\":1080,\"caption\":\"Cris Morena record\u00f3 a Romina Yan y revel\u00f3 por qu\u00e9 el 28 se transform\u00f3 en un d\u00eda especial para su vida: \u201cNos est\u00e1 mirando\u201d\"},{\"@type\":\"BreadcrumbList\",\"@id\":\"https:\/\/lobosnews.com.ar\/index.php\/2026\/04\/29\/cris-morena-recordo-a-romina-yan-y-revelo-por-que-el-28-se-transformo-en-un-dia-especial-para-su-vida-nos-esta-mirando\/#breadcrumb\",\"itemListElement\":[{\"@type\":\"ListItem\",\"position\":1,\"name\":\"Portada\",\"item\":\"https:\/\/lobosnews.com.ar\/\"},{\"@type\":\"ListItem\",\"position\":2,\"name\":\"Cris Morena record\u00f3 a Romina Yan y revel\u00f3 por qu\u00e9 el 28 se transform\u00f3 en un d\u00eda especial para su vida: \u201cNos est\u00e1 mirando\u201d\"}]},{\"@type\":\"WebSite\",\"@id\":\"https:\/\/lobosnews.com.ar\/#website\",\"url\":\"https:\/\/lobosnews.com.ar\/\",\"name\":\"Lobos News\",\"description\":\"Informaci\u00f3n a cada instante\",\"publisher\":{\"@id\":\"https:\/\/lobosnews.com.ar\/#organization\"},\"potentialAction\":[{\"@type\":\"SearchAction\",\"target\":{\"@type\":\"EntryPoint\",\"urlTemplate\":\"https:\/\/lobosnews.com.ar\/?s={search_term_string}\"},\"query-input\":{\"@type\":\"PropertyValueSpecification\",\"valueRequired\":true,\"valueName\":\"search_term_string\"}}],\"inLanguage\":\"es\"},{\"@type\":\"Organization\",\"@id\":\"https:\/\/lobosnews.com.ar\/#organization\",\"name\":\"Lobos News\",\"url\":\"https:\/\/lobosnews.com.ar\/\",\"logo\":{\"@type\":\"ImageObject\",\"inLanguage\":\"es\",\"@id\":\"https:\/\/lobosnews.com.ar\/#\/schema\/logo\/image\/\",\"url\":\"https:\/\/lobosnews.com.ar\/wp-content\/uploads\/2026\/01\/logo-lobosnews.png\",\"contentUrl\":\"https:\/\/lobosnews.com.ar\/wp-content\/uploads\/2026\/01\/logo-lobosnews.png\",\"width\":500,\"height\":200,\"caption\":\"Lobos News\"},\"image\":{\"@id\":\"https:\/\/lobosnews.com.ar\/#\/schema\/logo\/image\/\"}},{\"@type\":\"Person\",\"@id\":\"https:\/\/lobosnews.com.ar\/#\/schema\/person\/232422a593d5c541dd9aef6aaed10943\",\"name\":\"admin\",\"image\":{\"@type\":\"ImageObject\",\"inLanguage\":\"es\",\"@id\":\"https:\/\/lobosnews.com.ar\/#\/schema\/person\/image\/\",\"url\":\"https:\/\/secure.gravatar.com\/avatar\/76e419471a2083bc3ceab22a763dbbf9b0c1bd15a6214cf3280e2c2dde4580f9?s=96&d=mm&r=g\",\"contentUrl\":\"https:\/\/secure.gravatar.com\/avatar\/76e419471a2083bc3ceab22a763dbbf9b0c1bd15a6214cf3280e2c2dde4580f9?s=96&d=mm&r=g\",\"caption\":\"admin\"},\"sameAs\":[\"https:\/\/lobosnews.com.ar\"],\"url\":\"https:\/\/lobosnews.com.ar\/index.php\/author\/lobos-news\/\"}]}<\/script>\n<!-- \/ Yoast SEO plugin. -->","yoast_head_json":{"title":"Cris Morena record\u00f3 a Romina Yan y revel\u00f3 por qu\u00e9 el 28 se transform\u00f3 en un d\u00eda especial para su vida: \u201cNos est\u00e1 mirando\u201d - Lobos News","robots":{"index":"index","follow":"follow","max-snippet":"max-snippet:-1","max-image-preview":"max-image-preview:large","max-video-preview":"max-video-preview:-1"},"canonical":"https:\/\/lobosnews.com.ar\/index.php\/2026\/04\/29\/cris-morena-recordo-a-romina-yan-y-revelo-por-que-el-28-se-transformo-en-un-dia-especial-para-su-vida-nos-esta-mirando\/","og_locale":"es_ES","og_type":"article","og_title":"Cris Morena record\u00f3 a Romina Yan y revel\u00f3 por qu\u00e9 el 28 se transform\u00f3 en un d\u00eda especial para su vida: \u201cNos est\u00e1 mirando\u201d - Lobos News","og_description":"Pasan las fechas, las fotos y los recuerdos, pero en su coraz\u00f3n, la memoria de su hija est\u00e1 m\u00e1s viva que nunca. As\u00ed se siente Cris Morena cada vez que Romina Yan vuelve a alumbrar su coraz\u00f3n. Es que en las \u00faltimas horas, la productora record\u00f3 a su hija, relat\u00f3 c\u00f3mo transita el duelo y...","og_url":"https:\/\/lobosnews.com.ar\/index.php\/2026\/04\/29\/cris-morena-recordo-a-romina-yan-y-revelo-por-que-el-28-se-transformo-en-un-dia-especial-para-su-vida-nos-esta-mirando\/","og_site_name":"Lobos News","article_published_time":"2026-04-29T04:07:29+00:00","article_modified_time":"2026-04-29T09:00:48+00:00","og_image":[{"url":"https:\/\/lobosnews.com.ar\/wp-content\/uploads\/2026\/04\/cris-morena-recordo-a-romina-yan-y-revelo-por-que-el-28-se-transformo-en-un-dia-especial-para-su-vida-nos-esta-mirando.jpg","type":"","width":"","height":""}],"author":"admin","twitter_card":"summary_large_image","twitter_misc":{"Escrito por":"admin","Tiempo de lectura":"3 minutos"},"schema":{"@context":"https:\/\/schema.org","@graph":[{"@type":"Article","@id":"https:\/\/lobosnews.com.ar\/index.php\/2026\/04\/29\/cris-morena-recordo-a-romina-yan-y-revelo-por-que-el-28-se-transformo-en-un-dia-especial-para-su-vida-nos-esta-mirando\/#article","isPartOf":{"@id":"https:\/\/lobosnews.com.ar\/index.php\/2026\/04\/29\/cris-morena-recordo-a-romina-yan-y-revelo-por-que-el-28-se-transformo-en-un-dia-especial-para-su-vida-nos-esta-mirando\/"},"author":{"name":"admin","@id":"https:\/\/lobosnews.com.ar\/#\/schema\/person\/232422a593d5c541dd9aef6aaed10943"},"headline":"Cris Morena record\u00f3 a Romina Yan y revel\u00f3 por qu\u00e9 el 28 se transform\u00f3 en un d\u00eda especial para su vida: \u201cNos est\u00e1 mirando\u201d","datePublished":"2026-04-29T04:07:29+00:00","dateModified":"2026-04-29T09:00:48+00:00","mainEntityOfPage":{"@id":"https:\/\/lobosnews.com.ar\/index.php\/2026\/04\/29\/cris-morena-recordo-a-romina-yan-y-revelo-por-que-el-28-se-transformo-en-un-dia-especial-para-su-vida-nos-esta-mirando\/"},"wordCount":675,"commentCount":0,"publisher":{"@id":"https:\/\/lobosnews.com.ar\/#organization"},"image":{"@id":"https:\/\/lobosnews.com.ar\/index.php\/2026\/04\/29\/cris-morena-recordo-a-romina-yan-y-revelo-por-que-el-28-se-transformo-en-un-dia-especial-para-su-vida-nos-esta-mirando\/#primaryimage"},"thumbnailUrl":"https:\/\/lobosnews.com.ar\/wp-content\/uploads\/2026\/04\/cris-morena-recordo-a-romina-yan-y-revelo-por-que-el-28-se-transformo-en-un-dia-especial-para-su-vida-nos-esta-mirando.jpg","articleSection":["Cine y Series"],"inLanguage":"es","potentialAction":[{"@type":"CommentAction","name":"Comment","target":["https:\/\/lobosnews.com.ar\/index.php\/2026\/04\/29\/cris-morena-recordo-a-romina-yan-y-revelo-por-que-el-28-se-transformo-en-un-dia-especial-para-su-vida-nos-esta-mirando\/#respond"]}]},{"@type":"WebPage","@id":"https:\/\/lobosnews.com.ar\/index.php\/2026\/04\/29\/cris-morena-recordo-a-romina-yan-y-revelo-por-que-el-28-se-transformo-en-un-dia-especial-para-su-vida-nos-esta-mirando\/","url":"https:\/\/lobosnews.com.ar\/index.php\/2026\/04\/29\/cris-morena-recordo-a-romina-yan-y-revelo-por-que-el-28-se-transformo-en-un-dia-especial-para-su-vida-nos-esta-mirando\/","name":"Cris Morena record\u00f3 a Romina Yan y revel\u00f3 por qu\u00e9 el 28 se transform\u00f3 en un d\u00eda especial para su vida: \u201cNos est\u00e1 mirando\u201d - Lobos News","isPartOf":{"@id":"https:\/\/lobosnews.com.ar\/#website"},"primaryImageOfPage":{"@id":"https:\/\/lobosnews.com.ar\/index.php\/2026\/04\/29\/cris-morena-recordo-a-romina-yan-y-revelo-por-que-el-28-se-transformo-en-un-dia-especial-para-su-vida-nos-esta-mirando\/#primaryimage"},"image":{"@id":"https:\/\/lobosnews.com.ar\/index.php\/2026\/04\/29\/cris-morena-recordo-a-romina-yan-y-revelo-por-que-el-28-se-transformo-en-un-dia-especial-para-su-vida-nos-esta-mirando\/#primaryimage"},"thumbnailUrl":"https:\/\/lobosnews.com.ar\/wp-content\/uploads\/2026\/04\/cris-morena-recordo-a-romina-yan-y-revelo-por-que-el-28-se-transformo-en-un-dia-especial-para-su-vida-nos-esta-mirando.jpg","datePublished":"2026-04-29T04:07:29+00:00","dateModified":"2026-04-29T09:00:48+00:00","breadcrumb":{"@id":"https:\/\/lobosnews.com.ar\/index.php\/2026\/04\/29\/cris-morena-recordo-a-romina-yan-y-revelo-por-que-el-28-se-transformo-en-un-dia-especial-para-su-vida-nos-esta-mirando\/#breadcrumb"},"inLanguage":"es","potentialAction":[{"@type":"ReadAction","target":["https:\/\/lobosnews.com.ar\/index.php\/2026\/04\/29\/cris-morena-recordo-a-romina-yan-y-revelo-por-que-el-28-se-transformo-en-un-dia-especial-para-su-vida-nos-esta-mirando\/"]}]},{"@type":"ImageObject","inLanguage":"es","@id":"https:\/\/lobosnews.com.ar\/index.php\/2026\/04\/29\/cris-morena-recordo-a-romina-yan-y-revelo-por-que-el-28-se-transformo-en-un-dia-especial-para-su-vida-nos-esta-mirando\/#primaryimage","url":"https:\/\/lobosnews.com.ar\/wp-content\/uploads\/2026\/04\/cris-morena-recordo-a-romina-yan-y-revelo-por-que-el-28-se-transformo-en-un-dia-especial-para-su-vida-nos-esta-mirando.jpg","contentUrl":"https:\/\/lobosnews.com.ar\/wp-content\/uploads\/2026\/04\/cris-morena-recordo-a-romina-yan-y-revelo-por-que-el-28-se-transformo-en-un-dia-especial-para-su-vida-nos-esta-mirando.jpg","width":1920,"height":1080,"caption":"Cris Morena record\u00f3 a Romina Yan y revel\u00f3 por qu\u00e9 el 28 se transform\u00f3 en un d\u00eda especial para su vida: \u201cNos est\u00e1 mirando\u201d"},{"@type":"BreadcrumbList","@id":"https:\/\/lobosnews.com.ar\/index.php\/2026\/04\/29\/cris-morena-recordo-a-romina-yan-y-revelo-por-que-el-28-se-transformo-en-un-dia-especial-para-su-vida-nos-esta-mirando\/#breadcrumb","itemListElement":[{"@type":"ListItem","position":1,"name":"Portada","item":"https:\/\/lobosnews.com.ar\/"},{"@type":"ListItem","position":2,"name":"Cris Morena record\u00f3 a Romina Yan y revel\u00f3 por qu\u00e9 el 28 se transform\u00f3 en un d\u00eda especial para su vida: \u201cNos est\u00e1 mirando\u201d"}]},{"@type":"WebSite","@id":"https:\/\/lobosnews.com.ar\/#website","url":"https:\/\/lobosnews.com.ar\/","name":"Lobos News","description":"Informaci\u00f3n a cada instante","publisher":{"@id":"https:\/\/lobosnews.com.ar\/#organization"},"potentialAction":[{"@type":"SearchAction","target":{"@type":"EntryPoint","urlTemplate":"https:\/\/lobosnews.com.ar\/?s={search_term_string}"},"query-input":{"@type":"PropertyValueSpecification","valueRequired":true,"valueName":"search_term_string"}}],"inLanguage":"es"},{"@type":"Organization","@id":"https:\/\/lobosnews.com.ar\/#organization","name":"Lobos News","url":"https:\/\/lobosnews.com.ar\/","logo":{"@type":"ImageObject","inLanguage":"es","@id":"https:\/\/lobosnews.com.ar\/#\/schema\/logo\/image\/","url":"https:\/\/lobosnews.com.ar\/wp-content\/uploads\/2026\/01\/logo-lobosnews.png","contentUrl":"https:\/\/lobosnews.com.ar\/wp-content\/uploads\/2026\/01\/logo-lobosnews.png","width":500,"height":200,"caption":"Lobos News"},"image":{"@id":"https:\/\/lobosnews.com.ar\/#\/schema\/logo\/image\/"}},{"@type":"Person","@id":"https:\/\/lobosnews.com.ar\/#\/schema\/person\/232422a593d5c541dd9aef6aaed10943","name":"admin","image":{"@type":"ImageObject","inLanguage":"es","@id":"https:\/\/lobosnews.com.ar\/#\/schema\/person\/image\/","url":"https:\/\/secure.gravatar.com\/avatar\/76e419471a2083bc3ceab22a763dbbf9b0c1bd15a6214cf3280e2c2dde4580f9?s=96&d=mm&r=g","contentUrl":"https:\/\/secure.gravatar.com\/avatar\/76e419471a2083bc3ceab22a763dbbf9b0c1bd15a6214cf3280e2c2dde4580f9?s=96&d=mm&r=g","caption":"admin"},"sameAs":["https:\/\/lobosnews.com.ar"],"url":"https:\/\/lobosnews.com.ar\/index.php\/author\/lobos-news\/"}]}},"jetpack_featured_media_url":"https:\/\/lobosnews.com.ar\/wp-content\/uploads\/2026\/04\/cris-morena-recordo-a-romina-yan-y-revelo-por-que-el-28-se-transformo-en-un-dia-especial-para-su-vida-nos-esta-mirando.jpg","jetpack_sharing_enabled":true,"_links":{"self":[{"href":"https:\/\/lobosnews.com.ar\/index.php\/wp-json\/wp\/v2\/posts\/47019","targetHints":{"allow":["GET"]}}],"collection":[{"href":"https:\/\/lobosnews.com.ar\/index.php\/wp-json\/wp\/v2\/posts"}],"about":[{"href":"https:\/\/lobosnews.com.ar\/index.php\/wp-json\/wp\/v2\/types\/post"}],"author":[{"embeddable":true,"href":"https:\/\/lobosnews.com.ar\/index.php\/wp-json\/wp\/v2\/users\/1"}],"replies":[{"embeddable":true,"href":"https:\/\/lobosnews.com.ar\/index.php\/wp-json\/wp\/v2\/comments?post=47019"}],"version-history":[{"count":1,"href":"https:\/\/lobosnews.com.ar\/index.php\/wp-json\/wp\/v2\/posts\/47019\/revisions"}],"predecessor-version":[{"id":47021,"href":"https:\/\/lobosnews.com.ar\/index.php\/wp-json\/wp\/v2\/posts\/47019\/revisions\/47021"}],"wp:featuredmedia":[{"embeddable":true,"href":"https:\/\/lobosnews.com.ar\/index.php\/wp-json\/wp\/v2\/media\/47022"}],"wp:attachment":[{"href":"https:\/\/lobosnews.com.ar\/index.php\/wp-json\/wp\/v2\/media?parent=47019"}],"wp:term":[{"taxonomy":"category","embeddable":true,"href":"https:\/\/lobosnews.com.ar\/index.php\/wp-json\/wp\/v2\/categories?post=47019"},{"taxonomy":"post_tag","embeddable":true,"href":"https:\/\/lobosnews.com.ar\/index.php\/wp-json\/wp\/v2\/tags?post=47019"}],"curies":[{"name":"wp","href":"https:\/\/api.w.org\/{rel}","templated":true}]}}