{"id":47013,"date":"2026-04-29T05:00:00","date_gmt":"2026-04-29T05:00:00","guid":{"rendered":"https:\/\/lobosnews.com.ar\/index.php\/2026\/04\/29\/luis-ventura-en-lo-de-pampita-mi-telefono-esta-recontra-pinchado\/"},"modified":"2026-04-29T09:00:46","modified_gmt":"2026-04-29T09:00:46","slug":"luis-ventura-en-lo-de-pampita-mi-telefono-esta-recontra-pinchado","status":"publish","type":"post","link":"https:\/\/lobosnews.com.ar\/index.php\/2026\/04\/29\/luis-ventura-en-lo-de-pampita-mi-telefono-esta-recontra-pinchado\/","title":{"rendered":"Luis Ventura en \u201cLo de Pampita\u201d: \u201cMi tel\u00e9fono est\u00e1 recontra pinchado\u201d"},"content":{"rendered":"<p><span class=\"waslinkname\"><b>Luis Antonio Ventura<\/b> <\/span>-San Pablo, Brasil, 14 de enero de 1956- ejerce actualmente como <b>presidente de la APTRA<\/b> y es <b>m\u00e1nager de Victoriano Arenas<\/b> en la Primera C del f\u00fatbol argentino.<\/p>\n<p>A partir de 2019, se sum\u00f3 a los paneles de <i>Pol\u00e9mica en el bar<\/i> y <i>A la tarde<\/i>, y entre 2018 y 2019 comparti\u00f3 la conducci\u00f3n del programa radial <i>Iluminados <\/i>junto a Adriana Salgueiro en Radio Rivadavia. Su trayectoria en medios incluye la direcci\u00f3n de revista <i>Paparazzi<\/i> desde 2002 hasta 2018,<b> publicaci\u00f3n que fund\u00f3 junto a Jorge Rial, con quien tambi\u00e9n condujo un ciclo radial y la serie <\/b><i><b>Ciudad Goti-k<\/b><\/i><b>.<\/b><\/p>\n<p><b>Pero ante todo, Ventura fue parte del equipo de <\/b><i><b>Intrusos <\/b><\/i><b>en el espect\u00e1culo desde 2001 hasta junio de 2014, <\/b>donde se desempe\u00f1\u00f3 como panelista y, ocasionalmente, presentador suplente de Rial. En 2002 condujo tambi\u00e9n una edici\u00f3n dominical titulada <i>La Selecci\u00f3n<\/i> y, al a\u00f1o siguiente, <i>Secretos verdaderos<\/i> en Am\u00e9rica TV. Ese mismo a\u00f1o particip\u00f3 en <i>Los intocables del espect\u00e1culo<\/i> a mediod\u00eda y, junto a Cristina Clement y Daniel G\u00f3mez Rinaldi, condujo el ciclo radial <i>La Tapa<\/i> en la desaparecida Radio Am\u00e9rica.<\/p>\n<p>Su presencia en radio y televisi\u00f3n se diversific\u00f3 con t\u00edtulos como <i>Ventur\u00edsimo<\/i> en Radio La Red y participaciones en producciones como <i>Todos contra Juan<\/i> (2008) y \u201c<i>Botineras<\/i>\u201d (2009), adem\u00e1s de su intervenci\u00f3n en el programa \u201c<i>La City<\/i>\u201d de Monte Carlo TV en Uruguay. En 2010 se integr\u00f3 a <i>Animales Sueltos<\/i> con <b>Alejandro Fantino<\/b> y cubri\u00f3 a <b>Ricardo Fort<\/b> como jurado en <i>Bailando por un Sue\u00f1o<\/i>.<\/p>\n<p><img fetchpriority=\"high\" decoding=\"async\" src=\"https:\/\/lobosnews.com.ar\/wp-content\/uploads\/2026\/04\/luis-ventura-en-lo-de-pampita-mi-telefono-esta-recontra-pinchado.jpg\" alt=\"\"La \u00faltima vez que me sent\u00e9 a un caf\u00e9 con Rial, me hizo una selfie para promocionar el programa que sacaba al otro d\u00eda. Me sent\u00ed un pelotudo. Hablamos una hora al divino pedo para que \u00e9l se hiciera una selfie. Si quer\u00eda la foto, me la hubiera pedido, se la daba y se iba\", dice Ventura\" height=\"2880\" width=\"1920\"\/><\/p>\n<p>En sus inicios, Ventura estudi\u00f3 <b>Ingenier\u00eda Electr\u00f3nica<\/b> en la Universidad Tecnol\u00f3gica Nacional antes de dedicarse al periodismo tras cinco a\u00f1os de estudios. Invitado a <i>Lo de Pampita<\/i>, repasa su vida, sus trayectoria, sin eludir temas picantes, como su p\u00fablica pelea con Jorge rial (socio por a\u00f1os) y hasta su visi\u00f3n del presidente Milei, cuando era apenas un panelista&#8230;<\/p>\n<p>Ac\u00e1, los momentos m\u00e1s destacados de la charla:<\/p>\n<p><b>\u2014\u00bfTe reconciliaste con Rial? <\/b><\/p>\n<p>\u2014\u00bfCon qui\u00e9n? <\/p>\n<p><b>\u2014<\/b><i><b>(Risas)<\/b><\/i><b> Con tu amigo, Jorge Rial&#8230;<\/b><\/p>\n<p>\u2014El problema es que se reconcilie \u00e9l conmigo, no yo con \u00e9l. Si el que est\u00e1 enojado y me ech\u00f3 a la mierda tres veces fue \u00e9l. <\/p>\n<p><b>\u2014No se puede estar enojado tantos a\u00f1os. <\/b><\/p>\n<p>\u2014S\u00ed, con gente que uno quiera. <\/p>\n<p><b>\u2014Hay pasi\u00f3n ah\u00ed, \u00bfo no? Porque si hay enojo es que todav\u00eda hay algo. <\/b><\/p>\n<p>\u2014No, no, yo ya solt\u00e9 hace a\u00f1os. El que no suelta es \u00e9l.<\/p>\n<p><b>\u2014\u00bfPero te tomar\u00edas un caf\u00e9 con \u00e9l? <\/b><\/p>\n<p>\u2014 La \u00faltima vez que me sent\u00e9 con un caf\u00e9, me hizo una selfie para promocionar el programa que sacaba al otro d\u00eda. Me sent\u00ed un pelotudo. Hablamos una hora al divino pedo para que \u00e9l se hiciera una selfie. Si quer\u00eda la foto, me la hubiera pedido, se la daba y se iba. \u00bfPero para qu\u00e9 \u00edbamos a hablar de las familias y todo eso? Al pedo. <\/p>\n<p><b>\u2014Vos sol\u00e9s decir que lo tapaste en muchas cosas. <\/b><\/p>\n<p>\u2014S\u00ed, \u00bfest\u00e1 mal? <\/p>\n<p><b>\u2014No, est\u00e1 bien. Uno por un amigo hace cualquier cosa. <\/b><\/p>\n<p>\u2014Cualquier cosa no. <\/p>\n<p><b>\u2014Bueno, casi cualquier cosa. <\/b><\/p>\n<p>\u2014Pero \u00e9l sabe. \u00bfPor qu\u00e9 te cre\u00e9s que no me pega Si me denunci\u00f3 y me quiso hacer un juicio. <\/p>\n<p><b>\u2014\u00bfJuicio? \u00bfDe qu\u00e9? <\/b><\/p>\n<p>\u2014Por aprovechamiento psiqui\u00e1trico de su hija, Morena. Sin embargo, cuando quiso tomar una decisi\u00f3n dr\u00e1stica, el primero que lleg\u00f3 y al que llam\u00f3 fui yo. Cuando la internaron en un psiqui\u00e1trico, luch\u00e9 para que la sacaran. Estuve todas las veces que me llam\u00f3. La trajeron al programa donde estoy yo, pero yo no lo decid\u00ed, yo no quer\u00eda que viniera. Yo no la llam\u00e9&#8230; Y \u00e9l se enoj\u00f3 porque contaban cosas que en realidad eran verdad. No las contaba yo. Pero si la verdadera interesada en venir al programa era la hija, yo no le voy a cerrar la puerta. Yo la hice debutar como cantante. Pero el padre no le quer\u00eda dar ese desarrollo. Yo me la quise llevar a <i>Paparazzi <\/i>para que estudiara fotograf\u00eda. Despu\u00e9s la quise llevar a <i>Cr\u00f3nica <\/i>para que escribiera. Despu\u00e9s la hice cantar en una entrega de Mart\u00edn Fierro dos temas, porque ella hab\u00eda grabado dos temas y yo la llev\u00e9 y la hice cantar adelante de toda la concurrencia. <\/p>\n<p><b>\u2014\u00bfY te da pena su situaci\u00f3n de ahora<\/b> <\/p>\n<p>\u2014Prefiero no hablar. <\/p>\n<p><b>\u2014Para cuidarla&#8230; <\/b><\/p>\n<p>\u2014Ya est\u00e1, yo soy un viejo boludo, como me definieron. Y bueno. <\/p>\n<h3>La familia, los hijos&#8230;<\/h3>\n<p><b>\u2014\u00bfQu\u00e9 te reclaman tus hijos?<\/b> <\/p>\n<p>\u2014Amor. <\/p>\n<p><b>\u2014Porque los hijos te dicen la verdad, \u00bfviste? Es como que te van de frente.<\/b> <\/p>\n<p>\u2014Las peores atrocidades. <\/p>\n<p><b>\u2014\u00bfQu\u00e9 te han dicho as\u00ed fuerte? <\/b><\/p>\n<p>\u2014De todo, pero con respeto. <\/p>\n<p><b>\u2014Bueno, \u00bfpero qu\u00e9? <\/b><\/p>\n<p>\u2014\u201cAnd\u00e1, \u00a1\u00bfc\u00f3mo vas a salir as\u00ed, con esa bermuda floreada y esa camisa, impresentable?!\u201d <\/p>\n<p><b>\u2014Te critican el look. <\/b><\/p>\n<p>\u2014S\u00ed. O&#8230; que yo no los dejaba tener tatuajes. Entonces los mayores esperaron a los dieciocho a\u00f1os y y un d\u00eda se llenaron de tatuajes los dos. <\/p>\n<p><b>\u2014<\/b><i><b>(R\u00ede) <\/b><\/i><b>Bueno, pero respetaron la mayor\u00eda de edad. <\/b><\/p>\n<p>\u2014Si no la respetaban hab\u00eda bronca, pero bueno, eso es una familia. Y hay veces que ellos me dan la salida a tantas preguntas que me hago sin respuesta. Y me dicen: \u201c\u00bfY por qu\u00e9 no hac\u00e9s eso?\u201d. Tambi\u00e9n aprendo much\u00edsimo de Anto\u00f1ito&#8230; <i>(N. d ela R.: Anto\u00f1ito, el hijo de 12 a\u00f1os de Luis Ventura y Fabiana Liuzzi, padece una emcefalopat\u00eda cr\u00f3nica no evolutiva, condici\u00f3n cerebral diagnosticada tras nacer prematuro a los seis meses y medio. Esta condici\u00f3n afecta su habla y comportamiento, requiriendo cuidados constantes, estimulaci\u00f3n y medicaci\u00f3n especial). <\/i>Es otro idioma con Anto\u00f1ito, el idioma gestual. Frente a determinados est\u00edmulos, su gestualidad te transmite. Si vos est\u00e1s distra\u00eddo y no lo percib\u00eds, sos un pelotudo. <\/p>\n<p><b>\u2014Qu\u00e9 complicado que \u00e9l no pueda hablar. <\/b><\/p>\n<p>\u2014Pero habla para m\u00ed. Para m\u00ed habla. <\/p>\n<p><b>\u2014\u00a1Qu\u00e9 emoci\u00f3n tener que cuidar a este chico tambi\u00e9n!, \u00bfno? Es un aprendizaje grande como ser humano. <\/b><\/p>\n<p>\u2014S\u00ed, siento que nac\u00ed de vuelta&#8230; Tengo miedo de quebrarme porque estoy&#8230; con mis hijos yo aprend\u00ed la l\u00e1grima. <\/p>\n<p><b>\u2014El dolor m\u00e1s grande de tu vida, \u00bfcu\u00e1l fue? <\/b><\/p>\n<p>\u2014Sin ninguna duda, la muerte de mis dos viejos y mi hermano. Ah\u00ed no me alcanzaron las l\u00e1grimas <i>(se quiebra)<\/i>. A pesar de que en el fondo uno termina pensando que van a un mundo mejor, ya no te importa si com\u00e9s o no com\u00e9s, si dorm\u00eds o no dorm\u00eds. Yo lo escucho mucho a Gustavo Yankelevich y le doy mucho valor a lo que dice en sus di\u00e1logos con Romina, \u00bfno? Con su hija, que parti\u00f3 <i>(llorando)<\/i>, perd\u00f3n. <\/p>\n<p><b>\u2014Se te fue demasiado pronto tu hermano, \u00bfno? Porque los padres parecer\u00eda que se tienen que ir antes que nosotros, pero los hermanos no. <\/b><\/p>\n<p>\u2014Pero mi hermano ten\u00eda una diferencia importante; el termina y\u00e9ndose con c\u00e1ncer de test\u00edculos. Y cuando yo lo llevo por primera vez a hacerse los estudios, \u00e9l se dio vuelta y dice: \u201cNo quiero hacerme los estudios\u201d. Y nos tuvimos que ir. Y despu\u00e9s tuvimos que volver. Y ah\u00ed empezamos a conocer parte de la verdad. Despedir a un ser querido es un sufrimiento tremendo. Yo no le tengo miedo a la muerte. Le tengo miedo a la enfermedad. Por eso digo que se enferma aquel que quiere estar enfermo <i>(llorando). <\/i>Perd\u00f3n, \u00bfeh? Bah, tampoco tengo que pedir perd\u00f3n: el llanto forma parte de la vida.<\/p>\n<p><img loading=\"lazy\" decoding=\"async\" src=\"https:\/\/lobosnews.com.ar\/wp-content\/uploads\/2026\/04\/luis-ventura-en-lo-de-pampita-mi-telefono-esta-recontra-pinchado-1.jpg\" alt=\"\"Con los Mart\u00edn Fierro los \u00fanicos que te aplauden son los que ganan. Despu\u00e9s, hay cuatro millones y medio que te est\u00e1n puteando\", sostiene Luis Ventura\" height=\"1280\" width=\"1920\"\/><\/p>\n<h3>Los Mart\u00edn Fierro<\/h3>\n<p><b>\u2014Voy a entrar un poco en el Mart\u00edn Fierro, donde los que no est\u00e1n nominados, se enojaron. <\/b><\/p>\n<p>\u2014\u00bfSos buena en matem\u00e1ticas? <\/p>\n<p><b>\u2014M\u00e1s o menos. <\/b><\/p>\n<p>\u2014\u00bfQu\u00e9 pasa si vos ten\u00e9s para millones de personas veinte premios? <i>(r\u00ede) <\/i><\/p>\n<p><b>\u2014Imposible. <\/b><\/p>\n<p>\u2014Hay cuatro millones y medio que te est\u00e1n puteando. Primero, porque no los nominaron. Segundo, porque no los invitaron. Tercero, porque no ganaron. Cuarto, porque no pudo entrar el show que iban a ofrecer. O sea&#8230; <\/p>\n<p><b>\u2014Lo que ser\u00e1 tu tel\u00e9fono al d\u00eda siguiente, \u00bfno? Porque quedan veinte contentos, pero el resto se va indignado. <\/b><\/p>\n<p>\u2014Bueno, vos condujiste, ya estuviste en muchos Mart\u00edn Fierro, sab\u00e9s bien c\u00f3mo es&#8230; Te voy a contar un secreto. \u00bfSab\u00e9s d\u00f3nde termino la noche yo? <\/p>\n<p><b>\u2014\u00bfEn d\u00f3nde? <\/b><\/p>\n<p>\u2014En un carrito de la costanera, comiendo bondiolitas. <\/p>\n<p><b>\u2014Claro, porque vos no com\u00e9s en toda la noche. <\/b><\/p>\n<p>\u2014Claro, ah\u00ed me relajo y nadie me rompe las pelotas. Nadie, \u00bfviste? <\/p>\n<p><b>\u2014\u00bfY qu\u00e9 pasa con APTRA? Que se pelearon, renunciaron, echaron. \u00bfQu\u00e9 pas\u00f3 ah\u00ed? Eran todos amigos antes. <\/b><\/p>\n<p>\u2014No, amigos no. <\/p>\n<p><b>\u2014Bueno, parec\u00eda. Y de repente explot\u00f3 todo. Dicen que te quieren quitar la presidencia.<\/b> <\/p>\n<p>\u2014Bueno, que vengan. No duran una semana.<b> <\/b><\/p>\n<p><b>\u2014\u00bfPor? \u00bfEs mucho laburo? <\/b><\/p>\n<p>\u2014Hay que sentarse en el poder. Ese premio te da poder. Hay que estar ah\u00ed. <\/p>\n<p><b>\u2014\u00bfY por qu\u00e9 todos quieren tu lugar? <\/b><\/p>\n<p>\u2014Porque no saben lo que les espera. Que para los cursos de los s\u00e1bado no ten\u00e9s la persona que abra la puerta para recibir a todos los alumnos que van a los cursos. Que hay que arreglar el ba\u00f1o de abajo, de arriba, que hay que bajar un techo porque se est\u00e1 desmoronando, que hay que habilitar el teatro (porque ten\u00e9s que llamar a la municipalidad para que te revisen), porque te llaman y te amenazan que hay una bomba en la puerta, porque te roban. <\/p>\n<p><b>\u2014Hablaste del bot\u00f3n antip\u00e1nico. \u00bfQui\u00e9n te est\u00e1 amenazando? <\/b><\/p>\n<p>\u2014La verdad que no lo s\u00e9. <\/p>\n<p><b>\u2014\u00bfCu\u00e1ntas amenazas recibiste? <\/b><\/p>\n<p>\u2014No menos de cincuenta. Diciendo cosas atroces, que me iban a cortar en cubitos para hacer empanadas. Cosas atroces. <\/p>\n<p><b>\u2014Pero, \u00bfson distintas personas o es un loco obsesionado? <\/b><\/p>\n<p>\u2014No, yo creo que es un grupo con varios chips de celulares robados. Tengo ah\u00ed las amenazas. Se las di a mi abogado, dice que ya los tienen focalizados, que son gente que est\u00e1 jodiendo. <\/p>\n<p><b>\u2014\u00bfEst\u00e1s bien econ\u00f3micamente? \u00bfTen\u00e9s ahorros? <\/b><\/p>\n<p>\u2014Me la revent\u00e9 toda. <\/p>\n<p><b>\u2014\u00bfEn qu\u00e9? <\/b><\/p>\n<p>\u2014En mi familia. <\/p>\n<p><b>\u2014Eso no es reventar, es vivir. <\/b><\/p>\n<p>\u2014Y bueno, pero muchas veces pod\u00e9s ahorrar tambi\u00e9n. Yo no ahorro. Todo para mis hijos. <\/p>\n<h3>Ping-Pong de famosos: \u00bfQu\u00e9 piensa Ventura de los conductores actuales?<\/h3>\n<p><b>\u2014Momento del ping-pong: \u00bfYanina Latorre? <\/b><\/p>\n<p>\u2014Para ella yo soy un cuatro de copas&#8230; pero el cuatro de copas en el Truco Uruguayo es la segunda carta de valor. <\/p>\n<p><b>\u2014Te lo tom\u00e1s as\u00ed&#8230; <\/b><\/p>\n<p>\u2014Pero m\u00e1s all\u00e1 de esto, yo tengo muy buena qu\u00edmica y estoy enamorado de la madre. <\/p>\n<p><b>\u2014Mir\u00e1, \u00bfhay un romance plat\u00f3nico?<\/b><\/p>\n<p>\u2014Una mujer fant\u00e1stica, con un sentido del humor y nos decimos barbaridades cuando nos vemos <i>(r\u00ede). <\/i><\/p>\n<p><b>\u2014A ver si un d\u00eda se concreta eso&#8230; <\/b><\/p>\n<p>\u2014Es una se\u00f1ora que me hace acordar mucho a mi vieja. <\/p>\n<p><b>\u2014Ah, viene por ah\u00ed entonces el romance, como un Edipo. <\/b><\/p>\n<p>\u2014S\u00ed, si yo produjese los espacios en los que estoy, ser\u00eda mi primera invitada.<\/p>\n<p><b>\u2014Otro: \u00bfSanti Del Moro? <\/b><\/p>\n<p>\u2014Durante un a\u00f1o y pico compartimos camar\u00edn de dos por dos.<\/p>\n<p><b>\u2014Fueron \u00edntimos. <\/b><\/p>\n<p>\u2014Nos conocemos los aromas&#8230; <\/p>\n<p><b>\u2014Se conocen los corazones, todo&#8230; <\/b><\/p>\n<p>\u2014Los aromas, los secretos, todo. <\/p>\n<p><b>\u2014Est\u00e1 en un gran momento personal. <\/b><\/p>\n<p>\u2014Siempre lo tuvo. Es buena gente <\/p>\n<p><b>\u2014Es buena gente. Se lo fue ganando, \u00bfno? Como que hizo todos los escalones. <\/b><\/p>\n<p>\u2014Es muy talentoso. Y subi\u00f3 sin cagar a nadie. <\/p>\n<p><img loading=\"lazy\" decoding=\"async\" src=\"https:\/\/lobosnews.com.ar\/wp-content\/uploads\/2026\/04\/luis-ventura-en-lo-de-pampita-mi-telefono-esta-recontra-pinchado-2.jpg\" alt=\"\"Con Canosa me pasa algo raro. Yo siempre la tuve como una compa\u00f1era. Y un buen d\u00eda descubr\u00ed que se hab\u00eda ido. Y que hab\u00eda firmado en Canal 9. Un d\u00eda me pusieron un micr\u00f3fono y dije barbaridades, atrocidades\", explica sobre su distanciamiento con Viviana Canosa\" height=\"1280\" width=\"1920\"\/><\/p>\n<p><b>\u2014Eso no se escucha todos los d\u00edas. \u00bfViviana Canosa <\/b><\/p>\n<p>\u2014Con Canosa me pasa algo raro. Yo siempre la tuve como una compa\u00f1era. Y un buen d\u00eda descubr\u00ed que se hab\u00eda ido. Nunca supe porqu\u00e9. Despu\u00e9s me entero que se hab\u00eda ido adentro de una ambulancia. Que se hab\u00eda ido a un canal. Despu\u00e9s me entero que se hab\u00eda ido enferma, que hab\u00eda firmado en Canal 9. Despu\u00e9s me hizo un juicio, otro juicio, otros tres juicios, que en definitiva no los hac\u00eda ella, sino quien era su pareja de producci\u00f3n. Hasta que un buen d\u00eda me levant\u00e9 dado vuelta, me pusieron un micr\u00f3fono y dije barbaridades, atrocidades, porque hab\u00eda le\u00eddo en la tapa de una revista que se llamaba <i>Qui\u00e9n <\/i>-que era la parte glamorosa de la revista <i>Pronto<\/i>-, diciendo que se hab\u00eda ido del canal sin que sus compa\u00f1eros la saludaran. Y me dio bronca porque dije: si la bronca fue con Rial. <\/p>\n<p><b>\u2014Los meti\u00f3 a todos en la misma bolsa. <\/b><\/p>\n<p>\u2014\u00bfPor qu\u00e9 tienen que cobrar los sonidistas, la gente que siempre la quiso? De hecho, ella despu\u00e9s volvi\u00f3. Por eso sal\u00ed y la hice pelota. <\/p>\n<p><b>\u2014En la foto veo cari\u00f1o. \u00bfSe volvi\u00f3 a arreglar esta relaci\u00f3n? <\/b><\/p>\n<p>\u2014Un d\u00eda me llaman por tel\u00e9fono y me dice: \u201cSoy Viviana Canosa, te invito a tomar un t\u00e9. Ven\u00ed a mi casa, quiero que conozcas a mi hija\u201d. Bueno, me dio la direcci\u00f3n. Era al lado del Hotel Alvear. Entro, toco timbre, se abre la puerta, estaba Canosa con su hija, me la pone en los brazos y&#8230; me cag\u00f3. Ya ah\u00ed no pude pelearme, ya est\u00e1. Y bueno, despu\u00e9s de todo lo que hab\u00edamos hablado, ahora la veo al lado de Rial, que te\u00f3ricamente era el ogro <i>(r\u00ede)<\/i>.<\/p>\n<p><b>\u2014Bueno, cuando se crucen ven qu\u00e9 pasa. <\/b><\/p>\n<p>\u2014Tal cual. <\/p>\n<p><b>\u2014Para ir cerrando, \u00bften\u00edas miedo de venir, Luis? <\/b><\/p>\n<p>\u2014No, \u00bfyo? <\/p>\n<p><b>\u2014Te vi el otro d\u00eda en una entrevista que dijiste: \u201cSi ella me hace tal cosa, yo tengo tal otra\u201d. <\/b><\/p>\n<p>\u2014No, pero yo juego todo el tiempo. <\/p>\n<p><b>\u2014\u00bfLo disfrutaste? \u00bfLa pasaste bien? <\/b><\/p>\n<p>\u2014La pas\u00e9 bien. <\/p>\n<p><b>\u2014Bueno, a ver si alg\u00fan d\u00eda me dan un Mart\u00edn Fierro de conductora, cuando tenga tele de vuelta. <\/b><\/p>\n<p>\u2014\u00bfCu\u00e1ntos ten\u00e9s ya <\/p>\n<p><b>\u2014Siete. <\/b><\/p>\n<p>\u2014Dale, \u00bfy quer\u00e9s m\u00e1s? <\/p>\n<p><b>\u2014Pero yo quiero el de conductora. <\/b><\/p>\n<p>\u2014Quer\u00e9s ganarle a Mirtha, que tiene cuarenta y cuatro. <\/p>\n<p><b>\u2014No, a Mirtha no. <\/b><\/p>\n<p>\u2014Ten\u00e9s que sumar a\u00f1os ahora. <\/p>\n<p><b>\u2014No le puedo ganar. No puedo estar en la misma terna que Mirtha. Nadie le puede ganar a Mirtha, una se\u00f1ora totalmente l\u00facida trabajando hace no s\u00e9 cu\u00e1ntos a\u00f1os. Es decir, nos pon\u00e9s en una terna imposible. Hagamos ternas alternativas.<\/b> <\/p>\n<p>\u2014Eh, pero vos quer\u00e9s ganar uno puntual&#8230; <\/p>\n<p><b>\u2014Yo quiero el de conductora desde que empec\u00e9 a trabajar hace veintisiete a\u00f1os. Quiz\u00e1s alg\u00fan d\u00eda&#8230;<\/b><\/p>\n<p>\u2014No lo veo mal. Pero APTRA tiene noventa y nueve votos m\u00e1s que el m\u00edo. <\/p>\n<p><b>\u2014Los voy a invitar a todos as\u00ed los voy conquistando<\/b><i><b> (risas).<\/b><\/i><b> Un gusto, Luis. <\/b><\/p>\n<p>\u2014Te quiero felicitar por tu familia. <\/p>\n<p><b>\u2014Gracias. Es mi tesoro m\u00e1s grande. <\/b><\/p>\n<p><i><b>Fotos: Jaime Olivos<\/b><\/i><\/p><\/p>\n","protected":false},"excerpt":{"rendered":"<p>Luis Antonio Ventura -San Pablo, Brasil, 14 de enero de 1956- ejerce actualmente como presidente de la APTRA y es m\u00e1nager de Victoriano Arenas en la Primera C del f\u00fatbol argentino. A partir de 2019, se sum\u00f3 a los paneles de Pol\u00e9mica en el bar y A la tarde, y entre 2018 y 2019 comparti\u00f3&#8230;<\/p>\n","protected":false},"author":1,"featured_media":47018,"comment_status":"open","ping_status":"closed","sticky":false,"template":"","format":"standard","meta":{"_jetpack_memberships_contains_paid_content":false,"footnotes":""},"categories":[79],"tags":[],"class_list":["post-47013","post","type-post","status-publish","format-standard","has-post-thumbnail","hentry","category-cine-y-series"],"magazineBlocksPostFeaturedMedia":{"thumbnail":"https:\/\/lobosnews.com.ar\/wp-content\/uploads\/2026\/04\/luis-ventura-en-lo-de-pampita-mi-telefono-esta-recontra-pinchado-4-150x150.jpg","medium":"https:\/\/lobosnews.com.ar\/wp-content\/uploads\/2026\/04\/luis-ventura-en-lo-de-pampita-mi-telefono-esta-recontra-pinchado-4-300x200.jpg","medium_large":"https:\/\/lobosnews.com.ar\/wp-content\/uploads\/2026\/04\/luis-ventura-en-lo-de-pampita-mi-telefono-esta-recontra-pinchado-4-768x512.jpg","large":"https:\/\/lobosnews.com.ar\/wp-content\/uploads\/2026\/04\/luis-ventura-en-lo-de-pampita-mi-telefono-esta-recontra-pinchado-4-1024x683.jpg","1536x1536":"https:\/\/lobosnews.com.ar\/wp-content\/uploads\/2026\/04\/luis-ventura-en-lo-de-pampita-mi-telefono-esta-recontra-pinchado-4-1536x1024.jpg","2048x2048":"https:\/\/lobosnews.com.ar\/wp-content\/uploads\/2026\/04\/luis-ventura-en-lo-de-pampita-mi-telefono-esta-recontra-pinchado-4.jpg","newsmatic-featured":"https:\/\/lobosnews.com.ar\/wp-content\/uploads\/2026\/04\/luis-ventura-en-lo-de-pampita-mi-telefono-esta-recontra-pinchado-4-820x545.jpg","newsmatic-list":"https:\/\/lobosnews.com.ar\/wp-content\/uploads\/2026\/04\/luis-ventura-en-lo-de-pampita-mi-telefono-esta-recontra-pinchado-4-600x400.jpg","newsmatic-thumb":"https:\/\/lobosnews.com.ar\/wp-content\/uploads\/2026\/04\/luis-ventura-en-lo-de-pampita-mi-telefono-esta-recontra-pinchado-4-300x200.jpg","newsmatic-small":"https:\/\/lobosnews.com.ar\/wp-content\/uploads\/2026\/04\/luis-ventura-en-lo-de-pampita-mi-telefono-esta-recontra-pinchado-4-150x95.jpg","newsmatic-grid":"https:\/\/lobosnews.com.ar\/wp-content\/uploads\/2026\/04\/luis-ventura-en-lo-de-pampita-mi-telefono-esta-recontra-pinchado-4-400x250.jpg"},"magazineBlocksPostAuthor":{"name":"admin","avatar":"https:\/\/secure.gravatar.com\/avatar\/76e419471a2083bc3ceab22a763dbbf9b0c1bd15a6214cf3280e2c2dde4580f9?s=96&d=mm&r=g"},"magazineBlocksPostCommentsNumber":"0","magazineBlocksPostExcerpt":"Luis Antonio Ventura -San Pablo, Brasil, 14 de enero de 1956- ejerce actualmente como presidente de la APTRA y es m\u00e1nager de Victoriano Arenas en la Primera C del f\u00fatbol argentino. A partir de 2019, se sum\u00f3 a los paneles de Pol\u00e9mica en el bar y A la tarde, y entre 2018 y 2019 comparti\u00f3...","magazineBlocksPostCategories":["Cine y Series"],"magazineBlocksPostViewCount":4,"magazineBlocksPostReadTime":13,"magazine_blocks_featured_image_url":{"full":["https:\/\/lobosnews.com.ar\/wp-content\/uploads\/2026\/04\/luis-ventura-en-lo-de-pampita-mi-telefono-esta-recontra-pinchado-4.jpg",1920,1280,false],"medium":["https:\/\/lobosnews.com.ar\/wp-content\/uploads\/2026\/04\/luis-ventura-en-lo-de-pampita-mi-telefono-esta-recontra-pinchado-4-300x200.jpg",300,200,true],"thumbnail":["https:\/\/lobosnews.com.ar\/wp-content\/uploads\/2026\/04\/luis-ventura-en-lo-de-pampita-mi-telefono-esta-recontra-pinchado-4-150x150.jpg",150,150,true]},"magazine_blocks_author":{"display_name":"admin","author_link":"https:\/\/lobosnews.com.ar\/index.php\/author\/lobos-news\/"},"magazine_blocks_comment":0,"magazine_blocks_author_image":"https:\/\/secure.gravatar.com\/avatar\/76e419471a2083bc3ceab22a763dbbf9b0c1bd15a6214cf3280e2c2dde4580f9?s=96&d=mm&r=g","magazine_blocks_category":"<a href=\"#\" class=\"category-link category-link-79\">Cine y Series<\/a>","yoast_head":"<!-- This site is optimized with the Yoast SEO plugin v26.6 - https:\/\/yoast.com\/wordpress\/plugins\/seo\/ -->\n<title>Luis Ventura en \u201cLo de Pampita\u201d: \u201cMi tel\u00e9fono est\u00e1 recontra pinchado\u201d - Lobos News<\/title>\n<meta name=\"robots\" content=\"index, follow, max-snippet:-1, max-image-preview:large, max-video-preview:-1\" \/>\n<link rel=\"canonical\" href=\"https:\/\/lobosnews.com.ar\/index.php\/2026\/04\/29\/luis-ventura-en-lo-de-pampita-mi-telefono-esta-recontra-pinchado\/\" \/>\n<meta property=\"og:locale\" content=\"es_ES\" \/>\n<meta property=\"og:type\" content=\"article\" \/>\n<meta property=\"og:title\" content=\"Luis Ventura en \u201cLo de Pampita\u201d: \u201cMi tel\u00e9fono est\u00e1 recontra pinchado\u201d - Lobos News\" \/>\n<meta property=\"og:description\" content=\"Luis Antonio Ventura -San Pablo, Brasil, 14 de enero de 1956- ejerce actualmente como presidente de la APTRA y es m\u00e1nager de Victoriano Arenas en la Primera C del f\u00fatbol argentino. A partir de 2019, se sum\u00f3 a los paneles de Pol\u00e9mica en el bar y A la tarde, y entre 2018 y 2019 comparti\u00f3...\" \/>\n<meta property=\"og:url\" content=\"https:\/\/lobosnews.com.ar\/index.php\/2026\/04\/29\/luis-ventura-en-lo-de-pampita-mi-telefono-esta-recontra-pinchado\/\" \/>\n<meta property=\"og:site_name\" content=\"Lobos News\" \/>\n<meta property=\"article:published_time\" content=\"2026-04-29T05:00:00+00:00\" \/>\n<meta property=\"article:modified_time\" content=\"2026-04-29T09:00:46+00:00\" \/>\n<meta property=\"og:image\" content=\"https:\/\/lobosnews.com.ar\/wp-content\/uploads\/2026\/04\/luis-ventura-en-lo-de-pampita-mi-telefono-esta-recontra-pinchado.jpg\" \/>\n<meta name=\"author\" content=\"admin\" \/>\n<meta name=\"twitter:card\" content=\"summary_large_image\" \/>\n<meta name=\"twitter:label1\" content=\"Escrito por\" \/>\n\t<meta name=\"twitter:data1\" content=\"admin\" \/>\n\t<meta name=\"twitter:label2\" content=\"Tiempo de lectura\" \/>\n\t<meta name=\"twitter:data2\" content=\"12 minutos\" \/>\n<script type=\"application\/ld+json\" class=\"yoast-schema-graph\">{\"@context\":\"https:\/\/schema.org\",\"@graph\":[{\"@type\":\"Article\",\"@id\":\"https:\/\/lobosnews.com.ar\/index.php\/2026\/04\/29\/luis-ventura-en-lo-de-pampita-mi-telefono-esta-recontra-pinchado\/#article\",\"isPartOf\":{\"@id\":\"https:\/\/lobosnews.com.ar\/index.php\/2026\/04\/29\/luis-ventura-en-lo-de-pampita-mi-telefono-esta-recontra-pinchado\/\"},\"author\":{\"name\":\"admin\",\"@id\":\"https:\/\/lobosnews.com.ar\/#\/schema\/person\/232422a593d5c541dd9aef6aaed10943\"},\"headline\":\"Luis Ventura en \u201cLo de Pampita\u201d: \u201cMi tel\u00e9fono est\u00e1 recontra pinchado\u201d\",\"datePublished\":\"2026-04-29T05:00:00+00:00\",\"dateModified\":\"2026-04-29T09:00:46+00:00\",\"mainEntityOfPage\":{\"@id\":\"https:\/\/lobosnews.com.ar\/index.php\/2026\/04\/29\/luis-ventura-en-lo-de-pampita-mi-telefono-esta-recontra-pinchado\/\"},\"wordCount\":2487,\"commentCount\":0,\"publisher\":{\"@id\":\"https:\/\/lobosnews.com.ar\/#organization\"},\"image\":{\"@id\":\"https:\/\/lobosnews.com.ar\/index.php\/2026\/04\/29\/luis-ventura-en-lo-de-pampita-mi-telefono-esta-recontra-pinchado\/#primaryimage\"},\"thumbnailUrl\":\"https:\/\/lobosnews.com.ar\/wp-content\/uploads\/2026\/04\/luis-ventura-en-lo-de-pampita-mi-telefono-esta-recontra-pinchado-4.jpg\",\"articleSection\":[\"Cine y Series\"],\"inLanguage\":\"es\",\"potentialAction\":[{\"@type\":\"CommentAction\",\"name\":\"Comment\",\"target\":[\"https:\/\/lobosnews.com.ar\/index.php\/2026\/04\/29\/luis-ventura-en-lo-de-pampita-mi-telefono-esta-recontra-pinchado\/#respond\"]}]},{\"@type\":\"WebPage\",\"@id\":\"https:\/\/lobosnews.com.ar\/index.php\/2026\/04\/29\/luis-ventura-en-lo-de-pampita-mi-telefono-esta-recontra-pinchado\/\",\"url\":\"https:\/\/lobosnews.com.ar\/index.php\/2026\/04\/29\/luis-ventura-en-lo-de-pampita-mi-telefono-esta-recontra-pinchado\/\",\"name\":\"Luis Ventura en \u201cLo de Pampita\u201d: \u201cMi tel\u00e9fono est\u00e1 recontra pinchado\u201d - Lobos News\",\"isPartOf\":{\"@id\":\"https:\/\/lobosnews.com.ar\/#website\"},\"primaryImageOfPage\":{\"@id\":\"https:\/\/lobosnews.com.ar\/index.php\/2026\/04\/29\/luis-ventura-en-lo-de-pampita-mi-telefono-esta-recontra-pinchado\/#primaryimage\"},\"image\":{\"@id\":\"https:\/\/lobosnews.com.ar\/index.php\/2026\/04\/29\/luis-ventura-en-lo-de-pampita-mi-telefono-esta-recontra-pinchado\/#primaryimage\"},\"thumbnailUrl\":\"https:\/\/lobosnews.com.ar\/wp-content\/uploads\/2026\/04\/luis-ventura-en-lo-de-pampita-mi-telefono-esta-recontra-pinchado-4.jpg\",\"datePublished\":\"2026-04-29T05:00:00+00:00\",\"dateModified\":\"2026-04-29T09:00:46+00:00\",\"breadcrumb\":{\"@id\":\"https:\/\/lobosnews.com.ar\/index.php\/2026\/04\/29\/luis-ventura-en-lo-de-pampita-mi-telefono-esta-recontra-pinchado\/#breadcrumb\"},\"inLanguage\":\"es\",\"potentialAction\":[{\"@type\":\"ReadAction\",\"target\":[\"https:\/\/lobosnews.com.ar\/index.php\/2026\/04\/29\/luis-ventura-en-lo-de-pampita-mi-telefono-esta-recontra-pinchado\/\"]}]},{\"@type\":\"ImageObject\",\"inLanguage\":\"es\",\"@id\":\"https:\/\/lobosnews.com.ar\/index.php\/2026\/04\/29\/luis-ventura-en-lo-de-pampita-mi-telefono-esta-recontra-pinchado\/#primaryimage\",\"url\":\"https:\/\/lobosnews.com.ar\/wp-content\/uploads\/2026\/04\/luis-ventura-en-lo-de-pampita-mi-telefono-esta-recontra-pinchado-4.jpg\",\"contentUrl\":\"https:\/\/lobosnews.com.ar\/wp-content\/uploads\/2026\/04\/luis-ventura-en-lo-de-pampita-mi-telefono-esta-recontra-pinchado-4.jpg\",\"width\":1920,\"height\":1280,\"caption\":\"Luis Ventura en \u201cLo de Pampita\u201d: \u201cMi tel\u00e9fono est\u00e1 recontra pinchado\u201d\"},{\"@type\":\"BreadcrumbList\",\"@id\":\"https:\/\/lobosnews.com.ar\/index.php\/2026\/04\/29\/luis-ventura-en-lo-de-pampita-mi-telefono-esta-recontra-pinchado\/#breadcrumb\",\"itemListElement\":[{\"@type\":\"ListItem\",\"position\":1,\"name\":\"Portada\",\"item\":\"https:\/\/lobosnews.com.ar\/\"},{\"@type\":\"ListItem\",\"position\":2,\"name\":\"Luis Ventura en \u201cLo de Pampita\u201d: \u201cMi tel\u00e9fono est\u00e1 recontra pinchado\u201d\"}]},{\"@type\":\"WebSite\",\"@id\":\"https:\/\/lobosnews.com.ar\/#website\",\"url\":\"https:\/\/lobosnews.com.ar\/\",\"name\":\"Lobos News\",\"description\":\"Informaci\u00f3n a cada instante\",\"publisher\":{\"@id\":\"https:\/\/lobosnews.com.ar\/#organization\"},\"potentialAction\":[{\"@type\":\"SearchAction\",\"target\":{\"@type\":\"EntryPoint\",\"urlTemplate\":\"https:\/\/lobosnews.com.ar\/?s={search_term_string}\"},\"query-input\":{\"@type\":\"PropertyValueSpecification\",\"valueRequired\":true,\"valueName\":\"search_term_string\"}}],\"inLanguage\":\"es\"},{\"@type\":\"Organization\",\"@id\":\"https:\/\/lobosnews.com.ar\/#organization\",\"name\":\"Lobos News\",\"url\":\"https:\/\/lobosnews.com.ar\/\",\"logo\":{\"@type\":\"ImageObject\",\"inLanguage\":\"es\",\"@id\":\"https:\/\/lobosnews.com.ar\/#\/schema\/logo\/image\/\",\"url\":\"https:\/\/lobosnews.com.ar\/wp-content\/uploads\/2026\/01\/logo-lobosnews.png\",\"contentUrl\":\"https:\/\/lobosnews.com.ar\/wp-content\/uploads\/2026\/01\/logo-lobosnews.png\",\"width\":500,\"height\":200,\"caption\":\"Lobos News\"},\"image\":{\"@id\":\"https:\/\/lobosnews.com.ar\/#\/schema\/logo\/image\/\"}},{\"@type\":\"Person\",\"@id\":\"https:\/\/lobosnews.com.ar\/#\/schema\/person\/232422a593d5c541dd9aef6aaed10943\",\"name\":\"admin\",\"image\":{\"@type\":\"ImageObject\",\"inLanguage\":\"es\",\"@id\":\"https:\/\/lobosnews.com.ar\/#\/schema\/person\/image\/\",\"url\":\"https:\/\/secure.gravatar.com\/avatar\/76e419471a2083bc3ceab22a763dbbf9b0c1bd15a6214cf3280e2c2dde4580f9?s=96&d=mm&r=g\",\"contentUrl\":\"https:\/\/secure.gravatar.com\/avatar\/76e419471a2083bc3ceab22a763dbbf9b0c1bd15a6214cf3280e2c2dde4580f9?s=96&d=mm&r=g\",\"caption\":\"admin\"},\"sameAs\":[\"https:\/\/lobosnews.com.ar\"],\"url\":\"https:\/\/lobosnews.com.ar\/index.php\/author\/lobos-news\/\"}]}<\/script>\n<!-- \/ Yoast SEO plugin. -->","yoast_head_json":{"title":"Luis Ventura en \u201cLo de Pampita\u201d: \u201cMi tel\u00e9fono est\u00e1 recontra pinchado\u201d - Lobos News","robots":{"index":"index","follow":"follow","max-snippet":"max-snippet:-1","max-image-preview":"max-image-preview:large","max-video-preview":"max-video-preview:-1"},"canonical":"https:\/\/lobosnews.com.ar\/index.php\/2026\/04\/29\/luis-ventura-en-lo-de-pampita-mi-telefono-esta-recontra-pinchado\/","og_locale":"es_ES","og_type":"article","og_title":"Luis Ventura en \u201cLo de Pampita\u201d: \u201cMi tel\u00e9fono est\u00e1 recontra pinchado\u201d - Lobos News","og_description":"Luis Antonio Ventura -San Pablo, Brasil, 14 de enero de 1956- ejerce actualmente como presidente de la APTRA y es m\u00e1nager de Victoriano Arenas en la Primera C del f\u00fatbol argentino. A partir de 2019, se sum\u00f3 a los paneles de Pol\u00e9mica en el bar y A la tarde, y entre 2018 y 2019 comparti\u00f3...","og_url":"https:\/\/lobosnews.com.ar\/index.php\/2026\/04\/29\/luis-ventura-en-lo-de-pampita-mi-telefono-esta-recontra-pinchado\/","og_site_name":"Lobos News","article_published_time":"2026-04-29T05:00:00+00:00","article_modified_time":"2026-04-29T09:00:46+00:00","og_image":[{"url":"https:\/\/lobosnews.com.ar\/wp-content\/uploads\/2026\/04\/luis-ventura-en-lo-de-pampita-mi-telefono-esta-recontra-pinchado.jpg","type":"","width":"","height":""}],"author":"admin","twitter_card":"summary_large_image","twitter_misc":{"Escrito por":"admin","Tiempo de lectura":"12 minutos"},"schema":{"@context":"https:\/\/schema.org","@graph":[{"@type":"Article","@id":"https:\/\/lobosnews.com.ar\/index.php\/2026\/04\/29\/luis-ventura-en-lo-de-pampita-mi-telefono-esta-recontra-pinchado\/#article","isPartOf":{"@id":"https:\/\/lobosnews.com.ar\/index.php\/2026\/04\/29\/luis-ventura-en-lo-de-pampita-mi-telefono-esta-recontra-pinchado\/"},"author":{"name":"admin","@id":"https:\/\/lobosnews.com.ar\/#\/schema\/person\/232422a593d5c541dd9aef6aaed10943"},"headline":"Luis Ventura en \u201cLo de Pampita\u201d: \u201cMi tel\u00e9fono est\u00e1 recontra pinchado\u201d","datePublished":"2026-04-29T05:00:00+00:00","dateModified":"2026-04-29T09:00:46+00:00","mainEntityOfPage":{"@id":"https:\/\/lobosnews.com.ar\/index.php\/2026\/04\/29\/luis-ventura-en-lo-de-pampita-mi-telefono-esta-recontra-pinchado\/"},"wordCount":2487,"commentCount":0,"publisher":{"@id":"https:\/\/lobosnews.com.ar\/#organization"},"image":{"@id":"https:\/\/lobosnews.com.ar\/index.php\/2026\/04\/29\/luis-ventura-en-lo-de-pampita-mi-telefono-esta-recontra-pinchado\/#primaryimage"},"thumbnailUrl":"https:\/\/lobosnews.com.ar\/wp-content\/uploads\/2026\/04\/luis-ventura-en-lo-de-pampita-mi-telefono-esta-recontra-pinchado-4.jpg","articleSection":["Cine y Series"],"inLanguage":"es","potentialAction":[{"@type":"CommentAction","name":"Comment","target":["https:\/\/lobosnews.com.ar\/index.php\/2026\/04\/29\/luis-ventura-en-lo-de-pampita-mi-telefono-esta-recontra-pinchado\/#respond"]}]},{"@type":"WebPage","@id":"https:\/\/lobosnews.com.ar\/index.php\/2026\/04\/29\/luis-ventura-en-lo-de-pampita-mi-telefono-esta-recontra-pinchado\/","url":"https:\/\/lobosnews.com.ar\/index.php\/2026\/04\/29\/luis-ventura-en-lo-de-pampita-mi-telefono-esta-recontra-pinchado\/","name":"Luis Ventura en \u201cLo de Pampita\u201d: \u201cMi tel\u00e9fono est\u00e1 recontra pinchado\u201d - Lobos News","isPartOf":{"@id":"https:\/\/lobosnews.com.ar\/#website"},"primaryImageOfPage":{"@id":"https:\/\/lobosnews.com.ar\/index.php\/2026\/04\/29\/luis-ventura-en-lo-de-pampita-mi-telefono-esta-recontra-pinchado\/#primaryimage"},"image":{"@id":"https:\/\/lobosnews.com.ar\/index.php\/2026\/04\/29\/luis-ventura-en-lo-de-pampita-mi-telefono-esta-recontra-pinchado\/#primaryimage"},"thumbnailUrl":"https:\/\/lobosnews.com.ar\/wp-content\/uploads\/2026\/04\/luis-ventura-en-lo-de-pampita-mi-telefono-esta-recontra-pinchado-4.jpg","datePublished":"2026-04-29T05:00:00+00:00","dateModified":"2026-04-29T09:00:46+00:00","breadcrumb":{"@id":"https:\/\/lobosnews.com.ar\/index.php\/2026\/04\/29\/luis-ventura-en-lo-de-pampita-mi-telefono-esta-recontra-pinchado\/#breadcrumb"},"inLanguage":"es","potentialAction":[{"@type":"ReadAction","target":["https:\/\/lobosnews.com.ar\/index.php\/2026\/04\/29\/luis-ventura-en-lo-de-pampita-mi-telefono-esta-recontra-pinchado\/"]}]},{"@type":"ImageObject","inLanguage":"es","@id":"https:\/\/lobosnews.com.ar\/index.php\/2026\/04\/29\/luis-ventura-en-lo-de-pampita-mi-telefono-esta-recontra-pinchado\/#primaryimage","url":"https:\/\/lobosnews.com.ar\/wp-content\/uploads\/2026\/04\/luis-ventura-en-lo-de-pampita-mi-telefono-esta-recontra-pinchado-4.jpg","contentUrl":"https:\/\/lobosnews.com.ar\/wp-content\/uploads\/2026\/04\/luis-ventura-en-lo-de-pampita-mi-telefono-esta-recontra-pinchado-4.jpg","width":1920,"height":1280,"caption":"Luis Ventura en \u201cLo de Pampita\u201d: \u201cMi tel\u00e9fono est\u00e1 recontra pinchado\u201d"},{"@type":"BreadcrumbList","@id":"https:\/\/lobosnews.com.ar\/index.php\/2026\/04\/29\/luis-ventura-en-lo-de-pampita-mi-telefono-esta-recontra-pinchado\/#breadcrumb","itemListElement":[{"@type":"ListItem","position":1,"name":"Portada","item":"https:\/\/lobosnews.com.ar\/"},{"@type":"ListItem","position":2,"name":"Luis Ventura en \u201cLo de Pampita\u201d: \u201cMi tel\u00e9fono est\u00e1 recontra pinchado\u201d"}]},{"@type":"WebSite","@id":"https:\/\/lobosnews.com.ar\/#website","url":"https:\/\/lobosnews.com.ar\/","name":"Lobos News","description":"Informaci\u00f3n a cada instante","publisher":{"@id":"https:\/\/lobosnews.com.ar\/#organization"},"potentialAction":[{"@type":"SearchAction","target":{"@type":"EntryPoint","urlTemplate":"https:\/\/lobosnews.com.ar\/?s={search_term_string}"},"query-input":{"@type":"PropertyValueSpecification","valueRequired":true,"valueName":"search_term_string"}}],"inLanguage":"es"},{"@type":"Organization","@id":"https:\/\/lobosnews.com.ar\/#organization","name":"Lobos News","url":"https:\/\/lobosnews.com.ar\/","logo":{"@type":"ImageObject","inLanguage":"es","@id":"https:\/\/lobosnews.com.ar\/#\/schema\/logo\/image\/","url":"https:\/\/lobosnews.com.ar\/wp-content\/uploads\/2026\/01\/logo-lobosnews.png","contentUrl":"https:\/\/lobosnews.com.ar\/wp-content\/uploads\/2026\/01\/logo-lobosnews.png","width":500,"height":200,"caption":"Lobos News"},"image":{"@id":"https:\/\/lobosnews.com.ar\/#\/schema\/logo\/image\/"}},{"@type":"Person","@id":"https:\/\/lobosnews.com.ar\/#\/schema\/person\/232422a593d5c541dd9aef6aaed10943","name":"admin","image":{"@type":"ImageObject","inLanguage":"es","@id":"https:\/\/lobosnews.com.ar\/#\/schema\/person\/image\/","url":"https:\/\/secure.gravatar.com\/avatar\/76e419471a2083bc3ceab22a763dbbf9b0c1bd15a6214cf3280e2c2dde4580f9?s=96&d=mm&r=g","contentUrl":"https:\/\/secure.gravatar.com\/avatar\/76e419471a2083bc3ceab22a763dbbf9b0c1bd15a6214cf3280e2c2dde4580f9?s=96&d=mm&r=g","caption":"admin"},"sameAs":["https:\/\/lobosnews.com.ar"],"url":"https:\/\/lobosnews.com.ar\/index.php\/author\/lobos-news\/"}]}},"jetpack_featured_media_url":"https:\/\/lobosnews.com.ar\/wp-content\/uploads\/2026\/04\/luis-ventura-en-lo-de-pampita-mi-telefono-esta-recontra-pinchado-4.jpg","jetpack_sharing_enabled":true,"_links":{"self":[{"href":"https:\/\/lobosnews.com.ar\/index.php\/wp-json\/wp\/v2\/posts\/47013","targetHints":{"allow":["GET"]}}],"collection":[{"href":"https:\/\/lobosnews.com.ar\/index.php\/wp-json\/wp\/v2\/posts"}],"about":[{"href":"https:\/\/lobosnews.com.ar\/index.php\/wp-json\/wp\/v2\/types\/post"}],"author":[{"embeddable":true,"href":"https:\/\/lobosnews.com.ar\/index.php\/wp-json\/wp\/v2\/users\/1"}],"replies":[{"embeddable":true,"href":"https:\/\/lobosnews.com.ar\/index.php\/wp-json\/wp\/v2\/comments?post=47013"}],"version-history":[{"count":1,"href":"https:\/\/lobosnews.com.ar\/index.php\/wp-json\/wp\/v2\/posts\/47013\/revisions"}],"predecessor-version":[{"id":47017,"href":"https:\/\/lobosnews.com.ar\/index.php\/wp-json\/wp\/v2\/posts\/47013\/revisions\/47017"}],"wp:featuredmedia":[{"embeddable":true,"href":"https:\/\/lobosnews.com.ar\/index.php\/wp-json\/wp\/v2\/media\/47018"}],"wp:attachment":[{"href":"https:\/\/lobosnews.com.ar\/index.php\/wp-json\/wp\/v2\/media?parent=47013"}],"wp:term":[{"taxonomy":"category","embeddable":true,"href":"https:\/\/lobosnews.com.ar\/index.php\/wp-json\/wp\/v2\/categories?post=47013"},{"taxonomy":"post_tag","embeddable":true,"href":"https:\/\/lobosnews.com.ar\/index.php\/wp-json\/wp\/v2\/tags?post=47013"}],"curies":[{"name":"wp","href":"https:\/\/api.w.org\/{rel}","templated":true}]}}