{"id":46992,"date":"2026-04-29T07:06:28","date_gmt":"2026-04-29T07:06:28","guid":{"rendered":"https:\/\/lobosnews.com.ar\/index.php\/2026\/04\/29\/pete-hegseth-comparecera-ante-el-congreso-de-estados-unidos-para-dar-detalles-de-la-operacion-furia-epica-contra-iran\/"},"modified":"2026-04-29T08:43:56","modified_gmt":"2026-04-29T08:43:56","slug":"pete-hegseth-comparecera-ante-el-congreso-de-estados-unidos-para-dar-detalles-de-la-operacion-furia-epica-contra-iran","status":"publish","type":"post","link":"https:\/\/lobosnews.com.ar\/index.php\/2026\/04\/29\/pete-hegseth-comparecera-ante-el-congreso-de-estados-unidos-para-dar-detalles-de-la-operacion-furia-epica-contra-iran\/","title":{"rendered":"Pete Hegseth comparecer\u00e1 ante el Congreso de Estados Unidos para dar detalles de la operaci\u00f3n \u201cFuria \u00c9pica\u201d contra Ir\u00e1n"},"content":{"rendered":"<p><img loading=\"lazy\" decoding=\"async\" src=\"https:\/\/lobosnews.com.ar\/wp-content\/uploads\/2026\/04\/pete-hegseth-comparecera-ante-el-congreso-de-estados-unidos-para-dar-detalles-de-la-operacion-furia-epica-contra-iran.jpg\" alt=\"El secretario de Guerra de Estados Unidos, Pete Hegseth (REUTERS\/Evelyn Hockstein\/Archivo)\" height=\"4335\" width=\"6500\"\/><\/p>\n<p>El secretario de Guerra de Estados Unidos, <b>Pete Hegseth<\/b>, comparecer\u00e1 este mi\u00e9rcoles ante el <b>Comit\u00e9 de Servicios Armados de la C\u00e1mara de Representantes<\/b> para responder por primera vez a los legisladores tras el inicio de la guerra contra el r\u00e9gimen iran\u00ed, un conflicto cuyo costo y legalidad fueron cuestionados por el <b>Partido Dem\u00f3crata<\/b>.<\/p>\n<p><b>La audiencia abordar\u00e1 la propuesta presupuestaria militar para 2027<\/b>, que contempla elevar el gasto en defensa a <b>USD 1,5 mil millones,<\/b> una cifra r\u00e9cord. Se prev\u00e9 que Hegseth y el jefe del Estado Mayor Conjunto, general <b>Dan Caine<\/b>, argumenten la necesidad de <b>aumentar el n\u00famero de drones, sistemas de defensa antimisiles y buques de guerra<\/b>.<\/p>\n<p>Los dem\u00f3cratas enfocar\u00e1n sus preguntas en el costo creciente de la guerra contra Ir\u00e1n, la reducci\u00f3n de las reservas de municiones estadounidenses y el bombardeo de una escuela en el que murieron ni\u00f1os. Tambi\u00e9n se espera que cuestionen la capacidad del Ej\u00e9rcito para contrarrestar los enjambres de drones iran\u00edes, algunos de los cuales lograron atravesar defensas estadounidenses y provocaron bajas entre las tropas.<\/p>\n<p>Los legisladores dem\u00f3cratas no han conseguido aprobar resoluciones que autoricen la operaci\u00f3n militar ni forzar al presidente <b>Donald Trump<\/b> a suspenderla hasta que el Congreso d\u00e9 su aval. Por el momento, los republicanos mantienen su respaldo a Trump y citan preocupaciones por el programa nuclear iran\u00ed y las consecuencias de una retirada, aunque algunos expresan su deseo de que el conflicto finalice pronto.<\/p>\n<p><img loading=\"lazy\" decoding=\"async\" src=\"https:\/\/lobosnews.com.ar\/wp-content\/uploads\/2026\/04\/pete-hegseth-comparecera-ante-el-congreso-de-estados-unidos-para-dar-detalles-de-la-operacion-furia-epica-contra-iran-1.jpg\" alt=\"El secretario de Defensa de Estados Unidos, Pete Hegseth, ofrece una rueda de prensa sobre la guerra con Ir\u00e1n, en el marco de un alto el fuego entre ambos pa\u00edses, en el Pent\u00e1gono, en Washington D.C (REUTERS\/Kevin Lamarque)\" height=\"3392\" width=\"5088\"\/><\/p>\n<p>El cierre del <b>estrecho de Ormuz<\/b> por parte de Ir\u00e1n provoc\u00f3 un aumento en los precios mundiales del petr\u00f3leo y problemas pol\u00edticos para los republicanos de cara a las elecciones de mitad de mandato. Estados Unidos respondi\u00f3 con un bloqueo naval y el despliegue de tres portaaviones en Oriente Medio, algo que no ocurr\u00eda desde hace m\u00e1s de dos d\u00e9cadas. No obstante, las posiciones entre <b>Washington y Teher\u00e1n<\/b> permanecen estancadas, y Trump rechaza la \u00faltima oferta iran\u00ed de reabrir el estrecho a cambio del fin de la guerra, el levantamiento del bloqueo y el aplazamiento de las negociaciones nucleares.<\/p>\n<p>Hegseth brind\u00f3 conferencias de prensa en las que inform\u00f3 sobre la operaci\u00f3n \u201c<b>Furia \u00c9pica<\/b>\u201d. Esta semana, el integrante del Gabinete y el general <b>Caine <\/b>tambi\u00e9n comparecer\u00e1n ante el <b>Comit\u00e9 de Servicios Armados del Senado<\/b>, donde se anticipan preguntas sobre el presupuesto, la guerra y la reciente destituci\u00f3n de altos mandos militares, incluidos el secretario de la Marina, <b>John Phelan<\/b>, y el general <b>Randy George<\/b>.<\/p>\n<p>El senador republicano <b>Thom Tillis<\/b> pidi\u00f3 explicaciones a Hegseth sobre la destituci\u00f3n de altos cargos en un contexto de guerra. \u201cD\u00edganos por qu\u00e9. Usted sabe que estas son posturas importantes. Estamos en una posici\u00f3n de guerra con Ir\u00e1n\u201d, expres\u00f3 Tillis, quien fue clave en la confirmaci\u00f3n de Hegseth y ahora cuestiona su gesti\u00f3n.<\/p>\n<p><img loading=\"lazy\" decoding=\"async\" src=\"https:\/\/lobosnews.com.ar\/wp-content\/uploads\/2026\/04\/pete-hegseth-comparecera-ante-el-congreso-de-estados-unidos-para-dar-detalles-de-la-operacion-furia-epica-contra-iran-2.jpg\" alt=\"El senador republicano Thom Tillis pidi\u00f3 explicaciones a Hegseth sobre la destituci\u00f3n de altos cargos en un contexto de guerra (Europa Press)\" height=\"1285\" width=\"1920\"\/><\/p>\n<p>En materia de Seguridad Nacional, el <b>Pent\u00e1gono<\/b> <b>alcanz\u00f3 un nuevo acuerdo para incrementar el uso de inteligencia artificial de Google<\/b> <b>en operaciones clasificadas<\/b>, seg\u00fan informaron el martes medios estadounidenses.<\/p>\n<p>Esta decisi\u00f3n se produce en un contexto en el que las fuerzas armadas de Estados Unidos buscan reducir la dependencia de la IA de Anthropic, luego de que la empresa rechazara que sus modelos sean utilizados en vigilancia masiva o en operaciones con armas militares letales aut\u00f3nomas.<\/p>\n<p>En febrero, el entonces presidente <b>Donald Trump<\/b> orden\u00f3 cesar el uso de la tecnolog\u00eda de Anthropic tras la designaci\u00f3n de la empresa como un \u201criesgo\u201d para la cadena de suministro de seguridad nacional, seg\u00fan<b> Hegseth<\/b>.<\/p>\n<p><img loading=\"lazy\" decoding=\"async\" src=\"https:\/\/lobosnews.com.ar\/wp-content\/uploads\/2026\/04\/pete-hegseth-comparecera-ante-el-congreso-de-estados-unidos-para-dar-detalles-de-la-operacion-furia-epica-contra-iran-3.jpg\" alt=\"Pent\u00e1gono alcanz\u00f3 un nuevo acuerdo para incrementar el uso de inteligencia artificial de Google (AP\/Julia Demaree Nikhinson)\" height=\"1930\" width=\"2895\"\/><\/p>\n<p>Tras esta crisis, <b>OpenAI<\/b> firm\u00f3 un acuerdo con el gobierno estadounidense para que sus interfaces de IA se empleen en operaciones militares permitidas por la ley. Los contratos del Pent\u00e1gono con proveedores de tecnolog\u00eda establecen el uso de IA solo bajo los marcos legales vigentes.<\/p>\n<p>En 2018, Google abandon\u00f3 el <b>Proyecto Maven<\/b>, un programa del Pent\u00e1gono para integrar inteligencia artificial en operaciones con drones, tras presiones internas de empleados. Sin embargo, en los \u00faltimos a\u00f1os, la compa\u00f1\u00eda ha reorientado su estrategia, reconstruyendo su negocio militar y compitiendo por contratos de computaci\u00f3n en la nube para el sector de defensa.<\/p>\n<p><i>(Con informaci\u00f3n de Associated Press y AFP)<\/i><\/p>\n","protected":false},"excerpt":{"rendered":"<p>El secretario de Guerra de Estados Unidos, Pete Hegseth, comparecer\u00e1 este mi\u00e9rcoles ante el Comit\u00e9 de Servicios Armados de la C\u00e1mara de Representantes para responder por primera vez a los legisladores tras el inicio de la guerra contra el r\u00e9gimen iran\u00ed, un conflicto cuyo costo y legalidad fueron cuestionados por el Partido Dem\u00f3crata. La audiencia&#8230;<\/p>\n","protected":false},"author":1,"featured_media":46998,"comment_status":"open","ping_status":"closed","sticky":false,"template":"","format":"standard","meta":{"_jetpack_memberships_contains_paid_content":false,"footnotes":""},"categories":[31],"tags":[],"class_list":["post-46992","post","type-post","status-publish","format-standard","has-post-thumbnail","hentry","category-actualidad"],"magazineBlocksPostFeaturedMedia":{"thumbnail":"https:\/\/lobosnews.com.ar\/wp-content\/uploads\/2026\/04\/pete-hegseth-comparecera-ante-el-congreso-de-estados-unidos-para-dar-detalles-de-la-operacion-furia-epica-contra-iran-6-150x150.jpg","medium":"https:\/\/lobosnews.com.ar\/wp-content\/uploads\/2026\/04\/pete-hegseth-comparecera-ante-el-congreso-de-estados-unidos-para-dar-detalles-de-la-operacion-furia-epica-contra-iran-6-300x200.jpg","medium_large":"https:\/\/lobosnews.com.ar\/wp-content\/uploads\/2026\/04\/pete-hegseth-comparecera-ante-el-congreso-de-estados-unidos-para-dar-detalles-de-la-operacion-furia-epica-contra-iran-6-768x512.jpg","large":"https:\/\/lobosnews.com.ar\/wp-content\/uploads\/2026\/04\/pete-hegseth-comparecera-ante-el-congreso-de-estados-unidos-para-dar-detalles-de-la-operacion-furia-epica-contra-iran-6-1024x683.jpg","1536x1536":"https:\/\/lobosnews.com.ar\/wp-content\/uploads\/2026\/04\/pete-hegseth-comparecera-ante-el-congreso-de-estados-unidos-para-dar-detalles-de-la-operacion-furia-epica-contra-iran-6-1536x1024.jpg","2048x2048":"https:\/\/lobosnews.com.ar\/wp-content\/uploads\/2026\/04\/pete-hegseth-comparecera-ante-el-congreso-de-estados-unidos-para-dar-detalles-de-la-operacion-furia-epica-contra-iran-6-2048x1365.jpg","newsmatic-featured":"https:\/\/lobosnews.com.ar\/wp-content\/uploads\/2026\/04\/pete-hegseth-comparecera-ante-el-congreso-de-estados-unidos-para-dar-detalles-de-la-operacion-furia-epica-contra-iran-6-820x545.jpg","newsmatic-list":"https:\/\/lobosnews.com.ar\/wp-content\/uploads\/2026\/04\/pete-hegseth-comparecera-ante-el-congreso-de-estados-unidos-para-dar-detalles-de-la-operacion-furia-epica-contra-iran-6-600x400.jpg","newsmatic-thumb":"https:\/\/lobosnews.com.ar\/wp-content\/uploads\/2026\/04\/pete-hegseth-comparecera-ante-el-congreso-de-estados-unidos-para-dar-detalles-de-la-operacion-furia-epica-contra-iran-6-300x200.jpg","newsmatic-small":"https:\/\/lobosnews.com.ar\/wp-content\/uploads\/2026\/04\/pete-hegseth-comparecera-ante-el-congreso-de-estados-unidos-para-dar-detalles-de-la-operacion-furia-epica-contra-iran-6-150x95.jpg","newsmatic-grid":"https:\/\/lobosnews.com.ar\/wp-content\/uploads\/2026\/04\/pete-hegseth-comparecera-ante-el-congreso-de-estados-unidos-para-dar-detalles-de-la-operacion-furia-epica-contra-iran-6-400x250.jpg"},"magazineBlocksPostAuthor":{"name":"admin","avatar":"https:\/\/secure.gravatar.com\/avatar\/76e419471a2083bc3ceab22a763dbbf9b0c1bd15a6214cf3280e2c2dde4580f9?s=96&d=mm&r=g"},"magazineBlocksPostCommentsNumber":"0","magazineBlocksPostExcerpt":"El secretario de Guerra de Estados Unidos, Pete Hegseth, comparecer\u00e1 este mi\u00e9rcoles ante el Comit\u00e9 de Servicios Armados de la C\u00e1mara de Representantes para responder por primera vez a los legisladores tras el inicio de la guerra contra el r\u00e9gimen iran\u00ed, un conflicto cuyo costo y legalidad fueron cuestionados por el Partido Dem\u00f3crata. La audiencia...","magazineBlocksPostCategories":["Actualidad"],"magazineBlocksPostViewCount":11,"magazineBlocksPostReadTime":4,"magazine_blocks_featured_image_url":{"full":["https:\/\/lobosnews.com.ar\/wp-content\/uploads\/2026\/04\/pete-hegseth-comparecera-ante-el-congreso-de-estados-unidos-para-dar-detalles-de-la-operacion-furia-epica-contra-iran-6-scaled.jpg",2560,1707,false],"medium":["https:\/\/lobosnews.com.ar\/wp-content\/uploads\/2026\/04\/pete-hegseth-comparecera-ante-el-congreso-de-estados-unidos-para-dar-detalles-de-la-operacion-furia-epica-contra-iran-6-300x200.jpg",300,200,true],"thumbnail":["https:\/\/lobosnews.com.ar\/wp-content\/uploads\/2026\/04\/pete-hegseth-comparecera-ante-el-congreso-de-estados-unidos-para-dar-detalles-de-la-operacion-furia-epica-contra-iran-6-150x150.jpg",150,150,true]},"magazine_blocks_author":{"display_name":"admin","author_link":"https:\/\/lobosnews.com.ar\/index.php\/author\/lobos-news\/"},"magazine_blocks_comment":0,"magazine_blocks_author_image":"https:\/\/secure.gravatar.com\/avatar\/76e419471a2083bc3ceab22a763dbbf9b0c1bd15a6214cf3280e2c2dde4580f9?s=96&d=mm&r=g","magazine_blocks_category":"<a href=\"#\" class=\"category-link category-link-31\">Actualidad<\/a>","yoast_head":"<!-- This site is optimized with the Yoast SEO plugin v26.6 - https:\/\/yoast.com\/wordpress\/plugins\/seo\/ -->\n<title>Pete Hegseth comparecer\u00e1 ante el Congreso de Estados Unidos para dar detalles de la operaci\u00f3n \u201cFuria \u00c9pica\u201d contra Ir\u00e1n - Lobos News<\/title>\n<meta name=\"robots\" content=\"index, follow, max-snippet:-1, max-image-preview:large, max-video-preview:-1\" \/>\n<link rel=\"canonical\" href=\"https:\/\/lobosnews.com.ar\/index.php\/2026\/04\/29\/pete-hegseth-comparecera-ante-el-congreso-de-estados-unidos-para-dar-detalles-de-la-operacion-furia-epica-contra-iran\/\" \/>\n<meta property=\"og:locale\" content=\"es_ES\" \/>\n<meta property=\"og:type\" content=\"article\" \/>\n<meta property=\"og:title\" content=\"Pete Hegseth comparecer\u00e1 ante el Congreso de Estados Unidos para dar detalles de la operaci\u00f3n \u201cFuria \u00c9pica\u201d contra Ir\u00e1n - Lobos News\" \/>\n<meta property=\"og:description\" content=\"El secretario de Guerra de Estados Unidos, Pete Hegseth, comparecer\u00e1 este mi\u00e9rcoles ante el Comit\u00e9 de Servicios Armados de la C\u00e1mara de Representantes para responder por primera vez a los legisladores tras el inicio de la guerra contra el r\u00e9gimen iran\u00ed, un conflicto cuyo costo y legalidad fueron cuestionados por el Partido Dem\u00f3crata. La audiencia...\" \/>\n<meta property=\"og:url\" content=\"https:\/\/lobosnews.com.ar\/index.php\/2026\/04\/29\/pete-hegseth-comparecera-ante-el-congreso-de-estados-unidos-para-dar-detalles-de-la-operacion-furia-epica-contra-iran\/\" \/>\n<meta property=\"og:site_name\" content=\"Lobos News\" \/>\n<meta property=\"article:published_time\" content=\"2026-04-29T07:06:28+00:00\" \/>\n<meta property=\"article:modified_time\" content=\"2026-04-29T08:43:56+00:00\" \/>\n<meta property=\"og:image\" content=\"https:\/\/lobosnews.com.ar\/wp-content\/uploads\/2026\/04\/pete-hegseth-comparecera-ante-el-congreso-de-estados-unidos-para-dar-detalles-de-la-operacion-furia-epica-contra-iran.jpg\" \/>\n<meta name=\"author\" content=\"admin\" \/>\n<meta name=\"twitter:card\" content=\"summary_large_image\" \/>\n<meta name=\"twitter:label1\" content=\"Escrito por\" \/>\n\t<meta name=\"twitter:data1\" content=\"admin\" \/>\n\t<meta name=\"twitter:label2\" content=\"Tiempo de lectura\" \/>\n\t<meta name=\"twitter:data2\" content=\"4 minutos\" \/>\n<script type=\"application\/ld+json\" class=\"yoast-schema-graph\">{\"@context\":\"https:\/\/schema.org\",\"@graph\":[{\"@type\":\"Article\",\"@id\":\"https:\/\/lobosnews.com.ar\/index.php\/2026\/04\/29\/pete-hegseth-comparecera-ante-el-congreso-de-estados-unidos-para-dar-detalles-de-la-operacion-furia-epica-contra-iran\/#article\",\"isPartOf\":{\"@id\":\"https:\/\/lobosnews.com.ar\/index.php\/2026\/04\/29\/pete-hegseth-comparecera-ante-el-congreso-de-estados-unidos-para-dar-detalles-de-la-operacion-furia-epica-contra-iran\/\"},\"author\":{\"name\":\"admin\",\"@id\":\"https:\/\/lobosnews.com.ar\/#\/schema\/person\/232422a593d5c541dd9aef6aaed10943\"},\"headline\":\"Pete Hegseth comparecer\u00e1 ante el Congreso de Estados Unidos para dar detalles de la operaci\u00f3n \u201cFuria \u00c9pica\u201d contra Ir\u00e1n\",\"datePublished\":\"2026-04-29T07:06:28+00:00\",\"dateModified\":\"2026-04-29T08:43:56+00:00\",\"mainEntityOfPage\":{\"@id\":\"https:\/\/lobosnews.com.ar\/index.php\/2026\/04\/29\/pete-hegseth-comparecera-ante-el-congreso-de-estados-unidos-para-dar-detalles-de-la-operacion-furia-epica-contra-iran\/\"},\"wordCount\":732,\"commentCount\":0,\"publisher\":{\"@id\":\"https:\/\/lobosnews.com.ar\/#organization\"},\"image\":{\"@id\":\"https:\/\/lobosnews.com.ar\/index.php\/2026\/04\/29\/pete-hegseth-comparecera-ante-el-congreso-de-estados-unidos-para-dar-detalles-de-la-operacion-furia-epica-contra-iran\/#primaryimage\"},\"thumbnailUrl\":\"https:\/\/lobosnews.com.ar\/wp-content\/uploads\/2026\/04\/pete-hegseth-comparecera-ante-el-congreso-de-estados-unidos-para-dar-detalles-de-la-operacion-furia-epica-contra-iran-6-scaled.jpg\",\"articleSection\":[\"Actualidad\"],\"inLanguage\":\"es\",\"potentialAction\":[{\"@type\":\"CommentAction\",\"name\":\"Comment\",\"target\":[\"https:\/\/lobosnews.com.ar\/index.php\/2026\/04\/29\/pete-hegseth-comparecera-ante-el-congreso-de-estados-unidos-para-dar-detalles-de-la-operacion-furia-epica-contra-iran\/#respond\"]}]},{\"@type\":\"WebPage\",\"@id\":\"https:\/\/lobosnews.com.ar\/index.php\/2026\/04\/29\/pete-hegseth-comparecera-ante-el-congreso-de-estados-unidos-para-dar-detalles-de-la-operacion-furia-epica-contra-iran\/\",\"url\":\"https:\/\/lobosnews.com.ar\/index.php\/2026\/04\/29\/pete-hegseth-comparecera-ante-el-congreso-de-estados-unidos-para-dar-detalles-de-la-operacion-furia-epica-contra-iran\/\",\"name\":\"Pete Hegseth comparecer\u00e1 ante el Congreso de Estados Unidos para dar detalles de la operaci\u00f3n \u201cFuria \u00c9pica\u201d contra Ir\u00e1n - Lobos News\",\"isPartOf\":{\"@id\":\"https:\/\/lobosnews.com.ar\/#website\"},\"primaryImageOfPage\":{\"@id\":\"https:\/\/lobosnews.com.ar\/index.php\/2026\/04\/29\/pete-hegseth-comparecera-ante-el-congreso-de-estados-unidos-para-dar-detalles-de-la-operacion-furia-epica-contra-iran\/#primaryimage\"},\"image\":{\"@id\":\"https:\/\/lobosnews.com.ar\/index.php\/2026\/04\/29\/pete-hegseth-comparecera-ante-el-congreso-de-estados-unidos-para-dar-detalles-de-la-operacion-furia-epica-contra-iran\/#primaryimage\"},\"thumbnailUrl\":\"https:\/\/lobosnews.com.ar\/wp-content\/uploads\/2026\/04\/pete-hegseth-comparecera-ante-el-congreso-de-estados-unidos-para-dar-detalles-de-la-operacion-furia-epica-contra-iran-6-scaled.jpg\",\"datePublished\":\"2026-04-29T07:06:28+00:00\",\"dateModified\":\"2026-04-29T08:43:56+00:00\",\"breadcrumb\":{\"@id\":\"https:\/\/lobosnews.com.ar\/index.php\/2026\/04\/29\/pete-hegseth-comparecera-ante-el-congreso-de-estados-unidos-para-dar-detalles-de-la-operacion-furia-epica-contra-iran\/#breadcrumb\"},\"inLanguage\":\"es\",\"potentialAction\":[{\"@type\":\"ReadAction\",\"target\":[\"https:\/\/lobosnews.com.ar\/index.php\/2026\/04\/29\/pete-hegseth-comparecera-ante-el-congreso-de-estados-unidos-para-dar-detalles-de-la-operacion-furia-epica-contra-iran\/\"]}]},{\"@type\":\"ImageObject\",\"inLanguage\":\"es\",\"@id\":\"https:\/\/lobosnews.com.ar\/index.php\/2026\/04\/29\/pete-hegseth-comparecera-ante-el-congreso-de-estados-unidos-para-dar-detalles-de-la-operacion-furia-epica-contra-iran\/#primaryimage\",\"url\":\"https:\/\/lobosnews.com.ar\/wp-content\/uploads\/2026\/04\/pete-hegseth-comparecera-ante-el-congreso-de-estados-unidos-para-dar-detalles-de-la-operacion-furia-epica-contra-iran-6-scaled.jpg\",\"contentUrl\":\"https:\/\/lobosnews.com.ar\/wp-content\/uploads\/2026\/04\/pete-hegseth-comparecera-ante-el-congreso-de-estados-unidos-para-dar-detalles-de-la-operacion-furia-epica-contra-iran-6-scaled.jpg\",\"width\":2560,\"height\":1707,\"caption\":\"Pete Hegseth comparecer\u00e1 ante el Congreso de Estados Unidos para dar detalles de la operaci\u00f3n \u201cFuria \u00c9pica\u201d contra Ir\u00e1n\"},{\"@type\":\"BreadcrumbList\",\"@id\":\"https:\/\/lobosnews.com.ar\/index.php\/2026\/04\/29\/pete-hegseth-comparecera-ante-el-congreso-de-estados-unidos-para-dar-detalles-de-la-operacion-furia-epica-contra-iran\/#breadcrumb\",\"itemListElement\":[{\"@type\":\"ListItem\",\"position\":1,\"name\":\"Portada\",\"item\":\"https:\/\/lobosnews.com.ar\/\"},{\"@type\":\"ListItem\",\"position\":2,\"name\":\"Pete Hegseth comparecer\u00e1 ante el Congreso de Estados Unidos para dar detalles de la operaci\u00f3n \u201cFuria \u00c9pica\u201d contra Ir\u00e1n\"}]},{\"@type\":\"WebSite\",\"@id\":\"https:\/\/lobosnews.com.ar\/#website\",\"url\":\"https:\/\/lobosnews.com.ar\/\",\"name\":\"Lobos News\",\"description\":\"Informaci\u00f3n a cada instante\",\"publisher\":{\"@id\":\"https:\/\/lobosnews.com.ar\/#organization\"},\"potentialAction\":[{\"@type\":\"SearchAction\",\"target\":{\"@type\":\"EntryPoint\",\"urlTemplate\":\"https:\/\/lobosnews.com.ar\/?s={search_term_string}\"},\"query-input\":{\"@type\":\"PropertyValueSpecification\",\"valueRequired\":true,\"valueName\":\"search_term_string\"}}],\"inLanguage\":\"es\"},{\"@type\":\"Organization\",\"@id\":\"https:\/\/lobosnews.com.ar\/#organization\",\"name\":\"Lobos News\",\"url\":\"https:\/\/lobosnews.com.ar\/\",\"logo\":{\"@type\":\"ImageObject\",\"inLanguage\":\"es\",\"@id\":\"https:\/\/lobosnews.com.ar\/#\/schema\/logo\/image\/\",\"url\":\"https:\/\/lobosnews.com.ar\/wp-content\/uploads\/2026\/01\/logo-lobosnews.png\",\"contentUrl\":\"https:\/\/lobosnews.com.ar\/wp-content\/uploads\/2026\/01\/logo-lobosnews.png\",\"width\":500,\"height\":200,\"caption\":\"Lobos News\"},\"image\":{\"@id\":\"https:\/\/lobosnews.com.ar\/#\/schema\/logo\/image\/\"}},{\"@type\":\"Person\",\"@id\":\"https:\/\/lobosnews.com.ar\/#\/schema\/person\/232422a593d5c541dd9aef6aaed10943\",\"name\":\"admin\",\"image\":{\"@type\":\"ImageObject\",\"inLanguage\":\"es\",\"@id\":\"https:\/\/lobosnews.com.ar\/#\/schema\/person\/image\/\",\"url\":\"https:\/\/secure.gravatar.com\/avatar\/76e419471a2083bc3ceab22a763dbbf9b0c1bd15a6214cf3280e2c2dde4580f9?s=96&d=mm&r=g\",\"contentUrl\":\"https:\/\/secure.gravatar.com\/avatar\/76e419471a2083bc3ceab22a763dbbf9b0c1bd15a6214cf3280e2c2dde4580f9?s=96&d=mm&r=g\",\"caption\":\"admin\"},\"sameAs\":[\"https:\/\/lobosnews.com.ar\"],\"url\":\"https:\/\/lobosnews.com.ar\/index.php\/author\/lobos-news\/\"}]}<\/script>\n<!-- \/ Yoast SEO plugin. -->","yoast_head_json":{"title":"Pete Hegseth comparecer\u00e1 ante el Congreso de Estados Unidos para dar detalles de la operaci\u00f3n \u201cFuria \u00c9pica\u201d contra Ir\u00e1n - Lobos News","robots":{"index":"index","follow":"follow","max-snippet":"max-snippet:-1","max-image-preview":"max-image-preview:large","max-video-preview":"max-video-preview:-1"},"canonical":"https:\/\/lobosnews.com.ar\/index.php\/2026\/04\/29\/pete-hegseth-comparecera-ante-el-congreso-de-estados-unidos-para-dar-detalles-de-la-operacion-furia-epica-contra-iran\/","og_locale":"es_ES","og_type":"article","og_title":"Pete Hegseth comparecer\u00e1 ante el Congreso de Estados Unidos para dar detalles de la operaci\u00f3n \u201cFuria \u00c9pica\u201d contra Ir\u00e1n - Lobos News","og_description":"El secretario de Guerra de Estados Unidos, Pete Hegseth, comparecer\u00e1 este mi\u00e9rcoles ante el Comit\u00e9 de Servicios Armados de la C\u00e1mara de Representantes para responder por primera vez a los legisladores tras el inicio de la guerra contra el r\u00e9gimen iran\u00ed, un conflicto cuyo costo y legalidad fueron cuestionados por el Partido Dem\u00f3crata. La audiencia...","og_url":"https:\/\/lobosnews.com.ar\/index.php\/2026\/04\/29\/pete-hegseth-comparecera-ante-el-congreso-de-estados-unidos-para-dar-detalles-de-la-operacion-furia-epica-contra-iran\/","og_site_name":"Lobos News","article_published_time":"2026-04-29T07:06:28+00:00","article_modified_time":"2026-04-29T08:43:56+00:00","og_image":[{"url":"https:\/\/lobosnews.com.ar\/wp-content\/uploads\/2026\/04\/pete-hegseth-comparecera-ante-el-congreso-de-estados-unidos-para-dar-detalles-de-la-operacion-furia-epica-contra-iran.jpg","type":"","width":"","height":""}],"author":"admin","twitter_card":"summary_large_image","twitter_misc":{"Escrito por":"admin","Tiempo de lectura":"4 minutos"},"schema":{"@context":"https:\/\/schema.org","@graph":[{"@type":"Article","@id":"https:\/\/lobosnews.com.ar\/index.php\/2026\/04\/29\/pete-hegseth-comparecera-ante-el-congreso-de-estados-unidos-para-dar-detalles-de-la-operacion-furia-epica-contra-iran\/#article","isPartOf":{"@id":"https:\/\/lobosnews.com.ar\/index.php\/2026\/04\/29\/pete-hegseth-comparecera-ante-el-congreso-de-estados-unidos-para-dar-detalles-de-la-operacion-furia-epica-contra-iran\/"},"author":{"name":"admin","@id":"https:\/\/lobosnews.com.ar\/#\/schema\/person\/232422a593d5c541dd9aef6aaed10943"},"headline":"Pete Hegseth comparecer\u00e1 ante el Congreso de Estados Unidos para dar detalles de la operaci\u00f3n \u201cFuria \u00c9pica\u201d contra Ir\u00e1n","datePublished":"2026-04-29T07:06:28+00:00","dateModified":"2026-04-29T08:43:56+00:00","mainEntityOfPage":{"@id":"https:\/\/lobosnews.com.ar\/index.php\/2026\/04\/29\/pete-hegseth-comparecera-ante-el-congreso-de-estados-unidos-para-dar-detalles-de-la-operacion-furia-epica-contra-iran\/"},"wordCount":732,"commentCount":0,"publisher":{"@id":"https:\/\/lobosnews.com.ar\/#organization"},"image":{"@id":"https:\/\/lobosnews.com.ar\/index.php\/2026\/04\/29\/pete-hegseth-comparecera-ante-el-congreso-de-estados-unidos-para-dar-detalles-de-la-operacion-furia-epica-contra-iran\/#primaryimage"},"thumbnailUrl":"https:\/\/lobosnews.com.ar\/wp-content\/uploads\/2026\/04\/pete-hegseth-comparecera-ante-el-congreso-de-estados-unidos-para-dar-detalles-de-la-operacion-furia-epica-contra-iran-6-scaled.jpg","articleSection":["Actualidad"],"inLanguage":"es","potentialAction":[{"@type":"CommentAction","name":"Comment","target":["https:\/\/lobosnews.com.ar\/index.php\/2026\/04\/29\/pete-hegseth-comparecera-ante-el-congreso-de-estados-unidos-para-dar-detalles-de-la-operacion-furia-epica-contra-iran\/#respond"]}]},{"@type":"WebPage","@id":"https:\/\/lobosnews.com.ar\/index.php\/2026\/04\/29\/pete-hegseth-comparecera-ante-el-congreso-de-estados-unidos-para-dar-detalles-de-la-operacion-furia-epica-contra-iran\/","url":"https:\/\/lobosnews.com.ar\/index.php\/2026\/04\/29\/pete-hegseth-comparecera-ante-el-congreso-de-estados-unidos-para-dar-detalles-de-la-operacion-furia-epica-contra-iran\/","name":"Pete Hegseth comparecer\u00e1 ante el Congreso de Estados Unidos para dar detalles de la operaci\u00f3n \u201cFuria \u00c9pica\u201d contra Ir\u00e1n - Lobos News","isPartOf":{"@id":"https:\/\/lobosnews.com.ar\/#website"},"primaryImageOfPage":{"@id":"https:\/\/lobosnews.com.ar\/index.php\/2026\/04\/29\/pete-hegseth-comparecera-ante-el-congreso-de-estados-unidos-para-dar-detalles-de-la-operacion-furia-epica-contra-iran\/#primaryimage"},"image":{"@id":"https:\/\/lobosnews.com.ar\/index.php\/2026\/04\/29\/pete-hegseth-comparecera-ante-el-congreso-de-estados-unidos-para-dar-detalles-de-la-operacion-furia-epica-contra-iran\/#primaryimage"},"thumbnailUrl":"https:\/\/lobosnews.com.ar\/wp-content\/uploads\/2026\/04\/pete-hegseth-comparecera-ante-el-congreso-de-estados-unidos-para-dar-detalles-de-la-operacion-furia-epica-contra-iran-6-scaled.jpg","datePublished":"2026-04-29T07:06:28+00:00","dateModified":"2026-04-29T08:43:56+00:00","breadcrumb":{"@id":"https:\/\/lobosnews.com.ar\/index.php\/2026\/04\/29\/pete-hegseth-comparecera-ante-el-congreso-de-estados-unidos-para-dar-detalles-de-la-operacion-furia-epica-contra-iran\/#breadcrumb"},"inLanguage":"es","potentialAction":[{"@type":"ReadAction","target":["https:\/\/lobosnews.com.ar\/index.php\/2026\/04\/29\/pete-hegseth-comparecera-ante-el-congreso-de-estados-unidos-para-dar-detalles-de-la-operacion-furia-epica-contra-iran\/"]}]},{"@type":"ImageObject","inLanguage":"es","@id":"https:\/\/lobosnews.com.ar\/index.php\/2026\/04\/29\/pete-hegseth-comparecera-ante-el-congreso-de-estados-unidos-para-dar-detalles-de-la-operacion-furia-epica-contra-iran\/#primaryimage","url":"https:\/\/lobosnews.com.ar\/wp-content\/uploads\/2026\/04\/pete-hegseth-comparecera-ante-el-congreso-de-estados-unidos-para-dar-detalles-de-la-operacion-furia-epica-contra-iran-6-scaled.jpg","contentUrl":"https:\/\/lobosnews.com.ar\/wp-content\/uploads\/2026\/04\/pete-hegseth-comparecera-ante-el-congreso-de-estados-unidos-para-dar-detalles-de-la-operacion-furia-epica-contra-iran-6-scaled.jpg","width":2560,"height":1707,"caption":"Pete Hegseth comparecer\u00e1 ante el Congreso de Estados Unidos para dar detalles de la operaci\u00f3n \u201cFuria \u00c9pica\u201d contra Ir\u00e1n"},{"@type":"BreadcrumbList","@id":"https:\/\/lobosnews.com.ar\/index.php\/2026\/04\/29\/pete-hegseth-comparecera-ante-el-congreso-de-estados-unidos-para-dar-detalles-de-la-operacion-furia-epica-contra-iran\/#breadcrumb","itemListElement":[{"@type":"ListItem","position":1,"name":"Portada","item":"https:\/\/lobosnews.com.ar\/"},{"@type":"ListItem","position":2,"name":"Pete Hegseth comparecer\u00e1 ante el Congreso de Estados Unidos para dar detalles de la operaci\u00f3n \u201cFuria \u00c9pica\u201d contra Ir\u00e1n"}]},{"@type":"WebSite","@id":"https:\/\/lobosnews.com.ar\/#website","url":"https:\/\/lobosnews.com.ar\/","name":"Lobos News","description":"Informaci\u00f3n a cada instante","publisher":{"@id":"https:\/\/lobosnews.com.ar\/#organization"},"potentialAction":[{"@type":"SearchAction","target":{"@type":"EntryPoint","urlTemplate":"https:\/\/lobosnews.com.ar\/?s={search_term_string}"},"query-input":{"@type":"PropertyValueSpecification","valueRequired":true,"valueName":"search_term_string"}}],"inLanguage":"es"},{"@type":"Organization","@id":"https:\/\/lobosnews.com.ar\/#organization","name":"Lobos News","url":"https:\/\/lobosnews.com.ar\/","logo":{"@type":"ImageObject","inLanguage":"es","@id":"https:\/\/lobosnews.com.ar\/#\/schema\/logo\/image\/","url":"https:\/\/lobosnews.com.ar\/wp-content\/uploads\/2026\/01\/logo-lobosnews.png","contentUrl":"https:\/\/lobosnews.com.ar\/wp-content\/uploads\/2026\/01\/logo-lobosnews.png","width":500,"height":200,"caption":"Lobos News"},"image":{"@id":"https:\/\/lobosnews.com.ar\/#\/schema\/logo\/image\/"}},{"@type":"Person","@id":"https:\/\/lobosnews.com.ar\/#\/schema\/person\/232422a593d5c541dd9aef6aaed10943","name":"admin","image":{"@type":"ImageObject","inLanguage":"es","@id":"https:\/\/lobosnews.com.ar\/#\/schema\/person\/image\/","url":"https:\/\/secure.gravatar.com\/avatar\/76e419471a2083bc3ceab22a763dbbf9b0c1bd15a6214cf3280e2c2dde4580f9?s=96&d=mm&r=g","contentUrl":"https:\/\/secure.gravatar.com\/avatar\/76e419471a2083bc3ceab22a763dbbf9b0c1bd15a6214cf3280e2c2dde4580f9?s=96&d=mm&r=g","caption":"admin"},"sameAs":["https:\/\/lobosnews.com.ar"],"url":"https:\/\/lobosnews.com.ar\/index.php\/author\/lobos-news\/"}]}},"jetpack_featured_media_url":"https:\/\/lobosnews.com.ar\/wp-content\/uploads\/2026\/04\/pete-hegseth-comparecera-ante-el-congreso-de-estados-unidos-para-dar-detalles-de-la-operacion-furia-epica-contra-iran-6-scaled.jpg","jetpack_sharing_enabled":true,"_links":{"self":[{"href":"https:\/\/lobosnews.com.ar\/index.php\/wp-json\/wp\/v2\/posts\/46992","targetHints":{"allow":["GET"]}}],"collection":[{"href":"https:\/\/lobosnews.com.ar\/index.php\/wp-json\/wp\/v2\/posts"}],"about":[{"href":"https:\/\/lobosnews.com.ar\/index.php\/wp-json\/wp\/v2\/types\/post"}],"author":[{"embeddable":true,"href":"https:\/\/lobosnews.com.ar\/index.php\/wp-json\/wp\/v2\/users\/1"}],"replies":[{"embeddable":true,"href":"https:\/\/lobosnews.com.ar\/index.php\/wp-json\/wp\/v2\/comments?post=46992"}],"version-history":[{"count":1,"href":"https:\/\/lobosnews.com.ar\/index.php\/wp-json\/wp\/v2\/posts\/46992\/revisions"}],"predecessor-version":[{"id":46997,"href":"https:\/\/lobosnews.com.ar\/index.php\/wp-json\/wp\/v2\/posts\/46992\/revisions\/46997"}],"wp:featuredmedia":[{"embeddable":true,"href":"https:\/\/lobosnews.com.ar\/index.php\/wp-json\/wp\/v2\/media\/46998"}],"wp:attachment":[{"href":"https:\/\/lobosnews.com.ar\/index.php\/wp-json\/wp\/v2\/media?parent=46992"}],"wp:term":[{"taxonomy":"category","embeddable":true,"href":"https:\/\/lobosnews.com.ar\/index.php\/wp-json\/wp\/v2\/categories?post=46992"},{"taxonomy":"post_tag","embeddable":true,"href":"https:\/\/lobosnews.com.ar\/index.php\/wp-json\/wp\/v2\/tags?post=46992"}],"curies":[{"name":"wp","href":"https:\/\/api.w.org\/{rel}","templated":true}]}}