{"id":46983,"date":"2026-04-28T22:54:46","date_gmt":"2026-04-28T22:54:46","guid":{"rendered":"https:\/\/lobosnews.com.ar\/index.php\/2026\/04\/28\/river-plate-anuncio-el-nombre-de-su-nuevo-director-deportivo\/"},"modified":"2026-04-29T08:43:29","modified_gmt":"2026-04-29T08:43:29","slug":"river-plate-anuncio-el-nombre-de-su-nuevo-director-deportivo","status":"publish","type":"post","link":"https:\/\/lobosnews.com.ar\/index.php\/2026\/04\/28\/river-plate-anuncio-el-nombre-de-su-nuevo-director-deportivo\/","title":{"rendered":"River Plate anunci\u00f3 el nombre de su nuevo director deportivo"},"content":{"rendered":"<p><img loading=\"lazy\" decoding=\"async\" src=\"https:\/\/lobosnews.com.ar\/wp-content\/uploads\/2026\/04\/river-plate-anuncio-el-nombre-de-su-nuevo-director-deportivo.jpg\" alt=\"Longoria, en su etapa en el Olympique de Marsella (AP Foto\/Daniel Cole)\" height=\"5627\" width=\"8441\"\/><\/p>\n<p>El <b>Club Atl\u00e9tico River Plate<\/b> anunci\u00f3 <b>la incorporaci\u00f3n del ejecutivo espa\u00f1ol Pablo Longoria como nuevo director deportivo<\/b> de la instituci\u00f3n. Con 40 a\u00f1os y 18 a\u00f1os de carrera en el f\u00fatbol europeo de alto nivel, Longoria asume la coordinaci\u00f3n de todas las \u00e1reas vinculadas al f\u00fatbol del club, desde el plantel profesional hasta las divisiones formativas, con dependencia directa del presidente <b>Stefano Di Carlo<\/b> y del secretario t\u00e9cnico <b>Enzo Francescoli<\/b>.<\/p>\n<p>La designaci\u00f3n cierra un proceso de b\u00fasqueda internacional que el club inici\u00f3 tras la llegada de Di Carlo a la presidencia en noviembre de 2025. El perfil buscado era el de un especialista en gesti\u00f3n deportiva con experiencia global y capacidad para modernizar \u00e1reas como el scouting, el desarrollo de juveniles y la planificaci\u00f3n de mercado. <b>Longoria<\/b> cumpl\u00eda con ese perfil: habla seis idiomas \u2014espa\u00f1ol, ingl\u00e9s, italiano, alem\u00e1n, portugu\u00e9s y franc\u00e9s\u2014, lo que le permite negociar sin intermediarios en Am\u00e9rica y <b>Europa<\/b>, y tiene una red de contactos en <b>Sudam\u00e9rica<\/b> construida a lo largo de a\u00f1os de viajes a la regi\u00f3n.<\/p>\n<p>Su trayectoria arranc\u00f3 en 2008 en el \u00e1rea de scouting del <b>Newcastle United<\/b> de <b>Inglaterra<\/b>. Dos a\u00f1os despu\u00e9s, se incorpor\u00f3 al <b>Atalanta<\/b> de la <b>Serie B<\/b> italiana, donde permaneci\u00f3 dos a\u00f1os y medio. El club atravesaba dificultades econ\u00f3micas y el scouting era la herramienta central para optimizar los recursos disponibles. En su primera temporada completa, el equipo gan\u00f3 el campeonato de la segunda divisi\u00f3n y ascendi\u00f3 a la <b>Serie A<\/b>. Fue en esa etapa cuando Longoria impuls\u00f3 la contrataci\u00f3n de los argentinos <b>Maximiliano Moralez<\/b>, procedente de <b>V\u00e9lez<\/b>, y <b>Germ\u00e1n Denis<\/b>, que lleg\u00f3 desde el <b>Udinese<\/b> y se convirti\u00f3 en goleador e \u00eddolo del club.<\/p>\n<p>El salto cualitativo lleg\u00f3 en agosto de 2015, cuando se incorpor\u00f3 a la <b>Juventus de Tur\u00edn<\/b> como jefe mundial de scouting. Durante sus tres a\u00f1os en el club m\u00e1s ganador de <b>Italia<\/b>, la Juventus conquist\u00f3 todos los t\u00edtulos de <b>Serie A<\/b> y <b>Copa Italia<\/b> de ese per\u00edodo y lleg\u00f3 a la final de la <b>Champions League<\/b> en la temporada 2016\/17. Fue en esa etapa cuando Longoria protagoniz\u00f3 uno de los fichajes m\u00e1s rentables de su carrera: <b>viaj\u00f3 a Buenos Aires, pas\u00f3 una semana siguiendo los entrenamientos del juvenil de Boca Juniors Rodrigo Bentancur<\/b>, cen\u00f3 con \u00e9l y conoci\u00f3 su entorno antes de dar el visto bueno a una operaci\u00f3n que se cerr\u00f3 en 9,4 millones de euros en 2017. Cinco temporadas despu\u00e9s, la Juventus vendi\u00f3 al mediocampista uruguayo al <b>Tottenham Hotspur<\/b> por 25 millones de euros. Su exjefe en ese club, <b>Javier Ribalta<\/b>, lo describi\u00f3 con una frase que sintetiza su capacidad de trabajo: <b>\u201cTener a Longoria es como tener a cinco personas trabajando\u201d<\/b>.<\/p>\n<p>En febrero de 2018 dio el paso hacia la direcci\u00f3n deportiva plena al asumir en el <b>Valencia CF<\/b> de <b>Espa\u00f1a<\/b>, donde reorganiz\u00f3 la estructura del club. Bajo su gesti\u00f3n, el equipo volvi\u00f3 a clasificar para la <b>Champions League<\/b> por primera vez desde la temporada 2015\/16 y, al a\u00f1o siguiente, gan\u00f3 la <b>Copa del Rey 2019<\/b> al derrotar al <b>Barcelona<\/b> 2-1 en la final, rompiendo una sequ\u00eda de t\u00edtulos de 11 a\u00f1os. En ese per\u00edodo tambi\u00e9n detect\u00f3 a <b>Yunus Musah<\/b>, juvenil del <b>Arsenal<\/b> al que fich\u00f3 a costo cero con 16 a\u00f1os; a\u00f1os despu\u00e9s, el Valencia lo vendi\u00f3 al <b>AC Milan<\/b> por 21 millones de euros.<\/p>\n<p>En julio de 2020 lleg\u00f3 al <b>Olympique de Marsella<\/b> de <b>Francia<\/b> como director deportivo, en sustituci\u00f3n de <b>Andoni Zubizarreta<\/b>. Apenas siete meses despu\u00e9s fue designado presidente del club, con 34 a\u00f1os, convirti\u00e9ndose en el primer espa\u00f1ol en presidir un hist\u00f3rico de la <b>Ligue 1<\/b>. Durante su etapa en <b>Marsella<\/b> fue miembro del Consejo de la <b>European Club Association (ECA)<\/b> y de la comisi\u00f3n de competiciones de la <b>UEFA<\/b>. Su salida del club se produjo en marzo de 2026, tras alcanzar un acuerdo sobre las condiciones de su desvinculaci\u00f3n.<\/p>\n<p>En <b>River<\/b>, Longoria tendr\u00e1 a su cargo la coordinaci\u00f3n del plantel profesional, la Reserva, el f\u00fatbol formativo, el scouting, la gesti\u00f3n de contratos y el an\u00e1lisis de rendimiento. Su integraci\u00f3n ser\u00e1 progresiva y las decisiones finales quedar\u00e1n en manos de Di Carlo y Francescoli. El proyecto apunta al mediano y largo plazo, con foco en la integraci\u00f3n entre las divisiones inferiores y el primer equipo.<\/p>\n<p>El rol que asume Longoria es una figura consolidada en el f\u00fatbol europeo y brasile\u00f1o \u2014los 20 equipos del <b>Brasileir\u00e3o<\/b> ya cuentan con un director deportivo\u2014, pero que llega por primera vez a la estructura de un club argentino de primer nivel.<\/p>\n<p>Adem\u00e1s de Longoria, los directivos de River Plate ten\u00edan otros proyectos en la mira, como el de <b>Ram\u00f3n Planes<\/b>, espa\u00f1ol de 58 a\u00f1os, quien actualmente trabaja en el Al-Ittihad de Arabia Saudita y con pasado en el Barcelona entre 2018 y 2021, junto a Eric Abidal en la conducci\u00f3n deportiva. Tambi\u00e9n exist\u00eda un tercer candidato cuyo nombre no trascendi\u00f3. No obstante, la opci\u00f3n Longoria fue la que mayor adhesi\u00f3n logr\u00f3. Y buscar\u00e1 robustecer la estructura del f\u00fatbol del Millonario. <\/p>\n","protected":false},"excerpt":{"rendered":"<p>El Club Atl\u00e9tico River Plate anunci\u00f3 la incorporaci\u00f3n del ejecutivo espa\u00f1ol Pablo Longoria como nuevo director deportivo de la instituci\u00f3n. Con 40 a\u00f1os y 18 a\u00f1os de carrera en el f\u00fatbol europeo de alto nivel, Longoria asume la coordinaci\u00f3n de todas las \u00e1reas vinculadas al f\u00fatbol del club, desde el plantel profesional hasta las divisiones&#8230;<\/p>\n","protected":false},"author":1,"featured_media":0,"comment_status":"open","ping_status":"closed","sticky":false,"template":"","format":"standard","meta":{"_jetpack_memberships_contains_paid_content":false,"footnotes":""},"categories":[30],"tags":[39],"class_list":["post-46983","post","type-post","status-publish","format-standard","hentry","category-argentina","tag-deportes"],"magazineBlocksPostFeaturedMedia":{"thumbnail":false,"medium":false,"medium_large":false,"large":false,"1536x1536":false,"2048x2048":false,"newsmatic-featured":false,"newsmatic-list":false,"newsmatic-thumb":false,"newsmatic-small":false,"newsmatic-grid":false},"magazineBlocksPostAuthor":{"name":"admin","avatar":"https:\/\/secure.gravatar.com\/avatar\/76e419471a2083bc3ceab22a763dbbf9b0c1bd15a6214cf3280e2c2dde4580f9?s=96&d=mm&r=g"},"magazineBlocksPostCommentsNumber":"0","magazineBlocksPostExcerpt":"El Club Atl\u00e9tico River Plate anunci\u00f3 la incorporaci\u00f3n del ejecutivo espa\u00f1ol Pablo Longoria como nuevo director deportivo de la instituci\u00f3n. Con 40 a\u00f1os y 18 a\u00f1os de carrera en el f\u00fatbol europeo de alto nivel, Longoria asume la coordinaci\u00f3n de todas las \u00e1reas vinculadas al f\u00fatbol del club, desde el plantel profesional hasta las divisiones...","magazineBlocksPostCategories":["Argentina"],"magazineBlocksPostViewCount":3,"magazineBlocksPostReadTime":5,"magazine_blocks_featured_image_url":{"full":false,"medium":false,"thumbnail":false},"magazine_blocks_author":{"display_name":"admin","author_link":"https:\/\/lobosnews.com.ar\/index.php\/author\/lobos-news\/"},"magazine_blocks_comment":0,"magazine_blocks_author_image":"https:\/\/secure.gravatar.com\/avatar\/76e419471a2083bc3ceab22a763dbbf9b0c1bd15a6214cf3280e2c2dde4580f9?s=96&d=mm&r=g","magazine_blocks_category":"<a href=\"#\" class=\"category-link category-link-30\">Argentina<\/a>","yoast_head":"<!-- This site is optimized with the Yoast SEO plugin v26.6 - https:\/\/yoast.com\/wordpress\/plugins\/seo\/ -->\n<title>River Plate anunci\u00f3 el nombre de su nuevo director deportivo - Lobos News<\/title>\n<meta name=\"robots\" content=\"index, follow, max-snippet:-1, max-image-preview:large, max-video-preview:-1\" \/>\n<link rel=\"canonical\" href=\"https:\/\/lobosnews.com.ar\/index.php\/2026\/04\/28\/river-plate-anuncio-el-nombre-de-su-nuevo-director-deportivo\/\" \/>\n<meta property=\"og:locale\" content=\"es_ES\" \/>\n<meta property=\"og:type\" content=\"article\" \/>\n<meta property=\"og:title\" content=\"River Plate anunci\u00f3 el nombre de su nuevo director deportivo - Lobos News\" \/>\n<meta property=\"og:description\" content=\"El Club Atl\u00e9tico River Plate anunci\u00f3 la incorporaci\u00f3n del ejecutivo espa\u00f1ol Pablo Longoria como nuevo director deportivo de la instituci\u00f3n. Con 40 a\u00f1os y 18 a\u00f1os de carrera en el f\u00fatbol europeo de alto nivel, Longoria asume la coordinaci\u00f3n de todas las \u00e1reas vinculadas al f\u00fatbol del club, desde el plantel profesional hasta las divisiones...\" \/>\n<meta property=\"og:url\" content=\"https:\/\/lobosnews.com.ar\/index.php\/2026\/04\/28\/river-plate-anuncio-el-nombre-de-su-nuevo-director-deportivo\/\" \/>\n<meta property=\"og:site_name\" content=\"Lobos News\" \/>\n<meta property=\"article:published_time\" content=\"2026-04-28T22:54:46+00:00\" \/>\n<meta property=\"article:modified_time\" content=\"2026-04-29T08:43:29+00:00\" \/>\n<meta property=\"og:image\" content=\"https:\/\/lobosnews.com.ar\/wp-content\/uploads\/2026\/04\/river-plate-anuncio-el-nombre-de-su-nuevo-director-deportivo.jpg\" \/>\n<meta name=\"author\" content=\"admin\" \/>\n<meta name=\"twitter:card\" content=\"summary_large_image\" \/>\n<meta name=\"twitter:label1\" content=\"Escrito por\" \/>\n\t<meta name=\"twitter:data1\" content=\"admin\" \/>\n\t<meta name=\"twitter:label2\" content=\"Tiempo de lectura\" \/>\n\t<meta name=\"twitter:data2\" content=\"4 minutos\" \/>\n<script type=\"application\/ld+json\" class=\"yoast-schema-graph\">{\"@context\":\"https:\/\/schema.org\",\"@graph\":[{\"@type\":\"Article\",\"@id\":\"https:\/\/lobosnews.com.ar\/index.php\/2026\/04\/28\/river-plate-anuncio-el-nombre-de-su-nuevo-director-deportivo\/#article\",\"isPartOf\":{\"@id\":\"https:\/\/lobosnews.com.ar\/index.php\/2026\/04\/28\/river-plate-anuncio-el-nombre-de-su-nuevo-director-deportivo\/\"},\"author\":{\"name\":\"admin\",\"@id\":\"https:\/\/lobosnews.com.ar\/#\/schema\/person\/232422a593d5c541dd9aef6aaed10943\"},\"headline\":\"River Plate anunci\u00f3 el nombre de su nuevo director deportivo\",\"datePublished\":\"2026-04-28T22:54:46+00:00\",\"dateModified\":\"2026-04-29T08:43:29+00:00\",\"mainEntityOfPage\":{\"@id\":\"https:\/\/lobosnews.com.ar\/index.php\/2026\/04\/28\/river-plate-anuncio-el-nombre-de-su-nuevo-director-deportivo\/\"},\"wordCount\":886,\"commentCount\":0,\"publisher\":{\"@id\":\"https:\/\/lobosnews.com.ar\/#organization\"},\"image\":{\"@id\":\"https:\/\/lobosnews.com.ar\/index.php\/2026\/04\/28\/river-plate-anuncio-el-nombre-de-su-nuevo-director-deportivo\/#primaryimage\"},\"thumbnailUrl\":\"https:\/\/lobosnews.com.ar\/wp-content\/uploads\/2026\/04\/river-plate-anuncio-el-nombre-de-su-nuevo-director-deportivo.jpg\",\"keywords\":[\"Deportes\"],\"articleSection\":[\"Argentina\"],\"inLanguage\":\"es\",\"potentialAction\":[{\"@type\":\"CommentAction\",\"name\":\"Comment\",\"target\":[\"https:\/\/lobosnews.com.ar\/index.php\/2026\/04\/28\/river-plate-anuncio-el-nombre-de-su-nuevo-director-deportivo\/#respond\"]}]},{\"@type\":\"WebPage\",\"@id\":\"https:\/\/lobosnews.com.ar\/index.php\/2026\/04\/28\/river-plate-anuncio-el-nombre-de-su-nuevo-director-deportivo\/\",\"url\":\"https:\/\/lobosnews.com.ar\/index.php\/2026\/04\/28\/river-plate-anuncio-el-nombre-de-su-nuevo-director-deportivo\/\",\"name\":\"River Plate anunci\u00f3 el nombre de su nuevo director deportivo - Lobos News\",\"isPartOf\":{\"@id\":\"https:\/\/lobosnews.com.ar\/#website\"},\"primaryImageOfPage\":{\"@id\":\"https:\/\/lobosnews.com.ar\/index.php\/2026\/04\/28\/river-plate-anuncio-el-nombre-de-su-nuevo-director-deportivo\/#primaryimage\"},\"image\":{\"@id\":\"https:\/\/lobosnews.com.ar\/index.php\/2026\/04\/28\/river-plate-anuncio-el-nombre-de-su-nuevo-director-deportivo\/#primaryimage\"},\"thumbnailUrl\":\"https:\/\/lobosnews.com.ar\/wp-content\/uploads\/2026\/04\/river-plate-anuncio-el-nombre-de-su-nuevo-director-deportivo.jpg\",\"datePublished\":\"2026-04-28T22:54:46+00:00\",\"dateModified\":\"2026-04-29T08:43:29+00:00\",\"breadcrumb\":{\"@id\":\"https:\/\/lobosnews.com.ar\/index.php\/2026\/04\/28\/river-plate-anuncio-el-nombre-de-su-nuevo-director-deportivo\/#breadcrumb\"},\"inLanguage\":\"es\",\"potentialAction\":[{\"@type\":\"ReadAction\",\"target\":[\"https:\/\/lobosnews.com.ar\/index.php\/2026\/04\/28\/river-plate-anuncio-el-nombre-de-su-nuevo-director-deportivo\/\"]}]},{\"@type\":\"ImageObject\",\"inLanguage\":\"es\",\"@id\":\"https:\/\/lobosnews.com.ar\/index.php\/2026\/04\/28\/river-plate-anuncio-el-nombre-de-su-nuevo-director-deportivo\/#primaryimage\",\"url\":\"https:\/\/lobosnews.com.ar\/wp-content\/uploads\/2026\/04\/river-plate-anuncio-el-nombre-de-su-nuevo-director-deportivo.jpg\",\"contentUrl\":\"https:\/\/lobosnews.com.ar\/wp-content\/uploads\/2026\/04\/river-plate-anuncio-el-nombre-de-su-nuevo-director-deportivo.jpg\"},{\"@type\":\"BreadcrumbList\",\"@id\":\"https:\/\/lobosnews.com.ar\/index.php\/2026\/04\/28\/river-plate-anuncio-el-nombre-de-su-nuevo-director-deportivo\/#breadcrumb\",\"itemListElement\":[{\"@type\":\"ListItem\",\"position\":1,\"name\":\"Portada\",\"item\":\"https:\/\/lobosnews.com.ar\/\"},{\"@type\":\"ListItem\",\"position\":2,\"name\":\"River Plate anunci\u00f3 el nombre de su nuevo director deportivo\"}]},{\"@type\":\"WebSite\",\"@id\":\"https:\/\/lobosnews.com.ar\/#website\",\"url\":\"https:\/\/lobosnews.com.ar\/\",\"name\":\"Lobos News\",\"description\":\"Informaci\u00f3n a cada instante\",\"publisher\":{\"@id\":\"https:\/\/lobosnews.com.ar\/#organization\"},\"potentialAction\":[{\"@type\":\"SearchAction\",\"target\":{\"@type\":\"EntryPoint\",\"urlTemplate\":\"https:\/\/lobosnews.com.ar\/?s={search_term_string}\"},\"query-input\":{\"@type\":\"PropertyValueSpecification\",\"valueRequired\":true,\"valueName\":\"search_term_string\"}}],\"inLanguage\":\"es\"},{\"@type\":\"Organization\",\"@id\":\"https:\/\/lobosnews.com.ar\/#organization\",\"name\":\"Lobos News\",\"url\":\"https:\/\/lobosnews.com.ar\/\",\"logo\":{\"@type\":\"ImageObject\",\"inLanguage\":\"es\",\"@id\":\"https:\/\/lobosnews.com.ar\/#\/schema\/logo\/image\/\",\"url\":\"https:\/\/lobosnews.com.ar\/wp-content\/uploads\/2026\/01\/logo-lobosnews.png\",\"contentUrl\":\"https:\/\/lobosnews.com.ar\/wp-content\/uploads\/2026\/01\/logo-lobosnews.png\",\"width\":500,\"height\":200,\"caption\":\"Lobos News\"},\"image\":{\"@id\":\"https:\/\/lobosnews.com.ar\/#\/schema\/logo\/image\/\"}},{\"@type\":\"Person\",\"@id\":\"https:\/\/lobosnews.com.ar\/#\/schema\/person\/232422a593d5c541dd9aef6aaed10943\",\"name\":\"admin\",\"image\":{\"@type\":\"ImageObject\",\"inLanguage\":\"es\",\"@id\":\"https:\/\/lobosnews.com.ar\/#\/schema\/person\/image\/\",\"url\":\"https:\/\/secure.gravatar.com\/avatar\/76e419471a2083bc3ceab22a763dbbf9b0c1bd15a6214cf3280e2c2dde4580f9?s=96&d=mm&r=g\",\"contentUrl\":\"https:\/\/secure.gravatar.com\/avatar\/76e419471a2083bc3ceab22a763dbbf9b0c1bd15a6214cf3280e2c2dde4580f9?s=96&d=mm&r=g\",\"caption\":\"admin\"},\"sameAs\":[\"https:\/\/lobosnews.com.ar\"],\"url\":\"https:\/\/lobosnews.com.ar\/index.php\/author\/lobos-news\/\"}]}<\/script>\n<!-- \/ Yoast SEO plugin. -->","yoast_head_json":{"title":"River Plate anunci\u00f3 el nombre de su nuevo director deportivo - Lobos News","robots":{"index":"index","follow":"follow","max-snippet":"max-snippet:-1","max-image-preview":"max-image-preview:large","max-video-preview":"max-video-preview:-1"},"canonical":"https:\/\/lobosnews.com.ar\/index.php\/2026\/04\/28\/river-plate-anuncio-el-nombre-de-su-nuevo-director-deportivo\/","og_locale":"es_ES","og_type":"article","og_title":"River Plate anunci\u00f3 el nombre de su nuevo director deportivo - Lobos News","og_description":"El Club Atl\u00e9tico River Plate anunci\u00f3 la incorporaci\u00f3n del ejecutivo espa\u00f1ol Pablo Longoria como nuevo director deportivo de la instituci\u00f3n. Con 40 a\u00f1os y 18 a\u00f1os de carrera en el f\u00fatbol europeo de alto nivel, Longoria asume la coordinaci\u00f3n de todas las \u00e1reas vinculadas al f\u00fatbol del club, desde el plantel profesional hasta las divisiones...","og_url":"https:\/\/lobosnews.com.ar\/index.php\/2026\/04\/28\/river-plate-anuncio-el-nombre-de-su-nuevo-director-deportivo\/","og_site_name":"Lobos News","article_published_time":"2026-04-28T22:54:46+00:00","article_modified_time":"2026-04-29T08:43:29+00:00","og_image":[{"url":"https:\/\/lobosnews.com.ar\/wp-content\/uploads\/2026\/04\/river-plate-anuncio-el-nombre-de-su-nuevo-director-deportivo.jpg","type":"","width":"","height":""}],"author":"admin","twitter_card":"summary_large_image","twitter_misc":{"Escrito por":"admin","Tiempo de lectura":"4 minutos"},"schema":{"@context":"https:\/\/schema.org","@graph":[{"@type":"Article","@id":"https:\/\/lobosnews.com.ar\/index.php\/2026\/04\/28\/river-plate-anuncio-el-nombre-de-su-nuevo-director-deportivo\/#article","isPartOf":{"@id":"https:\/\/lobosnews.com.ar\/index.php\/2026\/04\/28\/river-plate-anuncio-el-nombre-de-su-nuevo-director-deportivo\/"},"author":{"name":"admin","@id":"https:\/\/lobosnews.com.ar\/#\/schema\/person\/232422a593d5c541dd9aef6aaed10943"},"headline":"River Plate anunci\u00f3 el nombre de su nuevo director deportivo","datePublished":"2026-04-28T22:54:46+00:00","dateModified":"2026-04-29T08:43:29+00:00","mainEntityOfPage":{"@id":"https:\/\/lobosnews.com.ar\/index.php\/2026\/04\/28\/river-plate-anuncio-el-nombre-de-su-nuevo-director-deportivo\/"},"wordCount":886,"commentCount":0,"publisher":{"@id":"https:\/\/lobosnews.com.ar\/#organization"},"image":{"@id":"https:\/\/lobosnews.com.ar\/index.php\/2026\/04\/28\/river-plate-anuncio-el-nombre-de-su-nuevo-director-deportivo\/#primaryimage"},"thumbnailUrl":"https:\/\/lobosnews.com.ar\/wp-content\/uploads\/2026\/04\/river-plate-anuncio-el-nombre-de-su-nuevo-director-deportivo.jpg","keywords":["Deportes"],"articleSection":["Argentina"],"inLanguage":"es","potentialAction":[{"@type":"CommentAction","name":"Comment","target":["https:\/\/lobosnews.com.ar\/index.php\/2026\/04\/28\/river-plate-anuncio-el-nombre-de-su-nuevo-director-deportivo\/#respond"]}]},{"@type":"WebPage","@id":"https:\/\/lobosnews.com.ar\/index.php\/2026\/04\/28\/river-plate-anuncio-el-nombre-de-su-nuevo-director-deportivo\/","url":"https:\/\/lobosnews.com.ar\/index.php\/2026\/04\/28\/river-plate-anuncio-el-nombre-de-su-nuevo-director-deportivo\/","name":"River Plate anunci\u00f3 el nombre de su nuevo director deportivo - Lobos News","isPartOf":{"@id":"https:\/\/lobosnews.com.ar\/#website"},"primaryImageOfPage":{"@id":"https:\/\/lobosnews.com.ar\/index.php\/2026\/04\/28\/river-plate-anuncio-el-nombre-de-su-nuevo-director-deportivo\/#primaryimage"},"image":{"@id":"https:\/\/lobosnews.com.ar\/index.php\/2026\/04\/28\/river-plate-anuncio-el-nombre-de-su-nuevo-director-deportivo\/#primaryimage"},"thumbnailUrl":"https:\/\/lobosnews.com.ar\/wp-content\/uploads\/2026\/04\/river-plate-anuncio-el-nombre-de-su-nuevo-director-deportivo.jpg","datePublished":"2026-04-28T22:54:46+00:00","dateModified":"2026-04-29T08:43:29+00:00","breadcrumb":{"@id":"https:\/\/lobosnews.com.ar\/index.php\/2026\/04\/28\/river-plate-anuncio-el-nombre-de-su-nuevo-director-deportivo\/#breadcrumb"},"inLanguage":"es","potentialAction":[{"@type":"ReadAction","target":["https:\/\/lobosnews.com.ar\/index.php\/2026\/04\/28\/river-plate-anuncio-el-nombre-de-su-nuevo-director-deportivo\/"]}]},{"@type":"ImageObject","inLanguage":"es","@id":"https:\/\/lobosnews.com.ar\/index.php\/2026\/04\/28\/river-plate-anuncio-el-nombre-de-su-nuevo-director-deportivo\/#primaryimage","url":"https:\/\/lobosnews.com.ar\/wp-content\/uploads\/2026\/04\/river-plate-anuncio-el-nombre-de-su-nuevo-director-deportivo.jpg","contentUrl":"https:\/\/lobosnews.com.ar\/wp-content\/uploads\/2026\/04\/river-plate-anuncio-el-nombre-de-su-nuevo-director-deportivo.jpg"},{"@type":"BreadcrumbList","@id":"https:\/\/lobosnews.com.ar\/index.php\/2026\/04\/28\/river-plate-anuncio-el-nombre-de-su-nuevo-director-deportivo\/#breadcrumb","itemListElement":[{"@type":"ListItem","position":1,"name":"Portada","item":"https:\/\/lobosnews.com.ar\/"},{"@type":"ListItem","position":2,"name":"River Plate anunci\u00f3 el nombre de su nuevo director deportivo"}]},{"@type":"WebSite","@id":"https:\/\/lobosnews.com.ar\/#website","url":"https:\/\/lobosnews.com.ar\/","name":"Lobos News","description":"Informaci\u00f3n a cada instante","publisher":{"@id":"https:\/\/lobosnews.com.ar\/#organization"},"potentialAction":[{"@type":"SearchAction","target":{"@type":"EntryPoint","urlTemplate":"https:\/\/lobosnews.com.ar\/?s={search_term_string}"},"query-input":{"@type":"PropertyValueSpecification","valueRequired":true,"valueName":"search_term_string"}}],"inLanguage":"es"},{"@type":"Organization","@id":"https:\/\/lobosnews.com.ar\/#organization","name":"Lobos News","url":"https:\/\/lobosnews.com.ar\/","logo":{"@type":"ImageObject","inLanguage":"es","@id":"https:\/\/lobosnews.com.ar\/#\/schema\/logo\/image\/","url":"https:\/\/lobosnews.com.ar\/wp-content\/uploads\/2026\/01\/logo-lobosnews.png","contentUrl":"https:\/\/lobosnews.com.ar\/wp-content\/uploads\/2026\/01\/logo-lobosnews.png","width":500,"height":200,"caption":"Lobos News"},"image":{"@id":"https:\/\/lobosnews.com.ar\/#\/schema\/logo\/image\/"}},{"@type":"Person","@id":"https:\/\/lobosnews.com.ar\/#\/schema\/person\/232422a593d5c541dd9aef6aaed10943","name":"admin","image":{"@type":"ImageObject","inLanguage":"es","@id":"https:\/\/lobosnews.com.ar\/#\/schema\/person\/image\/","url":"https:\/\/secure.gravatar.com\/avatar\/76e419471a2083bc3ceab22a763dbbf9b0c1bd15a6214cf3280e2c2dde4580f9?s=96&d=mm&r=g","contentUrl":"https:\/\/secure.gravatar.com\/avatar\/76e419471a2083bc3ceab22a763dbbf9b0c1bd15a6214cf3280e2c2dde4580f9?s=96&d=mm&r=g","caption":"admin"},"sameAs":["https:\/\/lobosnews.com.ar"],"url":"https:\/\/lobosnews.com.ar\/index.php\/author\/lobos-news\/"}]}},"jetpack_featured_media_url":"","jetpack_sharing_enabled":true,"_links":{"self":[{"href":"https:\/\/lobosnews.com.ar\/index.php\/wp-json\/wp\/v2\/posts\/46983","targetHints":{"allow":["GET"]}}],"collection":[{"href":"https:\/\/lobosnews.com.ar\/index.php\/wp-json\/wp\/v2\/posts"}],"about":[{"href":"https:\/\/lobosnews.com.ar\/index.php\/wp-json\/wp\/v2\/types\/post"}],"author":[{"embeddable":true,"href":"https:\/\/lobosnews.com.ar\/index.php\/wp-json\/wp\/v2\/users\/1"}],"replies":[{"embeddable":true,"href":"https:\/\/lobosnews.com.ar\/index.php\/wp-json\/wp\/v2\/comments?post=46983"}],"version-history":[{"count":1,"href":"https:\/\/lobosnews.com.ar\/index.php\/wp-json\/wp\/v2\/posts\/46983\/revisions"}],"predecessor-version":[{"id":46985,"href":"https:\/\/lobosnews.com.ar\/index.php\/wp-json\/wp\/v2\/posts\/46983\/revisions\/46985"}],"wp:attachment":[{"href":"https:\/\/lobosnews.com.ar\/index.php\/wp-json\/wp\/v2\/media?parent=46983"}],"wp:term":[{"taxonomy":"category","embeddable":true,"href":"https:\/\/lobosnews.com.ar\/index.php\/wp-json\/wp\/v2\/categories?post=46983"},{"taxonomy":"post_tag","embeddable":true,"href":"https:\/\/lobosnews.com.ar\/index.php\/wp-json\/wp\/v2\/tags?post=46983"}],"curies":[{"name":"wp","href":"https:\/\/api.w.org\/{rel}","templated":true}]}}