{"id":46980,"date":"2026-04-29T03:30:57","date_gmt":"2026-04-29T03:30:57","guid":{"rendered":"https:\/\/lobosnews.com.ar\/index.php\/2026\/04\/29\/los-detalles-de-la-gresca-en-el-final-de-la-caida-de-boca-ante-cruzeiro-el-cruce-entre-paredes-y-pereira-que-encendio-la-mecha\/"},"modified":"2026-04-29T08:43:21","modified_gmt":"2026-04-29T08:43:21","slug":"los-detalles-de-la-gresca-en-el-final-de-la-caida-de-boca-ante-cruzeiro-el-cruce-entre-paredes-y-pereira-que-encendio-la-mecha","status":"publish","type":"post","link":"https:\/\/lobosnews.com.ar\/index.php\/2026\/04\/29\/los-detalles-de-la-gresca-en-el-final-de-la-caida-de-boca-ante-cruzeiro-el-cruce-entre-paredes-y-pereira-que-encendio-la-mecha\/","title":{"rendered":"Los detalles de la gresca en el final de la ca\u00edda de Boca ante Cruzeiro: el cruce entre Paredes y Pereira que encendi\u00f3 la mecha"},"content":{"rendered":"<p><!DOCTYPE html><br \/>\n<html><br \/>\n<head><br \/>\n<meta name=\"viewport\" content=\"width=device-width, initial-scale=1\"><\/p>\n<style>\n.container-video { position: relative; width: 100%; overflow: hidden; padding-top: 56.25%;\n}\n.responsive-iframe-video { position: absolute; top: 0; left: 0; bottom: 0; right: 0; width: 100%; height: 100%; border: none;\n}\n<\/style>\n<p><\/head><br \/>\n<body><\/p>\n<div class=\"container-video\"> <iframe title=\"video-espn\" class=\"responsive-iframe-video\" src=\"https:\/\/www.espn.com.ar\/core\/video\/iframe?id=16641381&#038;endcard=false&#038;omniReportSuite=wdgespge\" allowfullscreen><\/iframe>\n<\/div>\n<p><\/body><br \/>\n<\/html><\/p>\n<p>A los seis minutos de<span class=\"waslinkname\"> la derrota de <b>Boca Juniors<\/b> por 1 a 0 ante <b>Cruzeiro<\/b><\/span> por la <b>Copa Libertadores<\/b>, <b>Leandro Paredes<\/b> fue amonestado por un empuj\u00f3n a <b>Matheus Pereira<\/b>. Esa escena marc\u00f3 el partido, porque los roces resultaron constantes y las dos figuras de los equipos protagonizaron m\u00e1s de un enfrentamiento, incluyendo la gresca generalizada del final, que empa\u00f1\u00f3 el choque por la tercera fecha del <b>Grupo D<\/b>. <\/p>\n<p>El \u00e1rbitro <b>Esteban Ostojich <\/b>no ayud\u00f3. Todo termin\u00f3 derivando en un evidente desequilibrio emocional en los jugadores de Boca Juniors, consecuencia directa de un arbitraje que nunca logr\u00f3 controlar el desarrollo del partido. Esa falta de conducci\u00f3n qued\u00f3 expuesta en <span class=\"waslinkname\">la expulsi\u00f3n de <b>Adam Bareiro<\/b><\/span><b> <\/b>antes del descanso, sancionado por una acci\u00f3n que no ten\u00eda identidad disciplinaria suficiente para una amonestaci\u00f3n.<\/p>\n<p>A partir de ah\u00ed, el encuentro se desorden\u00f3 definitivamente. En los \u00faltimos instantes del encuentro, mientras el Xeneize empujaba para igualar tras el tanto de <b>Villarreal<\/b>,<b> <\/b>Pereira provoc\u00f3 a Paredes cuando quedaron cara a cara. El volante que pas\u00f3 por el f\u00fatbol de Portugal, Alemania y la Premier League le hizo gestos de silencio, lo que enoj\u00f3 a\u00fan m\u00e1s al campe\u00f3n del mundo con Argentina, quien enarbol\u00f3 el \u00edndime y le toc\u00f3 la boca, lo que gener\u00f3 una aparatosa ca\u00edda de su rival. En el medio, hubo empujones varios.<b> El juez solo atin\u00f3 a amonestar a Ayrton Costa<\/b>.<\/p>\n<p>Cuando son\u00f3 el pitazo final, Paredes corri\u00f3 a encarar a Pereira, quien fue custodiado por un par de sus compa\u00f1eros. Y todo Boca se encolumn\u00f3 detr\u00e1s. All\u00ed se multiplicaron las corridas, algunos manotazos, y hasta una zancadilla a un miembro de la seguridad de Cruzeiro. El cuerpo t\u00e9cnico del Xeneize intent\u00f3 separar, pero de tanto en tanto la efervescencia regresaba. <\/p>\n<p>Pereira continuaba hablando a la distancia, mientras Costa segu\u00eda siendo uno de los m\u00e1s exaltados. Barinaga incluso invit\u00f3 a los jugadores de Cruzeiro a seguir la pelea camino a los vestuarios, pero luego las aguas se calmaron.<\/p>\n<p><!DOCTYPE html><br \/>\n<html><br \/>\n<head><br \/>\n<meta name=\"viewport\" content=\"width=device-width, initial-scale=1\"><\/p>\n<style>\n.container-video { position: relative; width: 100%; overflow: hidden; padding-top: 56.25%;\n}\n.responsive-iframe-video { position: absolute; top: 0; left: 0; bottom: 0; right: 0; width: 100%; height: 100%; border: none;\n}\n<\/style>\n<p><\/head><br \/>\n<body><\/p>\n<div class=\"container-video\"> <iframe title=\"video-espn\" class=\"responsive-iframe-video\" src=\"https:\/\/www.espn.com.ar\/core\/video\/iframe?id=16641329&#038;endcard=false&#038;omniReportSuite=wdgespge\" allowfullscreen><\/iframe>\n<\/div>\n<p><\/body><br \/>\n<\/html><\/p>\n<ul>\n<li><i>Las principales acciones en Belo Horizonte<\/i><\/li>\n<\/ul>\n<p>\u201cSin duda se nos hizo cuesta arriba despu\u00e9s de la expulsi\u00f3n, est\u00e1bamos muy bien. As\u00ed y todo no sufrimos tanto, pero ya est\u00e1. Ahora a pensar en lo que viene\u201d, se\u00f1al\u00f3 Paredes, quien luego profundiz\u00f3 en las amonestaciones a Bareiro. <\/p>\n<p>\u201cLas acabo de ver, ninguna de las dos son amarilla. Qued\u00f3 a la vista desde minuto cero c\u00f3mo se comport\u00f3. Tenemos que hacer autocr\u00edtica nosotros, que con uno menos se hizo un partido muy digno hasta el gol. Sin dudas el problema es cuando ellos (los \u00e1rbitros) quieren ser m\u00e1s protagonistas que los jugadores, tenemos que mejorar muchas cosas y lo haremos\u201d, continu\u00f3.<\/p>\n<p><img loading=\"lazy\" decoding=\"async\" src=\"https:\/\/lobosnews.com.ar\/wp-content\/uploads\/2026\/04\/los-detalles-de-la-gresca-en-el-final-de-la-caida-de-boca-ante-cruzeiro-el-cruce-entre-paredes-y-pereira-que-encendio-la-mecha.jpg\" alt=\"La delegaci\u00f3n de Boca va a buscar al plantel de Cruzeiro tras el encuentro (REUTERS\/Tiago Trindade)\" height=\"5464\" width=\"8031\"\/><\/p>\n<p>Respecto de la gresca del final, prefiri\u00f3 guardarse su mirada. \u201cNada, son cosas del partido. Quedan ah\u00ed. <b>Obviamente que no nos gustan, pero ya est\u00e1, pas\u00f3 y tenemos que pensar en lo que viene<\/b>\u201d, concluy\u00f3. <\/p>\n<p>Este s\u00e1bado, Boca volver\u00e1 a jugar por el Torneo Apertura: visitar\u00e1 a <b>Central C\u00f3rdoba de Santiago del Estero <\/b>para determinar en qu\u00e9 puesto del Grupo A termina de cara a los playoffs. Luego, se trasladar\u00e1 a Ecuador para enfrentar al <b>Barcelona<\/b> el martes 5 de mayo, por la cuarta fecha de la Libertadores.<\/p>\n","protected":false},"excerpt":{"rendered":"<p>A los seis minutos de la derrota de Boca Juniors por 1 a 0 ante Cruzeiro por la Copa Libertadores, Leandro Paredes fue amonestado por un empuj\u00f3n a Matheus Pereira. Esa escena marc\u00f3 el partido, porque los roces resultaron constantes y las dos figuras de los equipos protagonizaron m\u00e1s de un enfrentamiento, incluyendo la gresca&#8230;<\/p>\n","protected":false},"author":1,"featured_media":0,"comment_status":"open","ping_status":"closed","sticky":false,"template":"","format":"standard","meta":{"_jetpack_memberships_contains_paid_content":false,"footnotes":""},"categories":[30],"tags":[39],"class_list":["post-46980","post","type-post","status-publish","format-standard","hentry","category-argentina","tag-deportes"],"magazineBlocksPostFeaturedMedia":{"thumbnail":false,"medium":false,"medium_large":false,"large":false,"1536x1536":false,"2048x2048":false,"newsmatic-featured":false,"newsmatic-list":false,"newsmatic-thumb":false,"newsmatic-small":false,"newsmatic-grid":false},"magazineBlocksPostAuthor":{"name":"admin","avatar":"https:\/\/secure.gravatar.com\/avatar\/76e419471a2083bc3ceab22a763dbbf9b0c1bd15a6214cf3280e2c2dde4580f9?s=96&d=mm&r=g"},"magazineBlocksPostCommentsNumber":"0","magazineBlocksPostExcerpt":"A los seis minutos de la derrota de Boca Juniors por 1 a 0 ante Cruzeiro por la Copa Libertadores, Leandro Paredes fue amonestado por un empuj\u00f3n a Matheus Pereira. Esa escena marc\u00f3 el partido, porque los roces resultaron constantes y las dos figuras de los equipos protagonizaron m\u00e1s de un enfrentamiento, incluyendo la gresca...","magazineBlocksPostCategories":["Argentina"],"magazineBlocksPostViewCount":11,"magazineBlocksPostReadTime":3,"magazine_blocks_featured_image_url":{"full":false,"medium":false,"thumbnail":false},"magazine_blocks_author":{"display_name":"admin","author_link":"https:\/\/lobosnews.com.ar\/index.php\/author\/lobos-news\/"},"magazine_blocks_comment":0,"magazine_blocks_author_image":"https:\/\/secure.gravatar.com\/avatar\/76e419471a2083bc3ceab22a763dbbf9b0c1bd15a6214cf3280e2c2dde4580f9?s=96&d=mm&r=g","magazine_blocks_category":"<a href=\"#\" class=\"category-link category-link-30\">Argentina<\/a>","yoast_head":"<!-- This site is optimized with the Yoast SEO plugin v26.6 - https:\/\/yoast.com\/wordpress\/plugins\/seo\/ -->\n<title>Los detalles de la gresca en el final de la ca\u00edda de Boca ante Cruzeiro: el cruce entre Paredes y Pereira que encendi\u00f3 la mecha - Lobos News<\/title>\n<meta name=\"robots\" content=\"index, follow, max-snippet:-1, max-image-preview:large, max-video-preview:-1\" \/>\n<link rel=\"canonical\" href=\"https:\/\/lobosnews.com.ar\/index.php\/2026\/04\/29\/los-detalles-de-la-gresca-en-el-final-de-la-caida-de-boca-ante-cruzeiro-el-cruce-entre-paredes-y-pereira-que-encendio-la-mecha\/\" \/>\n<meta property=\"og:locale\" content=\"es_ES\" \/>\n<meta property=\"og:type\" content=\"article\" \/>\n<meta property=\"og:title\" content=\"Los detalles de la gresca en el final de la ca\u00edda de Boca ante Cruzeiro: el cruce entre Paredes y Pereira que encendi\u00f3 la mecha - Lobos News\" \/>\n<meta property=\"og:description\" content=\"A los seis minutos de la derrota de Boca Juniors por 1 a 0 ante Cruzeiro por la Copa Libertadores, Leandro Paredes fue amonestado por un empuj\u00f3n a Matheus Pereira. Esa escena marc\u00f3 el partido, porque los roces resultaron constantes y las dos figuras de los equipos protagonizaron m\u00e1s de un enfrentamiento, incluyendo la gresca...\" \/>\n<meta property=\"og:url\" content=\"https:\/\/lobosnews.com.ar\/index.php\/2026\/04\/29\/los-detalles-de-la-gresca-en-el-final-de-la-caida-de-boca-ante-cruzeiro-el-cruce-entre-paredes-y-pereira-que-encendio-la-mecha\/\" \/>\n<meta property=\"og:site_name\" content=\"Lobos News\" \/>\n<meta property=\"article:published_time\" content=\"2026-04-29T03:30:57+00:00\" \/>\n<meta property=\"article:modified_time\" content=\"2026-04-29T08:43:21+00:00\" \/>\n<meta property=\"og:image\" content=\"https:\/\/lobosnews.com.ar\/wp-content\/uploads\/2026\/04\/los-detalles-de-la-gresca-en-el-final-de-la-caida-de-boca-ante-cruzeiro-el-cruce-entre-paredes-y-pereira-que-encendio-la-mecha.jpg\" \/>\n<meta name=\"author\" content=\"admin\" \/>\n<meta name=\"twitter:card\" content=\"summary_large_image\" \/>\n<meta name=\"twitter:label1\" content=\"Escrito por\" \/>\n\t<meta name=\"twitter:data1\" content=\"admin\" \/>\n\t<meta name=\"twitter:label2\" content=\"Tiempo de lectura\" \/>\n\t<meta name=\"twitter:data2\" content=\"3 minutos\" \/>\n<script type=\"application\/ld+json\" class=\"yoast-schema-graph\">{\"@context\":\"https:\/\/schema.org\",\"@graph\":[{\"@type\":\"Article\",\"@id\":\"https:\/\/lobosnews.com.ar\/index.php\/2026\/04\/29\/los-detalles-de-la-gresca-en-el-final-de-la-caida-de-boca-ante-cruzeiro-el-cruce-entre-paredes-y-pereira-que-encendio-la-mecha\/#article\",\"isPartOf\":{\"@id\":\"https:\/\/lobosnews.com.ar\/index.php\/2026\/04\/29\/los-detalles-de-la-gresca-en-el-final-de-la-caida-de-boca-ante-cruzeiro-el-cruce-entre-paredes-y-pereira-que-encendio-la-mecha\/\"},\"author\":{\"name\":\"admin\",\"@id\":\"https:\/\/lobosnews.com.ar\/#\/schema\/person\/232422a593d5c541dd9aef6aaed10943\"},\"headline\":\"Los detalles de la gresca en el final de la ca\u00edda de Boca ante Cruzeiro: el cruce entre Paredes y Pereira que encendi\u00f3 la mecha\",\"datePublished\":\"2026-04-29T03:30:57+00:00\",\"dateModified\":\"2026-04-29T08:43:21+00:00\",\"mainEntityOfPage\":{\"@id\":\"https:\/\/lobosnews.com.ar\/index.php\/2026\/04\/29\/los-detalles-de-la-gresca-en-el-final-de-la-caida-de-boca-ante-cruzeiro-el-cruce-entre-paredes-y-pereira-que-encendio-la-mecha\/\"},\"wordCount\":571,\"commentCount\":0,\"publisher\":{\"@id\":\"https:\/\/lobosnews.com.ar\/#organization\"},\"image\":{\"@id\":\"https:\/\/lobosnews.com.ar\/index.php\/2026\/04\/29\/los-detalles-de-la-gresca-en-el-final-de-la-caida-de-boca-ante-cruzeiro-el-cruce-entre-paredes-y-pereira-que-encendio-la-mecha\/#primaryimage\"},\"thumbnailUrl\":\"https:\/\/lobosnews.com.ar\/wp-content\/uploads\/2026\/04\/los-detalles-de-la-gresca-en-el-final-de-la-caida-de-boca-ante-cruzeiro-el-cruce-entre-paredes-y-pereira-que-encendio-la-mecha.jpg\",\"keywords\":[\"Deportes\"],\"articleSection\":[\"Argentina\"],\"inLanguage\":\"es\",\"potentialAction\":[{\"@type\":\"CommentAction\",\"name\":\"Comment\",\"target\":[\"https:\/\/lobosnews.com.ar\/index.php\/2026\/04\/29\/los-detalles-de-la-gresca-en-el-final-de-la-caida-de-boca-ante-cruzeiro-el-cruce-entre-paredes-y-pereira-que-encendio-la-mecha\/#respond\"]}]},{\"@type\":\"WebPage\",\"@id\":\"https:\/\/lobosnews.com.ar\/index.php\/2026\/04\/29\/los-detalles-de-la-gresca-en-el-final-de-la-caida-de-boca-ante-cruzeiro-el-cruce-entre-paredes-y-pereira-que-encendio-la-mecha\/\",\"url\":\"https:\/\/lobosnews.com.ar\/index.php\/2026\/04\/29\/los-detalles-de-la-gresca-en-el-final-de-la-caida-de-boca-ante-cruzeiro-el-cruce-entre-paredes-y-pereira-que-encendio-la-mecha\/\",\"name\":\"Los detalles de la gresca en el final de la ca\u00edda de Boca ante Cruzeiro: el cruce entre Paredes y Pereira que encendi\u00f3 la mecha - Lobos News\",\"isPartOf\":{\"@id\":\"https:\/\/lobosnews.com.ar\/#website\"},\"primaryImageOfPage\":{\"@id\":\"https:\/\/lobosnews.com.ar\/index.php\/2026\/04\/29\/los-detalles-de-la-gresca-en-el-final-de-la-caida-de-boca-ante-cruzeiro-el-cruce-entre-paredes-y-pereira-que-encendio-la-mecha\/#primaryimage\"},\"image\":{\"@id\":\"https:\/\/lobosnews.com.ar\/index.php\/2026\/04\/29\/los-detalles-de-la-gresca-en-el-final-de-la-caida-de-boca-ante-cruzeiro-el-cruce-entre-paredes-y-pereira-que-encendio-la-mecha\/#primaryimage\"},\"thumbnailUrl\":\"https:\/\/lobosnews.com.ar\/wp-content\/uploads\/2026\/04\/los-detalles-de-la-gresca-en-el-final-de-la-caida-de-boca-ante-cruzeiro-el-cruce-entre-paredes-y-pereira-que-encendio-la-mecha.jpg\",\"datePublished\":\"2026-04-29T03:30:57+00:00\",\"dateModified\":\"2026-04-29T08:43:21+00:00\",\"breadcrumb\":{\"@id\":\"https:\/\/lobosnews.com.ar\/index.php\/2026\/04\/29\/los-detalles-de-la-gresca-en-el-final-de-la-caida-de-boca-ante-cruzeiro-el-cruce-entre-paredes-y-pereira-que-encendio-la-mecha\/#breadcrumb\"},\"inLanguage\":\"es\",\"potentialAction\":[{\"@type\":\"ReadAction\",\"target\":[\"https:\/\/lobosnews.com.ar\/index.php\/2026\/04\/29\/los-detalles-de-la-gresca-en-el-final-de-la-caida-de-boca-ante-cruzeiro-el-cruce-entre-paredes-y-pereira-que-encendio-la-mecha\/\"]}]},{\"@type\":\"ImageObject\",\"inLanguage\":\"es\",\"@id\":\"https:\/\/lobosnews.com.ar\/index.php\/2026\/04\/29\/los-detalles-de-la-gresca-en-el-final-de-la-caida-de-boca-ante-cruzeiro-el-cruce-entre-paredes-y-pereira-que-encendio-la-mecha\/#primaryimage\",\"url\":\"https:\/\/lobosnews.com.ar\/wp-content\/uploads\/2026\/04\/los-detalles-de-la-gresca-en-el-final-de-la-caida-de-boca-ante-cruzeiro-el-cruce-entre-paredes-y-pereira-que-encendio-la-mecha.jpg\",\"contentUrl\":\"https:\/\/lobosnews.com.ar\/wp-content\/uploads\/2026\/04\/los-detalles-de-la-gresca-en-el-final-de-la-caida-de-boca-ante-cruzeiro-el-cruce-entre-paredes-y-pereira-que-encendio-la-mecha.jpg\"},{\"@type\":\"BreadcrumbList\",\"@id\":\"https:\/\/lobosnews.com.ar\/index.php\/2026\/04\/29\/los-detalles-de-la-gresca-en-el-final-de-la-caida-de-boca-ante-cruzeiro-el-cruce-entre-paredes-y-pereira-que-encendio-la-mecha\/#breadcrumb\",\"itemListElement\":[{\"@type\":\"ListItem\",\"position\":1,\"name\":\"Portada\",\"item\":\"https:\/\/lobosnews.com.ar\/\"},{\"@type\":\"ListItem\",\"position\":2,\"name\":\"Los detalles de la gresca en el final de la ca\u00edda de Boca ante Cruzeiro: el cruce entre Paredes y Pereira que encendi\u00f3 la mecha\"}]},{\"@type\":\"WebSite\",\"@id\":\"https:\/\/lobosnews.com.ar\/#website\",\"url\":\"https:\/\/lobosnews.com.ar\/\",\"name\":\"Lobos News\",\"description\":\"Informaci\u00f3n a cada instante\",\"publisher\":{\"@id\":\"https:\/\/lobosnews.com.ar\/#organization\"},\"potentialAction\":[{\"@type\":\"SearchAction\",\"target\":{\"@type\":\"EntryPoint\",\"urlTemplate\":\"https:\/\/lobosnews.com.ar\/?s={search_term_string}\"},\"query-input\":{\"@type\":\"PropertyValueSpecification\",\"valueRequired\":true,\"valueName\":\"search_term_string\"}}],\"inLanguage\":\"es\"},{\"@type\":\"Organization\",\"@id\":\"https:\/\/lobosnews.com.ar\/#organization\",\"name\":\"Lobos News\",\"url\":\"https:\/\/lobosnews.com.ar\/\",\"logo\":{\"@type\":\"ImageObject\",\"inLanguage\":\"es\",\"@id\":\"https:\/\/lobosnews.com.ar\/#\/schema\/logo\/image\/\",\"url\":\"https:\/\/lobosnews.com.ar\/wp-content\/uploads\/2026\/01\/logo-lobosnews.png\",\"contentUrl\":\"https:\/\/lobosnews.com.ar\/wp-content\/uploads\/2026\/01\/logo-lobosnews.png\",\"width\":500,\"height\":200,\"caption\":\"Lobos News\"},\"image\":{\"@id\":\"https:\/\/lobosnews.com.ar\/#\/schema\/logo\/image\/\"}},{\"@type\":\"Person\",\"@id\":\"https:\/\/lobosnews.com.ar\/#\/schema\/person\/232422a593d5c541dd9aef6aaed10943\",\"name\":\"admin\",\"image\":{\"@type\":\"ImageObject\",\"inLanguage\":\"es\",\"@id\":\"https:\/\/lobosnews.com.ar\/#\/schema\/person\/image\/\",\"url\":\"https:\/\/secure.gravatar.com\/avatar\/76e419471a2083bc3ceab22a763dbbf9b0c1bd15a6214cf3280e2c2dde4580f9?s=96&d=mm&r=g\",\"contentUrl\":\"https:\/\/secure.gravatar.com\/avatar\/76e419471a2083bc3ceab22a763dbbf9b0c1bd15a6214cf3280e2c2dde4580f9?s=96&d=mm&r=g\",\"caption\":\"admin\"},\"sameAs\":[\"https:\/\/lobosnews.com.ar\"],\"url\":\"https:\/\/lobosnews.com.ar\/index.php\/author\/lobos-news\/\"}]}<\/script>\n<!-- \/ Yoast SEO plugin. -->","yoast_head_json":{"title":"Los detalles de la gresca en el final de la ca\u00edda de Boca ante Cruzeiro: el cruce entre Paredes y Pereira que encendi\u00f3 la mecha - Lobos News","robots":{"index":"index","follow":"follow","max-snippet":"max-snippet:-1","max-image-preview":"max-image-preview:large","max-video-preview":"max-video-preview:-1"},"canonical":"https:\/\/lobosnews.com.ar\/index.php\/2026\/04\/29\/los-detalles-de-la-gresca-en-el-final-de-la-caida-de-boca-ante-cruzeiro-el-cruce-entre-paredes-y-pereira-que-encendio-la-mecha\/","og_locale":"es_ES","og_type":"article","og_title":"Los detalles de la gresca en el final de la ca\u00edda de Boca ante Cruzeiro: el cruce entre Paredes y Pereira que encendi\u00f3 la mecha - Lobos News","og_description":"A los seis minutos de la derrota de Boca Juniors por 1 a 0 ante Cruzeiro por la Copa Libertadores, Leandro Paredes fue amonestado por un empuj\u00f3n a Matheus Pereira. Esa escena marc\u00f3 el partido, porque los roces resultaron constantes y las dos figuras de los equipos protagonizaron m\u00e1s de un enfrentamiento, incluyendo la gresca...","og_url":"https:\/\/lobosnews.com.ar\/index.php\/2026\/04\/29\/los-detalles-de-la-gresca-en-el-final-de-la-caida-de-boca-ante-cruzeiro-el-cruce-entre-paredes-y-pereira-que-encendio-la-mecha\/","og_site_name":"Lobos News","article_published_time":"2026-04-29T03:30:57+00:00","article_modified_time":"2026-04-29T08:43:21+00:00","og_image":[{"url":"https:\/\/lobosnews.com.ar\/wp-content\/uploads\/2026\/04\/los-detalles-de-la-gresca-en-el-final-de-la-caida-de-boca-ante-cruzeiro-el-cruce-entre-paredes-y-pereira-que-encendio-la-mecha.jpg","type":"","width":"","height":""}],"author":"admin","twitter_card":"summary_large_image","twitter_misc":{"Escrito por":"admin","Tiempo de lectura":"3 minutos"},"schema":{"@context":"https:\/\/schema.org","@graph":[{"@type":"Article","@id":"https:\/\/lobosnews.com.ar\/index.php\/2026\/04\/29\/los-detalles-de-la-gresca-en-el-final-de-la-caida-de-boca-ante-cruzeiro-el-cruce-entre-paredes-y-pereira-que-encendio-la-mecha\/#article","isPartOf":{"@id":"https:\/\/lobosnews.com.ar\/index.php\/2026\/04\/29\/los-detalles-de-la-gresca-en-el-final-de-la-caida-de-boca-ante-cruzeiro-el-cruce-entre-paredes-y-pereira-que-encendio-la-mecha\/"},"author":{"name":"admin","@id":"https:\/\/lobosnews.com.ar\/#\/schema\/person\/232422a593d5c541dd9aef6aaed10943"},"headline":"Los detalles de la gresca en el final de la ca\u00edda de Boca ante Cruzeiro: el cruce entre Paredes y Pereira que encendi\u00f3 la mecha","datePublished":"2026-04-29T03:30:57+00:00","dateModified":"2026-04-29T08:43:21+00:00","mainEntityOfPage":{"@id":"https:\/\/lobosnews.com.ar\/index.php\/2026\/04\/29\/los-detalles-de-la-gresca-en-el-final-de-la-caida-de-boca-ante-cruzeiro-el-cruce-entre-paredes-y-pereira-que-encendio-la-mecha\/"},"wordCount":571,"commentCount":0,"publisher":{"@id":"https:\/\/lobosnews.com.ar\/#organization"},"image":{"@id":"https:\/\/lobosnews.com.ar\/index.php\/2026\/04\/29\/los-detalles-de-la-gresca-en-el-final-de-la-caida-de-boca-ante-cruzeiro-el-cruce-entre-paredes-y-pereira-que-encendio-la-mecha\/#primaryimage"},"thumbnailUrl":"https:\/\/lobosnews.com.ar\/wp-content\/uploads\/2026\/04\/los-detalles-de-la-gresca-en-el-final-de-la-caida-de-boca-ante-cruzeiro-el-cruce-entre-paredes-y-pereira-que-encendio-la-mecha.jpg","keywords":["Deportes"],"articleSection":["Argentina"],"inLanguage":"es","potentialAction":[{"@type":"CommentAction","name":"Comment","target":["https:\/\/lobosnews.com.ar\/index.php\/2026\/04\/29\/los-detalles-de-la-gresca-en-el-final-de-la-caida-de-boca-ante-cruzeiro-el-cruce-entre-paredes-y-pereira-que-encendio-la-mecha\/#respond"]}]},{"@type":"WebPage","@id":"https:\/\/lobosnews.com.ar\/index.php\/2026\/04\/29\/los-detalles-de-la-gresca-en-el-final-de-la-caida-de-boca-ante-cruzeiro-el-cruce-entre-paredes-y-pereira-que-encendio-la-mecha\/","url":"https:\/\/lobosnews.com.ar\/index.php\/2026\/04\/29\/los-detalles-de-la-gresca-en-el-final-de-la-caida-de-boca-ante-cruzeiro-el-cruce-entre-paredes-y-pereira-que-encendio-la-mecha\/","name":"Los detalles de la gresca en el final de la ca\u00edda de Boca ante Cruzeiro: el cruce entre Paredes y Pereira que encendi\u00f3 la mecha - Lobos News","isPartOf":{"@id":"https:\/\/lobosnews.com.ar\/#website"},"primaryImageOfPage":{"@id":"https:\/\/lobosnews.com.ar\/index.php\/2026\/04\/29\/los-detalles-de-la-gresca-en-el-final-de-la-caida-de-boca-ante-cruzeiro-el-cruce-entre-paredes-y-pereira-que-encendio-la-mecha\/#primaryimage"},"image":{"@id":"https:\/\/lobosnews.com.ar\/index.php\/2026\/04\/29\/los-detalles-de-la-gresca-en-el-final-de-la-caida-de-boca-ante-cruzeiro-el-cruce-entre-paredes-y-pereira-que-encendio-la-mecha\/#primaryimage"},"thumbnailUrl":"https:\/\/lobosnews.com.ar\/wp-content\/uploads\/2026\/04\/los-detalles-de-la-gresca-en-el-final-de-la-caida-de-boca-ante-cruzeiro-el-cruce-entre-paredes-y-pereira-que-encendio-la-mecha.jpg","datePublished":"2026-04-29T03:30:57+00:00","dateModified":"2026-04-29T08:43:21+00:00","breadcrumb":{"@id":"https:\/\/lobosnews.com.ar\/index.php\/2026\/04\/29\/los-detalles-de-la-gresca-en-el-final-de-la-caida-de-boca-ante-cruzeiro-el-cruce-entre-paredes-y-pereira-que-encendio-la-mecha\/#breadcrumb"},"inLanguage":"es","potentialAction":[{"@type":"ReadAction","target":["https:\/\/lobosnews.com.ar\/index.php\/2026\/04\/29\/los-detalles-de-la-gresca-en-el-final-de-la-caida-de-boca-ante-cruzeiro-el-cruce-entre-paredes-y-pereira-que-encendio-la-mecha\/"]}]},{"@type":"ImageObject","inLanguage":"es","@id":"https:\/\/lobosnews.com.ar\/index.php\/2026\/04\/29\/los-detalles-de-la-gresca-en-el-final-de-la-caida-de-boca-ante-cruzeiro-el-cruce-entre-paredes-y-pereira-que-encendio-la-mecha\/#primaryimage","url":"https:\/\/lobosnews.com.ar\/wp-content\/uploads\/2026\/04\/los-detalles-de-la-gresca-en-el-final-de-la-caida-de-boca-ante-cruzeiro-el-cruce-entre-paredes-y-pereira-que-encendio-la-mecha.jpg","contentUrl":"https:\/\/lobosnews.com.ar\/wp-content\/uploads\/2026\/04\/los-detalles-de-la-gresca-en-el-final-de-la-caida-de-boca-ante-cruzeiro-el-cruce-entre-paredes-y-pereira-que-encendio-la-mecha.jpg"},{"@type":"BreadcrumbList","@id":"https:\/\/lobosnews.com.ar\/index.php\/2026\/04\/29\/los-detalles-de-la-gresca-en-el-final-de-la-caida-de-boca-ante-cruzeiro-el-cruce-entre-paredes-y-pereira-que-encendio-la-mecha\/#breadcrumb","itemListElement":[{"@type":"ListItem","position":1,"name":"Portada","item":"https:\/\/lobosnews.com.ar\/"},{"@type":"ListItem","position":2,"name":"Los detalles de la gresca en el final de la ca\u00edda de Boca ante Cruzeiro: el cruce entre Paredes y Pereira que encendi\u00f3 la mecha"}]},{"@type":"WebSite","@id":"https:\/\/lobosnews.com.ar\/#website","url":"https:\/\/lobosnews.com.ar\/","name":"Lobos News","description":"Informaci\u00f3n a cada instante","publisher":{"@id":"https:\/\/lobosnews.com.ar\/#organization"},"potentialAction":[{"@type":"SearchAction","target":{"@type":"EntryPoint","urlTemplate":"https:\/\/lobosnews.com.ar\/?s={search_term_string}"},"query-input":{"@type":"PropertyValueSpecification","valueRequired":true,"valueName":"search_term_string"}}],"inLanguage":"es"},{"@type":"Organization","@id":"https:\/\/lobosnews.com.ar\/#organization","name":"Lobos News","url":"https:\/\/lobosnews.com.ar\/","logo":{"@type":"ImageObject","inLanguage":"es","@id":"https:\/\/lobosnews.com.ar\/#\/schema\/logo\/image\/","url":"https:\/\/lobosnews.com.ar\/wp-content\/uploads\/2026\/01\/logo-lobosnews.png","contentUrl":"https:\/\/lobosnews.com.ar\/wp-content\/uploads\/2026\/01\/logo-lobosnews.png","width":500,"height":200,"caption":"Lobos News"},"image":{"@id":"https:\/\/lobosnews.com.ar\/#\/schema\/logo\/image\/"}},{"@type":"Person","@id":"https:\/\/lobosnews.com.ar\/#\/schema\/person\/232422a593d5c541dd9aef6aaed10943","name":"admin","image":{"@type":"ImageObject","inLanguage":"es","@id":"https:\/\/lobosnews.com.ar\/#\/schema\/person\/image\/","url":"https:\/\/secure.gravatar.com\/avatar\/76e419471a2083bc3ceab22a763dbbf9b0c1bd15a6214cf3280e2c2dde4580f9?s=96&d=mm&r=g","contentUrl":"https:\/\/secure.gravatar.com\/avatar\/76e419471a2083bc3ceab22a763dbbf9b0c1bd15a6214cf3280e2c2dde4580f9?s=96&d=mm&r=g","caption":"admin"},"sameAs":["https:\/\/lobosnews.com.ar"],"url":"https:\/\/lobosnews.com.ar\/index.php\/author\/lobos-news\/"}]}},"jetpack_featured_media_url":"","jetpack_sharing_enabled":true,"_links":{"self":[{"href":"https:\/\/lobosnews.com.ar\/index.php\/wp-json\/wp\/v2\/posts\/46980","targetHints":{"allow":["GET"]}}],"collection":[{"href":"https:\/\/lobosnews.com.ar\/index.php\/wp-json\/wp\/v2\/posts"}],"about":[{"href":"https:\/\/lobosnews.com.ar\/index.php\/wp-json\/wp\/v2\/types\/post"}],"author":[{"embeddable":true,"href":"https:\/\/lobosnews.com.ar\/index.php\/wp-json\/wp\/v2\/users\/1"}],"replies":[{"embeddable":true,"href":"https:\/\/lobosnews.com.ar\/index.php\/wp-json\/wp\/v2\/comments?post=46980"}],"version-history":[{"count":1,"href":"https:\/\/lobosnews.com.ar\/index.php\/wp-json\/wp\/v2\/posts\/46980\/revisions"}],"predecessor-version":[{"id":46982,"href":"https:\/\/lobosnews.com.ar\/index.php\/wp-json\/wp\/v2\/posts\/46980\/revisions\/46982"}],"wp:attachment":[{"href":"https:\/\/lobosnews.com.ar\/index.php\/wp-json\/wp\/v2\/media?parent=46980"}],"wp:term":[{"taxonomy":"category","embeddable":true,"href":"https:\/\/lobosnews.com.ar\/index.php\/wp-json\/wp\/v2\/categories?post=46980"},{"taxonomy":"post_tag","embeddable":true,"href":"https:\/\/lobosnews.com.ar\/index.php\/wp-json\/wp\/v2\/tags?post=46980"}],"curies":[{"name":"wp","href":"https:\/\/api.w.org\/{rel}","templated":true}]}}