{"id":46973,"date":"2026-04-29T06:03:03","date_gmt":"2026-04-29T06:03:03","guid":{"rendered":"https:\/\/lobosnews.com.ar\/index.php\/2026\/04\/29\/detalles-y-anecdotas-de-la-carrera-de-jorge-comas-el-historico-goleador-que-atraviesa-un-critico-momento-en-mexico\/"},"modified":"2026-04-29T08:43:16","modified_gmt":"2026-04-29T08:43:16","slug":"detalles-y-anecdotas-de-la-carrera-de-jorge-comas-el-historico-goleador-que-atraviesa-un-critico-momento-en-mexico","status":"publish","type":"post","link":"https:\/\/lobosnews.com.ar\/index.php\/2026\/04\/29\/detalles-y-anecdotas-de-la-carrera-de-jorge-comas-el-historico-goleador-que-atraviesa-un-critico-momento-en-mexico\/","title":{"rendered":"Detalles y an\u00e9cdotas de la carrera de Jorge Comas, el hist\u00f3rico goleador que atraviesa un cr\u00edtico momento en M\u00e9xico"},"content":{"rendered":"<p>La d\u00e9cada del \u201880 fue de las m\u00e1s apasionantes y parejas en la historia del f\u00fatbol argentino. Una sentencia que uno ha escuchado en m\u00e1s de una oportunidad y con la que es f\u00e1cil estar de acuerdo. Porque hubo partidos inolvidables, grandes jugadores y equipos que se dieron el postergado gusto de ser campeones, como Ferro Carril Oeste y Argentinos Juniors. Esa paridad se ve\u00eda domingo a domingo en las canchas, donde siempre pod\u00eda haber una sorpresa, en medio de un festival de buen juego. No era f\u00e1cil poder sobresalir entre tanto esplendor. Por esos d\u00edas, un muchacho apareci\u00f3 t\u00edmidamente vistiendo la camiseta de Col\u00f3n y enseguida se destac\u00f3 por su man\u00eda de hacer goles. Que repiti\u00f3 en Velez y m\u00e1s tarde en Boca, donde fue su definitiva explosi\u00f3n. <b>Jorge Alberto Comas<\/b> <b>era un delantero veloz, penetrante y certero frente a la valla adversaria, al punto de convertirse en el m\u00e1ximo artillero de aquella d\u00e9cada con 112 conquistas. <\/b><\/p>\n<p><i><b>Comitas<\/b><\/i>. El seud\u00f3nimo que le hab\u00eda dedicado <b>V\u00edctor Hugo Morales<\/b> y qued\u00f3 para siempre. A veces parec\u00eda tener una apariencia fr\u00e1gil, pero bastaba que le llegase una habilitaci\u00f3n, para ser una pesadilla en la defensa rival. En algunas ocasiones, daba la impresi\u00f3n de estar desentendido de lo que ocurr\u00eda en el juego, como ajeno, en esa actitud con p\u00e1tina de ego\u00edsmo que suelen tener los goleadores. Sin embargo, como en esos momentos en que vuelve la electricidad tras un corte de luz, se conectaba de manera fulgurante y <b>casi siempre sus remates terminaban en el fondo del arco<\/b>. Su personalidad era un cap\u00edtulo aparte. Parec\u00eda hosco y poco cristalino en sus modos, pero all\u00ed habitaba una gran timidez, que lo hac\u00eda estar distante. <\/p>\n<p>En su Paran\u00e1 natal comenz\u00f3 a hacerse notar en los clubes Belgrano y Patronato hasta llegar a las inferiores de Col\u00f3n. El paso por all\u00ed fue r\u00e1pido, porque el 13 de abril de 1980, cuando ten\u00eda 19 a\u00f1os, hizo su debut oficial en primera divisi\u00f3n, en un ins\u00edpido 0-0 ante Talleres en Santa Fe. El entrenador que le dio esa oportunidad fue <b>Miguel Antonio Ju\u00e1rez<\/b>, <b>el<\/b> <i><b>Gitano<\/b><\/i>. Hombre de una gran bohemia y avezado para detectar cracks. <i>Comitas <\/i>ingres\u00f3 en el segundo tiempo en lugar de Jorge Pereyra. <\/p>\n<p><img loading=\"lazy\" decoding=\"async\" src=\"https:\/\/lobosnews.com.ar\/wp-content\/uploads\/2026\/04\/detalles-y-anecdotas-de-la-carrera-de-jorge-comas-el-historico-goleador-que-atraviesa-un-critico-momento-en-mexico.jpg\" alt=\"Festejando el gol de Boca sobre River, con Goycochea ya vencido\" height=\"756\" width=\"726\"\/><\/p>\n<p>En ese equipo de Col\u00f3n tuvo compa\u00f1eros que luego se iban a destacar, como \u00c1ngel Leroyer en Racing, Mario Cariaga en Deportivo Espa\u00f1ol y, sobre todo, <b>Pedro Pablo Pasculli<\/b>, quien al torneo siguiente ser\u00eda transferido a Argentinos Juniors, desde donde salt\u00f3 al Calcio y fue campe\u00f3n del mundo en M\u00e9xico \u201886. Tambi\u00e9n all\u00ed estaba dando sus \u00faltimos pasos una leyenda de nuestro f\u00fatbol, que supo tener el r\u00e9cord de mayor cantidad de partidos disputados en la m\u00e1xima categor\u00eda: <b>Roberto Telch. <\/b><\/p>\n<p>En aquel torneo del \u201880 altern\u00f3 entre el banco de suplentes y la titularidad. Pero ya en el segundo certamen de la temporada, que era el recordado Nacional, se afirm\u00f3 entre los 11. En la segunda fecha, se dio el gusto de gritar su primer gol, que tendr\u00eda una enorme simbolog\u00eda. Aquel domingo 14 de septiembre, en el estadio de Col\u00f3n, <b>se vivi\u00f3 una fiesta por la victoria 1-0 frente a River con ese tanto que para \u00e9l ser\u00eda inolvidable.<\/b> No solo por ser el primero, sino porque dobleg\u00f3 a quien era el mejor arquero del mundo, el <i><b>Pato <\/b><\/i><b>Fillol<\/b>, y se estaba probando la ropa del personaje que mejor le sent\u00f3: ser <b>el verdugo de los <\/b><i><b>Millonarios<\/b><\/i>. <\/p>\n<p><img loading=\"lazy\" decoding=\"async\" src=\"https:\/\/lobosnews.com.ar\/wp-content\/uploads\/2026\/04\/detalles-y-anecdotas-de-la-carrera-de-jorge-comas-el-historico-goleador-que-atraviesa-un-critico-momento-en-mexico-1.jpg\" alt=\"El primer gol de su carrera el 14 de septiembre de 1980. Fue ante River, como antesala de lo que ser\u00eda una costumbre en su carrera\" height=\"1080\" width=\"1920\"\/><\/p>\n<p>El \u201881 tuvo dos caras bien diferenciadas. Por un lado, fue el goleador de su equipo en el ex Metropolitano, pero sus tantos no alcanzaron para evitar el descenso. La sentencia de la p\u00e9rdida de la categor\u00eda fue en Santa Fe y ante un cuadro que ser\u00eda clave en su vida: <b>Boca Juniors<\/b>. All\u00ed se produjo la transferencia a V\u00e9lez, un equipo que ten\u00eda excelentes jugadores, como el <i>Pepe <\/i>Castro, Carlos Ischia, Pedro Larraquy, Osvaldo Piazza y Carlos Bianchi, con plena vigencia, aunque estaba cerca del final de su carrera. <\/p>\n<p>Estuvo exactamente cinco a\u00f1os en Liniers, donde se gan\u00f3 a los hinchas a fuerza de piques, velocidad, habilidad y goles. Fueron muchos, nada menos que 54, para ayudar a muy buenas campa\u00f1as, como la del torneo del \u201883, donde llegaron a estar punteros, aunque luego el campe\u00f3n ser\u00eda el excelso Independiente del medio campo inigualado de Giusti, Marangoni, Bochini y Burruchaga. Y el punto m\u00e1s alto, que fue la final del Nacional de 1985. <\/p>\n<p>El <i><b>Coco <\/b><\/i><b>Basile<\/b> arm\u00f3 un cuadro s\u00f3lido atr\u00e1s, con Navarro Montoya, Lucca, Larraquy, Cuciuffo y Bujedo, din\u00e1mico en el medio, con Vanemerak, Fren y Meza, e implacable adelante, con los desbordes de Pino Hern\u00e1ndez, la categor\u00eda de Jorge Gabrich y el gol que viv\u00eda en <i>Comitas<\/i>. \u00c9l fue decisivo para eliminar a Boca en la rueda de ganadores, convirtiendo en ambos partidos. En la semifinal de esa etapa, cumpli\u00f3 una de las mejores actuaciones de su carrera, ratificando su paternidad ante River, en la victoria 3-0 en cancha de Hurac\u00e1n, donde fue el due\u00f1o de los tres gritos de la tarde. <\/p>\n<p><img loading=\"lazy\" decoding=\"async\" src=\"https:\/\/lobosnews.com.ar\/wp-content\/uploads\/2026\/04\/detalles-y-anecdotas-de-la-carrera-de-jorge-comas-el-historico-goleador-que-atraviesa-un-critico-momento-en-mexico-2.jpg\" alt=\"Festejando con la camiseta de Velez, donde jug\u00f3 entre 1981 y 1986\" height=\"1080\" width=\"1920\"\/><\/p>\n<p>Ambos equipos se iban a reencontrar en la final de la rueda de perdedores, con muchas similitudes: se jug\u00f3 en Parque Patricios, la victoria fue para V\u00e9lez (en este caso 2-1) y el gol definitivo, por supuesto fue de Jorge Comas. Esa noche estuvo en el estadio <b>Carlos Salvador Bilardo<\/b>, quien ratific\u00f3 lo que pensaba de dos futbolistas, incluy\u00e9ndolos en su pr\u00f3xima convocatoria: <b>Jos\u00e9 Luis Cuciuffo y el propio <\/b><i><b>Comitas<\/b><\/i>, que fue el m\u00e1ximo artillero de ese torneo, donde el cuadro de Liniers fue subcampe\u00f3n de Argentinos Juniors. <\/p>\n<p>El goleador fue parte de <span class=\"waslinkname\">aquella incre\u00edble expedici\u00f3n a Tilcara<\/span>, en enero del \u201886, buscando la aclimataci\u00f3n a condiciones similares con las que el plantel se encontrar\u00eda en M\u00e9xico. Sin embargo, una merma en su rendimiento fue determinante para que el entrenador optara por otros delanteros en la lista final de la Copa del Mundo. Mientras Argentina se encaminaba a la gloria en tierras mexicanas, en silencio y sin estridencias, se produjo el pase a Boca, que potenciar\u00eda su carrera. <\/p>\n<p>Se fue insertando de a poco, en un equipo que ten\u00eda doble competencia, entre el torneo local y la Copa Libertadores. Al principio le cost\u00f3 mostrar sus virtudes, al punto que reci\u00e9n en el 12\u00b0 partido oficial con esa camiseta anot\u00f3 su primer gol, que en realidad fueron dos, en un 5-3 frente a Talleres en la Bombonera. A partir de all\u00ed, <b>fue poco menos que imparable<\/b>, formando una gran sociedad con Alfredo Graciani, abastecidos por el departamento creativo que conformaban Carlos Tapia y Jorge Rinaldi. Este cuarteto explotar\u00eda mucho m\u00e1s a comienzos del \u201887 con la llegada de <b>C\u00e9sar Luis Menotti<\/b> a la direcci\u00f3n t\u00e9cnica, en lo que fue una verdadera revoluci\u00f3n del f\u00fatbol ofensivo. El olfato de <i>Comitas <\/i>estuvo siempre presente para detectar cualquier descuido en las defensas rivales y hacer gritar a esa hinchada que ya lo hab\u00eda adoptado. Boca tuvo una incre\u00edble resurrecci\u00f3n con el arribo del <i>Flaco<\/i>, pasando del 14\u00b0 puesto al 1\u00b0 en menos de 10 fechas. Pero no se le dio el t\u00edtulo y tampoco la liguilla, donde cay\u00f3 frente a Independiente. All\u00ed Comas convirti\u00f3 en las dos finales y el que le hizo a Islas en la Bombonera de tiro libre es de antolog\u00eda. En los torneos de verano, tambi\u00e9n era una figura. <b>Entre las ediciones del \u201887 y el \u201888 le marc\u00f3 4 goles a River, uno de ellos, ol\u00edmpico. <\/b><\/p>\n<p><img loading=\"lazy\" decoding=\"async\" src=\"https:\/\/lobosnews.com.ar\/wp-content\/uploads\/2026\/04\/detalles-y-anecdotas-de-la-carrera-de-jorge-comas-el-historico-goleador-que-atraviesa-un-critico-momento-en-mexico-3.jpg\" alt=\"El recordado equipo de Boca del Flaco Menotti. Parados: Enrique Hrabina, Fabi\u00e1n Carrizo, Jorge Higua\u00edn, Hugo Gatti, Luis Abramovich y Hugo Musladini. Abajo: Jorge Rinaldi, Alfredo Graciani, Milton Melgar, Carlos Tapia y Jorge Comas\" height=\"1629\" width=\"1920\"\/><\/p>\n<p>Se fue Menotti y el vac\u00edo se apoder\u00f3 de todos en el club. Desde los dirigentes, pasando por los hinchas y llegando al plantel. Tuvo una p\u00e9sima primera rueda, con duras goleada en contra (Racing 6-0 y Newell\u00b4s 5-1). La historia comenz\u00f3 a cambiar en enero del \u201888 con la asunci\u00f3n del <i><b>Pato <\/b><\/i><b>Pastoriza<\/b>. Comitas volvi\u00f3 a su nivel, haci\u00e9ndose presente en el marcador. Para la temporada 1988\/89, Boca arm\u00f3 un gran equipo. A los buenos valores que ya ten\u00eda, se le agregaron Navarro Montoya, Sim\u00f3n, Marangoni y Perazzo, entre otros. Comas se sum\u00f3 reci\u00e9n en la 5\u00b0 fecha, porque estaba disputando con la Selecci\u00f3n los Juegos Ol\u00edmpicos de Se\u00fal, en la que terminar\u00eda siendo su \u00fanica actuaci\u00f3n con la camiseta celeste y blanca, ya que nunca disput\u00f3 un partido oficial en la mayor.<\/p>\n<p>Era un club desesperado por conseguir un t\u00edtulo local, que se le ven\u00eda negando desde el inolvidable \u201881 con Maradona y Brindisi. Tuvo, como adicional, la posibilidad de disputar en paralelo la Libertadores, en el primer semestre del \u201889. Pele\u00f3 en los dos frentes, dando batalla con esa honestidad, a veces suicida, de ir siempre al ataque, tal como era el credo de Pastoriza. La doble competencia, con un plantel de figuras, pero no tan amplio, lo termin\u00f3 perjudicando. Qued\u00f3 afuera de la copa en octavos, en una infartante definici\u00f3n por penales con Olimpia, luego de remontar un 0-4 en el global. Y se fue quedando sin energ\u00eda en el campeonato local, donde lleg\u00f3 a sacarle 5 puntos a Independiente, que finalmente fue quien se consagr\u00f3. <\/p>\n<p>Quedaba por delante la liguilla, como premio consuelo. Y justamente en ese mini torneo y ante un rival tan especial como River, se despidi\u00f3 de la camiseta de Boca. Fue un gris 0-0. Ni siquiera en domingo. Fue un fr\u00edo lunes de julio. <b>Enemistado con la dirigencia y sin ponerse de acuerdo en la renovaci\u00f3n del contrato, acept\u00f3 el pase a M\u00e9xico.<\/b> Se convirti\u00f3 en un \u00eddolo enorme del Veracruz, donde lleg\u00f3 a marcar casi 100 goles. Con una leyenda que se fue agigantando con el tiempo. <\/p>\n<p><img loading=\"lazy\" decoding=\"async\" src=\"https:\/\/lobosnews.com.ar\/wp-content\/uploads\/2026\/04\/detalles-y-anecdotas-de-la-carrera-de-jorge-comas-el-historico-goleador-que-atraviesa-un-critico-momento-en-mexico-4.jpg\" alt=\"Una foto actual de Jorge Comas. Vive en M\u00e9xico hace varios a\u00f1os\" height=\"1600\" width=\"1201\"\/><\/p>\n<p>A mediados del \u201894 regres\u00f3 al pa\u00eds para vestir la camiseta de Col\u00f3n, cerrando el c\u00edrculo de su campa\u00f1a, en el mismo club donde debut\u00f3. Aunque parezca incre\u00edble, solo disput\u00f3 un partido, el de la primera fecha ante Deportivo Laferrere en un empate en cero. Y se march\u00f3, en una nueva pelea con la dirigencia. A partir de all\u00ed, un andar errante. <b>Aquella displicencia que a veces mostraba en la cancha, se traslad\u00f3 a su d\u00eda a d\u00eda.<\/b> Malas inversiones, problemas personales y una vida en los extremos que lo llevaron a cruzar determinados l\u00edmites, concluyeron con la detenci\u00f3n y la prisi\u00f3n en una c\u00e1rcel mexicana por varios a\u00f1os. La libertad no trajo mejores noticias. Ahora <span class=\"waslinkname\">es un hombre que transita sus d\u00edas casi en la indigencia<\/span>, peleando con la vida, destratando a aquellos que lo reconocen y le piden una foto, como recuerdo de los tiempos gloriosos.<\/p>\n<p><b>Duelen esas noticias<\/b>. Ojal\u00e1 la moneda de sus d\u00edas se revierta y vuelva a sonre\u00edr. Como podemos hacer aquellos que adoramos el f\u00fatbol argentino de los \u201880. El de los partidos inolvidables, los grandes jugadores y los goleadores implacables. Como <i>Comitas<\/i>, que siempre ser\u00e1 un poster de aquellos a\u00f1os, con los brazos en alto y su corte de pelo, \u00fanico, al viento. Tiempos en que la vida se empe\u00f1aba en regalarle un rato de felicidad. <\/p>\n","protected":false},"excerpt":{"rendered":"<p>La d\u00e9cada del \u201880 fue de las m\u00e1s apasionantes y parejas en la historia del f\u00fatbol argentino. Una sentencia que uno ha escuchado en m\u00e1s de una oportunidad y con la que es f\u00e1cil estar de acuerdo. Porque hubo partidos inolvidables, grandes jugadores y equipos que se dieron el postergado gusto de ser campeones, como&#8230;<\/p>\n","protected":false},"author":1,"featured_media":0,"comment_status":"open","ping_status":"closed","sticky":false,"template":"","format":"standard","meta":{"_jetpack_memberships_contains_paid_content":false,"footnotes":""},"categories":[30],"tags":[39],"class_list":["post-46973","post","type-post","status-publish","format-standard","hentry","category-argentina","tag-deportes"],"magazineBlocksPostFeaturedMedia":{"thumbnail":false,"medium":false,"medium_large":false,"large":false,"1536x1536":false,"2048x2048":false,"newsmatic-featured":false,"newsmatic-list":false,"newsmatic-thumb":false,"newsmatic-small":false,"newsmatic-grid":false},"magazineBlocksPostAuthor":{"name":"admin","avatar":"https:\/\/secure.gravatar.com\/avatar\/76e419471a2083bc3ceab22a763dbbf9b0c1bd15a6214cf3280e2c2dde4580f9?s=96&d=mm&r=g"},"magazineBlocksPostCommentsNumber":"0","magazineBlocksPostExcerpt":"La d\u00e9cada del \u201880 fue de las m\u00e1s apasionantes y parejas en la historia del f\u00fatbol argentino. Una sentencia que uno ha escuchado en m\u00e1s de una oportunidad y con la que es f\u00e1cil estar de acuerdo. Porque hubo partidos inolvidables, grandes jugadores y equipos que se dieron el postergado gusto de ser campeones, como...","magazineBlocksPostCategories":["Argentina"],"magazineBlocksPostViewCount":12,"magazineBlocksPostReadTime":10,"magazine_blocks_featured_image_url":{"full":false,"medium":false,"thumbnail":false},"magazine_blocks_author":{"display_name":"admin","author_link":"https:\/\/lobosnews.com.ar\/index.php\/author\/lobos-news\/"},"magazine_blocks_comment":0,"magazine_blocks_author_image":"https:\/\/secure.gravatar.com\/avatar\/76e419471a2083bc3ceab22a763dbbf9b0c1bd15a6214cf3280e2c2dde4580f9?s=96&d=mm&r=g","magazine_blocks_category":"<a href=\"#\" class=\"category-link category-link-30\">Argentina<\/a>","yoast_head":"<!-- This site is optimized with the Yoast SEO plugin v26.6 - https:\/\/yoast.com\/wordpress\/plugins\/seo\/ -->\n<title>Detalles y an\u00e9cdotas de la carrera de Jorge Comas, el hist\u00f3rico goleador que atraviesa un cr\u00edtico momento en M\u00e9xico - Lobos News<\/title>\n<meta name=\"robots\" content=\"index, follow, max-snippet:-1, max-image-preview:large, max-video-preview:-1\" \/>\n<link rel=\"canonical\" href=\"https:\/\/lobosnews.com.ar\/index.php\/2026\/04\/29\/detalles-y-anecdotas-de-la-carrera-de-jorge-comas-el-historico-goleador-que-atraviesa-un-critico-momento-en-mexico\/\" \/>\n<meta property=\"og:locale\" content=\"es_ES\" \/>\n<meta property=\"og:type\" content=\"article\" \/>\n<meta property=\"og:title\" content=\"Detalles y an\u00e9cdotas de la carrera de Jorge Comas, el hist\u00f3rico goleador que atraviesa un cr\u00edtico momento en M\u00e9xico - Lobos News\" \/>\n<meta property=\"og:description\" content=\"La d\u00e9cada del \u201880 fue de las m\u00e1s apasionantes y parejas en la historia del f\u00fatbol argentino. Una sentencia que uno ha escuchado en m\u00e1s de una oportunidad y con la que es f\u00e1cil estar de acuerdo. Porque hubo partidos inolvidables, grandes jugadores y equipos que se dieron el postergado gusto de ser campeones, como...\" \/>\n<meta property=\"og:url\" content=\"https:\/\/lobosnews.com.ar\/index.php\/2026\/04\/29\/detalles-y-anecdotas-de-la-carrera-de-jorge-comas-el-historico-goleador-que-atraviesa-un-critico-momento-en-mexico\/\" \/>\n<meta property=\"og:site_name\" content=\"Lobos News\" \/>\n<meta property=\"article:published_time\" content=\"2026-04-29T06:03:03+00:00\" \/>\n<meta property=\"article:modified_time\" content=\"2026-04-29T08:43:16+00:00\" \/>\n<meta property=\"og:image\" content=\"https:\/\/lobosnews.com.ar\/wp-content\/uploads\/2026\/04\/detalles-y-anecdotas-de-la-carrera-de-jorge-comas-el-historico-goleador-que-atraviesa-un-critico-momento-en-mexico.jpg\" \/>\n<meta name=\"author\" content=\"admin\" \/>\n<meta name=\"twitter:card\" content=\"summary_large_image\" \/>\n<meta name=\"twitter:label1\" content=\"Escrito por\" \/>\n\t<meta name=\"twitter:data1\" content=\"admin\" \/>\n\t<meta name=\"twitter:label2\" content=\"Tiempo de lectura\" \/>\n\t<meta name=\"twitter:data2\" content=\"10 minutos\" \/>\n<script type=\"application\/ld+json\" class=\"yoast-schema-graph\">{\"@context\":\"https:\/\/schema.org\",\"@graph\":[{\"@type\":\"Article\",\"@id\":\"https:\/\/lobosnews.com.ar\/index.php\/2026\/04\/29\/detalles-y-anecdotas-de-la-carrera-de-jorge-comas-el-historico-goleador-que-atraviesa-un-critico-momento-en-mexico\/#article\",\"isPartOf\":{\"@id\":\"https:\/\/lobosnews.com.ar\/index.php\/2026\/04\/29\/detalles-y-anecdotas-de-la-carrera-de-jorge-comas-el-historico-goleador-que-atraviesa-un-critico-momento-en-mexico\/\"},\"author\":{\"name\":\"admin\",\"@id\":\"https:\/\/lobosnews.com.ar\/#\/schema\/person\/232422a593d5c541dd9aef6aaed10943\"},\"headline\":\"Detalles y an\u00e9cdotas de la carrera de Jorge Comas, el hist\u00f3rico goleador que atraviesa un cr\u00edtico momento en M\u00e9xico\",\"datePublished\":\"2026-04-29T06:03:03+00:00\",\"dateModified\":\"2026-04-29T08:43:16+00:00\",\"mainEntityOfPage\":{\"@id\":\"https:\/\/lobosnews.com.ar\/index.php\/2026\/04\/29\/detalles-y-anecdotas-de-la-carrera-de-jorge-comas-el-historico-goleador-que-atraviesa-un-critico-momento-en-mexico\/\"},\"wordCount\":1925,\"commentCount\":0,\"publisher\":{\"@id\":\"https:\/\/lobosnews.com.ar\/#organization\"},\"image\":{\"@id\":\"https:\/\/lobosnews.com.ar\/index.php\/2026\/04\/29\/detalles-y-anecdotas-de-la-carrera-de-jorge-comas-el-historico-goleador-que-atraviesa-un-critico-momento-en-mexico\/#primaryimage\"},\"thumbnailUrl\":\"https:\/\/lobosnews.com.ar\/wp-content\/uploads\/2026\/04\/detalles-y-anecdotas-de-la-carrera-de-jorge-comas-el-historico-goleador-que-atraviesa-un-critico-momento-en-mexico.jpg\",\"keywords\":[\"Deportes\"],\"articleSection\":[\"Argentina\"],\"inLanguage\":\"es\",\"potentialAction\":[{\"@type\":\"CommentAction\",\"name\":\"Comment\",\"target\":[\"https:\/\/lobosnews.com.ar\/index.php\/2026\/04\/29\/detalles-y-anecdotas-de-la-carrera-de-jorge-comas-el-historico-goleador-que-atraviesa-un-critico-momento-en-mexico\/#respond\"]}]},{\"@type\":\"WebPage\",\"@id\":\"https:\/\/lobosnews.com.ar\/index.php\/2026\/04\/29\/detalles-y-anecdotas-de-la-carrera-de-jorge-comas-el-historico-goleador-que-atraviesa-un-critico-momento-en-mexico\/\",\"url\":\"https:\/\/lobosnews.com.ar\/index.php\/2026\/04\/29\/detalles-y-anecdotas-de-la-carrera-de-jorge-comas-el-historico-goleador-que-atraviesa-un-critico-momento-en-mexico\/\",\"name\":\"Detalles y an\u00e9cdotas de la carrera de Jorge Comas, el hist\u00f3rico goleador que atraviesa un cr\u00edtico momento en M\u00e9xico - Lobos News\",\"isPartOf\":{\"@id\":\"https:\/\/lobosnews.com.ar\/#website\"},\"primaryImageOfPage\":{\"@id\":\"https:\/\/lobosnews.com.ar\/index.php\/2026\/04\/29\/detalles-y-anecdotas-de-la-carrera-de-jorge-comas-el-historico-goleador-que-atraviesa-un-critico-momento-en-mexico\/#primaryimage\"},\"image\":{\"@id\":\"https:\/\/lobosnews.com.ar\/index.php\/2026\/04\/29\/detalles-y-anecdotas-de-la-carrera-de-jorge-comas-el-historico-goleador-que-atraviesa-un-critico-momento-en-mexico\/#primaryimage\"},\"thumbnailUrl\":\"https:\/\/lobosnews.com.ar\/wp-content\/uploads\/2026\/04\/detalles-y-anecdotas-de-la-carrera-de-jorge-comas-el-historico-goleador-que-atraviesa-un-critico-momento-en-mexico.jpg\",\"datePublished\":\"2026-04-29T06:03:03+00:00\",\"dateModified\":\"2026-04-29T08:43:16+00:00\",\"breadcrumb\":{\"@id\":\"https:\/\/lobosnews.com.ar\/index.php\/2026\/04\/29\/detalles-y-anecdotas-de-la-carrera-de-jorge-comas-el-historico-goleador-que-atraviesa-un-critico-momento-en-mexico\/#breadcrumb\"},\"inLanguage\":\"es\",\"potentialAction\":[{\"@type\":\"ReadAction\",\"target\":[\"https:\/\/lobosnews.com.ar\/index.php\/2026\/04\/29\/detalles-y-anecdotas-de-la-carrera-de-jorge-comas-el-historico-goleador-que-atraviesa-un-critico-momento-en-mexico\/\"]}]},{\"@type\":\"ImageObject\",\"inLanguage\":\"es\",\"@id\":\"https:\/\/lobosnews.com.ar\/index.php\/2026\/04\/29\/detalles-y-anecdotas-de-la-carrera-de-jorge-comas-el-historico-goleador-que-atraviesa-un-critico-momento-en-mexico\/#primaryimage\",\"url\":\"https:\/\/lobosnews.com.ar\/wp-content\/uploads\/2026\/04\/detalles-y-anecdotas-de-la-carrera-de-jorge-comas-el-historico-goleador-que-atraviesa-un-critico-momento-en-mexico.jpg\",\"contentUrl\":\"https:\/\/lobosnews.com.ar\/wp-content\/uploads\/2026\/04\/detalles-y-anecdotas-de-la-carrera-de-jorge-comas-el-historico-goleador-que-atraviesa-un-critico-momento-en-mexico.jpg\"},{\"@type\":\"BreadcrumbList\",\"@id\":\"https:\/\/lobosnews.com.ar\/index.php\/2026\/04\/29\/detalles-y-anecdotas-de-la-carrera-de-jorge-comas-el-historico-goleador-que-atraviesa-un-critico-momento-en-mexico\/#breadcrumb\",\"itemListElement\":[{\"@type\":\"ListItem\",\"position\":1,\"name\":\"Portada\",\"item\":\"https:\/\/lobosnews.com.ar\/\"},{\"@type\":\"ListItem\",\"position\":2,\"name\":\"Detalles y an\u00e9cdotas de la carrera de Jorge Comas, el hist\u00f3rico goleador que atraviesa un cr\u00edtico momento en M\u00e9xico\"}]},{\"@type\":\"WebSite\",\"@id\":\"https:\/\/lobosnews.com.ar\/#website\",\"url\":\"https:\/\/lobosnews.com.ar\/\",\"name\":\"Lobos News\",\"description\":\"Informaci\u00f3n a cada instante\",\"publisher\":{\"@id\":\"https:\/\/lobosnews.com.ar\/#organization\"},\"potentialAction\":[{\"@type\":\"SearchAction\",\"target\":{\"@type\":\"EntryPoint\",\"urlTemplate\":\"https:\/\/lobosnews.com.ar\/?s={search_term_string}\"},\"query-input\":{\"@type\":\"PropertyValueSpecification\",\"valueRequired\":true,\"valueName\":\"search_term_string\"}}],\"inLanguage\":\"es\"},{\"@type\":\"Organization\",\"@id\":\"https:\/\/lobosnews.com.ar\/#organization\",\"name\":\"Lobos News\",\"url\":\"https:\/\/lobosnews.com.ar\/\",\"logo\":{\"@type\":\"ImageObject\",\"inLanguage\":\"es\",\"@id\":\"https:\/\/lobosnews.com.ar\/#\/schema\/logo\/image\/\",\"url\":\"https:\/\/lobosnews.com.ar\/wp-content\/uploads\/2026\/01\/logo-lobosnews.png\",\"contentUrl\":\"https:\/\/lobosnews.com.ar\/wp-content\/uploads\/2026\/01\/logo-lobosnews.png\",\"width\":500,\"height\":200,\"caption\":\"Lobos News\"},\"image\":{\"@id\":\"https:\/\/lobosnews.com.ar\/#\/schema\/logo\/image\/\"}},{\"@type\":\"Person\",\"@id\":\"https:\/\/lobosnews.com.ar\/#\/schema\/person\/232422a593d5c541dd9aef6aaed10943\",\"name\":\"admin\",\"image\":{\"@type\":\"ImageObject\",\"inLanguage\":\"es\",\"@id\":\"https:\/\/lobosnews.com.ar\/#\/schema\/person\/image\/\",\"url\":\"https:\/\/secure.gravatar.com\/avatar\/76e419471a2083bc3ceab22a763dbbf9b0c1bd15a6214cf3280e2c2dde4580f9?s=96&d=mm&r=g\",\"contentUrl\":\"https:\/\/secure.gravatar.com\/avatar\/76e419471a2083bc3ceab22a763dbbf9b0c1bd15a6214cf3280e2c2dde4580f9?s=96&d=mm&r=g\",\"caption\":\"admin\"},\"sameAs\":[\"https:\/\/lobosnews.com.ar\"],\"url\":\"https:\/\/lobosnews.com.ar\/index.php\/author\/lobos-news\/\"}]}<\/script>\n<!-- \/ Yoast SEO plugin. -->","yoast_head_json":{"title":"Detalles y an\u00e9cdotas de la carrera de Jorge Comas, el hist\u00f3rico goleador que atraviesa un cr\u00edtico momento en M\u00e9xico - Lobos News","robots":{"index":"index","follow":"follow","max-snippet":"max-snippet:-1","max-image-preview":"max-image-preview:large","max-video-preview":"max-video-preview:-1"},"canonical":"https:\/\/lobosnews.com.ar\/index.php\/2026\/04\/29\/detalles-y-anecdotas-de-la-carrera-de-jorge-comas-el-historico-goleador-que-atraviesa-un-critico-momento-en-mexico\/","og_locale":"es_ES","og_type":"article","og_title":"Detalles y an\u00e9cdotas de la carrera de Jorge Comas, el hist\u00f3rico goleador que atraviesa un cr\u00edtico momento en M\u00e9xico - Lobos News","og_description":"La d\u00e9cada del \u201880 fue de las m\u00e1s apasionantes y parejas en la historia del f\u00fatbol argentino. Una sentencia que uno ha escuchado en m\u00e1s de una oportunidad y con la que es f\u00e1cil estar de acuerdo. Porque hubo partidos inolvidables, grandes jugadores y equipos que se dieron el postergado gusto de ser campeones, como...","og_url":"https:\/\/lobosnews.com.ar\/index.php\/2026\/04\/29\/detalles-y-anecdotas-de-la-carrera-de-jorge-comas-el-historico-goleador-que-atraviesa-un-critico-momento-en-mexico\/","og_site_name":"Lobos News","article_published_time":"2026-04-29T06:03:03+00:00","article_modified_time":"2026-04-29T08:43:16+00:00","og_image":[{"url":"https:\/\/lobosnews.com.ar\/wp-content\/uploads\/2026\/04\/detalles-y-anecdotas-de-la-carrera-de-jorge-comas-el-historico-goleador-que-atraviesa-un-critico-momento-en-mexico.jpg","type":"","width":"","height":""}],"author":"admin","twitter_card":"summary_large_image","twitter_misc":{"Escrito por":"admin","Tiempo de lectura":"10 minutos"},"schema":{"@context":"https:\/\/schema.org","@graph":[{"@type":"Article","@id":"https:\/\/lobosnews.com.ar\/index.php\/2026\/04\/29\/detalles-y-anecdotas-de-la-carrera-de-jorge-comas-el-historico-goleador-que-atraviesa-un-critico-momento-en-mexico\/#article","isPartOf":{"@id":"https:\/\/lobosnews.com.ar\/index.php\/2026\/04\/29\/detalles-y-anecdotas-de-la-carrera-de-jorge-comas-el-historico-goleador-que-atraviesa-un-critico-momento-en-mexico\/"},"author":{"name":"admin","@id":"https:\/\/lobosnews.com.ar\/#\/schema\/person\/232422a593d5c541dd9aef6aaed10943"},"headline":"Detalles y an\u00e9cdotas de la carrera de Jorge Comas, el hist\u00f3rico goleador que atraviesa un cr\u00edtico momento en M\u00e9xico","datePublished":"2026-04-29T06:03:03+00:00","dateModified":"2026-04-29T08:43:16+00:00","mainEntityOfPage":{"@id":"https:\/\/lobosnews.com.ar\/index.php\/2026\/04\/29\/detalles-y-anecdotas-de-la-carrera-de-jorge-comas-el-historico-goleador-que-atraviesa-un-critico-momento-en-mexico\/"},"wordCount":1925,"commentCount":0,"publisher":{"@id":"https:\/\/lobosnews.com.ar\/#organization"},"image":{"@id":"https:\/\/lobosnews.com.ar\/index.php\/2026\/04\/29\/detalles-y-anecdotas-de-la-carrera-de-jorge-comas-el-historico-goleador-que-atraviesa-un-critico-momento-en-mexico\/#primaryimage"},"thumbnailUrl":"https:\/\/lobosnews.com.ar\/wp-content\/uploads\/2026\/04\/detalles-y-anecdotas-de-la-carrera-de-jorge-comas-el-historico-goleador-que-atraviesa-un-critico-momento-en-mexico.jpg","keywords":["Deportes"],"articleSection":["Argentina"],"inLanguage":"es","potentialAction":[{"@type":"CommentAction","name":"Comment","target":["https:\/\/lobosnews.com.ar\/index.php\/2026\/04\/29\/detalles-y-anecdotas-de-la-carrera-de-jorge-comas-el-historico-goleador-que-atraviesa-un-critico-momento-en-mexico\/#respond"]}]},{"@type":"WebPage","@id":"https:\/\/lobosnews.com.ar\/index.php\/2026\/04\/29\/detalles-y-anecdotas-de-la-carrera-de-jorge-comas-el-historico-goleador-que-atraviesa-un-critico-momento-en-mexico\/","url":"https:\/\/lobosnews.com.ar\/index.php\/2026\/04\/29\/detalles-y-anecdotas-de-la-carrera-de-jorge-comas-el-historico-goleador-que-atraviesa-un-critico-momento-en-mexico\/","name":"Detalles y an\u00e9cdotas de la carrera de Jorge Comas, el hist\u00f3rico goleador que atraviesa un cr\u00edtico momento en M\u00e9xico - Lobos News","isPartOf":{"@id":"https:\/\/lobosnews.com.ar\/#website"},"primaryImageOfPage":{"@id":"https:\/\/lobosnews.com.ar\/index.php\/2026\/04\/29\/detalles-y-anecdotas-de-la-carrera-de-jorge-comas-el-historico-goleador-que-atraviesa-un-critico-momento-en-mexico\/#primaryimage"},"image":{"@id":"https:\/\/lobosnews.com.ar\/index.php\/2026\/04\/29\/detalles-y-anecdotas-de-la-carrera-de-jorge-comas-el-historico-goleador-que-atraviesa-un-critico-momento-en-mexico\/#primaryimage"},"thumbnailUrl":"https:\/\/lobosnews.com.ar\/wp-content\/uploads\/2026\/04\/detalles-y-anecdotas-de-la-carrera-de-jorge-comas-el-historico-goleador-que-atraviesa-un-critico-momento-en-mexico.jpg","datePublished":"2026-04-29T06:03:03+00:00","dateModified":"2026-04-29T08:43:16+00:00","breadcrumb":{"@id":"https:\/\/lobosnews.com.ar\/index.php\/2026\/04\/29\/detalles-y-anecdotas-de-la-carrera-de-jorge-comas-el-historico-goleador-que-atraviesa-un-critico-momento-en-mexico\/#breadcrumb"},"inLanguage":"es","potentialAction":[{"@type":"ReadAction","target":["https:\/\/lobosnews.com.ar\/index.php\/2026\/04\/29\/detalles-y-anecdotas-de-la-carrera-de-jorge-comas-el-historico-goleador-que-atraviesa-un-critico-momento-en-mexico\/"]}]},{"@type":"ImageObject","inLanguage":"es","@id":"https:\/\/lobosnews.com.ar\/index.php\/2026\/04\/29\/detalles-y-anecdotas-de-la-carrera-de-jorge-comas-el-historico-goleador-que-atraviesa-un-critico-momento-en-mexico\/#primaryimage","url":"https:\/\/lobosnews.com.ar\/wp-content\/uploads\/2026\/04\/detalles-y-anecdotas-de-la-carrera-de-jorge-comas-el-historico-goleador-que-atraviesa-un-critico-momento-en-mexico.jpg","contentUrl":"https:\/\/lobosnews.com.ar\/wp-content\/uploads\/2026\/04\/detalles-y-anecdotas-de-la-carrera-de-jorge-comas-el-historico-goleador-que-atraviesa-un-critico-momento-en-mexico.jpg"},{"@type":"BreadcrumbList","@id":"https:\/\/lobosnews.com.ar\/index.php\/2026\/04\/29\/detalles-y-anecdotas-de-la-carrera-de-jorge-comas-el-historico-goleador-que-atraviesa-un-critico-momento-en-mexico\/#breadcrumb","itemListElement":[{"@type":"ListItem","position":1,"name":"Portada","item":"https:\/\/lobosnews.com.ar\/"},{"@type":"ListItem","position":2,"name":"Detalles y an\u00e9cdotas de la carrera de Jorge Comas, el hist\u00f3rico goleador que atraviesa un cr\u00edtico momento en M\u00e9xico"}]},{"@type":"WebSite","@id":"https:\/\/lobosnews.com.ar\/#website","url":"https:\/\/lobosnews.com.ar\/","name":"Lobos News","description":"Informaci\u00f3n a cada instante","publisher":{"@id":"https:\/\/lobosnews.com.ar\/#organization"},"potentialAction":[{"@type":"SearchAction","target":{"@type":"EntryPoint","urlTemplate":"https:\/\/lobosnews.com.ar\/?s={search_term_string}"},"query-input":{"@type":"PropertyValueSpecification","valueRequired":true,"valueName":"search_term_string"}}],"inLanguage":"es"},{"@type":"Organization","@id":"https:\/\/lobosnews.com.ar\/#organization","name":"Lobos News","url":"https:\/\/lobosnews.com.ar\/","logo":{"@type":"ImageObject","inLanguage":"es","@id":"https:\/\/lobosnews.com.ar\/#\/schema\/logo\/image\/","url":"https:\/\/lobosnews.com.ar\/wp-content\/uploads\/2026\/01\/logo-lobosnews.png","contentUrl":"https:\/\/lobosnews.com.ar\/wp-content\/uploads\/2026\/01\/logo-lobosnews.png","width":500,"height":200,"caption":"Lobos News"},"image":{"@id":"https:\/\/lobosnews.com.ar\/#\/schema\/logo\/image\/"}},{"@type":"Person","@id":"https:\/\/lobosnews.com.ar\/#\/schema\/person\/232422a593d5c541dd9aef6aaed10943","name":"admin","image":{"@type":"ImageObject","inLanguage":"es","@id":"https:\/\/lobosnews.com.ar\/#\/schema\/person\/image\/","url":"https:\/\/secure.gravatar.com\/avatar\/76e419471a2083bc3ceab22a763dbbf9b0c1bd15a6214cf3280e2c2dde4580f9?s=96&d=mm&r=g","contentUrl":"https:\/\/secure.gravatar.com\/avatar\/76e419471a2083bc3ceab22a763dbbf9b0c1bd15a6214cf3280e2c2dde4580f9?s=96&d=mm&r=g","caption":"admin"},"sameAs":["https:\/\/lobosnews.com.ar"],"url":"https:\/\/lobosnews.com.ar\/index.php\/author\/lobos-news\/"}]}},"jetpack_featured_media_url":"","jetpack_sharing_enabled":true,"_links":{"self":[{"href":"https:\/\/lobosnews.com.ar\/index.php\/wp-json\/wp\/v2\/posts\/46973","targetHints":{"allow":["GET"]}}],"collection":[{"href":"https:\/\/lobosnews.com.ar\/index.php\/wp-json\/wp\/v2\/posts"}],"about":[{"href":"https:\/\/lobosnews.com.ar\/index.php\/wp-json\/wp\/v2\/types\/post"}],"author":[{"embeddable":true,"href":"https:\/\/lobosnews.com.ar\/index.php\/wp-json\/wp\/v2\/users\/1"}],"replies":[{"embeddable":true,"href":"https:\/\/lobosnews.com.ar\/index.php\/wp-json\/wp\/v2\/comments?post=46973"}],"version-history":[{"count":1,"href":"https:\/\/lobosnews.com.ar\/index.php\/wp-json\/wp\/v2\/posts\/46973\/revisions"}],"predecessor-version":[{"id":46979,"href":"https:\/\/lobosnews.com.ar\/index.php\/wp-json\/wp\/v2\/posts\/46973\/revisions\/46979"}],"wp:attachment":[{"href":"https:\/\/lobosnews.com.ar\/index.php\/wp-json\/wp\/v2\/media?parent=46973"}],"wp:term":[{"taxonomy":"category","embeddable":true,"href":"https:\/\/lobosnews.com.ar\/index.php\/wp-json\/wp\/v2\/categories?post=46973"},{"taxonomy":"post_tag","embeddable":true,"href":"https:\/\/lobosnews.com.ar\/index.php\/wp-json\/wp\/v2\/tags?post=46973"}],"curies":[{"name":"wp","href":"https:\/\/api.w.org\/{rel}","templated":true}]}}