{"id":46968,"date":"2026-04-29T06:03:33","date_gmt":"2026-04-29T06:03:33","guid":{"rendered":"https:\/\/lobosnews.com.ar\/index.php\/2026\/04\/29\/el-var-bajo-sospecha-cuando-la-interpretacion-arbitral-vuelve-a-quedar-en-el-centro-de-la-escena\/"},"modified":"2026-04-29T08:43:09","modified_gmt":"2026-04-29T08:43:09","slug":"el-var-bajo-sospecha-cuando-la-interpretacion-arbitral-vuelve-a-quedar-en-el-centro-de-la-escena","status":"publish","type":"post","link":"https:\/\/lobosnews.com.ar\/index.php\/2026\/04\/29\/el-var-bajo-sospecha-cuando-la-interpretacion-arbitral-vuelve-a-quedar-en-el-centro-de-la-escena\/","title":{"rendered":"El VAR bajo sospecha: cuando la interpretaci\u00f3n arbitral vuelve a quedar en el centro de la escena"},"content":{"rendered":"<p><img fetchpriority=\"high\" decoding=\"async\" src=\"https:\/\/lobosnews.com.ar\/wp-content\/uploads\/2026\/04\/el-var-bajo-sospecha-cuando-la-interpretacion-arbitral-vuelve-a-quedar-en-el-centro-de-la-escena.jpg\" alt=\"El reciente partido entre West Ham y Everton estuvo signado por las pol\u00e9micas (Foto Reuters\/Andrew Couldridge)\" height=\"2200\" width=\"3992\"\/><\/p>\n<p>El f\u00fatbol moderno atraviesa <b>una paradoja inc\u00f3moda<\/b>: nunca cont\u00f3 con tantas herramientas para reducir el error arbitral y, sin embargo, nunca estuvo tan envuelto en discusiones sobre sus decisiones. La reciente pol\u00e9mica en la Premier League, tras la queja del Everton frente a West Ham United, no hizo m\u00e1s que confirmar una tendencia que ya dej\u00f3 de ser aislada para convertirse en estructural. <\/p>\n<p>El episodio, ocurrido en el encuentro disputado en Goodison Park, expuso nuevamente las grietas del sistema. Una mano dentro del \u00e1rea del conjunto londinense -protagonizada por Mateus Fernandes- desat\u00f3 el reclamo inmediato de los jugadores del Everton, con Dominic Calvert-Lewin a la cabeza. La respuesta arbitral fue tajante: el juez Michael Oliver no sancion\u00f3 penal, respaldado por el VAR, que consider\u00f3 la acci\u00f3n como accidental. <\/p>\n<p>El partido, adem\u00e1s, tuvo un desenlace que amplific\u00f3 la controversia: el gol en tiempo de descuento de Callum Wilson termin\u00f3 por sellar un resultado que, para Everton, qued\u00f3 inevitablemente condicionado por aquella decisi\u00f3n. <\/p>\n<p><img loading=\"lazy\" decoding=\"async\" src=\"https:\/\/lobosnews.com.ar\/wp-content\/uploads\/2026\/04\/el-var-bajo-sospecha-cuando-la-interpretacion-arbitral-vuelve-a-quedar-en-el-centro-de-la-escena-1.jpg\" alt=\"El reciente partido entre Everton y West Ham United expuso los problemas del VAR y el arbitraje (Foto Reuters\/Andrew Couldridge)\" height=\"1379\" width=\"2093\"\/><\/p>\n<p><b>Pero el verdadero foco no est\u00e1 en una jugada puntual. Est\u00e1 en lo que esa jugada representa. <\/b><\/p>\n<p>Durante d\u00e9cadas, el error arbitral se explicaba desde la limitaci\u00f3n humana: \u201cno lo vio\u201d. <b>Hoy, en cambio, el error ya no es visual, sino conceptual. <\/b>El VAR no elimin\u00f3 la pol\u00e9mica, la transform\u00f3. La traslad\u00f3 desde el campo de juego hacia la cabina, desde la velocidad de la acci\u00f3n hacia la pausa quir\u00fargica del replay. Y en ese nuevo escenario, lo que queda expuesto no es la falta de visi\u00f3n, sino la falta de criterio unificado. <\/p>\n<p>\u00bfQu\u00e9 es una mano sancionable? \u00bfD\u00f3nde termina un movimiento natural y comienza la infracci\u00f3n? \u00bfLa repetici\u00f3n en c\u00e1mara lenta aclara o distorsiona, \u00bfel bal\u00f3n busco la mano o la mano busc\u00f3 el bal\u00f3n? <\/p>\n<p>Las respuestas, lejos de consolidarse, parecen fragmentarse seg\u00fan el \u00e1rbitro, el partido o el contexto. <\/p>\n<p><b>All\u00ed reside el problema m\u00e1s profundo: la inconsistencia.<\/b><\/p>\n<p>El f\u00fatbol puede tolerar el error. Lo que no tolera es la arbitrariedad. Cuando una misma acci\u00f3n recibe fallos distintos en escenarios similares, la credibilidad del sistema se erosiona. Y con ella, algo a\u00fan m\u00e1s sensible: la legitimidad del resultado. <\/p>\n<p>Los organismos rectores, como la FIFA y la International Football Association Board, han comenzado a ensayar respuestas. Entre ellas, una de las m\u00e1s visibles: permitir que los \u00e1rbitros expliquen sus decisiones en vivo. La medida apunta a mejorar la transparencia, pero corre el riesgo de quedarse en la superficie. <\/p>\n<p>Porque explicar una decisi\u00f3n no la vuelve correcta. La pedagog\u00eda puede calmar, pero no corrige. Y sin coherencia, toda explicaci\u00f3n termina siendo apenas una justificaci\u00f3n amplificada por altavoces. <\/p>\n<p>De cara al Mundial 2026, el desaf\u00edo es may\u00fasculo. El torneo m\u00e1s importante del planeta se disputar\u00e1 en un contexto donde la tecnolog\u00eda alcanz\u00f3 su punto m\u00e1ximo: c\u00e1maras en todos los \u00e1ngulos, fuera de juego semiautom\u00e1tico, sensores en el bal\u00f3n. Sin embargo, la sensaci\u00f3n dominante no es de certeza, sino de duda. <\/p>\n<p>La paradoja es inevitable: m\u00e1s tecnolog\u00eda, m\u00e1s protocolos y m\u00e1s intervenci\u00f3n, pero tambi\u00e9n, m\u00e1s cuestionamientos. En el fondo, el problema sigue siendo el mismo de siempre, aunque ahora est\u00e9 rodeado de pantallas: <b>el factor humano.<\/b> <\/p>\n<p>Porque detr\u00e1s de cada decisi\u00f3n, incluso en la era del VAR, hay una interpretaci\u00f3n. Y mientras esa interpretaci\u00f3n no logre unificarse, el sistema seguir\u00e1 siendo vulnerable. <\/p>\n<p><img loading=\"lazy\" decoding=\"async\" src=\"https:\/\/lobosnews.com.ar\/wp-content\/uploads\/2026\/04\/el-var-bajo-sospecha-cuando-la-interpretacion-arbitral-vuelve-a-quedar-en-el-centro-de-la-escena-2.jpg\" alt=\"El italiano Pierluigi Collina conduce la Comisi\u00f3n de \u00c1rbitros de la FIFA (Foto Reuters\/Jeenah Moon)\" height=\"4000\" width=\"6000\"\/><\/p>\n<p>En medio de un clima global marcado por la desconfianza hacia las decisiones arbitrales, el mensaje que baja desde la c\u00fapula del f\u00fatbol mundial intenta llevar calma. La Comisi\u00f3n de \u00c1rbitros de la FIFA, liderada por el italiano Pierluigi Collina, ha dejado en claro que el objetivo rumbo al Mundial 2026 es ambicioso: unificar criterios para reducir el error al m\u00ednimo posible, apoy\u00e1ndose en la tecnolog\u00eda.<\/p>\n<p>El f\u00fatbol busc\u00f3 la justicia en la tecnolog\u00eda. Pero en 2026, todo indica que la justicia sigue dependiendo \u2014como siempre\u2014 de quien la interpreta. <\/p>\n<p>En ese contexto, el balance actual del arbitraje internacional permanece abierto. La evaluaci\u00f3n final -en t\u00e9rminos de consistencia, credibilidad y aceptaci\u00f3n- todav\u00eda no alcanza un resultado plenamente satisfactorio. <\/p>\n<p>En otras palabras, el f\u00fatbol sigue en proceso de rendir examen, y el veredicto definitivo, por ahora, contin\u00faa pendiente de aprobaci\u00f3n.<\/p>\n","protected":false},"excerpt":{"rendered":"<p>El f\u00fatbol moderno atraviesa una paradoja inc\u00f3moda: nunca cont\u00f3 con tantas herramientas para reducir el error arbitral y, sin embargo, nunca estuvo tan envuelto en discusiones sobre sus decisiones. La reciente pol\u00e9mica en la Premier League, tras la queja del Everton frente a West Ham United, no hizo m\u00e1s que confirmar una tendencia que ya&#8230;<\/p>\n","protected":false},"author":1,"featured_media":0,"comment_status":"open","ping_status":"closed","sticky":false,"template":"","format":"standard","meta":{"_jetpack_memberships_contains_paid_content":false,"footnotes":""},"categories":[30],"tags":[39],"class_list":["post-46968","post","type-post","status-publish","format-standard","hentry","category-argentina","tag-deportes"],"magazineBlocksPostFeaturedMedia":{"thumbnail":false,"medium":false,"medium_large":false,"large":false,"1536x1536":false,"2048x2048":false,"newsmatic-featured":false,"newsmatic-list":false,"newsmatic-thumb":false,"newsmatic-small":false,"newsmatic-grid":false},"magazineBlocksPostAuthor":{"name":"admin","avatar":"https:\/\/secure.gravatar.com\/avatar\/76e419471a2083bc3ceab22a763dbbf9b0c1bd15a6214cf3280e2c2dde4580f9?s=96&d=mm&r=g"},"magazineBlocksPostCommentsNumber":"0","magazineBlocksPostExcerpt":"El f\u00fatbol moderno atraviesa una paradoja inc\u00f3moda: nunca cont\u00f3 con tantas herramientas para reducir el error arbitral y, sin embargo, nunca estuvo tan envuelto en discusiones sobre sus decisiones. La reciente pol\u00e9mica en la Premier League, tras la queja del Everton frente a West Ham United, no hizo m\u00e1s que confirmar una tendencia que ya...","magazineBlocksPostCategories":["Argentina"],"magazineBlocksPostViewCount":8,"magazineBlocksPostReadTime":4,"magazine_blocks_featured_image_url":{"full":false,"medium":false,"thumbnail":false},"magazine_blocks_author":{"display_name":"admin","author_link":"https:\/\/lobosnews.com.ar\/index.php\/author\/lobos-news\/"},"magazine_blocks_comment":0,"magazine_blocks_author_image":"https:\/\/secure.gravatar.com\/avatar\/76e419471a2083bc3ceab22a763dbbf9b0c1bd15a6214cf3280e2c2dde4580f9?s=96&d=mm&r=g","magazine_blocks_category":"<a href=\"#\" class=\"category-link category-link-30\">Argentina<\/a>","yoast_head":"<!-- This site is optimized with the Yoast SEO plugin v26.6 - https:\/\/yoast.com\/wordpress\/plugins\/seo\/ -->\n<title>El VAR bajo sospecha: cuando la interpretaci\u00f3n arbitral vuelve a quedar en el centro de la escena - Lobos News<\/title>\n<meta name=\"robots\" content=\"index, follow, max-snippet:-1, max-image-preview:large, max-video-preview:-1\" \/>\n<link rel=\"canonical\" href=\"https:\/\/lobosnews.com.ar\/index.php\/2026\/04\/29\/el-var-bajo-sospecha-cuando-la-interpretacion-arbitral-vuelve-a-quedar-en-el-centro-de-la-escena\/\" \/>\n<meta property=\"og:locale\" content=\"es_ES\" \/>\n<meta property=\"og:type\" content=\"article\" \/>\n<meta property=\"og:title\" content=\"El VAR bajo sospecha: cuando la interpretaci\u00f3n arbitral vuelve a quedar en el centro de la escena - Lobos News\" \/>\n<meta property=\"og:description\" content=\"El f\u00fatbol moderno atraviesa una paradoja inc\u00f3moda: nunca cont\u00f3 con tantas herramientas para reducir el error arbitral y, sin embargo, nunca estuvo tan envuelto en discusiones sobre sus decisiones. La reciente pol\u00e9mica en la Premier League, tras la queja del Everton frente a West Ham United, no hizo m\u00e1s que confirmar una tendencia que ya...\" \/>\n<meta property=\"og:url\" content=\"https:\/\/lobosnews.com.ar\/index.php\/2026\/04\/29\/el-var-bajo-sospecha-cuando-la-interpretacion-arbitral-vuelve-a-quedar-en-el-centro-de-la-escena\/\" \/>\n<meta property=\"og:site_name\" content=\"Lobos News\" \/>\n<meta property=\"article:published_time\" content=\"2026-04-29T06:03:33+00:00\" \/>\n<meta property=\"article:modified_time\" content=\"2026-04-29T08:43:09+00:00\" \/>\n<meta property=\"og:image\" content=\"https:\/\/lobosnews.com.ar\/wp-content\/uploads\/2026\/04\/el-var-bajo-sospecha-cuando-la-interpretacion-arbitral-vuelve-a-quedar-en-el-centro-de-la-escena.jpg\" \/>\n<meta name=\"author\" content=\"admin\" \/>\n<meta name=\"twitter:card\" content=\"summary_large_image\" \/>\n<meta name=\"twitter:label1\" content=\"Escrito por\" \/>\n\t<meta name=\"twitter:data1\" content=\"admin\" \/>\n\t<meta name=\"twitter:label2\" content=\"Tiempo de lectura\" \/>\n\t<meta name=\"twitter:data2\" content=\"4 minutos\" \/>\n<script type=\"application\/ld+json\" class=\"yoast-schema-graph\">{\"@context\":\"https:\/\/schema.org\",\"@graph\":[{\"@type\":\"Article\",\"@id\":\"https:\/\/lobosnews.com.ar\/index.php\/2026\/04\/29\/el-var-bajo-sospecha-cuando-la-interpretacion-arbitral-vuelve-a-quedar-en-el-centro-de-la-escena\/#article\",\"isPartOf\":{\"@id\":\"https:\/\/lobosnews.com.ar\/index.php\/2026\/04\/29\/el-var-bajo-sospecha-cuando-la-interpretacion-arbitral-vuelve-a-quedar-en-el-centro-de-la-escena\/\"},\"author\":{\"name\":\"admin\",\"@id\":\"https:\/\/lobosnews.com.ar\/#\/schema\/person\/232422a593d5c541dd9aef6aaed10943\"},\"headline\":\"El VAR bajo sospecha: cuando la interpretaci\u00f3n arbitral vuelve a quedar en el centro de la escena\",\"datePublished\":\"2026-04-29T06:03:33+00:00\",\"dateModified\":\"2026-04-29T08:43:09+00:00\",\"mainEntityOfPage\":{\"@id\":\"https:\/\/lobosnews.com.ar\/index.php\/2026\/04\/29\/el-var-bajo-sospecha-cuando-la-interpretacion-arbitral-vuelve-a-quedar-en-el-centro-de-la-escena\/\"},\"wordCount\":759,\"commentCount\":0,\"publisher\":{\"@id\":\"https:\/\/lobosnews.com.ar\/#organization\"},\"image\":{\"@id\":\"https:\/\/lobosnews.com.ar\/index.php\/2026\/04\/29\/el-var-bajo-sospecha-cuando-la-interpretacion-arbitral-vuelve-a-quedar-en-el-centro-de-la-escena\/#primaryimage\"},\"thumbnailUrl\":\"https:\/\/lobosnews.com.ar\/wp-content\/uploads\/2026\/04\/el-var-bajo-sospecha-cuando-la-interpretacion-arbitral-vuelve-a-quedar-en-el-centro-de-la-escena.jpg\",\"keywords\":[\"Deportes\"],\"articleSection\":[\"Argentina\"],\"inLanguage\":\"es\",\"potentialAction\":[{\"@type\":\"CommentAction\",\"name\":\"Comment\",\"target\":[\"https:\/\/lobosnews.com.ar\/index.php\/2026\/04\/29\/el-var-bajo-sospecha-cuando-la-interpretacion-arbitral-vuelve-a-quedar-en-el-centro-de-la-escena\/#respond\"]}]},{\"@type\":\"WebPage\",\"@id\":\"https:\/\/lobosnews.com.ar\/index.php\/2026\/04\/29\/el-var-bajo-sospecha-cuando-la-interpretacion-arbitral-vuelve-a-quedar-en-el-centro-de-la-escena\/\",\"url\":\"https:\/\/lobosnews.com.ar\/index.php\/2026\/04\/29\/el-var-bajo-sospecha-cuando-la-interpretacion-arbitral-vuelve-a-quedar-en-el-centro-de-la-escena\/\",\"name\":\"El VAR bajo sospecha: cuando la interpretaci\u00f3n arbitral vuelve a quedar en el centro de la escena - Lobos News\",\"isPartOf\":{\"@id\":\"https:\/\/lobosnews.com.ar\/#website\"},\"primaryImageOfPage\":{\"@id\":\"https:\/\/lobosnews.com.ar\/index.php\/2026\/04\/29\/el-var-bajo-sospecha-cuando-la-interpretacion-arbitral-vuelve-a-quedar-en-el-centro-de-la-escena\/#primaryimage\"},\"image\":{\"@id\":\"https:\/\/lobosnews.com.ar\/index.php\/2026\/04\/29\/el-var-bajo-sospecha-cuando-la-interpretacion-arbitral-vuelve-a-quedar-en-el-centro-de-la-escena\/#primaryimage\"},\"thumbnailUrl\":\"https:\/\/lobosnews.com.ar\/wp-content\/uploads\/2026\/04\/el-var-bajo-sospecha-cuando-la-interpretacion-arbitral-vuelve-a-quedar-en-el-centro-de-la-escena.jpg\",\"datePublished\":\"2026-04-29T06:03:33+00:00\",\"dateModified\":\"2026-04-29T08:43:09+00:00\",\"breadcrumb\":{\"@id\":\"https:\/\/lobosnews.com.ar\/index.php\/2026\/04\/29\/el-var-bajo-sospecha-cuando-la-interpretacion-arbitral-vuelve-a-quedar-en-el-centro-de-la-escena\/#breadcrumb\"},\"inLanguage\":\"es\",\"potentialAction\":[{\"@type\":\"ReadAction\",\"target\":[\"https:\/\/lobosnews.com.ar\/index.php\/2026\/04\/29\/el-var-bajo-sospecha-cuando-la-interpretacion-arbitral-vuelve-a-quedar-en-el-centro-de-la-escena\/\"]}]},{\"@type\":\"ImageObject\",\"inLanguage\":\"es\",\"@id\":\"https:\/\/lobosnews.com.ar\/index.php\/2026\/04\/29\/el-var-bajo-sospecha-cuando-la-interpretacion-arbitral-vuelve-a-quedar-en-el-centro-de-la-escena\/#primaryimage\",\"url\":\"https:\/\/lobosnews.com.ar\/wp-content\/uploads\/2026\/04\/el-var-bajo-sospecha-cuando-la-interpretacion-arbitral-vuelve-a-quedar-en-el-centro-de-la-escena.jpg\",\"contentUrl\":\"https:\/\/lobosnews.com.ar\/wp-content\/uploads\/2026\/04\/el-var-bajo-sospecha-cuando-la-interpretacion-arbitral-vuelve-a-quedar-en-el-centro-de-la-escena.jpg\"},{\"@type\":\"BreadcrumbList\",\"@id\":\"https:\/\/lobosnews.com.ar\/index.php\/2026\/04\/29\/el-var-bajo-sospecha-cuando-la-interpretacion-arbitral-vuelve-a-quedar-en-el-centro-de-la-escena\/#breadcrumb\",\"itemListElement\":[{\"@type\":\"ListItem\",\"position\":1,\"name\":\"Portada\",\"item\":\"https:\/\/lobosnews.com.ar\/\"},{\"@type\":\"ListItem\",\"position\":2,\"name\":\"El VAR bajo sospecha: cuando la interpretaci\u00f3n arbitral vuelve a quedar en el centro de la escena\"}]},{\"@type\":\"WebSite\",\"@id\":\"https:\/\/lobosnews.com.ar\/#website\",\"url\":\"https:\/\/lobosnews.com.ar\/\",\"name\":\"Lobos News\",\"description\":\"Informaci\u00f3n a cada instante\",\"publisher\":{\"@id\":\"https:\/\/lobosnews.com.ar\/#organization\"},\"potentialAction\":[{\"@type\":\"SearchAction\",\"target\":{\"@type\":\"EntryPoint\",\"urlTemplate\":\"https:\/\/lobosnews.com.ar\/?s={search_term_string}\"},\"query-input\":{\"@type\":\"PropertyValueSpecification\",\"valueRequired\":true,\"valueName\":\"search_term_string\"}}],\"inLanguage\":\"es\"},{\"@type\":\"Organization\",\"@id\":\"https:\/\/lobosnews.com.ar\/#organization\",\"name\":\"Lobos News\",\"url\":\"https:\/\/lobosnews.com.ar\/\",\"logo\":{\"@type\":\"ImageObject\",\"inLanguage\":\"es\",\"@id\":\"https:\/\/lobosnews.com.ar\/#\/schema\/logo\/image\/\",\"url\":\"https:\/\/lobosnews.com.ar\/wp-content\/uploads\/2026\/01\/logo-lobosnews.png\",\"contentUrl\":\"https:\/\/lobosnews.com.ar\/wp-content\/uploads\/2026\/01\/logo-lobosnews.png\",\"width\":500,\"height\":200,\"caption\":\"Lobos News\"},\"image\":{\"@id\":\"https:\/\/lobosnews.com.ar\/#\/schema\/logo\/image\/\"}},{\"@type\":\"Person\",\"@id\":\"https:\/\/lobosnews.com.ar\/#\/schema\/person\/232422a593d5c541dd9aef6aaed10943\",\"name\":\"admin\",\"image\":{\"@type\":\"ImageObject\",\"inLanguage\":\"es\",\"@id\":\"https:\/\/lobosnews.com.ar\/#\/schema\/person\/image\/\",\"url\":\"https:\/\/secure.gravatar.com\/avatar\/76e419471a2083bc3ceab22a763dbbf9b0c1bd15a6214cf3280e2c2dde4580f9?s=96&d=mm&r=g\",\"contentUrl\":\"https:\/\/secure.gravatar.com\/avatar\/76e419471a2083bc3ceab22a763dbbf9b0c1bd15a6214cf3280e2c2dde4580f9?s=96&d=mm&r=g\",\"caption\":\"admin\"},\"sameAs\":[\"https:\/\/lobosnews.com.ar\"],\"url\":\"https:\/\/lobosnews.com.ar\/index.php\/author\/lobos-news\/\"}]}<\/script>\n<!-- \/ Yoast SEO plugin. -->","yoast_head_json":{"title":"El VAR bajo sospecha: cuando la interpretaci\u00f3n arbitral vuelve a quedar en el centro de la escena - Lobos News","robots":{"index":"index","follow":"follow","max-snippet":"max-snippet:-1","max-image-preview":"max-image-preview:large","max-video-preview":"max-video-preview:-1"},"canonical":"https:\/\/lobosnews.com.ar\/index.php\/2026\/04\/29\/el-var-bajo-sospecha-cuando-la-interpretacion-arbitral-vuelve-a-quedar-en-el-centro-de-la-escena\/","og_locale":"es_ES","og_type":"article","og_title":"El VAR bajo sospecha: cuando la interpretaci\u00f3n arbitral vuelve a quedar en el centro de la escena - Lobos News","og_description":"El f\u00fatbol moderno atraviesa una paradoja inc\u00f3moda: nunca cont\u00f3 con tantas herramientas para reducir el error arbitral y, sin embargo, nunca estuvo tan envuelto en discusiones sobre sus decisiones. La reciente pol\u00e9mica en la Premier League, tras la queja del Everton frente a West Ham United, no hizo m\u00e1s que confirmar una tendencia que ya...","og_url":"https:\/\/lobosnews.com.ar\/index.php\/2026\/04\/29\/el-var-bajo-sospecha-cuando-la-interpretacion-arbitral-vuelve-a-quedar-en-el-centro-de-la-escena\/","og_site_name":"Lobos News","article_published_time":"2026-04-29T06:03:33+00:00","article_modified_time":"2026-04-29T08:43:09+00:00","og_image":[{"url":"https:\/\/lobosnews.com.ar\/wp-content\/uploads\/2026\/04\/el-var-bajo-sospecha-cuando-la-interpretacion-arbitral-vuelve-a-quedar-en-el-centro-de-la-escena.jpg","type":"","width":"","height":""}],"author":"admin","twitter_card":"summary_large_image","twitter_misc":{"Escrito por":"admin","Tiempo de lectura":"4 minutos"},"schema":{"@context":"https:\/\/schema.org","@graph":[{"@type":"Article","@id":"https:\/\/lobosnews.com.ar\/index.php\/2026\/04\/29\/el-var-bajo-sospecha-cuando-la-interpretacion-arbitral-vuelve-a-quedar-en-el-centro-de-la-escena\/#article","isPartOf":{"@id":"https:\/\/lobosnews.com.ar\/index.php\/2026\/04\/29\/el-var-bajo-sospecha-cuando-la-interpretacion-arbitral-vuelve-a-quedar-en-el-centro-de-la-escena\/"},"author":{"name":"admin","@id":"https:\/\/lobosnews.com.ar\/#\/schema\/person\/232422a593d5c541dd9aef6aaed10943"},"headline":"El VAR bajo sospecha: cuando la interpretaci\u00f3n arbitral vuelve a quedar en el centro de la escena","datePublished":"2026-04-29T06:03:33+00:00","dateModified":"2026-04-29T08:43:09+00:00","mainEntityOfPage":{"@id":"https:\/\/lobosnews.com.ar\/index.php\/2026\/04\/29\/el-var-bajo-sospecha-cuando-la-interpretacion-arbitral-vuelve-a-quedar-en-el-centro-de-la-escena\/"},"wordCount":759,"commentCount":0,"publisher":{"@id":"https:\/\/lobosnews.com.ar\/#organization"},"image":{"@id":"https:\/\/lobosnews.com.ar\/index.php\/2026\/04\/29\/el-var-bajo-sospecha-cuando-la-interpretacion-arbitral-vuelve-a-quedar-en-el-centro-de-la-escena\/#primaryimage"},"thumbnailUrl":"https:\/\/lobosnews.com.ar\/wp-content\/uploads\/2026\/04\/el-var-bajo-sospecha-cuando-la-interpretacion-arbitral-vuelve-a-quedar-en-el-centro-de-la-escena.jpg","keywords":["Deportes"],"articleSection":["Argentina"],"inLanguage":"es","potentialAction":[{"@type":"CommentAction","name":"Comment","target":["https:\/\/lobosnews.com.ar\/index.php\/2026\/04\/29\/el-var-bajo-sospecha-cuando-la-interpretacion-arbitral-vuelve-a-quedar-en-el-centro-de-la-escena\/#respond"]}]},{"@type":"WebPage","@id":"https:\/\/lobosnews.com.ar\/index.php\/2026\/04\/29\/el-var-bajo-sospecha-cuando-la-interpretacion-arbitral-vuelve-a-quedar-en-el-centro-de-la-escena\/","url":"https:\/\/lobosnews.com.ar\/index.php\/2026\/04\/29\/el-var-bajo-sospecha-cuando-la-interpretacion-arbitral-vuelve-a-quedar-en-el-centro-de-la-escena\/","name":"El VAR bajo sospecha: cuando la interpretaci\u00f3n arbitral vuelve a quedar en el centro de la escena - Lobos News","isPartOf":{"@id":"https:\/\/lobosnews.com.ar\/#website"},"primaryImageOfPage":{"@id":"https:\/\/lobosnews.com.ar\/index.php\/2026\/04\/29\/el-var-bajo-sospecha-cuando-la-interpretacion-arbitral-vuelve-a-quedar-en-el-centro-de-la-escena\/#primaryimage"},"image":{"@id":"https:\/\/lobosnews.com.ar\/index.php\/2026\/04\/29\/el-var-bajo-sospecha-cuando-la-interpretacion-arbitral-vuelve-a-quedar-en-el-centro-de-la-escena\/#primaryimage"},"thumbnailUrl":"https:\/\/lobosnews.com.ar\/wp-content\/uploads\/2026\/04\/el-var-bajo-sospecha-cuando-la-interpretacion-arbitral-vuelve-a-quedar-en-el-centro-de-la-escena.jpg","datePublished":"2026-04-29T06:03:33+00:00","dateModified":"2026-04-29T08:43:09+00:00","breadcrumb":{"@id":"https:\/\/lobosnews.com.ar\/index.php\/2026\/04\/29\/el-var-bajo-sospecha-cuando-la-interpretacion-arbitral-vuelve-a-quedar-en-el-centro-de-la-escena\/#breadcrumb"},"inLanguage":"es","potentialAction":[{"@type":"ReadAction","target":["https:\/\/lobosnews.com.ar\/index.php\/2026\/04\/29\/el-var-bajo-sospecha-cuando-la-interpretacion-arbitral-vuelve-a-quedar-en-el-centro-de-la-escena\/"]}]},{"@type":"ImageObject","inLanguage":"es","@id":"https:\/\/lobosnews.com.ar\/index.php\/2026\/04\/29\/el-var-bajo-sospecha-cuando-la-interpretacion-arbitral-vuelve-a-quedar-en-el-centro-de-la-escena\/#primaryimage","url":"https:\/\/lobosnews.com.ar\/wp-content\/uploads\/2026\/04\/el-var-bajo-sospecha-cuando-la-interpretacion-arbitral-vuelve-a-quedar-en-el-centro-de-la-escena.jpg","contentUrl":"https:\/\/lobosnews.com.ar\/wp-content\/uploads\/2026\/04\/el-var-bajo-sospecha-cuando-la-interpretacion-arbitral-vuelve-a-quedar-en-el-centro-de-la-escena.jpg"},{"@type":"BreadcrumbList","@id":"https:\/\/lobosnews.com.ar\/index.php\/2026\/04\/29\/el-var-bajo-sospecha-cuando-la-interpretacion-arbitral-vuelve-a-quedar-en-el-centro-de-la-escena\/#breadcrumb","itemListElement":[{"@type":"ListItem","position":1,"name":"Portada","item":"https:\/\/lobosnews.com.ar\/"},{"@type":"ListItem","position":2,"name":"El VAR bajo sospecha: cuando la interpretaci\u00f3n arbitral vuelve a quedar en el centro de la escena"}]},{"@type":"WebSite","@id":"https:\/\/lobosnews.com.ar\/#website","url":"https:\/\/lobosnews.com.ar\/","name":"Lobos News","description":"Informaci\u00f3n a cada instante","publisher":{"@id":"https:\/\/lobosnews.com.ar\/#organization"},"potentialAction":[{"@type":"SearchAction","target":{"@type":"EntryPoint","urlTemplate":"https:\/\/lobosnews.com.ar\/?s={search_term_string}"},"query-input":{"@type":"PropertyValueSpecification","valueRequired":true,"valueName":"search_term_string"}}],"inLanguage":"es"},{"@type":"Organization","@id":"https:\/\/lobosnews.com.ar\/#organization","name":"Lobos News","url":"https:\/\/lobosnews.com.ar\/","logo":{"@type":"ImageObject","inLanguage":"es","@id":"https:\/\/lobosnews.com.ar\/#\/schema\/logo\/image\/","url":"https:\/\/lobosnews.com.ar\/wp-content\/uploads\/2026\/01\/logo-lobosnews.png","contentUrl":"https:\/\/lobosnews.com.ar\/wp-content\/uploads\/2026\/01\/logo-lobosnews.png","width":500,"height":200,"caption":"Lobos News"},"image":{"@id":"https:\/\/lobosnews.com.ar\/#\/schema\/logo\/image\/"}},{"@type":"Person","@id":"https:\/\/lobosnews.com.ar\/#\/schema\/person\/232422a593d5c541dd9aef6aaed10943","name":"admin","image":{"@type":"ImageObject","inLanguage":"es","@id":"https:\/\/lobosnews.com.ar\/#\/schema\/person\/image\/","url":"https:\/\/secure.gravatar.com\/avatar\/76e419471a2083bc3ceab22a763dbbf9b0c1bd15a6214cf3280e2c2dde4580f9?s=96&d=mm&r=g","contentUrl":"https:\/\/secure.gravatar.com\/avatar\/76e419471a2083bc3ceab22a763dbbf9b0c1bd15a6214cf3280e2c2dde4580f9?s=96&d=mm&r=g","caption":"admin"},"sameAs":["https:\/\/lobosnews.com.ar"],"url":"https:\/\/lobosnews.com.ar\/index.php\/author\/lobos-news\/"}]}},"jetpack_featured_media_url":"","jetpack_sharing_enabled":true,"_links":{"self":[{"href":"https:\/\/lobosnews.com.ar\/index.php\/wp-json\/wp\/v2\/posts\/46968","targetHints":{"allow":["GET"]}}],"collection":[{"href":"https:\/\/lobosnews.com.ar\/index.php\/wp-json\/wp\/v2\/posts"}],"about":[{"href":"https:\/\/lobosnews.com.ar\/index.php\/wp-json\/wp\/v2\/types\/post"}],"author":[{"embeddable":true,"href":"https:\/\/lobosnews.com.ar\/index.php\/wp-json\/wp\/v2\/users\/1"}],"replies":[{"embeddable":true,"href":"https:\/\/lobosnews.com.ar\/index.php\/wp-json\/wp\/v2\/comments?post=46968"}],"version-history":[{"count":1,"href":"https:\/\/lobosnews.com.ar\/index.php\/wp-json\/wp\/v2\/posts\/46968\/revisions"}],"predecessor-version":[{"id":46972,"href":"https:\/\/lobosnews.com.ar\/index.php\/wp-json\/wp\/v2\/posts\/46968\/revisions\/46972"}],"wp:attachment":[{"href":"https:\/\/lobosnews.com.ar\/index.php\/wp-json\/wp\/v2\/media?parent=46968"}],"wp:term":[{"taxonomy":"category","embeddable":true,"href":"https:\/\/lobosnews.com.ar\/index.php\/wp-json\/wp\/v2\/categories?post=46968"},{"taxonomy":"post_tag","embeddable":true,"href":"https:\/\/lobosnews.com.ar\/index.php\/wp-json\/wp\/v2\/tags?post=46968"}],"curies":[{"name":"wp","href":"https:\/\/api.w.org\/{rel}","templated":true}]}}