{"id":46956,"date":"2026-04-29T00:50:43","date_gmt":"2026-04-29T00:50:43","guid":{"rendered":"https:\/\/lobosnews.com.ar\/index.php\/2026\/04\/29\/jury-a-los-fiscales-del-caso-dalmasso-la-defensa-del-parquetista-puso-en-duda-la-cadena-de-custodia-y-la-validez-del-adn\/"},"modified":"2026-04-29T03:07:47","modified_gmt":"2026-04-29T03:07:47","slug":"jury-a-los-fiscales-del-caso-dalmasso-la-defensa-del-parquetista-puso-en-duda-la-cadena-de-custodia-y-la-validez-del-adn","status":"publish","type":"post","link":"https:\/\/lobosnews.com.ar\/index.php\/2026\/04\/29\/jury-a-los-fiscales-del-caso-dalmasso-la-defensa-del-parquetista-puso-en-duda-la-cadena-de-custodia-y-la-validez-del-adn\/","title":{"rendered":"Jury a los fiscales del caso Dalmasso: la defensa del parquetista puso en duda la cadena de custodia y la validez del ADN"},"content":{"rendered":"<p><img loading=\"lazy\" decoding=\"async\" src=\"https:\/\/lobosnews.com.ar\/wp-content\/uploads\/2026\/04\/jury-a-los-fiscales-del-caso-dalmasso-la-defensa-del-parquetista-puso-en-duda-la-cadena-de-custodia-y-la-validez-del-adn.jpg\" alt=\"Roberto Barzola, el acusado del crimen de Nora Dalmasso\" height=\"360\" width=\"640\"\/><\/p>\n<p>La defensa de <span class=\"waslinkname\"><i><b>Roberto B\u00e1rzola<\/b><\/i><\/span><i> <\/i>remarc\u00f3 que existe una serie de <b>irregularidades en el manejo de la muestra de ADN<\/b> que se utiliz\u00f3 para relacionar al parquetista con el asesinato de <span class=\"waslinkname\"><i>Nora Dalmasso<\/i><\/span>.<\/p>\n<p>El acusado del crimen ocurrido en noviembre de 2006 en R\u00edo Cuarto, es representado legalmente por el abogado <b>Zacar\u00edas Ram\u00edrez Rigo<\/b>, quien ayer asisti\u00f3 a la audiencia del <span class=\"waslinkname\"><i><b>jury contra los fiscales<\/b><\/i><\/span><i><b> <\/b><\/i>que llevaron adelante la investigaci\u00f3n sin llegar al culpable.<\/p>\n<p>En el edificio de la Legislatura de C\u00f3rdoba, el letrado dijo que la defensa disputar\u00e1 la forma en que se obtuvo y trat\u00f3 la evidencia gen\u00e9tica.<\/p>\n<p>Seg\u00fan subray\u00f3, su cliente fue citado y entrevistado en varias oportunidades a lo largo de los casi 20 a\u00f1os que lleva la causa, aunque nunca fue formalmente imputado por los primeros investigadores. <b>\u201cSiempre \u00e9l ha sido investigado, no imputado. Pero \u00e9l s\u00ed considera que ha sido investigado en esta causa\u201d<\/b>, expres\u00f3 a la prensa local.<\/p>\n<p>Ram\u00edrez Rigo explic\u00f3 que la muestra de ADN atribuida a su defendido ya hab\u00eda sido adjudicada antes a otros sospechosos.<\/p>\n<p>\u201c<b>La misma muestra que le indican o le adjudican a \u00e9l hoy, se la hab\u00edan adjudicado a otros dos imputados con anterioridad<\/b>. Por lo tanto, se pueden ver algunas deficiencias con respecto a esa muestra y esa es una muestra que se tom\u00f3 hace 20 a\u00f1os, por lo cual es absolutamente atemporal a c\u00f3mo se toman muestras hoy en d\u00eda y con otra tecnolog\u00eda y con otros procedimientos\u201d, se\u00f1al\u00f3.<\/p>\n<p>Tambi\u00e9n anticip\u00f3 que <b>la defensa planea cuestionar no solo la extracci\u00f3n de la muestra, sino toda la cadena de custodia<\/b> y los pasos seguidos en el proceso. Adem\u00e1s, remarc\u00f3 que B\u00e1rzola no estuvo acompa\u00f1ado por un abogado al momento de la extracci\u00f3n de ADN.<\/p>\n<p><img loading=\"lazy\" decoding=\"async\" src=\"https:\/\/lobosnews.com.ar\/wp-content\/uploads\/2026\/04\/jury-a-los-fiscales-del-caso-dalmasso-la-defensa-del-parquetista-puso-en-duda-la-cadena-de-custodia-y-la-validez-del-adn-1.jpg\" alt=\"El abogado Zacar\u00edas Ram\u00edrez Rigo\" height=\"688\" width=\"530\"\/><\/p>\n<p>El abogado tambi\u00e9n se refiri\u00f3 a su presencia este lunes en el jury contra los fiscales <b>Javier Di Santo, Daniel Miralles y Luis Pizarro <\/b>y previo el cierre de la etapa de testimoniales. En ese contexto, uno de los que declar\u00f3 fue <b>Pablo J\u00e1vega<\/b>, actual fiscal de instrucci\u00f3n del caso, quien frente al tribunal detall\u00f3 los pasos que sigui\u00f3 para solicitar la muestra de ADN y vincular el perfil gen\u00e9tico hallado en la escena con B\u00e1rzola.<\/p>\n<p>\u201cSab\u00edamos que hoy iba a dar su testimonio el fiscal J\u00e1vega, que es quien imput\u00f3. Nosotros<b> tenemos un inter\u00e9s en todo este debate, principalmente porque de manera indirecta se est\u00e1 hablando de mi defendido<\/b>. Porque <b>si hay un mal desempe\u00f1o de tres fiscales es porque se est\u00e1 presumiendo que mi defendido vendr\u00eda a ser culpable<\/b> y que cometi\u00f3 este hecho terrible contra Nora Dalmasso\u201d, dijo Ram\u00edrez Rigo.<\/p>\n<p>En esa l\u00ednea, sostuvo que todo el debate resulta <b>\u201catemporal\u201d<\/b>, porque <b>antes de avanzar con cualquier acusaci\u00f3n deber\u00eda resolverse la situaci\u00f3n procesal del parquetista<\/b>. Para el letrado, los derechos de su cliente est\u00e1n siendo vulnerados.<\/p>\n<p><img loading=\"lazy\" decoding=\"async\" src=\"https:\/\/lobosnews.com.ar\/wp-content\/uploads\/2026\/04\/jury-a-los-fiscales-del-caso-dalmasso-la-defensa-del-parquetista-puso-en-duda-la-cadena-de-custodia-y-la-validez-del-adn-2.jpg\" alt=\"Nora Dalmasso fue asesinada el 25 de noviembre de 2006\" height=\"1547\" width=\"2749\"\/><\/p>\n<p>Adem\u00e1s de J\u00e1vega, en la audiencia de ayer tambi\u00e9n declararon los ex fiscales generales de C\u00f3rdoba, <b>Gustavo Vidal Lascano<\/b> y <b>Eugenio Dar\u00edo Vezzaro<\/b>. Ambos estuvieron al frente del Ministerio P\u00fablico Fiscal en el primer tramo de la investigaci\u00f3n, cuando se acus\u00f3 al pintor Gast\u00f3n Z\u00e1rate y a Facundo Macarr\u00f3n. Fueron citados como testigos del fiscal Miralles.<\/p>\n<p>Tras las declaraciones se defini\u00f3 un cuarto intermedio hasta el 6 de mayo, cuando se realizar\u00e1n los alegatos. Si se cumple el cronograma, el veredicto se conocer\u00e1 antes de fin de mes. Solo hay dos opciones: <b>destituci\u00f3n o continuidad en el cargo.<\/b><\/p>\n","protected":false},"excerpt":{"rendered":"<p>La defensa de Roberto B\u00e1rzola remarc\u00f3 que existe una serie de irregularidades en el manejo de la muestra de ADN que se utiliz\u00f3 para relacionar al parquetista con el asesinato de Nora Dalmasso. El acusado del crimen ocurrido en noviembre de 2006 en R\u00edo Cuarto, es representado legalmente por el abogado Zacar\u00edas Ram\u00edrez Rigo, quien&#8230;<\/p>\n","protected":false},"author":1,"featured_media":46961,"comment_status":"open","ping_status":"closed","sticky":false,"template":"","format":"standard","meta":{"_jetpack_memberships_contains_paid_content":false,"footnotes":""},"categories":[31,30,32,77,84,35,36,37],"tags":[],"class_list":["post-46956","post","type-post","status-publish","format-standard","has-post-thumbnail","hentry","category-actualidad","category-argentina","category-economia","category-inseguridad","category-masradios-com","category-nacionales","category-seguridad","category-sociedad"],"magazineBlocksPostFeaturedMedia":{"thumbnail":"https:\/\/lobosnews.com.ar\/wp-content\/uploads\/2026\/04\/jury-a-los-fiscales-del-caso-dalmasso-la-defensa-del-parquetista-puso-en-duda-la-cadena-de-custodia-y-la-validez-del-adn-4-150x150.jpg","medium":"https:\/\/lobosnews.com.ar\/wp-content\/uploads\/2026\/04\/jury-a-los-fiscales-del-caso-dalmasso-la-defensa-del-parquetista-puso-en-duda-la-cadena-de-custodia-y-la-validez-del-adn-4-300x169.jpg","medium_large":"https:\/\/lobosnews.com.ar\/wp-content\/uploads\/2026\/04\/jury-a-los-fiscales-del-caso-dalmasso-la-defensa-del-parquetista-puso-en-duda-la-cadena-de-custodia-y-la-validez-del-adn-4-768x432.jpg","large":"https:\/\/lobosnews.com.ar\/wp-content\/uploads\/2026\/04\/jury-a-los-fiscales-del-caso-dalmasso-la-defensa-del-parquetista-puso-en-duda-la-cadena-de-custodia-y-la-validez-del-adn-4-1024x576.jpg","1536x1536":"https:\/\/lobosnews.com.ar\/wp-content\/uploads\/2026\/04\/jury-a-los-fiscales-del-caso-dalmasso-la-defensa-del-parquetista-puso-en-duda-la-cadena-de-custodia-y-la-validez-del-adn-4-1536x864.jpg","2048x2048":"https:\/\/lobosnews.com.ar\/wp-content\/uploads\/2026\/04\/jury-a-los-fiscales-del-caso-dalmasso-la-defensa-del-parquetista-puso-en-duda-la-cadena-de-custodia-y-la-validez-del-adn-4-2048x1153.jpg","newsmatic-featured":"https:\/\/lobosnews.com.ar\/wp-content\/uploads\/2026\/04\/jury-a-los-fiscales-del-caso-dalmasso-la-defensa-del-parquetista-puso-en-duda-la-cadena-de-custodia-y-la-validez-del-adn-4-820x545.jpg","newsmatic-list":"https:\/\/lobosnews.com.ar\/wp-content\/uploads\/2026\/04\/jury-a-los-fiscales-del-caso-dalmasso-la-defensa-del-parquetista-puso-en-duda-la-cadena-de-custodia-y-la-validez-del-adn-4-600x400.jpg","newsmatic-thumb":"https:\/\/lobosnews.com.ar\/wp-content\/uploads\/2026\/04\/jury-a-los-fiscales-del-caso-dalmasso-la-defensa-del-parquetista-puso-en-duda-la-cadena-de-custodia-y-la-validez-del-adn-4-300x200.jpg","newsmatic-small":"https:\/\/lobosnews.com.ar\/wp-content\/uploads\/2026\/04\/jury-a-los-fiscales-del-caso-dalmasso-la-defensa-del-parquetista-puso-en-duda-la-cadena-de-custodia-y-la-validez-del-adn-4-150x95.jpg","newsmatic-grid":"https:\/\/lobosnews.com.ar\/wp-content\/uploads\/2026\/04\/jury-a-los-fiscales-del-caso-dalmasso-la-defensa-del-parquetista-puso-en-duda-la-cadena-de-custodia-y-la-validez-del-adn-4-400x250.jpg"},"magazineBlocksPostAuthor":{"name":"admin","avatar":"https:\/\/secure.gravatar.com\/avatar\/76e419471a2083bc3ceab22a763dbbf9b0c1bd15a6214cf3280e2c2dde4580f9?s=96&d=mm&r=g"},"magazineBlocksPostCommentsNumber":"0","magazineBlocksPostExcerpt":"La defensa de Roberto B\u00e1rzola remarc\u00f3 que existe una serie de irregularidades en el manejo de la muestra de ADN que se utiliz\u00f3 para relacionar al parquetista con el asesinato de Nora Dalmasso. El acusado del crimen ocurrido en noviembre de 2006 en R\u00edo Cuarto, es representado legalmente por el abogado Zacar\u00edas Ram\u00edrez Rigo, quien...","magazineBlocksPostCategories":["Actualidad","Argentina","econom\u00eda","inseguridad","masradios.com","nacionales","seguridad","sociedad"],"magazineBlocksPostViewCount":5,"magazineBlocksPostReadTime":4,"magazine_blocks_featured_image_url":{"full":["https:\/\/lobosnews.com.ar\/wp-content\/uploads\/2026\/04\/jury-a-los-fiscales-del-caso-dalmasso-la-defensa-del-parquetista-puso-en-duda-la-cadena-de-custodia-y-la-validez-del-adn-4-scaled.jpg",2560,1441,false],"medium":["https:\/\/lobosnews.com.ar\/wp-content\/uploads\/2026\/04\/jury-a-los-fiscales-del-caso-dalmasso-la-defensa-del-parquetista-puso-en-duda-la-cadena-de-custodia-y-la-validez-del-adn-4-300x169.jpg",300,169,true],"thumbnail":["https:\/\/lobosnews.com.ar\/wp-content\/uploads\/2026\/04\/jury-a-los-fiscales-del-caso-dalmasso-la-defensa-del-parquetista-puso-en-duda-la-cadena-de-custodia-y-la-validez-del-adn-4-150x150.jpg",150,150,true]},"magazine_blocks_author":{"display_name":"admin","author_link":"https:\/\/lobosnews.com.ar\/index.php\/author\/lobos-news\/"},"magazine_blocks_comment":0,"magazine_blocks_author_image":"https:\/\/secure.gravatar.com\/avatar\/76e419471a2083bc3ceab22a763dbbf9b0c1bd15a6214cf3280e2c2dde4580f9?s=96&d=mm&r=g","magazine_blocks_category":"<a href=\"#\" class=\"category-link category-link-31\">Actualidad<\/a> <a href=\"#\" class=\"category-link category-link-30\">Argentina<\/a> <a href=\"#\" class=\"category-link category-link-32\">econom\u00eda<\/a> <a href=\"#\" class=\"category-link category-link-77\">inseguridad<\/a> <a href=\"#\" class=\"category-link category-link-84\">masradios.com<\/a> <a href=\"#\" class=\"category-link category-link-35\">nacionales<\/a> <a href=\"#\" class=\"category-link category-link-36\">seguridad<\/a> <a href=\"#\" class=\"category-link category-link-37\">sociedad<\/a>","yoast_head":"<!-- This site is optimized with the Yoast SEO plugin v26.6 - https:\/\/yoast.com\/wordpress\/plugins\/seo\/ -->\n<title>Jury a los fiscales del caso Dalmasso: la defensa del parquetista puso en duda la cadena de custodia y la validez del ADN - Lobos News<\/title>\n<meta name=\"robots\" content=\"index, follow, max-snippet:-1, max-image-preview:large, max-video-preview:-1\" \/>\n<link rel=\"canonical\" href=\"https:\/\/lobosnews.com.ar\/index.php\/2026\/04\/29\/jury-a-los-fiscales-del-caso-dalmasso-la-defensa-del-parquetista-puso-en-duda-la-cadena-de-custodia-y-la-validez-del-adn\/\" \/>\n<meta property=\"og:locale\" content=\"es_ES\" \/>\n<meta property=\"og:type\" content=\"article\" \/>\n<meta property=\"og:title\" content=\"Jury a los fiscales del caso Dalmasso: la defensa del parquetista puso en duda la cadena de custodia y la validez del ADN - Lobos News\" \/>\n<meta property=\"og:description\" content=\"La defensa de Roberto B\u00e1rzola remarc\u00f3 que existe una serie de irregularidades en el manejo de la muestra de ADN que se utiliz\u00f3 para relacionar al parquetista con el asesinato de Nora Dalmasso. El acusado del crimen ocurrido en noviembre de 2006 en R\u00edo Cuarto, es representado legalmente por el abogado Zacar\u00edas Ram\u00edrez Rigo, quien...\" \/>\n<meta property=\"og:url\" content=\"https:\/\/lobosnews.com.ar\/index.php\/2026\/04\/29\/jury-a-los-fiscales-del-caso-dalmasso-la-defensa-del-parquetista-puso-en-duda-la-cadena-de-custodia-y-la-validez-del-adn\/\" \/>\n<meta property=\"og:site_name\" content=\"Lobos News\" \/>\n<meta property=\"article:published_time\" content=\"2026-04-29T00:50:43+00:00\" \/>\n<meta property=\"article:modified_time\" content=\"2026-04-29T03:07:47+00:00\" \/>\n<meta property=\"og:image\" content=\"https:\/\/lobosnews.com.ar\/wp-content\/uploads\/2026\/04\/jury-a-los-fiscales-del-caso-dalmasso-la-defensa-del-parquetista-puso-en-duda-la-cadena-de-custodia-y-la-validez-del-adn.jpg\" \/>\n<meta name=\"author\" content=\"admin\" \/>\n<meta name=\"twitter:card\" content=\"summary_large_image\" \/>\n<meta name=\"twitter:label1\" content=\"Escrito por\" \/>\n\t<meta name=\"twitter:data1\" content=\"admin\" \/>\n\t<meta name=\"twitter:label2\" content=\"Tiempo de lectura\" \/>\n\t<meta name=\"twitter:data2\" content=\"3 minutos\" \/>\n<script type=\"application\/ld+json\" class=\"yoast-schema-graph\">{\"@context\":\"https:\/\/schema.org\",\"@graph\":[{\"@type\":\"Article\",\"@id\":\"https:\/\/lobosnews.com.ar\/index.php\/2026\/04\/29\/jury-a-los-fiscales-del-caso-dalmasso-la-defensa-del-parquetista-puso-en-duda-la-cadena-de-custodia-y-la-validez-del-adn\/#article\",\"isPartOf\":{\"@id\":\"https:\/\/lobosnews.com.ar\/index.php\/2026\/04\/29\/jury-a-los-fiscales-del-caso-dalmasso-la-defensa-del-parquetista-puso-en-duda-la-cadena-de-custodia-y-la-validez-del-adn\/\"},\"author\":{\"name\":\"admin\",\"@id\":\"https:\/\/lobosnews.com.ar\/#\/schema\/person\/232422a593d5c541dd9aef6aaed10943\"},\"headline\":\"Jury a los fiscales del caso Dalmasso: la defensa del parquetista puso en duda la cadena de custodia y la validez del ADN\",\"datePublished\":\"2026-04-29T00:50:43+00:00\",\"dateModified\":\"2026-04-29T03:07:47+00:00\",\"mainEntityOfPage\":{\"@id\":\"https:\/\/lobosnews.com.ar\/index.php\/2026\/04\/29\/jury-a-los-fiscales-del-caso-dalmasso-la-defensa-del-parquetista-puso-en-duda-la-cadena-de-custodia-y-la-validez-del-adn\/\"},\"wordCount\":634,\"commentCount\":0,\"publisher\":{\"@id\":\"https:\/\/lobosnews.com.ar\/#organization\"},\"image\":{\"@id\":\"https:\/\/lobosnews.com.ar\/index.php\/2026\/04\/29\/jury-a-los-fiscales-del-caso-dalmasso-la-defensa-del-parquetista-puso-en-duda-la-cadena-de-custodia-y-la-validez-del-adn\/#primaryimage\"},\"thumbnailUrl\":\"https:\/\/lobosnews.com.ar\/wp-content\/uploads\/2026\/04\/jury-a-los-fiscales-del-caso-dalmasso-la-defensa-del-parquetista-puso-en-duda-la-cadena-de-custodia-y-la-validez-del-adn-4-scaled.jpg\",\"articleSection\":[\"Actualidad\",\"Argentina\",\"econom\u00eda\",\"inseguridad\",\"masradios.com\",\"nacionales\",\"seguridad\",\"sociedad\"],\"inLanguage\":\"es\",\"potentialAction\":[{\"@type\":\"CommentAction\",\"name\":\"Comment\",\"target\":[\"https:\/\/lobosnews.com.ar\/index.php\/2026\/04\/29\/jury-a-los-fiscales-del-caso-dalmasso-la-defensa-del-parquetista-puso-en-duda-la-cadena-de-custodia-y-la-validez-del-adn\/#respond\"]}]},{\"@type\":\"WebPage\",\"@id\":\"https:\/\/lobosnews.com.ar\/index.php\/2026\/04\/29\/jury-a-los-fiscales-del-caso-dalmasso-la-defensa-del-parquetista-puso-en-duda-la-cadena-de-custodia-y-la-validez-del-adn\/\",\"url\":\"https:\/\/lobosnews.com.ar\/index.php\/2026\/04\/29\/jury-a-los-fiscales-del-caso-dalmasso-la-defensa-del-parquetista-puso-en-duda-la-cadena-de-custodia-y-la-validez-del-adn\/\",\"name\":\"Jury a los fiscales del caso Dalmasso: la defensa del parquetista puso en duda la cadena de custodia y la validez del ADN - Lobos News\",\"isPartOf\":{\"@id\":\"https:\/\/lobosnews.com.ar\/#website\"},\"primaryImageOfPage\":{\"@id\":\"https:\/\/lobosnews.com.ar\/index.php\/2026\/04\/29\/jury-a-los-fiscales-del-caso-dalmasso-la-defensa-del-parquetista-puso-en-duda-la-cadena-de-custodia-y-la-validez-del-adn\/#primaryimage\"},\"image\":{\"@id\":\"https:\/\/lobosnews.com.ar\/index.php\/2026\/04\/29\/jury-a-los-fiscales-del-caso-dalmasso-la-defensa-del-parquetista-puso-en-duda-la-cadena-de-custodia-y-la-validez-del-adn\/#primaryimage\"},\"thumbnailUrl\":\"https:\/\/lobosnews.com.ar\/wp-content\/uploads\/2026\/04\/jury-a-los-fiscales-del-caso-dalmasso-la-defensa-del-parquetista-puso-en-duda-la-cadena-de-custodia-y-la-validez-del-adn-4-scaled.jpg\",\"datePublished\":\"2026-04-29T00:50:43+00:00\",\"dateModified\":\"2026-04-29T03:07:47+00:00\",\"breadcrumb\":{\"@id\":\"https:\/\/lobosnews.com.ar\/index.php\/2026\/04\/29\/jury-a-los-fiscales-del-caso-dalmasso-la-defensa-del-parquetista-puso-en-duda-la-cadena-de-custodia-y-la-validez-del-adn\/#breadcrumb\"},\"inLanguage\":\"es\",\"potentialAction\":[{\"@type\":\"ReadAction\",\"target\":[\"https:\/\/lobosnews.com.ar\/index.php\/2026\/04\/29\/jury-a-los-fiscales-del-caso-dalmasso-la-defensa-del-parquetista-puso-en-duda-la-cadena-de-custodia-y-la-validez-del-adn\/\"]}]},{\"@type\":\"ImageObject\",\"inLanguage\":\"es\",\"@id\":\"https:\/\/lobosnews.com.ar\/index.php\/2026\/04\/29\/jury-a-los-fiscales-del-caso-dalmasso-la-defensa-del-parquetista-puso-en-duda-la-cadena-de-custodia-y-la-validez-del-adn\/#primaryimage\",\"url\":\"https:\/\/lobosnews.com.ar\/wp-content\/uploads\/2026\/04\/jury-a-los-fiscales-del-caso-dalmasso-la-defensa-del-parquetista-puso-en-duda-la-cadena-de-custodia-y-la-validez-del-adn-4-scaled.jpg\",\"contentUrl\":\"https:\/\/lobosnews.com.ar\/wp-content\/uploads\/2026\/04\/jury-a-los-fiscales-del-caso-dalmasso-la-defensa-del-parquetista-puso-en-duda-la-cadena-de-custodia-y-la-validez-del-adn-4-scaled.jpg\",\"width\":2560,\"height\":1441,\"caption\":\"Jury a los fiscales del caso Dalmasso: la defensa del parquetista puso en duda la cadena de custodia y la validez del ADN\"},{\"@type\":\"BreadcrumbList\",\"@id\":\"https:\/\/lobosnews.com.ar\/index.php\/2026\/04\/29\/jury-a-los-fiscales-del-caso-dalmasso-la-defensa-del-parquetista-puso-en-duda-la-cadena-de-custodia-y-la-validez-del-adn\/#breadcrumb\",\"itemListElement\":[{\"@type\":\"ListItem\",\"position\":1,\"name\":\"Portada\",\"item\":\"https:\/\/lobosnews.com.ar\/\"},{\"@type\":\"ListItem\",\"position\":2,\"name\":\"Jury a los fiscales del caso Dalmasso: la defensa del parquetista puso en duda la cadena de custodia y la validez del ADN\"}]},{\"@type\":\"WebSite\",\"@id\":\"https:\/\/lobosnews.com.ar\/#website\",\"url\":\"https:\/\/lobosnews.com.ar\/\",\"name\":\"Lobos News\",\"description\":\"Informaci\u00f3n a cada instante\",\"publisher\":{\"@id\":\"https:\/\/lobosnews.com.ar\/#organization\"},\"potentialAction\":[{\"@type\":\"SearchAction\",\"target\":{\"@type\":\"EntryPoint\",\"urlTemplate\":\"https:\/\/lobosnews.com.ar\/?s={search_term_string}\"},\"query-input\":{\"@type\":\"PropertyValueSpecification\",\"valueRequired\":true,\"valueName\":\"search_term_string\"}}],\"inLanguage\":\"es\"},{\"@type\":\"Organization\",\"@id\":\"https:\/\/lobosnews.com.ar\/#organization\",\"name\":\"Lobos News\",\"url\":\"https:\/\/lobosnews.com.ar\/\",\"logo\":{\"@type\":\"ImageObject\",\"inLanguage\":\"es\",\"@id\":\"https:\/\/lobosnews.com.ar\/#\/schema\/logo\/image\/\",\"url\":\"https:\/\/lobosnews.com.ar\/wp-content\/uploads\/2026\/01\/logo-lobosnews.png\",\"contentUrl\":\"https:\/\/lobosnews.com.ar\/wp-content\/uploads\/2026\/01\/logo-lobosnews.png\",\"width\":500,\"height\":200,\"caption\":\"Lobos News\"},\"image\":{\"@id\":\"https:\/\/lobosnews.com.ar\/#\/schema\/logo\/image\/\"}},{\"@type\":\"Person\",\"@id\":\"https:\/\/lobosnews.com.ar\/#\/schema\/person\/232422a593d5c541dd9aef6aaed10943\",\"name\":\"admin\",\"image\":{\"@type\":\"ImageObject\",\"inLanguage\":\"es\",\"@id\":\"https:\/\/lobosnews.com.ar\/#\/schema\/person\/image\/\",\"url\":\"https:\/\/secure.gravatar.com\/avatar\/76e419471a2083bc3ceab22a763dbbf9b0c1bd15a6214cf3280e2c2dde4580f9?s=96&d=mm&r=g\",\"contentUrl\":\"https:\/\/secure.gravatar.com\/avatar\/76e419471a2083bc3ceab22a763dbbf9b0c1bd15a6214cf3280e2c2dde4580f9?s=96&d=mm&r=g\",\"caption\":\"admin\"},\"sameAs\":[\"https:\/\/lobosnews.com.ar\"],\"url\":\"https:\/\/lobosnews.com.ar\/index.php\/author\/lobos-news\/\"}]}<\/script>\n<!-- \/ Yoast SEO plugin. -->","yoast_head_json":{"title":"Jury a los fiscales del caso Dalmasso: la defensa del parquetista puso en duda la cadena de custodia y la validez del ADN - Lobos News","robots":{"index":"index","follow":"follow","max-snippet":"max-snippet:-1","max-image-preview":"max-image-preview:large","max-video-preview":"max-video-preview:-1"},"canonical":"https:\/\/lobosnews.com.ar\/index.php\/2026\/04\/29\/jury-a-los-fiscales-del-caso-dalmasso-la-defensa-del-parquetista-puso-en-duda-la-cadena-de-custodia-y-la-validez-del-adn\/","og_locale":"es_ES","og_type":"article","og_title":"Jury a los fiscales del caso Dalmasso: la defensa del parquetista puso en duda la cadena de custodia y la validez del ADN - Lobos News","og_description":"La defensa de Roberto B\u00e1rzola remarc\u00f3 que existe una serie de irregularidades en el manejo de la muestra de ADN que se utiliz\u00f3 para relacionar al parquetista con el asesinato de Nora Dalmasso. El acusado del crimen ocurrido en noviembre de 2006 en R\u00edo Cuarto, es representado legalmente por el abogado Zacar\u00edas Ram\u00edrez Rigo, quien...","og_url":"https:\/\/lobosnews.com.ar\/index.php\/2026\/04\/29\/jury-a-los-fiscales-del-caso-dalmasso-la-defensa-del-parquetista-puso-en-duda-la-cadena-de-custodia-y-la-validez-del-adn\/","og_site_name":"Lobos News","article_published_time":"2026-04-29T00:50:43+00:00","article_modified_time":"2026-04-29T03:07:47+00:00","og_image":[{"url":"https:\/\/lobosnews.com.ar\/wp-content\/uploads\/2026\/04\/jury-a-los-fiscales-del-caso-dalmasso-la-defensa-del-parquetista-puso-en-duda-la-cadena-de-custodia-y-la-validez-del-adn.jpg","type":"","width":"","height":""}],"author":"admin","twitter_card":"summary_large_image","twitter_misc":{"Escrito por":"admin","Tiempo de lectura":"3 minutos"},"schema":{"@context":"https:\/\/schema.org","@graph":[{"@type":"Article","@id":"https:\/\/lobosnews.com.ar\/index.php\/2026\/04\/29\/jury-a-los-fiscales-del-caso-dalmasso-la-defensa-del-parquetista-puso-en-duda-la-cadena-de-custodia-y-la-validez-del-adn\/#article","isPartOf":{"@id":"https:\/\/lobosnews.com.ar\/index.php\/2026\/04\/29\/jury-a-los-fiscales-del-caso-dalmasso-la-defensa-del-parquetista-puso-en-duda-la-cadena-de-custodia-y-la-validez-del-adn\/"},"author":{"name":"admin","@id":"https:\/\/lobosnews.com.ar\/#\/schema\/person\/232422a593d5c541dd9aef6aaed10943"},"headline":"Jury a los fiscales del caso Dalmasso: la defensa del parquetista puso en duda la cadena de custodia y la validez del ADN","datePublished":"2026-04-29T00:50:43+00:00","dateModified":"2026-04-29T03:07:47+00:00","mainEntityOfPage":{"@id":"https:\/\/lobosnews.com.ar\/index.php\/2026\/04\/29\/jury-a-los-fiscales-del-caso-dalmasso-la-defensa-del-parquetista-puso-en-duda-la-cadena-de-custodia-y-la-validez-del-adn\/"},"wordCount":634,"commentCount":0,"publisher":{"@id":"https:\/\/lobosnews.com.ar\/#organization"},"image":{"@id":"https:\/\/lobosnews.com.ar\/index.php\/2026\/04\/29\/jury-a-los-fiscales-del-caso-dalmasso-la-defensa-del-parquetista-puso-en-duda-la-cadena-de-custodia-y-la-validez-del-adn\/#primaryimage"},"thumbnailUrl":"https:\/\/lobosnews.com.ar\/wp-content\/uploads\/2026\/04\/jury-a-los-fiscales-del-caso-dalmasso-la-defensa-del-parquetista-puso-en-duda-la-cadena-de-custodia-y-la-validez-del-adn-4-scaled.jpg","articleSection":["Actualidad","Argentina","econom\u00eda","inseguridad","masradios.com","nacionales","seguridad","sociedad"],"inLanguage":"es","potentialAction":[{"@type":"CommentAction","name":"Comment","target":["https:\/\/lobosnews.com.ar\/index.php\/2026\/04\/29\/jury-a-los-fiscales-del-caso-dalmasso-la-defensa-del-parquetista-puso-en-duda-la-cadena-de-custodia-y-la-validez-del-adn\/#respond"]}]},{"@type":"WebPage","@id":"https:\/\/lobosnews.com.ar\/index.php\/2026\/04\/29\/jury-a-los-fiscales-del-caso-dalmasso-la-defensa-del-parquetista-puso-en-duda-la-cadena-de-custodia-y-la-validez-del-adn\/","url":"https:\/\/lobosnews.com.ar\/index.php\/2026\/04\/29\/jury-a-los-fiscales-del-caso-dalmasso-la-defensa-del-parquetista-puso-en-duda-la-cadena-de-custodia-y-la-validez-del-adn\/","name":"Jury a los fiscales del caso Dalmasso: la defensa del parquetista puso en duda la cadena de custodia y la validez del ADN - Lobos News","isPartOf":{"@id":"https:\/\/lobosnews.com.ar\/#website"},"primaryImageOfPage":{"@id":"https:\/\/lobosnews.com.ar\/index.php\/2026\/04\/29\/jury-a-los-fiscales-del-caso-dalmasso-la-defensa-del-parquetista-puso-en-duda-la-cadena-de-custodia-y-la-validez-del-adn\/#primaryimage"},"image":{"@id":"https:\/\/lobosnews.com.ar\/index.php\/2026\/04\/29\/jury-a-los-fiscales-del-caso-dalmasso-la-defensa-del-parquetista-puso-en-duda-la-cadena-de-custodia-y-la-validez-del-adn\/#primaryimage"},"thumbnailUrl":"https:\/\/lobosnews.com.ar\/wp-content\/uploads\/2026\/04\/jury-a-los-fiscales-del-caso-dalmasso-la-defensa-del-parquetista-puso-en-duda-la-cadena-de-custodia-y-la-validez-del-adn-4-scaled.jpg","datePublished":"2026-04-29T00:50:43+00:00","dateModified":"2026-04-29T03:07:47+00:00","breadcrumb":{"@id":"https:\/\/lobosnews.com.ar\/index.php\/2026\/04\/29\/jury-a-los-fiscales-del-caso-dalmasso-la-defensa-del-parquetista-puso-en-duda-la-cadena-de-custodia-y-la-validez-del-adn\/#breadcrumb"},"inLanguage":"es","potentialAction":[{"@type":"ReadAction","target":["https:\/\/lobosnews.com.ar\/index.php\/2026\/04\/29\/jury-a-los-fiscales-del-caso-dalmasso-la-defensa-del-parquetista-puso-en-duda-la-cadena-de-custodia-y-la-validez-del-adn\/"]}]},{"@type":"ImageObject","inLanguage":"es","@id":"https:\/\/lobosnews.com.ar\/index.php\/2026\/04\/29\/jury-a-los-fiscales-del-caso-dalmasso-la-defensa-del-parquetista-puso-en-duda-la-cadena-de-custodia-y-la-validez-del-adn\/#primaryimage","url":"https:\/\/lobosnews.com.ar\/wp-content\/uploads\/2026\/04\/jury-a-los-fiscales-del-caso-dalmasso-la-defensa-del-parquetista-puso-en-duda-la-cadena-de-custodia-y-la-validez-del-adn-4-scaled.jpg","contentUrl":"https:\/\/lobosnews.com.ar\/wp-content\/uploads\/2026\/04\/jury-a-los-fiscales-del-caso-dalmasso-la-defensa-del-parquetista-puso-en-duda-la-cadena-de-custodia-y-la-validez-del-adn-4-scaled.jpg","width":2560,"height":1441,"caption":"Jury a los fiscales del caso Dalmasso: la defensa del parquetista puso en duda la cadena de custodia y la validez del ADN"},{"@type":"BreadcrumbList","@id":"https:\/\/lobosnews.com.ar\/index.php\/2026\/04\/29\/jury-a-los-fiscales-del-caso-dalmasso-la-defensa-del-parquetista-puso-en-duda-la-cadena-de-custodia-y-la-validez-del-adn\/#breadcrumb","itemListElement":[{"@type":"ListItem","position":1,"name":"Portada","item":"https:\/\/lobosnews.com.ar\/"},{"@type":"ListItem","position":2,"name":"Jury a los fiscales del caso Dalmasso: la defensa del parquetista puso en duda la cadena de custodia y la validez del ADN"}]},{"@type":"WebSite","@id":"https:\/\/lobosnews.com.ar\/#website","url":"https:\/\/lobosnews.com.ar\/","name":"Lobos News","description":"Informaci\u00f3n a cada instante","publisher":{"@id":"https:\/\/lobosnews.com.ar\/#organization"},"potentialAction":[{"@type":"SearchAction","target":{"@type":"EntryPoint","urlTemplate":"https:\/\/lobosnews.com.ar\/?s={search_term_string}"},"query-input":{"@type":"PropertyValueSpecification","valueRequired":true,"valueName":"search_term_string"}}],"inLanguage":"es"},{"@type":"Organization","@id":"https:\/\/lobosnews.com.ar\/#organization","name":"Lobos News","url":"https:\/\/lobosnews.com.ar\/","logo":{"@type":"ImageObject","inLanguage":"es","@id":"https:\/\/lobosnews.com.ar\/#\/schema\/logo\/image\/","url":"https:\/\/lobosnews.com.ar\/wp-content\/uploads\/2026\/01\/logo-lobosnews.png","contentUrl":"https:\/\/lobosnews.com.ar\/wp-content\/uploads\/2026\/01\/logo-lobosnews.png","width":500,"height":200,"caption":"Lobos News"},"image":{"@id":"https:\/\/lobosnews.com.ar\/#\/schema\/logo\/image\/"}},{"@type":"Person","@id":"https:\/\/lobosnews.com.ar\/#\/schema\/person\/232422a593d5c541dd9aef6aaed10943","name":"admin","image":{"@type":"ImageObject","inLanguage":"es","@id":"https:\/\/lobosnews.com.ar\/#\/schema\/person\/image\/","url":"https:\/\/secure.gravatar.com\/avatar\/76e419471a2083bc3ceab22a763dbbf9b0c1bd15a6214cf3280e2c2dde4580f9?s=96&d=mm&r=g","contentUrl":"https:\/\/secure.gravatar.com\/avatar\/76e419471a2083bc3ceab22a763dbbf9b0c1bd15a6214cf3280e2c2dde4580f9?s=96&d=mm&r=g","caption":"admin"},"sameAs":["https:\/\/lobosnews.com.ar"],"url":"https:\/\/lobosnews.com.ar\/index.php\/author\/lobos-news\/"}]}},"jetpack_featured_media_url":"https:\/\/lobosnews.com.ar\/wp-content\/uploads\/2026\/04\/jury-a-los-fiscales-del-caso-dalmasso-la-defensa-del-parquetista-puso-en-duda-la-cadena-de-custodia-y-la-validez-del-adn-4-scaled.jpg","jetpack_sharing_enabled":true,"_links":{"self":[{"href":"https:\/\/lobosnews.com.ar\/index.php\/wp-json\/wp\/v2\/posts\/46956","targetHints":{"allow":["GET"]}}],"collection":[{"href":"https:\/\/lobosnews.com.ar\/index.php\/wp-json\/wp\/v2\/posts"}],"about":[{"href":"https:\/\/lobosnews.com.ar\/index.php\/wp-json\/wp\/v2\/types\/post"}],"author":[{"embeddable":true,"href":"https:\/\/lobosnews.com.ar\/index.php\/wp-json\/wp\/v2\/users\/1"}],"replies":[{"embeddable":true,"href":"https:\/\/lobosnews.com.ar\/index.php\/wp-json\/wp\/v2\/comments?post=46956"}],"version-history":[{"count":1,"href":"https:\/\/lobosnews.com.ar\/index.php\/wp-json\/wp\/v2\/posts\/46956\/revisions"}],"predecessor-version":[{"id":46960,"href":"https:\/\/lobosnews.com.ar\/index.php\/wp-json\/wp\/v2\/posts\/46956\/revisions\/46960"}],"wp:featuredmedia":[{"embeddable":true,"href":"https:\/\/lobosnews.com.ar\/index.php\/wp-json\/wp\/v2\/media\/46961"}],"wp:attachment":[{"href":"https:\/\/lobosnews.com.ar\/index.php\/wp-json\/wp\/v2\/media?parent=46956"}],"wp:term":[{"taxonomy":"category","embeddable":true,"href":"https:\/\/lobosnews.com.ar\/index.php\/wp-json\/wp\/v2\/categories?post=46956"},{"taxonomy":"post_tag","embeddable":true,"href":"https:\/\/lobosnews.com.ar\/index.php\/wp-json\/wp\/v2\/tags?post=46956"}],"curies":[{"name":"wp","href":"https:\/\/api.w.org\/{rel}","templated":true}]}}