{"id":46946,"date":"2026-04-29T01:45:40","date_gmt":"2026-04-29T01:45:40","guid":{"rendered":"https:\/\/lobosnews.com.ar\/index.php\/2026\/04\/29\/el-horario-de-verano-no-aumenta-los-pasos-diarios-segun-un-estudio\/"},"modified":"2026-04-29T03:01:10","modified_gmt":"2026-04-29T03:01:10","slug":"el-horario-de-verano-no-aumenta-los-pasos-diarios-segun-un-estudio","status":"publish","type":"post","link":"https:\/\/lobosnews.com.ar\/index.php\/2026\/04\/29\/el-horario-de-verano-no-aumenta-los-pasos-diarios-segun-un-estudio\/","title":{"rendered":"El horario de verano no aumenta los pasos diarios, seg\u00fan un estudio"},"content":{"rendered":"<p><img loading=\"lazy\" decoding=\"async\" src=\"https:\/\/lobosnews.com.ar\/wp-content\/uploads\/2026\/04\/el-horario-de-verano-no-aumenta-los-pasos-diarios-segun-un-estudio.jpg\" alt=\"\" height=\"800\" width=\"1200\"\/><\/p>\n<p>MARTES, 28 de abril de 2026 (HealthDay News) &#8212;\u00a0Se cree que el horario de verano fomenta m\u00e1s actividades al aire libre al ofrecer a la gente una hora extra de sol por la tarde antes del anochecer.<\/p>\n<p>Pero un nuevo estudio dice que no es as\u00ed.<\/p>\n<p>No hay diferencia apreciable en el n\u00famero de pasos diarios de las personas antes y despu\u00e9s de un cambio horario, seg\u00fan datos de Fitbit obtenidos de 1.157 personas en cuatro estados de EE. UU.<\/p>\n<p>\u00abEn general, los cambios en los tiempos no parecen ser el beneficio para la salud p\u00fablica que algunos piensan, al menos en t\u00e9rminos de niveles de actividad\u00bb, dijo la investigadora principal Jessilyn Dunn en un comunicado de prensa. Es profesora asociada de ingenier\u00eda biom\u00e9dica en la Universidad de Duke, en Durham, Carolina del Norte.<\/p>\n<p>Para el estudio, los investigadores se basaron en datos del All of Us Research Program, una iniciativa financiada federalmente que recopila datos de Fitbit de m\u00e1s de 50.000 personas en todo el pa\u00eds cada a\u00f1o.<\/p>\n<p>El equipo decidi\u00f3 centrar su an\u00e1lisis en los cuatro estados de las esquinas: Arizona, Colorado, Nuevo M\u00e9xico y Utah, porque la mayor parte de Arizona no cambia su reloj al igual que otros estados.<\/p>\n<p>Los estados son grandes pero no radicalmente diferentes entre s\u00ed en aspectos que podr\u00edan afectar los pasos diarios de las personas, seg\u00fan los investigadores. El equipo podr\u00eda comparar a Arizona con los otros tres.<\/p>\n<p>\u00abElegir estos estados nos permiti\u00f3 montar un dise\u00f1o m\u00e1s natural de experimento\u00bb, dijo la investigadora principal Hayoung Jeong, estudiante de doctorado en el laboratorio de Dunn, en un comunicado de prensa. \u00abEn lugar de asignar al azar a las personas al estudio, pudimos plantear esta cuesti\u00f3n de una forma m\u00e1s estad\u00edsticamente s\u00f3lida.\u00bb<\/p>\n<p>Los investigadores se centraron en una semana antes y una semana despu\u00e9s de los cambios horarios que tuvieron lugar entre el oto\u00f1o de 2021 y la primavera de 2023.<\/p>\n<p>El resultado: la gente tend\u00eda a dar aproximadamente el mismo n\u00famero de pasos cada d\u00eda, independientemente de si hab\u00eda la hora de verano o la hora est\u00e1ndar.<\/p>\n<p>El cambio de tiempo s\u00ed influy\u00f3 en cu\u00e1ndo las personas recibieron sus pasos, dijeron los investigadores.<\/p>\n<p>En primavera, la gente camina m\u00e1s por la tarde pero menos temprano, y viceversa, cuando llega el oto\u00f1o, seg\u00fan los resultados.<\/p>\n<p>Por ejemplo, la actividad matutina en oto\u00f1o aument\u00f3 en unos 202 pasos &#8211;unos una manzana y media de la ciudad&#8211; pero la actividad vespertina disminuy\u00f3 en 180 pasos al mismo tiempo.<\/p>\n<p>Los investigadores descubrieron que las personas que caminaban por la ma\u00f1ana aprovecharon activamente el cambio a la hora est\u00e1ndar, aumentando significativamente su actividad matutina.<\/p>\n<p>Pero los caminantes vespertinos eran diferentes: el cambio de primavera hacia el horario de verano no produjo un aumento significativo en sus pasos vespertinos, aunque el cambio coincid\u00eda con sus horas habituales de actividad.<\/p>\n<p>Los caminantes neutrales &#8211;aquellos sin una preferencia clara por actividades matutinas o vespertinas&#8211; simplemente cambiaban su actividad seg\u00fan la luz del d\u00eda. Caminaban m\u00e1s por la ma\u00f1ana en oto\u00f1o y m\u00e1s por la tarde en invierno.<\/p>\n<p>Los resultados parecen indicar que, si Estados Unidos dejara de cambiar la hora habitual, elegir entre la hora diurna o la hora est\u00e1ndar no tendr\u00eda un efecto significativo en los niveles de actividad de las personas.<\/p>\n<p>El equipo de investigaci\u00f3n se\u00f1al\u00f3 que probablemente algunas personas no pueden cambiar sus horarios de paseo porque tienen un horario fijo de trabajo o tienen preocupaciones de seguridad.<\/p>\n<p>\u00abProbablemente deber\u00edamos fijarnos m\u00e1s detenidamente en si estos cambios de horario est\u00e1n incomodando a algunos grupos pero no a otros\u00bb, dijo Dunn.<\/p>\n<p>El nuevo estudio se public\u00f3 el 23 de abril en la revista Nature Health.<\/p>\n<p>M\u00e1s informaci\u00f3n<\/p>\n<p>El UT Southwestern Medical Center ofrece m\u00e1s informaci\u00f3n sobre cambios de horario y salud.<\/p>\n<p>FUENTES: Duke University, comunicado de prensa, 23 de abril de 2026; Nature Health, 23 de abril de 2026<\/p>\n","protected":false},"excerpt":{"rendered":"<p>MARTES, 28 de abril de 2026 (HealthDay News) &#8212;\u00a0Se cree que el horario de verano fomenta m\u00e1s actividades al aire libre al ofrecer a la gente una hora extra de sol por la tarde antes del anochecer. Pero un nuevo estudio dice que no es as\u00ed. No hay diferencia apreciable en el n\u00famero de pasos&#8230;<\/p>\n","protected":false},"author":1,"featured_media":46949,"comment_status":"open","ping_status":"closed","sticky":false,"template":"","format":"standard","meta":{"_jetpack_memberships_contains_paid_content":false,"footnotes":""},"categories":[81],"tags":[],"class_list":["post-46946","post","type-post","status-publish","format-standard","has-post-thumbnail","hentry","category-salud"],"magazineBlocksPostFeaturedMedia":{"thumbnail":"https:\/\/lobosnews.com.ar\/wp-content\/uploads\/2026\/04\/el-horario-de-verano-no-aumenta-los-pasos-diarios-segun-un-estudio-150x150.jpg","medium":"https:\/\/lobosnews.com.ar\/wp-content\/uploads\/2026\/04\/el-horario-de-verano-no-aumenta-los-pasos-diarios-segun-un-estudio-300x200.jpg","medium_large":"https:\/\/lobosnews.com.ar\/wp-content\/uploads\/2026\/04\/el-horario-de-verano-no-aumenta-los-pasos-diarios-segun-un-estudio-768x512.jpg","large":"https:\/\/lobosnews.com.ar\/wp-content\/uploads\/2026\/04\/el-horario-de-verano-no-aumenta-los-pasos-diarios-segun-un-estudio-1024x683.jpg","1536x1536":"https:\/\/lobosnews.com.ar\/wp-content\/uploads\/2026\/04\/el-horario-de-verano-no-aumenta-los-pasos-diarios-segun-un-estudio.jpg","2048x2048":"https:\/\/lobosnews.com.ar\/wp-content\/uploads\/2026\/04\/el-horario-de-verano-no-aumenta-los-pasos-diarios-segun-un-estudio.jpg","newsmatic-featured":"https:\/\/lobosnews.com.ar\/wp-content\/uploads\/2026\/04\/el-horario-de-verano-no-aumenta-los-pasos-diarios-segun-un-estudio-820x545.jpg","newsmatic-list":"https:\/\/lobosnews.com.ar\/wp-content\/uploads\/2026\/04\/el-horario-de-verano-no-aumenta-los-pasos-diarios-segun-un-estudio-600x400.jpg","newsmatic-thumb":"https:\/\/lobosnews.com.ar\/wp-content\/uploads\/2026\/04\/el-horario-de-verano-no-aumenta-los-pasos-diarios-segun-un-estudio-300x200.jpg","newsmatic-small":"https:\/\/lobosnews.com.ar\/wp-content\/uploads\/2026\/04\/el-horario-de-verano-no-aumenta-los-pasos-diarios-segun-un-estudio-150x95.jpg","newsmatic-grid":"https:\/\/lobosnews.com.ar\/wp-content\/uploads\/2026\/04\/el-horario-de-verano-no-aumenta-los-pasos-diarios-segun-un-estudio-400x250.jpg"},"magazineBlocksPostAuthor":{"name":"admin","avatar":"https:\/\/secure.gravatar.com\/avatar\/76e419471a2083bc3ceab22a763dbbf9b0c1bd15a6214cf3280e2c2dde4580f9?s=96&d=mm&r=g"},"magazineBlocksPostCommentsNumber":"0","magazineBlocksPostExcerpt":"MARTES, 28 de abril de 2026 (HealthDay News) &#8212;\u00a0Se cree que el horario de verano fomenta m\u00e1s actividades al aire libre al ofrecer a la gente una hora extra de sol por la tarde antes del anochecer. Pero un nuevo estudio dice que no es as\u00ed. No hay diferencia apreciable en el n\u00famero de pasos...","magazineBlocksPostCategories":["Salud"],"magazineBlocksPostViewCount":9,"magazineBlocksPostReadTime":4,"magazine_blocks_featured_image_url":{"full":["https:\/\/lobosnews.com.ar\/wp-content\/uploads\/2026\/04\/el-horario-de-verano-no-aumenta-los-pasos-diarios-segun-un-estudio.jpg",1200,800,false],"medium":["https:\/\/lobosnews.com.ar\/wp-content\/uploads\/2026\/04\/el-horario-de-verano-no-aumenta-los-pasos-diarios-segun-un-estudio-300x200.jpg",300,200,true],"thumbnail":["https:\/\/lobosnews.com.ar\/wp-content\/uploads\/2026\/04\/el-horario-de-verano-no-aumenta-los-pasos-diarios-segun-un-estudio-150x150.jpg",150,150,true]},"magazine_blocks_author":{"display_name":"admin","author_link":"https:\/\/lobosnews.com.ar\/index.php\/author\/lobos-news\/"},"magazine_blocks_comment":0,"magazine_blocks_author_image":"https:\/\/secure.gravatar.com\/avatar\/76e419471a2083bc3ceab22a763dbbf9b0c1bd15a6214cf3280e2c2dde4580f9?s=96&d=mm&r=g","magazine_blocks_category":"<a href=\"#\" class=\"category-link category-link-81\">Salud<\/a>","yoast_head":"<!-- This site is optimized with the Yoast SEO plugin v26.6 - https:\/\/yoast.com\/wordpress\/plugins\/seo\/ -->\n<title>El horario de verano no aumenta los pasos diarios, seg\u00fan un estudio - Lobos News<\/title>\n<meta name=\"robots\" content=\"index, follow, max-snippet:-1, max-image-preview:large, max-video-preview:-1\" \/>\n<link rel=\"canonical\" href=\"https:\/\/lobosnews.com.ar\/index.php\/2026\/04\/29\/el-horario-de-verano-no-aumenta-los-pasos-diarios-segun-un-estudio\/\" \/>\n<meta property=\"og:locale\" content=\"es_ES\" \/>\n<meta property=\"og:type\" content=\"article\" \/>\n<meta property=\"og:title\" content=\"El horario de verano no aumenta los pasos diarios, seg\u00fan un estudio - Lobos News\" \/>\n<meta property=\"og:description\" content=\"MARTES, 28 de abril de 2026 (HealthDay News) &#8212;\u00a0Se cree que el horario de verano fomenta m\u00e1s actividades al aire libre al ofrecer a la gente una hora extra de sol por la tarde antes del anochecer. Pero un nuevo estudio dice que no es as\u00ed. No hay diferencia apreciable en el n\u00famero de pasos...\" \/>\n<meta property=\"og:url\" content=\"https:\/\/lobosnews.com.ar\/index.php\/2026\/04\/29\/el-horario-de-verano-no-aumenta-los-pasos-diarios-segun-un-estudio\/\" \/>\n<meta property=\"og:site_name\" content=\"Lobos News\" \/>\n<meta property=\"article:published_time\" content=\"2026-04-29T01:45:40+00:00\" \/>\n<meta property=\"article:modified_time\" content=\"2026-04-29T03:01:10+00:00\" \/>\n<meta property=\"og:image\" content=\"https:\/\/lobosnews.com.ar\/wp-content\/uploads\/2026\/04\/el-horario-de-verano-no-aumenta-los-pasos-diarios-segun-un-estudio.jpg\" \/>\n<meta name=\"author\" content=\"admin\" \/>\n<meta name=\"twitter:card\" content=\"summary_large_image\" \/>\n<meta name=\"twitter:label1\" content=\"Escrito por\" \/>\n\t<meta name=\"twitter:data1\" content=\"admin\" \/>\n\t<meta name=\"twitter:label2\" content=\"Tiempo de lectura\" \/>\n\t<meta name=\"twitter:data2\" content=\"3 minutos\" \/>\n<script type=\"application\/ld+json\" class=\"yoast-schema-graph\">{\"@context\":\"https:\/\/schema.org\",\"@graph\":[{\"@type\":\"Article\",\"@id\":\"https:\/\/lobosnews.com.ar\/index.php\/2026\/04\/29\/el-horario-de-verano-no-aumenta-los-pasos-diarios-segun-un-estudio\/#article\",\"isPartOf\":{\"@id\":\"https:\/\/lobosnews.com.ar\/index.php\/2026\/04\/29\/el-horario-de-verano-no-aumenta-los-pasos-diarios-segun-un-estudio\/\"},\"author\":{\"name\":\"admin\",\"@id\":\"https:\/\/lobosnews.com.ar\/#\/schema\/person\/232422a593d5c541dd9aef6aaed10943\"},\"headline\":\"El horario de verano no aumenta los pasos diarios, seg\u00fan un estudio\",\"datePublished\":\"2026-04-29T01:45:40+00:00\",\"dateModified\":\"2026-04-29T03:01:10+00:00\",\"mainEntityOfPage\":{\"@id\":\"https:\/\/lobosnews.com.ar\/index.php\/2026\/04\/29\/el-horario-de-verano-no-aumenta-los-pasos-diarios-segun-un-estudio\/\"},\"wordCount\":695,\"commentCount\":0,\"publisher\":{\"@id\":\"https:\/\/lobosnews.com.ar\/#organization\"},\"image\":{\"@id\":\"https:\/\/lobosnews.com.ar\/index.php\/2026\/04\/29\/el-horario-de-verano-no-aumenta-los-pasos-diarios-segun-un-estudio\/#primaryimage\"},\"thumbnailUrl\":\"https:\/\/lobosnews.com.ar\/wp-content\/uploads\/2026\/04\/el-horario-de-verano-no-aumenta-los-pasos-diarios-segun-un-estudio.jpg\",\"articleSection\":[\"Salud\"],\"inLanguage\":\"es\",\"potentialAction\":[{\"@type\":\"CommentAction\",\"name\":\"Comment\",\"target\":[\"https:\/\/lobosnews.com.ar\/index.php\/2026\/04\/29\/el-horario-de-verano-no-aumenta-los-pasos-diarios-segun-un-estudio\/#respond\"]}]},{\"@type\":\"WebPage\",\"@id\":\"https:\/\/lobosnews.com.ar\/index.php\/2026\/04\/29\/el-horario-de-verano-no-aumenta-los-pasos-diarios-segun-un-estudio\/\",\"url\":\"https:\/\/lobosnews.com.ar\/index.php\/2026\/04\/29\/el-horario-de-verano-no-aumenta-los-pasos-diarios-segun-un-estudio\/\",\"name\":\"El horario de verano no aumenta los pasos diarios, seg\u00fan un estudio - Lobos News\",\"isPartOf\":{\"@id\":\"https:\/\/lobosnews.com.ar\/#website\"},\"primaryImageOfPage\":{\"@id\":\"https:\/\/lobosnews.com.ar\/index.php\/2026\/04\/29\/el-horario-de-verano-no-aumenta-los-pasos-diarios-segun-un-estudio\/#primaryimage\"},\"image\":{\"@id\":\"https:\/\/lobosnews.com.ar\/index.php\/2026\/04\/29\/el-horario-de-verano-no-aumenta-los-pasos-diarios-segun-un-estudio\/#primaryimage\"},\"thumbnailUrl\":\"https:\/\/lobosnews.com.ar\/wp-content\/uploads\/2026\/04\/el-horario-de-verano-no-aumenta-los-pasos-diarios-segun-un-estudio.jpg\",\"datePublished\":\"2026-04-29T01:45:40+00:00\",\"dateModified\":\"2026-04-29T03:01:10+00:00\",\"breadcrumb\":{\"@id\":\"https:\/\/lobosnews.com.ar\/index.php\/2026\/04\/29\/el-horario-de-verano-no-aumenta-los-pasos-diarios-segun-un-estudio\/#breadcrumb\"},\"inLanguage\":\"es\",\"potentialAction\":[{\"@type\":\"ReadAction\",\"target\":[\"https:\/\/lobosnews.com.ar\/index.php\/2026\/04\/29\/el-horario-de-verano-no-aumenta-los-pasos-diarios-segun-un-estudio\/\"]}]},{\"@type\":\"ImageObject\",\"inLanguage\":\"es\",\"@id\":\"https:\/\/lobosnews.com.ar\/index.php\/2026\/04\/29\/el-horario-de-verano-no-aumenta-los-pasos-diarios-segun-un-estudio\/#primaryimage\",\"url\":\"https:\/\/lobosnews.com.ar\/wp-content\/uploads\/2026\/04\/el-horario-de-verano-no-aumenta-los-pasos-diarios-segun-un-estudio.jpg\",\"contentUrl\":\"https:\/\/lobosnews.com.ar\/wp-content\/uploads\/2026\/04\/el-horario-de-verano-no-aumenta-los-pasos-diarios-segun-un-estudio.jpg\",\"width\":1200,\"height\":800,\"caption\":\"El horario de verano no aumenta los pasos diarios, seg\u00fan un estudio\"},{\"@type\":\"BreadcrumbList\",\"@id\":\"https:\/\/lobosnews.com.ar\/index.php\/2026\/04\/29\/el-horario-de-verano-no-aumenta-los-pasos-diarios-segun-un-estudio\/#breadcrumb\",\"itemListElement\":[{\"@type\":\"ListItem\",\"position\":1,\"name\":\"Portada\",\"item\":\"https:\/\/lobosnews.com.ar\/\"},{\"@type\":\"ListItem\",\"position\":2,\"name\":\"El horario de verano no aumenta los pasos diarios, seg\u00fan un estudio\"}]},{\"@type\":\"WebSite\",\"@id\":\"https:\/\/lobosnews.com.ar\/#website\",\"url\":\"https:\/\/lobosnews.com.ar\/\",\"name\":\"Lobos News\",\"description\":\"Informaci\u00f3n a cada instante\",\"publisher\":{\"@id\":\"https:\/\/lobosnews.com.ar\/#organization\"},\"potentialAction\":[{\"@type\":\"SearchAction\",\"target\":{\"@type\":\"EntryPoint\",\"urlTemplate\":\"https:\/\/lobosnews.com.ar\/?s={search_term_string}\"},\"query-input\":{\"@type\":\"PropertyValueSpecification\",\"valueRequired\":true,\"valueName\":\"search_term_string\"}}],\"inLanguage\":\"es\"},{\"@type\":\"Organization\",\"@id\":\"https:\/\/lobosnews.com.ar\/#organization\",\"name\":\"Lobos News\",\"url\":\"https:\/\/lobosnews.com.ar\/\",\"logo\":{\"@type\":\"ImageObject\",\"inLanguage\":\"es\",\"@id\":\"https:\/\/lobosnews.com.ar\/#\/schema\/logo\/image\/\",\"url\":\"https:\/\/lobosnews.com.ar\/wp-content\/uploads\/2026\/01\/logo-lobosnews.png\",\"contentUrl\":\"https:\/\/lobosnews.com.ar\/wp-content\/uploads\/2026\/01\/logo-lobosnews.png\",\"width\":500,\"height\":200,\"caption\":\"Lobos News\"},\"image\":{\"@id\":\"https:\/\/lobosnews.com.ar\/#\/schema\/logo\/image\/\"}},{\"@type\":\"Person\",\"@id\":\"https:\/\/lobosnews.com.ar\/#\/schema\/person\/232422a593d5c541dd9aef6aaed10943\",\"name\":\"admin\",\"image\":{\"@type\":\"ImageObject\",\"inLanguage\":\"es\",\"@id\":\"https:\/\/lobosnews.com.ar\/#\/schema\/person\/image\/\",\"url\":\"https:\/\/secure.gravatar.com\/avatar\/76e419471a2083bc3ceab22a763dbbf9b0c1bd15a6214cf3280e2c2dde4580f9?s=96&d=mm&r=g\",\"contentUrl\":\"https:\/\/secure.gravatar.com\/avatar\/76e419471a2083bc3ceab22a763dbbf9b0c1bd15a6214cf3280e2c2dde4580f9?s=96&d=mm&r=g\",\"caption\":\"admin\"},\"sameAs\":[\"https:\/\/lobosnews.com.ar\"],\"url\":\"https:\/\/lobosnews.com.ar\/index.php\/author\/lobos-news\/\"}]}<\/script>\n<!-- \/ Yoast SEO plugin. -->","yoast_head_json":{"title":"El horario de verano no aumenta los pasos diarios, seg\u00fan un estudio - Lobos News","robots":{"index":"index","follow":"follow","max-snippet":"max-snippet:-1","max-image-preview":"max-image-preview:large","max-video-preview":"max-video-preview:-1"},"canonical":"https:\/\/lobosnews.com.ar\/index.php\/2026\/04\/29\/el-horario-de-verano-no-aumenta-los-pasos-diarios-segun-un-estudio\/","og_locale":"es_ES","og_type":"article","og_title":"El horario de verano no aumenta los pasos diarios, seg\u00fan un estudio - Lobos News","og_description":"MARTES, 28 de abril de 2026 (HealthDay News) &#8212;\u00a0Se cree que el horario de verano fomenta m\u00e1s actividades al aire libre al ofrecer a la gente una hora extra de sol por la tarde antes del anochecer. Pero un nuevo estudio dice que no es as\u00ed. No hay diferencia apreciable en el n\u00famero de pasos...","og_url":"https:\/\/lobosnews.com.ar\/index.php\/2026\/04\/29\/el-horario-de-verano-no-aumenta-los-pasos-diarios-segun-un-estudio\/","og_site_name":"Lobos News","article_published_time":"2026-04-29T01:45:40+00:00","article_modified_time":"2026-04-29T03:01:10+00:00","og_image":[{"url":"https:\/\/lobosnews.com.ar\/wp-content\/uploads\/2026\/04\/el-horario-de-verano-no-aumenta-los-pasos-diarios-segun-un-estudio.jpg","type":"","width":"","height":""}],"author":"admin","twitter_card":"summary_large_image","twitter_misc":{"Escrito por":"admin","Tiempo de lectura":"3 minutos"},"schema":{"@context":"https:\/\/schema.org","@graph":[{"@type":"Article","@id":"https:\/\/lobosnews.com.ar\/index.php\/2026\/04\/29\/el-horario-de-verano-no-aumenta-los-pasos-diarios-segun-un-estudio\/#article","isPartOf":{"@id":"https:\/\/lobosnews.com.ar\/index.php\/2026\/04\/29\/el-horario-de-verano-no-aumenta-los-pasos-diarios-segun-un-estudio\/"},"author":{"name":"admin","@id":"https:\/\/lobosnews.com.ar\/#\/schema\/person\/232422a593d5c541dd9aef6aaed10943"},"headline":"El horario de verano no aumenta los pasos diarios, seg\u00fan un estudio","datePublished":"2026-04-29T01:45:40+00:00","dateModified":"2026-04-29T03:01:10+00:00","mainEntityOfPage":{"@id":"https:\/\/lobosnews.com.ar\/index.php\/2026\/04\/29\/el-horario-de-verano-no-aumenta-los-pasos-diarios-segun-un-estudio\/"},"wordCount":695,"commentCount":0,"publisher":{"@id":"https:\/\/lobosnews.com.ar\/#organization"},"image":{"@id":"https:\/\/lobosnews.com.ar\/index.php\/2026\/04\/29\/el-horario-de-verano-no-aumenta-los-pasos-diarios-segun-un-estudio\/#primaryimage"},"thumbnailUrl":"https:\/\/lobosnews.com.ar\/wp-content\/uploads\/2026\/04\/el-horario-de-verano-no-aumenta-los-pasos-diarios-segun-un-estudio.jpg","articleSection":["Salud"],"inLanguage":"es","potentialAction":[{"@type":"CommentAction","name":"Comment","target":["https:\/\/lobosnews.com.ar\/index.php\/2026\/04\/29\/el-horario-de-verano-no-aumenta-los-pasos-diarios-segun-un-estudio\/#respond"]}]},{"@type":"WebPage","@id":"https:\/\/lobosnews.com.ar\/index.php\/2026\/04\/29\/el-horario-de-verano-no-aumenta-los-pasos-diarios-segun-un-estudio\/","url":"https:\/\/lobosnews.com.ar\/index.php\/2026\/04\/29\/el-horario-de-verano-no-aumenta-los-pasos-diarios-segun-un-estudio\/","name":"El horario de verano no aumenta los pasos diarios, seg\u00fan un estudio - Lobos News","isPartOf":{"@id":"https:\/\/lobosnews.com.ar\/#website"},"primaryImageOfPage":{"@id":"https:\/\/lobosnews.com.ar\/index.php\/2026\/04\/29\/el-horario-de-verano-no-aumenta-los-pasos-diarios-segun-un-estudio\/#primaryimage"},"image":{"@id":"https:\/\/lobosnews.com.ar\/index.php\/2026\/04\/29\/el-horario-de-verano-no-aumenta-los-pasos-diarios-segun-un-estudio\/#primaryimage"},"thumbnailUrl":"https:\/\/lobosnews.com.ar\/wp-content\/uploads\/2026\/04\/el-horario-de-verano-no-aumenta-los-pasos-diarios-segun-un-estudio.jpg","datePublished":"2026-04-29T01:45:40+00:00","dateModified":"2026-04-29T03:01:10+00:00","breadcrumb":{"@id":"https:\/\/lobosnews.com.ar\/index.php\/2026\/04\/29\/el-horario-de-verano-no-aumenta-los-pasos-diarios-segun-un-estudio\/#breadcrumb"},"inLanguage":"es","potentialAction":[{"@type":"ReadAction","target":["https:\/\/lobosnews.com.ar\/index.php\/2026\/04\/29\/el-horario-de-verano-no-aumenta-los-pasos-diarios-segun-un-estudio\/"]}]},{"@type":"ImageObject","inLanguage":"es","@id":"https:\/\/lobosnews.com.ar\/index.php\/2026\/04\/29\/el-horario-de-verano-no-aumenta-los-pasos-diarios-segun-un-estudio\/#primaryimage","url":"https:\/\/lobosnews.com.ar\/wp-content\/uploads\/2026\/04\/el-horario-de-verano-no-aumenta-los-pasos-diarios-segun-un-estudio.jpg","contentUrl":"https:\/\/lobosnews.com.ar\/wp-content\/uploads\/2026\/04\/el-horario-de-verano-no-aumenta-los-pasos-diarios-segun-un-estudio.jpg","width":1200,"height":800,"caption":"El horario de verano no aumenta los pasos diarios, seg\u00fan un estudio"},{"@type":"BreadcrumbList","@id":"https:\/\/lobosnews.com.ar\/index.php\/2026\/04\/29\/el-horario-de-verano-no-aumenta-los-pasos-diarios-segun-un-estudio\/#breadcrumb","itemListElement":[{"@type":"ListItem","position":1,"name":"Portada","item":"https:\/\/lobosnews.com.ar\/"},{"@type":"ListItem","position":2,"name":"El horario de verano no aumenta los pasos diarios, seg\u00fan un estudio"}]},{"@type":"WebSite","@id":"https:\/\/lobosnews.com.ar\/#website","url":"https:\/\/lobosnews.com.ar\/","name":"Lobos News","description":"Informaci\u00f3n a cada instante","publisher":{"@id":"https:\/\/lobosnews.com.ar\/#organization"},"potentialAction":[{"@type":"SearchAction","target":{"@type":"EntryPoint","urlTemplate":"https:\/\/lobosnews.com.ar\/?s={search_term_string}"},"query-input":{"@type":"PropertyValueSpecification","valueRequired":true,"valueName":"search_term_string"}}],"inLanguage":"es"},{"@type":"Organization","@id":"https:\/\/lobosnews.com.ar\/#organization","name":"Lobos News","url":"https:\/\/lobosnews.com.ar\/","logo":{"@type":"ImageObject","inLanguage":"es","@id":"https:\/\/lobosnews.com.ar\/#\/schema\/logo\/image\/","url":"https:\/\/lobosnews.com.ar\/wp-content\/uploads\/2026\/01\/logo-lobosnews.png","contentUrl":"https:\/\/lobosnews.com.ar\/wp-content\/uploads\/2026\/01\/logo-lobosnews.png","width":500,"height":200,"caption":"Lobos News"},"image":{"@id":"https:\/\/lobosnews.com.ar\/#\/schema\/logo\/image\/"}},{"@type":"Person","@id":"https:\/\/lobosnews.com.ar\/#\/schema\/person\/232422a593d5c541dd9aef6aaed10943","name":"admin","image":{"@type":"ImageObject","inLanguage":"es","@id":"https:\/\/lobosnews.com.ar\/#\/schema\/person\/image\/","url":"https:\/\/secure.gravatar.com\/avatar\/76e419471a2083bc3ceab22a763dbbf9b0c1bd15a6214cf3280e2c2dde4580f9?s=96&d=mm&r=g","contentUrl":"https:\/\/secure.gravatar.com\/avatar\/76e419471a2083bc3ceab22a763dbbf9b0c1bd15a6214cf3280e2c2dde4580f9?s=96&d=mm&r=g","caption":"admin"},"sameAs":["https:\/\/lobosnews.com.ar"],"url":"https:\/\/lobosnews.com.ar\/index.php\/author\/lobos-news\/"}]}},"jetpack_featured_media_url":"https:\/\/lobosnews.com.ar\/wp-content\/uploads\/2026\/04\/el-horario-de-verano-no-aumenta-los-pasos-diarios-segun-un-estudio.jpg","jetpack_sharing_enabled":true,"_links":{"self":[{"href":"https:\/\/lobosnews.com.ar\/index.php\/wp-json\/wp\/v2\/posts\/46946","targetHints":{"allow":["GET"]}}],"collection":[{"href":"https:\/\/lobosnews.com.ar\/index.php\/wp-json\/wp\/v2\/posts"}],"about":[{"href":"https:\/\/lobosnews.com.ar\/index.php\/wp-json\/wp\/v2\/types\/post"}],"author":[{"embeddable":true,"href":"https:\/\/lobosnews.com.ar\/index.php\/wp-json\/wp\/v2\/users\/1"}],"replies":[{"embeddable":true,"href":"https:\/\/lobosnews.com.ar\/index.php\/wp-json\/wp\/v2\/comments?post=46946"}],"version-history":[{"count":1,"href":"https:\/\/lobosnews.com.ar\/index.php\/wp-json\/wp\/v2\/posts\/46946\/revisions"}],"predecessor-version":[{"id":46948,"href":"https:\/\/lobosnews.com.ar\/index.php\/wp-json\/wp\/v2\/posts\/46946\/revisions\/46948"}],"wp:featuredmedia":[{"embeddable":true,"href":"https:\/\/lobosnews.com.ar\/index.php\/wp-json\/wp\/v2\/media\/46949"}],"wp:attachment":[{"href":"https:\/\/lobosnews.com.ar\/index.php\/wp-json\/wp\/v2\/media?parent=46946"}],"wp:term":[{"taxonomy":"category","embeddable":true,"href":"https:\/\/lobosnews.com.ar\/index.php\/wp-json\/wp\/v2\/categories?post=46946"},{"taxonomy":"post_tag","embeddable":true,"href":"https:\/\/lobosnews.com.ar\/index.php\/wp-json\/wp\/v2\/tags?post=46946"}],"curies":[{"name":"wp","href":"https:\/\/api.w.org\/{rel}","templated":true}]}}