{"id":46934,"date":"2026-04-29T01:46:43","date_gmt":"2026-04-29T01:46:43","guid":{"rendered":"https:\/\/lobosnews.com.ar\/index.php\/2026\/04\/29\/sindrome-metabolico-vinculado-al-riesgo-de-cancer\/"},"modified":"2026-04-29T03:00:46","modified_gmt":"2026-04-29T03:00:46","slug":"sindrome-metabolico-vinculado-al-riesgo-de-cancer","status":"publish","type":"post","link":"https:\/\/lobosnews.com.ar\/index.php\/2026\/04\/29\/sindrome-metabolico-vinculado-al-riesgo-de-cancer\/","title":{"rendered":"S\u00edndrome metab\u00f3lico vinculado al riesgo de c\u00e1ncer"},"content":{"rendered":"<p><img fetchpriority=\"high\" decoding=\"async\" src=\"https:\/\/lobosnews.com.ar\/wp-content\/uploads\/2026\/04\/sindrome-metabolico-vinculado-al-riesgo-de-cancer.jpg\" alt=\"\" height=\"800\" width=\"1200\"\/><\/p>\n<p>MARTES, 28 de abril de 2026 (HealthDay News) &#8212; Las personas con problemas metab\u00f3licos de salud tambi\u00e9n podr\u00edan tener un mayor riesgo de c\u00e1ncer, seg\u00fan un nuevo estudio.<\/p>\n<p>Las personas con s\u00edndrome avanzado de CKM (cardio-renal-metab\u00f3lico) tienen hasta un 30% m\u00e1s de riesgo de desarrollar c\u00e1ncer, informaron los investigadores el 27 de abril en la revista Circulation: Population Health and Outcomes.<\/p>\n<p>\u00abLos resultados del estudio sugieren que es importante considerar no solo el riesgo de enfermedad cardiovascular, sino tambi\u00e9n el riesgo de c\u00e1ncer en personas con s\u00edndrome CRM\u00bb, dijo el investigador principal , el Dr. Hidehiro Kaneko, profesor asociado de medicina cardiovascular en la Universidad de Tokio en Jap\u00f3n, en un comunicado de prensa.<\/p>\n<p>Casi 9 de cada 10 adultos en EE. UU. presentan al menos un componente del s\u00edndrome CRM, que incluye hipertensi\u00f3n, colesterol anormal, az\u00facar alta en sangre, exceso de peso y reducci\u00f3n de la funci\u00f3n renal, seg\u00fan los investigadores en notas de fondo.<\/p>\n<p>Los mayores peligros del s\u00edndrome CRM son el infarto y el ictus, pero tambi\u00e9n afecta a todos los principales \u00f3rganos del cuerpo. Por ello, tambi\u00e9n est\u00e1 relacionado con insuficiencia renal, demencia, enfermedad hep\u00e1tica grasa y apnea del sue\u00f1o, seg\u00fan los investigadores.<\/p>\n<p>Para este estudio, los investigadores investigaron si el s\u00edndrome CRM tambi\u00e9n podr\u00eda estar relacionado con un mayor riesgo de c\u00e1ncer.<\/p>\n<p>El equipo revis\u00f3 datos de casi 1,4 millones de personas en Jap\u00f3n utilizando una base de datos de reclamaciones de seguros, siguiendo la tasa de casos de c\u00e1ncer seg\u00fan si ten\u00edan s\u00edndrome CRM.<\/p>\n<p>Tras seguir a las personas durante m\u00e1s de tres a\u00f1os, los resultados mostraron que el riesgo de c\u00e1ncer aumentaba dr\u00e1sticamente junto con la gravedad del s\u00edndrome CRM de una persona:<\/p>\n<p>Etapa 1 &#8211; 3% m\u00e1s de riesgo<br \/>\nEtapa 2 &#8211; 2% m\u00e1s de riesgo<br \/>\nEtapa 3 &#8211; 25% m\u00e1s de riesgo<br \/>\nEtapa 4 &#8211; 30% m\u00e1s de riesgo<\/p>\n<p>La gravedad se basa en cu\u00e1ntos componentes del s\u00edndrome CRM tiene una persona, seg\u00fan los investigadores.<\/p>\n<p>\u00abEl s\u00edndrome CRM representa una compleja interacci\u00f3n entre los sistemas cardiovascular, renal y metab\u00f3lico, donde una disfunci\u00f3n en una zona puede desencadenar o agravar la disfunci\u00f3n en otras\u00bb, dijo Kaneko.<\/p>\n<p>\u00abLa disfunci\u00f3n en cada uno de estos sistemas est\u00e1 asociada de forma independiente con el riesgo de c\u00e1ncer debido a factores de riesgo compartidos\u00bb, dijo Kaneko. \u00abEste estudio sugiere que la acumulaci\u00f3n de factores de riesgo dentro del marco del s\u00edndrome CRM puede contribuir al desarrollo de varios tipos de c\u00e1ncer.\u00bb<\/p>\n<p>Estos resultados muestran que los comportamientos saludables que evitan enfermedades card\u00edacas y insuficiencia renal probablemente tambi\u00e9n ayudar\u00e1n a proteger contra el c\u00e1ncer, dijo el Dr. Tochukwu Okwuosa, director de servicios de cardio-oncolog\u00eda en el Rush University Medical Center en Chicago y voluntario de la American Heart Association.<\/p>\n<p>\u00abEl estudio destaca la relaci\u00f3n bidireccional y subraya el concepto de cardio-oncolog\u00eda inversa, donde las enfermedades cardiovasculares y sus factores de riesgo tambi\u00e9n aumentan el riesgo de c\u00e1ncer\u00bb, dijo Okwuosa, que no particip\u00f3 en el estudio, en un comunicado de prensa.<\/p>\n<p>\u00abEn consecuencia, las elecciones de estilo de vida saludable pueden afectar ambas condiciones que son las principales causas de muerte en Estados Unidos\u00bb, afirm\u00f3. \u00abPara quienes tienen riesgo cardiovascular establecido, el marco de estadificaci\u00f3n del s\u00edndrome CRM puede ser una herramienta \u00fatil para se\u00f1alar a individuos de alto riesgo para posibles cribados y evaluaciones de c\u00e1ncer.\u00bb<\/p>\n<p>M\u00e1s informaci\u00f3n<\/p>\n<p>La Asociaci\u00f3n Americana del Coraz\u00f3n tiene m\u00e1s informaci\u00f3n sobre el s\u00edndrome CRM.<\/p>\n<p>FUENTES: Asociaci\u00f3n Americana del Coraz\u00f3n, nota de prensa, 27 de abril de 2026; Circulaci\u00f3n: Salud de la poblaci\u00f3n y resultados, 27 de abril de 2026<\/p>\n","protected":false},"excerpt":{"rendered":"<p>MARTES, 28 de abril de 2026 (HealthDay News) &#8212; Las personas con problemas metab\u00f3licos de salud tambi\u00e9n podr\u00edan tener un mayor riesgo de c\u00e1ncer, seg\u00fan un nuevo estudio. Las personas con s\u00edndrome avanzado de CKM (cardio-renal-metab\u00f3lico) tienen hasta un 30% m\u00e1s de riesgo de desarrollar c\u00e1ncer, informaron los investigadores el 27 de abril en la&#8230;<\/p>\n","protected":false},"author":1,"featured_media":46937,"comment_status":"open","ping_status":"closed","sticky":false,"template":"","format":"standard","meta":{"_jetpack_memberships_contains_paid_content":false,"footnotes":""},"categories":[81],"tags":[],"class_list":["post-46934","post","type-post","status-publish","format-standard","has-post-thumbnail","hentry","category-salud"],"magazineBlocksPostFeaturedMedia":{"thumbnail":"https:\/\/lobosnews.com.ar\/wp-content\/uploads\/2026\/04\/sindrome-metabolico-vinculado-al-riesgo-de-cancer-150x150.jpg","medium":"https:\/\/lobosnews.com.ar\/wp-content\/uploads\/2026\/04\/sindrome-metabolico-vinculado-al-riesgo-de-cancer-300x200.jpg","medium_large":"https:\/\/lobosnews.com.ar\/wp-content\/uploads\/2026\/04\/sindrome-metabolico-vinculado-al-riesgo-de-cancer-768x512.jpg","large":"https:\/\/lobosnews.com.ar\/wp-content\/uploads\/2026\/04\/sindrome-metabolico-vinculado-al-riesgo-de-cancer-1024x683.jpg","1536x1536":"https:\/\/lobosnews.com.ar\/wp-content\/uploads\/2026\/04\/sindrome-metabolico-vinculado-al-riesgo-de-cancer.jpg","2048x2048":"https:\/\/lobosnews.com.ar\/wp-content\/uploads\/2026\/04\/sindrome-metabolico-vinculado-al-riesgo-de-cancer.jpg","newsmatic-featured":"https:\/\/lobosnews.com.ar\/wp-content\/uploads\/2026\/04\/sindrome-metabolico-vinculado-al-riesgo-de-cancer-820x545.jpg","newsmatic-list":"https:\/\/lobosnews.com.ar\/wp-content\/uploads\/2026\/04\/sindrome-metabolico-vinculado-al-riesgo-de-cancer-600x400.jpg","newsmatic-thumb":"https:\/\/lobosnews.com.ar\/wp-content\/uploads\/2026\/04\/sindrome-metabolico-vinculado-al-riesgo-de-cancer-300x200.jpg","newsmatic-small":"https:\/\/lobosnews.com.ar\/wp-content\/uploads\/2026\/04\/sindrome-metabolico-vinculado-al-riesgo-de-cancer-150x95.jpg","newsmatic-grid":"https:\/\/lobosnews.com.ar\/wp-content\/uploads\/2026\/04\/sindrome-metabolico-vinculado-al-riesgo-de-cancer-400x250.jpg"},"magazineBlocksPostAuthor":{"name":"admin","avatar":"https:\/\/secure.gravatar.com\/avatar\/76e419471a2083bc3ceab22a763dbbf9b0c1bd15a6214cf3280e2c2dde4580f9?s=96&d=mm&r=g"},"magazineBlocksPostCommentsNumber":"0","magazineBlocksPostExcerpt":"MARTES, 28 de abril de 2026 (HealthDay News) &#8212; Las personas con problemas metab\u00f3licos de salud tambi\u00e9n podr\u00edan tener un mayor riesgo de c\u00e1ncer, seg\u00fan un nuevo estudio. Las personas con s\u00edndrome avanzado de CKM (cardio-renal-metab\u00f3lico) tienen hasta un 30% m\u00e1s de riesgo de desarrollar c\u00e1ncer, informaron los investigadores el 27 de abril en la...","magazineBlocksPostCategories":["Salud"],"magazineBlocksPostViewCount":7,"magazineBlocksPostReadTime":4,"magazine_blocks_featured_image_url":{"full":["https:\/\/lobosnews.com.ar\/wp-content\/uploads\/2026\/04\/sindrome-metabolico-vinculado-al-riesgo-de-cancer.jpg",1200,800,false],"medium":["https:\/\/lobosnews.com.ar\/wp-content\/uploads\/2026\/04\/sindrome-metabolico-vinculado-al-riesgo-de-cancer-300x200.jpg",300,200,true],"thumbnail":["https:\/\/lobosnews.com.ar\/wp-content\/uploads\/2026\/04\/sindrome-metabolico-vinculado-al-riesgo-de-cancer-150x150.jpg",150,150,true]},"magazine_blocks_author":{"display_name":"admin","author_link":"https:\/\/lobosnews.com.ar\/index.php\/author\/lobos-news\/"},"magazine_blocks_comment":0,"magazine_blocks_author_image":"https:\/\/secure.gravatar.com\/avatar\/76e419471a2083bc3ceab22a763dbbf9b0c1bd15a6214cf3280e2c2dde4580f9?s=96&d=mm&r=g","magazine_blocks_category":"<a href=\"#\" class=\"category-link category-link-81\">Salud<\/a>","yoast_head":"<!-- This site is optimized with the Yoast SEO plugin v26.6 - https:\/\/yoast.com\/wordpress\/plugins\/seo\/ -->\n<title>S\u00edndrome metab\u00f3lico vinculado al riesgo de c\u00e1ncer - Lobos News<\/title>\n<meta name=\"robots\" content=\"index, follow, max-snippet:-1, max-image-preview:large, max-video-preview:-1\" \/>\n<link rel=\"canonical\" href=\"https:\/\/lobosnews.com.ar\/index.php\/2026\/04\/29\/sindrome-metabolico-vinculado-al-riesgo-de-cancer\/\" \/>\n<meta property=\"og:locale\" content=\"es_ES\" \/>\n<meta property=\"og:type\" content=\"article\" \/>\n<meta property=\"og:title\" content=\"S\u00edndrome metab\u00f3lico vinculado al riesgo de c\u00e1ncer - Lobos News\" \/>\n<meta property=\"og:description\" content=\"MARTES, 28 de abril de 2026 (HealthDay News) &#8212; Las personas con problemas metab\u00f3licos de salud tambi\u00e9n podr\u00edan tener un mayor riesgo de c\u00e1ncer, seg\u00fan un nuevo estudio. Las personas con s\u00edndrome avanzado de CKM (cardio-renal-metab\u00f3lico) tienen hasta un 30% m\u00e1s de riesgo de desarrollar c\u00e1ncer, informaron los investigadores el 27 de abril en la...\" \/>\n<meta property=\"og:url\" content=\"https:\/\/lobosnews.com.ar\/index.php\/2026\/04\/29\/sindrome-metabolico-vinculado-al-riesgo-de-cancer\/\" \/>\n<meta property=\"og:site_name\" content=\"Lobos News\" \/>\n<meta property=\"article:published_time\" content=\"2026-04-29T01:46:43+00:00\" \/>\n<meta property=\"article:modified_time\" content=\"2026-04-29T03:00:46+00:00\" \/>\n<meta property=\"og:image\" content=\"https:\/\/lobosnews.com.ar\/wp-content\/uploads\/2026\/04\/sindrome-metabolico-vinculado-al-riesgo-de-cancer.jpg\" \/>\n<meta name=\"author\" content=\"admin\" \/>\n<meta name=\"twitter:card\" content=\"summary_large_image\" \/>\n<meta name=\"twitter:label1\" content=\"Escrito por\" \/>\n\t<meta name=\"twitter:data1\" content=\"admin\" \/>\n\t<meta name=\"twitter:label2\" content=\"Tiempo de lectura\" \/>\n\t<meta name=\"twitter:data2\" content=\"3 minutos\" \/>\n<script type=\"application\/ld+json\" class=\"yoast-schema-graph\">{\"@context\":\"https:\/\/schema.org\",\"@graph\":[{\"@type\":\"Article\",\"@id\":\"https:\/\/lobosnews.com.ar\/index.php\/2026\/04\/29\/sindrome-metabolico-vinculado-al-riesgo-de-cancer\/#article\",\"isPartOf\":{\"@id\":\"https:\/\/lobosnews.com.ar\/index.php\/2026\/04\/29\/sindrome-metabolico-vinculado-al-riesgo-de-cancer\/\"},\"author\":{\"name\":\"admin\",\"@id\":\"https:\/\/lobosnews.com.ar\/#\/schema\/person\/232422a593d5c541dd9aef6aaed10943\"},\"headline\":\"S\u00edndrome metab\u00f3lico vinculado al riesgo de c\u00e1ncer\",\"datePublished\":\"2026-04-29T01:46:43+00:00\",\"dateModified\":\"2026-04-29T03:00:46+00:00\",\"mainEntityOfPage\":{\"@id\":\"https:\/\/lobosnews.com.ar\/index.php\/2026\/04\/29\/sindrome-metabolico-vinculado-al-riesgo-de-cancer\/\"},\"wordCount\":653,\"commentCount\":0,\"publisher\":{\"@id\":\"https:\/\/lobosnews.com.ar\/#organization\"},\"image\":{\"@id\":\"https:\/\/lobosnews.com.ar\/index.php\/2026\/04\/29\/sindrome-metabolico-vinculado-al-riesgo-de-cancer\/#primaryimage\"},\"thumbnailUrl\":\"https:\/\/lobosnews.com.ar\/wp-content\/uploads\/2026\/04\/sindrome-metabolico-vinculado-al-riesgo-de-cancer.jpg\",\"articleSection\":[\"Salud\"],\"inLanguage\":\"es\",\"potentialAction\":[{\"@type\":\"CommentAction\",\"name\":\"Comment\",\"target\":[\"https:\/\/lobosnews.com.ar\/index.php\/2026\/04\/29\/sindrome-metabolico-vinculado-al-riesgo-de-cancer\/#respond\"]}]},{\"@type\":\"WebPage\",\"@id\":\"https:\/\/lobosnews.com.ar\/index.php\/2026\/04\/29\/sindrome-metabolico-vinculado-al-riesgo-de-cancer\/\",\"url\":\"https:\/\/lobosnews.com.ar\/index.php\/2026\/04\/29\/sindrome-metabolico-vinculado-al-riesgo-de-cancer\/\",\"name\":\"S\u00edndrome metab\u00f3lico vinculado al riesgo de c\u00e1ncer - Lobos News\",\"isPartOf\":{\"@id\":\"https:\/\/lobosnews.com.ar\/#website\"},\"primaryImageOfPage\":{\"@id\":\"https:\/\/lobosnews.com.ar\/index.php\/2026\/04\/29\/sindrome-metabolico-vinculado-al-riesgo-de-cancer\/#primaryimage\"},\"image\":{\"@id\":\"https:\/\/lobosnews.com.ar\/index.php\/2026\/04\/29\/sindrome-metabolico-vinculado-al-riesgo-de-cancer\/#primaryimage\"},\"thumbnailUrl\":\"https:\/\/lobosnews.com.ar\/wp-content\/uploads\/2026\/04\/sindrome-metabolico-vinculado-al-riesgo-de-cancer.jpg\",\"datePublished\":\"2026-04-29T01:46:43+00:00\",\"dateModified\":\"2026-04-29T03:00:46+00:00\",\"breadcrumb\":{\"@id\":\"https:\/\/lobosnews.com.ar\/index.php\/2026\/04\/29\/sindrome-metabolico-vinculado-al-riesgo-de-cancer\/#breadcrumb\"},\"inLanguage\":\"es\",\"potentialAction\":[{\"@type\":\"ReadAction\",\"target\":[\"https:\/\/lobosnews.com.ar\/index.php\/2026\/04\/29\/sindrome-metabolico-vinculado-al-riesgo-de-cancer\/\"]}]},{\"@type\":\"ImageObject\",\"inLanguage\":\"es\",\"@id\":\"https:\/\/lobosnews.com.ar\/index.php\/2026\/04\/29\/sindrome-metabolico-vinculado-al-riesgo-de-cancer\/#primaryimage\",\"url\":\"https:\/\/lobosnews.com.ar\/wp-content\/uploads\/2026\/04\/sindrome-metabolico-vinculado-al-riesgo-de-cancer.jpg\",\"contentUrl\":\"https:\/\/lobosnews.com.ar\/wp-content\/uploads\/2026\/04\/sindrome-metabolico-vinculado-al-riesgo-de-cancer.jpg\",\"width\":1200,\"height\":800,\"caption\":\"S\u00edndrome metab\u00f3lico vinculado al riesgo de c\u00e1ncer\"},{\"@type\":\"BreadcrumbList\",\"@id\":\"https:\/\/lobosnews.com.ar\/index.php\/2026\/04\/29\/sindrome-metabolico-vinculado-al-riesgo-de-cancer\/#breadcrumb\",\"itemListElement\":[{\"@type\":\"ListItem\",\"position\":1,\"name\":\"Portada\",\"item\":\"https:\/\/lobosnews.com.ar\/\"},{\"@type\":\"ListItem\",\"position\":2,\"name\":\"S\u00edndrome metab\u00f3lico vinculado al riesgo de c\u00e1ncer\"}]},{\"@type\":\"WebSite\",\"@id\":\"https:\/\/lobosnews.com.ar\/#website\",\"url\":\"https:\/\/lobosnews.com.ar\/\",\"name\":\"Lobos News\",\"description\":\"Informaci\u00f3n a cada instante\",\"publisher\":{\"@id\":\"https:\/\/lobosnews.com.ar\/#organization\"},\"potentialAction\":[{\"@type\":\"SearchAction\",\"target\":{\"@type\":\"EntryPoint\",\"urlTemplate\":\"https:\/\/lobosnews.com.ar\/?s={search_term_string}\"},\"query-input\":{\"@type\":\"PropertyValueSpecification\",\"valueRequired\":true,\"valueName\":\"search_term_string\"}}],\"inLanguage\":\"es\"},{\"@type\":\"Organization\",\"@id\":\"https:\/\/lobosnews.com.ar\/#organization\",\"name\":\"Lobos News\",\"url\":\"https:\/\/lobosnews.com.ar\/\",\"logo\":{\"@type\":\"ImageObject\",\"inLanguage\":\"es\",\"@id\":\"https:\/\/lobosnews.com.ar\/#\/schema\/logo\/image\/\",\"url\":\"https:\/\/lobosnews.com.ar\/wp-content\/uploads\/2026\/01\/logo-lobosnews.png\",\"contentUrl\":\"https:\/\/lobosnews.com.ar\/wp-content\/uploads\/2026\/01\/logo-lobosnews.png\",\"width\":500,\"height\":200,\"caption\":\"Lobos News\"},\"image\":{\"@id\":\"https:\/\/lobosnews.com.ar\/#\/schema\/logo\/image\/\"}},{\"@type\":\"Person\",\"@id\":\"https:\/\/lobosnews.com.ar\/#\/schema\/person\/232422a593d5c541dd9aef6aaed10943\",\"name\":\"admin\",\"image\":{\"@type\":\"ImageObject\",\"inLanguage\":\"es\",\"@id\":\"https:\/\/lobosnews.com.ar\/#\/schema\/person\/image\/\",\"url\":\"https:\/\/secure.gravatar.com\/avatar\/76e419471a2083bc3ceab22a763dbbf9b0c1bd15a6214cf3280e2c2dde4580f9?s=96&d=mm&r=g\",\"contentUrl\":\"https:\/\/secure.gravatar.com\/avatar\/76e419471a2083bc3ceab22a763dbbf9b0c1bd15a6214cf3280e2c2dde4580f9?s=96&d=mm&r=g\",\"caption\":\"admin\"},\"sameAs\":[\"https:\/\/lobosnews.com.ar\"],\"url\":\"https:\/\/lobosnews.com.ar\/index.php\/author\/lobos-news\/\"}]}<\/script>\n<!-- \/ Yoast SEO plugin. -->","yoast_head_json":{"title":"S\u00edndrome metab\u00f3lico vinculado al riesgo de c\u00e1ncer - Lobos News","robots":{"index":"index","follow":"follow","max-snippet":"max-snippet:-1","max-image-preview":"max-image-preview:large","max-video-preview":"max-video-preview:-1"},"canonical":"https:\/\/lobosnews.com.ar\/index.php\/2026\/04\/29\/sindrome-metabolico-vinculado-al-riesgo-de-cancer\/","og_locale":"es_ES","og_type":"article","og_title":"S\u00edndrome metab\u00f3lico vinculado al riesgo de c\u00e1ncer - Lobos News","og_description":"MARTES, 28 de abril de 2026 (HealthDay News) &#8212; Las personas con problemas metab\u00f3licos de salud tambi\u00e9n podr\u00edan tener un mayor riesgo de c\u00e1ncer, seg\u00fan un nuevo estudio. Las personas con s\u00edndrome avanzado de CKM (cardio-renal-metab\u00f3lico) tienen hasta un 30% m\u00e1s de riesgo de desarrollar c\u00e1ncer, informaron los investigadores el 27 de abril en la...","og_url":"https:\/\/lobosnews.com.ar\/index.php\/2026\/04\/29\/sindrome-metabolico-vinculado-al-riesgo-de-cancer\/","og_site_name":"Lobos News","article_published_time":"2026-04-29T01:46:43+00:00","article_modified_time":"2026-04-29T03:00:46+00:00","og_image":[{"url":"https:\/\/lobosnews.com.ar\/wp-content\/uploads\/2026\/04\/sindrome-metabolico-vinculado-al-riesgo-de-cancer.jpg","type":"","width":"","height":""}],"author":"admin","twitter_card":"summary_large_image","twitter_misc":{"Escrito por":"admin","Tiempo de lectura":"3 minutos"},"schema":{"@context":"https:\/\/schema.org","@graph":[{"@type":"Article","@id":"https:\/\/lobosnews.com.ar\/index.php\/2026\/04\/29\/sindrome-metabolico-vinculado-al-riesgo-de-cancer\/#article","isPartOf":{"@id":"https:\/\/lobosnews.com.ar\/index.php\/2026\/04\/29\/sindrome-metabolico-vinculado-al-riesgo-de-cancer\/"},"author":{"name":"admin","@id":"https:\/\/lobosnews.com.ar\/#\/schema\/person\/232422a593d5c541dd9aef6aaed10943"},"headline":"S\u00edndrome metab\u00f3lico vinculado al riesgo de c\u00e1ncer","datePublished":"2026-04-29T01:46:43+00:00","dateModified":"2026-04-29T03:00:46+00:00","mainEntityOfPage":{"@id":"https:\/\/lobosnews.com.ar\/index.php\/2026\/04\/29\/sindrome-metabolico-vinculado-al-riesgo-de-cancer\/"},"wordCount":653,"commentCount":0,"publisher":{"@id":"https:\/\/lobosnews.com.ar\/#organization"},"image":{"@id":"https:\/\/lobosnews.com.ar\/index.php\/2026\/04\/29\/sindrome-metabolico-vinculado-al-riesgo-de-cancer\/#primaryimage"},"thumbnailUrl":"https:\/\/lobosnews.com.ar\/wp-content\/uploads\/2026\/04\/sindrome-metabolico-vinculado-al-riesgo-de-cancer.jpg","articleSection":["Salud"],"inLanguage":"es","potentialAction":[{"@type":"CommentAction","name":"Comment","target":["https:\/\/lobosnews.com.ar\/index.php\/2026\/04\/29\/sindrome-metabolico-vinculado-al-riesgo-de-cancer\/#respond"]}]},{"@type":"WebPage","@id":"https:\/\/lobosnews.com.ar\/index.php\/2026\/04\/29\/sindrome-metabolico-vinculado-al-riesgo-de-cancer\/","url":"https:\/\/lobosnews.com.ar\/index.php\/2026\/04\/29\/sindrome-metabolico-vinculado-al-riesgo-de-cancer\/","name":"S\u00edndrome metab\u00f3lico vinculado al riesgo de c\u00e1ncer - Lobos News","isPartOf":{"@id":"https:\/\/lobosnews.com.ar\/#website"},"primaryImageOfPage":{"@id":"https:\/\/lobosnews.com.ar\/index.php\/2026\/04\/29\/sindrome-metabolico-vinculado-al-riesgo-de-cancer\/#primaryimage"},"image":{"@id":"https:\/\/lobosnews.com.ar\/index.php\/2026\/04\/29\/sindrome-metabolico-vinculado-al-riesgo-de-cancer\/#primaryimage"},"thumbnailUrl":"https:\/\/lobosnews.com.ar\/wp-content\/uploads\/2026\/04\/sindrome-metabolico-vinculado-al-riesgo-de-cancer.jpg","datePublished":"2026-04-29T01:46:43+00:00","dateModified":"2026-04-29T03:00:46+00:00","breadcrumb":{"@id":"https:\/\/lobosnews.com.ar\/index.php\/2026\/04\/29\/sindrome-metabolico-vinculado-al-riesgo-de-cancer\/#breadcrumb"},"inLanguage":"es","potentialAction":[{"@type":"ReadAction","target":["https:\/\/lobosnews.com.ar\/index.php\/2026\/04\/29\/sindrome-metabolico-vinculado-al-riesgo-de-cancer\/"]}]},{"@type":"ImageObject","inLanguage":"es","@id":"https:\/\/lobosnews.com.ar\/index.php\/2026\/04\/29\/sindrome-metabolico-vinculado-al-riesgo-de-cancer\/#primaryimage","url":"https:\/\/lobosnews.com.ar\/wp-content\/uploads\/2026\/04\/sindrome-metabolico-vinculado-al-riesgo-de-cancer.jpg","contentUrl":"https:\/\/lobosnews.com.ar\/wp-content\/uploads\/2026\/04\/sindrome-metabolico-vinculado-al-riesgo-de-cancer.jpg","width":1200,"height":800,"caption":"S\u00edndrome metab\u00f3lico vinculado al riesgo de c\u00e1ncer"},{"@type":"BreadcrumbList","@id":"https:\/\/lobosnews.com.ar\/index.php\/2026\/04\/29\/sindrome-metabolico-vinculado-al-riesgo-de-cancer\/#breadcrumb","itemListElement":[{"@type":"ListItem","position":1,"name":"Portada","item":"https:\/\/lobosnews.com.ar\/"},{"@type":"ListItem","position":2,"name":"S\u00edndrome metab\u00f3lico vinculado al riesgo de c\u00e1ncer"}]},{"@type":"WebSite","@id":"https:\/\/lobosnews.com.ar\/#website","url":"https:\/\/lobosnews.com.ar\/","name":"Lobos News","description":"Informaci\u00f3n a cada instante","publisher":{"@id":"https:\/\/lobosnews.com.ar\/#organization"},"potentialAction":[{"@type":"SearchAction","target":{"@type":"EntryPoint","urlTemplate":"https:\/\/lobosnews.com.ar\/?s={search_term_string}"},"query-input":{"@type":"PropertyValueSpecification","valueRequired":true,"valueName":"search_term_string"}}],"inLanguage":"es"},{"@type":"Organization","@id":"https:\/\/lobosnews.com.ar\/#organization","name":"Lobos News","url":"https:\/\/lobosnews.com.ar\/","logo":{"@type":"ImageObject","inLanguage":"es","@id":"https:\/\/lobosnews.com.ar\/#\/schema\/logo\/image\/","url":"https:\/\/lobosnews.com.ar\/wp-content\/uploads\/2026\/01\/logo-lobosnews.png","contentUrl":"https:\/\/lobosnews.com.ar\/wp-content\/uploads\/2026\/01\/logo-lobosnews.png","width":500,"height":200,"caption":"Lobos News"},"image":{"@id":"https:\/\/lobosnews.com.ar\/#\/schema\/logo\/image\/"}},{"@type":"Person","@id":"https:\/\/lobosnews.com.ar\/#\/schema\/person\/232422a593d5c541dd9aef6aaed10943","name":"admin","image":{"@type":"ImageObject","inLanguage":"es","@id":"https:\/\/lobosnews.com.ar\/#\/schema\/person\/image\/","url":"https:\/\/secure.gravatar.com\/avatar\/76e419471a2083bc3ceab22a763dbbf9b0c1bd15a6214cf3280e2c2dde4580f9?s=96&d=mm&r=g","contentUrl":"https:\/\/secure.gravatar.com\/avatar\/76e419471a2083bc3ceab22a763dbbf9b0c1bd15a6214cf3280e2c2dde4580f9?s=96&d=mm&r=g","caption":"admin"},"sameAs":["https:\/\/lobosnews.com.ar"],"url":"https:\/\/lobosnews.com.ar\/index.php\/author\/lobos-news\/"}]}},"jetpack_featured_media_url":"https:\/\/lobosnews.com.ar\/wp-content\/uploads\/2026\/04\/sindrome-metabolico-vinculado-al-riesgo-de-cancer.jpg","jetpack_sharing_enabled":true,"_links":{"self":[{"href":"https:\/\/lobosnews.com.ar\/index.php\/wp-json\/wp\/v2\/posts\/46934","targetHints":{"allow":["GET"]}}],"collection":[{"href":"https:\/\/lobosnews.com.ar\/index.php\/wp-json\/wp\/v2\/posts"}],"about":[{"href":"https:\/\/lobosnews.com.ar\/index.php\/wp-json\/wp\/v2\/types\/post"}],"author":[{"embeddable":true,"href":"https:\/\/lobosnews.com.ar\/index.php\/wp-json\/wp\/v2\/users\/1"}],"replies":[{"embeddable":true,"href":"https:\/\/lobosnews.com.ar\/index.php\/wp-json\/wp\/v2\/comments?post=46934"}],"version-history":[{"count":1,"href":"https:\/\/lobosnews.com.ar\/index.php\/wp-json\/wp\/v2\/posts\/46934\/revisions"}],"predecessor-version":[{"id":46936,"href":"https:\/\/lobosnews.com.ar\/index.php\/wp-json\/wp\/v2\/posts\/46934\/revisions\/46936"}],"wp:featuredmedia":[{"embeddable":true,"href":"https:\/\/lobosnews.com.ar\/index.php\/wp-json\/wp\/v2\/media\/46937"}],"wp:attachment":[{"href":"https:\/\/lobosnews.com.ar\/index.php\/wp-json\/wp\/v2\/media?parent=46934"}],"wp:term":[{"taxonomy":"category","embeddable":true,"href":"https:\/\/lobosnews.com.ar\/index.php\/wp-json\/wp\/v2\/categories?post=46934"},{"taxonomy":"post_tag","embeddable":true,"href":"https:\/\/lobosnews.com.ar\/index.php\/wp-json\/wp\/v2\/tags?post=46934"}],"curies":[{"name":"wp","href":"https:\/\/api.w.org\/{rel}","templated":true}]}}