{"id":46930,"date":"2026-04-28T22:14:25","date_gmt":"2026-04-28T22:14:25","guid":{"rendered":"https:\/\/lobosnews.com.ar\/index.php\/2026\/04\/28\/juana-repetto-revelo-por-que-no-se-cuido-la-noche-en-que-se-embarazo-de-su-tercer-hijo-con-sebastian-graviotto\/"},"modified":"2026-04-29T02:58:49","modified_gmt":"2026-04-29T02:58:49","slug":"juana-repetto-revelo-por-que-no-se-cuido-la-noche-en-que-se-embarazo-de-su-tercer-hijo-con-sebastian-graviotto","status":"publish","type":"post","link":"https:\/\/lobosnews.com.ar\/index.php\/2026\/04\/28\/juana-repetto-revelo-por-que-no-se-cuido-la-noche-en-que-se-embarazo-de-su-tercer-hijo-con-sebastian-graviotto\/","title":{"rendered":"Juana Repetto revel\u00f3 por qu\u00e9 no se cuid\u00f3 la noche en que se embaraz\u00f3 de su tercer hijo con Sebasti\u00e1n Graviotto"},"content":{"rendered":"<p>A dos meses del nacimiento de Timoteo, su tercer hijo, <span class=\"waslinkname\"><b>Juana Repetto<\/b><\/span><b> <\/b>sorprendi\u00f3 este martes al revelar un llamativo dato de la llegada de su peque\u00f1o. En una charla reproducida en su programa de streaming M\u00e1s minas que mam\u00e1s <i>(Resumido)<\/i>, la actriz relat\u00f3 en detalle c\u00f3mo atraves\u00f3 ese momento tan singular en su vida luego de separarse de<span class=\"waslinkname\"> <b>Sebasti\u00e1n Graviotto<\/b><\/span>.<\/p>\n<p>Juana Repetto explic\u00f3 que, tras haber cortado su relaci\u00f3n, se reencontr\u00f3 con el padre de sus hijos despu\u00e9s de tres meses de separaci\u00f3n. Coment\u00f3 que, tras una noche en la que hab\u00eda estado bebiendo cerveza, ambos coincidieron y ese encuentro deriv\u00f3 en el embarazo. Subray\u00f3 que, pese a ese episodio, ten\u00eda la convicci\u00f3n de que la relaci\u00f3n hab\u00eda terminado definitivamente.<\/p>\n<p>En ese contexto, su coequiper,<b> Vicky Gils<\/b>, le pregunt\u00f3: \u201c\u00bfQu\u00e9 pas\u00f3 amiga, por qu\u00e9 no te cuidaste?\u201c. Y Juana respondi\u00f3: \u201cYo estaba recontra separada. Nos hab\u00edamos separado hace tres meses\u201d, se\u00f1al\u00f3 la actriz en el streaming. Luego agreg\u00f3: \u201cSucedi\u00f3 que<b> ten\u00eda unas birras encima<\/b> y bueno, pas\u00f3. Siempre estuve convencida de la separaci\u00f3n\u201d.<\/p>\n<p>Al ser consultada sobre la presencia de <b>Sebasti\u00e1n Graviotto<\/b> durante el embarazo, Repetto expuso la soledad que marc\u00f3 esa etapa. \u201cViaja un mont\u00f3n. Yo estuve sola. Estaba empezando la temporada, \u00e9l se fue en invierno, volvi\u00f3, fuimos juntos a una ecograf\u00eda y despu\u00e9s se fue a Jap\u00f3n\u201d, cont\u00f3 en el mismo programa.<\/p>\n<p>La actriz reflexion\u00f3 sobre la incomodidad de compartir el trabajo de parto con alguien que ya no era su pareja. \u201cDespu\u00e9s de haber tenido dos chicos me sent\u00eda muy inc\u00f3moda con tener que hacer todo el trabajo de parto con \u00e9l no estando en pareja\u201d. Sobre la ces\u00e1rea, afirm\u00f3: \u201cEn alg\u00fan punto, creo que el momento de la ces\u00e1rea me daba igual, no me importaba si \u00e9l estaba o no\u201d.<\/p>\n<p>Finalmente, <b>Juana Repetto<\/b> eligi\u00f3 ingresar al quir\u00f3fano acompa\u00f1ada \u00fanicamente por su madre. En paralelo a esta an\u00e9cdota, y acostumbrada a compartir su vida cotidiana, la influencer se pronunci\u00f3 en sus redes sociales y provoc\u00f3 reacciones encontradas al contar una decisi\u00f3n reciente de crianza. \u201cBueno y un d\u00eda\u2026 \u00a1solt\u00e9! Hoy viv\u00ed una situaci\u00f3n que nunca antes me hubiera permitido\u201d, comenz\u00f3 diciendo sobre su habitual rigidez con los horarios escolares. <\/p>\n<p>Acto seguido, Repetto explic\u00f3 que, tras una noche sin dormir y una ma\u00f1ana complicada con sus hijos, opt\u00f3 por flexibilizar y llevarlos al colegio tres horas m\u00e1s tarde de lo habitual. \u201c<b>Siempre fui muy estructurada con los horarios del colegio<\/b> y encontr\u00e9, haciendo mucha terapia, que uno de los puntos de mayor colapso que tengo es cuando estoy apurada, cuando llego tarde, cuando tengo que salir al colegio, y tengo que hacer diez cosas a la vez. <b>No me da la vida y colapso, grito y termino siendo la madre que no quiero ser<\/b>\u201d, reconoci\u00f3 la actriz en el video.<\/p>\n<p><img loading=\"lazy\" decoding=\"async\" src=\"https:\/\/lobosnews.com.ar\/wp-content\/uploads\/2026\/04\/juana-repetto-revelo-por-que-no-se-cuido-la-noche-en-que-se-embarazo-de-su-tercer-hijo-con-sebastian-graviotto.jpg\" alt=\"Juana Repetto habl\u00f3 de su rom\u00e1ntica noche con Sebasti\u00e1n Graviotto en la cual qued\u00f3 embarazada de su tercer hijo\" height=\"1080\" width=\"1920\"\/><\/p>\n<p>Luego, la artista continu\u00f3 relatando: \u201cMe levant\u00e9 10 minutos tarde porque pospuse la alarma, estaba agotada de toda la noche. El bebito se levant\u00f3 lleno de mocos y en 15 minutos ten\u00eda que vestir a los dos chicos, abrigar un mont\u00f3n al beb\u00e9, sacarlo a las 7:30 de la ma\u00f1ana, subirlos al auto, llevarlos\u2026 \u00bfsaben qu\u00e9? Dije \u2018ya fue, los llevo un poco m\u00e1s tarde\u2019\u201d.<\/p>\n<p>\u201cNo pude, no llegu\u00e9, me qued\u00e9 dormida. No dorm\u00ed en toda la noche y no pude. Desayuno tranquila, los visto y los llevo al mediod\u00eda. Van doble turno, los llevo a la tarde. Que falten el lunes a la ma\u00f1ana, no pude\u201d, explic\u00f3 Juana y continu\u00f3: \u201cY tuve una ma\u00f1ana tan linda quelos termin\u00e9 vistiendo y a las 10:30 de la ma\u00f1ana estaban en el colegio\u201d.<\/p>\n<p>Para cerrar, la influencer dijo: \u201c\u00bfEst\u00e1 tan mal? Nunca antes me lo hubiese permitido. Hubiese sido un drama para m\u00ed. Hubiese corrido, hubiese colapsado, les hubiese gritado.Es m\u00e1s sano para todos que lleguen tarde tres horas al colegio a vivir toda esta situaci\u00f3n de colapso m\u00edo\u201d.<\/p>\n<p>La revelaci\u00f3n desat\u00f3 opiniones divididas entre padres y usuarios en redes sociales. Algunos la respaldaron con mensajes como \u201cEst\u00e1 perfecto, hice lo mismo\u201d o \u201cSos mam\u00e1 pero ante todo humana y a veces no se puede todo\u201d. Otros advirtieron ante la posibilidad de que esta actitud se tome como costumbre: \u201cNo est\u00e1 bien tomarlo como costumbre, es la forma de ense\u00f1arles responsabilidades\u201d.<\/p>\n<p>Varios docentes respondieron al testimonio, manifestando que la llegada tard\u00eda de alumnos afecta la organizaci\u00f3n diaria y el ritmo del aula. El intercambio reflej\u00f3 el contraste entre quienes priorizan la salud emocional y quienes resaltan la importancia del cumplimiento de rutinas escolares para los ni\u00f1os.<\/p>\n","protected":false},"excerpt":{"rendered":"<p>A dos meses del nacimiento de Timoteo, su tercer hijo, Juana Repetto sorprendi\u00f3 este martes al revelar un llamativo dato de la llegada de su peque\u00f1o. En una charla reproducida en su programa de streaming M\u00e1s minas que mam\u00e1s (Resumido), la actriz relat\u00f3 en detalle c\u00f3mo atraves\u00f3 ese momento tan singular en su vida luego&#8230;<\/p>\n","protected":false},"author":1,"featured_media":46933,"comment_status":"open","ping_status":"closed","sticky":false,"template":"","format":"standard","meta":{"_jetpack_memberships_contains_paid_content":false,"footnotes":""},"categories":[79],"tags":[],"class_list":["post-46930","post","type-post","status-publish","format-standard","has-post-thumbnail","hentry","category-cine-y-series"],"magazineBlocksPostFeaturedMedia":{"thumbnail":"https:\/\/lobosnews.com.ar\/wp-content\/uploads\/2026\/04\/juana-repetto-revelo-por-que-no-se-cuido-la-noche-en-que-se-embarazo-de-su-tercer-hijo-con-sebastian-graviotto-150x150.jpg","medium":"https:\/\/lobosnews.com.ar\/wp-content\/uploads\/2026\/04\/juana-repetto-revelo-por-que-no-se-cuido-la-noche-en-que-se-embarazo-de-su-tercer-hijo-con-sebastian-graviotto-300x169.jpg","medium_large":"https:\/\/lobosnews.com.ar\/wp-content\/uploads\/2026\/04\/juana-repetto-revelo-por-que-no-se-cuido-la-noche-en-que-se-embarazo-de-su-tercer-hijo-con-sebastian-graviotto-768x432.jpg","large":"https:\/\/lobosnews.com.ar\/wp-content\/uploads\/2026\/04\/juana-repetto-revelo-por-que-no-se-cuido-la-noche-en-que-se-embarazo-de-su-tercer-hijo-con-sebastian-graviotto-1024x576.jpg","1536x1536":"https:\/\/lobosnews.com.ar\/wp-content\/uploads\/2026\/04\/juana-repetto-revelo-por-que-no-se-cuido-la-noche-en-que-se-embarazo-de-su-tercer-hijo-con-sebastian-graviotto-1536x864.jpg","2048x2048":"https:\/\/lobosnews.com.ar\/wp-content\/uploads\/2026\/04\/juana-repetto-revelo-por-que-no-se-cuido-la-noche-en-que-se-embarazo-de-su-tercer-hijo-con-sebastian-graviotto.jpg","newsmatic-featured":"https:\/\/lobosnews.com.ar\/wp-content\/uploads\/2026\/04\/juana-repetto-revelo-por-que-no-se-cuido-la-noche-en-que-se-embarazo-de-su-tercer-hijo-con-sebastian-graviotto-820x545.jpg","newsmatic-list":"https:\/\/lobosnews.com.ar\/wp-content\/uploads\/2026\/04\/juana-repetto-revelo-por-que-no-se-cuido-la-noche-en-que-se-embarazo-de-su-tercer-hijo-con-sebastian-graviotto-600x400.jpg","newsmatic-thumb":"https:\/\/lobosnews.com.ar\/wp-content\/uploads\/2026\/04\/juana-repetto-revelo-por-que-no-se-cuido-la-noche-en-que-se-embarazo-de-su-tercer-hijo-con-sebastian-graviotto-300x200.jpg","newsmatic-small":"https:\/\/lobosnews.com.ar\/wp-content\/uploads\/2026\/04\/juana-repetto-revelo-por-que-no-se-cuido-la-noche-en-que-se-embarazo-de-su-tercer-hijo-con-sebastian-graviotto-150x95.jpg","newsmatic-grid":"https:\/\/lobosnews.com.ar\/wp-content\/uploads\/2026\/04\/juana-repetto-revelo-por-que-no-se-cuido-la-noche-en-que-se-embarazo-de-su-tercer-hijo-con-sebastian-graviotto-400x250.jpg"},"magazineBlocksPostAuthor":{"name":"admin","avatar":"https:\/\/secure.gravatar.com\/avatar\/76e419471a2083bc3ceab22a763dbbf9b0c1bd15a6214cf3280e2c2dde4580f9?s=96&d=mm&r=g"},"magazineBlocksPostCommentsNumber":"0","magazineBlocksPostExcerpt":"A dos meses del nacimiento de Timoteo, su tercer hijo, Juana Repetto sorprendi\u00f3 este martes al revelar un llamativo dato de la llegada de su peque\u00f1o. En una charla reproducida en su programa de streaming M\u00e1s minas que mam\u00e1s (Resumido), la actriz relat\u00f3 en detalle c\u00f3mo atraves\u00f3 ese momento tan singular en su vida luego...","magazineBlocksPostCategories":["Cine y Series"],"magazineBlocksPostViewCount":7,"magazineBlocksPostReadTime":4,"magazine_blocks_featured_image_url":{"full":["https:\/\/lobosnews.com.ar\/wp-content\/uploads\/2026\/04\/juana-repetto-revelo-por-que-no-se-cuido-la-noche-en-que-se-embarazo-de-su-tercer-hijo-con-sebastian-graviotto.jpg",1920,1080,false],"medium":["https:\/\/lobosnews.com.ar\/wp-content\/uploads\/2026\/04\/juana-repetto-revelo-por-que-no-se-cuido-la-noche-en-que-se-embarazo-de-su-tercer-hijo-con-sebastian-graviotto-300x169.jpg",300,169,true],"thumbnail":["https:\/\/lobosnews.com.ar\/wp-content\/uploads\/2026\/04\/juana-repetto-revelo-por-que-no-se-cuido-la-noche-en-que-se-embarazo-de-su-tercer-hijo-con-sebastian-graviotto-150x150.jpg",150,150,true]},"magazine_blocks_author":{"display_name":"admin","author_link":"https:\/\/lobosnews.com.ar\/index.php\/author\/lobos-news\/"},"magazine_blocks_comment":0,"magazine_blocks_author_image":"https:\/\/secure.gravatar.com\/avatar\/76e419471a2083bc3ceab22a763dbbf9b0c1bd15a6214cf3280e2c2dde4580f9?s=96&d=mm&r=g","magazine_blocks_category":"<a href=\"#\" class=\"category-link category-link-79\">Cine y Series<\/a>","yoast_head":"<!-- This site is optimized with the Yoast SEO plugin v26.6 - https:\/\/yoast.com\/wordpress\/plugins\/seo\/ -->\n<title>Juana Repetto revel\u00f3 por qu\u00e9 no se cuid\u00f3 la noche en que se embaraz\u00f3 de su tercer hijo con Sebasti\u00e1n Graviotto - Lobos News<\/title>\n<meta name=\"robots\" content=\"index, follow, max-snippet:-1, max-image-preview:large, max-video-preview:-1\" \/>\n<link rel=\"canonical\" href=\"https:\/\/lobosnews.com.ar\/index.php\/2026\/04\/28\/juana-repetto-revelo-por-que-no-se-cuido-la-noche-en-que-se-embarazo-de-su-tercer-hijo-con-sebastian-graviotto\/\" \/>\n<meta property=\"og:locale\" content=\"es_ES\" \/>\n<meta property=\"og:type\" content=\"article\" \/>\n<meta property=\"og:title\" content=\"Juana Repetto revel\u00f3 por qu\u00e9 no se cuid\u00f3 la noche en que se embaraz\u00f3 de su tercer hijo con Sebasti\u00e1n Graviotto - Lobos News\" \/>\n<meta property=\"og:description\" content=\"A dos meses del nacimiento de Timoteo, su tercer hijo, Juana Repetto sorprendi\u00f3 este martes al revelar un llamativo dato de la llegada de su peque\u00f1o. En una charla reproducida en su programa de streaming M\u00e1s minas que mam\u00e1s (Resumido), la actriz relat\u00f3 en detalle c\u00f3mo atraves\u00f3 ese momento tan singular en su vida luego...\" \/>\n<meta property=\"og:url\" content=\"https:\/\/lobosnews.com.ar\/index.php\/2026\/04\/28\/juana-repetto-revelo-por-que-no-se-cuido-la-noche-en-que-se-embarazo-de-su-tercer-hijo-con-sebastian-graviotto\/\" \/>\n<meta property=\"og:site_name\" content=\"Lobos News\" \/>\n<meta property=\"article:published_time\" content=\"2026-04-28T22:14:25+00:00\" \/>\n<meta property=\"article:modified_time\" content=\"2026-04-29T02:58:49+00:00\" \/>\n<meta property=\"og:image\" content=\"https:\/\/lobosnews.com.ar\/wp-content\/uploads\/2026\/04\/juana-repetto-revelo-por-que-no-se-cuido-la-noche-en-que-se-embarazo-de-su-tercer-hijo-con-sebastian-graviotto.jpg\" \/>\n<meta name=\"author\" content=\"admin\" \/>\n<meta name=\"twitter:card\" content=\"summary_large_image\" \/>\n<meta name=\"twitter:label1\" content=\"Escrito por\" \/>\n\t<meta name=\"twitter:data1\" content=\"admin\" \/>\n\t<meta name=\"twitter:label2\" content=\"Tiempo de lectura\" \/>\n\t<meta name=\"twitter:data2\" content=\"4 minutos\" \/>\n<script type=\"application\/ld+json\" class=\"yoast-schema-graph\">{\"@context\":\"https:\/\/schema.org\",\"@graph\":[{\"@type\":\"Article\",\"@id\":\"https:\/\/lobosnews.com.ar\/index.php\/2026\/04\/28\/juana-repetto-revelo-por-que-no-se-cuido-la-noche-en-que-se-embarazo-de-su-tercer-hijo-con-sebastian-graviotto\/#article\",\"isPartOf\":{\"@id\":\"https:\/\/lobosnews.com.ar\/index.php\/2026\/04\/28\/juana-repetto-revelo-por-que-no-se-cuido-la-noche-en-que-se-embarazo-de-su-tercer-hijo-con-sebastian-graviotto\/\"},\"author\":{\"name\":\"admin\",\"@id\":\"https:\/\/lobosnews.com.ar\/#\/schema\/person\/232422a593d5c541dd9aef6aaed10943\"},\"headline\":\"Juana Repetto revel\u00f3 por qu\u00e9 no se cuid\u00f3 la noche en que se embaraz\u00f3 de su tercer hijo con Sebasti\u00e1n Graviotto\",\"datePublished\":\"2026-04-28T22:14:25+00:00\",\"dateModified\":\"2026-04-29T02:58:49+00:00\",\"mainEntityOfPage\":{\"@id\":\"https:\/\/lobosnews.com.ar\/index.php\/2026\/04\/28\/juana-repetto-revelo-por-que-no-se-cuido-la-noche-en-que-se-embarazo-de-su-tercer-hijo-con-sebastian-graviotto\/\"},\"wordCount\":818,\"commentCount\":0,\"publisher\":{\"@id\":\"https:\/\/lobosnews.com.ar\/#organization\"},\"image\":{\"@id\":\"https:\/\/lobosnews.com.ar\/index.php\/2026\/04\/28\/juana-repetto-revelo-por-que-no-se-cuido-la-noche-en-que-se-embarazo-de-su-tercer-hijo-con-sebastian-graviotto\/#primaryimage\"},\"thumbnailUrl\":\"https:\/\/lobosnews.com.ar\/wp-content\/uploads\/2026\/04\/juana-repetto-revelo-por-que-no-se-cuido-la-noche-en-que-se-embarazo-de-su-tercer-hijo-con-sebastian-graviotto.jpg\",\"articleSection\":[\"Cine y Series\"],\"inLanguage\":\"es\",\"potentialAction\":[{\"@type\":\"CommentAction\",\"name\":\"Comment\",\"target\":[\"https:\/\/lobosnews.com.ar\/index.php\/2026\/04\/28\/juana-repetto-revelo-por-que-no-se-cuido-la-noche-en-que-se-embarazo-de-su-tercer-hijo-con-sebastian-graviotto\/#respond\"]}]},{\"@type\":\"WebPage\",\"@id\":\"https:\/\/lobosnews.com.ar\/index.php\/2026\/04\/28\/juana-repetto-revelo-por-que-no-se-cuido-la-noche-en-que-se-embarazo-de-su-tercer-hijo-con-sebastian-graviotto\/\",\"url\":\"https:\/\/lobosnews.com.ar\/index.php\/2026\/04\/28\/juana-repetto-revelo-por-que-no-se-cuido-la-noche-en-que-se-embarazo-de-su-tercer-hijo-con-sebastian-graviotto\/\",\"name\":\"Juana Repetto revel\u00f3 por qu\u00e9 no se cuid\u00f3 la noche en que se embaraz\u00f3 de su tercer hijo con Sebasti\u00e1n Graviotto - Lobos News\",\"isPartOf\":{\"@id\":\"https:\/\/lobosnews.com.ar\/#website\"},\"primaryImageOfPage\":{\"@id\":\"https:\/\/lobosnews.com.ar\/index.php\/2026\/04\/28\/juana-repetto-revelo-por-que-no-se-cuido-la-noche-en-que-se-embarazo-de-su-tercer-hijo-con-sebastian-graviotto\/#primaryimage\"},\"image\":{\"@id\":\"https:\/\/lobosnews.com.ar\/index.php\/2026\/04\/28\/juana-repetto-revelo-por-que-no-se-cuido-la-noche-en-que-se-embarazo-de-su-tercer-hijo-con-sebastian-graviotto\/#primaryimage\"},\"thumbnailUrl\":\"https:\/\/lobosnews.com.ar\/wp-content\/uploads\/2026\/04\/juana-repetto-revelo-por-que-no-se-cuido-la-noche-en-que-se-embarazo-de-su-tercer-hijo-con-sebastian-graviotto.jpg\",\"datePublished\":\"2026-04-28T22:14:25+00:00\",\"dateModified\":\"2026-04-29T02:58:49+00:00\",\"breadcrumb\":{\"@id\":\"https:\/\/lobosnews.com.ar\/index.php\/2026\/04\/28\/juana-repetto-revelo-por-que-no-se-cuido-la-noche-en-que-se-embarazo-de-su-tercer-hijo-con-sebastian-graviotto\/#breadcrumb\"},\"inLanguage\":\"es\",\"potentialAction\":[{\"@type\":\"ReadAction\",\"target\":[\"https:\/\/lobosnews.com.ar\/index.php\/2026\/04\/28\/juana-repetto-revelo-por-que-no-se-cuido-la-noche-en-que-se-embarazo-de-su-tercer-hijo-con-sebastian-graviotto\/\"]}]},{\"@type\":\"ImageObject\",\"inLanguage\":\"es\",\"@id\":\"https:\/\/lobosnews.com.ar\/index.php\/2026\/04\/28\/juana-repetto-revelo-por-que-no-se-cuido-la-noche-en-que-se-embarazo-de-su-tercer-hijo-con-sebastian-graviotto\/#primaryimage\",\"url\":\"https:\/\/lobosnews.com.ar\/wp-content\/uploads\/2026\/04\/juana-repetto-revelo-por-que-no-se-cuido-la-noche-en-que-se-embarazo-de-su-tercer-hijo-con-sebastian-graviotto.jpg\",\"contentUrl\":\"https:\/\/lobosnews.com.ar\/wp-content\/uploads\/2026\/04\/juana-repetto-revelo-por-que-no-se-cuido-la-noche-en-que-se-embarazo-de-su-tercer-hijo-con-sebastian-graviotto.jpg\",\"width\":1920,\"height\":1080,\"caption\":\"Juana Repetto revel\u00f3 por qu\u00e9 no se cuid\u00f3 la noche en que se embaraz\u00f3 de su tercer hijo con Sebasti\u00e1n Graviotto\"},{\"@type\":\"BreadcrumbList\",\"@id\":\"https:\/\/lobosnews.com.ar\/index.php\/2026\/04\/28\/juana-repetto-revelo-por-que-no-se-cuido-la-noche-en-que-se-embarazo-de-su-tercer-hijo-con-sebastian-graviotto\/#breadcrumb\",\"itemListElement\":[{\"@type\":\"ListItem\",\"position\":1,\"name\":\"Portada\",\"item\":\"https:\/\/lobosnews.com.ar\/\"},{\"@type\":\"ListItem\",\"position\":2,\"name\":\"Juana Repetto revel\u00f3 por qu\u00e9 no se cuid\u00f3 la noche en que se embaraz\u00f3 de su tercer hijo con Sebasti\u00e1n Graviotto\"}]},{\"@type\":\"WebSite\",\"@id\":\"https:\/\/lobosnews.com.ar\/#website\",\"url\":\"https:\/\/lobosnews.com.ar\/\",\"name\":\"Lobos News\",\"description\":\"Informaci\u00f3n a cada instante\",\"publisher\":{\"@id\":\"https:\/\/lobosnews.com.ar\/#organization\"},\"potentialAction\":[{\"@type\":\"SearchAction\",\"target\":{\"@type\":\"EntryPoint\",\"urlTemplate\":\"https:\/\/lobosnews.com.ar\/?s={search_term_string}\"},\"query-input\":{\"@type\":\"PropertyValueSpecification\",\"valueRequired\":true,\"valueName\":\"search_term_string\"}}],\"inLanguage\":\"es\"},{\"@type\":\"Organization\",\"@id\":\"https:\/\/lobosnews.com.ar\/#organization\",\"name\":\"Lobos News\",\"url\":\"https:\/\/lobosnews.com.ar\/\",\"logo\":{\"@type\":\"ImageObject\",\"inLanguage\":\"es\",\"@id\":\"https:\/\/lobosnews.com.ar\/#\/schema\/logo\/image\/\",\"url\":\"https:\/\/lobosnews.com.ar\/wp-content\/uploads\/2026\/01\/logo-lobosnews.png\",\"contentUrl\":\"https:\/\/lobosnews.com.ar\/wp-content\/uploads\/2026\/01\/logo-lobosnews.png\",\"width\":500,\"height\":200,\"caption\":\"Lobos News\"},\"image\":{\"@id\":\"https:\/\/lobosnews.com.ar\/#\/schema\/logo\/image\/\"}},{\"@type\":\"Person\",\"@id\":\"https:\/\/lobosnews.com.ar\/#\/schema\/person\/232422a593d5c541dd9aef6aaed10943\",\"name\":\"admin\",\"image\":{\"@type\":\"ImageObject\",\"inLanguage\":\"es\",\"@id\":\"https:\/\/lobosnews.com.ar\/#\/schema\/person\/image\/\",\"url\":\"https:\/\/secure.gravatar.com\/avatar\/76e419471a2083bc3ceab22a763dbbf9b0c1bd15a6214cf3280e2c2dde4580f9?s=96&d=mm&r=g\",\"contentUrl\":\"https:\/\/secure.gravatar.com\/avatar\/76e419471a2083bc3ceab22a763dbbf9b0c1bd15a6214cf3280e2c2dde4580f9?s=96&d=mm&r=g\",\"caption\":\"admin\"},\"sameAs\":[\"https:\/\/lobosnews.com.ar\"],\"url\":\"https:\/\/lobosnews.com.ar\/index.php\/author\/lobos-news\/\"}]}<\/script>\n<!-- \/ Yoast SEO plugin. -->","yoast_head_json":{"title":"Juana Repetto revel\u00f3 por qu\u00e9 no se cuid\u00f3 la noche en que se embaraz\u00f3 de su tercer hijo con Sebasti\u00e1n Graviotto - Lobos News","robots":{"index":"index","follow":"follow","max-snippet":"max-snippet:-1","max-image-preview":"max-image-preview:large","max-video-preview":"max-video-preview:-1"},"canonical":"https:\/\/lobosnews.com.ar\/index.php\/2026\/04\/28\/juana-repetto-revelo-por-que-no-se-cuido-la-noche-en-que-se-embarazo-de-su-tercer-hijo-con-sebastian-graviotto\/","og_locale":"es_ES","og_type":"article","og_title":"Juana Repetto revel\u00f3 por qu\u00e9 no se cuid\u00f3 la noche en que se embaraz\u00f3 de su tercer hijo con Sebasti\u00e1n Graviotto - Lobos News","og_description":"A dos meses del nacimiento de Timoteo, su tercer hijo, Juana Repetto sorprendi\u00f3 este martes al revelar un llamativo dato de la llegada de su peque\u00f1o. En una charla reproducida en su programa de streaming M\u00e1s minas que mam\u00e1s (Resumido), la actriz relat\u00f3 en detalle c\u00f3mo atraves\u00f3 ese momento tan singular en su vida luego...","og_url":"https:\/\/lobosnews.com.ar\/index.php\/2026\/04\/28\/juana-repetto-revelo-por-que-no-se-cuido-la-noche-en-que-se-embarazo-de-su-tercer-hijo-con-sebastian-graviotto\/","og_site_name":"Lobos News","article_published_time":"2026-04-28T22:14:25+00:00","article_modified_time":"2026-04-29T02:58:49+00:00","og_image":[{"url":"https:\/\/lobosnews.com.ar\/wp-content\/uploads\/2026\/04\/juana-repetto-revelo-por-que-no-se-cuido-la-noche-en-que-se-embarazo-de-su-tercer-hijo-con-sebastian-graviotto.jpg","type":"","width":"","height":""}],"author":"admin","twitter_card":"summary_large_image","twitter_misc":{"Escrito por":"admin","Tiempo de lectura":"4 minutos"},"schema":{"@context":"https:\/\/schema.org","@graph":[{"@type":"Article","@id":"https:\/\/lobosnews.com.ar\/index.php\/2026\/04\/28\/juana-repetto-revelo-por-que-no-se-cuido-la-noche-en-que-se-embarazo-de-su-tercer-hijo-con-sebastian-graviotto\/#article","isPartOf":{"@id":"https:\/\/lobosnews.com.ar\/index.php\/2026\/04\/28\/juana-repetto-revelo-por-que-no-se-cuido-la-noche-en-que-se-embarazo-de-su-tercer-hijo-con-sebastian-graviotto\/"},"author":{"name":"admin","@id":"https:\/\/lobosnews.com.ar\/#\/schema\/person\/232422a593d5c541dd9aef6aaed10943"},"headline":"Juana Repetto revel\u00f3 por qu\u00e9 no se cuid\u00f3 la noche en que se embaraz\u00f3 de su tercer hijo con Sebasti\u00e1n Graviotto","datePublished":"2026-04-28T22:14:25+00:00","dateModified":"2026-04-29T02:58:49+00:00","mainEntityOfPage":{"@id":"https:\/\/lobosnews.com.ar\/index.php\/2026\/04\/28\/juana-repetto-revelo-por-que-no-se-cuido-la-noche-en-que-se-embarazo-de-su-tercer-hijo-con-sebastian-graviotto\/"},"wordCount":818,"commentCount":0,"publisher":{"@id":"https:\/\/lobosnews.com.ar\/#organization"},"image":{"@id":"https:\/\/lobosnews.com.ar\/index.php\/2026\/04\/28\/juana-repetto-revelo-por-que-no-se-cuido-la-noche-en-que-se-embarazo-de-su-tercer-hijo-con-sebastian-graviotto\/#primaryimage"},"thumbnailUrl":"https:\/\/lobosnews.com.ar\/wp-content\/uploads\/2026\/04\/juana-repetto-revelo-por-que-no-se-cuido-la-noche-en-que-se-embarazo-de-su-tercer-hijo-con-sebastian-graviotto.jpg","articleSection":["Cine y Series"],"inLanguage":"es","potentialAction":[{"@type":"CommentAction","name":"Comment","target":["https:\/\/lobosnews.com.ar\/index.php\/2026\/04\/28\/juana-repetto-revelo-por-que-no-se-cuido-la-noche-en-que-se-embarazo-de-su-tercer-hijo-con-sebastian-graviotto\/#respond"]}]},{"@type":"WebPage","@id":"https:\/\/lobosnews.com.ar\/index.php\/2026\/04\/28\/juana-repetto-revelo-por-que-no-se-cuido-la-noche-en-que-se-embarazo-de-su-tercer-hijo-con-sebastian-graviotto\/","url":"https:\/\/lobosnews.com.ar\/index.php\/2026\/04\/28\/juana-repetto-revelo-por-que-no-se-cuido-la-noche-en-que-se-embarazo-de-su-tercer-hijo-con-sebastian-graviotto\/","name":"Juana Repetto revel\u00f3 por qu\u00e9 no se cuid\u00f3 la noche en que se embaraz\u00f3 de su tercer hijo con Sebasti\u00e1n Graviotto - Lobos News","isPartOf":{"@id":"https:\/\/lobosnews.com.ar\/#website"},"primaryImageOfPage":{"@id":"https:\/\/lobosnews.com.ar\/index.php\/2026\/04\/28\/juana-repetto-revelo-por-que-no-se-cuido-la-noche-en-que-se-embarazo-de-su-tercer-hijo-con-sebastian-graviotto\/#primaryimage"},"image":{"@id":"https:\/\/lobosnews.com.ar\/index.php\/2026\/04\/28\/juana-repetto-revelo-por-que-no-se-cuido-la-noche-en-que-se-embarazo-de-su-tercer-hijo-con-sebastian-graviotto\/#primaryimage"},"thumbnailUrl":"https:\/\/lobosnews.com.ar\/wp-content\/uploads\/2026\/04\/juana-repetto-revelo-por-que-no-se-cuido-la-noche-en-que-se-embarazo-de-su-tercer-hijo-con-sebastian-graviotto.jpg","datePublished":"2026-04-28T22:14:25+00:00","dateModified":"2026-04-29T02:58:49+00:00","breadcrumb":{"@id":"https:\/\/lobosnews.com.ar\/index.php\/2026\/04\/28\/juana-repetto-revelo-por-que-no-se-cuido-la-noche-en-que-se-embarazo-de-su-tercer-hijo-con-sebastian-graviotto\/#breadcrumb"},"inLanguage":"es","potentialAction":[{"@type":"ReadAction","target":["https:\/\/lobosnews.com.ar\/index.php\/2026\/04\/28\/juana-repetto-revelo-por-que-no-se-cuido-la-noche-en-que-se-embarazo-de-su-tercer-hijo-con-sebastian-graviotto\/"]}]},{"@type":"ImageObject","inLanguage":"es","@id":"https:\/\/lobosnews.com.ar\/index.php\/2026\/04\/28\/juana-repetto-revelo-por-que-no-se-cuido-la-noche-en-que-se-embarazo-de-su-tercer-hijo-con-sebastian-graviotto\/#primaryimage","url":"https:\/\/lobosnews.com.ar\/wp-content\/uploads\/2026\/04\/juana-repetto-revelo-por-que-no-se-cuido-la-noche-en-que-se-embarazo-de-su-tercer-hijo-con-sebastian-graviotto.jpg","contentUrl":"https:\/\/lobosnews.com.ar\/wp-content\/uploads\/2026\/04\/juana-repetto-revelo-por-que-no-se-cuido-la-noche-en-que-se-embarazo-de-su-tercer-hijo-con-sebastian-graviotto.jpg","width":1920,"height":1080,"caption":"Juana Repetto revel\u00f3 por qu\u00e9 no se cuid\u00f3 la noche en que se embaraz\u00f3 de su tercer hijo con Sebasti\u00e1n Graviotto"},{"@type":"BreadcrumbList","@id":"https:\/\/lobosnews.com.ar\/index.php\/2026\/04\/28\/juana-repetto-revelo-por-que-no-se-cuido-la-noche-en-que-se-embarazo-de-su-tercer-hijo-con-sebastian-graviotto\/#breadcrumb","itemListElement":[{"@type":"ListItem","position":1,"name":"Portada","item":"https:\/\/lobosnews.com.ar\/"},{"@type":"ListItem","position":2,"name":"Juana Repetto revel\u00f3 por qu\u00e9 no se cuid\u00f3 la noche en que se embaraz\u00f3 de su tercer hijo con Sebasti\u00e1n Graviotto"}]},{"@type":"WebSite","@id":"https:\/\/lobosnews.com.ar\/#website","url":"https:\/\/lobosnews.com.ar\/","name":"Lobos News","description":"Informaci\u00f3n a cada instante","publisher":{"@id":"https:\/\/lobosnews.com.ar\/#organization"},"potentialAction":[{"@type":"SearchAction","target":{"@type":"EntryPoint","urlTemplate":"https:\/\/lobosnews.com.ar\/?s={search_term_string}"},"query-input":{"@type":"PropertyValueSpecification","valueRequired":true,"valueName":"search_term_string"}}],"inLanguage":"es"},{"@type":"Organization","@id":"https:\/\/lobosnews.com.ar\/#organization","name":"Lobos News","url":"https:\/\/lobosnews.com.ar\/","logo":{"@type":"ImageObject","inLanguage":"es","@id":"https:\/\/lobosnews.com.ar\/#\/schema\/logo\/image\/","url":"https:\/\/lobosnews.com.ar\/wp-content\/uploads\/2026\/01\/logo-lobosnews.png","contentUrl":"https:\/\/lobosnews.com.ar\/wp-content\/uploads\/2026\/01\/logo-lobosnews.png","width":500,"height":200,"caption":"Lobos News"},"image":{"@id":"https:\/\/lobosnews.com.ar\/#\/schema\/logo\/image\/"}},{"@type":"Person","@id":"https:\/\/lobosnews.com.ar\/#\/schema\/person\/232422a593d5c541dd9aef6aaed10943","name":"admin","image":{"@type":"ImageObject","inLanguage":"es","@id":"https:\/\/lobosnews.com.ar\/#\/schema\/person\/image\/","url":"https:\/\/secure.gravatar.com\/avatar\/76e419471a2083bc3ceab22a763dbbf9b0c1bd15a6214cf3280e2c2dde4580f9?s=96&d=mm&r=g","contentUrl":"https:\/\/secure.gravatar.com\/avatar\/76e419471a2083bc3ceab22a763dbbf9b0c1bd15a6214cf3280e2c2dde4580f9?s=96&d=mm&r=g","caption":"admin"},"sameAs":["https:\/\/lobosnews.com.ar"],"url":"https:\/\/lobosnews.com.ar\/index.php\/author\/lobos-news\/"}]}},"jetpack_featured_media_url":"https:\/\/lobosnews.com.ar\/wp-content\/uploads\/2026\/04\/juana-repetto-revelo-por-que-no-se-cuido-la-noche-en-que-se-embarazo-de-su-tercer-hijo-con-sebastian-graviotto.jpg","jetpack_sharing_enabled":true,"_links":{"self":[{"href":"https:\/\/lobosnews.com.ar\/index.php\/wp-json\/wp\/v2\/posts\/46930","targetHints":{"allow":["GET"]}}],"collection":[{"href":"https:\/\/lobosnews.com.ar\/index.php\/wp-json\/wp\/v2\/posts"}],"about":[{"href":"https:\/\/lobosnews.com.ar\/index.php\/wp-json\/wp\/v2\/types\/post"}],"author":[{"embeddable":true,"href":"https:\/\/lobosnews.com.ar\/index.php\/wp-json\/wp\/v2\/users\/1"}],"replies":[{"embeddable":true,"href":"https:\/\/lobosnews.com.ar\/index.php\/wp-json\/wp\/v2\/comments?post=46930"}],"version-history":[{"count":1,"href":"https:\/\/lobosnews.com.ar\/index.php\/wp-json\/wp\/v2\/posts\/46930\/revisions"}],"predecessor-version":[{"id":46932,"href":"https:\/\/lobosnews.com.ar\/index.php\/wp-json\/wp\/v2\/posts\/46930\/revisions\/46932"}],"wp:featuredmedia":[{"embeddable":true,"href":"https:\/\/lobosnews.com.ar\/index.php\/wp-json\/wp\/v2\/media\/46933"}],"wp:attachment":[{"href":"https:\/\/lobosnews.com.ar\/index.php\/wp-json\/wp\/v2\/media?parent=46930"}],"wp:term":[{"taxonomy":"category","embeddable":true,"href":"https:\/\/lobosnews.com.ar\/index.php\/wp-json\/wp\/v2\/categories?post=46930"},{"taxonomy":"post_tag","embeddable":true,"href":"https:\/\/lobosnews.com.ar\/index.php\/wp-json\/wp\/v2\/tags?post=46930"}],"curies":[{"name":"wp","href":"https:\/\/api.w.org\/{rel}","templated":true}]}}