{"id":46913,"date":"2026-04-29T00:15:36","date_gmt":"2026-04-29T00:15:36","guid":{"rendered":"https:\/\/lobosnews.com.ar\/index.php\/2026\/04\/29\/sin-quorum-congreso-de-costa-rica-cierra-su-periodo-sin-poder-sesionar\/"},"modified":"2026-04-29T02:47:18","modified_gmt":"2026-04-29T02:47:18","slug":"sin-quorum-congreso-de-costa-rica-cierra-su-periodo-sin-poder-sesionar","status":"publish","type":"post","link":"https:\/\/lobosnews.com.ar\/index.php\/2026\/04\/29\/sin-quorum-congreso-de-costa-rica-cierra-su-periodo-sin-poder-sesionar\/","title":{"rendered":"\u00a1Sin qu\u00f3rum! Congreso de Costa Rica cierra su periodo sin poder sesionar"},"content":{"rendered":"<p><img loading=\"lazy\" decoding=\"async\" src=\"https:\/\/lobosnews.com.ar\/wp-content\/uploads\/2026\/04\/sin-quorum-congreso-de-costa-rica-cierra-su-periodo-sin-poder-sesionar.jpg\" alt=\"La Asamblea Legislativa de Costa Rica finaliz\u00f3 su periodo 2022-2026 sin haber realizado la \u00faltima sesi\u00f3n por falta de qu\u00f3rum, algo in\u00e9dito en la historia reciente del Congreso. (Foto cortes\u00eda Amcham Costa Rica)\" height=\"384\" width=\"683\"\/><\/p>\n<p>El <b>Congreso de Costa Rica<\/b> finaliz\u00f3 su periodo constitucional 2022-2026 en medio de una par\u00e1lisis in\u00e9dita provocada por <b>la ausencia de diputados<\/b>, lo que impidi\u00f3 realizar la \u00faltima sesi\u00f3n legislativa prevista para este martes, dejando sin resoluci\u00f3n la sanci\u00f3n pol\u00edtica contra <b>Fabricio Alvarado Mu\u00f1oz<\/b> y sin votar proyectos de ley clave, entre ellos el <b>millonario pr\u00e9stamo internacional para el Tren R\u00e1pido de Pasajeros.<\/b><\/p>\n<p>La falta de qu\u00f3rum se repiti\u00f3 por segundo d\u00eda consecutivo, pues al plenario <b>solo acudieron 35 de los 57 legisladores, <\/b>cuando el reglamento exige un <b>m\u00ednimo de 38 presentes<\/b> para abrir formalmente sesi\u00f3n. El hecho sella un cierre de ciclo sin antecedentes recientes: nunca antes la <b>Asamblea Legislativa costarricense<\/b> hab\u00eda quedado inoperante en los d\u00edas finales de funciones por ausencia masiva de miembros.<\/p>\n<p>La imposibilidad de sesionar tuvo consecuencias directas sobre dos cuestiones centrales. En primer lugar, no fue posible analizar ni votar los tres informes realizados por una comisi\u00f3n especial sobre el <b>supuesto caso de abuso y hostigamiento sexual, atribuido a Alvarado<\/b>, l\u00edder del partido <b>Nueva Rep\u00fablica<\/b>, en perjuicio de la exlegisladora y asesora <b>Marulin Azofeifa<\/b>. La sanci\u00f3n disciplinaria propuesta solo pod\u00eda aplicarse mientras el aludido mantuviera su condici\u00f3n de diputado; el final abrupto de la legislatura clausur\u00f3, en la pr\u00e1ctica, esta v\u00eda de resoluci\u00f3n interna.<\/p>\n<p><img loading=\"lazy\" decoding=\"async\" src=\"https:\/\/lobosnews.com.ar\/wp-content\/uploads\/2026\/04\/sin-quorum-congreso-de-costa-rica-cierra-su-periodo-sin-poder-sesionar-1.jpg\" alt=\"El caso disciplinario contra Fabricio Alvarado Mu\u00f1oz qued\u00f3 inconcluso tras la suspensi\u00f3n de la sesi\u00f3n final por la ausencia masiva de diputados. REUTERS\/Mayela Lopez\" height=\"3667\" width=\"5500\"\/><\/p>\n<p>En t\u00e9rminos de agenda nacional, quedaron tambi\u00e9n postergados de manera indefinida los segundos y \u00faltimos debates de 24 proyectos de ley, entre los que destaca el cr\u00e9dito de <b>USD 800 millones<\/b> destinado al <b>Tren R\u00e1pido de Pasajeros (TRP)<\/b>, conocido como \u201cTibi\u201d, en la Gran \u00c1rea Metropolitana. Este proyecto contemplaba financiamiento ofrecido por el <b>Banco Centroamericano de Integraci\u00f3n Econ\u00f3mica (BCIE)<\/b> y el <b>Banco Europeo de Inversiones (BEI)<\/b> para la construcci\u00f3n y operaci\u00f3n de las l\u00edneas 1 y 2.<\/p>\n<h2>Por primera vez en la historia reciente, el Congreso no sesion\u00f3 en sus dos \u00faltimos d\u00edas<\/h2>\n<p>El qu\u00f3rum se rompi\u00f3 en dos jornadas sucesivas. El lunes, la inasistencia ya hab\u00eda impedido avanzar, anticipando un desenlace accidentado para el periodo. Este martes, la situaci\u00f3n se agrav\u00f3: la ausencia masiva de diputados del oficialismo y de sus aliados, incluida la bancada completa de <b>Nueva Rep\u00fablica<\/b>, miembros de <b>Progreso Social<\/b> y varios de la <b>Unidad Social Cristiana<\/b>, as\u00ed como algunos independientes, imposibilit\u00f3 abrir la sesi\u00f3n definitiva.<\/p>\n<p>Entre los ausentes que solicitaron permiso formal figuran <b>Pilar Cisneros<\/b> y <b>Paola N\u00e1jera<\/b> de Progreso Social; <b>Mar\u00eda Marta Carballo<\/b>, <b>Melina Ajoy<\/b> y <b>Carlos Andr\u00e9s Robles<\/b> del PUSC; as\u00ed como <b>Rosal\u00eda Brown<\/b>, de Nueva Rep\u00fablica. Otros legisladores, sin permiso registrado, acompa\u00f1aron a <b>Rodrigo Chaves<\/b>, presidente de la Rep\u00fablica, en actividades oficiales fuera del recinto parlamentario.<\/p>\n<p>El resultado fue el \u201centierro\u201d pol\u00edtico del caso <b>Fabricio Alvarado<\/b> en el \u00e1mbito parlamentario; ahora, la \u00fanica v\u00eda de resoluci\u00f3n pendiente es la instancia penal, adonde Azofeifa ya present\u00f3 denuncia.<\/p>\n<p><img loading=\"lazy\" decoding=\"async\" src=\"https:\/\/lobosnews.com.ar\/wp-content\/uploads\/2026\/04\/sin-quorum-congreso-de-costa-rica-cierra-su-periodo-sin-poder-sesionar-2.jpg\" alt=\"Pilar Cisneros, jefa de fracci\u00f3n del partido oficialista, fue una de las 22 ausentes este martes. REUTERS\/Raquel Cunha\" height=\"2869\" width=\"4302\"\/><\/p>\n<h2>La imagen del periodo legislativo: pendientes sin resolver y sesiones vac\u00edas<\/h2>\n<p><b>La presidencia legislativa hab\u00eda avalado una moci\u00f3n para adelantar la \u00faltima sesi\u00f3n al 28 de abril<\/b>, con el fin de facilitar los preparativos administrativos para el cambio de legislatura el 1 de mayo, fecha en que asumir\u00e1n las nuevas autoridades para el periodo 2026-2030. Sin embargo, la gesti\u00f3n concluy\u00f3 sin que el plenario se reuniera en sus \u00faltimos dos d\u00edas, impidiendo el cierre formal y dejando m\u00faltiples asuntos, legislativos y disciplinarios, sin decisi\u00f3n.<\/p>\n<p>La presidenta electa de la Asamblea, <b>Laura Fern\u00e1ndez<\/b>, se hab\u00eda comprometido ante el Partido Liberaci\u00f3n Nacional a garantizar la presencia oficialista en la \u00faltima jornada, promesa que no fue cumplida.<\/p>\n<p>Como resultado, la <b>Asamblea Legislativa<\/b> de Costa Rica cerr\u00f3 funciones este martes sin poder ejecutar el tr\u00e1mite final de su periodo constitucional ni resolver una de las denuncias disciplinarias m\u00e1s sensibles de su historia reciente.<\/p>\n","protected":false},"excerpt":{"rendered":"<p>El Congreso de Costa Rica finaliz\u00f3 su periodo constitucional 2022-2026 en medio de una par\u00e1lisis in\u00e9dita provocada por la ausencia de diputados, lo que impidi\u00f3 realizar la \u00faltima sesi\u00f3n legislativa prevista para este martes, dejando sin resoluci\u00f3n la sanci\u00f3n pol\u00edtica contra Fabricio Alvarado Mu\u00f1oz y sin votar proyectos de ley clave, entre ellos el millonario&#8230;<\/p>\n","protected":false},"author":1,"featured_media":46918,"comment_status":"open","ping_status":"closed","sticky":false,"template":"","format":"standard","meta":{"_jetpack_memberships_contains_paid_content":false,"footnotes":""},"categories":[31],"tags":[],"class_list":["post-46913","post","type-post","status-publish","format-standard","has-post-thumbnail","hentry","category-actualidad"],"magazineBlocksPostFeaturedMedia":{"thumbnail":"https:\/\/lobosnews.com.ar\/wp-content\/uploads\/2026\/04\/sin-quorum-congreso-de-costa-rica-cierra-su-periodo-sin-poder-sesionar-4-150x150.jpg","medium":"https:\/\/lobosnews.com.ar\/wp-content\/uploads\/2026\/04\/sin-quorum-congreso-de-costa-rica-cierra-su-periodo-sin-poder-sesionar-4-300x200.jpg","medium_large":"https:\/\/lobosnews.com.ar\/wp-content\/uploads\/2026\/04\/sin-quorum-congreso-de-costa-rica-cierra-su-periodo-sin-poder-sesionar-4-768x512.jpg","large":"https:\/\/lobosnews.com.ar\/wp-content\/uploads\/2026\/04\/sin-quorum-congreso-de-costa-rica-cierra-su-periodo-sin-poder-sesionar-4-1024x683.jpg","1536x1536":"https:\/\/lobosnews.com.ar\/wp-content\/uploads\/2026\/04\/sin-quorum-congreso-de-costa-rica-cierra-su-periodo-sin-poder-sesionar-4-1536x1024.jpg","2048x2048":"https:\/\/lobosnews.com.ar\/wp-content\/uploads\/2026\/04\/sin-quorum-congreso-de-costa-rica-cierra-su-periodo-sin-poder-sesionar-4-2048x1366.jpg","newsmatic-featured":"https:\/\/lobosnews.com.ar\/wp-content\/uploads\/2026\/04\/sin-quorum-congreso-de-costa-rica-cierra-su-periodo-sin-poder-sesionar-4-820x545.jpg","newsmatic-list":"https:\/\/lobosnews.com.ar\/wp-content\/uploads\/2026\/04\/sin-quorum-congreso-de-costa-rica-cierra-su-periodo-sin-poder-sesionar-4-600x400.jpg","newsmatic-thumb":"https:\/\/lobosnews.com.ar\/wp-content\/uploads\/2026\/04\/sin-quorum-congreso-de-costa-rica-cierra-su-periodo-sin-poder-sesionar-4-300x200.jpg","newsmatic-small":"https:\/\/lobosnews.com.ar\/wp-content\/uploads\/2026\/04\/sin-quorum-congreso-de-costa-rica-cierra-su-periodo-sin-poder-sesionar-4-150x95.jpg","newsmatic-grid":"https:\/\/lobosnews.com.ar\/wp-content\/uploads\/2026\/04\/sin-quorum-congreso-de-costa-rica-cierra-su-periodo-sin-poder-sesionar-4-400x250.jpg"},"magazineBlocksPostAuthor":{"name":"admin","avatar":"https:\/\/secure.gravatar.com\/avatar\/76e419471a2083bc3ceab22a763dbbf9b0c1bd15a6214cf3280e2c2dde4580f9?s=96&d=mm&r=g"},"magazineBlocksPostCommentsNumber":"0","magazineBlocksPostExcerpt":"El Congreso de Costa Rica finaliz\u00f3 su periodo constitucional 2022-2026 en medio de una par\u00e1lisis in\u00e9dita provocada por la ausencia de diputados, lo que impidi\u00f3 realizar la \u00faltima sesi\u00f3n legislativa prevista para este martes, dejando sin resoluci\u00f3n la sanci\u00f3n pol\u00edtica contra Fabricio Alvarado Mu\u00f1oz y sin votar proyectos de ley clave, entre ellos el millonario...","magazineBlocksPostCategories":["Actualidad"],"magazineBlocksPostViewCount":12,"magazineBlocksPostReadTime":4,"magazine_blocks_featured_image_url":{"full":["https:\/\/lobosnews.com.ar\/wp-content\/uploads\/2026\/04\/sin-quorum-congreso-de-costa-rica-cierra-su-periodo-sin-poder-sesionar-4-scaled.jpg",2560,1707,false],"medium":["https:\/\/lobosnews.com.ar\/wp-content\/uploads\/2026\/04\/sin-quorum-congreso-de-costa-rica-cierra-su-periodo-sin-poder-sesionar-4-300x200.jpg",300,200,true],"thumbnail":["https:\/\/lobosnews.com.ar\/wp-content\/uploads\/2026\/04\/sin-quorum-congreso-de-costa-rica-cierra-su-periodo-sin-poder-sesionar-4-150x150.jpg",150,150,true]},"magazine_blocks_author":{"display_name":"admin","author_link":"https:\/\/lobosnews.com.ar\/index.php\/author\/lobos-news\/"},"magazine_blocks_comment":0,"magazine_blocks_author_image":"https:\/\/secure.gravatar.com\/avatar\/76e419471a2083bc3ceab22a763dbbf9b0c1bd15a6214cf3280e2c2dde4580f9?s=96&d=mm&r=g","magazine_blocks_category":"<a href=\"#\" class=\"category-link category-link-31\">Actualidad<\/a>","yoast_head":"<!-- This site is optimized with the Yoast SEO plugin v26.6 - https:\/\/yoast.com\/wordpress\/plugins\/seo\/ -->\n<title>\u00a1Sin qu\u00f3rum! Congreso de Costa Rica cierra su periodo sin poder sesionar - Lobos News<\/title>\n<meta name=\"robots\" content=\"index, follow, max-snippet:-1, max-image-preview:large, max-video-preview:-1\" \/>\n<link rel=\"canonical\" href=\"https:\/\/lobosnews.com.ar\/index.php\/2026\/04\/29\/sin-quorum-congreso-de-costa-rica-cierra-su-periodo-sin-poder-sesionar\/\" \/>\n<meta property=\"og:locale\" content=\"es_ES\" \/>\n<meta property=\"og:type\" content=\"article\" \/>\n<meta property=\"og:title\" content=\"\u00a1Sin qu\u00f3rum! Congreso de Costa Rica cierra su periodo sin poder sesionar - Lobos News\" \/>\n<meta property=\"og:description\" content=\"El Congreso de Costa Rica finaliz\u00f3 su periodo constitucional 2022-2026 en medio de una par\u00e1lisis in\u00e9dita provocada por la ausencia de diputados, lo que impidi\u00f3 realizar la \u00faltima sesi\u00f3n legislativa prevista para este martes, dejando sin resoluci\u00f3n la sanci\u00f3n pol\u00edtica contra Fabricio Alvarado Mu\u00f1oz y sin votar proyectos de ley clave, entre ellos el millonario...\" \/>\n<meta property=\"og:url\" content=\"https:\/\/lobosnews.com.ar\/index.php\/2026\/04\/29\/sin-quorum-congreso-de-costa-rica-cierra-su-periodo-sin-poder-sesionar\/\" \/>\n<meta property=\"og:site_name\" content=\"Lobos News\" \/>\n<meta property=\"article:published_time\" content=\"2026-04-29T00:15:36+00:00\" \/>\n<meta property=\"article:modified_time\" content=\"2026-04-29T02:47:18+00:00\" \/>\n<meta property=\"og:image\" content=\"https:\/\/lobosnews.com.ar\/wp-content\/uploads\/2026\/04\/sin-quorum-congreso-de-costa-rica-cierra-su-periodo-sin-poder-sesionar.jpg\" \/>\n<meta name=\"author\" content=\"admin\" \/>\n<meta name=\"twitter:card\" content=\"summary_large_image\" \/>\n<meta name=\"twitter:label1\" content=\"Escrito por\" \/>\n\t<meta name=\"twitter:data1\" content=\"admin\" \/>\n\t<meta name=\"twitter:label2\" content=\"Tiempo de lectura\" \/>\n\t<meta name=\"twitter:data2\" content=\"3 minutos\" \/>\n<script type=\"application\/ld+json\" class=\"yoast-schema-graph\">{\"@context\":\"https:\/\/schema.org\",\"@graph\":[{\"@type\":\"Article\",\"@id\":\"https:\/\/lobosnews.com.ar\/index.php\/2026\/04\/29\/sin-quorum-congreso-de-costa-rica-cierra-su-periodo-sin-poder-sesionar\/#article\",\"isPartOf\":{\"@id\":\"https:\/\/lobosnews.com.ar\/index.php\/2026\/04\/29\/sin-quorum-congreso-de-costa-rica-cierra-su-periodo-sin-poder-sesionar\/\"},\"author\":{\"name\":\"admin\",\"@id\":\"https:\/\/lobosnews.com.ar\/#\/schema\/person\/232422a593d5c541dd9aef6aaed10943\"},\"headline\":\"\u00a1Sin qu\u00f3rum! Congreso de Costa Rica cierra su periodo sin poder sesionar\",\"datePublished\":\"2026-04-29T00:15:36+00:00\",\"dateModified\":\"2026-04-29T02:47:18+00:00\",\"mainEntityOfPage\":{\"@id\":\"https:\/\/lobosnews.com.ar\/index.php\/2026\/04\/29\/sin-quorum-congreso-de-costa-rica-cierra-su-periodo-sin-poder-sesionar\/\"},\"wordCount\":670,\"commentCount\":0,\"publisher\":{\"@id\":\"https:\/\/lobosnews.com.ar\/#organization\"},\"image\":{\"@id\":\"https:\/\/lobosnews.com.ar\/index.php\/2026\/04\/29\/sin-quorum-congreso-de-costa-rica-cierra-su-periodo-sin-poder-sesionar\/#primaryimage\"},\"thumbnailUrl\":\"https:\/\/lobosnews.com.ar\/wp-content\/uploads\/2026\/04\/sin-quorum-congreso-de-costa-rica-cierra-su-periodo-sin-poder-sesionar-4-scaled.jpg\",\"articleSection\":[\"Actualidad\"],\"inLanguage\":\"es\",\"potentialAction\":[{\"@type\":\"CommentAction\",\"name\":\"Comment\",\"target\":[\"https:\/\/lobosnews.com.ar\/index.php\/2026\/04\/29\/sin-quorum-congreso-de-costa-rica-cierra-su-periodo-sin-poder-sesionar\/#respond\"]}]},{\"@type\":\"WebPage\",\"@id\":\"https:\/\/lobosnews.com.ar\/index.php\/2026\/04\/29\/sin-quorum-congreso-de-costa-rica-cierra-su-periodo-sin-poder-sesionar\/\",\"url\":\"https:\/\/lobosnews.com.ar\/index.php\/2026\/04\/29\/sin-quorum-congreso-de-costa-rica-cierra-su-periodo-sin-poder-sesionar\/\",\"name\":\"\u00a1Sin qu\u00f3rum! Congreso de Costa Rica cierra su periodo sin poder sesionar - Lobos News\",\"isPartOf\":{\"@id\":\"https:\/\/lobosnews.com.ar\/#website\"},\"primaryImageOfPage\":{\"@id\":\"https:\/\/lobosnews.com.ar\/index.php\/2026\/04\/29\/sin-quorum-congreso-de-costa-rica-cierra-su-periodo-sin-poder-sesionar\/#primaryimage\"},\"image\":{\"@id\":\"https:\/\/lobosnews.com.ar\/index.php\/2026\/04\/29\/sin-quorum-congreso-de-costa-rica-cierra-su-periodo-sin-poder-sesionar\/#primaryimage\"},\"thumbnailUrl\":\"https:\/\/lobosnews.com.ar\/wp-content\/uploads\/2026\/04\/sin-quorum-congreso-de-costa-rica-cierra-su-periodo-sin-poder-sesionar-4-scaled.jpg\",\"datePublished\":\"2026-04-29T00:15:36+00:00\",\"dateModified\":\"2026-04-29T02:47:18+00:00\",\"breadcrumb\":{\"@id\":\"https:\/\/lobosnews.com.ar\/index.php\/2026\/04\/29\/sin-quorum-congreso-de-costa-rica-cierra-su-periodo-sin-poder-sesionar\/#breadcrumb\"},\"inLanguage\":\"es\",\"potentialAction\":[{\"@type\":\"ReadAction\",\"target\":[\"https:\/\/lobosnews.com.ar\/index.php\/2026\/04\/29\/sin-quorum-congreso-de-costa-rica-cierra-su-periodo-sin-poder-sesionar\/\"]}]},{\"@type\":\"ImageObject\",\"inLanguage\":\"es\",\"@id\":\"https:\/\/lobosnews.com.ar\/index.php\/2026\/04\/29\/sin-quorum-congreso-de-costa-rica-cierra-su-periodo-sin-poder-sesionar\/#primaryimage\",\"url\":\"https:\/\/lobosnews.com.ar\/wp-content\/uploads\/2026\/04\/sin-quorum-congreso-de-costa-rica-cierra-su-periodo-sin-poder-sesionar-4-scaled.jpg\",\"contentUrl\":\"https:\/\/lobosnews.com.ar\/wp-content\/uploads\/2026\/04\/sin-quorum-congreso-de-costa-rica-cierra-su-periodo-sin-poder-sesionar-4-scaled.jpg\",\"width\":2560,\"height\":1707,\"caption\":\"\u00a1Sin qu\u00f3rum! Congreso de Costa Rica cierra su periodo sin poder sesionar\"},{\"@type\":\"BreadcrumbList\",\"@id\":\"https:\/\/lobosnews.com.ar\/index.php\/2026\/04\/29\/sin-quorum-congreso-de-costa-rica-cierra-su-periodo-sin-poder-sesionar\/#breadcrumb\",\"itemListElement\":[{\"@type\":\"ListItem\",\"position\":1,\"name\":\"Portada\",\"item\":\"https:\/\/lobosnews.com.ar\/\"},{\"@type\":\"ListItem\",\"position\":2,\"name\":\"\u00a1Sin qu\u00f3rum! Congreso de Costa Rica cierra su periodo sin poder sesionar\"}]},{\"@type\":\"WebSite\",\"@id\":\"https:\/\/lobosnews.com.ar\/#website\",\"url\":\"https:\/\/lobosnews.com.ar\/\",\"name\":\"Lobos News\",\"description\":\"Informaci\u00f3n a cada instante\",\"publisher\":{\"@id\":\"https:\/\/lobosnews.com.ar\/#organization\"},\"potentialAction\":[{\"@type\":\"SearchAction\",\"target\":{\"@type\":\"EntryPoint\",\"urlTemplate\":\"https:\/\/lobosnews.com.ar\/?s={search_term_string}\"},\"query-input\":{\"@type\":\"PropertyValueSpecification\",\"valueRequired\":true,\"valueName\":\"search_term_string\"}}],\"inLanguage\":\"es\"},{\"@type\":\"Organization\",\"@id\":\"https:\/\/lobosnews.com.ar\/#organization\",\"name\":\"Lobos News\",\"url\":\"https:\/\/lobosnews.com.ar\/\",\"logo\":{\"@type\":\"ImageObject\",\"inLanguage\":\"es\",\"@id\":\"https:\/\/lobosnews.com.ar\/#\/schema\/logo\/image\/\",\"url\":\"https:\/\/lobosnews.com.ar\/wp-content\/uploads\/2026\/01\/logo-lobosnews.png\",\"contentUrl\":\"https:\/\/lobosnews.com.ar\/wp-content\/uploads\/2026\/01\/logo-lobosnews.png\",\"width\":500,\"height\":200,\"caption\":\"Lobos News\"},\"image\":{\"@id\":\"https:\/\/lobosnews.com.ar\/#\/schema\/logo\/image\/\"}},{\"@type\":\"Person\",\"@id\":\"https:\/\/lobosnews.com.ar\/#\/schema\/person\/232422a593d5c541dd9aef6aaed10943\",\"name\":\"admin\",\"image\":{\"@type\":\"ImageObject\",\"inLanguage\":\"es\",\"@id\":\"https:\/\/lobosnews.com.ar\/#\/schema\/person\/image\/\",\"url\":\"https:\/\/secure.gravatar.com\/avatar\/76e419471a2083bc3ceab22a763dbbf9b0c1bd15a6214cf3280e2c2dde4580f9?s=96&d=mm&r=g\",\"contentUrl\":\"https:\/\/secure.gravatar.com\/avatar\/76e419471a2083bc3ceab22a763dbbf9b0c1bd15a6214cf3280e2c2dde4580f9?s=96&d=mm&r=g\",\"caption\":\"admin\"},\"sameAs\":[\"https:\/\/lobosnews.com.ar\"],\"url\":\"https:\/\/lobosnews.com.ar\/index.php\/author\/lobos-news\/\"}]}<\/script>\n<!-- \/ Yoast SEO plugin. -->","yoast_head_json":{"title":"\u00a1Sin qu\u00f3rum! Congreso de Costa Rica cierra su periodo sin poder sesionar - Lobos News","robots":{"index":"index","follow":"follow","max-snippet":"max-snippet:-1","max-image-preview":"max-image-preview:large","max-video-preview":"max-video-preview:-1"},"canonical":"https:\/\/lobosnews.com.ar\/index.php\/2026\/04\/29\/sin-quorum-congreso-de-costa-rica-cierra-su-periodo-sin-poder-sesionar\/","og_locale":"es_ES","og_type":"article","og_title":"\u00a1Sin qu\u00f3rum! Congreso de Costa Rica cierra su periodo sin poder sesionar - Lobos News","og_description":"El Congreso de Costa Rica finaliz\u00f3 su periodo constitucional 2022-2026 en medio de una par\u00e1lisis in\u00e9dita provocada por la ausencia de diputados, lo que impidi\u00f3 realizar la \u00faltima sesi\u00f3n legislativa prevista para este martes, dejando sin resoluci\u00f3n la sanci\u00f3n pol\u00edtica contra Fabricio Alvarado Mu\u00f1oz y sin votar proyectos de ley clave, entre ellos el millonario...","og_url":"https:\/\/lobosnews.com.ar\/index.php\/2026\/04\/29\/sin-quorum-congreso-de-costa-rica-cierra-su-periodo-sin-poder-sesionar\/","og_site_name":"Lobos News","article_published_time":"2026-04-29T00:15:36+00:00","article_modified_time":"2026-04-29T02:47:18+00:00","og_image":[{"url":"https:\/\/lobosnews.com.ar\/wp-content\/uploads\/2026\/04\/sin-quorum-congreso-de-costa-rica-cierra-su-periodo-sin-poder-sesionar.jpg","type":"","width":"","height":""}],"author":"admin","twitter_card":"summary_large_image","twitter_misc":{"Escrito por":"admin","Tiempo de lectura":"3 minutos"},"schema":{"@context":"https:\/\/schema.org","@graph":[{"@type":"Article","@id":"https:\/\/lobosnews.com.ar\/index.php\/2026\/04\/29\/sin-quorum-congreso-de-costa-rica-cierra-su-periodo-sin-poder-sesionar\/#article","isPartOf":{"@id":"https:\/\/lobosnews.com.ar\/index.php\/2026\/04\/29\/sin-quorum-congreso-de-costa-rica-cierra-su-periodo-sin-poder-sesionar\/"},"author":{"name":"admin","@id":"https:\/\/lobosnews.com.ar\/#\/schema\/person\/232422a593d5c541dd9aef6aaed10943"},"headline":"\u00a1Sin qu\u00f3rum! Congreso de Costa Rica cierra su periodo sin poder sesionar","datePublished":"2026-04-29T00:15:36+00:00","dateModified":"2026-04-29T02:47:18+00:00","mainEntityOfPage":{"@id":"https:\/\/lobosnews.com.ar\/index.php\/2026\/04\/29\/sin-quorum-congreso-de-costa-rica-cierra-su-periodo-sin-poder-sesionar\/"},"wordCount":670,"commentCount":0,"publisher":{"@id":"https:\/\/lobosnews.com.ar\/#organization"},"image":{"@id":"https:\/\/lobosnews.com.ar\/index.php\/2026\/04\/29\/sin-quorum-congreso-de-costa-rica-cierra-su-periodo-sin-poder-sesionar\/#primaryimage"},"thumbnailUrl":"https:\/\/lobosnews.com.ar\/wp-content\/uploads\/2026\/04\/sin-quorum-congreso-de-costa-rica-cierra-su-periodo-sin-poder-sesionar-4-scaled.jpg","articleSection":["Actualidad"],"inLanguage":"es","potentialAction":[{"@type":"CommentAction","name":"Comment","target":["https:\/\/lobosnews.com.ar\/index.php\/2026\/04\/29\/sin-quorum-congreso-de-costa-rica-cierra-su-periodo-sin-poder-sesionar\/#respond"]}]},{"@type":"WebPage","@id":"https:\/\/lobosnews.com.ar\/index.php\/2026\/04\/29\/sin-quorum-congreso-de-costa-rica-cierra-su-periodo-sin-poder-sesionar\/","url":"https:\/\/lobosnews.com.ar\/index.php\/2026\/04\/29\/sin-quorum-congreso-de-costa-rica-cierra-su-periodo-sin-poder-sesionar\/","name":"\u00a1Sin qu\u00f3rum! Congreso de Costa Rica cierra su periodo sin poder sesionar - Lobos News","isPartOf":{"@id":"https:\/\/lobosnews.com.ar\/#website"},"primaryImageOfPage":{"@id":"https:\/\/lobosnews.com.ar\/index.php\/2026\/04\/29\/sin-quorum-congreso-de-costa-rica-cierra-su-periodo-sin-poder-sesionar\/#primaryimage"},"image":{"@id":"https:\/\/lobosnews.com.ar\/index.php\/2026\/04\/29\/sin-quorum-congreso-de-costa-rica-cierra-su-periodo-sin-poder-sesionar\/#primaryimage"},"thumbnailUrl":"https:\/\/lobosnews.com.ar\/wp-content\/uploads\/2026\/04\/sin-quorum-congreso-de-costa-rica-cierra-su-periodo-sin-poder-sesionar-4-scaled.jpg","datePublished":"2026-04-29T00:15:36+00:00","dateModified":"2026-04-29T02:47:18+00:00","breadcrumb":{"@id":"https:\/\/lobosnews.com.ar\/index.php\/2026\/04\/29\/sin-quorum-congreso-de-costa-rica-cierra-su-periodo-sin-poder-sesionar\/#breadcrumb"},"inLanguage":"es","potentialAction":[{"@type":"ReadAction","target":["https:\/\/lobosnews.com.ar\/index.php\/2026\/04\/29\/sin-quorum-congreso-de-costa-rica-cierra-su-periodo-sin-poder-sesionar\/"]}]},{"@type":"ImageObject","inLanguage":"es","@id":"https:\/\/lobosnews.com.ar\/index.php\/2026\/04\/29\/sin-quorum-congreso-de-costa-rica-cierra-su-periodo-sin-poder-sesionar\/#primaryimage","url":"https:\/\/lobosnews.com.ar\/wp-content\/uploads\/2026\/04\/sin-quorum-congreso-de-costa-rica-cierra-su-periodo-sin-poder-sesionar-4-scaled.jpg","contentUrl":"https:\/\/lobosnews.com.ar\/wp-content\/uploads\/2026\/04\/sin-quorum-congreso-de-costa-rica-cierra-su-periodo-sin-poder-sesionar-4-scaled.jpg","width":2560,"height":1707,"caption":"\u00a1Sin qu\u00f3rum! Congreso de Costa Rica cierra su periodo sin poder sesionar"},{"@type":"BreadcrumbList","@id":"https:\/\/lobosnews.com.ar\/index.php\/2026\/04\/29\/sin-quorum-congreso-de-costa-rica-cierra-su-periodo-sin-poder-sesionar\/#breadcrumb","itemListElement":[{"@type":"ListItem","position":1,"name":"Portada","item":"https:\/\/lobosnews.com.ar\/"},{"@type":"ListItem","position":2,"name":"\u00a1Sin qu\u00f3rum! Congreso de Costa Rica cierra su periodo sin poder sesionar"}]},{"@type":"WebSite","@id":"https:\/\/lobosnews.com.ar\/#website","url":"https:\/\/lobosnews.com.ar\/","name":"Lobos News","description":"Informaci\u00f3n a cada instante","publisher":{"@id":"https:\/\/lobosnews.com.ar\/#organization"},"potentialAction":[{"@type":"SearchAction","target":{"@type":"EntryPoint","urlTemplate":"https:\/\/lobosnews.com.ar\/?s={search_term_string}"},"query-input":{"@type":"PropertyValueSpecification","valueRequired":true,"valueName":"search_term_string"}}],"inLanguage":"es"},{"@type":"Organization","@id":"https:\/\/lobosnews.com.ar\/#organization","name":"Lobos News","url":"https:\/\/lobosnews.com.ar\/","logo":{"@type":"ImageObject","inLanguage":"es","@id":"https:\/\/lobosnews.com.ar\/#\/schema\/logo\/image\/","url":"https:\/\/lobosnews.com.ar\/wp-content\/uploads\/2026\/01\/logo-lobosnews.png","contentUrl":"https:\/\/lobosnews.com.ar\/wp-content\/uploads\/2026\/01\/logo-lobosnews.png","width":500,"height":200,"caption":"Lobos News"},"image":{"@id":"https:\/\/lobosnews.com.ar\/#\/schema\/logo\/image\/"}},{"@type":"Person","@id":"https:\/\/lobosnews.com.ar\/#\/schema\/person\/232422a593d5c541dd9aef6aaed10943","name":"admin","image":{"@type":"ImageObject","inLanguage":"es","@id":"https:\/\/lobosnews.com.ar\/#\/schema\/person\/image\/","url":"https:\/\/secure.gravatar.com\/avatar\/76e419471a2083bc3ceab22a763dbbf9b0c1bd15a6214cf3280e2c2dde4580f9?s=96&d=mm&r=g","contentUrl":"https:\/\/secure.gravatar.com\/avatar\/76e419471a2083bc3ceab22a763dbbf9b0c1bd15a6214cf3280e2c2dde4580f9?s=96&d=mm&r=g","caption":"admin"},"sameAs":["https:\/\/lobosnews.com.ar"],"url":"https:\/\/lobosnews.com.ar\/index.php\/author\/lobos-news\/"}]}},"jetpack_featured_media_url":"https:\/\/lobosnews.com.ar\/wp-content\/uploads\/2026\/04\/sin-quorum-congreso-de-costa-rica-cierra-su-periodo-sin-poder-sesionar-4-scaled.jpg","jetpack_sharing_enabled":true,"_links":{"self":[{"href":"https:\/\/lobosnews.com.ar\/index.php\/wp-json\/wp\/v2\/posts\/46913","targetHints":{"allow":["GET"]}}],"collection":[{"href":"https:\/\/lobosnews.com.ar\/index.php\/wp-json\/wp\/v2\/posts"}],"about":[{"href":"https:\/\/lobosnews.com.ar\/index.php\/wp-json\/wp\/v2\/types\/post"}],"author":[{"embeddable":true,"href":"https:\/\/lobosnews.com.ar\/index.php\/wp-json\/wp\/v2\/users\/1"}],"replies":[{"embeddable":true,"href":"https:\/\/lobosnews.com.ar\/index.php\/wp-json\/wp\/v2\/comments?post=46913"}],"version-history":[{"count":1,"href":"https:\/\/lobosnews.com.ar\/index.php\/wp-json\/wp\/v2\/posts\/46913\/revisions"}],"predecessor-version":[{"id":46917,"href":"https:\/\/lobosnews.com.ar\/index.php\/wp-json\/wp\/v2\/posts\/46913\/revisions\/46917"}],"wp:featuredmedia":[{"embeddable":true,"href":"https:\/\/lobosnews.com.ar\/index.php\/wp-json\/wp\/v2\/media\/46918"}],"wp:attachment":[{"href":"https:\/\/lobosnews.com.ar\/index.php\/wp-json\/wp\/v2\/media?parent=46913"}],"wp:term":[{"taxonomy":"category","embeddable":true,"href":"https:\/\/lobosnews.com.ar\/index.php\/wp-json\/wp\/v2\/categories?post=46913"},{"taxonomy":"post_tag","embeddable":true,"href":"https:\/\/lobosnews.com.ar\/index.php\/wp-json\/wp\/v2\/tags?post=46913"}],"curies":[{"name":"wp","href":"https:\/\/api.w.org\/{rel}","templated":true}]}}