{"id":46907,"date":"2026-04-29T00:45:21","date_gmt":"2026-04-29T00:45:21","guid":{"rendered":"https:\/\/lobosnews.com.ar\/index.php\/2026\/04\/29\/la-union-europea-exigio-el-fin-inmediato-de-las-ejecuciones-en-iran-y-condeno-la-represion-de-la-disidencia\/"},"modified":"2026-04-29T02:45:33","modified_gmt":"2026-04-29T02:45:33","slug":"la-union-europea-exigio-el-fin-inmediato-de-las-ejecuciones-en-iran-y-condeno-la-represion-de-la-disidencia","status":"publish","type":"post","link":"https:\/\/lobosnews.com.ar\/index.php\/2026\/04\/29\/la-union-europea-exigio-el-fin-inmediato-de-las-ejecuciones-en-iran-y-condeno-la-represion-de-la-disidencia\/","title":{"rendered":"La Uni\u00f3n Europea exigi\u00f3 el fin inmediato de las ejecuciones en Ir\u00e1n y conden\u00f3 la represi\u00f3n de la disidencia"},"content":{"rendered":"<p><img loading=\"lazy\" decoding=\"async\" src=\"https:\/\/lobosnews.com.ar\/wp-content\/uploads\/2026\/04\/la-union-europea-exigio-el-fin-inmediato-de-las-ejecuciones-en-iran-y-condeno-la-represion-de-la-disidencia.jpg\" alt=\"Miembros de la fuerza paramilitar Basij participan en un acto en Shiraz, en el sur de Ir\u00e1n (Europa Press)\" height=\"1279\" width=\"1920\"\/><\/p>\n<p>La <b>Uni\u00f3n Europea <\/b>exigi\u00f3 este martes al r\u00e9gimen de Ir\u00e1n el cese inmediato de las ejecuciones, calificando como \u201c<b>espantosa<\/b>\u201d la frecuencia con la que se aplican las sentencias de muerte en el pa\u00eds. <\/p>\n<p>Mediante un comunicado, el bloque remarc\u00f3 que la<b> pena capital <\/b>resulta incompatible con los principios fundamentales de derechos humanos y renov\u00f3 su llamado a Teher\u00e1n para que asuma compromisos hacia la abolici\u00f3n total de esta pr\u00e1ctica.<\/p>\n<p>La Uni\u00f3n Europea subray\u00f3 su rechazo absoluto a la pena de muerte, y asegur\u00f3 que no existen circunstancias que justifiquen su utilizaci\u00f3n y que representa una <b>violaci\u00f3n directa al derecho a la vida <\/b>y a la prohibici\u00f3n de castigos crueles o degradantes. <\/p>\n<p>\u201c<b>La pena de muerte no disuade el delito y convierte los errores judiciales en tragedias irreversibles<\/b>\u201d, afirm\u00f3 el Servicio de Acci\u00f3n Exterior del bloque. La declaraci\u00f3n oficial enfatiz\u00f3 que la ejecuci\u00f3n de manifestantes y opositores constituye una grave transgresi\u00f3n a las obligaciones internacionales asumidas por Ir\u00e1n.<\/p>\n<p><img loading=\"lazy\" decoding=\"async\" src=\"https:\/\/lobosnews.com.ar\/wp-content\/uploads\/2026\/04\/la-union-europea-exigio-el-fin-inmediato-de-las-ejecuciones-en-iran-y-condeno-la-represion-de-la-disidencia-1.jpg\" alt=\"El bloque de los 27 calific\u00f3 de \u201cespantosa\u201d la cifra de ahorcamientos en Teher\u00e1n y critic\u00f3 la utilizaci\u00f3n de la pena capital como instrumento para sofocar protestas (REUTERS\/Archivo)\" height=\"3667\" width=\"5500\"\/><\/p>\n<p>El pronunciamiento de Bruselas se produce tras la reciente ejecuci\u00f3n de un ciudadano iran\u00ed acusado de participar en <b>protestas antigubernamentales<\/b>, el noveno manifestante ejecutado por su vinculaci\u00f3n con movilizaciones sociales desde enero. La UE advirti\u00f3 que el uso de la pena capital como herramienta para sofocar la disidencia interna agrava el clima de <b>represi\u00f3n <\/b>en el pa\u00eds y vulnera los derechos fundamentales de la poblaci\u00f3n.<\/p>\n<p>La diplomacia europea inst\u00f3 a las autoridades iran\u00edes a liberar de forma inmediata a todas las personas detenidas por ejercer su<b> libertad de expresi\u00f3n<\/b> y participaci\u00f3n pol\u00edtica. Adem\u00e1s, record\u00f3 a Teher\u00e1n su responsabilidad de cumplir con los compromisos asumidos en el marco del <b>Pacto Internacional de Derechos Civiles y Pol\u00edticos<\/b>, instrumento internacional del que Ir\u00e1n es Estado parte y que proh\u00edbe expresamente la aplicaci\u00f3n de castigos inhumanos o excesivos.<\/p>\n<p>En 2025, Ir\u00e1n registr\u00f3 un total de <b>1.639 ejecuciones<\/b>, cifra que representa un aumento del 68% respecto al a\u00f1o anterior y el nivel m\u00e1s alto documentado en ese pa\u00eds desde 1989, de acuerdo con datos de organismos de derechos humanos. <\/p>\n<p>Las organizaciones especializadas han alertado sobre el car\u00e1cter sistem\u00e1tico de las ejecuciones y el uso de la pena de muerte contra personas condenadas por delitos pol\u00edticos, as\u00ed como contra quienes participaron en manifestaciones. <\/p>\n<p><img loading=\"lazy\" decoding=\"async\" src=\"https:\/\/lobosnews.com.ar\/wp-content\/uploads\/2026\/04\/la-union-europea-exigio-el-fin-inmediato-de-las-ejecuciones-en-iran-y-condeno-la-represion-de-la-disidencia-2.jpg\" alt=\"La Uni\u00f3n Europea exigi\u00f3 el fin inmediato de las ejecuciones en Ir\u00e1n y conden\u00f3 la represi\u00f3n de la disidencia\" height=\"1080\" width=\"1920\"\/><\/p>\n<p>El informe anual presentado por Iran Human Rights destaca que <b>Ir\u00e1n mantiene uno de los sistemas de justicia penal m\u00e1s restrictivos del mundo<\/b>, especialmente en materia de garant\u00edas procesales y derecho a la defensa.<\/p>\n<p>La UE recalc\u00f3 que continuar\u00e1 monitoreando de cerca la situaci\u00f3n de derechos humanos en Ir\u00e1n y que mantendr\u00e1 la presi\u00f3n diplom\u00e1tica y pol\u00edtica hasta que se adopten reformas sustantivas. <\/p>\n<p>Actualmente, el bloque europeo sostiene sanciones contra 263 individuos y 53 entidades iran\u00edes, incluidas restricciones espec\u00edficas para altos funcionarios y cuerpos de seguridad involucrados en la represi\u00f3n de protestas y en la aplicaci\u00f3n de la pena capital. El bloque tambi\u00e9n ha designado a la Guardia Revolucionaria como organizaci\u00f3n terrorista y, la semana pasada, los Estados miembros acordaron nuevas medidas restrictivas vinculadas al bloqueo del estrecho de Ormuz.<\/p>\n<p>Ante las cr\u00edticas iran\u00edes por las sanciones europeas, el portavoz del Ministerio de Exteriores de Ir\u00e1n calific\u00f3 esas medidas de \u201cinhumanas\u201d y rechaz\u00f3 que tuvieran relaci\u00f3n con la protecci\u00f3n de los derechos humanos.<\/p>\n<p>No obstante, la Uni\u00f3n Europea insisti\u00f3 en que la presi\u00f3n internacional busca poner fin a pr\u00e1cticas incompatibles con el derecho internacional y garantizar el respeto a los derechos fundamentales de la sociedad iran\u00ed.<\/p>\n<p><i>(Con informaci\u00f3n de EFE y Europa Press)<\/i><\/p>\n","protected":false},"excerpt":{"rendered":"<p>La Uni\u00f3n Europea exigi\u00f3 este martes al r\u00e9gimen de Ir\u00e1n el cese inmediato de las ejecuciones, calificando como \u201cespantosa\u201d la frecuencia con la que se aplican las sentencias de muerte en el pa\u00eds. Mediante un comunicado, el bloque remarc\u00f3 que la pena capital resulta incompatible con los principios fundamentales de derechos humanos y renov\u00f3 su&#8230;<\/p>\n","protected":false},"author":1,"featured_media":46912,"comment_status":"open","ping_status":"closed","sticky":false,"template":"","format":"standard","meta":{"_jetpack_memberships_contains_paid_content":false,"footnotes":""},"categories":[31],"tags":[],"class_list":["post-46907","post","type-post","status-publish","format-standard","has-post-thumbnail","hentry","category-actualidad"],"magazineBlocksPostFeaturedMedia":{"thumbnail":"https:\/\/lobosnews.com.ar\/wp-content\/uploads\/2026\/04\/la-union-europea-exigio-el-fin-inmediato-de-las-ejecuciones-en-iran-y-condeno-la-represion-de-la-disidencia-4-150x150.jpg","medium":"https:\/\/lobosnews.com.ar\/wp-content\/uploads\/2026\/04\/la-union-europea-exigio-el-fin-inmediato-de-las-ejecuciones-en-iran-y-condeno-la-represion-de-la-disidencia-4-300x169.jpg","medium_large":"https:\/\/lobosnews.com.ar\/wp-content\/uploads\/2026\/04\/la-union-europea-exigio-el-fin-inmediato-de-las-ejecuciones-en-iran-y-condeno-la-represion-de-la-disidencia-4-768x432.jpg","large":"https:\/\/lobosnews.com.ar\/wp-content\/uploads\/2026\/04\/la-union-europea-exigio-el-fin-inmediato-de-las-ejecuciones-en-iran-y-condeno-la-represion-de-la-disidencia-4-1024x576.jpg","1536x1536":"https:\/\/lobosnews.com.ar\/wp-content\/uploads\/2026\/04\/la-union-europea-exigio-el-fin-inmediato-de-las-ejecuciones-en-iran-y-condeno-la-represion-de-la-disidencia-4-1536x864.jpg","2048x2048":"https:\/\/lobosnews.com.ar\/wp-content\/uploads\/2026\/04\/la-union-europea-exigio-el-fin-inmediato-de-las-ejecuciones-en-iran-y-condeno-la-represion-de-la-disidencia-4.jpg","newsmatic-featured":"https:\/\/lobosnews.com.ar\/wp-content\/uploads\/2026\/04\/la-union-europea-exigio-el-fin-inmediato-de-las-ejecuciones-en-iran-y-condeno-la-represion-de-la-disidencia-4-820x545.jpg","newsmatic-list":"https:\/\/lobosnews.com.ar\/wp-content\/uploads\/2026\/04\/la-union-europea-exigio-el-fin-inmediato-de-las-ejecuciones-en-iran-y-condeno-la-represion-de-la-disidencia-4-600x400.jpg","newsmatic-thumb":"https:\/\/lobosnews.com.ar\/wp-content\/uploads\/2026\/04\/la-union-europea-exigio-el-fin-inmediato-de-las-ejecuciones-en-iran-y-condeno-la-represion-de-la-disidencia-4-300x200.jpg","newsmatic-small":"https:\/\/lobosnews.com.ar\/wp-content\/uploads\/2026\/04\/la-union-europea-exigio-el-fin-inmediato-de-las-ejecuciones-en-iran-y-condeno-la-represion-de-la-disidencia-4-150x95.jpg","newsmatic-grid":"https:\/\/lobosnews.com.ar\/wp-content\/uploads\/2026\/04\/la-union-europea-exigio-el-fin-inmediato-de-las-ejecuciones-en-iran-y-condeno-la-represion-de-la-disidencia-4-400x250.jpg"},"magazineBlocksPostAuthor":{"name":"admin","avatar":"https:\/\/secure.gravatar.com\/avatar\/76e419471a2083bc3ceab22a763dbbf9b0c1bd15a6214cf3280e2c2dde4580f9?s=96&d=mm&r=g"},"magazineBlocksPostCommentsNumber":"0","magazineBlocksPostExcerpt":"La Uni\u00f3n Europea exigi\u00f3 este martes al r\u00e9gimen de Ir\u00e1n el cese inmediato de las ejecuciones, calificando como \u201cespantosa\u201d la frecuencia con la que se aplican las sentencias de muerte en el pa\u00eds. Mediante un comunicado, el bloque remarc\u00f3 que la pena capital resulta incompatible con los principios fundamentales de derechos humanos y renov\u00f3 su...","magazineBlocksPostCategories":["Actualidad"],"magazineBlocksPostViewCount":13,"magazineBlocksPostReadTime":4,"magazine_blocks_featured_image_url":{"full":["https:\/\/lobosnews.com.ar\/wp-content\/uploads\/2026\/04\/la-union-europea-exigio-el-fin-inmediato-de-las-ejecuciones-en-iran-y-condeno-la-represion-de-la-disidencia-4.jpg",1920,1080,false],"medium":["https:\/\/lobosnews.com.ar\/wp-content\/uploads\/2026\/04\/la-union-europea-exigio-el-fin-inmediato-de-las-ejecuciones-en-iran-y-condeno-la-represion-de-la-disidencia-4-300x169.jpg",300,169,true],"thumbnail":["https:\/\/lobosnews.com.ar\/wp-content\/uploads\/2026\/04\/la-union-europea-exigio-el-fin-inmediato-de-las-ejecuciones-en-iran-y-condeno-la-represion-de-la-disidencia-4-150x150.jpg",150,150,true]},"magazine_blocks_author":{"display_name":"admin","author_link":"https:\/\/lobosnews.com.ar\/index.php\/author\/lobos-news\/"},"magazine_blocks_comment":0,"magazine_blocks_author_image":"https:\/\/secure.gravatar.com\/avatar\/76e419471a2083bc3ceab22a763dbbf9b0c1bd15a6214cf3280e2c2dde4580f9?s=96&d=mm&r=g","magazine_blocks_category":"<a href=\"#\" class=\"category-link category-link-31\">Actualidad<\/a>","yoast_head":"<!-- This site is optimized with the Yoast SEO plugin v26.6 - https:\/\/yoast.com\/wordpress\/plugins\/seo\/ -->\n<title>La Uni\u00f3n Europea exigi\u00f3 el fin inmediato de las ejecuciones en Ir\u00e1n y conden\u00f3 la represi\u00f3n de la disidencia - Lobos News<\/title>\n<meta name=\"robots\" content=\"index, follow, max-snippet:-1, max-image-preview:large, max-video-preview:-1\" \/>\n<link rel=\"canonical\" href=\"https:\/\/lobosnews.com.ar\/index.php\/2026\/04\/29\/la-union-europea-exigio-el-fin-inmediato-de-las-ejecuciones-en-iran-y-condeno-la-represion-de-la-disidencia\/\" \/>\n<meta property=\"og:locale\" content=\"es_ES\" \/>\n<meta property=\"og:type\" content=\"article\" \/>\n<meta property=\"og:title\" content=\"La Uni\u00f3n Europea exigi\u00f3 el fin inmediato de las ejecuciones en Ir\u00e1n y conden\u00f3 la represi\u00f3n de la disidencia - Lobos News\" \/>\n<meta property=\"og:description\" content=\"La Uni\u00f3n Europea exigi\u00f3 este martes al r\u00e9gimen de Ir\u00e1n el cese inmediato de las ejecuciones, calificando como \u201cespantosa\u201d la frecuencia con la que se aplican las sentencias de muerte en el pa\u00eds. Mediante un comunicado, el bloque remarc\u00f3 que la pena capital resulta incompatible con los principios fundamentales de derechos humanos y renov\u00f3 su...\" \/>\n<meta property=\"og:url\" content=\"https:\/\/lobosnews.com.ar\/index.php\/2026\/04\/29\/la-union-europea-exigio-el-fin-inmediato-de-las-ejecuciones-en-iran-y-condeno-la-represion-de-la-disidencia\/\" \/>\n<meta property=\"og:site_name\" content=\"Lobos News\" \/>\n<meta property=\"article:published_time\" content=\"2026-04-29T00:45:21+00:00\" \/>\n<meta property=\"article:modified_time\" content=\"2026-04-29T02:45:33+00:00\" \/>\n<meta property=\"og:image\" content=\"https:\/\/lobosnews.com.ar\/wp-content\/uploads\/2026\/04\/la-union-europea-exigio-el-fin-inmediato-de-las-ejecuciones-en-iran-y-condeno-la-represion-de-la-disidencia.jpg\" \/>\n<meta name=\"author\" content=\"admin\" \/>\n<meta name=\"twitter:card\" content=\"summary_large_image\" \/>\n<meta name=\"twitter:label1\" content=\"Escrito por\" \/>\n\t<meta name=\"twitter:data1\" content=\"admin\" \/>\n\t<meta name=\"twitter:label2\" content=\"Tiempo de lectura\" \/>\n\t<meta name=\"twitter:data2\" content=\"3 minutos\" \/>\n<script type=\"application\/ld+json\" class=\"yoast-schema-graph\">{\"@context\":\"https:\/\/schema.org\",\"@graph\":[{\"@type\":\"Article\",\"@id\":\"https:\/\/lobosnews.com.ar\/index.php\/2026\/04\/29\/la-union-europea-exigio-el-fin-inmediato-de-las-ejecuciones-en-iran-y-condeno-la-represion-de-la-disidencia\/#article\",\"isPartOf\":{\"@id\":\"https:\/\/lobosnews.com.ar\/index.php\/2026\/04\/29\/la-union-europea-exigio-el-fin-inmediato-de-las-ejecuciones-en-iran-y-condeno-la-represion-de-la-disidencia\/\"},\"author\":{\"name\":\"admin\",\"@id\":\"https:\/\/lobosnews.com.ar\/#\/schema\/person\/232422a593d5c541dd9aef6aaed10943\"},\"headline\":\"La Uni\u00f3n Europea exigi\u00f3 el fin inmediato de las ejecuciones en Ir\u00e1n y conden\u00f3 la represi\u00f3n de la disidencia\",\"datePublished\":\"2026-04-29T00:45:21+00:00\",\"dateModified\":\"2026-04-29T02:45:33+00:00\",\"mainEntityOfPage\":{\"@id\":\"https:\/\/lobosnews.com.ar\/index.php\/2026\/04\/29\/la-union-europea-exigio-el-fin-inmediato-de-las-ejecuciones-en-iran-y-condeno-la-represion-de-la-disidencia\/\"},\"wordCount\":644,\"commentCount\":0,\"publisher\":{\"@id\":\"https:\/\/lobosnews.com.ar\/#organization\"},\"image\":{\"@id\":\"https:\/\/lobosnews.com.ar\/index.php\/2026\/04\/29\/la-union-europea-exigio-el-fin-inmediato-de-las-ejecuciones-en-iran-y-condeno-la-represion-de-la-disidencia\/#primaryimage\"},\"thumbnailUrl\":\"https:\/\/lobosnews.com.ar\/wp-content\/uploads\/2026\/04\/la-union-europea-exigio-el-fin-inmediato-de-las-ejecuciones-en-iran-y-condeno-la-represion-de-la-disidencia-4.jpg\",\"articleSection\":[\"Actualidad\"],\"inLanguage\":\"es\",\"potentialAction\":[{\"@type\":\"CommentAction\",\"name\":\"Comment\",\"target\":[\"https:\/\/lobosnews.com.ar\/index.php\/2026\/04\/29\/la-union-europea-exigio-el-fin-inmediato-de-las-ejecuciones-en-iran-y-condeno-la-represion-de-la-disidencia\/#respond\"]}]},{\"@type\":\"WebPage\",\"@id\":\"https:\/\/lobosnews.com.ar\/index.php\/2026\/04\/29\/la-union-europea-exigio-el-fin-inmediato-de-las-ejecuciones-en-iran-y-condeno-la-represion-de-la-disidencia\/\",\"url\":\"https:\/\/lobosnews.com.ar\/index.php\/2026\/04\/29\/la-union-europea-exigio-el-fin-inmediato-de-las-ejecuciones-en-iran-y-condeno-la-represion-de-la-disidencia\/\",\"name\":\"La Uni\u00f3n Europea exigi\u00f3 el fin inmediato de las ejecuciones en Ir\u00e1n y conden\u00f3 la represi\u00f3n de la disidencia - Lobos News\",\"isPartOf\":{\"@id\":\"https:\/\/lobosnews.com.ar\/#website\"},\"primaryImageOfPage\":{\"@id\":\"https:\/\/lobosnews.com.ar\/index.php\/2026\/04\/29\/la-union-europea-exigio-el-fin-inmediato-de-las-ejecuciones-en-iran-y-condeno-la-represion-de-la-disidencia\/#primaryimage\"},\"image\":{\"@id\":\"https:\/\/lobosnews.com.ar\/index.php\/2026\/04\/29\/la-union-europea-exigio-el-fin-inmediato-de-las-ejecuciones-en-iran-y-condeno-la-represion-de-la-disidencia\/#primaryimage\"},\"thumbnailUrl\":\"https:\/\/lobosnews.com.ar\/wp-content\/uploads\/2026\/04\/la-union-europea-exigio-el-fin-inmediato-de-las-ejecuciones-en-iran-y-condeno-la-represion-de-la-disidencia-4.jpg\",\"datePublished\":\"2026-04-29T00:45:21+00:00\",\"dateModified\":\"2026-04-29T02:45:33+00:00\",\"breadcrumb\":{\"@id\":\"https:\/\/lobosnews.com.ar\/index.php\/2026\/04\/29\/la-union-europea-exigio-el-fin-inmediato-de-las-ejecuciones-en-iran-y-condeno-la-represion-de-la-disidencia\/#breadcrumb\"},\"inLanguage\":\"es\",\"potentialAction\":[{\"@type\":\"ReadAction\",\"target\":[\"https:\/\/lobosnews.com.ar\/index.php\/2026\/04\/29\/la-union-europea-exigio-el-fin-inmediato-de-las-ejecuciones-en-iran-y-condeno-la-represion-de-la-disidencia\/\"]}]},{\"@type\":\"ImageObject\",\"inLanguage\":\"es\",\"@id\":\"https:\/\/lobosnews.com.ar\/index.php\/2026\/04\/29\/la-union-europea-exigio-el-fin-inmediato-de-las-ejecuciones-en-iran-y-condeno-la-represion-de-la-disidencia\/#primaryimage\",\"url\":\"https:\/\/lobosnews.com.ar\/wp-content\/uploads\/2026\/04\/la-union-europea-exigio-el-fin-inmediato-de-las-ejecuciones-en-iran-y-condeno-la-represion-de-la-disidencia-4.jpg\",\"contentUrl\":\"https:\/\/lobosnews.com.ar\/wp-content\/uploads\/2026\/04\/la-union-europea-exigio-el-fin-inmediato-de-las-ejecuciones-en-iran-y-condeno-la-represion-de-la-disidencia-4.jpg\",\"width\":1920,\"height\":1080,\"caption\":\"La Uni\u00f3n Europea exigi\u00f3 el fin inmediato de las ejecuciones en Ir\u00e1n y conden\u00f3 la represi\u00f3n de la disidencia\"},{\"@type\":\"BreadcrumbList\",\"@id\":\"https:\/\/lobosnews.com.ar\/index.php\/2026\/04\/29\/la-union-europea-exigio-el-fin-inmediato-de-las-ejecuciones-en-iran-y-condeno-la-represion-de-la-disidencia\/#breadcrumb\",\"itemListElement\":[{\"@type\":\"ListItem\",\"position\":1,\"name\":\"Portada\",\"item\":\"https:\/\/lobosnews.com.ar\/\"},{\"@type\":\"ListItem\",\"position\":2,\"name\":\"La Uni\u00f3n Europea exigi\u00f3 el fin inmediato de las ejecuciones en Ir\u00e1n y conden\u00f3 la represi\u00f3n de la disidencia\"}]},{\"@type\":\"WebSite\",\"@id\":\"https:\/\/lobosnews.com.ar\/#website\",\"url\":\"https:\/\/lobosnews.com.ar\/\",\"name\":\"Lobos News\",\"description\":\"Informaci\u00f3n a cada instante\",\"publisher\":{\"@id\":\"https:\/\/lobosnews.com.ar\/#organization\"},\"potentialAction\":[{\"@type\":\"SearchAction\",\"target\":{\"@type\":\"EntryPoint\",\"urlTemplate\":\"https:\/\/lobosnews.com.ar\/?s={search_term_string}\"},\"query-input\":{\"@type\":\"PropertyValueSpecification\",\"valueRequired\":true,\"valueName\":\"search_term_string\"}}],\"inLanguage\":\"es\"},{\"@type\":\"Organization\",\"@id\":\"https:\/\/lobosnews.com.ar\/#organization\",\"name\":\"Lobos News\",\"url\":\"https:\/\/lobosnews.com.ar\/\",\"logo\":{\"@type\":\"ImageObject\",\"inLanguage\":\"es\",\"@id\":\"https:\/\/lobosnews.com.ar\/#\/schema\/logo\/image\/\",\"url\":\"https:\/\/lobosnews.com.ar\/wp-content\/uploads\/2026\/01\/logo-lobosnews.png\",\"contentUrl\":\"https:\/\/lobosnews.com.ar\/wp-content\/uploads\/2026\/01\/logo-lobosnews.png\",\"width\":500,\"height\":200,\"caption\":\"Lobos News\"},\"image\":{\"@id\":\"https:\/\/lobosnews.com.ar\/#\/schema\/logo\/image\/\"}},{\"@type\":\"Person\",\"@id\":\"https:\/\/lobosnews.com.ar\/#\/schema\/person\/232422a593d5c541dd9aef6aaed10943\",\"name\":\"admin\",\"image\":{\"@type\":\"ImageObject\",\"inLanguage\":\"es\",\"@id\":\"https:\/\/lobosnews.com.ar\/#\/schema\/person\/image\/\",\"url\":\"https:\/\/secure.gravatar.com\/avatar\/76e419471a2083bc3ceab22a763dbbf9b0c1bd15a6214cf3280e2c2dde4580f9?s=96&d=mm&r=g\",\"contentUrl\":\"https:\/\/secure.gravatar.com\/avatar\/76e419471a2083bc3ceab22a763dbbf9b0c1bd15a6214cf3280e2c2dde4580f9?s=96&d=mm&r=g\",\"caption\":\"admin\"},\"sameAs\":[\"https:\/\/lobosnews.com.ar\"],\"url\":\"https:\/\/lobosnews.com.ar\/index.php\/author\/lobos-news\/\"}]}<\/script>\n<!-- \/ Yoast SEO plugin. -->","yoast_head_json":{"title":"La Uni\u00f3n Europea exigi\u00f3 el fin inmediato de las ejecuciones en Ir\u00e1n y conden\u00f3 la represi\u00f3n de la disidencia - Lobos News","robots":{"index":"index","follow":"follow","max-snippet":"max-snippet:-1","max-image-preview":"max-image-preview:large","max-video-preview":"max-video-preview:-1"},"canonical":"https:\/\/lobosnews.com.ar\/index.php\/2026\/04\/29\/la-union-europea-exigio-el-fin-inmediato-de-las-ejecuciones-en-iran-y-condeno-la-represion-de-la-disidencia\/","og_locale":"es_ES","og_type":"article","og_title":"La Uni\u00f3n Europea exigi\u00f3 el fin inmediato de las ejecuciones en Ir\u00e1n y conden\u00f3 la represi\u00f3n de la disidencia - Lobos News","og_description":"La Uni\u00f3n Europea exigi\u00f3 este martes al r\u00e9gimen de Ir\u00e1n el cese inmediato de las ejecuciones, calificando como \u201cespantosa\u201d la frecuencia con la que se aplican las sentencias de muerte en el pa\u00eds. Mediante un comunicado, el bloque remarc\u00f3 que la pena capital resulta incompatible con los principios fundamentales de derechos humanos y renov\u00f3 su...","og_url":"https:\/\/lobosnews.com.ar\/index.php\/2026\/04\/29\/la-union-europea-exigio-el-fin-inmediato-de-las-ejecuciones-en-iran-y-condeno-la-represion-de-la-disidencia\/","og_site_name":"Lobos News","article_published_time":"2026-04-29T00:45:21+00:00","article_modified_time":"2026-04-29T02:45:33+00:00","og_image":[{"url":"https:\/\/lobosnews.com.ar\/wp-content\/uploads\/2026\/04\/la-union-europea-exigio-el-fin-inmediato-de-las-ejecuciones-en-iran-y-condeno-la-represion-de-la-disidencia.jpg","type":"","width":"","height":""}],"author":"admin","twitter_card":"summary_large_image","twitter_misc":{"Escrito por":"admin","Tiempo de lectura":"3 minutos"},"schema":{"@context":"https:\/\/schema.org","@graph":[{"@type":"Article","@id":"https:\/\/lobosnews.com.ar\/index.php\/2026\/04\/29\/la-union-europea-exigio-el-fin-inmediato-de-las-ejecuciones-en-iran-y-condeno-la-represion-de-la-disidencia\/#article","isPartOf":{"@id":"https:\/\/lobosnews.com.ar\/index.php\/2026\/04\/29\/la-union-europea-exigio-el-fin-inmediato-de-las-ejecuciones-en-iran-y-condeno-la-represion-de-la-disidencia\/"},"author":{"name":"admin","@id":"https:\/\/lobosnews.com.ar\/#\/schema\/person\/232422a593d5c541dd9aef6aaed10943"},"headline":"La Uni\u00f3n Europea exigi\u00f3 el fin inmediato de las ejecuciones en Ir\u00e1n y conden\u00f3 la represi\u00f3n de la disidencia","datePublished":"2026-04-29T00:45:21+00:00","dateModified":"2026-04-29T02:45:33+00:00","mainEntityOfPage":{"@id":"https:\/\/lobosnews.com.ar\/index.php\/2026\/04\/29\/la-union-europea-exigio-el-fin-inmediato-de-las-ejecuciones-en-iran-y-condeno-la-represion-de-la-disidencia\/"},"wordCount":644,"commentCount":0,"publisher":{"@id":"https:\/\/lobosnews.com.ar\/#organization"},"image":{"@id":"https:\/\/lobosnews.com.ar\/index.php\/2026\/04\/29\/la-union-europea-exigio-el-fin-inmediato-de-las-ejecuciones-en-iran-y-condeno-la-represion-de-la-disidencia\/#primaryimage"},"thumbnailUrl":"https:\/\/lobosnews.com.ar\/wp-content\/uploads\/2026\/04\/la-union-europea-exigio-el-fin-inmediato-de-las-ejecuciones-en-iran-y-condeno-la-represion-de-la-disidencia-4.jpg","articleSection":["Actualidad"],"inLanguage":"es","potentialAction":[{"@type":"CommentAction","name":"Comment","target":["https:\/\/lobosnews.com.ar\/index.php\/2026\/04\/29\/la-union-europea-exigio-el-fin-inmediato-de-las-ejecuciones-en-iran-y-condeno-la-represion-de-la-disidencia\/#respond"]}]},{"@type":"WebPage","@id":"https:\/\/lobosnews.com.ar\/index.php\/2026\/04\/29\/la-union-europea-exigio-el-fin-inmediato-de-las-ejecuciones-en-iran-y-condeno-la-represion-de-la-disidencia\/","url":"https:\/\/lobosnews.com.ar\/index.php\/2026\/04\/29\/la-union-europea-exigio-el-fin-inmediato-de-las-ejecuciones-en-iran-y-condeno-la-represion-de-la-disidencia\/","name":"La Uni\u00f3n Europea exigi\u00f3 el fin inmediato de las ejecuciones en Ir\u00e1n y conden\u00f3 la represi\u00f3n de la disidencia - Lobos News","isPartOf":{"@id":"https:\/\/lobosnews.com.ar\/#website"},"primaryImageOfPage":{"@id":"https:\/\/lobosnews.com.ar\/index.php\/2026\/04\/29\/la-union-europea-exigio-el-fin-inmediato-de-las-ejecuciones-en-iran-y-condeno-la-represion-de-la-disidencia\/#primaryimage"},"image":{"@id":"https:\/\/lobosnews.com.ar\/index.php\/2026\/04\/29\/la-union-europea-exigio-el-fin-inmediato-de-las-ejecuciones-en-iran-y-condeno-la-represion-de-la-disidencia\/#primaryimage"},"thumbnailUrl":"https:\/\/lobosnews.com.ar\/wp-content\/uploads\/2026\/04\/la-union-europea-exigio-el-fin-inmediato-de-las-ejecuciones-en-iran-y-condeno-la-represion-de-la-disidencia-4.jpg","datePublished":"2026-04-29T00:45:21+00:00","dateModified":"2026-04-29T02:45:33+00:00","breadcrumb":{"@id":"https:\/\/lobosnews.com.ar\/index.php\/2026\/04\/29\/la-union-europea-exigio-el-fin-inmediato-de-las-ejecuciones-en-iran-y-condeno-la-represion-de-la-disidencia\/#breadcrumb"},"inLanguage":"es","potentialAction":[{"@type":"ReadAction","target":["https:\/\/lobosnews.com.ar\/index.php\/2026\/04\/29\/la-union-europea-exigio-el-fin-inmediato-de-las-ejecuciones-en-iran-y-condeno-la-represion-de-la-disidencia\/"]}]},{"@type":"ImageObject","inLanguage":"es","@id":"https:\/\/lobosnews.com.ar\/index.php\/2026\/04\/29\/la-union-europea-exigio-el-fin-inmediato-de-las-ejecuciones-en-iran-y-condeno-la-represion-de-la-disidencia\/#primaryimage","url":"https:\/\/lobosnews.com.ar\/wp-content\/uploads\/2026\/04\/la-union-europea-exigio-el-fin-inmediato-de-las-ejecuciones-en-iran-y-condeno-la-represion-de-la-disidencia-4.jpg","contentUrl":"https:\/\/lobosnews.com.ar\/wp-content\/uploads\/2026\/04\/la-union-europea-exigio-el-fin-inmediato-de-las-ejecuciones-en-iran-y-condeno-la-represion-de-la-disidencia-4.jpg","width":1920,"height":1080,"caption":"La Uni\u00f3n Europea exigi\u00f3 el fin inmediato de las ejecuciones en Ir\u00e1n y conden\u00f3 la represi\u00f3n de la disidencia"},{"@type":"BreadcrumbList","@id":"https:\/\/lobosnews.com.ar\/index.php\/2026\/04\/29\/la-union-europea-exigio-el-fin-inmediato-de-las-ejecuciones-en-iran-y-condeno-la-represion-de-la-disidencia\/#breadcrumb","itemListElement":[{"@type":"ListItem","position":1,"name":"Portada","item":"https:\/\/lobosnews.com.ar\/"},{"@type":"ListItem","position":2,"name":"La Uni\u00f3n Europea exigi\u00f3 el fin inmediato de las ejecuciones en Ir\u00e1n y conden\u00f3 la represi\u00f3n de la disidencia"}]},{"@type":"WebSite","@id":"https:\/\/lobosnews.com.ar\/#website","url":"https:\/\/lobosnews.com.ar\/","name":"Lobos News","description":"Informaci\u00f3n a cada instante","publisher":{"@id":"https:\/\/lobosnews.com.ar\/#organization"},"potentialAction":[{"@type":"SearchAction","target":{"@type":"EntryPoint","urlTemplate":"https:\/\/lobosnews.com.ar\/?s={search_term_string}"},"query-input":{"@type":"PropertyValueSpecification","valueRequired":true,"valueName":"search_term_string"}}],"inLanguage":"es"},{"@type":"Organization","@id":"https:\/\/lobosnews.com.ar\/#organization","name":"Lobos News","url":"https:\/\/lobosnews.com.ar\/","logo":{"@type":"ImageObject","inLanguage":"es","@id":"https:\/\/lobosnews.com.ar\/#\/schema\/logo\/image\/","url":"https:\/\/lobosnews.com.ar\/wp-content\/uploads\/2026\/01\/logo-lobosnews.png","contentUrl":"https:\/\/lobosnews.com.ar\/wp-content\/uploads\/2026\/01\/logo-lobosnews.png","width":500,"height":200,"caption":"Lobos News"},"image":{"@id":"https:\/\/lobosnews.com.ar\/#\/schema\/logo\/image\/"}},{"@type":"Person","@id":"https:\/\/lobosnews.com.ar\/#\/schema\/person\/232422a593d5c541dd9aef6aaed10943","name":"admin","image":{"@type":"ImageObject","inLanguage":"es","@id":"https:\/\/lobosnews.com.ar\/#\/schema\/person\/image\/","url":"https:\/\/secure.gravatar.com\/avatar\/76e419471a2083bc3ceab22a763dbbf9b0c1bd15a6214cf3280e2c2dde4580f9?s=96&d=mm&r=g","contentUrl":"https:\/\/secure.gravatar.com\/avatar\/76e419471a2083bc3ceab22a763dbbf9b0c1bd15a6214cf3280e2c2dde4580f9?s=96&d=mm&r=g","caption":"admin"},"sameAs":["https:\/\/lobosnews.com.ar"],"url":"https:\/\/lobosnews.com.ar\/index.php\/author\/lobos-news\/"}]}},"jetpack_featured_media_url":"https:\/\/lobosnews.com.ar\/wp-content\/uploads\/2026\/04\/la-union-europea-exigio-el-fin-inmediato-de-las-ejecuciones-en-iran-y-condeno-la-represion-de-la-disidencia-4.jpg","jetpack_sharing_enabled":true,"_links":{"self":[{"href":"https:\/\/lobosnews.com.ar\/index.php\/wp-json\/wp\/v2\/posts\/46907","targetHints":{"allow":["GET"]}}],"collection":[{"href":"https:\/\/lobosnews.com.ar\/index.php\/wp-json\/wp\/v2\/posts"}],"about":[{"href":"https:\/\/lobosnews.com.ar\/index.php\/wp-json\/wp\/v2\/types\/post"}],"author":[{"embeddable":true,"href":"https:\/\/lobosnews.com.ar\/index.php\/wp-json\/wp\/v2\/users\/1"}],"replies":[{"embeddable":true,"href":"https:\/\/lobosnews.com.ar\/index.php\/wp-json\/wp\/v2\/comments?post=46907"}],"version-history":[{"count":1,"href":"https:\/\/lobosnews.com.ar\/index.php\/wp-json\/wp\/v2\/posts\/46907\/revisions"}],"predecessor-version":[{"id":46911,"href":"https:\/\/lobosnews.com.ar\/index.php\/wp-json\/wp\/v2\/posts\/46907\/revisions\/46911"}],"wp:featuredmedia":[{"embeddable":true,"href":"https:\/\/lobosnews.com.ar\/index.php\/wp-json\/wp\/v2\/media\/46912"}],"wp:attachment":[{"href":"https:\/\/lobosnews.com.ar\/index.php\/wp-json\/wp\/v2\/media?parent=46907"}],"wp:term":[{"taxonomy":"category","embeddable":true,"href":"https:\/\/lobosnews.com.ar\/index.php\/wp-json\/wp\/v2\/categories?post=46907"},{"taxonomy":"post_tag","embeddable":true,"href":"https:\/\/lobosnews.com.ar\/index.php\/wp-json\/wp\/v2\/tags?post=46907"}],"curies":[{"name":"wp","href":"https:\/\/api.w.org\/{rel}","templated":true}]}}