{"id":46882,"date":"2026-04-28T23:52:24","date_gmt":"2026-04-28T23:52:24","guid":{"rendered":"https:\/\/lobosnews.com.ar\/index.php\/2026\/04\/28\/eddie-hearn-hace-realidad-una-pelea-sonada-y-une-a-dos-leyendas-que-se-sabe-sobre-joshua-vs-fury\/"},"modified":"2026-04-29T02:42:01","modified_gmt":"2026-04-29T02:42:01","slug":"eddie-hearn-hace-realidad-una-pelea-sonada-y-une-a-dos-leyendas-que-se-sabe-sobre-joshua-vs-fury","status":"publish","type":"post","link":"https:\/\/lobosnews.com.ar\/index.php\/2026\/04\/28\/eddie-hearn-hace-realidad-una-pelea-sonada-y-une-a-dos-leyendas-que-se-sabe-sobre-joshua-vs-fury\/","title":{"rendered":"Eddie Hearn hace realidad una pelea so\u00f1ada y une a dos leyendas: qu\u00e9 se sabe sobre Joshua vs. Fury"},"content":{"rendered":"<p><img loading=\"lazy\" decoding=\"async\" src=\"https:\/\/lobosnews.com.ar\/wp-content\/uploads\/2026\/04\/eddie-hearn-hace-realidad-una-pelea-sonada-y-une-a-dos-leyendas-que-se-sabe-sobre-joshua-vs-fury.jpg\" alt=\"La hist\u00f3rica pelea entre Anthony Joshua y Tyson Fury recibe luz verde tras a\u00f1os de negociaciones en el boxeo brit\u00e1nico\" height=\"1080\" width=\"1920\"\/><\/p>\n<p>El esperado combate entre <span class=\"waslinkname\"><b>Anthony Joshua<\/b><\/span><b> y <\/b><span class=\"waslinkname\"><b>Tyson Fury<\/b><\/span> ya es una realidad tras sumar a la confirmaci\u00f3n oficial la palabra del promotor <span class=\"waslinkname\"><b>Eddie Hearn<\/b><\/span>, quien anunci\u00f3 en sus redes sociales que el acuerdo entre ambos excampeones brit\u00e1nicos est\u00e1 cerrado. <\/p>\n<p>La noticia, que pone fin a a\u00f1os de especulaciones y negociaciones fallidas, marca un hito en el <span class=\"waslinkname\"><b>boxeo<\/b><\/span><b> brit\u00e1nico y mundial<\/b>, abriendo la puerta a una de las peleas m\u00e1s demandadas por los fan\u00e1ticos de los <b>pesos pesados<\/b>.<\/p>\n<h2>El protagonismo de Eddie Hearn en el acuerdo<\/h2>\n<p><b>Hearn<\/b>, director general de <b>Matchroom Boxing<\/b> y figura clave en la organizaci\u00f3n de grandes eventos, fue el encargado de comunicar el avance definitivo en las conversaciones. Su declaraci\u00f3n p\u00fablica, realizada en <b>Instagram<\/b>, no solo confirm\u00f3 el cierre del trato, sino que tambi\u00e9n encendi\u00f3 la expectativa global: \u201c\u00a1Firmado, sellado y entregado! AJ contra Fury est\u00e1 en marcha\u201d, enfatiz\u00f3 el promotor. <\/p>\n<p><img loading=\"lazy\" decoding=\"async\" src=\"https:\/\/lobosnews.com.ar\/wp-content\/uploads\/2026\/04\/eddie-hearn-hace-realidad-una-pelea-sonada-y-une-a-dos-leyendas-que-se-sabe-sobre-joshua-vs-fury-1.jpg\" alt=\"Eddie Hearn, promotor de Matchroom Boxing, confirma la firma del acuerdo entre Joshua y Fury para uno de los combates m\u00e1s esperados (Reuters\/Andrew Couldridge)\" height=\"3920\" width=\"5726\"\/><\/p>\n<p>Para <b>Hearn<\/b>, este enfrentamiento es una deuda pendiente con los seguidores del <b>boxeo<\/b>, quienes durante a\u00f1os han esperado el cruce entre los dos excampeones brit\u00e1nicos.<\/p>\n<p>La influencia de <b>Hearn<\/b> en la concreci\u00f3n del acuerdo ha sido determinante. Desde la gesti\u00f3n de los aspectos contractuales hasta la negociaci\u00f3n de la <b>plataforma de transmisi\u00f3n<\/b>, el promotor ha liderado cada paso, buscando no solo satisfacer la demanda del p\u00fablico, sino tambi\u00e9n elevar el perfil internacional del evento.<\/p>\n<p> <b>Hearn<\/b> ha sugerido que la pelea podr\u00eda realizarse en <b>noviembre<\/b> y que <b>Netflix<\/b> ser\u00eda la plataforma elegida para la transmisi\u00f3n, lo que supondr\u00eda la entrada del gigante del streaming en las grandes citas del <b>boxeo<\/b>.<\/p>\n<h2>El camino de Joshua y Fury hasta el anuncio<\/h2>\n<p><img loading=\"lazy\" decoding=\"async\" src=\"https:\/\/lobosnews.com.ar\/wp-content\/uploads\/2026\/04\/eddie-hearn-hace-realidad-una-pelea-sonada-y-une-a-dos-leyendas-que-se-sabe-sobre-joshua-vs-fury-2.jpg\" alt=\"Anthony Joshua se enfrentar\u00e1 a Kristian Prenga en Riad antes del hist\u00f3rico duelo ante Tyson Fury en los pesos pesados (AP Foto\/Lynne Sladky)\" height=\"3274\" width=\"4911\"\/><\/p>\n<p><b>Anthony Joshua<\/b> no compite desde el <b>19 de diciembre de 2025<\/b>, cuando consigui\u00f3 una victoria por KO ante <b>Jake Paul<\/b>. Antes de medirse con <b>Fury<\/b>, deber\u00e1 enfrentar en <b>Riad<\/b> al alban\u00e9s <b>Kristian Prenga<\/b>, un rival con <b>20 triunfos por nocaut<\/b> y reputaci\u00f3n de pegador explosivo. Este combate intermedio no solo representa un desaf\u00edo deportivo, sino tambi\u00e9n una prueba antes de la cita hist\u00f3rica con <b>Fury<\/b>.<\/p>\n<p>Por su parte, <b>Tyson Fury<\/b> llega tras vencer el <b>11 de abril<\/b> al ruso <b>Arslanbek Makhmudov<\/b> en el estadio del <b>Tottenham<\/b>. <\/p>\n<p>Inmediatamente despu\u00e9s de su victoria, <b>Fury<\/b> lanz\u00f3 un mensaje directo a <b>Joshua<\/b> y a la afici\u00f3n, reclamando p\u00fablicamente la realizaci\u00f3n del combate: \u201cAhora quiero darte la pelea que todos han estado esperando. Te quiero a ti, AJ, Anthony Joshua, d\u00e9mosle a los aficionados al boxeo lo que quieren: la <b>Batalla de Inglaterra<\/b>\u201d, declar\u00f3 el p\u00fagil, incrementando la presi\u00f3n sobre los promotores.<\/p>\n<h2>Impacto medi\u00e1tico y expectativa global<\/h2>\n<p><img loading=\"lazy\" decoding=\"async\" src=\"https:\/\/lobosnews.com.ar\/wp-content\/uploads\/2026\/04\/eddie-hearn-hace-realidad-una-pelea-sonada-y-une-a-dos-leyendas-que-se-sabe-sobre-joshua-vs-fury-3.jpg\" alt=\"La transmisi\u00f3n del combate Joshua vs Fury a trav\u00e9s de Netflix promete transformar el acceso global al boxeo y atraer nuevas audiencias (Reuters\/Andrew Couldridge)\" height=\"2672\" width=\"4000\"\/><\/p>\n<p>La confirmaci\u00f3n del acuerdo ha generado una ola de repercusi\u00f3n en <b>medios internacionales<\/b> y <b>redes sociales<\/b>. La opci\u00f3n de que <b>Netflix<\/b> transmita el evento ampl\u00eda el alcance potencial del combate, superando las fronteras de los canales tradicionales de <b>pago por evento<\/b> y acercando el <b>boxeo<\/b> a nuevas audiencias. Para <b>Hearn<\/b>, la clave est\u00e1 en ofrecer un espect\u00e1culo a escala global: \u201cEl mundo del boxeo necesita noches como esta\u201d, ha sostenido en varias ocasiones.<\/p>\n<p>Los detalles sobre la <b>fecha<\/b> y la <b>sede<\/b> est\u00e1n a\u00fan por anunciarse, pero la ventana de <b>noviembre de 2026<\/b> y la transmisi\u00f3n v\u00eda streaming se perfilan como los elementos diferenciales que podr\u00edan transformar la industria de los <b>deportes de combate<\/b>. <\/p>\n<p><b>Hearn<\/b> ha insistido en que la transparencia y la innovaci\u00f3n en la promoci\u00f3n del evento son esenciales para mantener la confianza de los fan\u00e1ticos y seguir desarrollando el <b>boxeo<\/b> como un espect\u00e1culo internacional.<\/p>\n<h2>Repercusiones hist\u00f3ricas y desaf\u00edos de la organizaci\u00f3n<\/h2>\n<p><img loading=\"lazy\" decoding=\"async\" src=\"https:\/\/lobosnews.com.ar\/wp-content\/uploads\/2026\/04\/eddie-hearn-hace-realidad-una-pelea-sonada-y-une-a-dos-leyendas-que-se-sabe-sobre-joshua-vs-fury-4.jpg\" alt=\"Tyson Fury llega al acuerdo tras vencer a Arslanbek Makhmudov y desaf\u00eda p\u00fablicamente a Joshua a la 'Batalla de Inglaterra' (Reuters\/Andrew Couldridge)\" height=\"3966\" width=\"5691\"\/><\/p>\n<p>La pelea entre <b>Joshua<\/b> y <b>Fury<\/b> no solo definir\u00e1 la supremac\u00eda del <b>peso pesado brit\u00e1nico<\/b>, sino que tambi\u00e9n podr\u00eda sentar un precedente para el futuro de las grandes veladas en el <b>boxeo mundial<\/b>. <\/p>\n<p>Expertos y analistas coinciden en que la intervenci\u00f3n de <b>Hearn<\/b> ha sido decisiva para destrabar una negociaci\u00f3n que llevaba a\u00f1os estancada por motivos contractuales, comerciales y de agenda.<\/p>\n<p>Adem\u00e1s, la incorporaci\u00f3n de plataformas digitales como <b>Netflix<\/b> representa una apuesta estrat\u00e9gica para ampliar la base de seguidores y renovar la forma en que los grandes eventos deportivos llegan al p\u00fablico. La visi\u00f3n de <b>Hearn<\/b> se alinea con esta tendencia: \u201cEl boxeo debe adaptarse a los tiempos y ofrecer a los aficionados una experiencia \u00fanica, accesible y global\u201d, ha se\u00f1alado en declaraciones recientes.<\/p>\n<h2>Perspectivas y pr\u00f3ximos pasos<\/h2>\n<p><img loading=\"lazy\" decoding=\"async\" src=\"https:\/\/lobosnews.com.ar\/wp-content\/uploads\/2026\/04\/eddie-hearn-hace-realidad-una-pelea-sonada-y-une-a-dos-leyendas-que-se-sabe-sobre-joshua-vs-fury-5.jpg\" alt=\"La entrada de plataformas digitales como Netflix marca el inicio de una nueva era para la promoci\u00f3n y los derechos televisivos en el boxeo mundial\" height=\"1080\" width=\"1920\"\/><\/p>\n<p>A la espera de la confirmaci\u00f3n oficial de la <b>fecha<\/b> y el <b>lugar<\/b>, el acuerdo firmado entre los equipos de <b>Anthony Joshua<\/b> y <b>Tyson Fury<\/b> \u2014bajo la conducci\u00f3n de <b>Eddie Hearn<\/b>\u2014 es ya un acontecimiento que redefine el presente y el futuro del <b>boxeo profesional<\/b>. <\/p>\n<p>Para ambos p\u00fagiles, el combate representa la oportunidad de saldar cuentas con la <b>historia reciente<\/b> y responder a una demanda persistente del p\u00fablico. Para <b>Hearn<\/b>, es la consolidaci\u00f3n de su papel como uno de los promotores m\u00e1s influyentes del deporte y la ocasi\u00f3n de demostrar que la innovaci\u00f3n en la gesti\u00f3n puede transformar un enfrentamiento largamente esperado en un espect\u00e1culo de alcance mundial.<\/p>\n","protected":false},"excerpt":{"rendered":"<p>El esperado combate entre Anthony Joshua y Tyson Fury ya es una realidad tras sumar a la confirmaci\u00f3n oficial la palabra del promotor Eddie Hearn, quien anunci\u00f3 en sus redes sociales que el acuerdo entre ambos excampeones brit\u00e1nicos est\u00e1 cerrado. La noticia, que pone fin a a\u00f1os de especulaciones y negociaciones fallidas, marca un hito&#8230;<\/p>\n","protected":false},"author":1,"featured_media":0,"comment_status":"open","ping_status":"closed","sticky":false,"template":"","format":"standard","meta":{"_jetpack_memberships_contains_paid_content":false,"footnotes":""},"categories":[30],"tags":[39],"class_list":["post-46882","post","type-post","status-publish","format-standard","hentry","category-argentina","tag-deportes"],"magazineBlocksPostFeaturedMedia":{"thumbnail":false,"medium":false,"medium_large":false,"large":false,"1536x1536":false,"2048x2048":false,"newsmatic-featured":false,"newsmatic-list":false,"newsmatic-thumb":false,"newsmatic-small":false,"newsmatic-grid":false},"magazineBlocksPostAuthor":{"name":"admin","avatar":"https:\/\/secure.gravatar.com\/avatar\/76e419471a2083bc3ceab22a763dbbf9b0c1bd15a6214cf3280e2c2dde4580f9?s=96&d=mm&r=g"},"magazineBlocksPostCommentsNumber":"0","magazineBlocksPostExcerpt":"El esperado combate entre Anthony Joshua y Tyson Fury ya es una realidad tras sumar a la confirmaci\u00f3n oficial la palabra del promotor Eddie Hearn, quien anunci\u00f3 en sus redes sociales que el acuerdo entre ambos excampeones brit\u00e1nicos est\u00e1 cerrado. La noticia, que pone fin a a\u00f1os de especulaciones y negociaciones fallidas, marca un hito...","magazineBlocksPostCategories":["Argentina"],"magazineBlocksPostViewCount":10,"magazineBlocksPostReadTime":5,"magazine_blocks_featured_image_url":{"full":false,"medium":false,"thumbnail":false},"magazine_blocks_author":{"display_name":"admin","author_link":"https:\/\/lobosnews.com.ar\/index.php\/author\/lobos-news\/"},"magazine_blocks_comment":0,"magazine_blocks_author_image":"https:\/\/secure.gravatar.com\/avatar\/76e419471a2083bc3ceab22a763dbbf9b0c1bd15a6214cf3280e2c2dde4580f9?s=96&d=mm&r=g","magazine_blocks_category":"<a href=\"#\" class=\"category-link category-link-30\">Argentina<\/a>","yoast_head":"<!-- This site is optimized with the Yoast SEO plugin v26.6 - https:\/\/yoast.com\/wordpress\/plugins\/seo\/ -->\n<title>Eddie Hearn hace realidad una pelea so\u00f1ada y une a dos leyendas: qu\u00e9 se sabe sobre Joshua vs. Fury - Lobos News<\/title>\n<meta name=\"robots\" content=\"index, follow, max-snippet:-1, max-image-preview:large, max-video-preview:-1\" \/>\n<link rel=\"canonical\" href=\"https:\/\/lobosnews.com.ar\/index.php\/2026\/04\/28\/eddie-hearn-hace-realidad-una-pelea-sonada-y-une-a-dos-leyendas-que-se-sabe-sobre-joshua-vs-fury\/\" \/>\n<meta property=\"og:locale\" content=\"es_ES\" \/>\n<meta property=\"og:type\" content=\"article\" \/>\n<meta property=\"og:title\" content=\"Eddie Hearn hace realidad una pelea so\u00f1ada y une a dos leyendas: qu\u00e9 se sabe sobre Joshua vs. Fury - Lobos News\" \/>\n<meta property=\"og:description\" content=\"El esperado combate entre Anthony Joshua y Tyson Fury ya es una realidad tras sumar a la confirmaci\u00f3n oficial la palabra del promotor Eddie Hearn, quien anunci\u00f3 en sus redes sociales que el acuerdo entre ambos excampeones brit\u00e1nicos est\u00e1 cerrado. La noticia, que pone fin a a\u00f1os de especulaciones y negociaciones fallidas, marca un hito...\" \/>\n<meta property=\"og:url\" content=\"https:\/\/lobosnews.com.ar\/index.php\/2026\/04\/28\/eddie-hearn-hace-realidad-una-pelea-sonada-y-une-a-dos-leyendas-que-se-sabe-sobre-joshua-vs-fury\/\" \/>\n<meta property=\"og:site_name\" content=\"Lobos News\" \/>\n<meta property=\"article:published_time\" content=\"2026-04-28T23:52:24+00:00\" \/>\n<meta property=\"article:modified_time\" content=\"2026-04-29T02:42:01+00:00\" \/>\n<meta property=\"og:image\" content=\"https:\/\/lobosnews.com.ar\/wp-content\/uploads\/2026\/04\/eddie-hearn-hace-realidad-una-pelea-sonada-y-une-a-dos-leyendas-que-se-sabe-sobre-joshua-vs-fury.jpg\" \/>\n<meta name=\"author\" content=\"admin\" \/>\n<meta name=\"twitter:card\" content=\"summary_large_image\" \/>\n<meta name=\"twitter:label1\" content=\"Escrito por\" \/>\n\t<meta name=\"twitter:data1\" content=\"admin\" \/>\n\t<meta name=\"twitter:label2\" content=\"Tiempo de lectura\" \/>\n\t<meta name=\"twitter:data2\" content=\"4 minutos\" \/>\n<script type=\"application\/ld+json\" class=\"yoast-schema-graph\">{\"@context\":\"https:\/\/schema.org\",\"@graph\":[{\"@type\":\"Article\",\"@id\":\"https:\/\/lobosnews.com.ar\/index.php\/2026\/04\/28\/eddie-hearn-hace-realidad-una-pelea-sonada-y-une-a-dos-leyendas-que-se-sabe-sobre-joshua-vs-fury\/#article\",\"isPartOf\":{\"@id\":\"https:\/\/lobosnews.com.ar\/index.php\/2026\/04\/28\/eddie-hearn-hace-realidad-una-pelea-sonada-y-une-a-dos-leyendas-que-se-sabe-sobre-joshua-vs-fury\/\"},\"author\":{\"name\":\"admin\",\"@id\":\"https:\/\/lobosnews.com.ar\/#\/schema\/person\/232422a593d5c541dd9aef6aaed10943\"},\"headline\":\"Eddie Hearn hace realidad una pelea so\u00f1ada y une a dos leyendas: qu\u00e9 se sabe sobre Joshua vs. Fury\",\"datePublished\":\"2026-04-28T23:52:24+00:00\",\"dateModified\":\"2026-04-29T02:42:01+00:00\",\"mainEntityOfPage\":{\"@id\":\"https:\/\/lobosnews.com.ar\/index.php\/2026\/04\/28\/eddie-hearn-hace-realidad-una-pelea-sonada-y-une-a-dos-leyendas-que-se-sabe-sobre-joshua-vs-fury\/\"},\"wordCount\":895,\"commentCount\":0,\"publisher\":{\"@id\":\"https:\/\/lobosnews.com.ar\/#organization\"},\"image\":{\"@id\":\"https:\/\/lobosnews.com.ar\/index.php\/2026\/04\/28\/eddie-hearn-hace-realidad-una-pelea-sonada-y-une-a-dos-leyendas-que-se-sabe-sobre-joshua-vs-fury\/#primaryimage\"},\"thumbnailUrl\":\"https:\/\/lobosnews.com.ar\/wp-content\/uploads\/2026\/04\/eddie-hearn-hace-realidad-una-pelea-sonada-y-une-a-dos-leyendas-que-se-sabe-sobre-joshua-vs-fury.jpg\",\"keywords\":[\"Deportes\"],\"articleSection\":[\"Argentina\"],\"inLanguage\":\"es\",\"potentialAction\":[{\"@type\":\"CommentAction\",\"name\":\"Comment\",\"target\":[\"https:\/\/lobosnews.com.ar\/index.php\/2026\/04\/28\/eddie-hearn-hace-realidad-una-pelea-sonada-y-une-a-dos-leyendas-que-se-sabe-sobre-joshua-vs-fury\/#respond\"]}]},{\"@type\":\"WebPage\",\"@id\":\"https:\/\/lobosnews.com.ar\/index.php\/2026\/04\/28\/eddie-hearn-hace-realidad-una-pelea-sonada-y-une-a-dos-leyendas-que-se-sabe-sobre-joshua-vs-fury\/\",\"url\":\"https:\/\/lobosnews.com.ar\/index.php\/2026\/04\/28\/eddie-hearn-hace-realidad-una-pelea-sonada-y-une-a-dos-leyendas-que-se-sabe-sobre-joshua-vs-fury\/\",\"name\":\"Eddie Hearn hace realidad una pelea so\u00f1ada y une a dos leyendas: qu\u00e9 se sabe sobre Joshua vs. Fury - Lobos News\",\"isPartOf\":{\"@id\":\"https:\/\/lobosnews.com.ar\/#website\"},\"primaryImageOfPage\":{\"@id\":\"https:\/\/lobosnews.com.ar\/index.php\/2026\/04\/28\/eddie-hearn-hace-realidad-una-pelea-sonada-y-une-a-dos-leyendas-que-se-sabe-sobre-joshua-vs-fury\/#primaryimage\"},\"image\":{\"@id\":\"https:\/\/lobosnews.com.ar\/index.php\/2026\/04\/28\/eddie-hearn-hace-realidad-una-pelea-sonada-y-une-a-dos-leyendas-que-se-sabe-sobre-joshua-vs-fury\/#primaryimage\"},\"thumbnailUrl\":\"https:\/\/lobosnews.com.ar\/wp-content\/uploads\/2026\/04\/eddie-hearn-hace-realidad-una-pelea-sonada-y-une-a-dos-leyendas-que-se-sabe-sobre-joshua-vs-fury.jpg\",\"datePublished\":\"2026-04-28T23:52:24+00:00\",\"dateModified\":\"2026-04-29T02:42:01+00:00\",\"breadcrumb\":{\"@id\":\"https:\/\/lobosnews.com.ar\/index.php\/2026\/04\/28\/eddie-hearn-hace-realidad-una-pelea-sonada-y-une-a-dos-leyendas-que-se-sabe-sobre-joshua-vs-fury\/#breadcrumb\"},\"inLanguage\":\"es\",\"potentialAction\":[{\"@type\":\"ReadAction\",\"target\":[\"https:\/\/lobosnews.com.ar\/index.php\/2026\/04\/28\/eddie-hearn-hace-realidad-una-pelea-sonada-y-une-a-dos-leyendas-que-se-sabe-sobre-joshua-vs-fury\/\"]}]},{\"@type\":\"ImageObject\",\"inLanguage\":\"es\",\"@id\":\"https:\/\/lobosnews.com.ar\/index.php\/2026\/04\/28\/eddie-hearn-hace-realidad-una-pelea-sonada-y-une-a-dos-leyendas-que-se-sabe-sobre-joshua-vs-fury\/#primaryimage\",\"url\":\"https:\/\/lobosnews.com.ar\/wp-content\/uploads\/2026\/04\/eddie-hearn-hace-realidad-una-pelea-sonada-y-une-a-dos-leyendas-que-se-sabe-sobre-joshua-vs-fury.jpg\",\"contentUrl\":\"https:\/\/lobosnews.com.ar\/wp-content\/uploads\/2026\/04\/eddie-hearn-hace-realidad-una-pelea-sonada-y-une-a-dos-leyendas-que-se-sabe-sobre-joshua-vs-fury.jpg\"},{\"@type\":\"BreadcrumbList\",\"@id\":\"https:\/\/lobosnews.com.ar\/index.php\/2026\/04\/28\/eddie-hearn-hace-realidad-una-pelea-sonada-y-une-a-dos-leyendas-que-se-sabe-sobre-joshua-vs-fury\/#breadcrumb\",\"itemListElement\":[{\"@type\":\"ListItem\",\"position\":1,\"name\":\"Portada\",\"item\":\"https:\/\/lobosnews.com.ar\/\"},{\"@type\":\"ListItem\",\"position\":2,\"name\":\"Eddie Hearn hace realidad una pelea so\u00f1ada y une a dos leyendas: qu\u00e9 se sabe sobre Joshua vs. Fury\"}]},{\"@type\":\"WebSite\",\"@id\":\"https:\/\/lobosnews.com.ar\/#website\",\"url\":\"https:\/\/lobosnews.com.ar\/\",\"name\":\"Lobos News\",\"description\":\"Informaci\u00f3n a cada instante\",\"publisher\":{\"@id\":\"https:\/\/lobosnews.com.ar\/#organization\"},\"potentialAction\":[{\"@type\":\"SearchAction\",\"target\":{\"@type\":\"EntryPoint\",\"urlTemplate\":\"https:\/\/lobosnews.com.ar\/?s={search_term_string}\"},\"query-input\":{\"@type\":\"PropertyValueSpecification\",\"valueRequired\":true,\"valueName\":\"search_term_string\"}}],\"inLanguage\":\"es\"},{\"@type\":\"Organization\",\"@id\":\"https:\/\/lobosnews.com.ar\/#organization\",\"name\":\"Lobos News\",\"url\":\"https:\/\/lobosnews.com.ar\/\",\"logo\":{\"@type\":\"ImageObject\",\"inLanguage\":\"es\",\"@id\":\"https:\/\/lobosnews.com.ar\/#\/schema\/logo\/image\/\",\"url\":\"https:\/\/lobosnews.com.ar\/wp-content\/uploads\/2026\/01\/logo-lobosnews.png\",\"contentUrl\":\"https:\/\/lobosnews.com.ar\/wp-content\/uploads\/2026\/01\/logo-lobosnews.png\",\"width\":500,\"height\":200,\"caption\":\"Lobos News\"},\"image\":{\"@id\":\"https:\/\/lobosnews.com.ar\/#\/schema\/logo\/image\/\"}},{\"@type\":\"Person\",\"@id\":\"https:\/\/lobosnews.com.ar\/#\/schema\/person\/232422a593d5c541dd9aef6aaed10943\",\"name\":\"admin\",\"image\":{\"@type\":\"ImageObject\",\"inLanguage\":\"es\",\"@id\":\"https:\/\/lobosnews.com.ar\/#\/schema\/person\/image\/\",\"url\":\"https:\/\/secure.gravatar.com\/avatar\/76e419471a2083bc3ceab22a763dbbf9b0c1bd15a6214cf3280e2c2dde4580f9?s=96&d=mm&r=g\",\"contentUrl\":\"https:\/\/secure.gravatar.com\/avatar\/76e419471a2083bc3ceab22a763dbbf9b0c1bd15a6214cf3280e2c2dde4580f9?s=96&d=mm&r=g\",\"caption\":\"admin\"},\"sameAs\":[\"https:\/\/lobosnews.com.ar\"],\"url\":\"https:\/\/lobosnews.com.ar\/index.php\/author\/lobos-news\/\"}]}<\/script>\n<!-- \/ Yoast SEO plugin. -->","yoast_head_json":{"title":"Eddie Hearn hace realidad una pelea so\u00f1ada y une a dos leyendas: qu\u00e9 se sabe sobre Joshua vs. Fury - Lobos News","robots":{"index":"index","follow":"follow","max-snippet":"max-snippet:-1","max-image-preview":"max-image-preview:large","max-video-preview":"max-video-preview:-1"},"canonical":"https:\/\/lobosnews.com.ar\/index.php\/2026\/04\/28\/eddie-hearn-hace-realidad-una-pelea-sonada-y-une-a-dos-leyendas-que-se-sabe-sobre-joshua-vs-fury\/","og_locale":"es_ES","og_type":"article","og_title":"Eddie Hearn hace realidad una pelea so\u00f1ada y une a dos leyendas: qu\u00e9 se sabe sobre Joshua vs. Fury - Lobos News","og_description":"El esperado combate entre Anthony Joshua y Tyson Fury ya es una realidad tras sumar a la confirmaci\u00f3n oficial la palabra del promotor Eddie Hearn, quien anunci\u00f3 en sus redes sociales que el acuerdo entre ambos excampeones brit\u00e1nicos est\u00e1 cerrado. La noticia, que pone fin a a\u00f1os de especulaciones y negociaciones fallidas, marca un hito...","og_url":"https:\/\/lobosnews.com.ar\/index.php\/2026\/04\/28\/eddie-hearn-hace-realidad-una-pelea-sonada-y-une-a-dos-leyendas-que-se-sabe-sobre-joshua-vs-fury\/","og_site_name":"Lobos News","article_published_time":"2026-04-28T23:52:24+00:00","article_modified_time":"2026-04-29T02:42:01+00:00","og_image":[{"url":"https:\/\/lobosnews.com.ar\/wp-content\/uploads\/2026\/04\/eddie-hearn-hace-realidad-una-pelea-sonada-y-une-a-dos-leyendas-que-se-sabe-sobre-joshua-vs-fury.jpg","type":"","width":"","height":""}],"author":"admin","twitter_card":"summary_large_image","twitter_misc":{"Escrito por":"admin","Tiempo de lectura":"4 minutos"},"schema":{"@context":"https:\/\/schema.org","@graph":[{"@type":"Article","@id":"https:\/\/lobosnews.com.ar\/index.php\/2026\/04\/28\/eddie-hearn-hace-realidad-una-pelea-sonada-y-une-a-dos-leyendas-que-se-sabe-sobre-joshua-vs-fury\/#article","isPartOf":{"@id":"https:\/\/lobosnews.com.ar\/index.php\/2026\/04\/28\/eddie-hearn-hace-realidad-una-pelea-sonada-y-une-a-dos-leyendas-que-se-sabe-sobre-joshua-vs-fury\/"},"author":{"name":"admin","@id":"https:\/\/lobosnews.com.ar\/#\/schema\/person\/232422a593d5c541dd9aef6aaed10943"},"headline":"Eddie Hearn hace realidad una pelea so\u00f1ada y une a dos leyendas: qu\u00e9 se sabe sobre Joshua vs. Fury","datePublished":"2026-04-28T23:52:24+00:00","dateModified":"2026-04-29T02:42:01+00:00","mainEntityOfPage":{"@id":"https:\/\/lobosnews.com.ar\/index.php\/2026\/04\/28\/eddie-hearn-hace-realidad-una-pelea-sonada-y-une-a-dos-leyendas-que-se-sabe-sobre-joshua-vs-fury\/"},"wordCount":895,"commentCount":0,"publisher":{"@id":"https:\/\/lobosnews.com.ar\/#organization"},"image":{"@id":"https:\/\/lobosnews.com.ar\/index.php\/2026\/04\/28\/eddie-hearn-hace-realidad-una-pelea-sonada-y-une-a-dos-leyendas-que-se-sabe-sobre-joshua-vs-fury\/#primaryimage"},"thumbnailUrl":"https:\/\/lobosnews.com.ar\/wp-content\/uploads\/2026\/04\/eddie-hearn-hace-realidad-una-pelea-sonada-y-une-a-dos-leyendas-que-se-sabe-sobre-joshua-vs-fury.jpg","keywords":["Deportes"],"articleSection":["Argentina"],"inLanguage":"es","potentialAction":[{"@type":"CommentAction","name":"Comment","target":["https:\/\/lobosnews.com.ar\/index.php\/2026\/04\/28\/eddie-hearn-hace-realidad-una-pelea-sonada-y-une-a-dos-leyendas-que-se-sabe-sobre-joshua-vs-fury\/#respond"]}]},{"@type":"WebPage","@id":"https:\/\/lobosnews.com.ar\/index.php\/2026\/04\/28\/eddie-hearn-hace-realidad-una-pelea-sonada-y-une-a-dos-leyendas-que-se-sabe-sobre-joshua-vs-fury\/","url":"https:\/\/lobosnews.com.ar\/index.php\/2026\/04\/28\/eddie-hearn-hace-realidad-una-pelea-sonada-y-une-a-dos-leyendas-que-se-sabe-sobre-joshua-vs-fury\/","name":"Eddie Hearn hace realidad una pelea so\u00f1ada y une a dos leyendas: qu\u00e9 se sabe sobre Joshua vs. Fury - Lobos News","isPartOf":{"@id":"https:\/\/lobosnews.com.ar\/#website"},"primaryImageOfPage":{"@id":"https:\/\/lobosnews.com.ar\/index.php\/2026\/04\/28\/eddie-hearn-hace-realidad-una-pelea-sonada-y-une-a-dos-leyendas-que-se-sabe-sobre-joshua-vs-fury\/#primaryimage"},"image":{"@id":"https:\/\/lobosnews.com.ar\/index.php\/2026\/04\/28\/eddie-hearn-hace-realidad-una-pelea-sonada-y-une-a-dos-leyendas-que-se-sabe-sobre-joshua-vs-fury\/#primaryimage"},"thumbnailUrl":"https:\/\/lobosnews.com.ar\/wp-content\/uploads\/2026\/04\/eddie-hearn-hace-realidad-una-pelea-sonada-y-une-a-dos-leyendas-que-se-sabe-sobre-joshua-vs-fury.jpg","datePublished":"2026-04-28T23:52:24+00:00","dateModified":"2026-04-29T02:42:01+00:00","breadcrumb":{"@id":"https:\/\/lobosnews.com.ar\/index.php\/2026\/04\/28\/eddie-hearn-hace-realidad-una-pelea-sonada-y-une-a-dos-leyendas-que-se-sabe-sobre-joshua-vs-fury\/#breadcrumb"},"inLanguage":"es","potentialAction":[{"@type":"ReadAction","target":["https:\/\/lobosnews.com.ar\/index.php\/2026\/04\/28\/eddie-hearn-hace-realidad-una-pelea-sonada-y-une-a-dos-leyendas-que-se-sabe-sobre-joshua-vs-fury\/"]}]},{"@type":"ImageObject","inLanguage":"es","@id":"https:\/\/lobosnews.com.ar\/index.php\/2026\/04\/28\/eddie-hearn-hace-realidad-una-pelea-sonada-y-une-a-dos-leyendas-que-se-sabe-sobre-joshua-vs-fury\/#primaryimage","url":"https:\/\/lobosnews.com.ar\/wp-content\/uploads\/2026\/04\/eddie-hearn-hace-realidad-una-pelea-sonada-y-une-a-dos-leyendas-que-se-sabe-sobre-joshua-vs-fury.jpg","contentUrl":"https:\/\/lobosnews.com.ar\/wp-content\/uploads\/2026\/04\/eddie-hearn-hace-realidad-una-pelea-sonada-y-une-a-dos-leyendas-que-se-sabe-sobre-joshua-vs-fury.jpg"},{"@type":"BreadcrumbList","@id":"https:\/\/lobosnews.com.ar\/index.php\/2026\/04\/28\/eddie-hearn-hace-realidad-una-pelea-sonada-y-une-a-dos-leyendas-que-se-sabe-sobre-joshua-vs-fury\/#breadcrumb","itemListElement":[{"@type":"ListItem","position":1,"name":"Portada","item":"https:\/\/lobosnews.com.ar\/"},{"@type":"ListItem","position":2,"name":"Eddie Hearn hace realidad una pelea so\u00f1ada y une a dos leyendas: qu\u00e9 se sabe sobre Joshua vs. Fury"}]},{"@type":"WebSite","@id":"https:\/\/lobosnews.com.ar\/#website","url":"https:\/\/lobosnews.com.ar\/","name":"Lobos News","description":"Informaci\u00f3n a cada instante","publisher":{"@id":"https:\/\/lobosnews.com.ar\/#organization"},"potentialAction":[{"@type":"SearchAction","target":{"@type":"EntryPoint","urlTemplate":"https:\/\/lobosnews.com.ar\/?s={search_term_string}"},"query-input":{"@type":"PropertyValueSpecification","valueRequired":true,"valueName":"search_term_string"}}],"inLanguage":"es"},{"@type":"Organization","@id":"https:\/\/lobosnews.com.ar\/#organization","name":"Lobos News","url":"https:\/\/lobosnews.com.ar\/","logo":{"@type":"ImageObject","inLanguage":"es","@id":"https:\/\/lobosnews.com.ar\/#\/schema\/logo\/image\/","url":"https:\/\/lobosnews.com.ar\/wp-content\/uploads\/2026\/01\/logo-lobosnews.png","contentUrl":"https:\/\/lobosnews.com.ar\/wp-content\/uploads\/2026\/01\/logo-lobosnews.png","width":500,"height":200,"caption":"Lobos News"},"image":{"@id":"https:\/\/lobosnews.com.ar\/#\/schema\/logo\/image\/"}},{"@type":"Person","@id":"https:\/\/lobosnews.com.ar\/#\/schema\/person\/232422a593d5c541dd9aef6aaed10943","name":"admin","image":{"@type":"ImageObject","inLanguage":"es","@id":"https:\/\/lobosnews.com.ar\/#\/schema\/person\/image\/","url":"https:\/\/secure.gravatar.com\/avatar\/76e419471a2083bc3ceab22a763dbbf9b0c1bd15a6214cf3280e2c2dde4580f9?s=96&d=mm&r=g","contentUrl":"https:\/\/secure.gravatar.com\/avatar\/76e419471a2083bc3ceab22a763dbbf9b0c1bd15a6214cf3280e2c2dde4580f9?s=96&d=mm&r=g","caption":"admin"},"sameAs":["https:\/\/lobosnews.com.ar"],"url":"https:\/\/lobosnews.com.ar\/index.php\/author\/lobos-news\/"}]}},"jetpack_featured_media_url":"","jetpack_sharing_enabled":true,"_links":{"self":[{"href":"https:\/\/lobosnews.com.ar\/index.php\/wp-json\/wp\/v2\/posts\/46882","targetHints":{"allow":["GET"]}}],"collection":[{"href":"https:\/\/lobosnews.com.ar\/index.php\/wp-json\/wp\/v2\/posts"}],"about":[{"href":"https:\/\/lobosnews.com.ar\/index.php\/wp-json\/wp\/v2\/types\/post"}],"author":[{"embeddable":true,"href":"https:\/\/lobosnews.com.ar\/index.php\/wp-json\/wp\/v2\/users\/1"}],"replies":[{"embeddable":true,"href":"https:\/\/lobosnews.com.ar\/index.php\/wp-json\/wp\/v2\/comments?post=46882"}],"version-history":[{"count":1,"href":"https:\/\/lobosnews.com.ar\/index.php\/wp-json\/wp\/v2\/posts\/46882\/revisions"}],"predecessor-version":[{"id":46889,"href":"https:\/\/lobosnews.com.ar\/index.php\/wp-json\/wp\/v2\/posts\/46882\/revisions\/46889"}],"wp:attachment":[{"href":"https:\/\/lobosnews.com.ar\/index.php\/wp-json\/wp\/v2\/media?parent=46882"}],"wp:term":[{"taxonomy":"category","embeddable":true,"href":"https:\/\/lobosnews.com.ar\/index.php\/wp-json\/wp\/v2\/categories?post=46882"},{"taxonomy":"post_tag","embeddable":true,"href":"https:\/\/lobosnews.com.ar\/index.php\/wp-json\/wp\/v2\/tags?post=46882"}],"curies":[{"name":"wp","href":"https:\/\/api.w.org\/{rel}","templated":true}]}}