{"id":46868,"date":"2026-04-28T16:54:03","date_gmt":"2026-04-28T16:54:03","guid":{"rendered":"https:\/\/lobosnews.com.ar\/index.php\/2026\/04\/28\/detuvieron-a-la-pareja-del-jubilado-carbonizado-en-colegiales-creen-que-lo-mato-e-incendio-el-departamento-2\/"},"modified":"2026-04-28T21:11:39","modified_gmt":"2026-04-28T21:11:39","slug":"detuvieron-a-la-pareja-del-jubilado-carbonizado-en-colegiales-creen-que-lo-mato-e-incendio-el-departamento-2","status":"publish","type":"post","link":"https:\/\/lobosnews.com.ar\/index.php\/2026\/04\/28\/detuvieron-a-la-pareja-del-jubilado-carbonizado-en-colegiales-creen-que-lo-mato-e-incendio-el-departamento-2\/","title":{"rendered":"Detuvieron a la pareja del jubilado carbonizado en Colegiales: creen que lo mat\u00f3 e incendi\u00f3 el departamento"},"content":{"rendered":"<p><img loading=\"lazy\" decoding=\"async\" src=\"https:\/\/lobosnews.com.ar\/wp-content\/uploads\/2026\/04\/detuvieron-a-la-pareja-del-jubilado-carbonizado-en-colegiales-creen-que-lo-mato-e-incendio-el-departamento.jpg\" alt=\"La mujer acusada de asesinar a su pareja y prender fuego el departamento en Colegiales, detenida por la Polic\u00eda de la Ciudad.\" height=\"2588\" width=\"1920\"\/><\/p>\n<p>El caso de <b>Pedro Federico Arhancet<\/b>, el jubilado de 76 a\u00f1os que <span class=\"waslinkname\">fue hallado con un golpe en la cabeza y carbonizado<\/span>, luego de un incendio en su departamento <b>de la calle Moldes al 1100, en el barrio porte\u00f1o de Colegiales, tuvo un giro inesperado: <\/b>personal de la Divisi\u00f3n Homicidios de la Polic\u00eda de la Ciudad, detuvo el viernes pasado por la noche <b>a una mujer trans<\/b> -pareja de la v\u00edctima- como principal sospechosa de haberlo asesinado y luego prender fuego la propiedad. <\/p>\n<p>Seg\u00fan comunic\u00f3 oficialmente el Ministerio P\u00fablico Fiscal de la Naci\u00f3n, la detenci\u00f3n tras una r\u00e1pida investigaci\u00f3n llevada adelante por la <b>Fiscal\u00eda Nacional en lo Criminal y Correccional N\u00b040<\/b>, a cargo de <b>Mar\u00eda Eugenia Sagasta<\/b>. La mujer, de 36 a\u00f1os, fue arrestada en un departamento de la avenida Scalabrini Ortiz al 1100, en el barrio de Palermo, al que se hab\u00eda mudado el d\u00eda anterior al descubrimiento del cuerpo.<\/p>\n<p>Arhancet fue hallado por personal de Bomberos en la madrugada del jueves, tras sofocar el incendio. Seg\u00fan inform\u00f3 el MPF, la v\u00edctima fue encontrada tendida en el piso de una habitaci\u00f3n, presentaba <b>un golpe en la cabeza <\/b>y ten\u00eda <b>una pistola a su lado<\/b>. El informe preliminar de la autopsia -indic\u00f3 el organismo- revel\u00f3 que el hombre llevaba varios d\u00edas muerto al momento del incendio, aunque la causa precisa de la muerte a\u00fan no se determin\u00f3 y se esperan estudios complementarios. <\/p>\n<p>La imputada fue indagada ayer como supuesta autora del homicidio de su concubino por el <b>juez<\/b> <b>Mart\u00edn Peluso<\/b>, titular del <b>Juzgado Nacional en lo Criminal y Correccional N\u00b09<\/b>, con la intervenci\u00f3n de la secretar\u00eda de Diego Villanueva.<\/p>\n<p>En el marco de la investigaci\u00f3n, vecinos declararon que <b>Arhancet conviv\u00eda desde hac\u00eda seis a\u00f1os con la mujer tran<\/b>s y dos perros pitbull. Adem\u00e1s, detallaron que el <b>mi\u00e9rcoles al mediod\u00eda<\/b>, la mujer acudi\u00f3 con un flete para retirar sus pertenencias porque se hab\u00eda mudado. <\/p>\n<p>A partir de ah\u00ed, personal de la Divisi\u00f3n Homicidios y de la Divisi\u00f3n Criminal\u00edstica de la Polic\u00eda de la Ciudad analizaron las c\u00e1maras de seguridad del edificio y del Centro de Monitoreo Urbano (CMU), hasta que lograron identificar el veh\u00edculo utilizado para la mudanza y obtener as\u00ed la direcci\u00f3n donde se hab\u00eda trasladado la mujer. <\/p>\n<p><img loading=\"lazy\" decoding=\"async\" src=\"https:\/\/lobosnews.com.ar\/wp-content\/uploads\/2026\/04\/detuvieron-a-la-pareja-del-jubilado-carbonizado-en-colegiales-creen-que-lo-mato-e-incendio-el-departamento-2.jpg\" alt=\"Art\u00edculos y dinero en efectivo, parte de la evidencia secuestrada en el departamento donde estaba la mujer fue detenida \" height=\"1389\" width=\"1920\"\/><\/p>\n<p>Las grabaciones permitieron observar que, la noche del incendio, aproximadamente a la 1.30, una persona ingres\u00f3 por la cochera del edificio y sali\u00f3 cerca de una hora despu\u00e9s.<\/p>\n<p>Los detectives realizaron tareas de vigilancia en el nuevo domicilio de la sospechosa y al confirmar su presencia el viernes por la noche, a menos de un d\u00eda del hallazgo del cuerpo, el <b>juez Peluso<\/b> orden\u00f3 el allanamiento y la detenci\u00f3n. <\/p>\n<p>Seg\u00fan informaron la semana pasada fuentes del <b>Ministerio de Seguridad de la Ciudad de Buenos Aires <\/b>a <b>Infobae<\/b>, el incendio comenz\u00f3 en el octavo y \u00faltimo piso del edificio. El operativo cont\u00f3 con la colaboraci\u00f3n de la <b>Polic\u00eda Cient\u00edfica<\/b>, que trabaja en el lugar para iniciar las pericias y determinar las causas del incendio.<\/p>\n<h2>\u00bfBaleado y auchillado?<\/h2>\n<p>Si bien el comunicado oficial del Ministerio P\u00fablico Fiscal se\u00f1ala que la v\u00edctima presentaba un golpe en la cabeza, fuentes consultadas por <b>Infobae<\/b> indicaron que los an\u00e1lisis del cuerpo determinaron que el hombre <b>ten\u00eda una herida de arma blanca en el vientre y disparo de arma de fuego en la sien<\/b>.<\/p>\n<p>Adem\u00e1s, ratificaron que se hall\u00f3 un arma a cent\u00edmetros del cuerpo, con lo cual los peritos determinaron que se hab\u00eda iniciado un incendio luego del homicidio. <\/p>\n<p>\u201cEl cuerpo se hallaba en descomposici\u00f3n y la muerte databa de 90 horas\u201d, precisaron las fuentes consultadas por este medio. Los efectivos hallaron prendas de mujer y tambi\u00e9n faltaba el celular de la v\u00edctima.<\/p>\n","protected":false},"excerpt":{"rendered":"<p>El caso de Pedro Federico Arhancet, el jubilado de 76 a\u00f1os que fue hallado con un golpe en la cabeza y carbonizado, luego de un incendio en su departamento de la calle Moldes al 1100, en el barrio porte\u00f1o de Colegiales, tuvo un giro inesperado: personal de la Divisi\u00f3n Homicidios de la Polic\u00eda de la&#8230;<\/p>\n","protected":false},"author":1,"featured_media":46871,"comment_status":"open","ping_status":"closed","sticky":false,"template":"","format":"standard","meta":{"_jetpack_memberships_contains_paid_content":false,"footnotes":""},"categories":[31,30,32,77,84,35,36,37],"tags":[],"class_list":["post-46868","post","type-post","status-publish","format-standard","has-post-thumbnail","hentry","category-actualidad","category-argentina","category-economia","category-inseguridad","category-masradios-com","category-nacionales","category-seguridad","category-sociedad"],"magazineBlocksPostFeaturedMedia":{"thumbnail":"https:\/\/lobosnews.com.ar\/wp-content\/uploads\/2026\/04\/detuvieron-a-la-pareja-del-jubilado-carbonizado-en-colegiales-creen-que-lo-mato-e-incendio-el-departamento-3-150x150.jpg","medium":"https:\/\/lobosnews.com.ar\/wp-content\/uploads\/2026\/04\/detuvieron-a-la-pareja-del-jubilado-carbonizado-en-colegiales-creen-que-lo-mato-e-incendio-el-departamento-3-300x217.jpg","medium_large":"https:\/\/lobosnews.com.ar\/wp-content\/uploads\/2026\/04\/detuvieron-a-la-pareja-del-jubilado-carbonizado-en-colegiales-creen-que-lo-mato-e-incendio-el-departamento-3-768x556.jpg","large":"https:\/\/lobosnews.com.ar\/wp-content\/uploads\/2026\/04\/detuvieron-a-la-pareja-del-jubilado-carbonizado-en-colegiales-creen-que-lo-mato-e-incendio-el-departamento-3-1024x741.jpg","1536x1536":"https:\/\/lobosnews.com.ar\/wp-content\/uploads\/2026\/04\/detuvieron-a-la-pareja-del-jubilado-carbonizado-en-colegiales-creen-que-lo-mato-e-incendio-el-departamento-3-1536x1111.jpg","2048x2048":"https:\/\/lobosnews.com.ar\/wp-content\/uploads\/2026\/04\/detuvieron-a-la-pareja-del-jubilado-carbonizado-en-colegiales-creen-que-lo-mato-e-incendio-el-departamento-3.jpg","newsmatic-featured":"https:\/\/lobosnews.com.ar\/wp-content\/uploads\/2026\/04\/detuvieron-a-la-pareja-del-jubilado-carbonizado-en-colegiales-creen-que-lo-mato-e-incendio-el-departamento-3-820x545.jpg","newsmatic-list":"https:\/\/lobosnews.com.ar\/wp-content\/uploads\/2026\/04\/detuvieron-a-la-pareja-del-jubilado-carbonizado-en-colegiales-creen-que-lo-mato-e-incendio-el-departamento-3-600x400.jpg","newsmatic-thumb":"https:\/\/lobosnews.com.ar\/wp-content\/uploads\/2026\/04\/detuvieron-a-la-pareja-del-jubilado-carbonizado-en-colegiales-creen-que-lo-mato-e-incendio-el-departamento-3-300x200.jpg","newsmatic-small":"https:\/\/lobosnews.com.ar\/wp-content\/uploads\/2026\/04\/detuvieron-a-la-pareja-del-jubilado-carbonizado-en-colegiales-creen-que-lo-mato-e-incendio-el-departamento-3-150x95.jpg","newsmatic-grid":"https:\/\/lobosnews.com.ar\/wp-content\/uploads\/2026\/04\/detuvieron-a-la-pareja-del-jubilado-carbonizado-en-colegiales-creen-que-lo-mato-e-incendio-el-departamento-3-400x250.jpg"},"magazineBlocksPostAuthor":{"name":"admin","avatar":"https:\/\/secure.gravatar.com\/avatar\/76e419471a2083bc3ceab22a763dbbf9b0c1bd15a6214cf3280e2c2dde4580f9?s=96&d=mm&r=g"},"magazineBlocksPostCommentsNumber":"0","magazineBlocksPostExcerpt":"El caso de Pedro Federico Arhancet, el jubilado de 76 a\u00f1os que fue hallado con un golpe en la cabeza y carbonizado, luego de un incendio en su departamento de la calle Moldes al 1100, en el barrio porte\u00f1o de Colegiales, tuvo un giro inesperado: personal de la Divisi\u00f3n Homicidios de la Polic\u00eda de la...","magazineBlocksPostCategories":["Actualidad","Argentina","econom\u00eda","inseguridad","masradios.com","nacionales","seguridad","sociedad"],"magazineBlocksPostViewCount":2,"magazineBlocksPostReadTime":4,"magazine_blocks_featured_image_url":{"full":["https:\/\/lobosnews.com.ar\/wp-content\/uploads\/2026\/04\/detuvieron-a-la-pareja-del-jubilado-carbonizado-en-colegiales-creen-que-lo-mato-e-incendio-el-departamento-3.jpg",1920,1389,false],"medium":["https:\/\/lobosnews.com.ar\/wp-content\/uploads\/2026\/04\/detuvieron-a-la-pareja-del-jubilado-carbonizado-en-colegiales-creen-que-lo-mato-e-incendio-el-departamento-3-300x217.jpg",300,217,true],"thumbnail":["https:\/\/lobosnews.com.ar\/wp-content\/uploads\/2026\/04\/detuvieron-a-la-pareja-del-jubilado-carbonizado-en-colegiales-creen-que-lo-mato-e-incendio-el-departamento-3-150x150.jpg",150,150,true]},"magazine_blocks_author":{"display_name":"admin","author_link":"https:\/\/lobosnews.com.ar\/index.php\/author\/lobos-news\/"},"magazine_blocks_comment":0,"magazine_blocks_author_image":"https:\/\/secure.gravatar.com\/avatar\/76e419471a2083bc3ceab22a763dbbf9b0c1bd15a6214cf3280e2c2dde4580f9?s=96&d=mm&r=g","magazine_blocks_category":"<a href=\"#\" class=\"category-link category-link-31\">Actualidad<\/a> <a href=\"#\" class=\"category-link category-link-30\">Argentina<\/a> <a href=\"#\" class=\"category-link category-link-32\">econom\u00eda<\/a> <a href=\"#\" class=\"category-link category-link-77\">inseguridad<\/a> <a href=\"#\" class=\"category-link category-link-84\">masradios.com<\/a> <a href=\"#\" class=\"category-link category-link-35\">nacionales<\/a> <a href=\"#\" class=\"category-link category-link-36\">seguridad<\/a> <a href=\"#\" class=\"category-link category-link-37\">sociedad<\/a>","yoast_head":"<!-- This site is optimized with the Yoast SEO plugin v26.6 - https:\/\/yoast.com\/wordpress\/plugins\/seo\/ -->\n<title>Detuvieron a la pareja del jubilado carbonizado en Colegiales: creen que lo mat\u00f3 e incendi\u00f3 el departamento - Lobos News<\/title>\n<meta name=\"robots\" content=\"index, follow, max-snippet:-1, max-image-preview:large, max-video-preview:-1\" \/>\n<link rel=\"canonical\" href=\"https:\/\/lobosnews.com.ar\/index.php\/2026\/04\/28\/detuvieron-a-la-pareja-del-jubilado-carbonizado-en-colegiales-creen-que-lo-mato-e-incendio-el-departamento-2\/\" \/>\n<meta property=\"og:locale\" content=\"es_ES\" \/>\n<meta property=\"og:type\" content=\"article\" \/>\n<meta property=\"og:title\" content=\"Detuvieron a la pareja del jubilado carbonizado en Colegiales: creen que lo mat\u00f3 e incendi\u00f3 el departamento - Lobos News\" \/>\n<meta property=\"og:description\" content=\"El caso de Pedro Federico Arhancet, el jubilado de 76 a\u00f1os que fue hallado con un golpe en la cabeza y carbonizado, luego de un incendio en su departamento de la calle Moldes al 1100, en el barrio porte\u00f1o de Colegiales, tuvo un giro inesperado: personal de la Divisi\u00f3n Homicidios de la Polic\u00eda de la...\" \/>\n<meta property=\"og:url\" content=\"https:\/\/lobosnews.com.ar\/index.php\/2026\/04\/28\/detuvieron-a-la-pareja-del-jubilado-carbonizado-en-colegiales-creen-que-lo-mato-e-incendio-el-departamento-2\/\" \/>\n<meta property=\"og:site_name\" content=\"Lobos News\" \/>\n<meta property=\"article:published_time\" content=\"2026-04-28T16:54:03+00:00\" \/>\n<meta property=\"article:modified_time\" content=\"2026-04-28T21:11:39+00:00\" \/>\n<meta property=\"og:image\" content=\"https:\/\/lobosnews.com.ar\/wp-content\/uploads\/2026\/04\/detuvieron-a-la-pareja-del-jubilado-carbonizado-en-colegiales-creen-que-lo-mato-e-incendio-el-departamento.jpg\" \/>\n<meta name=\"author\" content=\"admin\" \/>\n<meta name=\"twitter:card\" content=\"summary_large_image\" \/>\n<meta name=\"twitter:label1\" content=\"Escrito por\" \/>\n\t<meta name=\"twitter:data1\" content=\"admin\" \/>\n\t<meta name=\"twitter:label2\" content=\"Tiempo de lectura\" \/>\n\t<meta name=\"twitter:data2\" content=\"3 minutos\" \/>\n<script type=\"application\/ld+json\" class=\"yoast-schema-graph\">{\"@context\":\"https:\/\/schema.org\",\"@graph\":[{\"@type\":\"Article\",\"@id\":\"https:\/\/lobosnews.com.ar\/index.php\/2026\/04\/28\/detuvieron-a-la-pareja-del-jubilado-carbonizado-en-colegiales-creen-que-lo-mato-e-incendio-el-departamento-2\/#article\",\"isPartOf\":{\"@id\":\"https:\/\/lobosnews.com.ar\/index.php\/2026\/04\/28\/detuvieron-a-la-pareja-del-jubilado-carbonizado-en-colegiales-creen-que-lo-mato-e-incendio-el-departamento-2\/\"},\"author\":{\"name\":\"admin\",\"@id\":\"https:\/\/lobosnews.com.ar\/#\/schema\/person\/232422a593d5c541dd9aef6aaed10943\"},\"headline\":\"Detuvieron a la pareja del jubilado carbonizado en Colegiales: creen que lo mat\u00f3 e incendi\u00f3 el departamento\",\"datePublished\":\"2026-04-28T16:54:03+00:00\",\"dateModified\":\"2026-04-28T21:11:39+00:00\",\"mainEntityOfPage\":{\"@id\":\"https:\/\/lobosnews.com.ar\/index.php\/2026\/04\/28\/detuvieron-a-la-pareja-del-jubilado-carbonizado-en-colegiales-creen-que-lo-mato-e-incendio-el-departamento-2\/\"},\"wordCount\":675,\"commentCount\":0,\"publisher\":{\"@id\":\"https:\/\/lobosnews.com.ar\/#organization\"},\"image\":{\"@id\":\"https:\/\/lobosnews.com.ar\/index.php\/2026\/04\/28\/detuvieron-a-la-pareja-del-jubilado-carbonizado-en-colegiales-creen-que-lo-mato-e-incendio-el-departamento-2\/#primaryimage\"},\"thumbnailUrl\":\"https:\/\/lobosnews.com.ar\/wp-content\/uploads\/2026\/04\/detuvieron-a-la-pareja-del-jubilado-carbonizado-en-colegiales-creen-que-lo-mato-e-incendio-el-departamento-3.jpg\",\"articleSection\":[\"Actualidad\",\"Argentina\",\"econom\u00eda\",\"inseguridad\",\"masradios.com\",\"nacionales\",\"seguridad\",\"sociedad\"],\"inLanguage\":\"es\",\"potentialAction\":[{\"@type\":\"CommentAction\",\"name\":\"Comment\",\"target\":[\"https:\/\/lobosnews.com.ar\/index.php\/2026\/04\/28\/detuvieron-a-la-pareja-del-jubilado-carbonizado-en-colegiales-creen-que-lo-mato-e-incendio-el-departamento-2\/#respond\"]}]},{\"@type\":\"WebPage\",\"@id\":\"https:\/\/lobosnews.com.ar\/index.php\/2026\/04\/28\/detuvieron-a-la-pareja-del-jubilado-carbonizado-en-colegiales-creen-que-lo-mato-e-incendio-el-departamento-2\/\",\"url\":\"https:\/\/lobosnews.com.ar\/index.php\/2026\/04\/28\/detuvieron-a-la-pareja-del-jubilado-carbonizado-en-colegiales-creen-que-lo-mato-e-incendio-el-departamento-2\/\",\"name\":\"Detuvieron a la pareja del jubilado carbonizado en Colegiales: creen que lo mat\u00f3 e incendi\u00f3 el departamento - Lobos News\",\"isPartOf\":{\"@id\":\"https:\/\/lobosnews.com.ar\/#website\"},\"primaryImageOfPage\":{\"@id\":\"https:\/\/lobosnews.com.ar\/index.php\/2026\/04\/28\/detuvieron-a-la-pareja-del-jubilado-carbonizado-en-colegiales-creen-que-lo-mato-e-incendio-el-departamento-2\/#primaryimage\"},\"image\":{\"@id\":\"https:\/\/lobosnews.com.ar\/index.php\/2026\/04\/28\/detuvieron-a-la-pareja-del-jubilado-carbonizado-en-colegiales-creen-que-lo-mato-e-incendio-el-departamento-2\/#primaryimage\"},\"thumbnailUrl\":\"https:\/\/lobosnews.com.ar\/wp-content\/uploads\/2026\/04\/detuvieron-a-la-pareja-del-jubilado-carbonizado-en-colegiales-creen-que-lo-mato-e-incendio-el-departamento-3.jpg\",\"datePublished\":\"2026-04-28T16:54:03+00:00\",\"dateModified\":\"2026-04-28T21:11:39+00:00\",\"breadcrumb\":{\"@id\":\"https:\/\/lobosnews.com.ar\/index.php\/2026\/04\/28\/detuvieron-a-la-pareja-del-jubilado-carbonizado-en-colegiales-creen-que-lo-mato-e-incendio-el-departamento-2\/#breadcrumb\"},\"inLanguage\":\"es\",\"potentialAction\":[{\"@type\":\"ReadAction\",\"target\":[\"https:\/\/lobosnews.com.ar\/index.php\/2026\/04\/28\/detuvieron-a-la-pareja-del-jubilado-carbonizado-en-colegiales-creen-que-lo-mato-e-incendio-el-departamento-2\/\"]}]},{\"@type\":\"ImageObject\",\"inLanguage\":\"es\",\"@id\":\"https:\/\/lobosnews.com.ar\/index.php\/2026\/04\/28\/detuvieron-a-la-pareja-del-jubilado-carbonizado-en-colegiales-creen-que-lo-mato-e-incendio-el-departamento-2\/#primaryimage\",\"url\":\"https:\/\/lobosnews.com.ar\/wp-content\/uploads\/2026\/04\/detuvieron-a-la-pareja-del-jubilado-carbonizado-en-colegiales-creen-que-lo-mato-e-incendio-el-departamento-3.jpg\",\"contentUrl\":\"https:\/\/lobosnews.com.ar\/wp-content\/uploads\/2026\/04\/detuvieron-a-la-pareja-del-jubilado-carbonizado-en-colegiales-creen-que-lo-mato-e-incendio-el-departamento-3.jpg\",\"width\":1920,\"height\":1389,\"caption\":\"Detuvieron a la pareja del jubilado carbonizado en Colegiales: creen que lo mat\u00f3 e incendi\u00f3 el departamento\"},{\"@type\":\"BreadcrumbList\",\"@id\":\"https:\/\/lobosnews.com.ar\/index.php\/2026\/04\/28\/detuvieron-a-la-pareja-del-jubilado-carbonizado-en-colegiales-creen-que-lo-mato-e-incendio-el-departamento-2\/#breadcrumb\",\"itemListElement\":[{\"@type\":\"ListItem\",\"position\":1,\"name\":\"Portada\",\"item\":\"https:\/\/lobosnews.com.ar\/\"},{\"@type\":\"ListItem\",\"position\":2,\"name\":\"Detuvieron a la pareja del jubilado carbonizado en Colegiales: creen que lo mat\u00f3 e incendi\u00f3 el departamento\"}]},{\"@type\":\"WebSite\",\"@id\":\"https:\/\/lobosnews.com.ar\/#website\",\"url\":\"https:\/\/lobosnews.com.ar\/\",\"name\":\"Lobos News\",\"description\":\"Informaci\u00f3n a cada instante\",\"publisher\":{\"@id\":\"https:\/\/lobosnews.com.ar\/#organization\"},\"potentialAction\":[{\"@type\":\"SearchAction\",\"target\":{\"@type\":\"EntryPoint\",\"urlTemplate\":\"https:\/\/lobosnews.com.ar\/?s={search_term_string}\"},\"query-input\":{\"@type\":\"PropertyValueSpecification\",\"valueRequired\":true,\"valueName\":\"search_term_string\"}}],\"inLanguage\":\"es\"},{\"@type\":\"Organization\",\"@id\":\"https:\/\/lobosnews.com.ar\/#organization\",\"name\":\"Lobos News\",\"url\":\"https:\/\/lobosnews.com.ar\/\",\"logo\":{\"@type\":\"ImageObject\",\"inLanguage\":\"es\",\"@id\":\"https:\/\/lobosnews.com.ar\/#\/schema\/logo\/image\/\",\"url\":\"https:\/\/lobosnews.com.ar\/wp-content\/uploads\/2026\/01\/logo-lobosnews.png\",\"contentUrl\":\"https:\/\/lobosnews.com.ar\/wp-content\/uploads\/2026\/01\/logo-lobosnews.png\",\"width\":500,\"height\":200,\"caption\":\"Lobos News\"},\"image\":{\"@id\":\"https:\/\/lobosnews.com.ar\/#\/schema\/logo\/image\/\"}},{\"@type\":\"Person\",\"@id\":\"https:\/\/lobosnews.com.ar\/#\/schema\/person\/232422a593d5c541dd9aef6aaed10943\",\"name\":\"admin\",\"image\":{\"@type\":\"ImageObject\",\"inLanguage\":\"es\",\"@id\":\"https:\/\/lobosnews.com.ar\/#\/schema\/person\/image\/\",\"url\":\"https:\/\/secure.gravatar.com\/avatar\/76e419471a2083bc3ceab22a763dbbf9b0c1bd15a6214cf3280e2c2dde4580f9?s=96&d=mm&r=g\",\"contentUrl\":\"https:\/\/secure.gravatar.com\/avatar\/76e419471a2083bc3ceab22a763dbbf9b0c1bd15a6214cf3280e2c2dde4580f9?s=96&d=mm&r=g\",\"caption\":\"admin\"},\"sameAs\":[\"https:\/\/lobosnews.com.ar\"],\"url\":\"https:\/\/lobosnews.com.ar\/index.php\/author\/lobos-news\/\"}]}<\/script>\n<!-- \/ Yoast SEO plugin. -->","yoast_head_json":{"title":"Detuvieron a la pareja del jubilado carbonizado en Colegiales: creen que lo mat\u00f3 e incendi\u00f3 el departamento - Lobos News","robots":{"index":"index","follow":"follow","max-snippet":"max-snippet:-1","max-image-preview":"max-image-preview:large","max-video-preview":"max-video-preview:-1"},"canonical":"https:\/\/lobosnews.com.ar\/index.php\/2026\/04\/28\/detuvieron-a-la-pareja-del-jubilado-carbonizado-en-colegiales-creen-que-lo-mato-e-incendio-el-departamento-2\/","og_locale":"es_ES","og_type":"article","og_title":"Detuvieron a la pareja del jubilado carbonizado en Colegiales: creen que lo mat\u00f3 e incendi\u00f3 el departamento - Lobos News","og_description":"El caso de Pedro Federico Arhancet, el jubilado de 76 a\u00f1os que fue hallado con un golpe en la cabeza y carbonizado, luego de un incendio en su departamento de la calle Moldes al 1100, en el barrio porte\u00f1o de Colegiales, tuvo un giro inesperado: personal de la Divisi\u00f3n Homicidios de la Polic\u00eda de la...","og_url":"https:\/\/lobosnews.com.ar\/index.php\/2026\/04\/28\/detuvieron-a-la-pareja-del-jubilado-carbonizado-en-colegiales-creen-que-lo-mato-e-incendio-el-departamento-2\/","og_site_name":"Lobos News","article_published_time":"2026-04-28T16:54:03+00:00","article_modified_time":"2026-04-28T21:11:39+00:00","og_image":[{"url":"https:\/\/lobosnews.com.ar\/wp-content\/uploads\/2026\/04\/detuvieron-a-la-pareja-del-jubilado-carbonizado-en-colegiales-creen-que-lo-mato-e-incendio-el-departamento.jpg","type":"","width":"","height":""}],"author":"admin","twitter_card":"summary_large_image","twitter_misc":{"Escrito por":"admin","Tiempo de lectura":"3 minutos"},"schema":{"@context":"https:\/\/schema.org","@graph":[{"@type":"Article","@id":"https:\/\/lobosnews.com.ar\/index.php\/2026\/04\/28\/detuvieron-a-la-pareja-del-jubilado-carbonizado-en-colegiales-creen-que-lo-mato-e-incendio-el-departamento-2\/#article","isPartOf":{"@id":"https:\/\/lobosnews.com.ar\/index.php\/2026\/04\/28\/detuvieron-a-la-pareja-del-jubilado-carbonizado-en-colegiales-creen-que-lo-mato-e-incendio-el-departamento-2\/"},"author":{"name":"admin","@id":"https:\/\/lobosnews.com.ar\/#\/schema\/person\/232422a593d5c541dd9aef6aaed10943"},"headline":"Detuvieron a la pareja del jubilado carbonizado en Colegiales: creen que lo mat\u00f3 e incendi\u00f3 el departamento","datePublished":"2026-04-28T16:54:03+00:00","dateModified":"2026-04-28T21:11:39+00:00","mainEntityOfPage":{"@id":"https:\/\/lobosnews.com.ar\/index.php\/2026\/04\/28\/detuvieron-a-la-pareja-del-jubilado-carbonizado-en-colegiales-creen-que-lo-mato-e-incendio-el-departamento-2\/"},"wordCount":675,"commentCount":0,"publisher":{"@id":"https:\/\/lobosnews.com.ar\/#organization"},"image":{"@id":"https:\/\/lobosnews.com.ar\/index.php\/2026\/04\/28\/detuvieron-a-la-pareja-del-jubilado-carbonizado-en-colegiales-creen-que-lo-mato-e-incendio-el-departamento-2\/#primaryimage"},"thumbnailUrl":"https:\/\/lobosnews.com.ar\/wp-content\/uploads\/2026\/04\/detuvieron-a-la-pareja-del-jubilado-carbonizado-en-colegiales-creen-que-lo-mato-e-incendio-el-departamento-3.jpg","articleSection":["Actualidad","Argentina","econom\u00eda","inseguridad","masradios.com","nacionales","seguridad","sociedad"],"inLanguage":"es","potentialAction":[{"@type":"CommentAction","name":"Comment","target":["https:\/\/lobosnews.com.ar\/index.php\/2026\/04\/28\/detuvieron-a-la-pareja-del-jubilado-carbonizado-en-colegiales-creen-que-lo-mato-e-incendio-el-departamento-2\/#respond"]}]},{"@type":"WebPage","@id":"https:\/\/lobosnews.com.ar\/index.php\/2026\/04\/28\/detuvieron-a-la-pareja-del-jubilado-carbonizado-en-colegiales-creen-que-lo-mato-e-incendio-el-departamento-2\/","url":"https:\/\/lobosnews.com.ar\/index.php\/2026\/04\/28\/detuvieron-a-la-pareja-del-jubilado-carbonizado-en-colegiales-creen-que-lo-mato-e-incendio-el-departamento-2\/","name":"Detuvieron a la pareja del jubilado carbonizado en Colegiales: creen que lo mat\u00f3 e incendi\u00f3 el departamento - Lobos News","isPartOf":{"@id":"https:\/\/lobosnews.com.ar\/#website"},"primaryImageOfPage":{"@id":"https:\/\/lobosnews.com.ar\/index.php\/2026\/04\/28\/detuvieron-a-la-pareja-del-jubilado-carbonizado-en-colegiales-creen-que-lo-mato-e-incendio-el-departamento-2\/#primaryimage"},"image":{"@id":"https:\/\/lobosnews.com.ar\/index.php\/2026\/04\/28\/detuvieron-a-la-pareja-del-jubilado-carbonizado-en-colegiales-creen-que-lo-mato-e-incendio-el-departamento-2\/#primaryimage"},"thumbnailUrl":"https:\/\/lobosnews.com.ar\/wp-content\/uploads\/2026\/04\/detuvieron-a-la-pareja-del-jubilado-carbonizado-en-colegiales-creen-que-lo-mato-e-incendio-el-departamento-3.jpg","datePublished":"2026-04-28T16:54:03+00:00","dateModified":"2026-04-28T21:11:39+00:00","breadcrumb":{"@id":"https:\/\/lobosnews.com.ar\/index.php\/2026\/04\/28\/detuvieron-a-la-pareja-del-jubilado-carbonizado-en-colegiales-creen-que-lo-mato-e-incendio-el-departamento-2\/#breadcrumb"},"inLanguage":"es","potentialAction":[{"@type":"ReadAction","target":["https:\/\/lobosnews.com.ar\/index.php\/2026\/04\/28\/detuvieron-a-la-pareja-del-jubilado-carbonizado-en-colegiales-creen-que-lo-mato-e-incendio-el-departamento-2\/"]}]},{"@type":"ImageObject","inLanguage":"es","@id":"https:\/\/lobosnews.com.ar\/index.php\/2026\/04\/28\/detuvieron-a-la-pareja-del-jubilado-carbonizado-en-colegiales-creen-que-lo-mato-e-incendio-el-departamento-2\/#primaryimage","url":"https:\/\/lobosnews.com.ar\/wp-content\/uploads\/2026\/04\/detuvieron-a-la-pareja-del-jubilado-carbonizado-en-colegiales-creen-que-lo-mato-e-incendio-el-departamento-3.jpg","contentUrl":"https:\/\/lobosnews.com.ar\/wp-content\/uploads\/2026\/04\/detuvieron-a-la-pareja-del-jubilado-carbonizado-en-colegiales-creen-que-lo-mato-e-incendio-el-departamento-3.jpg","width":1920,"height":1389,"caption":"Detuvieron a la pareja del jubilado carbonizado en Colegiales: creen que lo mat\u00f3 e incendi\u00f3 el departamento"},{"@type":"BreadcrumbList","@id":"https:\/\/lobosnews.com.ar\/index.php\/2026\/04\/28\/detuvieron-a-la-pareja-del-jubilado-carbonizado-en-colegiales-creen-que-lo-mato-e-incendio-el-departamento-2\/#breadcrumb","itemListElement":[{"@type":"ListItem","position":1,"name":"Portada","item":"https:\/\/lobosnews.com.ar\/"},{"@type":"ListItem","position":2,"name":"Detuvieron a la pareja del jubilado carbonizado en Colegiales: creen que lo mat\u00f3 e incendi\u00f3 el departamento"}]},{"@type":"WebSite","@id":"https:\/\/lobosnews.com.ar\/#website","url":"https:\/\/lobosnews.com.ar\/","name":"Lobos News","description":"Informaci\u00f3n a cada instante","publisher":{"@id":"https:\/\/lobosnews.com.ar\/#organization"},"potentialAction":[{"@type":"SearchAction","target":{"@type":"EntryPoint","urlTemplate":"https:\/\/lobosnews.com.ar\/?s={search_term_string}"},"query-input":{"@type":"PropertyValueSpecification","valueRequired":true,"valueName":"search_term_string"}}],"inLanguage":"es"},{"@type":"Organization","@id":"https:\/\/lobosnews.com.ar\/#organization","name":"Lobos News","url":"https:\/\/lobosnews.com.ar\/","logo":{"@type":"ImageObject","inLanguage":"es","@id":"https:\/\/lobosnews.com.ar\/#\/schema\/logo\/image\/","url":"https:\/\/lobosnews.com.ar\/wp-content\/uploads\/2026\/01\/logo-lobosnews.png","contentUrl":"https:\/\/lobosnews.com.ar\/wp-content\/uploads\/2026\/01\/logo-lobosnews.png","width":500,"height":200,"caption":"Lobos News"},"image":{"@id":"https:\/\/lobosnews.com.ar\/#\/schema\/logo\/image\/"}},{"@type":"Person","@id":"https:\/\/lobosnews.com.ar\/#\/schema\/person\/232422a593d5c541dd9aef6aaed10943","name":"admin","image":{"@type":"ImageObject","inLanguage":"es","@id":"https:\/\/lobosnews.com.ar\/#\/schema\/person\/image\/","url":"https:\/\/secure.gravatar.com\/avatar\/76e419471a2083bc3ceab22a763dbbf9b0c1bd15a6214cf3280e2c2dde4580f9?s=96&d=mm&r=g","contentUrl":"https:\/\/secure.gravatar.com\/avatar\/76e419471a2083bc3ceab22a763dbbf9b0c1bd15a6214cf3280e2c2dde4580f9?s=96&d=mm&r=g","caption":"admin"},"sameAs":["https:\/\/lobosnews.com.ar"],"url":"https:\/\/lobosnews.com.ar\/index.php\/author\/lobos-news\/"}]}},"jetpack_featured_media_url":"https:\/\/lobosnews.com.ar\/wp-content\/uploads\/2026\/04\/detuvieron-a-la-pareja-del-jubilado-carbonizado-en-colegiales-creen-que-lo-mato-e-incendio-el-departamento-3.jpg","jetpack_sharing_enabled":true,"_links":{"self":[{"href":"https:\/\/lobosnews.com.ar\/index.php\/wp-json\/wp\/v2\/posts\/46868","targetHints":{"allow":["GET"]}}],"collection":[{"href":"https:\/\/lobosnews.com.ar\/index.php\/wp-json\/wp\/v2\/posts"}],"about":[{"href":"https:\/\/lobosnews.com.ar\/index.php\/wp-json\/wp\/v2\/types\/post"}],"author":[{"embeddable":true,"href":"https:\/\/lobosnews.com.ar\/index.php\/wp-json\/wp\/v2\/users\/1"}],"replies":[{"embeddable":true,"href":"https:\/\/lobosnews.com.ar\/index.php\/wp-json\/wp\/v2\/comments?post=46868"}],"version-history":[{"count":1,"href":"https:\/\/lobosnews.com.ar\/index.php\/wp-json\/wp\/v2\/posts\/46868\/revisions"}],"predecessor-version":[{"id":46870,"href":"https:\/\/lobosnews.com.ar\/index.php\/wp-json\/wp\/v2\/posts\/46868\/revisions\/46870"}],"wp:featuredmedia":[{"embeddable":true,"href":"https:\/\/lobosnews.com.ar\/index.php\/wp-json\/wp\/v2\/media\/46871"}],"wp:attachment":[{"href":"https:\/\/lobosnews.com.ar\/index.php\/wp-json\/wp\/v2\/media?parent=46868"}],"wp:term":[{"taxonomy":"category","embeddable":true,"href":"https:\/\/lobosnews.com.ar\/index.php\/wp-json\/wp\/v2\/categories?post=46868"},{"taxonomy":"post_tag","embeddable":true,"href":"https:\/\/lobosnews.com.ar\/index.php\/wp-json\/wp\/v2\/tags?post=46868"}],"curies":[{"name":"wp","href":"https:\/\/api.w.org\/{rel}","templated":true}]}}