{"id":46855,"date":"2026-04-28T18:17:16","date_gmt":"2026-04-28T18:17:16","guid":{"rendered":"https:\/\/lobosnews.com.ar\/index.php\/2026\/04\/28\/detuvieron-al-hombre-acusado-de-darle-brutales-golpizas-y-amenazar-de-muerte-a-su-expareja-en-pilar-sera-indagado\/"},"modified":"2026-04-28T21:10:40","modified_gmt":"2026-04-28T21:10:40","slug":"detuvieron-al-hombre-acusado-de-darle-brutales-golpizas-y-amenazar-de-muerte-a-su-expareja-en-pilar-sera-indagado","status":"publish","type":"post","link":"https:\/\/lobosnews.com.ar\/index.php\/2026\/04\/28\/detuvieron-al-hombre-acusado-de-darle-brutales-golpizas-y-amenazar-de-muerte-a-su-expareja-en-pilar-sera-indagado\/","title":{"rendered":"Detuvieron al hombre acusado de darle brutales golpizas y amenazar de muerte a su expareja en Pilar: ser\u00e1 indagado"},"content":{"rendered":"<p>Luego de casi seis meses de investigaci\u00f3n, este martes detuvieron a<b> <\/b><span class=\"waslinkname\"><i><b>Federico Nicol\u00e1s Balbuena (34)<\/b><\/i><\/span>, acusado de propinarle <span class=\"waslinkname\"><i><b>brutales golpizas<\/b><\/i><\/span> y amenazar de muerte a su expareja, Camila Natalia. Se le imputa el delito de <b>lesiones agravadas en contexto de vionecia de g\u00e9nero y abuso sexual con acceso carnal<\/b>. Ser\u00e1 indagado.<\/p>\n<p>La captura fue solicitada por la fiscal <b>Marcela Semer\u00eda<\/b>, titular de la UFI N\u00b0 14 Descentralizada de Pilar, especializada en violencia de g\u00e9nero, apenas tres d\u00edas despu\u00e9s de que la v\u00edctima difundiera en redes sociales los videos de las agresiones.<\/p>\n<p>Seg\u00fan pudo saber <b>Infobae<\/b>, la decisi\u00f3n se aceler\u00f3 tras la incorporaci\u00f3n de un nuevo fragmento de la filmaci\u00f3n, que permiti\u00f3 \u201ccerrar la secuencia completa de los hechos de violencia\u201d que ser\u00e1n objeto de la denuncia.<\/p>\n<p><b>La v\u00edctima declar\u00f3 este martes y confirm\u00f3 que no hab\u00eda vuelto a ser acosada ni agredida desde el allanamiento realizado a Balbuena en enero<\/b>. Tambi\u00e9n manifest\u00f3 su malestar porque el Tribunal de Familia de Malvinas Argentinas le deneg\u00f3 la pr\u00f3rroga de la medida cautelar.<\/p>\n<p>En ese contexto, <b>Balbuena fue localizado en su domicilio, en un country de la zona, donde permanec\u00eda oculto<\/b>, y detenido por efectivos de la Polic\u00eda Bonaerense de Pilar.<\/p>\n<p><img loading=\"lazy\" decoding=\"async\" src=\"https:\/\/lobosnews.com.ar\/wp-content\/uploads\/2026\/04\/detuvieron-al-hombre-acusado-de-darle-brutales-golpizas-y-amenazar-de-muerte-a-su-expareja-en-pilar-sera-indagado.jpg\" alt=\"Federico Nicol\u00e1s Blabuena tiene 34 a\u00f1os y es el due\u00f1o de una agencia de autos \" height=\"1080\" width=\"1920\"\/><\/p>\n<p>Seg\u00fan reconstruy\u00f3 la investigaci\u00f3n, el agresor conoci\u00f3 a la v\u00edctima mientras ambos trabajaban en la agencia de autos <i>Car Center Adjudicados<\/i>, ubicada en Luj\u00e1n, de la que \u00e9l es due\u00f1o y ella socia. <b>Mantuvieron una relaci\u00f3n de pareja durante cinco a\u00f1os, de los cuales convivieron tres, hasta su separaci\u00f3n en noviembre de 2024<\/b>. Tras la ruptura, sin embargo, siguieron trabajando juntos.<\/p>\n<p>Testimonios incorporados al expediente dieron cuenta de un v\u00ednculo signado por situaciones de <b>maltrato y denigraci\u00f3n<\/b>. La fiscal\u00eda tom\u00f3 declaraci\u00f3n a seis personas, entre ellas compa\u00f1eros de trabajo de la pareja, que manifestaron que \u00e9l la maltrataba y la denigraba delante de terceros.<\/p>\n<p>En su historial judicial, Balbuena registra varios antecedentes: tiene <b>al menos cuatro denuncias por estafa y una denuncia previa por abuso sexual<\/b>,<b> <\/b>radicada por otra mujer en una jurisdicci\u00f3n distinta.<\/p>\n<p>En el marco de la investigaci\u00f3n actual, en enero de 2026 se realiz\u00f3 un <b>allanamiento en su domicilio<\/b>, donde se secuestraron dos <b>pistolas Glock calibre 9 mil\u00edmetros <\/b>que estaban registradas a su nombre. De acuerdo con las fuentes consultadas, la denunciante no refiri\u00f3 haber sido amenazada con armas de fuego.<\/p>\n<p><img loading=\"lazy\" decoding=\"async\" src=\"https:\/\/lobosnews.com.ar\/wp-content\/uploads\/2026\/04\/detuvieron-al-hombre-acusado-de-darle-brutales-golpizas-y-amenazar-de-muerte-a-su-expareja-en-pilar-sera-indagado-1.jpg\" alt=\"En enero de 2026 se realiz\u00f3 un allanamiento en el domicilio de Balbuena y se secuestraron dos pistolas Glock calibre 9 mil\u00edmetros que estaban registradas a su nombre \" height=\"3076\" width=\"1920\"\/><\/p>\n<h2>Im\u00e1genes aterradoras<\/h2>\n<p>Todo comenz\u00f3 este s\u00e1bado cuando, la victima apel\u00f3 a las redes sociales para denunciar la pesadilla que viv\u00eda desde hace varios meses: <\/p>\n<p>\u201c<b>Me cans\u00e9 que nadie me escuche. (Balbuena) me dej\u00f3 internada, con la cara destruida. Una semana encerrada sin poder salir<\/b>\u201d, cont\u00f3 la damnificada en un posteo que comparti\u00f3 en su perfil de la red social Facebook, junto a los videos que muestran el calvario que padeci\u00f3 en el \u00faltimo tiempo. <\/p>\n<p>Las brutales golpizas que sufri\u00f3 Camila Natalia fueron registradas por las c\u00e1maras de seguridad instaladas en el interior de su departamento. Las mismas dan cuenta de la violencia y la sa\u00f1a con la que Federico Nicol\u00e1s Balbuena la atac\u00f3 en distintas oportunidades.<\/p>\n<p><img loading=\"lazy\" decoding=\"async\" src=\"https:\/\/lobosnews.com.ar\/wp-content\/uploads\/2026\/04\/detuvieron-al-hombre-acusado-de-darle-brutales-golpizas-y-amenazar-de-muerte-a-su-expareja-en-pilar-sera-indagado-2.jpg\" alt=\"Las im\u00e1genes muestran los brutales castigos que Federico Balbuena le aplic\u00f3 a Camila. \" height=\"1080\" width=\"1920\"\/><\/p>\n<p>De acuerdo a lo que muestran las grabaciones que comparti\u00f3 la denunciante, uno de los violentos episodios ocurri\u00f3 a plena luz del d\u00eda, mientras Balbuena se dispon\u00eda a abrir la ventana que da al balc\u00f3n del domicilio. En ese momento, y en medio de una acalorada discusi\u00f3n, <b>el atacante fij\u00f3 su mirada en los ojos de Camila, la tom\u00f3 de sus ropas y la arroj\u00f3 al sill\u00f3n del living. <\/b><\/p>\n<p>Ya reducida, Camila no pudo defenderse del salvaje castigo de su ex, quien le comenz\u00f3 a propinar<b> golpes de pu\u00f1o<\/b> mientras la sujetaba contra los almohadones. <\/p>\n<p>La desesperante situaci\u00f3n se traslad\u00f3 a la cocina del departamento, donde <b>Balbuena zamarre\u00f3 a la v\u00edctima, la tirone\u00f3 del pelo e intent\u00f3 asfixiarla. <\/b><\/p>\n<p>\u201cEste COBARDE \u2026 es Federico Nicol\u00e1s BALBUENA. HOY con varias Causas Penales, dos de ellas por Abuso Sexual\u2026 SIGUE LIBRE\u201c, denunci\u00f3 Camila en su publicaci\u00f3n, la cual se viraliz\u00f3 de inmediato. <\/p>\n<p>\u201cYo no puedo salir a la calle porque anda armado. Qui\u00e9n me lo puede explicar??? Qui\u00e9n lo encubre? El sistema est\u00e1 fallando y nos est\u00e1 poniendo en riesgo. H<b>oy estoy sola y expuesta por la Justicia. Vivo con miedo. No s\u00f3lo por m\u00ed, sino por mi familia<\/b>\u201d, plante\u00f3 Camila en su descargo. <\/p>\n","protected":false},"excerpt":{"rendered":"<p>Luego de casi seis meses de investigaci\u00f3n, este martes detuvieron a Federico Nicol\u00e1s Balbuena (34), acusado de propinarle brutales golpizas y amenazar de muerte a su expareja, Camila Natalia. Se le imputa el delito de lesiones agravadas en contexto de vionecia de g\u00e9nero y abuso sexual con acceso carnal. Ser\u00e1 indagado. La captura fue solicitada&#8230;<\/p>\n","protected":false},"author":1,"featured_media":46863,"comment_status":"open","ping_status":"closed","sticky":false,"template":"","format":"standard","meta":{"_jetpack_memberships_contains_paid_content":false,"footnotes":""},"categories":[31,30,32,77,84,35,36,37],"tags":[],"class_list":["post-46855","post","type-post","status-publish","format-standard","has-post-thumbnail","hentry","category-actualidad","category-argentina","category-economia","category-inseguridad","category-masradios-com","category-nacionales","category-seguridad","category-sociedad"],"magazineBlocksPostFeaturedMedia":{"thumbnail":"https:\/\/lobosnews.com.ar\/wp-content\/uploads\/2026\/04\/detuvieron-al-hombre-acusado-de-darle-brutales-golpizas-y-amenazar-de-muerte-a-su-expareja-en-pilar-sera-indagado-6-150x150.jpg","medium":"https:\/\/lobosnews.com.ar\/wp-content\/uploads\/2026\/04\/detuvieron-al-hombre-acusado-de-darle-brutales-golpizas-y-amenazar-de-muerte-a-su-expareja-en-pilar-sera-indagado-6-300x169.jpg","medium_large":"https:\/\/lobosnews.com.ar\/wp-content\/uploads\/2026\/04\/detuvieron-al-hombre-acusado-de-darle-brutales-golpizas-y-amenazar-de-muerte-a-su-expareja-en-pilar-sera-indagado-6-768x432.jpg","large":"https:\/\/lobosnews.com.ar\/wp-content\/uploads\/2026\/04\/detuvieron-al-hombre-acusado-de-darle-brutales-golpizas-y-amenazar-de-muerte-a-su-expareja-en-pilar-sera-indagado-6-1024x576.jpg","1536x1536":"https:\/\/lobosnews.com.ar\/wp-content\/uploads\/2026\/04\/detuvieron-al-hombre-acusado-de-darle-brutales-golpizas-y-amenazar-de-muerte-a-su-expareja-en-pilar-sera-indagado-6-1536x864.jpg","2048x2048":"https:\/\/lobosnews.com.ar\/wp-content\/uploads\/2026\/04\/detuvieron-al-hombre-acusado-de-darle-brutales-golpizas-y-amenazar-de-muerte-a-su-expareja-en-pilar-sera-indagado-6.jpg","newsmatic-featured":"https:\/\/lobosnews.com.ar\/wp-content\/uploads\/2026\/04\/detuvieron-al-hombre-acusado-de-darle-brutales-golpizas-y-amenazar-de-muerte-a-su-expareja-en-pilar-sera-indagado-6-820x545.jpg","newsmatic-list":"https:\/\/lobosnews.com.ar\/wp-content\/uploads\/2026\/04\/detuvieron-al-hombre-acusado-de-darle-brutales-golpizas-y-amenazar-de-muerte-a-su-expareja-en-pilar-sera-indagado-6-600x400.jpg","newsmatic-thumb":"https:\/\/lobosnews.com.ar\/wp-content\/uploads\/2026\/04\/detuvieron-al-hombre-acusado-de-darle-brutales-golpizas-y-amenazar-de-muerte-a-su-expareja-en-pilar-sera-indagado-6-300x200.jpg","newsmatic-small":"https:\/\/lobosnews.com.ar\/wp-content\/uploads\/2026\/04\/detuvieron-al-hombre-acusado-de-darle-brutales-golpizas-y-amenazar-de-muerte-a-su-expareja-en-pilar-sera-indagado-6-150x95.jpg","newsmatic-grid":"https:\/\/lobosnews.com.ar\/wp-content\/uploads\/2026\/04\/detuvieron-al-hombre-acusado-de-darle-brutales-golpizas-y-amenazar-de-muerte-a-su-expareja-en-pilar-sera-indagado-6-400x250.jpg"},"magazineBlocksPostAuthor":{"name":"admin","avatar":"https:\/\/secure.gravatar.com\/avatar\/76e419471a2083bc3ceab22a763dbbf9b0c1bd15a6214cf3280e2c2dde4580f9?s=96&d=mm&r=g"},"magazineBlocksPostCommentsNumber":"0","magazineBlocksPostExcerpt":"Luego de casi seis meses de investigaci\u00f3n, este martes detuvieron a Federico Nicol\u00e1s Balbuena (34), acusado de propinarle brutales golpizas y amenazar de muerte a su expareja, Camila Natalia. Se le imputa el delito de lesiones agravadas en contexto de vionecia de g\u00e9nero y abuso sexual con acceso carnal. Ser\u00e1 indagado. La captura fue solicitada...","magazineBlocksPostCategories":["Actualidad","Argentina","econom\u00eda","inseguridad","masradios.com","nacionales","seguridad","sociedad"],"magazineBlocksPostViewCount":2,"magazineBlocksPostReadTime":4,"magazine_blocks_featured_image_url":{"full":["https:\/\/lobosnews.com.ar\/wp-content\/uploads\/2026\/04\/detuvieron-al-hombre-acusado-de-darle-brutales-golpizas-y-amenazar-de-muerte-a-su-expareja-en-pilar-sera-indagado-6.jpg",1920,1080,false],"medium":["https:\/\/lobosnews.com.ar\/wp-content\/uploads\/2026\/04\/detuvieron-al-hombre-acusado-de-darle-brutales-golpizas-y-amenazar-de-muerte-a-su-expareja-en-pilar-sera-indagado-6-300x169.jpg",300,169,true],"thumbnail":["https:\/\/lobosnews.com.ar\/wp-content\/uploads\/2026\/04\/detuvieron-al-hombre-acusado-de-darle-brutales-golpizas-y-amenazar-de-muerte-a-su-expareja-en-pilar-sera-indagado-6-150x150.jpg",150,150,true]},"magazine_blocks_author":{"display_name":"admin","author_link":"https:\/\/lobosnews.com.ar\/index.php\/author\/lobos-news\/"},"magazine_blocks_comment":0,"magazine_blocks_author_image":"https:\/\/secure.gravatar.com\/avatar\/76e419471a2083bc3ceab22a763dbbf9b0c1bd15a6214cf3280e2c2dde4580f9?s=96&d=mm&r=g","magazine_blocks_category":"<a href=\"#\" class=\"category-link category-link-31\">Actualidad<\/a> <a href=\"#\" class=\"category-link category-link-30\">Argentina<\/a> <a href=\"#\" class=\"category-link category-link-32\">econom\u00eda<\/a> <a href=\"#\" class=\"category-link category-link-77\">inseguridad<\/a> <a href=\"#\" class=\"category-link category-link-84\">masradios.com<\/a> <a href=\"#\" class=\"category-link category-link-35\">nacionales<\/a> <a href=\"#\" class=\"category-link category-link-36\">seguridad<\/a> <a href=\"#\" class=\"category-link category-link-37\">sociedad<\/a>","yoast_head":"<!-- This site is optimized with the Yoast SEO plugin v26.6 - https:\/\/yoast.com\/wordpress\/plugins\/seo\/ -->\n<title>Detuvieron al hombre acusado de darle brutales golpizas y amenazar de muerte a su expareja en Pilar: ser\u00e1 indagado - Lobos News<\/title>\n<meta name=\"robots\" content=\"index, follow, max-snippet:-1, max-image-preview:large, max-video-preview:-1\" \/>\n<link rel=\"canonical\" href=\"https:\/\/lobosnews.com.ar\/index.php\/2026\/04\/28\/detuvieron-al-hombre-acusado-de-darle-brutales-golpizas-y-amenazar-de-muerte-a-su-expareja-en-pilar-sera-indagado\/\" \/>\n<meta property=\"og:locale\" content=\"es_ES\" \/>\n<meta property=\"og:type\" content=\"article\" \/>\n<meta property=\"og:title\" content=\"Detuvieron al hombre acusado de darle brutales golpizas y amenazar de muerte a su expareja en Pilar: ser\u00e1 indagado - Lobos News\" \/>\n<meta property=\"og:description\" content=\"Luego de casi seis meses de investigaci\u00f3n, este martes detuvieron a Federico Nicol\u00e1s Balbuena (34), acusado de propinarle brutales golpizas y amenazar de muerte a su expareja, Camila Natalia. Se le imputa el delito de lesiones agravadas en contexto de vionecia de g\u00e9nero y abuso sexual con acceso carnal. Ser\u00e1 indagado. La captura fue solicitada...\" \/>\n<meta property=\"og:url\" content=\"https:\/\/lobosnews.com.ar\/index.php\/2026\/04\/28\/detuvieron-al-hombre-acusado-de-darle-brutales-golpizas-y-amenazar-de-muerte-a-su-expareja-en-pilar-sera-indagado\/\" \/>\n<meta property=\"og:site_name\" content=\"Lobos News\" \/>\n<meta property=\"article:published_time\" content=\"2026-04-28T18:17:16+00:00\" \/>\n<meta property=\"article:modified_time\" content=\"2026-04-28T21:10:40+00:00\" \/>\n<meta property=\"og:image\" content=\"https:\/\/lobosnews.com.ar\/wp-content\/uploads\/2026\/04\/detuvieron-al-hombre-acusado-de-darle-brutales-golpizas-y-amenazar-de-muerte-a-su-expareja-en-pilar-sera-indagado.jpg\" \/>\n<meta name=\"author\" content=\"admin\" \/>\n<meta name=\"twitter:card\" content=\"summary_large_image\" \/>\n<meta name=\"twitter:label1\" content=\"Escrito por\" \/>\n\t<meta name=\"twitter:data1\" content=\"admin\" \/>\n\t<meta name=\"twitter:label2\" content=\"Tiempo de lectura\" \/>\n\t<meta name=\"twitter:data2\" content=\"4 minutos\" \/>\n<script type=\"application\/ld+json\" class=\"yoast-schema-graph\">{\"@context\":\"https:\/\/schema.org\",\"@graph\":[{\"@type\":\"Article\",\"@id\":\"https:\/\/lobosnews.com.ar\/index.php\/2026\/04\/28\/detuvieron-al-hombre-acusado-de-darle-brutales-golpizas-y-amenazar-de-muerte-a-su-expareja-en-pilar-sera-indagado\/#article\",\"isPartOf\":{\"@id\":\"https:\/\/lobosnews.com.ar\/index.php\/2026\/04\/28\/detuvieron-al-hombre-acusado-de-darle-brutales-golpizas-y-amenazar-de-muerte-a-su-expareja-en-pilar-sera-indagado\/\"},\"author\":{\"name\":\"admin\",\"@id\":\"https:\/\/lobosnews.com.ar\/#\/schema\/person\/232422a593d5c541dd9aef6aaed10943\"},\"headline\":\"Detuvieron al hombre acusado de darle brutales golpizas y amenazar de muerte a su expareja en Pilar: ser\u00e1 indagado\",\"datePublished\":\"2026-04-28T18:17:16+00:00\",\"dateModified\":\"2026-04-28T21:10:40+00:00\",\"mainEntityOfPage\":{\"@id\":\"https:\/\/lobosnews.com.ar\/index.php\/2026\/04\/28\/detuvieron-al-hombre-acusado-de-darle-brutales-golpizas-y-amenazar-de-muerte-a-su-expareja-en-pilar-sera-indagado\/\"},\"wordCount\":766,\"commentCount\":0,\"publisher\":{\"@id\":\"https:\/\/lobosnews.com.ar\/#organization\"},\"image\":{\"@id\":\"https:\/\/lobosnews.com.ar\/index.php\/2026\/04\/28\/detuvieron-al-hombre-acusado-de-darle-brutales-golpizas-y-amenazar-de-muerte-a-su-expareja-en-pilar-sera-indagado\/#primaryimage\"},\"thumbnailUrl\":\"https:\/\/lobosnews.com.ar\/wp-content\/uploads\/2026\/04\/detuvieron-al-hombre-acusado-de-darle-brutales-golpizas-y-amenazar-de-muerte-a-su-expareja-en-pilar-sera-indagado-6.jpg\",\"articleSection\":[\"Actualidad\",\"Argentina\",\"econom\u00eda\",\"inseguridad\",\"masradios.com\",\"nacionales\",\"seguridad\",\"sociedad\"],\"inLanguage\":\"es\",\"potentialAction\":[{\"@type\":\"CommentAction\",\"name\":\"Comment\",\"target\":[\"https:\/\/lobosnews.com.ar\/index.php\/2026\/04\/28\/detuvieron-al-hombre-acusado-de-darle-brutales-golpizas-y-amenazar-de-muerte-a-su-expareja-en-pilar-sera-indagado\/#respond\"]}]},{\"@type\":\"WebPage\",\"@id\":\"https:\/\/lobosnews.com.ar\/index.php\/2026\/04\/28\/detuvieron-al-hombre-acusado-de-darle-brutales-golpizas-y-amenazar-de-muerte-a-su-expareja-en-pilar-sera-indagado\/\",\"url\":\"https:\/\/lobosnews.com.ar\/index.php\/2026\/04\/28\/detuvieron-al-hombre-acusado-de-darle-brutales-golpizas-y-amenazar-de-muerte-a-su-expareja-en-pilar-sera-indagado\/\",\"name\":\"Detuvieron al hombre acusado de darle brutales golpizas y amenazar de muerte a su expareja en Pilar: ser\u00e1 indagado - Lobos News\",\"isPartOf\":{\"@id\":\"https:\/\/lobosnews.com.ar\/#website\"},\"primaryImageOfPage\":{\"@id\":\"https:\/\/lobosnews.com.ar\/index.php\/2026\/04\/28\/detuvieron-al-hombre-acusado-de-darle-brutales-golpizas-y-amenazar-de-muerte-a-su-expareja-en-pilar-sera-indagado\/#primaryimage\"},\"image\":{\"@id\":\"https:\/\/lobosnews.com.ar\/index.php\/2026\/04\/28\/detuvieron-al-hombre-acusado-de-darle-brutales-golpizas-y-amenazar-de-muerte-a-su-expareja-en-pilar-sera-indagado\/#primaryimage\"},\"thumbnailUrl\":\"https:\/\/lobosnews.com.ar\/wp-content\/uploads\/2026\/04\/detuvieron-al-hombre-acusado-de-darle-brutales-golpizas-y-amenazar-de-muerte-a-su-expareja-en-pilar-sera-indagado-6.jpg\",\"datePublished\":\"2026-04-28T18:17:16+00:00\",\"dateModified\":\"2026-04-28T21:10:40+00:00\",\"breadcrumb\":{\"@id\":\"https:\/\/lobosnews.com.ar\/index.php\/2026\/04\/28\/detuvieron-al-hombre-acusado-de-darle-brutales-golpizas-y-amenazar-de-muerte-a-su-expareja-en-pilar-sera-indagado\/#breadcrumb\"},\"inLanguage\":\"es\",\"potentialAction\":[{\"@type\":\"ReadAction\",\"target\":[\"https:\/\/lobosnews.com.ar\/index.php\/2026\/04\/28\/detuvieron-al-hombre-acusado-de-darle-brutales-golpizas-y-amenazar-de-muerte-a-su-expareja-en-pilar-sera-indagado\/\"]}]},{\"@type\":\"ImageObject\",\"inLanguage\":\"es\",\"@id\":\"https:\/\/lobosnews.com.ar\/index.php\/2026\/04\/28\/detuvieron-al-hombre-acusado-de-darle-brutales-golpizas-y-amenazar-de-muerte-a-su-expareja-en-pilar-sera-indagado\/#primaryimage\",\"url\":\"https:\/\/lobosnews.com.ar\/wp-content\/uploads\/2026\/04\/detuvieron-al-hombre-acusado-de-darle-brutales-golpizas-y-amenazar-de-muerte-a-su-expareja-en-pilar-sera-indagado-6.jpg\",\"contentUrl\":\"https:\/\/lobosnews.com.ar\/wp-content\/uploads\/2026\/04\/detuvieron-al-hombre-acusado-de-darle-brutales-golpizas-y-amenazar-de-muerte-a-su-expareja-en-pilar-sera-indagado-6.jpg\",\"width\":1920,\"height\":1080,\"caption\":\"Detuvieron al hombre acusado de darle brutales golpizas y amenazar de muerte a su expareja en Pilar: ser\u00e1 indagado\"},{\"@type\":\"BreadcrumbList\",\"@id\":\"https:\/\/lobosnews.com.ar\/index.php\/2026\/04\/28\/detuvieron-al-hombre-acusado-de-darle-brutales-golpizas-y-amenazar-de-muerte-a-su-expareja-en-pilar-sera-indagado\/#breadcrumb\",\"itemListElement\":[{\"@type\":\"ListItem\",\"position\":1,\"name\":\"Portada\",\"item\":\"https:\/\/lobosnews.com.ar\/\"},{\"@type\":\"ListItem\",\"position\":2,\"name\":\"Detuvieron al hombre acusado de darle brutales golpizas y amenazar de muerte a su expareja en Pilar: ser\u00e1 indagado\"}]},{\"@type\":\"WebSite\",\"@id\":\"https:\/\/lobosnews.com.ar\/#website\",\"url\":\"https:\/\/lobosnews.com.ar\/\",\"name\":\"Lobos News\",\"description\":\"Informaci\u00f3n a cada instante\",\"publisher\":{\"@id\":\"https:\/\/lobosnews.com.ar\/#organization\"},\"potentialAction\":[{\"@type\":\"SearchAction\",\"target\":{\"@type\":\"EntryPoint\",\"urlTemplate\":\"https:\/\/lobosnews.com.ar\/?s={search_term_string}\"},\"query-input\":{\"@type\":\"PropertyValueSpecification\",\"valueRequired\":true,\"valueName\":\"search_term_string\"}}],\"inLanguage\":\"es\"},{\"@type\":\"Organization\",\"@id\":\"https:\/\/lobosnews.com.ar\/#organization\",\"name\":\"Lobos News\",\"url\":\"https:\/\/lobosnews.com.ar\/\",\"logo\":{\"@type\":\"ImageObject\",\"inLanguage\":\"es\",\"@id\":\"https:\/\/lobosnews.com.ar\/#\/schema\/logo\/image\/\",\"url\":\"https:\/\/lobosnews.com.ar\/wp-content\/uploads\/2026\/01\/logo-lobosnews.png\",\"contentUrl\":\"https:\/\/lobosnews.com.ar\/wp-content\/uploads\/2026\/01\/logo-lobosnews.png\",\"width\":500,\"height\":200,\"caption\":\"Lobos News\"},\"image\":{\"@id\":\"https:\/\/lobosnews.com.ar\/#\/schema\/logo\/image\/\"}},{\"@type\":\"Person\",\"@id\":\"https:\/\/lobosnews.com.ar\/#\/schema\/person\/232422a593d5c541dd9aef6aaed10943\",\"name\":\"admin\",\"image\":{\"@type\":\"ImageObject\",\"inLanguage\":\"es\",\"@id\":\"https:\/\/lobosnews.com.ar\/#\/schema\/person\/image\/\",\"url\":\"https:\/\/secure.gravatar.com\/avatar\/76e419471a2083bc3ceab22a763dbbf9b0c1bd15a6214cf3280e2c2dde4580f9?s=96&d=mm&r=g\",\"contentUrl\":\"https:\/\/secure.gravatar.com\/avatar\/76e419471a2083bc3ceab22a763dbbf9b0c1bd15a6214cf3280e2c2dde4580f9?s=96&d=mm&r=g\",\"caption\":\"admin\"},\"sameAs\":[\"https:\/\/lobosnews.com.ar\"],\"url\":\"https:\/\/lobosnews.com.ar\/index.php\/author\/lobos-news\/\"}]}<\/script>\n<!-- \/ Yoast SEO plugin. -->","yoast_head_json":{"title":"Detuvieron al hombre acusado de darle brutales golpizas y amenazar de muerte a su expareja en Pilar: ser\u00e1 indagado - Lobos News","robots":{"index":"index","follow":"follow","max-snippet":"max-snippet:-1","max-image-preview":"max-image-preview:large","max-video-preview":"max-video-preview:-1"},"canonical":"https:\/\/lobosnews.com.ar\/index.php\/2026\/04\/28\/detuvieron-al-hombre-acusado-de-darle-brutales-golpizas-y-amenazar-de-muerte-a-su-expareja-en-pilar-sera-indagado\/","og_locale":"es_ES","og_type":"article","og_title":"Detuvieron al hombre acusado de darle brutales golpizas y amenazar de muerte a su expareja en Pilar: ser\u00e1 indagado - Lobos News","og_description":"Luego de casi seis meses de investigaci\u00f3n, este martes detuvieron a Federico Nicol\u00e1s Balbuena (34), acusado de propinarle brutales golpizas y amenazar de muerte a su expareja, Camila Natalia. Se le imputa el delito de lesiones agravadas en contexto de vionecia de g\u00e9nero y abuso sexual con acceso carnal. Ser\u00e1 indagado. La captura fue solicitada...","og_url":"https:\/\/lobosnews.com.ar\/index.php\/2026\/04\/28\/detuvieron-al-hombre-acusado-de-darle-brutales-golpizas-y-amenazar-de-muerte-a-su-expareja-en-pilar-sera-indagado\/","og_site_name":"Lobos News","article_published_time":"2026-04-28T18:17:16+00:00","article_modified_time":"2026-04-28T21:10:40+00:00","og_image":[{"url":"https:\/\/lobosnews.com.ar\/wp-content\/uploads\/2026\/04\/detuvieron-al-hombre-acusado-de-darle-brutales-golpizas-y-amenazar-de-muerte-a-su-expareja-en-pilar-sera-indagado.jpg","type":"","width":"","height":""}],"author":"admin","twitter_card":"summary_large_image","twitter_misc":{"Escrito por":"admin","Tiempo de lectura":"4 minutos"},"schema":{"@context":"https:\/\/schema.org","@graph":[{"@type":"Article","@id":"https:\/\/lobosnews.com.ar\/index.php\/2026\/04\/28\/detuvieron-al-hombre-acusado-de-darle-brutales-golpizas-y-amenazar-de-muerte-a-su-expareja-en-pilar-sera-indagado\/#article","isPartOf":{"@id":"https:\/\/lobosnews.com.ar\/index.php\/2026\/04\/28\/detuvieron-al-hombre-acusado-de-darle-brutales-golpizas-y-amenazar-de-muerte-a-su-expareja-en-pilar-sera-indagado\/"},"author":{"name":"admin","@id":"https:\/\/lobosnews.com.ar\/#\/schema\/person\/232422a593d5c541dd9aef6aaed10943"},"headline":"Detuvieron al hombre acusado de darle brutales golpizas y amenazar de muerte a su expareja en Pilar: ser\u00e1 indagado","datePublished":"2026-04-28T18:17:16+00:00","dateModified":"2026-04-28T21:10:40+00:00","mainEntityOfPage":{"@id":"https:\/\/lobosnews.com.ar\/index.php\/2026\/04\/28\/detuvieron-al-hombre-acusado-de-darle-brutales-golpizas-y-amenazar-de-muerte-a-su-expareja-en-pilar-sera-indagado\/"},"wordCount":766,"commentCount":0,"publisher":{"@id":"https:\/\/lobosnews.com.ar\/#organization"},"image":{"@id":"https:\/\/lobosnews.com.ar\/index.php\/2026\/04\/28\/detuvieron-al-hombre-acusado-de-darle-brutales-golpizas-y-amenazar-de-muerte-a-su-expareja-en-pilar-sera-indagado\/#primaryimage"},"thumbnailUrl":"https:\/\/lobosnews.com.ar\/wp-content\/uploads\/2026\/04\/detuvieron-al-hombre-acusado-de-darle-brutales-golpizas-y-amenazar-de-muerte-a-su-expareja-en-pilar-sera-indagado-6.jpg","articleSection":["Actualidad","Argentina","econom\u00eda","inseguridad","masradios.com","nacionales","seguridad","sociedad"],"inLanguage":"es","potentialAction":[{"@type":"CommentAction","name":"Comment","target":["https:\/\/lobosnews.com.ar\/index.php\/2026\/04\/28\/detuvieron-al-hombre-acusado-de-darle-brutales-golpizas-y-amenazar-de-muerte-a-su-expareja-en-pilar-sera-indagado\/#respond"]}]},{"@type":"WebPage","@id":"https:\/\/lobosnews.com.ar\/index.php\/2026\/04\/28\/detuvieron-al-hombre-acusado-de-darle-brutales-golpizas-y-amenazar-de-muerte-a-su-expareja-en-pilar-sera-indagado\/","url":"https:\/\/lobosnews.com.ar\/index.php\/2026\/04\/28\/detuvieron-al-hombre-acusado-de-darle-brutales-golpizas-y-amenazar-de-muerte-a-su-expareja-en-pilar-sera-indagado\/","name":"Detuvieron al hombre acusado de darle brutales golpizas y amenazar de muerte a su expareja en Pilar: ser\u00e1 indagado - Lobos News","isPartOf":{"@id":"https:\/\/lobosnews.com.ar\/#website"},"primaryImageOfPage":{"@id":"https:\/\/lobosnews.com.ar\/index.php\/2026\/04\/28\/detuvieron-al-hombre-acusado-de-darle-brutales-golpizas-y-amenazar-de-muerte-a-su-expareja-en-pilar-sera-indagado\/#primaryimage"},"image":{"@id":"https:\/\/lobosnews.com.ar\/index.php\/2026\/04\/28\/detuvieron-al-hombre-acusado-de-darle-brutales-golpizas-y-amenazar-de-muerte-a-su-expareja-en-pilar-sera-indagado\/#primaryimage"},"thumbnailUrl":"https:\/\/lobosnews.com.ar\/wp-content\/uploads\/2026\/04\/detuvieron-al-hombre-acusado-de-darle-brutales-golpizas-y-amenazar-de-muerte-a-su-expareja-en-pilar-sera-indagado-6.jpg","datePublished":"2026-04-28T18:17:16+00:00","dateModified":"2026-04-28T21:10:40+00:00","breadcrumb":{"@id":"https:\/\/lobosnews.com.ar\/index.php\/2026\/04\/28\/detuvieron-al-hombre-acusado-de-darle-brutales-golpizas-y-amenazar-de-muerte-a-su-expareja-en-pilar-sera-indagado\/#breadcrumb"},"inLanguage":"es","potentialAction":[{"@type":"ReadAction","target":["https:\/\/lobosnews.com.ar\/index.php\/2026\/04\/28\/detuvieron-al-hombre-acusado-de-darle-brutales-golpizas-y-amenazar-de-muerte-a-su-expareja-en-pilar-sera-indagado\/"]}]},{"@type":"ImageObject","inLanguage":"es","@id":"https:\/\/lobosnews.com.ar\/index.php\/2026\/04\/28\/detuvieron-al-hombre-acusado-de-darle-brutales-golpizas-y-amenazar-de-muerte-a-su-expareja-en-pilar-sera-indagado\/#primaryimage","url":"https:\/\/lobosnews.com.ar\/wp-content\/uploads\/2026\/04\/detuvieron-al-hombre-acusado-de-darle-brutales-golpizas-y-amenazar-de-muerte-a-su-expareja-en-pilar-sera-indagado-6.jpg","contentUrl":"https:\/\/lobosnews.com.ar\/wp-content\/uploads\/2026\/04\/detuvieron-al-hombre-acusado-de-darle-brutales-golpizas-y-amenazar-de-muerte-a-su-expareja-en-pilar-sera-indagado-6.jpg","width":1920,"height":1080,"caption":"Detuvieron al hombre acusado de darle brutales golpizas y amenazar de muerte a su expareja en Pilar: ser\u00e1 indagado"},{"@type":"BreadcrumbList","@id":"https:\/\/lobosnews.com.ar\/index.php\/2026\/04\/28\/detuvieron-al-hombre-acusado-de-darle-brutales-golpizas-y-amenazar-de-muerte-a-su-expareja-en-pilar-sera-indagado\/#breadcrumb","itemListElement":[{"@type":"ListItem","position":1,"name":"Portada","item":"https:\/\/lobosnews.com.ar\/"},{"@type":"ListItem","position":2,"name":"Detuvieron al hombre acusado de darle brutales golpizas y amenazar de muerte a su expareja en Pilar: ser\u00e1 indagado"}]},{"@type":"WebSite","@id":"https:\/\/lobosnews.com.ar\/#website","url":"https:\/\/lobosnews.com.ar\/","name":"Lobos News","description":"Informaci\u00f3n a cada instante","publisher":{"@id":"https:\/\/lobosnews.com.ar\/#organization"},"potentialAction":[{"@type":"SearchAction","target":{"@type":"EntryPoint","urlTemplate":"https:\/\/lobosnews.com.ar\/?s={search_term_string}"},"query-input":{"@type":"PropertyValueSpecification","valueRequired":true,"valueName":"search_term_string"}}],"inLanguage":"es"},{"@type":"Organization","@id":"https:\/\/lobosnews.com.ar\/#organization","name":"Lobos News","url":"https:\/\/lobosnews.com.ar\/","logo":{"@type":"ImageObject","inLanguage":"es","@id":"https:\/\/lobosnews.com.ar\/#\/schema\/logo\/image\/","url":"https:\/\/lobosnews.com.ar\/wp-content\/uploads\/2026\/01\/logo-lobosnews.png","contentUrl":"https:\/\/lobosnews.com.ar\/wp-content\/uploads\/2026\/01\/logo-lobosnews.png","width":500,"height":200,"caption":"Lobos News"},"image":{"@id":"https:\/\/lobosnews.com.ar\/#\/schema\/logo\/image\/"}},{"@type":"Person","@id":"https:\/\/lobosnews.com.ar\/#\/schema\/person\/232422a593d5c541dd9aef6aaed10943","name":"admin","image":{"@type":"ImageObject","inLanguage":"es","@id":"https:\/\/lobosnews.com.ar\/#\/schema\/person\/image\/","url":"https:\/\/secure.gravatar.com\/avatar\/76e419471a2083bc3ceab22a763dbbf9b0c1bd15a6214cf3280e2c2dde4580f9?s=96&d=mm&r=g","contentUrl":"https:\/\/secure.gravatar.com\/avatar\/76e419471a2083bc3ceab22a763dbbf9b0c1bd15a6214cf3280e2c2dde4580f9?s=96&d=mm&r=g","caption":"admin"},"sameAs":["https:\/\/lobosnews.com.ar"],"url":"https:\/\/lobosnews.com.ar\/index.php\/author\/lobos-news\/"}]}},"jetpack_featured_media_url":"https:\/\/lobosnews.com.ar\/wp-content\/uploads\/2026\/04\/detuvieron-al-hombre-acusado-de-darle-brutales-golpizas-y-amenazar-de-muerte-a-su-expareja-en-pilar-sera-indagado-6.jpg","jetpack_sharing_enabled":true,"_links":{"self":[{"href":"https:\/\/lobosnews.com.ar\/index.php\/wp-json\/wp\/v2\/posts\/46855","targetHints":{"allow":["GET"]}}],"collection":[{"href":"https:\/\/lobosnews.com.ar\/index.php\/wp-json\/wp\/v2\/posts"}],"about":[{"href":"https:\/\/lobosnews.com.ar\/index.php\/wp-json\/wp\/v2\/types\/post"}],"author":[{"embeddable":true,"href":"https:\/\/lobosnews.com.ar\/index.php\/wp-json\/wp\/v2\/users\/1"}],"replies":[{"embeddable":true,"href":"https:\/\/lobosnews.com.ar\/index.php\/wp-json\/wp\/v2\/comments?post=46855"}],"version-history":[{"count":1,"href":"https:\/\/lobosnews.com.ar\/index.php\/wp-json\/wp\/v2\/posts\/46855\/revisions"}],"predecessor-version":[{"id":46862,"href":"https:\/\/lobosnews.com.ar\/index.php\/wp-json\/wp\/v2\/posts\/46855\/revisions\/46862"}],"wp:featuredmedia":[{"embeddable":true,"href":"https:\/\/lobosnews.com.ar\/index.php\/wp-json\/wp\/v2\/media\/46863"}],"wp:attachment":[{"href":"https:\/\/lobosnews.com.ar\/index.php\/wp-json\/wp\/v2\/media?parent=46855"}],"wp:term":[{"taxonomy":"category","embeddable":true,"href":"https:\/\/lobosnews.com.ar\/index.php\/wp-json\/wp\/v2\/categories?post=46855"},{"taxonomy":"post_tag","embeddable":true,"href":"https:\/\/lobosnews.com.ar\/index.php\/wp-json\/wp\/v2\/tags?post=46855"}],"curies":[{"name":"wp","href":"https:\/\/api.w.org\/{rel}","templated":true}]}}