{"id":46850,"date":"2026-04-28T18:26:40","date_gmt":"2026-04-28T18:26:40","guid":{"rendered":"https:\/\/lobosnews.com.ar\/index.php\/2026\/04\/28\/tragico-incendio-en-moron-una-casa-se-prendio-fuego-y-una-beba-de-18-meses-murio-calcinada\/"},"modified":"2026-04-28T21:09:51","modified_gmt":"2026-04-28T21:09:51","slug":"tragico-incendio-en-moron-una-casa-se-prendio-fuego-y-una-beba-de-18-meses-murio-calcinada","status":"publish","type":"post","link":"https:\/\/lobosnews.com.ar\/index.php\/2026\/04\/28\/tragico-incendio-en-moron-una-casa-se-prendio-fuego-y-una-beba-de-18-meses-murio-calcinada\/","title":{"rendered":"Tr\u00e1gico incendio en Mor\u00f3n: una casa se prendi\u00f3 fuego y una beba de 18 meses muri\u00f3 calcinada"},"content":{"rendered":"<p><img loading=\"lazy\" decoding=\"async\" src=\"https:\/\/lobosnews.com.ar\/wp-content\/uploads\/2026\/04\/tragico-incendio-en-moron-una-casa-se-prendio-fuego-y-una-beba-de-18-meses-murio-calcinada.jpg\" alt=\"La zona de El Palomar en la que ocurri\u00f3 el incendio\" height=\"792\" width=\"1469\"\/><\/p>\n<p>La localidad de <b>El Palomar<\/b>, en el partido de <span class=\"waslinkname\"><b>Mor\u00f3n<\/b><\/span>, fue escenario de un episodio que sacudi\u00f3 a todos los vecinos del barrio: <b>una beba de 18 meses muri\u00f3 carbonizada tras un incendio <\/b>que arras\u00f3 por completo con su vivienda de la calle Bergamini al 2100.<\/p>\n<p>Seg\u00fan pudo confirmar <b>Infobae<\/b>, el foco se desat\u00f3 en pocos minutos y los bomberos acudieron r\u00e1pidamente al domicilio. Una vez que lograron sofocar las llamas, encontraron el cuerpo de la menor en el interior de la vivienda y que hab\u00eda sufrido los efectos del fuego.<\/p>\n<p>El cad\u00e1ver fue hallado <b>debajo de una secci\u00f3n del techo que colaps\u00f3<\/b> debido a la intensidad del calor generado por el incendio. La estructura de material qued\u00f3 pr\u00e1cticamente destruida, y los rescatistas indicaron que lo poco que permaneci\u00f3 en pie deber\u00e1 ser demolido. Tambi\u00e9n se acerc\u00f3 una ambulancia del <b>SAME Mor\u00f3n<\/b> para asistir en la emergencia.<\/p>\n<p>En el momento del incendio, la madre de la ni\u00f1a, una joven de <b>22 a\u00f1os<\/b>, hab\u00eda salido para llevar a su otro hijo, de 8 a\u00f1os, a una escuela ubicada a cinco cuadras del domicilio, seg\u00fan supo este medio.<\/p>\n<p>Durante ese trayecto, <b>una vecina la alert\u00f3 sobre el incendio<\/b> que estaba afectando su casa. La mujer, todav\u00eda en estado de shock, declar\u00f3 ante el personal policial presente que siempre deja todos los electrodom\u00e9sticos apagados y desenchufados. <\/p>\n<p>En tanto, de acuerdo a lo que relat\u00f3 el medio <i>Primer Plano<\/i>, la velocidad con la que el incendio arras\u00f3 la vivienda redujo dr\u00e1sticamente cualquier opci\u00f3n de rescate. <b>Los t\u00edos de la ni\u00f1a, pese a sus intentos por entrar al lugar y salvarla, no lograron<\/b> <b>superar la intensidad de las llamas<\/b>, que imposibilitaron toda acci\u00f3n de auxilio.<\/p>\n<p>La investigaci\u00f3n se encuentra a cargo de la <b>Fiscal\u00eda N.\u00b0 8 de Mor\u00f3n<\/b>, bajo la instrucci\u00f3n de la fiscal <b>Adriana Su\u00e1rez Corripio<\/b>, quien dispuso actuaciones por averiguaci\u00f3n de causales de muerte. De momento, se aguarda el resultado de los peritajes para determinar el origen exacto del siniestro, aunque las primeras hip\u00f3tesis apuntan a un accidente dom\u00e9stico.<\/p>\n<h2>Un antecedente similar en Chubut<\/h2>\n<p><img loading=\"lazy\" decoding=\"async\" src=\"https:\/\/lobosnews.com.ar\/wp-content\/uploads\/2026\/04\/tragico-incendio-en-moron-una-casa-se-prendio-fuego-y-una-beba-de-18-meses-murio-calcinada-1.jpg\" alt=\"Un nene de 3 a\u00f1os muri\u00f3 luego de estar 4 d\u00edas internado por la explosi\u00f3n de un caloventor\" height=\"759\" width=\"1508\"\/><\/p>\n<p>Un tr\u00e1gico hecho conmocion\u00f3 a la ciudad de <b>Comodoro Rivadavia<\/b>, en la provincia de <span class=\"waslinkname\"><b>Chubut<\/b><\/span>. Semanas atr\u00e1s, se confirm\u00f3 el fallecimiento de un ni\u00f1o de 3 a\u00f1os que permanec\u00eda internado en estado cr\u00edtico en el <b>Hospital Regional<\/b>. El menor hab\u00eda sufrido graves heridas el s\u00e1bado anterior durante un incendio en una vivienda del barrio <b>Standard Norte<\/b>, en Km. 8, provocado por la explosi\u00f3n de un caloventor.<\/p>\n<p>Durante la madrugada del s\u00e1bado, alrededor de las 3, la madre del ni\u00f1o descansaba cuando percibi\u00f3 humo proveniente de la habitaci\u00f3n donde su hijo dorm\u00eda. Al ingresar, encontr\u00f3 al peque\u00f1o ya alcanzado por las llamas, lo tom\u00f3 en brazos y lo traslad\u00f3 urgentemente al hospital. La mujer no result\u00f3 lesionada en el siniestro.<\/p>\n<p>De acuerdo con los testimonios recabados por la polic\u00eda, el fuego se habr\u00eda iniciado en el dormitorio, presuntamente porque el caloventor estaba colocado muy cerca del colch\u00f3n.<\/p>\n<p>El ni\u00f1o fue ingresado en la Unidad de Terapia Intensiva Pedi\u00e1trica en condici\u00f3n cr\u00edtica, con quemaduras que abarcaban cerca del 50% de la superficie corporal y un compromiso grave de las v\u00edas respiratorias por la inhalaci\u00f3n de humo y el calor generado durante el incendio. Desde el primer momento, el equipo m\u00e9dico consider\u00f3 que el pron\u00f3stico era sumamente grave.<\/p>\n<p><b>Luis Cisneros<\/b>, jefe del Departamento de Pediatr\u00eda del <b>Hospital Regional<\/b>, confirm\u00f3 el deceso y describi\u00f3 la evoluci\u00f3n del caso. \u201cLamentablemente anoche falleci\u00f3. El estado del paciente era sumamente cr\u00edtico, no solo por sus quemaduras en la piel sino por todo lo que era la v\u00eda a\u00e9rea. Era un paciente totalmente inestable\u201d, expres\u00f3 a <i>ADN Sur<\/i>.<\/p>\n<p>El especialista subray\u00f3 que aunque las quemaduras externas eran de consideraci\u00f3n, el da\u00f1o m\u00e1s profundo se localizaba en el sistema respiratorio del ni\u00f1o. \u201cLo m\u00e1s grave y lo que desencaden\u00f3 el cuadro fue la quemadura de su v\u00eda a\u00e9rea\u201d, destac\u00f3.<\/p>\n<p>Luego del fallecimiento, el <b>Ministerio P\u00fablico Fiscal<\/b> dispuso el traslado del cuerpo a la morgue para la realizaci\u00f3n de la autopsia antes de entregarlo a los familiares.<\/p>\n","protected":false},"excerpt":{"rendered":"<p>La localidad de El Palomar, en el partido de Mor\u00f3n, fue escenario de un episodio que sacudi\u00f3 a todos los vecinos del barrio: una beba de 18 meses muri\u00f3 carbonizada tras un incendio que arras\u00f3 por completo con su vivienda de la calle Bergamini al 2100. Seg\u00fan pudo confirmar Infobae, el foco se desat\u00f3 en&#8230;<\/p>\n","protected":false},"author":1,"featured_media":46854,"comment_status":"open","ping_status":"closed","sticky":false,"template":"","format":"standard","meta":{"_jetpack_memberships_contains_paid_content":false,"footnotes":""},"categories":[31,30,32,77,84,35,36,37],"tags":[],"class_list":["post-46850","post","type-post","status-publish","format-standard","has-post-thumbnail","hentry","category-actualidad","category-argentina","category-economia","category-inseguridad","category-masradios-com","category-nacionales","category-seguridad","category-sociedad"],"magazineBlocksPostFeaturedMedia":{"thumbnail":"https:\/\/lobosnews.com.ar\/wp-content\/uploads\/2026\/04\/tragico-incendio-en-moron-una-casa-se-prendio-fuego-y-una-beba-de-18-meses-murio-calcinada-4-150x150.jpg","medium":"https:\/\/lobosnews.com.ar\/wp-content\/uploads\/2026\/04\/tragico-incendio-en-moron-una-casa-se-prendio-fuego-y-una-beba-de-18-meses-murio-calcinada-4-300x151.jpg","medium_large":"https:\/\/lobosnews.com.ar\/wp-content\/uploads\/2026\/04\/tragico-incendio-en-moron-una-casa-se-prendio-fuego-y-una-beba-de-18-meses-murio-calcinada-4-768x387.jpg","large":"https:\/\/lobosnews.com.ar\/wp-content\/uploads\/2026\/04\/tragico-incendio-en-moron-una-casa-se-prendio-fuego-y-una-beba-de-18-meses-murio-calcinada-4-1024x515.jpg","1536x1536":"https:\/\/lobosnews.com.ar\/wp-content\/uploads\/2026\/04\/tragico-incendio-en-moron-una-casa-se-prendio-fuego-y-una-beba-de-18-meses-murio-calcinada-4.jpg","2048x2048":"https:\/\/lobosnews.com.ar\/wp-content\/uploads\/2026\/04\/tragico-incendio-en-moron-una-casa-se-prendio-fuego-y-una-beba-de-18-meses-murio-calcinada-4.jpg","newsmatic-featured":"https:\/\/lobosnews.com.ar\/wp-content\/uploads\/2026\/04\/tragico-incendio-en-moron-una-casa-se-prendio-fuego-y-una-beba-de-18-meses-murio-calcinada-4-820x545.jpg","newsmatic-list":"https:\/\/lobosnews.com.ar\/wp-content\/uploads\/2026\/04\/tragico-incendio-en-moron-una-casa-se-prendio-fuego-y-una-beba-de-18-meses-murio-calcinada-4-600x400.jpg","newsmatic-thumb":"https:\/\/lobosnews.com.ar\/wp-content\/uploads\/2026\/04\/tragico-incendio-en-moron-una-casa-se-prendio-fuego-y-una-beba-de-18-meses-murio-calcinada-4-300x200.jpg","newsmatic-small":"https:\/\/lobosnews.com.ar\/wp-content\/uploads\/2026\/04\/tragico-incendio-en-moron-una-casa-se-prendio-fuego-y-una-beba-de-18-meses-murio-calcinada-4-150x95.jpg","newsmatic-grid":"https:\/\/lobosnews.com.ar\/wp-content\/uploads\/2026\/04\/tragico-incendio-en-moron-una-casa-se-prendio-fuego-y-una-beba-de-18-meses-murio-calcinada-4-400x250.jpg"},"magazineBlocksPostAuthor":{"name":"admin","avatar":"https:\/\/secure.gravatar.com\/avatar\/76e419471a2083bc3ceab22a763dbbf9b0c1bd15a6214cf3280e2c2dde4580f9?s=96&d=mm&r=g"},"magazineBlocksPostCommentsNumber":"0","magazineBlocksPostExcerpt":"La localidad de El Palomar, en el partido de Mor\u00f3n, fue escenario de un episodio que sacudi\u00f3 a todos los vecinos del barrio: una beba de 18 meses muri\u00f3 carbonizada tras un incendio que arras\u00f3 por completo con su vivienda de la calle Bergamini al 2100. Seg\u00fan pudo confirmar Infobae, el foco se desat\u00f3 en...","magazineBlocksPostCategories":["Actualidad","Argentina","econom\u00eda","inseguridad","masradios.com","nacionales","seguridad","sociedad"],"magazineBlocksPostViewCount":2,"magazineBlocksPostReadTime":4,"magazine_blocks_featured_image_url":{"full":["https:\/\/lobosnews.com.ar\/wp-content\/uploads\/2026\/04\/tragico-incendio-en-moron-una-casa-se-prendio-fuego-y-una-beba-de-18-meses-murio-calcinada-4.jpg",1508,759,false],"medium":["https:\/\/lobosnews.com.ar\/wp-content\/uploads\/2026\/04\/tragico-incendio-en-moron-una-casa-se-prendio-fuego-y-una-beba-de-18-meses-murio-calcinada-4-300x151.jpg",300,151,true],"thumbnail":["https:\/\/lobosnews.com.ar\/wp-content\/uploads\/2026\/04\/tragico-incendio-en-moron-una-casa-se-prendio-fuego-y-una-beba-de-18-meses-murio-calcinada-4-150x150.jpg",150,150,true]},"magazine_blocks_author":{"display_name":"admin","author_link":"https:\/\/lobosnews.com.ar\/index.php\/author\/lobos-news\/"},"magazine_blocks_comment":0,"magazine_blocks_author_image":"https:\/\/secure.gravatar.com\/avatar\/76e419471a2083bc3ceab22a763dbbf9b0c1bd15a6214cf3280e2c2dde4580f9?s=96&d=mm&r=g","magazine_blocks_category":"<a href=\"#\" class=\"category-link category-link-31\">Actualidad<\/a> <a href=\"#\" class=\"category-link category-link-30\">Argentina<\/a> <a href=\"#\" class=\"category-link category-link-32\">econom\u00eda<\/a> <a href=\"#\" class=\"category-link category-link-77\">inseguridad<\/a> <a href=\"#\" class=\"category-link category-link-84\">masradios.com<\/a> <a href=\"#\" class=\"category-link category-link-35\">nacionales<\/a> <a href=\"#\" class=\"category-link category-link-36\">seguridad<\/a> <a href=\"#\" class=\"category-link category-link-37\">sociedad<\/a>","yoast_head":"<!-- This site is optimized with the Yoast SEO plugin v26.6 - https:\/\/yoast.com\/wordpress\/plugins\/seo\/ -->\n<title>Tr\u00e1gico incendio en Mor\u00f3n: una casa se prendi\u00f3 fuego y una beba de 18 meses muri\u00f3 calcinada - Lobos News<\/title>\n<meta name=\"robots\" content=\"index, follow, max-snippet:-1, max-image-preview:large, max-video-preview:-1\" \/>\n<link rel=\"canonical\" href=\"https:\/\/lobosnews.com.ar\/index.php\/2026\/04\/28\/tragico-incendio-en-moron-una-casa-se-prendio-fuego-y-una-beba-de-18-meses-murio-calcinada\/\" \/>\n<meta property=\"og:locale\" content=\"es_ES\" \/>\n<meta property=\"og:type\" content=\"article\" \/>\n<meta property=\"og:title\" content=\"Tr\u00e1gico incendio en Mor\u00f3n: una casa se prendi\u00f3 fuego y una beba de 18 meses muri\u00f3 calcinada - Lobos News\" \/>\n<meta property=\"og:description\" content=\"La localidad de El Palomar, en el partido de Mor\u00f3n, fue escenario de un episodio que sacudi\u00f3 a todos los vecinos del barrio: una beba de 18 meses muri\u00f3 carbonizada tras un incendio que arras\u00f3 por completo con su vivienda de la calle Bergamini al 2100. Seg\u00fan pudo confirmar Infobae, el foco se desat\u00f3 en...\" \/>\n<meta property=\"og:url\" content=\"https:\/\/lobosnews.com.ar\/index.php\/2026\/04\/28\/tragico-incendio-en-moron-una-casa-se-prendio-fuego-y-una-beba-de-18-meses-murio-calcinada\/\" \/>\n<meta property=\"og:site_name\" content=\"Lobos News\" \/>\n<meta property=\"article:published_time\" content=\"2026-04-28T18:26:40+00:00\" \/>\n<meta property=\"article:modified_time\" content=\"2026-04-28T21:09:51+00:00\" \/>\n<meta property=\"og:image\" content=\"https:\/\/lobosnews.com.ar\/wp-content\/uploads\/2026\/04\/tragico-incendio-en-moron-una-casa-se-prendio-fuego-y-una-beba-de-18-meses-murio-calcinada.jpg\" \/>\n<meta name=\"author\" content=\"admin\" \/>\n<meta name=\"twitter:card\" content=\"summary_large_image\" \/>\n<meta name=\"twitter:label1\" content=\"Escrito por\" \/>\n\t<meta name=\"twitter:data1\" content=\"admin\" \/>\n\t<meta name=\"twitter:label2\" content=\"Tiempo de lectura\" \/>\n\t<meta name=\"twitter:data2\" content=\"4 minutos\" \/>\n<script type=\"application\/ld+json\" class=\"yoast-schema-graph\">{\"@context\":\"https:\/\/schema.org\",\"@graph\":[{\"@type\":\"Article\",\"@id\":\"https:\/\/lobosnews.com.ar\/index.php\/2026\/04\/28\/tragico-incendio-en-moron-una-casa-se-prendio-fuego-y-una-beba-de-18-meses-murio-calcinada\/#article\",\"isPartOf\":{\"@id\":\"https:\/\/lobosnews.com.ar\/index.php\/2026\/04\/28\/tragico-incendio-en-moron-una-casa-se-prendio-fuego-y-una-beba-de-18-meses-murio-calcinada\/\"},\"author\":{\"name\":\"admin\",\"@id\":\"https:\/\/lobosnews.com.ar\/#\/schema\/person\/232422a593d5c541dd9aef6aaed10943\"},\"headline\":\"Tr\u00e1gico incendio en Mor\u00f3n: una casa se prendi\u00f3 fuego y una beba de 18 meses muri\u00f3 calcinada\",\"datePublished\":\"2026-04-28T18:26:40+00:00\",\"dateModified\":\"2026-04-28T21:09:51+00:00\",\"mainEntityOfPage\":{\"@id\":\"https:\/\/lobosnews.com.ar\/index.php\/2026\/04\/28\/tragico-incendio-en-moron-una-casa-se-prendio-fuego-y-una-beba-de-18-meses-murio-calcinada\/\"},\"wordCount\":745,\"commentCount\":0,\"publisher\":{\"@id\":\"https:\/\/lobosnews.com.ar\/#organization\"},\"image\":{\"@id\":\"https:\/\/lobosnews.com.ar\/index.php\/2026\/04\/28\/tragico-incendio-en-moron-una-casa-se-prendio-fuego-y-una-beba-de-18-meses-murio-calcinada\/#primaryimage\"},\"thumbnailUrl\":\"https:\/\/lobosnews.com.ar\/wp-content\/uploads\/2026\/04\/tragico-incendio-en-moron-una-casa-se-prendio-fuego-y-una-beba-de-18-meses-murio-calcinada-4.jpg\",\"articleSection\":[\"Actualidad\",\"Argentina\",\"econom\u00eda\",\"inseguridad\",\"masradios.com\",\"nacionales\",\"seguridad\",\"sociedad\"],\"inLanguage\":\"es\",\"potentialAction\":[{\"@type\":\"CommentAction\",\"name\":\"Comment\",\"target\":[\"https:\/\/lobosnews.com.ar\/index.php\/2026\/04\/28\/tragico-incendio-en-moron-una-casa-se-prendio-fuego-y-una-beba-de-18-meses-murio-calcinada\/#respond\"]}]},{\"@type\":\"WebPage\",\"@id\":\"https:\/\/lobosnews.com.ar\/index.php\/2026\/04\/28\/tragico-incendio-en-moron-una-casa-se-prendio-fuego-y-una-beba-de-18-meses-murio-calcinada\/\",\"url\":\"https:\/\/lobosnews.com.ar\/index.php\/2026\/04\/28\/tragico-incendio-en-moron-una-casa-se-prendio-fuego-y-una-beba-de-18-meses-murio-calcinada\/\",\"name\":\"Tr\u00e1gico incendio en Mor\u00f3n: una casa se prendi\u00f3 fuego y una beba de 18 meses muri\u00f3 calcinada - Lobos News\",\"isPartOf\":{\"@id\":\"https:\/\/lobosnews.com.ar\/#website\"},\"primaryImageOfPage\":{\"@id\":\"https:\/\/lobosnews.com.ar\/index.php\/2026\/04\/28\/tragico-incendio-en-moron-una-casa-se-prendio-fuego-y-una-beba-de-18-meses-murio-calcinada\/#primaryimage\"},\"image\":{\"@id\":\"https:\/\/lobosnews.com.ar\/index.php\/2026\/04\/28\/tragico-incendio-en-moron-una-casa-se-prendio-fuego-y-una-beba-de-18-meses-murio-calcinada\/#primaryimage\"},\"thumbnailUrl\":\"https:\/\/lobosnews.com.ar\/wp-content\/uploads\/2026\/04\/tragico-incendio-en-moron-una-casa-se-prendio-fuego-y-una-beba-de-18-meses-murio-calcinada-4.jpg\",\"datePublished\":\"2026-04-28T18:26:40+00:00\",\"dateModified\":\"2026-04-28T21:09:51+00:00\",\"breadcrumb\":{\"@id\":\"https:\/\/lobosnews.com.ar\/index.php\/2026\/04\/28\/tragico-incendio-en-moron-una-casa-se-prendio-fuego-y-una-beba-de-18-meses-murio-calcinada\/#breadcrumb\"},\"inLanguage\":\"es\",\"potentialAction\":[{\"@type\":\"ReadAction\",\"target\":[\"https:\/\/lobosnews.com.ar\/index.php\/2026\/04\/28\/tragico-incendio-en-moron-una-casa-se-prendio-fuego-y-una-beba-de-18-meses-murio-calcinada\/\"]}]},{\"@type\":\"ImageObject\",\"inLanguage\":\"es\",\"@id\":\"https:\/\/lobosnews.com.ar\/index.php\/2026\/04\/28\/tragico-incendio-en-moron-una-casa-se-prendio-fuego-y-una-beba-de-18-meses-murio-calcinada\/#primaryimage\",\"url\":\"https:\/\/lobosnews.com.ar\/wp-content\/uploads\/2026\/04\/tragico-incendio-en-moron-una-casa-se-prendio-fuego-y-una-beba-de-18-meses-murio-calcinada-4.jpg\",\"contentUrl\":\"https:\/\/lobosnews.com.ar\/wp-content\/uploads\/2026\/04\/tragico-incendio-en-moron-una-casa-se-prendio-fuego-y-una-beba-de-18-meses-murio-calcinada-4.jpg\",\"width\":1508,\"height\":759,\"caption\":\"Tr\u00e1gico incendio en Mor\u00f3n: una casa se prendi\u00f3 fuego y una beba de 18 meses muri\u00f3 calcinada\"},{\"@type\":\"BreadcrumbList\",\"@id\":\"https:\/\/lobosnews.com.ar\/index.php\/2026\/04\/28\/tragico-incendio-en-moron-una-casa-se-prendio-fuego-y-una-beba-de-18-meses-murio-calcinada\/#breadcrumb\",\"itemListElement\":[{\"@type\":\"ListItem\",\"position\":1,\"name\":\"Portada\",\"item\":\"https:\/\/lobosnews.com.ar\/\"},{\"@type\":\"ListItem\",\"position\":2,\"name\":\"Tr\u00e1gico incendio en Mor\u00f3n: una casa se prendi\u00f3 fuego y una beba de 18 meses muri\u00f3 calcinada\"}]},{\"@type\":\"WebSite\",\"@id\":\"https:\/\/lobosnews.com.ar\/#website\",\"url\":\"https:\/\/lobosnews.com.ar\/\",\"name\":\"Lobos News\",\"description\":\"Informaci\u00f3n a cada instante\",\"publisher\":{\"@id\":\"https:\/\/lobosnews.com.ar\/#organization\"},\"potentialAction\":[{\"@type\":\"SearchAction\",\"target\":{\"@type\":\"EntryPoint\",\"urlTemplate\":\"https:\/\/lobosnews.com.ar\/?s={search_term_string}\"},\"query-input\":{\"@type\":\"PropertyValueSpecification\",\"valueRequired\":true,\"valueName\":\"search_term_string\"}}],\"inLanguage\":\"es\"},{\"@type\":\"Organization\",\"@id\":\"https:\/\/lobosnews.com.ar\/#organization\",\"name\":\"Lobos News\",\"url\":\"https:\/\/lobosnews.com.ar\/\",\"logo\":{\"@type\":\"ImageObject\",\"inLanguage\":\"es\",\"@id\":\"https:\/\/lobosnews.com.ar\/#\/schema\/logo\/image\/\",\"url\":\"https:\/\/lobosnews.com.ar\/wp-content\/uploads\/2026\/01\/logo-lobosnews.png\",\"contentUrl\":\"https:\/\/lobosnews.com.ar\/wp-content\/uploads\/2026\/01\/logo-lobosnews.png\",\"width\":500,\"height\":200,\"caption\":\"Lobos News\"},\"image\":{\"@id\":\"https:\/\/lobosnews.com.ar\/#\/schema\/logo\/image\/\"}},{\"@type\":\"Person\",\"@id\":\"https:\/\/lobosnews.com.ar\/#\/schema\/person\/232422a593d5c541dd9aef6aaed10943\",\"name\":\"admin\",\"image\":{\"@type\":\"ImageObject\",\"inLanguage\":\"es\",\"@id\":\"https:\/\/lobosnews.com.ar\/#\/schema\/person\/image\/\",\"url\":\"https:\/\/secure.gravatar.com\/avatar\/76e419471a2083bc3ceab22a763dbbf9b0c1bd15a6214cf3280e2c2dde4580f9?s=96&d=mm&r=g\",\"contentUrl\":\"https:\/\/secure.gravatar.com\/avatar\/76e419471a2083bc3ceab22a763dbbf9b0c1bd15a6214cf3280e2c2dde4580f9?s=96&d=mm&r=g\",\"caption\":\"admin\"},\"sameAs\":[\"https:\/\/lobosnews.com.ar\"],\"url\":\"https:\/\/lobosnews.com.ar\/index.php\/author\/lobos-news\/\"}]}<\/script>\n<!-- \/ Yoast SEO plugin. -->","yoast_head_json":{"title":"Tr\u00e1gico incendio en Mor\u00f3n: una casa se prendi\u00f3 fuego y una beba de 18 meses muri\u00f3 calcinada - Lobos News","robots":{"index":"index","follow":"follow","max-snippet":"max-snippet:-1","max-image-preview":"max-image-preview:large","max-video-preview":"max-video-preview:-1"},"canonical":"https:\/\/lobosnews.com.ar\/index.php\/2026\/04\/28\/tragico-incendio-en-moron-una-casa-se-prendio-fuego-y-una-beba-de-18-meses-murio-calcinada\/","og_locale":"es_ES","og_type":"article","og_title":"Tr\u00e1gico incendio en Mor\u00f3n: una casa se prendi\u00f3 fuego y una beba de 18 meses muri\u00f3 calcinada - Lobos News","og_description":"La localidad de El Palomar, en el partido de Mor\u00f3n, fue escenario de un episodio que sacudi\u00f3 a todos los vecinos del barrio: una beba de 18 meses muri\u00f3 carbonizada tras un incendio que arras\u00f3 por completo con su vivienda de la calle Bergamini al 2100. Seg\u00fan pudo confirmar Infobae, el foco se desat\u00f3 en...","og_url":"https:\/\/lobosnews.com.ar\/index.php\/2026\/04\/28\/tragico-incendio-en-moron-una-casa-se-prendio-fuego-y-una-beba-de-18-meses-murio-calcinada\/","og_site_name":"Lobos News","article_published_time":"2026-04-28T18:26:40+00:00","article_modified_time":"2026-04-28T21:09:51+00:00","og_image":[{"url":"https:\/\/lobosnews.com.ar\/wp-content\/uploads\/2026\/04\/tragico-incendio-en-moron-una-casa-se-prendio-fuego-y-una-beba-de-18-meses-murio-calcinada.jpg","type":"","width":"","height":""}],"author":"admin","twitter_card":"summary_large_image","twitter_misc":{"Escrito por":"admin","Tiempo de lectura":"4 minutos"},"schema":{"@context":"https:\/\/schema.org","@graph":[{"@type":"Article","@id":"https:\/\/lobosnews.com.ar\/index.php\/2026\/04\/28\/tragico-incendio-en-moron-una-casa-se-prendio-fuego-y-una-beba-de-18-meses-murio-calcinada\/#article","isPartOf":{"@id":"https:\/\/lobosnews.com.ar\/index.php\/2026\/04\/28\/tragico-incendio-en-moron-una-casa-se-prendio-fuego-y-una-beba-de-18-meses-murio-calcinada\/"},"author":{"name":"admin","@id":"https:\/\/lobosnews.com.ar\/#\/schema\/person\/232422a593d5c541dd9aef6aaed10943"},"headline":"Tr\u00e1gico incendio en Mor\u00f3n: una casa se prendi\u00f3 fuego y una beba de 18 meses muri\u00f3 calcinada","datePublished":"2026-04-28T18:26:40+00:00","dateModified":"2026-04-28T21:09:51+00:00","mainEntityOfPage":{"@id":"https:\/\/lobosnews.com.ar\/index.php\/2026\/04\/28\/tragico-incendio-en-moron-una-casa-se-prendio-fuego-y-una-beba-de-18-meses-murio-calcinada\/"},"wordCount":745,"commentCount":0,"publisher":{"@id":"https:\/\/lobosnews.com.ar\/#organization"},"image":{"@id":"https:\/\/lobosnews.com.ar\/index.php\/2026\/04\/28\/tragico-incendio-en-moron-una-casa-se-prendio-fuego-y-una-beba-de-18-meses-murio-calcinada\/#primaryimage"},"thumbnailUrl":"https:\/\/lobosnews.com.ar\/wp-content\/uploads\/2026\/04\/tragico-incendio-en-moron-una-casa-se-prendio-fuego-y-una-beba-de-18-meses-murio-calcinada-4.jpg","articleSection":["Actualidad","Argentina","econom\u00eda","inseguridad","masradios.com","nacionales","seguridad","sociedad"],"inLanguage":"es","potentialAction":[{"@type":"CommentAction","name":"Comment","target":["https:\/\/lobosnews.com.ar\/index.php\/2026\/04\/28\/tragico-incendio-en-moron-una-casa-se-prendio-fuego-y-una-beba-de-18-meses-murio-calcinada\/#respond"]}]},{"@type":"WebPage","@id":"https:\/\/lobosnews.com.ar\/index.php\/2026\/04\/28\/tragico-incendio-en-moron-una-casa-se-prendio-fuego-y-una-beba-de-18-meses-murio-calcinada\/","url":"https:\/\/lobosnews.com.ar\/index.php\/2026\/04\/28\/tragico-incendio-en-moron-una-casa-se-prendio-fuego-y-una-beba-de-18-meses-murio-calcinada\/","name":"Tr\u00e1gico incendio en Mor\u00f3n: una casa se prendi\u00f3 fuego y una beba de 18 meses muri\u00f3 calcinada - Lobos News","isPartOf":{"@id":"https:\/\/lobosnews.com.ar\/#website"},"primaryImageOfPage":{"@id":"https:\/\/lobosnews.com.ar\/index.php\/2026\/04\/28\/tragico-incendio-en-moron-una-casa-se-prendio-fuego-y-una-beba-de-18-meses-murio-calcinada\/#primaryimage"},"image":{"@id":"https:\/\/lobosnews.com.ar\/index.php\/2026\/04\/28\/tragico-incendio-en-moron-una-casa-se-prendio-fuego-y-una-beba-de-18-meses-murio-calcinada\/#primaryimage"},"thumbnailUrl":"https:\/\/lobosnews.com.ar\/wp-content\/uploads\/2026\/04\/tragico-incendio-en-moron-una-casa-se-prendio-fuego-y-una-beba-de-18-meses-murio-calcinada-4.jpg","datePublished":"2026-04-28T18:26:40+00:00","dateModified":"2026-04-28T21:09:51+00:00","breadcrumb":{"@id":"https:\/\/lobosnews.com.ar\/index.php\/2026\/04\/28\/tragico-incendio-en-moron-una-casa-se-prendio-fuego-y-una-beba-de-18-meses-murio-calcinada\/#breadcrumb"},"inLanguage":"es","potentialAction":[{"@type":"ReadAction","target":["https:\/\/lobosnews.com.ar\/index.php\/2026\/04\/28\/tragico-incendio-en-moron-una-casa-se-prendio-fuego-y-una-beba-de-18-meses-murio-calcinada\/"]}]},{"@type":"ImageObject","inLanguage":"es","@id":"https:\/\/lobosnews.com.ar\/index.php\/2026\/04\/28\/tragico-incendio-en-moron-una-casa-se-prendio-fuego-y-una-beba-de-18-meses-murio-calcinada\/#primaryimage","url":"https:\/\/lobosnews.com.ar\/wp-content\/uploads\/2026\/04\/tragico-incendio-en-moron-una-casa-se-prendio-fuego-y-una-beba-de-18-meses-murio-calcinada-4.jpg","contentUrl":"https:\/\/lobosnews.com.ar\/wp-content\/uploads\/2026\/04\/tragico-incendio-en-moron-una-casa-se-prendio-fuego-y-una-beba-de-18-meses-murio-calcinada-4.jpg","width":1508,"height":759,"caption":"Tr\u00e1gico incendio en Mor\u00f3n: una casa se prendi\u00f3 fuego y una beba de 18 meses muri\u00f3 calcinada"},{"@type":"BreadcrumbList","@id":"https:\/\/lobosnews.com.ar\/index.php\/2026\/04\/28\/tragico-incendio-en-moron-una-casa-se-prendio-fuego-y-una-beba-de-18-meses-murio-calcinada\/#breadcrumb","itemListElement":[{"@type":"ListItem","position":1,"name":"Portada","item":"https:\/\/lobosnews.com.ar\/"},{"@type":"ListItem","position":2,"name":"Tr\u00e1gico incendio en Mor\u00f3n: una casa se prendi\u00f3 fuego y una beba de 18 meses muri\u00f3 calcinada"}]},{"@type":"WebSite","@id":"https:\/\/lobosnews.com.ar\/#website","url":"https:\/\/lobosnews.com.ar\/","name":"Lobos News","description":"Informaci\u00f3n a cada instante","publisher":{"@id":"https:\/\/lobosnews.com.ar\/#organization"},"potentialAction":[{"@type":"SearchAction","target":{"@type":"EntryPoint","urlTemplate":"https:\/\/lobosnews.com.ar\/?s={search_term_string}"},"query-input":{"@type":"PropertyValueSpecification","valueRequired":true,"valueName":"search_term_string"}}],"inLanguage":"es"},{"@type":"Organization","@id":"https:\/\/lobosnews.com.ar\/#organization","name":"Lobos News","url":"https:\/\/lobosnews.com.ar\/","logo":{"@type":"ImageObject","inLanguage":"es","@id":"https:\/\/lobosnews.com.ar\/#\/schema\/logo\/image\/","url":"https:\/\/lobosnews.com.ar\/wp-content\/uploads\/2026\/01\/logo-lobosnews.png","contentUrl":"https:\/\/lobosnews.com.ar\/wp-content\/uploads\/2026\/01\/logo-lobosnews.png","width":500,"height":200,"caption":"Lobos News"},"image":{"@id":"https:\/\/lobosnews.com.ar\/#\/schema\/logo\/image\/"}},{"@type":"Person","@id":"https:\/\/lobosnews.com.ar\/#\/schema\/person\/232422a593d5c541dd9aef6aaed10943","name":"admin","image":{"@type":"ImageObject","inLanguage":"es","@id":"https:\/\/lobosnews.com.ar\/#\/schema\/person\/image\/","url":"https:\/\/secure.gravatar.com\/avatar\/76e419471a2083bc3ceab22a763dbbf9b0c1bd15a6214cf3280e2c2dde4580f9?s=96&d=mm&r=g","contentUrl":"https:\/\/secure.gravatar.com\/avatar\/76e419471a2083bc3ceab22a763dbbf9b0c1bd15a6214cf3280e2c2dde4580f9?s=96&d=mm&r=g","caption":"admin"},"sameAs":["https:\/\/lobosnews.com.ar"],"url":"https:\/\/lobosnews.com.ar\/index.php\/author\/lobos-news\/"}]}},"jetpack_featured_media_url":"https:\/\/lobosnews.com.ar\/wp-content\/uploads\/2026\/04\/tragico-incendio-en-moron-una-casa-se-prendio-fuego-y-una-beba-de-18-meses-murio-calcinada-4.jpg","jetpack_sharing_enabled":true,"_links":{"self":[{"href":"https:\/\/lobosnews.com.ar\/index.php\/wp-json\/wp\/v2\/posts\/46850","targetHints":{"allow":["GET"]}}],"collection":[{"href":"https:\/\/lobosnews.com.ar\/index.php\/wp-json\/wp\/v2\/posts"}],"about":[{"href":"https:\/\/lobosnews.com.ar\/index.php\/wp-json\/wp\/v2\/types\/post"}],"author":[{"embeddable":true,"href":"https:\/\/lobosnews.com.ar\/index.php\/wp-json\/wp\/v2\/users\/1"}],"replies":[{"embeddable":true,"href":"https:\/\/lobosnews.com.ar\/index.php\/wp-json\/wp\/v2\/comments?post=46850"}],"version-history":[{"count":1,"href":"https:\/\/lobosnews.com.ar\/index.php\/wp-json\/wp\/v2\/posts\/46850\/revisions"}],"predecessor-version":[{"id":46853,"href":"https:\/\/lobosnews.com.ar\/index.php\/wp-json\/wp\/v2\/posts\/46850\/revisions\/46853"}],"wp:featuredmedia":[{"embeddable":true,"href":"https:\/\/lobosnews.com.ar\/index.php\/wp-json\/wp\/v2\/media\/46854"}],"wp:attachment":[{"href":"https:\/\/lobosnews.com.ar\/index.php\/wp-json\/wp\/v2\/media?parent=46850"}],"wp:term":[{"taxonomy":"category","embeddable":true,"href":"https:\/\/lobosnews.com.ar\/index.php\/wp-json\/wp\/v2\/categories?post=46850"},{"taxonomy":"post_tag","embeddable":true,"href":"https:\/\/lobosnews.com.ar\/index.php\/wp-json\/wp\/v2\/tags?post=46850"}],"curies":[{"name":"wp","href":"https:\/\/api.w.org\/{rel}","templated":true}]}}