{"id":46830,"date":"2026-04-28T20:52:26","date_gmt":"2026-04-28T20:52:26","guid":{"rendered":"https:\/\/lobosnews.com.ar\/index.php\/2026\/04\/28\/juicio-por-maradona-el-tribunal-decidio-incorporar-un-nuevo-audio-clave-que-presento-veronica-ojeda\/"},"modified":"2026-04-28T21:07:52","modified_gmt":"2026-04-28T21:07:52","slug":"juicio-por-maradona-el-tribunal-decidio-incorporar-un-nuevo-audio-clave-que-presento-veronica-ojeda","status":"publish","type":"post","link":"https:\/\/lobosnews.com.ar\/index.php\/2026\/04\/28\/juicio-por-maradona-el-tribunal-decidio-incorporar-un-nuevo-audio-clave-que-presento-veronica-ojeda\/","title":{"rendered":"Juicio por Maradona: el tribunal decidi\u00f3 incorporar un nuevo audio clave que present\u00f3 Ver\u00f3nica Ojeda"},"content":{"rendered":"<p><img fetchpriority=\"high\" decoding=\"async\" src=\"https:\/\/lobosnews.com.ar\/wp-content\/uploads\/2026\/04\/juicio-por-maradona-el-tribunal-decidio-incorporar-un-nuevo-audio-clave-que-presento-veronica-ojeda-1.jpg\" alt=\"Ver\u00f3nica Ojeda \" height=\"1080\" width=\"1920\"\/><\/p>\n<p><b>Ver\u00f3nica Ojeda<\/b>, expareja de Diego Maradona y madre de Dieguito Fernando, se convirti\u00f3 en uno de los testimonios m\u00e1s importantes en el <span class=\"waslinkname\"><i><b>juicio por la muerte del Diez<\/b><\/i><\/span>: durante su declaraci\u00f3n de este martes, revel\u00f3 ante los jueces que <b>ten\u00eda un nuevo audio clave para la causa<\/b> y pidi\u00f3 incorporarlo. <b>Se lo aceptaron<\/b>.<\/p>\n<p>Se trata de la <b>grabaci\u00f3n completa <\/b>de la reuni\u00f3n que hubo a principios de noviembre de 2020 en la Cl\u00ednica Olivos, en la que se defini\u00f3 <b>la externaci\u00f3n del Diez y c\u00f3mo iba a ser la internaci\u00f3n domiciliaria<\/b> en la que el ex DT termin\u00f3 falleciendo casi un mes despu\u00e9s.<\/p>\n<p>El encuentro es uno de los <b>ejes centrales del caso<\/b> porque es donde se acordaron <b>las condiciones de la rehabilitaci\u00f3n <\/b>de Maradona y<b> los m\u00e9dicos que iban a estar a cargo de su salud<\/b>, entre otras cuestiones clave para determinar<b> si hubo responsabilidad m\u00e9dica en la muerte del Diez<\/b>.<b> <\/b><\/p>\n<p>En el expediente ya hab\u00eda <b>un audio de esta reuni\u00f3n<\/b> -que dur\u00f3 m\u00e1s de una hora y tuvo lugar luego de la cirug\u00eda de cabeza de Maradona- que hab\u00eda sido aportado por<b> Rodolfo Benvenuti<\/b>, el cirujano que supervis\u00f3 dicha operaci\u00f3n. Sin embargo, la existencia de esta otra filmaci\u00f3n reci\u00e9n se conoci\u00f3 durante esta nueva declaraci\u00f3n de Ojeda ante el TOC N\u00b07 de San Isidro. <\/p>\n<p><img loading=\"lazy\" decoding=\"async\" src=\"https:\/\/lobosnews.com.ar\/wp-content\/uploads\/2026\/04\/juicio-por-maradona-el-tribunal-decidio-incorporar-un-nuevo-audio-clave-que-presento-veronica-ojeda-2.jpg\" alt=\"Veronica Ojeda en el juicio por Maradona \" height=\"2103\" width=\"3155\"\/><\/p>\n<p>De acuerdo al testimonio de la ex del Diez, su grabaci\u00f3n es <b>\u201cm\u00e1s completa\u201d de la que est\u00e1 incorporada: dura una hora y 45 minutos<\/b>, a diferencia del otro que dura una<b> hora y cinco minutos<\/b>. Ojeda cont\u00f3 que ella misma grab\u00f3 el encuentro por recomendaci\u00f3n de un abogado amigo de su familia, aunque en su testimonio en el debate nulo de 2025 omiti\u00f3 decirlo.<\/p>\n<p>Su pedido de incorporaci\u00f3n gener\u00f3 pol\u00e9mica en la sala y nuevos cruces entre las partes. El equipo defensor del neurocirujano imputado <b>Leopoldo Luque<\/b> <b>se opuso <\/b>a que sea agregado como prueba por desconocer su contenido y por haberse revelado su existencia reci\u00e9n cinco a\u00f1os despu\u00e9s del hecho. <\/p>\n<p>Sin embargo, tanto abogados querellantes y defensores -como Nicol\u00e1s D\u2019Albora, que representa a la prepaga- consideraron necesario conocer el contenido de esa grabaci\u00f3n, ya que \u201cdebe contener alto material probatorio que hasta ahora se desconoc\u00eda\u201d.<\/p>\n<p>En medio de la discusi\u00f3n, Ojeda dijo:<b> \u201c\u00bfPuedo hablar? Estoy declarando yo\u201d.<\/b> Los jueces le dijeron que no y le explicaron que estaban resolviendo un planteo.<\/p>\n<p>Tras un cuarto intermedio de unos 20 minutos, el tribunal resolvi\u00f3 finalmente incorporarlo. Seg\u00fan aleg\u00f3 el juez Alberto Gaig, este audio debe ser comparado con el otro ya existente para evaluar si alguno de los dos est\u00e1 alterado.<\/p>\n<p>\u201cEntendemos que <b>no es prueba nueva, <\/b>pero s\u00ed entendemos que resulta pertinente. Es necesario <b>para establecer los hechos <\/b>y, en particular, para evaluar la integridad del audio que fue previamente incorporado, frente al cual se dijo que pod\u00edan existir indicios de recorte. Se va a incorporar\u201d, resolvi\u00f3 el magistrado.<\/p>\n<p>La defensa de Leopoldo Luque pidi\u00f3 que quede asentada su queja al respecto. Se\u00f1alaron que ellos se prepararon con el juicio con toda la prueba ya incorporada en el caso y que esta filmaci\u00f3n no formaba parte. <\/p>\n<p>Los jueces, por su parte, definieron que el pr\u00f3ximo jueves se van a reproducir los dos materiales audiovisuales (de una hora y una hora y 45 respectivamente) para compararlos.<\/p>\n<p><img loading=\"lazy\" decoding=\"async\" src=\"https:\/\/lobosnews.com.ar\/wp-content\/uploads\/2026\/04\/juicio-por-maradona-el-tribunal-decidio-incorporar-un-nuevo-audio-clave-que-presento-veronica-ojeda-4.jpg\" alt=\"Fotograf\u00eda: RSfotos\" height=\"4000\" width=\"6000\"\/><\/p>\n<h2>Una audiencia obstaculizada <\/h2>\n<p>La jornada de este martes se caracteriz\u00f3 por <b>numerosas interrupciones <\/b>provocadas tanto por desacuerdos entre las partes como por un problema t\u00e9cnico que finalmente hizo que se levante la audiencia hasta el jueves.<\/p>\n<p>El primer corte ocurri\u00f3 cuando declaraba <b>Rita Maradona<\/b>, la hermana mayor de Diego. A la testigo le hicieron preguntas vinculadas a personas ajenas a la causa y los defensores y su propio abogado, Pablo Jurado, se quejaron. En este contexto, hubo <b>un largo cuarto intermedio<\/b> donde los jueces definieron si se pod\u00eda incorporar nuevos nombres en los interrogatorios. <\/p>\n<p>Finalmente resolvieron: \u201cLa pregunta tiene que ayudar a esclarecer los hechos. Si es en ese sentido, se admite. Si no, no. As\u00ed para todos\u201d.<\/p>\n<p>La segunda interrupci\u00f3n fue cuando el tribunal se retir\u00f3 a deliberar sobre el <b>pedido de incorporaci\u00f3n del nuevo audio<\/b> que llev\u00f3 Ojeda en su declaraci\u00f3n. Fue un cuarto intermedio de unos 20 minutos que decidi\u00f3 positivamente para la testigo. <\/p>\n<p>Sin embargo, cuando intentaron reanudar su declaraci\u00f3n, <b>el micr\u00f3fono de Ojeda se desconect\u00f3 del sistema que graba su voz<\/b> y hubo otro corte de media hora para resolverlo. <\/p>\n<p>A la vuelta, los magistrados dijeron que no se hab\u00eda arreglado el inconveniente y levantaron la audiencia hasta el jueves. Ese d\u00eda, continuar\u00e1 declarando Ojeda y luego hablar\u00e1 el psic\u00f3logo imputado Carlos D\u00edaz.<\/p>\n","protected":false},"excerpt":{"rendered":"<p>Ver\u00f3nica Ojeda, expareja de Diego Maradona y madre de Dieguito Fernando, se convirti\u00f3 en uno de los testimonios m\u00e1s importantes en el juicio por la muerte del Diez: durante su declaraci\u00f3n de este martes, revel\u00f3 ante los jueces que ten\u00eda un nuevo audio clave para la causa y pidi\u00f3 incorporarlo. Se lo aceptaron. Se trata&#8230;<\/p>\n","protected":false},"author":1,"featured_media":46844,"comment_status":"open","ping_status":"closed","sticky":false,"template":"","format":"standard","meta":{"_jetpack_memberships_contains_paid_content":false,"footnotes":""},"categories":[31,30,32,77,84,35,36,37],"tags":[],"class_list":["post-46830","post","type-post","status-publish","format-standard","has-post-thumbnail","hentry","category-actualidad","category-argentina","category-economia","category-inseguridad","category-masradios-com","category-nacionales","category-seguridad","category-sociedad"],"magazineBlocksPostFeaturedMedia":{"thumbnail":"https:\/\/lobosnews.com.ar\/wp-content\/uploads\/2026\/04\/juicio-por-maradona-el-tribunal-decidio-incorporar-un-nuevo-audio-clave-que-presento-veronica-ojeda-11-150x150.jpg","medium":"https:\/\/lobosnews.com.ar\/wp-content\/uploads\/2026\/04\/juicio-por-maradona-el-tribunal-decidio-incorporar-un-nuevo-audio-clave-que-presento-veronica-ojeda-11-300x200.jpg","medium_large":"https:\/\/lobosnews.com.ar\/wp-content\/uploads\/2026\/04\/juicio-por-maradona-el-tribunal-decidio-incorporar-un-nuevo-audio-clave-que-presento-veronica-ojeda-11-768x512.jpg","large":"https:\/\/lobosnews.com.ar\/wp-content\/uploads\/2026\/04\/juicio-por-maradona-el-tribunal-decidio-incorporar-un-nuevo-audio-clave-que-presento-veronica-ojeda-11-1024x683.jpg","1536x1536":"https:\/\/lobosnews.com.ar\/wp-content\/uploads\/2026\/04\/juicio-por-maradona-el-tribunal-decidio-incorporar-un-nuevo-audio-clave-que-presento-veronica-ojeda-11-1536x1024.jpg","2048x2048":"https:\/\/lobosnews.com.ar\/wp-content\/uploads\/2026\/04\/juicio-por-maradona-el-tribunal-decidio-incorporar-un-nuevo-audio-clave-que-presento-veronica-ojeda-11-2048x1365.jpg","newsmatic-featured":"https:\/\/lobosnews.com.ar\/wp-content\/uploads\/2026\/04\/juicio-por-maradona-el-tribunal-decidio-incorporar-un-nuevo-audio-clave-que-presento-veronica-ojeda-11-820x545.jpg","newsmatic-list":"https:\/\/lobosnews.com.ar\/wp-content\/uploads\/2026\/04\/juicio-por-maradona-el-tribunal-decidio-incorporar-un-nuevo-audio-clave-que-presento-veronica-ojeda-11-600x400.jpg","newsmatic-thumb":"https:\/\/lobosnews.com.ar\/wp-content\/uploads\/2026\/04\/juicio-por-maradona-el-tribunal-decidio-incorporar-un-nuevo-audio-clave-que-presento-veronica-ojeda-11-300x200.jpg","newsmatic-small":"https:\/\/lobosnews.com.ar\/wp-content\/uploads\/2026\/04\/juicio-por-maradona-el-tribunal-decidio-incorporar-un-nuevo-audio-clave-que-presento-veronica-ojeda-11-150x95.jpg","newsmatic-grid":"https:\/\/lobosnews.com.ar\/wp-content\/uploads\/2026\/04\/juicio-por-maradona-el-tribunal-decidio-incorporar-un-nuevo-audio-clave-que-presento-veronica-ojeda-11-400x250.jpg"},"magazineBlocksPostAuthor":{"name":"admin","avatar":"https:\/\/secure.gravatar.com\/avatar\/76e419471a2083bc3ceab22a763dbbf9b0c1bd15a6214cf3280e2c2dde4580f9?s=96&d=mm&r=g"},"magazineBlocksPostCommentsNumber":"0","magazineBlocksPostExcerpt":"Ver\u00f3nica Ojeda, expareja de Diego Maradona y madre de Dieguito Fernando, se convirti\u00f3 en uno de los testimonios m\u00e1s importantes en el juicio por la muerte del Diez: durante su declaraci\u00f3n de este martes, revel\u00f3 ante los jueces que ten\u00eda un nuevo audio clave para la causa y pidi\u00f3 incorporarlo. Se lo aceptaron. Se trata...","magazineBlocksPostCategories":["Actualidad","Argentina","econom\u00eda","inseguridad","masradios.com","nacionales","seguridad","sociedad"],"magazineBlocksPostViewCount":2,"magazineBlocksPostReadTime":5,"magazine_blocks_featured_image_url":{"full":["https:\/\/lobosnews.com.ar\/wp-content\/uploads\/2026\/04\/juicio-por-maradona-el-tribunal-decidio-incorporar-un-nuevo-audio-clave-que-presento-veronica-ojeda-11-scaled.jpg",2560,1706,false],"medium":["https:\/\/lobosnews.com.ar\/wp-content\/uploads\/2026\/04\/juicio-por-maradona-el-tribunal-decidio-incorporar-un-nuevo-audio-clave-que-presento-veronica-ojeda-11-300x200.jpg",300,200,true],"thumbnail":["https:\/\/lobosnews.com.ar\/wp-content\/uploads\/2026\/04\/juicio-por-maradona-el-tribunal-decidio-incorporar-un-nuevo-audio-clave-que-presento-veronica-ojeda-11-150x150.jpg",150,150,true]},"magazine_blocks_author":{"display_name":"admin","author_link":"https:\/\/lobosnews.com.ar\/index.php\/author\/lobos-news\/"},"magazine_blocks_comment":0,"magazine_blocks_author_image":"https:\/\/secure.gravatar.com\/avatar\/76e419471a2083bc3ceab22a763dbbf9b0c1bd15a6214cf3280e2c2dde4580f9?s=96&d=mm&r=g","magazine_blocks_category":"<a href=\"#\" class=\"category-link category-link-31\">Actualidad<\/a> <a href=\"#\" class=\"category-link category-link-30\">Argentina<\/a> <a href=\"#\" class=\"category-link category-link-32\">econom\u00eda<\/a> <a href=\"#\" class=\"category-link category-link-77\">inseguridad<\/a> <a href=\"#\" class=\"category-link category-link-84\">masradios.com<\/a> <a href=\"#\" class=\"category-link category-link-35\">nacionales<\/a> <a href=\"#\" class=\"category-link category-link-36\">seguridad<\/a> <a href=\"#\" class=\"category-link category-link-37\">sociedad<\/a>","yoast_head":"<!-- This site is optimized with the Yoast SEO plugin v26.6 - https:\/\/yoast.com\/wordpress\/plugins\/seo\/ -->\n<title>Juicio por Maradona: el tribunal decidi\u00f3 incorporar un nuevo audio clave que present\u00f3 Ver\u00f3nica Ojeda - Lobos News<\/title>\n<meta name=\"robots\" content=\"index, follow, max-snippet:-1, max-image-preview:large, max-video-preview:-1\" \/>\n<link rel=\"canonical\" href=\"https:\/\/lobosnews.com.ar\/index.php\/2026\/04\/28\/juicio-por-maradona-el-tribunal-decidio-incorporar-un-nuevo-audio-clave-que-presento-veronica-ojeda\/\" \/>\n<meta property=\"og:locale\" content=\"es_ES\" \/>\n<meta property=\"og:type\" content=\"article\" \/>\n<meta property=\"og:title\" content=\"Juicio por Maradona: el tribunal decidi\u00f3 incorporar un nuevo audio clave que present\u00f3 Ver\u00f3nica Ojeda - Lobos News\" \/>\n<meta property=\"og:description\" content=\"Ver\u00f3nica Ojeda, expareja de Diego Maradona y madre de Dieguito Fernando, se convirti\u00f3 en uno de los testimonios m\u00e1s importantes en el juicio por la muerte del Diez: durante su declaraci\u00f3n de este martes, revel\u00f3 ante los jueces que ten\u00eda un nuevo audio clave para la causa y pidi\u00f3 incorporarlo. Se lo aceptaron. Se trata...\" \/>\n<meta property=\"og:url\" content=\"https:\/\/lobosnews.com.ar\/index.php\/2026\/04\/28\/juicio-por-maradona-el-tribunal-decidio-incorporar-un-nuevo-audio-clave-que-presento-veronica-ojeda\/\" \/>\n<meta property=\"og:site_name\" content=\"Lobos News\" \/>\n<meta property=\"article:published_time\" content=\"2026-04-28T20:52:26+00:00\" \/>\n<meta property=\"article:modified_time\" content=\"2026-04-28T21:07:52+00:00\" \/>\n<meta property=\"og:image\" content=\"https:\/\/lobosnews.com.ar\/wp-content\/uploads\/2026\/04\/juicio-por-maradona-el-tribunal-decidio-incorporar-un-nuevo-audio-clave-que-presento-veronica-ojeda-1.jpg\" \/>\n<meta name=\"author\" content=\"admin\" \/>\n<meta name=\"twitter:card\" content=\"summary_large_image\" \/>\n<meta name=\"twitter:label1\" content=\"Escrito por\" \/>\n\t<meta name=\"twitter:data1\" content=\"admin\" \/>\n\t<meta name=\"twitter:label2\" content=\"Tiempo de lectura\" \/>\n\t<meta name=\"twitter:data2\" content=\"4 minutos\" \/>\n<script type=\"application\/ld+json\" class=\"yoast-schema-graph\">{\"@context\":\"https:\/\/schema.org\",\"@graph\":[{\"@type\":\"Article\",\"@id\":\"https:\/\/lobosnews.com.ar\/index.php\/2026\/04\/28\/juicio-por-maradona-el-tribunal-decidio-incorporar-un-nuevo-audio-clave-que-presento-veronica-ojeda\/#article\",\"isPartOf\":{\"@id\":\"https:\/\/lobosnews.com.ar\/index.php\/2026\/04\/28\/juicio-por-maradona-el-tribunal-decidio-incorporar-un-nuevo-audio-clave-que-presento-veronica-ojeda\/\"},\"author\":{\"name\":\"admin\",\"@id\":\"https:\/\/lobosnews.com.ar\/#\/schema\/person\/232422a593d5c541dd9aef6aaed10943\"},\"headline\":\"Juicio por Maradona: el tribunal decidi\u00f3 incorporar un nuevo audio clave que present\u00f3 Ver\u00f3nica Ojeda\",\"datePublished\":\"2026-04-28T20:52:26+00:00\",\"dateModified\":\"2026-04-28T21:07:52+00:00\",\"mainEntityOfPage\":{\"@id\":\"https:\/\/lobosnews.com.ar\/index.php\/2026\/04\/28\/juicio-por-maradona-el-tribunal-decidio-incorporar-un-nuevo-audio-clave-que-presento-veronica-ojeda\/\"},\"wordCount\":822,\"commentCount\":0,\"publisher\":{\"@id\":\"https:\/\/lobosnews.com.ar\/#organization\"},\"image\":{\"@id\":\"https:\/\/lobosnews.com.ar\/index.php\/2026\/04\/28\/juicio-por-maradona-el-tribunal-decidio-incorporar-un-nuevo-audio-clave-que-presento-veronica-ojeda\/#primaryimage\"},\"thumbnailUrl\":\"https:\/\/lobosnews.com.ar\/wp-content\/uploads\/2026\/04\/juicio-por-maradona-el-tribunal-decidio-incorporar-un-nuevo-audio-clave-que-presento-veronica-ojeda-11-scaled.jpg\",\"articleSection\":[\"Actualidad\",\"Argentina\",\"econom\u00eda\",\"inseguridad\",\"masradios.com\",\"nacionales\",\"seguridad\",\"sociedad\"],\"inLanguage\":\"es\",\"potentialAction\":[{\"@type\":\"CommentAction\",\"name\":\"Comment\",\"target\":[\"https:\/\/lobosnews.com.ar\/index.php\/2026\/04\/28\/juicio-por-maradona-el-tribunal-decidio-incorporar-un-nuevo-audio-clave-que-presento-veronica-ojeda\/#respond\"]}]},{\"@type\":\"WebPage\",\"@id\":\"https:\/\/lobosnews.com.ar\/index.php\/2026\/04\/28\/juicio-por-maradona-el-tribunal-decidio-incorporar-un-nuevo-audio-clave-que-presento-veronica-ojeda\/\",\"url\":\"https:\/\/lobosnews.com.ar\/index.php\/2026\/04\/28\/juicio-por-maradona-el-tribunal-decidio-incorporar-un-nuevo-audio-clave-que-presento-veronica-ojeda\/\",\"name\":\"Juicio por Maradona: el tribunal decidi\u00f3 incorporar un nuevo audio clave que present\u00f3 Ver\u00f3nica Ojeda - Lobos News\",\"isPartOf\":{\"@id\":\"https:\/\/lobosnews.com.ar\/#website\"},\"primaryImageOfPage\":{\"@id\":\"https:\/\/lobosnews.com.ar\/index.php\/2026\/04\/28\/juicio-por-maradona-el-tribunal-decidio-incorporar-un-nuevo-audio-clave-que-presento-veronica-ojeda\/#primaryimage\"},\"image\":{\"@id\":\"https:\/\/lobosnews.com.ar\/index.php\/2026\/04\/28\/juicio-por-maradona-el-tribunal-decidio-incorporar-un-nuevo-audio-clave-que-presento-veronica-ojeda\/#primaryimage\"},\"thumbnailUrl\":\"https:\/\/lobosnews.com.ar\/wp-content\/uploads\/2026\/04\/juicio-por-maradona-el-tribunal-decidio-incorporar-un-nuevo-audio-clave-que-presento-veronica-ojeda-11-scaled.jpg\",\"datePublished\":\"2026-04-28T20:52:26+00:00\",\"dateModified\":\"2026-04-28T21:07:52+00:00\",\"breadcrumb\":{\"@id\":\"https:\/\/lobosnews.com.ar\/index.php\/2026\/04\/28\/juicio-por-maradona-el-tribunal-decidio-incorporar-un-nuevo-audio-clave-que-presento-veronica-ojeda\/#breadcrumb\"},\"inLanguage\":\"es\",\"potentialAction\":[{\"@type\":\"ReadAction\",\"target\":[\"https:\/\/lobosnews.com.ar\/index.php\/2026\/04\/28\/juicio-por-maradona-el-tribunal-decidio-incorporar-un-nuevo-audio-clave-que-presento-veronica-ojeda\/\"]}]},{\"@type\":\"ImageObject\",\"inLanguage\":\"es\",\"@id\":\"https:\/\/lobosnews.com.ar\/index.php\/2026\/04\/28\/juicio-por-maradona-el-tribunal-decidio-incorporar-un-nuevo-audio-clave-que-presento-veronica-ojeda\/#primaryimage\",\"url\":\"https:\/\/lobosnews.com.ar\/wp-content\/uploads\/2026\/04\/juicio-por-maradona-el-tribunal-decidio-incorporar-un-nuevo-audio-clave-que-presento-veronica-ojeda-11-scaled.jpg\",\"contentUrl\":\"https:\/\/lobosnews.com.ar\/wp-content\/uploads\/2026\/04\/juicio-por-maradona-el-tribunal-decidio-incorporar-un-nuevo-audio-clave-que-presento-veronica-ojeda-11-scaled.jpg\",\"width\":2560,\"height\":1706,\"caption\":\"Juicio por Maradona: el tribunal decidi\u00f3 incorporar un nuevo audio clave que present\u00f3 Ver\u00f3nica Ojeda\"},{\"@type\":\"BreadcrumbList\",\"@id\":\"https:\/\/lobosnews.com.ar\/index.php\/2026\/04\/28\/juicio-por-maradona-el-tribunal-decidio-incorporar-un-nuevo-audio-clave-que-presento-veronica-ojeda\/#breadcrumb\",\"itemListElement\":[{\"@type\":\"ListItem\",\"position\":1,\"name\":\"Portada\",\"item\":\"https:\/\/lobosnews.com.ar\/\"},{\"@type\":\"ListItem\",\"position\":2,\"name\":\"Juicio por Maradona: el tribunal decidi\u00f3 incorporar un nuevo audio clave que present\u00f3 Ver\u00f3nica Ojeda\"}]},{\"@type\":\"WebSite\",\"@id\":\"https:\/\/lobosnews.com.ar\/#website\",\"url\":\"https:\/\/lobosnews.com.ar\/\",\"name\":\"Lobos News\",\"description\":\"Informaci\u00f3n a cada instante\",\"publisher\":{\"@id\":\"https:\/\/lobosnews.com.ar\/#organization\"},\"potentialAction\":[{\"@type\":\"SearchAction\",\"target\":{\"@type\":\"EntryPoint\",\"urlTemplate\":\"https:\/\/lobosnews.com.ar\/?s={search_term_string}\"},\"query-input\":{\"@type\":\"PropertyValueSpecification\",\"valueRequired\":true,\"valueName\":\"search_term_string\"}}],\"inLanguage\":\"es\"},{\"@type\":\"Organization\",\"@id\":\"https:\/\/lobosnews.com.ar\/#organization\",\"name\":\"Lobos News\",\"url\":\"https:\/\/lobosnews.com.ar\/\",\"logo\":{\"@type\":\"ImageObject\",\"inLanguage\":\"es\",\"@id\":\"https:\/\/lobosnews.com.ar\/#\/schema\/logo\/image\/\",\"url\":\"https:\/\/lobosnews.com.ar\/wp-content\/uploads\/2026\/01\/logo-lobosnews.png\",\"contentUrl\":\"https:\/\/lobosnews.com.ar\/wp-content\/uploads\/2026\/01\/logo-lobosnews.png\",\"width\":500,\"height\":200,\"caption\":\"Lobos News\"},\"image\":{\"@id\":\"https:\/\/lobosnews.com.ar\/#\/schema\/logo\/image\/\"}},{\"@type\":\"Person\",\"@id\":\"https:\/\/lobosnews.com.ar\/#\/schema\/person\/232422a593d5c541dd9aef6aaed10943\",\"name\":\"admin\",\"image\":{\"@type\":\"ImageObject\",\"inLanguage\":\"es\",\"@id\":\"https:\/\/lobosnews.com.ar\/#\/schema\/person\/image\/\",\"url\":\"https:\/\/secure.gravatar.com\/avatar\/76e419471a2083bc3ceab22a763dbbf9b0c1bd15a6214cf3280e2c2dde4580f9?s=96&d=mm&r=g\",\"contentUrl\":\"https:\/\/secure.gravatar.com\/avatar\/76e419471a2083bc3ceab22a763dbbf9b0c1bd15a6214cf3280e2c2dde4580f9?s=96&d=mm&r=g\",\"caption\":\"admin\"},\"sameAs\":[\"https:\/\/lobosnews.com.ar\"],\"url\":\"https:\/\/lobosnews.com.ar\/index.php\/author\/lobos-news\/\"}]}<\/script>\n<!-- \/ Yoast SEO plugin. -->","yoast_head_json":{"title":"Juicio por Maradona: el tribunal decidi\u00f3 incorporar un nuevo audio clave que present\u00f3 Ver\u00f3nica Ojeda - Lobos News","robots":{"index":"index","follow":"follow","max-snippet":"max-snippet:-1","max-image-preview":"max-image-preview:large","max-video-preview":"max-video-preview:-1"},"canonical":"https:\/\/lobosnews.com.ar\/index.php\/2026\/04\/28\/juicio-por-maradona-el-tribunal-decidio-incorporar-un-nuevo-audio-clave-que-presento-veronica-ojeda\/","og_locale":"es_ES","og_type":"article","og_title":"Juicio por Maradona: el tribunal decidi\u00f3 incorporar un nuevo audio clave que present\u00f3 Ver\u00f3nica Ojeda - Lobos News","og_description":"Ver\u00f3nica Ojeda, expareja de Diego Maradona y madre de Dieguito Fernando, se convirti\u00f3 en uno de los testimonios m\u00e1s importantes en el juicio por la muerte del Diez: durante su declaraci\u00f3n de este martes, revel\u00f3 ante los jueces que ten\u00eda un nuevo audio clave para la causa y pidi\u00f3 incorporarlo. Se lo aceptaron. Se trata...","og_url":"https:\/\/lobosnews.com.ar\/index.php\/2026\/04\/28\/juicio-por-maradona-el-tribunal-decidio-incorporar-un-nuevo-audio-clave-que-presento-veronica-ojeda\/","og_site_name":"Lobos News","article_published_time":"2026-04-28T20:52:26+00:00","article_modified_time":"2026-04-28T21:07:52+00:00","og_image":[{"url":"https:\/\/lobosnews.com.ar\/wp-content\/uploads\/2026\/04\/juicio-por-maradona-el-tribunal-decidio-incorporar-un-nuevo-audio-clave-que-presento-veronica-ojeda-1.jpg","type":"","width":"","height":""}],"author":"admin","twitter_card":"summary_large_image","twitter_misc":{"Escrito por":"admin","Tiempo de lectura":"4 minutos"},"schema":{"@context":"https:\/\/schema.org","@graph":[{"@type":"Article","@id":"https:\/\/lobosnews.com.ar\/index.php\/2026\/04\/28\/juicio-por-maradona-el-tribunal-decidio-incorporar-un-nuevo-audio-clave-que-presento-veronica-ojeda\/#article","isPartOf":{"@id":"https:\/\/lobosnews.com.ar\/index.php\/2026\/04\/28\/juicio-por-maradona-el-tribunal-decidio-incorporar-un-nuevo-audio-clave-que-presento-veronica-ojeda\/"},"author":{"name":"admin","@id":"https:\/\/lobosnews.com.ar\/#\/schema\/person\/232422a593d5c541dd9aef6aaed10943"},"headline":"Juicio por Maradona: el tribunal decidi\u00f3 incorporar un nuevo audio clave que present\u00f3 Ver\u00f3nica Ojeda","datePublished":"2026-04-28T20:52:26+00:00","dateModified":"2026-04-28T21:07:52+00:00","mainEntityOfPage":{"@id":"https:\/\/lobosnews.com.ar\/index.php\/2026\/04\/28\/juicio-por-maradona-el-tribunal-decidio-incorporar-un-nuevo-audio-clave-que-presento-veronica-ojeda\/"},"wordCount":822,"commentCount":0,"publisher":{"@id":"https:\/\/lobosnews.com.ar\/#organization"},"image":{"@id":"https:\/\/lobosnews.com.ar\/index.php\/2026\/04\/28\/juicio-por-maradona-el-tribunal-decidio-incorporar-un-nuevo-audio-clave-que-presento-veronica-ojeda\/#primaryimage"},"thumbnailUrl":"https:\/\/lobosnews.com.ar\/wp-content\/uploads\/2026\/04\/juicio-por-maradona-el-tribunal-decidio-incorporar-un-nuevo-audio-clave-que-presento-veronica-ojeda-11-scaled.jpg","articleSection":["Actualidad","Argentina","econom\u00eda","inseguridad","masradios.com","nacionales","seguridad","sociedad"],"inLanguage":"es","potentialAction":[{"@type":"CommentAction","name":"Comment","target":["https:\/\/lobosnews.com.ar\/index.php\/2026\/04\/28\/juicio-por-maradona-el-tribunal-decidio-incorporar-un-nuevo-audio-clave-que-presento-veronica-ojeda\/#respond"]}]},{"@type":"WebPage","@id":"https:\/\/lobosnews.com.ar\/index.php\/2026\/04\/28\/juicio-por-maradona-el-tribunal-decidio-incorporar-un-nuevo-audio-clave-que-presento-veronica-ojeda\/","url":"https:\/\/lobosnews.com.ar\/index.php\/2026\/04\/28\/juicio-por-maradona-el-tribunal-decidio-incorporar-un-nuevo-audio-clave-que-presento-veronica-ojeda\/","name":"Juicio por Maradona: el tribunal decidi\u00f3 incorporar un nuevo audio clave que present\u00f3 Ver\u00f3nica Ojeda - Lobos News","isPartOf":{"@id":"https:\/\/lobosnews.com.ar\/#website"},"primaryImageOfPage":{"@id":"https:\/\/lobosnews.com.ar\/index.php\/2026\/04\/28\/juicio-por-maradona-el-tribunal-decidio-incorporar-un-nuevo-audio-clave-que-presento-veronica-ojeda\/#primaryimage"},"image":{"@id":"https:\/\/lobosnews.com.ar\/index.php\/2026\/04\/28\/juicio-por-maradona-el-tribunal-decidio-incorporar-un-nuevo-audio-clave-que-presento-veronica-ojeda\/#primaryimage"},"thumbnailUrl":"https:\/\/lobosnews.com.ar\/wp-content\/uploads\/2026\/04\/juicio-por-maradona-el-tribunal-decidio-incorporar-un-nuevo-audio-clave-que-presento-veronica-ojeda-11-scaled.jpg","datePublished":"2026-04-28T20:52:26+00:00","dateModified":"2026-04-28T21:07:52+00:00","breadcrumb":{"@id":"https:\/\/lobosnews.com.ar\/index.php\/2026\/04\/28\/juicio-por-maradona-el-tribunal-decidio-incorporar-un-nuevo-audio-clave-que-presento-veronica-ojeda\/#breadcrumb"},"inLanguage":"es","potentialAction":[{"@type":"ReadAction","target":["https:\/\/lobosnews.com.ar\/index.php\/2026\/04\/28\/juicio-por-maradona-el-tribunal-decidio-incorporar-un-nuevo-audio-clave-que-presento-veronica-ojeda\/"]}]},{"@type":"ImageObject","inLanguage":"es","@id":"https:\/\/lobosnews.com.ar\/index.php\/2026\/04\/28\/juicio-por-maradona-el-tribunal-decidio-incorporar-un-nuevo-audio-clave-que-presento-veronica-ojeda\/#primaryimage","url":"https:\/\/lobosnews.com.ar\/wp-content\/uploads\/2026\/04\/juicio-por-maradona-el-tribunal-decidio-incorporar-un-nuevo-audio-clave-que-presento-veronica-ojeda-11-scaled.jpg","contentUrl":"https:\/\/lobosnews.com.ar\/wp-content\/uploads\/2026\/04\/juicio-por-maradona-el-tribunal-decidio-incorporar-un-nuevo-audio-clave-que-presento-veronica-ojeda-11-scaled.jpg","width":2560,"height":1706,"caption":"Juicio por Maradona: el tribunal decidi\u00f3 incorporar un nuevo audio clave que present\u00f3 Ver\u00f3nica Ojeda"},{"@type":"BreadcrumbList","@id":"https:\/\/lobosnews.com.ar\/index.php\/2026\/04\/28\/juicio-por-maradona-el-tribunal-decidio-incorporar-un-nuevo-audio-clave-que-presento-veronica-ojeda\/#breadcrumb","itemListElement":[{"@type":"ListItem","position":1,"name":"Portada","item":"https:\/\/lobosnews.com.ar\/"},{"@type":"ListItem","position":2,"name":"Juicio por Maradona: el tribunal decidi\u00f3 incorporar un nuevo audio clave que present\u00f3 Ver\u00f3nica Ojeda"}]},{"@type":"WebSite","@id":"https:\/\/lobosnews.com.ar\/#website","url":"https:\/\/lobosnews.com.ar\/","name":"Lobos News","description":"Informaci\u00f3n a cada instante","publisher":{"@id":"https:\/\/lobosnews.com.ar\/#organization"},"potentialAction":[{"@type":"SearchAction","target":{"@type":"EntryPoint","urlTemplate":"https:\/\/lobosnews.com.ar\/?s={search_term_string}"},"query-input":{"@type":"PropertyValueSpecification","valueRequired":true,"valueName":"search_term_string"}}],"inLanguage":"es"},{"@type":"Organization","@id":"https:\/\/lobosnews.com.ar\/#organization","name":"Lobos News","url":"https:\/\/lobosnews.com.ar\/","logo":{"@type":"ImageObject","inLanguage":"es","@id":"https:\/\/lobosnews.com.ar\/#\/schema\/logo\/image\/","url":"https:\/\/lobosnews.com.ar\/wp-content\/uploads\/2026\/01\/logo-lobosnews.png","contentUrl":"https:\/\/lobosnews.com.ar\/wp-content\/uploads\/2026\/01\/logo-lobosnews.png","width":500,"height":200,"caption":"Lobos News"},"image":{"@id":"https:\/\/lobosnews.com.ar\/#\/schema\/logo\/image\/"}},{"@type":"Person","@id":"https:\/\/lobosnews.com.ar\/#\/schema\/person\/232422a593d5c541dd9aef6aaed10943","name":"admin","image":{"@type":"ImageObject","inLanguage":"es","@id":"https:\/\/lobosnews.com.ar\/#\/schema\/person\/image\/","url":"https:\/\/secure.gravatar.com\/avatar\/76e419471a2083bc3ceab22a763dbbf9b0c1bd15a6214cf3280e2c2dde4580f9?s=96&d=mm&r=g","contentUrl":"https:\/\/secure.gravatar.com\/avatar\/76e419471a2083bc3ceab22a763dbbf9b0c1bd15a6214cf3280e2c2dde4580f9?s=96&d=mm&r=g","caption":"admin"},"sameAs":["https:\/\/lobosnews.com.ar"],"url":"https:\/\/lobosnews.com.ar\/index.php\/author\/lobos-news\/"}]}},"jetpack_featured_media_url":"https:\/\/lobosnews.com.ar\/wp-content\/uploads\/2026\/04\/juicio-por-maradona-el-tribunal-decidio-incorporar-un-nuevo-audio-clave-que-presento-veronica-ojeda-11-scaled.jpg","jetpack_sharing_enabled":true,"_links":{"self":[{"href":"https:\/\/lobosnews.com.ar\/index.php\/wp-json\/wp\/v2\/posts\/46830","targetHints":{"allow":["GET"]}}],"collection":[{"href":"https:\/\/lobosnews.com.ar\/index.php\/wp-json\/wp\/v2\/posts"}],"about":[{"href":"https:\/\/lobosnews.com.ar\/index.php\/wp-json\/wp\/v2\/types\/post"}],"author":[{"embeddable":true,"href":"https:\/\/lobosnews.com.ar\/index.php\/wp-json\/wp\/v2\/users\/1"}],"replies":[{"embeddable":true,"href":"https:\/\/lobosnews.com.ar\/index.php\/wp-json\/wp\/v2\/comments?post=46830"}],"version-history":[{"count":1,"href":"https:\/\/lobosnews.com.ar\/index.php\/wp-json\/wp\/v2\/posts\/46830\/revisions"}],"predecessor-version":[{"id":46843,"href":"https:\/\/lobosnews.com.ar\/index.php\/wp-json\/wp\/v2\/posts\/46830\/revisions\/46843"}],"wp:featuredmedia":[{"embeddable":true,"href":"https:\/\/lobosnews.com.ar\/index.php\/wp-json\/wp\/v2\/media\/46844"}],"wp:attachment":[{"href":"https:\/\/lobosnews.com.ar\/index.php\/wp-json\/wp\/v2\/media?parent=46830"}],"wp:term":[{"taxonomy":"category","embeddable":true,"href":"https:\/\/lobosnews.com.ar\/index.php\/wp-json\/wp\/v2\/categories?post=46830"},{"taxonomy":"post_tag","embeddable":true,"href":"https:\/\/lobosnews.com.ar\/index.php\/wp-json\/wp\/v2\/tags?post=46830"}],"curies":[{"name":"wp","href":"https:\/\/api.w.org\/{rel}","templated":true}]}}