{"id":46741,"date":"2026-04-28T16:07:51","date_gmt":"2026-04-28T16:07:51","guid":{"rendered":"https:\/\/lobosnews.com.ar\/index.php\/2026\/04\/28\/el-llamativo-gesto-de-nicole-neumann-tras-la-fiesta-de-15-de-allegra-organizada-por-fabian-cubero-y-mica-viciconte\/"},"modified":"2026-04-28T21:00:49","modified_gmt":"2026-04-28T21:00:49","slug":"el-llamativo-gesto-de-nicole-neumann-tras-la-fiesta-de-15-de-allegra-organizada-por-fabian-cubero-y-mica-viciconte","status":"publish","type":"post","link":"https:\/\/lobosnews.com.ar\/index.php\/2026\/04\/28\/el-llamativo-gesto-de-nicole-neumann-tras-la-fiesta-de-15-de-allegra-organizada-por-fabian-cubero-y-mica-viciconte\/","title":{"rendered":"El llamativo gesto de Nicole Neumann tras la fiesta de 15 de Allegra organizada por Fabi\u00e1n Cubero y Mica Viciconte"},"content":{"rendered":"<p><img loading=\"lazy\" decoding=\"async\" src=\"https:\/\/lobosnews.com.ar\/wp-content\/uploads\/2026\/04\/el-llamativo-gesto-de-nicole-neumann-tras-la-fiesta-de-15-de-allegra-organizada-por-fabian-cubero-y-mica-viciconte.jpg\" alt=\"Allegra Cubero posa elegantemente con el deslumbrante vestido verde esmeralda y plateado dise\u00f1ado para su esperada fiesta de 15 a\u00f1os\" height=\"2346\" width=\"1320\"\/><\/p>\n<p>La pol\u00e9mica por<span class=\"waslinkname\"> la fiesta de 15<\/span> de <span class=\"waslinkname\"><b>Allegra Cubero<\/b><\/span>, hija de<span class=\"waslinkname\"> <b>Nicole Neumann<\/b><\/span> y<span class=\"waslinkname\"> <b>Fabi\u00e1n Cubero<\/b><\/span>, sum\u00f3 un nuevo cap\u00edtulo inesperado en redes sociales. D\u00edas despu\u00e9s del evento organizado por el exfutbolista y su actual pareja, <span class=\"waslinkname\"><b>Mica Viciconte<\/b><\/span>, la modelo sorprendi\u00f3 a sus seguidores al compartir una serie de im\u00e1genes y mensajes que reflejaron su postura ante el revuelo generado en torno a la celebraci\u00f3n. Mientras el foco medi\u00e1tico apuntaba a la tensi\u00f3n familiar y a su ausencia, la modelo opt\u00f3 por destacar su v\u00ednculo con Allegra y su participaci\u00f3n en uno de los detalles m\u00e1s relevantes de la noche: la elecci\u00f3n de los vestuarios.<\/p>\n<p>Lejos de alimentar la controversia, Nicole public\u00f3 en sus historias de Instagram fotograf\u00edas que muestran a su hija con el vestido principal de la fiesta, un dise\u00f1o confeccionado por <b>Laurencio Adot<\/b>. Acompa\u00f1\u00f3 la publicaci\u00f3n con palabras de gratitud: <b>\u201cGracias Laurencio Adot por este vestidazo para mi reina\u201d<\/b>, al dejar en claro su orgullo y acompa\u00f1amiento en el proceso de selecci\u00f3n y dise\u00f1o del atuendo m\u00e1s esperado. <\/p>\n<p>Esta actitud, celebrada por sus seguidores, sirvi\u00f3 como respuesta indirecta a quienes especulaban sobre su rol en el evento y su relaci\u00f3n con Allegra tras las diferencias p\u00fablicas con Fabi\u00e1n y Mica.<\/p>\n<p><img loading=\"lazy\" decoding=\"async\" src=\"https:\/\/lobosnews.com.ar\/wp-content\/uploads\/2026\/04\/el-llamativo-gesto-de-nicole-neumann-tras-la-fiesta-de-15-de-allegra-organizada-por-fabian-cubero-y-mica-viciconte-1.jpg\" alt=\"Allegra Cubero se mira en el espejo luciendo el deslumbrante vestido verde esmeralda, dise\u00f1ado por Laurencio Adot, que eligi\u00f3 para celebrar su fiesta de 15 a\u00f1os\" height=\"1320\" width=\"2346\"\/><\/p>\n<p>Las im\u00e1genes publicadas por la modelo y conductora<b> dan cuenta de los tres cambios de vestuario que eligi\u00f3 Allegra para su noche especial<\/b>. El primer look, protagonista de las fotos principales, es un vestido largo color verde esmeralda, strapless, cubierto de peque\u00f1os cristales que generan destellos bajo la luz. El dise\u00f1o, de corte ajustado y con una abertura lateral, se aprecia en distintas tomas: una de ellas muestra a Allegra frente al espejo de un camar\u00edn iluminado, mientras otra la capta sentada en una silla, en una pose relajada pero elegante. Ambas im\u00e1genes llevan la menci\u00f3n a Laurencio Adot, reforzando el agradecimiento de Nicole y la conexi\u00f3n directa entre madre, hija y dise\u00f1ador.<\/p>\n<p>Las otras dos opciones elegidas para la fiesta tambi\u00e9n obtuvieron un lugar en las historias de Nicole. Se trata de dos vestidos cortos, ambos en tonos blancos y con detalles de transparencias y apliques de brillos. Estas prendas son m\u00e1s c\u00f3modas y pensadas para el momento del baile. En las fotos, Allegra posa en la pista de baile, rodeada de luces tipo guirnalda, con zapatillas blancas, transmitiendo frescura y juventud.<\/p>\n<p><img loading=\"lazy\" decoding=\"async\" src=\"https:\/\/lobosnews.com.ar\/wp-content\/uploads\/2026\/04\/el-llamativo-gesto-de-nicole-neumann-tras-la-fiesta-de-15-de-allegra-organizada-por-fabian-cubero-y-mica-viciconte-2.jpg\" alt=\"Allegra Cubero posa luciendo dos estilosos vestidos blancos para su fiesta de 15 a\u00f1os, destacando su elegancia juvenil en un ambiente festivo y moderno\" height=\"2250\" width=\"1320\"\/><\/p>\n<p>La segunda fiesta de 15 de Allegra, <span class=\"waslinkname\">tras la que celebr\u00f3 en el verano junto a su madre<\/span>, fue organizada por Fabi\u00e1n Cubero y Mica Viciconte, lo que gener\u00f3 expectativas y reacciones cruzadas en el entorno familiar y en redes sociales. A pesar de las cr\u00edticas y la atenci\u00f3n medi\u00e1tica, Nicole decidi\u00f3 no entrar en confrontaciones p\u00fablicas. Su estrategia consisti\u00f3 en poner el foco en el orgullo maternal y en el acompa\u00f1amiento de su hija, especialmente en la preparaci\u00f3n de los atuendos para la celebraci\u00f3n.<\/p>\n<p>La actitud de la modelo fue interpretada por muchos como una forma de reivindicar su rol en la vida de Allegra, m\u00e1s all\u00e1 de los conflictos con Cubero y Viciconte. El detalle de agradecer p\u00fablicamente a los dise\u00f1adores y mostrar el detr\u00e1s de escena de la elecci\u00f3n de los vestidos reforz\u00f3 la imagen de cercan\u00eda entre madre e hija, al tiempo que evit\u00f3 un enfrentamiento directo con el resto de la familia.<\/p>\n<p>Otro de los momentos que marc\u00f3 la cobertura medi\u00e1tica de la fiesta fue la declaraci\u00f3n del propio Laurencio Adot, quien reconoci\u00f3 ante la prensa que no hab\u00eda sido invitado al evento, a pesar de haber trabajado en el look m\u00e1s significativo de la noche. Su testimonio gener\u00f3 sorpresa y fue interpretado como un s\u00edntoma del clima particular que rode\u00f3 la organizaci\u00f3n.<\/p>\n<p>Adot expres\u00f3 d\u00edas antes: <b>\u201cNo estoy invitado, pero le hice el vestido y estuvo todo muy bien\u201d<\/b>. Si bien admiti\u00f3 cierto malestar en el entorno, prefiri\u00f3 no profundizar en la pol\u00e9mica y baj\u00f3 el tono de sus declaraciones. Adem\u00e1s, respald\u00f3 p\u00fablicamente a Nicole al destacar su rol como madre: <b>\u201cEst\u00e1 feliz con sus hijas, las acompa\u00f1a siempre y la verdad, la tiene ella. Es una madraza\u201d<\/b>.<\/p>\n","protected":false},"excerpt":{"rendered":"<p>La pol\u00e9mica por la fiesta de 15 de Allegra Cubero, hija de Nicole Neumann y Fabi\u00e1n Cubero, sum\u00f3 un nuevo cap\u00edtulo inesperado en redes sociales. D\u00edas despu\u00e9s del evento organizado por el exfutbolista y su actual pareja, Mica Viciconte, la modelo sorprendi\u00f3 a sus seguidores al compartir una serie de im\u00e1genes y mensajes que reflejaron&#8230;<\/p>\n","protected":false},"author":1,"featured_media":46746,"comment_status":"open","ping_status":"closed","sticky":false,"template":"","format":"standard","meta":{"_jetpack_memberships_contains_paid_content":false,"footnotes":""},"categories":[79],"tags":[],"class_list":["post-46741","post","type-post","status-publish","format-standard","has-post-thumbnail","hentry","category-cine-y-series"],"magazineBlocksPostFeaturedMedia":{"thumbnail":"https:\/\/lobosnews.com.ar\/wp-content\/uploads\/2026\/04\/el-llamativo-gesto-de-nicole-neumann-tras-la-fiesta-de-15-de-allegra-organizada-por-fabian-cubero-y-mica-viciconte-4-150x150.jpg","medium":"https:\/\/lobosnews.com.ar\/wp-content\/uploads\/2026\/04\/el-llamativo-gesto-de-nicole-neumann-tras-la-fiesta-de-15-de-allegra-organizada-por-fabian-cubero-y-mica-viciconte-4-176x300.jpg","medium_large":"https:\/\/lobosnews.com.ar\/wp-content\/uploads\/2026\/04\/el-llamativo-gesto-de-nicole-neumann-tras-la-fiesta-de-15-de-allegra-organizada-por-fabian-cubero-y-mica-viciconte-4-768x1309.jpg","large":"https:\/\/lobosnews.com.ar\/wp-content\/uploads\/2026\/04\/el-llamativo-gesto-de-nicole-neumann-tras-la-fiesta-de-15-de-allegra-organizada-por-fabian-cubero-y-mica-viciconte-4-601x1024.jpg","1536x1536":"https:\/\/lobosnews.com.ar\/wp-content\/uploads\/2026\/04\/el-llamativo-gesto-de-nicole-neumann-tras-la-fiesta-de-15-de-allegra-organizada-por-fabian-cubero-y-mica-viciconte-4-901x1536.jpg","2048x2048":"https:\/\/lobosnews.com.ar\/wp-content\/uploads\/2026\/04\/el-llamativo-gesto-de-nicole-neumann-tras-la-fiesta-de-15-de-allegra-organizada-por-fabian-cubero-y-mica-viciconte-4-1201x2048.jpg","newsmatic-featured":"https:\/\/lobosnews.com.ar\/wp-content\/uploads\/2026\/04\/el-llamativo-gesto-de-nicole-neumann-tras-la-fiesta-de-15-de-allegra-organizada-por-fabian-cubero-y-mica-viciconte-4-820x545.jpg","newsmatic-list":"https:\/\/lobosnews.com.ar\/wp-content\/uploads\/2026\/04\/el-llamativo-gesto-de-nicole-neumann-tras-la-fiesta-de-15-de-allegra-organizada-por-fabian-cubero-y-mica-viciconte-4-600x400.jpg","newsmatic-thumb":"https:\/\/lobosnews.com.ar\/wp-content\/uploads\/2026\/04\/el-llamativo-gesto-de-nicole-neumann-tras-la-fiesta-de-15-de-allegra-organizada-por-fabian-cubero-y-mica-viciconte-4-300x200.jpg","newsmatic-small":"https:\/\/lobosnews.com.ar\/wp-content\/uploads\/2026\/04\/el-llamativo-gesto-de-nicole-neumann-tras-la-fiesta-de-15-de-allegra-organizada-por-fabian-cubero-y-mica-viciconte-4-150x95.jpg","newsmatic-grid":"https:\/\/lobosnews.com.ar\/wp-content\/uploads\/2026\/04\/el-llamativo-gesto-de-nicole-neumann-tras-la-fiesta-de-15-de-allegra-organizada-por-fabian-cubero-y-mica-viciconte-4-400x250.jpg"},"magazineBlocksPostAuthor":{"name":"admin","avatar":"https:\/\/secure.gravatar.com\/avatar\/76e419471a2083bc3ceab22a763dbbf9b0c1bd15a6214cf3280e2c2dde4580f9?s=96&d=mm&r=g"},"magazineBlocksPostCommentsNumber":"0","magazineBlocksPostExcerpt":"La pol\u00e9mica por la fiesta de 15 de Allegra Cubero, hija de Nicole Neumann y Fabi\u00e1n Cubero, sum\u00f3 un nuevo cap\u00edtulo inesperado en redes sociales. D\u00edas despu\u00e9s del evento organizado por el exfutbolista y su actual pareja, Mica Viciconte, la modelo sorprendi\u00f3 a sus seguidores al compartir una serie de im\u00e1genes y mensajes que reflejaron...","magazineBlocksPostCategories":["Cine y Series"],"magazineBlocksPostViewCount":5,"magazineBlocksPostReadTime":4,"magazine_blocks_featured_image_url":{"full":["https:\/\/lobosnews.com.ar\/wp-content\/uploads\/2026\/04\/el-llamativo-gesto-de-nicole-neumann-tras-la-fiesta-de-15-de-allegra-organizada-por-fabian-cubero-y-mica-viciconte-4.jpg",1320,2250,false],"medium":["https:\/\/lobosnews.com.ar\/wp-content\/uploads\/2026\/04\/el-llamativo-gesto-de-nicole-neumann-tras-la-fiesta-de-15-de-allegra-organizada-por-fabian-cubero-y-mica-viciconte-4-176x300.jpg",176,300,true],"thumbnail":["https:\/\/lobosnews.com.ar\/wp-content\/uploads\/2026\/04\/el-llamativo-gesto-de-nicole-neumann-tras-la-fiesta-de-15-de-allegra-organizada-por-fabian-cubero-y-mica-viciconte-4-150x150.jpg",150,150,true]},"magazine_blocks_author":{"display_name":"admin","author_link":"https:\/\/lobosnews.com.ar\/index.php\/author\/lobos-news\/"},"magazine_blocks_comment":0,"magazine_blocks_author_image":"https:\/\/secure.gravatar.com\/avatar\/76e419471a2083bc3ceab22a763dbbf9b0c1bd15a6214cf3280e2c2dde4580f9?s=96&d=mm&r=g","magazine_blocks_category":"<a href=\"#\" class=\"category-link category-link-79\">Cine y Series<\/a>","yoast_head":"<!-- This site is optimized with the Yoast SEO plugin v26.6 - https:\/\/yoast.com\/wordpress\/plugins\/seo\/ -->\n<title>El llamativo gesto de Nicole Neumann tras la fiesta de 15 de Allegra organizada por Fabi\u00e1n Cubero y Mica Viciconte - Lobos News<\/title>\n<meta name=\"robots\" content=\"index, follow, max-snippet:-1, max-image-preview:large, max-video-preview:-1\" \/>\n<link rel=\"canonical\" href=\"https:\/\/lobosnews.com.ar\/index.php\/2026\/04\/28\/el-llamativo-gesto-de-nicole-neumann-tras-la-fiesta-de-15-de-allegra-organizada-por-fabian-cubero-y-mica-viciconte\/\" \/>\n<meta property=\"og:locale\" content=\"es_ES\" \/>\n<meta property=\"og:type\" content=\"article\" \/>\n<meta property=\"og:title\" content=\"El llamativo gesto de Nicole Neumann tras la fiesta de 15 de Allegra organizada por Fabi\u00e1n Cubero y Mica Viciconte - Lobos News\" \/>\n<meta property=\"og:description\" content=\"La pol\u00e9mica por la fiesta de 15 de Allegra Cubero, hija de Nicole Neumann y Fabi\u00e1n Cubero, sum\u00f3 un nuevo cap\u00edtulo inesperado en redes sociales. D\u00edas despu\u00e9s del evento organizado por el exfutbolista y su actual pareja, Mica Viciconte, la modelo sorprendi\u00f3 a sus seguidores al compartir una serie de im\u00e1genes y mensajes que reflejaron...\" \/>\n<meta property=\"og:url\" content=\"https:\/\/lobosnews.com.ar\/index.php\/2026\/04\/28\/el-llamativo-gesto-de-nicole-neumann-tras-la-fiesta-de-15-de-allegra-organizada-por-fabian-cubero-y-mica-viciconte\/\" \/>\n<meta property=\"og:site_name\" content=\"Lobos News\" \/>\n<meta property=\"article:published_time\" content=\"2026-04-28T16:07:51+00:00\" \/>\n<meta property=\"article:modified_time\" content=\"2026-04-28T21:00:49+00:00\" \/>\n<meta property=\"og:image\" content=\"https:\/\/lobosnews.com.ar\/wp-content\/uploads\/2026\/04\/el-llamativo-gesto-de-nicole-neumann-tras-la-fiesta-de-15-de-allegra-organizada-por-fabian-cubero-y-mica-viciconte.jpg\" \/>\n<meta name=\"author\" content=\"admin\" \/>\n<meta name=\"twitter:card\" content=\"summary_large_image\" \/>\n<meta name=\"twitter:label1\" content=\"Escrito por\" \/>\n\t<meta name=\"twitter:data1\" content=\"admin\" \/>\n\t<meta name=\"twitter:label2\" content=\"Tiempo de lectura\" \/>\n\t<meta name=\"twitter:data2\" content=\"4 minutos\" \/>\n<script type=\"application\/ld+json\" class=\"yoast-schema-graph\">{\"@context\":\"https:\/\/schema.org\",\"@graph\":[{\"@type\":\"Article\",\"@id\":\"https:\/\/lobosnews.com.ar\/index.php\/2026\/04\/28\/el-llamativo-gesto-de-nicole-neumann-tras-la-fiesta-de-15-de-allegra-organizada-por-fabian-cubero-y-mica-viciconte\/#article\",\"isPartOf\":{\"@id\":\"https:\/\/lobosnews.com.ar\/index.php\/2026\/04\/28\/el-llamativo-gesto-de-nicole-neumann-tras-la-fiesta-de-15-de-allegra-organizada-por-fabian-cubero-y-mica-viciconte\/\"},\"author\":{\"name\":\"admin\",\"@id\":\"https:\/\/lobosnews.com.ar\/#\/schema\/person\/232422a593d5c541dd9aef6aaed10943\"},\"headline\":\"El llamativo gesto de Nicole Neumann tras la fiesta de 15 de Allegra organizada por Fabi\u00e1n Cubero y Mica Viciconte\",\"datePublished\":\"2026-04-28T16:07:51+00:00\",\"dateModified\":\"2026-04-28T21:00:49+00:00\",\"mainEntityOfPage\":{\"@id\":\"https:\/\/lobosnews.com.ar\/index.php\/2026\/04\/28\/el-llamativo-gesto-de-nicole-neumann-tras-la-fiesta-de-15-de-allegra-organizada-por-fabian-cubero-y-mica-viciconte\/\"},\"wordCount\":748,\"commentCount\":0,\"publisher\":{\"@id\":\"https:\/\/lobosnews.com.ar\/#organization\"},\"image\":{\"@id\":\"https:\/\/lobosnews.com.ar\/index.php\/2026\/04\/28\/el-llamativo-gesto-de-nicole-neumann-tras-la-fiesta-de-15-de-allegra-organizada-por-fabian-cubero-y-mica-viciconte\/#primaryimage\"},\"thumbnailUrl\":\"https:\/\/lobosnews.com.ar\/wp-content\/uploads\/2026\/04\/el-llamativo-gesto-de-nicole-neumann-tras-la-fiesta-de-15-de-allegra-organizada-por-fabian-cubero-y-mica-viciconte-4.jpg\",\"articleSection\":[\"Cine y Series\"],\"inLanguage\":\"es\",\"potentialAction\":[{\"@type\":\"CommentAction\",\"name\":\"Comment\",\"target\":[\"https:\/\/lobosnews.com.ar\/index.php\/2026\/04\/28\/el-llamativo-gesto-de-nicole-neumann-tras-la-fiesta-de-15-de-allegra-organizada-por-fabian-cubero-y-mica-viciconte\/#respond\"]}]},{\"@type\":\"WebPage\",\"@id\":\"https:\/\/lobosnews.com.ar\/index.php\/2026\/04\/28\/el-llamativo-gesto-de-nicole-neumann-tras-la-fiesta-de-15-de-allegra-organizada-por-fabian-cubero-y-mica-viciconte\/\",\"url\":\"https:\/\/lobosnews.com.ar\/index.php\/2026\/04\/28\/el-llamativo-gesto-de-nicole-neumann-tras-la-fiesta-de-15-de-allegra-organizada-por-fabian-cubero-y-mica-viciconte\/\",\"name\":\"El llamativo gesto de Nicole Neumann tras la fiesta de 15 de Allegra organizada por Fabi\u00e1n Cubero y Mica Viciconte - Lobos News\",\"isPartOf\":{\"@id\":\"https:\/\/lobosnews.com.ar\/#website\"},\"primaryImageOfPage\":{\"@id\":\"https:\/\/lobosnews.com.ar\/index.php\/2026\/04\/28\/el-llamativo-gesto-de-nicole-neumann-tras-la-fiesta-de-15-de-allegra-organizada-por-fabian-cubero-y-mica-viciconte\/#primaryimage\"},\"image\":{\"@id\":\"https:\/\/lobosnews.com.ar\/index.php\/2026\/04\/28\/el-llamativo-gesto-de-nicole-neumann-tras-la-fiesta-de-15-de-allegra-organizada-por-fabian-cubero-y-mica-viciconte\/#primaryimage\"},\"thumbnailUrl\":\"https:\/\/lobosnews.com.ar\/wp-content\/uploads\/2026\/04\/el-llamativo-gesto-de-nicole-neumann-tras-la-fiesta-de-15-de-allegra-organizada-por-fabian-cubero-y-mica-viciconte-4.jpg\",\"datePublished\":\"2026-04-28T16:07:51+00:00\",\"dateModified\":\"2026-04-28T21:00:49+00:00\",\"breadcrumb\":{\"@id\":\"https:\/\/lobosnews.com.ar\/index.php\/2026\/04\/28\/el-llamativo-gesto-de-nicole-neumann-tras-la-fiesta-de-15-de-allegra-organizada-por-fabian-cubero-y-mica-viciconte\/#breadcrumb\"},\"inLanguage\":\"es\",\"potentialAction\":[{\"@type\":\"ReadAction\",\"target\":[\"https:\/\/lobosnews.com.ar\/index.php\/2026\/04\/28\/el-llamativo-gesto-de-nicole-neumann-tras-la-fiesta-de-15-de-allegra-organizada-por-fabian-cubero-y-mica-viciconte\/\"]}]},{\"@type\":\"ImageObject\",\"inLanguage\":\"es\",\"@id\":\"https:\/\/lobosnews.com.ar\/index.php\/2026\/04\/28\/el-llamativo-gesto-de-nicole-neumann-tras-la-fiesta-de-15-de-allegra-organizada-por-fabian-cubero-y-mica-viciconte\/#primaryimage\",\"url\":\"https:\/\/lobosnews.com.ar\/wp-content\/uploads\/2026\/04\/el-llamativo-gesto-de-nicole-neumann-tras-la-fiesta-de-15-de-allegra-organizada-por-fabian-cubero-y-mica-viciconte-4.jpg\",\"contentUrl\":\"https:\/\/lobosnews.com.ar\/wp-content\/uploads\/2026\/04\/el-llamativo-gesto-de-nicole-neumann-tras-la-fiesta-de-15-de-allegra-organizada-por-fabian-cubero-y-mica-viciconte-4.jpg\",\"width\":1320,\"height\":2250,\"caption\":\"El llamativo gesto de Nicole Neumann tras la fiesta de 15 de Allegra organizada por Fabi\u00e1n Cubero y Mica Viciconte\"},{\"@type\":\"BreadcrumbList\",\"@id\":\"https:\/\/lobosnews.com.ar\/index.php\/2026\/04\/28\/el-llamativo-gesto-de-nicole-neumann-tras-la-fiesta-de-15-de-allegra-organizada-por-fabian-cubero-y-mica-viciconte\/#breadcrumb\",\"itemListElement\":[{\"@type\":\"ListItem\",\"position\":1,\"name\":\"Portada\",\"item\":\"https:\/\/lobosnews.com.ar\/\"},{\"@type\":\"ListItem\",\"position\":2,\"name\":\"El llamativo gesto de Nicole Neumann tras la fiesta de 15 de Allegra organizada por Fabi\u00e1n Cubero y Mica Viciconte\"}]},{\"@type\":\"WebSite\",\"@id\":\"https:\/\/lobosnews.com.ar\/#website\",\"url\":\"https:\/\/lobosnews.com.ar\/\",\"name\":\"Lobos News\",\"description\":\"Informaci\u00f3n a cada instante\",\"publisher\":{\"@id\":\"https:\/\/lobosnews.com.ar\/#organization\"},\"potentialAction\":[{\"@type\":\"SearchAction\",\"target\":{\"@type\":\"EntryPoint\",\"urlTemplate\":\"https:\/\/lobosnews.com.ar\/?s={search_term_string}\"},\"query-input\":{\"@type\":\"PropertyValueSpecification\",\"valueRequired\":true,\"valueName\":\"search_term_string\"}}],\"inLanguage\":\"es\"},{\"@type\":\"Organization\",\"@id\":\"https:\/\/lobosnews.com.ar\/#organization\",\"name\":\"Lobos News\",\"url\":\"https:\/\/lobosnews.com.ar\/\",\"logo\":{\"@type\":\"ImageObject\",\"inLanguage\":\"es\",\"@id\":\"https:\/\/lobosnews.com.ar\/#\/schema\/logo\/image\/\",\"url\":\"https:\/\/lobosnews.com.ar\/wp-content\/uploads\/2026\/01\/logo-lobosnews.png\",\"contentUrl\":\"https:\/\/lobosnews.com.ar\/wp-content\/uploads\/2026\/01\/logo-lobosnews.png\",\"width\":500,\"height\":200,\"caption\":\"Lobos News\"},\"image\":{\"@id\":\"https:\/\/lobosnews.com.ar\/#\/schema\/logo\/image\/\"}},{\"@type\":\"Person\",\"@id\":\"https:\/\/lobosnews.com.ar\/#\/schema\/person\/232422a593d5c541dd9aef6aaed10943\",\"name\":\"admin\",\"image\":{\"@type\":\"ImageObject\",\"inLanguage\":\"es\",\"@id\":\"https:\/\/lobosnews.com.ar\/#\/schema\/person\/image\/\",\"url\":\"https:\/\/secure.gravatar.com\/avatar\/76e419471a2083bc3ceab22a763dbbf9b0c1bd15a6214cf3280e2c2dde4580f9?s=96&d=mm&r=g\",\"contentUrl\":\"https:\/\/secure.gravatar.com\/avatar\/76e419471a2083bc3ceab22a763dbbf9b0c1bd15a6214cf3280e2c2dde4580f9?s=96&d=mm&r=g\",\"caption\":\"admin\"},\"sameAs\":[\"https:\/\/lobosnews.com.ar\"],\"url\":\"https:\/\/lobosnews.com.ar\/index.php\/author\/lobos-news\/\"}]}<\/script>\n<!-- \/ Yoast SEO plugin. -->","yoast_head_json":{"title":"El llamativo gesto de Nicole Neumann tras la fiesta de 15 de Allegra organizada por Fabi\u00e1n Cubero y Mica Viciconte - Lobos News","robots":{"index":"index","follow":"follow","max-snippet":"max-snippet:-1","max-image-preview":"max-image-preview:large","max-video-preview":"max-video-preview:-1"},"canonical":"https:\/\/lobosnews.com.ar\/index.php\/2026\/04\/28\/el-llamativo-gesto-de-nicole-neumann-tras-la-fiesta-de-15-de-allegra-organizada-por-fabian-cubero-y-mica-viciconte\/","og_locale":"es_ES","og_type":"article","og_title":"El llamativo gesto de Nicole Neumann tras la fiesta de 15 de Allegra organizada por Fabi\u00e1n Cubero y Mica Viciconte - Lobos News","og_description":"La pol\u00e9mica por la fiesta de 15 de Allegra Cubero, hija de Nicole Neumann y Fabi\u00e1n Cubero, sum\u00f3 un nuevo cap\u00edtulo inesperado en redes sociales. D\u00edas despu\u00e9s del evento organizado por el exfutbolista y su actual pareja, Mica Viciconte, la modelo sorprendi\u00f3 a sus seguidores al compartir una serie de im\u00e1genes y mensajes que reflejaron...","og_url":"https:\/\/lobosnews.com.ar\/index.php\/2026\/04\/28\/el-llamativo-gesto-de-nicole-neumann-tras-la-fiesta-de-15-de-allegra-organizada-por-fabian-cubero-y-mica-viciconte\/","og_site_name":"Lobos News","article_published_time":"2026-04-28T16:07:51+00:00","article_modified_time":"2026-04-28T21:00:49+00:00","og_image":[{"url":"https:\/\/lobosnews.com.ar\/wp-content\/uploads\/2026\/04\/el-llamativo-gesto-de-nicole-neumann-tras-la-fiesta-de-15-de-allegra-organizada-por-fabian-cubero-y-mica-viciconte.jpg","type":"","width":"","height":""}],"author":"admin","twitter_card":"summary_large_image","twitter_misc":{"Escrito por":"admin","Tiempo de lectura":"4 minutos"},"schema":{"@context":"https:\/\/schema.org","@graph":[{"@type":"Article","@id":"https:\/\/lobosnews.com.ar\/index.php\/2026\/04\/28\/el-llamativo-gesto-de-nicole-neumann-tras-la-fiesta-de-15-de-allegra-organizada-por-fabian-cubero-y-mica-viciconte\/#article","isPartOf":{"@id":"https:\/\/lobosnews.com.ar\/index.php\/2026\/04\/28\/el-llamativo-gesto-de-nicole-neumann-tras-la-fiesta-de-15-de-allegra-organizada-por-fabian-cubero-y-mica-viciconte\/"},"author":{"name":"admin","@id":"https:\/\/lobosnews.com.ar\/#\/schema\/person\/232422a593d5c541dd9aef6aaed10943"},"headline":"El llamativo gesto de Nicole Neumann tras la fiesta de 15 de Allegra organizada por Fabi\u00e1n Cubero y Mica Viciconte","datePublished":"2026-04-28T16:07:51+00:00","dateModified":"2026-04-28T21:00:49+00:00","mainEntityOfPage":{"@id":"https:\/\/lobosnews.com.ar\/index.php\/2026\/04\/28\/el-llamativo-gesto-de-nicole-neumann-tras-la-fiesta-de-15-de-allegra-organizada-por-fabian-cubero-y-mica-viciconte\/"},"wordCount":748,"commentCount":0,"publisher":{"@id":"https:\/\/lobosnews.com.ar\/#organization"},"image":{"@id":"https:\/\/lobosnews.com.ar\/index.php\/2026\/04\/28\/el-llamativo-gesto-de-nicole-neumann-tras-la-fiesta-de-15-de-allegra-organizada-por-fabian-cubero-y-mica-viciconte\/#primaryimage"},"thumbnailUrl":"https:\/\/lobosnews.com.ar\/wp-content\/uploads\/2026\/04\/el-llamativo-gesto-de-nicole-neumann-tras-la-fiesta-de-15-de-allegra-organizada-por-fabian-cubero-y-mica-viciconte-4.jpg","articleSection":["Cine y Series"],"inLanguage":"es","potentialAction":[{"@type":"CommentAction","name":"Comment","target":["https:\/\/lobosnews.com.ar\/index.php\/2026\/04\/28\/el-llamativo-gesto-de-nicole-neumann-tras-la-fiesta-de-15-de-allegra-organizada-por-fabian-cubero-y-mica-viciconte\/#respond"]}]},{"@type":"WebPage","@id":"https:\/\/lobosnews.com.ar\/index.php\/2026\/04\/28\/el-llamativo-gesto-de-nicole-neumann-tras-la-fiesta-de-15-de-allegra-organizada-por-fabian-cubero-y-mica-viciconte\/","url":"https:\/\/lobosnews.com.ar\/index.php\/2026\/04\/28\/el-llamativo-gesto-de-nicole-neumann-tras-la-fiesta-de-15-de-allegra-organizada-por-fabian-cubero-y-mica-viciconte\/","name":"El llamativo gesto de Nicole Neumann tras la fiesta de 15 de Allegra organizada por Fabi\u00e1n Cubero y Mica Viciconte - Lobos News","isPartOf":{"@id":"https:\/\/lobosnews.com.ar\/#website"},"primaryImageOfPage":{"@id":"https:\/\/lobosnews.com.ar\/index.php\/2026\/04\/28\/el-llamativo-gesto-de-nicole-neumann-tras-la-fiesta-de-15-de-allegra-organizada-por-fabian-cubero-y-mica-viciconte\/#primaryimage"},"image":{"@id":"https:\/\/lobosnews.com.ar\/index.php\/2026\/04\/28\/el-llamativo-gesto-de-nicole-neumann-tras-la-fiesta-de-15-de-allegra-organizada-por-fabian-cubero-y-mica-viciconte\/#primaryimage"},"thumbnailUrl":"https:\/\/lobosnews.com.ar\/wp-content\/uploads\/2026\/04\/el-llamativo-gesto-de-nicole-neumann-tras-la-fiesta-de-15-de-allegra-organizada-por-fabian-cubero-y-mica-viciconte-4.jpg","datePublished":"2026-04-28T16:07:51+00:00","dateModified":"2026-04-28T21:00:49+00:00","breadcrumb":{"@id":"https:\/\/lobosnews.com.ar\/index.php\/2026\/04\/28\/el-llamativo-gesto-de-nicole-neumann-tras-la-fiesta-de-15-de-allegra-organizada-por-fabian-cubero-y-mica-viciconte\/#breadcrumb"},"inLanguage":"es","potentialAction":[{"@type":"ReadAction","target":["https:\/\/lobosnews.com.ar\/index.php\/2026\/04\/28\/el-llamativo-gesto-de-nicole-neumann-tras-la-fiesta-de-15-de-allegra-organizada-por-fabian-cubero-y-mica-viciconte\/"]}]},{"@type":"ImageObject","inLanguage":"es","@id":"https:\/\/lobosnews.com.ar\/index.php\/2026\/04\/28\/el-llamativo-gesto-de-nicole-neumann-tras-la-fiesta-de-15-de-allegra-organizada-por-fabian-cubero-y-mica-viciconte\/#primaryimage","url":"https:\/\/lobosnews.com.ar\/wp-content\/uploads\/2026\/04\/el-llamativo-gesto-de-nicole-neumann-tras-la-fiesta-de-15-de-allegra-organizada-por-fabian-cubero-y-mica-viciconte-4.jpg","contentUrl":"https:\/\/lobosnews.com.ar\/wp-content\/uploads\/2026\/04\/el-llamativo-gesto-de-nicole-neumann-tras-la-fiesta-de-15-de-allegra-organizada-por-fabian-cubero-y-mica-viciconte-4.jpg","width":1320,"height":2250,"caption":"El llamativo gesto de Nicole Neumann tras la fiesta de 15 de Allegra organizada por Fabi\u00e1n Cubero y Mica Viciconte"},{"@type":"BreadcrumbList","@id":"https:\/\/lobosnews.com.ar\/index.php\/2026\/04\/28\/el-llamativo-gesto-de-nicole-neumann-tras-la-fiesta-de-15-de-allegra-organizada-por-fabian-cubero-y-mica-viciconte\/#breadcrumb","itemListElement":[{"@type":"ListItem","position":1,"name":"Portada","item":"https:\/\/lobosnews.com.ar\/"},{"@type":"ListItem","position":2,"name":"El llamativo gesto de Nicole Neumann tras la fiesta de 15 de Allegra organizada por Fabi\u00e1n Cubero y Mica Viciconte"}]},{"@type":"WebSite","@id":"https:\/\/lobosnews.com.ar\/#website","url":"https:\/\/lobosnews.com.ar\/","name":"Lobos News","description":"Informaci\u00f3n a cada instante","publisher":{"@id":"https:\/\/lobosnews.com.ar\/#organization"},"potentialAction":[{"@type":"SearchAction","target":{"@type":"EntryPoint","urlTemplate":"https:\/\/lobosnews.com.ar\/?s={search_term_string}"},"query-input":{"@type":"PropertyValueSpecification","valueRequired":true,"valueName":"search_term_string"}}],"inLanguage":"es"},{"@type":"Organization","@id":"https:\/\/lobosnews.com.ar\/#organization","name":"Lobos News","url":"https:\/\/lobosnews.com.ar\/","logo":{"@type":"ImageObject","inLanguage":"es","@id":"https:\/\/lobosnews.com.ar\/#\/schema\/logo\/image\/","url":"https:\/\/lobosnews.com.ar\/wp-content\/uploads\/2026\/01\/logo-lobosnews.png","contentUrl":"https:\/\/lobosnews.com.ar\/wp-content\/uploads\/2026\/01\/logo-lobosnews.png","width":500,"height":200,"caption":"Lobos News"},"image":{"@id":"https:\/\/lobosnews.com.ar\/#\/schema\/logo\/image\/"}},{"@type":"Person","@id":"https:\/\/lobosnews.com.ar\/#\/schema\/person\/232422a593d5c541dd9aef6aaed10943","name":"admin","image":{"@type":"ImageObject","inLanguage":"es","@id":"https:\/\/lobosnews.com.ar\/#\/schema\/person\/image\/","url":"https:\/\/secure.gravatar.com\/avatar\/76e419471a2083bc3ceab22a763dbbf9b0c1bd15a6214cf3280e2c2dde4580f9?s=96&d=mm&r=g","contentUrl":"https:\/\/secure.gravatar.com\/avatar\/76e419471a2083bc3ceab22a763dbbf9b0c1bd15a6214cf3280e2c2dde4580f9?s=96&d=mm&r=g","caption":"admin"},"sameAs":["https:\/\/lobosnews.com.ar"],"url":"https:\/\/lobosnews.com.ar\/index.php\/author\/lobos-news\/"}]}},"jetpack_featured_media_url":"https:\/\/lobosnews.com.ar\/wp-content\/uploads\/2026\/04\/el-llamativo-gesto-de-nicole-neumann-tras-la-fiesta-de-15-de-allegra-organizada-por-fabian-cubero-y-mica-viciconte-4.jpg","jetpack_sharing_enabled":true,"_links":{"self":[{"href":"https:\/\/lobosnews.com.ar\/index.php\/wp-json\/wp\/v2\/posts\/46741","targetHints":{"allow":["GET"]}}],"collection":[{"href":"https:\/\/lobosnews.com.ar\/index.php\/wp-json\/wp\/v2\/posts"}],"about":[{"href":"https:\/\/lobosnews.com.ar\/index.php\/wp-json\/wp\/v2\/types\/post"}],"author":[{"embeddable":true,"href":"https:\/\/lobosnews.com.ar\/index.php\/wp-json\/wp\/v2\/users\/1"}],"replies":[{"embeddable":true,"href":"https:\/\/lobosnews.com.ar\/index.php\/wp-json\/wp\/v2\/comments?post=46741"}],"version-history":[{"count":1,"href":"https:\/\/lobosnews.com.ar\/index.php\/wp-json\/wp\/v2\/posts\/46741\/revisions"}],"predecessor-version":[{"id":46745,"href":"https:\/\/lobosnews.com.ar\/index.php\/wp-json\/wp\/v2\/posts\/46741\/revisions\/46745"}],"wp:featuredmedia":[{"embeddable":true,"href":"https:\/\/lobosnews.com.ar\/index.php\/wp-json\/wp\/v2\/media\/46746"}],"wp:attachment":[{"href":"https:\/\/lobosnews.com.ar\/index.php\/wp-json\/wp\/v2\/media?parent=46741"}],"wp:term":[{"taxonomy":"category","embeddable":true,"href":"https:\/\/lobosnews.com.ar\/index.php\/wp-json\/wp\/v2\/categories?post=46741"},{"taxonomy":"post_tag","embeddable":true,"href":"https:\/\/lobosnews.com.ar\/index.php\/wp-json\/wp\/v2\/tags?post=46741"}],"curies":[{"name":"wp","href":"https:\/\/api.w.org\/{rel}","templated":true}]}}