{"id":46728,"date":"2026-04-28T19:32:12","date_gmt":"2026-04-28T19:32:12","guid":{"rendered":"https:\/\/lobosnews.com.ar\/index.php\/2026\/04\/28\/la-emocion-de-sarah-stewart-brown-ante-el-recuerdo-de-michael-buble-sobre-jorge-lanata-no-conocia-la-anecdota\/"},"modified":"2026-04-28T20:58:15","modified_gmt":"2026-04-28T20:58:15","slug":"la-emocion-de-sarah-stewart-brown-ante-el-recuerdo-de-michael-buble-sobre-jorge-lanata-no-conocia-la-anecdota","status":"publish","type":"post","link":"https:\/\/lobosnews.com.ar\/index.php\/2026\/04\/28\/la-emocion-de-sarah-stewart-brown-ante-el-recuerdo-de-michael-buble-sobre-jorge-lanata-no-conocia-la-anecdota\/","title":{"rendered":"La emoci\u00f3n de Sarah Stewart Brown ante el recuerdo de Michael Bubl\u00e9 sobre Jorge Lanata: \u201cNo conoc\u00eda la an\u00e9cdota\u201d"},"content":{"rendered":"<p>Una entrevista relajada en la televisi\u00f3n brit\u00e1nica se convirti\u00f3 inesperadamente en tema de conversaci\u00f3n en la Argentina, y no por cualquier motivo: <span class=\"waslinkname\"><b>Michael Bubl\u00e9<\/b><\/span>,<b> en plena charla con <\/b><span class=\"waslinkname\"><b>Lily Allen<\/b><\/span><b>, record\u00f3 en detalle el v\u00ednculo entre el ciclo de<\/b><span class=\"waslinkname\"><b> Jorge Lanata<\/b><\/span> y uno de los mayores hits de la cantante brit\u00e1nica. El momento, <b>que pas\u00f3 casi desapercibido en la pantalla chica en 2023<\/b>, fue redescubierto ahora por los seguidores locales y emocion\u00f3 especialmente a <span class=\"waslinkname\"><b>Sarah Stewart Brown<\/b><\/span>, expareja del periodista y madre de su hija menor Lola.<\/p>\n<p>La repercusi\u00f3n se dispar\u00f3 a partir de un posteo de Sarah en su cuenta de X. \u201c<b>Me vuelvo loca. Bubl\u00e9 cont\u00e1ndole de Lanata a Lily Allen<\/b>\u201d, escribi\u00f3, junto al clip que muestra el asombro de la artista y la naturalidad del cantante canadiense al explicar el fen\u00f3meno argentino. M\u00e1s tarde, agreg\u00f3: \u201c<b>La cara de ella, la fascinaci\u00f3n de \u00e9l, me muero. No conoc\u00eda la an\u00e9cdota, es de 2023. No lo hab\u00eda visto hasta reci\u00e9n que me lo pas\u00f3 @GabyLevinas<\/b>\u201d. La escena, entre risas y an\u00e9cdotas, termin\u00f3 por conectar dos universos: el del periodismo pol\u00edtico local y el pop internacional.<\/p>\n<p>Durante la entrevista, Bubl\u00e9 relat\u00f3 c\u00f3mo <i><b>Periodismo para Todos<\/b><\/i><b>, el ciclo de Jorge Lanata, utiliz\u00f3 durante a\u00f1os \u201cFuck You\u201d<\/b> de la artista como cortina de apertura. \u201cVivo mitad del tiempo en Canad\u00e1 y mitad en Argentina. En Argentina, obviamente, no hablamos ingl\u00e9s como primera lengua\u201d, explic\u00f3 Bubl\u00e9 para poner en contexto la an\u00e9cdota ante sus colegas brit\u00e1nicos. \u201c<b>Hay un programa de televisi\u00f3n muy popular, como uno grande, y se llama Lanata<\/b>\u201d, cont\u00f3, generando curiosidad y risas en el estudio por la pronunciaci\u00f3n de su apellido.<\/p>\n<p><img fetchpriority=\"high\" decoding=\"async\" src=\"https:\/\/lobosnews.com.ar\/wp-content\/uploads\/2026\/04\/la-emocion-de-sarah-stewart-brown-ante-el-recuerdo-de-michael-buble-sobre-jorge-lanata-no-conocia-la-anecdota.jpg\" alt=\"Sarah comparti\u00f3, con emoci\u00f3n, el clip que encontr\u00f3 del artista canadiense hablando sobre el programa de Lanata (X)\" height=\"676\" width=\"427\"\/><\/p>\n<p>El cantante detall\u00f3 que el programa era seguido por ni\u00f1os y adultos, y que la canci\u00f3n de Allen se hab\u00eda convertido en un emblema para los argentinos, aunque la mayor\u00eda desconoc\u00eda el significado de la letra debido a la barrera idiom\u00e1tica. \u201c<b>Los ni\u00f1os se quedan despiertos y lo miran. Y me encanta, porque tu canci\u00f3n es el tema principal. Y ellos no lo saben, la letra no significa nada para ellos<\/b>, pero significa algo para m\u00ed porque hablo ingl\u00e9s\u201d, coment\u00f3 Bubl\u00e9, entre carcajadas de los presentes.<\/p>\n<p>El asombro de Allen fue total al enterarse del uso pol\u00edtico y televisivo de su tema en la Argentina. Bubl\u00e9 brome\u00f3 sobre lo extra\u00f1o que era escuchar \u201cFuck You\u201d al aire sin que nadie se inmutara: \u201cEst\u00e1s sentado ah\u00ed mirando, y hay ni\u00f1os&#8230; y dicen \u2018mierda\u2019.<b> Para m\u00ed es como decir \u2018\u00a1est\u00e1n diciendo malas palabras!\u2019<\/b>\u201d. Allen, divertida, hasta reclam\u00f3 regal\u00edas por el uso de su canci\u00f3n en el ciclo argentino, a lo que Bubl\u00e9 respondi\u00f3 con picard\u00eda: \u201c<b>Eres tan rica en pesos que no tienes idea<\/b>\u201d.<\/p>\n<p><img loading=\"lazy\" decoding=\"async\" src=\"https:\/\/lobosnews.com.ar\/wp-content\/uploads\/2026\/04\/la-emocion-de-sarah-stewart-brown-ante-el-recuerdo-de-michael-buble-sobre-jorge-lanata-no-conocia-la-anecdota-1.jpg\" alt=\"El ic\u00f3nico ciclo de Lanata utiliz\u00f3 el tema de Lily Allen como apertura de cada emisi\u00f3n (Archivo)\" height=\"1080\" width=\"1920\"\/><\/p>\n<p>La canci\u00f3n, lanzada en 2009 como parte del \u00e1lbum <i>It\u2019s Not Me, It\u2019s You<\/i>, <b>qued\u00f3 asociada para siempre a <\/b><i><b>PPT<\/b><\/i>. Para buena parte del p\u00fablico argentino, el tema funcionaba casi como una marca registrada: <b>apenas arrancaban los primeros acordes, ya se sab\u00eda que Lanata estaba por entrar en escena<\/b> y que se ven\u00eda una editorial fuerte. El relato de Bubl\u00e9, contado con naturalidad y humor, sorprendi\u00f3 a la audiencia brit\u00e1nica y a los fans locales, que volvieron a celebrar el fen\u00f3meno cultural que represent\u00f3 la cortina de Lanata.<\/p>\n<p>El recuerdo tambi\u00e9n sirvi\u00f3 para revalorizar el peso que tuvo <i>Periodismo para Todos <\/i>en la conversaci\u00f3n p\u00fablica y c\u00f3mo, a trav\u00e9s de su cortina musical, logr\u00f3 generar un gui\u00f1o irrepetible. El dato contado por Bubl\u00e9, lejos de ser menor, volvi\u00f3 a poner sobre la mesa la trascendencia de la obra de Lanata y su capacidad para dejar marca incluso en los lugares m\u00e1s insospechados. En definitiva, una an\u00e9cdota que une generaciones y confirma que, a veces, la cultura popular argentina da vueltas al mundo de la forma menos pensada.<\/p>\n","protected":false},"excerpt":{"rendered":"<p>Una entrevista relajada en la televisi\u00f3n brit\u00e1nica se convirti\u00f3 inesperadamente en tema de conversaci\u00f3n en la Argentina, y no por cualquier motivo: Michael Bubl\u00e9, en plena charla con Lily Allen, record\u00f3 en detalle el v\u00ednculo entre el ciclo de Jorge Lanata y uno de los mayores hits de la cantante brit\u00e1nica. El momento, que pas\u00f3&#8230;<\/p>\n","protected":false},"author":1,"featured_media":46732,"comment_status":"open","ping_status":"closed","sticky":false,"template":"","format":"standard","meta":{"_jetpack_memberships_contains_paid_content":false,"footnotes":""},"categories":[79],"tags":[],"class_list":["post-46728","post","type-post","status-publish","format-standard","has-post-thumbnail","hentry","category-cine-y-series"],"magazineBlocksPostFeaturedMedia":{"thumbnail":"https:\/\/lobosnews.com.ar\/wp-content\/uploads\/2026\/04\/la-emocion-de-sarah-stewart-brown-ante-el-recuerdo-de-michael-buble-sobre-jorge-lanata-no-conocia-la-anecdota-2-150x150.jpg","medium":"https:\/\/lobosnews.com.ar\/wp-content\/uploads\/2026\/04\/la-emocion-de-sarah-stewart-brown-ante-el-recuerdo-de-michael-buble-sobre-jorge-lanata-no-conocia-la-anecdota-2-300x169.jpg","medium_large":"https:\/\/lobosnews.com.ar\/wp-content\/uploads\/2026\/04\/la-emocion-de-sarah-stewart-brown-ante-el-recuerdo-de-michael-buble-sobre-jorge-lanata-no-conocia-la-anecdota-2-768x432.jpg","large":"https:\/\/lobosnews.com.ar\/wp-content\/uploads\/2026\/04\/la-emocion-de-sarah-stewart-brown-ante-el-recuerdo-de-michael-buble-sobre-jorge-lanata-no-conocia-la-anecdota-2-1024x576.jpg","1536x1536":"https:\/\/lobosnews.com.ar\/wp-content\/uploads\/2026\/04\/la-emocion-de-sarah-stewart-brown-ante-el-recuerdo-de-michael-buble-sobre-jorge-lanata-no-conocia-la-anecdota-2-1536x864.jpg","2048x2048":"https:\/\/lobosnews.com.ar\/wp-content\/uploads\/2026\/04\/la-emocion-de-sarah-stewart-brown-ante-el-recuerdo-de-michael-buble-sobre-jorge-lanata-no-conocia-la-anecdota-2.jpg","newsmatic-featured":"https:\/\/lobosnews.com.ar\/wp-content\/uploads\/2026\/04\/la-emocion-de-sarah-stewart-brown-ante-el-recuerdo-de-michael-buble-sobre-jorge-lanata-no-conocia-la-anecdota-2-820x545.jpg","newsmatic-list":"https:\/\/lobosnews.com.ar\/wp-content\/uploads\/2026\/04\/la-emocion-de-sarah-stewart-brown-ante-el-recuerdo-de-michael-buble-sobre-jorge-lanata-no-conocia-la-anecdota-2-600x400.jpg","newsmatic-thumb":"https:\/\/lobosnews.com.ar\/wp-content\/uploads\/2026\/04\/la-emocion-de-sarah-stewart-brown-ante-el-recuerdo-de-michael-buble-sobre-jorge-lanata-no-conocia-la-anecdota-2-300x200.jpg","newsmatic-small":"https:\/\/lobosnews.com.ar\/wp-content\/uploads\/2026\/04\/la-emocion-de-sarah-stewart-brown-ante-el-recuerdo-de-michael-buble-sobre-jorge-lanata-no-conocia-la-anecdota-2-150x95.jpg","newsmatic-grid":"https:\/\/lobosnews.com.ar\/wp-content\/uploads\/2026\/04\/la-emocion-de-sarah-stewart-brown-ante-el-recuerdo-de-michael-buble-sobre-jorge-lanata-no-conocia-la-anecdota-2-400x250.jpg"},"magazineBlocksPostAuthor":{"name":"admin","avatar":"https:\/\/secure.gravatar.com\/avatar\/76e419471a2083bc3ceab22a763dbbf9b0c1bd15a6214cf3280e2c2dde4580f9?s=96&d=mm&r=g"},"magazineBlocksPostCommentsNumber":"0","magazineBlocksPostExcerpt":"Una entrevista relajada en la televisi\u00f3n brit\u00e1nica se convirti\u00f3 inesperadamente en tema de conversaci\u00f3n en la Argentina, y no por cualquier motivo: Michael Bubl\u00e9, en plena charla con Lily Allen, record\u00f3 en detalle el v\u00ednculo entre el ciclo de Jorge Lanata y uno de los mayores hits de la cantante brit\u00e1nica. El momento, que pas\u00f3...","magazineBlocksPostCategories":["Cine y Series"],"magazineBlocksPostViewCount":7,"magazineBlocksPostReadTime":4,"magazine_blocks_featured_image_url":{"full":["https:\/\/lobosnews.com.ar\/wp-content\/uploads\/2026\/04\/la-emocion-de-sarah-stewart-brown-ante-el-recuerdo-de-michael-buble-sobre-jorge-lanata-no-conocia-la-anecdota-2.jpg",1920,1080,false],"medium":["https:\/\/lobosnews.com.ar\/wp-content\/uploads\/2026\/04\/la-emocion-de-sarah-stewart-brown-ante-el-recuerdo-de-michael-buble-sobre-jorge-lanata-no-conocia-la-anecdota-2-300x169.jpg",300,169,true],"thumbnail":["https:\/\/lobosnews.com.ar\/wp-content\/uploads\/2026\/04\/la-emocion-de-sarah-stewart-brown-ante-el-recuerdo-de-michael-buble-sobre-jorge-lanata-no-conocia-la-anecdota-2-150x150.jpg",150,150,true]},"magazine_blocks_author":{"display_name":"admin","author_link":"https:\/\/lobosnews.com.ar\/index.php\/author\/lobos-news\/"},"magazine_blocks_comment":0,"magazine_blocks_author_image":"https:\/\/secure.gravatar.com\/avatar\/76e419471a2083bc3ceab22a763dbbf9b0c1bd15a6214cf3280e2c2dde4580f9?s=96&d=mm&r=g","magazine_blocks_category":"<a href=\"#\" class=\"category-link category-link-79\">Cine y Series<\/a>","yoast_head":"<!-- This site is optimized with the Yoast SEO plugin v26.6 - https:\/\/yoast.com\/wordpress\/plugins\/seo\/ -->\n<title>La emoci\u00f3n de Sarah Stewart Brown ante el recuerdo de Michael Bubl\u00e9 sobre Jorge Lanata: \u201cNo conoc\u00eda la an\u00e9cdota\u201d - Lobos News<\/title>\n<meta name=\"robots\" content=\"index, follow, max-snippet:-1, max-image-preview:large, max-video-preview:-1\" \/>\n<link rel=\"canonical\" href=\"https:\/\/lobosnews.com.ar\/index.php\/2026\/04\/28\/la-emocion-de-sarah-stewart-brown-ante-el-recuerdo-de-michael-buble-sobre-jorge-lanata-no-conocia-la-anecdota\/\" \/>\n<meta property=\"og:locale\" content=\"es_ES\" \/>\n<meta property=\"og:type\" content=\"article\" \/>\n<meta property=\"og:title\" content=\"La emoci\u00f3n de Sarah Stewart Brown ante el recuerdo de Michael Bubl\u00e9 sobre Jorge Lanata: \u201cNo conoc\u00eda la an\u00e9cdota\u201d - Lobos News\" \/>\n<meta property=\"og:description\" content=\"Una entrevista relajada en la televisi\u00f3n brit\u00e1nica se convirti\u00f3 inesperadamente en tema de conversaci\u00f3n en la Argentina, y no por cualquier motivo: Michael Bubl\u00e9, en plena charla con Lily Allen, record\u00f3 en detalle el v\u00ednculo entre el ciclo de Jorge Lanata y uno de los mayores hits de la cantante brit\u00e1nica. El momento, que pas\u00f3...\" \/>\n<meta property=\"og:url\" content=\"https:\/\/lobosnews.com.ar\/index.php\/2026\/04\/28\/la-emocion-de-sarah-stewart-brown-ante-el-recuerdo-de-michael-buble-sobre-jorge-lanata-no-conocia-la-anecdota\/\" \/>\n<meta property=\"og:site_name\" content=\"Lobos News\" \/>\n<meta property=\"article:published_time\" content=\"2026-04-28T19:32:12+00:00\" \/>\n<meta property=\"article:modified_time\" content=\"2026-04-28T20:58:15+00:00\" \/>\n<meta property=\"og:image\" content=\"https:\/\/lobosnews.com.ar\/wp-content\/uploads\/2026\/04\/la-emocion-de-sarah-stewart-brown-ante-el-recuerdo-de-michael-buble-sobre-jorge-lanata-no-conocia-la-anecdota.jpg\" \/>\n<meta name=\"author\" content=\"admin\" \/>\n<meta name=\"twitter:card\" content=\"summary_large_image\" \/>\n<meta name=\"twitter:label1\" content=\"Escrito por\" \/>\n\t<meta name=\"twitter:data1\" content=\"admin\" \/>\n\t<meta name=\"twitter:label2\" content=\"Tiempo de lectura\" \/>\n\t<meta name=\"twitter:data2\" content=\"3 minutos\" \/>\n<script type=\"application\/ld+json\" class=\"yoast-schema-graph\">{\"@context\":\"https:\/\/schema.org\",\"@graph\":[{\"@type\":\"Article\",\"@id\":\"https:\/\/lobosnews.com.ar\/index.php\/2026\/04\/28\/la-emocion-de-sarah-stewart-brown-ante-el-recuerdo-de-michael-buble-sobre-jorge-lanata-no-conocia-la-anecdota\/#article\",\"isPartOf\":{\"@id\":\"https:\/\/lobosnews.com.ar\/index.php\/2026\/04\/28\/la-emocion-de-sarah-stewart-brown-ante-el-recuerdo-de-michael-buble-sobre-jorge-lanata-no-conocia-la-anecdota\/\"},\"author\":{\"name\":\"admin\",\"@id\":\"https:\/\/lobosnews.com.ar\/#\/schema\/person\/232422a593d5c541dd9aef6aaed10943\"},\"headline\":\"La emoci\u00f3n de Sarah Stewart Brown ante el recuerdo de Michael Bubl\u00e9 sobre Jorge Lanata: \u201cNo conoc\u00eda la an\u00e9cdota\u201d\",\"datePublished\":\"2026-04-28T19:32:12+00:00\",\"dateModified\":\"2026-04-28T20:58:15+00:00\",\"mainEntityOfPage\":{\"@id\":\"https:\/\/lobosnews.com.ar\/index.php\/2026\/04\/28\/la-emocion-de-sarah-stewart-brown-ante-el-recuerdo-de-michael-buble-sobre-jorge-lanata-no-conocia-la-anecdota\/\"},\"wordCount\":695,\"commentCount\":0,\"publisher\":{\"@id\":\"https:\/\/lobosnews.com.ar\/#organization\"},\"image\":{\"@id\":\"https:\/\/lobosnews.com.ar\/index.php\/2026\/04\/28\/la-emocion-de-sarah-stewart-brown-ante-el-recuerdo-de-michael-buble-sobre-jorge-lanata-no-conocia-la-anecdota\/#primaryimage\"},\"thumbnailUrl\":\"https:\/\/lobosnews.com.ar\/wp-content\/uploads\/2026\/04\/la-emocion-de-sarah-stewart-brown-ante-el-recuerdo-de-michael-buble-sobre-jorge-lanata-no-conocia-la-anecdota-2.jpg\",\"articleSection\":[\"Cine y Series\"],\"inLanguage\":\"es\",\"potentialAction\":[{\"@type\":\"CommentAction\",\"name\":\"Comment\",\"target\":[\"https:\/\/lobosnews.com.ar\/index.php\/2026\/04\/28\/la-emocion-de-sarah-stewart-brown-ante-el-recuerdo-de-michael-buble-sobre-jorge-lanata-no-conocia-la-anecdota\/#respond\"]}]},{\"@type\":\"WebPage\",\"@id\":\"https:\/\/lobosnews.com.ar\/index.php\/2026\/04\/28\/la-emocion-de-sarah-stewart-brown-ante-el-recuerdo-de-michael-buble-sobre-jorge-lanata-no-conocia-la-anecdota\/\",\"url\":\"https:\/\/lobosnews.com.ar\/index.php\/2026\/04\/28\/la-emocion-de-sarah-stewart-brown-ante-el-recuerdo-de-michael-buble-sobre-jorge-lanata-no-conocia-la-anecdota\/\",\"name\":\"La emoci\u00f3n de Sarah Stewart Brown ante el recuerdo de Michael Bubl\u00e9 sobre Jorge Lanata: \u201cNo conoc\u00eda la an\u00e9cdota\u201d - Lobos News\",\"isPartOf\":{\"@id\":\"https:\/\/lobosnews.com.ar\/#website\"},\"primaryImageOfPage\":{\"@id\":\"https:\/\/lobosnews.com.ar\/index.php\/2026\/04\/28\/la-emocion-de-sarah-stewart-brown-ante-el-recuerdo-de-michael-buble-sobre-jorge-lanata-no-conocia-la-anecdota\/#primaryimage\"},\"image\":{\"@id\":\"https:\/\/lobosnews.com.ar\/index.php\/2026\/04\/28\/la-emocion-de-sarah-stewart-brown-ante-el-recuerdo-de-michael-buble-sobre-jorge-lanata-no-conocia-la-anecdota\/#primaryimage\"},\"thumbnailUrl\":\"https:\/\/lobosnews.com.ar\/wp-content\/uploads\/2026\/04\/la-emocion-de-sarah-stewart-brown-ante-el-recuerdo-de-michael-buble-sobre-jorge-lanata-no-conocia-la-anecdota-2.jpg\",\"datePublished\":\"2026-04-28T19:32:12+00:00\",\"dateModified\":\"2026-04-28T20:58:15+00:00\",\"breadcrumb\":{\"@id\":\"https:\/\/lobosnews.com.ar\/index.php\/2026\/04\/28\/la-emocion-de-sarah-stewart-brown-ante-el-recuerdo-de-michael-buble-sobre-jorge-lanata-no-conocia-la-anecdota\/#breadcrumb\"},\"inLanguage\":\"es\",\"potentialAction\":[{\"@type\":\"ReadAction\",\"target\":[\"https:\/\/lobosnews.com.ar\/index.php\/2026\/04\/28\/la-emocion-de-sarah-stewart-brown-ante-el-recuerdo-de-michael-buble-sobre-jorge-lanata-no-conocia-la-anecdota\/\"]}]},{\"@type\":\"ImageObject\",\"inLanguage\":\"es\",\"@id\":\"https:\/\/lobosnews.com.ar\/index.php\/2026\/04\/28\/la-emocion-de-sarah-stewart-brown-ante-el-recuerdo-de-michael-buble-sobre-jorge-lanata-no-conocia-la-anecdota\/#primaryimage\",\"url\":\"https:\/\/lobosnews.com.ar\/wp-content\/uploads\/2026\/04\/la-emocion-de-sarah-stewart-brown-ante-el-recuerdo-de-michael-buble-sobre-jorge-lanata-no-conocia-la-anecdota-2.jpg\",\"contentUrl\":\"https:\/\/lobosnews.com.ar\/wp-content\/uploads\/2026\/04\/la-emocion-de-sarah-stewart-brown-ante-el-recuerdo-de-michael-buble-sobre-jorge-lanata-no-conocia-la-anecdota-2.jpg\",\"width\":1920,\"height\":1080,\"caption\":\"La emoci\u00f3n de Sarah Stewart Brown ante el recuerdo de Michael Bubl\u00e9 sobre Jorge Lanata: \u201cNo conoc\u00eda la an\u00e9cdota\u201d\"},{\"@type\":\"BreadcrumbList\",\"@id\":\"https:\/\/lobosnews.com.ar\/index.php\/2026\/04\/28\/la-emocion-de-sarah-stewart-brown-ante-el-recuerdo-de-michael-buble-sobre-jorge-lanata-no-conocia-la-anecdota\/#breadcrumb\",\"itemListElement\":[{\"@type\":\"ListItem\",\"position\":1,\"name\":\"Portada\",\"item\":\"https:\/\/lobosnews.com.ar\/\"},{\"@type\":\"ListItem\",\"position\":2,\"name\":\"La emoci\u00f3n de Sarah Stewart Brown ante el recuerdo de Michael Bubl\u00e9 sobre Jorge Lanata: \u201cNo conoc\u00eda la an\u00e9cdota\u201d\"}]},{\"@type\":\"WebSite\",\"@id\":\"https:\/\/lobosnews.com.ar\/#website\",\"url\":\"https:\/\/lobosnews.com.ar\/\",\"name\":\"Lobos News\",\"description\":\"Informaci\u00f3n a cada instante\",\"publisher\":{\"@id\":\"https:\/\/lobosnews.com.ar\/#organization\"},\"potentialAction\":[{\"@type\":\"SearchAction\",\"target\":{\"@type\":\"EntryPoint\",\"urlTemplate\":\"https:\/\/lobosnews.com.ar\/?s={search_term_string}\"},\"query-input\":{\"@type\":\"PropertyValueSpecification\",\"valueRequired\":true,\"valueName\":\"search_term_string\"}}],\"inLanguage\":\"es\"},{\"@type\":\"Organization\",\"@id\":\"https:\/\/lobosnews.com.ar\/#organization\",\"name\":\"Lobos News\",\"url\":\"https:\/\/lobosnews.com.ar\/\",\"logo\":{\"@type\":\"ImageObject\",\"inLanguage\":\"es\",\"@id\":\"https:\/\/lobosnews.com.ar\/#\/schema\/logo\/image\/\",\"url\":\"https:\/\/lobosnews.com.ar\/wp-content\/uploads\/2026\/01\/logo-lobosnews.png\",\"contentUrl\":\"https:\/\/lobosnews.com.ar\/wp-content\/uploads\/2026\/01\/logo-lobosnews.png\",\"width\":500,\"height\":200,\"caption\":\"Lobos News\"},\"image\":{\"@id\":\"https:\/\/lobosnews.com.ar\/#\/schema\/logo\/image\/\"}},{\"@type\":\"Person\",\"@id\":\"https:\/\/lobosnews.com.ar\/#\/schema\/person\/232422a593d5c541dd9aef6aaed10943\",\"name\":\"admin\",\"image\":{\"@type\":\"ImageObject\",\"inLanguage\":\"es\",\"@id\":\"https:\/\/lobosnews.com.ar\/#\/schema\/person\/image\/\",\"url\":\"https:\/\/secure.gravatar.com\/avatar\/76e419471a2083bc3ceab22a763dbbf9b0c1bd15a6214cf3280e2c2dde4580f9?s=96&d=mm&r=g\",\"contentUrl\":\"https:\/\/secure.gravatar.com\/avatar\/76e419471a2083bc3ceab22a763dbbf9b0c1bd15a6214cf3280e2c2dde4580f9?s=96&d=mm&r=g\",\"caption\":\"admin\"},\"sameAs\":[\"https:\/\/lobosnews.com.ar\"],\"url\":\"https:\/\/lobosnews.com.ar\/index.php\/author\/lobos-news\/\"}]}<\/script>\n<!-- \/ Yoast SEO plugin. -->","yoast_head_json":{"title":"La emoci\u00f3n de Sarah Stewart Brown ante el recuerdo de Michael Bubl\u00e9 sobre Jorge Lanata: \u201cNo conoc\u00eda la an\u00e9cdota\u201d - Lobos News","robots":{"index":"index","follow":"follow","max-snippet":"max-snippet:-1","max-image-preview":"max-image-preview:large","max-video-preview":"max-video-preview:-1"},"canonical":"https:\/\/lobosnews.com.ar\/index.php\/2026\/04\/28\/la-emocion-de-sarah-stewart-brown-ante-el-recuerdo-de-michael-buble-sobre-jorge-lanata-no-conocia-la-anecdota\/","og_locale":"es_ES","og_type":"article","og_title":"La emoci\u00f3n de Sarah Stewart Brown ante el recuerdo de Michael Bubl\u00e9 sobre Jorge Lanata: \u201cNo conoc\u00eda la an\u00e9cdota\u201d - Lobos News","og_description":"Una entrevista relajada en la televisi\u00f3n brit\u00e1nica se convirti\u00f3 inesperadamente en tema de conversaci\u00f3n en la Argentina, y no por cualquier motivo: Michael Bubl\u00e9, en plena charla con Lily Allen, record\u00f3 en detalle el v\u00ednculo entre el ciclo de Jorge Lanata y uno de los mayores hits de la cantante brit\u00e1nica. El momento, que pas\u00f3...","og_url":"https:\/\/lobosnews.com.ar\/index.php\/2026\/04\/28\/la-emocion-de-sarah-stewart-brown-ante-el-recuerdo-de-michael-buble-sobre-jorge-lanata-no-conocia-la-anecdota\/","og_site_name":"Lobos News","article_published_time":"2026-04-28T19:32:12+00:00","article_modified_time":"2026-04-28T20:58:15+00:00","og_image":[{"url":"https:\/\/lobosnews.com.ar\/wp-content\/uploads\/2026\/04\/la-emocion-de-sarah-stewart-brown-ante-el-recuerdo-de-michael-buble-sobre-jorge-lanata-no-conocia-la-anecdota.jpg","type":"","width":"","height":""}],"author":"admin","twitter_card":"summary_large_image","twitter_misc":{"Escrito por":"admin","Tiempo de lectura":"3 minutos"},"schema":{"@context":"https:\/\/schema.org","@graph":[{"@type":"Article","@id":"https:\/\/lobosnews.com.ar\/index.php\/2026\/04\/28\/la-emocion-de-sarah-stewart-brown-ante-el-recuerdo-de-michael-buble-sobre-jorge-lanata-no-conocia-la-anecdota\/#article","isPartOf":{"@id":"https:\/\/lobosnews.com.ar\/index.php\/2026\/04\/28\/la-emocion-de-sarah-stewart-brown-ante-el-recuerdo-de-michael-buble-sobre-jorge-lanata-no-conocia-la-anecdota\/"},"author":{"name":"admin","@id":"https:\/\/lobosnews.com.ar\/#\/schema\/person\/232422a593d5c541dd9aef6aaed10943"},"headline":"La emoci\u00f3n de Sarah Stewart Brown ante el recuerdo de Michael Bubl\u00e9 sobre Jorge Lanata: \u201cNo conoc\u00eda la an\u00e9cdota\u201d","datePublished":"2026-04-28T19:32:12+00:00","dateModified":"2026-04-28T20:58:15+00:00","mainEntityOfPage":{"@id":"https:\/\/lobosnews.com.ar\/index.php\/2026\/04\/28\/la-emocion-de-sarah-stewart-brown-ante-el-recuerdo-de-michael-buble-sobre-jorge-lanata-no-conocia-la-anecdota\/"},"wordCount":695,"commentCount":0,"publisher":{"@id":"https:\/\/lobosnews.com.ar\/#organization"},"image":{"@id":"https:\/\/lobosnews.com.ar\/index.php\/2026\/04\/28\/la-emocion-de-sarah-stewart-brown-ante-el-recuerdo-de-michael-buble-sobre-jorge-lanata-no-conocia-la-anecdota\/#primaryimage"},"thumbnailUrl":"https:\/\/lobosnews.com.ar\/wp-content\/uploads\/2026\/04\/la-emocion-de-sarah-stewart-brown-ante-el-recuerdo-de-michael-buble-sobre-jorge-lanata-no-conocia-la-anecdota-2.jpg","articleSection":["Cine y Series"],"inLanguage":"es","potentialAction":[{"@type":"CommentAction","name":"Comment","target":["https:\/\/lobosnews.com.ar\/index.php\/2026\/04\/28\/la-emocion-de-sarah-stewart-brown-ante-el-recuerdo-de-michael-buble-sobre-jorge-lanata-no-conocia-la-anecdota\/#respond"]}]},{"@type":"WebPage","@id":"https:\/\/lobosnews.com.ar\/index.php\/2026\/04\/28\/la-emocion-de-sarah-stewart-brown-ante-el-recuerdo-de-michael-buble-sobre-jorge-lanata-no-conocia-la-anecdota\/","url":"https:\/\/lobosnews.com.ar\/index.php\/2026\/04\/28\/la-emocion-de-sarah-stewart-brown-ante-el-recuerdo-de-michael-buble-sobre-jorge-lanata-no-conocia-la-anecdota\/","name":"La emoci\u00f3n de Sarah Stewart Brown ante el recuerdo de Michael Bubl\u00e9 sobre Jorge Lanata: \u201cNo conoc\u00eda la an\u00e9cdota\u201d - Lobos News","isPartOf":{"@id":"https:\/\/lobosnews.com.ar\/#website"},"primaryImageOfPage":{"@id":"https:\/\/lobosnews.com.ar\/index.php\/2026\/04\/28\/la-emocion-de-sarah-stewart-brown-ante-el-recuerdo-de-michael-buble-sobre-jorge-lanata-no-conocia-la-anecdota\/#primaryimage"},"image":{"@id":"https:\/\/lobosnews.com.ar\/index.php\/2026\/04\/28\/la-emocion-de-sarah-stewart-brown-ante-el-recuerdo-de-michael-buble-sobre-jorge-lanata-no-conocia-la-anecdota\/#primaryimage"},"thumbnailUrl":"https:\/\/lobosnews.com.ar\/wp-content\/uploads\/2026\/04\/la-emocion-de-sarah-stewart-brown-ante-el-recuerdo-de-michael-buble-sobre-jorge-lanata-no-conocia-la-anecdota-2.jpg","datePublished":"2026-04-28T19:32:12+00:00","dateModified":"2026-04-28T20:58:15+00:00","breadcrumb":{"@id":"https:\/\/lobosnews.com.ar\/index.php\/2026\/04\/28\/la-emocion-de-sarah-stewart-brown-ante-el-recuerdo-de-michael-buble-sobre-jorge-lanata-no-conocia-la-anecdota\/#breadcrumb"},"inLanguage":"es","potentialAction":[{"@type":"ReadAction","target":["https:\/\/lobosnews.com.ar\/index.php\/2026\/04\/28\/la-emocion-de-sarah-stewart-brown-ante-el-recuerdo-de-michael-buble-sobre-jorge-lanata-no-conocia-la-anecdota\/"]}]},{"@type":"ImageObject","inLanguage":"es","@id":"https:\/\/lobosnews.com.ar\/index.php\/2026\/04\/28\/la-emocion-de-sarah-stewart-brown-ante-el-recuerdo-de-michael-buble-sobre-jorge-lanata-no-conocia-la-anecdota\/#primaryimage","url":"https:\/\/lobosnews.com.ar\/wp-content\/uploads\/2026\/04\/la-emocion-de-sarah-stewart-brown-ante-el-recuerdo-de-michael-buble-sobre-jorge-lanata-no-conocia-la-anecdota-2.jpg","contentUrl":"https:\/\/lobosnews.com.ar\/wp-content\/uploads\/2026\/04\/la-emocion-de-sarah-stewart-brown-ante-el-recuerdo-de-michael-buble-sobre-jorge-lanata-no-conocia-la-anecdota-2.jpg","width":1920,"height":1080,"caption":"La emoci\u00f3n de Sarah Stewart Brown ante el recuerdo de Michael Bubl\u00e9 sobre Jorge Lanata: \u201cNo conoc\u00eda la an\u00e9cdota\u201d"},{"@type":"BreadcrumbList","@id":"https:\/\/lobosnews.com.ar\/index.php\/2026\/04\/28\/la-emocion-de-sarah-stewart-brown-ante-el-recuerdo-de-michael-buble-sobre-jorge-lanata-no-conocia-la-anecdota\/#breadcrumb","itemListElement":[{"@type":"ListItem","position":1,"name":"Portada","item":"https:\/\/lobosnews.com.ar\/"},{"@type":"ListItem","position":2,"name":"La emoci\u00f3n de Sarah Stewart Brown ante el recuerdo de Michael Bubl\u00e9 sobre Jorge Lanata: \u201cNo conoc\u00eda la an\u00e9cdota\u201d"}]},{"@type":"WebSite","@id":"https:\/\/lobosnews.com.ar\/#website","url":"https:\/\/lobosnews.com.ar\/","name":"Lobos News","description":"Informaci\u00f3n a cada instante","publisher":{"@id":"https:\/\/lobosnews.com.ar\/#organization"},"potentialAction":[{"@type":"SearchAction","target":{"@type":"EntryPoint","urlTemplate":"https:\/\/lobosnews.com.ar\/?s={search_term_string}"},"query-input":{"@type":"PropertyValueSpecification","valueRequired":true,"valueName":"search_term_string"}}],"inLanguage":"es"},{"@type":"Organization","@id":"https:\/\/lobosnews.com.ar\/#organization","name":"Lobos News","url":"https:\/\/lobosnews.com.ar\/","logo":{"@type":"ImageObject","inLanguage":"es","@id":"https:\/\/lobosnews.com.ar\/#\/schema\/logo\/image\/","url":"https:\/\/lobosnews.com.ar\/wp-content\/uploads\/2026\/01\/logo-lobosnews.png","contentUrl":"https:\/\/lobosnews.com.ar\/wp-content\/uploads\/2026\/01\/logo-lobosnews.png","width":500,"height":200,"caption":"Lobos News"},"image":{"@id":"https:\/\/lobosnews.com.ar\/#\/schema\/logo\/image\/"}},{"@type":"Person","@id":"https:\/\/lobosnews.com.ar\/#\/schema\/person\/232422a593d5c541dd9aef6aaed10943","name":"admin","image":{"@type":"ImageObject","inLanguage":"es","@id":"https:\/\/lobosnews.com.ar\/#\/schema\/person\/image\/","url":"https:\/\/secure.gravatar.com\/avatar\/76e419471a2083bc3ceab22a763dbbf9b0c1bd15a6214cf3280e2c2dde4580f9?s=96&d=mm&r=g","contentUrl":"https:\/\/secure.gravatar.com\/avatar\/76e419471a2083bc3ceab22a763dbbf9b0c1bd15a6214cf3280e2c2dde4580f9?s=96&d=mm&r=g","caption":"admin"},"sameAs":["https:\/\/lobosnews.com.ar"],"url":"https:\/\/lobosnews.com.ar\/index.php\/author\/lobos-news\/"}]}},"jetpack_featured_media_url":"https:\/\/lobosnews.com.ar\/wp-content\/uploads\/2026\/04\/la-emocion-de-sarah-stewart-brown-ante-el-recuerdo-de-michael-buble-sobre-jorge-lanata-no-conocia-la-anecdota-2.jpg","jetpack_sharing_enabled":true,"_links":{"self":[{"href":"https:\/\/lobosnews.com.ar\/index.php\/wp-json\/wp\/v2\/posts\/46728","targetHints":{"allow":["GET"]}}],"collection":[{"href":"https:\/\/lobosnews.com.ar\/index.php\/wp-json\/wp\/v2\/posts"}],"about":[{"href":"https:\/\/lobosnews.com.ar\/index.php\/wp-json\/wp\/v2\/types\/post"}],"author":[{"embeddable":true,"href":"https:\/\/lobosnews.com.ar\/index.php\/wp-json\/wp\/v2\/users\/1"}],"replies":[{"embeddable":true,"href":"https:\/\/lobosnews.com.ar\/index.php\/wp-json\/wp\/v2\/comments?post=46728"}],"version-history":[{"count":1,"href":"https:\/\/lobosnews.com.ar\/index.php\/wp-json\/wp\/v2\/posts\/46728\/revisions"}],"predecessor-version":[{"id":46731,"href":"https:\/\/lobosnews.com.ar\/index.php\/wp-json\/wp\/v2\/posts\/46728\/revisions\/46731"}],"wp:featuredmedia":[{"embeddable":true,"href":"https:\/\/lobosnews.com.ar\/index.php\/wp-json\/wp\/v2\/media\/46732"}],"wp:attachment":[{"href":"https:\/\/lobosnews.com.ar\/index.php\/wp-json\/wp\/v2\/media?parent=46728"}],"wp:term":[{"taxonomy":"category","embeddable":true,"href":"https:\/\/lobosnews.com.ar\/index.php\/wp-json\/wp\/v2\/categories?post=46728"},{"taxonomy":"post_tag","embeddable":true,"href":"https:\/\/lobosnews.com.ar\/index.php\/wp-json\/wp\/v2\/tags?post=46728"}],"curies":[{"name":"wp","href":"https:\/\/api.w.org\/{rel}","templated":true}]}}