{"id":46693,"date":"2026-04-28T18:51:02","date_gmt":"2026-04-28T18:51:02","guid":{"rendered":"https:\/\/lobosnews.com.ar\/index.php\/2026\/04\/28\/alarma-en-la-seleccion-nico-gonzalez-sufrio-una-lesion-en-la-previa-de-la-semifinal-entre-atletico-de-madrid-y-arsenal-por-la-champions\/"},"modified":"2026-04-28T20:38:55","modified_gmt":"2026-04-28T20:38:55","slug":"alarma-en-la-seleccion-nico-gonzalez-sufrio-una-lesion-en-la-previa-de-la-semifinal-entre-atletico-de-madrid-y-arsenal-por-la-champions","status":"publish","type":"post","link":"https:\/\/lobosnews.com.ar\/index.php\/2026\/04\/28\/alarma-en-la-seleccion-nico-gonzalez-sufrio-una-lesion-en-la-previa-de-la-semifinal-entre-atletico-de-madrid-y-arsenal-por-la-champions\/","title":{"rendered":"Alarma en la Selecci\u00f3n: Nico Gonz\u00e1lez sufri\u00f3 una lesi\u00f3n en la previa de la semifinal entre Atl\u00e9tico de Madrid y Arsenal por la Champions"},"content":{"rendered":"<p><img loading=\"lazy\" decoding=\"async\" src=\"https:\/\/lobosnews.com.ar\/wp-content\/uploads\/2026\/04\/alarma-en-la-seleccion-nico-gonzalez-sufrio-una-lesion-en-la-previa-de-la-semifinal-entre-atletico-de-madrid-y-arsenal-por-la-champions.jpg\" alt=\"Nico Gonz\u00e1lez en el \u00faltimo entrenamiento del Atl\u00e9tico de Madrid (REUTERS\/Violeta Santos Moura)\" height=\"3350\" width=\"2450\"\/><\/p>\n<p>Una mala noticia trastoc\u00f3 los planes de<b> Diego Simeone <\/b>de cara al encuentro de ida de la semifinal de la <b>Champions League<\/b>, que se jugar\u00e1 ma\u00f1ana en el estadio <i>Metropolitano <\/i>entre <b>Atl\u00e9tico de Madrid<\/b> y <b>Arsenal<\/b>. Es que el delantero argentino <b>Nicol\u00e1s Gonz\u00e1lez<\/b> sufri\u00f3 una lesi\u00f3n de \u00faltimo momento. <\/p>\n<p>Seg\u00fan inform\u00f3 <i>El Partidazo de Cope<\/i>, el atacante padeci\u00f3 una lesi\u00f3n muscular en el \u00faltimo entrenamiento matutino del equipo y estar\u00eda entre tres y cuatro semanas afuera de las canchas. La preocupaci\u00f3n recae en el cuerpo t\u00e9cnico de la selecci\u00f3n argentina, pensando en el pr\u00f3ximo Mundial que comenzar\u00e1 el 11 de junio. <\/p>\n<p>\u201cEl Atl\u00e9tico de Madrid no activar\u00e1 la cl\u00e1usula de obligaci\u00f3n de compra por Nico Gonz\u00e1lez de la Juventus. Nico estar\u00e1 fuera al menos 3 semanas por una lesi\u00f3n y as\u00ed los partidos m\u00ednimos para la obligaci\u00f3n no se activar\u00e1n. Entiende que el <i>Atleti <\/i>sigue en conversaciones con la Juve para reducir el precio y a\u00fan mantener a Nico\u00bb, public\u00f3 el periodista Fabrizio Romano.<\/p>\n<p><i>Noticia en desarrollo&#8230;<\/i><\/p>\n","protected":false},"excerpt":{"rendered":"<p>Una mala noticia trastoc\u00f3 los planes de Diego Simeone de cara al encuentro de ida de la semifinal de la Champions League, que se jugar\u00e1 ma\u00f1ana en el estadio Metropolitano entre Atl\u00e9tico de Madrid y Arsenal. Es que el delantero argentino Nicol\u00e1s Gonz\u00e1lez sufri\u00f3 una lesi\u00f3n de \u00faltimo momento. Seg\u00fan inform\u00f3 El Partidazo de Cope,&#8230;<\/p>\n","protected":false},"author":1,"featured_media":0,"comment_status":"open","ping_status":"closed","sticky":false,"template":"","format":"standard","meta":{"_jetpack_memberships_contains_paid_content":false,"footnotes":""},"categories":[30],"tags":[39],"class_list":["post-46693","post","type-post","status-publish","format-standard","hentry","category-argentina","tag-deportes"],"magazineBlocksPostFeaturedMedia":{"thumbnail":false,"medium":false,"medium_large":false,"large":false,"1536x1536":false,"2048x2048":false,"newsmatic-featured":false,"newsmatic-list":false,"newsmatic-thumb":false,"newsmatic-small":false,"newsmatic-grid":false},"magazineBlocksPostAuthor":{"name":"admin","avatar":"https:\/\/secure.gravatar.com\/avatar\/76e419471a2083bc3ceab22a763dbbf9b0c1bd15a6214cf3280e2c2dde4580f9?s=96&d=mm&r=g"},"magazineBlocksPostCommentsNumber":"0","magazineBlocksPostExcerpt":"Una mala noticia trastoc\u00f3 los planes de Diego Simeone de cara al encuentro de ida de la semifinal de la Champions League, que se jugar\u00e1 ma\u00f1ana en el estadio Metropolitano entre Atl\u00e9tico de Madrid y Arsenal. Es que el delantero argentino Nicol\u00e1s Gonz\u00e1lez sufri\u00f3 una lesi\u00f3n de \u00faltimo momento. Seg\u00fan inform\u00f3 El Partidazo de Cope,...","magazineBlocksPostCategories":["Argentina"],"magazineBlocksPostViewCount":10,"magazineBlocksPostReadTime":1,"magazine_blocks_featured_image_url":{"full":false,"medium":false,"thumbnail":false},"magazine_blocks_author":{"display_name":"admin","author_link":"https:\/\/lobosnews.com.ar\/index.php\/author\/lobos-news\/"},"magazine_blocks_comment":0,"magazine_blocks_author_image":"https:\/\/secure.gravatar.com\/avatar\/76e419471a2083bc3ceab22a763dbbf9b0c1bd15a6214cf3280e2c2dde4580f9?s=96&d=mm&r=g","magazine_blocks_category":"<a href=\"#\" class=\"category-link category-link-30\">Argentina<\/a>","yoast_head":"<!-- This site is optimized with the Yoast SEO plugin v26.6 - https:\/\/yoast.com\/wordpress\/plugins\/seo\/ -->\n<title>Alarma en la Selecci\u00f3n: Nico Gonz\u00e1lez sufri\u00f3 una lesi\u00f3n en la previa de la semifinal entre Atl\u00e9tico de Madrid y Arsenal por la Champions - Lobos News<\/title>\n<meta name=\"robots\" content=\"index, follow, max-snippet:-1, max-image-preview:large, max-video-preview:-1\" \/>\n<link rel=\"canonical\" href=\"https:\/\/lobosnews.com.ar\/index.php\/2026\/04\/28\/alarma-en-la-seleccion-nico-gonzalez-sufrio-una-lesion-en-la-previa-de-la-semifinal-entre-atletico-de-madrid-y-arsenal-por-la-champions\/\" \/>\n<meta property=\"og:locale\" content=\"es_ES\" \/>\n<meta property=\"og:type\" content=\"article\" \/>\n<meta property=\"og:title\" content=\"Alarma en la Selecci\u00f3n: Nico Gonz\u00e1lez sufri\u00f3 una lesi\u00f3n en la previa de la semifinal entre Atl\u00e9tico de Madrid y Arsenal por la Champions - Lobos News\" \/>\n<meta property=\"og:description\" content=\"Una mala noticia trastoc\u00f3 los planes de Diego Simeone de cara al encuentro de ida de la semifinal de la Champions League, que se jugar\u00e1 ma\u00f1ana en el estadio Metropolitano entre Atl\u00e9tico de Madrid y Arsenal. Es que el delantero argentino Nicol\u00e1s Gonz\u00e1lez sufri\u00f3 una lesi\u00f3n de \u00faltimo momento. Seg\u00fan inform\u00f3 El Partidazo de Cope,...\" \/>\n<meta property=\"og:url\" content=\"https:\/\/lobosnews.com.ar\/index.php\/2026\/04\/28\/alarma-en-la-seleccion-nico-gonzalez-sufrio-una-lesion-en-la-previa-de-la-semifinal-entre-atletico-de-madrid-y-arsenal-por-la-champions\/\" \/>\n<meta property=\"og:site_name\" content=\"Lobos News\" \/>\n<meta property=\"article:published_time\" content=\"2026-04-28T18:51:02+00:00\" \/>\n<meta property=\"article:modified_time\" content=\"2026-04-28T20:38:55+00:00\" \/>\n<meta property=\"og:image\" content=\"https:\/\/lobosnews.com.ar\/wp-content\/uploads\/2026\/04\/alarma-en-la-seleccion-nico-gonzalez-sufrio-una-lesion-en-la-previa-de-la-semifinal-entre-atletico-de-madrid-y-arsenal-por-la-champions.jpg\" \/>\n<meta name=\"author\" content=\"admin\" \/>\n<meta name=\"twitter:card\" content=\"summary_large_image\" \/>\n<meta name=\"twitter:label1\" content=\"Escrito por\" \/>\n\t<meta name=\"twitter:data1\" content=\"admin\" \/>\n\t<meta name=\"twitter:label2\" content=\"Tiempo de lectura\" \/>\n\t<meta name=\"twitter:data2\" content=\"1 minuto\" \/>\n<script type=\"application\/ld+json\" class=\"yoast-schema-graph\">{\"@context\":\"https:\/\/schema.org\",\"@graph\":[{\"@type\":\"Article\",\"@id\":\"https:\/\/lobosnews.com.ar\/index.php\/2026\/04\/28\/alarma-en-la-seleccion-nico-gonzalez-sufrio-una-lesion-en-la-previa-de-la-semifinal-entre-atletico-de-madrid-y-arsenal-por-la-champions\/#article\",\"isPartOf\":{\"@id\":\"https:\/\/lobosnews.com.ar\/index.php\/2026\/04\/28\/alarma-en-la-seleccion-nico-gonzalez-sufrio-una-lesion-en-la-previa-de-la-semifinal-entre-atletico-de-madrid-y-arsenal-por-la-champions\/\"},\"author\":{\"name\":\"admin\",\"@id\":\"https:\/\/lobosnews.com.ar\/#\/schema\/person\/232422a593d5c541dd9aef6aaed10943\"},\"headline\":\"Alarma en la Selecci\u00f3n: Nico Gonz\u00e1lez sufri\u00f3 una lesi\u00f3n en la previa de la semifinal entre Atl\u00e9tico de Madrid y Arsenal por la Champions\",\"datePublished\":\"2026-04-28T18:51:02+00:00\",\"dateModified\":\"2026-04-28T20:38:55+00:00\",\"mainEntityOfPage\":{\"@id\":\"https:\/\/lobosnews.com.ar\/index.php\/2026\/04\/28\/alarma-en-la-seleccion-nico-gonzalez-sufrio-una-lesion-en-la-previa-de-la-semifinal-entre-atletico-de-madrid-y-arsenal-por-la-champions\/\"},\"wordCount\":214,\"commentCount\":0,\"publisher\":{\"@id\":\"https:\/\/lobosnews.com.ar\/#organization\"},\"image\":{\"@id\":\"https:\/\/lobosnews.com.ar\/index.php\/2026\/04\/28\/alarma-en-la-seleccion-nico-gonzalez-sufrio-una-lesion-en-la-previa-de-la-semifinal-entre-atletico-de-madrid-y-arsenal-por-la-champions\/#primaryimage\"},\"thumbnailUrl\":\"https:\/\/lobosnews.com.ar\/wp-content\/uploads\/2026\/04\/alarma-en-la-seleccion-nico-gonzalez-sufrio-una-lesion-en-la-previa-de-la-semifinal-entre-atletico-de-madrid-y-arsenal-por-la-champions.jpg\",\"keywords\":[\"Deportes\"],\"articleSection\":[\"Argentina\"],\"inLanguage\":\"es\",\"potentialAction\":[{\"@type\":\"CommentAction\",\"name\":\"Comment\",\"target\":[\"https:\/\/lobosnews.com.ar\/index.php\/2026\/04\/28\/alarma-en-la-seleccion-nico-gonzalez-sufrio-una-lesion-en-la-previa-de-la-semifinal-entre-atletico-de-madrid-y-arsenal-por-la-champions\/#respond\"]}]},{\"@type\":\"WebPage\",\"@id\":\"https:\/\/lobosnews.com.ar\/index.php\/2026\/04\/28\/alarma-en-la-seleccion-nico-gonzalez-sufrio-una-lesion-en-la-previa-de-la-semifinal-entre-atletico-de-madrid-y-arsenal-por-la-champions\/\",\"url\":\"https:\/\/lobosnews.com.ar\/index.php\/2026\/04\/28\/alarma-en-la-seleccion-nico-gonzalez-sufrio-una-lesion-en-la-previa-de-la-semifinal-entre-atletico-de-madrid-y-arsenal-por-la-champions\/\",\"name\":\"Alarma en la Selecci\u00f3n: Nico Gonz\u00e1lez sufri\u00f3 una lesi\u00f3n en la previa de la semifinal entre Atl\u00e9tico de Madrid y Arsenal por la Champions - Lobos News\",\"isPartOf\":{\"@id\":\"https:\/\/lobosnews.com.ar\/#website\"},\"primaryImageOfPage\":{\"@id\":\"https:\/\/lobosnews.com.ar\/index.php\/2026\/04\/28\/alarma-en-la-seleccion-nico-gonzalez-sufrio-una-lesion-en-la-previa-de-la-semifinal-entre-atletico-de-madrid-y-arsenal-por-la-champions\/#primaryimage\"},\"image\":{\"@id\":\"https:\/\/lobosnews.com.ar\/index.php\/2026\/04\/28\/alarma-en-la-seleccion-nico-gonzalez-sufrio-una-lesion-en-la-previa-de-la-semifinal-entre-atletico-de-madrid-y-arsenal-por-la-champions\/#primaryimage\"},\"thumbnailUrl\":\"https:\/\/lobosnews.com.ar\/wp-content\/uploads\/2026\/04\/alarma-en-la-seleccion-nico-gonzalez-sufrio-una-lesion-en-la-previa-de-la-semifinal-entre-atletico-de-madrid-y-arsenal-por-la-champions.jpg\",\"datePublished\":\"2026-04-28T18:51:02+00:00\",\"dateModified\":\"2026-04-28T20:38:55+00:00\",\"breadcrumb\":{\"@id\":\"https:\/\/lobosnews.com.ar\/index.php\/2026\/04\/28\/alarma-en-la-seleccion-nico-gonzalez-sufrio-una-lesion-en-la-previa-de-la-semifinal-entre-atletico-de-madrid-y-arsenal-por-la-champions\/#breadcrumb\"},\"inLanguage\":\"es\",\"potentialAction\":[{\"@type\":\"ReadAction\",\"target\":[\"https:\/\/lobosnews.com.ar\/index.php\/2026\/04\/28\/alarma-en-la-seleccion-nico-gonzalez-sufrio-una-lesion-en-la-previa-de-la-semifinal-entre-atletico-de-madrid-y-arsenal-por-la-champions\/\"]}]},{\"@type\":\"ImageObject\",\"inLanguage\":\"es\",\"@id\":\"https:\/\/lobosnews.com.ar\/index.php\/2026\/04\/28\/alarma-en-la-seleccion-nico-gonzalez-sufrio-una-lesion-en-la-previa-de-la-semifinal-entre-atletico-de-madrid-y-arsenal-por-la-champions\/#primaryimage\",\"url\":\"https:\/\/lobosnews.com.ar\/wp-content\/uploads\/2026\/04\/alarma-en-la-seleccion-nico-gonzalez-sufrio-una-lesion-en-la-previa-de-la-semifinal-entre-atletico-de-madrid-y-arsenal-por-la-champions.jpg\",\"contentUrl\":\"https:\/\/lobosnews.com.ar\/wp-content\/uploads\/2026\/04\/alarma-en-la-seleccion-nico-gonzalez-sufrio-una-lesion-en-la-previa-de-la-semifinal-entre-atletico-de-madrid-y-arsenal-por-la-champions.jpg\"},{\"@type\":\"BreadcrumbList\",\"@id\":\"https:\/\/lobosnews.com.ar\/index.php\/2026\/04\/28\/alarma-en-la-seleccion-nico-gonzalez-sufrio-una-lesion-en-la-previa-de-la-semifinal-entre-atletico-de-madrid-y-arsenal-por-la-champions\/#breadcrumb\",\"itemListElement\":[{\"@type\":\"ListItem\",\"position\":1,\"name\":\"Portada\",\"item\":\"https:\/\/lobosnews.com.ar\/\"},{\"@type\":\"ListItem\",\"position\":2,\"name\":\"Alarma en la Selecci\u00f3n: Nico Gonz\u00e1lez sufri\u00f3 una lesi\u00f3n en la previa de la semifinal entre Atl\u00e9tico de Madrid y Arsenal por la Champions\"}]},{\"@type\":\"WebSite\",\"@id\":\"https:\/\/lobosnews.com.ar\/#website\",\"url\":\"https:\/\/lobosnews.com.ar\/\",\"name\":\"Lobos News\",\"description\":\"Informaci\u00f3n a cada instante\",\"publisher\":{\"@id\":\"https:\/\/lobosnews.com.ar\/#organization\"},\"potentialAction\":[{\"@type\":\"SearchAction\",\"target\":{\"@type\":\"EntryPoint\",\"urlTemplate\":\"https:\/\/lobosnews.com.ar\/?s={search_term_string}\"},\"query-input\":{\"@type\":\"PropertyValueSpecification\",\"valueRequired\":true,\"valueName\":\"search_term_string\"}}],\"inLanguage\":\"es\"},{\"@type\":\"Organization\",\"@id\":\"https:\/\/lobosnews.com.ar\/#organization\",\"name\":\"Lobos News\",\"url\":\"https:\/\/lobosnews.com.ar\/\",\"logo\":{\"@type\":\"ImageObject\",\"inLanguage\":\"es\",\"@id\":\"https:\/\/lobosnews.com.ar\/#\/schema\/logo\/image\/\",\"url\":\"https:\/\/lobosnews.com.ar\/wp-content\/uploads\/2026\/01\/logo-lobosnews.png\",\"contentUrl\":\"https:\/\/lobosnews.com.ar\/wp-content\/uploads\/2026\/01\/logo-lobosnews.png\",\"width\":500,\"height\":200,\"caption\":\"Lobos News\"},\"image\":{\"@id\":\"https:\/\/lobosnews.com.ar\/#\/schema\/logo\/image\/\"}},{\"@type\":\"Person\",\"@id\":\"https:\/\/lobosnews.com.ar\/#\/schema\/person\/232422a593d5c541dd9aef6aaed10943\",\"name\":\"admin\",\"image\":{\"@type\":\"ImageObject\",\"inLanguage\":\"es\",\"@id\":\"https:\/\/lobosnews.com.ar\/#\/schema\/person\/image\/\",\"url\":\"https:\/\/secure.gravatar.com\/avatar\/76e419471a2083bc3ceab22a763dbbf9b0c1bd15a6214cf3280e2c2dde4580f9?s=96&d=mm&r=g\",\"contentUrl\":\"https:\/\/secure.gravatar.com\/avatar\/76e419471a2083bc3ceab22a763dbbf9b0c1bd15a6214cf3280e2c2dde4580f9?s=96&d=mm&r=g\",\"caption\":\"admin\"},\"sameAs\":[\"https:\/\/lobosnews.com.ar\"],\"url\":\"https:\/\/lobosnews.com.ar\/index.php\/author\/lobos-news\/\"}]}<\/script>\n<!-- \/ Yoast SEO plugin. -->","yoast_head_json":{"title":"Alarma en la Selecci\u00f3n: Nico Gonz\u00e1lez sufri\u00f3 una lesi\u00f3n en la previa de la semifinal entre Atl\u00e9tico de Madrid y Arsenal por la Champions - Lobos News","robots":{"index":"index","follow":"follow","max-snippet":"max-snippet:-1","max-image-preview":"max-image-preview:large","max-video-preview":"max-video-preview:-1"},"canonical":"https:\/\/lobosnews.com.ar\/index.php\/2026\/04\/28\/alarma-en-la-seleccion-nico-gonzalez-sufrio-una-lesion-en-la-previa-de-la-semifinal-entre-atletico-de-madrid-y-arsenal-por-la-champions\/","og_locale":"es_ES","og_type":"article","og_title":"Alarma en la Selecci\u00f3n: Nico Gonz\u00e1lez sufri\u00f3 una lesi\u00f3n en la previa de la semifinal entre Atl\u00e9tico de Madrid y Arsenal por la Champions - Lobos News","og_description":"Una mala noticia trastoc\u00f3 los planes de Diego Simeone de cara al encuentro de ida de la semifinal de la Champions League, que se jugar\u00e1 ma\u00f1ana en el estadio Metropolitano entre Atl\u00e9tico de Madrid y Arsenal. Es que el delantero argentino Nicol\u00e1s Gonz\u00e1lez sufri\u00f3 una lesi\u00f3n de \u00faltimo momento. Seg\u00fan inform\u00f3 El Partidazo de Cope,...","og_url":"https:\/\/lobosnews.com.ar\/index.php\/2026\/04\/28\/alarma-en-la-seleccion-nico-gonzalez-sufrio-una-lesion-en-la-previa-de-la-semifinal-entre-atletico-de-madrid-y-arsenal-por-la-champions\/","og_site_name":"Lobos News","article_published_time":"2026-04-28T18:51:02+00:00","article_modified_time":"2026-04-28T20:38:55+00:00","og_image":[{"url":"https:\/\/lobosnews.com.ar\/wp-content\/uploads\/2026\/04\/alarma-en-la-seleccion-nico-gonzalez-sufrio-una-lesion-en-la-previa-de-la-semifinal-entre-atletico-de-madrid-y-arsenal-por-la-champions.jpg","type":"","width":"","height":""}],"author":"admin","twitter_card":"summary_large_image","twitter_misc":{"Escrito por":"admin","Tiempo de lectura":"1 minuto"},"schema":{"@context":"https:\/\/schema.org","@graph":[{"@type":"Article","@id":"https:\/\/lobosnews.com.ar\/index.php\/2026\/04\/28\/alarma-en-la-seleccion-nico-gonzalez-sufrio-una-lesion-en-la-previa-de-la-semifinal-entre-atletico-de-madrid-y-arsenal-por-la-champions\/#article","isPartOf":{"@id":"https:\/\/lobosnews.com.ar\/index.php\/2026\/04\/28\/alarma-en-la-seleccion-nico-gonzalez-sufrio-una-lesion-en-la-previa-de-la-semifinal-entre-atletico-de-madrid-y-arsenal-por-la-champions\/"},"author":{"name":"admin","@id":"https:\/\/lobosnews.com.ar\/#\/schema\/person\/232422a593d5c541dd9aef6aaed10943"},"headline":"Alarma en la Selecci\u00f3n: Nico Gonz\u00e1lez sufri\u00f3 una lesi\u00f3n en la previa de la semifinal entre Atl\u00e9tico de Madrid y Arsenal por la Champions","datePublished":"2026-04-28T18:51:02+00:00","dateModified":"2026-04-28T20:38:55+00:00","mainEntityOfPage":{"@id":"https:\/\/lobosnews.com.ar\/index.php\/2026\/04\/28\/alarma-en-la-seleccion-nico-gonzalez-sufrio-una-lesion-en-la-previa-de-la-semifinal-entre-atletico-de-madrid-y-arsenal-por-la-champions\/"},"wordCount":214,"commentCount":0,"publisher":{"@id":"https:\/\/lobosnews.com.ar\/#organization"},"image":{"@id":"https:\/\/lobosnews.com.ar\/index.php\/2026\/04\/28\/alarma-en-la-seleccion-nico-gonzalez-sufrio-una-lesion-en-la-previa-de-la-semifinal-entre-atletico-de-madrid-y-arsenal-por-la-champions\/#primaryimage"},"thumbnailUrl":"https:\/\/lobosnews.com.ar\/wp-content\/uploads\/2026\/04\/alarma-en-la-seleccion-nico-gonzalez-sufrio-una-lesion-en-la-previa-de-la-semifinal-entre-atletico-de-madrid-y-arsenal-por-la-champions.jpg","keywords":["Deportes"],"articleSection":["Argentina"],"inLanguage":"es","potentialAction":[{"@type":"CommentAction","name":"Comment","target":["https:\/\/lobosnews.com.ar\/index.php\/2026\/04\/28\/alarma-en-la-seleccion-nico-gonzalez-sufrio-una-lesion-en-la-previa-de-la-semifinal-entre-atletico-de-madrid-y-arsenal-por-la-champions\/#respond"]}]},{"@type":"WebPage","@id":"https:\/\/lobosnews.com.ar\/index.php\/2026\/04\/28\/alarma-en-la-seleccion-nico-gonzalez-sufrio-una-lesion-en-la-previa-de-la-semifinal-entre-atletico-de-madrid-y-arsenal-por-la-champions\/","url":"https:\/\/lobosnews.com.ar\/index.php\/2026\/04\/28\/alarma-en-la-seleccion-nico-gonzalez-sufrio-una-lesion-en-la-previa-de-la-semifinal-entre-atletico-de-madrid-y-arsenal-por-la-champions\/","name":"Alarma en la Selecci\u00f3n: Nico Gonz\u00e1lez sufri\u00f3 una lesi\u00f3n en la previa de la semifinal entre Atl\u00e9tico de Madrid y Arsenal por la Champions - Lobos News","isPartOf":{"@id":"https:\/\/lobosnews.com.ar\/#website"},"primaryImageOfPage":{"@id":"https:\/\/lobosnews.com.ar\/index.php\/2026\/04\/28\/alarma-en-la-seleccion-nico-gonzalez-sufrio-una-lesion-en-la-previa-de-la-semifinal-entre-atletico-de-madrid-y-arsenal-por-la-champions\/#primaryimage"},"image":{"@id":"https:\/\/lobosnews.com.ar\/index.php\/2026\/04\/28\/alarma-en-la-seleccion-nico-gonzalez-sufrio-una-lesion-en-la-previa-de-la-semifinal-entre-atletico-de-madrid-y-arsenal-por-la-champions\/#primaryimage"},"thumbnailUrl":"https:\/\/lobosnews.com.ar\/wp-content\/uploads\/2026\/04\/alarma-en-la-seleccion-nico-gonzalez-sufrio-una-lesion-en-la-previa-de-la-semifinal-entre-atletico-de-madrid-y-arsenal-por-la-champions.jpg","datePublished":"2026-04-28T18:51:02+00:00","dateModified":"2026-04-28T20:38:55+00:00","breadcrumb":{"@id":"https:\/\/lobosnews.com.ar\/index.php\/2026\/04\/28\/alarma-en-la-seleccion-nico-gonzalez-sufrio-una-lesion-en-la-previa-de-la-semifinal-entre-atletico-de-madrid-y-arsenal-por-la-champions\/#breadcrumb"},"inLanguage":"es","potentialAction":[{"@type":"ReadAction","target":["https:\/\/lobosnews.com.ar\/index.php\/2026\/04\/28\/alarma-en-la-seleccion-nico-gonzalez-sufrio-una-lesion-en-la-previa-de-la-semifinal-entre-atletico-de-madrid-y-arsenal-por-la-champions\/"]}]},{"@type":"ImageObject","inLanguage":"es","@id":"https:\/\/lobosnews.com.ar\/index.php\/2026\/04\/28\/alarma-en-la-seleccion-nico-gonzalez-sufrio-una-lesion-en-la-previa-de-la-semifinal-entre-atletico-de-madrid-y-arsenal-por-la-champions\/#primaryimage","url":"https:\/\/lobosnews.com.ar\/wp-content\/uploads\/2026\/04\/alarma-en-la-seleccion-nico-gonzalez-sufrio-una-lesion-en-la-previa-de-la-semifinal-entre-atletico-de-madrid-y-arsenal-por-la-champions.jpg","contentUrl":"https:\/\/lobosnews.com.ar\/wp-content\/uploads\/2026\/04\/alarma-en-la-seleccion-nico-gonzalez-sufrio-una-lesion-en-la-previa-de-la-semifinal-entre-atletico-de-madrid-y-arsenal-por-la-champions.jpg"},{"@type":"BreadcrumbList","@id":"https:\/\/lobosnews.com.ar\/index.php\/2026\/04\/28\/alarma-en-la-seleccion-nico-gonzalez-sufrio-una-lesion-en-la-previa-de-la-semifinal-entre-atletico-de-madrid-y-arsenal-por-la-champions\/#breadcrumb","itemListElement":[{"@type":"ListItem","position":1,"name":"Portada","item":"https:\/\/lobosnews.com.ar\/"},{"@type":"ListItem","position":2,"name":"Alarma en la Selecci\u00f3n: Nico Gonz\u00e1lez sufri\u00f3 una lesi\u00f3n en la previa de la semifinal entre Atl\u00e9tico de Madrid y Arsenal por la Champions"}]},{"@type":"WebSite","@id":"https:\/\/lobosnews.com.ar\/#website","url":"https:\/\/lobosnews.com.ar\/","name":"Lobos News","description":"Informaci\u00f3n a cada instante","publisher":{"@id":"https:\/\/lobosnews.com.ar\/#organization"},"potentialAction":[{"@type":"SearchAction","target":{"@type":"EntryPoint","urlTemplate":"https:\/\/lobosnews.com.ar\/?s={search_term_string}"},"query-input":{"@type":"PropertyValueSpecification","valueRequired":true,"valueName":"search_term_string"}}],"inLanguage":"es"},{"@type":"Organization","@id":"https:\/\/lobosnews.com.ar\/#organization","name":"Lobos News","url":"https:\/\/lobosnews.com.ar\/","logo":{"@type":"ImageObject","inLanguage":"es","@id":"https:\/\/lobosnews.com.ar\/#\/schema\/logo\/image\/","url":"https:\/\/lobosnews.com.ar\/wp-content\/uploads\/2026\/01\/logo-lobosnews.png","contentUrl":"https:\/\/lobosnews.com.ar\/wp-content\/uploads\/2026\/01\/logo-lobosnews.png","width":500,"height":200,"caption":"Lobos News"},"image":{"@id":"https:\/\/lobosnews.com.ar\/#\/schema\/logo\/image\/"}},{"@type":"Person","@id":"https:\/\/lobosnews.com.ar\/#\/schema\/person\/232422a593d5c541dd9aef6aaed10943","name":"admin","image":{"@type":"ImageObject","inLanguage":"es","@id":"https:\/\/lobosnews.com.ar\/#\/schema\/person\/image\/","url":"https:\/\/secure.gravatar.com\/avatar\/76e419471a2083bc3ceab22a763dbbf9b0c1bd15a6214cf3280e2c2dde4580f9?s=96&d=mm&r=g","contentUrl":"https:\/\/secure.gravatar.com\/avatar\/76e419471a2083bc3ceab22a763dbbf9b0c1bd15a6214cf3280e2c2dde4580f9?s=96&d=mm&r=g","caption":"admin"},"sameAs":["https:\/\/lobosnews.com.ar"],"url":"https:\/\/lobosnews.com.ar\/index.php\/author\/lobos-news\/"}]}},"jetpack_featured_media_url":"","jetpack_sharing_enabled":true,"_links":{"self":[{"href":"https:\/\/lobosnews.com.ar\/index.php\/wp-json\/wp\/v2\/posts\/46693","targetHints":{"allow":["GET"]}}],"collection":[{"href":"https:\/\/lobosnews.com.ar\/index.php\/wp-json\/wp\/v2\/posts"}],"about":[{"href":"https:\/\/lobosnews.com.ar\/index.php\/wp-json\/wp\/v2\/types\/post"}],"author":[{"embeddable":true,"href":"https:\/\/lobosnews.com.ar\/index.php\/wp-json\/wp\/v2\/users\/1"}],"replies":[{"embeddable":true,"href":"https:\/\/lobosnews.com.ar\/index.php\/wp-json\/wp\/v2\/comments?post=46693"}],"version-history":[{"count":1,"href":"https:\/\/lobosnews.com.ar\/index.php\/wp-json\/wp\/v2\/posts\/46693\/revisions"}],"predecessor-version":[{"id":46695,"href":"https:\/\/lobosnews.com.ar\/index.php\/wp-json\/wp\/v2\/posts\/46693\/revisions\/46695"}],"wp:attachment":[{"href":"https:\/\/lobosnews.com.ar\/index.php\/wp-json\/wp\/v2\/media?parent=46693"}],"wp:term":[{"taxonomy":"category","embeddable":true,"href":"https:\/\/lobosnews.com.ar\/index.php\/wp-json\/wp\/v2\/categories?post=46693"},{"taxonomy":"post_tag","embeddable":true,"href":"https:\/\/lobosnews.com.ar\/index.php\/wp-json\/wp\/v2\/tags?post=46693"}],"curies":[{"name":"wp","href":"https:\/\/api.w.org\/{rel}","templated":true}]}}