{"id":46675,"date":"2026-04-28T13:22:03","date_gmt":"2026-04-28T13:22:03","guid":{"rendered":"https:\/\/lobosnews.com.ar\/index.php\/2026\/04\/28\/rompio-el-silencio-la-ong-involucrada-en-el-aborto-de-la-nena-en-la-clinica-donde-hallaron-ocho-fetos\/"},"modified":"2026-04-28T15:06:48","modified_gmt":"2026-04-28T15:06:48","slug":"rompio-el-silencio-la-ong-involucrada-en-el-aborto-de-la-nena-en-la-clinica-donde-hallaron-ocho-fetos","status":"publish","type":"post","link":"https:\/\/lobosnews.com.ar\/index.php\/2026\/04\/28\/rompio-el-silencio-la-ong-involucrada-en-el-aborto-de-la-nena-en-la-clinica-donde-hallaron-ocho-fetos\/","title":{"rendered":"Rompi\u00f3 el silencio la ONG involucrada en el aborto de la nena en la cl\u00ednica donde hallaron ocho fetos"},"content":{"rendered":"<p>La<b> Fundaci\u00f3n CIGESAR<\/b>, involucrada en el <span class=\"waslinkname\"><b>aborto practicado a una ni\u00f1a de 12 a\u00f1os v\u00edctima de violaci\u00f3n<\/b><\/span> en la cl\u00ednica Santa Mar\u00eda de Villa Ballester -donde se hallaron ocho fetos en un allanamiento el s\u00e1bado pasado- <b>rompi\u00f3 el silencio en las \u00faltimas horas con un comunicado <\/b>publicado en la entrada del centro m\u00e9dico. <\/p>\n<p>\u201cLa Cl\u00ednica Santa Mar\u00eda mantiene <b>un convenio con la Fundaci\u00f3n Cigesar<\/b>, mediante el cual se alquilan las instalaciones para la <b>realizaci\u00f3n de pr\u00e1cticas<\/b> que requieren quir\u00f3fano\u201d, asevera el texto, con fecha de ayer lunes. <\/p>\n<p>La<b> \u201catenci\u00f3n brindada\u201d<\/b> a la menor, <b>practicada \u201cel 24 de abril\u201d,<\/b> se encuentra en el marco de la Ley 27610 de Acceso a la Interrupci\u00f3n Voluntaria del Embarazo. \u201cTodas las pr\u00e1cticas\u201d se realizan<b> \u201cdentro del marco legal vigente\u201d<\/b>, contin\u00faa el texto, <b>firmado por Dami\u00e1n Levy<\/b>, el director y presidente de CIGESAR. <\/p>\n<p>El m\u00e9dico asever\u00f3 que las autoridades intervinieron para preservar <b>\u201cmaterial gen\u00e9tico necesario\u201d <\/b>de cara a la investigaci\u00f3n de la violaci\u00f3n de la ni\u00f1a y que la \u201cfiltraci\u00f3n de informaci\u00f3n\u201d dio lugar a \u201cinterpretaciones err\u00f3neas\u201d.<\/p>\n<p>El comunicado <b>confirma la realizaci\u00f3n del aborto<\/b>: la fecha del viernes pasado <b>coincide con la historia cl\u00ednica incautada<\/b> por la Polic\u00eda Bonaerense en el lugar. <\/p>\n<p><img loading=\"lazy\" decoding=\"async\" src=\"https:\/\/lobosnews.com.ar\/wp-content\/uploads\/2026\/04\/rompio-el-silencio-la-ong-involucrada-en-el-aborto-de-la-nena-en-la-clinica-donde-hallaron-ocho-fetos.jpg\" alt=\"El comunicado de CIGESAR en la Cl\u00ednica Santa Mar\u00eda\" height=\"1280\" width=\"720\"\/><\/p>\n<h2>Qu\u00e9 dice la fiscal\u00eda que investiga el abuso<\/h2>\n<p><b>Infobae<\/b> hab\u00eda<span class=\"waslinkname\"><b> adelantado la existencia de la ONG en el caso el s\u00e1bado<\/b><\/span> \u00faltimo: los investigadores creen que <b>la fundaci\u00f3n de m\u00e9dicos pag\u00f3 el traslado de la menor y su madre desde Monte Quemado<\/b>, Santiago del Estero, hasta Buenos Aires. Tambi\u00e9n, que realizaron las gestiones para que el aborto sea practicado en la Cl\u00ednica Santa Rosa. <\/p>\n<p>El <b>allanamiento a la cl\u00ednica<\/b>, precisamente, <b>ocurre por el involucramiento de la ONG <\/b>en el caso. Santiago Bridoux, el fiscal que investiga la violaci\u00f3n a la ni\u00f1a en Monte Quemado, urgi\u00f3 al juez Facundo Sayago a que libere un exhorto para ingresar al centro m\u00e9dico, ante <b>la necesidad de asegurar una muestra de ADN del feto gestado por la ni\u00f1a <\/b>para acusar a dos sospechosos que se encuentran pr\u00f3fugos.<\/p>\n<p>Bridoux supo el martes pasado, de manera extraoficial, que <b>la ONG se encontraba involucrada y que madre e hija ser\u00edan trasladadas <\/b>a Buenos Aires para practicar el aborto. El procedimiento, estimaba el fiscal, <b>iba a ser practicado en un centro m\u00e9dico de La Banda<\/b>, a 320 kil\u00f3metros de Monte Quemado. <\/p>\n<p>La fiscal\u00eda, seg\u00fan fuentes judiciales en Santiago del Estero, <b>se comunic\u00f3 con CIGESAR: una representante se mostr\u00f3 \u201creticente\u201d<\/b> a hablar. Este medio contact\u00f3 en repetidas ocasiones a la Fundaci\u00f3n desde el s\u00e1bado, sin recibir respuesta.<\/p>\n<p><img loading=\"lazy\" decoding=\"async\" src=\"https:\/\/lobosnews.com.ar\/wp-content\/uploads\/2026\/04\/rompio-el-silencio-la-ong-involucrada-en-el-aborto-de-la-nena-en-la-clinica-donde-hallaron-ocho-fetos-1.jpg\" alt=\"La recepci\u00f3n de la cl\u00ednica Santa Mar\u00eda\" height=\"720\" width=\"1280\"\/><\/p>\n<p>Radicada en Palermo, dedicada a la salud reproductiva y a facilitar el acceso a abortos y dictar cursos de educaci\u00f3n sexual, <b>el nombre de la Fundaci\u00f3n hab\u00eda sido entregado a la Polic\u00eda Bonaerense <\/b>por sus pares en Santiago del Estero. Tambi\u00e9n lleg\u00f3 al <b>expediente del juez federal Juan Manuel Culotta<\/b>, que investiga un posible caso de trata de personas, en caso de que el hijo de la menor haya nacido vivo para ser entregado o vendido. <\/p>\n<p>Culotta, por lo pronto, no tiene pensado citar a la ONG a declarar. Su preocupaci\u00f3n radica en<b> las pericias de ADN a los fetos encontrados<\/b>, que ser\u00e1n llevadas a cabo por la UFI N\u00b07 de San Mart\u00edn, que intervino en el allanamiento. Si uno de los fetos da positivo con un v\u00ednculo a la ni\u00f1a, entonces la causa por trata ser\u00e1 cerrada.<\/p>\n<p>Mientras tanto, los dos sospechosos del caso contin\u00faan pr\u00f3fugos: el ADN de este feto ser\u00e1 clave para acusarlos tambi\u00e9n. <b>El principal sospechoso es un familiar directo de la v\u00edctima y lleva su mismo apellido.<\/b><\/p>\n<p><i>fotos: Gast\u00f3n Taylor<\/i><\/p>\n","protected":false},"excerpt":{"rendered":"<p>La Fundaci\u00f3n CIGESAR, involucrada en el aborto practicado a una ni\u00f1a de 12 a\u00f1os v\u00edctima de violaci\u00f3n en la cl\u00ednica Santa Mar\u00eda de Villa Ballester -donde se hallaron ocho fetos en un allanamiento el s\u00e1bado pasado- rompi\u00f3 el silencio en las \u00faltimas horas con un comunicado publicado en la entrada del centro m\u00e9dico. \u201cLa Cl\u00ednica&#8230;<\/p>\n","protected":false},"author":1,"featured_media":46679,"comment_status":"open","ping_status":"closed","sticky":false,"template":"","format":"standard","meta":{"_jetpack_memberships_contains_paid_content":false,"footnotes":""},"categories":[31,30,32,77,84,35,36,37],"tags":[],"class_list":["post-46675","post","type-post","status-publish","format-standard","has-post-thumbnail","hentry","category-actualidad","category-argentina","category-economia","category-inseguridad","category-masradios-com","category-nacionales","category-seguridad","category-sociedad"],"magazineBlocksPostFeaturedMedia":{"thumbnail":"https:\/\/lobosnews.com.ar\/wp-content\/uploads\/2026\/04\/rompio-el-silencio-la-ong-involucrada-en-el-aborto-de-la-nena-en-la-clinica-donde-hallaron-ocho-fetos-2-150x150.jpg","medium":"https:\/\/lobosnews.com.ar\/wp-content\/uploads\/2026\/04\/rompio-el-silencio-la-ong-involucrada-en-el-aborto-de-la-nena-en-la-clinica-donde-hallaron-ocho-fetos-2-300x169.jpg","medium_large":"https:\/\/lobosnews.com.ar\/wp-content\/uploads\/2026\/04\/rompio-el-silencio-la-ong-involucrada-en-el-aborto-de-la-nena-en-la-clinica-donde-hallaron-ocho-fetos-2-768x432.jpg","large":"https:\/\/lobosnews.com.ar\/wp-content\/uploads\/2026\/04\/rompio-el-silencio-la-ong-involucrada-en-el-aborto-de-la-nena-en-la-clinica-donde-hallaron-ocho-fetos-2-1024x576.jpg","1536x1536":"https:\/\/lobosnews.com.ar\/wp-content\/uploads\/2026\/04\/rompio-el-silencio-la-ong-involucrada-en-el-aborto-de-la-nena-en-la-clinica-donde-hallaron-ocho-fetos-2.jpg","2048x2048":"https:\/\/lobosnews.com.ar\/wp-content\/uploads\/2026\/04\/rompio-el-silencio-la-ong-involucrada-en-el-aborto-de-la-nena-en-la-clinica-donde-hallaron-ocho-fetos-2.jpg","newsmatic-featured":"https:\/\/lobosnews.com.ar\/wp-content\/uploads\/2026\/04\/rompio-el-silencio-la-ong-involucrada-en-el-aborto-de-la-nena-en-la-clinica-donde-hallaron-ocho-fetos-2-820x545.jpg","newsmatic-list":"https:\/\/lobosnews.com.ar\/wp-content\/uploads\/2026\/04\/rompio-el-silencio-la-ong-involucrada-en-el-aborto-de-la-nena-en-la-clinica-donde-hallaron-ocho-fetos-2-600x400.jpg","newsmatic-thumb":"https:\/\/lobosnews.com.ar\/wp-content\/uploads\/2026\/04\/rompio-el-silencio-la-ong-involucrada-en-el-aborto-de-la-nena-en-la-clinica-donde-hallaron-ocho-fetos-2-300x200.jpg","newsmatic-small":"https:\/\/lobosnews.com.ar\/wp-content\/uploads\/2026\/04\/rompio-el-silencio-la-ong-involucrada-en-el-aborto-de-la-nena-en-la-clinica-donde-hallaron-ocho-fetos-2-150x95.jpg","newsmatic-grid":"https:\/\/lobosnews.com.ar\/wp-content\/uploads\/2026\/04\/rompio-el-silencio-la-ong-involucrada-en-el-aborto-de-la-nena-en-la-clinica-donde-hallaron-ocho-fetos-2-400x250.jpg"},"magazineBlocksPostAuthor":{"name":"admin","avatar":"https:\/\/secure.gravatar.com\/avatar\/76e419471a2083bc3ceab22a763dbbf9b0c1bd15a6214cf3280e2c2dde4580f9?s=96&d=mm&r=g"},"magazineBlocksPostCommentsNumber":"0","magazineBlocksPostExcerpt":"La Fundaci\u00f3n CIGESAR, involucrada en el aborto practicado a una ni\u00f1a de 12 a\u00f1os v\u00edctima de violaci\u00f3n en la cl\u00ednica Santa Mar\u00eda de Villa Ballester -donde se hallaron ocho fetos en un allanamiento el s\u00e1bado pasado- rompi\u00f3 el silencio en las \u00faltimas horas con un comunicado publicado en la entrada del centro m\u00e9dico. \u201cLa Cl\u00ednica...","magazineBlocksPostCategories":["Actualidad","Argentina","econom\u00eda","inseguridad","masradios.com","nacionales","seguridad","sociedad"],"magazineBlocksPostViewCount":2,"magazineBlocksPostReadTime":4,"magazine_blocks_featured_image_url":{"full":["https:\/\/lobosnews.com.ar\/wp-content\/uploads\/2026\/04\/rompio-el-silencio-la-ong-involucrada-en-el-aborto-de-la-nena-en-la-clinica-donde-hallaron-ocho-fetos-2.jpg",1280,720,false],"medium":["https:\/\/lobosnews.com.ar\/wp-content\/uploads\/2026\/04\/rompio-el-silencio-la-ong-involucrada-en-el-aborto-de-la-nena-en-la-clinica-donde-hallaron-ocho-fetos-2-300x169.jpg",300,169,true],"thumbnail":["https:\/\/lobosnews.com.ar\/wp-content\/uploads\/2026\/04\/rompio-el-silencio-la-ong-involucrada-en-el-aborto-de-la-nena-en-la-clinica-donde-hallaron-ocho-fetos-2-150x150.jpg",150,150,true]},"magazine_blocks_author":{"display_name":"admin","author_link":"https:\/\/lobosnews.com.ar\/index.php\/author\/lobos-news\/"},"magazine_blocks_comment":0,"magazine_blocks_author_image":"https:\/\/secure.gravatar.com\/avatar\/76e419471a2083bc3ceab22a763dbbf9b0c1bd15a6214cf3280e2c2dde4580f9?s=96&d=mm&r=g","magazine_blocks_category":"<a href=\"#\" class=\"category-link category-link-31\">Actualidad<\/a> <a href=\"#\" class=\"category-link category-link-30\">Argentina<\/a> <a href=\"#\" class=\"category-link category-link-32\">econom\u00eda<\/a> <a href=\"#\" class=\"category-link category-link-77\">inseguridad<\/a> <a href=\"#\" class=\"category-link category-link-84\">masradios.com<\/a> <a href=\"#\" class=\"category-link category-link-35\">nacionales<\/a> <a href=\"#\" class=\"category-link category-link-36\">seguridad<\/a> <a href=\"#\" class=\"category-link category-link-37\">sociedad<\/a>","yoast_head":"<!-- This site is optimized with the Yoast SEO plugin v26.6 - https:\/\/yoast.com\/wordpress\/plugins\/seo\/ -->\n<title>Rompi\u00f3 el silencio la ONG involucrada en el aborto de la nena en la cl\u00ednica donde hallaron ocho fetos - Lobos News<\/title>\n<meta name=\"robots\" content=\"index, follow, max-snippet:-1, max-image-preview:large, max-video-preview:-1\" \/>\n<link rel=\"canonical\" href=\"https:\/\/lobosnews.com.ar\/index.php\/2026\/04\/28\/rompio-el-silencio-la-ong-involucrada-en-el-aborto-de-la-nena-en-la-clinica-donde-hallaron-ocho-fetos\/\" \/>\n<meta property=\"og:locale\" content=\"es_ES\" \/>\n<meta property=\"og:type\" content=\"article\" \/>\n<meta property=\"og:title\" content=\"Rompi\u00f3 el silencio la ONG involucrada en el aborto de la nena en la cl\u00ednica donde hallaron ocho fetos - Lobos News\" \/>\n<meta property=\"og:description\" content=\"La Fundaci\u00f3n CIGESAR, involucrada en el aborto practicado a una ni\u00f1a de 12 a\u00f1os v\u00edctima de violaci\u00f3n en la cl\u00ednica Santa Mar\u00eda de Villa Ballester -donde se hallaron ocho fetos en un allanamiento el s\u00e1bado pasado- rompi\u00f3 el silencio en las \u00faltimas horas con un comunicado publicado en la entrada del centro m\u00e9dico. \u201cLa Cl\u00ednica...\" \/>\n<meta property=\"og:url\" content=\"https:\/\/lobosnews.com.ar\/index.php\/2026\/04\/28\/rompio-el-silencio-la-ong-involucrada-en-el-aborto-de-la-nena-en-la-clinica-donde-hallaron-ocho-fetos\/\" \/>\n<meta property=\"og:site_name\" content=\"Lobos News\" \/>\n<meta property=\"article:published_time\" content=\"2026-04-28T13:22:03+00:00\" \/>\n<meta property=\"article:modified_time\" content=\"2026-04-28T15:06:48+00:00\" \/>\n<meta property=\"og:image\" content=\"https:\/\/lobosnews.com.ar\/wp-content\/uploads\/2026\/04\/rompio-el-silencio-la-ong-involucrada-en-el-aborto-de-la-nena-en-la-clinica-donde-hallaron-ocho-fetos.jpg\" \/>\n<meta name=\"author\" content=\"admin\" \/>\n<meta name=\"twitter:card\" content=\"summary_large_image\" \/>\n<meta name=\"twitter:label1\" content=\"Escrito por\" \/>\n\t<meta name=\"twitter:data1\" content=\"admin\" \/>\n\t<meta name=\"twitter:label2\" content=\"Tiempo de lectura\" \/>\n\t<meta name=\"twitter:data2\" content=\"3 minutos\" \/>\n<script type=\"application\/ld+json\" class=\"yoast-schema-graph\">{\"@context\":\"https:\/\/schema.org\",\"@graph\":[{\"@type\":\"Article\",\"@id\":\"https:\/\/lobosnews.com.ar\/index.php\/2026\/04\/28\/rompio-el-silencio-la-ong-involucrada-en-el-aborto-de-la-nena-en-la-clinica-donde-hallaron-ocho-fetos\/#article\",\"isPartOf\":{\"@id\":\"https:\/\/lobosnews.com.ar\/index.php\/2026\/04\/28\/rompio-el-silencio-la-ong-involucrada-en-el-aborto-de-la-nena-en-la-clinica-donde-hallaron-ocho-fetos\/\"},\"author\":{\"name\":\"admin\",\"@id\":\"https:\/\/lobosnews.com.ar\/#\/schema\/person\/232422a593d5c541dd9aef6aaed10943\"},\"headline\":\"Rompi\u00f3 el silencio la ONG involucrada en el aborto de la nena en la cl\u00ednica donde hallaron ocho fetos\",\"datePublished\":\"2026-04-28T13:22:03+00:00\",\"dateModified\":\"2026-04-28T15:06:48+00:00\",\"mainEntityOfPage\":{\"@id\":\"https:\/\/lobosnews.com.ar\/index.php\/2026\/04\/28\/rompio-el-silencio-la-ong-involucrada-en-el-aborto-de-la-nena-en-la-clinica-donde-hallaron-ocho-fetos\/\"},\"wordCount\":672,\"commentCount\":0,\"publisher\":{\"@id\":\"https:\/\/lobosnews.com.ar\/#organization\"},\"image\":{\"@id\":\"https:\/\/lobosnews.com.ar\/index.php\/2026\/04\/28\/rompio-el-silencio-la-ong-involucrada-en-el-aborto-de-la-nena-en-la-clinica-donde-hallaron-ocho-fetos\/#primaryimage\"},\"thumbnailUrl\":\"https:\/\/lobosnews.com.ar\/wp-content\/uploads\/2026\/04\/rompio-el-silencio-la-ong-involucrada-en-el-aborto-de-la-nena-en-la-clinica-donde-hallaron-ocho-fetos-2.jpg\",\"articleSection\":[\"Actualidad\",\"Argentina\",\"econom\u00eda\",\"inseguridad\",\"masradios.com\",\"nacionales\",\"seguridad\",\"sociedad\"],\"inLanguage\":\"es\",\"potentialAction\":[{\"@type\":\"CommentAction\",\"name\":\"Comment\",\"target\":[\"https:\/\/lobosnews.com.ar\/index.php\/2026\/04\/28\/rompio-el-silencio-la-ong-involucrada-en-el-aborto-de-la-nena-en-la-clinica-donde-hallaron-ocho-fetos\/#respond\"]}]},{\"@type\":\"WebPage\",\"@id\":\"https:\/\/lobosnews.com.ar\/index.php\/2026\/04\/28\/rompio-el-silencio-la-ong-involucrada-en-el-aborto-de-la-nena-en-la-clinica-donde-hallaron-ocho-fetos\/\",\"url\":\"https:\/\/lobosnews.com.ar\/index.php\/2026\/04\/28\/rompio-el-silencio-la-ong-involucrada-en-el-aborto-de-la-nena-en-la-clinica-donde-hallaron-ocho-fetos\/\",\"name\":\"Rompi\u00f3 el silencio la ONG involucrada en el aborto de la nena en la cl\u00ednica donde hallaron ocho fetos - Lobos News\",\"isPartOf\":{\"@id\":\"https:\/\/lobosnews.com.ar\/#website\"},\"primaryImageOfPage\":{\"@id\":\"https:\/\/lobosnews.com.ar\/index.php\/2026\/04\/28\/rompio-el-silencio-la-ong-involucrada-en-el-aborto-de-la-nena-en-la-clinica-donde-hallaron-ocho-fetos\/#primaryimage\"},\"image\":{\"@id\":\"https:\/\/lobosnews.com.ar\/index.php\/2026\/04\/28\/rompio-el-silencio-la-ong-involucrada-en-el-aborto-de-la-nena-en-la-clinica-donde-hallaron-ocho-fetos\/#primaryimage\"},\"thumbnailUrl\":\"https:\/\/lobosnews.com.ar\/wp-content\/uploads\/2026\/04\/rompio-el-silencio-la-ong-involucrada-en-el-aborto-de-la-nena-en-la-clinica-donde-hallaron-ocho-fetos-2.jpg\",\"datePublished\":\"2026-04-28T13:22:03+00:00\",\"dateModified\":\"2026-04-28T15:06:48+00:00\",\"breadcrumb\":{\"@id\":\"https:\/\/lobosnews.com.ar\/index.php\/2026\/04\/28\/rompio-el-silencio-la-ong-involucrada-en-el-aborto-de-la-nena-en-la-clinica-donde-hallaron-ocho-fetos\/#breadcrumb\"},\"inLanguage\":\"es\",\"potentialAction\":[{\"@type\":\"ReadAction\",\"target\":[\"https:\/\/lobosnews.com.ar\/index.php\/2026\/04\/28\/rompio-el-silencio-la-ong-involucrada-en-el-aborto-de-la-nena-en-la-clinica-donde-hallaron-ocho-fetos\/\"]}]},{\"@type\":\"ImageObject\",\"inLanguage\":\"es\",\"@id\":\"https:\/\/lobosnews.com.ar\/index.php\/2026\/04\/28\/rompio-el-silencio-la-ong-involucrada-en-el-aborto-de-la-nena-en-la-clinica-donde-hallaron-ocho-fetos\/#primaryimage\",\"url\":\"https:\/\/lobosnews.com.ar\/wp-content\/uploads\/2026\/04\/rompio-el-silencio-la-ong-involucrada-en-el-aborto-de-la-nena-en-la-clinica-donde-hallaron-ocho-fetos-2.jpg\",\"contentUrl\":\"https:\/\/lobosnews.com.ar\/wp-content\/uploads\/2026\/04\/rompio-el-silencio-la-ong-involucrada-en-el-aborto-de-la-nena-en-la-clinica-donde-hallaron-ocho-fetos-2.jpg\",\"width\":1280,\"height\":720,\"caption\":\"Rompi\u00f3 el silencio la ONG involucrada en el aborto de la nena en la cl\u00ednica donde hallaron ocho fetos\"},{\"@type\":\"BreadcrumbList\",\"@id\":\"https:\/\/lobosnews.com.ar\/index.php\/2026\/04\/28\/rompio-el-silencio-la-ong-involucrada-en-el-aborto-de-la-nena-en-la-clinica-donde-hallaron-ocho-fetos\/#breadcrumb\",\"itemListElement\":[{\"@type\":\"ListItem\",\"position\":1,\"name\":\"Portada\",\"item\":\"https:\/\/lobosnews.com.ar\/\"},{\"@type\":\"ListItem\",\"position\":2,\"name\":\"Rompi\u00f3 el silencio la ONG involucrada en el aborto de la nena en la cl\u00ednica donde hallaron ocho fetos\"}]},{\"@type\":\"WebSite\",\"@id\":\"https:\/\/lobosnews.com.ar\/#website\",\"url\":\"https:\/\/lobosnews.com.ar\/\",\"name\":\"Lobos News\",\"description\":\"Informaci\u00f3n a cada instante\",\"publisher\":{\"@id\":\"https:\/\/lobosnews.com.ar\/#organization\"},\"potentialAction\":[{\"@type\":\"SearchAction\",\"target\":{\"@type\":\"EntryPoint\",\"urlTemplate\":\"https:\/\/lobosnews.com.ar\/?s={search_term_string}\"},\"query-input\":{\"@type\":\"PropertyValueSpecification\",\"valueRequired\":true,\"valueName\":\"search_term_string\"}}],\"inLanguage\":\"es\"},{\"@type\":\"Organization\",\"@id\":\"https:\/\/lobosnews.com.ar\/#organization\",\"name\":\"Lobos News\",\"url\":\"https:\/\/lobosnews.com.ar\/\",\"logo\":{\"@type\":\"ImageObject\",\"inLanguage\":\"es\",\"@id\":\"https:\/\/lobosnews.com.ar\/#\/schema\/logo\/image\/\",\"url\":\"https:\/\/lobosnews.com.ar\/wp-content\/uploads\/2026\/01\/logo-lobosnews.png\",\"contentUrl\":\"https:\/\/lobosnews.com.ar\/wp-content\/uploads\/2026\/01\/logo-lobosnews.png\",\"width\":500,\"height\":200,\"caption\":\"Lobos News\"},\"image\":{\"@id\":\"https:\/\/lobosnews.com.ar\/#\/schema\/logo\/image\/\"}},{\"@type\":\"Person\",\"@id\":\"https:\/\/lobosnews.com.ar\/#\/schema\/person\/232422a593d5c541dd9aef6aaed10943\",\"name\":\"admin\",\"image\":{\"@type\":\"ImageObject\",\"inLanguage\":\"es\",\"@id\":\"https:\/\/lobosnews.com.ar\/#\/schema\/person\/image\/\",\"url\":\"https:\/\/secure.gravatar.com\/avatar\/76e419471a2083bc3ceab22a763dbbf9b0c1bd15a6214cf3280e2c2dde4580f9?s=96&d=mm&r=g\",\"contentUrl\":\"https:\/\/secure.gravatar.com\/avatar\/76e419471a2083bc3ceab22a763dbbf9b0c1bd15a6214cf3280e2c2dde4580f9?s=96&d=mm&r=g\",\"caption\":\"admin\"},\"sameAs\":[\"https:\/\/lobosnews.com.ar\"],\"url\":\"https:\/\/lobosnews.com.ar\/index.php\/author\/lobos-news\/\"}]}<\/script>\n<!-- \/ Yoast SEO plugin. -->","yoast_head_json":{"title":"Rompi\u00f3 el silencio la ONG involucrada en el aborto de la nena en la cl\u00ednica donde hallaron ocho fetos - Lobos News","robots":{"index":"index","follow":"follow","max-snippet":"max-snippet:-1","max-image-preview":"max-image-preview:large","max-video-preview":"max-video-preview:-1"},"canonical":"https:\/\/lobosnews.com.ar\/index.php\/2026\/04\/28\/rompio-el-silencio-la-ong-involucrada-en-el-aborto-de-la-nena-en-la-clinica-donde-hallaron-ocho-fetos\/","og_locale":"es_ES","og_type":"article","og_title":"Rompi\u00f3 el silencio la ONG involucrada en el aborto de la nena en la cl\u00ednica donde hallaron ocho fetos - Lobos News","og_description":"La Fundaci\u00f3n CIGESAR, involucrada en el aborto practicado a una ni\u00f1a de 12 a\u00f1os v\u00edctima de violaci\u00f3n en la cl\u00ednica Santa Mar\u00eda de Villa Ballester -donde se hallaron ocho fetos en un allanamiento el s\u00e1bado pasado- rompi\u00f3 el silencio en las \u00faltimas horas con un comunicado publicado en la entrada del centro m\u00e9dico. \u201cLa Cl\u00ednica...","og_url":"https:\/\/lobosnews.com.ar\/index.php\/2026\/04\/28\/rompio-el-silencio-la-ong-involucrada-en-el-aborto-de-la-nena-en-la-clinica-donde-hallaron-ocho-fetos\/","og_site_name":"Lobos News","article_published_time":"2026-04-28T13:22:03+00:00","article_modified_time":"2026-04-28T15:06:48+00:00","og_image":[{"url":"https:\/\/lobosnews.com.ar\/wp-content\/uploads\/2026\/04\/rompio-el-silencio-la-ong-involucrada-en-el-aborto-de-la-nena-en-la-clinica-donde-hallaron-ocho-fetos.jpg","type":"","width":"","height":""}],"author":"admin","twitter_card":"summary_large_image","twitter_misc":{"Escrito por":"admin","Tiempo de lectura":"3 minutos"},"schema":{"@context":"https:\/\/schema.org","@graph":[{"@type":"Article","@id":"https:\/\/lobosnews.com.ar\/index.php\/2026\/04\/28\/rompio-el-silencio-la-ong-involucrada-en-el-aborto-de-la-nena-en-la-clinica-donde-hallaron-ocho-fetos\/#article","isPartOf":{"@id":"https:\/\/lobosnews.com.ar\/index.php\/2026\/04\/28\/rompio-el-silencio-la-ong-involucrada-en-el-aborto-de-la-nena-en-la-clinica-donde-hallaron-ocho-fetos\/"},"author":{"name":"admin","@id":"https:\/\/lobosnews.com.ar\/#\/schema\/person\/232422a593d5c541dd9aef6aaed10943"},"headline":"Rompi\u00f3 el silencio la ONG involucrada en el aborto de la nena en la cl\u00ednica donde hallaron ocho fetos","datePublished":"2026-04-28T13:22:03+00:00","dateModified":"2026-04-28T15:06:48+00:00","mainEntityOfPage":{"@id":"https:\/\/lobosnews.com.ar\/index.php\/2026\/04\/28\/rompio-el-silencio-la-ong-involucrada-en-el-aborto-de-la-nena-en-la-clinica-donde-hallaron-ocho-fetos\/"},"wordCount":672,"commentCount":0,"publisher":{"@id":"https:\/\/lobosnews.com.ar\/#organization"},"image":{"@id":"https:\/\/lobosnews.com.ar\/index.php\/2026\/04\/28\/rompio-el-silencio-la-ong-involucrada-en-el-aborto-de-la-nena-en-la-clinica-donde-hallaron-ocho-fetos\/#primaryimage"},"thumbnailUrl":"https:\/\/lobosnews.com.ar\/wp-content\/uploads\/2026\/04\/rompio-el-silencio-la-ong-involucrada-en-el-aborto-de-la-nena-en-la-clinica-donde-hallaron-ocho-fetos-2.jpg","articleSection":["Actualidad","Argentina","econom\u00eda","inseguridad","masradios.com","nacionales","seguridad","sociedad"],"inLanguage":"es","potentialAction":[{"@type":"CommentAction","name":"Comment","target":["https:\/\/lobosnews.com.ar\/index.php\/2026\/04\/28\/rompio-el-silencio-la-ong-involucrada-en-el-aborto-de-la-nena-en-la-clinica-donde-hallaron-ocho-fetos\/#respond"]}]},{"@type":"WebPage","@id":"https:\/\/lobosnews.com.ar\/index.php\/2026\/04\/28\/rompio-el-silencio-la-ong-involucrada-en-el-aborto-de-la-nena-en-la-clinica-donde-hallaron-ocho-fetos\/","url":"https:\/\/lobosnews.com.ar\/index.php\/2026\/04\/28\/rompio-el-silencio-la-ong-involucrada-en-el-aborto-de-la-nena-en-la-clinica-donde-hallaron-ocho-fetos\/","name":"Rompi\u00f3 el silencio la ONG involucrada en el aborto de la nena en la cl\u00ednica donde hallaron ocho fetos - Lobos News","isPartOf":{"@id":"https:\/\/lobosnews.com.ar\/#website"},"primaryImageOfPage":{"@id":"https:\/\/lobosnews.com.ar\/index.php\/2026\/04\/28\/rompio-el-silencio-la-ong-involucrada-en-el-aborto-de-la-nena-en-la-clinica-donde-hallaron-ocho-fetos\/#primaryimage"},"image":{"@id":"https:\/\/lobosnews.com.ar\/index.php\/2026\/04\/28\/rompio-el-silencio-la-ong-involucrada-en-el-aborto-de-la-nena-en-la-clinica-donde-hallaron-ocho-fetos\/#primaryimage"},"thumbnailUrl":"https:\/\/lobosnews.com.ar\/wp-content\/uploads\/2026\/04\/rompio-el-silencio-la-ong-involucrada-en-el-aborto-de-la-nena-en-la-clinica-donde-hallaron-ocho-fetos-2.jpg","datePublished":"2026-04-28T13:22:03+00:00","dateModified":"2026-04-28T15:06:48+00:00","breadcrumb":{"@id":"https:\/\/lobosnews.com.ar\/index.php\/2026\/04\/28\/rompio-el-silencio-la-ong-involucrada-en-el-aborto-de-la-nena-en-la-clinica-donde-hallaron-ocho-fetos\/#breadcrumb"},"inLanguage":"es","potentialAction":[{"@type":"ReadAction","target":["https:\/\/lobosnews.com.ar\/index.php\/2026\/04\/28\/rompio-el-silencio-la-ong-involucrada-en-el-aborto-de-la-nena-en-la-clinica-donde-hallaron-ocho-fetos\/"]}]},{"@type":"ImageObject","inLanguage":"es","@id":"https:\/\/lobosnews.com.ar\/index.php\/2026\/04\/28\/rompio-el-silencio-la-ong-involucrada-en-el-aborto-de-la-nena-en-la-clinica-donde-hallaron-ocho-fetos\/#primaryimage","url":"https:\/\/lobosnews.com.ar\/wp-content\/uploads\/2026\/04\/rompio-el-silencio-la-ong-involucrada-en-el-aborto-de-la-nena-en-la-clinica-donde-hallaron-ocho-fetos-2.jpg","contentUrl":"https:\/\/lobosnews.com.ar\/wp-content\/uploads\/2026\/04\/rompio-el-silencio-la-ong-involucrada-en-el-aborto-de-la-nena-en-la-clinica-donde-hallaron-ocho-fetos-2.jpg","width":1280,"height":720,"caption":"Rompi\u00f3 el silencio la ONG involucrada en el aborto de la nena en la cl\u00ednica donde hallaron ocho fetos"},{"@type":"BreadcrumbList","@id":"https:\/\/lobosnews.com.ar\/index.php\/2026\/04\/28\/rompio-el-silencio-la-ong-involucrada-en-el-aborto-de-la-nena-en-la-clinica-donde-hallaron-ocho-fetos\/#breadcrumb","itemListElement":[{"@type":"ListItem","position":1,"name":"Portada","item":"https:\/\/lobosnews.com.ar\/"},{"@type":"ListItem","position":2,"name":"Rompi\u00f3 el silencio la ONG involucrada en el aborto de la nena en la cl\u00ednica donde hallaron ocho fetos"}]},{"@type":"WebSite","@id":"https:\/\/lobosnews.com.ar\/#website","url":"https:\/\/lobosnews.com.ar\/","name":"Lobos News","description":"Informaci\u00f3n a cada instante","publisher":{"@id":"https:\/\/lobosnews.com.ar\/#organization"},"potentialAction":[{"@type":"SearchAction","target":{"@type":"EntryPoint","urlTemplate":"https:\/\/lobosnews.com.ar\/?s={search_term_string}"},"query-input":{"@type":"PropertyValueSpecification","valueRequired":true,"valueName":"search_term_string"}}],"inLanguage":"es"},{"@type":"Organization","@id":"https:\/\/lobosnews.com.ar\/#organization","name":"Lobos News","url":"https:\/\/lobosnews.com.ar\/","logo":{"@type":"ImageObject","inLanguage":"es","@id":"https:\/\/lobosnews.com.ar\/#\/schema\/logo\/image\/","url":"https:\/\/lobosnews.com.ar\/wp-content\/uploads\/2026\/01\/logo-lobosnews.png","contentUrl":"https:\/\/lobosnews.com.ar\/wp-content\/uploads\/2026\/01\/logo-lobosnews.png","width":500,"height":200,"caption":"Lobos News"},"image":{"@id":"https:\/\/lobosnews.com.ar\/#\/schema\/logo\/image\/"}},{"@type":"Person","@id":"https:\/\/lobosnews.com.ar\/#\/schema\/person\/232422a593d5c541dd9aef6aaed10943","name":"admin","image":{"@type":"ImageObject","inLanguage":"es","@id":"https:\/\/lobosnews.com.ar\/#\/schema\/person\/image\/","url":"https:\/\/secure.gravatar.com\/avatar\/76e419471a2083bc3ceab22a763dbbf9b0c1bd15a6214cf3280e2c2dde4580f9?s=96&d=mm&r=g","contentUrl":"https:\/\/secure.gravatar.com\/avatar\/76e419471a2083bc3ceab22a763dbbf9b0c1bd15a6214cf3280e2c2dde4580f9?s=96&d=mm&r=g","caption":"admin"},"sameAs":["https:\/\/lobosnews.com.ar"],"url":"https:\/\/lobosnews.com.ar\/index.php\/author\/lobos-news\/"}]}},"jetpack_featured_media_url":"https:\/\/lobosnews.com.ar\/wp-content\/uploads\/2026\/04\/rompio-el-silencio-la-ong-involucrada-en-el-aborto-de-la-nena-en-la-clinica-donde-hallaron-ocho-fetos-2.jpg","jetpack_sharing_enabled":true,"_links":{"self":[{"href":"https:\/\/lobosnews.com.ar\/index.php\/wp-json\/wp\/v2\/posts\/46675","targetHints":{"allow":["GET"]}}],"collection":[{"href":"https:\/\/lobosnews.com.ar\/index.php\/wp-json\/wp\/v2\/posts"}],"about":[{"href":"https:\/\/lobosnews.com.ar\/index.php\/wp-json\/wp\/v2\/types\/post"}],"author":[{"embeddable":true,"href":"https:\/\/lobosnews.com.ar\/index.php\/wp-json\/wp\/v2\/users\/1"}],"replies":[{"embeddable":true,"href":"https:\/\/lobosnews.com.ar\/index.php\/wp-json\/wp\/v2\/comments?post=46675"}],"version-history":[{"count":1,"href":"https:\/\/lobosnews.com.ar\/index.php\/wp-json\/wp\/v2\/posts\/46675\/revisions"}],"predecessor-version":[{"id":46678,"href":"https:\/\/lobosnews.com.ar\/index.php\/wp-json\/wp\/v2\/posts\/46675\/revisions\/46678"}],"wp:featuredmedia":[{"embeddable":true,"href":"https:\/\/lobosnews.com.ar\/index.php\/wp-json\/wp\/v2\/media\/46679"}],"wp:attachment":[{"href":"https:\/\/lobosnews.com.ar\/index.php\/wp-json\/wp\/v2\/media?parent=46675"}],"wp:term":[{"taxonomy":"category","embeddable":true,"href":"https:\/\/lobosnews.com.ar\/index.php\/wp-json\/wp\/v2\/categories?post=46675"},{"taxonomy":"post_tag","embeddable":true,"href":"https:\/\/lobosnews.com.ar\/index.php\/wp-json\/wp\/v2\/tags?post=46675"}],"curies":[{"name":"wp","href":"https:\/\/api.w.org\/{rel}","templated":true}]}}