{"id":46662,"date":"2026-04-28T09:37:57","date_gmt":"2026-04-28T09:37:57","guid":{"rendered":"https:\/\/lobosnews.com.ar\/index.php\/2026\/04\/28\/cuales-son-los-rasgos-que-comparten-las-personas-con-ansiedad\/"},"modified":"2026-04-28T15:05:20","modified_gmt":"2026-04-28T15:05:20","slug":"cuales-son-los-rasgos-que-comparten-las-personas-con-ansiedad","status":"publish","type":"post","link":"https:\/\/lobosnews.com.ar\/index.php\/2026\/04\/28\/cuales-son-los-rasgos-que-comparten-las-personas-con-ansiedad\/","title":{"rendered":"Cu\u00e1les son los rasgos que comparten las personas con ansiedad"},"content":{"rendered":"<p><img loading=\"lazy\" decoding=\"async\" src=\"https:\/\/lobosnews.com.ar\/wp-content\/uploads\/2026\/04\/cuales-son-los-rasgos-que-comparten-las-personas-con-ansiedad.jpg\" alt=\"La ansiedad afecta a uno de cada cinco adultos seg\u00fan datos de organismos como la CDC y el NIMH en Estados Unidos (Imagen Ilustrativa Infobae)\" height=\"1536\" width=\"2752\"\/><\/p>\n<p>La <span class=\"waslinkname\"><b>ansiedad<\/b><\/span> es una de las condiciones de salud mental m\u00e1s comunes y debatidas en la actualidad. Su presencia afecta tanto el <span class=\"waslinkname\">bienestar emocional<\/span> como el funcionamiento cotidiano, y es motivo de consulta frecuente en sistemas de salud de todo el mundo. <\/p>\n<p>Seg\u00fan datos de los <b>Centros para el Control y la Prevenci\u00f3n de Enfermedades de Estados Unidos (CDC)<\/b> y del<b> Instituto Nacional de Salud Mental (NIMH)<\/b>, aproximadamente 1 de cada 5 adultos experimenta episodios de ansiedad de manera constante o frecuente.<\/p>\n<p>La psic\u00f3loga<b> \u00c1ngela Fern\u00e1ndez<\/b>, citada por<i> Men\u00b4s Health<\/i> subraya que identificar estos patrones no implica resignarse a convivir con la ansiedad, sino<b> aprender a gestionarla<\/b> <b>con flexibilidad y autocompasi\u00f3n<\/b>. Lejos de ser defectos, estas tendencias pueden funcionar como virtudes en la vida diaria, aunque, cuando se desbordan, se transforman en una fuente de malestar persistente.<\/p>\n<h2>Cu\u00e1les son los rasgos que comparten las personas con ansiedad<\/h2>\n<p>Diversos estudios y testimonios recogidos por especialistas en salud mental coinciden en se\u00f1alar<b> tres rasgos de personalidad <\/b>que se repiten con frecuencia en las personas que experimentan ansiedad:<\/p>\n<h3>1. Autoexigencia elevada<\/h3>\n<p>Seg\u00fan Fern\u00e1ndez, quienes presentan este perfil tienden a asumir demasiadas responsabilidades, se imponen est\u00e1ndares de<b> perfeccionismo muy altos<\/b> y muestran disciplina rigurosa en todas sus actividades. Esta actitud, aunque valorada socialmente, puede derivar en rigidez mental y dificultar la adaptaci\u00f3n ante situaciones adversas.<\/p>\n<p>Instituciones como la <b>Cl\u00ednica Mayo<\/b> describen el perfeccionismo y la autoexigencia como factores de riesgo que aumentan la probabilidad de desarrollar ansiedad, ya que dificultan la tolerancia al error y la adaptaci\u00f3n ante la incertidumbre.<\/p>\n<p><img loading=\"lazy\" decoding=\"async\" src=\"https:\/\/lobosnews.com.ar\/wp-content\/uploads\/2026\/04\/cuales-son-los-rasgos-que-comparten-las-personas-con-ansiedad-1.jpg\" alt=\"La autoexigencia elevada y el perfeccionismo constituyen factores de riesgo clave en el desarrollo de ansiedad, seg\u00fan especialistas en salud mental (Imagen Ilustrativa Infobae)\" height=\"1536\" width=\"2752\"\/><\/p>\n<p>El perfeccionismo extremo se convierte as\u00ed en un factor de vulnerabilidad ante la incertidumbre cotidiana, elevando la probabilidad de experimentar s\u00edntomas de ansiedad. Fern\u00e1ndez explica que muchas de estas personas han aprendido desde peque\u00f1as que el reconocimiento llega cuando logran resultados sobresalientes, lo que refuerza la necesidad de control y la intolerancia al error. Cuando la autoexigencia deja de ser motivaci\u00f3n y pasa a ser una carga, el equilibrio emocional se ve comprometido.<\/p>\n<h3>2. Exceso de amabilidad<\/h3>\n<p>Individuos con esta caracter\u00edstica priorizan constantemente las necesidades de los dem\u00e1s por encima de las propias y encuentran dificultades para establecer l\u00edmites claros en sus relaciones cotidianas. <\/p>\n<p>\u201cSer emp\u00e1tico es positivo, pero cuando se hace a costa del propio equilibrio, la factura emocional llega\u201d, advierte Fern\u00e1ndez. La tendencia a decir siempre que s\u00ed y a evitar el conflicto puede derivar en sobrecarga emocional, resentimiento y estados persistentes de tensi\u00f3n interna.<\/p>\n<p>El <b>Instituto Nacional de Salud Mental de Estados Unidos (NIMH)<\/b> advierte que la dificultad para poner l\u00edmites y la tendencia a la complacencia pueden generar agotamiento emocional y favorecer la aparici\u00f3n de ansiedad.<\/p>\n<h3>3. Alta sensibilidad emocional o neuroticismo<\/h3>\n<p>Se manifiesta como una marcada reactividad ante cambios inesperados, contratiempos o incluso est\u00edmulos simples como ruidos imprevistos. Las personas con este perfil suelen vivir con los sentidos a flor de piel: un peque\u00f1o contratiempo puede alterarles el \u00e1nimo durante horas. <\/p>\n<p>Esta sensibilidad incrementa la intensidad de las respuestas emocionales, favoreciendo s\u00edntomas como palpitaciones, sudoraci\u00f3n, dificultad para respirar y sensaci\u00f3n de peligro inminente.<\/p>\n<p><img loading=\"lazy\" decoding=\"async\" src=\"https:\/\/lobosnews.com.ar\/wp-content\/uploads\/2026\/04\/cuales-son-los-rasgos-que-comparten-las-personas-con-ansiedad-2.jpg\" alt=\"La aceptaci\u00f3n de la ansiedad como una emoci\u00f3n natural es fundamental para aprender a gestionarla de manera saludable y evitar la lucha interna (Imagen Ilustrativa Infobae)\" height=\"768\" width=\"1408\"\/><\/p>\n<p>Por su parte, la <b>American Psychiatric Association (APA)<\/b> y la <b>Anxiety &amp; Depression Association of America (ADAA)<\/b> coinciden en que el neuroticismo es el rasgo de personalidad m\u00e1s asociado a la ansiedad y que la sensibilidad emocional elevada potencia la reactividad ante el estr\u00e9s.<\/p>\n<p>El reconocimiento de estos patrones no implica resignaci\u00f3n, sino la posibilidad de identificar mecanismos de afrontamiento m\u00e1s saludables. Quienes logran observar con conciencia estas tendencias est\u00e1n en mejores condiciones para intervenir y reducir el impacto de la ansiedad en su vida cotidiana.<\/p>\n<h2>Cu\u00e1les son los rasgos de la personalidad que pueden aumentar las probabilidades de tener ansiedad<\/h2>\n<p>Fern\u00e1ndez explica que la <b>autoexigencia extrema<\/b> suele generar un entorno de presi\u00f3n interna constante, dificultando la capacidad de reconocer logros y de manejar la frustraci\u00f3n. Esta actitud puede llevar a sentirse cr\u00f3nicamente insatisfecho y a experimentar una preocupaci\u00f3n excesiva ante la posibilidad de cometer errores o no alcanzar las metas autoimpuestas.<\/p>\n<p>En el caso de quienes tienden a priorizar las necesidades ajenas, Fern\u00e1ndez se\u00f1ala que la dificultad para establecer<b> l\u00edmites claros suele traducirse en una sobrecarga afectiva<\/b>. Este patr\u00f3n, seg\u00fan la especialista, reduce el autocuidado y propicia el agotamiento emocional, lo que incrementa la probabilidad de desarrollar s\u00edntomas ansiosos ante la imposibilidad de satisfacer las propias necesidades.<\/p>\n<p>Asimismo, la psic\u00f3loga identifica que la <b>alta sensibilidad emocional<\/b> incrementa la vulnerabilidad frente a cambios o imprevistos. Las personas con este rasgo viven con una reactividad emocional elevada, lo que intensifica la respuesta de alerta y dificulta volver a la calma tras un est\u00edmulo negativo, incluso si este es menor.<\/p>\n<p><img loading=\"lazy\" decoding=\"async\" src=\"https:\/\/lobosnews.com.ar\/wp-content\/uploads\/2026\/04\/cuales-son-los-rasgos-que-comparten-las-personas-con-ansiedad-3.jpg\" alt=\"Las t\u00e9cnicas de respiraci\u00f3n consciente, la meditaci\u00f3n y el autocuidado son recursos recomendados para calmar epis\u00f3dios de ansiedad y favorecer el bienestar (Imagen Ilustrativa Infobae)\" height=\"768\" width=\"1408\"\/><\/p>\n<p>Fern\u00e1ndez recomienda estrategias concretas para mitigar el impacto de estos rasgos en la aparici\u00f3n de la ansiedad. Para quienes viven bajo est\u00e1ndares personales muy altos, sugiere flexibilizar expectativas y aceptar los errores como parte natural del proceso. <\/p>\n<p>En quienes presentan dificultades para poner l\u00edmites, destaca la importancia de entrenar la asertividad y valorar las propias necesidades como leg\u00edtimas. Para la sensibilidad emocional, la especialista propone desarrollar recursos de autocompasi\u00f3n, practicar t\u00e9cnicas de relajaci\u00f3n y meditaci\u00f3n, y moderar la autocr\u00edtica ante situaciones inesperadas.<\/p>\n<h2>C\u00f3mo calmar un episodio de ansiedad<\/h2>\n<p>Abordar un episodio de ansiedad requiere estrategias concretas y adaptadas a cada persona, pero existen recomendaciones generales respaldadas por la experiencia cl\u00ednica. La <b>aceptaci\u00f3n de la ansiedad<\/b> como una emoci\u00f3n natural y no como un defecto es el primer paso sugerido por los especialistas. Luchar contra la ansiedad o intentar evitarla suele resultar contraproducente, ya que priva a la persona de la oportunidad de aprender a manejarla de manera saludable.<\/p>\n<p>Entre las herramientas m\u00e1s eficaces se encuentran las t\u00e9cnicas de <b>respiraci\u00f3n pausada<\/b>, la meditaci\u00f3n y el autocuidado consciente. El desarrollo de rutinas que aporten calma, como el descanso adecuado, el contacto con la naturaleza y el disfrute de actividades placenteras, contribuye a reducir la intensidad de los s\u00edntomas. La participaci\u00f3n en actividades sociales, la b\u00fasqueda de apoyo en personas cercanas y la pr\u00e1ctica de hobbies ayudan a restaurar la sensaci\u00f3n de seguridad y bienestar.<\/p>\n<p><img loading=\"lazy\" decoding=\"async\" src=\"https:\/\/lobosnews.com.ar\/wp-content\/uploads\/2026\/04\/cuales-son-los-rasgos-que-comparten-las-personas-con-ansiedad-4.jpg\" alt=\"La terapia cognitivo-conductual se posiciona como uno de los enfoques m\u00e1s eficaces para la gesti\u00f3n y prevenci\u00f3n de s\u00edntomas ansiosos en distintas etapas (Imagen Ilustrativa Infobae)\" height=\"614\" width=\"1092\"\/><\/p>\n<p>La <b>terapia cognitivo-conductual<\/b> ha demostrado eficacia para gestionar la ansiedad en distintas etapas de la vida. Este enfoque permite identificar pensamientos irracionales, desarrollar recursos de afrontamiento y aprender a distinguir entre miedos razonables e irracionales. Los especialistas tambi\u00e9n recomiendan el entrenamiento en asertividad, la flexibilidad mental y la autocompasi\u00f3n como recursos clave para prevenir y aliviar los s\u00edntomas.<\/p>\n<p>En casos persistentes o cuando la ansiedad interfiere de forma significativa en la vida cotidiana, resulta fundamental consultar a un profesional de la salud mental. El trabajo interdisciplinario entre psic\u00f3logos, m\u00e9dicos y otros especialistas facilita una atenci\u00f3n integral y personalizada, adaptada a las necesidades espec\u00edficas de cada persona.<\/p>\n<p>El enfoque m\u00e1s efectivo para calmar un episodio de ansiedad combina la identificaci\u00f3n de los propios patrones emocionales, la aplicaci\u00f3n de estrategias de autocuidado y la b\u00fasqueda de apoyo profesional cuando sea necesario.<\/p>\n","protected":false},"excerpt":{"rendered":"<p>La ansiedad es una de las condiciones de salud mental m\u00e1s comunes y debatidas en la actualidad. Su presencia afecta tanto el bienestar emocional como el funcionamiento cotidiano, y es motivo de consulta frecuente en sistemas de salud de todo el mundo. Seg\u00fan datos de los Centros para el Control y la Prevenci\u00f3n de Enfermedades&#8230;<\/p>\n","protected":false},"author":1,"featured_media":46669,"comment_status":"open","ping_status":"closed","sticky":false,"template":"","format":"standard","meta":{"_jetpack_memberships_contains_paid_content":false,"footnotes":""},"categories":[81],"tags":[],"class_list":["post-46662","post","type-post","status-publish","format-standard","has-post-thumbnail","hentry","category-salud"],"magazineBlocksPostFeaturedMedia":{"thumbnail":"https:\/\/lobosnews.com.ar\/wp-content\/uploads\/2026\/04\/cuales-son-los-rasgos-que-comparten-las-personas-con-ansiedad-8-150x150.jpg","medium":"https:\/\/lobosnews.com.ar\/wp-content\/uploads\/2026\/04\/cuales-son-los-rasgos-que-comparten-las-personas-con-ansiedad-8-300x169.jpg","medium_large":"https:\/\/lobosnews.com.ar\/wp-content\/uploads\/2026\/04\/cuales-son-los-rasgos-que-comparten-las-personas-con-ansiedad-8-768x432.jpg","large":"https:\/\/lobosnews.com.ar\/wp-content\/uploads\/2026\/04\/cuales-son-los-rasgos-que-comparten-las-personas-con-ansiedad-8-1024x576.jpg","1536x1536":"https:\/\/lobosnews.com.ar\/wp-content\/uploads\/2026\/04\/cuales-son-los-rasgos-que-comparten-las-personas-con-ansiedad-8.jpg","2048x2048":"https:\/\/lobosnews.com.ar\/wp-content\/uploads\/2026\/04\/cuales-son-los-rasgos-que-comparten-las-personas-con-ansiedad-8.jpg","newsmatic-featured":"https:\/\/lobosnews.com.ar\/wp-content\/uploads\/2026\/04\/cuales-son-los-rasgos-que-comparten-las-personas-con-ansiedad-8-820x545.jpg","newsmatic-list":"https:\/\/lobosnews.com.ar\/wp-content\/uploads\/2026\/04\/cuales-son-los-rasgos-que-comparten-las-personas-con-ansiedad-8-600x400.jpg","newsmatic-thumb":"https:\/\/lobosnews.com.ar\/wp-content\/uploads\/2026\/04\/cuales-son-los-rasgos-que-comparten-las-personas-con-ansiedad-8-300x200.jpg","newsmatic-small":"https:\/\/lobosnews.com.ar\/wp-content\/uploads\/2026\/04\/cuales-son-los-rasgos-que-comparten-las-personas-con-ansiedad-8-150x95.jpg","newsmatic-grid":"https:\/\/lobosnews.com.ar\/wp-content\/uploads\/2026\/04\/cuales-son-los-rasgos-que-comparten-las-personas-con-ansiedad-8-400x250.jpg"},"magazineBlocksPostAuthor":{"name":"admin","avatar":"https:\/\/secure.gravatar.com\/avatar\/76e419471a2083bc3ceab22a763dbbf9b0c1bd15a6214cf3280e2c2dde4580f9?s=96&d=mm&r=g"},"magazineBlocksPostCommentsNumber":"0","magazineBlocksPostExcerpt":"La ansiedad es una de las condiciones de salud mental m\u00e1s comunes y debatidas en la actualidad. Su presencia afecta tanto el bienestar emocional como el funcionamiento cotidiano, y es motivo de consulta frecuente en sistemas de salud de todo el mundo. Seg\u00fan datos de los Centros para el Control y la Prevenci\u00f3n de Enfermedades...","magazineBlocksPostCategories":["Salud"],"magazineBlocksPostViewCount":2,"magazineBlocksPostReadTime":7,"magazine_blocks_featured_image_url":{"full":["https:\/\/lobosnews.com.ar\/wp-content\/uploads\/2026\/04\/cuales-son-los-rasgos-que-comparten-las-personas-con-ansiedad-8.jpg",1092,614,false],"medium":["https:\/\/lobosnews.com.ar\/wp-content\/uploads\/2026\/04\/cuales-son-los-rasgos-que-comparten-las-personas-con-ansiedad-8-300x169.jpg",300,169,true],"thumbnail":["https:\/\/lobosnews.com.ar\/wp-content\/uploads\/2026\/04\/cuales-son-los-rasgos-que-comparten-las-personas-con-ansiedad-8-150x150.jpg",150,150,true]},"magazine_blocks_author":{"display_name":"admin","author_link":"https:\/\/lobosnews.com.ar\/index.php\/author\/lobos-news\/"},"magazine_blocks_comment":0,"magazine_blocks_author_image":"https:\/\/secure.gravatar.com\/avatar\/76e419471a2083bc3ceab22a763dbbf9b0c1bd15a6214cf3280e2c2dde4580f9?s=96&d=mm&r=g","magazine_blocks_category":"<a href=\"#\" class=\"category-link category-link-81\">Salud<\/a>","yoast_head":"<!-- This site is optimized with the Yoast SEO plugin v26.6 - https:\/\/yoast.com\/wordpress\/plugins\/seo\/ -->\n<title>Cu\u00e1les son los rasgos que comparten las personas con ansiedad - Lobos News<\/title>\n<meta name=\"robots\" content=\"index, follow, max-snippet:-1, max-image-preview:large, max-video-preview:-1\" \/>\n<link rel=\"canonical\" href=\"https:\/\/lobosnews.com.ar\/index.php\/2026\/04\/28\/cuales-son-los-rasgos-que-comparten-las-personas-con-ansiedad\/\" \/>\n<meta property=\"og:locale\" content=\"es_ES\" \/>\n<meta property=\"og:type\" content=\"article\" \/>\n<meta property=\"og:title\" content=\"Cu\u00e1les son los rasgos que comparten las personas con ansiedad - Lobos News\" \/>\n<meta property=\"og:description\" content=\"La ansiedad es una de las condiciones de salud mental m\u00e1s comunes y debatidas en la actualidad. Su presencia afecta tanto el bienestar emocional como el funcionamiento cotidiano, y es motivo de consulta frecuente en sistemas de salud de todo el mundo. Seg\u00fan datos de los Centros para el Control y la Prevenci\u00f3n de Enfermedades...\" \/>\n<meta property=\"og:url\" content=\"https:\/\/lobosnews.com.ar\/index.php\/2026\/04\/28\/cuales-son-los-rasgos-que-comparten-las-personas-con-ansiedad\/\" \/>\n<meta property=\"og:site_name\" content=\"Lobos News\" \/>\n<meta property=\"article:published_time\" content=\"2026-04-28T09:37:57+00:00\" \/>\n<meta property=\"article:modified_time\" content=\"2026-04-28T15:05:20+00:00\" \/>\n<meta property=\"og:image\" content=\"https:\/\/lobosnews.com.ar\/wp-content\/uploads\/2026\/04\/cuales-son-los-rasgos-que-comparten-las-personas-con-ansiedad.jpg\" \/>\n<meta name=\"author\" content=\"admin\" \/>\n<meta name=\"twitter:card\" content=\"summary_large_image\" \/>\n<meta name=\"twitter:label1\" content=\"Escrito por\" \/>\n\t<meta name=\"twitter:data1\" content=\"admin\" \/>\n\t<meta name=\"twitter:label2\" content=\"Tiempo de lectura\" \/>\n\t<meta name=\"twitter:data2\" content=\"6 minutos\" \/>\n<script type=\"application\/ld+json\" class=\"yoast-schema-graph\">{\"@context\":\"https:\/\/schema.org\",\"@graph\":[{\"@type\":\"Article\",\"@id\":\"https:\/\/lobosnews.com.ar\/index.php\/2026\/04\/28\/cuales-son-los-rasgos-que-comparten-las-personas-con-ansiedad\/#article\",\"isPartOf\":{\"@id\":\"https:\/\/lobosnews.com.ar\/index.php\/2026\/04\/28\/cuales-son-los-rasgos-que-comparten-las-personas-con-ansiedad\/\"},\"author\":{\"name\":\"admin\",\"@id\":\"https:\/\/lobosnews.com.ar\/#\/schema\/person\/232422a593d5c541dd9aef6aaed10943\"},\"headline\":\"Cu\u00e1les son los rasgos que comparten las personas con ansiedad\",\"datePublished\":\"2026-04-28T09:37:57+00:00\",\"dateModified\":\"2026-04-28T15:05:20+00:00\",\"mainEntityOfPage\":{\"@id\":\"https:\/\/lobosnews.com.ar\/index.php\/2026\/04\/28\/cuales-son-los-rasgos-que-comparten-las-personas-con-ansiedad\/\"},\"wordCount\":1224,\"commentCount\":0,\"publisher\":{\"@id\":\"https:\/\/lobosnews.com.ar\/#organization\"},\"image\":{\"@id\":\"https:\/\/lobosnews.com.ar\/index.php\/2026\/04\/28\/cuales-son-los-rasgos-que-comparten-las-personas-con-ansiedad\/#primaryimage\"},\"thumbnailUrl\":\"https:\/\/lobosnews.com.ar\/wp-content\/uploads\/2026\/04\/cuales-son-los-rasgos-que-comparten-las-personas-con-ansiedad-8.jpg\",\"articleSection\":[\"Salud\"],\"inLanguage\":\"es\",\"potentialAction\":[{\"@type\":\"CommentAction\",\"name\":\"Comment\",\"target\":[\"https:\/\/lobosnews.com.ar\/index.php\/2026\/04\/28\/cuales-son-los-rasgos-que-comparten-las-personas-con-ansiedad\/#respond\"]}]},{\"@type\":\"WebPage\",\"@id\":\"https:\/\/lobosnews.com.ar\/index.php\/2026\/04\/28\/cuales-son-los-rasgos-que-comparten-las-personas-con-ansiedad\/\",\"url\":\"https:\/\/lobosnews.com.ar\/index.php\/2026\/04\/28\/cuales-son-los-rasgos-que-comparten-las-personas-con-ansiedad\/\",\"name\":\"Cu\u00e1les son los rasgos que comparten las personas con ansiedad - Lobos News\",\"isPartOf\":{\"@id\":\"https:\/\/lobosnews.com.ar\/#website\"},\"primaryImageOfPage\":{\"@id\":\"https:\/\/lobosnews.com.ar\/index.php\/2026\/04\/28\/cuales-son-los-rasgos-que-comparten-las-personas-con-ansiedad\/#primaryimage\"},\"image\":{\"@id\":\"https:\/\/lobosnews.com.ar\/index.php\/2026\/04\/28\/cuales-son-los-rasgos-que-comparten-las-personas-con-ansiedad\/#primaryimage\"},\"thumbnailUrl\":\"https:\/\/lobosnews.com.ar\/wp-content\/uploads\/2026\/04\/cuales-son-los-rasgos-que-comparten-las-personas-con-ansiedad-8.jpg\",\"datePublished\":\"2026-04-28T09:37:57+00:00\",\"dateModified\":\"2026-04-28T15:05:20+00:00\",\"breadcrumb\":{\"@id\":\"https:\/\/lobosnews.com.ar\/index.php\/2026\/04\/28\/cuales-son-los-rasgos-que-comparten-las-personas-con-ansiedad\/#breadcrumb\"},\"inLanguage\":\"es\",\"potentialAction\":[{\"@type\":\"ReadAction\",\"target\":[\"https:\/\/lobosnews.com.ar\/index.php\/2026\/04\/28\/cuales-son-los-rasgos-que-comparten-las-personas-con-ansiedad\/\"]}]},{\"@type\":\"ImageObject\",\"inLanguage\":\"es\",\"@id\":\"https:\/\/lobosnews.com.ar\/index.php\/2026\/04\/28\/cuales-son-los-rasgos-que-comparten-las-personas-con-ansiedad\/#primaryimage\",\"url\":\"https:\/\/lobosnews.com.ar\/wp-content\/uploads\/2026\/04\/cuales-son-los-rasgos-que-comparten-las-personas-con-ansiedad-8.jpg\",\"contentUrl\":\"https:\/\/lobosnews.com.ar\/wp-content\/uploads\/2026\/04\/cuales-son-los-rasgos-que-comparten-las-personas-con-ansiedad-8.jpg\",\"width\":1092,\"height\":614,\"caption\":\"Cu\u00e1les son los rasgos que comparten las personas con ansiedad\"},{\"@type\":\"BreadcrumbList\",\"@id\":\"https:\/\/lobosnews.com.ar\/index.php\/2026\/04\/28\/cuales-son-los-rasgos-que-comparten-las-personas-con-ansiedad\/#breadcrumb\",\"itemListElement\":[{\"@type\":\"ListItem\",\"position\":1,\"name\":\"Portada\",\"item\":\"https:\/\/lobosnews.com.ar\/\"},{\"@type\":\"ListItem\",\"position\":2,\"name\":\"Cu\u00e1les son los rasgos que comparten las personas con ansiedad\"}]},{\"@type\":\"WebSite\",\"@id\":\"https:\/\/lobosnews.com.ar\/#website\",\"url\":\"https:\/\/lobosnews.com.ar\/\",\"name\":\"Lobos News\",\"description\":\"Informaci\u00f3n a cada instante\",\"publisher\":{\"@id\":\"https:\/\/lobosnews.com.ar\/#organization\"},\"potentialAction\":[{\"@type\":\"SearchAction\",\"target\":{\"@type\":\"EntryPoint\",\"urlTemplate\":\"https:\/\/lobosnews.com.ar\/?s={search_term_string}\"},\"query-input\":{\"@type\":\"PropertyValueSpecification\",\"valueRequired\":true,\"valueName\":\"search_term_string\"}}],\"inLanguage\":\"es\"},{\"@type\":\"Organization\",\"@id\":\"https:\/\/lobosnews.com.ar\/#organization\",\"name\":\"Lobos News\",\"url\":\"https:\/\/lobosnews.com.ar\/\",\"logo\":{\"@type\":\"ImageObject\",\"inLanguage\":\"es\",\"@id\":\"https:\/\/lobosnews.com.ar\/#\/schema\/logo\/image\/\",\"url\":\"https:\/\/lobosnews.com.ar\/wp-content\/uploads\/2026\/01\/logo-lobosnews.png\",\"contentUrl\":\"https:\/\/lobosnews.com.ar\/wp-content\/uploads\/2026\/01\/logo-lobosnews.png\",\"width\":500,\"height\":200,\"caption\":\"Lobos News\"},\"image\":{\"@id\":\"https:\/\/lobosnews.com.ar\/#\/schema\/logo\/image\/\"}},{\"@type\":\"Person\",\"@id\":\"https:\/\/lobosnews.com.ar\/#\/schema\/person\/232422a593d5c541dd9aef6aaed10943\",\"name\":\"admin\",\"image\":{\"@type\":\"ImageObject\",\"inLanguage\":\"es\",\"@id\":\"https:\/\/lobosnews.com.ar\/#\/schema\/person\/image\/\",\"url\":\"https:\/\/secure.gravatar.com\/avatar\/76e419471a2083bc3ceab22a763dbbf9b0c1bd15a6214cf3280e2c2dde4580f9?s=96&d=mm&r=g\",\"contentUrl\":\"https:\/\/secure.gravatar.com\/avatar\/76e419471a2083bc3ceab22a763dbbf9b0c1bd15a6214cf3280e2c2dde4580f9?s=96&d=mm&r=g\",\"caption\":\"admin\"},\"sameAs\":[\"https:\/\/lobosnews.com.ar\"],\"url\":\"https:\/\/lobosnews.com.ar\/index.php\/author\/lobos-news\/\"}]}<\/script>\n<!-- \/ Yoast SEO plugin. -->","yoast_head_json":{"title":"Cu\u00e1les son los rasgos que comparten las personas con ansiedad - Lobos News","robots":{"index":"index","follow":"follow","max-snippet":"max-snippet:-1","max-image-preview":"max-image-preview:large","max-video-preview":"max-video-preview:-1"},"canonical":"https:\/\/lobosnews.com.ar\/index.php\/2026\/04\/28\/cuales-son-los-rasgos-que-comparten-las-personas-con-ansiedad\/","og_locale":"es_ES","og_type":"article","og_title":"Cu\u00e1les son los rasgos que comparten las personas con ansiedad - Lobos News","og_description":"La ansiedad es una de las condiciones de salud mental m\u00e1s comunes y debatidas en la actualidad. Su presencia afecta tanto el bienestar emocional como el funcionamiento cotidiano, y es motivo de consulta frecuente en sistemas de salud de todo el mundo. Seg\u00fan datos de los Centros para el Control y la Prevenci\u00f3n de Enfermedades...","og_url":"https:\/\/lobosnews.com.ar\/index.php\/2026\/04\/28\/cuales-son-los-rasgos-que-comparten-las-personas-con-ansiedad\/","og_site_name":"Lobos News","article_published_time":"2026-04-28T09:37:57+00:00","article_modified_time":"2026-04-28T15:05:20+00:00","og_image":[{"url":"https:\/\/lobosnews.com.ar\/wp-content\/uploads\/2026\/04\/cuales-son-los-rasgos-que-comparten-las-personas-con-ansiedad.jpg","type":"","width":"","height":""}],"author":"admin","twitter_card":"summary_large_image","twitter_misc":{"Escrito por":"admin","Tiempo de lectura":"6 minutos"},"schema":{"@context":"https:\/\/schema.org","@graph":[{"@type":"Article","@id":"https:\/\/lobosnews.com.ar\/index.php\/2026\/04\/28\/cuales-son-los-rasgos-que-comparten-las-personas-con-ansiedad\/#article","isPartOf":{"@id":"https:\/\/lobosnews.com.ar\/index.php\/2026\/04\/28\/cuales-son-los-rasgos-que-comparten-las-personas-con-ansiedad\/"},"author":{"name":"admin","@id":"https:\/\/lobosnews.com.ar\/#\/schema\/person\/232422a593d5c541dd9aef6aaed10943"},"headline":"Cu\u00e1les son los rasgos que comparten las personas con ansiedad","datePublished":"2026-04-28T09:37:57+00:00","dateModified":"2026-04-28T15:05:20+00:00","mainEntityOfPage":{"@id":"https:\/\/lobosnews.com.ar\/index.php\/2026\/04\/28\/cuales-son-los-rasgos-que-comparten-las-personas-con-ansiedad\/"},"wordCount":1224,"commentCount":0,"publisher":{"@id":"https:\/\/lobosnews.com.ar\/#organization"},"image":{"@id":"https:\/\/lobosnews.com.ar\/index.php\/2026\/04\/28\/cuales-son-los-rasgos-que-comparten-las-personas-con-ansiedad\/#primaryimage"},"thumbnailUrl":"https:\/\/lobosnews.com.ar\/wp-content\/uploads\/2026\/04\/cuales-son-los-rasgos-que-comparten-las-personas-con-ansiedad-8.jpg","articleSection":["Salud"],"inLanguage":"es","potentialAction":[{"@type":"CommentAction","name":"Comment","target":["https:\/\/lobosnews.com.ar\/index.php\/2026\/04\/28\/cuales-son-los-rasgos-que-comparten-las-personas-con-ansiedad\/#respond"]}]},{"@type":"WebPage","@id":"https:\/\/lobosnews.com.ar\/index.php\/2026\/04\/28\/cuales-son-los-rasgos-que-comparten-las-personas-con-ansiedad\/","url":"https:\/\/lobosnews.com.ar\/index.php\/2026\/04\/28\/cuales-son-los-rasgos-que-comparten-las-personas-con-ansiedad\/","name":"Cu\u00e1les son los rasgos que comparten las personas con ansiedad - Lobos News","isPartOf":{"@id":"https:\/\/lobosnews.com.ar\/#website"},"primaryImageOfPage":{"@id":"https:\/\/lobosnews.com.ar\/index.php\/2026\/04\/28\/cuales-son-los-rasgos-que-comparten-las-personas-con-ansiedad\/#primaryimage"},"image":{"@id":"https:\/\/lobosnews.com.ar\/index.php\/2026\/04\/28\/cuales-son-los-rasgos-que-comparten-las-personas-con-ansiedad\/#primaryimage"},"thumbnailUrl":"https:\/\/lobosnews.com.ar\/wp-content\/uploads\/2026\/04\/cuales-son-los-rasgos-que-comparten-las-personas-con-ansiedad-8.jpg","datePublished":"2026-04-28T09:37:57+00:00","dateModified":"2026-04-28T15:05:20+00:00","breadcrumb":{"@id":"https:\/\/lobosnews.com.ar\/index.php\/2026\/04\/28\/cuales-son-los-rasgos-que-comparten-las-personas-con-ansiedad\/#breadcrumb"},"inLanguage":"es","potentialAction":[{"@type":"ReadAction","target":["https:\/\/lobosnews.com.ar\/index.php\/2026\/04\/28\/cuales-son-los-rasgos-que-comparten-las-personas-con-ansiedad\/"]}]},{"@type":"ImageObject","inLanguage":"es","@id":"https:\/\/lobosnews.com.ar\/index.php\/2026\/04\/28\/cuales-son-los-rasgos-que-comparten-las-personas-con-ansiedad\/#primaryimage","url":"https:\/\/lobosnews.com.ar\/wp-content\/uploads\/2026\/04\/cuales-son-los-rasgos-que-comparten-las-personas-con-ansiedad-8.jpg","contentUrl":"https:\/\/lobosnews.com.ar\/wp-content\/uploads\/2026\/04\/cuales-son-los-rasgos-que-comparten-las-personas-con-ansiedad-8.jpg","width":1092,"height":614,"caption":"Cu\u00e1les son los rasgos que comparten las personas con ansiedad"},{"@type":"BreadcrumbList","@id":"https:\/\/lobosnews.com.ar\/index.php\/2026\/04\/28\/cuales-son-los-rasgos-que-comparten-las-personas-con-ansiedad\/#breadcrumb","itemListElement":[{"@type":"ListItem","position":1,"name":"Portada","item":"https:\/\/lobosnews.com.ar\/"},{"@type":"ListItem","position":2,"name":"Cu\u00e1les son los rasgos que comparten las personas con ansiedad"}]},{"@type":"WebSite","@id":"https:\/\/lobosnews.com.ar\/#website","url":"https:\/\/lobosnews.com.ar\/","name":"Lobos News","description":"Informaci\u00f3n a cada instante","publisher":{"@id":"https:\/\/lobosnews.com.ar\/#organization"},"potentialAction":[{"@type":"SearchAction","target":{"@type":"EntryPoint","urlTemplate":"https:\/\/lobosnews.com.ar\/?s={search_term_string}"},"query-input":{"@type":"PropertyValueSpecification","valueRequired":true,"valueName":"search_term_string"}}],"inLanguage":"es"},{"@type":"Organization","@id":"https:\/\/lobosnews.com.ar\/#organization","name":"Lobos News","url":"https:\/\/lobosnews.com.ar\/","logo":{"@type":"ImageObject","inLanguage":"es","@id":"https:\/\/lobosnews.com.ar\/#\/schema\/logo\/image\/","url":"https:\/\/lobosnews.com.ar\/wp-content\/uploads\/2026\/01\/logo-lobosnews.png","contentUrl":"https:\/\/lobosnews.com.ar\/wp-content\/uploads\/2026\/01\/logo-lobosnews.png","width":500,"height":200,"caption":"Lobos News"},"image":{"@id":"https:\/\/lobosnews.com.ar\/#\/schema\/logo\/image\/"}},{"@type":"Person","@id":"https:\/\/lobosnews.com.ar\/#\/schema\/person\/232422a593d5c541dd9aef6aaed10943","name":"admin","image":{"@type":"ImageObject","inLanguage":"es","@id":"https:\/\/lobosnews.com.ar\/#\/schema\/person\/image\/","url":"https:\/\/secure.gravatar.com\/avatar\/76e419471a2083bc3ceab22a763dbbf9b0c1bd15a6214cf3280e2c2dde4580f9?s=96&d=mm&r=g","contentUrl":"https:\/\/secure.gravatar.com\/avatar\/76e419471a2083bc3ceab22a763dbbf9b0c1bd15a6214cf3280e2c2dde4580f9?s=96&d=mm&r=g","caption":"admin"},"sameAs":["https:\/\/lobosnews.com.ar"],"url":"https:\/\/lobosnews.com.ar\/index.php\/author\/lobos-news\/"}]}},"jetpack_featured_media_url":"https:\/\/lobosnews.com.ar\/wp-content\/uploads\/2026\/04\/cuales-son-los-rasgos-que-comparten-las-personas-con-ansiedad-8.jpg","jetpack_sharing_enabled":true,"_links":{"self":[{"href":"https:\/\/lobosnews.com.ar\/index.php\/wp-json\/wp\/v2\/posts\/46662","targetHints":{"allow":["GET"]}}],"collection":[{"href":"https:\/\/lobosnews.com.ar\/index.php\/wp-json\/wp\/v2\/posts"}],"about":[{"href":"https:\/\/lobosnews.com.ar\/index.php\/wp-json\/wp\/v2\/types\/post"}],"author":[{"embeddable":true,"href":"https:\/\/lobosnews.com.ar\/index.php\/wp-json\/wp\/v2\/users\/1"}],"replies":[{"embeddable":true,"href":"https:\/\/lobosnews.com.ar\/index.php\/wp-json\/wp\/v2\/comments?post=46662"}],"version-history":[{"count":1,"href":"https:\/\/lobosnews.com.ar\/index.php\/wp-json\/wp\/v2\/posts\/46662\/revisions"}],"predecessor-version":[{"id":46668,"href":"https:\/\/lobosnews.com.ar\/index.php\/wp-json\/wp\/v2\/posts\/46662\/revisions\/46668"}],"wp:featuredmedia":[{"embeddable":true,"href":"https:\/\/lobosnews.com.ar\/index.php\/wp-json\/wp\/v2\/media\/46669"}],"wp:attachment":[{"href":"https:\/\/lobosnews.com.ar\/index.php\/wp-json\/wp\/v2\/media?parent=46662"}],"wp:term":[{"taxonomy":"category","embeddable":true,"href":"https:\/\/lobosnews.com.ar\/index.php\/wp-json\/wp\/v2\/categories?post=46662"},{"taxonomy":"post_tag","embeddable":true,"href":"https:\/\/lobosnews.com.ar\/index.php\/wp-json\/wp\/v2\/tags?post=46662"}],"curies":[{"name":"wp","href":"https:\/\/api.w.org\/{rel}","templated":true}]}}