{"id":46618,"date":"2026-04-28T14:00:06","date_gmt":"2026-04-28T14:00:06","guid":{"rendered":"https:\/\/lobosnews.com.ar\/index.php\/2026\/04\/28\/la-reaccion-de-allegra-cubero-al-mensaje-de-mica-viciconte-por-su-espectacular-fiesta-de-15\/"},"modified":"2026-04-28T14:56:08","modified_gmt":"2026-04-28T14:56:08","slug":"la-reaccion-de-allegra-cubero-al-mensaje-de-mica-viciconte-por-su-espectacular-fiesta-de-15","status":"publish","type":"post","link":"https:\/\/lobosnews.com.ar\/index.php\/2026\/04\/28\/la-reaccion-de-allegra-cubero-al-mensaje-de-mica-viciconte-por-su-espectacular-fiesta-de-15\/","title":{"rendered":"La reacci\u00f3n de Allegra Cubero al mensaje de Mica Viciconte por su espectacular fiesta de 15"},"content":{"rendered":"<p>El <b>respaldo p\u00fablico de<\/b><span class=\"waslinkname\"><b> Allegra Cubero<\/b><\/span> a <b>Mica Viciconte<\/b> marc\u00f3 el cierre de una semana agitada para la familia. La adolescente eligi\u00f3 expresarse a trav\u00e9s de las redes sociales tras su fiesta de 15 a\u00f1os y, con pocas palabras, dej\u00f3 clara su postura en medio de las tensiones que precedieron al evento.<\/p>\n<p>\u201cUna fiesta inolvidable, de esas que te hacen valorar las cosas lindas, los momentos compartidos y la gente que quer\u00e9s\u201d, escribi\u00f3 Mica Viciconte al compartir sus sensaciones tras la celebraci\u00f3n. Allegra fue directa al responder <b>\u201cLos amo\u201d<\/b> en el mismo posteo. <span class=\"waslinkname\"><b>Poco despu\u00e9s, sintetiz\u00f3 su alegr\u00eda con un contundente \u201cFiest\u00f3n\u201d.<\/b><\/span> As\u00ed, la joven se mantuvo al margen de las pol\u00e9micas que orbitaron alrededor de su cumplea\u00f1os, optando por enfocarse en el afecto recibido durante la noche.<\/p>\n<p><img fetchpriority=\"high\" decoding=\"async\" src=\"https:\/\/lobosnews.com.ar\/wp-content\/uploads\/2026\/04\/la-reaccion-de-allegra-cubero-al-mensaje-de-mica-viciconte-por-su-espectacular-fiesta-de-15.jpg\" alt=\"Posteo de Mica Viciconte y las repuestas de Allegra Cubero\" height=\"1116\" width=\"1920\"\/><\/p>\n<p>La celebraci\u00f3n, realizada el viernes 24 de abril, hab\u00eda sido motivo de especulaci\u00f3n y comentarios en los d\u00edas previos. Las diferencias entre <b>Nicole Neumann<\/b> y <b>Fabi\u00e1n Cubero<\/b> \u2014padres de Allegra\u2014, sumadas al protagonismo de Mica Viciconte como pareja del exfutbolista, generaron un clima de expectativa sobre la organizaci\u00f3n y el desarrollo de la fiesta.<\/p>\n<h2>El lugar de Mica Viciconte y la lista de invitados<\/h2>\n<p>Uno de los puntos que gener\u00f3 mayor ruido fue la confecci\u00f3n de la lista de asistentes. Distintas versiones circularon respecto a qui\u00e9n hab\u00eda decidido finalmente qui\u00e9nes participar\u00edan de la fiesta. Ante ese escenario, Mica Viciconte eligi\u00f3 un tono transparente para despejar dudas.<\/p>\n<p>La panelista se refiri\u00f3 a la pol\u00e9mica en sus redes sociales y, en declaraciones posteriores, afirm\u00f3: <span class=\"waslinkname\"><b>\u201cYo no invit\u00e9 a nadie, no hice la lista\u201d<\/b><\/span>. Enfatiz\u00f3 que su rol se limit\u00f3 a aspectos log\u00edsticos de la organizaci\u00f3n, pero no intervino en la definici\u00f3n de los asistentes ni en los accesos al evento.<\/p>\n<p><img loading=\"lazy\" decoding=\"async\" src=\"https:\/\/lobosnews.com.ar\/wp-content\/uploads\/2026\/04\/la-reaccion-de-allegra-cubero-al-mensaje-de-mica-viciconte-por-su-espectacular-fiesta-de-15-1.jpg\" alt=\"Fabi\u00e1n Cubero posa sonriente junto a su hija Allegra y su hijo Luca, quienes lucen elegantes atuendos para la fiesta de 15\" height=\"1440\" width=\"1080\"\/><\/p>\n<p>Viciconte busc\u00f3 dejar claro que la protagonista fue la cumplea\u00f1era: <b>\u201cEs el cumplea\u00f1os de Allegra y ella termin\u00f3 invitando a varios amigos nuestros porque nosotros somos de invitar a amigos en casa y ella gener\u00f3 un lindo v\u00ednculo\u201d<\/b>, sostuvo Cubero al programa <i>Puro Show<\/i>, reforzando la autonom\u00eda de la joven en la toma de decisiones.<\/p>\n<p>El festejo reuni\u00f3 a familiares y amigos tanto del lado paterno como materno, en un clima que la propia Mica describi\u00f3 como de <b>\u201cdisfrute total\u201d<\/b>. La presencia de amigos de la familia y de allegados a Viciconte fue le\u00edda en redes como un signo de la buena relaci\u00f3n que Allegra mantiene con su entorno extendido.<\/p>\n<p><img loading=\"lazy\" decoding=\"async\" src=\"https:\/\/lobosnews.com.ar\/wp-content\/uploads\/2026\/04\/la-reaccion-de-allegra-cubero-al-mensaje-de-mica-viciconte-por-su-espectacular-fiesta-de-15-2.jpg\" alt=\"En pleno baile Mica y Fabi\u00e1n en el festejo de Allegra Cubero \" height=\"719\" width=\"1080\"\/><\/p>\n<p>Frente a los comentarios sobre posibles tensiones, la panelista eligi\u00f3 remarcar el esp\u00edritu que prim\u00f3 durante la noche: <b>\u201cSomos una familia, nada va a opacar esta fiesta y lo que disfrutamos\u201d<\/b>, sentenci\u00f3 en uno de sus mensajes.<\/p>\n<p>La adolescente, por su parte, evit\u00f3 involucrarse en la controversia y focaliz\u00f3 su energ\u00eda en el festejo y las muestras de cari\u00f1o recibidas. <b>El hecho de que tanto Indiana como Sienna, sus hermanas, tambi\u00e9n se mantuvieran al margen de la disputa p\u00fablica reforz\u00f3 la imagen de unidad familiar en torno a Allegra.<\/b><\/p>\n<p><img loading=\"lazy\" decoding=\"async\" src=\"https:\/\/lobosnews.com.ar\/wp-content\/uploads\/2026\/04\/la-reaccion-de-allegra-cubero-al-mensaje-de-mica-viciconte-por-su-espectacular-fiesta-de-15-3.jpg\" alt=\"Allegra Cubero deslumbr\u00f3 con su look para su fiesta de 15\" height=\"1080\" width=\"1920\"\/><\/p>\n<p>La fiesta de 15 a\u00f1os represent\u00f3 para Allegra m\u00e1s que un evento social. En palabras de Viciconte, la noche fue <b>\u201cinolvidable, de esas que te hacen valorar las cosas lindas, los momentos compartidos y la gente que quer\u00e9s\u201d<\/b>. La ex participante de <i>Combate<\/i> agradeci\u00f3 especialmente a quienes colaboraron con el evento y comparti\u00f3 su emoci\u00f3n por el resultado.<\/p>\n<p><b>La propia Allegra fue quien eligi\u00f3 a sus invitados, seg\u00fan confirmaron tanto su padre<\/b> como la actual pareja de este. Esta autonom\u00eda fue celebrada por ambos, quienes resaltaron la madurez de la joven en medio de un contexto de exposici\u00f3n medi\u00e1tica.<\/p>\n<p>La noche concluy\u00f3 con una serie de publicaciones en redes sociales, en las que Allegra agradeci\u00f3 a las marcas que colaboraron y a quienes la acompa\u00f1aron en su noche especial. <b>Los mensajes de apoyo y cari\u00f1o se multiplicaron, destacando la capacidad de la joven para disfrutar m\u00e1s all\u00e1 de las controversias.<\/b><\/p>\n","protected":false},"excerpt":{"rendered":"<p>El respaldo p\u00fablico de Allegra Cubero a Mica Viciconte marc\u00f3 el cierre de una semana agitada para la familia. La adolescente eligi\u00f3 expresarse a trav\u00e9s de las redes sociales tras su fiesta de 15 a\u00f1os y, con pocas palabras, dej\u00f3 clara su postura en medio de las tensiones que precedieron al evento. \u201cUna fiesta inolvidable,&#8230;<\/p>\n","protected":false},"author":1,"featured_media":46624,"comment_status":"open","ping_status":"closed","sticky":false,"template":"","format":"standard","meta":{"_jetpack_memberships_contains_paid_content":false,"footnotes":""},"categories":[79],"tags":[],"class_list":["post-46618","post","type-post","status-publish","format-standard","has-post-thumbnail","hentry","category-cine-y-series"],"magazineBlocksPostFeaturedMedia":{"thumbnail":"https:\/\/lobosnews.com.ar\/wp-content\/uploads\/2026\/04\/la-reaccion-de-allegra-cubero-al-mensaje-de-mica-viciconte-por-su-espectacular-fiesta-de-15-6-150x150.jpg","medium":"https:\/\/lobosnews.com.ar\/wp-content\/uploads\/2026\/04\/la-reaccion-de-allegra-cubero-al-mensaje-de-mica-viciconte-por-su-espectacular-fiesta-de-15-6-300x169.jpg","medium_large":"https:\/\/lobosnews.com.ar\/wp-content\/uploads\/2026\/04\/la-reaccion-de-allegra-cubero-al-mensaje-de-mica-viciconte-por-su-espectacular-fiesta-de-15-6-768x432.jpg","large":"https:\/\/lobosnews.com.ar\/wp-content\/uploads\/2026\/04\/la-reaccion-de-allegra-cubero-al-mensaje-de-mica-viciconte-por-su-espectacular-fiesta-de-15-6-1024x576.jpg","1536x1536":"https:\/\/lobosnews.com.ar\/wp-content\/uploads\/2026\/04\/la-reaccion-de-allegra-cubero-al-mensaje-de-mica-viciconte-por-su-espectacular-fiesta-de-15-6-1536x864.jpg","2048x2048":"https:\/\/lobosnews.com.ar\/wp-content\/uploads\/2026\/04\/la-reaccion-de-allegra-cubero-al-mensaje-de-mica-viciconte-por-su-espectacular-fiesta-de-15-6.jpg","newsmatic-featured":"https:\/\/lobosnews.com.ar\/wp-content\/uploads\/2026\/04\/la-reaccion-de-allegra-cubero-al-mensaje-de-mica-viciconte-por-su-espectacular-fiesta-de-15-6-820x545.jpg","newsmatic-list":"https:\/\/lobosnews.com.ar\/wp-content\/uploads\/2026\/04\/la-reaccion-de-allegra-cubero-al-mensaje-de-mica-viciconte-por-su-espectacular-fiesta-de-15-6-600x400.jpg","newsmatic-thumb":"https:\/\/lobosnews.com.ar\/wp-content\/uploads\/2026\/04\/la-reaccion-de-allegra-cubero-al-mensaje-de-mica-viciconte-por-su-espectacular-fiesta-de-15-6-300x200.jpg","newsmatic-small":"https:\/\/lobosnews.com.ar\/wp-content\/uploads\/2026\/04\/la-reaccion-de-allegra-cubero-al-mensaje-de-mica-viciconte-por-su-espectacular-fiesta-de-15-6-150x95.jpg","newsmatic-grid":"https:\/\/lobosnews.com.ar\/wp-content\/uploads\/2026\/04\/la-reaccion-de-allegra-cubero-al-mensaje-de-mica-viciconte-por-su-espectacular-fiesta-de-15-6-400x250.jpg"},"magazineBlocksPostAuthor":{"name":"admin","avatar":"https:\/\/secure.gravatar.com\/avatar\/76e419471a2083bc3ceab22a763dbbf9b0c1bd15a6214cf3280e2c2dde4580f9?s=96&d=mm&r=g"},"magazineBlocksPostCommentsNumber":"0","magazineBlocksPostExcerpt":"El respaldo p\u00fablico de Allegra Cubero a Mica Viciconte marc\u00f3 el cierre de una semana agitada para la familia. La adolescente eligi\u00f3 expresarse a trav\u00e9s de las redes sociales tras su fiesta de 15 a\u00f1os y, con pocas palabras, dej\u00f3 clara su postura en medio de las tensiones que precedieron al evento. \u201cUna fiesta inolvidable,...","magazineBlocksPostCategories":["Cine y Series"],"magazineBlocksPostViewCount":5,"magazineBlocksPostReadTime":4,"magazine_blocks_featured_image_url":{"full":["https:\/\/lobosnews.com.ar\/wp-content\/uploads\/2026\/04\/la-reaccion-de-allegra-cubero-al-mensaje-de-mica-viciconte-por-su-espectacular-fiesta-de-15-6.jpg",1920,1080,false],"medium":["https:\/\/lobosnews.com.ar\/wp-content\/uploads\/2026\/04\/la-reaccion-de-allegra-cubero-al-mensaje-de-mica-viciconte-por-su-espectacular-fiesta-de-15-6-300x169.jpg",300,169,true],"thumbnail":["https:\/\/lobosnews.com.ar\/wp-content\/uploads\/2026\/04\/la-reaccion-de-allegra-cubero-al-mensaje-de-mica-viciconte-por-su-espectacular-fiesta-de-15-6-150x150.jpg",150,150,true]},"magazine_blocks_author":{"display_name":"admin","author_link":"https:\/\/lobosnews.com.ar\/index.php\/author\/lobos-news\/"},"magazine_blocks_comment":0,"magazine_blocks_author_image":"https:\/\/secure.gravatar.com\/avatar\/76e419471a2083bc3ceab22a763dbbf9b0c1bd15a6214cf3280e2c2dde4580f9?s=96&d=mm&r=g","magazine_blocks_category":"<a href=\"#\" class=\"category-link category-link-79\">Cine y Series<\/a>","yoast_head":"<!-- This site is optimized with the Yoast SEO plugin v26.6 - https:\/\/yoast.com\/wordpress\/plugins\/seo\/ -->\n<title>La reacci\u00f3n de Allegra Cubero al mensaje de Mica Viciconte por su espectacular fiesta de 15 - Lobos News<\/title>\n<meta name=\"robots\" content=\"index, follow, max-snippet:-1, max-image-preview:large, max-video-preview:-1\" \/>\n<link rel=\"canonical\" href=\"https:\/\/lobosnews.com.ar\/index.php\/2026\/04\/28\/la-reaccion-de-allegra-cubero-al-mensaje-de-mica-viciconte-por-su-espectacular-fiesta-de-15\/\" \/>\n<meta property=\"og:locale\" content=\"es_ES\" \/>\n<meta property=\"og:type\" content=\"article\" \/>\n<meta property=\"og:title\" content=\"La reacci\u00f3n de Allegra Cubero al mensaje de Mica Viciconte por su espectacular fiesta de 15 - Lobos News\" \/>\n<meta property=\"og:description\" content=\"El respaldo p\u00fablico de Allegra Cubero a Mica Viciconte marc\u00f3 el cierre de una semana agitada para la familia. La adolescente eligi\u00f3 expresarse a trav\u00e9s de las redes sociales tras su fiesta de 15 a\u00f1os y, con pocas palabras, dej\u00f3 clara su postura en medio de las tensiones que precedieron al evento. \u201cUna fiesta inolvidable,...\" \/>\n<meta property=\"og:url\" content=\"https:\/\/lobosnews.com.ar\/index.php\/2026\/04\/28\/la-reaccion-de-allegra-cubero-al-mensaje-de-mica-viciconte-por-su-espectacular-fiesta-de-15\/\" \/>\n<meta property=\"og:site_name\" content=\"Lobos News\" \/>\n<meta property=\"article:published_time\" content=\"2026-04-28T14:00:06+00:00\" \/>\n<meta property=\"article:modified_time\" content=\"2026-04-28T14:56:08+00:00\" \/>\n<meta property=\"og:image\" content=\"https:\/\/lobosnews.com.ar\/wp-content\/uploads\/2026\/04\/la-reaccion-de-allegra-cubero-al-mensaje-de-mica-viciconte-por-su-espectacular-fiesta-de-15.jpg\" \/>\n<meta name=\"author\" content=\"admin\" \/>\n<meta name=\"twitter:card\" content=\"summary_large_image\" \/>\n<meta name=\"twitter:label1\" content=\"Escrito por\" \/>\n\t<meta name=\"twitter:data1\" content=\"admin\" \/>\n\t<meta name=\"twitter:label2\" content=\"Tiempo de lectura\" \/>\n\t<meta name=\"twitter:data2\" content=\"3 minutos\" \/>\n<script type=\"application\/ld+json\" class=\"yoast-schema-graph\">{\"@context\":\"https:\/\/schema.org\",\"@graph\":[{\"@type\":\"Article\",\"@id\":\"https:\/\/lobosnews.com.ar\/index.php\/2026\/04\/28\/la-reaccion-de-allegra-cubero-al-mensaje-de-mica-viciconte-por-su-espectacular-fiesta-de-15\/#article\",\"isPartOf\":{\"@id\":\"https:\/\/lobosnews.com.ar\/index.php\/2026\/04\/28\/la-reaccion-de-allegra-cubero-al-mensaje-de-mica-viciconte-por-su-espectacular-fiesta-de-15\/\"},\"author\":{\"name\":\"admin\",\"@id\":\"https:\/\/lobosnews.com.ar\/#\/schema\/person\/232422a593d5c541dd9aef6aaed10943\"},\"headline\":\"La reacci\u00f3n de Allegra Cubero al mensaje de Mica Viciconte por su espectacular fiesta de 15\",\"datePublished\":\"2026-04-28T14:00:06+00:00\",\"dateModified\":\"2026-04-28T14:56:08+00:00\",\"mainEntityOfPage\":{\"@id\":\"https:\/\/lobosnews.com.ar\/index.php\/2026\/04\/28\/la-reaccion-de-allegra-cubero-al-mensaje-de-mica-viciconte-por-su-espectacular-fiesta-de-15\/\"},\"wordCount\":695,\"commentCount\":0,\"publisher\":{\"@id\":\"https:\/\/lobosnews.com.ar\/#organization\"},\"image\":{\"@id\":\"https:\/\/lobosnews.com.ar\/index.php\/2026\/04\/28\/la-reaccion-de-allegra-cubero-al-mensaje-de-mica-viciconte-por-su-espectacular-fiesta-de-15\/#primaryimage\"},\"thumbnailUrl\":\"https:\/\/lobosnews.com.ar\/wp-content\/uploads\/2026\/04\/la-reaccion-de-allegra-cubero-al-mensaje-de-mica-viciconte-por-su-espectacular-fiesta-de-15-6.jpg\",\"articleSection\":[\"Cine y Series\"],\"inLanguage\":\"es\",\"potentialAction\":[{\"@type\":\"CommentAction\",\"name\":\"Comment\",\"target\":[\"https:\/\/lobosnews.com.ar\/index.php\/2026\/04\/28\/la-reaccion-de-allegra-cubero-al-mensaje-de-mica-viciconte-por-su-espectacular-fiesta-de-15\/#respond\"]}]},{\"@type\":\"WebPage\",\"@id\":\"https:\/\/lobosnews.com.ar\/index.php\/2026\/04\/28\/la-reaccion-de-allegra-cubero-al-mensaje-de-mica-viciconte-por-su-espectacular-fiesta-de-15\/\",\"url\":\"https:\/\/lobosnews.com.ar\/index.php\/2026\/04\/28\/la-reaccion-de-allegra-cubero-al-mensaje-de-mica-viciconte-por-su-espectacular-fiesta-de-15\/\",\"name\":\"La reacci\u00f3n de Allegra Cubero al mensaje de Mica Viciconte por su espectacular fiesta de 15 - Lobos News\",\"isPartOf\":{\"@id\":\"https:\/\/lobosnews.com.ar\/#website\"},\"primaryImageOfPage\":{\"@id\":\"https:\/\/lobosnews.com.ar\/index.php\/2026\/04\/28\/la-reaccion-de-allegra-cubero-al-mensaje-de-mica-viciconte-por-su-espectacular-fiesta-de-15\/#primaryimage\"},\"image\":{\"@id\":\"https:\/\/lobosnews.com.ar\/index.php\/2026\/04\/28\/la-reaccion-de-allegra-cubero-al-mensaje-de-mica-viciconte-por-su-espectacular-fiesta-de-15\/#primaryimage\"},\"thumbnailUrl\":\"https:\/\/lobosnews.com.ar\/wp-content\/uploads\/2026\/04\/la-reaccion-de-allegra-cubero-al-mensaje-de-mica-viciconte-por-su-espectacular-fiesta-de-15-6.jpg\",\"datePublished\":\"2026-04-28T14:00:06+00:00\",\"dateModified\":\"2026-04-28T14:56:08+00:00\",\"breadcrumb\":{\"@id\":\"https:\/\/lobosnews.com.ar\/index.php\/2026\/04\/28\/la-reaccion-de-allegra-cubero-al-mensaje-de-mica-viciconte-por-su-espectacular-fiesta-de-15\/#breadcrumb\"},\"inLanguage\":\"es\",\"potentialAction\":[{\"@type\":\"ReadAction\",\"target\":[\"https:\/\/lobosnews.com.ar\/index.php\/2026\/04\/28\/la-reaccion-de-allegra-cubero-al-mensaje-de-mica-viciconte-por-su-espectacular-fiesta-de-15\/\"]}]},{\"@type\":\"ImageObject\",\"inLanguage\":\"es\",\"@id\":\"https:\/\/lobosnews.com.ar\/index.php\/2026\/04\/28\/la-reaccion-de-allegra-cubero-al-mensaje-de-mica-viciconte-por-su-espectacular-fiesta-de-15\/#primaryimage\",\"url\":\"https:\/\/lobosnews.com.ar\/wp-content\/uploads\/2026\/04\/la-reaccion-de-allegra-cubero-al-mensaje-de-mica-viciconte-por-su-espectacular-fiesta-de-15-6.jpg\",\"contentUrl\":\"https:\/\/lobosnews.com.ar\/wp-content\/uploads\/2026\/04\/la-reaccion-de-allegra-cubero-al-mensaje-de-mica-viciconte-por-su-espectacular-fiesta-de-15-6.jpg\",\"width\":1920,\"height\":1080,\"caption\":\"La reacci\u00f3n de Allegra Cubero al mensaje de Mica Viciconte por su espectacular fiesta de 15\"},{\"@type\":\"BreadcrumbList\",\"@id\":\"https:\/\/lobosnews.com.ar\/index.php\/2026\/04\/28\/la-reaccion-de-allegra-cubero-al-mensaje-de-mica-viciconte-por-su-espectacular-fiesta-de-15\/#breadcrumb\",\"itemListElement\":[{\"@type\":\"ListItem\",\"position\":1,\"name\":\"Portada\",\"item\":\"https:\/\/lobosnews.com.ar\/\"},{\"@type\":\"ListItem\",\"position\":2,\"name\":\"La reacci\u00f3n de Allegra Cubero al mensaje de Mica Viciconte por su espectacular fiesta de 15\"}]},{\"@type\":\"WebSite\",\"@id\":\"https:\/\/lobosnews.com.ar\/#website\",\"url\":\"https:\/\/lobosnews.com.ar\/\",\"name\":\"Lobos News\",\"description\":\"Informaci\u00f3n a cada instante\",\"publisher\":{\"@id\":\"https:\/\/lobosnews.com.ar\/#organization\"},\"potentialAction\":[{\"@type\":\"SearchAction\",\"target\":{\"@type\":\"EntryPoint\",\"urlTemplate\":\"https:\/\/lobosnews.com.ar\/?s={search_term_string}\"},\"query-input\":{\"@type\":\"PropertyValueSpecification\",\"valueRequired\":true,\"valueName\":\"search_term_string\"}}],\"inLanguage\":\"es\"},{\"@type\":\"Organization\",\"@id\":\"https:\/\/lobosnews.com.ar\/#organization\",\"name\":\"Lobos News\",\"url\":\"https:\/\/lobosnews.com.ar\/\",\"logo\":{\"@type\":\"ImageObject\",\"inLanguage\":\"es\",\"@id\":\"https:\/\/lobosnews.com.ar\/#\/schema\/logo\/image\/\",\"url\":\"https:\/\/lobosnews.com.ar\/wp-content\/uploads\/2026\/01\/logo-lobosnews.png\",\"contentUrl\":\"https:\/\/lobosnews.com.ar\/wp-content\/uploads\/2026\/01\/logo-lobosnews.png\",\"width\":500,\"height\":200,\"caption\":\"Lobos News\"},\"image\":{\"@id\":\"https:\/\/lobosnews.com.ar\/#\/schema\/logo\/image\/\"}},{\"@type\":\"Person\",\"@id\":\"https:\/\/lobosnews.com.ar\/#\/schema\/person\/232422a593d5c541dd9aef6aaed10943\",\"name\":\"admin\",\"image\":{\"@type\":\"ImageObject\",\"inLanguage\":\"es\",\"@id\":\"https:\/\/lobosnews.com.ar\/#\/schema\/person\/image\/\",\"url\":\"https:\/\/secure.gravatar.com\/avatar\/76e419471a2083bc3ceab22a763dbbf9b0c1bd15a6214cf3280e2c2dde4580f9?s=96&d=mm&r=g\",\"contentUrl\":\"https:\/\/secure.gravatar.com\/avatar\/76e419471a2083bc3ceab22a763dbbf9b0c1bd15a6214cf3280e2c2dde4580f9?s=96&d=mm&r=g\",\"caption\":\"admin\"},\"sameAs\":[\"https:\/\/lobosnews.com.ar\"],\"url\":\"https:\/\/lobosnews.com.ar\/index.php\/author\/lobos-news\/\"}]}<\/script>\n<!-- \/ Yoast SEO plugin. -->","yoast_head_json":{"title":"La reacci\u00f3n de Allegra Cubero al mensaje de Mica Viciconte por su espectacular fiesta de 15 - Lobos News","robots":{"index":"index","follow":"follow","max-snippet":"max-snippet:-1","max-image-preview":"max-image-preview:large","max-video-preview":"max-video-preview:-1"},"canonical":"https:\/\/lobosnews.com.ar\/index.php\/2026\/04\/28\/la-reaccion-de-allegra-cubero-al-mensaje-de-mica-viciconte-por-su-espectacular-fiesta-de-15\/","og_locale":"es_ES","og_type":"article","og_title":"La reacci\u00f3n de Allegra Cubero al mensaje de Mica Viciconte por su espectacular fiesta de 15 - Lobos News","og_description":"El respaldo p\u00fablico de Allegra Cubero a Mica Viciconte marc\u00f3 el cierre de una semana agitada para la familia. La adolescente eligi\u00f3 expresarse a trav\u00e9s de las redes sociales tras su fiesta de 15 a\u00f1os y, con pocas palabras, dej\u00f3 clara su postura en medio de las tensiones que precedieron al evento. \u201cUna fiesta inolvidable,...","og_url":"https:\/\/lobosnews.com.ar\/index.php\/2026\/04\/28\/la-reaccion-de-allegra-cubero-al-mensaje-de-mica-viciconte-por-su-espectacular-fiesta-de-15\/","og_site_name":"Lobos News","article_published_time":"2026-04-28T14:00:06+00:00","article_modified_time":"2026-04-28T14:56:08+00:00","og_image":[{"url":"https:\/\/lobosnews.com.ar\/wp-content\/uploads\/2026\/04\/la-reaccion-de-allegra-cubero-al-mensaje-de-mica-viciconte-por-su-espectacular-fiesta-de-15.jpg","type":"","width":"","height":""}],"author":"admin","twitter_card":"summary_large_image","twitter_misc":{"Escrito por":"admin","Tiempo de lectura":"3 minutos"},"schema":{"@context":"https:\/\/schema.org","@graph":[{"@type":"Article","@id":"https:\/\/lobosnews.com.ar\/index.php\/2026\/04\/28\/la-reaccion-de-allegra-cubero-al-mensaje-de-mica-viciconte-por-su-espectacular-fiesta-de-15\/#article","isPartOf":{"@id":"https:\/\/lobosnews.com.ar\/index.php\/2026\/04\/28\/la-reaccion-de-allegra-cubero-al-mensaje-de-mica-viciconte-por-su-espectacular-fiesta-de-15\/"},"author":{"name":"admin","@id":"https:\/\/lobosnews.com.ar\/#\/schema\/person\/232422a593d5c541dd9aef6aaed10943"},"headline":"La reacci\u00f3n de Allegra Cubero al mensaje de Mica Viciconte por su espectacular fiesta de 15","datePublished":"2026-04-28T14:00:06+00:00","dateModified":"2026-04-28T14:56:08+00:00","mainEntityOfPage":{"@id":"https:\/\/lobosnews.com.ar\/index.php\/2026\/04\/28\/la-reaccion-de-allegra-cubero-al-mensaje-de-mica-viciconte-por-su-espectacular-fiesta-de-15\/"},"wordCount":695,"commentCount":0,"publisher":{"@id":"https:\/\/lobosnews.com.ar\/#organization"},"image":{"@id":"https:\/\/lobosnews.com.ar\/index.php\/2026\/04\/28\/la-reaccion-de-allegra-cubero-al-mensaje-de-mica-viciconte-por-su-espectacular-fiesta-de-15\/#primaryimage"},"thumbnailUrl":"https:\/\/lobosnews.com.ar\/wp-content\/uploads\/2026\/04\/la-reaccion-de-allegra-cubero-al-mensaje-de-mica-viciconte-por-su-espectacular-fiesta-de-15-6.jpg","articleSection":["Cine y Series"],"inLanguage":"es","potentialAction":[{"@type":"CommentAction","name":"Comment","target":["https:\/\/lobosnews.com.ar\/index.php\/2026\/04\/28\/la-reaccion-de-allegra-cubero-al-mensaje-de-mica-viciconte-por-su-espectacular-fiesta-de-15\/#respond"]}]},{"@type":"WebPage","@id":"https:\/\/lobosnews.com.ar\/index.php\/2026\/04\/28\/la-reaccion-de-allegra-cubero-al-mensaje-de-mica-viciconte-por-su-espectacular-fiesta-de-15\/","url":"https:\/\/lobosnews.com.ar\/index.php\/2026\/04\/28\/la-reaccion-de-allegra-cubero-al-mensaje-de-mica-viciconte-por-su-espectacular-fiesta-de-15\/","name":"La reacci\u00f3n de Allegra Cubero al mensaje de Mica Viciconte por su espectacular fiesta de 15 - Lobos News","isPartOf":{"@id":"https:\/\/lobosnews.com.ar\/#website"},"primaryImageOfPage":{"@id":"https:\/\/lobosnews.com.ar\/index.php\/2026\/04\/28\/la-reaccion-de-allegra-cubero-al-mensaje-de-mica-viciconte-por-su-espectacular-fiesta-de-15\/#primaryimage"},"image":{"@id":"https:\/\/lobosnews.com.ar\/index.php\/2026\/04\/28\/la-reaccion-de-allegra-cubero-al-mensaje-de-mica-viciconte-por-su-espectacular-fiesta-de-15\/#primaryimage"},"thumbnailUrl":"https:\/\/lobosnews.com.ar\/wp-content\/uploads\/2026\/04\/la-reaccion-de-allegra-cubero-al-mensaje-de-mica-viciconte-por-su-espectacular-fiesta-de-15-6.jpg","datePublished":"2026-04-28T14:00:06+00:00","dateModified":"2026-04-28T14:56:08+00:00","breadcrumb":{"@id":"https:\/\/lobosnews.com.ar\/index.php\/2026\/04\/28\/la-reaccion-de-allegra-cubero-al-mensaje-de-mica-viciconte-por-su-espectacular-fiesta-de-15\/#breadcrumb"},"inLanguage":"es","potentialAction":[{"@type":"ReadAction","target":["https:\/\/lobosnews.com.ar\/index.php\/2026\/04\/28\/la-reaccion-de-allegra-cubero-al-mensaje-de-mica-viciconte-por-su-espectacular-fiesta-de-15\/"]}]},{"@type":"ImageObject","inLanguage":"es","@id":"https:\/\/lobosnews.com.ar\/index.php\/2026\/04\/28\/la-reaccion-de-allegra-cubero-al-mensaje-de-mica-viciconte-por-su-espectacular-fiesta-de-15\/#primaryimage","url":"https:\/\/lobosnews.com.ar\/wp-content\/uploads\/2026\/04\/la-reaccion-de-allegra-cubero-al-mensaje-de-mica-viciconte-por-su-espectacular-fiesta-de-15-6.jpg","contentUrl":"https:\/\/lobosnews.com.ar\/wp-content\/uploads\/2026\/04\/la-reaccion-de-allegra-cubero-al-mensaje-de-mica-viciconte-por-su-espectacular-fiesta-de-15-6.jpg","width":1920,"height":1080,"caption":"La reacci\u00f3n de Allegra Cubero al mensaje de Mica Viciconte por su espectacular fiesta de 15"},{"@type":"BreadcrumbList","@id":"https:\/\/lobosnews.com.ar\/index.php\/2026\/04\/28\/la-reaccion-de-allegra-cubero-al-mensaje-de-mica-viciconte-por-su-espectacular-fiesta-de-15\/#breadcrumb","itemListElement":[{"@type":"ListItem","position":1,"name":"Portada","item":"https:\/\/lobosnews.com.ar\/"},{"@type":"ListItem","position":2,"name":"La reacci\u00f3n de Allegra Cubero al mensaje de Mica Viciconte por su espectacular fiesta de 15"}]},{"@type":"WebSite","@id":"https:\/\/lobosnews.com.ar\/#website","url":"https:\/\/lobosnews.com.ar\/","name":"Lobos News","description":"Informaci\u00f3n a cada instante","publisher":{"@id":"https:\/\/lobosnews.com.ar\/#organization"},"potentialAction":[{"@type":"SearchAction","target":{"@type":"EntryPoint","urlTemplate":"https:\/\/lobosnews.com.ar\/?s={search_term_string}"},"query-input":{"@type":"PropertyValueSpecification","valueRequired":true,"valueName":"search_term_string"}}],"inLanguage":"es"},{"@type":"Organization","@id":"https:\/\/lobosnews.com.ar\/#organization","name":"Lobos News","url":"https:\/\/lobosnews.com.ar\/","logo":{"@type":"ImageObject","inLanguage":"es","@id":"https:\/\/lobosnews.com.ar\/#\/schema\/logo\/image\/","url":"https:\/\/lobosnews.com.ar\/wp-content\/uploads\/2026\/01\/logo-lobosnews.png","contentUrl":"https:\/\/lobosnews.com.ar\/wp-content\/uploads\/2026\/01\/logo-lobosnews.png","width":500,"height":200,"caption":"Lobos News"},"image":{"@id":"https:\/\/lobosnews.com.ar\/#\/schema\/logo\/image\/"}},{"@type":"Person","@id":"https:\/\/lobosnews.com.ar\/#\/schema\/person\/232422a593d5c541dd9aef6aaed10943","name":"admin","image":{"@type":"ImageObject","inLanguage":"es","@id":"https:\/\/lobosnews.com.ar\/#\/schema\/person\/image\/","url":"https:\/\/secure.gravatar.com\/avatar\/76e419471a2083bc3ceab22a763dbbf9b0c1bd15a6214cf3280e2c2dde4580f9?s=96&d=mm&r=g","contentUrl":"https:\/\/secure.gravatar.com\/avatar\/76e419471a2083bc3ceab22a763dbbf9b0c1bd15a6214cf3280e2c2dde4580f9?s=96&d=mm&r=g","caption":"admin"},"sameAs":["https:\/\/lobosnews.com.ar"],"url":"https:\/\/lobosnews.com.ar\/index.php\/author\/lobos-news\/"}]}},"jetpack_featured_media_url":"https:\/\/lobosnews.com.ar\/wp-content\/uploads\/2026\/04\/la-reaccion-de-allegra-cubero-al-mensaje-de-mica-viciconte-por-su-espectacular-fiesta-de-15-6.jpg","jetpack_sharing_enabled":true,"_links":{"self":[{"href":"https:\/\/lobosnews.com.ar\/index.php\/wp-json\/wp\/v2\/posts\/46618","targetHints":{"allow":["GET"]}}],"collection":[{"href":"https:\/\/lobosnews.com.ar\/index.php\/wp-json\/wp\/v2\/posts"}],"about":[{"href":"https:\/\/lobosnews.com.ar\/index.php\/wp-json\/wp\/v2\/types\/post"}],"author":[{"embeddable":true,"href":"https:\/\/lobosnews.com.ar\/index.php\/wp-json\/wp\/v2\/users\/1"}],"replies":[{"embeddable":true,"href":"https:\/\/lobosnews.com.ar\/index.php\/wp-json\/wp\/v2\/comments?post=46618"}],"version-history":[{"count":1,"href":"https:\/\/lobosnews.com.ar\/index.php\/wp-json\/wp\/v2\/posts\/46618\/revisions"}],"predecessor-version":[{"id":46623,"href":"https:\/\/lobosnews.com.ar\/index.php\/wp-json\/wp\/v2\/posts\/46618\/revisions\/46623"}],"wp:featuredmedia":[{"embeddable":true,"href":"https:\/\/lobosnews.com.ar\/index.php\/wp-json\/wp\/v2\/media\/46624"}],"wp:attachment":[{"href":"https:\/\/lobosnews.com.ar\/index.php\/wp-json\/wp\/v2\/media?parent=46618"}],"wp:term":[{"taxonomy":"category","embeddable":true,"href":"https:\/\/lobosnews.com.ar\/index.php\/wp-json\/wp\/v2\/categories?post=46618"},{"taxonomy":"post_tag","embeddable":true,"href":"https:\/\/lobosnews.com.ar\/index.php\/wp-json\/wp\/v2\/tags?post=46618"}],"curies":[{"name":"wp","href":"https:\/\/api.w.org\/{rel}","templated":true}]}}