{"id":46593,"date":"2026-04-28T11:20:48","date_gmt":"2026-04-28T11:20:48","guid":{"rendered":"https:\/\/lobosnews.com.ar\/index.php\/2026\/04\/28\/prisoners-defenders-denuncio-que-90-000-presos-sufren-danos-irreversibles-por-desnutricion-y-condiciones-inhumanas-en-cuba-2\/"},"modified":"2026-04-28T14:49:31","modified_gmt":"2026-04-28T14:49:31","slug":"prisoners-defenders-denuncio-que-90-000-presos-sufren-danos-irreversibles-por-desnutricion-y-condiciones-inhumanas-en-cuba-2","status":"publish","type":"post","link":"https:\/\/lobosnews.com.ar\/index.php\/2026\/04\/28\/prisoners-defenders-denuncio-que-90-000-presos-sufren-danos-irreversibles-por-desnutricion-y-condiciones-inhumanas-en-cuba-2\/","title":{"rendered":"Prisoners Defenders denunci\u00f3 que 90.000 presos sufren da\u00f1os irreversibles por desnutrici\u00f3n y condiciones inhumanas en Cuba"},"content":{"rendered":"<p><img loading=\"lazy\" decoding=\"async\" src=\"https:\/\/lobosnews.com.ar\/wp-content\/uploads\/2026\/04\/prisoners-defenders-denuncio-que-90-000-presos-sufren-danos-irreversibles-por-desnutricion-y-condiciones-inhumanas-en-cuba.jpg\" alt=\"90.000 presos sufren da\u00f1os irreversibles por desnutrici\u00f3n forzosa y condiciones inhumanas en Cuba (Imagen Ilustrativa Infobae)\" height=\"1536\" width=\"2752\"\/><\/p>\n<p>Un informe publicado por la ONG <span class=\"waslinkname\"><b>Prisoners Defenders<\/b><\/span> revel\u00f3 que la poblaci\u00f3n carcelaria cubana recibe una \u00ab<b>dieta diaria incompatible con la salud humana<\/b>\u201c, lo que provoca enfermedades graves, deterioro f\u00edsico y un impacto humanitario de escala masiva. <\/p>\n<p><b>Javier Larrondo<\/b>, presidente de la organizaci\u00f3n, advirti\u00f3 en di\u00e1logo con <b>Infobae<\/b> sobre la magnitud del drama carcelario en la isla. El reporte, construido a partir de fotograf\u00edas, testimonios y un an\u00e1lisis cient\u00edfico prudente, concluy\u00f3 que <b>la dieta diaria en las c\u00e1rceles cubanas aporta entre 250 y 353 kilocalor\u00edas<\/b>, una cantidad que representa solo <b>entre el 10 y el 14%<\/b> del requerimiento m\u00ednimo para un adulto sedentario. <\/p>\n<p>\u201cNo hablamos de una mala dieta ni de carencias ordinarias. Hablamos de <b>infraalimentaci\u00f3n severa<\/b>, capaz de producir p\u00e9rdida extrema de peso, anemia, inmunodepresi\u00f3n, da\u00f1o neurocognitivo, mala cicatrizaci\u00f3n y vulnerabilidad frente a infecciones en unos pocos meses\u201d, afirm\u00f3 Larrondo a este medio.<\/p>\n<p><img loading=\"lazy\" decoding=\"async\" src=\"https:\/\/lobosnews.com.ar\/wp-content\/uploads\/2026\/04\/prisoners-defenders-denuncio-que-90-000-presos-sufren-danos-irreversibles-por-desnutricion-y-condiciones-inhumanas-en-cuba.png\" alt=\"Alimento en prisiones de Cuba ( Prisoners Defenders)\" height=\"4000\" width=\"2785\"\/><\/p>\n<h2>Dieta documentada y consecuencias cl\u00ednicas<\/h2>\n<p>La investigaci\u00f3n detall\u00f3 que el <b>desayuno<\/b> suele consistir en <b>una pieza de pan blando de 45 a 60 gramos<\/b> y <b>una peque\u00f1a taza de t\u00e9<\/b> sin aporte cal\u00f3rico relevante. El <b>almuerzo<\/b> y la <b>cena<\/b> repiten <b>una raci\u00f3n de menos de 30 gramos de arroz, alrededor de 50 gramos de sopa \u00e1cida y una croqueta pastosa de unos 20 gramos<\/b>. <\/p>\n<p>Sumadas, <b>estas comidas apenas cubren una fracci\u00f3n m\u00ednima de las necesidades energ\u00e9ticas y nutricionales<\/b>, con d\u00e9ficits extremos de prote\u00ednas, vitaminas y minerales esenciales como hierro, calcio, vitamina C y \u00e1cido f\u00f3lico. La dieta media estimada aporta entre 6,6 y 10,1 gramos de prote\u00edna al d\u00eda, <b>menos del 18% del valor de referencia<\/b>, y el aporte de vitamina C es pr\u00e1cticamente nulo.<\/p>\n<p><img loading=\"lazy\" decoding=\"async\" src=\"https:\/\/lobosnews.com.ar\/wp-content\/uploads\/2026\/04\/prisoners-defenders-denuncio-que-90-000-presos-sufren-danos-irreversibles-por-desnutricion-y-condiciones-inhumanas-en-cuba-4.jpg\" alt=\"Comida del mediod\u00eda en una c\u00e1rcel cubana (Prisoners Defenders)\" height=\"1040\" width=\"780\"\/><\/p>\n<p>El informe advirti\u00f3 que estas condiciones generan <b>desnutrici\u00f3n energ\u00e9tico-proteica grave, anemia, deterioro muscular, da\u00f1o neurocognitivo y un aumento cr\u00edtico de la vulnerabilidad frente a infecciones<\/b>. <\/p>\n<p>La escasez de frutas, hortalizas y alimentos de origen animal deriva en d\u00e9ficits severos de micronutrientes, con s\u00edntomas que van desde sangrado gingival y hematomas hasta escorbuto, beriberi y da\u00f1o neurol\u00f3gico. <\/p>\n<p>\u201cLa permanencia en prisi\u00f3n no solo agrava de forma cr\u00edtica el estado de los reclusos, sino que convierte su encarcelamiento en una amenaza directa para sus vidas y sus familias\u201d, subray\u00f3 el documento.<\/p>\n<p><img loading=\"lazy\" decoding=\"async\" src=\"https:\/\/lobosnews.com.ar\/wp-content\/uploads\/2026\/04\/prisoners-defenders-denuncio-que-90-000-presos-sufren-danos-irreversibles-por-desnutricion-y-condiciones-inhumanas-en-cuba-5.jpg\" alt=\"Presos desnutridos en Las Mangas, Bayamo (Prisoners Defenders)\" height=\"1040\" width=\"480\"\/><\/p>\n<h2>Condiciones insalubres y agravamiento del deterioro<\/h2>\n<p>A la desnutrici\u00f3n se suma la <b>insalubridad generalizada<\/b>. Las celdas, colchones y estructuras de descanso est\u00e1n infestadas de <b>chinches<\/b>, lo que provoca <b>picaduras constantes<\/b>, insomnio, heridas en la piel y sobreinfecciones, agravando el deterioro f\u00edsico de personas ya debilitadas. <\/p>\n<p>El acceso a la atenci\u00f3n m\u00e9dica es sistem\u00e1ticamente negado o resulta insuficiente, lo que multiplica los riesgos de complicaciones graves y muerte.<\/p>\n<p><img loading=\"lazy\" decoding=\"async\" src=\"https:\/\/lobosnews.com.ar\/wp-content\/uploads\/2026\/04\/prisoners-defenders-denuncio-que-90-000-presos-sufren-danos-irreversibles-por-desnutricion-y-condiciones-inhumanas-en-cuba-6.jpg\" alt=\"Comida en la prisi\u00f3n El Molino, Granma ( Prisoners Defenders)\" height=\"780\" width=\"1040\"\/><img loading=\"lazy\" decoding=\"async\" src=\"https:\/\/lobosnews.com.ar\/wp-content\/uploads\/2026\/04\/prisoners-defenders-denuncio-que-90-000-presos-sufren-danos-irreversibles-por-desnutricion-y-condiciones-inhumanas-en-cuba-7.jpg\" alt=\"Desayuno en la prisi\u00f3n Aguacate ( Prisoners Defenders)\" height=\"1280\" width=\"720\"\/><\/p>\n<h2>Impacto humanitario y casos emblem\u00e1ticos<\/h2>\n<p><b>Cuba<\/b> mantiene cerca de <b>90.000 personas privadas de libertad<\/b>, lo que representa aproximadamente el <b>1% de la poblaci\u00f3n nacional<\/b>, seg\u00fan datos de World Prison Brief y la Oficina Nacional de Estad\u00edstica e Informaci\u00f3n. Este porcentaje sit\u00faa al pa\u00eds <b>entre los sistemas penitenciarios m\u00e1s represivos y masivos del mundo<\/b>, con proporciones fuera de lo habitual en la comparaci\u00f3n internacional.<\/p>\n<p>Prisoners Defenders identific\u00f3 <b>447 presos pol\u00edticos con patolog\u00edas graves<\/b> provocadas o agravadas por las condiciones de reclusi\u00f3n, <b>47 con trastornos mentales severos<\/b> sin tratamiento y <b>al menos 34 personas en riesgo extremo<\/b> cuya excarcelaci\u00f3n inmediata constituye una emergencia humanitaria. <\/p>\n<p><img loading=\"lazy\" decoding=\"async\" src=\"https:\/\/lobosnews.com.ar\/wp-content\/uploads\/2026\/04\/prisoners-defenders-denuncio-que-90-000-presos-sufren-danos-irreversibles-por-desnutricion-y-condiciones-inhumanas-en-cuba-10.jpg\" alt=\"El almuerzo en Las Mangas, Bayamo (Prisoners Defenders)\" height=\"480\" width=\"1040\"\/><\/p>\n<p>Entre ellos, se encuentran personas gravemente enfermas, <span class=\"waslinkname\">menores en prisiones de m\u00e1xima seguridad<\/span>, madres separadas de sus hijos menores y presos con enfermedades mentales incompatibles con la prisi\u00f3n y con antecedentes de intentos de suicidio.<\/p>\n<p>El caso de <span class=\"waslinkname\"><b>Alexander D\u00edaz Rodr\u00edguez<\/b><\/span>, manifestante del 11J (las masivas protestas del 11 de julio de 2021) condenado a cinco a\u00f1os de prisi\u00f3n, ilustra los efectos acumulativos de la desnutrici\u00f3n, la insalubridad y la falta de atenci\u00f3n m\u00e9dica. Tras su liberaci\u00f3n este mes, presentaba c\u00e1ncer avanzado de garganta, anemia, desnutrici\u00f3n extrema y hepatitis B, sin haber recibido atenci\u00f3n m\u00e9dica oportuna.<\/p>\n<p><img loading=\"lazy\" decoding=\"async\" src=\"https:\/\/www.infobae.com\/resizer\/v2\/UPGFIHSXKRBP7MYNJHQDEIGEB4.jpeg?auth=bbe1cd4d719356a4c057a21c4f19a596dc626a2d57a35eea6556ec348cfc0204&#038;smart=true&#038;width=480&#038;height=1040\" alt=\"El almuerzo en Playa Manteca, Holgu\u00edn (Prisoners Defenders)\" height=\"1040\" width=\"480\"\/><\/p>\n<h2>Violaciones a est\u00e1ndares internacionales<\/h2>\n<p>El informe remarc\u00f3 que las condiciones documentadas <b>vulneran los est\u00e1ndares m\u00ednimos del sistema internacional de derechos humanos<\/b>, incluidas las Reglas Nelson Mandela de Naciones Unidas y los Principios y Buenas Pr\u00e1cticas sobre la Protecci\u00f3n de las Personas Privadas de Libertad en las Am\u00e9ricas de la Comisi\u00f3n Interamericana de Derechos Humanos. <\/p>\n<p><img loading=\"lazy\" decoding=\"async\" src=\"https:\/\/lobosnews.com.ar\/wp-content\/uploads\/2026\/04\/prisoners-defenders-denuncio-que-90-000-presos-sufren-danos-irreversibles-por-desnutricion-y-condiciones-inhumanas-en-cuba-14.jpg\" alt=\"El almuerzo en la prisi\u00f3n Boniato, Santiago de Cuba (Prisoners Defenders)\" height=\"768\" width=\"1024\"\/><\/p>\n<p>Estas disposiciones exigen <b>alimentaci\u00f3n suficiente y de calidad<\/b>, acceso permanente a <b>agua potable<\/b>, atenci\u00f3n sanitaria adecuada, condiciones higi\u00e9nicas y respeto a la dignidad humana. <\/p>\n<p>La evidencia recogida confirm\u00f3 que <b>el Estado cubano incumple de manera sistem\u00e1tica estos est\u00e1ndares<\/b>, incurriendo en trato cruel, inhumano y degradante, y posibles cr\u00edmenes de lesa humanidad.<\/p>\n<p><img loading=\"lazy\" decoding=\"async\" src=\"https:\/\/lobosnews.com.ar\/wp-content\/uploads\/2026\/04\/prisoners-defenders-denuncio-que-90-000-presos-sufren-danos-irreversibles-por-desnutricion-y-condiciones-inhumanas-en-cuba-15.jpg\" alt=\"Arroz con caldo en Kilo 8, Camaguey (Prisoners Defenders)\" height=\"1040\" width=\"780\"\/><\/p>\n<h2>Llamado internacional<\/h2>\n<p>En su conversaci\u00f3n con <b>Infobae<\/b>, <b>Javier Larrondo<\/b> insisti\u00f3 en que la pasividad de la comunidad internacional equivale a complicidad. \u201cLa pasividad ya no es neutralidad. La pasividad ante esta evidencia prolonga el sufrimiento y es complicidad. Cada d\u00eda de silencio puede ser un d\u00eda menos de vida para quienes est\u00e1n encerrados, enfermos y abandonados en las prisiones de Cuba\u201d, expres\u00f3.<\/p>\n<p>El informe de <b>Prisoners Defenders<\/b> exigi\u00f3 a la comunidad internacional, gobiernos democr\u00e1ticos, Naciones Unidas, el Sistema Interamericano y la Uni\u00f3n Europea la adopci\u00f3n de medidas concretas de protecci\u00f3n, el acceso internacional a las prisiones cubanas y la excarcelaci\u00f3n inmediata de los presos en riesgo extremo y de todos los presos pol\u00edticos. <\/p>\n<p>Por \u00faltimo, subray\u00f3 que la continuidad de la reclusi\u00f3n bajo estas condiciones es insostenible desde cualquier perspectiva humanitaria y jur\u00eddica.<\/p>\n","protected":false},"excerpt":{"rendered":"<p>Un informe publicado por la ONG Prisoners Defenders revel\u00f3 que la poblaci\u00f3n carcelaria cubana recibe una \u00abdieta diaria incompatible con la salud humana\u201c, lo que provoca enfermedades graves, deterioro f\u00edsico y un impacto humanitario de escala masiva. Javier Larrondo, presidente de la organizaci\u00f3n, advirti\u00f3 en di\u00e1logo con Infobae sobre la magnitud del drama carcelario en&#8230;<\/p>\n","protected":false},"author":1,"featured_media":46616,"comment_status":"open","ping_status":"closed","sticky":false,"template":"","format":"standard","meta":{"_jetpack_memberships_contains_paid_content":false,"footnotes":""},"categories":[31],"tags":[],"class_list":["post-46593","post","type-post","status-publish","format-standard","has-post-thumbnail","hentry","category-actualidad"],"magazineBlocksPostFeaturedMedia":{"thumbnail":"https:\/\/lobosnews.com.ar\/wp-content\/uploads\/2026\/04\/prisoners-defenders-denuncio-que-90-000-presos-sufren-danos-irreversibles-por-desnutricion-y-condiciones-inhumanas-en-cuba-31-150x150.jpg","medium":"https:\/\/lobosnews.com.ar\/wp-content\/uploads\/2026\/04\/prisoners-defenders-denuncio-que-90-000-presos-sufren-danos-irreversibles-por-desnutricion-y-condiciones-inhumanas-en-cuba-31-225x300.jpg","medium_large":"https:\/\/lobosnews.com.ar\/wp-content\/uploads\/2026\/04\/prisoners-defenders-denuncio-que-90-000-presos-sufren-danos-irreversibles-por-desnutricion-y-condiciones-inhumanas-en-cuba-31-768x1024.jpg","large":"https:\/\/lobosnews.com.ar\/wp-content\/uploads\/2026\/04\/prisoners-defenders-denuncio-que-90-000-presos-sufren-danos-irreversibles-por-desnutricion-y-condiciones-inhumanas-en-cuba-31-768x1024.jpg","1536x1536":"https:\/\/lobosnews.com.ar\/wp-content\/uploads\/2026\/04\/prisoners-defenders-denuncio-que-90-000-presos-sufren-danos-irreversibles-por-desnutricion-y-condiciones-inhumanas-en-cuba-31.jpg","2048x2048":"https:\/\/lobosnews.com.ar\/wp-content\/uploads\/2026\/04\/prisoners-defenders-denuncio-que-90-000-presos-sufren-danos-irreversibles-por-desnutricion-y-condiciones-inhumanas-en-cuba-31.jpg","newsmatic-featured":"https:\/\/lobosnews.com.ar\/wp-content\/uploads\/2026\/04\/prisoners-defenders-denuncio-que-90-000-presos-sufren-danos-irreversibles-por-desnutricion-y-condiciones-inhumanas-en-cuba-31-780x545.jpg","newsmatic-list":"https:\/\/lobosnews.com.ar\/wp-content\/uploads\/2026\/04\/prisoners-defenders-denuncio-que-90-000-presos-sufren-danos-irreversibles-por-desnutricion-y-condiciones-inhumanas-en-cuba-31-600x400.jpg","newsmatic-thumb":"https:\/\/lobosnews.com.ar\/wp-content\/uploads\/2026\/04\/prisoners-defenders-denuncio-que-90-000-presos-sufren-danos-irreversibles-por-desnutricion-y-condiciones-inhumanas-en-cuba-31-300x200.jpg","newsmatic-small":"https:\/\/lobosnews.com.ar\/wp-content\/uploads\/2026\/04\/prisoners-defenders-denuncio-que-90-000-presos-sufren-danos-irreversibles-por-desnutricion-y-condiciones-inhumanas-en-cuba-31-150x95.jpg","newsmatic-grid":"https:\/\/lobosnews.com.ar\/wp-content\/uploads\/2026\/04\/prisoners-defenders-denuncio-que-90-000-presos-sufren-danos-irreversibles-por-desnutricion-y-condiciones-inhumanas-en-cuba-31-400x250.jpg"},"magazineBlocksPostAuthor":{"name":"admin","avatar":"https:\/\/secure.gravatar.com\/avatar\/76e419471a2083bc3ceab22a763dbbf9b0c1bd15a6214cf3280e2c2dde4580f9?s=96&d=mm&r=g"},"magazineBlocksPostCommentsNumber":"0","magazineBlocksPostExcerpt":"Un informe publicado por la ONG Prisoners Defenders revel\u00f3 que la poblaci\u00f3n carcelaria cubana recibe una \u00abdieta diaria incompatible con la salud humana\u201c, lo que provoca enfermedades graves, deterioro f\u00edsico y un impacto humanitario de escala masiva. Javier Larrondo, presidente de la organizaci\u00f3n, advirti\u00f3 en di\u00e1logo con Infobae sobre la magnitud del drama carcelario en...","magazineBlocksPostCategories":["Actualidad"],"magazineBlocksPostViewCount":4,"magazineBlocksPostReadTime":5,"magazine_blocks_featured_image_url":{"full":["https:\/\/lobosnews.com.ar\/wp-content\/uploads\/2026\/04\/prisoners-defenders-denuncio-que-90-000-presos-sufren-danos-irreversibles-por-desnutricion-y-condiciones-inhumanas-en-cuba-31.jpg",780,1040,false],"medium":["https:\/\/lobosnews.com.ar\/wp-content\/uploads\/2026\/04\/prisoners-defenders-denuncio-que-90-000-presos-sufren-danos-irreversibles-por-desnutricion-y-condiciones-inhumanas-en-cuba-31-225x300.jpg",225,300,true],"thumbnail":["https:\/\/lobosnews.com.ar\/wp-content\/uploads\/2026\/04\/prisoners-defenders-denuncio-que-90-000-presos-sufren-danos-irreversibles-por-desnutricion-y-condiciones-inhumanas-en-cuba-31-150x150.jpg",150,150,true]},"magazine_blocks_author":{"display_name":"admin","author_link":"https:\/\/lobosnews.com.ar\/index.php\/author\/lobos-news\/"},"magazine_blocks_comment":0,"magazine_blocks_author_image":"https:\/\/secure.gravatar.com\/avatar\/76e419471a2083bc3ceab22a763dbbf9b0c1bd15a6214cf3280e2c2dde4580f9?s=96&d=mm&r=g","magazine_blocks_category":"<a href=\"#\" class=\"category-link category-link-31\">Actualidad<\/a>","yoast_head":"<!-- This site is optimized with the Yoast SEO plugin v26.6 - https:\/\/yoast.com\/wordpress\/plugins\/seo\/ -->\n<title>Prisoners Defenders denunci\u00f3 que 90.000 presos sufren da\u00f1os irreversibles por desnutrici\u00f3n y condiciones inhumanas en Cuba - Lobos News<\/title>\n<meta name=\"robots\" content=\"index, follow, max-snippet:-1, max-image-preview:large, max-video-preview:-1\" \/>\n<link rel=\"canonical\" href=\"https:\/\/lobosnews.com.ar\/index.php\/2026\/04\/28\/prisoners-defenders-denuncio-que-90-000-presos-sufren-danos-irreversibles-por-desnutricion-y-condiciones-inhumanas-en-cuba-2\/\" \/>\n<meta property=\"og:locale\" content=\"es_ES\" \/>\n<meta property=\"og:type\" content=\"article\" \/>\n<meta property=\"og:title\" content=\"Prisoners Defenders denunci\u00f3 que 90.000 presos sufren da\u00f1os irreversibles por desnutrici\u00f3n y condiciones inhumanas en Cuba - Lobos News\" \/>\n<meta property=\"og:description\" content=\"Un informe publicado por la ONG Prisoners Defenders revel\u00f3 que la poblaci\u00f3n carcelaria cubana recibe una \u00abdieta diaria incompatible con la salud humana\u201c, lo que provoca enfermedades graves, deterioro f\u00edsico y un impacto humanitario de escala masiva. Javier Larrondo, presidente de la organizaci\u00f3n, advirti\u00f3 en di\u00e1logo con Infobae sobre la magnitud del drama carcelario en...\" \/>\n<meta property=\"og:url\" content=\"https:\/\/lobosnews.com.ar\/index.php\/2026\/04\/28\/prisoners-defenders-denuncio-que-90-000-presos-sufren-danos-irreversibles-por-desnutricion-y-condiciones-inhumanas-en-cuba-2\/\" \/>\n<meta property=\"og:site_name\" content=\"Lobos News\" \/>\n<meta property=\"article:published_time\" content=\"2026-04-28T11:20:48+00:00\" \/>\n<meta property=\"article:modified_time\" content=\"2026-04-28T14:49:31+00:00\" \/>\n<meta property=\"og:image\" content=\"https:\/\/lobosnews.com.ar\/wp-content\/uploads\/2026\/04\/prisoners-defenders-denuncio-que-90-000-presos-sufren-danos-irreversibles-por-desnutricion-y-condiciones-inhumanas-en-cuba.jpg\" \/>\n<meta name=\"author\" content=\"admin\" \/>\n<meta name=\"twitter:card\" content=\"summary_large_image\" \/>\n<meta name=\"twitter:label1\" content=\"Escrito por\" \/>\n\t<meta name=\"twitter:data1\" content=\"admin\" \/>\n\t<meta name=\"twitter:label2\" content=\"Tiempo de lectura\" \/>\n\t<meta name=\"twitter:data2\" content=\"5 minutos\" \/>\n<script type=\"application\/ld+json\" class=\"yoast-schema-graph\">{\"@context\":\"https:\/\/schema.org\",\"@graph\":[{\"@type\":\"Article\",\"@id\":\"https:\/\/lobosnews.com.ar\/index.php\/2026\/04\/28\/prisoners-defenders-denuncio-que-90-000-presos-sufren-danos-irreversibles-por-desnutricion-y-condiciones-inhumanas-en-cuba-2\/#article\",\"isPartOf\":{\"@id\":\"https:\/\/lobosnews.com.ar\/index.php\/2026\/04\/28\/prisoners-defenders-denuncio-que-90-000-presos-sufren-danos-irreversibles-por-desnutricion-y-condiciones-inhumanas-en-cuba-2\/\"},\"author\":{\"name\":\"admin\",\"@id\":\"https:\/\/lobosnews.com.ar\/#\/schema\/person\/232422a593d5c541dd9aef6aaed10943\"},\"headline\":\"Prisoners Defenders denunci\u00f3 que 90.000 presos sufren da\u00f1os irreversibles por desnutrici\u00f3n y condiciones inhumanas en Cuba\",\"datePublished\":\"2026-04-28T11:20:48+00:00\",\"dateModified\":\"2026-04-28T14:49:31+00:00\",\"mainEntityOfPage\":{\"@id\":\"https:\/\/lobosnews.com.ar\/index.php\/2026\/04\/28\/prisoners-defenders-denuncio-que-90-000-presos-sufren-danos-irreversibles-por-desnutricion-y-condiciones-inhumanas-en-cuba-2\/\"},\"wordCount\":956,\"commentCount\":0,\"publisher\":{\"@id\":\"https:\/\/lobosnews.com.ar\/#organization\"},\"image\":{\"@id\":\"https:\/\/lobosnews.com.ar\/index.php\/2026\/04\/28\/prisoners-defenders-denuncio-que-90-000-presos-sufren-danos-irreversibles-por-desnutricion-y-condiciones-inhumanas-en-cuba-2\/#primaryimage\"},\"thumbnailUrl\":\"https:\/\/lobosnews.com.ar\/wp-content\/uploads\/2026\/04\/prisoners-defenders-denuncio-que-90-000-presos-sufren-danos-irreversibles-por-desnutricion-y-condiciones-inhumanas-en-cuba-31.jpg\",\"articleSection\":[\"Actualidad\"],\"inLanguage\":\"es\",\"potentialAction\":[{\"@type\":\"CommentAction\",\"name\":\"Comment\",\"target\":[\"https:\/\/lobosnews.com.ar\/index.php\/2026\/04\/28\/prisoners-defenders-denuncio-que-90-000-presos-sufren-danos-irreversibles-por-desnutricion-y-condiciones-inhumanas-en-cuba-2\/#respond\"]}]},{\"@type\":\"WebPage\",\"@id\":\"https:\/\/lobosnews.com.ar\/index.php\/2026\/04\/28\/prisoners-defenders-denuncio-que-90-000-presos-sufren-danos-irreversibles-por-desnutricion-y-condiciones-inhumanas-en-cuba-2\/\",\"url\":\"https:\/\/lobosnews.com.ar\/index.php\/2026\/04\/28\/prisoners-defenders-denuncio-que-90-000-presos-sufren-danos-irreversibles-por-desnutricion-y-condiciones-inhumanas-en-cuba-2\/\",\"name\":\"Prisoners Defenders denunci\u00f3 que 90.000 presos sufren da\u00f1os irreversibles por desnutrici\u00f3n y condiciones inhumanas en Cuba - Lobos News\",\"isPartOf\":{\"@id\":\"https:\/\/lobosnews.com.ar\/#website\"},\"primaryImageOfPage\":{\"@id\":\"https:\/\/lobosnews.com.ar\/index.php\/2026\/04\/28\/prisoners-defenders-denuncio-que-90-000-presos-sufren-danos-irreversibles-por-desnutricion-y-condiciones-inhumanas-en-cuba-2\/#primaryimage\"},\"image\":{\"@id\":\"https:\/\/lobosnews.com.ar\/index.php\/2026\/04\/28\/prisoners-defenders-denuncio-que-90-000-presos-sufren-danos-irreversibles-por-desnutricion-y-condiciones-inhumanas-en-cuba-2\/#primaryimage\"},\"thumbnailUrl\":\"https:\/\/lobosnews.com.ar\/wp-content\/uploads\/2026\/04\/prisoners-defenders-denuncio-que-90-000-presos-sufren-danos-irreversibles-por-desnutricion-y-condiciones-inhumanas-en-cuba-31.jpg\",\"datePublished\":\"2026-04-28T11:20:48+00:00\",\"dateModified\":\"2026-04-28T14:49:31+00:00\",\"breadcrumb\":{\"@id\":\"https:\/\/lobosnews.com.ar\/index.php\/2026\/04\/28\/prisoners-defenders-denuncio-que-90-000-presos-sufren-danos-irreversibles-por-desnutricion-y-condiciones-inhumanas-en-cuba-2\/#breadcrumb\"},\"inLanguage\":\"es\",\"potentialAction\":[{\"@type\":\"ReadAction\",\"target\":[\"https:\/\/lobosnews.com.ar\/index.php\/2026\/04\/28\/prisoners-defenders-denuncio-que-90-000-presos-sufren-danos-irreversibles-por-desnutricion-y-condiciones-inhumanas-en-cuba-2\/\"]}]},{\"@type\":\"ImageObject\",\"inLanguage\":\"es\",\"@id\":\"https:\/\/lobosnews.com.ar\/index.php\/2026\/04\/28\/prisoners-defenders-denuncio-que-90-000-presos-sufren-danos-irreversibles-por-desnutricion-y-condiciones-inhumanas-en-cuba-2\/#primaryimage\",\"url\":\"https:\/\/lobosnews.com.ar\/wp-content\/uploads\/2026\/04\/prisoners-defenders-denuncio-que-90-000-presos-sufren-danos-irreversibles-por-desnutricion-y-condiciones-inhumanas-en-cuba-31.jpg\",\"contentUrl\":\"https:\/\/lobosnews.com.ar\/wp-content\/uploads\/2026\/04\/prisoners-defenders-denuncio-que-90-000-presos-sufren-danos-irreversibles-por-desnutricion-y-condiciones-inhumanas-en-cuba-31.jpg\",\"width\":780,\"height\":1040,\"caption\":\"Prisoners Defenders denunci\u00f3 que 90.000 presos sufren da\u00f1os irreversibles por desnutrici\u00f3n y condiciones inhumanas en Cuba\"},{\"@type\":\"BreadcrumbList\",\"@id\":\"https:\/\/lobosnews.com.ar\/index.php\/2026\/04\/28\/prisoners-defenders-denuncio-que-90-000-presos-sufren-danos-irreversibles-por-desnutricion-y-condiciones-inhumanas-en-cuba-2\/#breadcrumb\",\"itemListElement\":[{\"@type\":\"ListItem\",\"position\":1,\"name\":\"Portada\",\"item\":\"https:\/\/lobosnews.com.ar\/\"},{\"@type\":\"ListItem\",\"position\":2,\"name\":\"Prisoners Defenders denunci\u00f3 que 90.000 presos sufren da\u00f1os irreversibles por desnutrici\u00f3n y condiciones inhumanas en Cuba\"}]},{\"@type\":\"WebSite\",\"@id\":\"https:\/\/lobosnews.com.ar\/#website\",\"url\":\"https:\/\/lobosnews.com.ar\/\",\"name\":\"Lobos News\",\"description\":\"Informaci\u00f3n a cada instante\",\"publisher\":{\"@id\":\"https:\/\/lobosnews.com.ar\/#organization\"},\"potentialAction\":[{\"@type\":\"SearchAction\",\"target\":{\"@type\":\"EntryPoint\",\"urlTemplate\":\"https:\/\/lobosnews.com.ar\/?s={search_term_string}\"},\"query-input\":{\"@type\":\"PropertyValueSpecification\",\"valueRequired\":true,\"valueName\":\"search_term_string\"}}],\"inLanguage\":\"es\"},{\"@type\":\"Organization\",\"@id\":\"https:\/\/lobosnews.com.ar\/#organization\",\"name\":\"Lobos News\",\"url\":\"https:\/\/lobosnews.com.ar\/\",\"logo\":{\"@type\":\"ImageObject\",\"inLanguage\":\"es\",\"@id\":\"https:\/\/lobosnews.com.ar\/#\/schema\/logo\/image\/\",\"url\":\"https:\/\/lobosnews.com.ar\/wp-content\/uploads\/2026\/01\/logo-lobosnews.png\",\"contentUrl\":\"https:\/\/lobosnews.com.ar\/wp-content\/uploads\/2026\/01\/logo-lobosnews.png\",\"width\":500,\"height\":200,\"caption\":\"Lobos News\"},\"image\":{\"@id\":\"https:\/\/lobosnews.com.ar\/#\/schema\/logo\/image\/\"}},{\"@type\":\"Person\",\"@id\":\"https:\/\/lobosnews.com.ar\/#\/schema\/person\/232422a593d5c541dd9aef6aaed10943\",\"name\":\"admin\",\"image\":{\"@type\":\"ImageObject\",\"inLanguage\":\"es\",\"@id\":\"https:\/\/lobosnews.com.ar\/#\/schema\/person\/image\/\",\"url\":\"https:\/\/secure.gravatar.com\/avatar\/76e419471a2083bc3ceab22a763dbbf9b0c1bd15a6214cf3280e2c2dde4580f9?s=96&d=mm&r=g\",\"contentUrl\":\"https:\/\/secure.gravatar.com\/avatar\/76e419471a2083bc3ceab22a763dbbf9b0c1bd15a6214cf3280e2c2dde4580f9?s=96&d=mm&r=g\",\"caption\":\"admin\"},\"sameAs\":[\"https:\/\/lobosnews.com.ar\"],\"url\":\"https:\/\/lobosnews.com.ar\/index.php\/author\/lobos-news\/\"}]}<\/script>\n<!-- \/ Yoast SEO plugin. -->","yoast_head_json":{"title":"Prisoners Defenders denunci\u00f3 que 90.000 presos sufren da\u00f1os irreversibles por desnutrici\u00f3n y condiciones inhumanas en Cuba - Lobos News","robots":{"index":"index","follow":"follow","max-snippet":"max-snippet:-1","max-image-preview":"max-image-preview:large","max-video-preview":"max-video-preview:-1"},"canonical":"https:\/\/lobosnews.com.ar\/index.php\/2026\/04\/28\/prisoners-defenders-denuncio-que-90-000-presos-sufren-danos-irreversibles-por-desnutricion-y-condiciones-inhumanas-en-cuba-2\/","og_locale":"es_ES","og_type":"article","og_title":"Prisoners Defenders denunci\u00f3 que 90.000 presos sufren da\u00f1os irreversibles por desnutrici\u00f3n y condiciones inhumanas en Cuba - Lobos News","og_description":"Un informe publicado por la ONG Prisoners Defenders revel\u00f3 que la poblaci\u00f3n carcelaria cubana recibe una \u00abdieta diaria incompatible con la salud humana\u201c, lo que provoca enfermedades graves, deterioro f\u00edsico y un impacto humanitario de escala masiva. Javier Larrondo, presidente de la organizaci\u00f3n, advirti\u00f3 en di\u00e1logo con Infobae sobre la magnitud del drama carcelario en...","og_url":"https:\/\/lobosnews.com.ar\/index.php\/2026\/04\/28\/prisoners-defenders-denuncio-que-90-000-presos-sufren-danos-irreversibles-por-desnutricion-y-condiciones-inhumanas-en-cuba-2\/","og_site_name":"Lobos News","article_published_time":"2026-04-28T11:20:48+00:00","article_modified_time":"2026-04-28T14:49:31+00:00","og_image":[{"url":"https:\/\/lobosnews.com.ar\/wp-content\/uploads\/2026\/04\/prisoners-defenders-denuncio-que-90-000-presos-sufren-danos-irreversibles-por-desnutricion-y-condiciones-inhumanas-en-cuba.jpg","type":"","width":"","height":""}],"author":"admin","twitter_card":"summary_large_image","twitter_misc":{"Escrito por":"admin","Tiempo de lectura":"5 minutos"},"schema":{"@context":"https:\/\/schema.org","@graph":[{"@type":"Article","@id":"https:\/\/lobosnews.com.ar\/index.php\/2026\/04\/28\/prisoners-defenders-denuncio-que-90-000-presos-sufren-danos-irreversibles-por-desnutricion-y-condiciones-inhumanas-en-cuba-2\/#article","isPartOf":{"@id":"https:\/\/lobosnews.com.ar\/index.php\/2026\/04\/28\/prisoners-defenders-denuncio-que-90-000-presos-sufren-danos-irreversibles-por-desnutricion-y-condiciones-inhumanas-en-cuba-2\/"},"author":{"name":"admin","@id":"https:\/\/lobosnews.com.ar\/#\/schema\/person\/232422a593d5c541dd9aef6aaed10943"},"headline":"Prisoners Defenders denunci\u00f3 que 90.000 presos sufren da\u00f1os irreversibles por desnutrici\u00f3n y condiciones inhumanas en Cuba","datePublished":"2026-04-28T11:20:48+00:00","dateModified":"2026-04-28T14:49:31+00:00","mainEntityOfPage":{"@id":"https:\/\/lobosnews.com.ar\/index.php\/2026\/04\/28\/prisoners-defenders-denuncio-que-90-000-presos-sufren-danos-irreversibles-por-desnutricion-y-condiciones-inhumanas-en-cuba-2\/"},"wordCount":956,"commentCount":0,"publisher":{"@id":"https:\/\/lobosnews.com.ar\/#organization"},"image":{"@id":"https:\/\/lobosnews.com.ar\/index.php\/2026\/04\/28\/prisoners-defenders-denuncio-que-90-000-presos-sufren-danos-irreversibles-por-desnutricion-y-condiciones-inhumanas-en-cuba-2\/#primaryimage"},"thumbnailUrl":"https:\/\/lobosnews.com.ar\/wp-content\/uploads\/2026\/04\/prisoners-defenders-denuncio-que-90-000-presos-sufren-danos-irreversibles-por-desnutricion-y-condiciones-inhumanas-en-cuba-31.jpg","articleSection":["Actualidad"],"inLanguage":"es","potentialAction":[{"@type":"CommentAction","name":"Comment","target":["https:\/\/lobosnews.com.ar\/index.php\/2026\/04\/28\/prisoners-defenders-denuncio-que-90-000-presos-sufren-danos-irreversibles-por-desnutricion-y-condiciones-inhumanas-en-cuba-2\/#respond"]}]},{"@type":"WebPage","@id":"https:\/\/lobosnews.com.ar\/index.php\/2026\/04\/28\/prisoners-defenders-denuncio-que-90-000-presos-sufren-danos-irreversibles-por-desnutricion-y-condiciones-inhumanas-en-cuba-2\/","url":"https:\/\/lobosnews.com.ar\/index.php\/2026\/04\/28\/prisoners-defenders-denuncio-que-90-000-presos-sufren-danos-irreversibles-por-desnutricion-y-condiciones-inhumanas-en-cuba-2\/","name":"Prisoners Defenders denunci\u00f3 que 90.000 presos sufren da\u00f1os irreversibles por desnutrici\u00f3n y condiciones inhumanas en Cuba - Lobos News","isPartOf":{"@id":"https:\/\/lobosnews.com.ar\/#website"},"primaryImageOfPage":{"@id":"https:\/\/lobosnews.com.ar\/index.php\/2026\/04\/28\/prisoners-defenders-denuncio-que-90-000-presos-sufren-danos-irreversibles-por-desnutricion-y-condiciones-inhumanas-en-cuba-2\/#primaryimage"},"image":{"@id":"https:\/\/lobosnews.com.ar\/index.php\/2026\/04\/28\/prisoners-defenders-denuncio-que-90-000-presos-sufren-danos-irreversibles-por-desnutricion-y-condiciones-inhumanas-en-cuba-2\/#primaryimage"},"thumbnailUrl":"https:\/\/lobosnews.com.ar\/wp-content\/uploads\/2026\/04\/prisoners-defenders-denuncio-que-90-000-presos-sufren-danos-irreversibles-por-desnutricion-y-condiciones-inhumanas-en-cuba-31.jpg","datePublished":"2026-04-28T11:20:48+00:00","dateModified":"2026-04-28T14:49:31+00:00","breadcrumb":{"@id":"https:\/\/lobosnews.com.ar\/index.php\/2026\/04\/28\/prisoners-defenders-denuncio-que-90-000-presos-sufren-danos-irreversibles-por-desnutricion-y-condiciones-inhumanas-en-cuba-2\/#breadcrumb"},"inLanguage":"es","potentialAction":[{"@type":"ReadAction","target":["https:\/\/lobosnews.com.ar\/index.php\/2026\/04\/28\/prisoners-defenders-denuncio-que-90-000-presos-sufren-danos-irreversibles-por-desnutricion-y-condiciones-inhumanas-en-cuba-2\/"]}]},{"@type":"ImageObject","inLanguage":"es","@id":"https:\/\/lobosnews.com.ar\/index.php\/2026\/04\/28\/prisoners-defenders-denuncio-que-90-000-presos-sufren-danos-irreversibles-por-desnutricion-y-condiciones-inhumanas-en-cuba-2\/#primaryimage","url":"https:\/\/lobosnews.com.ar\/wp-content\/uploads\/2026\/04\/prisoners-defenders-denuncio-que-90-000-presos-sufren-danos-irreversibles-por-desnutricion-y-condiciones-inhumanas-en-cuba-31.jpg","contentUrl":"https:\/\/lobosnews.com.ar\/wp-content\/uploads\/2026\/04\/prisoners-defenders-denuncio-que-90-000-presos-sufren-danos-irreversibles-por-desnutricion-y-condiciones-inhumanas-en-cuba-31.jpg","width":780,"height":1040,"caption":"Prisoners Defenders denunci\u00f3 que 90.000 presos sufren da\u00f1os irreversibles por desnutrici\u00f3n y condiciones inhumanas en Cuba"},{"@type":"BreadcrumbList","@id":"https:\/\/lobosnews.com.ar\/index.php\/2026\/04\/28\/prisoners-defenders-denuncio-que-90-000-presos-sufren-danos-irreversibles-por-desnutricion-y-condiciones-inhumanas-en-cuba-2\/#breadcrumb","itemListElement":[{"@type":"ListItem","position":1,"name":"Portada","item":"https:\/\/lobosnews.com.ar\/"},{"@type":"ListItem","position":2,"name":"Prisoners Defenders denunci\u00f3 que 90.000 presos sufren da\u00f1os irreversibles por desnutrici\u00f3n y condiciones inhumanas en Cuba"}]},{"@type":"WebSite","@id":"https:\/\/lobosnews.com.ar\/#website","url":"https:\/\/lobosnews.com.ar\/","name":"Lobos News","description":"Informaci\u00f3n a cada instante","publisher":{"@id":"https:\/\/lobosnews.com.ar\/#organization"},"potentialAction":[{"@type":"SearchAction","target":{"@type":"EntryPoint","urlTemplate":"https:\/\/lobosnews.com.ar\/?s={search_term_string}"},"query-input":{"@type":"PropertyValueSpecification","valueRequired":true,"valueName":"search_term_string"}}],"inLanguage":"es"},{"@type":"Organization","@id":"https:\/\/lobosnews.com.ar\/#organization","name":"Lobos News","url":"https:\/\/lobosnews.com.ar\/","logo":{"@type":"ImageObject","inLanguage":"es","@id":"https:\/\/lobosnews.com.ar\/#\/schema\/logo\/image\/","url":"https:\/\/lobosnews.com.ar\/wp-content\/uploads\/2026\/01\/logo-lobosnews.png","contentUrl":"https:\/\/lobosnews.com.ar\/wp-content\/uploads\/2026\/01\/logo-lobosnews.png","width":500,"height":200,"caption":"Lobos News"},"image":{"@id":"https:\/\/lobosnews.com.ar\/#\/schema\/logo\/image\/"}},{"@type":"Person","@id":"https:\/\/lobosnews.com.ar\/#\/schema\/person\/232422a593d5c541dd9aef6aaed10943","name":"admin","image":{"@type":"ImageObject","inLanguage":"es","@id":"https:\/\/lobosnews.com.ar\/#\/schema\/person\/image\/","url":"https:\/\/secure.gravatar.com\/avatar\/76e419471a2083bc3ceab22a763dbbf9b0c1bd15a6214cf3280e2c2dde4580f9?s=96&d=mm&r=g","contentUrl":"https:\/\/secure.gravatar.com\/avatar\/76e419471a2083bc3ceab22a763dbbf9b0c1bd15a6214cf3280e2c2dde4580f9?s=96&d=mm&r=g","caption":"admin"},"sameAs":["https:\/\/lobosnews.com.ar"],"url":"https:\/\/lobosnews.com.ar\/index.php\/author\/lobos-news\/"}]}},"jetpack_featured_media_url":"https:\/\/lobosnews.com.ar\/wp-content\/uploads\/2026\/04\/prisoners-defenders-denuncio-que-90-000-presos-sufren-danos-irreversibles-por-desnutricion-y-condiciones-inhumanas-en-cuba-31.jpg","jetpack_sharing_enabled":true,"_links":{"self":[{"href":"https:\/\/lobosnews.com.ar\/index.php\/wp-json\/wp\/v2\/posts\/46593","targetHints":{"allow":["GET"]}}],"collection":[{"href":"https:\/\/lobosnews.com.ar\/index.php\/wp-json\/wp\/v2\/posts"}],"about":[{"href":"https:\/\/lobosnews.com.ar\/index.php\/wp-json\/wp\/v2\/types\/post"}],"author":[{"embeddable":true,"href":"https:\/\/lobosnews.com.ar\/index.php\/wp-json\/wp\/v2\/users\/1"}],"replies":[{"embeddable":true,"href":"https:\/\/lobosnews.com.ar\/index.php\/wp-json\/wp\/v2\/comments?post=46593"}],"version-history":[{"count":1,"href":"https:\/\/lobosnews.com.ar\/index.php\/wp-json\/wp\/v2\/posts\/46593\/revisions"}],"predecessor-version":[{"id":46615,"href":"https:\/\/lobosnews.com.ar\/index.php\/wp-json\/wp\/v2\/posts\/46593\/revisions\/46615"}],"wp:featuredmedia":[{"embeddable":true,"href":"https:\/\/lobosnews.com.ar\/index.php\/wp-json\/wp\/v2\/media\/46616"}],"wp:attachment":[{"href":"https:\/\/lobosnews.com.ar\/index.php\/wp-json\/wp\/v2\/media?parent=46593"}],"wp:term":[{"taxonomy":"category","embeddable":true,"href":"https:\/\/lobosnews.com.ar\/index.php\/wp-json\/wp\/v2\/categories?post=46593"},{"taxonomy":"post_tag","embeddable":true,"href":"https:\/\/lobosnews.com.ar\/index.php\/wp-json\/wp\/v2\/tags?post=46593"}],"curies":[{"name":"wp","href":"https:\/\/api.w.org\/{rel}","templated":true}]}}