{"id":46532,"date":"2026-04-28T12:53:12","date_gmt":"2026-04-28T12:53:12","guid":{"rendered":"https:\/\/lobosnews.com.ar\/index.php\/2026\/04\/28\/psg-y-bayern-munich-abren-las-semifinales-de-la-champions-league-todo-lo-que-hay-que-saber\/"},"modified":"2026-04-28T14:38:33","modified_gmt":"2026-04-28T14:38:33","slug":"psg-y-bayern-munich-abren-las-semifinales-de-la-champions-league-todo-lo-que-hay-que-saber","status":"publish","type":"post","link":"https:\/\/lobosnews.com.ar\/index.php\/2026\/04\/28\/psg-y-bayern-munich-abren-las-semifinales-de-la-champions-league-todo-lo-que-hay-que-saber\/","title":{"rendered":"PSG y Bayern M\u00fanich abren las semifinales de la Champions League: todo lo que hay que saber"},"content":{"rendered":"<p><b>Horario<\/b>: 16 (Argentina, Paraguay, Uruguay); 15 (Chile, Miami -EEUU-); 14 (Colombia, Ecuador, Per\u00fa) <\/p>\n<p><b>TV<\/b>: ESPN (Argentina) \/ Disney+ (Sudam\u00e9rica)<\/p>\n<p>PSG y Bayern llegan a la semifinal con ataques de \u00e9lite y m\u00faltiples variantes: del lado franc\u00e9s destacan <b>Demb\u00e9l\u00e9, Dou\u00e9 y Kvaratskhelia<\/b>, mientras que los alemanes responden con<b> Kane, Musiala, Olise y Luis D\u00edaz<\/b>.<\/p>\n<p><img loading=\"lazy\" decoding=\"async\" src=\"https:\/\/lobosnews.com.ar\/wp-content\/uploads\/2026\/04\/psg-y-bayern-munich-abren-las-semifinales-de-la-champions-league-todo-lo-que-hay-que-saber.jpg\" alt=\"Harry Kane intentar\u00e1 convertir en el Parque de los Pr\u00edncipes (Reuters)\" height=\"2404\" width=\"3559\"\/><\/p>\n<p>El <b>Parque de los Pr\u00edncipes <\/b>ya palpita lo que ser\u00e1 el primer partido de esta semifinal de la UEFA Champions League. El Bayern M\u00fanich llega con una estad\u00edstica que intimida: ha ganado sus <b>\u00faltimos 5 enfrentamientos directos <\/b>contra el PSG en la Champions.<\/p>\n<p><b>Posibles formaciones<\/b>:<\/p>\n<p><b>PSG<\/b>: Matv\u00e9i Safonov; Hakimi, Marquinhos, Willian Pacho, Nuno Mendes; Zaire-Emery, Vitinha, Joao Neves; D\u00e9sir\u00e9 Dou\u00e9, Ousmane Demb\u00e9l\u00e9, Khvicha Kvaratskhelia. DT: Luis Enrique.<\/p>\n<p><b>Bayern M\u00fanich<\/b>: Manuel Neuer; Josip Stanisic, Dayot Upamecano, Jonathan Tah, Konrad Laimer; Joshua Kimmich, Aleksandar Pavlovic; Michael Olise, Jamal Musiala, Luis D\u00edaz; Harry Kane. DT: Vincent Kompany.<\/p>\n<p>Bienvenidos al minuto a minuto del partido de ida de las semifinales entre el <b>PSG<\/b> y <b>Bayern M\u00fanich<\/b> por la <b>Champions League<\/b>.<\/p>\n<p><img loading=\"lazy\" decoding=\"async\" src=\"https:\/\/lobosnews.com.ar\/wp-content\/uploads\/2026\/04\/psg-y-bayern-munich-abren-las-semifinales-de-la-champions-league-todo-lo-que-hay-que-saber-1.jpg\" alt=\"Futbolistas del Paris Saint-Germain y del Bayern M\u00fanich, listos para un nuevo duelo en la \u00e9lite del f\u00fatbol europeo.\" height=\"1080\" width=\"1920\"\/><\/p>\n","protected":false},"excerpt":{"rendered":"<p>Horario: 16 (Argentina, Paraguay, Uruguay); 15 (Chile, Miami -EEUU-); 14 (Colombia, Ecuador, Per\u00fa) TV: ESPN (Argentina) \/ Disney+ (Sudam\u00e9rica) PSG y Bayern llegan a la semifinal con ataques de \u00e9lite y m\u00faltiples variantes: del lado franc\u00e9s destacan Demb\u00e9l\u00e9, Dou\u00e9 y Kvaratskhelia, mientras que los alemanes responden con Kane, Musiala, Olise y Luis D\u00edaz. El Parque&#8230;<\/p>\n","protected":false},"author":1,"featured_media":0,"comment_status":"open","ping_status":"closed","sticky":false,"template":"","format":"standard","meta":{"_jetpack_memberships_contains_paid_content":false,"footnotes":""},"categories":[30],"tags":[39],"class_list":["post-46532","post","type-post","status-publish","format-standard","hentry","category-argentina","tag-deportes"],"magazineBlocksPostFeaturedMedia":{"thumbnail":false,"medium":false,"medium_large":false,"large":false,"1536x1536":false,"2048x2048":false,"newsmatic-featured":false,"newsmatic-list":false,"newsmatic-thumb":false,"newsmatic-small":false,"newsmatic-grid":false},"magazineBlocksPostAuthor":{"name":"admin","avatar":"https:\/\/secure.gravatar.com\/avatar\/76e419471a2083bc3ceab22a763dbbf9b0c1bd15a6214cf3280e2c2dde4580f9?s=96&d=mm&r=g"},"magazineBlocksPostCommentsNumber":"0","magazineBlocksPostExcerpt":"Horario: 16 (Argentina, Paraguay, Uruguay); 15 (Chile, Miami -EEUU-); 14 (Colombia, Ecuador, Per\u00fa) TV: ESPN (Argentina) \/ Disney+ (Sudam\u00e9rica) PSG y Bayern llegan a la semifinal con ataques de \u00e9lite y m\u00faltiples variantes: del lado franc\u00e9s destacan Demb\u00e9l\u00e9, Dou\u00e9 y Kvaratskhelia, mientras que los alemanes responden con Kane, Musiala, Olise y Luis D\u00edaz. El Parque...","magazineBlocksPostCategories":["Argentina"],"magazineBlocksPostViewCount":8,"magazineBlocksPostReadTime":1,"magazine_blocks_featured_image_url":{"full":false,"medium":false,"thumbnail":false},"magazine_blocks_author":{"display_name":"admin","author_link":"https:\/\/lobosnews.com.ar\/index.php\/author\/lobos-news\/"},"magazine_blocks_comment":0,"magazine_blocks_author_image":"https:\/\/secure.gravatar.com\/avatar\/76e419471a2083bc3ceab22a763dbbf9b0c1bd15a6214cf3280e2c2dde4580f9?s=96&d=mm&r=g","magazine_blocks_category":"<a href=\"#\" class=\"category-link category-link-30\">Argentina<\/a>","yoast_head":"<!-- This site is optimized with the Yoast SEO plugin v26.6 - https:\/\/yoast.com\/wordpress\/plugins\/seo\/ -->\n<title>PSG y Bayern M\u00fanich abren las semifinales de la Champions League: todo lo que hay que saber - Lobos News<\/title>\n<meta name=\"robots\" content=\"index, follow, max-snippet:-1, max-image-preview:large, max-video-preview:-1\" \/>\n<link rel=\"canonical\" href=\"https:\/\/lobosnews.com.ar\/index.php\/2026\/04\/28\/psg-y-bayern-munich-abren-las-semifinales-de-la-champions-league-todo-lo-que-hay-que-saber\/\" \/>\n<meta property=\"og:locale\" content=\"es_ES\" \/>\n<meta property=\"og:type\" content=\"article\" \/>\n<meta property=\"og:title\" content=\"PSG y Bayern M\u00fanich abren las semifinales de la Champions League: todo lo que hay que saber - Lobos News\" \/>\n<meta property=\"og:description\" content=\"Horario: 16 (Argentina, Paraguay, Uruguay); 15 (Chile, Miami -EEUU-); 14 (Colombia, Ecuador, Per\u00fa) TV: ESPN (Argentina) \/ Disney+ (Sudam\u00e9rica) PSG y Bayern llegan a la semifinal con ataques de \u00e9lite y m\u00faltiples variantes: del lado franc\u00e9s destacan Demb\u00e9l\u00e9, Dou\u00e9 y Kvaratskhelia, mientras que los alemanes responden con Kane, Musiala, Olise y Luis D\u00edaz. El Parque...\" \/>\n<meta property=\"og:url\" content=\"https:\/\/lobosnews.com.ar\/index.php\/2026\/04\/28\/psg-y-bayern-munich-abren-las-semifinales-de-la-champions-league-todo-lo-que-hay-que-saber\/\" \/>\n<meta property=\"og:site_name\" content=\"Lobos News\" \/>\n<meta property=\"article:published_time\" content=\"2026-04-28T12:53:12+00:00\" \/>\n<meta property=\"article:modified_time\" content=\"2026-04-28T14:38:33+00:00\" \/>\n<meta property=\"og:image\" content=\"https:\/\/lobosnews.com.ar\/wp-content\/uploads\/2026\/04\/psg-y-bayern-munich-abren-las-semifinales-de-la-champions-league-todo-lo-que-hay-que-saber.jpg\" \/>\n<meta name=\"author\" content=\"admin\" \/>\n<meta name=\"twitter:card\" content=\"summary_large_image\" \/>\n<meta name=\"twitter:label1\" content=\"Escrito por\" \/>\n\t<meta name=\"twitter:data1\" content=\"admin\" \/>\n\t<meta name=\"twitter:label2\" content=\"Tiempo de lectura\" \/>\n\t<meta name=\"twitter:data2\" content=\"1 minuto\" \/>\n<script type=\"application\/ld+json\" class=\"yoast-schema-graph\">{\"@context\":\"https:\/\/schema.org\",\"@graph\":[{\"@type\":\"Article\",\"@id\":\"https:\/\/lobosnews.com.ar\/index.php\/2026\/04\/28\/psg-y-bayern-munich-abren-las-semifinales-de-la-champions-league-todo-lo-que-hay-que-saber\/#article\",\"isPartOf\":{\"@id\":\"https:\/\/lobosnews.com.ar\/index.php\/2026\/04\/28\/psg-y-bayern-munich-abren-las-semifinales-de-la-champions-league-todo-lo-que-hay-que-saber\/\"},\"author\":{\"name\":\"admin\",\"@id\":\"https:\/\/lobosnews.com.ar\/#\/schema\/person\/232422a593d5c541dd9aef6aaed10943\"},\"headline\":\"PSG y Bayern M\u00fanich abren las semifinales de la Champions League: todo lo que hay que saber\",\"datePublished\":\"2026-04-28T12:53:12+00:00\",\"dateModified\":\"2026-04-28T14:38:33+00:00\",\"mainEntityOfPage\":{\"@id\":\"https:\/\/lobosnews.com.ar\/index.php\/2026\/04\/28\/psg-y-bayern-munich-abren-las-semifinales-de-la-champions-league-todo-lo-que-hay-que-saber\/\"},\"wordCount\":196,\"commentCount\":0,\"publisher\":{\"@id\":\"https:\/\/lobosnews.com.ar\/#organization\"},\"image\":{\"@id\":\"https:\/\/lobosnews.com.ar\/index.php\/2026\/04\/28\/psg-y-bayern-munich-abren-las-semifinales-de-la-champions-league-todo-lo-que-hay-que-saber\/#primaryimage\"},\"thumbnailUrl\":\"https:\/\/lobosnews.com.ar\/wp-content\/uploads\/2026\/04\/psg-y-bayern-munich-abren-las-semifinales-de-la-champions-league-todo-lo-que-hay-que-saber.jpg\",\"keywords\":[\"Deportes\"],\"articleSection\":[\"Argentina\"],\"inLanguage\":\"es\",\"potentialAction\":[{\"@type\":\"CommentAction\",\"name\":\"Comment\",\"target\":[\"https:\/\/lobosnews.com.ar\/index.php\/2026\/04\/28\/psg-y-bayern-munich-abren-las-semifinales-de-la-champions-league-todo-lo-que-hay-que-saber\/#respond\"]}]},{\"@type\":\"WebPage\",\"@id\":\"https:\/\/lobosnews.com.ar\/index.php\/2026\/04\/28\/psg-y-bayern-munich-abren-las-semifinales-de-la-champions-league-todo-lo-que-hay-que-saber\/\",\"url\":\"https:\/\/lobosnews.com.ar\/index.php\/2026\/04\/28\/psg-y-bayern-munich-abren-las-semifinales-de-la-champions-league-todo-lo-que-hay-que-saber\/\",\"name\":\"PSG y Bayern M\u00fanich abren las semifinales de la Champions League: todo lo que hay que saber - Lobos News\",\"isPartOf\":{\"@id\":\"https:\/\/lobosnews.com.ar\/#website\"},\"primaryImageOfPage\":{\"@id\":\"https:\/\/lobosnews.com.ar\/index.php\/2026\/04\/28\/psg-y-bayern-munich-abren-las-semifinales-de-la-champions-league-todo-lo-que-hay-que-saber\/#primaryimage\"},\"image\":{\"@id\":\"https:\/\/lobosnews.com.ar\/index.php\/2026\/04\/28\/psg-y-bayern-munich-abren-las-semifinales-de-la-champions-league-todo-lo-que-hay-que-saber\/#primaryimage\"},\"thumbnailUrl\":\"https:\/\/lobosnews.com.ar\/wp-content\/uploads\/2026\/04\/psg-y-bayern-munich-abren-las-semifinales-de-la-champions-league-todo-lo-que-hay-que-saber.jpg\",\"datePublished\":\"2026-04-28T12:53:12+00:00\",\"dateModified\":\"2026-04-28T14:38:33+00:00\",\"breadcrumb\":{\"@id\":\"https:\/\/lobosnews.com.ar\/index.php\/2026\/04\/28\/psg-y-bayern-munich-abren-las-semifinales-de-la-champions-league-todo-lo-que-hay-que-saber\/#breadcrumb\"},\"inLanguage\":\"es\",\"potentialAction\":[{\"@type\":\"ReadAction\",\"target\":[\"https:\/\/lobosnews.com.ar\/index.php\/2026\/04\/28\/psg-y-bayern-munich-abren-las-semifinales-de-la-champions-league-todo-lo-que-hay-que-saber\/\"]}]},{\"@type\":\"ImageObject\",\"inLanguage\":\"es\",\"@id\":\"https:\/\/lobosnews.com.ar\/index.php\/2026\/04\/28\/psg-y-bayern-munich-abren-las-semifinales-de-la-champions-league-todo-lo-que-hay-que-saber\/#primaryimage\",\"url\":\"https:\/\/lobosnews.com.ar\/wp-content\/uploads\/2026\/04\/psg-y-bayern-munich-abren-las-semifinales-de-la-champions-league-todo-lo-que-hay-que-saber.jpg\",\"contentUrl\":\"https:\/\/lobosnews.com.ar\/wp-content\/uploads\/2026\/04\/psg-y-bayern-munich-abren-las-semifinales-de-la-champions-league-todo-lo-que-hay-que-saber.jpg\"},{\"@type\":\"BreadcrumbList\",\"@id\":\"https:\/\/lobosnews.com.ar\/index.php\/2026\/04\/28\/psg-y-bayern-munich-abren-las-semifinales-de-la-champions-league-todo-lo-que-hay-que-saber\/#breadcrumb\",\"itemListElement\":[{\"@type\":\"ListItem\",\"position\":1,\"name\":\"Portada\",\"item\":\"https:\/\/lobosnews.com.ar\/\"},{\"@type\":\"ListItem\",\"position\":2,\"name\":\"PSG y Bayern M\u00fanich abren las semifinales de la Champions League: todo lo que hay que saber\"}]},{\"@type\":\"WebSite\",\"@id\":\"https:\/\/lobosnews.com.ar\/#website\",\"url\":\"https:\/\/lobosnews.com.ar\/\",\"name\":\"Lobos News\",\"description\":\"Informaci\u00f3n a cada instante\",\"publisher\":{\"@id\":\"https:\/\/lobosnews.com.ar\/#organization\"},\"potentialAction\":[{\"@type\":\"SearchAction\",\"target\":{\"@type\":\"EntryPoint\",\"urlTemplate\":\"https:\/\/lobosnews.com.ar\/?s={search_term_string}\"},\"query-input\":{\"@type\":\"PropertyValueSpecification\",\"valueRequired\":true,\"valueName\":\"search_term_string\"}}],\"inLanguage\":\"es\"},{\"@type\":\"Organization\",\"@id\":\"https:\/\/lobosnews.com.ar\/#organization\",\"name\":\"Lobos News\",\"url\":\"https:\/\/lobosnews.com.ar\/\",\"logo\":{\"@type\":\"ImageObject\",\"inLanguage\":\"es\",\"@id\":\"https:\/\/lobosnews.com.ar\/#\/schema\/logo\/image\/\",\"url\":\"https:\/\/lobosnews.com.ar\/wp-content\/uploads\/2026\/01\/logo-lobosnews.png\",\"contentUrl\":\"https:\/\/lobosnews.com.ar\/wp-content\/uploads\/2026\/01\/logo-lobosnews.png\",\"width\":500,\"height\":200,\"caption\":\"Lobos News\"},\"image\":{\"@id\":\"https:\/\/lobosnews.com.ar\/#\/schema\/logo\/image\/\"}},{\"@type\":\"Person\",\"@id\":\"https:\/\/lobosnews.com.ar\/#\/schema\/person\/232422a593d5c541dd9aef6aaed10943\",\"name\":\"admin\",\"image\":{\"@type\":\"ImageObject\",\"inLanguage\":\"es\",\"@id\":\"https:\/\/lobosnews.com.ar\/#\/schema\/person\/image\/\",\"url\":\"https:\/\/secure.gravatar.com\/avatar\/76e419471a2083bc3ceab22a763dbbf9b0c1bd15a6214cf3280e2c2dde4580f9?s=96&d=mm&r=g\",\"contentUrl\":\"https:\/\/secure.gravatar.com\/avatar\/76e419471a2083bc3ceab22a763dbbf9b0c1bd15a6214cf3280e2c2dde4580f9?s=96&d=mm&r=g\",\"caption\":\"admin\"},\"sameAs\":[\"https:\/\/lobosnews.com.ar\"],\"url\":\"https:\/\/lobosnews.com.ar\/index.php\/author\/lobos-news\/\"}]}<\/script>\n<!-- \/ Yoast SEO plugin. -->","yoast_head_json":{"title":"PSG y Bayern M\u00fanich abren las semifinales de la Champions League: todo lo que hay que saber - Lobos News","robots":{"index":"index","follow":"follow","max-snippet":"max-snippet:-1","max-image-preview":"max-image-preview:large","max-video-preview":"max-video-preview:-1"},"canonical":"https:\/\/lobosnews.com.ar\/index.php\/2026\/04\/28\/psg-y-bayern-munich-abren-las-semifinales-de-la-champions-league-todo-lo-que-hay-que-saber\/","og_locale":"es_ES","og_type":"article","og_title":"PSG y Bayern M\u00fanich abren las semifinales de la Champions League: todo lo que hay que saber - Lobos News","og_description":"Horario: 16 (Argentina, Paraguay, Uruguay); 15 (Chile, Miami -EEUU-); 14 (Colombia, Ecuador, Per\u00fa) TV: ESPN (Argentina) \/ Disney+ (Sudam\u00e9rica) PSG y Bayern llegan a la semifinal con ataques de \u00e9lite y m\u00faltiples variantes: del lado franc\u00e9s destacan Demb\u00e9l\u00e9, Dou\u00e9 y Kvaratskhelia, mientras que los alemanes responden con Kane, Musiala, Olise y Luis D\u00edaz. El Parque...","og_url":"https:\/\/lobosnews.com.ar\/index.php\/2026\/04\/28\/psg-y-bayern-munich-abren-las-semifinales-de-la-champions-league-todo-lo-que-hay-que-saber\/","og_site_name":"Lobos News","article_published_time":"2026-04-28T12:53:12+00:00","article_modified_time":"2026-04-28T14:38:33+00:00","og_image":[{"url":"https:\/\/lobosnews.com.ar\/wp-content\/uploads\/2026\/04\/psg-y-bayern-munich-abren-las-semifinales-de-la-champions-league-todo-lo-que-hay-que-saber.jpg","type":"","width":"","height":""}],"author":"admin","twitter_card":"summary_large_image","twitter_misc":{"Escrito por":"admin","Tiempo de lectura":"1 minuto"},"schema":{"@context":"https:\/\/schema.org","@graph":[{"@type":"Article","@id":"https:\/\/lobosnews.com.ar\/index.php\/2026\/04\/28\/psg-y-bayern-munich-abren-las-semifinales-de-la-champions-league-todo-lo-que-hay-que-saber\/#article","isPartOf":{"@id":"https:\/\/lobosnews.com.ar\/index.php\/2026\/04\/28\/psg-y-bayern-munich-abren-las-semifinales-de-la-champions-league-todo-lo-que-hay-que-saber\/"},"author":{"name":"admin","@id":"https:\/\/lobosnews.com.ar\/#\/schema\/person\/232422a593d5c541dd9aef6aaed10943"},"headline":"PSG y Bayern M\u00fanich abren las semifinales de la Champions League: todo lo que hay que saber","datePublished":"2026-04-28T12:53:12+00:00","dateModified":"2026-04-28T14:38:33+00:00","mainEntityOfPage":{"@id":"https:\/\/lobosnews.com.ar\/index.php\/2026\/04\/28\/psg-y-bayern-munich-abren-las-semifinales-de-la-champions-league-todo-lo-que-hay-que-saber\/"},"wordCount":196,"commentCount":0,"publisher":{"@id":"https:\/\/lobosnews.com.ar\/#organization"},"image":{"@id":"https:\/\/lobosnews.com.ar\/index.php\/2026\/04\/28\/psg-y-bayern-munich-abren-las-semifinales-de-la-champions-league-todo-lo-que-hay-que-saber\/#primaryimage"},"thumbnailUrl":"https:\/\/lobosnews.com.ar\/wp-content\/uploads\/2026\/04\/psg-y-bayern-munich-abren-las-semifinales-de-la-champions-league-todo-lo-que-hay-que-saber.jpg","keywords":["Deportes"],"articleSection":["Argentina"],"inLanguage":"es","potentialAction":[{"@type":"CommentAction","name":"Comment","target":["https:\/\/lobosnews.com.ar\/index.php\/2026\/04\/28\/psg-y-bayern-munich-abren-las-semifinales-de-la-champions-league-todo-lo-que-hay-que-saber\/#respond"]}]},{"@type":"WebPage","@id":"https:\/\/lobosnews.com.ar\/index.php\/2026\/04\/28\/psg-y-bayern-munich-abren-las-semifinales-de-la-champions-league-todo-lo-que-hay-que-saber\/","url":"https:\/\/lobosnews.com.ar\/index.php\/2026\/04\/28\/psg-y-bayern-munich-abren-las-semifinales-de-la-champions-league-todo-lo-que-hay-que-saber\/","name":"PSG y Bayern M\u00fanich abren las semifinales de la Champions League: todo lo que hay que saber - Lobos News","isPartOf":{"@id":"https:\/\/lobosnews.com.ar\/#website"},"primaryImageOfPage":{"@id":"https:\/\/lobosnews.com.ar\/index.php\/2026\/04\/28\/psg-y-bayern-munich-abren-las-semifinales-de-la-champions-league-todo-lo-que-hay-que-saber\/#primaryimage"},"image":{"@id":"https:\/\/lobosnews.com.ar\/index.php\/2026\/04\/28\/psg-y-bayern-munich-abren-las-semifinales-de-la-champions-league-todo-lo-que-hay-que-saber\/#primaryimage"},"thumbnailUrl":"https:\/\/lobosnews.com.ar\/wp-content\/uploads\/2026\/04\/psg-y-bayern-munich-abren-las-semifinales-de-la-champions-league-todo-lo-que-hay-que-saber.jpg","datePublished":"2026-04-28T12:53:12+00:00","dateModified":"2026-04-28T14:38:33+00:00","breadcrumb":{"@id":"https:\/\/lobosnews.com.ar\/index.php\/2026\/04\/28\/psg-y-bayern-munich-abren-las-semifinales-de-la-champions-league-todo-lo-que-hay-que-saber\/#breadcrumb"},"inLanguage":"es","potentialAction":[{"@type":"ReadAction","target":["https:\/\/lobosnews.com.ar\/index.php\/2026\/04\/28\/psg-y-bayern-munich-abren-las-semifinales-de-la-champions-league-todo-lo-que-hay-que-saber\/"]}]},{"@type":"ImageObject","inLanguage":"es","@id":"https:\/\/lobosnews.com.ar\/index.php\/2026\/04\/28\/psg-y-bayern-munich-abren-las-semifinales-de-la-champions-league-todo-lo-que-hay-que-saber\/#primaryimage","url":"https:\/\/lobosnews.com.ar\/wp-content\/uploads\/2026\/04\/psg-y-bayern-munich-abren-las-semifinales-de-la-champions-league-todo-lo-que-hay-que-saber.jpg","contentUrl":"https:\/\/lobosnews.com.ar\/wp-content\/uploads\/2026\/04\/psg-y-bayern-munich-abren-las-semifinales-de-la-champions-league-todo-lo-que-hay-que-saber.jpg"},{"@type":"BreadcrumbList","@id":"https:\/\/lobosnews.com.ar\/index.php\/2026\/04\/28\/psg-y-bayern-munich-abren-las-semifinales-de-la-champions-league-todo-lo-que-hay-que-saber\/#breadcrumb","itemListElement":[{"@type":"ListItem","position":1,"name":"Portada","item":"https:\/\/lobosnews.com.ar\/"},{"@type":"ListItem","position":2,"name":"PSG y Bayern M\u00fanich abren las semifinales de la Champions League: todo lo que hay que saber"}]},{"@type":"WebSite","@id":"https:\/\/lobosnews.com.ar\/#website","url":"https:\/\/lobosnews.com.ar\/","name":"Lobos News","description":"Informaci\u00f3n a cada instante","publisher":{"@id":"https:\/\/lobosnews.com.ar\/#organization"},"potentialAction":[{"@type":"SearchAction","target":{"@type":"EntryPoint","urlTemplate":"https:\/\/lobosnews.com.ar\/?s={search_term_string}"},"query-input":{"@type":"PropertyValueSpecification","valueRequired":true,"valueName":"search_term_string"}}],"inLanguage":"es"},{"@type":"Organization","@id":"https:\/\/lobosnews.com.ar\/#organization","name":"Lobos News","url":"https:\/\/lobosnews.com.ar\/","logo":{"@type":"ImageObject","inLanguage":"es","@id":"https:\/\/lobosnews.com.ar\/#\/schema\/logo\/image\/","url":"https:\/\/lobosnews.com.ar\/wp-content\/uploads\/2026\/01\/logo-lobosnews.png","contentUrl":"https:\/\/lobosnews.com.ar\/wp-content\/uploads\/2026\/01\/logo-lobosnews.png","width":500,"height":200,"caption":"Lobos News"},"image":{"@id":"https:\/\/lobosnews.com.ar\/#\/schema\/logo\/image\/"}},{"@type":"Person","@id":"https:\/\/lobosnews.com.ar\/#\/schema\/person\/232422a593d5c541dd9aef6aaed10943","name":"admin","image":{"@type":"ImageObject","inLanguage":"es","@id":"https:\/\/lobosnews.com.ar\/#\/schema\/person\/image\/","url":"https:\/\/secure.gravatar.com\/avatar\/76e419471a2083bc3ceab22a763dbbf9b0c1bd15a6214cf3280e2c2dde4580f9?s=96&d=mm&r=g","contentUrl":"https:\/\/secure.gravatar.com\/avatar\/76e419471a2083bc3ceab22a763dbbf9b0c1bd15a6214cf3280e2c2dde4580f9?s=96&d=mm&r=g","caption":"admin"},"sameAs":["https:\/\/lobosnews.com.ar"],"url":"https:\/\/lobosnews.com.ar\/index.php\/author\/lobos-news\/"}]}},"jetpack_featured_media_url":"","jetpack_sharing_enabled":true,"_links":{"self":[{"href":"https:\/\/lobosnews.com.ar\/index.php\/wp-json\/wp\/v2\/posts\/46532","targetHints":{"allow":["GET"]}}],"collection":[{"href":"https:\/\/lobosnews.com.ar\/index.php\/wp-json\/wp\/v2\/posts"}],"about":[{"href":"https:\/\/lobosnews.com.ar\/index.php\/wp-json\/wp\/v2\/types\/post"}],"author":[{"embeddable":true,"href":"https:\/\/lobosnews.com.ar\/index.php\/wp-json\/wp\/v2\/users\/1"}],"replies":[{"embeddable":true,"href":"https:\/\/lobosnews.com.ar\/index.php\/wp-json\/wp\/v2\/comments?post=46532"}],"version-history":[{"count":1,"href":"https:\/\/lobosnews.com.ar\/index.php\/wp-json\/wp\/v2\/posts\/46532\/revisions"}],"predecessor-version":[{"id":46537,"href":"https:\/\/lobosnews.com.ar\/index.php\/wp-json\/wp\/v2\/posts\/46532\/revisions\/46537"}],"wp:attachment":[{"href":"https:\/\/lobosnews.com.ar\/index.php\/wp-json\/wp\/v2\/media?parent=46532"}],"wp:term":[{"taxonomy":"category","embeddable":true,"href":"https:\/\/lobosnews.com.ar\/index.php\/wp-json\/wp\/v2\/categories?post=46532"},{"taxonomy":"post_tag","embeddable":true,"href":"https:\/\/lobosnews.com.ar\/index.php\/wp-json\/wp\/v2\/tags?post=46532"}],"curies":[{"name":"wp","href":"https:\/\/api.w.org\/{rel}","templated":true}]}}