{"id":46528,"date":"2026-04-28T13:42:53","date_gmt":"2026-04-28T13:42:53","guid":{"rendered":"https:\/\/lobosnews.com.ar\/index.php\/2026\/04\/28\/quienes-son-los-dos-jugadores-de-boca-juniors-con-chances-de-jugar-el-mundial-2026-junto-a-leandro-paredes\/"},"modified":"2026-04-28T14:38:16","modified_gmt":"2026-04-28T14:38:16","slug":"quienes-son-los-dos-jugadores-de-boca-juniors-con-chances-de-jugar-el-mundial-2026-junto-a-leandro-paredes","status":"publish","type":"post","link":"https:\/\/lobosnews.com.ar\/index.php\/2026\/04\/28\/quienes-son-los-dos-jugadores-de-boca-juniors-con-chances-de-jugar-el-mundial-2026-junto-a-leandro-paredes\/","title":{"rendered":"Qui\u00e9nes son los dos jugadores de Boca Juniors con chances de jugar el Mundial 2026 junto a Leandro Paredes"},"content":{"rendered":"<p><img fetchpriority=\"high\" decoding=\"async\" src=\"https:\/\/lobosnews.com.ar\/wp-content\/uploads\/2026\/04\/quienes-son-los-dos-jugadores-de-boca-juniors-con-chances-de-jugar-el-mundial-2026-junto-a-leandro-paredes.jpg\" alt=\"Leandro Paredes, pieza fija entre los 26 de Scaloni en el Mundial\" height=\"1350\" width=\"1080\"\/><\/p>\n<p><b>Leandro Paredes <\/b>tiene pr\u00e1cticamente asegurado su lugar en la pr\u00f3xima Copa del Mundo con la selecci\u00f3n argentina, pero hay otros dos nombres que cuentan con chances de disputar la cita mundialista que se celebrar\u00e1 en Estados Unidos, M\u00e9xico y Canad\u00e1 a partir del 11 de junio. Se trata de los paraguayos <b>Adam Bareiro y \u00c1ngel Romero<\/b>, que figuran en una prelista de Gustavo Alfaro antes del corte definitivo de fines de mayo.<\/p>\n<p>Sin lugar a dudas, <b>el gran momento de Bareiro en Boca Juniors <\/b>lo lleva a estar bajo la lupa de un Alfaro que sigue el f\u00fatbol argentino naturalmente por cuestiones de arraigo. Hay que remarcar que el centrodelantero de 29 a\u00f1os tuvo mucho protagonismo durante el ciclo de Daniel Garnero, antecesor de Lechuga, que termin\u00f3 con la eliminaci\u00f3n en fase de grupos de la Copa Am\u00e9rica 2024, \u00fanico certamen en el que el futbolista particip\u00f3 con su seleccionado mayor. <\/p>\n<p>Alfaro lo convoc\u00f3 para la fecha FIFA de Eliminatorias Sudamericanas en septiembre de 2024, en la que estuvo en el banco en el resonante triunfo ante Brasil en Asunci\u00f3n. El por entonces atacante de River, lejos de su nivel actual, no volvi\u00f3 a ser llamado y pas\u00f3 por el f\u00fatbol qatar\u00ed antes de desembarcar en Fortaleza de Brasil, donde se relanz\u00f3. Desde su arribo a la Ribera, <b>el paraguayo convirti\u00f3 6 goles en 12 presentaciones <\/b>contando todas las competiciones (torneo local, Copa Argentina y Libertadores).<\/p>\n<p>\u201cLo del Mundial es un sue\u00f1o muy grande para m\u00ed y todos los futbolistas paraguayos que peleamos por ese puesto. Vine ac\u00e1 para hacer las cosas bien, si ac\u00e1 ando bien, sigo haciendo goles, siendo importante, ellos me van a tener en consideraci\u00f3n, que muchas de las charlas que tuve con Gustavo fue sobre eso. Que est\u00e1n siempre mirando a todos los futbolistas paraguayos en el exterior. Que cada uno se gane el lugar sanamente, que hagamos bien las cosas. <b>A m\u00ed me queda eso, seguir trabajando, prepar\u00e1ndome, hacer las cosas bien ac\u00e1 en Boca que, si hago las cosas bien, seguramente est\u00e9 un pasito m\u00e1s cerca de cumplir ese sue\u00f1o<\/b>\u201d, declar\u00f3 Adam en <i>DSports <\/i>hace algunos d\u00edas.<\/p>\n<p><img loading=\"lazy\" decoding=\"async\" src=\"https:\/\/lobosnews.com.ar\/wp-content\/uploads\/2026\/04\/quienes-son-los-dos-jugadores-de-boca-juniors-con-chances-de-jugar-el-mundial-2026-junto-a-leandro-paredes-1.jpg\" alt=\"Los paraguayos Adam Bareiro y \u00c1ngel Romero, en la prelista mundialista de Paraguay\" height=\"1080\" width=\"1920\"\/><\/p>\n<p>En la \u00faltima convocatoria de marzo, Alfaro cit\u00f3 a <b>Antonio Sanabria<\/b> (Cremonese de Italia), <b>Gabriel \u00c1valos <\/b>(Independiente)<b> y Alex Arce <\/b>(Independiente Rivadavia) para afrontar los duelos ante Grecia y Marruecos. En las \u00faltimas tres citaciones de 2025, quien hab\u00eda aparecido en escena era otro delantero que act\u00faa en el f\u00fatbol argentino como <b>Ronaldo Mart\u00ednez<\/b> (Talleres de C\u00f3rdoba), mientras que tambi\u00e9n fue incluido el atacante de Olimpia <b>Adri\u00e1n Alcaraz<\/b>. Dentro de esta \u00f3rbita tambi\u00e9n est\u00e1 <b>Isidro Pitta<\/b>, de buena racha goleadora en Bragantino de Brasil. <\/p>\n<p>El caso de <b>\u00c1ngel Romero <\/b>es particular porque a pesar de no tener una gran actualidad como Bareiro, fue m\u00e1s considerado por Alfaro pese a que se desempe\u00f1a en otra posici\u00f3n en la cancha. Tomando como referencia las convocatorias desde el a\u00f1o 2025, el mellizo sum\u00f3 minutos por Eliminatorias ante Chile, Colombia, Uruguay, Brasil y Per\u00fa (permaneci\u00f3 en el banco ante Ecuador). Tambi\u00e9n fue citado para la gira por Asia en octubre del a\u00f1o pasado, en la que entr\u00f3 10\u2019 contra Corea del Sur, pero no fue convocado en la de noviembre cuando todav\u00eda pertenec\u00eda al Corinthians. Ya con la camiseta de Boca, tampoco estuvo en la fecha FIFA de marzo, aunque estaba lesionado.<\/p>\n<p>Por la calidad de futbolistas que maneja el DT argentino en la plantilla, es pr\u00e1cticamente imposible la titularidad de un Romero que encima corre desde atr\u00e1s en la consideraci\u00f3n de Claudio \u00dabeda, que parece tener un once aceitado en Boca. Sin embargo, el delantero de 33 a\u00f1os se jugar\u00e1 las \u00faltimas fichas en los siguientes encuentros con su equipo. Dentro de los habituales convocados por Alfaro est\u00e1n en la n\u00f3mina <b>Miguel Almir\u00f3n<\/b> (Atlanta United), <b>Julio Enciso<\/b> (Racing de Estrasburgo), <b>Ram\u00f3n Sosa<\/b> (Palmeiras), <b>Alejandro Romero Gamarra<\/b> (Al Ain de Emiratos \u00c1rabes Unidos),<b> Gustavo Caballero<\/b> (Portsmouth) y <b>Maur\u00edcio Magalh\u00e3es<\/b> (Palmeiras), entre otros.<\/p>\n<p>El trabajo de Gustavo Alfaro ser\u00e1 depurar esa lista de alrededor de 50 nombres para presentar oficialmente la mundialista que constar\u00e1 de solamente 26. Un buen sprint final con Boca en el cierre de este semestre puede llegar meter a Adam Bareiro y\/o \u00c1ngel Romero en la Copa del Mundo.<\/p>\n<p>Paraguay integrar\u00e1 el Grupo D de la Copa del Mundo junto al anfitri\u00f3n <b>Estados Unidos, Australia y Turqu\u00eda<\/b>, que se meti\u00f3 en la \u00faltima fase del repechaje europeo. Su debut ser\u00e1 el viernes 12 de junio en Los \u00c1ngeles, mientras que el viernes 19 actuar\u00e1 contra los turcos en San Francisco y definir\u00e1 su pase a los 16avos de final contra los oce\u00e1nicos el jueves 25 en la misma ciudad. Antes del puntapi\u00e9 inicial en suelo norteamericano, disputar\u00e1 otros dos amistosos preparatorios.<\/p>\n","protected":false},"excerpt":{"rendered":"<p>Leandro Paredes tiene pr\u00e1cticamente asegurado su lugar en la pr\u00f3xima Copa del Mundo con la selecci\u00f3n argentina, pero hay otros dos nombres que cuentan con chances de disputar la cita mundialista que se celebrar\u00e1 en Estados Unidos, M\u00e9xico y Canad\u00e1 a partir del 11 de junio. Se trata de los paraguayos Adam Bareiro y \u00c1ngel&#8230;<\/p>\n","protected":false},"author":1,"featured_media":0,"comment_status":"open","ping_status":"closed","sticky":false,"template":"","format":"standard","meta":{"_jetpack_memberships_contains_paid_content":false,"footnotes":""},"categories":[30],"tags":[39],"class_list":["post-46528","post","type-post","status-publish","format-standard","hentry","category-argentina","tag-deportes"],"magazineBlocksPostFeaturedMedia":{"thumbnail":false,"medium":false,"medium_large":false,"large":false,"1536x1536":false,"2048x2048":false,"newsmatic-featured":false,"newsmatic-list":false,"newsmatic-thumb":false,"newsmatic-small":false,"newsmatic-grid":false},"magazineBlocksPostAuthor":{"name":"admin","avatar":"https:\/\/secure.gravatar.com\/avatar\/76e419471a2083bc3ceab22a763dbbf9b0c1bd15a6214cf3280e2c2dde4580f9?s=96&d=mm&r=g"},"magazineBlocksPostCommentsNumber":"0","magazineBlocksPostExcerpt":"Leandro Paredes tiene pr\u00e1cticamente asegurado su lugar en la pr\u00f3xima Copa del Mundo con la selecci\u00f3n argentina, pero hay otros dos nombres que cuentan con chances de disputar la cita mundialista que se celebrar\u00e1 en Estados Unidos, M\u00e9xico y Canad\u00e1 a partir del 11 de junio. Se trata de los paraguayos Adam Bareiro y \u00c1ngel...","magazineBlocksPostCategories":["Argentina"],"magazineBlocksPostViewCount":9,"magazineBlocksPostReadTime":5,"magazine_blocks_featured_image_url":{"full":false,"medium":false,"thumbnail":false},"magazine_blocks_author":{"display_name":"admin","author_link":"https:\/\/lobosnews.com.ar\/index.php\/author\/lobos-news\/"},"magazine_blocks_comment":0,"magazine_blocks_author_image":"https:\/\/secure.gravatar.com\/avatar\/76e419471a2083bc3ceab22a763dbbf9b0c1bd15a6214cf3280e2c2dde4580f9?s=96&d=mm&r=g","magazine_blocks_category":"<a href=\"#\" class=\"category-link category-link-30\">Argentina<\/a>","yoast_head":"<!-- This site is optimized with the Yoast SEO plugin v26.6 - https:\/\/yoast.com\/wordpress\/plugins\/seo\/ -->\n<title>Qui\u00e9nes son los dos jugadores de Boca Juniors con chances de jugar el Mundial 2026 junto a Leandro Paredes - Lobos News<\/title>\n<meta name=\"robots\" content=\"index, follow, max-snippet:-1, max-image-preview:large, max-video-preview:-1\" \/>\n<link rel=\"canonical\" href=\"https:\/\/lobosnews.com.ar\/index.php\/2026\/04\/28\/quienes-son-los-dos-jugadores-de-boca-juniors-con-chances-de-jugar-el-mundial-2026-junto-a-leandro-paredes\/\" \/>\n<meta property=\"og:locale\" content=\"es_ES\" \/>\n<meta property=\"og:type\" content=\"article\" \/>\n<meta property=\"og:title\" content=\"Qui\u00e9nes son los dos jugadores de Boca Juniors con chances de jugar el Mundial 2026 junto a Leandro Paredes - Lobos News\" \/>\n<meta property=\"og:description\" content=\"Leandro Paredes tiene pr\u00e1cticamente asegurado su lugar en la pr\u00f3xima Copa del Mundo con la selecci\u00f3n argentina, pero hay otros dos nombres que cuentan con chances de disputar la cita mundialista que se celebrar\u00e1 en Estados Unidos, M\u00e9xico y Canad\u00e1 a partir del 11 de junio. Se trata de los paraguayos Adam Bareiro y \u00c1ngel...\" \/>\n<meta property=\"og:url\" content=\"https:\/\/lobosnews.com.ar\/index.php\/2026\/04\/28\/quienes-son-los-dos-jugadores-de-boca-juniors-con-chances-de-jugar-el-mundial-2026-junto-a-leandro-paredes\/\" \/>\n<meta property=\"og:site_name\" content=\"Lobos News\" \/>\n<meta property=\"article:published_time\" content=\"2026-04-28T13:42:53+00:00\" \/>\n<meta property=\"article:modified_time\" content=\"2026-04-28T14:38:16+00:00\" \/>\n<meta property=\"og:image\" content=\"https:\/\/lobosnews.com.ar\/wp-content\/uploads\/2026\/04\/quienes-son-los-dos-jugadores-de-boca-juniors-con-chances-de-jugar-el-mundial-2026-junto-a-leandro-paredes.jpg\" \/>\n<meta name=\"author\" content=\"admin\" \/>\n<meta name=\"twitter:card\" content=\"summary_large_image\" \/>\n<meta name=\"twitter:label1\" content=\"Escrito por\" \/>\n\t<meta name=\"twitter:data1\" content=\"admin\" \/>\n\t<meta name=\"twitter:label2\" content=\"Tiempo de lectura\" \/>\n\t<meta name=\"twitter:data2\" content=\"4 minutos\" \/>\n<script type=\"application\/ld+json\" class=\"yoast-schema-graph\">{\"@context\":\"https:\/\/schema.org\",\"@graph\":[{\"@type\":\"Article\",\"@id\":\"https:\/\/lobosnews.com.ar\/index.php\/2026\/04\/28\/quienes-son-los-dos-jugadores-de-boca-juniors-con-chances-de-jugar-el-mundial-2026-junto-a-leandro-paredes\/#article\",\"isPartOf\":{\"@id\":\"https:\/\/lobosnews.com.ar\/index.php\/2026\/04\/28\/quienes-son-los-dos-jugadores-de-boca-juniors-con-chances-de-jugar-el-mundial-2026-junto-a-leandro-paredes\/\"},\"author\":{\"name\":\"admin\",\"@id\":\"https:\/\/lobosnews.com.ar\/#\/schema\/person\/232422a593d5c541dd9aef6aaed10943\"},\"headline\":\"Qui\u00e9nes son los dos jugadores de Boca Juniors con chances de jugar el Mundial 2026 junto a Leandro Paredes\",\"datePublished\":\"2026-04-28T13:42:53+00:00\",\"dateModified\":\"2026-04-28T14:38:16+00:00\",\"mainEntityOfPage\":{\"@id\":\"https:\/\/lobosnews.com.ar\/index.php\/2026\/04\/28\/quienes-son-los-dos-jugadores-de-boca-juniors-con-chances-de-jugar-el-mundial-2026-junto-a-leandro-paredes\/\"},\"wordCount\":835,\"commentCount\":0,\"publisher\":{\"@id\":\"https:\/\/lobosnews.com.ar\/#organization\"},\"image\":{\"@id\":\"https:\/\/lobosnews.com.ar\/index.php\/2026\/04\/28\/quienes-son-los-dos-jugadores-de-boca-juniors-con-chances-de-jugar-el-mundial-2026-junto-a-leandro-paredes\/#primaryimage\"},\"thumbnailUrl\":\"https:\/\/lobosnews.com.ar\/wp-content\/uploads\/2026\/04\/quienes-son-los-dos-jugadores-de-boca-juniors-con-chances-de-jugar-el-mundial-2026-junto-a-leandro-paredes.jpg\",\"keywords\":[\"Deportes\"],\"articleSection\":[\"Argentina\"],\"inLanguage\":\"es\",\"potentialAction\":[{\"@type\":\"CommentAction\",\"name\":\"Comment\",\"target\":[\"https:\/\/lobosnews.com.ar\/index.php\/2026\/04\/28\/quienes-son-los-dos-jugadores-de-boca-juniors-con-chances-de-jugar-el-mundial-2026-junto-a-leandro-paredes\/#respond\"]}]},{\"@type\":\"WebPage\",\"@id\":\"https:\/\/lobosnews.com.ar\/index.php\/2026\/04\/28\/quienes-son-los-dos-jugadores-de-boca-juniors-con-chances-de-jugar-el-mundial-2026-junto-a-leandro-paredes\/\",\"url\":\"https:\/\/lobosnews.com.ar\/index.php\/2026\/04\/28\/quienes-son-los-dos-jugadores-de-boca-juniors-con-chances-de-jugar-el-mundial-2026-junto-a-leandro-paredes\/\",\"name\":\"Qui\u00e9nes son los dos jugadores de Boca Juniors con chances de jugar el Mundial 2026 junto a Leandro Paredes - Lobos News\",\"isPartOf\":{\"@id\":\"https:\/\/lobosnews.com.ar\/#website\"},\"primaryImageOfPage\":{\"@id\":\"https:\/\/lobosnews.com.ar\/index.php\/2026\/04\/28\/quienes-son-los-dos-jugadores-de-boca-juniors-con-chances-de-jugar-el-mundial-2026-junto-a-leandro-paredes\/#primaryimage\"},\"image\":{\"@id\":\"https:\/\/lobosnews.com.ar\/index.php\/2026\/04\/28\/quienes-son-los-dos-jugadores-de-boca-juniors-con-chances-de-jugar-el-mundial-2026-junto-a-leandro-paredes\/#primaryimage\"},\"thumbnailUrl\":\"https:\/\/lobosnews.com.ar\/wp-content\/uploads\/2026\/04\/quienes-son-los-dos-jugadores-de-boca-juniors-con-chances-de-jugar-el-mundial-2026-junto-a-leandro-paredes.jpg\",\"datePublished\":\"2026-04-28T13:42:53+00:00\",\"dateModified\":\"2026-04-28T14:38:16+00:00\",\"breadcrumb\":{\"@id\":\"https:\/\/lobosnews.com.ar\/index.php\/2026\/04\/28\/quienes-son-los-dos-jugadores-de-boca-juniors-con-chances-de-jugar-el-mundial-2026-junto-a-leandro-paredes\/#breadcrumb\"},\"inLanguage\":\"es\",\"potentialAction\":[{\"@type\":\"ReadAction\",\"target\":[\"https:\/\/lobosnews.com.ar\/index.php\/2026\/04\/28\/quienes-son-los-dos-jugadores-de-boca-juniors-con-chances-de-jugar-el-mundial-2026-junto-a-leandro-paredes\/\"]}]},{\"@type\":\"ImageObject\",\"inLanguage\":\"es\",\"@id\":\"https:\/\/lobosnews.com.ar\/index.php\/2026\/04\/28\/quienes-son-los-dos-jugadores-de-boca-juniors-con-chances-de-jugar-el-mundial-2026-junto-a-leandro-paredes\/#primaryimage\",\"url\":\"https:\/\/lobosnews.com.ar\/wp-content\/uploads\/2026\/04\/quienes-son-los-dos-jugadores-de-boca-juniors-con-chances-de-jugar-el-mundial-2026-junto-a-leandro-paredes.jpg\",\"contentUrl\":\"https:\/\/lobosnews.com.ar\/wp-content\/uploads\/2026\/04\/quienes-son-los-dos-jugadores-de-boca-juniors-con-chances-de-jugar-el-mundial-2026-junto-a-leandro-paredes.jpg\"},{\"@type\":\"BreadcrumbList\",\"@id\":\"https:\/\/lobosnews.com.ar\/index.php\/2026\/04\/28\/quienes-son-los-dos-jugadores-de-boca-juniors-con-chances-de-jugar-el-mundial-2026-junto-a-leandro-paredes\/#breadcrumb\",\"itemListElement\":[{\"@type\":\"ListItem\",\"position\":1,\"name\":\"Portada\",\"item\":\"https:\/\/lobosnews.com.ar\/\"},{\"@type\":\"ListItem\",\"position\":2,\"name\":\"Qui\u00e9nes son los dos jugadores de Boca Juniors con chances de jugar el Mundial 2026 junto a Leandro Paredes\"}]},{\"@type\":\"WebSite\",\"@id\":\"https:\/\/lobosnews.com.ar\/#website\",\"url\":\"https:\/\/lobosnews.com.ar\/\",\"name\":\"Lobos News\",\"description\":\"Informaci\u00f3n a cada instante\",\"publisher\":{\"@id\":\"https:\/\/lobosnews.com.ar\/#organization\"},\"potentialAction\":[{\"@type\":\"SearchAction\",\"target\":{\"@type\":\"EntryPoint\",\"urlTemplate\":\"https:\/\/lobosnews.com.ar\/?s={search_term_string}\"},\"query-input\":{\"@type\":\"PropertyValueSpecification\",\"valueRequired\":true,\"valueName\":\"search_term_string\"}}],\"inLanguage\":\"es\"},{\"@type\":\"Organization\",\"@id\":\"https:\/\/lobosnews.com.ar\/#organization\",\"name\":\"Lobos News\",\"url\":\"https:\/\/lobosnews.com.ar\/\",\"logo\":{\"@type\":\"ImageObject\",\"inLanguage\":\"es\",\"@id\":\"https:\/\/lobosnews.com.ar\/#\/schema\/logo\/image\/\",\"url\":\"https:\/\/lobosnews.com.ar\/wp-content\/uploads\/2026\/01\/logo-lobosnews.png\",\"contentUrl\":\"https:\/\/lobosnews.com.ar\/wp-content\/uploads\/2026\/01\/logo-lobosnews.png\",\"width\":500,\"height\":200,\"caption\":\"Lobos News\"},\"image\":{\"@id\":\"https:\/\/lobosnews.com.ar\/#\/schema\/logo\/image\/\"}},{\"@type\":\"Person\",\"@id\":\"https:\/\/lobosnews.com.ar\/#\/schema\/person\/232422a593d5c541dd9aef6aaed10943\",\"name\":\"admin\",\"image\":{\"@type\":\"ImageObject\",\"inLanguage\":\"es\",\"@id\":\"https:\/\/lobosnews.com.ar\/#\/schema\/person\/image\/\",\"url\":\"https:\/\/secure.gravatar.com\/avatar\/76e419471a2083bc3ceab22a763dbbf9b0c1bd15a6214cf3280e2c2dde4580f9?s=96&d=mm&r=g\",\"contentUrl\":\"https:\/\/secure.gravatar.com\/avatar\/76e419471a2083bc3ceab22a763dbbf9b0c1bd15a6214cf3280e2c2dde4580f9?s=96&d=mm&r=g\",\"caption\":\"admin\"},\"sameAs\":[\"https:\/\/lobosnews.com.ar\"],\"url\":\"https:\/\/lobosnews.com.ar\/index.php\/author\/lobos-news\/\"}]}<\/script>\n<!-- \/ Yoast SEO plugin. -->","yoast_head_json":{"title":"Qui\u00e9nes son los dos jugadores de Boca Juniors con chances de jugar el Mundial 2026 junto a Leandro Paredes - Lobos News","robots":{"index":"index","follow":"follow","max-snippet":"max-snippet:-1","max-image-preview":"max-image-preview:large","max-video-preview":"max-video-preview:-1"},"canonical":"https:\/\/lobosnews.com.ar\/index.php\/2026\/04\/28\/quienes-son-los-dos-jugadores-de-boca-juniors-con-chances-de-jugar-el-mundial-2026-junto-a-leandro-paredes\/","og_locale":"es_ES","og_type":"article","og_title":"Qui\u00e9nes son los dos jugadores de Boca Juniors con chances de jugar el Mundial 2026 junto a Leandro Paredes - Lobos News","og_description":"Leandro Paredes tiene pr\u00e1cticamente asegurado su lugar en la pr\u00f3xima Copa del Mundo con la selecci\u00f3n argentina, pero hay otros dos nombres que cuentan con chances de disputar la cita mundialista que se celebrar\u00e1 en Estados Unidos, M\u00e9xico y Canad\u00e1 a partir del 11 de junio. Se trata de los paraguayos Adam Bareiro y \u00c1ngel...","og_url":"https:\/\/lobosnews.com.ar\/index.php\/2026\/04\/28\/quienes-son-los-dos-jugadores-de-boca-juniors-con-chances-de-jugar-el-mundial-2026-junto-a-leandro-paredes\/","og_site_name":"Lobos News","article_published_time":"2026-04-28T13:42:53+00:00","article_modified_time":"2026-04-28T14:38:16+00:00","og_image":[{"url":"https:\/\/lobosnews.com.ar\/wp-content\/uploads\/2026\/04\/quienes-son-los-dos-jugadores-de-boca-juniors-con-chances-de-jugar-el-mundial-2026-junto-a-leandro-paredes.jpg","type":"","width":"","height":""}],"author":"admin","twitter_card":"summary_large_image","twitter_misc":{"Escrito por":"admin","Tiempo de lectura":"4 minutos"},"schema":{"@context":"https:\/\/schema.org","@graph":[{"@type":"Article","@id":"https:\/\/lobosnews.com.ar\/index.php\/2026\/04\/28\/quienes-son-los-dos-jugadores-de-boca-juniors-con-chances-de-jugar-el-mundial-2026-junto-a-leandro-paredes\/#article","isPartOf":{"@id":"https:\/\/lobosnews.com.ar\/index.php\/2026\/04\/28\/quienes-son-los-dos-jugadores-de-boca-juniors-con-chances-de-jugar-el-mundial-2026-junto-a-leandro-paredes\/"},"author":{"name":"admin","@id":"https:\/\/lobosnews.com.ar\/#\/schema\/person\/232422a593d5c541dd9aef6aaed10943"},"headline":"Qui\u00e9nes son los dos jugadores de Boca Juniors con chances de jugar el Mundial 2026 junto a Leandro Paredes","datePublished":"2026-04-28T13:42:53+00:00","dateModified":"2026-04-28T14:38:16+00:00","mainEntityOfPage":{"@id":"https:\/\/lobosnews.com.ar\/index.php\/2026\/04\/28\/quienes-son-los-dos-jugadores-de-boca-juniors-con-chances-de-jugar-el-mundial-2026-junto-a-leandro-paredes\/"},"wordCount":835,"commentCount":0,"publisher":{"@id":"https:\/\/lobosnews.com.ar\/#organization"},"image":{"@id":"https:\/\/lobosnews.com.ar\/index.php\/2026\/04\/28\/quienes-son-los-dos-jugadores-de-boca-juniors-con-chances-de-jugar-el-mundial-2026-junto-a-leandro-paredes\/#primaryimage"},"thumbnailUrl":"https:\/\/lobosnews.com.ar\/wp-content\/uploads\/2026\/04\/quienes-son-los-dos-jugadores-de-boca-juniors-con-chances-de-jugar-el-mundial-2026-junto-a-leandro-paredes.jpg","keywords":["Deportes"],"articleSection":["Argentina"],"inLanguage":"es","potentialAction":[{"@type":"CommentAction","name":"Comment","target":["https:\/\/lobosnews.com.ar\/index.php\/2026\/04\/28\/quienes-son-los-dos-jugadores-de-boca-juniors-con-chances-de-jugar-el-mundial-2026-junto-a-leandro-paredes\/#respond"]}]},{"@type":"WebPage","@id":"https:\/\/lobosnews.com.ar\/index.php\/2026\/04\/28\/quienes-son-los-dos-jugadores-de-boca-juniors-con-chances-de-jugar-el-mundial-2026-junto-a-leandro-paredes\/","url":"https:\/\/lobosnews.com.ar\/index.php\/2026\/04\/28\/quienes-son-los-dos-jugadores-de-boca-juniors-con-chances-de-jugar-el-mundial-2026-junto-a-leandro-paredes\/","name":"Qui\u00e9nes son los dos jugadores de Boca Juniors con chances de jugar el Mundial 2026 junto a Leandro Paredes - Lobos News","isPartOf":{"@id":"https:\/\/lobosnews.com.ar\/#website"},"primaryImageOfPage":{"@id":"https:\/\/lobosnews.com.ar\/index.php\/2026\/04\/28\/quienes-son-los-dos-jugadores-de-boca-juniors-con-chances-de-jugar-el-mundial-2026-junto-a-leandro-paredes\/#primaryimage"},"image":{"@id":"https:\/\/lobosnews.com.ar\/index.php\/2026\/04\/28\/quienes-son-los-dos-jugadores-de-boca-juniors-con-chances-de-jugar-el-mundial-2026-junto-a-leandro-paredes\/#primaryimage"},"thumbnailUrl":"https:\/\/lobosnews.com.ar\/wp-content\/uploads\/2026\/04\/quienes-son-los-dos-jugadores-de-boca-juniors-con-chances-de-jugar-el-mundial-2026-junto-a-leandro-paredes.jpg","datePublished":"2026-04-28T13:42:53+00:00","dateModified":"2026-04-28T14:38:16+00:00","breadcrumb":{"@id":"https:\/\/lobosnews.com.ar\/index.php\/2026\/04\/28\/quienes-son-los-dos-jugadores-de-boca-juniors-con-chances-de-jugar-el-mundial-2026-junto-a-leandro-paredes\/#breadcrumb"},"inLanguage":"es","potentialAction":[{"@type":"ReadAction","target":["https:\/\/lobosnews.com.ar\/index.php\/2026\/04\/28\/quienes-son-los-dos-jugadores-de-boca-juniors-con-chances-de-jugar-el-mundial-2026-junto-a-leandro-paredes\/"]}]},{"@type":"ImageObject","inLanguage":"es","@id":"https:\/\/lobosnews.com.ar\/index.php\/2026\/04\/28\/quienes-son-los-dos-jugadores-de-boca-juniors-con-chances-de-jugar-el-mundial-2026-junto-a-leandro-paredes\/#primaryimage","url":"https:\/\/lobosnews.com.ar\/wp-content\/uploads\/2026\/04\/quienes-son-los-dos-jugadores-de-boca-juniors-con-chances-de-jugar-el-mundial-2026-junto-a-leandro-paredes.jpg","contentUrl":"https:\/\/lobosnews.com.ar\/wp-content\/uploads\/2026\/04\/quienes-son-los-dos-jugadores-de-boca-juniors-con-chances-de-jugar-el-mundial-2026-junto-a-leandro-paredes.jpg"},{"@type":"BreadcrumbList","@id":"https:\/\/lobosnews.com.ar\/index.php\/2026\/04\/28\/quienes-son-los-dos-jugadores-de-boca-juniors-con-chances-de-jugar-el-mundial-2026-junto-a-leandro-paredes\/#breadcrumb","itemListElement":[{"@type":"ListItem","position":1,"name":"Portada","item":"https:\/\/lobosnews.com.ar\/"},{"@type":"ListItem","position":2,"name":"Qui\u00e9nes son los dos jugadores de Boca Juniors con chances de jugar el Mundial 2026 junto a Leandro Paredes"}]},{"@type":"WebSite","@id":"https:\/\/lobosnews.com.ar\/#website","url":"https:\/\/lobosnews.com.ar\/","name":"Lobos News","description":"Informaci\u00f3n a cada instante","publisher":{"@id":"https:\/\/lobosnews.com.ar\/#organization"},"potentialAction":[{"@type":"SearchAction","target":{"@type":"EntryPoint","urlTemplate":"https:\/\/lobosnews.com.ar\/?s={search_term_string}"},"query-input":{"@type":"PropertyValueSpecification","valueRequired":true,"valueName":"search_term_string"}}],"inLanguage":"es"},{"@type":"Organization","@id":"https:\/\/lobosnews.com.ar\/#organization","name":"Lobos News","url":"https:\/\/lobosnews.com.ar\/","logo":{"@type":"ImageObject","inLanguage":"es","@id":"https:\/\/lobosnews.com.ar\/#\/schema\/logo\/image\/","url":"https:\/\/lobosnews.com.ar\/wp-content\/uploads\/2026\/01\/logo-lobosnews.png","contentUrl":"https:\/\/lobosnews.com.ar\/wp-content\/uploads\/2026\/01\/logo-lobosnews.png","width":500,"height":200,"caption":"Lobos News"},"image":{"@id":"https:\/\/lobosnews.com.ar\/#\/schema\/logo\/image\/"}},{"@type":"Person","@id":"https:\/\/lobosnews.com.ar\/#\/schema\/person\/232422a593d5c541dd9aef6aaed10943","name":"admin","image":{"@type":"ImageObject","inLanguage":"es","@id":"https:\/\/lobosnews.com.ar\/#\/schema\/person\/image\/","url":"https:\/\/secure.gravatar.com\/avatar\/76e419471a2083bc3ceab22a763dbbf9b0c1bd15a6214cf3280e2c2dde4580f9?s=96&d=mm&r=g","contentUrl":"https:\/\/secure.gravatar.com\/avatar\/76e419471a2083bc3ceab22a763dbbf9b0c1bd15a6214cf3280e2c2dde4580f9?s=96&d=mm&r=g","caption":"admin"},"sameAs":["https:\/\/lobosnews.com.ar"],"url":"https:\/\/lobosnews.com.ar\/index.php\/author\/lobos-news\/"}]}},"jetpack_featured_media_url":"","jetpack_sharing_enabled":true,"_links":{"self":[{"href":"https:\/\/lobosnews.com.ar\/index.php\/wp-json\/wp\/v2\/posts\/46528","targetHints":{"allow":["GET"]}}],"collection":[{"href":"https:\/\/lobosnews.com.ar\/index.php\/wp-json\/wp\/v2\/posts"}],"about":[{"href":"https:\/\/lobosnews.com.ar\/index.php\/wp-json\/wp\/v2\/types\/post"}],"author":[{"embeddable":true,"href":"https:\/\/lobosnews.com.ar\/index.php\/wp-json\/wp\/v2\/users\/1"}],"replies":[{"embeddable":true,"href":"https:\/\/lobosnews.com.ar\/index.php\/wp-json\/wp\/v2\/comments?post=46528"}],"version-history":[{"count":1,"href":"https:\/\/lobosnews.com.ar\/index.php\/wp-json\/wp\/v2\/posts\/46528\/revisions"}],"predecessor-version":[{"id":46531,"href":"https:\/\/lobosnews.com.ar\/index.php\/wp-json\/wp\/v2\/posts\/46528\/revisions\/46531"}],"wp:attachment":[{"href":"https:\/\/lobosnews.com.ar\/index.php\/wp-json\/wp\/v2\/media?parent=46528"}],"wp:term":[{"taxonomy":"category","embeddable":true,"href":"https:\/\/lobosnews.com.ar\/index.php\/wp-json\/wp\/v2\/categories?post=46528"},{"taxonomy":"post_tag","embeddable":true,"href":"https:\/\/lobosnews.com.ar\/index.php\/wp-json\/wp\/v2\/tags?post=46528"}],"curies":[{"name":"wp","href":"https:\/\/api.w.org\/{rel}","templated":true}]}}