{"id":46523,"date":"2026-04-28T07:04:07","date_gmt":"2026-04-28T07:04:07","guid":{"rendered":"https:\/\/lobosnews.com.ar\/index.php\/2026\/04\/28\/asesinaron-a-un-hombre-en-mar-del-plata-e-investigan-un-ajuste-de-cuentas-por-el-cuerpo-calcinado-hallado-dias-atras\/"},"modified":"2026-04-28T09:04:58","modified_gmt":"2026-04-28T09:04:58","slug":"asesinaron-a-un-hombre-en-mar-del-plata-e-investigan-un-ajuste-de-cuentas-por-el-cuerpo-calcinado-hallado-dias-atras","status":"publish","type":"post","link":"https:\/\/lobosnews.com.ar\/index.php\/2026\/04\/28\/asesinaron-a-un-hombre-en-mar-del-plata-e-investigan-un-ajuste-de-cuentas-por-el-cuerpo-calcinado-hallado-dias-atras\/","title":{"rendered":"Asesinaron a un hombre en Mar del Plata e investigan un ajuste de cuentas por el cuerpo calcinado hallado d\u00edas atr\u00e1s"},"content":{"rendered":"<p><img loading=\"lazy\" decoding=\"async\" src=\"https:\/\/lobosnews.com.ar\/wp-content\/uploads\/2026\/04\/asesinaron-a-un-hombre-en-mar-del-plata-e-investigan-un-ajuste-de-cuentas-por-el-cuerpo-calcinado-hallado-dias-atras.jpg\" alt=\"La zona en donde balearon al hombre en Mar del Plata \" height=\"1080\" width=\"1920\"\/><\/p>\n<p>Otro crimen se reigstr\u00f3 en <b>Mar del Plata<\/b>. Esta vez, la v\u00edctima fue un hombre de 36 a\u00f1os que fue baleado a quemarropa durante la ma\u00f1ana del lunes en el barrio General Belgrano. Ahora, la Justicia investiga si este homicidio est\u00e1 motivado por un<b> ajuste de cuentas <\/b>y<span class=\"waslinkname\"> analizan si guarda relaci\u00f3n con el hallazgo de un cad\u00e1ver calcinado el s\u00e1bado anterior<\/span>, cuya identidad tampoco est\u00e1 confirmada oficialmente.<\/p>\n<p>Se trata de <b>Marcelo Lorenzo Rojas<\/b>, quien recibi\u00f3 entre tres y cuatro disparos dentro de su vivienda, ubicada en la zona de V\u00e9rtiz al 11.700.<\/p>\n<p>De acuerdo con la informaci\u00f3n a la que pudo acceder el medio local La Capital de Mar del Plata, personal del SAME lo traslad\u00f3 al Hospital Interzonal General de Agudos (HIGA) alrededor del mediod\u00eda y falleci\u00f3 una hora despu\u00e9s a causa de las heridas. A partir de entonces, la investigaci\u00f3n se orient\u00f3 a determinar las circunstancias del ataque y la identidad de los autores.<\/p>\n<p>La causa qued\u00f3 a cargo de la fiscal <b>Constanza Mandagar\u00e1n<\/b>, quien cree que el crimen podr\u00eda estar vinculado con el hallazgo de un cuerpo calcinado el fin de semana. La presunta v\u00edctima es Kevin \u00c1balaos, pese a que no pudo confirmarse su identidad, debido a la desintegraci\u00f3n del tejido d\u00e9rmico. Esta causa permanece abierta a cargo de la fiscal Mar\u00eda Florencia Salas, sin hip\u00f3tesis descartadas.<\/p>\n<h2>La trama que analiza la Justicia <\/h2>\n<p>De hecho, este \u00faltimo tiene m\u00faltiples antecedentes en los barrios Aut\u00f3dromo y General Belgrano, vinculado a conflictos graves y a la comercializaci\u00f3n de estupefacientes.<\/p>\n<p>Incluso, Mandagar\u00e1n tambi\u00e9n instruy\u00f3 el expediente por el asesinato de <b>Silvio Bogg\u00f3n<\/b>, ocurrido el domingo 6 de abril de 2025. Ese d\u00eda, Bogg\u00f3n hab\u00eda protagonizado un robo a una helader\u00eda ubicada a metros del HIGA junto a dos c\u00f3mplices, hecho que qued\u00f3 registrado en las c\u00e1maras de seguridad del comercio. Al d\u00eda siguiente, fue abandonado herido de bala en la cabeza en la guardia del hospital por un hombre que escap\u00f3 en un Ford Fiesta Max negro. \u00c1balos qued\u00f3 se\u00f1alado como el autor de ese disparo. <\/p>\n<p><img loading=\"lazy\" decoding=\"async\" src=\"https:\/\/lobosnews.com.ar\/wp-content\/uploads\/2026\/04\/asesinaron-a-un-hombre-en-mar-del-plata-e-investigan-un-ajuste-de-cuentas-por-el-cuerpo-calcinado-hallado-dias-atras-1.jpg\" alt=\"Hallaron el cuerpo en un descampado en Juan B. Justo al 8400, Mar del Plata (Google Maps)\" height=\"892\" width=\"1362\"\/><\/p>\n<p>Las im\u00e1genes de las c\u00e1maras resultaron determinantes: el martes 8 de abril los investigadores identificaron a uno de los sospechosos, quien fue detenido cuando circulaba en el mismo veh\u00edculo. En el marco de esa causa, Mandagar\u00e1n estableci\u00f3 que todo habr\u00eda ocurrido mientras ambos consum\u00edan drogas en un lugar conocido como \u201c<b>El Campito<\/b>\u201d. <\/p>\n<p>Bogg\u00f3n falleci\u00f3 semanas despu\u00e9s de permanecer internado en estado cr\u00edtico. En ese contexto de violencia, los investigadores no descartan que el homicidio de Rojas sea una represalia por la muerte del propio \u00c1balos, aunque mantienen cautela hasta tanto se confirme su identidad.<\/p>\n<p>Con respecto al hallazgo del cuerpo calcinado, hasta el momento, la Justicia solo tiene claro que fue encontrado cerca de las 2:30 del s\u00e1bado, en un descampado que separa los barrios Jos\u00e9 Hern\u00e1ndez y Caribe, en la zona oeste de Mar del Plata.<\/p>\n<p>La ausencia de registros f\u00edlmicos y la falta de colaboraci\u00f3n de los testigos dificultan la tarea de los investigadores, de acuerdo con el informe citado por el medio. En el lugar donde apareci\u00f3 el cuerpo, las autoridades se\u00f1alaron que habitualmente se abandonan veh\u00edculos da\u00f1ados y se arrojan residuos.<\/p>\n<p>Las autoridades judiciales indagan posibles conexiones de la v\u00edctima con actividades de venta de drogas en distintos sectores de la ciudad. Esta l\u00ednea de investigaci\u00f3n surge a partir de datos recabados en el expediente y testimonios recogidos durante las horas posteriores al crimen. <\/p>\n","protected":false},"excerpt":{"rendered":"<p>Otro crimen se reigstr\u00f3 en Mar del Plata. Esta vez, la v\u00edctima fue un hombre de 36 a\u00f1os que fue baleado a quemarropa durante la ma\u00f1ana del lunes en el barrio General Belgrano. Ahora, la Justicia investiga si este homicidio est\u00e1 motivado por un ajuste de cuentas y analizan si guarda relaci\u00f3n con el hallazgo&#8230;<\/p>\n","protected":false},"author":1,"featured_media":46527,"comment_status":"open","ping_status":"closed","sticky":false,"template":"","format":"standard","meta":{"_jetpack_memberships_contains_paid_content":false,"footnotes":""},"categories":[31,30,32,77,84,35,36,37],"tags":[],"class_list":["post-46523","post","type-post","status-publish","format-standard","has-post-thumbnail","hentry","category-actualidad","category-argentina","category-economia","category-inseguridad","category-masradios-com","category-nacionales","category-seguridad","category-sociedad"],"magazineBlocksPostFeaturedMedia":{"thumbnail":"https:\/\/lobosnews.com.ar\/wp-content\/uploads\/2026\/04\/asesinaron-a-un-hombre-en-mar-del-plata-e-investigan-un-ajuste-de-cuentas-por-el-cuerpo-calcinado-hallado-dias-atras-2-150x150.jpg","medium":"https:\/\/lobosnews.com.ar\/wp-content\/uploads\/2026\/04\/asesinaron-a-un-hombre-en-mar-del-plata-e-investigan-un-ajuste-de-cuentas-por-el-cuerpo-calcinado-hallado-dias-atras-2-300x196.jpg","medium_large":"https:\/\/lobosnews.com.ar\/wp-content\/uploads\/2026\/04\/asesinaron-a-un-hombre-en-mar-del-plata-e-investigan-un-ajuste-de-cuentas-por-el-cuerpo-calcinado-hallado-dias-atras-2-768x503.jpg","large":"https:\/\/lobosnews.com.ar\/wp-content\/uploads\/2026\/04\/asesinaron-a-un-hombre-en-mar-del-plata-e-investigan-un-ajuste-de-cuentas-por-el-cuerpo-calcinado-hallado-dias-atras-2-1024x671.jpg","1536x1536":"https:\/\/lobosnews.com.ar\/wp-content\/uploads\/2026\/04\/asesinaron-a-un-hombre-en-mar-del-plata-e-investigan-un-ajuste-de-cuentas-por-el-cuerpo-calcinado-hallado-dias-atras-2.jpg","2048x2048":"https:\/\/lobosnews.com.ar\/wp-content\/uploads\/2026\/04\/asesinaron-a-un-hombre-en-mar-del-plata-e-investigan-un-ajuste-de-cuentas-por-el-cuerpo-calcinado-hallado-dias-atras-2.jpg","newsmatic-featured":"https:\/\/lobosnews.com.ar\/wp-content\/uploads\/2026\/04\/asesinaron-a-un-hombre-en-mar-del-plata-e-investigan-un-ajuste-de-cuentas-por-el-cuerpo-calcinado-hallado-dias-atras-2-820x545.jpg","newsmatic-list":"https:\/\/lobosnews.com.ar\/wp-content\/uploads\/2026\/04\/asesinaron-a-un-hombre-en-mar-del-plata-e-investigan-un-ajuste-de-cuentas-por-el-cuerpo-calcinado-hallado-dias-atras-2-600x400.jpg","newsmatic-thumb":"https:\/\/lobosnews.com.ar\/wp-content\/uploads\/2026\/04\/asesinaron-a-un-hombre-en-mar-del-plata-e-investigan-un-ajuste-de-cuentas-por-el-cuerpo-calcinado-hallado-dias-atras-2-300x200.jpg","newsmatic-small":"https:\/\/lobosnews.com.ar\/wp-content\/uploads\/2026\/04\/asesinaron-a-un-hombre-en-mar-del-plata-e-investigan-un-ajuste-de-cuentas-por-el-cuerpo-calcinado-hallado-dias-atras-2-150x95.jpg","newsmatic-grid":"https:\/\/lobosnews.com.ar\/wp-content\/uploads\/2026\/04\/asesinaron-a-un-hombre-en-mar-del-plata-e-investigan-un-ajuste-de-cuentas-por-el-cuerpo-calcinado-hallado-dias-atras-2-400x250.jpg"},"magazineBlocksPostAuthor":{"name":"admin","avatar":"https:\/\/secure.gravatar.com\/avatar\/76e419471a2083bc3ceab22a763dbbf9b0c1bd15a6214cf3280e2c2dde4580f9?s=96&d=mm&r=g"},"magazineBlocksPostCommentsNumber":"0","magazineBlocksPostExcerpt":"Otro crimen se reigstr\u00f3 en Mar del Plata. Esta vez, la v\u00edctima fue un hombre de 36 a\u00f1os que fue baleado a quemarropa durante la ma\u00f1ana del lunes en el barrio General Belgrano. Ahora, la Justicia investiga si este homicidio est\u00e1 motivado por un ajuste de cuentas y analizan si guarda relaci\u00f3n con el hallazgo...","magazineBlocksPostCategories":["Actualidad","Argentina","econom\u00eda","inseguridad","masradios.com","nacionales","seguridad","sociedad"],"magazineBlocksPostViewCount":9,"magazineBlocksPostReadTime":4,"magazine_blocks_featured_image_url":{"full":["https:\/\/lobosnews.com.ar\/wp-content\/uploads\/2026\/04\/asesinaron-a-un-hombre-en-mar-del-plata-e-investigan-un-ajuste-de-cuentas-por-el-cuerpo-calcinado-hallado-dias-atras-2.jpg",1362,892,false],"medium":["https:\/\/lobosnews.com.ar\/wp-content\/uploads\/2026\/04\/asesinaron-a-un-hombre-en-mar-del-plata-e-investigan-un-ajuste-de-cuentas-por-el-cuerpo-calcinado-hallado-dias-atras-2-300x196.jpg",300,196,true],"thumbnail":["https:\/\/lobosnews.com.ar\/wp-content\/uploads\/2026\/04\/asesinaron-a-un-hombre-en-mar-del-plata-e-investigan-un-ajuste-de-cuentas-por-el-cuerpo-calcinado-hallado-dias-atras-2-150x150.jpg",150,150,true]},"magazine_blocks_author":{"display_name":"admin","author_link":"https:\/\/lobosnews.com.ar\/index.php\/author\/lobos-news\/"},"magazine_blocks_comment":0,"magazine_blocks_author_image":"https:\/\/secure.gravatar.com\/avatar\/76e419471a2083bc3ceab22a763dbbf9b0c1bd15a6214cf3280e2c2dde4580f9?s=96&d=mm&r=g","magazine_blocks_category":"<a href=\"#\" class=\"category-link category-link-31\">Actualidad<\/a> <a href=\"#\" class=\"category-link category-link-30\">Argentina<\/a> <a href=\"#\" class=\"category-link category-link-32\">econom\u00eda<\/a> <a href=\"#\" class=\"category-link category-link-77\">inseguridad<\/a> <a href=\"#\" class=\"category-link category-link-84\">masradios.com<\/a> <a href=\"#\" class=\"category-link category-link-35\">nacionales<\/a> <a href=\"#\" class=\"category-link category-link-36\">seguridad<\/a> <a href=\"#\" class=\"category-link category-link-37\">sociedad<\/a>","yoast_head":"<!-- This site is optimized with the Yoast SEO plugin v26.6 - https:\/\/yoast.com\/wordpress\/plugins\/seo\/ -->\n<title>Asesinaron a un hombre en Mar del Plata e investigan un ajuste de cuentas por el cuerpo calcinado hallado d\u00edas atr\u00e1s - Lobos News<\/title>\n<meta name=\"robots\" content=\"index, follow, max-snippet:-1, max-image-preview:large, max-video-preview:-1\" \/>\n<link rel=\"canonical\" href=\"https:\/\/lobosnews.com.ar\/index.php\/2026\/04\/28\/asesinaron-a-un-hombre-en-mar-del-plata-e-investigan-un-ajuste-de-cuentas-por-el-cuerpo-calcinado-hallado-dias-atras\/\" \/>\n<meta property=\"og:locale\" content=\"es_ES\" \/>\n<meta property=\"og:type\" content=\"article\" \/>\n<meta property=\"og:title\" content=\"Asesinaron a un hombre en Mar del Plata e investigan un ajuste de cuentas por el cuerpo calcinado hallado d\u00edas atr\u00e1s - Lobos News\" \/>\n<meta property=\"og:description\" content=\"Otro crimen se reigstr\u00f3 en Mar del Plata. Esta vez, la v\u00edctima fue un hombre de 36 a\u00f1os que fue baleado a quemarropa durante la ma\u00f1ana del lunes en el barrio General Belgrano. Ahora, la Justicia investiga si este homicidio est\u00e1 motivado por un ajuste de cuentas y analizan si guarda relaci\u00f3n con el hallazgo...\" \/>\n<meta property=\"og:url\" content=\"https:\/\/lobosnews.com.ar\/index.php\/2026\/04\/28\/asesinaron-a-un-hombre-en-mar-del-plata-e-investigan-un-ajuste-de-cuentas-por-el-cuerpo-calcinado-hallado-dias-atras\/\" \/>\n<meta property=\"og:site_name\" content=\"Lobos News\" \/>\n<meta property=\"article:published_time\" content=\"2026-04-28T07:04:07+00:00\" \/>\n<meta property=\"article:modified_time\" content=\"2026-04-28T09:04:58+00:00\" \/>\n<meta property=\"og:image\" content=\"https:\/\/lobosnews.com.ar\/wp-content\/uploads\/2026\/04\/asesinaron-a-un-hombre-en-mar-del-plata-e-investigan-un-ajuste-de-cuentas-por-el-cuerpo-calcinado-hallado-dias-atras.jpg\" \/>\n<meta name=\"author\" content=\"admin\" \/>\n<meta name=\"twitter:card\" content=\"summary_large_image\" \/>\n<meta name=\"twitter:label1\" content=\"Escrito por\" \/>\n\t<meta name=\"twitter:data1\" content=\"admin\" \/>\n\t<meta name=\"twitter:label2\" content=\"Tiempo de lectura\" \/>\n\t<meta name=\"twitter:data2\" content=\"3 minutos\" \/>\n<script type=\"application\/ld+json\" class=\"yoast-schema-graph\">{\"@context\":\"https:\/\/schema.org\",\"@graph\":[{\"@type\":\"Article\",\"@id\":\"https:\/\/lobosnews.com.ar\/index.php\/2026\/04\/28\/asesinaron-a-un-hombre-en-mar-del-plata-e-investigan-un-ajuste-de-cuentas-por-el-cuerpo-calcinado-hallado-dias-atras\/#article\",\"isPartOf\":{\"@id\":\"https:\/\/lobosnews.com.ar\/index.php\/2026\/04\/28\/asesinaron-a-un-hombre-en-mar-del-plata-e-investigan-un-ajuste-de-cuentas-por-el-cuerpo-calcinado-hallado-dias-atras\/\"},\"author\":{\"name\":\"admin\",\"@id\":\"https:\/\/lobosnews.com.ar\/#\/schema\/person\/232422a593d5c541dd9aef6aaed10943\"},\"headline\":\"Asesinaron a un hombre en Mar del Plata e investigan un ajuste de cuentas por el cuerpo calcinado hallado d\u00edas atr\u00e1s\",\"datePublished\":\"2026-04-28T07:04:07+00:00\",\"dateModified\":\"2026-04-28T09:04:58+00:00\",\"mainEntityOfPage\":{\"@id\":\"https:\/\/lobosnews.com.ar\/index.php\/2026\/04\/28\/asesinaron-a-un-hombre-en-mar-del-plata-e-investigan-un-ajuste-de-cuentas-por-el-cuerpo-calcinado-hallado-dias-atras\/\"},\"wordCount\":634,\"commentCount\":0,\"publisher\":{\"@id\":\"https:\/\/lobosnews.com.ar\/#organization\"},\"image\":{\"@id\":\"https:\/\/lobosnews.com.ar\/index.php\/2026\/04\/28\/asesinaron-a-un-hombre-en-mar-del-plata-e-investigan-un-ajuste-de-cuentas-por-el-cuerpo-calcinado-hallado-dias-atras\/#primaryimage\"},\"thumbnailUrl\":\"https:\/\/lobosnews.com.ar\/wp-content\/uploads\/2026\/04\/asesinaron-a-un-hombre-en-mar-del-plata-e-investigan-un-ajuste-de-cuentas-por-el-cuerpo-calcinado-hallado-dias-atras-2.jpg\",\"articleSection\":[\"Actualidad\",\"Argentina\",\"econom\u00eda\",\"inseguridad\",\"masradios.com\",\"nacionales\",\"seguridad\",\"sociedad\"],\"inLanguage\":\"es\",\"potentialAction\":[{\"@type\":\"CommentAction\",\"name\":\"Comment\",\"target\":[\"https:\/\/lobosnews.com.ar\/index.php\/2026\/04\/28\/asesinaron-a-un-hombre-en-mar-del-plata-e-investigan-un-ajuste-de-cuentas-por-el-cuerpo-calcinado-hallado-dias-atras\/#respond\"]}]},{\"@type\":\"WebPage\",\"@id\":\"https:\/\/lobosnews.com.ar\/index.php\/2026\/04\/28\/asesinaron-a-un-hombre-en-mar-del-plata-e-investigan-un-ajuste-de-cuentas-por-el-cuerpo-calcinado-hallado-dias-atras\/\",\"url\":\"https:\/\/lobosnews.com.ar\/index.php\/2026\/04\/28\/asesinaron-a-un-hombre-en-mar-del-plata-e-investigan-un-ajuste-de-cuentas-por-el-cuerpo-calcinado-hallado-dias-atras\/\",\"name\":\"Asesinaron a un hombre en Mar del Plata e investigan un ajuste de cuentas por el cuerpo calcinado hallado d\u00edas atr\u00e1s - Lobos News\",\"isPartOf\":{\"@id\":\"https:\/\/lobosnews.com.ar\/#website\"},\"primaryImageOfPage\":{\"@id\":\"https:\/\/lobosnews.com.ar\/index.php\/2026\/04\/28\/asesinaron-a-un-hombre-en-mar-del-plata-e-investigan-un-ajuste-de-cuentas-por-el-cuerpo-calcinado-hallado-dias-atras\/#primaryimage\"},\"image\":{\"@id\":\"https:\/\/lobosnews.com.ar\/index.php\/2026\/04\/28\/asesinaron-a-un-hombre-en-mar-del-plata-e-investigan-un-ajuste-de-cuentas-por-el-cuerpo-calcinado-hallado-dias-atras\/#primaryimage\"},\"thumbnailUrl\":\"https:\/\/lobosnews.com.ar\/wp-content\/uploads\/2026\/04\/asesinaron-a-un-hombre-en-mar-del-plata-e-investigan-un-ajuste-de-cuentas-por-el-cuerpo-calcinado-hallado-dias-atras-2.jpg\",\"datePublished\":\"2026-04-28T07:04:07+00:00\",\"dateModified\":\"2026-04-28T09:04:58+00:00\",\"breadcrumb\":{\"@id\":\"https:\/\/lobosnews.com.ar\/index.php\/2026\/04\/28\/asesinaron-a-un-hombre-en-mar-del-plata-e-investigan-un-ajuste-de-cuentas-por-el-cuerpo-calcinado-hallado-dias-atras\/#breadcrumb\"},\"inLanguage\":\"es\",\"potentialAction\":[{\"@type\":\"ReadAction\",\"target\":[\"https:\/\/lobosnews.com.ar\/index.php\/2026\/04\/28\/asesinaron-a-un-hombre-en-mar-del-plata-e-investigan-un-ajuste-de-cuentas-por-el-cuerpo-calcinado-hallado-dias-atras\/\"]}]},{\"@type\":\"ImageObject\",\"inLanguage\":\"es\",\"@id\":\"https:\/\/lobosnews.com.ar\/index.php\/2026\/04\/28\/asesinaron-a-un-hombre-en-mar-del-plata-e-investigan-un-ajuste-de-cuentas-por-el-cuerpo-calcinado-hallado-dias-atras\/#primaryimage\",\"url\":\"https:\/\/lobosnews.com.ar\/wp-content\/uploads\/2026\/04\/asesinaron-a-un-hombre-en-mar-del-plata-e-investigan-un-ajuste-de-cuentas-por-el-cuerpo-calcinado-hallado-dias-atras-2.jpg\",\"contentUrl\":\"https:\/\/lobosnews.com.ar\/wp-content\/uploads\/2026\/04\/asesinaron-a-un-hombre-en-mar-del-plata-e-investigan-un-ajuste-de-cuentas-por-el-cuerpo-calcinado-hallado-dias-atras-2.jpg\",\"width\":1362,\"height\":892,\"caption\":\"Asesinaron a un hombre en Mar del Plata e investigan un ajuste de cuentas por el cuerpo calcinado hallado d\u00edas atr\u00e1s\"},{\"@type\":\"BreadcrumbList\",\"@id\":\"https:\/\/lobosnews.com.ar\/index.php\/2026\/04\/28\/asesinaron-a-un-hombre-en-mar-del-plata-e-investigan-un-ajuste-de-cuentas-por-el-cuerpo-calcinado-hallado-dias-atras\/#breadcrumb\",\"itemListElement\":[{\"@type\":\"ListItem\",\"position\":1,\"name\":\"Portada\",\"item\":\"https:\/\/lobosnews.com.ar\/\"},{\"@type\":\"ListItem\",\"position\":2,\"name\":\"Asesinaron a un hombre en Mar del Plata e investigan un ajuste de cuentas por el cuerpo calcinado hallado d\u00edas atr\u00e1s\"}]},{\"@type\":\"WebSite\",\"@id\":\"https:\/\/lobosnews.com.ar\/#website\",\"url\":\"https:\/\/lobosnews.com.ar\/\",\"name\":\"Lobos News\",\"description\":\"Informaci\u00f3n a cada instante\",\"publisher\":{\"@id\":\"https:\/\/lobosnews.com.ar\/#organization\"},\"potentialAction\":[{\"@type\":\"SearchAction\",\"target\":{\"@type\":\"EntryPoint\",\"urlTemplate\":\"https:\/\/lobosnews.com.ar\/?s={search_term_string}\"},\"query-input\":{\"@type\":\"PropertyValueSpecification\",\"valueRequired\":true,\"valueName\":\"search_term_string\"}}],\"inLanguage\":\"es\"},{\"@type\":\"Organization\",\"@id\":\"https:\/\/lobosnews.com.ar\/#organization\",\"name\":\"Lobos News\",\"url\":\"https:\/\/lobosnews.com.ar\/\",\"logo\":{\"@type\":\"ImageObject\",\"inLanguage\":\"es\",\"@id\":\"https:\/\/lobosnews.com.ar\/#\/schema\/logo\/image\/\",\"url\":\"https:\/\/lobosnews.com.ar\/wp-content\/uploads\/2026\/01\/logo-lobosnews.png\",\"contentUrl\":\"https:\/\/lobosnews.com.ar\/wp-content\/uploads\/2026\/01\/logo-lobosnews.png\",\"width\":500,\"height\":200,\"caption\":\"Lobos News\"},\"image\":{\"@id\":\"https:\/\/lobosnews.com.ar\/#\/schema\/logo\/image\/\"}},{\"@type\":\"Person\",\"@id\":\"https:\/\/lobosnews.com.ar\/#\/schema\/person\/232422a593d5c541dd9aef6aaed10943\",\"name\":\"admin\",\"image\":{\"@type\":\"ImageObject\",\"inLanguage\":\"es\",\"@id\":\"https:\/\/lobosnews.com.ar\/#\/schema\/person\/image\/\",\"url\":\"https:\/\/secure.gravatar.com\/avatar\/76e419471a2083bc3ceab22a763dbbf9b0c1bd15a6214cf3280e2c2dde4580f9?s=96&d=mm&r=g\",\"contentUrl\":\"https:\/\/secure.gravatar.com\/avatar\/76e419471a2083bc3ceab22a763dbbf9b0c1bd15a6214cf3280e2c2dde4580f9?s=96&d=mm&r=g\",\"caption\":\"admin\"},\"sameAs\":[\"https:\/\/lobosnews.com.ar\"],\"url\":\"https:\/\/lobosnews.com.ar\/index.php\/author\/lobos-news\/\"}]}<\/script>\n<!-- \/ Yoast SEO plugin. -->","yoast_head_json":{"title":"Asesinaron a un hombre en Mar del Plata e investigan un ajuste de cuentas por el cuerpo calcinado hallado d\u00edas atr\u00e1s - Lobos News","robots":{"index":"index","follow":"follow","max-snippet":"max-snippet:-1","max-image-preview":"max-image-preview:large","max-video-preview":"max-video-preview:-1"},"canonical":"https:\/\/lobosnews.com.ar\/index.php\/2026\/04\/28\/asesinaron-a-un-hombre-en-mar-del-plata-e-investigan-un-ajuste-de-cuentas-por-el-cuerpo-calcinado-hallado-dias-atras\/","og_locale":"es_ES","og_type":"article","og_title":"Asesinaron a un hombre en Mar del Plata e investigan un ajuste de cuentas por el cuerpo calcinado hallado d\u00edas atr\u00e1s - Lobos News","og_description":"Otro crimen se reigstr\u00f3 en Mar del Plata. Esta vez, la v\u00edctima fue un hombre de 36 a\u00f1os que fue baleado a quemarropa durante la ma\u00f1ana del lunes en el barrio General Belgrano. Ahora, la Justicia investiga si este homicidio est\u00e1 motivado por un ajuste de cuentas y analizan si guarda relaci\u00f3n con el hallazgo...","og_url":"https:\/\/lobosnews.com.ar\/index.php\/2026\/04\/28\/asesinaron-a-un-hombre-en-mar-del-plata-e-investigan-un-ajuste-de-cuentas-por-el-cuerpo-calcinado-hallado-dias-atras\/","og_site_name":"Lobos News","article_published_time":"2026-04-28T07:04:07+00:00","article_modified_time":"2026-04-28T09:04:58+00:00","og_image":[{"url":"https:\/\/lobosnews.com.ar\/wp-content\/uploads\/2026\/04\/asesinaron-a-un-hombre-en-mar-del-plata-e-investigan-un-ajuste-de-cuentas-por-el-cuerpo-calcinado-hallado-dias-atras.jpg","type":"","width":"","height":""}],"author":"admin","twitter_card":"summary_large_image","twitter_misc":{"Escrito por":"admin","Tiempo de lectura":"3 minutos"},"schema":{"@context":"https:\/\/schema.org","@graph":[{"@type":"Article","@id":"https:\/\/lobosnews.com.ar\/index.php\/2026\/04\/28\/asesinaron-a-un-hombre-en-mar-del-plata-e-investigan-un-ajuste-de-cuentas-por-el-cuerpo-calcinado-hallado-dias-atras\/#article","isPartOf":{"@id":"https:\/\/lobosnews.com.ar\/index.php\/2026\/04\/28\/asesinaron-a-un-hombre-en-mar-del-plata-e-investigan-un-ajuste-de-cuentas-por-el-cuerpo-calcinado-hallado-dias-atras\/"},"author":{"name":"admin","@id":"https:\/\/lobosnews.com.ar\/#\/schema\/person\/232422a593d5c541dd9aef6aaed10943"},"headline":"Asesinaron a un hombre en Mar del Plata e investigan un ajuste de cuentas por el cuerpo calcinado hallado d\u00edas atr\u00e1s","datePublished":"2026-04-28T07:04:07+00:00","dateModified":"2026-04-28T09:04:58+00:00","mainEntityOfPage":{"@id":"https:\/\/lobosnews.com.ar\/index.php\/2026\/04\/28\/asesinaron-a-un-hombre-en-mar-del-plata-e-investigan-un-ajuste-de-cuentas-por-el-cuerpo-calcinado-hallado-dias-atras\/"},"wordCount":634,"commentCount":0,"publisher":{"@id":"https:\/\/lobosnews.com.ar\/#organization"},"image":{"@id":"https:\/\/lobosnews.com.ar\/index.php\/2026\/04\/28\/asesinaron-a-un-hombre-en-mar-del-plata-e-investigan-un-ajuste-de-cuentas-por-el-cuerpo-calcinado-hallado-dias-atras\/#primaryimage"},"thumbnailUrl":"https:\/\/lobosnews.com.ar\/wp-content\/uploads\/2026\/04\/asesinaron-a-un-hombre-en-mar-del-plata-e-investigan-un-ajuste-de-cuentas-por-el-cuerpo-calcinado-hallado-dias-atras-2.jpg","articleSection":["Actualidad","Argentina","econom\u00eda","inseguridad","masradios.com","nacionales","seguridad","sociedad"],"inLanguage":"es","potentialAction":[{"@type":"CommentAction","name":"Comment","target":["https:\/\/lobosnews.com.ar\/index.php\/2026\/04\/28\/asesinaron-a-un-hombre-en-mar-del-plata-e-investigan-un-ajuste-de-cuentas-por-el-cuerpo-calcinado-hallado-dias-atras\/#respond"]}]},{"@type":"WebPage","@id":"https:\/\/lobosnews.com.ar\/index.php\/2026\/04\/28\/asesinaron-a-un-hombre-en-mar-del-plata-e-investigan-un-ajuste-de-cuentas-por-el-cuerpo-calcinado-hallado-dias-atras\/","url":"https:\/\/lobosnews.com.ar\/index.php\/2026\/04\/28\/asesinaron-a-un-hombre-en-mar-del-plata-e-investigan-un-ajuste-de-cuentas-por-el-cuerpo-calcinado-hallado-dias-atras\/","name":"Asesinaron a un hombre en Mar del Plata e investigan un ajuste de cuentas por el cuerpo calcinado hallado d\u00edas atr\u00e1s - Lobos News","isPartOf":{"@id":"https:\/\/lobosnews.com.ar\/#website"},"primaryImageOfPage":{"@id":"https:\/\/lobosnews.com.ar\/index.php\/2026\/04\/28\/asesinaron-a-un-hombre-en-mar-del-plata-e-investigan-un-ajuste-de-cuentas-por-el-cuerpo-calcinado-hallado-dias-atras\/#primaryimage"},"image":{"@id":"https:\/\/lobosnews.com.ar\/index.php\/2026\/04\/28\/asesinaron-a-un-hombre-en-mar-del-plata-e-investigan-un-ajuste-de-cuentas-por-el-cuerpo-calcinado-hallado-dias-atras\/#primaryimage"},"thumbnailUrl":"https:\/\/lobosnews.com.ar\/wp-content\/uploads\/2026\/04\/asesinaron-a-un-hombre-en-mar-del-plata-e-investigan-un-ajuste-de-cuentas-por-el-cuerpo-calcinado-hallado-dias-atras-2.jpg","datePublished":"2026-04-28T07:04:07+00:00","dateModified":"2026-04-28T09:04:58+00:00","breadcrumb":{"@id":"https:\/\/lobosnews.com.ar\/index.php\/2026\/04\/28\/asesinaron-a-un-hombre-en-mar-del-plata-e-investigan-un-ajuste-de-cuentas-por-el-cuerpo-calcinado-hallado-dias-atras\/#breadcrumb"},"inLanguage":"es","potentialAction":[{"@type":"ReadAction","target":["https:\/\/lobosnews.com.ar\/index.php\/2026\/04\/28\/asesinaron-a-un-hombre-en-mar-del-plata-e-investigan-un-ajuste-de-cuentas-por-el-cuerpo-calcinado-hallado-dias-atras\/"]}]},{"@type":"ImageObject","inLanguage":"es","@id":"https:\/\/lobosnews.com.ar\/index.php\/2026\/04\/28\/asesinaron-a-un-hombre-en-mar-del-plata-e-investigan-un-ajuste-de-cuentas-por-el-cuerpo-calcinado-hallado-dias-atras\/#primaryimage","url":"https:\/\/lobosnews.com.ar\/wp-content\/uploads\/2026\/04\/asesinaron-a-un-hombre-en-mar-del-plata-e-investigan-un-ajuste-de-cuentas-por-el-cuerpo-calcinado-hallado-dias-atras-2.jpg","contentUrl":"https:\/\/lobosnews.com.ar\/wp-content\/uploads\/2026\/04\/asesinaron-a-un-hombre-en-mar-del-plata-e-investigan-un-ajuste-de-cuentas-por-el-cuerpo-calcinado-hallado-dias-atras-2.jpg","width":1362,"height":892,"caption":"Asesinaron a un hombre en Mar del Plata e investigan un ajuste de cuentas por el cuerpo calcinado hallado d\u00edas atr\u00e1s"},{"@type":"BreadcrumbList","@id":"https:\/\/lobosnews.com.ar\/index.php\/2026\/04\/28\/asesinaron-a-un-hombre-en-mar-del-plata-e-investigan-un-ajuste-de-cuentas-por-el-cuerpo-calcinado-hallado-dias-atras\/#breadcrumb","itemListElement":[{"@type":"ListItem","position":1,"name":"Portada","item":"https:\/\/lobosnews.com.ar\/"},{"@type":"ListItem","position":2,"name":"Asesinaron a un hombre en Mar del Plata e investigan un ajuste de cuentas por el cuerpo calcinado hallado d\u00edas atr\u00e1s"}]},{"@type":"WebSite","@id":"https:\/\/lobosnews.com.ar\/#website","url":"https:\/\/lobosnews.com.ar\/","name":"Lobos News","description":"Informaci\u00f3n a cada instante","publisher":{"@id":"https:\/\/lobosnews.com.ar\/#organization"},"potentialAction":[{"@type":"SearchAction","target":{"@type":"EntryPoint","urlTemplate":"https:\/\/lobosnews.com.ar\/?s={search_term_string}"},"query-input":{"@type":"PropertyValueSpecification","valueRequired":true,"valueName":"search_term_string"}}],"inLanguage":"es"},{"@type":"Organization","@id":"https:\/\/lobosnews.com.ar\/#organization","name":"Lobos News","url":"https:\/\/lobosnews.com.ar\/","logo":{"@type":"ImageObject","inLanguage":"es","@id":"https:\/\/lobosnews.com.ar\/#\/schema\/logo\/image\/","url":"https:\/\/lobosnews.com.ar\/wp-content\/uploads\/2026\/01\/logo-lobosnews.png","contentUrl":"https:\/\/lobosnews.com.ar\/wp-content\/uploads\/2026\/01\/logo-lobosnews.png","width":500,"height":200,"caption":"Lobos News"},"image":{"@id":"https:\/\/lobosnews.com.ar\/#\/schema\/logo\/image\/"}},{"@type":"Person","@id":"https:\/\/lobosnews.com.ar\/#\/schema\/person\/232422a593d5c541dd9aef6aaed10943","name":"admin","image":{"@type":"ImageObject","inLanguage":"es","@id":"https:\/\/lobosnews.com.ar\/#\/schema\/person\/image\/","url":"https:\/\/secure.gravatar.com\/avatar\/76e419471a2083bc3ceab22a763dbbf9b0c1bd15a6214cf3280e2c2dde4580f9?s=96&d=mm&r=g","contentUrl":"https:\/\/secure.gravatar.com\/avatar\/76e419471a2083bc3ceab22a763dbbf9b0c1bd15a6214cf3280e2c2dde4580f9?s=96&d=mm&r=g","caption":"admin"},"sameAs":["https:\/\/lobosnews.com.ar"],"url":"https:\/\/lobosnews.com.ar\/index.php\/author\/lobos-news\/"}]}},"jetpack_featured_media_url":"https:\/\/lobosnews.com.ar\/wp-content\/uploads\/2026\/04\/asesinaron-a-un-hombre-en-mar-del-plata-e-investigan-un-ajuste-de-cuentas-por-el-cuerpo-calcinado-hallado-dias-atras-2.jpg","jetpack_sharing_enabled":true,"_links":{"self":[{"href":"https:\/\/lobosnews.com.ar\/index.php\/wp-json\/wp\/v2\/posts\/46523","targetHints":{"allow":["GET"]}}],"collection":[{"href":"https:\/\/lobosnews.com.ar\/index.php\/wp-json\/wp\/v2\/posts"}],"about":[{"href":"https:\/\/lobosnews.com.ar\/index.php\/wp-json\/wp\/v2\/types\/post"}],"author":[{"embeddable":true,"href":"https:\/\/lobosnews.com.ar\/index.php\/wp-json\/wp\/v2\/users\/1"}],"replies":[{"embeddable":true,"href":"https:\/\/lobosnews.com.ar\/index.php\/wp-json\/wp\/v2\/comments?post=46523"}],"version-history":[{"count":1,"href":"https:\/\/lobosnews.com.ar\/index.php\/wp-json\/wp\/v2\/posts\/46523\/revisions"}],"predecessor-version":[{"id":46526,"href":"https:\/\/lobosnews.com.ar\/index.php\/wp-json\/wp\/v2\/posts\/46523\/revisions\/46526"}],"wp:featuredmedia":[{"embeddable":true,"href":"https:\/\/lobosnews.com.ar\/index.php\/wp-json\/wp\/v2\/media\/46527"}],"wp:attachment":[{"href":"https:\/\/lobosnews.com.ar\/index.php\/wp-json\/wp\/v2\/media?parent=46523"}],"wp:term":[{"taxonomy":"category","embeddable":true,"href":"https:\/\/lobosnews.com.ar\/index.php\/wp-json\/wp\/v2\/categories?post=46523"},{"taxonomy":"post_tag","embeddable":true,"href":"https:\/\/lobosnews.com.ar\/index.php\/wp-json\/wp\/v2\/tags?post=46523"}],"curies":[{"name":"wp","href":"https:\/\/api.w.org\/{rel}","templated":true}]}}