{"id":46518,"date":"2026-04-28T07:34:33","date_gmt":"2026-04-28T07:34:33","guid":{"rendered":"https:\/\/lobosnews.com.ar\/index.php\/2026\/04\/28\/dictaron-prision-preventiva-para-miembros-de-una-banda-narco-que-funcionaba-bajo-la-fachada-de-un-comedor-comunitario\/"},"modified":"2026-04-28T09:04:51","modified_gmt":"2026-04-28T09:04:51","slug":"dictaron-prision-preventiva-para-miembros-de-una-banda-narco-que-funcionaba-bajo-la-fachada-de-un-comedor-comunitario","status":"publish","type":"post","link":"https:\/\/lobosnews.com.ar\/index.php\/2026\/04\/28\/dictaron-prision-preventiva-para-miembros-de-una-banda-narco-que-funcionaba-bajo-la-fachada-de-un-comedor-comunitario\/","title":{"rendered":"Dictaron prisi\u00f3n preventiva para miembros de una banda narco que funcionaba bajo la fachada de un comedor comunitario"},"content":{"rendered":"<p><img loading=\"lazy\" decoding=\"async\" src=\"https:\/\/lobosnews.com.ar\/wp-content\/uploads\/2026\/04\/dictaron-prision-preventiva-para-miembros-de-una-banda-narco-que-funcionaba-bajo-la-fachada-de-un-comedor-comunitario.jpg\" alt=\"Autoridades policiales incautaron una gran cantidad de drogas que estaban escondidas entre bolsas de limones en un cami\u00f3n, desarticulando una banda de narcotraficantes en Salta (Fiscales.gob.ar)\" height=\"1123\" width=\"1918\"\/><\/p>\n<p>Seis personas quedaron detenidas con <b>prisi\u00f3n preventiva <\/b>tras ser acusadas de integrar una <b>organizaci\u00f3n narcocriminal<\/b> que, seg\u00fan la investigaci\u00f3n judicial, envi\u00f3 <b>50 kilos de coca\u00edna<\/b> y <b>100 de marihuana<\/b> desde la provincia de <span class=\"waslinkname\"><b>Salta<\/b><\/span> hacia <b>Tucum\u00e1n,<\/b> ocultos en un cami\u00f3n cargado de limones. <\/p>\n<p>El presunto l\u00edder de la banda, identificado por sus iniciales como <b>Z. O. T.<\/b>, <b>permanece pr\u00f3fugo<\/b>, mientras que las autoridades judiciales dispusieron su captura nacional e internacional. La pesquisa revel\u00f3 que<b> el acusado utilizaba un<\/b> <b>comedor comunitario<\/b> <b>como fachada <\/b>para encubrir las actividades il\u00edcitas.<\/p>\n<p>La imputaci\u00f3n fue presentada por el <b>fiscal federal Ricardo Toranzos<\/b>, del <b>\u00c1rea de Investigaci\u00f3n y Litigio de Casos Complejos de la Unidad Fiscal Salta,<\/b> durante una audiencia ante la <b>jueza federal de Garant\u00edas N\u00b02<\/b>, <b>Mariela Gim\u00e9nez<\/b>. Toranzos detall\u00f3 que la maniobra fue posible gracias a una estructura log\u00edstica y operativa que involucr\u00f3 a varios integrantes, todos sindicados como coautores del delito de transporte de estupefacientes agravado por la cantidad de participantes.<\/p>\n<p>Seg\u00fan inform\u00f3 la p\u00e1gina web de los fiscales,<b> la jueza dispuso la prisi\u00f3n preventiva para los seis imputados: <\/b>tres en modalidad de cumplimiento efectivo y los otros tres bajo arresto domiciliario. Adem\u00e1s, fij\u00f3 un plazo de noventa d\u00edas h\u00e1biles tanto para la medida de coerci\u00f3n como para el avance de la investigaci\u00f3n, autoriz\u00f3 peritajes sobre los tel\u00e9fonos celulares incautados y orden\u00f3 la captura de Z. O. T., se\u00f1alado como jefe de la organizaci\u00f3n.<\/p>\n<p>De acuerdo con lo informado por la fiscal\u00eda, <b>la investigaci\u00f3n comenz\u00f3 en los primeros meses de 2025<\/b>, tras el an\u00e1lisis de antecedentes vinculados a maniobras de tr\u00e1fico de drogas entre <b>Jujuy, Tucum\u00e1n y Mendoza<\/b>. En 2024, una pesquisa previa hab\u00eda derivado en la condena de tres personas, lo que permiti\u00f3 identificar a nuevos sospechosos, entre ellos Z. O. T., quien ya figuraba en escuchas telef\u00f3nicas analizadas por los investigadores.<\/p>\n<p><b>Las intervenciones telef\u00f3nicas fueron clave para detectar la planificaci\u00f3n de la operaci\u00f3n<\/b>. En una de las grabaciones, el pr\u00f3fugo manifestaba la necesidad de trasladar estupefacientes hacia un paraje de Tucum\u00e1n y de conseguir transportistas para la tarea. Las conversaciones inclu\u00edan referencias a cantidades de droga \u2014\u201ctenemos 20 kilos en la bolsa\u201d\u2014, precios y la inminencia de una operaci\u00f3n de mayor escala.<\/p>\n<p>El 30 de mayo del a\u00f1o pasado,<b> se registr\u00f3 un contacto entre Z. O. T. y H. A. Z.<\/b>, en el que <b>se coordinaba el env\u00edo de droga desde Jujuy a Tucum\u00e1n<\/b>. En los meses siguientes, los implicados continuaron en comunicaci\u00f3n, planificando el traslado de un cargamento mayor, para lo cual dispusieron la utilizaci\u00f3n de un cami\u00f3n con carga l\u00edcita como cobertura.<\/p>\n<p>Uno de los di\u00e1logos entre H. A. Z. y su pareja, fechado el 14 de febrero, evidenci\u00f3 la din\u00e1mica de la organizaci\u00f3n. En esa conversaci\u00f3n, H. A. Z. se\u00f1al\u00f3 que \u201cen este viaje vamos limpios\u201d, haciendo alusi\u00f3n a que solo transportaba bolsas de az\u00facar, lo que imped\u00eda ocultar droga en esa ocasi\u00f3n. Sin embargo, en marzo, las conversaciones se intensificaron y sumaron a otros participantes, quienes asumieron roles espec\u00edficos, como el acondicionamiento de la droga o la funci\u00f3n de \u201ccoche puntero\u201d para alertar sobre controles en la ruta.<\/p>\n<p><img loading=\"lazy\" decoding=\"async\" src=\"https:\/\/lobosnews.com.ar\/wp-content\/uploads\/2026\/04\/dictaron-prision-preventiva-para-miembros-de-una-banda-narco-que-funcionaba-bajo-la-fachada-de-un-comedor-comunitario-1.jpg\" alt=\"Un paquete de drogas es pesado en una balanza digital tras ser incautado en Salta, donde una banda fue desmantelada por ocultar estupefacientes en un cami\u00f3n de limones (Fiscales.gob.ar)\" height=\"1184\" width=\"1404\"\/><\/p>\n<p>La operaci\u00f3n policial se materializ\u00f3 el 29 de marzo, tras la detecci\u00f3n de un cami\u00f3n que circulaba desde Colonia Santa Rosa (Salta) con una carga de limones. Los investigadores observaron que el veh\u00edculo realizaba paradas coordinadas con otro autom\u00f3vil de apoyo. Ante la inminencia de la maniobra, la Fiscal\u00eda, junto al auxiliar fiscal Ignacio Irigoyen y el investigador Pablo Carraro, organiz\u00f3 un operativo conjunto con la Polic\u00eda de Seguridad Aeroportuaria (PSA) y solicit\u00f3 la colaboraci\u00f3n de Gendarmer\u00eda Nacional.<\/p>\n<p>El punto de control fue establecido sobre la <b>Ruta Nacional 9<\/b>, a la <b>altura del kil\u00f3metro 1.358<\/b>, en la localidad tucumana de <b>Trancas<\/b>. En la requisa, se hallaron <b>144 paquetes<\/b> de <b>droga ocultos entre las bolsas de limones<\/b>: <b>52 kilos con 215 gramos de coca\u00edna<\/b> y <b>100 kilos con 662 gramos de marihuana<\/b>. El conductor y su acompa\u00f1ante, identificado como <b>F. A. M. F.<\/b>, fueron detenidos en el lugar.<\/p>\n<p>En los d\u00edas siguientes, la Polic\u00eda efectu\u00f3 m\u00faltiples allanamientos en domicilios vinculados a los sospechosos en San Salvador de Jujuy y en el asentamiento Sagrado Coraz\u00f3n. En este \u00faltimo, los agentes <b>buscaban capturar a Z. O. T., pero solo hallaron a tres familiares,<\/b> quienes tambi\u00e9n fueron imputados por su presunta colaboraci\u00f3n como \u201ccoche puntero\u201d.<\/p>\n<p>Las autoridades tambi\u00e9n arrestaron al responsable de acondicionar la droga y secuestraron tel\u00e9fonos celulares, documentaci\u00f3n y otros elementos relevantes para la investigaci\u00f3n penal. Se inform\u00f3 que el presunto l\u00edder de la organizaci\u00f3n operaba desde un inmueble donde funcionaba un comedor comunitario, utilizado supuestamente como pantalla para las actividades delictivas.<\/p>\n","protected":false},"excerpt":{"rendered":"<p>Seis personas quedaron detenidas con prisi\u00f3n preventiva tras ser acusadas de integrar una organizaci\u00f3n narcocriminal que, seg\u00fan la investigaci\u00f3n judicial, envi\u00f3 50 kilos de coca\u00edna y 100 de marihuana desde la provincia de Salta hacia Tucum\u00e1n, ocultos en un cami\u00f3n cargado de limones. El presunto l\u00edder de la banda, identificado por sus iniciales como Z&#8230;.<\/p>\n","protected":false},"author":1,"featured_media":46522,"comment_status":"open","ping_status":"closed","sticky":false,"template":"","format":"standard","meta":{"_jetpack_memberships_contains_paid_content":false,"footnotes":""},"categories":[31,30,32,77,84,35,36,37],"tags":[],"class_list":["post-46518","post","type-post","status-publish","format-standard","has-post-thumbnail","hentry","category-actualidad","category-argentina","category-economia","category-inseguridad","category-masradios-com","category-nacionales","category-seguridad","category-sociedad"],"magazineBlocksPostFeaturedMedia":{"thumbnail":"https:\/\/lobosnews.com.ar\/wp-content\/uploads\/2026\/04\/dictaron-prision-preventiva-para-miembros-de-una-banda-narco-que-funcionaba-bajo-la-fachada-de-un-comedor-comunitario-2-150x150.jpg","medium":"https:\/\/lobosnews.com.ar\/wp-content\/uploads\/2026\/04\/dictaron-prision-preventiva-para-miembros-de-una-banda-narco-que-funcionaba-bajo-la-fachada-de-un-comedor-comunitario-2-300x253.jpg","medium_large":"https:\/\/lobosnews.com.ar\/wp-content\/uploads\/2026\/04\/dictaron-prision-preventiva-para-miembros-de-una-banda-narco-que-funcionaba-bajo-la-fachada-de-un-comedor-comunitario-2-768x648.jpg","large":"https:\/\/lobosnews.com.ar\/wp-content\/uploads\/2026\/04\/dictaron-prision-preventiva-para-miembros-de-una-banda-narco-que-funcionaba-bajo-la-fachada-de-un-comedor-comunitario-2-1024x864.jpg","1536x1536":"https:\/\/lobosnews.com.ar\/wp-content\/uploads\/2026\/04\/dictaron-prision-preventiva-para-miembros-de-una-banda-narco-que-funcionaba-bajo-la-fachada-de-un-comedor-comunitario-2.jpg","2048x2048":"https:\/\/lobosnews.com.ar\/wp-content\/uploads\/2026\/04\/dictaron-prision-preventiva-para-miembros-de-una-banda-narco-que-funcionaba-bajo-la-fachada-de-un-comedor-comunitario-2.jpg","newsmatic-featured":"https:\/\/lobosnews.com.ar\/wp-content\/uploads\/2026\/04\/dictaron-prision-preventiva-para-miembros-de-una-banda-narco-que-funcionaba-bajo-la-fachada-de-un-comedor-comunitario-2-820x545.jpg","newsmatic-list":"https:\/\/lobosnews.com.ar\/wp-content\/uploads\/2026\/04\/dictaron-prision-preventiva-para-miembros-de-una-banda-narco-que-funcionaba-bajo-la-fachada-de-un-comedor-comunitario-2-600x400.jpg","newsmatic-thumb":"https:\/\/lobosnews.com.ar\/wp-content\/uploads\/2026\/04\/dictaron-prision-preventiva-para-miembros-de-una-banda-narco-que-funcionaba-bajo-la-fachada-de-un-comedor-comunitario-2-300x200.jpg","newsmatic-small":"https:\/\/lobosnews.com.ar\/wp-content\/uploads\/2026\/04\/dictaron-prision-preventiva-para-miembros-de-una-banda-narco-que-funcionaba-bajo-la-fachada-de-un-comedor-comunitario-2-150x95.jpg","newsmatic-grid":"https:\/\/lobosnews.com.ar\/wp-content\/uploads\/2026\/04\/dictaron-prision-preventiva-para-miembros-de-una-banda-narco-que-funcionaba-bajo-la-fachada-de-un-comedor-comunitario-2-400x250.jpg"},"magazineBlocksPostAuthor":{"name":"admin","avatar":"https:\/\/secure.gravatar.com\/avatar\/76e419471a2083bc3ceab22a763dbbf9b0c1bd15a6214cf3280e2c2dde4580f9?s=96&d=mm&r=g"},"magazineBlocksPostCommentsNumber":"0","magazineBlocksPostExcerpt":"Seis personas quedaron detenidas con prisi\u00f3n preventiva tras ser acusadas de integrar una organizaci\u00f3n narcocriminal que, seg\u00fan la investigaci\u00f3n judicial, envi\u00f3 50 kilos de coca\u00edna y 100 de marihuana desde la provincia de Salta hacia Tucum\u00e1n, ocultos en un cami\u00f3n cargado de limones. El presunto l\u00edder de la banda, identificado por sus iniciales como Z....","magazineBlocksPostCategories":["Actualidad","Argentina","econom\u00eda","inseguridad","masradios.com","nacionales","seguridad","sociedad"],"magazineBlocksPostViewCount":7,"magazineBlocksPostReadTime":5,"magazine_blocks_featured_image_url":{"full":["https:\/\/lobosnews.com.ar\/wp-content\/uploads\/2026\/04\/dictaron-prision-preventiva-para-miembros-de-una-banda-narco-que-funcionaba-bajo-la-fachada-de-un-comedor-comunitario-2.jpg",1404,1184,false],"medium":["https:\/\/lobosnews.com.ar\/wp-content\/uploads\/2026\/04\/dictaron-prision-preventiva-para-miembros-de-una-banda-narco-que-funcionaba-bajo-la-fachada-de-un-comedor-comunitario-2-300x253.jpg",300,253,true],"thumbnail":["https:\/\/lobosnews.com.ar\/wp-content\/uploads\/2026\/04\/dictaron-prision-preventiva-para-miembros-de-una-banda-narco-que-funcionaba-bajo-la-fachada-de-un-comedor-comunitario-2-150x150.jpg",150,150,true]},"magazine_blocks_author":{"display_name":"admin","author_link":"https:\/\/lobosnews.com.ar\/index.php\/author\/lobos-news\/"},"magazine_blocks_comment":0,"magazine_blocks_author_image":"https:\/\/secure.gravatar.com\/avatar\/76e419471a2083bc3ceab22a763dbbf9b0c1bd15a6214cf3280e2c2dde4580f9?s=96&d=mm&r=g","magazine_blocks_category":"<a href=\"#\" class=\"category-link category-link-31\">Actualidad<\/a> <a href=\"#\" class=\"category-link category-link-30\">Argentina<\/a> <a href=\"#\" class=\"category-link category-link-32\">econom\u00eda<\/a> <a href=\"#\" class=\"category-link category-link-77\">inseguridad<\/a> <a href=\"#\" class=\"category-link category-link-84\">masradios.com<\/a> <a href=\"#\" class=\"category-link category-link-35\">nacionales<\/a> <a href=\"#\" class=\"category-link category-link-36\">seguridad<\/a> <a href=\"#\" class=\"category-link category-link-37\">sociedad<\/a>","yoast_head":"<!-- This site is optimized with the Yoast SEO plugin v26.6 - https:\/\/yoast.com\/wordpress\/plugins\/seo\/ -->\n<title>Dictaron prisi\u00f3n preventiva para miembros de una banda narco que funcionaba bajo la fachada de un comedor comunitario - Lobos News<\/title>\n<meta name=\"robots\" content=\"index, follow, max-snippet:-1, max-image-preview:large, max-video-preview:-1\" \/>\n<link rel=\"canonical\" href=\"https:\/\/lobosnews.com.ar\/index.php\/2026\/04\/28\/dictaron-prision-preventiva-para-miembros-de-una-banda-narco-que-funcionaba-bajo-la-fachada-de-un-comedor-comunitario\/\" \/>\n<meta property=\"og:locale\" content=\"es_ES\" \/>\n<meta property=\"og:type\" content=\"article\" \/>\n<meta property=\"og:title\" content=\"Dictaron prisi\u00f3n preventiva para miembros de una banda narco que funcionaba bajo la fachada de un comedor comunitario - Lobos News\" \/>\n<meta property=\"og:description\" content=\"Seis personas quedaron detenidas con prisi\u00f3n preventiva tras ser acusadas de integrar una organizaci\u00f3n narcocriminal que, seg\u00fan la investigaci\u00f3n judicial, envi\u00f3 50 kilos de coca\u00edna y 100 de marihuana desde la provincia de Salta hacia Tucum\u00e1n, ocultos en un cami\u00f3n cargado de limones. El presunto l\u00edder de la banda, identificado por sus iniciales como Z....\" \/>\n<meta property=\"og:url\" content=\"https:\/\/lobosnews.com.ar\/index.php\/2026\/04\/28\/dictaron-prision-preventiva-para-miembros-de-una-banda-narco-que-funcionaba-bajo-la-fachada-de-un-comedor-comunitario\/\" \/>\n<meta property=\"og:site_name\" content=\"Lobos News\" \/>\n<meta property=\"article:published_time\" content=\"2026-04-28T07:34:33+00:00\" \/>\n<meta property=\"article:modified_time\" content=\"2026-04-28T09:04:51+00:00\" \/>\n<meta property=\"og:image\" content=\"https:\/\/lobosnews.com.ar\/wp-content\/uploads\/2026\/04\/dictaron-prision-preventiva-para-miembros-de-una-banda-narco-que-funcionaba-bajo-la-fachada-de-un-comedor-comunitario.jpg\" \/>\n<meta name=\"author\" content=\"admin\" \/>\n<meta name=\"twitter:card\" content=\"summary_large_image\" \/>\n<meta name=\"twitter:label1\" content=\"Escrito por\" \/>\n\t<meta name=\"twitter:data1\" content=\"admin\" \/>\n\t<meta name=\"twitter:label2\" content=\"Tiempo de lectura\" \/>\n\t<meta name=\"twitter:data2\" content=\"4 minutos\" \/>\n<script type=\"application\/ld+json\" class=\"yoast-schema-graph\">{\"@context\":\"https:\/\/schema.org\",\"@graph\":[{\"@type\":\"Article\",\"@id\":\"https:\/\/lobosnews.com.ar\/index.php\/2026\/04\/28\/dictaron-prision-preventiva-para-miembros-de-una-banda-narco-que-funcionaba-bajo-la-fachada-de-un-comedor-comunitario\/#article\",\"isPartOf\":{\"@id\":\"https:\/\/lobosnews.com.ar\/index.php\/2026\/04\/28\/dictaron-prision-preventiva-para-miembros-de-una-banda-narco-que-funcionaba-bajo-la-fachada-de-un-comedor-comunitario\/\"},\"author\":{\"name\":\"admin\",\"@id\":\"https:\/\/lobosnews.com.ar\/#\/schema\/person\/232422a593d5c541dd9aef6aaed10943\"},\"headline\":\"Dictaron prisi\u00f3n preventiva para miembros de una banda narco que funcionaba bajo la fachada de un comedor comunitario\",\"datePublished\":\"2026-04-28T07:34:33+00:00\",\"dateModified\":\"2026-04-28T09:04:51+00:00\",\"mainEntityOfPage\":{\"@id\":\"https:\/\/lobosnews.com.ar\/index.php\/2026\/04\/28\/dictaron-prision-preventiva-para-miembros-de-una-banda-narco-que-funcionaba-bajo-la-fachada-de-un-comedor-comunitario\/\"},\"wordCount\":847,\"commentCount\":0,\"publisher\":{\"@id\":\"https:\/\/lobosnews.com.ar\/#organization\"},\"image\":{\"@id\":\"https:\/\/lobosnews.com.ar\/index.php\/2026\/04\/28\/dictaron-prision-preventiva-para-miembros-de-una-banda-narco-que-funcionaba-bajo-la-fachada-de-un-comedor-comunitario\/#primaryimage\"},\"thumbnailUrl\":\"https:\/\/lobosnews.com.ar\/wp-content\/uploads\/2026\/04\/dictaron-prision-preventiva-para-miembros-de-una-banda-narco-que-funcionaba-bajo-la-fachada-de-un-comedor-comunitario-2.jpg\",\"articleSection\":[\"Actualidad\",\"Argentina\",\"econom\u00eda\",\"inseguridad\",\"masradios.com\",\"nacionales\",\"seguridad\",\"sociedad\"],\"inLanguage\":\"es\",\"potentialAction\":[{\"@type\":\"CommentAction\",\"name\":\"Comment\",\"target\":[\"https:\/\/lobosnews.com.ar\/index.php\/2026\/04\/28\/dictaron-prision-preventiva-para-miembros-de-una-banda-narco-que-funcionaba-bajo-la-fachada-de-un-comedor-comunitario\/#respond\"]}]},{\"@type\":\"WebPage\",\"@id\":\"https:\/\/lobosnews.com.ar\/index.php\/2026\/04\/28\/dictaron-prision-preventiva-para-miembros-de-una-banda-narco-que-funcionaba-bajo-la-fachada-de-un-comedor-comunitario\/\",\"url\":\"https:\/\/lobosnews.com.ar\/index.php\/2026\/04\/28\/dictaron-prision-preventiva-para-miembros-de-una-banda-narco-que-funcionaba-bajo-la-fachada-de-un-comedor-comunitario\/\",\"name\":\"Dictaron prisi\u00f3n preventiva para miembros de una banda narco que funcionaba bajo la fachada de un comedor comunitario - Lobos News\",\"isPartOf\":{\"@id\":\"https:\/\/lobosnews.com.ar\/#website\"},\"primaryImageOfPage\":{\"@id\":\"https:\/\/lobosnews.com.ar\/index.php\/2026\/04\/28\/dictaron-prision-preventiva-para-miembros-de-una-banda-narco-que-funcionaba-bajo-la-fachada-de-un-comedor-comunitario\/#primaryimage\"},\"image\":{\"@id\":\"https:\/\/lobosnews.com.ar\/index.php\/2026\/04\/28\/dictaron-prision-preventiva-para-miembros-de-una-banda-narco-que-funcionaba-bajo-la-fachada-de-un-comedor-comunitario\/#primaryimage\"},\"thumbnailUrl\":\"https:\/\/lobosnews.com.ar\/wp-content\/uploads\/2026\/04\/dictaron-prision-preventiva-para-miembros-de-una-banda-narco-que-funcionaba-bajo-la-fachada-de-un-comedor-comunitario-2.jpg\",\"datePublished\":\"2026-04-28T07:34:33+00:00\",\"dateModified\":\"2026-04-28T09:04:51+00:00\",\"breadcrumb\":{\"@id\":\"https:\/\/lobosnews.com.ar\/index.php\/2026\/04\/28\/dictaron-prision-preventiva-para-miembros-de-una-banda-narco-que-funcionaba-bajo-la-fachada-de-un-comedor-comunitario\/#breadcrumb\"},\"inLanguage\":\"es\",\"potentialAction\":[{\"@type\":\"ReadAction\",\"target\":[\"https:\/\/lobosnews.com.ar\/index.php\/2026\/04\/28\/dictaron-prision-preventiva-para-miembros-de-una-banda-narco-que-funcionaba-bajo-la-fachada-de-un-comedor-comunitario\/\"]}]},{\"@type\":\"ImageObject\",\"inLanguage\":\"es\",\"@id\":\"https:\/\/lobosnews.com.ar\/index.php\/2026\/04\/28\/dictaron-prision-preventiva-para-miembros-de-una-banda-narco-que-funcionaba-bajo-la-fachada-de-un-comedor-comunitario\/#primaryimage\",\"url\":\"https:\/\/lobosnews.com.ar\/wp-content\/uploads\/2026\/04\/dictaron-prision-preventiva-para-miembros-de-una-banda-narco-que-funcionaba-bajo-la-fachada-de-un-comedor-comunitario-2.jpg\",\"contentUrl\":\"https:\/\/lobosnews.com.ar\/wp-content\/uploads\/2026\/04\/dictaron-prision-preventiva-para-miembros-de-una-banda-narco-que-funcionaba-bajo-la-fachada-de-un-comedor-comunitario-2.jpg\",\"width\":1404,\"height\":1184,\"caption\":\"Dictaron prisi\u00f3n preventiva para miembros de una banda narco que funcionaba bajo la fachada de un comedor comunitario\"},{\"@type\":\"BreadcrumbList\",\"@id\":\"https:\/\/lobosnews.com.ar\/index.php\/2026\/04\/28\/dictaron-prision-preventiva-para-miembros-de-una-banda-narco-que-funcionaba-bajo-la-fachada-de-un-comedor-comunitario\/#breadcrumb\",\"itemListElement\":[{\"@type\":\"ListItem\",\"position\":1,\"name\":\"Portada\",\"item\":\"https:\/\/lobosnews.com.ar\/\"},{\"@type\":\"ListItem\",\"position\":2,\"name\":\"Dictaron prisi\u00f3n preventiva para miembros de una banda narco que funcionaba bajo la fachada de un comedor comunitario\"}]},{\"@type\":\"WebSite\",\"@id\":\"https:\/\/lobosnews.com.ar\/#website\",\"url\":\"https:\/\/lobosnews.com.ar\/\",\"name\":\"Lobos News\",\"description\":\"Informaci\u00f3n a cada instante\",\"publisher\":{\"@id\":\"https:\/\/lobosnews.com.ar\/#organization\"},\"potentialAction\":[{\"@type\":\"SearchAction\",\"target\":{\"@type\":\"EntryPoint\",\"urlTemplate\":\"https:\/\/lobosnews.com.ar\/?s={search_term_string}\"},\"query-input\":{\"@type\":\"PropertyValueSpecification\",\"valueRequired\":true,\"valueName\":\"search_term_string\"}}],\"inLanguage\":\"es\"},{\"@type\":\"Organization\",\"@id\":\"https:\/\/lobosnews.com.ar\/#organization\",\"name\":\"Lobos News\",\"url\":\"https:\/\/lobosnews.com.ar\/\",\"logo\":{\"@type\":\"ImageObject\",\"inLanguage\":\"es\",\"@id\":\"https:\/\/lobosnews.com.ar\/#\/schema\/logo\/image\/\",\"url\":\"https:\/\/lobosnews.com.ar\/wp-content\/uploads\/2026\/01\/logo-lobosnews.png\",\"contentUrl\":\"https:\/\/lobosnews.com.ar\/wp-content\/uploads\/2026\/01\/logo-lobosnews.png\",\"width\":500,\"height\":200,\"caption\":\"Lobos News\"},\"image\":{\"@id\":\"https:\/\/lobosnews.com.ar\/#\/schema\/logo\/image\/\"}},{\"@type\":\"Person\",\"@id\":\"https:\/\/lobosnews.com.ar\/#\/schema\/person\/232422a593d5c541dd9aef6aaed10943\",\"name\":\"admin\",\"image\":{\"@type\":\"ImageObject\",\"inLanguage\":\"es\",\"@id\":\"https:\/\/lobosnews.com.ar\/#\/schema\/person\/image\/\",\"url\":\"https:\/\/secure.gravatar.com\/avatar\/76e419471a2083bc3ceab22a763dbbf9b0c1bd15a6214cf3280e2c2dde4580f9?s=96&d=mm&r=g\",\"contentUrl\":\"https:\/\/secure.gravatar.com\/avatar\/76e419471a2083bc3ceab22a763dbbf9b0c1bd15a6214cf3280e2c2dde4580f9?s=96&d=mm&r=g\",\"caption\":\"admin\"},\"sameAs\":[\"https:\/\/lobosnews.com.ar\"],\"url\":\"https:\/\/lobosnews.com.ar\/index.php\/author\/lobos-news\/\"}]}<\/script>\n<!-- \/ Yoast SEO plugin. -->","yoast_head_json":{"title":"Dictaron prisi\u00f3n preventiva para miembros de una banda narco que funcionaba bajo la fachada de un comedor comunitario - Lobos News","robots":{"index":"index","follow":"follow","max-snippet":"max-snippet:-1","max-image-preview":"max-image-preview:large","max-video-preview":"max-video-preview:-1"},"canonical":"https:\/\/lobosnews.com.ar\/index.php\/2026\/04\/28\/dictaron-prision-preventiva-para-miembros-de-una-banda-narco-que-funcionaba-bajo-la-fachada-de-un-comedor-comunitario\/","og_locale":"es_ES","og_type":"article","og_title":"Dictaron prisi\u00f3n preventiva para miembros de una banda narco que funcionaba bajo la fachada de un comedor comunitario - Lobos News","og_description":"Seis personas quedaron detenidas con prisi\u00f3n preventiva tras ser acusadas de integrar una organizaci\u00f3n narcocriminal que, seg\u00fan la investigaci\u00f3n judicial, envi\u00f3 50 kilos de coca\u00edna y 100 de marihuana desde la provincia de Salta hacia Tucum\u00e1n, ocultos en un cami\u00f3n cargado de limones. El presunto l\u00edder de la banda, identificado por sus iniciales como Z....","og_url":"https:\/\/lobosnews.com.ar\/index.php\/2026\/04\/28\/dictaron-prision-preventiva-para-miembros-de-una-banda-narco-que-funcionaba-bajo-la-fachada-de-un-comedor-comunitario\/","og_site_name":"Lobos News","article_published_time":"2026-04-28T07:34:33+00:00","article_modified_time":"2026-04-28T09:04:51+00:00","og_image":[{"url":"https:\/\/lobosnews.com.ar\/wp-content\/uploads\/2026\/04\/dictaron-prision-preventiva-para-miembros-de-una-banda-narco-que-funcionaba-bajo-la-fachada-de-un-comedor-comunitario.jpg","type":"","width":"","height":""}],"author":"admin","twitter_card":"summary_large_image","twitter_misc":{"Escrito por":"admin","Tiempo de lectura":"4 minutos"},"schema":{"@context":"https:\/\/schema.org","@graph":[{"@type":"Article","@id":"https:\/\/lobosnews.com.ar\/index.php\/2026\/04\/28\/dictaron-prision-preventiva-para-miembros-de-una-banda-narco-que-funcionaba-bajo-la-fachada-de-un-comedor-comunitario\/#article","isPartOf":{"@id":"https:\/\/lobosnews.com.ar\/index.php\/2026\/04\/28\/dictaron-prision-preventiva-para-miembros-de-una-banda-narco-que-funcionaba-bajo-la-fachada-de-un-comedor-comunitario\/"},"author":{"name":"admin","@id":"https:\/\/lobosnews.com.ar\/#\/schema\/person\/232422a593d5c541dd9aef6aaed10943"},"headline":"Dictaron prisi\u00f3n preventiva para miembros de una banda narco que funcionaba bajo la fachada de un comedor comunitario","datePublished":"2026-04-28T07:34:33+00:00","dateModified":"2026-04-28T09:04:51+00:00","mainEntityOfPage":{"@id":"https:\/\/lobosnews.com.ar\/index.php\/2026\/04\/28\/dictaron-prision-preventiva-para-miembros-de-una-banda-narco-que-funcionaba-bajo-la-fachada-de-un-comedor-comunitario\/"},"wordCount":847,"commentCount":0,"publisher":{"@id":"https:\/\/lobosnews.com.ar\/#organization"},"image":{"@id":"https:\/\/lobosnews.com.ar\/index.php\/2026\/04\/28\/dictaron-prision-preventiva-para-miembros-de-una-banda-narco-que-funcionaba-bajo-la-fachada-de-un-comedor-comunitario\/#primaryimage"},"thumbnailUrl":"https:\/\/lobosnews.com.ar\/wp-content\/uploads\/2026\/04\/dictaron-prision-preventiva-para-miembros-de-una-banda-narco-que-funcionaba-bajo-la-fachada-de-un-comedor-comunitario-2.jpg","articleSection":["Actualidad","Argentina","econom\u00eda","inseguridad","masradios.com","nacionales","seguridad","sociedad"],"inLanguage":"es","potentialAction":[{"@type":"CommentAction","name":"Comment","target":["https:\/\/lobosnews.com.ar\/index.php\/2026\/04\/28\/dictaron-prision-preventiva-para-miembros-de-una-banda-narco-que-funcionaba-bajo-la-fachada-de-un-comedor-comunitario\/#respond"]}]},{"@type":"WebPage","@id":"https:\/\/lobosnews.com.ar\/index.php\/2026\/04\/28\/dictaron-prision-preventiva-para-miembros-de-una-banda-narco-que-funcionaba-bajo-la-fachada-de-un-comedor-comunitario\/","url":"https:\/\/lobosnews.com.ar\/index.php\/2026\/04\/28\/dictaron-prision-preventiva-para-miembros-de-una-banda-narco-que-funcionaba-bajo-la-fachada-de-un-comedor-comunitario\/","name":"Dictaron prisi\u00f3n preventiva para miembros de una banda narco que funcionaba bajo la fachada de un comedor comunitario - Lobos News","isPartOf":{"@id":"https:\/\/lobosnews.com.ar\/#website"},"primaryImageOfPage":{"@id":"https:\/\/lobosnews.com.ar\/index.php\/2026\/04\/28\/dictaron-prision-preventiva-para-miembros-de-una-banda-narco-que-funcionaba-bajo-la-fachada-de-un-comedor-comunitario\/#primaryimage"},"image":{"@id":"https:\/\/lobosnews.com.ar\/index.php\/2026\/04\/28\/dictaron-prision-preventiva-para-miembros-de-una-banda-narco-que-funcionaba-bajo-la-fachada-de-un-comedor-comunitario\/#primaryimage"},"thumbnailUrl":"https:\/\/lobosnews.com.ar\/wp-content\/uploads\/2026\/04\/dictaron-prision-preventiva-para-miembros-de-una-banda-narco-que-funcionaba-bajo-la-fachada-de-un-comedor-comunitario-2.jpg","datePublished":"2026-04-28T07:34:33+00:00","dateModified":"2026-04-28T09:04:51+00:00","breadcrumb":{"@id":"https:\/\/lobosnews.com.ar\/index.php\/2026\/04\/28\/dictaron-prision-preventiva-para-miembros-de-una-banda-narco-que-funcionaba-bajo-la-fachada-de-un-comedor-comunitario\/#breadcrumb"},"inLanguage":"es","potentialAction":[{"@type":"ReadAction","target":["https:\/\/lobosnews.com.ar\/index.php\/2026\/04\/28\/dictaron-prision-preventiva-para-miembros-de-una-banda-narco-que-funcionaba-bajo-la-fachada-de-un-comedor-comunitario\/"]}]},{"@type":"ImageObject","inLanguage":"es","@id":"https:\/\/lobosnews.com.ar\/index.php\/2026\/04\/28\/dictaron-prision-preventiva-para-miembros-de-una-banda-narco-que-funcionaba-bajo-la-fachada-de-un-comedor-comunitario\/#primaryimage","url":"https:\/\/lobosnews.com.ar\/wp-content\/uploads\/2026\/04\/dictaron-prision-preventiva-para-miembros-de-una-banda-narco-que-funcionaba-bajo-la-fachada-de-un-comedor-comunitario-2.jpg","contentUrl":"https:\/\/lobosnews.com.ar\/wp-content\/uploads\/2026\/04\/dictaron-prision-preventiva-para-miembros-de-una-banda-narco-que-funcionaba-bajo-la-fachada-de-un-comedor-comunitario-2.jpg","width":1404,"height":1184,"caption":"Dictaron prisi\u00f3n preventiva para miembros de una banda narco que funcionaba bajo la fachada de un comedor comunitario"},{"@type":"BreadcrumbList","@id":"https:\/\/lobosnews.com.ar\/index.php\/2026\/04\/28\/dictaron-prision-preventiva-para-miembros-de-una-banda-narco-que-funcionaba-bajo-la-fachada-de-un-comedor-comunitario\/#breadcrumb","itemListElement":[{"@type":"ListItem","position":1,"name":"Portada","item":"https:\/\/lobosnews.com.ar\/"},{"@type":"ListItem","position":2,"name":"Dictaron prisi\u00f3n preventiva para miembros de una banda narco que funcionaba bajo la fachada de un comedor comunitario"}]},{"@type":"WebSite","@id":"https:\/\/lobosnews.com.ar\/#website","url":"https:\/\/lobosnews.com.ar\/","name":"Lobos News","description":"Informaci\u00f3n a cada instante","publisher":{"@id":"https:\/\/lobosnews.com.ar\/#organization"},"potentialAction":[{"@type":"SearchAction","target":{"@type":"EntryPoint","urlTemplate":"https:\/\/lobosnews.com.ar\/?s={search_term_string}"},"query-input":{"@type":"PropertyValueSpecification","valueRequired":true,"valueName":"search_term_string"}}],"inLanguage":"es"},{"@type":"Organization","@id":"https:\/\/lobosnews.com.ar\/#organization","name":"Lobos News","url":"https:\/\/lobosnews.com.ar\/","logo":{"@type":"ImageObject","inLanguage":"es","@id":"https:\/\/lobosnews.com.ar\/#\/schema\/logo\/image\/","url":"https:\/\/lobosnews.com.ar\/wp-content\/uploads\/2026\/01\/logo-lobosnews.png","contentUrl":"https:\/\/lobosnews.com.ar\/wp-content\/uploads\/2026\/01\/logo-lobosnews.png","width":500,"height":200,"caption":"Lobos News"},"image":{"@id":"https:\/\/lobosnews.com.ar\/#\/schema\/logo\/image\/"}},{"@type":"Person","@id":"https:\/\/lobosnews.com.ar\/#\/schema\/person\/232422a593d5c541dd9aef6aaed10943","name":"admin","image":{"@type":"ImageObject","inLanguage":"es","@id":"https:\/\/lobosnews.com.ar\/#\/schema\/person\/image\/","url":"https:\/\/secure.gravatar.com\/avatar\/76e419471a2083bc3ceab22a763dbbf9b0c1bd15a6214cf3280e2c2dde4580f9?s=96&d=mm&r=g","contentUrl":"https:\/\/secure.gravatar.com\/avatar\/76e419471a2083bc3ceab22a763dbbf9b0c1bd15a6214cf3280e2c2dde4580f9?s=96&d=mm&r=g","caption":"admin"},"sameAs":["https:\/\/lobosnews.com.ar"],"url":"https:\/\/lobosnews.com.ar\/index.php\/author\/lobos-news\/"}]}},"jetpack_featured_media_url":"https:\/\/lobosnews.com.ar\/wp-content\/uploads\/2026\/04\/dictaron-prision-preventiva-para-miembros-de-una-banda-narco-que-funcionaba-bajo-la-fachada-de-un-comedor-comunitario-2.jpg","jetpack_sharing_enabled":true,"_links":{"self":[{"href":"https:\/\/lobosnews.com.ar\/index.php\/wp-json\/wp\/v2\/posts\/46518","targetHints":{"allow":["GET"]}}],"collection":[{"href":"https:\/\/lobosnews.com.ar\/index.php\/wp-json\/wp\/v2\/posts"}],"about":[{"href":"https:\/\/lobosnews.com.ar\/index.php\/wp-json\/wp\/v2\/types\/post"}],"author":[{"embeddable":true,"href":"https:\/\/lobosnews.com.ar\/index.php\/wp-json\/wp\/v2\/users\/1"}],"replies":[{"embeddable":true,"href":"https:\/\/lobosnews.com.ar\/index.php\/wp-json\/wp\/v2\/comments?post=46518"}],"version-history":[{"count":1,"href":"https:\/\/lobosnews.com.ar\/index.php\/wp-json\/wp\/v2\/posts\/46518\/revisions"}],"predecessor-version":[{"id":46521,"href":"https:\/\/lobosnews.com.ar\/index.php\/wp-json\/wp\/v2\/posts\/46518\/revisions\/46521"}],"wp:featuredmedia":[{"embeddable":true,"href":"https:\/\/lobosnews.com.ar\/index.php\/wp-json\/wp\/v2\/media\/46522"}],"wp:attachment":[{"href":"https:\/\/lobosnews.com.ar\/index.php\/wp-json\/wp\/v2\/media?parent=46518"}],"wp:term":[{"taxonomy":"category","embeddable":true,"href":"https:\/\/lobosnews.com.ar\/index.php\/wp-json\/wp\/v2\/categories?post=46518"},{"taxonomy":"post_tag","embeddable":true,"href":"https:\/\/lobosnews.com.ar\/index.php\/wp-json\/wp\/v2\/tags?post=46518"}],"curies":[{"name":"wp","href":"https:\/\/api.w.org\/{rel}","templated":true}]}}