{"id":46513,"date":"2026-04-28T07:42:18","date_gmt":"2026-04-28T07:42:18","guid":{"rendered":"https:\/\/lobosnews.com.ar\/index.php\/2026\/04\/28\/este-asesino-no-es-mi-nieto-el-duro-relato-de-la-madre-de-la-mujer-policia-baleada-por-su-propio-hijo\/"},"modified":"2026-04-28T09:04:48","modified_gmt":"2026-04-28T09:04:48","slug":"este-asesino-no-es-mi-nieto-el-duro-relato-de-la-madre-de-la-mujer-policia-baleada-por-su-propio-hijo","status":"publish","type":"post","link":"https:\/\/lobosnews.com.ar\/index.php\/2026\/04\/28\/este-asesino-no-es-mi-nieto-el-duro-relato-de-la-madre-de-la-mujer-policia-baleada-por-su-propio-hijo\/","title":{"rendered":"\u201cEste asesino no es mi nieto\u201d: el duro relato de la madre de la mujer polic\u00eda baleada por su propio hijo"},"content":{"rendered":"<p><img fetchpriority=\"high\" decoding=\"async\" src=\"https:\/\/lobosnews.com.ar\/wp-content\/uploads\/2026\/04\/este-asesino-no-es-mi-nieto-el-duro-relato-de-la-madre-de-la-mujer-policia-baleada-por-su-propio-hijo.jpg\" alt=\"Rosal\u00eda Yamila La Roza fue v\u00edctima de su propio hijo\" height=\"1080\" width=\"1920\"\/><\/p>\n<p>La <b>investigaci\u00f3n por el parricidio<\/b> ocurrido el pasado <b>21 de marzo en Villa Gobernador G\u00e1lvez en la provincia de Santa Fe<\/b> contin\u00faa generando conmoci\u00f3n en la comunidad y profundizando el debate sobre la responsabilidad penal de los menores. Ahora, la madre de la v\u00edctima lament\u00f3: \u201c<b>Este asesino no es mi nieto, lo destierro de mi familia<\/b>\u201d. <\/p>\n<p>El caso involucra a un <b>adolescente de 15 a\u00f1os<\/b>, identificado como L. A., <b>acusado de <\/b><span class=\"waslinkname\"><b>asesinar de un disparo en la nuca a su madre<\/b>, la <b>polic\u00eda federal Rosal\u00eda Yamila La Roz<\/b><\/span><b>a<\/b>. <\/p>\n<p>En una reciente audiencia informativa, el juez <b>Estanislao Surraco dispuso la pr\u00f3rroga de la medida que mantiene al joven alojado en un centro especial<\/b> fuera del departamento Rosario y orden\u00f3 que sea evaluado por una junta de salud mental.<\/p>\n<p>El entorno familiar de la v\u00edctima expres\u00f3 el profundo dolor y el desconcierto que atraviesan desde el crimen. <b>Rosa, madre de la agente asesinada y abuela del adolescente imputado<\/b>, manifest\u00f3 su indignaci\u00f3n y desamparo ante la cobertura legal que protege al menor de edad, al tiempo que reclam\u00f3 mayor transparencia en el proceso.<b> \u201cLa estamos pasando horrible. <\/b>Hoy tuvimos otra audiencia. Con el hecho de que es menor por poco me van a decir \u2018and\u00e1 a darle la leche en la cama\u2019.<b> <\/b><span class=\"waslinkname\"><b>Este delincuente asesino no es mi nieto.<\/b><\/span><b> Lo destierro de mi familia. <\/b>\u00bfQu\u00e9, porque tiene 15 a\u00f1os, tiene derecho a matar a su madre?\u201d, declar\u00f3 la mujer en di\u00e1logo con <i>De 12 a 14<\/i> (El Tres).<\/p>\n<p>Seg\u00fan inform\u00f3 el portal <i>Rosario3<\/i>, durante la audiencia informativa, <b>el juez Surraco resolvi\u00f3 prorrogar la disposici\u00f3n que mantiene al acusado fuera del \u00e1rea de influencia directa de la familia y de posibles situaciones de riesgo<\/b>. La medida establece que L. A. permanezca alojado en un centro especial fuera del departamento Rosario, mientras avanza la investigaci\u00f3n judicial. Adem\u00e1s, se dispuso que el joven sea examinado por una junta de salud mental, con el objetivo de determinar su estado psicol\u00f3gico y su nivel de comprensi\u00f3n de los hechos.<\/p>\n<p>Este caso reaviva el debate sobre la imputabilidad de los menores en delitos graves y sobre los protocolos de seguimiento y contenci\u00f3n en situaciones familiares conflictivas. Seg\u00fan se inform\u00f3, e<b>l adolescente permanecer\u00e1 bajo custodia preventiva hasta que la junta m\u00e9dica presente un informe concluyente sobre su estado mental<\/b>, lo que podr\u00eda influir en la determinaci\u00f3n de su responsabilidad penal.<\/p>\n<p><img loading=\"lazy\" decoding=\"async\" src=\"https:\/\/lobosnews.com.ar\/wp-content\/uploads\/2026\/04\/este-asesino-no-es-mi-nieto-el-duro-relato-de-la-madre-de-la-mujer-policia-baleada-por-su-propio-hijo-1.jpg\" alt=\"La mujer muri\u00f3 tras ser trasladada al Hospital de Emergencias Clemente \u00c1lvarez de la ciudad de Rosario\" height=\"1080\" width=\"1920\"\/><\/p>\n<p>Rosa tambi\u00e9n aprovech\u00f3 la oportunidad para recordar a la v\u00edctima: <b>\u201cMi hija era una madre impecable. No se merec\u00eda morir en manos de este pibito. Estamos destrozados.<\/b> Ten\u00eda siete hijos, ahora me quedan seis. No s\u00e9 cu\u00e1nto tiempo m\u00e1s lo van a tener en un lugar preservado. A nosotros nos dicen que no podemos hablar, que est\u00e1 todo en secreto. Me cans\u00e9 del secreto. <b>Soy la mam\u00e1, perd\u00ed a mi hija en manos de este chico, no me voy a callar m\u00e1s\u201d.<\/b><\/p>\n<p>De acuerdo a los testimonios recabados, la situaci\u00f3n familiar presentaba signos de deterioro en los meses previos al hecho. <b>La abuela del adolescente explic\u00f3 que la v\u00edctima hab\u00eda buscado ayuda y contenci\u00f3n para su hijo desde hac\u00eda tiempo<\/b>. \u201cSu madre busc\u00f3 ponerle l\u00edmites porque se le estaba escapando de las manos. Villa Gobernador G\u00e1lvez es grande y chico a la vez. \u00c9l odi\u00f3 a su madre. Mi hija pidi\u00f3 auxilio hace seis meses, cuando terminaron las clases y \u00e9l se llev\u00f3 materias. Un mes antes de que la matara, ella lo llev\u00f3 a Mar del Plata con su novia, tambi\u00e9n menor, las primas, con tal de darle una contenci\u00f3n. <b>No sab\u00eda qu\u00e9 m\u00e1s hacer\u201d<\/b>, afirm\u00f3 Rosa.<\/p>\n<p>La familia de la v\u00edctima reclama mayor claridad en torno al proceso judicial y cuestiona el trato diferencial que, consideran, recibe el menor acusado por su edad. <b>La abuela de L. A. expres\u00f3 su rechazo a cualquier justificaci\u00f3n basada en la minor\u00eda de edad y reiter\u00f3 su decisi\u00f3n de desvincularlo del n\u00facleo familiar. <\/b>El entorno de Rosal\u00eda Yamila La Roza exige respuestas sobre los plazos y condiciones en que se mantendr\u00e1 la medida de alojamiento especial, y demanda avances en la investigaci\u00f3n.<\/p>\n","protected":false},"excerpt":{"rendered":"<p>La investigaci\u00f3n por el parricidio ocurrido el pasado 21 de marzo en Villa Gobernador G\u00e1lvez en la provincia de Santa Fe contin\u00faa generando conmoci\u00f3n en la comunidad y profundizando el debate sobre la responsabilidad penal de los menores. Ahora, la madre de la v\u00edctima lament\u00f3: \u201cEste asesino no es mi nieto, lo destierro de mi&#8230;<\/p>\n","protected":false},"author":1,"featured_media":46517,"comment_status":"open","ping_status":"closed","sticky":false,"template":"","format":"standard","meta":{"_jetpack_memberships_contains_paid_content":false,"footnotes":""},"categories":[31,30,32,77,84,35,36,37],"tags":[],"class_list":["post-46513","post","type-post","status-publish","format-standard","has-post-thumbnail","hentry","category-actualidad","category-argentina","category-economia","category-inseguridad","category-masradios-com","category-nacionales","category-seguridad","category-sociedad"],"magazineBlocksPostFeaturedMedia":{"thumbnail":"https:\/\/lobosnews.com.ar\/wp-content\/uploads\/2026\/04\/este-asesino-no-es-mi-nieto-el-duro-relato-de-la-madre-de-la-mujer-policia-baleada-por-su-propio-hijo-2-150x150.jpg","medium":"https:\/\/lobosnews.com.ar\/wp-content\/uploads\/2026\/04\/este-asesino-no-es-mi-nieto-el-duro-relato-de-la-madre-de-la-mujer-policia-baleada-por-su-propio-hijo-2-300x169.jpg","medium_large":"https:\/\/lobosnews.com.ar\/wp-content\/uploads\/2026\/04\/este-asesino-no-es-mi-nieto-el-duro-relato-de-la-madre-de-la-mujer-policia-baleada-por-su-propio-hijo-2-768x432.jpg","large":"https:\/\/lobosnews.com.ar\/wp-content\/uploads\/2026\/04\/este-asesino-no-es-mi-nieto-el-duro-relato-de-la-madre-de-la-mujer-policia-baleada-por-su-propio-hijo-2-1024x576.jpg","1536x1536":"https:\/\/lobosnews.com.ar\/wp-content\/uploads\/2026\/04\/este-asesino-no-es-mi-nieto-el-duro-relato-de-la-madre-de-la-mujer-policia-baleada-por-su-propio-hijo-2-1536x864.jpg","2048x2048":"https:\/\/lobosnews.com.ar\/wp-content\/uploads\/2026\/04\/este-asesino-no-es-mi-nieto-el-duro-relato-de-la-madre-de-la-mujer-policia-baleada-por-su-propio-hijo-2.jpg","newsmatic-featured":"https:\/\/lobosnews.com.ar\/wp-content\/uploads\/2026\/04\/este-asesino-no-es-mi-nieto-el-duro-relato-de-la-madre-de-la-mujer-policia-baleada-por-su-propio-hijo-2-820x545.jpg","newsmatic-list":"https:\/\/lobosnews.com.ar\/wp-content\/uploads\/2026\/04\/este-asesino-no-es-mi-nieto-el-duro-relato-de-la-madre-de-la-mujer-policia-baleada-por-su-propio-hijo-2-600x400.jpg","newsmatic-thumb":"https:\/\/lobosnews.com.ar\/wp-content\/uploads\/2026\/04\/este-asesino-no-es-mi-nieto-el-duro-relato-de-la-madre-de-la-mujer-policia-baleada-por-su-propio-hijo-2-300x200.jpg","newsmatic-small":"https:\/\/lobosnews.com.ar\/wp-content\/uploads\/2026\/04\/este-asesino-no-es-mi-nieto-el-duro-relato-de-la-madre-de-la-mujer-policia-baleada-por-su-propio-hijo-2-150x95.jpg","newsmatic-grid":"https:\/\/lobosnews.com.ar\/wp-content\/uploads\/2026\/04\/este-asesino-no-es-mi-nieto-el-duro-relato-de-la-madre-de-la-mujer-policia-baleada-por-su-propio-hijo-2-400x250.jpg"},"magazineBlocksPostAuthor":{"name":"admin","avatar":"https:\/\/secure.gravatar.com\/avatar\/76e419471a2083bc3ceab22a763dbbf9b0c1bd15a6214cf3280e2c2dde4580f9?s=96&d=mm&r=g"},"magazineBlocksPostCommentsNumber":"0","magazineBlocksPostExcerpt":"La investigaci\u00f3n por el parricidio ocurrido el pasado 21 de marzo en Villa Gobernador G\u00e1lvez en la provincia de Santa Fe contin\u00faa generando conmoci\u00f3n en la comunidad y profundizando el debate sobre la responsabilidad penal de los menores. Ahora, la madre de la v\u00edctima lament\u00f3: \u201cEste asesino no es mi nieto, lo destierro de mi...","magazineBlocksPostCategories":["Actualidad","Argentina","econom\u00eda","inseguridad","masradios.com","nacionales","seguridad","sociedad"],"magazineBlocksPostViewCount":4,"magazineBlocksPostReadTime":4,"magazine_blocks_featured_image_url":{"full":["https:\/\/lobosnews.com.ar\/wp-content\/uploads\/2026\/04\/este-asesino-no-es-mi-nieto-el-duro-relato-de-la-madre-de-la-mujer-policia-baleada-por-su-propio-hijo-2.jpg",1920,1080,false],"medium":["https:\/\/lobosnews.com.ar\/wp-content\/uploads\/2026\/04\/este-asesino-no-es-mi-nieto-el-duro-relato-de-la-madre-de-la-mujer-policia-baleada-por-su-propio-hijo-2-300x169.jpg",300,169,true],"thumbnail":["https:\/\/lobosnews.com.ar\/wp-content\/uploads\/2026\/04\/este-asesino-no-es-mi-nieto-el-duro-relato-de-la-madre-de-la-mujer-policia-baleada-por-su-propio-hijo-2-150x150.jpg",150,150,true]},"magazine_blocks_author":{"display_name":"admin","author_link":"https:\/\/lobosnews.com.ar\/index.php\/author\/lobos-news\/"},"magazine_blocks_comment":0,"magazine_blocks_author_image":"https:\/\/secure.gravatar.com\/avatar\/76e419471a2083bc3ceab22a763dbbf9b0c1bd15a6214cf3280e2c2dde4580f9?s=96&d=mm&r=g","magazine_blocks_category":"<a href=\"#\" class=\"category-link category-link-31\">Actualidad<\/a> <a href=\"#\" class=\"category-link category-link-30\">Argentina<\/a> <a href=\"#\" class=\"category-link category-link-32\">econom\u00eda<\/a> <a href=\"#\" class=\"category-link category-link-77\">inseguridad<\/a> <a href=\"#\" class=\"category-link category-link-84\">masradios.com<\/a> <a href=\"#\" class=\"category-link category-link-35\">nacionales<\/a> <a href=\"#\" class=\"category-link category-link-36\">seguridad<\/a> <a href=\"#\" class=\"category-link category-link-37\">sociedad<\/a>","yoast_head":"<!-- This site is optimized with the Yoast SEO plugin v26.6 - https:\/\/yoast.com\/wordpress\/plugins\/seo\/ -->\n<title>\u201cEste asesino no es mi nieto\u201d: el duro relato de la madre de la mujer polic\u00eda baleada por su propio hijo - Lobos News<\/title>\n<meta name=\"robots\" content=\"index, follow, max-snippet:-1, max-image-preview:large, max-video-preview:-1\" \/>\n<link rel=\"canonical\" href=\"https:\/\/lobosnews.com.ar\/index.php\/2026\/04\/28\/este-asesino-no-es-mi-nieto-el-duro-relato-de-la-madre-de-la-mujer-policia-baleada-por-su-propio-hijo\/\" \/>\n<meta property=\"og:locale\" content=\"es_ES\" \/>\n<meta property=\"og:type\" content=\"article\" \/>\n<meta property=\"og:title\" content=\"\u201cEste asesino no es mi nieto\u201d: el duro relato de la madre de la mujer polic\u00eda baleada por su propio hijo - Lobos News\" \/>\n<meta property=\"og:description\" content=\"La investigaci\u00f3n por el parricidio ocurrido el pasado 21 de marzo en Villa Gobernador G\u00e1lvez en la provincia de Santa Fe contin\u00faa generando conmoci\u00f3n en la comunidad y profundizando el debate sobre la responsabilidad penal de los menores. Ahora, la madre de la v\u00edctima lament\u00f3: \u201cEste asesino no es mi nieto, lo destierro de mi...\" \/>\n<meta property=\"og:url\" content=\"https:\/\/lobosnews.com.ar\/index.php\/2026\/04\/28\/este-asesino-no-es-mi-nieto-el-duro-relato-de-la-madre-de-la-mujer-policia-baleada-por-su-propio-hijo\/\" \/>\n<meta property=\"og:site_name\" content=\"Lobos News\" \/>\n<meta property=\"article:published_time\" content=\"2026-04-28T07:42:18+00:00\" \/>\n<meta property=\"article:modified_time\" content=\"2026-04-28T09:04:48+00:00\" \/>\n<meta property=\"og:image\" content=\"https:\/\/lobosnews.com.ar\/wp-content\/uploads\/2026\/04\/este-asesino-no-es-mi-nieto-el-duro-relato-de-la-madre-de-la-mujer-policia-baleada-por-su-propio-hijo.jpg\" \/>\n<meta name=\"author\" content=\"admin\" \/>\n<meta name=\"twitter:card\" content=\"summary_large_image\" \/>\n<meta name=\"twitter:label1\" content=\"Escrito por\" \/>\n\t<meta name=\"twitter:data1\" content=\"admin\" \/>\n\t<meta name=\"twitter:label2\" content=\"Tiempo de lectura\" \/>\n\t<meta name=\"twitter:data2\" content=\"4 minutos\" \/>\n<script type=\"application\/ld+json\" class=\"yoast-schema-graph\">{\"@context\":\"https:\/\/schema.org\",\"@graph\":[{\"@type\":\"Article\",\"@id\":\"https:\/\/lobosnews.com.ar\/index.php\/2026\/04\/28\/este-asesino-no-es-mi-nieto-el-duro-relato-de-la-madre-de-la-mujer-policia-baleada-por-su-propio-hijo\/#article\",\"isPartOf\":{\"@id\":\"https:\/\/lobosnews.com.ar\/index.php\/2026\/04\/28\/este-asesino-no-es-mi-nieto-el-duro-relato-de-la-madre-de-la-mujer-policia-baleada-por-su-propio-hijo\/\"},\"author\":{\"name\":\"admin\",\"@id\":\"https:\/\/lobosnews.com.ar\/#\/schema\/person\/232422a593d5c541dd9aef6aaed10943\"},\"headline\":\"\u201cEste asesino no es mi nieto\u201d: el duro relato de la madre de la mujer polic\u00eda baleada por su propio hijo\",\"datePublished\":\"2026-04-28T07:42:18+00:00\",\"dateModified\":\"2026-04-28T09:04:48+00:00\",\"mainEntityOfPage\":{\"@id\":\"https:\/\/lobosnews.com.ar\/index.php\/2026\/04\/28\/este-asesino-no-es-mi-nieto-el-duro-relato-de-la-madre-de-la-mujer-policia-baleada-por-su-propio-hijo\/\"},\"wordCount\":737,\"commentCount\":0,\"publisher\":{\"@id\":\"https:\/\/lobosnews.com.ar\/#organization\"},\"image\":{\"@id\":\"https:\/\/lobosnews.com.ar\/index.php\/2026\/04\/28\/este-asesino-no-es-mi-nieto-el-duro-relato-de-la-madre-de-la-mujer-policia-baleada-por-su-propio-hijo\/#primaryimage\"},\"thumbnailUrl\":\"https:\/\/lobosnews.com.ar\/wp-content\/uploads\/2026\/04\/este-asesino-no-es-mi-nieto-el-duro-relato-de-la-madre-de-la-mujer-policia-baleada-por-su-propio-hijo-2.jpg\",\"articleSection\":[\"Actualidad\",\"Argentina\",\"econom\u00eda\",\"inseguridad\",\"masradios.com\",\"nacionales\",\"seguridad\",\"sociedad\"],\"inLanguage\":\"es\",\"potentialAction\":[{\"@type\":\"CommentAction\",\"name\":\"Comment\",\"target\":[\"https:\/\/lobosnews.com.ar\/index.php\/2026\/04\/28\/este-asesino-no-es-mi-nieto-el-duro-relato-de-la-madre-de-la-mujer-policia-baleada-por-su-propio-hijo\/#respond\"]}]},{\"@type\":\"WebPage\",\"@id\":\"https:\/\/lobosnews.com.ar\/index.php\/2026\/04\/28\/este-asesino-no-es-mi-nieto-el-duro-relato-de-la-madre-de-la-mujer-policia-baleada-por-su-propio-hijo\/\",\"url\":\"https:\/\/lobosnews.com.ar\/index.php\/2026\/04\/28\/este-asesino-no-es-mi-nieto-el-duro-relato-de-la-madre-de-la-mujer-policia-baleada-por-su-propio-hijo\/\",\"name\":\"\u201cEste asesino no es mi nieto\u201d: el duro relato de la madre de la mujer polic\u00eda baleada por su propio hijo - Lobos News\",\"isPartOf\":{\"@id\":\"https:\/\/lobosnews.com.ar\/#website\"},\"primaryImageOfPage\":{\"@id\":\"https:\/\/lobosnews.com.ar\/index.php\/2026\/04\/28\/este-asesino-no-es-mi-nieto-el-duro-relato-de-la-madre-de-la-mujer-policia-baleada-por-su-propio-hijo\/#primaryimage\"},\"image\":{\"@id\":\"https:\/\/lobosnews.com.ar\/index.php\/2026\/04\/28\/este-asesino-no-es-mi-nieto-el-duro-relato-de-la-madre-de-la-mujer-policia-baleada-por-su-propio-hijo\/#primaryimage\"},\"thumbnailUrl\":\"https:\/\/lobosnews.com.ar\/wp-content\/uploads\/2026\/04\/este-asesino-no-es-mi-nieto-el-duro-relato-de-la-madre-de-la-mujer-policia-baleada-por-su-propio-hijo-2.jpg\",\"datePublished\":\"2026-04-28T07:42:18+00:00\",\"dateModified\":\"2026-04-28T09:04:48+00:00\",\"breadcrumb\":{\"@id\":\"https:\/\/lobosnews.com.ar\/index.php\/2026\/04\/28\/este-asesino-no-es-mi-nieto-el-duro-relato-de-la-madre-de-la-mujer-policia-baleada-por-su-propio-hijo\/#breadcrumb\"},\"inLanguage\":\"es\",\"potentialAction\":[{\"@type\":\"ReadAction\",\"target\":[\"https:\/\/lobosnews.com.ar\/index.php\/2026\/04\/28\/este-asesino-no-es-mi-nieto-el-duro-relato-de-la-madre-de-la-mujer-policia-baleada-por-su-propio-hijo\/\"]}]},{\"@type\":\"ImageObject\",\"inLanguage\":\"es\",\"@id\":\"https:\/\/lobosnews.com.ar\/index.php\/2026\/04\/28\/este-asesino-no-es-mi-nieto-el-duro-relato-de-la-madre-de-la-mujer-policia-baleada-por-su-propio-hijo\/#primaryimage\",\"url\":\"https:\/\/lobosnews.com.ar\/wp-content\/uploads\/2026\/04\/este-asesino-no-es-mi-nieto-el-duro-relato-de-la-madre-de-la-mujer-policia-baleada-por-su-propio-hijo-2.jpg\",\"contentUrl\":\"https:\/\/lobosnews.com.ar\/wp-content\/uploads\/2026\/04\/este-asesino-no-es-mi-nieto-el-duro-relato-de-la-madre-de-la-mujer-policia-baleada-por-su-propio-hijo-2.jpg\",\"width\":1920,\"height\":1080,\"caption\":\"\u201cEste asesino no es mi nieto\u201d: el duro relato de la madre de la mujer polic\u00eda baleada por su propio hijo\"},{\"@type\":\"BreadcrumbList\",\"@id\":\"https:\/\/lobosnews.com.ar\/index.php\/2026\/04\/28\/este-asesino-no-es-mi-nieto-el-duro-relato-de-la-madre-de-la-mujer-policia-baleada-por-su-propio-hijo\/#breadcrumb\",\"itemListElement\":[{\"@type\":\"ListItem\",\"position\":1,\"name\":\"Portada\",\"item\":\"https:\/\/lobosnews.com.ar\/\"},{\"@type\":\"ListItem\",\"position\":2,\"name\":\"\u201cEste asesino no es mi nieto\u201d: el duro relato de la madre de la mujer polic\u00eda baleada por su propio hijo\"}]},{\"@type\":\"WebSite\",\"@id\":\"https:\/\/lobosnews.com.ar\/#website\",\"url\":\"https:\/\/lobosnews.com.ar\/\",\"name\":\"Lobos News\",\"description\":\"Informaci\u00f3n a cada instante\",\"publisher\":{\"@id\":\"https:\/\/lobosnews.com.ar\/#organization\"},\"potentialAction\":[{\"@type\":\"SearchAction\",\"target\":{\"@type\":\"EntryPoint\",\"urlTemplate\":\"https:\/\/lobosnews.com.ar\/?s={search_term_string}\"},\"query-input\":{\"@type\":\"PropertyValueSpecification\",\"valueRequired\":true,\"valueName\":\"search_term_string\"}}],\"inLanguage\":\"es\"},{\"@type\":\"Organization\",\"@id\":\"https:\/\/lobosnews.com.ar\/#organization\",\"name\":\"Lobos News\",\"url\":\"https:\/\/lobosnews.com.ar\/\",\"logo\":{\"@type\":\"ImageObject\",\"inLanguage\":\"es\",\"@id\":\"https:\/\/lobosnews.com.ar\/#\/schema\/logo\/image\/\",\"url\":\"https:\/\/lobosnews.com.ar\/wp-content\/uploads\/2026\/01\/logo-lobosnews.png\",\"contentUrl\":\"https:\/\/lobosnews.com.ar\/wp-content\/uploads\/2026\/01\/logo-lobosnews.png\",\"width\":500,\"height\":200,\"caption\":\"Lobos News\"},\"image\":{\"@id\":\"https:\/\/lobosnews.com.ar\/#\/schema\/logo\/image\/\"}},{\"@type\":\"Person\",\"@id\":\"https:\/\/lobosnews.com.ar\/#\/schema\/person\/232422a593d5c541dd9aef6aaed10943\",\"name\":\"admin\",\"image\":{\"@type\":\"ImageObject\",\"inLanguage\":\"es\",\"@id\":\"https:\/\/lobosnews.com.ar\/#\/schema\/person\/image\/\",\"url\":\"https:\/\/secure.gravatar.com\/avatar\/76e419471a2083bc3ceab22a763dbbf9b0c1bd15a6214cf3280e2c2dde4580f9?s=96&d=mm&r=g\",\"contentUrl\":\"https:\/\/secure.gravatar.com\/avatar\/76e419471a2083bc3ceab22a763dbbf9b0c1bd15a6214cf3280e2c2dde4580f9?s=96&d=mm&r=g\",\"caption\":\"admin\"},\"sameAs\":[\"https:\/\/lobosnews.com.ar\"],\"url\":\"https:\/\/lobosnews.com.ar\/index.php\/author\/lobos-news\/\"}]}<\/script>\n<!-- \/ Yoast SEO plugin. -->","yoast_head_json":{"title":"\u201cEste asesino no es mi nieto\u201d: el duro relato de la madre de la mujer polic\u00eda baleada por su propio hijo - Lobos News","robots":{"index":"index","follow":"follow","max-snippet":"max-snippet:-1","max-image-preview":"max-image-preview:large","max-video-preview":"max-video-preview:-1"},"canonical":"https:\/\/lobosnews.com.ar\/index.php\/2026\/04\/28\/este-asesino-no-es-mi-nieto-el-duro-relato-de-la-madre-de-la-mujer-policia-baleada-por-su-propio-hijo\/","og_locale":"es_ES","og_type":"article","og_title":"\u201cEste asesino no es mi nieto\u201d: el duro relato de la madre de la mujer polic\u00eda baleada por su propio hijo - Lobos News","og_description":"La investigaci\u00f3n por el parricidio ocurrido el pasado 21 de marzo en Villa Gobernador G\u00e1lvez en la provincia de Santa Fe contin\u00faa generando conmoci\u00f3n en la comunidad y profundizando el debate sobre la responsabilidad penal de los menores. Ahora, la madre de la v\u00edctima lament\u00f3: \u201cEste asesino no es mi nieto, lo destierro de mi...","og_url":"https:\/\/lobosnews.com.ar\/index.php\/2026\/04\/28\/este-asesino-no-es-mi-nieto-el-duro-relato-de-la-madre-de-la-mujer-policia-baleada-por-su-propio-hijo\/","og_site_name":"Lobos News","article_published_time":"2026-04-28T07:42:18+00:00","article_modified_time":"2026-04-28T09:04:48+00:00","og_image":[{"url":"https:\/\/lobosnews.com.ar\/wp-content\/uploads\/2026\/04\/este-asesino-no-es-mi-nieto-el-duro-relato-de-la-madre-de-la-mujer-policia-baleada-por-su-propio-hijo.jpg","type":"","width":"","height":""}],"author":"admin","twitter_card":"summary_large_image","twitter_misc":{"Escrito por":"admin","Tiempo de lectura":"4 minutos"},"schema":{"@context":"https:\/\/schema.org","@graph":[{"@type":"Article","@id":"https:\/\/lobosnews.com.ar\/index.php\/2026\/04\/28\/este-asesino-no-es-mi-nieto-el-duro-relato-de-la-madre-de-la-mujer-policia-baleada-por-su-propio-hijo\/#article","isPartOf":{"@id":"https:\/\/lobosnews.com.ar\/index.php\/2026\/04\/28\/este-asesino-no-es-mi-nieto-el-duro-relato-de-la-madre-de-la-mujer-policia-baleada-por-su-propio-hijo\/"},"author":{"name":"admin","@id":"https:\/\/lobosnews.com.ar\/#\/schema\/person\/232422a593d5c541dd9aef6aaed10943"},"headline":"\u201cEste asesino no es mi nieto\u201d: el duro relato de la madre de la mujer polic\u00eda baleada por su propio hijo","datePublished":"2026-04-28T07:42:18+00:00","dateModified":"2026-04-28T09:04:48+00:00","mainEntityOfPage":{"@id":"https:\/\/lobosnews.com.ar\/index.php\/2026\/04\/28\/este-asesino-no-es-mi-nieto-el-duro-relato-de-la-madre-de-la-mujer-policia-baleada-por-su-propio-hijo\/"},"wordCount":737,"commentCount":0,"publisher":{"@id":"https:\/\/lobosnews.com.ar\/#organization"},"image":{"@id":"https:\/\/lobosnews.com.ar\/index.php\/2026\/04\/28\/este-asesino-no-es-mi-nieto-el-duro-relato-de-la-madre-de-la-mujer-policia-baleada-por-su-propio-hijo\/#primaryimage"},"thumbnailUrl":"https:\/\/lobosnews.com.ar\/wp-content\/uploads\/2026\/04\/este-asesino-no-es-mi-nieto-el-duro-relato-de-la-madre-de-la-mujer-policia-baleada-por-su-propio-hijo-2.jpg","articleSection":["Actualidad","Argentina","econom\u00eda","inseguridad","masradios.com","nacionales","seguridad","sociedad"],"inLanguage":"es","potentialAction":[{"@type":"CommentAction","name":"Comment","target":["https:\/\/lobosnews.com.ar\/index.php\/2026\/04\/28\/este-asesino-no-es-mi-nieto-el-duro-relato-de-la-madre-de-la-mujer-policia-baleada-por-su-propio-hijo\/#respond"]}]},{"@type":"WebPage","@id":"https:\/\/lobosnews.com.ar\/index.php\/2026\/04\/28\/este-asesino-no-es-mi-nieto-el-duro-relato-de-la-madre-de-la-mujer-policia-baleada-por-su-propio-hijo\/","url":"https:\/\/lobosnews.com.ar\/index.php\/2026\/04\/28\/este-asesino-no-es-mi-nieto-el-duro-relato-de-la-madre-de-la-mujer-policia-baleada-por-su-propio-hijo\/","name":"\u201cEste asesino no es mi nieto\u201d: el duro relato de la madre de la mujer polic\u00eda baleada por su propio hijo - Lobos News","isPartOf":{"@id":"https:\/\/lobosnews.com.ar\/#website"},"primaryImageOfPage":{"@id":"https:\/\/lobosnews.com.ar\/index.php\/2026\/04\/28\/este-asesino-no-es-mi-nieto-el-duro-relato-de-la-madre-de-la-mujer-policia-baleada-por-su-propio-hijo\/#primaryimage"},"image":{"@id":"https:\/\/lobosnews.com.ar\/index.php\/2026\/04\/28\/este-asesino-no-es-mi-nieto-el-duro-relato-de-la-madre-de-la-mujer-policia-baleada-por-su-propio-hijo\/#primaryimage"},"thumbnailUrl":"https:\/\/lobosnews.com.ar\/wp-content\/uploads\/2026\/04\/este-asesino-no-es-mi-nieto-el-duro-relato-de-la-madre-de-la-mujer-policia-baleada-por-su-propio-hijo-2.jpg","datePublished":"2026-04-28T07:42:18+00:00","dateModified":"2026-04-28T09:04:48+00:00","breadcrumb":{"@id":"https:\/\/lobosnews.com.ar\/index.php\/2026\/04\/28\/este-asesino-no-es-mi-nieto-el-duro-relato-de-la-madre-de-la-mujer-policia-baleada-por-su-propio-hijo\/#breadcrumb"},"inLanguage":"es","potentialAction":[{"@type":"ReadAction","target":["https:\/\/lobosnews.com.ar\/index.php\/2026\/04\/28\/este-asesino-no-es-mi-nieto-el-duro-relato-de-la-madre-de-la-mujer-policia-baleada-por-su-propio-hijo\/"]}]},{"@type":"ImageObject","inLanguage":"es","@id":"https:\/\/lobosnews.com.ar\/index.php\/2026\/04\/28\/este-asesino-no-es-mi-nieto-el-duro-relato-de-la-madre-de-la-mujer-policia-baleada-por-su-propio-hijo\/#primaryimage","url":"https:\/\/lobosnews.com.ar\/wp-content\/uploads\/2026\/04\/este-asesino-no-es-mi-nieto-el-duro-relato-de-la-madre-de-la-mujer-policia-baleada-por-su-propio-hijo-2.jpg","contentUrl":"https:\/\/lobosnews.com.ar\/wp-content\/uploads\/2026\/04\/este-asesino-no-es-mi-nieto-el-duro-relato-de-la-madre-de-la-mujer-policia-baleada-por-su-propio-hijo-2.jpg","width":1920,"height":1080,"caption":"\u201cEste asesino no es mi nieto\u201d: el duro relato de la madre de la mujer polic\u00eda baleada por su propio hijo"},{"@type":"BreadcrumbList","@id":"https:\/\/lobosnews.com.ar\/index.php\/2026\/04\/28\/este-asesino-no-es-mi-nieto-el-duro-relato-de-la-madre-de-la-mujer-policia-baleada-por-su-propio-hijo\/#breadcrumb","itemListElement":[{"@type":"ListItem","position":1,"name":"Portada","item":"https:\/\/lobosnews.com.ar\/"},{"@type":"ListItem","position":2,"name":"\u201cEste asesino no es mi nieto\u201d: el duro relato de la madre de la mujer polic\u00eda baleada por su propio hijo"}]},{"@type":"WebSite","@id":"https:\/\/lobosnews.com.ar\/#website","url":"https:\/\/lobosnews.com.ar\/","name":"Lobos News","description":"Informaci\u00f3n a cada instante","publisher":{"@id":"https:\/\/lobosnews.com.ar\/#organization"},"potentialAction":[{"@type":"SearchAction","target":{"@type":"EntryPoint","urlTemplate":"https:\/\/lobosnews.com.ar\/?s={search_term_string}"},"query-input":{"@type":"PropertyValueSpecification","valueRequired":true,"valueName":"search_term_string"}}],"inLanguage":"es"},{"@type":"Organization","@id":"https:\/\/lobosnews.com.ar\/#organization","name":"Lobos News","url":"https:\/\/lobosnews.com.ar\/","logo":{"@type":"ImageObject","inLanguage":"es","@id":"https:\/\/lobosnews.com.ar\/#\/schema\/logo\/image\/","url":"https:\/\/lobosnews.com.ar\/wp-content\/uploads\/2026\/01\/logo-lobosnews.png","contentUrl":"https:\/\/lobosnews.com.ar\/wp-content\/uploads\/2026\/01\/logo-lobosnews.png","width":500,"height":200,"caption":"Lobos News"},"image":{"@id":"https:\/\/lobosnews.com.ar\/#\/schema\/logo\/image\/"}},{"@type":"Person","@id":"https:\/\/lobosnews.com.ar\/#\/schema\/person\/232422a593d5c541dd9aef6aaed10943","name":"admin","image":{"@type":"ImageObject","inLanguage":"es","@id":"https:\/\/lobosnews.com.ar\/#\/schema\/person\/image\/","url":"https:\/\/secure.gravatar.com\/avatar\/76e419471a2083bc3ceab22a763dbbf9b0c1bd15a6214cf3280e2c2dde4580f9?s=96&d=mm&r=g","contentUrl":"https:\/\/secure.gravatar.com\/avatar\/76e419471a2083bc3ceab22a763dbbf9b0c1bd15a6214cf3280e2c2dde4580f9?s=96&d=mm&r=g","caption":"admin"},"sameAs":["https:\/\/lobosnews.com.ar"],"url":"https:\/\/lobosnews.com.ar\/index.php\/author\/lobos-news\/"}]}},"jetpack_featured_media_url":"https:\/\/lobosnews.com.ar\/wp-content\/uploads\/2026\/04\/este-asesino-no-es-mi-nieto-el-duro-relato-de-la-madre-de-la-mujer-policia-baleada-por-su-propio-hijo-2.jpg","jetpack_sharing_enabled":true,"_links":{"self":[{"href":"https:\/\/lobosnews.com.ar\/index.php\/wp-json\/wp\/v2\/posts\/46513","targetHints":{"allow":["GET"]}}],"collection":[{"href":"https:\/\/lobosnews.com.ar\/index.php\/wp-json\/wp\/v2\/posts"}],"about":[{"href":"https:\/\/lobosnews.com.ar\/index.php\/wp-json\/wp\/v2\/types\/post"}],"author":[{"embeddable":true,"href":"https:\/\/lobosnews.com.ar\/index.php\/wp-json\/wp\/v2\/users\/1"}],"replies":[{"embeddable":true,"href":"https:\/\/lobosnews.com.ar\/index.php\/wp-json\/wp\/v2\/comments?post=46513"}],"version-history":[{"count":1,"href":"https:\/\/lobosnews.com.ar\/index.php\/wp-json\/wp\/v2\/posts\/46513\/revisions"}],"predecessor-version":[{"id":46516,"href":"https:\/\/lobosnews.com.ar\/index.php\/wp-json\/wp\/v2\/posts\/46513\/revisions\/46516"}],"wp:featuredmedia":[{"embeddable":true,"href":"https:\/\/lobosnews.com.ar\/index.php\/wp-json\/wp\/v2\/media\/46517"}],"wp:attachment":[{"href":"https:\/\/lobosnews.com.ar\/index.php\/wp-json\/wp\/v2\/media?parent=46513"}],"wp:term":[{"taxonomy":"category","embeddable":true,"href":"https:\/\/lobosnews.com.ar\/index.php\/wp-json\/wp\/v2\/categories?post=46513"},{"taxonomy":"post_tag","embeddable":true,"href":"https:\/\/lobosnews.com.ar\/index.php\/wp-json\/wp\/v2\/tags?post=46513"}],"curies":[{"name":"wp","href":"https:\/\/api.w.org\/{rel}","templated":true}]}}