{"id":46488,"date":"2026-04-28T05:00:00","date_gmt":"2026-04-28T05:00:00","guid":{"rendered":"https:\/\/lobosnews.com.ar\/index.php\/2026\/04\/28\/el-efecto-copycat-de-un-problema-que-no-empieza-en-el-aula-que-hay-detras-de-las-amenazas-y-la-violencia-escolar\/"},"modified":"2026-04-28T08:55:12","modified_gmt":"2026-04-28T08:55:12","slug":"el-efecto-copycat-de-un-problema-que-no-empieza-en-el-aula-que-hay-detras-de-las-amenazas-y-la-violencia-escolar","status":"publish","type":"post","link":"https:\/\/lobosnews.com.ar\/index.php\/2026\/04\/28\/el-efecto-copycat-de-un-problema-que-no-empieza-en-el-aula-que-hay-detras-de-las-amenazas-y-la-violencia-escolar\/","title":{"rendered":"El efecto \u201ccopycat\u201d de un problema que no empieza en el aula: qu\u00e9 hay detr\u00e1s de las amenazas y la violencia escolar"},"content":{"rendered":"<p><img loading=\"lazy\" decoding=\"async\" src=\"https:\/\/lobosnews.com.ar\/wp-content\/uploads\/2026\/04\/el-efecto-copycat-de-un-problema-que-no-empieza-en-el-aula-que-hay-detras-de-las-amenazas-y-la-violencia-escolar.jpg\" alt=\"La mayor parte de la violencia que estalla en las escuelas argentinas no se origina en el aula, sino que proviene de contextos familiares y sociales externos, y se potencia en los claustros (Imagen ilustrativa Infobae) \" height=\"1536\" width=\"2752\"\/><\/p>\n<p>El <span class=\"waslinkname\"><b>ataque <\/b><\/span>ocurrido en <b>San Crist\u00f3bal<\/b>, <b>Santa Fe<\/b>, el <b>30 de marzo de 2026<\/b>, que terminara con un <b>muerto<\/b> y <b>heridos<\/b>, fue seguido por una <span class=\"waslinkname\">serie de <b>amenazas<\/b><\/span> de <b>tiroteos <\/b>en <b>escuelas<\/b> de distintas provincias durante estas semanas, y renov\u00f3 algo a lo que estamos asistiendo como sociedad sin encontrar respuestas adecuadas: la <b>violencia<\/b> <b>en el \u00e1mbito escolar.<\/b><\/p>\n<p>La reacci\u00f3n inmediata suele ser similar: hablar de una \u201c<b>epidemia<\/b>\u201d y sacar conclusiones y actuar en consecuencia a lo que la palabra sugiere, un <b>brote<\/b>, la <b>eclosi\u00f3n<\/b> s\u00fabita de algo. <\/p>\n<p><img loading=\"lazy\" decoding=\"async\" src=\"https:\/\/lobosnews.com.ar\/wp-content\/uploads\/2026\/04\/el-efecto-copycat-de-un-problema-que-no-empieza-en-el-aula-que-hay-detras-de-las-amenazas-y-la-violencia-escolar-1.jpg\" alt=\"Buena parte de la violencia que se expresa en los colegios tiene origen fuera del \u00e1mbito escolar\" height=\"1080\" width=\"1920\"\/><\/p>\n<p>Sin embargo, ese diagn\u00f3stico, aunque comprensible, es impreciso: en lugar de plantear un proceso <b>din\u00e1mico<\/b> y con un origen <b>multifactorial<\/b>, y sin duda de larga data, agrupa fen\u00f3menos distintos bajo una misma etiqueta y esto dificulta entender qu\u00e9 est\u00e1 ocurriendo realmente. Desde ya, aleja la posibilidad de tomar medidas efectivas. <\/p>\n<p>En esa b\u00fasqueda de explicaciones monocausales surgen las <span class=\"waslinkname\"><b>redes<\/b><\/span>, el <span class=\"waslinkname\"><b>bullying<\/b><\/span>, la <b>familia<\/b> etc. Todas ellas, sin duda, parte del tema pero como detr\u00e1s de toda afirmaci\u00f3n parcial se esconde la falsedad de la premisa. <\/p>\n<p>No es lo mismo una pelea entre alumnos, el <b>bullying<\/b>, la violencia que los chicos traen desde sus hogares o los episodios extremos. Mezclar todo genera <b>impacto<\/b>, pero impide el <b>an\u00e1lisis<\/b>.<\/p>\n<h3>Efecto copycat<\/h3>\n<p><img loading=\"lazy\" decoding=\"async\" src=\"https:\/\/lobosnews.com.ar\/wp-content\/uploads\/2026\/04\/el-efecto-copycat-de-un-problema-que-no-empieza-en-el-aula-que-hay-detras-de-las-amenazas-y-la-violencia-escolar-2.jpg\" alt=\"El efecto copycat impulsa la repetici\u00f3n de amenazas en escuelas tras hechos de alto impacto medi\u00e1tico (Imagen Ilustrativa Infobae)\" height=\"768\" width=\"1408\"\/><\/p>\n<p>En el \u00e1rea de los <b>comportamientos sociales<\/b> y <b>medios<\/b>, la llamada <b>agenda setting<\/b>, un concepto de <b>Maxwell McCombs<\/b> y <b>Donald Shaw<\/b>, que postula que los <b>medios<\/b> no nos dicen qu\u00e9 pensar, pero muchas veces s\u00ed sobre qu\u00e9 pensar. <\/p>\n<p>A su vez esto se articula con otro concepto que es la <b>construcci\u00f3n narrativa<\/b> de la <b>violencia<\/b>, que, simplificando el concepto, es c\u00f3mo se cuentan esos hechos y las razones que se dan a estos. <\/p>\n<p>La importancia de estos \u00faltimos factores, es que llevan a un <b>efecto comportamental<\/b> muy conocido en particular en el \u00e1rea de los comportamientos violentos y la criminolog\u00eda que son los<b> comportamientos por<\/b> <b>imitaci\u00f3n<\/b>, o como se lo conoce habitualmente <span class=\"waslinkname\"><b>efecto Copycat<\/b><\/span>. <\/p>\n<p>Todo esto modifica nuestra <b>percepci\u00f3n<\/b> del mundo y en un <b>cerebro en crecimiento<\/b> como el de los adolescentes<b> se potencian de manera significativa.<\/b><\/p>\n<h2>La pir\u00e1mide de Galtung<\/h2>\n<p><img loading=\"lazy\" decoding=\"async\" src=\"https:\/\/lobosnews.com.ar\/wp-content\/uploads\/2026\/04\/el-efecto-copycat-de-un-problema-que-no-empieza-en-el-aula-que-hay-detras-de-las-amenazas-y-la-violencia-escolar-3.jpg\" alt=\"Especialistas destacan la interacci\u00f3n entre factores sociales, familiares y digitales en la violencia escolar (Imagen Ilustrativa Infobae)\" height=\"816\" width=\"1456\"\/><\/p>\n<p>Las autoridades bonaerenses <b>educativas<\/b> y de <b>seguridad<\/b>, se\u00f1alaron que las <b>amenazas<\/b> fueron promovidas a trav\u00e9s de <b>redes sociales<\/b> en las que participan estudiantes, y pidieron no viralizar los mensajes por el da\u00f1o que producen y por el riesgo de repetici\u00f3n. Relacionado con este aspecto, la <b>investigaci\u00f3n oficial<\/b> del caso San Crist\u00f3bal encontr\u00f3 v\u00ednculos con \u201c<b>subculturas digitales violentas<\/b>\u201d, y en particular <b>comunidades virtuales transnacionales<\/b> que glorifican <b>masacres<\/b>, como la TCC (<span class=\"waslinkname\">True Crime Community<\/span>, Comunidad de cr\u00edmenes reales).<\/p>\n<p>En la b\u00fasqueda de la explicaci\u00f3n de los <b>fen\u00f3menos sociales<\/b> violentos frecuentemente se olvida lo que el soci\u00f3logo <b>Johan Galtung<\/b> explic\u00f3 hace casi 60 a\u00f1os (1969) en su art\u00edculo \u201cViolencia, paz e investigaci\u00f3n sobre la Paz\u201d, publicado en el<i> <\/i><i><b>Journal of Peace Research<\/b><\/i> en el cual se\u00f1alaba que la <b>violencia<\/b> que vemos, la emergente, la directa, est\u00e1 basada inevitablemente en otra <b>estructural<\/b> que es la que hace al <b>sistema social<\/b> e <b>institucional <\/b>y a la matriz <b>cultural <\/b>que es la que provee de razones y justificaciones ideol\u00f3gicas. Esto se llam\u00f3 la <b>pir\u00e1mide de Galtung<\/b>. <\/p>\n<p>Si bien hoy hay abordajes desde diferentes \u00e1reas que ampl\u00edan y en algunos casos cuestionan el modelo, esto sirvi\u00f3 y sirve de marco conceptual. Por ejemplo, desde los hallazgos de la <b>neurobiolog\u00eda<\/b> del comportamiento, los estudios sobre <b>tolerancia a la frustraci\u00f3n<\/b>, gratificaci\u00f3n, <b>circuito de recompensa, autorregulaci\u00f3n,<\/b> impasividad, de la neurobiolog\u00eda del trauma, arrojan muchas l\u00edneas a ser seguidas y estudiadas en los casos espec\u00edficos. Al mismo tiempo est\u00e1n los modelos que permiten medir, como lo es el campo de la <b>epidemiolog\u00eda de la violencia<\/b>, y posibilitan pensar en t\u00e9rminos de acciones de <b>pol\u00edticas p\u00fablicas<\/b> concretas.<\/p>\n<h2>La violencia en Argentina<\/h2>\n<p><img loading=\"lazy\" decoding=\"async\" src=\"https:\/\/lobosnews.com.ar\/wp-content\/uploads\/2026\/04\/el-efecto-copycat-de-un-problema-que-no-empieza-en-el-aula-que-hay-detras-de-las-amenazas-y-la-violencia-escolar-4.jpg\" alt=\"Comunidades virtuales como la TCC glorifican delitos y masacres, influyendo en adolescentes (Imagen Ilustrativa Infobae)\" height=\"768\" width=\"1408\"\/><\/p>\n<p>En cuanto a nuestro <b>pa\u00eds<\/b>, en el que de alguna manera la <b>violencia escolar<\/b> y en particular aquella <b>mediada por armas<\/b> parec\u00eda algo lejano, ahora ya muestran un escenario progresivamente m\u00e1s complejo.<\/p>\n<p>Si nos remitimos al \u00e1mbito <b>escolar<\/b> diversos informes indican que una <b>proporci\u00f3n significativa<\/b> de estudiantes ha sido <b>v\u00edctima<\/b> de agresiones, y\/o ha presenciado situaciones de <b>violencia<\/b> o incluso reconocen haber agredido a un compa\u00f1ero. <\/p>\n<p>En Argentina, <b>UNICEF<\/b> report\u00f3 en noviembre de 2025 un fuerte aumento de situaciones de <b>bullying<\/b>, que pas\u00f3 de 25% a 41% en un a\u00f1o. Por su parte, <b>Argentinos por la Educaci\u00f3n<\/b> mostr\u00f3 los siguientes datos para primaria:<\/p>\n<ul>\n<li>56% de los <b>alumnos<\/b> dijo haberse sentido excluido al menos alguna vez<\/li>\n<li>40% se sinti\u00f3 fuera de lugar<\/li>\n<li>36% se sinti\u00f3 solo<\/li>\n<li>34% reconoci\u00f3 haber agredido a un compa\u00f1ero<\/li>\n<li>56% presenci\u00f3 agresiones<\/li>\n<li>63% report\u00f3 haber sido v\u00edctima de alguna agresi\u00f3n o situaci\u00f3n de violencia, ya sea en la <b>escuela<\/b> o en <b>redes sociales<\/b>. <\/li>\n<\/ul>\n<p><img loading=\"lazy\" decoding=\"async\" src=\"https:\/\/lobosnews.com.ar\/wp-content\/uploads\/2026\/04\/el-efecto-copycat-de-un-problema-que-no-empieza-en-el-aula-que-hay-detras-de-las-amenazas-y-la-violencia-escolar-5.jpg\" alt=\"Un informe de UNICEF report\u00f3 que el bullying subi\u00f3 del 25% al 41% en solo un a\u00f1o en Argentina (Imagen Ilustrativa Infobae)\" height=\"1536\" width=\"2752\"\/><\/p>\n<p><b>Esto no demuestra una \u201cepidemia\u201d en sentido t\u00e9cnico, pero s\u00ed un deterioro del clima escolar<\/b> y una <b>normalizaci\u00f3n<\/b> preocupante de la hostilidad cotidiana. A esto se suma algo que debe ser tenido en cuenta: buena parte de la <b>violencia<\/b> que estalla en la escuela no se origina all\u00ed. <\/p>\n<p>Un informe de Argentinos por la Educaci\u00f3n de 2024, dice que en <b>Argentina <\/b>1 de cada 2 ni\u00f1os, ni\u00f1as y adolescentes de 1 a 14 a\u00f1os experiment\u00f3 <b>agresi\u00f3n psicol\u00f3gica<\/b> en el \u00faltimo mes; 1 de cada 3 recibi\u00f3 <b>castigo f\u00edsico<\/b> y 1 de cada 15 castigo f\u00edsico severo. <\/p>\n<p>El mismo informe subraya que la mayor\u00eda de los casos no se detecta o no se reporta por <b>miedo<\/b>, <b>estigma<\/b> y <b>desconfianza<\/b>. <\/p>\n<p><img loading=\"lazy\" decoding=\"async\" src=\"https:\/\/lobosnews.com.ar\/wp-content\/uploads\/2026\/04\/el-efecto-copycat-de-un-problema-que-no-empieza-en-el-aula-que-hay-detras-de-las-amenazas-y-la-violencia-escolar-6.jpg\" alt=\"Uno de cada dos ni\u00f1os y adolescentes en Argentina experiment\u00f3 agresi\u00f3n psicol\u00f3gica (Imagen Ilustrativa Infobae)\" height=\"768\" width=\"1344\"\/><\/p>\n<p>En otras palabras: la <b>escuela recibe, contiene, expresa y a veces amplifica violencias, <\/b>pero cuya <b>matriz<\/b> est\u00e1 fuera de ella. Es decir, el punto clave es que gran parte de esa violencia no se origina en la escuela, y de all\u00ed volvemos al modelo amplio de <b>Galtung<\/b>. <\/p>\n<p>Sabemos y diversos estudios e informes lo se\u00f1alan que muchos ni\u00f1os y adolescentes est\u00e1n expuestos a <b>agresi\u00f3n psicol\u00f3gica<\/b> y <b>f\u00edsica<\/b> en sus <b>hogares<\/b>. No necesitamos ir a los casos<b> Lucio o \u00c1ngel,<\/b> pero s\u00ed a la <b>violencia cotidiana<\/b> que no sale en los medios y es <b>naturalizada<\/b>. Y es en ese marco que, la escuela, as\u00ed como la calle, o el trabajo en otras franjas etarias, es un espacio donde esas tensiones se manifiestan. <\/p>\n<p>Es decir, se busca el origen en la escuela, cuando no es otra cosa que el espacio donde esa expresi\u00f3n puede realizarse y se vuelve m\u00e1s visible. Eso va en contra de la b\u00fasqueda de la \u201cviolencia escolar\u201d es decir el \u00e1mbito educativo como generador de la violencia, para pensar en la <b>escuela<\/b> como <b>caja de resonancia de<\/b> <b>conflictos<\/b> que vienen de otros \u00e1mbitos. <\/p>\n<h2>El impacto de las redes sociales<\/h2>\n<p><img loading=\"lazy\" decoding=\"async\" src=\"https:\/\/lobosnews.com.ar\/wp-content\/uploads\/2026\/04\/el-efecto-copycat-de-un-problema-que-no-empieza-en-el-aula-que-hay-detras-de-las-amenazas-y-la-violencia-escolar-7.jpg\" alt=\"La normalizaci\u00f3n del hostigamiento preocupa a docentes y familias en todo el pa\u00eds (Imagen Ilustrativa Infobae)\" height=\"816\" width=\"1456\"\/><\/p>\n<p>Podemos establecer otro espacio, mucho m\u00e1s amplio y es el de las <b>redes sociales<\/b>. La violencia ha pasado a ser un art\u00edculo de <b>pertenencia<\/b> e <b>intercambio<\/b>. No solo ocurre, sino que se <b>registra, comparte<\/b> y, de manera muy preocupante, es un producto de <b>consumo<\/b>. <\/p>\n<p>Las <b>peleas<\/b> entre estudiantes se filman, circulan y repiten la l\u00f3gica de exposici\u00f3n en las redes en las cuales a mayor impacto por su violencia, lleva el <b>incentivo existencial<\/b>, la <b>visibilidad<\/b>, la<b> m\u00e9trica, los likes<\/b>. Un alumno postea un <b>arma<\/b> que habr\u00eda llevado al colegio, y esto no ocurre, en el clich\u00e9 de imaginar que estos actos son exclusivos de zonas menos favorecidas de la sociedad, sino todo lo contrario. Este acto sin medir las consecuencias, sin embargo, permite conseguir algo buscado, atesorado: la <b>pertenencia<\/b>, la <b>m\u00e9trica<\/b>, los <b>likes<\/b>, los <b>comentarios<\/b>. <\/p>\n<p>Este aspecto es central ya que <b>modifica la propia construcci\u00f3n y sentido del acto violento<\/b>. Ya no sirve preguntarse sobre <b>patolog\u00edas<\/b>, <b>disfunci\u00f3n familiar<\/b>, o consumo de <b>sustancias <\/b>como respuesta que englobe todo, no es tampoco s\u00f3lo una reacci\u00f3n impulsiva o la respuesta a un conflicto interpersonal, sino que es en cada vez m\u00e1s casos, una <b>forma de comunicaci\u00f3n<\/b>, de <b>obtener reconocimiento<\/b> <b>dentro de un grupo, en suma, de existir.<\/b><\/p>\n<p><img loading=\"lazy\" decoding=\"async\" src=\"https:\/\/lobosnews.com.ar\/wp-content\/uploads\/2026\/04\/el-efecto-copycat-de-un-problema-que-no-empieza-en-el-aula-que-hay-detras-de-las-amenazas-y-la-violencia-escolar-8.jpg\" alt=\"El 41% de los estudiantes argentinos report\u00f3 haber vivido situaciones de acoso escolar en 2025 (Imagen Ilustrativa Infobae)\" height=\"768\" width=\"1408\"\/><\/p>\n<p>Como dec\u00edamos antes al hablar del <b>efecto Copycat<\/b>, las <b>amenazas<\/b> que circularon en abril muestran que la <b>posibilidad de imitaci\u00f3n<\/b>, es un fen\u00f3meno evidente y preocupante. Esto no significa que los <b>medios<\/b> o las redes \u201cproduzcan\u201d la violencia, pero s\u00ed que pueden <b>amplificarla<\/b> o facilitar su reproducci\u00f3n en determinados contextos. Cuando un hecho se repite, se detalla y se viraliza, deja de ser solo un <b>evento aislado<\/b>. Se transforma en un <b>modelo disponible<\/b>, y en ese punto, el <b>rol de los medios<\/b> adquiere una relevancia central.<\/p>\n<p>La tendencia a centrar la <b>narrativa<\/b> en el <b>agresor<\/b>, aleja de la comprensi\u00f3n del problema en su real magnitud y si se reconstruyen en detalle sus acciones, su historia o sus motivaciones, existe el <b>riesgo<\/b> de reforzar procesos de <b>identificaci\u00f3n<\/b> en personas vulnerables.<\/p>\n<p>En conclusi\u00f3n, la <b>violencia<\/b> en las <b>escuelas<\/b> no es un problema exclusivamente <b>educativo<\/b>. Es el resultado de <b>m\u00faltiples factores<\/b>: <b>din\u00e1micas familiares, condiciones sociales, cambios culturales y nuevas formas de interacci\u00f3n digital<\/b>.<\/p>\n<p><img loading=\"lazy\" decoding=\"async\" src=\"https:\/\/lobosnews.com.ar\/wp-content\/uploads\/2026\/04\/el-efecto-copycat-de-un-problema-que-no-empieza-en-el-aula-que-hay-detras-de-las-amenazas-y-la-violencia-escolar-9.jpg\" alt=\"La b\u00fasqueda de likes y comentarios motiva la exposici\u00f3n de actos agresivos entre j\u00f3venes (Imagen Ilustrativa Infobae)\" height=\"768\" width=\"1408\"\/><\/p>\n<p>La <b>escuela<\/b>, en este contexto, se convierte en el punto donde todo eso se encuentra. Y aqu\u00ed surge la pregunta o el planteo central: \u00bfqu\u00e9 estamos haciendo o no, o no de la manera adecuada a la realidad respecto a la <b>salud mental<\/b> de los <b>j\u00f3venes<\/b>? \u00bfCu\u00e1les son las <b>medidas de detecci\u00f3n temprana<\/b> y <b>abordaje<\/b>? \u00bfAlcanzan los modelos del gabinete psicopedag\u00f3gico o necesitamos quiz\u00e1s, mediados por las mismas <b>redes<\/b> que sirven para propagar la violencia, usarlas para los fines de sostener la salud mental de una franja muy fr\u00e1gil de la poblaci\u00f3n?<\/p>\n<p>La pregunta, entonces, no es solo por qu\u00e9 ocurre un <b>ataque<\/b>, sino algo m\u00e1s amplio: <b>\u00bfqu\u00e9 tipo de sociedad est\u00e1 produciendo estas formas de violencia <\/b>y por qu\u00e9 aparecen, cada vez con m\u00e1s frecuencia, en uno de los espacios que hist\u00f3ricamente se pens\u00f3 como lugar de <b>cuidado<\/b> y <b>formaci\u00f3n<\/b>.<\/p>\n<p><i>* El doctor Enrique De Rosa Alabaster se especializa en temas de salud mental. Es m\u00e9dico psiquiatra, neur\u00f3logo, sex\u00f3logo y m\u00e9dico legista<\/i><\/p>\n","protected":false},"excerpt":{"rendered":"<p>El ataque ocurrido en San Crist\u00f3bal, Santa Fe, el 30 de marzo de 2026, que terminara con un muerto y heridos, fue seguido por una serie de amenazas de tiroteos en escuelas de distintas provincias durante estas semanas, y renov\u00f3 algo a lo que estamos asistiendo como sociedad sin encontrar respuestas adecuadas: la violencia en&#8230;<\/p>\n","protected":false},"author":1,"featured_media":46500,"comment_status":"open","ping_status":"closed","sticky":false,"template":"","format":"standard","meta":{"_jetpack_memberships_contains_paid_content":false,"footnotes":""},"categories":[81],"tags":[],"class_list":["post-46488","post","type-post","status-publish","format-standard","has-post-thumbnail","hentry","category-salud"],"magazineBlocksPostFeaturedMedia":{"thumbnail":"https:\/\/lobosnews.com.ar\/wp-content\/uploads\/2026\/04\/el-efecto-copycat-de-un-problema-que-no-empieza-en-el-aula-que-hay-detras-de-las-amenazas-y-la-violencia-escolar-18-150x150.jpg","medium":"https:\/\/lobosnews.com.ar\/wp-content\/uploads\/2026\/04\/el-efecto-copycat-de-un-problema-que-no-empieza-en-el-aula-que-hay-detras-de-las-amenazas-y-la-violencia-escolar-18-300x164.jpg","medium_large":"https:\/\/lobosnews.com.ar\/wp-content\/uploads\/2026\/04\/el-efecto-copycat-de-un-problema-que-no-empieza-en-el-aula-que-hay-detras-de-las-amenazas-y-la-violencia-escolar-18-768x419.jpg","large":"https:\/\/lobosnews.com.ar\/wp-content\/uploads\/2026\/04\/el-efecto-copycat-de-un-problema-que-no-empieza-en-el-aula-que-hay-detras-de-las-amenazas-y-la-violencia-escolar-18-1024x559.jpg","1536x1536":"https:\/\/lobosnews.com.ar\/wp-content\/uploads\/2026\/04\/el-efecto-copycat-de-un-problema-que-no-empieza-en-el-aula-que-hay-detras-de-las-amenazas-y-la-violencia-escolar-18.jpg","2048x2048":"https:\/\/lobosnews.com.ar\/wp-content\/uploads\/2026\/04\/el-efecto-copycat-de-un-problema-que-no-empieza-en-el-aula-que-hay-detras-de-las-amenazas-y-la-violencia-escolar-18.jpg","newsmatic-featured":"https:\/\/lobosnews.com.ar\/wp-content\/uploads\/2026\/04\/el-efecto-copycat-de-un-problema-que-no-empieza-en-el-aula-que-hay-detras-de-las-amenazas-y-la-violencia-escolar-18-820x545.jpg","newsmatic-list":"https:\/\/lobosnews.com.ar\/wp-content\/uploads\/2026\/04\/el-efecto-copycat-de-un-problema-que-no-empieza-en-el-aula-que-hay-detras-de-las-amenazas-y-la-violencia-escolar-18-600x400.jpg","newsmatic-thumb":"https:\/\/lobosnews.com.ar\/wp-content\/uploads\/2026\/04\/el-efecto-copycat-de-un-problema-que-no-empieza-en-el-aula-que-hay-detras-de-las-amenazas-y-la-violencia-escolar-18-300x200.jpg","newsmatic-small":"https:\/\/lobosnews.com.ar\/wp-content\/uploads\/2026\/04\/el-efecto-copycat-de-un-problema-que-no-empieza-en-el-aula-que-hay-detras-de-las-amenazas-y-la-violencia-escolar-18-150x95.jpg","newsmatic-grid":"https:\/\/lobosnews.com.ar\/wp-content\/uploads\/2026\/04\/el-efecto-copycat-de-un-problema-que-no-empieza-en-el-aula-que-hay-detras-de-las-amenazas-y-la-violencia-escolar-18-400x250.jpg"},"magazineBlocksPostAuthor":{"name":"admin","avatar":"https:\/\/secure.gravatar.com\/avatar\/76e419471a2083bc3ceab22a763dbbf9b0c1bd15a6214cf3280e2c2dde4580f9?s=96&d=mm&r=g"},"magazineBlocksPostCommentsNumber":"0","magazineBlocksPostExcerpt":"El ataque ocurrido en San Crist\u00f3bal, Santa Fe, el 30 de marzo de 2026, que terminara con un muerto y heridos, fue seguido por una serie de amenazas de tiroteos en escuelas de distintas provincias durante estas semanas, y renov\u00f3 algo a lo que estamos asistiendo como sociedad sin encontrar respuestas adecuadas: la violencia en...","magazineBlocksPostCategories":["Salud"],"magazineBlocksPostViewCount":19,"magazineBlocksPostReadTime":9,"magazine_blocks_featured_image_url":{"full":["https:\/\/lobosnews.com.ar\/wp-content\/uploads\/2026\/04\/el-efecto-copycat-de-un-problema-que-no-empieza-en-el-aula-que-hay-detras-de-las-amenazas-y-la-violencia-escolar-18.jpg",1408,768,false],"medium":["https:\/\/lobosnews.com.ar\/wp-content\/uploads\/2026\/04\/el-efecto-copycat-de-un-problema-que-no-empieza-en-el-aula-que-hay-detras-de-las-amenazas-y-la-violencia-escolar-18-300x164.jpg",300,164,true],"thumbnail":["https:\/\/lobosnews.com.ar\/wp-content\/uploads\/2026\/04\/el-efecto-copycat-de-un-problema-que-no-empieza-en-el-aula-que-hay-detras-de-las-amenazas-y-la-violencia-escolar-18-150x150.jpg",150,150,true]},"magazine_blocks_author":{"display_name":"admin","author_link":"https:\/\/lobosnews.com.ar\/index.php\/author\/lobos-news\/"},"magazine_blocks_comment":0,"magazine_blocks_author_image":"https:\/\/secure.gravatar.com\/avatar\/76e419471a2083bc3ceab22a763dbbf9b0c1bd15a6214cf3280e2c2dde4580f9?s=96&d=mm&r=g","magazine_blocks_category":"<a href=\"#\" class=\"category-link category-link-81\">Salud<\/a>","yoast_head":"<!-- This site is optimized with the Yoast SEO plugin v26.6 - https:\/\/yoast.com\/wordpress\/plugins\/seo\/ -->\n<title>El efecto \u201ccopycat\u201d de un problema que no empieza en el aula: qu\u00e9 hay detr\u00e1s de las amenazas y la violencia escolar - Lobos News<\/title>\n<meta name=\"robots\" content=\"index, follow, max-snippet:-1, max-image-preview:large, max-video-preview:-1\" \/>\n<link rel=\"canonical\" href=\"https:\/\/lobosnews.com.ar\/index.php\/2026\/04\/28\/el-efecto-copycat-de-un-problema-que-no-empieza-en-el-aula-que-hay-detras-de-las-amenazas-y-la-violencia-escolar\/\" \/>\n<meta property=\"og:locale\" content=\"es_ES\" \/>\n<meta property=\"og:type\" content=\"article\" \/>\n<meta property=\"og:title\" content=\"El efecto \u201ccopycat\u201d de un problema que no empieza en el aula: qu\u00e9 hay detr\u00e1s de las amenazas y la violencia escolar - Lobos News\" \/>\n<meta property=\"og:description\" content=\"El ataque ocurrido en San Crist\u00f3bal, Santa Fe, el 30 de marzo de 2026, que terminara con un muerto y heridos, fue seguido por una serie de amenazas de tiroteos en escuelas de distintas provincias durante estas semanas, y renov\u00f3 algo a lo que estamos asistiendo como sociedad sin encontrar respuestas adecuadas: la violencia en...\" \/>\n<meta property=\"og:url\" content=\"https:\/\/lobosnews.com.ar\/index.php\/2026\/04\/28\/el-efecto-copycat-de-un-problema-que-no-empieza-en-el-aula-que-hay-detras-de-las-amenazas-y-la-violencia-escolar\/\" \/>\n<meta property=\"og:site_name\" content=\"Lobos News\" \/>\n<meta property=\"article:published_time\" content=\"2026-04-28T05:00:00+00:00\" \/>\n<meta property=\"article:modified_time\" content=\"2026-04-28T08:55:12+00:00\" \/>\n<meta property=\"og:image\" content=\"https:\/\/lobosnews.com.ar\/wp-content\/uploads\/2026\/04\/el-efecto-copycat-de-un-problema-que-no-empieza-en-el-aula-que-hay-detras-de-las-amenazas-y-la-violencia-escolar.jpg\" \/>\n<meta name=\"author\" content=\"admin\" \/>\n<meta name=\"twitter:card\" content=\"summary_large_image\" \/>\n<meta name=\"twitter:label1\" content=\"Escrito por\" \/>\n\t<meta name=\"twitter:data1\" content=\"admin\" \/>\n\t<meta name=\"twitter:label2\" content=\"Tiempo de lectura\" \/>\n\t<meta name=\"twitter:data2\" content=\"9 minutos\" \/>\n<script type=\"application\/ld+json\" class=\"yoast-schema-graph\">{\"@context\":\"https:\/\/schema.org\",\"@graph\":[{\"@type\":\"Article\",\"@id\":\"https:\/\/lobosnews.com.ar\/index.php\/2026\/04\/28\/el-efecto-copycat-de-un-problema-que-no-empieza-en-el-aula-que-hay-detras-de-las-amenazas-y-la-violencia-escolar\/#article\",\"isPartOf\":{\"@id\":\"https:\/\/lobosnews.com.ar\/index.php\/2026\/04\/28\/el-efecto-copycat-de-un-problema-que-no-empieza-en-el-aula-que-hay-detras-de-las-amenazas-y-la-violencia-escolar\/\"},\"author\":{\"name\":\"admin\",\"@id\":\"https:\/\/lobosnews.com.ar\/#\/schema\/person\/232422a593d5c541dd9aef6aaed10943\"},\"headline\":\"El efecto \u201ccopycat\u201d de un problema que no empieza en el aula: qu\u00e9 hay detr\u00e1s de las amenazas y la violencia escolar\",\"datePublished\":\"2026-04-28T05:00:00+00:00\",\"dateModified\":\"2026-04-28T08:55:12+00:00\",\"mainEntityOfPage\":{\"@id\":\"https:\/\/lobosnews.com.ar\/index.php\/2026\/04\/28\/el-efecto-copycat-de-un-problema-que-no-empieza-en-el-aula-que-hay-detras-de-las-amenazas-y-la-violencia-escolar\/\"},\"wordCount\":1728,\"commentCount\":0,\"publisher\":{\"@id\":\"https:\/\/lobosnews.com.ar\/#organization\"},\"image\":{\"@id\":\"https:\/\/lobosnews.com.ar\/index.php\/2026\/04\/28\/el-efecto-copycat-de-un-problema-que-no-empieza-en-el-aula-que-hay-detras-de-las-amenazas-y-la-violencia-escolar\/#primaryimage\"},\"thumbnailUrl\":\"https:\/\/lobosnews.com.ar\/wp-content\/uploads\/2026\/04\/el-efecto-copycat-de-un-problema-que-no-empieza-en-el-aula-que-hay-detras-de-las-amenazas-y-la-violencia-escolar-18.jpg\",\"articleSection\":[\"Salud\"],\"inLanguage\":\"es\",\"potentialAction\":[{\"@type\":\"CommentAction\",\"name\":\"Comment\",\"target\":[\"https:\/\/lobosnews.com.ar\/index.php\/2026\/04\/28\/el-efecto-copycat-de-un-problema-que-no-empieza-en-el-aula-que-hay-detras-de-las-amenazas-y-la-violencia-escolar\/#respond\"]}]},{\"@type\":\"WebPage\",\"@id\":\"https:\/\/lobosnews.com.ar\/index.php\/2026\/04\/28\/el-efecto-copycat-de-un-problema-que-no-empieza-en-el-aula-que-hay-detras-de-las-amenazas-y-la-violencia-escolar\/\",\"url\":\"https:\/\/lobosnews.com.ar\/index.php\/2026\/04\/28\/el-efecto-copycat-de-un-problema-que-no-empieza-en-el-aula-que-hay-detras-de-las-amenazas-y-la-violencia-escolar\/\",\"name\":\"El efecto \u201ccopycat\u201d de un problema que no empieza en el aula: qu\u00e9 hay detr\u00e1s de las amenazas y la violencia escolar - Lobos News\",\"isPartOf\":{\"@id\":\"https:\/\/lobosnews.com.ar\/#website\"},\"primaryImageOfPage\":{\"@id\":\"https:\/\/lobosnews.com.ar\/index.php\/2026\/04\/28\/el-efecto-copycat-de-un-problema-que-no-empieza-en-el-aula-que-hay-detras-de-las-amenazas-y-la-violencia-escolar\/#primaryimage\"},\"image\":{\"@id\":\"https:\/\/lobosnews.com.ar\/index.php\/2026\/04\/28\/el-efecto-copycat-de-un-problema-que-no-empieza-en-el-aula-que-hay-detras-de-las-amenazas-y-la-violencia-escolar\/#primaryimage\"},\"thumbnailUrl\":\"https:\/\/lobosnews.com.ar\/wp-content\/uploads\/2026\/04\/el-efecto-copycat-de-un-problema-que-no-empieza-en-el-aula-que-hay-detras-de-las-amenazas-y-la-violencia-escolar-18.jpg\",\"datePublished\":\"2026-04-28T05:00:00+00:00\",\"dateModified\":\"2026-04-28T08:55:12+00:00\",\"breadcrumb\":{\"@id\":\"https:\/\/lobosnews.com.ar\/index.php\/2026\/04\/28\/el-efecto-copycat-de-un-problema-que-no-empieza-en-el-aula-que-hay-detras-de-las-amenazas-y-la-violencia-escolar\/#breadcrumb\"},\"inLanguage\":\"es\",\"potentialAction\":[{\"@type\":\"ReadAction\",\"target\":[\"https:\/\/lobosnews.com.ar\/index.php\/2026\/04\/28\/el-efecto-copycat-de-un-problema-que-no-empieza-en-el-aula-que-hay-detras-de-las-amenazas-y-la-violencia-escolar\/\"]}]},{\"@type\":\"ImageObject\",\"inLanguage\":\"es\",\"@id\":\"https:\/\/lobosnews.com.ar\/index.php\/2026\/04\/28\/el-efecto-copycat-de-un-problema-que-no-empieza-en-el-aula-que-hay-detras-de-las-amenazas-y-la-violencia-escolar\/#primaryimage\",\"url\":\"https:\/\/lobosnews.com.ar\/wp-content\/uploads\/2026\/04\/el-efecto-copycat-de-un-problema-que-no-empieza-en-el-aula-que-hay-detras-de-las-amenazas-y-la-violencia-escolar-18.jpg\",\"contentUrl\":\"https:\/\/lobosnews.com.ar\/wp-content\/uploads\/2026\/04\/el-efecto-copycat-de-un-problema-que-no-empieza-en-el-aula-que-hay-detras-de-las-amenazas-y-la-violencia-escolar-18.jpg\",\"width\":1408,\"height\":768,\"caption\":\"El efecto \u201ccopycat\u201d de un problema que no empieza en el aula: qu\u00e9 hay detr\u00e1s de las amenazas y la violencia escolar\"},{\"@type\":\"BreadcrumbList\",\"@id\":\"https:\/\/lobosnews.com.ar\/index.php\/2026\/04\/28\/el-efecto-copycat-de-un-problema-que-no-empieza-en-el-aula-que-hay-detras-de-las-amenazas-y-la-violencia-escolar\/#breadcrumb\",\"itemListElement\":[{\"@type\":\"ListItem\",\"position\":1,\"name\":\"Portada\",\"item\":\"https:\/\/lobosnews.com.ar\/\"},{\"@type\":\"ListItem\",\"position\":2,\"name\":\"El efecto \u201ccopycat\u201d de un problema que no empieza en el aula: qu\u00e9 hay detr\u00e1s de las amenazas y la violencia escolar\"}]},{\"@type\":\"WebSite\",\"@id\":\"https:\/\/lobosnews.com.ar\/#website\",\"url\":\"https:\/\/lobosnews.com.ar\/\",\"name\":\"Lobos News\",\"description\":\"Informaci\u00f3n a cada instante\",\"publisher\":{\"@id\":\"https:\/\/lobosnews.com.ar\/#organization\"},\"potentialAction\":[{\"@type\":\"SearchAction\",\"target\":{\"@type\":\"EntryPoint\",\"urlTemplate\":\"https:\/\/lobosnews.com.ar\/?s={search_term_string}\"},\"query-input\":{\"@type\":\"PropertyValueSpecification\",\"valueRequired\":true,\"valueName\":\"search_term_string\"}}],\"inLanguage\":\"es\"},{\"@type\":\"Organization\",\"@id\":\"https:\/\/lobosnews.com.ar\/#organization\",\"name\":\"Lobos News\",\"url\":\"https:\/\/lobosnews.com.ar\/\",\"logo\":{\"@type\":\"ImageObject\",\"inLanguage\":\"es\",\"@id\":\"https:\/\/lobosnews.com.ar\/#\/schema\/logo\/image\/\",\"url\":\"https:\/\/lobosnews.com.ar\/wp-content\/uploads\/2026\/01\/logo-lobosnews.png\",\"contentUrl\":\"https:\/\/lobosnews.com.ar\/wp-content\/uploads\/2026\/01\/logo-lobosnews.png\",\"width\":500,\"height\":200,\"caption\":\"Lobos News\"},\"image\":{\"@id\":\"https:\/\/lobosnews.com.ar\/#\/schema\/logo\/image\/\"}},{\"@type\":\"Person\",\"@id\":\"https:\/\/lobosnews.com.ar\/#\/schema\/person\/232422a593d5c541dd9aef6aaed10943\",\"name\":\"admin\",\"image\":{\"@type\":\"ImageObject\",\"inLanguage\":\"es\",\"@id\":\"https:\/\/lobosnews.com.ar\/#\/schema\/person\/image\/\",\"url\":\"https:\/\/secure.gravatar.com\/avatar\/76e419471a2083bc3ceab22a763dbbf9b0c1bd15a6214cf3280e2c2dde4580f9?s=96&d=mm&r=g\",\"contentUrl\":\"https:\/\/secure.gravatar.com\/avatar\/76e419471a2083bc3ceab22a763dbbf9b0c1bd15a6214cf3280e2c2dde4580f9?s=96&d=mm&r=g\",\"caption\":\"admin\"},\"sameAs\":[\"https:\/\/lobosnews.com.ar\"],\"url\":\"https:\/\/lobosnews.com.ar\/index.php\/author\/lobos-news\/\"}]}<\/script>\n<!-- \/ Yoast SEO plugin. -->","yoast_head_json":{"title":"El efecto \u201ccopycat\u201d de un problema que no empieza en el aula: qu\u00e9 hay detr\u00e1s de las amenazas y la violencia escolar - Lobos News","robots":{"index":"index","follow":"follow","max-snippet":"max-snippet:-1","max-image-preview":"max-image-preview:large","max-video-preview":"max-video-preview:-1"},"canonical":"https:\/\/lobosnews.com.ar\/index.php\/2026\/04\/28\/el-efecto-copycat-de-un-problema-que-no-empieza-en-el-aula-que-hay-detras-de-las-amenazas-y-la-violencia-escolar\/","og_locale":"es_ES","og_type":"article","og_title":"El efecto \u201ccopycat\u201d de un problema que no empieza en el aula: qu\u00e9 hay detr\u00e1s de las amenazas y la violencia escolar - Lobos News","og_description":"El ataque ocurrido en San Crist\u00f3bal, Santa Fe, el 30 de marzo de 2026, que terminara con un muerto y heridos, fue seguido por una serie de amenazas de tiroteos en escuelas de distintas provincias durante estas semanas, y renov\u00f3 algo a lo que estamos asistiendo como sociedad sin encontrar respuestas adecuadas: la violencia en...","og_url":"https:\/\/lobosnews.com.ar\/index.php\/2026\/04\/28\/el-efecto-copycat-de-un-problema-que-no-empieza-en-el-aula-que-hay-detras-de-las-amenazas-y-la-violencia-escolar\/","og_site_name":"Lobos News","article_published_time":"2026-04-28T05:00:00+00:00","article_modified_time":"2026-04-28T08:55:12+00:00","og_image":[{"url":"https:\/\/lobosnews.com.ar\/wp-content\/uploads\/2026\/04\/el-efecto-copycat-de-un-problema-que-no-empieza-en-el-aula-que-hay-detras-de-las-amenazas-y-la-violencia-escolar.jpg","type":"","width":"","height":""}],"author":"admin","twitter_card":"summary_large_image","twitter_misc":{"Escrito por":"admin","Tiempo de lectura":"9 minutos"},"schema":{"@context":"https:\/\/schema.org","@graph":[{"@type":"Article","@id":"https:\/\/lobosnews.com.ar\/index.php\/2026\/04\/28\/el-efecto-copycat-de-un-problema-que-no-empieza-en-el-aula-que-hay-detras-de-las-amenazas-y-la-violencia-escolar\/#article","isPartOf":{"@id":"https:\/\/lobosnews.com.ar\/index.php\/2026\/04\/28\/el-efecto-copycat-de-un-problema-que-no-empieza-en-el-aula-que-hay-detras-de-las-amenazas-y-la-violencia-escolar\/"},"author":{"name":"admin","@id":"https:\/\/lobosnews.com.ar\/#\/schema\/person\/232422a593d5c541dd9aef6aaed10943"},"headline":"El efecto \u201ccopycat\u201d de un problema que no empieza en el aula: qu\u00e9 hay detr\u00e1s de las amenazas y la violencia escolar","datePublished":"2026-04-28T05:00:00+00:00","dateModified":"2026-04-28T08:55:12+00:00","mainEntityOfPage":{"@id":"https:\/\/lobosnews.com.ar\/index.php\/2026\/04\/28\/el-efecto-copycat-de-un-problema-que-no-empieza-en-el-aula-que-hay-detras-de-las-amenazas-y-la-violencia-escolar\/"},"wordCount":1728,"commentCount":0,"publisher":{"@id":"https:\/\/lobosnews.com.ar\/#organization"},"image":{"@id":"https:\/\/lobosnews.com.ar\/index.php\/2026\/04\/28\/el-efecto-copycat-de-un-problema-que-no-empieza-en-el-aula-que-hay-detras-de-las-amenazas-y-la-violencia-escolar\/#primaryimage"},"thumbnailUrl":"https:\/\/lobosnews.com.ar\/wp-content\/uploads\/2026\/04\/el-efecto-copycat-de-un-problema-que-no-empieza-en-el-aula-que-hay-detras-de-las-amenazas-y-la-violencia-escolar-18.jpg","articleSection":["Salud"],"inLanguage":"es","potentialAction":[{"@type":"CommentAction","name":"Comment","target":["https:\/\/lobosnews.com.ar\/index.php\/2026\/04\/28\/el-efecto-copycat-de-un-problema-que-no-empieza-en-el-aula-que-hay-detras-de-las-amenazas-y-la-violencia-escolar\/#respond"]}]},{"@type":"WebPage","@id":"https:\/\/lobosnews.com.ar\/index.php\/2026\/04\/28\/el-efecto-copycat-de-un-problema-que-no-empieza-en-el-aula-que-hay-detras-de-las-amenazas-y-la-violencia-escolar\/","url":"https:\/\/lobosnews.com.ar\/index.php\/2026\/04\/28\/el-efecto-copycat-de-un-problema-que-no-empieza-en-el-aula-que-hay-detras-de-las-amenazas-y-la-violencia-escolar\/","name":"El efecto \u201ccopycat\u201d de un problema que no empieza en el aula: qu\u00e9 hay detr\u00e1s de las amenazas y la violencia escolar - Lobos News","isPartOf":{"@id":"https:\/\/lobosnews.com.ar\/#website"},"primaryImageOfPage":{"@id":"https:\/\/lobosnews.com.ar\/index.php\/2026\/04\/28\/el-efecto-copycat-de-un-problema-que-no-empieza-en-el-aula-que-hay-detras-de-las-amenazas-y-la-violencia-escolar\/#primaryimage"},"image":{"@id":"https:\/\/lobosnews.com.ar\/index.php\/2026\/04\/28\/el-efecto-copycat-de-un-problema-que-no-empieza-en-el-aula-que-hay-detras-de-las-amenazas-y-la-violencia-escolar\/#primaryimage"},"thumbnailUrl":"https:\/\/lobosnews.com.ar\/wp-content\/uploads\/2026\/04\/el-efecto-copycat-de-un-problema-que-no-empieza-en-el-aula-que-hay-detras-de-las-amenazas-y-la-violencia-escolar-18.jpg","datePublished":"2026-04-28T05:00:00+00:00","dateModified":"2026-04-28T08:55:12+00:00","breadcrumb":{"@id":"https:\/\/lobosnews.com.ar\/index.php\/2026\/04\/28\/el-efecto-copycat-de-un-problema-que-no-empieza-en-el-aula-que-hay-detras-de-las-amenazas-y-la-violencia-escolar\/#breadcrumb"},"inLanguage":"es","potentialAction":[{"@type":"ReadAction","target":["https:\/\/lobosnews.com.ar\/index.php\/2026\/04\/28\/el-efecto-copycat-de-un-problema-que-no-empieza-en-el-aula-que-hay-detras-de-las-amenazas-y-la-violencia-escolar\/"]}]},{"@type":"ImageObject","inLanguage":"es","@id":"https:\/\/lobosnews.com.ar\/index.php\/2026\/04\/28\/el-efecto-copycat-de-un-problema-que-no-empieza-en-el-aula-que-hay-detras-de-las-amenazas-y-la-violencia-escolar\/#primaryimage","url":"https:\/\/lobosnews.com.ar\/wp-content\/uploads\/2026\/04\/el-efecto-copycat-de-un-problema-que-no-empieza-en-el-aula-que-hay-detras-de-las-amenazas-y-la-violencia-escolar-18.jpg","contentUrl":"https:\/\/lobosnews.com.ar\/wp-content\/uploads\/2026\/04\/el-efecto-copycat-de-un-problema-que-no-empieza-en-el-aula-que-hay-detras-de-las-amenazas-y-la-violencia-escolar-18.jpg","width":1408,"height":768,"caption":"El efecto \u201ccopycat\u201d de un problema que no empieza en el aula: qu\u00e9 hay detr\u00e1s de las amenazas y la violencia escolar"},{"@type":"BreadcrumbList","@id":"https:\/\/lobosnews.com.ar\/index.php\/2026\/04\/28\/el-efecto-copycat-de-un-problema-que-no-empieza-en-el-aula-que-hay-detras-de-las-amenazas-y-la-violencia-escolar\/#breadcrumb","itemListElement":[{"@type":"ListItem","position":1,"name":"Portada","item":"https:\/\/lobosnews.com.ar\/"},{"@type":"ListItem","position":2,"name":"El efecto \u201ccopycat\u201d de un problema que no empieza en el aula: qu\u00e9 hay detr\u00e1s de las amenazas y la violencia escolar"}]},{"@type":"WebSite","@id":"https:\/\/lobosnews.com.ar\/#website","url":"https:\/\/lobosnews.com.ar\/","name":"Lobos News","description":"Informaci\u00f3n a cada instante","publisher":{"@id":"https:\/\/lobosnews.com.ar\/#organization"},"potentialAction":[{"@type":"SearchAction","target":{"@type":"EntryPoint","urlTemplate":"https:\/\/lobosnews.com.ar\/?s={search_term_string}"},"query-input":{"@type":"PropertyValueSpecification","valueRequired":true,"valueName":"search_term_string"}}],"inLanguage":"es"},{"@type":"Organization","@id":"https:\/\/lobosnews.com.ar\/#organization","name":"Lobos News","url":"https:\/\/lobosnews.com.ar\/","logo":{"@type":"ImageObject","inLanguage":"es","@id":"https:\/\/lobosnews.com.ar\/#\/schema\/logo\/image\/","url":"https:\/\/lobosnews.com.ar\/wp-content\/uploads\/2026\/01\/logo-lobosnews.png","contentUrl":"https:\/\/lobosnews.com.ar\/wp-content\/uploads\/2026\/01\/logo-lobosnews.png","width":500,"height":200,"caption":"Lobos News"},"image":{"@id":"https:\/\/lobosnews.com.ar\/#\/schema\/logo\/image\/"}},{"@type":"Person","@id":"https:\/\/lobosnews.com.ar\/#\/schema\/person\/232422a593d5c541dd9aef6aaed10943","name":"admin","image":{"@type":"ImageObject","inLanguage":"es","@id":"https:\/\/lobosnews.com.ar\/#\/schema\/person\/image\/","url":"https:\/\/secure.gravatar.com\/avatar\/76e419471a2083bc3ceab22a763dbbf9b0c1bd15a6214cf3280e2c2dde4580f9?s=96&d=mm&r=g","contentUrl":"https:\/\/secure.gravatar.com\/avatar\/76e419471a2083bc3ceab22a763dbbf9b0c1bd15a6214cf3280e2c2dde4580f9?s=96&d=mm&r=g","caption":"admin"},"sameAs":["https:\/\/lobosnews.com.ar"],"url":"https:\/\/lobosnews.com.ar\/index.php\/author\/lobos-news\/"}]}},"jetpack_featured_media_url":"https:\/\/lobosnews.com.ar\/wp-content\/uploads\/2026\/04\/el-efecto-copycat-de-un-problema-que-no-empieza-en-el-aula-que-hay-detras-de-las-amenazas-y-la-violencia-escolar-18.jpg","jetpack_sharing_enabled":true,"_links":{"self":[{"href":"https:\/\/lobosnews.com.ar\/index.php\/wp-json\/wp\/v2\/posts\/46488","targetHints":{"allow":["GET"]}}],"collection":[{"href":"https:\/\/lobosnews.com.ar\/index.php\/wp-json\/wp\/v2\/posts"}],"about":[{"href":"https:\/\/lobosnews.com.ar\/index.php\/wp-json\/wp\/v2\/types\/post"}],"author":[{"embeddable":true,"href":"https:\/\/lobosnews.com.ar\/index.php\/wp-json\/wp\/v2\/users\/1"}],"replies":[{"embeddable":true,"href":"https:\/\/lobosnews.com.ar\/index.php\/wp-json\/wp\/v2\/comments?post=46488"}],"version-history":[{"count":1,"href":"https:\/\/lobosnews.com.ar\/index.php\/wp-json\/wp\/v2\/posts\/46488\/revisions"}],"predecessor-version":[{"id":46499,"href":"https:\/\/lobosnews.com.ar\/index.php\/wp-json\/wp\/v2\/posts\/46488\/revisions\/46499"}],"wp:featuredmedia":[{"embeddable":true,"href":"https:\/\/lobosnews.com.ar\/index.php\/wp-json\/wp\/v2\/media\/46500"}],"wp:attachment":[{"href":"https:\/\/lobosnews.com.ar\/index.php\/wp-json\/wp\/v2\/media?parent=46488"}],"wp:term":[{"taxonomy":"category","embeddable":true,"href":"https:\/\/lobosnews.com.ar\/index.php\/wp-json\/wp\/v2\/categories?post=46488"},{"taxonomy":"post_tag","embeddable":true,"href":"https:\/\/lobosnews.com.ar\/index.php\/wp-json\/wp\/v2\/tags?post=46488"}],"curies":[{"name":"wp","href":"https:\/\/api.w.org\/{rel}","templated":true}]}}