{"id":46463,"date":"2026-04-28T03:37:36","date_gmt":"2026-04-28T03:37:36","guid":{"rendered":"https:\/\/lobosnews.com.ar\/index.php\/2026\/04\/28\/vero-lozano-tras-ganar-el-martin-fierro-de-la-moda-2026-es-importante-bancar-la-industria-textil-argentina\/"},"modified":"2026-04-28T08:53:20","modified_gmt":"2026-04-28T08:53:20","slug":"vero-lozano-tras-ganar-el-martin-fierro-de-la-moda-2026-es-importante-bancar-la-industria-textil-argentina","status":"publish","type":"post","link":"https:\/\/lobosnews.com.ar\/index.php\/2026\/04\/28\/vero-lozano-tras-ganar-el-martin-fierro-de-la-moda-2026-es-importante-bancar-la-industria-textil-argentina\/","title":{"rendered":"Vero Lozano tras ganar el Mart\u00edn Fierro de la Moda 2026: \u201cEs importante bancar la industria textil argentina\u201d"},"content":{"rendered":"<p>Tras haber <span class=\"waslinkname\">ganado el <b>Mart\u00edn Fierro de la Moda 2026 <\/b>a <b>Mejor estilo en conducci\u00f3n femenina<\/b><\/span>, <span class=\"waslinkname\"><b>Vero Lozano<\/b><\/span> convers\u00f3 con <i>LAM <\/i>(Am\u00e9rica TV) sobre el galard\u00f3n y destac\u00f3 la industria textil nacional en tiempos de crisis para el sector, como la importancia de la premiaci\u00f3n. <\/p>\n<p><b>\u201cSon veintitr\u00e9s looks por mes en un programa. A eso multiplicalo por doce o por diez a\u00f1os\u201d<\/b>, afirm\u00f3 la conductora de Cort\u00e1 por Lozano (Telefe) sobre los looks que lleva en su programa de dise\u00f1adores nacionales. \u201cYo uso y todas las conductoras usamos en un noventa y nueve coma nueve por ciento la ropa de industria argentina\u201d, dijo. <\/p>\n<p>La animadora explic\u00f3 que el uso de prendas locales es una constante en su carrera y se\u00f1al\u00f3 el contexto econ\u00f3mico actual: \u201cMe parece que en esta instancia, a diferencia tal vez de otros a\u00f1os donde no era necesario decir una cosa de apoyar la industria nacional, pero con lo que est\u00e1 pasando, que <b>est\u00e1n perdi\u00e9ndose much\u00edsimos puestos de trabajo, que la gente se est\u00e1 quedando en la calle, esto es bancar a nuestra industria como bancar el entretenimiento, el <\/b><i><b>show business<\/b><\/i><b>, el cine y la cultura<\/b>\u201d.<\/p>\n<p><img fetchpriority=\"high\" decoding=\"async\" src=\"https:\/\/lobosnews.com.ar\/wp-content\/uploads\/2026\/04\/vero-lozano-tras-ganar-el-martin-fierro-de-la-moda-2026-es-importante-bancar-la-industria-textil-argentina.jpg\" alt=\"Vero Lozano fue distinguida por su estilo en la conducci\u00f3n de Cort\u00e1 por Lozano (Maximiliano Luna)\" height=\"1920\" width=\"1280\"\/><\/p>\n<p>Consultada sobre la preferencia de algunas figuras por marcas extranjeras, Vero prefiri\u00f3 no entrar en pol\u00e9micas. <b>\u201cCada uno elige lo que quiere, se viste como quiere y como puede\u201d<\/b>, sostuvo. <\/p>\n<p>En su programa del lunes, la conductora comparti\u00f3 su emoci\u00f3n por el premio que se llev\u00f3. La presentadora no solo celebr\u00f3 el galard\u00f3n, tambi\u00e9n transform\u00f3 el inicio de la emisi\u00f3n en un tributo colectivo, destacando el esfuerzo del equipo que la acompa\u00f1a cada d\u00eda. \u201cEste premio hermoso es de ustedes\u201d, afirm\u00f3 al dirigirse a sus colaboradores. La conductora insisti\u00f3 en que su imagen en televisi\u00f3n es el resultado de un minucioso trabajo en conjunto, subrayando que el reconocimiento es compartido.<\/p>\n<p>Durante esos primeros minutos al aire, Lozano detall\u00f3 el proceso detr\u00e1s de cada uno de sus atuendos. \u201cLlega la fundita a casa con la ropa que eligen Anita y Milagritos. Voy a casa y vengo con la fundita, llego al canal y me planchan la ropita con amor, me la cuidan y si se me ve algo me tapan. No solo eso, todos los d\u00edas me maquillan\u201d, relat\u00f3, dejando en claro que la producci\u00f3n de su imagen va mucho m\u00e1s all\u00e1 del glamour. <b>\u201cUn aplauso para este equipo maravilloso\u201d<\/b>, pidi\u00f3, visiblemente emocionada.<\/p>\n<p>La entrega del premio gener\u00f3 adem\u00e1s un mensaje que trasciende lo personal. Lozano aprovech\u00f3 la ocasi\u00f3n para valorar el trabajo de la dise\u00f1adora Natalia Antol\u00edn y puso en relieve su propia participaci\u00f3n en la creaci\u00f3n del vestido que llev\u00f3 a la premiaci\u00f3n: <b>\u201cNatalia Antolini, mi compa\u00f1era y socia con quien hicimos este vestido, es un dise\u00f1o m\u00edo\u201d<\/b>, subray\u00f3, orgullosa del resultado.<\/p>\n<p>En el mismo tono, la conductora agradeci\u00f3 a quienes hicieron posible el galard\u00f3n y sum\u00f3 una reflexi\u00f3n sobre el contexto que atraviesa el sector textil argentino. Lozano expres\u00f3: \u201cMe parece que es un premio hermoso, para apoyar a la industria textil que es un momento muy complejo. Hay que cambiar las pol\u00edticas para sostener la industria, que ahora compite con prendas extranjeras. <b>As\u00ed que aguante la producci\u00f3n argentina<\/b>\u201d.<\/p>\n<p>La defensa de la industria nacional se combin\u00f3 con un mensaje de identidad: Lozano resalt\u00f3 que tanto ella como sus panelistas eligen vestir prendas locales. \u201cEstamos todas con ropa de ac\u00e1, m\u00e1s all\u00e1 de alguna cosita que compramos afuera\u201d, coment\u00f3, para luego dimensionar la magnitud del trabajo diario: \u201cGracias tambi\u00e9n por estos 10 a\u00f1os en este programa, son 23 looks por mes, m\u00e1s de 2500 looks\u201d.<\/p>\n<p>En resumen, Ver\u00f3nica Lozano aprovech\u00f3 su regreso triunfal a Cort\u00e1 por Lozano para transformar una celebraci\u00f3n individual en un reconocimiento colectivo, resaltando la labor de su equipo y la importancia de la producci\u00f3n nacional. <\/p>\n","protected":false},"excerpt":{"rendered":"<p>Tras haber ganado el Mart\u00edn Fierro de la Moda 2026 a Mejor estilo en conducci\u00f3n femenina, Vero Lozano convers\u00f3 con LAM (Am\u00e9rica TV) sobre el galard\u00f3n y destac\u00f3 la industria textil nacional en tiempos de crisis para el sector, como la importancia de la premiaci\u00f3n. \u201cSon veintitr\u00e9s looks por mes en un programa. A eso&#8230;<\/p>\n","protected":false},"author":1,"featured_media":46466,"comment_status":"open","ping_status":"closed","sticky":false,"template":"","format":"standard","meta":{"_jetpack_memberships_contains_paid_content":false,"footnotes":""},"categories":[79],"tags":[],"class_list":["post-46463","post","type-post","status-publish","format-standard","has-post-thumbnail","hentry","category-cine-y-series"],"magazineBlocksPostFeaturedMedia":{"thumbnail":"https:\/\/lobosnews.com.ar\/wp-content\/uploads\/2026\/04\/vero-lozano-tras-ganar-el-martin-fierro-de-la-moda-2026-es-importante-bancar-la-industria-textil-argentina-150x150.jpg","medium":"https:\/\/lobosnews.com.ar\/wp-content\/uploads\/2026\/04\/vero-lozano-tras-ganar-el-martin-fierro-de-la-moda-2026-es-importante-bancar-la-industria-textil-argentina-200x300.jpg","medium_large":"https:\/\/lobosnews.com.ar\/wp-content\/uploads\/2026\/04\/vero-lozano-tras-ganar-el-martin-fierro-de-la-moda-2026-es-importante-bancar-la-industria-textil-argentina-768x1152.jpg","large":"https:\/\/lobosnews.com.ar\/wp-content\/uploads\/2026\/04\/vero-lozano-tras-ganar-el-martin-fierro-de-la-moda-2026-es-importante-bancar-la-industria-textil-argentina-683x1024.jpg","1536x1536":"https:\/\/lobosnews.com.ar\/wp-content\/uploads\/2026\/04\/vero-lozano-tras-ganar-el-martin-fierro-de-la-moda-2026-es-importante-bancar-la-industria-textil-argentina-1024x1536.jpg","2048x2048":"https:\/\/lobosnews.com.ar\/wp-content\/uploads\/2026\/04\/vero-lozano-tras-ganar-el-martin-fierro-de-la-moda-2026-es-importante-bancar-la-industria-textil-argentina.jpg","newsmatic-featured":"https:\/\/lobosnews.com.ar\/wp-content\/uploads\/2026\/04\/vero-lozano-tras-ganar-el-martin-fierro-de-la-moda-2026-es-importante-bancar-la-industria-textil-argentina-820x545.jpg","newsmatic-list":"https:\/\/lobosnews.com.ar\/wp-content\/uploads\/2026\/04\/vero-lozano-tras-ganar-el-martin-fierro-de-la-moda-2026-es-importante-bancar-la-industria-textil-argentina-600x400.jpg","newsmatic-thumb":"https:\/\/lobosnews.com.ar\/wp-content\/uploads\/2026\/04\/vero-lozano-tras-ganar-el-martin-fierro-de-la-moda-2026-es-importante-bancar-la-industria-textil-argentina-300x200.jpg","newsmatic-small":"https:\/\/lobosnews.com.ar\/wp-content\/uploads\/2026\/04\/vero-lozano-tras-ganar-el-martin-fierro-de-la-moda-2026-es-importante-bancar-la-industria-textil-argentina-150x95.jpg","newsmatic-grid":"https:\/\/lobosnews.com.ar\/wp-content\/uploads\/2026\/04\/vero-lozano-tras-ganar-el-martin-fierro-de-la-moda-2026-es-importante-bancar-la-industria-textil-argentina-400x250.jpg"},"magazineBlocksPostAuthor":{"name":"admin","avatar":"https:\/\/secure.gravatar.com\/avatar\/76e419471a2083bc3ceab22a763dbbf9b0c1bd15a6214cf3280e2c2dde4580f9?s=96&d=mm&r=g"},"magazineBlocksPostCommentsNumber":"0","magazineBlocksPostExcerpt":"Tras haber ganado el Mart\u00edn Fierro de la Moda 2026 a Mejor estilo en conducci\u00f3n femenina, Vero Lozano convers\u00f3 con LAM (Am\u00e9rica TV) sobre el galard\u00f3n y destac\u00f3 la industria textil nacional en tiempos de crisis para el sector, como la importancia de la premiaci\u00f3n. \u201cSon veintitr\u00e9s looks por mes en un programa. A eso...","magazineBlocksPostCategories":["Cine y Series"],"magazineBlocksPostViewCount":35,"magazineBlocksPostReadTime":4,"magazine_blocks_featured_image_url":{"full":["https:\/\/lobosnews.com.ar\/wp-content\/uploads\/2026\/04\/vero-lozano-tras-ganar-el-martin-fierro-de-la-moda-2026-es-importante-bancar-la-industria-textil-argentina.jpg",1280,1920,false],"medium":["https:\/\/lobosnews.com.ar\/wp-content\/uploads\/2026\/04\/vero-lozano-tras-ganar-el-martin-fierro-de-la-moda-2026-es-importante-bancar-la-industria-textil-argentina-200x300.jpg",200,300,true],"thumbnail":["https:\/\/lobosnews.com.ar\/wp-content\/uploads\/2026\/04\/vero-lozano-tras-ganar-el-martin-fierro-de-la-moda-2026-es-importante-bancar-la-industria-textil-argentina-150x150.jpg",150,150,true]},"magazine_blocks_author":{"display_name":"admin","author_link":"https:\/\/lobosnews.com.ar\/index.php\/author\/lobos-news\/"},"magazine_blocks_comment":2,"magazine_blocks_author_image":"https:\/\/secure.gravatar.com\/avatar\/76e419471a2083bc3ceab22a763dbbf9b0c1bd15a6214cf3280e2c2dde4580f9?s=96&d=mm&r=g","magazine_blocks_category":"<a href=\"#\" class=\"category-link category-link-79\">Cine y Series<\/a>","yoast_head":"<!-- This site is optimized with the Yoast SEO plugin v26.6 - https:\/\/yoast.com\/wordpress\/plugins\/seo\/ -->\n<title>Vero Lozano tras ganar el Mart\u00edn Fierro de la Moda 2026: \u201cEs importante bancar la industria textil argentina\u201d - Lobos News<\/title>\n<meta name=\"robots\" content=\"index, follow, max-snippet:-1, max-image-preview:large, max-video-preview:-1\" \/>\n<link rel=\"canonical\" href=\"https:\/\/lobosnews.com.ar\/index.php\/2026\/04\/28\/vero-lozano-tras-ganar-el-martin-fierro-de-la-moda-2026-es-importante-bancar-la-industria-textil-argentina\/\" \/>\n<meta property=\"og:locale\" content=\"es_ES\" \/>\n<meta property=\"og:type\" content=\"article\" \/>\n<meta property=\"og:title\" content=\"Vero Lozano tras ganar el Mart\u00edn Fierro de la Moda 2026: \u201cEs importante bancar la industria textil argentina\u201d - Lobos News\" \/>\n<meta property=\"og:description\" content=\"Tras haber ganado el Mart\u00edn Fierro de la Moda 2026 a Mejor estilo en conducci\u00f3n femenina, Vero Lozano convers\u00f3 con LAM (Am\u00e9rica TV) sobre el galard\u00f3n y destac\u00f3 la industria textil nacional en tiempos de crisis para el sector, como la importancia de la premiaci\u00f3n. \u201cSon veintitr\u00e9s looks por mes en un programa. A eso...\" \/>\n<meta property=\"og:url\" content=\"https:\/\/lobosnews.com.ar\/index.php\/2026\/04\/28\/vero-lozano-tras-ganar-el-martin-fierro-de-la-moda-2026-es-importante-bancar-la-industria-textil-argentina\/\" \/>\n<meta property=\"og:site_name\" content=\"Lobos News\" \/>\n<meta property=\"article:published_time\" content=\"2026-04-28T03:37:36+00:00\" \/>\n<meta property=\"article:modified_time\" content=\"2026-04-28T08:53:20+00:00\" \/>\n<meta property=\"og:image\" content=\"https:\/\/lobosnews.com.ar\/wp-content\/uploads\/2026\/04\/vero-lozano-tras-ganar-el-martin-fierro-de-la-moda-2026-es-importante-bancar-la-industria-textil-argentina.jpg\" \/>\n<meta name=\"author\" content=\"admin\" \/>\n<meta name=\"twitter:card\" content=\"summary_large_image\" \/>\n<meta name=\"twitter:label1\" content=\"Escrito por\" \/>\n\t<meta name=\"twitter:data1\" content=\"admin\" \/>\n\t<meta name=\"twitter:label2\" content=\"Tiempo de lectura\" \/>\n\t<meta name=\"twitter:data2\" content=\"3 minutos\" \/>\n<script type=\"application\/ld+json\" class=\"yoast-schema-graph\">{\"@context\":\"https:\/\/schema.org\",\"@graph\":[{\"@type\":\"Article\",\"@id\":\"https:\/\/lobosnews.com.ar\/index.php\/2026\/04\/28\/vero-lozano-tras-ganar-el-martin-fierro-de-la-moda-2026-es-importante-bancar-la-industria-textil-argentina\/#article\",\"isPartOf\":{\"@id\":\"https:\/\/lobosnews.com.ar\/index.php\/2026\/04\/28\/vero-lozano-tras-ganar-el-martin-fierro-de-la-moda-2026-es-importante-bancar-la-industria-textil-argentina\/\"},\"author\":{\"name\":\"admin\",\"@id\":\"https:\/\/lobosnews.com.ar\/#\/schema\/person\/232422a593d5c541dd9aef6aaed10943\"},\"headline\":\"Vero Lozano tras ganar el Mart\u00edn Fierro de la Moda 2026: \u201cEs importante bancar la industria textil argentina\u201d\",\"datePublished\":\"2026-04-28T03:37:36+00:00\",\"dateModified\":\"2026-04-28T08:53:20+00:00\",\"mainEntityOfPage\":{\"@id\":\"https:\/\/lobosnews.com.ar\/index.php\/2026\/04\/28\/vero-lozano-tras-ganar-el-martin-fierro-de-la-moda-2026-es-importante-bancar-la-industria-textil-argentina\/\"},\"wordCount\":681,\"commentCount\":0,\"publisher\":{\"@id\":\"https:\/\/lobosnews.com.ar\/#organization\"},\"image\":{\"@id\":\"https:\/\/lobosnews.com.ar\/index.php\/2026\/04\/28\/vero-lozano-tras-ganar-el-martin-fierro-de-la-moda-2026-es-importante-bancar-la-industria-textil-argentina\/#primaryimage\"},\"thumbnailUrl\":\"https:\/\/lobosnews.com.ar\/wp-content\/uploads\/2026\/04\/vero-lozano-tras-ganar-el-martin-fierro-de-la-moda-2026-es-importante-bancar-la-industria-textil-argentina.jpg\",\"articleSection\":[\"Cine y Series\"],\"inLanguage\":\"es\",\"potentialAction\":[{\"@type\":\"CommentAction\",\"name\":\"Comment\",\"target\":[\"https:\/\/lobosnews.com.ar\/index.php\/2026\/04\/28\/vero-lozano-tras-ganar-el-martin-fierro-de-la-moda-2026-es-importante-bancar-la-industria-textil-argentina\/#respond\"]}]},{\"@type\":\"WebPage\",\"@id\":\"https:\/\/lobosnews.com.ar\/index.php\/2026\/04\/28\/vero-lozano-tras-ganar-el-martin-fierro-de-la-moda-2026-es-importante-bancar-la-industria-textil-argentina\/\",\"url\":\"https:\/\/lobosnews.com.ar\/index.php\/2026\/04\/28\/vero-lozano-tras-ganar-el-martin-fierro-de-la-moda-2026-es-importante-bancar-la-industria-textil-argentina\/\",\"name\":\"Vero Lozano tras ganar el Mart\u00edn Fierro de la Moda 2026: \u201cEs importante bancar la industria textil argentina\u201d - Lobos News\",\"isPartOf\":{\"@id\":\"https:\/\/lobosnews.com.ar\/#website\"},\"primaryImageOfPage\":{\"@id\":\"https:\/\/lobosnews.com.ar\/index.php\/2026\/04\/28\/vero-lozano-tras-ganar-el-martin-fierro-de-la-moda-2026-es-importante-bancar-la-industria-textil-argentina\/#primaryimage\"},\"image\":{\"@id\":\"https:\/\/lobosnews.com.ar\/index.php\/2026\/04\/28\/vero-lozano-tras-ganar-el-martin-fierro-de-la-moda-2026-es-importante-bancar-la-industria-textil-argentina\/#primaryimage\"},\"thumbnailUrl\":\"https:\/\/lobosnews.com.ar\/wp-content\/uploads\/2026\/04\/vero-lozano-tras-ganar-el-martin-fierro-de-la-moda-2026-es-importante-bancar-la-industria-textil-argentina.jpg\",\"datePublished\":\"2026-04-28T03:37:36+00:00\",\"dateModified\":\"2026-04-28T08:53:20+00:00\",\"breadcrumb\":{\"@id\":\"https:\/\/lobosnews.com.ar\/index.php\/2026\/04\/28\/vero-lozano-tras-ganar-el-martin-fierro-de-la-moda-2026-es-importante-bancar-la-industria-textil-argentina\/#breadcrumb\"},\"inLanguage\":\"es\",\"potentialAction\":[{\"@type\":\"ReadAction\",\"target\":[\"https:\/\/lobosnews.com.ar\/index.php\/2026\/04\/28\/vero-lozano-tras-ganar-el-martin-fierro-de-la-moda-2026-es-importante-bancar-la-industria-textil-argentina\/\"]}]},{\"@type\":\"ImageObject\",\"inLanguage\":\"es\",\"@id\":\"https:\/\/lobosnews.com.ar\/index.php\/2026\/04\/28\/vero-lozano-tras-ganar-el-martin-fierro-de-la-moda-2026-es-importante-bancar-la-industria-textil-argentina\/#primaryimage\",\"url\":\"https:\/\/lobosnews.com.ar\/wp-content\/uploads\/2026\/04\/vero-lozano-tras-ganar-el-martin-fierro-de-la-moda-2026-es-importante-bancar-la-industria-textil-argentina.jpg\",\"contentUrl\":\"https:\/\/lobosnews.com.ar\/wp-content\/uploads\/2026\/04\/vero-lozano-tras-ganar-el-martin-fierro-de-la-moda-2026-es-importante-bancar-la-industria-textil-argentina.jpg\",\"width\":1280,\"height\":1920,\"caption\":\"Vero Lozano tras ganar el Mart\u00edn Fierro de la Moda 2026: \u201cEs importante bancar la industria textil argentina\u201d\"},{\"@type\":\"BreadcrumbList\",\"@id\":\"https:\/\/lobosnews.com.ar\/index.php\/2026\/04\/28\/vero-lozano-tras-ganar-el-martin-fierro-de-la-moda-2026-es-importante-bancar-la-industria-textil-argentina\/#breadcrumb\",\"itemListElement\":[{\"@type\":\"ListItem\",\"position\":1,\"name\":\"Portada\",\"item\":\"https:\/\/lobosnews.com.ar\/\"},{\"@type\":\"ListItem\",\"position\":2,\"name\":\"Vero Lozano tras ganar el Mart\u00edn Fierro de la Moda 2026: \u201cEs importante bancar la industria textil argentina\u201d\"}]},{\"@type\":\"WebSite\",\"@id\":\"https:\/\/lobosnews.com.ar\/#website\",\"url\":\"https:\/\/lobosnews.com.ar\/\",\"name\":\"Lobos News\",\"description\":\"Informaci\u00f3n a cada instante\",\"publisher\":{\"@id\":\"https:\/\/lobosnews.com.ar\/#organization\"},\"potentialAction\":[{\"@type\":\"SearchAction\",\"target\":{\"@type\":\"EntryPoint\",\"urlTemplate\":\"https:\/\/lobosnews.com.ar\/?s={search_term_string}\"},\"query-input\":{\"@type\":\"PropertyValueSpecification\",\"valueRequired\":true,\"valueName\":\"search_term_string\"}}],\"inLanguage\":\"es\"},{\"@type\":\"Organization\",\"@id\":\"https:\/\/lobosnews.com.ar\/#organization\",\"name\":\"Lobos News\",\"url\":\"https:\/\/lobosnews.com.ar\/\",\"logo\":{\"@type\":\"ImageObject\",\"inLanguage\":\"es\",\"@id\":\"https:\/\/lobosnews.com.ar\/#\/schema\/logo\/image\/\",\"url\":\"https:\/\/lobosnews.com.ar\/wp-content\/uploads\/2026\/01\/logo-lobosnews.png\",\"contentUrl\":\"https:\/\/lobosnews.com.ar\/wp-content\/uploads\/2026\/01\/logo-lobosnews.png\",\"width\":500,\"height\":200,\"caption\":\"Lobos News\"},\"image\":{\"@id\":\"https:\/\/lobosnews.com.ar\/#\/schema\/logo\/image\/\"}},{\"@type\":\"Person\",\"@id\":\"https:\/\/lobosnews.com.ar\/#\/schema\/person\/232422a593d5c541dd9aef6aaed10943\",\"name\":\"admin\",\"image\":{\"@type\":\"ImageObject\",\"inLanguage\":\"es\",\"@id\":\"https:\/\/lobosnews.com.ar\/#\/schema\/person\/image\/\",\"url\":\"https:\/\/secure.gravatar.com\/avatar\/76e419471a2083bc3ceab22a763dbbf9b0c1bd15a6214cf3280e2c2dde4580f9?s=96&d=mm&r=g\",\"contentUrl\":\"https:\/\/secure.gravatar.com\/avatar\/76e419471a2083bc3ceab22a763dbbf9b0c1bd15a6214cf3280e2c2dde4580f9?s=96&d=mm&r=g\",\"caption\":\"admin\"},\"sameAs\":[\"https:\/\/lobosnews.com.ar\"],\"url\":\"https:\/\/lobosnews.com.ar\/index.php\/author\/lobos-news\/\"}]}<\/script>\n<!-- \/ Yoast SEO plugin. -->","yoast_head_json":{"title":"Vero Lozano tras ganar el Mart\u00edn Fierro de la Moda 2026: \u201cEs importante bancar la industria textil argentina\u201d - Lobos News","robots":{"index":"index","follow":"follow","max-snippet":"max-snippet:-1","max-image-preview":"max-image-preview:large","max-video-preview":"max-video-preview:-1"},"canonical":"https:\/\/lobosnews.com.ar\/index.php\/2026\/04\/28\/vero-lozano-tras-ganar-el-martin-fierro-de-la-moda-2026-es-importante-bancar-la-industria-textil-argentina\/","og_locale":"es_ES","og_type":"article","og_title":"Vero Lozano tras ganar el Mart\u00edn Fierro de la Moda 2026: \u201cEs importante bancar la industria textil argentina\u201d - Lobos News","og_description":"Tras haber ganado el Mart\u00edn Fierro de la Moda 2026 a Mejor estilo en conducci\u00f3n femenina, Vero Lozano convers\u00f3 con LAM (Am\u00e9rica TV) sobre el galard\u00f3n y destac\u00f3 la industria textil nacional en tiempos de crisis para el sector, como la importancia de la premiaci\u00f3n. \u201cSon veintitr\u00e9s looks por mes en un programa. A eso...","og_url":"https:\/\/lobosnews.com.ar\/index.php\/2026\/04\/28\/vero-lozano-tras-ganar-el-martin-fierro-de-la-moda-2026-es-importante-bancar-la-industria-textil-argentina\/","og_site_name":"Lobos News","article_published_time":"2026-04-28T03:37:36+00:00","article_modified_time":"2026-04-28T08:53:20+00:00","og_image":[{"url":"https:\/\/lobosnews.com.ar\/wp-content\/uploads\/2026\/04\/vero-lozano-tras-ganar-el-martin-fierro-de-la-moda-2026-es-importante-bancar-la-industria-textil-argentina.jpg","type":"","width":"","height":""}],"author":"admin","twitter_card":"summary_large_image","twitter_misc":{"Escrito por":"admin","Tiempo de lectura":"3 minutos"},"schema":{"@context":"https:\/\/schema.org","@graph":[{"@type":"Article","@id":"https:\/\/lobosnews.com.ar\/index.php\/2026\/04\/28\/vero-lozano-tras-ganar-el-martin-fierro-de-la-moda-2026-es-importante-bancar-la-industria-textil-argentina\/#article","isPartOf":{"@id":"https:\/\/lobosnews.com.ar\/index.php\/2026\/04\/28\/vero-lozano-tras-ganar-el-martin-fierro-de-la-moda-2026-es-importante-bancar-la-industria-textil-argentina\/"},"author":{"name":"admin","@id":"https:\/\/lobosnews.com.ar\/#\/schema\/person\/232422a593d5c541dd9aef6aaed10943"},"headline":"Vero Lozano tras ganar el Mart\u00edn Fierro de la Moda 2026: \u201cEs importante bancar la industria textil argentina\u201d","datePublished":"2026-04-28T03:37:36+00:00","dateModified":"2026-04-28T08:53:20+00:00","mainEntityOfPage":{"@id":"https:\/\/lobosnews.com.ar\/index.php\/2026\/04\/28\/vero-lozano-tras-ganar-el-martin-fierro-de-la-moda-2026-es-importante-bancar-la-industria-textil-argentina\/"},"wordCount":681,"commentCount":0,"publisher":{"@id":"https:\/\/lobosnews.com.ar\/#organization"},"image":{"@id":"https:\/\/lobosnews.com.ar\/index.php\/2026\/04\/28\/vero-lozano-tras-ganar-el-martin-fierro-de-la-moda-2026-es-importante-bancar-la-industria-textil-argentina\/#primaryimage"},"thumbnailUrl":"https:\/\/lobosnews.com.ar\/wp-content\/uploads\/2026\/04\/vero-lozano-tras-ganar-el-martin-fierro-de-la-moda-2026-es-importante-bancar-la-industria-textil-argentina.jpg","articleSection":["Cine y Series"],"inLanguage":"es","potentialAction":[{"@type":"CommentAction","name":"Comment","target":["https:\/\/lobosnews.com.ar\/index.php\/2026\/04\/28\/vero-lozano-tras-ganar-el-martin-fierro-de-la-moda-2026-es-importante-bancar-la-industria-textil-argentina\/#respond"]}]},{"@type":"WebPage","@id":"https:\/\/lobosnews.com.ar\/index.php\/2026\/04\/28\/vero-lozano-tras-ganar-el-martin-fierro-de-la-moda-2026-es-importante-bancar-la-industria-textil-argentina\/","url":"https:\/\/lobosnews.com.ar\/index.php\/2026\/04\/28\/vero-lozano-tras-ganar-el-martin-fierro-de-la-moda-2026-es-importante-bancar-la-industria-textil-argentina\/","name":"Vero Lozano tras ganar el Mart\u00edn Fierro de la Moda 2026: \u201cEs importante bancar la industria textil argentina\u201d - Lobos News","isPartOf":{"@id":"https:\/\/lobosnews.com.ar\/#website"},"primaryImageOfPage":{"@id":"https:\/\/lobosnews.com.ar\/index.php\/2026\/04\/28\/vero-lozano-tras-ganar-el-martin-fierro-de-la-moda-2026-es-importante-bancar-la-industria-textil-argentina\/#primaryimage"},"image":{"@id":"https:\/\/lobosnews.com.ar\/index.php\/2026\/04\/28\/vero-lozano-tras-ganar-el-martin-fierro-de-la-moda-2026-es-importante-bancar-la-industria-textil-argentina\/#primaryimage"},"thumbnailUrl":"https:\/\/lobosnews.com.ar\/wp-content\/uploads\/2026\/04\/vero-lozano-tras-ganar-el-martin-fierro-de-la-moda-2026-es-importante-bancar-la-industria-textil-argentina.jpg","datePublished":"2026-04-28T03:37:36+00:00","dateModified":"2026-04-28T08:53:20+00:00","breadcrumb":{"@id":"https:\/\/lobosnews.com.ar\/index.php\/2026\/04\/28\/vero-lozano-tras-ganar-el-martin-fierro-de-la-moda-2026-es-importante-bancar-la-industria-textil-argentina\/#breadcrumb"},"inLanguage":"es","potentialAction":[{"@type":"ReadAction","target":["https:\/\/lobosnews.com.ar\/index.php\/2026\/04\/28\/vero-lozano-tras-ganar-el-martin-fierro-de-la-moda-2026-es-importante-bancar-la-industria-textil-argentina\/"]}]},{"@type":"ImageObject","inLanguage":"es","@id":"https:\/\/lobosnews.com.ar\/index.php\/2026\/04\/28\/vero-lozano-tras-ganar-el-martin-fierro-de-la-moda-2026-es-importante-bancar-la-industria-textil-argentina\/#primaryimage","url":"https:\/\/lobosnews.com.ar\/wp-content\/uploads\/2026\/04\/vero-lozano-tras-ganar-el-martin-fierro-de-la-moda-2026-es-importante-bancar-la-industria-textil-argentina.jpg","contentUrl":"https:\/\/lobosnews.com.ar\/wp-content\/uploads\/2026\/04\/vero-lozano-tras-ganar-el-martin-fierro-de-la-moda-2026-es-importante-bancar-la-industria-textil-argentina.jpg","width":1280,"height":1920,"caption":"Vero Lozano tras ganar el Mart\u00edn Fierro de la Moda 2026: \u201cEs importante bancar la industria textil argentina\u201d"},{"@type":"BreadcrumbList","@id":"https:\/\/lobosnews.com.ar\/index.php\/2026\/04\/28\/vero-lozano-tras-ganar-el-martin-fierro-de-la-moda-2026-es-importante-bancar-la-industria-textil-argentina\/#breadcrumb","itemListElement":[{"@type":"ListItem","position":1,"name":"Portada","item":"https:\/\/lobosnews.com.ar\/"},{"@type":"ListItem","position":2,"name":"Vero Lozano tras ganar el Mart\u00edn Fierro de la Moda 2026: \u201cEs importante bancar la industria textil argentina\u201d"}]},{"@type":"WebSite","@id":"https:\/\/lobosnews.com.ar\/#website","url":"https:\/\/lobosnews.com.ar\/","name":"Lobos News","description":"Informaci\u00f3n a cada instante","publisher":{"@id":"https:\/\/lobosnews.com.ar\/#organization"},"potentialAction":[{"@type":"SearchAction","target":{"@type":"EntryPoint","urlTemplate":"https:\/\/lobosnews.com.ar\/?s={search_term_string}"},"query-input":{"@type":"PropertyValueSpecification","valueRequired":true,"valueName":"search_term_string"}}],"inLanguage":"es"},{"@type":"Organization","@id":"https:\/\/lobosnews.com.ar\/#organization","name":"Lobos News","url":"https:\/\/lobosnews.com.ar\/","logo":{"@type":"ImageObject","inLanguage":"es","@id":"https:\/\/lobosnews.com.ar\/#\/schema\/logo\/image\/","url":"https:\/\/lobosnews.com.ar\/wp-content\/uploads\/2026\/01\/logo-lobosnews.png","contentUrl":"https:\/\/lobosnews.com.ar\/wp-content\/uploads\/2026\/01\/logo-lobosnews.png","width":500,"height":200,"caption":"Lobos News"},"image":{"@id":"https:\/\/lobosnews.com.ar\/#\/schema\/logo\/image\/"}},{"@type":"Person","@id":"https:\/\/lobosnews.com.ar\/#\/schema\/person\/232422a593d5c541dd9aef6aaed10943","name":"admin","image":{"@type":"ImageObject","inLanguage":"es","@id":"https:\/\/lobosnews.com.ar\/#\/schema\/person\/image\/","url":"https:\/\/secure.gravatar.com\/avatar\/76e419471a2083bc3ceab22a763dbbf9b0c1bd15a6214cf3280e2c2dde4580f9?s=96&d=mm&r=g","contentUrl":"https:\/\/secure.gravatar.com\/avatar\/76e419471a2083bc3ceab22a763dbbf9b0c1bd15a6214cf3280e2c2dde4580f9?s=96&d=mm&r=g","caption":"admin"},"sameAs":["https:\/\/lobosnews.com.ar"],"url":"https:\/\/lobosnews.com.ar\/index.php\/author\/lobos-news\/"}]}},"jetpack_featured_media_url":"https:\/\/lobosnews.com.ar\/wp-content\/uploads\/2026\/04\/vero-lozano-tras-ganar-el-martin-fierro-de-la-moda-2026-es-importante-bancar-la-industria-textil-argentina.jpg","jetpack_sharing_enabled":true,"_links":{"self":[{"href":"https:\/\/lobosnews.com.ar\/index.php\/wp-json\/wp\/v2\/posts\/46463","targetHints":{"allow":["GET"]}}],"collection":[{"href":"https:\/\/lobosnews.com.ar\/index.php\/wp-json\/wp\/v2\/posts"}],"about":[{"href":"https:\/\/lobosnews.com.ar\/index.php\/wp-json\/wp\/v2\/types\/post"}],"author":[{"embeddable":true,"href":"https:\/\/lobosnews.com.ar\/index.php\/wp-json\/wp\/v2\/users\/1"}],"replies":[{"embeddable":true,"href":"https:\/\/lobosnews.com.ar\/index.php\/wp-json\/wp\/v2\/comments?post=46463"}],"version-history":[{"count":1,"href":"https:\/\/lobosnews.com.ar\/index.php\/wp-json\/wp\/v2\/posts\/46463\/revisions"}],"predecessor-version":[{"id":46465,"href":"https:\/\/lobosnews.com.ar\/index.php\/wp-json\/wp\/v2\/posts\/46463\/revisions\/46465"}],"wp:featuredmedia":[{"embeddable":true,"href":"https:\/\/lobosnews.com.ar\/index.php\/wp-json\/wp\/v2\/media\/46466"}],"wp:attachment":[{"href":"https:\/\/lobosnews.com.ar\/index.php\/wp-json\/wp\/v2\/media?parent=46463"}],"wp:term":[{"taxonomy":"category","embeddable":true,"href":"https:\/\/lobosnews.com.ar\/index.php\/wp-json\/wp\/v2\/categories?post=46463"},{"taxonomy":"post_tag","embeddable":true,"href":"https:\/\/lobosnews.com.ar\/index.php\/wp-json\/wp\/v2\/tags?post=46463"}],"curies":[{"name":"wp","href":"https:\/\/api.w.org\/{rel}","templated":true}]}}